{"id":180556,"date":"2016-11-19T17:15:22","date_gmt":"2016-11-19T17:15:22","guid":{"rendered":"https:\/\/www.meydan.tv\/article\/metbuat-surasinin-sedri-internet-media-ve-sosial-sebekeler-tenzimlenmelidir\/"},"modified":"2016-11-19T17:15:22","modified_gmt":"2016-11-19T17:15:22","slug":"metbuat-surasinin-sedri-internet-media-ve-sosial-sebekeler-tenzimlenmelidir","status":"publish","type":"post","link":"https:\/\/www.meydan.tv\/az\/article\/metbuat-surasinin-sedri-internet-media-ve-sosial-sebekeler-tenzimlenmelidir\/","title":{"rendered":"M\u0259tbuat \u015euras\u0131n\u0131n s\u0259dri: \u0130nternet media v\u0259 sosial \u015f\u0259b\u0259k\u0259l\u0259r t\u0259nziml\u0259nm\u0259lidir"},"content":{"rendered":"<figure class=\"wp-block-image size-large\">\n  <img decoding=\"async\" src=\"https:\/\/www.meydan.tv\/az\/49547\/\" alt=\"\" class=\"wp-image-49547\"\/><figcaption><\/figcaption><\/figure>\n<p>\n  <i><br \/>\n    Deputat bildirib ki, geni\u015f ictimaiyy\u0259t internet m\u0259kanda m\u0259suliyy\u0259t hissinin art\u0131r\u0131lmas\u0131n\u0131n t\u0259r\u0259fdar\u0131d\u0131r<br \/>\n  <\/i>\n<\/p>\n<p>\n  \u00abBa\u015f prokuror Zakir Qaralovun Cinay\u0259t M\u0259c\u0259ll\u0259sin\u0259 t\u0259klif etdiyi \u0259lav\u0259l\u0259r m\u00fch\u00fcm \u0259h\u0259miyy\u0259t da\u015f\u0131y\u0131r. \u018flb\u0259tt\u0259, kimin hans\u0131 prizmadan yana\u015fmas\u0131 \u00f6n\u0259mlidir. Bu m\u0259nada t\u0259klifl\u0259r m\u00fcsb\u0259t qiym\u0259tl\u0259ndiril\u0259 d\u0259 bil\u0259r, \u0259leyhin\u0259 \u00e7\u0131xanlar\u0131n da olmas\u0131 m\u00fcmk\u00fcnd\u00fcr. Ancaq hesab edir\u0259m ki, m\u0259s\u0259l\u0259nin prinsipial t\u0259r\u0259fi m\u00fct\u0259r\u0259qqi mahiyy\u0259t da\u015f\u0131y\u0131r\u00bb.\n<\/p>\n<p>\n  Bunu M\u0259tbuat \u015euras\u0131n\u0131n s\u0259dri, Milli M\u0259clisin deputat\u0131 \u018fflatun Ama\u015fov APA-ya a\u00e7\u0131qlamas\u0131nda deyib. Deputat bildirib ki, geni\u015f ictimaiyy\u0259t internet m\u0259kanda m\u0259suliyy\u0259t hissinin art\u0131r\u0131lmas\u0131n\u0131n t\u0259r\u0259fdar\u0131d\u0131r. M\u00f6vcud x\u00fcsusda m\u00fcxt\u0259lif t\u0259dbirl\u0259r, maarifl\u0259ndirm\u0259 i\u015fl\u0259ri apar\u0131l\u0131b. Bu t\u0259bli\u011fat m\u00fcsb\u0259t n\u0259tic\u0259l\u0259r verib. \u00ab2003-c\u00fc ild\u0259 r\u0259hb\u0259rlik etdiyim M\u0259tbuat \u015euras\u0131 f\u0259aliyy\u0259t\u0259 ba\u015flayanda m\u0259tbuat m\u0259kan\u0131nda t\u0259nziml\u0259m\u0259l\u0259rin apar\u0131lmas\u0131na ehtiyac var idi. Zamanla bu istiqam\u0259td\u0259 bir s\u0131ra ir\u0259lil\u0259yi\u015fl\u0259r \u0259ld\u0259 olundu. \u0130nformasiya texnologiyalar\u0131n\u0131n s\u00fcr\u0259tli inki\u015faf\u0131 is\u0259 tamamil\u0259 f\u0259rqli v\u0259ziyy\u0259t yaratd\u0131. \u018flb\u0259tt\u0259, internet m\u0259kan\u0131n h\u0259r bir \u015f\u0259xsin \u00f6z bax\u0131\u015flar\u0131n\u0131 ifad\u0259 etm\u0259k anlam\u0131nda \u00f6z\u00fcn\u00fc t\u0259sdiql\u0259m\u0259si m\u00fcsb\u0259t hald\u0131r. Bu, s\u00f6z v\u0259 ifad\u0259 azadl\u0131\u011f\u0131n\u0131 d\u0259rinl\u0259\u015fdirir. Ayr\u0131-ayr\u0131 v\u0259t\u0259nda\u015flar demokratik c\u0259miyy\u0259t quruculu\u011funda i\u015ftirak h\u00fcququ qazan\u0131rlar. \u0130nternet media v\u0259 sosial \u015f\u0259b\u0259k\u0259l\u0259r s\u00f6z\u00fcn, fikrin ifad\u0259 plasdarm\u0131 olaraq \u00e7\u0131x\u0131\u015f edir. Amma he\u00e7 k\u0259s dey\u0259 bilm\u0259z ki, sah\u0259 t\u0259nziml\u0259nm\u0259y\u0259 ehtiyac duymur. \u018fksin\u0259, bunun \u00fc\u00e7\u00fcn sosial sifari\u015f var. M\u0259tbuat \u015euras\u0131 bu sifari\u015fi h\u0259r zaman d\u0259y\u0259rl\u0259ndirib v\u0259 f\u0259aliyy\u0259tini d\u0259 zaman\u0131n t\u0259l\u0259bind\u0259n ir\u0259li g\u0259l\u0259r\u0259k qurub. Biz d\u0259f\u0259l\u0259rl\u0259 bildirmi\u015fik ki, internet m\u0259kan\u0131n hans\u0131sa formada h\u00fcquqi m\u00fcnasib\u0259tl\u0259r sistemind\u0259 yer almas\u0131na ehtiyac var. O c\u00fcml\u0259d\u0259n sosial \u015f\u0259b\u0259k\u0259l\u0259rin d\u0259. N\u0259y\u0259 g\u00f6r\u0259 bel\u0259 demi\u015fik? Ona g\u00f6r\u0259 ki, internetd\u0259 sui-istifad\u0259l\u0259rin oldu\u011funu g\u00f6rm\u00fc\u015f\u00fck. G\u00f6rm\u00fc\u015f\u00fck ki, bu meydanda t\u0259hqirl\u0259r v\u0259 b\u00f6htanlar ba\u015f al\u0131b gedir. Kiml\u0259rins\u0259 \u015f\u0259xsiyy\u0259ti, \u015f\u0259r\u0259f v\u0259 l\u0259yaq\u0259ti al\u00e7ald\u0131l\u0131r. M\u0259suliyy\u0259t hissi arxa plana ke\u00e7ir. N\u0259tic\u0259d\u0259 c\u0259miyy\u0259td\u0259 xo\u015fag\u0259lm\u0259z ab-hava formala\u015f\u0131r. Bel\u0259d\u0259 v\u0259ziyy\u0259tin ictimai t\u0259nziml\u0259m\u0259si istiqam\u0259tind\u0259ki t\u0259dbirl\u0259r ist\u0259r-ist\u0259m\u0259z l\u0259ngiyir. \u00c7\u00fcnki internet \u00fcz\u0259rind\u0259n yay\u0131m\u0131n vurdu\u011fu z\u0259r\u0259r d\u0259 ayr\u0131ca proses olmaq etibaril\u0259 daha dinamikdir. Yax\u015f\u0131 halda 10 z\u0259r\u0259rli tendensiyadan 3-4-\u00fc zaman\u0131nda aradan qald\u0131r\u0131la bilir. Dem\u0259li, h\u00fcquqi t\u0259nziml\u0259m\u0259y\u0259 ehtiyac var\u00bb &#8211; dey\u0259 \u018f. Ama\u015fov fikrini \u0259sasland\u0131r\u0131b.\n<\/p>\n<p>\n  Milli M\u0259clisin deputat\u0131 bildirib ki, ba\u015f prokuror Zakir Qaralovun t\u0259klif etdiyi \u0259lav\u0259l\u0259r qanunvericiliyin tamamlanmas\u0131 bax\u0131m\u0131ndan da \u00f6n\u0259mlidir: \u00abYen\u0259 d\u0259 internetin dinamikliyi \u00fcz\u0259rin\u0259 g\u0259lm\u0259yi d\u00fc\u015f\u00fcn\u00fcr\u0259m. \u018fg\u0259r bir fikir v\u0259 informasiyan\u0131n k\u00fctl\u0259vi yay\u0131lmas\u0131n\u0131n vurdu\u011fu z\u0259r\u0259r n\u0259z\u0259r\u0259 al\u0131n\u0131rsa, onun yay\u0131lma areal\u0131 da geni\u015f g\u00f6t\u00fcr\u00fclm\u0259lidir. \u018fvv\u0259ll\u0259r bu areal \u018fdliyy\u0259 Nazirliyind\u0259 d\u00f6vl\u0259t reyestrind\u0259n ke\u00e7mi\u015f konkret k\u00fctl\u0259vi informasiya vasit\u0259si idi. Bel\u0259 dey\u0259k, t\u0259hqiramiz, b\u00f6htan dolu material hans\u0131sa q\u0259zet v\u0259 jurnalda yay\u0131mlana bilirdi. Ancaq indi internet var. Dig\u0259r t\u0259r\u0259fd\u0259n, qald\u0131r\u0131lan m\u0259s\u0259l\u0259ni he\u00e7 d\u0259 tam m\u0259nada yenilik saymaq olmaz. 2013-c\u00fc ild\u0259 &#8220;K\u00fctl\u0259vi informasiya vasit\u0259l\u0259ri haqq\u0131nda&#8221; Qanuna edilmi\u015f \u0259lav\u0259l\u0259rd\u0259 internet d\u0259 informasiyan\u0131n yay\u0131lma areal\u0131 kimi t\u0259sbit olunub. M\u00fcvafiq olaraq Cinay\u0259t M\u0259c\u0259ll\u0259sinin 147.1 v\u0259 148-ci madd\u0259l\u0259rin\u0259 d\u0259 buna uy\u011fun d\u0259yi\u015fiklikl\u0259r edil\u0259r\u0259k internetl\u0259 ba\u011fl\u0131 m\u0259suliyy\u0259t n\u0259z\u0259rd\u0259 tutulub. Haz\u0131rk\u0131 d\u0259yi\u015fiklik \u0259sas\u0259n sosial \u015f\u0259b\u0259k\u0259l\u0259rd\u0259ki saxta profill\u0259rl\u0259 ba\u011fl\u0131d\u0131r. Bu da \u00e7ox vacib m\u0259s\u0259l\u0259dir. Dinamikliyi n\u0259tic\u0259sind\u0259 sosial \u015f\u0259b\u0259k\u0259l\u0259r daha geni\u015f topluma xitab edir. Dem\u0259k ki, xeyri kimi, ziyan\u0131 da \u0259h\u0259miyy\u0259tli d\u0259r\u0259c\u0259d\u0259 b\u00f6y\u00fckd\u00fcr. B\u0259zi saxta profill\u0259rd\u0259 radikal dini c\u0259r\u0259yanlar, ekstremizm, separat\u00e7\u0131l\u0131q v\u0259 terrorizm t\u0259bli\u011f olunur. Bu m\u0259qam da m\u00fctl\u0259q qaydada n\u0259z\u0259r\u0259 al\u0131nmal\u0131d\u0131r\u00bb.\n<\/p>\n<p>\n  \u018f. Ama\u015fov d\u00fcnyada sosial \u015f\u0259b\u0259k\u0259l\u0259rd\u0259ki t\u0259hqir v\u0259 b\u00f6htan m\u0259s\u0259l\u0259l\u0259rin\u0259 kifay\u0259t q\u0259d\u0259r h\u0259ssas yana\u015f\u0131ld\u0131\u011f\u0131n\u0131 vur\u011fulay\u0131b. \u00ab\u0130ndiki \u015f\u0259raitd\u0259 Avropan\u0131n bir \u00e7ox s\u0259lahiyy\u0259tli qurumlar\u0131 internetd\u0259, x\u00fcsus\u0259n d\u0259 sosial \u015f\u0259b\u0259k\u0259l\u0259rd\u0259 insanlar\u0131n al\u00e7ald\u0131lmas\u0131 il\u0259 ba\u011fl\u0131 narahatl\u0131q ke\u00e7irirl\u0259r v\u0259 v\u0259ziyy\u0259tin aradan qald\u0131r\u0131lmas\u0131 \u00fc\u00e7\u00fcn yollar axtar\u0131rlar. Britaniyada, Fransada, \u0130taliyada bel\u0259 n\u00fcmun\u0259l\u0259r var. M\u0259s\u0259l\u0259 \u015f\u0259xsin malik oldu\u011fu t\u0259m\u0259l h\u00fcquq v\u0259 azadl\u0131qlar\u0131n pozulmas\u0131 kontekstind\u0259 d\u0259y\u0259rl\u0259ndirilir. Kims\u0259 t\u0259hqir olunursa, yaxud b\u00f6htanlarla \u00fczl\u0259\u015firs\u0259 bel\u0259 hesab edilir ki, onun h\u00fcquqlar\u0131 m\u0259hdudla\u015fd\u0131r\u0131l\u0131r. T\u0259hqir\u0259 v\u0259 b\u00f6htana yol ver\u0259n informasiya vasit\u0259l\u0259ri m\u0259suliyy\u0259t da\u015f\u0131y\u0131rlar. M\u0259n yad\u0131mdad\u0131r ki, h\u0259l\u0259 t\u0259xmin\u0259n 4-5 il \u00f6nc\u0259 ke\u00e7iril\u0259n beyn\u0259lxalq konfranslarda sosial \u015f\u0259b\u0259k\u0259l\u0259rd\u0259 yay\u0131mlanan informasiyan\u0131n ictimai r\u0259y\u0259 t\u0259sirlilik d\u0259r\u0259c\u0259si m\u00fczakir\u0259 olunurdu. Y\u0259ni sosial \u015f\u0259b\u0259k\u0259l\u0259r informasiyan\u0131n yay\u0131lma areal\u0131 kimi \u00e7ox ciddi qar\u015f\u0131lan\u0131r. M\u0259s\u0259l\u0259n, Britaniya qanunvericiliyi buna kifay\u0259t q\u0259d\u0259r m\u00fchafiz\u0259kar yana\u015f\u0131r. \u00dcmum\u0259n t\u0259hqir v\u0259 b\u00f6htan m\u0259s\u0259l\u0259l\u0259rin\u0259 Avropa qanunvericiliyind\u0259 xeyli d\u0259r\u0259c\u0259d\u0259 h\u0259ssas yana\u015fmalar var v\u0259 bu yana\u015fmalarda internet m\u0259kan he\u00e7 d\u0259 toxunulmaz elan edilm\u0259yib. \u018fksin\u0259 internetin, sosial \u015f\u0259b\u0259k\u0259l\u0259rin t\u0259sir g\u00fcc\u00fc daha \u00e7ox n\u0259z\u0259r\u0259 al\u0131nmaqdad\u0131r\u00bb &#8211; dey\u0259 o, vur\u011fulay\u0131b.\n<\/p>\n<p>\n  Deputat ba\u015f prokurorun t\u0259klif etdiyi \u0259lav\u0259l\u0259r\u0259 m\u00fcnasib\u0259td\u0259 b\u0259zi \u0259ks fikirl\u0259rl\u0259 ba\u011fl\u0131 da m\u00f6vqeyini a\u00e7\u0131qlay\u0131b. O bildirib ki, h\u0259r bir qanunvericilik akt\u0131 m\u00fct\u0259r\u0259qqi mahiyy\u0259t da\u015f\u0131mal\u0131d\u0131r. \u00abBiz bilirik ki, ba\u015f prokuror Zakir Qaralovun Cinay\u0259t M\u0259c\u0259ll\u0259sin\u0259 t\u0259klif etdiyi \u0259lav\u0259l\u0259r laz\u0131md\u0131r, vacibdir. Sad\u0259c\u0259 m\u0259s\u0259l\u0259 \u0259traf\u0131nda f\u0259rqli interpretasiyalar var. Bu da ayr\u0131-ayr\u0131 maraql\u0131 qruplar\u0131n m\u0259nafel\u0259rind\u0259n qaynaqlan\u0131r. S\u00f6z yox ki, \u0259lav\u0259l\u0259r hans\u0131sa formada s\u00f6z v\u0259 ifad\u0259 azadl\u0131\u011f\u0131 kontekstind\u0259ki manipulyasiyalara yol a\u00e7a bilir. Ancaq biz m\u0259s\u0259l\u0259nin prinsipial t\u0259r\u0259fl\u0259rin\u0259 diqq\u0259t yetirm\u0259liyik. T\u0259bii ki, yana\u015fmadan as\u0131l\u0131 olaraq ist\u0259nil\u0259n qanunu m\u00fct\u0259r\u0259qqi v\u0259 m\u00fcrt\u0259ce qiym\u0259tl\u0259ndirm\u0259k m\u00fcmk\u00fcnd\u00fcr. Qanunun icras\u0131na yana\u015fma da \u00f6n\u0259mlidir. Hesab edir\u0259m ki, niyy\u0259t v\u0259 m\u0259ram d\u00fczg\u00fcnd\u00fcrs\u0259, probleml\u0259r olmayacaq, qanunun aliliyi t\u0259min olunacaq. T\u0259bii ki, \u00fcmum\u0259n bu sah\u0259d\u0259 m\u00fc\u0259yy\u0259n d\u0259qiql\u0259\u015fdirm\u0259l\u0259rin d\u0259 apar\u0131lmas\u0131na ehtiyac var. M\u0259s\u0259l\u0259n, material\u0131n yay\u0131mlanmas\u0131 hans\u0131 hallarda v\u0259 v\u0259ziyy\u0259tl\u0259rd\u0259 k\u00fctl\u0259vi n\u00fcmayi\u015f say\u0131l\u0131r? Dey\u0259k ki, bir n\u0259f\u0259rin sosial \u015f\u0259b\u0259k\u0259d\u0259ki profilind\u0259 c\u0259mi 5 n\u0259f\u0259r var. \u018flb\u0259tt\u0259, onun yayd\u0131qlar\u0131n\u0131n k\u00fctl\u0259vilik \u0259msal\u0131 azd\u0131r. Yaxud hans\u0131sa internet sayt\u0131n g\u00fcnd\u0259lik IP say\u0131 a\u015fa\u011f\u0131d\u0131rsa, buna k\u00fctl\u0259vilik dem\u0259k olarm\u0131? Hesab edir\u0259m ki, bu sayaq m\u0259s\u0259l\u0259l\u0259rin ayr\u0131ca s\u0259n\u0259dl\u0259rd\u0259 d\u0259qiql\u0259\u015fdirilm\u0259sin\u0259 ehtiyac var v\u0259 bu ehtiyac zaman ke\u00e7dikc\u0259 \u00f6z\u00fcn\u00fc daha \u00e7ox g\u00f6st\u0259r\u0259c\u0259k. Ba\u015fqa bir m\u0259s\u0259l\u0259 t\u0259hqir v\u0259 b\u00f6htan yayan saxta sosial \u015f\u0259b\u0259k\u0259 profill\u0259rinin v\u0259 saytlar\u0131n \u0259sas\u0259n xarici \u00f6lk\u0259l\u0259rd\u0259 qeydiyyatdan ke\u00e7m\u0259si v\u0259 oradan idar\u0259 olunmas\u0131 il\u0259 ba\u011fl\u0131d\u0131r. Bel\u0259 hallarla nec\u0259 m\u00fcbariz\u0259 apar\u0131lacaq? Hesab edir\u0259m ki, bu kimi m\u0259s\u0259l\u0259l\u0259r\u0259 d\u0259 diqq\u0259t yetirilm\u0259lidir\u00bb &#8211; dey\u0259, \u018f.Ama\u015fov fikrin\u0259 ayd\u0131nl\u0131q g\u0259tirib.<\/p>\n","protected":false},"excerpt":{"rendered":"<p>Deputat bildirib ki, geni\u015f ictimaiyy\u0259t internet m\u0259kanda m\u0259suliyy\u0259t hissinin art\u0131r\u0131lmas\u0131n\u0131n t\u0259r\u0259fdar\u0131d\u0131r<\/p>\n","protected":false},"author":11,"featured_media":49547,"comment_status":"closed","ping_status":"open","sticky":false,"template":"","format":"standard","meta":{"_acf_changed":false,"_sitemap_exclude":false,"_sitemap_priority":"","_sitemap_frequency":"","footnotes":""},"categories":[56],"tags":[],"class_list":["post-180556","post","type-post","status-publish","format-standard","has-post-thumbnail","hentry","category-xeberler","infinite-scroll-item","generate-columns","tablet-grid-50","mobile-grid-100","grid-parent","grid-33","no-featured-image-padding"],"acf":[],"yoast_head":"<!-- This site is optimized with the Yoast SEO plugin v27.5 - https:\/\/yoast.com\/product\/yoast-seo-wordpress\/ -->\n<title>M\u0259tbuat \u015euras\u0131n\u0131n s\u0259dri: \u0130nternet media v\u0259 sosial \u015f\u0259b\u0259k\u0259l\u0259r t\u0259nziml\u0259nm\u0259lidir - MEYDAN.TV<\/title>\n<meta name=\"robots\" content=\"index, follow, max-snippet:-1, max-image-preview:large, max-video-preview:-1\" \/>\n<link rel=\"canonical\" href=\"https:\/\/www.meydan.tv\/az\/article\/metbuat-surasinin-sedri-internet-media-ve-sosial-sebekeler-tenzimlenmelidir\/\" \/>\n<meta property=\"og:locale\" content=\"az_AZ\" \/>\n<meta property=\"og:type\" content=\"article\" \/>\n<meta property=\"og:title\" content=\"M\u0259tbuat \u015euras\u0131n\u0131n s\u0259dri: \u0130nternet media v\u0259 sosial \u015f\u0259b\u0259k\u0259l\u0259r t\u0259nziml\u0259nm\u0259lidir - MEYDAN.TV\" \/>\n<meta property=\"og:description\" content=\"Deputat bildirib ki, geni\u015f ictimaiyy\u0259t internet m\u0259kanda m\u0259suliyy\u0259t hissinin art\u0131r\u0131lmas\u0131n\u0131n t\u0259r\u0259fdar\u0131d\u0131r\" \/>\n<meta property=\"og:url\" content=\"https:\/\/www.meydan.tv\/az\/article\/metbuat-surasinin-sedri-internet-media-ve-sosial-sebekeler-tenzimlenmelidir\/\" \/>\n<meta property=\"og:site_name\" content=\"MEYDAN.TV\" \/>\n<meta property=\"article:published_time\" content=\"2016-11-19T17:15:22+00:00\" \/>\n<meta property=\"og:image\" content=\"https:\/\/www.meydan.tv\/wp-content\/uploads\/18629.jpg\" \/>\n\t<meta property=\"og:image:width\" content=\"852\" \/>\n\t<meta property=\"og:image:height\" content=\"479\" \/>\n\t<meta property=\"og:image:type\" content=\"image\/jpeg\" \/>\n<meta name=\"author\" content=\"user-manager\" \/>\n<meta name=\"twitter:card\" content=\"summary_large_image\" \/>\n<script type=\"application\/ld+json\" class=\"yoast-schema-graph\">{\"@context\":\"https:\\\/\\\/schema.org\",\"@graph\":[{\"@type\":\"Article\",\"@id\":\"https:\\\/\\\/www.meydan.tv\\\/az\\\/article\\\/metbuat-surasinin-sedri-internet-media-ve-sosial-sebekeler-tenzimlenmelidir\\\/#article\",\"isPartOf\":{\"@id\":\"https:\\\/\\\/www.meydan.tv\\\/az\\\/article\\\/metbuat-surasinin-sedri-internet-media-ve-sosial-sebekeler-tenzimlenmelidir\\\/\"},\"author\":{\"name\":\"user-manager\",\"@id\":\"https:\\\/\\\/www.meydan.tv\\\/az\\\/#\\\/schema\\\/person\\\/10d11eccf6da3662cf5fdab9806ea91a\"},\"headline\":\"M\u0259tbuat \u015euras\u0131n\u0131n s\u0259dri: \u0130nternet media v\u0259 sosial \u015f\u0259b\u0259k\u0259l\u0259r t\u0259nziml\u0259nm\u0259lidir\",\"datePublished\":\"2016-11-19T17:15:22+00:00\",\"mainEntityOfPage\":{\"@id\":\"https:\\\/\\\/www.meydan.tv\\\/az\\\/article\\\/metbuat-surasinin-sedri-internet-media-ve-sosial-sebekeler-tenzimlenmelidir\\\/\"},\"wordCount\":1543,\"publisher\":{\"@id\":\"https:\\\/\\\/www.meydan.tv\\\/az\\\/#organization\"},\"image\":{\"@id\":\"https:\\\/\\\/www.meydan.tv\\\/az\\\/article\\\/metbuat-surasinin-sedri-internet-media-ve-sosial-sebekeler-tenzimlenmelidir\\\/#primaryimage\"},\"thumbnailUrl\":\"https:\\\/\\\/www.meydan.tv\\\/wp-content\\\/uploads\\\/18629.jpg\",\"articleSection\":[\"X\u0259b\u0259rl\u0259r\"],\"inLanguage\":\"az\"},{\"@type\":\"WebPage\",\"@id\":\"https:\\\/\\\/www.meydan.tv\\\/az\\\/article\\\/metbuat-surasinin-sedri-internet-media-ve-sosial-sebekeler-tenzimlenmelidir\\\/\",\"url\":\"https:\\\/\\\/www.meydan.tv\\\/az\\\/article\\\/metbuat-surasinin-sedri-internet-media-ve-sosial-sebekeler-tenzimlenmelidir\\\/\",\"name\":\"M\u0259tbuat \u015euras\u0131n\u0131n s\u0259dri: \u0130nternet media v\u0259 sosial \u015f\u0259b\u0259k\u0259l\u0259r t\u0259nziml\u0259nm\u0259lidir - MEYDAN.TV\",\"isPartOf\":{\"@id\":\"https:\\\/\\\/www.meydan.tv\\\/az\\\/#website\"},\"primaryImageOfPage\":{\"@id\":\"https:\\\/\\\/www.meydan.tv\\\/az\\\/article\\\/metbuat-surasinin-sedri-internet-media-ve-sosial-sebekeler-tenzimlenmelidir\\\/#primaryimage\"},\"image\":{\"@id\":\"https:\\\/\\\/www.meydan.tv\\\/az\\\/article\\\/metbuat-surasinin-sedri-internet-media-ve-sosial-sebekeler-tenzimlenmelidir\\\/#primaryimage\"},\"thumbnailUrl\":\"https:\\\/\\\/www.meydan.tv\\\/wp-content\\\/uploads\\\/18629.jpg\",\"datePublished\":\"2016-11-19T17:15:22+00:00\",\"breadcrumb\":{\"@id\":\"https:\\\/\\\/www.meydan.tv\\\/az\\\/article\\\/metbuat-surasinin-sedri-internet-media-ve-sosial-sebekeler-tenzimlenmelidir\\\/#breadcrumb\"},\"inLanguage\":\"az\",\"potentialAction\":[{\"@type\":\"ReadAction\",\"target\":[\"https:\\\/\\\/www.meydan.tv\\\/az\\\/article\\\/metbuat-surasinin-sedri-internet-media-ve-sosial-sebekeler-tenzimlenmelidir\\\/\"]}]},{\"@type\":\"ImageObject\",\"inLanguage\":\"az\",\"@id\":\"https:\\\/\\\/www.meydan.tv\\\/az\\\/article\\\/metbuat-surasinin-sedri-internet-media-ve-sosial-sebekeler-tenzimlenmelidir\\\/#primaryimage\",\"url\":\"https:\\\/\\\/www.meydan.tv\\\/wp-content\\\/uploads\\\/18629.jpg\",\"contentUrl\":\"https:\\\/\\\/www.meydan.tv\\\/wp-content\\\/uploads\\\/18629.jpg\",\"width\":852,\"height\":479,\"caption\":\"Source:\"},{\"@type\":\"BreadcrumbList\",\"@id\":\"https:\\\/\\\/www.meydan.tv\\\/az\\\/article\\\/metbuat-surasinin-sedri-internet-media-ve-sosial-sebekeler-tenzimlenmelidir\\\/#breadcrumb\",\"itemListElement\":[{\"@type\":\"ListItem\",\"position\":1,\"name\":\"Ana s\u0259hif\u0259\",\"item\":\"https:\\\/\\\/www.meydan.tv\\\/az\\\/\"},{\"@type\":\"ListItem\",\"position\":2,\"name\":\"X\u0259b\u0259rl\u0259r\",\"item\":\"https:\\\/\\\/www.meydan.tv\\\/az\\\/section\\\/xeberler\\\/\"},{\"@type\":\"ListItem\",\"position\":3,\"name\":\"M\u0259tbuat \u015euras\u0131n\u0131n s\u0259dri: \u0130nternet media v\u0259 sosial \u015f\u0259b\u0259k\u0259l\u0259r t\u0259nziml\u0259nm\u0259lidir\"}]},{\"@type\":\"WebSite\",\"@id\":\"https:\\\/\\\/www.meydan.tv\\\/az\\\/#website\",\"url\":\"https:\\\/\\\/www.meydan.tv\\\/az\\\/\",\"name\":\"MEYDAN.TV\",\"description\":\"Meydan TV Az\u0259rbaycan\u0131n media m\u0259kan\u0131ndak\u0131 alternativ s\u0259sidir\",\"publisher\":{\"@id\":\"https:\\\/\\\/www.meydan.tv\\\/az\\\/#organization\"},\"potentialAction\":[{\"@type\":\"SearchAction\",\"target\":{\"@type\":\"EntryPoint\",\"urlTemplate\":\"https:\\\/\\\/www.meydan.tv\\\/az\\\/?s={search_term_string}\"},\"query-input\":{\"@type\":\"PropertyValueSpecification\",\"valueRequired\":true,\"valueName\":\"search_term_string\"}}],\"inLanguage\":\"az\"},{\"@type\":\"Organization\",\"@id\":\"https:\\\/\\\/www.meydan.tv\\\/az\\\/#organization\",\"name\":\"Meydan TV\",\"url\":\"https:\\\/\\\/www.meydan.tv\\\/az\\\/\",\"logo\":{\"@type\":\"ImageObject\",\"inLanguage\":\"az\",\"@id\":\"https:\\\/\\\/www.meydan.tv\\\/az\\\/#\\\/schema\\\/logo\\\/image\\\/\",\"url\":\"https:\\\/\\\/www.meydan.tv\\\/wp-content\\\/uploads\\\/2021\\\/07\\\/meydan-logo.svg\",\"contentUrl\":\"https:\\\/\\\/www.meydan.tv\\\/wp-content\\\/uploads\\\/2021\\\/07\\\/meydan-logo.svg\",\"width\":195,\"height\":46,\"caption\":\"Meydan TV\"},\"image\":{\"@id\":\"https:\\\/\\\/www.meydan.tv\\\/az\\\/#\\\/schema\\\/logo\\\/image\\\/\"}},{\"@type\":\"Person\",\"@id\":\"https:\\\/\\\/www.meydan.tv\\\/az\\\/#\\\/schema\\\/person\\\/10d11eccf6da3662cf5fdab9806ea91a\",\"name\":\"user-manager\"}]}<\/script>\n<!-- \/ Yoast SEO plugin. -->","yoast_head_json":{"title":"M\u0259tbuat \u015euras\u0131n\u0131n s\u0259dri: \u0130nternet media v\u0259 sosial \u015f\u0259b\u0259k\u0259l\u0259r t\u0259nziml\u0259nm\u0259lidir - MEYDAN.TV","robots":{"index":"index","follow":"follow","max-snippet":"max-snippet:-1","max-image-preview":"max-image-preview:large","max-video-preview":"max-video-preview:-1"},"canonical":"https:\/\/www.meydan.tv\/az\/article\/metbuat-surasinin-sedri-internet-media-ve-sosial-sebekeler-tenzimlenmelidir\/","og_locale":"az_AZ","og_type":"article","og_title":"M\u0259tbuat \u015euras\u0131n\u0131n s\u0259dri: \u0130nternet media v\u0259 sosial \u015f\u0259b\u0259k\u0259l\u0259r t\u0259nziml\u0259nm\u0259lidir - MEYDAN.TV","og_description":"Deputat bildirib ki, geni\u015f ictimaiyy\u0259t internet m\u0259kanda m\u0259suliyy\u0259t hissinin art\u0131r\u0131lmas\u0131n\u0131n t\u0259r\u0259fdar\u0131d\u0131r","og_url":"https:\/\/www.meydan.tv\/az\/article\/metbuat-surasinin-sedri-internet-media-ve-sosial-sebekeler-tenzimlenmelidir\/","og_site_name":"MEYDAN.TV","article_published_time":"2016-11-19T17:15:22+00:00","og_image":[{"width":852,"height":479,"url":"https:\/\/www.meydan.tv\/wp-content\/uploads\/18629.jpg","type":"image\/jpeg"}],"author":"user-manager","twitter_card":"summary_large_image","schema":{"@context":"https:\/\/schema.org","@graph":[{"@type":"Article","@id":"https:\/\/www.meydan.tv\/az\/article\/metbuat-surasinin-sedri-internet-media-ve-sosial-sebekeler-tenzimlenmelidir\/#article","isPartOf":{"@id":"https:\/\/www.meydan.tv\/az\/article\/metbuat-surasinin-sedri-internet-media-ve-sosial-sebekeler-tenzimlenmelidir\/"},"author":{"name":"user-manager","@id":"https:\/\/www.meydan.tv\/az\/#\/schema\/person\/10d11eccf6da3662cf5fdab9806ea91a"},"headline":"M\u0259tbuat \u015euras\u0131n\u0131n s\u0259dri: \u0130nternet media v\u0259 sosial \u015f\u0259b\u0259k\u0259l\u0259r t\u0259nziml\u0259nm\u0259lidir","datePublished":"2016-11-19T17:15:22+00:00","mainEntityOfPage":{"@id":"https:\/\/www.meydan.tv\/az\/article\/metbuat-surasinin-sedri-internet-media-ve-sosial-sebekeler-tenzimlenmelidir\/"},"wordCount":1543,"publisher":{"@id":"https:\/\/www.meydan.tv\/az\/#organization"},"image":{"@id":"https:\/\/www.meydan.tv\/az\/article\/metbuat-surasinin-sedri-internet-media-ve-sosial-sebekeler-tenzimlenmelidir\/#primaryimage"},"thumbnailUrl":"https:\/\/www.meydan.tv\/wp-content\/uploads\/18629.jpg","articleSection":["X\u0259b\u0259rl\u0259r"],"inLanguage":"az"},{"@type":"WebPage","@id":"https:\/\/www.meydan.tv\/az\/article\/metbuat-surasinin-sedri-internet-media-ve-sosial-sebekeler-tenzimlenmelidir\/","url":"https:\/\/www.meydan.tv\/az\/article\/metbuat-surasinin-sedri-internet-media-ve-sosial-sebekeler-tenzimlenmelidir\/","name":"M\u0259tbuat \u015euras\u0131n\u0131n s\u0259dri: \u0130nternet media v\u0259 sosial \u015f\u0259b\u0259k\u0259l\u0259r t\u0259nziml\u0259nm\u0259lidir - MEYDAN.TV","isPartOf":{"@id":"https:\/\/www.meydan.tv\/az\/#website"},"primaryImageOfPage":{"@id":"https:\/\/www.meydan.tv\/az\/article\/metbuat-surasinin-sedri-internet-media-ve-sosial-sebekeler-tenzimlenmelidir\/#primaryimage"},"image":{"@id":"https:\/\/www.meydan.tv\/az\/article\/metbuat-surasinin-sedri-internet-media-ve-sosial-sebekeler-tenzimlenmelidir\/#primaryimage"},"thumbnailUrl":"https:\/\/www.meydan.tv\/wp-content\/uploads\/18629.jpg","datePublished":"2016-11-19T17:15:22+00:00","breadcrumb":{"@id":"https:\/\/www.meydan.tv\/az\/article\/metbuat-surasinin-sedri-internet-media-ve-sosial-sebekeler-tenzimlenmelidir\/#breadcrumb"},"inLanguage":"az","potentialAction":[{"@type":"ReadAction","target":["https:\/\/www.meydan.tv\/az\/article\/metbuat-surasinin-sedri-internet-media-ve-sosial-sebekeler-tenzimlenmelidir\/"]}]},{"@type":"ImageObject","inLanguage":"az","@id":"https:\/\/www.meydan.tv\/az\/article\/metbuat-surasinin-sedri-internet-media-ve-sosial-sebekeler-tenzimlenmelidir\/#primaryimage","url":"https:\/\/www.meydan.tv\/wp-content\/uploads\/18629.jpg","contentUrl":"https:\/\/www.meydan.tv\/wp-content\/uploads\/18629.jpg","width":852,"height":479,"caption":"Source:"},{"@type":"BreadcrumbList","@id":"https:\/\/www.meydan.tv\/az\/article\/metbuat-surasinin-sedri-internet-media-ve-sosial-sebekeler-tenzimlenmelidir\/#breadcrumb","itemListElement":[{"@type":"ListItem","position":1,"name":"Ana s\u0259hif\u0259","item":"https:\/\/www.meydan.tv\/az\/"},{"@type":"ListItem","position":2,"name":"X\u0259b\u0259rl\u0259r","item":"https:\/\/www.meydan.tv\/az\/section\/xeberler\/"},{"@type":"ListItem","position":3,"name":"M\u0259tbuat \u015euras\u0131n\u0131n s\u0259dri: \u0130nternet media v\u0259 sosial \u015f\u0259b\u0259k\u0259l\u0259r t\u0259nziml\u0259nm\u0259lidir"}]},{"@type":"WebSite","@id":"https:\/\/www.meydan.tv\/az\/#website","url":"https:\/\/www.meydan.tv\/az\/","name":"MEYDAN.TV","description":"Meydan TV Az\u0259rbaycan\u0131n media m\u0259kan\u0131ndak\u0131 alternativ s\u0259sidir","publisher":{"@id":"https:\/\/www.meydan.tv\/az\/#organization"},"potentialAction":[{"@type":"SearchAction","target":{"@type":"EntryPoint","urlTemplate":"https:\/\/www.meydan.tv\/az\/?s={search_term_string}"},"query-input":{"@type":"PropertyValueSpecification","valueRequired":true,"valueName":"search_term_string"}}],"inLanguage":"az"},{"@type":"Organization","@id":"https:\/\/www.meydan.tv\/az\/#organization","name":"Meydan TV","url":"https:\/\/www.meydan.tv\/az\/","logo":{"@type":"ImageObject","inLanguage":"az","@id":"https:\/\/www.meydan.tv\/az\/#\/schema\/logo\/image\/","url":"https:\/\/www.meydan.tv\/wp-content\/uploads\/2021\/07\/meydan-logo.svg","contentUrl":"https:\/\/www.meydan.tv\/wp-content\/uploads\/2021\/07\/meydan-logo.svg","width":195,"height":46,"caption":"Meydan TV"},"image":{"@id":"https:\/\/www.meydan.tv\/az\/#\/schema\/logo\/image\/"}},{"@type":"Person","@id":"https:\/\/www.meydan.tv\/az\/#\/schema\/person\/10d11eccf6da3662cf5fdab9806ea91a","name":"user-manager"}]}},"_links":{"self":[{"href":"https:\/\/www.meydan.tv\/az\/wp-json\/wp\/v2\/posts\/180556","targetHints":{"allow":["GET"]}}],"collection":[{"href":"https:\/\/www.meydan.tv\/az\/wp-json\/wp\/v2\/posts"}],"about":[{"href":"https:\/\/www.meydan.tv\/az\/wp-json\/wp\/v2\/types\/post"}],"author":[{"embeddable":true,"href":"https:\/\/www.meydan.tv\/az\/wp-json\/wp\/v2\/users\/11"}],"replies":[{"embeddable":true,"href":"https:\/\/www.meydan.tv\/az\/wp-json\/wp\/v2\/comments?post=180556"}],"version-history":[{"count":0,"href":"https:\/\/www.meydan.tv\/az\/wp-json\/wp\/v2\/posts\/180556\/revisions"}],"wp:featuredmedia":[{"embeddable":true,"href":"https:\/\/www.meydan.tv\/az\/wp-json\/wp\/v2\/media\/49547"}],"wp:attachment":[{"href":"https:\/\/www.meydan.tv\/az\/wp-json\/wp\/v2\/media?parent=180556"}],"wp:term":[{"taxonomy":"category","embeddable":true,"href":"https:\/\/www.meydan.tv\/az\/wp-json\/wp\/v2\/categories?post=180556"},{"taxonomy":"post_tag","embeddable":true,"href":"https:\/\/www.meydan.tv\/az\/wp-json\/wp\/v2\/tags?post=180556"}],"curies":[{"name":"wp","href":"https:\/\/api.w.org\/{rel}","templated":true}]}}