{"id":180524,"date":"2016-11-18T15:21:25","date_gmt":"2016-11-18T15:21:25","guid":{"rendered":"https:\/\/www.meydan.tv\/article\/ilham-eliyev-trampa-umidlidir\/"},"modified":"2016-11-18T15:21:25","modified_gmt":"2016-11-18T15:21:25","slug":"ilham-eliyev-trampa-umidlidir","status":"publish","type":"post","link":"https:\/\/www.meydan.tv\/az\/article\/ilham-eliyev-trampa-umidlidir\/","title":{"rendered":"\u0130lham \u018fliyev Trampa \u00fcmidlidir"},"content":{"rendered":"<figure class=\"wp-block-image size-large\">\n  <img decoding=\"async\" src=\"https:\/\/www.meydan.tv\/az\/73424\/\" alt=\"\" class=\"wp-image-73424\"\/><figcaption><\/figcaption><\/figure>\n<p>\n  <i><br \/>\n    Son iki g\u00fcnd\u0259 Az\u0259rbaycan prezidenti bu v\u0259 ya dig\u0259r \u015f\u0259kild\u0259 iki d\u0259f\u0259 Donald Tramp m\u00f6vzusuna toxunub<br \/>\n  <\/i>\n<\/p>\n<p>\n  Barak Obaman\u0131n 8 illik prezidentlik d\u00f6vr\u00fcnd\u0259 AB\u015e-Az\u0259rbaycan m\u00fcnasib\u0259tl\u0259ri ist\u0259nil\u0259n s\u0259viyy\u0259d\u0259 inki\u015faf etm\u0259di. Va\u015finqton Minsk Qrupunun h\u0259ms\u0259dri olaraq Da\u011fl\u0131q Qaraba\u011f m\u00fcnaqi\u015f\u0259sinin h\u0259llind\u0259 t\u0259\u015f\u0259bb\u00fcs\u00fc Rusiyaya t\u0259hvil verdi, r\u0259smi Bak\u0131 is\u0259 D\u00f6vl\u0259t Departamentinin diqq\u0259ti insan haqlar\u0131 v\u0259 demokratiya m\u0259s\u0259l\u0259l\u0259rin\u0259 y\u00f6n\u0259tlm\u0259sind\u0259n naraz\u0131 qalaraq Az\u0259rbaycanda Amerikaya ba\u011fl\u0131 fondlar\u0131 qapatd\u0131.\n<\/p>\n<p>\n  Barak Obama gedir. Ona g\u00f6r\u0259 d\u0259 bug\u00fcnl\u0259rd\u0259 Bak\u0131ya g\u0259l\u0259c\u0259k AB\u015e d\u00f6vl\u0259t katibinin Avropa v\u0259 Avrasiya m\u0259s\u0259l\u0259l\u0259ri \u00fczr\u0259 k\u00f6m\u0259k\u00e7isinin m\u00fcavini Bricet Brinksin s\u0259f\u0259rinin el\u0259 bir \u0259h\u0259miyy\u0259ti yoxdur. Barak Obama administrasiyas\u0131 8 ild\u0259 Az\u0259rbaycanla m\u00fcnasib\u0259tl\u0259rd\u0259 g\u0259r\u0259k\u0259n m\u0259saf\u0259ni q\u0259t ed\u0259 bilm\u0259dis\u0259, A\u011f Evi t\u0259rk etm\u0259li oldu\u011fu 2 ayda m\u00fcnasib\u0259tl\u0259rd\u0259 n\u0259 d\u0259yi\u015f\u0259 bil\u0259r ki? Ona g\u00f6r\u0259 d\u0259 dig\u0259r paytaxtlar kimi r\u0259smi Bak\u0131 da Donald Tramp\u0131n prezidentliyini g\u00f6zl\u0259yir.\n<\/p>\n<p>\n  Son iki g\u00fcnd\u0259 Az\u0259rbaycan prezidenti \u0130lham \u018fliyev bu v\u0259 ya dig\u0259r \u015f\u0259kild\u0259 iki d\u0259f\u0259 Donald Tramp m\u00f6vzusuna toxunub.\n<\/p>\n<p>\n  <i><br \/>\n    Birincisi,<br \/>\n  <\/i><br \/>\n  \u0130lham \u018fliyev Donald Trampa z\u0259ng ed\u0259r\u0259k onu prezident se\u00e7ilm\u0259si m\u00fcnasib\u0259til\u0259 t\u0259brik edib, ona g\u0259l\u0259c\u0259k f\u0259aiyy\u0259tind\u0259 u\u011furlar arzulay\u0131b.\n<\/p>\n<p>\n  <i><br \/>\n    \u0130kincisi,<br \/>\n  <\/i><br \/>\n  \u0130lham \u018fliyev xarici jurnalistl\u0259rd\u0259n birinin sual\u0131na cavab ver\u0259rk\u0259n, Donald Tramp haqq\u0131nda m\u00fcsb\u0259t fikird\u0259 oldu\u011funu deyib.\n<\/p>\n<p>\n  Donald Tramp prezident se\u00e7ildikd\u0259n sonra \u00e7ox az d\u00f6vl\u0259t ba\u015f\u00e7\u0131s\u0131 il\u0259 telefonla dan\u0131\u015f\u0131b v\u0259 bunlardan biri \u0130lham \u018fliyevdir. Dem\u0259k, m\u00fcnasib\u0259tl\u0259rin g\u0259l\u0259c\u0259k inki\u015faf\u0131 \u00fc\u00e7\u00fcn art\u0131q indid\u0259n m\u00f6hk\u0259m z\u0259min formala\u015f\u0131b. Telefon dan\u0131\u015f\u0131\u011f\u0131nda Tramp\u0131n \u0130lham \u018fliyev\u0259 \u00fcnvanlanm\u0131\u015f bu s\u00f6zl\u0259ri d\u0259 diqq\u0259ti \u00e7\u0259kib: \u201cSizin haqq\u0131n\u0131zda \u00e7ox xo\u015f s\u00f6zl\u0259r e\u015fitmi\u015f\u0259m\u201d. Ayr\u0131ca, Tramp \u0130lham \u018fliyevd\u0259n Az\u0259rbaycan xalq\u0131na salamlar\u0131n\u0131 v\u0259 \u0259n xo\u015f arzular\u0131n\u0131 \u00e7atd\u0131rma\u011f\u0131 da xahi\u015f edib.\n<\/p>\n<p>\n  Donald Tramp \u0130lham \u018fliyev haqq\u0131nda xo\u015f s\u00f6zl\u0259ri m\u00fcxt\u0259lif \u015f\u0259xsl\u0259rd\u0259n e\u015fid\u0259 bil\u0259rdi. Tramp biznesmen kimi bir ne\u00e7\u0259 d\u0259f\u0259 Moskvada olub. O, Moskvada daha \u00e7ox Az\u0259rbaycan \u0259silli rusiyal\u0131 milyarder Araz A\u011falarovla v\u0259 onun o\u011flu Emin A\u011falarovla s\u0131x t\u0259masda olub, q\u0131z\u0131 \u0130vanka v\u0259 o\u011fullar\u0131 indi d\u0259 Eminl\u0259 email vasit\u0259sil\u0259 yaz\u0131\u015f\u0131rlar. \u0130vanka Bak\u0131da olub, \u201cTrump Tower\u201d binas\u0131n\u0131n tikintisi il\u0259 tan\u0131\u015f olub. Y\u0259ni Tramp\u0131n q\u0131z\u0131 da Bak\u0131dan kifay\u0259t q\u0259d\u0259r m\u0259lumatl\u0131 \u00f6lk\u0259sin\u0259 qay\u0131da bil\u0259rdi.<\/p>\n<p>  Bel\u0259likl\u0259, Az\u0259rbaycan Tramp\u0131n prezidentliyin\u0259 haz\u0131rla\u015f\u0131r. Az\u0259rbaycan\u0131nTrampdan \u0259n b\u00f6y\u00fck g\u00f6zl\u0259ntisi h\u0259ms\u0259dr olaraq Da\u011fl\u0131q Qaraba\u011f m\u00fcnaqi\u015f\u0259sinin h\u0259llind\u0259ki f\u0259all\u0131\u011f\u0131 art\u0131rmaqd\u0131r. Barak Obama prezident oldu\u011fu 8 ild\u0259 Az\u0259rbaycan prezidentini A \u011fEv\u0259 d\u0259v\u0259t etm\u0259di. R\u0259smi Bak\u0131 Trampdan bu buzu da s\u0131nd\u0131rmas\u0131n\u0131 g\u00f6zl\u0259yir. \u00c7\u00fcnki, \u0259vv\u0259lki prezidentl\u0259r \u2013 Bill Klinton v\u0259 Corc Bu\u015f Az\u0259rbaycan prezidentl\u0259rini A\u011f Ev\u0259 d\u0259v\u0259t etmi\u015fdil\u0259r. O ki qald\u0131 Az\u0259rbaycan qaz\u0131n\u0131n Avropa bazarlar\u0131na \u00e7atd\u0131r\u0131lmas\u0131na, Tramp administrasiyas\u0131 Obama administrasiyas\u0131n\u0131n siyas\u0259tini davam etdir\u0259c\u0259k, bu m\u0259s\u0259l\u0259d\u0259 r\u0259smi Bak\u0131ya d\u0259st\u0259yini davam etdir\u0259c\u0259k.\n<\/p>\n<p>\n  Ancaq Tramp administrasiyas\u0131n\u0131n da r\u0259smi Bak\u0131dan ist\u0259kl\u0259ri olacaq. M\u0259nc\u0259, bu m\u0259nada r\u0259smi Bak\u0131 Amerika fondlar\u0131n\u0131n v\u0259 qeyri-h\u00f6kum\u0259t t\u0259\u015fkilatlar\u0131n\u0131n, o c\u00fcml\u0259d\u0259n Konqresin maliyy\u0259l\u0259\u015fdirdiyi \u201cAzadl\u0131q\u201d radiosunun f\u0259aliyy\u0259tin\u0259 qoydu\u011fu qada\u011fan\u0131 ortadan qald\u0131rarsa, bu, yeni Va\u015finqton administrasiyas\u0131na m\u00fcsb\u0259t i\u015far\u0259 olar.<\/p>\n<p>  <b><br \/>\n    <i><br \/>\n      \u201cAtlas\u201d Ara\u015fd\u0131rmalar M\u0259rk\u0259zi<br \/>\n    <\/i><br \/>\n  <\/b><\/p>\n","protected":false},"excerpt":{"rendered":"<p>Son iki g\u00fcnd\u0259 Az\u0259rbaycan prezidenti bu v\u0259 ya dig\u0259r \u015f\u0259kild\u0259 iki d\u0259f\u0259 Donald Tramp m\u00f6vzusuna toxunub<\/p>\n","protected":false},"author":11,"featured_media":73424,"comment_status":"closed","ping_status":"open","sticky":false,"template":"","format":"standard","meta":{"_acf_changed":false,"_sitemap_exclude":false,"_sitemap_priority":"","_sitemap_frequency":"","footnotes":""},"categories":[51],"tags":[],"class_list":["post-180524","post","type-post","status-publish","format-standard","has-post-thumbnail","hentry","category-analitika","infinite-scroll-item","generate-columns","tablet-grid-50","mobile-grid-100","grid-parent","grid-33","no-featured-image-padding"],"acf":[],"yoast_head":"<!-- This site is optimized with the Yoast SEO plugin v27.5 - https:\/\/yoast.com\/product\/yoast-seo-wordpress\/ -->\n<title>\u0130lham \u018fliyev Trampa \u00fcmidlidir - MEYDAN.TV<\/title>\n<meta name=\"robots\" content=\"index, follow, max-snippet:-1, max-image-preview:large, max-video-preview:-1\" \/>\n<link rel=\"canonical\" href=\"https:\/\/www.meydan.tv\/az\/article\/ilham-eliyev-trampa-umidlidir\/\" \/>\n<meta property=\"og:locale\" content=\"az_AZ\" \/>\n<meta property=\"og:type\" content=\"article\" \/>\n<meta property=\"og:title\" content=\"\u0130lham \u018fliyev Trampa \u00fcmidlidir - MEYDAN.TV\" \/>\n<meta property=\"og:description\" content=\"Son iki g\u00fcnd\u0259 Az\u0259rbaycan prezidenti bu v\u0259 ya dig\u0259r \u015f\u0259kild\u0259 iki d\u0259f\u0259 Donald Tramp m\u00f6vzusuna toxunub\" \/>\n<meta property=\"og:url\" content=\"https:\/\/www.meydan.tv\/az\/article\/ilham-eliyev-trampa-umidlidir\/\" \/>\n<meta property=\"og:site_name\" content=\"MEYDAN.TV\" \/>\n<meta property=\"article:published_time\" content=\"2016-11-18T15:21:25+00:00\" \/>\n<meta property=\"og:image\" content=\"https:\/\/www.meydan.tv\/wp-content\/uploads\/28330.jpg\" \/>\n\t<meta property=\"og:image:width\" content=\"701\" \/>\n\t<meta property=\"og:image:height\" content=\"600\" \/>\n\t<meta property=\"og:image:type\" content=\"image\/jpeg\" \/>\n<meta name=\"author\" content=\"user-manager\" \/>\n<meta name=\"twitter:card\" content=\"summary_large_image\" \/>\n<script type=\"application\/ld+json\" class=\"yoast-schema-graph\">{\"@context\":\"https:\\\/\\\/schema.org\",\"@graph\":[{\"@type\":\"Article\",\"@id\":\"https:\\\/\\\/www.meydan.tv\\\/az\\\/article\\\/ilham-eliyev-trampa-umidlidir\\\/#article\",\"isPartOf\":{\"@id\":\"https:\\\/\\\/www.meydan.tv\\\/az\\\/article\\\/ilham-eliyev-trampa-umidlidir\\\/\"},\"author\":{\"name\":\"user-manager\",\"@id\":\"https:\\\/\\\/www.meydan.tv\\\/az\\\/#\\\/schema\\\/person\\\/10d11eccf6da3662cf5fdab9806ea91a\"},\"headline\":\"\u0130lham \u018fliyev Trampa \u00fcmidlidir\",\"datePublished\":\"2016-11-18T15:21:25+00:00\",\"mainEntityOfPage\":{\"@id\":\"https:\\\/\\\/www.meydan.tv\\\/az\\\/article\\\/ilham-eliyev-trampa-umidlidir\\\/\"},\"wordCount\":703,\"publisher\":{\"@id\":\"https:\\\/\\\/www.meydan.tv\\\/az\\\/#organization\"},\"image\":{\"@id\":\"https:\\\/\\\/www.meydan.tv\\\/az\\\/article\\\/ilham-eliyev-trampa-umidlidir\\\/#primaryimage\"},\"thumbnailUrl\":\"https:\\\/\\\/www.meydan.tv\\\/wp-content\\\/uploads\\\/28330.jpg\",\"articleSection\":[\"Analitika\"],\"inLanguage\":\"az\"},{\"@type\":\"WebPage\",\"@id\":\"https:\\\/\\\/www.meydan.tv\\\/az\\\/article\\\/ilham-eliyev-trampa-umidlidir\\\/\",\"url\":\"https:\\\/\\\/www.meydan.tv\\\/az\\\/article\\\/ilham-eliyev-trampa-umidlidir\\\/\",\"name\":\"\u0130lham \u018fliyev Trampa \u00fcmidlidir - MEYDAN.TV\",\"isPartOf\":{\"@id\":\"https:\\\/\\\/www.meydan.tv\\\/az\\\/#website\"},\"primaryImageOfPage\":{\"@id\":\"https:\\\/\\\/www.meydan.tv\\\/az\\\/article\\\/ilham-eliyev-trampa-umidlidir\\\/#primaryimage\"},\"image\":{\"@id\":\"https:\\\/\\\/www.meydan.tv\\\/az\\\/article\\\/ilham-eliyev-trampa-umidlidir\\\/#primaryimage\"},\"thumbnailUrl\":\"https:\\\/\\\/www.meydan.tv\\\/wp-content\\\/uploads\\\/28330.jpg\",\"datePublished\":\"2016-11-18T15:21:25+00:00\",\"breadcrumb\":{\"@id\":\"https:\\\/\\\/www.meydan.tv\\\/az\\\/article\\\/ilham-eliyev-trampa-umidlidir\\\/#breadcrumb\"},\"inLanguage\":\"az\",\"potentialAction\":[{\"@type\":\"ReadAction\",\"target\":[\"https:\\\/\\\/www.meydan.tv\\\/az\\\/article\\\/ilham-eliyev-trampa-umidlidir\\\/\"]}]},{\"@type\":\"ImageObject\",\"inLanguage\":\"az\",\"@id\":\"https:\\\/\\\/www.meydan.tv\\\/az\\\/article\\\/ilham-eliyev-trampa-umidlidir\\\/#primaryimage\",\"url\":\"https:\\\/\\\/www.meydan.tv\\\/wp-content\\\/uploads\\\/28330.jpg\",\"contentUrl\":\"https:\\\/\\\/www.meydan.tv\\\/wp-content\\\/uploads\\\/28330.jpg\",\"width\":701,\"height\":600,\"caption\":\"Source:\"},{\"@type\":\"BreadcrumbList\",\"@id\":\"https:\\\/\\\/www.meydan.tv\\\/az\\\/article\\\/ilham-eliyev-trampa-umidlidir\\\/#breadcrumb\",\"itemListElement\":[{\"@type\":\"ListItem\",\"position\":1,\"name\":\"Ana s\u0259hif\u0259\",\"item\":\"https:\\\/\\\/www.meydan.tv\\\/az\\\/\"},{\"@type\":\"ListItem\",\"position\":2,\"name\":\"Analitika\",\"item\":\"https:\\\/\\\/www.meydan.tv\\\/az\\\/section\\\/analitika\\\/\"},{\"@type\":\"ListItem\",\"position\":3,\"name\":\"\u0130lham \u018fliyev Trampa \u00fcmidlidir\"}]},{\"@type\":\"WebSite\",\"@id\":\"https:\\\/\\\/www.meydan.tv\\\/az\\\/#website\",\"url\":\"https:\\\/\\\/www.meydan.tv\\\/az\\\/\",\"name\":\"MEYDAN.TV\",\"description\":\"Meydan TV Az\u0259rbaycan\u0131n media m\u0259kan\u0131ndak\u0131 alternativ s\u0259sidir\",\"publisher\":{\"@id\":\"https:\\\/\\\/www.meydan.tv\\\/az\\\/#organization\"},\"potentialAction\":[{\"@type\":\"SearchAction\",\"target\":{\"@type\":\"EntryPoint\",\"urlTemplate\":\"https:\\\/\\\/www.meydan.tv\\\/az\\\/?s={search_term_string}\"},\"query-input\":{\"@type\":\"PropertyValueSpecification\",\"valueRequired\":true,\"valueName\":\"search_term_string\"}}],\"inLanguage\":\"az\"},{\"@type\":\"Organization\",\"@id\":\"https:\\\/\\\/www.meydan.tv\\\/az\\\/#organization\",\"name\":\"Meydan TV\",\"url\":\"https:\\\/\\\/www.meydan.tv\\\/az\\\/\",\"logo\":{\"@type\":\"ImageObject\",\"inLanguage\":\"az\",\"@id\":\"https:\\\/\\\/www.meydan.tv\\\/az\\\/#\\\/schema\\\/logo\\\/image\\\/\",\"url\":\"https:\\\/\\\/www.meydan.tv\\\/wp-content\\\/uploads\\\/2021\\\/07\\\/meydan-logo.svg\",\"contentUrl\":\"https:\\\/\\\/www.meydan.tv\\\/wp-content\\\/uploads\\\/2021\\\/07\\\/meydan-logo.svg\",\"width\":195,\"height\":46,\"caption\":\"Meydan TV\"},\"image\":{\"@id\":\"https:\\\/\\\/www.meydan.tv\\\/az\\\/#\\\/schema\\\/logo\\\/image\\\/\"}},{\"@type\":\"Person\",\"@id\":\"https:\\\/\\\/www.meydan.tv\\\/az\\\/#\\\/schema\\\/person\\\/10d11eccf6da3662cf5fdab9806ea91a\",\"name\":\"user-manager\"}]}<\/script>\n<!-- \/ Yoast SEO plugin. -->","yoast_head_json":{"title":"\u0130lham \u018fliyev Trampa \u00fcmidlidir - MEYDAN.TV","robots":{"index":"index","follow":"follow","max-snippet":"max-snippet:-1","max-image-preview":"max-image-preview:large","max-video-preview":"max-video-preview:-1"},"canonical":"https:\/\/www.meydan.tv\/az\/article\/ilham-eliyev-trampa-umidlidir\/","og_locale":"az_AZ","og_type":"article","og_title":"\u0130lham \u018fliyev Trampa \u00fcmidlidir - MEYDAN.TV","og_description":"Son iki g\u00fcnd\u0259 Az\u0259rbaycan prezidenti bu v\u0259 ya dig\u0259r \u015f\u0259kild\u0259 iki d\u0259f\u0259 Donald Tramp m\u00f6vzusuna toxunub","og_url":"https:\/\/www.meydan.tv\/az\/article\/ilham-eliyev-trampa-umidlidir\/","og_site_name":"MEYDAN.TV","article_published_time":"2016-11-18T15:21:25+00:00","og_image":[{"width":701,"height":600,"url":"https:\/\/www.meydan.tv\/wp-content\/uploads\/28330.jpg","type":"image\/jpeg"}],"author":"user-manager","twitter_card":"summary_large_image","schema":{"@context":"https:\/\/schema.org","@graph":[{"@type":"Article","@id":"https:\/\/www.meydan.tv\/az\/article\/ilham-eliyev-trampa-umidlidir\/#article","isPartOf":{"@id":"https:\/\/www.meydan.tv\/az\/article\/ilham-eliyev-trampa-umidlidir\/"},"author":{"name":"user-manager","@id":"https:\/\/www.meydan.tv\/az\/#\/schema\/person\/10d11eccf6da3662cf5fdab9806ea91a"},"headline":"\u0130lham \u018fliyev Trampa \u00fcmidlidir","datePublished":"2016-11-18T15:21:25+00:00","mainEntityOfPage":{"@id":"https:\/\/www.meydan.tv\/az\/article\/ilham-eliyev-trampa-umidlidir\/"},"wordCount":703,"publisher":{"@id":"https:\/\/www.meydan.tv\/az\/#organization"},"image":{"@id":"https:\/\/www.meydan.tv\/az\/article\/ilham-eliyev-trampa-umidlidir\/#primaryimage"},"thumbnailUrl":"https:\/\/www.meydan.tv\/wp-content\/uploads\/28330.jpg","articleSection":["Analitika"],"inLanguage":"az"},{"@type":"WebPage","@id":"https:\/\/www.meydan.tv\/az\/article\/ilham-eliyev-trampa-umidlidir\/","url":"https:\/\/www.meydan.tv\/az\/article\/ilham-eliyev-trampa-umidlidir\/","name":"\u0130lham \u018fliyev Trampa \u00fcmidlidir - MEYDAN.TV","isPartOf":{"@id":"https:\/\/www.meydan.tv\/az\/#website"},"primaryImageOfPage":{"@id":"https:\/\/www.meydan.tv\/az\/article\/ilham-eliyev-trampa-umidlidir\/#primaryimage"},"image":{"@id":"https:\/\/www.meydan.tv\/az\/article\/ilham-eliyev-trampa-umidlidir\/#primaryimage"},"thumbnailUrl":"https:\/\/www.meydan.tv\/wp-content\/uploads\/28330.jpg","datePublished":"2016-11-18T15:21:25+00:00","breadcrumb":{"@id":"https:\/\/www.meydan.tv\/az\/article\/ilham-eliyev-trampa-umidlidir\/#breadcrumb"},"inLanguage":"az","potentialAction":[{"@type":"ReadAction","target":["https:\/\/www.meydan.tv\/az\/article\/ilham-eliyev-trampa-umidlidir\/"]}]},{"@type":"ImageObject","inLanguage":"az","@id":"https:\/\/www.meydan.tv\/az\/article\/ilham-eliyev-trampa-umidlidir\/#primaryimage","url":"https:\/\/www.meydan.tv\/wp-content\/uploads\/28330.jpg","contentUrl":"https:\/\/www.meydan.tv\/wp-content\/uploads\/28330.jpg","width":701,"height":600,"caption":"Source:"},{"@type":"BreadcrumbList","@id":"https:\/\/www.meydan.tv\/az\/article\/ilham-eliyev-trampa-umidlidir\/#breadcrumb","itemListElement":[{"@type":"ListItem","position":1,"name":"Ana s\u0259hif\u0259","item":"https:\/\/www.meydan.tv\/az\/"},{"@type":"ListItem","position":2,"name":"Analitika","item":"https:\/\/www.meydan.tv\/az\/section\/analitika\/"},{"@type":"ListItem","position":3,"name":"\u0130lham \u018fliyev Trampa \u00fcmidlidir"}]},{"@type":"WebSite","@id":"https:\/\/www.meydan.tv\/az\/#website","url":"https:\/\/www.meydan.tv\/az\/","name":"MEYDAN.TV","description":"Meydan TV Az\u0259rbaycan\u0131n media m\u0259kan\u0131ndak\u0131 alternativ s\u0259sidir","publisher":{"@id":"https:\/\/www.meydan.tv\/az\/#organization"},"potentialAction":[{"@type":"SearchAction","target":{"@type":"EntryPoint","urlTemplate":"https:\/\/www.meydan.tv\/az\/?s={search_term_string}"},"query-input":{"@type":"PropertyValueSpecification","valueRequired":true,"valueName":"search_term_string"}}],"inLanguage":"az"},{"@type":"Organization","@id":"https:\/\/www.meydan.tv\/az\/#organization","name":"Meydan TV","url":"https:\/\/www.meydan.tv\/az\/","logo":{"@type":"ImageObject","inLanguage":"az","@id":"https:\/\/www.meydan.tv\/az\/#\/schema\/logo\/image\/","url":"https:\/\/www.meydan.tv\/wp-content\/uploads\/2021\/07\/meydan-logo.svg","contentUrl":"https:\/\/www.meydan.tv\/wp-content\/uploads\/2021\/07\/meydan-logo.svg","width":195,"height":46,"caption":"Meydan TV"},"image":{"@id":"https:\/\/www.meydan.tv\/az\/#\/schema\/logo\/image\/"}},{"@type":"Person","@id":"https:\/\/www.meydan.tv\/az\/#\/schema\/person\/10d11eccf6da3662cf5fdab9806ea91a","name":"user-manager"}]}},"_links":{"self":[{"href":"https:\/\/www.meydan.tv\/az\/wp-json\/wp\/v2\/posts\/180524","targetHints":{"allow":["GET"]}}],"collection":[{"href":"https:\/\/www.meydan.tv\/az\/wp-json\/wp\/v2\/posts"}],"about":[{"href":"https:\/\/www.meydan.tv\/az\/wp-json\/wp\/v2\/types\/post"}],"author":[{"embeddable":true,"href":"https:\/\/www.meydan.tv\/az\/wp-json\/wp\/v2\/users\/11"}],"replies":[{"embeddable":true,"href":"https:\/\/www.meydan.tv\/az\/wp-json\/wp\/v2\/comments?post=180524"}],"version-history":[{"count":0,"href":"https:\/\/www.meydan.tv\/az\/wp-json\/wp\/v2\/posts\/180524\/revisions"}],"wp:featuredmedia":[{"embeddable":true,"href":"https:\/\/www.meydan.tv\/az\/wp-json\/wp\/v2\/media\/73424"}],"wp:attachment":[{"href":"https:\/\/www.meydan.tv\/az\/wp-json\/wp\/v2\/media?parent=180524"}],"wp:term":[{"taxonomy":"category","embeddable":true,"href":"https:\/\/www.meydan.tv\/az\/wp-json\/wp\/v2\/categories?post=180524"},{"taxonomy":"post_tag","embeddable":true,"href":"https:\/\/www.meydan.tv\/az\/wp-json\/wp\/v2\/tags?post=180524"}],"curies":[{"name":"wp","href":"https:\/\/api.w.org\/{rel}","templated":true}]}}