{"id":180463,"date":"2016-11-16T18:15:00","date_gmt":"2016-11-16T18:15:00","guid":{"rendered":"https:\/\/www.meydan.tv\/article\/bohran-meylleri-2017-ci-ilde-davam-edecek\/"},"modified":"2016-11-16T18:15:00","modified_gmt":"2016-11-16T18:15:00","slug":"bohran-meylleri-2017-ci-ilde-davam-edecek","status":"publish","type":"post","link":"https:\/\/www.meydan.tv\/az\/article\/bohran-meylleri-2017-ci-ilde-davam-edecek\/","title":{"rendered":"&#8221;B\u00f6hran meyll\u0259ri 2017-ci ild\u0259 davam ed\u0259c\u0259k&#8221;"},"content":{"rendered":"<figure class=\"wp-block-image size-large\">\n  <img decoding=\"async\" src=\"https:\/\/www.meydan.tv\/az\/73241\/\" alt=\"\" class=\"wp-image-73241\"\/><figcaption><\/figcaption><\/figure>\n<p>\n  <i><br \/>\n    R\u00f6v\u015f\u0259n A\u011fayev: &#8221;\u0130qtisadiyyat\u0131 h\u0259r\u0259k\u0259t\u0259 g\u0259tir\u0259n investisiya qoyulu\u015flar\u0131 azal\u0131b&#8221;<br \/>\n  <\/i>\n<\/p>\n<p>\n  D\u00f6vl\u0259t G\u00f6mr\u00fck Komit\u0259si (DGK) 10 ay\u0131n yekunlar\u0131na g\u00f6r\u0259, xarici ticar\u0259t statistikas\u0131n\u0131 a\u00e7\u0131qlay\u0131b. Qeyri-neft sektorunun ixrac\u0131nda ciddi azalma var &#8211; \u00f6t\u0259n ilin 10 ay\u0131 il\u0259 m\u00fcqayis\u0259d\u0259 355 milyon dollar (26.5%) azalma var.<br \/>\n  <br \/>\n  D\u00f6vl\u0259t Statistika Komit\u0259sinin m\u0259lumat\u0131nda is\u0259 s\u0259naye istehsal\u0131nda azalma oldu\u011fu bildirilir: &#8220;S\u0259naye m\u00fc\u0259ssis\u0259l\u0259ri v\u0259 bu sah\u0259d\u0259 f\u0259aliyy\u0259t g\u00f6st\u0259r\u0259n f\u0259rdi sahibkarlar 2016-c\u0131 ilin yanvar-oktyabr aylar\u0131nda \u00f6t\u0259n ilin m\u00fcvafiq d\u00f6vr\u00fc il\u0259 m\u00fcqayis\u0259d\u0259 0,2 faiz az s\u0259naye m\u0259hsulu istehsal edib. S\u0259naye m\u0259hsulunun 65,8 faizi m\u0259d\u0259n\u00e7\u0131xarma sektorunda, 28,2 faizi emal sektorunda istehsal edilib. Qalan 5,2 faiz elektrik enerjisi, qaz v\u0259 buxar istehsal\u0131, b\u00f6l\u00fc\u015fd\u00fcr\u00fclm\u0259si v\u0259 t\u0259chizat\u0131 sektoruna, 0,8 faizi is\u0259 su t\u0259chizat\u0131, tullant\u0131lar\u0131n t\u0259mizl\u0259nm\u0259si v\u0259 emal\u0131 sektoruna aiddir&#8221;.\n<\/p>\n<p>\n  DSK-nin m\u0259lumat\u0131na g\u00f6r\u0259, noyabr\u0131n 1-i \u00fc\u00e7\u00fcn Az\u0259rbaycan iqtisadiyyat\u0131na kapital qoyulu\u015flar\u0131 11 mlrd. 889,2 mln. manat t\u0259\u015fkil edib. \u0130stiqam\u0259tl\u0259r \u00fczr\u0259 bu, bel\u0259 g\u00f6r\u00fcn\u00fcr: istehsalat obyektl\u0259rin\u0259 9 mlrd. 593,3 mln. manat v\u0259 ya \u00fcmumi x\u0259rcl\u0259rin 80,7%-i qoyulub. Bundan \u0259lav\u0259, xidm\u0259t sah\u0259si obyektl\u0259rin\u0259 1 mlrd. 807,8 mln. (15,2%) qoyulub. M\u0259nzil fondunun inki\u015faf\u0131na 488,1 mln. manat (4,1%) ayr\u0131l\u0131b. Son be\u015f ild\u0259n f\u0259rqli olaraq b\u00f6y\u00fck hiss\u0259ni xarici kapital t\u0259\u015fkil edib \u2013 59,1% v\u0259 ya 7 mlrd. 22,9 mln. manat, yerli maliyy\u0259 inyeksiyalar\u0131 4 mlrd. 866,3 mln. manat t\u0259\u015fkil edib.\n<\/p>\n<p>\n  &#8220;\u00dc\u00e7d\u0259 iki hiss\u0259d\u0259n \u00e7ox (67,3%) \u00f6z\u0259l kapital\u0131n pay\u0131na d\u00fc\u015f\u00fcb. B\u00fct\u00fcn kapital x\u0259rcl\u0259rin &#8211; 7 mlrd. 191,9 mln. manat\u0131n 60,5%-i neft sektoruna ayr\u0131l\u0131b&#8221;,-dey\u0259 bildirilib.\n<\/p>\n<p>\n  DGK v\u0259 DSK-nin m\u0259lumatlar\u0131n\u0131 Meydan TV-y\u0259 \u015f\u0259rh ed\u0259n iqtisad\u00e7\u0131 R\u00f6v\u015f\u0259n A\u011fayev bildirib ki, Az\u0259rbaycan \u00fc\u00e7\u00fcn \u0259n maraql\u0131 olan qeyri-neft ixrac\u0131yla ba\u011fl\u0131 m\u0259qamlard\u0131r, bu, ixrac bax\u0131m\u0131ndan \u00f6lk\u0259nin qeyri-neft potensial\u0131n\u0131n z\u0259if oldu\u011funun g\u00f6st\u0259ricisidir:\n<\/p>\n<p>\n  &#8220;\u00c7ox t\u0259\u0259ss\u00fcf ki, qeyri-neft sektorunda ixrac potensial\u0131 h\u0259mi\u015f\u0259 z\u0259if olub, amma b\u00f6hran d\u00f6vr\u00fcnd\u0259 azalma daha \u00e7ox davam etdi. Manat\u0131n d\u0259y\u0259rd\u0259n d\u00fc\u015fm\u0259sind\u0259 bir yana\u015fma bel\u0259 idi ki, manat baha oldu\u011fu d\u00f6vrd\u0259 yerli m\u0259hsullar\u0131 da bahala\u015fd\u0131r\u0131rd\u0131 v\u0259 ixrac \u00fc\u00e7\u00fcn c\u0259lbedici olmurdu. Manat ucuzla\u015fanda bel\u0259 bir g\u00f6zl\u0259nti yarand\u0131 ki, b\u0259lk\u0259 qeyri-neft ixrac\u0131 geni\u015fl\u0259n\u0259 v\u0259 iqtisadiyyata m\u00fcsb\u0259t t\u0259siri olar. Bu ilin 10 ay\u0131n\u0131n n\u0259tic\u0259sin\u0259 g\u00f6r\u0259, qeyri-neft ixrac\u0131 355 milyon dollar, y\u0259ni 26,4 faiz azal\u0131b. Onsuz da ki\u00e7ik idi, bu il d\u0259 faiz olaraq azalmay\u0131b, h\u0259cm olaraq k\u0259skin ki\u00e7ilib. M\u0259s\u0259l\u0259 ondad\u0131r ki, Az\u0259rbaycan\u0131n bazarlar\u0131 y\u00fcks\u0259k inki\u015faf etmi\u015f \u00f6lk\u0259l\u0259rin bazarlar\u0131 deyil. T\u00fcrkiy\u0259ni k\u0259nara qoysaq, Az\u0259rbaycan\u0131n ixrac\u0131nda 70 faiz\u0259 q\u0259d\u0259r 3 \u00f6lk\u0259nin \u0259sas pay\u0131 var &#8211; \u0130raq, \u018ffqan\u0131stan v\u0259 Rusiya. T\u00fcrkiy\u0259ni daxil etdikd\u0259, Az\u0259rbaycan\u0131n qeyri-neft ixracat\u0131nda pay\u0131 75 faiz t\u0259\u015fkil edir. M\u0259s\u0259l\u0259 ondad\u0131r ki, ixrac etdiyimiz m\u0259hsullar\u0131n idxal\u0131 art\u0131b. \u0130kinci, azalma yaln\u0131z qiym\u0259t f\u0259rqil\u0259 ba\u011fl\u0131 deyil, \u00e7\u0259ki il\u0259 d\u0259 \u0259laq\u0259lidir, t\u0259bii azalma da var. Y\u0259ni k\u00fctl\u0259 olaraq \u00f6lk\u0259d\u0259n \u00e7\u0131xan m\u0259hsulun h\u0259cmi azal\u0131b&#8221;.\n<\/p>\n<p>\n  S\u0259b\u0259bl\u0259r\u0259 g\u0259linc\u0259, iqtisad\u00e7\u0131 bildirib ki, h\u00f6kum\u0259tin institutlar\u0131 ciddi ara\u015fd\u0131rma aparmal\u0131d\u0131r: &#8220;Birinci, \u0130xraca Yard\u0131m T\u0259\u015fviqi Fondu v\u0259 \u0130qtisadi \u0130nki\u015faf Nazirliyi m\u00fctamadi olaraq Az\u0259rbaycan\u0131n hans\u0131 bazarlar\u0131 itirm\u0259sini ara\u015fd\u0131r\u0131b ictimaiyy\u0259ti m\u0259lumatland\u0131rmal\u0131d\u0131r. Sual qoyulmal\u0131d\u0131r: Az\u0259rbaycan hans\u0131 bazarlar\u0131 itirir v\u0259 hans\u0131 \u00f6lk\u0259 h\u0259min bazar\u0131 g\u00f6t\u00fcr\u00fcr? S\u0259b\u0259bi n\u0259dir? \u0130kinci, manat\u0131n devalvasiyas\u0131 niy\u0259 k\u00f6m\u0259k etm\u0259di? Ax\u0131 r\u0259smil\u0259r birinci devalvasiyada bel\u0259 a\u00e7\u0131qlamalar verirdi&#8221;.\n<\/p>\n<p>\n  Ancaq R\u00f6v\u015f\u0259n A\u011fayev s\u0259naye istehsal\u0131nda azalman\u0131 t\u0259bii hesab edir: &#8220;\u00c7\u00fcnki iqtisadiyyat\u0131n v\u0259 ev t\u0259s\u0259rr\u00fcfatlar\u0131n\u0131n t\u0259l\u0259bat\u0131 azal\u0131rsa, s\u0259naye ki\u00e7ilm\u0259lidir, x\u00fcsisil\u0259 investisiya ki\u00e7ilir. \u018fsas s\u0259b\u0259bl\u0259rd\u0259n biri d\u00f6vl\u0259t investisiyalar\u0131n\u0131n azalmas\u0131d\u0131r. Son 10 ild\u0259 kapital qoyulu\u015flar\u0131nda b\u00fcdc\u0259nin \u00e7ox b\u00f6y\u00fck pay\u0131 olub, Statistika Komit\u0259sinin noyabr\u0131n 15-d\u0259 yayd\u0131\u011f\u0131 m\u0259lumatdan m\u0259lum olur ki, ke\u00e7\u0259n ilin 9 ay\u0131nda investisiya qoyulu\u015flar\u0131 4 milyard manat olub, bu il 1,8 milyarddan da azd\u0131r. \u00dcst\u0259g\u0259l, son bir ild\u0259 bank kreditl\u0259rind\u0259 25 faiz azalma var. Bilirsiniz ki, bu kreditl\u0259rin yar\u0131s\u0131 investisiya \u015f\u0259klind\u0259 iqtisadiyyata y\u00f6n\u0259ldilirdi.\n<\/p>\n<p>\n  \u00dcmumilikd\u0259 iqtisadiyyatdak\u0131 b\u00f6hran b\u00fct\u00fcn sah\u0259l\u0259r\u0259 m\u0259nfi t\u0259sir edir. Bu bax\u0131mdan b\u00f6hran meyll\u0259ri 2017-ci ild\u0259 davam ed\u0259c\u0259k. \u00c7\u00fcnki iqtisadiyyat\u0131 h\u0259r\u0259k\u0259t\u0259 g\u0259tir\u0259n investisiya qoyulu\u015flar\u0131d\u0131r, bu is\u0259 azal\u0131b. H\u00f6kum\u0259t d\u0259 investisiya prosesinin stimulla\u015fd\u0131r\u0131lmas\u0131ndan daha \u00e7ox bo\u011fulmas\u0131 x\u0259ttini se\u00e7ib. S\u0259b\u0259b odur ki, h\u00f6kum\u0259t t\u0259l\u0259bi stimulla\u015fd\u0131randa \u0259lav\u0259 pul k\u00fctl\u0259sinin t\u0259l\u0259b olundu\u011funu anlay\u0131r, sad\u0259c\u0259, islahatlar olmad\u0131\u011f\u0131ndan r\u0259qab\u0259tli m\u00fchit yaranmad\u0131 v\u0259 real sektor indi buna haz\u0131r deyil. N\u0259tic\u0259y\u0259 g\u0259ldikd\u0259, iqtisadiyyat\u0131n t\u0259l\u0259bat\u0131 bir az da azalacaq v\u0259 uzunm\u00fcdd\u0259tli b\u00f6hran olacaq. B\u00f6hranl\u0131 \u015f\u0259raitd\u0259 is\u0259 ham\u0131 daha az v\u0259 keyfiyy\u0259tsiz qidalan\u0131r, t\u0259hsil, s\u0259hiyy\u0259 sistemi daha a\u011f\u0131r duruma d\u00fc\u015f\u00fcr, demoqrafik problem qabar\u0131r, \u00f6lk\u0259d\u0259n xaric\u0259 ciddi ax\u0131n olur. H\u0259l\u0259 2014-c\u00fc ilin sonunda D\u00fcnya Bank\u0131n\u0131n hesabat\u0131nda bu m\u0259s\u0259l\u0259l\u0259r vur\u011fulan\u0131rd\u0131 v\u0259 qeyd olunmu\u015fdu ki, ortada qalan 67 faiz n\u0259 acd\u0131r, n\u0259 d\u0259 orta t\u0259b\u0259q\u0259, ani iqtisadi \u015fok n\u0259tic\u0259sind\u0259 bu qrup yoxsullar t\u0259b\u0259q\u0259sin\u0259 d\u00fc\u015f\u0259 bil\u0259r. Art\u0131q b\u00f6hran d\u0259rinl\u0259\u015fdikc\u0259, yoxsullar\u0131n dair\u0259si daha da geni\u015fl\u0259n\u0259c\u0259k&#8221;.\n<\/p>\n<p>\n  &#8220;\u00c7ox q\u0259rib\u0259dir ki, bu gedi\u015fatda ma\u015f\u0131n bazar\u0131 \u00e7\u00f6ks\u0259 d\u0259, m\u0259nzill\u0259rin qiym\u0259ti d\u0259yi\u015fmir. S\u0259b\u0259b n\u0259dir&#8221; &#8211; sual\u0131na R\u00f6v\u015f\u0259n A\u011fayev bel\u0259 cavab verir:\n<\/p>\n<p>\n  &#8220;\u00dcmumiyy\u0259tl\u0259, tikinti sektorunda \u0259vv\u0259l d\u0259, indi d\u0259 r\u0259qab\u0259t olmay\u0131b. M\u0259s\u0259l\u0259 ondad\u0131r ki, tikinti \u015firk\u0259tl\u0259ri \u00e7ox olsa da, apar\u0131c\u0131 \u015firk\u0259tl\u0259r siyasi dair\u0259l\u0259r\u0259 ba\u011fl\u0131d\u0131r. \u0130kinci, tikinti m\u0259hsullar\u0131n\u0131n idxal\u0131nda x\u0259rcl\u0259r b\u00f6y\u00fckd\u00fcr, x\u00fcsus\u0259n d\u0259 son vaxtlar g\u00f6mr\u00fckd\u0259 leqalla\u015fma ad\u0131yla s\u0259rtl\u0259\u015fm\u0259 ba\u015f verdi. N\u0259hay\u0259t, fundamental s\u0259b\u0259b odur ki, m\u0259murlar tikintid\u0259ki qeyri-r\u0259smi x\u0259rcl\u0259rind\u0259n imtina etm\u0259k ist\u0259mir. Y\u0259ni bir kvadratmetrin maya d\u0259y\u0259ri 200 manata ba\u015fa g\u0259lirs\u0259, onun \u00fc\u00e7\u00fcn al\u0131nan r\u0259smi v\u0259 qeyri-r\u0259smi \u00f6d\u0259ni\u015fl\u0259rin hesab\u0131na qiym\u0259t iki d\u0259f\u0259 art\u0131r. Faktiki olaraq, bu sektorda r\u0259qab\u0259t m\u00fchiti yoxdur. \u0130ndi m\u0259murlar \u00e7al\u0131\u015f\u0131rlar ki, b\u00f6hrana baxmayaraq ipotekan\u0131 m\u00fcmk\u00fcn q\u0259d\u0259r dayand\u0131rmas\u0131nlar. \u018fg\u0259r ipoteka bazar\u0131nda b\u00f6hran ba\u015f vers\u0259ydi, qiym\u0259tl\u0259r\u0259 t\u0259sir ed\u0259n qeyri-r\u0259smi x\u0259rcl\u0259r g\u00f6t\u00fcr\u00fcls\u0259ydi, m\u0259nzil bazar\u0131nda qiym\u0259t d\u00fc\u015fm\u0259sinin \u015fahidi olacaqd\u0131q. Sad\u0259c\u0259, tikinti sektoruna maliyy\u0259 qoyan m\u0259murlar bunda maraql\u0131 deyil, itirm\u0259k ist\u0259mirl\u0259r. Bu sektorun inc\u0259liyi ondad\u0131r ki, Az\u0259rbaycanda m\u0259nzil bazar\u0131na qoyulan pullar qeyri-leqal yolla qazan\u0131lm\u0131\u015f kapital oldu\u011fundan geri qay\u0131tmaq narahatl\u0131\u011f\u0131 yoxdur. Ona g\u00f6r\u0259 d\u0259 m\u0259nzil bazar\u0131nda mara\u011f\u0131 olan oliqarxlar neftin qalxmas\u0131n\u0131 g\u00f6zl\u0259yirl\u0259r, h\u0259l\u0259 d\u00f6z\u00fcrl\u0259r. T\u0259bii ki, neftin qiym\u0259ti yax\u0131n 2 ild\u0259 qalxmasa, m\u0259nzil bazar\u0131nda qiym\u0259tl\u0259rin d\u00fc\u015fm\u0259si qa\u00e7\u0131lmazd\u0131r&#8221;.<\/p>\n","protected":false},"excerpt":{"rendered":"<p>R\u00f6v\u015f\u0259n A\u011fayev: &#8221;\u0130qtisadiyyat\u0131 h\u0259r\u0259k\u0259t\u0259 g\u0259tir\u0259n investisiya qoyulu\u015flar\u0131 azal\u0131b&#8221;<\/p>\n","protected":false},"author":11,"featured_media":73241,"comment_status":"closed","ping_status":"open","sticky":false,"template":"","format":"standard","meta":{"_acf_changed":false,"_sitemap_exclude":false,"_sitemap_priority":"","_sitemap_frequency":"","footnotes":""},"categories":[51],"tags":[],"class_list":["post-180463","post","type-post","status-publish","format-standard","has-post-thumbnail","hentry","category-analitika","infinite-scroll-item","generate-columns","tablet-grid-50","mobile-grid-100","grid-parent","grid-33","no-featured-image-padding"],"acf":[],"yoast_head":"<!-- This site is optimized with the Yoast SEO plugin v27.5 - https:\/\/yoast.com\/product\/yoast-seo-wordpress\/ -->\n<title>&#039;&#039;B\u00f6hran meyll\u0259ri 2017-ci ild\u0259 davam ed\u0259c\u0259k&#039;&#039; - MEYDAN.TV<\/title>\n<meta name=\"robots\" content=\"index, follow, max-snippet:-1, max-image-preview:large, max-video-preview:-1\" \/>\n<link rel=\"canonical\" href=\"https:\/\/www.meydan.tv\/az\/article\/bohran-meylleri-2017-ci-ilde-davam-edecek\/\" \/>\n<meta property=\"og:locale\" content=\"az_AZ\" \/>\n<meta property=\"og:type\" content=\"article\" \/>\n<meta property=\"og:title\" content=\"&#039;&#039;B\u00f6hran meyll\u0259ri 2017-ci ild\u0259 davam ed\u0259c\u0259k&#039;&#039; - MEYDAN.TV\" \/>\n<meta property=\"og:description\" content=\"R\u00f6v\u015f\u0259n A\u011fayev: &#039;&#039;\u0130qtisadiyyat\u0131 h\u0259r\u0259k\u0259t\u0259 g\u0259tir\u0259n investisiya qoyulu\u015flar\u0131 azal\u0131b&#039;&#039;\" \/>\n<meta property=\"og:url\" content=\"https:\/\/www.meydan.tv\/az\/article\/bohran-meylleri-2017-ci-ilde-davam-edecek\/\" \/>\n<meta property=\"og:site_name\" content=\"MEYDAN.TV\" \/>\n<meta property=\"article:published_time\" content=\"2016-11-16T18:15:00+00:00\" \/>\n<meta property=\"og:image\" content=\"https:\/\/www.meydan.tv\/wp-content\/uploads\/28245.jpg\" \/>\n\t<meta property=\"og:image:width\" content=\"647\" \/>\n\t<meta property=\"og:image:height\" content=\"370\" \/>\n\t<meta property=\"og:image:type\" content=\"image\/jpeg\" \/>\n<meta name=\"author\" content=\"user-manager\" \/>\n<meta name=\"twitter:card\" content=\"summary_large_image\" \/>\n<script type=\"application\/ld+json\" class=\"yoast-schema-graph\">{\"@context\":\"https:\\\/\\\/schema.org\",\"@graph\":[{\"@type\":\"Article\",\"@id\":\"https:\\\/\\\/www.meydan.tv\\\/az\\\/article\\\/bohran-meylleri-2017-ci-ilde-davam-edecek\\\/#article\",\"isPartOf\":{\"@id\":\"https:\\\/\\\/www.meydan.tv\\\/az\\\/article\\\/bohran-meylleri-2017-ci-ilde-davam-edecek\\\/\"},\"author\":{\"name\":\"user-manager\",\"@id\":\"https:\\\/\\\/www.meydan.tv\\\/az\\\/#\\\/schema\\\/person\\\/10d11eccf6da3662cf5fdab9806ea91a\"},\"headline\":\"&#8221;B\u00f6hran meyll\u0259ri 2017-ci ild\u0259 davam ed\u0259c\u0259k&#8221;\",\"datePublished\":\"2016-11-16T18:15:00+00:00\",\"mainEntityOfPage\":{\"@id\":\"https:\\\/\\\/www.meydan.tv\\\/az\\\/article\\\/bohran-meylleri-2017-ci-ilde-davam-edecek\\\/\"},\"wordCount\":1392,\"publisher\":{\"@id\":\"https:\\\/\\\/www.meydan.tv\\\/az\\\/#organization\"},\"image\":{\"@id\":\"https:\\\/\\\/www.meydan.tv\\\/az\\\/article\\\/bohran-meylleri-2017-ci-ilde-davam-edecek\\\/#primaryimage\"},\"thumbnailUrl\":\"https:\\\/\\\/www.meydan.tv\\\/wp-content\\\/uploads\\\/28245.jpg\",\"articleSection\":[\"Analitika\"],\"inLanguage\":\"az\"},{\"@type\":\"WebPage\",\"@id\":\"https:\\\/\\\/www.meydan.tv\\\/az\\\/article\\\/bohran-meylleri-2017-ci-ilde-davam-edecek\\\/\",\"url\":\"https:\\\/\\\/www.meydan.tv\\\/az\\\/article\\\/bohran-meylleri-2017-ci-ilde-davam-edecek\\\/\",\"name\":\"''B\u00f6hran meyll\u0259ri 2017-ci ild\u0259 davam ed\u0259c\u0259k'' - MEYDAN.TV\",\"isPartOf\":{\"@id\":\"https:\\\/\\\/www.meydan.tv\\\/az\\\/#website\"},\"primaryImageOfPage\":{\"@id\":\"https:\\\/\\\/www.meydan.tv\\\/az\\\/article\\\/bohran-meylleri-2017-ci-ilde-davam-edecek\\\/#primaryimage\"},\"image\":{\"@id\":\"https:\\\/\\\/www.meydan.tv\\\/az\\\/article\\\/bohran-meylleri-2017-ci-ilde-davam-edecek\\\/#primaryimage\"},\"thumbnailUrl\":\"https:\\\/\\\/www.meydan.tv\\\/wp-content\\\/uploads\\\/28245.jpg\",\"datePublished\":\"2016-11-16T18:15:00+00:00\",\"breadcrumb\":{\"@id\":\"https:\\\/\\\/www.meydan.tv\\\/az\\\/article\\\/bohran-meylleri-2017-ci-ilde-davam-edecek\\\/#breadcrumb\"},\"inLanguage\":\"az\",\"potentialAction\":[{\"@type\":\"ReadAction\",\"target\":[\"https:\\\/\\\/www.meydan.tv\\\/az\\\/article\\\/bohran-meylleri-2017-ci-ilde-davam-edecek\\\/\"]}]},{\"@type\":\"ImageObject\",\"inLanguage\":\"az\",\"@id\":\"https:\\\/\\\/www.meydan.tv\\\/az\\\/article\\\/bohran-meylleri-2017-ci-ilde-davam-edecek\\\/#primaryimage\",\"url\":\"https:\\\/\\\/www.meydan.tv\\\/wp-content\\\/uploads\\\/28245.jpg\",\"contentUrl\":\"https:\\\/\\\/www.meydan.tv\\\/wp-content\\\/uploads\\\/28245.jpg\",\"width\":647,\"height\":370,\"caption\":\"Source:\"},{\"@type\":\"BreadcrumbList\",\"@id\":\"https:\\\/\\\/www.meydan.tv\\\/az\\\/article\\\/bohran-meylleri-2017-ci-ilde-davam-edecek\\\/#breadcrumb\",\"itemListElement\":[{\"@type\":\"ListItem\",\"position\":1,\"name\":\"Ana s\u0259hif\u0259\",\"item\":\"https:\\\/\\\/www.meydan.tv\\\/az\\\/\"},{\"@type\":\"ListItem\",\"position\":2,\"name\":\"Analitika\",\"item\":\"https:\\\/\\\/www.meydan.tv\\\/az\\\/section\\\/analitika\\\/\"},{\"@type\":\"ListItem\",\"position\":3,\"name\":\"&#8221;B\u00f6hran meyll\u0259ri 2017-ci ild\u0259 davam ed\u0259c\u0259k&#8221;\"}]},{\"@type\":\"WebSite\",\"@id\":\"https:\\\/\\\/www.meydan.tv\\\/az\\\/#website\",\"url\":\"https:\\\/\\\/www.meydan.tv\\\/az\\\/\",\"name\":\"MEYDAN.TV\",\"description\":\"Meydan TV Az\u0259rbaycan\u0131n media m\u0259kan\u0131ndak\u0131 alternativ s\u0259sidir\",\"publisher\":{\"@id\":\"https:\\\/\\\/www.meydan.tv\\\/az\\\/#organization\"},\"potentialAction\":[{\"@type\":\"SearchAction\",\"target\":{\"@type\":\"EntryPoint\",\"urlTemplate\":\"https:\\\/\\\/www.meydan.tv\\\/az\\\/?s={search_term_string}\"},\"query-input\":{\"@type\":\"PropertyValueSpecification\",\"valueRequired\":true,\"valueName\":\"search_term_string\"}}],\"inLanguage\":\"az\"},{\"@type\":\"Organization\",\"@id\":\"https:\\\/\\\/www.meydan.tv\\\/az\\\/#organization\",\"name\":\"Meydan TV\",\"url\":\"https:\\\/\\\/www.meydan.tv\\\/az\\\/\",\"logo\":{\"@type\":\"ImageObject\",\"inLanguage\":\"az\",\"@id\":\"https:\\\/\\\/www.meydan.tv\\\/az\\\/#\\\/schema\\\/logo\\\/image\\\/\",\"url\":\"https:\\\/\\\/www.meydan.tv\\\/wp-content\\\/uploads\\\/2021\\\/07\\\/meydan-logo.svg\",\"contentUrl\":\"https:\\\/\\\/www.meydan.tv\\\/wp-content\\\/uploads\\\/2021\\\/07\\\/meydan-logo.svg\",\"width\":195,\"height\":46,\"caption\":\"Meydan TV\"},\"image\":{\"@id\":\"https:\\\/\\\/www.meydan.tv\\\/az\\\/#\\\/schema\\\/logo\\\/image\\\/\"}},{\"@type\":\"Person\",\"@id\":\"https:\\\/\\\/www.meydan.tv\\\/az\\\/#\\\/schema\\\/person\\\/10d11eccf6da3662cf5fdab9806ea91a\",\"name\":\"user-manager\"}]}<\/script>\n<!-- \/ Yoast SEO plugin. -->","yoast_head_json":{"title":"''B\u00f6hran meyll\u0259ri 2017-ci ild\u0259 davam ed\u0259c\u0259k'' - MEYDAN.TV","robots":{"index":"index","follow":"follow","max-snippet":"max-snippet:-1","max-image-preview":"max-image-preview:large","max-video-preview":"max-video-preview:-1"},"canonical":"https:\/\/www.meydan.tv\/az\/article\/bohran-meylleri-2017-ci-ilde-davam-edecek\/","og_locale":"az_AZ","og_type":"article","og_title":"''B\u00f6hran meyll\u0259ri 2017-ci ild\u0259 davam ed\u0259c\u0259k'' - MEYDAN.TV","og_description":"R\u00f6v\u015f\u0259n A\u011fayev: ''\u0130qtisadiyyat\u0131 h\u0259r\u0259k\u0259t\u0259 g\u0259tir\u0259n investisiya qoyulu\u015flar\u0131 azal\u0131b''","og_url":"https:\/\/www.meydan.tv\/az\/article\/bohran-meylleri-2017-ci-ilde-davam-edecek\/","og_site_name":"MEYDAN.TV","article_published_time":"2016-11-16T18:15:00+00:00","og_image":[{"width":647,"height":370,"url":"https:\/\/www.meydan.tv\/wp-content\/uploads\/28245.jpg","type":"image\/jpeg"}],"author":"user-manager","twitter_card":"summary_large_image","schema":{"@context":"https:\/\/schema.org","@graph":[{"@type":"Article","@id":"https:\/\/www.meydan.tv\/az\/article\/bohran-meylleri-2017-ci-ilde-davam-edecek\/#article","isPartOf":{"@id":"https:\/\/www.meydan.tv\/az\/article\/bohran-meylleri-2017-ci-ilde-davam-edecek\/"},"author":{"name":"user-manager","@id":"https:\/\/www.meydan.tv\/az\/#\/schema\/person\/10d11eccf6da3662cf5fdab9806ea91a"},"headline":"&#8221;B\u00f6hran meyll\u0259ri 2017-ci ild\u0259 davam ed\u0259c\u0259k&#8221;","datePublished":"2016-11-16T18:15:00+00:00","mainEntityOfPage":{"@id":"https:\/\/www.meydan.tv\/az\/article\/bohran-meylleri-2017-ci-ilde-davam-edecek\/"},"wordCount":1392,"publisher":{"@id":"https:\/\/www.meydan.tv\/az\/#organization"},"image":{"@id":"https:\/\/www.meydan.tv\/az\/article\/bohran-meylleri-2017-ci-ilde-davam-edecek\/#primaryimage"},"thumbnailUrl":"https:\/\/www.meydan.tv\/wp-content\/uploads\/28245.jpg","articleSection":["Analitika"],"inLanguage":"az"},{"@type":"WebPage","@id":"https:\/\/www.meydan.tv\/az\/article\/bohran-meylleri-2017-ci-ilde-davam-edecek\/","url":"https:\/\/www.meydan.tv\/az\/article\/bohran-meylleri-2017-ci-ilde-davam-edecek\/","name":"''B\u00f6hran meyll\u0259ri 2017-ci ild\u0259 davam ed\u0259c\u0259k'' - MEYDAN.TV","isPartOf":{"@id":"https:\/\/www.meydan.tv\/az\/#website"},"primaryImageOfPage":{"@id":"https:\/\/www.meydan.tv\/az\/article\/bohran-meylleri-2017-ci-ilde-davam-edecek\/#primaryimage"},"image":{"@id":"https:\/\/www.meydan.tv\/az\/article\/bohran-meylleri-2017-ci-ilde-davam-edecek\/#primaryimage"},"thumbnailUrl":"https:\/\/www.meydan.tv\/wp-content\/uploads\/28245.jpg","datePublished":"2016-11-16T18:15:00+00:00","breadcrumb":{"@id":"https:\/\/www.meydan.tv\/az\/article\/bohran-meylleri-2017-ci-ilde-davam-edecek\/#breadcrumb"},"inLanguage":"az","potentialAction":[{"@type":"ReadAction","target":["https:\/\/www.meydan.tv\/az\/article\/bohran-meylleri-2017-ci-ilde-davam-edecek\/"]}]},{"@type":"ImageObject","inLanguage":"az","@id":"https:\/\/www.meydan.tv\/az\/article\/bohran-meylleri-2017-ci-ilde-davam-edecek\/#primaryimage","url":"https:\/\/www.meydan.tv\/wp-content\/uploads\/28245.jpg","contentUrl":"https:\/\/www.meydan.tv\/wp-content\/uploads\/28245.jpg","width":647,"height":370,"caption":"Source:"},{"@type":"BreadcrumbList","@id":"https:\/\/www.meydan.tv\/az\/article\/bohran-meylleri-2017-ci-ilde-davam-edecek\/#breadcrumb","itemListElement":[{"@type":"ListItem","position":1,"name":"Ana s\u0259hif\u0259","item":"https:\/\/www.meydan.tv\/az\/"},{"@type":"ListItem","position":2,"name":"Analitika","item":"https:\/\/www.meydan.tv\/az\/section\/analitika\/"},{"@type":"ListItem","position":3,"name":"&#8221;B\u00f6hran meyll\u0259ri 2017-ci ild\u0259 davam ed\u0259c\u0259k&#8221;"}]},{"@type":"WebSite","@id":"https:\/\/www.meydan.tv\/az\/#website","url":"https:\/\/www.meydan.tv\/az\/","name":"MEYDAN.TV","description":"Meydan TV Az\u0259rbaycan\u0131n media m\u0259kan\u0131ndak\u0131 alternativ s\u0259sidir","publisher":{"@id":"https:\/\/www.meydan.tv\/az\/#organization"},"potentialAction":[{"@type":"SearchAction","target":{"@type":"EntryPoint","urlTemplate":"https:\/\/www.meydan.tv\/az\/?s={search_term_string}"},"query-input":{"@type":"PropertyValueSpecification","valueRequired":true,"valueName":"search_term_string"}}],"inLanguage":"az"},{"@type":"Organization","@id":"https:\/\/www.meydan.tv\/az\/#organization","name":"Meydan TV","url":"https:\/\/www.meydan.tv\/az\/","logo":{"@type":"ImageObject","inLanguage":"az","@id":"https:\/\/www.meydan.tv\/az\/#\/schema\/logo\/image\/","url":"https:\/\/www.meydan.tv\/wp-content\/uploads\/2021\/07\/meydan-logo.svg","contentUrl":"https:\/\/www.meydan.tv\/wp-content\/uploads\/2021\/07\/meydan-logo.svg","width":195,"height":46,"caption":"Meydan TV"},"image":{"@id":"https:\/\/www.meydan.tv\/az\/#\/schema\/logo\/image\/"}},{"@type":"Person","@id":"https:\/\/www.meydan.tv\/az\/#\/schema\/person\/10d11eccf6da3662cf5fdab9806ea91a","name":"user-manager"}]}},"_links":{"self":[{"href":"https:\/\/www.meydan.tv\/az\/wp-json\/wp\/v2\/posts\/180463","targetHints":{"allow":["GET"]}}],"collection":[{"href":"https:\/\/www.meydan.tv\/az\/wp-json\/wp\/v2\/posts"}],"about":[{"href":"https:\/\/www.meydan.tv\/az\/wp-json\/wp\/v2\/types\/post"}],"author":[{"embeddable":true,"href":"https:\/\/www.meydan.tv\/az\/wp-json\/wp\/v2\/users\/11"}],"replies":[{"embeddable":true,"href":"https:\/\/www.meydan.tv\/az\/wp-json\/wp\/v2\/comments?post=180463"}],"version-history":[{"count":0,"href":"https:\/\/www.meydan.tv\/az\/wp-json\/wp\/v2\/posts\/180463\/revisions"}],"wp:featuredmedia":[{"embeddable":true,"href":"https:\/\/www.meydan.tv\/az\/wp-json\/wp\/v2\/media\/73241"}],"wp:attachment":[{"href":"https:\/\/www.meydan.tv\/az\/wp-json\/wp\/v2\/media?parent=180463"}],"wp:term":[{"taxonomy":"category","embeddable":true,"href":"https:\/\/www.meydan.tv\/az\/wp-json\/wp\/v2\/categories?post=180463"},{"taxonomy":"post_tag","embeddable":true,"href":"https:\/\/www.meydan.tv\/az\/wp-json\/wp\/v2\/tags?post=180463"}],"curies":[{"name":"wp","href":"https:\/\/api.w.org\/{rel}","templated":true}]}}