{"id":180448,"date":"2016-11-16T14:22:40","date_gmt":"2016-11-16T14:22:40","guid":{"rendered":"https:\/\/www.meydan.tv\/article\/menfeet-vergisinden-daxilolmalar-azalir\/"},"modified":"2016-11-16T14:22:40","modified_gmt":"2016-11-16T14:22:40","slug":"menfeet-vergisinden-daxilolmalar-azalir","status":"publish","type":"post","link":"https:\/\/www.meydan.tv\/az\/article\/menfeet-vergisinden-daxilolmalar-azalir\/","title":{"rendered":"M\u0259nf\u0259\u0259t vergisind\u0259n daxilolmalar azal\u0131r"},"content":{"rendered":"<figure class=\"wp-block-image size-large\">\n  <img decoding=\"async\" src=\"https:\/\/www.meydan.tv\/az\/72120\/\" alt=\"\" class=\"wp-image-72120\"\/><figcaption><\/figcaption><\/figure>\n<figure class=\"wp-block-image size-large\">\n  <img decoding=\"async\" src=\"https:\/\/www.meydan.tv\/az\/72120\/\" alt=\"\" class=\"wp-image-72120\"\/><figcaption>\n    Qubad \u0130bado\u011flu foto Meydan TV<br \/>\n  <\/figcaption><\/figure>\n<p>\n  <i><br \/>\n    Qubad \u0130bado\u011flu: &#8221;Haz\u0131rk\u0131 iqtisadi b\u00f6hran uzand\u0131qca, bu azalman\u0131n tendensiya xarakteri almas\u0131 \u015f\u00fcbh\u0259sizdir&#8221;<br \/>\n  <\/i>\n<\/p>\n<p>\n  <br \/>\n  &#8220;M\u0259nf\u0259\u0259t vergisind\u0259n daxilolmalar azal\u0131r. Bal\u0131ca s\u0259b\u0259b z\u0259r\u0259rl\u0259 i\u015fl\u0259y\u0259n m\u00fc\u0259ssis\u0259l\u0259rin say\u0131n\u0131n artmas\u0131d\u0131r&#8221;.\n<\/p>\n<p>\n  Bu bar\u0259d\u0259 iqtisad\u00e7\u0131 Qubad \u0130bado\u011flu \u00f6z &#8220;Facebook&#8221; s\u0259hif\u0259sind\u0259 yaz\u0131b.\n<\/p>\n<p>\n  Maliyy\u0259 Nazirliyinin operativ m\u0259lumatlar\u0131na \u0259sas\u0259n, 2016-c\u0131 ilin yanvar-oktyabr aylar\u0131nda d\u00f6vl\u0259t b\u00fcdc\u0259sinin g\u0259lirl\u0259ri 12 milyard 104 milyon manat, x\u0259rcl\u0259ri 12 milyard 468 milyon manat t\u0259\u015fkil edib, b\u00fcdc\u0259nin icras\u0131nda 364,3 milyon manatl\u0131q v\u0259 ya \u00fcmumi daxili m\u0259hsulun 0,7 faizi q\u0259d\u0259r k\u0259sir yaran\u0131b. D\u00f6vl\u0259t Statistika Komit\u0259sinin a\u00e7\u0131qlamalar\u0131na g\u00f6r\u0259, bu ilin 9 ay\u0131nda b\u00fcdc\u0259y\u0259 daxilolmalar\u0131n 24,5 faizi \u0259lav\u0259 d\u0259y\u0259r vergisi, 13,3 faizi h\u00fcquqi \u015f\u0259xsl\u0259rin m\u0259nf\u0259\u0259t (g\u0259lir) vergisi, 8,6 faizi fiziki \u015f\u0259xsl\u0259rin g\u0259lir vergisi, 4,6 faizi aksizl\u0259r, 11,0 faizi dig\u0259r vergil\u0259r, 38,0 faizi is\u0259 vergi olmayan g\u0259lirl\u0259r hesab\u0131na t\u0259min edilib.\n<\/p>\n<p>\n  Qubad \u0130bado\u011flunun fikrinc\u0259, burda diqq\u0259ti \u00e7\u0259k\u0259n m\u0259qamlardan biri odur ki, 2016-c\u0131 ilin yanvar -sentyabr aylar\u0131 \u00fczr\u0259 h\u00fcquqi \u015f\u0259xsl\u0259rin m\u0259nf\u0259\u0259t (g\u0259lir) vergisind\u0259n daxilolmalar\u0131n \u00f6t\u0259n ilin eyni d\u00f6vr\u00fcn\u0259 nisb\u0259t\u0259n 14,5 faiz a\u015fa\u011f\u0131 d\u00fc\u015f\u00fcb:\n<\/p>\n<p>\n  &#8220;Bel\u0259 ki, cari ilin 9 ay\u0131nda b\u00fcdc\u0259y\u0259 bu m\u0259nb\u0259d\u0259n 1 milyard 343 milyon 300 min manat v\u0259sait daxil olub ki, bu da 2015-ci ilin yanvar-sentyabr aylar\u0131 il\u0259 m\u00fcqayis\u0259d\u0259 227,2 milyon manat azd\u0131r.\n<\/p>\n<p>\n  Son m\u0259lumatlara g\u00f6r\u0259, h\u00fcquqi \u015f\u0259xsl\u0259rin m\u0259nf\u0259\u0259t (g\u0259lir) vergisinin b\u00fcdc\u0259 daxilolmalar\u0131nda x\u00fcsusi \u00e7\u0259kisi 13,3 faiz, \u00dcDM-d\u0259 pay\u0131 3,1 faiz t\u0259\u015fkil edir ki, bununla da bu vergi n\u00f6v\u00fc \u00fczr\u0259 m\u0259daxil b\u00fcdc\u0259d\u0259 vergi g\u0259lirl\u0259ri \u00fczr\u0259 \u018fDV-d\u0259n sonra ikinci b\u00f6y\u00fck pay\u0131 ifad\u0259 edir.\n<\/p>\n<p>\n  \u00d6lk\u0259d\u0259 vergi \u00f6d\u0259yicil\u0259rinin say\u0131n\u0131n artd\u0131\u011f\u0131 halda b\u00fcdc\u0259nin vergi g\u0259lirl\u0259rind\u0259 ikinci b\u00f6y\u00fck paya malik olan h\u00fcquqi \u015f\u0259xsl\u0259rin m\u0259nf\u0259\u0259t (g\u0259lir) vergisind\u0259 \u00f6t\u0259n ill\u0259 m\u00fcqayis\u0259d\u0259 k\u0259skin azalma narahatl\u0131q do\u011furur. Bel\u0259 ki, cari ilin 9 ay\u0131nda respublika \u00fczr\u0259 89 101 vergi \u00f6d\u0259yicisi qeydiyyata al\u0131n\u0131b. Bel\u0259likl\u0259 d\u0259, 1 oktyabr 2016-c\u0131 il tarix\u0259 qeydiyyatda olan vergi \u00f6d\u0259yicil\u0259rinin \u00fcmumi say\u0131 739 297 olub ki, bu da 2015-ci ilin 1 oktyabr tarixin\u0259 qeydiyyatda olan vergi \u00f6d\u0259yicil\u0259rinin say\u0131ndan 12,2 faiz \u00e7oxdur. Onda sual olunur; niy\u0259 vergi \u00f6d\u0259yicil\u0259rinin say\u0131n\u0131n artd\u0131\u011f\u0131, m\u0259nf\u0259\u0259t vergisinin d\u0259r\u0259c\u0259sinin sabit qald\u0131\u011f\u0131 (son ill\u0259r m\u00fc\u0259ssis\u0259nin m\u0259nf\u0259\u0259tind\u0259n 20 faiz d\u0259r\u0259c\u0259 il\u0259 vergi tutulur), vergid\u0259n azad edil\u0259n g\u0259lirin hesablanmas\u0131nda, u\u00e7otinda, el\u0259c\u0259 d\u0259 g\u00fcz\u0259\u015ftl\u0259rin t\u0259tbiqind\u0259 d\u0259yi\u015fiklik ba\u015f verm\u0259diyi halda h\u00fcquqi \u015f\u0259xsl\u0259rin m\u0259nf\u0259\u0259t (g\u0259lir) vergisind\u0259 azalma m\u00fc\u015fahid\u0259 olunur?\n<\/p>\n<p>\n  Hesab edir\u0259m ki, bunun ba\u015fl\u0131ca s\u0259b\u0259bi biznes m\u00fchitinin pisl\u0259\u015fm\u0259si, al\u0131q\u0131c\u0131l\u0131q qabliyy\u0259tinin a\u015fa\u011f\u0131 d\u00fc\u015fm\u0259sin\u0259 g\u00f6r\u0259 h\u00fcquqi \u015f\u0259xsl\u0259riin vergi tutulan g\u0259lirinin (m\u0259nf\u0259\u0259tinin) azalmas\u0131d\u0131r&#8221;. \u0130qtisad\u00e7\u0131 deyir ki, \u00f6lk\u0259d\u0259 z\u0259r\u0259rl\u0259 i\u015fl\u0259y\u0259n t\u0259s\u0259rr\u00fcfat subyektl\u0259rinin, el\u0259c\u0259 d\u0259 m\u0259nf\u0259\u0259tin h\u0259cminin azalmas\u0131 bel\u0259 bir n\u0259tic\u0259y\u0259 \u0259h\u0259miyy\u0259tli t\u0259sir g\u00f6st\u0259rir: &#8220;Dig\u0259r t\u0259r\u0259fd\u0259n d\u0259 neftin d\u00fcnya bazar qiym\u0259tl\u0259rinin ucuzla\u015fmas\u0131na g\u00f6r\u0259 xarici v\u0259 yerli neft-qaz \u015firk\u0259tl\u0259rind\u0259n m\u0259nf\u0259\u0259t vergisi \u00fczr\u0259 \u00f6d\u0259m\u0259l\u0259rinin a\u015fa\u011f\u0131 d\u00fc\u015fm\u0259si, investisiya b\u00fcdc\u0259sinin k\u0259skin ixtisar\u0131na g\u00f6r\u0259 b\u00fcdc\u0259 \u0259sasl\u0131 sifari\u015fl\u0259rin azalmas\u0131 da son n\u0259tic\u0259d\u0259 bu n\u00f6v vergi \u00fczr\u0259 daxilolmalar\u0131 azald\u0131b.\n<\/p>\n<p>\n  Haz\u0131rk\u0131 iqtisadi b\u00f6hran uzand\u0131qca, bu azalman\u0131n tendensiya xarakteri almas\u0131 \u015f\u00fcbh\u0259sizdir&#8221;.<\/p>\n","protected":false},"excerpt":{"rendered":"<p>Qubad \u0130bado\u011flu: &#8221;Haz\u0131rk\u0131 iqtisadi b\u00f6hran uzand\u0131qca, bu azalman\u0131n tendensiya xarakteri almas\u0131 \u015f\u00fcbh\u0259sizdir&#8221;<\/p>\n","protected":false},"author":11,"featured_media":72120,"comment_status":"closed","ping_status":"open","sticky":false,"template":"","format":"standard","meta":{"_acf_changed":false,"_sitemap_exclude":false,"_sitemap_priority":"","_sitemap_frequency":"","footnotes":""},"categories":[51],"tags":[],"class_list":["post-180448","post","type-post","status-publish","format-standard","has-post-thumbnail","hentry","category-analitika","infinite-scroll-item","generate-columns","tablet-grid-50","mobile-grid-100","grid-parent","grid-33","no-featured-image-padding"],"acf":[],"yoast_head":"<!-- This site is optimized with the Yoast SEO plugin v27.5 - https:\/\/yoast.com\/product\/yoast-seo-wordpress\/ -->\n<title>M\u0259nf\u0259\u0259t vergisind\u0259n daxilolmalar azal\u0131r - MEYDAN.TV<\/title>\n<meta name=\"robots\" content=\"index, follow, max-snippet:-1, max-image-preview:large, max-video-preview:-1\" \/>\n<link rel=\"canonical\" href=\"https:\/\/www.meydan.tv\/az\/article\/menfeet-vergisinden-daxilolmalar-azalir\/\" \/>\n<meta property=\"og:locale\" content=\"az_AZ\" \/>\n<meta property=\"og:type\" content=\"article\" \/>\n<meta property=\"og:title\" content=\"M\u0259nf\u0259\u0259t vergisind\u0259n daxilolmalar azal\u0131r - MEYDAN.TV\" \/>\n<meta property=\"og:description\" content=\"Qubad \u0130bado\u011flu: &#039;&#039;Haz\u0131rk\u0131 iqtisadi b\u00f6hran uzand\u0131qca, bu azalman\u0131n tendensiya xarakteri almas\u0131 \u015f\u00fcbh\u0259sizdir&#039;&#039;\" \/>\n<meta property=\"og:url\" content=\"https:\/\/www.meydan.tv\/az\/article\/menfeet-vergisinden-daxilolmalar-azalir\/\" \/>\n<meta property=\"og:site_name\" content=\"MEYDAN.TV\" \/>\n<meta property=\"article:published_time\" content=\"2016-11-16T14:22:40+00:00\" \/>\n<meta property=\"og:image\" content=\"https:\/\/www.meydan.tv\/wp-content\/uploads\/27662.jpg\" \/>\n\t<meta property=\"og:image:width\" content=\"600\" \/>\n\t<meta property=\"og:image:height\" content=\"400\" \/>\n\t<meta property=\"og:image:type\" content=\"image\/jpeg\" \/>\n<meta name=\"author\" content=\"user-manager\" \/>\n<meta name=\"twitter:card\" content=\"summary_large_image\" \/>\n<script type=\"application\/ld+json\" class=\"yoast-schema-graph\">{\"@context\":\"https:\\\/\\\/schema.org\",\"@graph\":[{\"@type\":\"Article\",\"@id\":\"https:\\\/\\\/www.meydan.tv\\\/az\\\/article\\\/menfeet-vergisinden-daxilolmalar-azalir\\\/#article\",\"isPartOf\":{\"@id\":\"https:\\\/\\\/www.meydan.tv\\\/az\\\/article\\\/menfeet-vergisinden-daxilolmalar-azalir\\\/\"},\"author\":{\"name\":\"user-manager\",\"@id\":\"https:\\\/\\\/www.meydan.tv\\\/az\\\/#\\\/schema\\\/person\\\/10d11eccf6da3662cf5fdab9806ea91a\"},\"headline\":\"M\u0259nf\u0259\u0259t vergisind\u0259n daxilolmalar azal\u0131r\",\"datePublished\":\"2016-11-16T14:22:40+00:00\",\"mainEntityOfPage\":{\"@id\":\"https:\\\/\\\/www.meydan.tv\\\/az\\\/article\\\/menfeet-vergisinden-daxilolmalar-azalir\\\/\"},\"wordCount\":685,\"publisher\":{\"@id\":\"https:\\\/\\\/www.meydan.tv\\\/az\\\/#organization\"},\"image\":{\"@id\":\"https:\\\/\\\/www.meydan.tv\\\/az\\\/article\\\/menfeet-vergisinden-daxilolmalar-azalir\\\/#primaryimage\"},\"thumbnailUrl\":\"https:\\\/\\\/www.meydan.tv\\\/wp-content\\\/uploads\\\/27662.jpg\",\"articleSection\":[\"Analitika\"],\"inLanguage\":\"az\"},{\"@type\":\"WebPage\",\"@id\":\"https:\\\/\\\/www.meydan.tv\\\/az\\\/article\\\/menfeet-vergisinden-daxilolmalar-azalir\\\/\",\"url\":\"https:\\\/\\\/www.meydan.tv\\\/az\\\/article\\\/menfeet-vergisinden-daxilolmalar-azalir\\\/\",\"name\":\"M\u0259nf\u0259\u0259t vergisind\u0259n daxilolmalar azal\u0131r - MEYDAN.TV\",\"isPartOf\":{\"@id\":\"https:\\\/\\\/www.meydan.tv\\\/az\\\/#website\"},\"primaryImageOfPage\":{\"@id\":\"https:\\\/\\\/www.meydan.tv\\\/az\\\/article\\\/menfeet-vergisinden-daxilolmalar-azalir\\\/#primaryimage\"},\"image\":{\"@id\":\"https:\\\/\\\/www.meydan.tv\\\/az\\\/article\\\/menfeet-vergisinden-daxilolmalar-azalir\\\/#primaryimage\"},\"thumbnailUrl\":\"https:\\\/\\\/www.meydan.tv\\\/wp-content\\\/uploads\\\/27662.jpg\",\"datePublished\":\"2016-11-16T14:22:40+00:00\",\"breadcrumb\":{\"@id\":\"https:\\\/\\\/www.meydan.tv\\\/az\\\/article\\\/menfeet-vergisinden-daxilolmalar-azalir\\\/#breadcrumb\"},\"inLanguage\":\"az\",\"potentialAction\":[{\"@type\":\"ReadAction\",\"target\":[\"https:\\\/\\\/www.meydan.tv\\\/az\\\/article\\\/menfeet-vergisinden-daxilolmalar-azalir\\\/\"]}]},{\"@type\":\"ImageObject\",\"inLanguage\":\"az\",\"@id\":\"https:\\\/\\\/www.meydan.tv\\\/az\\\/article\\\/menfeet-vergisinden-daxilolmalar-azalir\\\/#primaryimage\",\"url\":\"https:\\\/\\\/www.meydan.tv\\\/wp-content\\\/uploads\\\/27662.jpg\",\"contentUrl\":\"https:\\\/\\\/www.meydan.tv\\\/wp-content\\\/uploads\\\/27662.jpg\",\"width\":600,\"height\":400,\"caption\":\"Source:\"},{\"@type\":\"BreadcrumbList\",\"@id\":\"https:\\\/\\\/www.meydan.tv\\\/az\\\/article\\\/menfeet-vergisinden-daxilolmalar-azalir\\\/#breadcrumb\",\"itemListElement\":[{\"@type\":\"ListItem\",\"position\":1,\"name\":\"Ana s\u0259hif\u0259\",\"item\":\"https:\\\/\\\/www.meydan.tv\\\/az\\\/\"},{\"@type\":\"ListItem\",\"position\":2,\"name\":\"Analitika\",\"item\":\"https:\\\/\\\/www.meydan.tv\\\/az\\\/section\\\/analitika\\\/\"},{\"@type\":\"ListItem\",\"position\":3,\"name\":\"M\u0259nf\u0259\u0259t vergisind\u0259n daxilolmalar azal\u0131r\"}]},{\"@type\":\"WebSite\",\"@id\":\"https:\\\/\\\/www.meydan.tv\\\/az\\\/#website\",\"url\":\"https:\\\/\\\/www.meydan.tv\\\/az\\\/\",\"name\":\"MEYDAN.TV\",\"description\":\"Meydan TV Az\u0259rbaycan\u0131n media m\u0259kan\u0131ndak\u0131 alternativ s\u0259sidir\",\"publisher\":{\"@id\":\"https:\\\/\\\/www.meydan.tv\\\/az\\\/#organization\"},\"potentialAction\":[{\"@type\":\"SearchAction\",\"target\":{\"@type\":\"EntryPoint\",\"urlTemplate\":\"https:\\\/\\\/www.meydan.tv\\\/az\\\/?s={search_term_string}\"},\"query-input\":{\"@type\":\"PropertyValueSpecification\",\"valueRequired\":true,\"valueName\":\"search_term_string\"}}],\"inLanguage\":\"az\"},{\"@type\":\"Organization\",\"@id\":\"https:\\\/\\\/www.meydan.tv\\\/az\\\/#organization\",\"name\":\"Meydan TV\",\"url\":\"https:\\\/\\\/www.meydan.tv\\\/az\\\/\",\"logo\":{\"@type\":\"ImageObject\",\"inLanguage\":\"az\",\"@id\":\"https:\\\/\\\/www.meydan.tv\\\/az\\\/#\\\/schema\\\/logo\\\/image\\\/\",\"url\":\"https:\\\/\\\/www.meydan.tv\\\/wp-content\\\/uploads\\\/2021\\\/07\\\/meydan-logo.svg\",\"contentUrl\":\"https:\\\/\\\/www.meydan.tv\\\/wp-content\\\/uploads\\\/2021\\\/07\\\/meydan-logo.svg\",\"width\":195,\"height\":46,\"caption\":\"Meydan TV\"},\"image\":{\"@id\":\"https:\\\/\\\/www.meydan.tv\\\/az\\\/#\\\/schema\\\/logo\\\/image\\\/\"}},{\"@type\":\"Person\",\"@id\":\"https:\\\/\\\/www.meydan.tv\\\/az\\\/#\\\/schema\\\/person\\\/10d11eccf6da3662cf5fdab9806ea91a\",\"name\":\"user-manager\"}]}<\/script>\n<!-- \/ Yoast SEO plugin. -->","yoast_head_json":{"title":"M\u0259nf\u0259\u0259t vergisind\u0259n daxilolmalar azal\u0131r - MEYDAN.TV","robots":{"index":"index","follow":"follow","max-snippet":"max-snippet:-1","max-image-preview":"max-image-preview:large","max-video-preview":"max-video-preview:-1"},"canonical":"https:\/\/www.meydan.tv\/az\/article\/menfeet-vergisinden-daxilolmalar-azalir\/","og_locale":"az_AZ","og_type":"article","og_title":"M\u0259nf\u0259\u0259t vergisind\u0259n daxilolmalar azal\u0131r - MEYDAN.TV","og_description":"Qubad \u0130bado\u011flu: ''Haz\u0131rk\u0131 iqtisadi b\u00f6hran uzand\u0131qca, bu azalman\u0131n tendensiya xarakteri almas\u0131 \u015f\u00fcbh\u0259sizdir''","og_url":"https:\/\/www.meydan.tv\/az\/article\/menfeet-vergisinden-daxilolmalar-azalir\/","og_site_name":"MEYDAN.TV","article_published_time":"2016-11-16T14:22:40+00:00","og_image":[{"width":600,"height":400,"url":"https:\/\/www.meydan.tv\/wp-content\/uploads\/27662.jpg","type":"image\/jpeg"}],"author":"user-manager","twitter_card":"summary_large_image","schema":{"@context":"https:\/\/schema.org","@graph":[{"@type":"Article","@id":"https:\/\/www.meydan.tv\/az\/article\/menfeet-vergisinden-daxilolmalar-azalir\/#article","isPartOf":{"@id":"https:\/\/www.meydan.tv\/az\/article\/menfeet-vergisinden-daxilolmalar-azalir\/"},"author":{"name":"user-manager","@id":"https:\/\/www.meydan.tv\/az\/#\/schema\/person\/10d11eccf6da3662cf5fdab9806ea91a"},"headline":"M\u0259nf\u0259\u0259t vergisind\u0259n daxilolmalar azal\u0131r","datePublished":"2016-11-16T14:22:40+00:00","mainEntityOfPage":{"@id":"https:\/\/www.meydan.tv\/az\/article\/menfeet-vergisinden-daxilolmalar-azalir\/"},"wordCount":685,"publisher":{"@id":"https:\/\/www.meydan.tv\/az\/#organization"},"image":{"@id":"https:\/\/www.meydan.tv\/az\/article\/menfeet-vergisinden-daxilolmalar-azalir\/#primaryimage"},"thumbnailUrl":"https:\/\/www.meydan.tv\/wp-content\/uploads\/27662.jpg","articleSection":["Analitika"],"inLanguage":"az"},{"@type":"WebPage","@id":"https:\/\/www.meydan.tv\/az\/article\/menfeet-vergisinden-daxilolmalar-azalir\/","url":"https:\/\/www.meydan.tv\/az\/article\/menfeet-vergisinden-daxilolmalar-azalir\/","name":"M\u0259nf\u0259\u0259t vergisind\u0259n daxilolmalar azal\u0131r - MEYDAN.TV","isPartOf":{"@id":"https:\/\/www.meydan.tv\/az\/#website"},"primaryImageOfPage":{"@id":"https:\/\/www.meydan.tv\/az\/article\/menfeet-vergisinden-daxilolmalar-azalir\/#primaryimage"},"image":{"@id":"https:\/\/www.meydan.tv\/az\/article\/menfeet-vergisinden-daxilolmalar-azalir\/#primaryimage"},"thumbnailUrl":"https:\/\/www.meydan.tv\/wp-content\/uploads\/27662.jpg","datePublished":"2016-11-16T14:22:40+00:00","breadcrumb":{"@id":"https:\/\/www.meydan.tv\/az\/article\/menfeet-vergisinden-daxilolmalar-azalir\/#breadcrumb"},"inLanguage":"az","potentialAction":[{"@type":"ReadAction","target":["https:\/\/www.meydan.tv\/az\/article\/menfeet-vergisinden-daxilolmalar-azalir\/"]}]},{"@type":"ImageObject","inLanguage":"az","@id":"https:\/\/www.meydan.tv\/az\/article\/menfeet-vergisinden-daxilolmalar-azalir\/#primaryimage","url":"https:\/\/www.meydan.tv\/wp-content\/uploads\/27662.jpg","contentUrl":"https:\/\/www.meydan.tv\/wp-content\/uploads\/27662.jpg","width":600,"height":400,"caption":"Source:"},{"@type":"BreadcrumbList","@id":"https:\/\/www.meydan.tv\/az\/article\/menfeet-vergisinden-daxilolmalar-azalir\/#breadcrumb","itemListElement":[{"@type":"ListItem","position":1,"name":"Ana s\u0259hif\u0259","item":"https:\/\/www.meydan.tv\/az\/"},{"@type":"ListItem","position":2,"name":"Analitika","item":"https:\/\/www.meydan.tv\/az\/section\/analitika\/"},{"@type":"ListItem","position":3,"name":"M\u0259nf\u0259\u0259t vergisind\u0259n daxilolmalar azal\u0131r"}]},{"@type":"WebSite","@id":"https:\/\/www.meydan.tv\/az\/#website","url":"https:\/\/www.meydan.tv\/az\/","name":"MEYDAN.TV","description":"Meydan TV Az\u0259rbaycan\u0131n media m\u0259kan\u0131ndak\u0131 alternativ s\u0259sidir","publisher":{"@id":"https:\/\/www.meydan.tv\/az\/#organization"},"potentialAction":[{"@type":"SearchAction","target":{"@type":"EntryPoint","urlTemplate":"https:\/\/www.meydan.tv\/az\/?s={search_term_string}"},"query-input":{"@type":"PropertyValueSpecification","valueRequired":true,"valueName":"search_term_string"}}],"inLanguage":"az"},{"@type":"Organization","@id":"https:\/\/www.meydan.tv\/az\/#organization","name":"Meydan TV","url":"https:\/\/www.meydan.tv\/az\/","logo":{"@type":"ImageObject","inLanguage":"az","@id":"https:\/\/www.meydan.tv\/az\/#\/schema\/logo\/image\/","url":"https:\/\/www.meydan.tv\/wp-content\/uploads\/2021\/07\/meydan-logo.svg","contentUrl":"https:\/\/www.meydan.tv\/wp-content\/uploads\/2021\/07\/meydan-logo.svg","width":195,"height":46,"caption":"Meydan TV"},"image":{"@id":"https:\/\/www.meydan.tv\/az\/#\/schema\/logo\/image\/"}},{"@type":"Person","@id":"https:\/\/www.meydan.tv\/az\/#\/schema\/person\/10d11eccf6da3662cf5fdab9806ea91a","name":"user-manager"}]}},"_links":{"self":[{"href":"https:\/\/www.meydan.tv\/az\/wp-json\/wp\/v2\/posts\/180448","targetHints":{"allow":["GET"]}}],"collection":[{"href":"https:\/\/www.meydan.tv\/az\/wp-json\/wp\/v2\/posts"}],"about":[{"href":"https:\/\/www.meydan.tv\/az\/wp-json\/wp\/v2\/types\/post"}],"author":[{"embeddable":true,"href":"https:\/\/www.meydan.tv\/az\/wp-json\/wp\/v2\/users\/11"}],"replies":[{"embeddable":true,"href":"https:\/\/www.meydan.tv\/az\/wp-json\/wp\/v2\/comments?post=180448"}],"version-history":[{"count":0,"href":"https:\/\/www.meydan.tv\/az\/wp-json\/wp\/v2\/posts\/180448\/revisions"}],"wp:featuredmedia":[{"embeddable":true,"href":"https:\/\/www.meydan.tv\/az\/wp-json\/wp\/v2\/media\/72120"}],"wp:attachment":[{"href":"https:\/\/www.meydan.tv\/az\/wp-json\/wp\/v2\/media?parent=180448"}],"wp:term":[{"taxonomy":"category","embeddable":true,"href":"https:\/\/www.meydan.tv\/az\/wp-json\/wp\/v2\/categories?post=180448"},{"taxonomy":"post_tag","embeddable":true,"href":"https:\/\/www.meydan.tv\/az\/wp-json\/wp\/v2\/tags?post=180448"}],"curies":[{"name":"wp","href":"https:\/\/api.w.org\/{rel}","templated":true}]}}