{"id":180447,"date":"2016-11-16T13:58:10","date_gmt":"2016-11-16T13:58:10","guid":{"rendered":"https:\/\/www.meydan.tv\/article\/vahid-meherremov-bu-gedisat-olkeni-acliga-aparir\/"},"modified":"2016-11-16T13:58:10","modified_gmt":"2016-11-16T13:58:10","slug":"vahid-meherremov-bu-gedisat-olkeni-acliga-aparir","status":"publish","type":"post","link":"https:\/\/www.meydan.tv\/az\/article\/vahid-meherremov-bu-gedisat-olkeni-acliga-aparir\/","title":{"rendered":"Vahid M\u0259h\u0259rr\u0259mov: Bu gedi\u015fat \u00f6lk\u0259ni acl\u0131\u011fa apar\u0131r"},"content":{"rendered":"<figure class=\"wp-block-image size-large\">\n  <img decoding=\"async\" src=\"https:\/\/www.meydan.tv\/az\/73193\/\" alt=\"\" class=\"wp-image-73193\"\/><figcaption><\/figcaption><\/figure>\n<p>\n  <i><br \/>\n    &#8221;H\u00f6kum\u0259tin qeyri-pe\u015f\u0259karl\u0131\u011f\u0131n\u0131n n\u0259tic\u0259sind\u0259 v\u0259ziyy\u0259t indiki hala d\u00fc\u015f\u00fcb&#8221;<br \/>\n  <\/i>\n<\/p>\n<p>\n  2016-c\u0131 ilin 10 ay\u0131 \u0259rzind\u0259 \u00f6lk\u0259y\u0259 idxal olunan yeyinti m\u0259hsullar\u0131n\u0131n h\u0259cmi ke\u00e7\u0259n ilin eyni d\u00f6vr\u00fc il\u0259 m\u00fcqayis\u0259d\u0259 k\u0259skin \u015f\u0259kild\u0259 art\u0131b.\n<\/p>\n<p>\n  Bu, D\u00f6vl\u0259t G\u00f6mr\u00fck Komit\u0259sinin m\u0259lumat\u0131nda \u00f6z \u0259ksini tap\u0131b.\n<\/p>\n<p>\n  M\u0259lumatdan b\u0259lli olur ki, ke\u00e7\u0259n ilin 10 ay\u0131 \u0259rzind\u0259 \u00f6lk\u0259y\u0259 806 milyon dollar d\u0259y\u0259rind\u0259 yeyinti m\u0259hsullar\u0131 idxal olundu\u011fu halda, bu il 32,88 faiz artaraq 1 milyard 71 milyon dollar t\u0259\u015fkil edib. A\u015fa\u011f\u0131da \u0259sas \u0259rzaq m\u0259hsullar\u0131n idxal art\u0131m\u0131 ke\u00e7\u0259n ill\u0259 m\u00fcqayis\u0259d\u0259 faizl\u0259 verilib.\n<\/p>\n<p>\n  \u018ft &#8211; 160 faiz, s\u00fcd m\u0259hsullar\u0131 &#8211; 60 faiz, bu\u011fda &#8211; 9 faiz, (106 min ton \u00e7ox), \u00e7ay &#8211; 84 faiz, bitki v\u0259 heyvan m\u0259n\u015f\u0259li ya\u011flar -15 faiz, \u015f\u0259k\u0259r &#8211; 56 faiz, t\u0259r\u0259v\u0259z -185 faiz, yem\u0259li meyv\u0259l\u0259r &#8211; 92 faiz, bal\u0131q-102 faiz.\n<\/p>\n<p>\n  M\u0259lumat\u0131 Meydan TV-y\u0259 \u015f\u0259rh ed\u0259n k\u0259nd t\u0259s\u0259rr\u00fcfat\u0131 \u00fczr\u0259 m\u00fct\u0259x\u0259ssis Vahid M\u0259h\u0259rr\u0259mov bildirib ki, Az\u0259rbaycanda yeyinti m\u0259hsullar\u0131n\u0131n idxaldan asl\u0131l\u0131\u011f\u0131 he\u00e7 zaman bu h\u0259dd\u0259 \u00e7atmay\u0131b: &#8220;Al\u0131c\u0131l\u0131q qabiliyy\u0259tinin azald\u0131\u011f\u0131 halda idxal\u0131n bu d\u0259r\u0259c\u0259d\u0259 artmas\u0131 k\u0259nd t\u0259s\u0259rr\u00fcfat\u0131 istehsal\u0131n\u0131n kifay\u0259t q\u0259d\u0259r geril\u0259diyinin g\u00f6t\u0259ricisidir. H\u0259tta 2015-ci ild\u0259 2014-c\u00fc il\u0259 nisb\u0259t\u0259n art\u0131m olmu\u015fdu. \u0130ndi is\u0259 bir s\u0131ra k\u0259nd t\u0259s\u0259rr\u00fcfat\u0131 m\u0259hsullar\u0131n\u0131n t\u0259minat\u0131 idxaldan as\u0131l\u0131 qla\u0131b, x\u00fcsus\u0259n bu\u011fda, bu il 1 milyon 268 min ton bu\u011fda idxal olunub. Bu, o dem\u0259kdir ki, 10 ayda birillik t\u0259labat\u0131m\u0131zdan art\u0131q bu\u011fda idxl olunub&#8221;.\n<\/p>\n<p>\n  Ekspert h\u00f6kum\u0259tin \u00f6t\u0259n il k\u0259nd t\u0259s\u0259rr\u00fcfat\u0131 ili elan olunmas\u0131n\u0131 xat\u0131rlad\u0131b sual etdi ki, bununla ba\u011fl\u0131 aqrar sektora ayr\u0131lan maliyy\u0259nin n\u0259tic\u0259si nec\u0259 oldu? H\u0259m daha \u00e7ox bu\u011fda istehsal etdikl\u0259rini deyirl\u0259r, h\u0259m d\u0259 \u00f6lk\u0259nin t\u0259l\u0259bat\u0131 v\u0259 daha \u00e7ox bu\u011fda idxal olunur. Bu, istehsal\u0131n olmad\u0131\u011f\u0131n\u0131n g\u00f6st\u0259ricisidir, varsa da, emalda istifad\u0259 edilmir, keyfiyy\u0259ti a\u015fa\u011f\u0131d\u0131r: &#8220;Yaxud \u0259t idxal\u0131 160 faiz art\u0131b, vaxt\u0131nda \u00f6r\u00fc\u015f sah\u0259l\u0259rinin \u0259kin \u00fc\u00e7\u00fcn d\u00f6vriyy\u0259y\u0259 verilm\u0259m\u0259sini g\u00fcn\u0259m\u0259 g\u0259tirdik, amma reaksiya olmad\u0131 v\u0259 haz\u0131rda problem yaran\u0131b. Bal\u0131q idxal\u0131 da art\u0131b, \u00e7\u00fcnki bal\u0131q g\u00f6ll\u0259rini l\u0259\u011fv edib xaric\u0259 ixrac etm\u0259k \u00fc\u00e7\u00fcn qurba\u011fa g\u00f6ll\u0259ri yaratd\u0131lar. N\u0259tic\u0259d\u0259 h\u00f6kum\u0259tin qeyri-pe\u015f\u0259karl\u0131\u011f\u0131n\u0131n n\u0259tic\u0259sind\u0259 v\u0259ziyy\u0259t indiki hala d\u00fc\u015f\u00fcb&#8221;.\n<\/p>\n<p>\n  Vahid M\u0259h\u0259rr\u0259mov hesab edir ki, idxaldan as\u0131l\u0131l\u0131q valyuta ehtiyat\u0131m\u0131z azald\u0131\u011f\u0131 halda yax\u015f\u0131 he\u00e7 n\u0259 v\u0259d etmir: &#8220;Bu gedi\u015fat \u00f6lk\u0259ni acl\u0131\u011fa apar\u0131r. Bax\u0131n, daxili istehsal z\u0259ifl\u0259yib, m\u0259s\u0259l\u0259 ondad\u0131r ki, pamb\u0131q v\u0259 baramaya diqq\u0259t g\u00f6st\u0259rm\u0259k \u00f6lk\u0259nin \u0259rzaq t\u0259minat\u0131na he\u00e7 n\u0259 vermir. \u018fg\u0259r valyuta g\u0259liri azal\u0131rsa, \u00f6lk\u0259nin idxaldan as\u0131l\u0131l\u0131\u011f\u0131 art\u0131rsa, bu, f\u0259lak\u0259t\u0259 v\u0259 acl\u0131\u011fa g\u0259tirir&#8221;.\n<\/p><\/p>\n","protected":false},"excerpt":{"rendered":"<p>&#8221;H\u00f6kum\u0259tin qeyri-pe\u015f\u0259karl\u0131\u011f\u0131n\u0131n n\u0259tic\u0259sind\u0259 v\u0259ziyy\u0259t indiki hala d\u00fc\u015f\u00fcb&#8221;<\/p>\n","protected":false},"author":11,"featured_media":73193,"comment_status":"closed","ping_status":"open","sticky":false,"template":"","format":"standard","meta":{"_acf_changed":false,"_sitemap_exclude":false,"_sitemap_priority":"","_sitemap_frequency":"","footnotes":""},"categories":[51],"tags":[],"class_list":["post-180447","post","type-post","status-publish","format-standard","has-post-thumbnail","hentry","category-analitika","infinite-scroll-item","generate-columns","tablet-grid-50","mobile-grid-100","grid-parent","grid-33","no-featured-image-padding"],"acf":[],"yoast_head":"<!-- This site is optimized with the Yoast SEO plugin v27.5 - https:\/\/yoast.com\/product\/yoast-seo-wordpress\/ -->\n<title>Vahid M\u0259h\u0259rr\u0259mov: Bu gedi\u015fat \u00f6lk\u0259ni acl\u0131\u011fa apar\u0131r - MEYDAN.TV<\/title>\n<meta name=\"robots\" content=\"index, follow, max-snippet:-1, max-image-preview:large, max-video-preview:-1\" \/>\n<link rel=\"canonical\" href=\"https:\/\/www.meydan.tv\/az\/article\/vahid-meherremov-bu-gedisat-olkeni-acliga-aparir\/\" \/>\n<meta property=\"og:locale\" content=\"az_AZ\" \/>\n<meta property=\"og:type\" content=\"article\" \/>\n<meta property=\"og:title\" content=\"Vahid M\u0259h\u0259rr\u0259mov: Bu gedi\u015fat \u00f6lk\u0259ni acl\u0131\u011fa apar\u0131r - MEYDAN.TV\" \/>\n<meta property=\"og:description\" content=\"&#039;&#039;H\u00f6kum\u0259tin qeyri-pe\u015f\u0259karl\u0131\u011f\u0131n\u0131n n\u0259tic\u0259sind\u0259 v\u0259ziyy\u0259t indiki hala d\u00fc\u015f\u00fcb&#039;&#039;\" \/>\n<meta property=\"og:url\" content=\"https:\/\/www.meydan.tv\/az\/article\/vahid-meherremov-bu-gedisat-olkeni-acliga-aparir\/\" \/>\n<meta property=\"og:site_name\" content=\"MEYDAN.TV\" \/>\n<meta property=\"article:published_time\" content=\"2016-11-16T13:58:10+00:00\" \/>\n<meta property=\"og:image\" content=\"https:\/\/www.meydan.tv\/wp-content\/uploads\/28231.jpg\" \/>\n\t<meta property=\"og:image:width\" content=\"690\" \/>\n\t<meta property=\"og:image:height\" content=\"457\" \/>\n\t<meta property=\"og:image:type\" content=\"image\/jpeg\" \/>\n<meta name=\"author\" content=\"user-manager\" \/>\n<meta name=\"twitter:card\" content=\"summary_large_image\" \/>\n<script type=\"application\/ld+json\" class=\"yoast-schema-graph\">{\"@context\":\"https:\\\/\\\/schema.org\",\"@graph\":[{\"@type\":\"Article\",\"@id\":\"https:\\\/\\\/www.meydan.tv\\\/az\\\/article\\\/vahid-meherremov-bu-gedisat-olkeni-acliga-aparir\\\/#article\",\"isPartOf\":{\"@id\":\"https:\\\/\\\/www.meydan.tv\\\/az\\\/article\\\/vahid-meherremov-bu-gedisat-olkeni-acliga-aparir\\\/\"},\"author\":{\"name\":\"user-manager\",\"@id\":\"https:\\\/\\\/www.meydan.tv\\\/az\\\/#\\\/schema\\\/person\\\/10d11eccf6da3662cf5fdab9806ea91a\"},\"headline\":\"Vahid M\u0259h\u0259rr\u0259mov: Bu gedi\u015fat \u00f6lk\u0259ni acl\u0131\u011fa apar\u0131r\",\"datePublished\":\"2016-11-16T13:58:10+00:00\",\"mainEntityOfPage\":{\"@id\":\"https:\\\/\\\/www.meydan.tv\\\/az\\\/article\\\/vahid-meherremov-bu-gedisat-olkeni-acliga-aparir\\\/\"},\"wordCount\":577,\"publisher\":{\"@id\":\"https:\\\/\\\/www.meydan.tv\\\/az\\\/#organization\"},\"image\":{\"@id\":\"https:\\\/\\\/www.meydan.tv\\\/az\\\/article\\\/vahid-meherremov-bu-gedisat-olkeni-acliga-aparir\\\/#primaryimage\"},\"thumbnailUrl\":\"https:\\\/\\\/www.meydan.tv\\\/wp-content\\\/uploads\\\/28231.jpg\",\"articleSection\":[\"Analitika\"],\"inLanguage\":\"az\"},{\"@type\":\"WebPage\",\"@id\":\"https:\\\/\\\/www.meydan.tv\\\/az\\\/article\\\/vahid-meherremov-bu-gedisat-olkeni-acliga-aparir\\\/\",\"url\":\"https:\\\/\\\/www.meydan.tv\\\/az\\\/article\\\/vahid-meherremov-bu-gedisat-olkeni-acliga-aparir\\\/\",\"name\":\"Vahid M\u0259h\u0259rr\u0259mov: Bu gedi\u015fat \u00f6lk\u0259ni acl\u0131\u011fa apar\u0131r - MEYDAN.TV\",\"isPartOf\":{\"@id\":\"https:\\\/\\\/www.meydan.tv\\\/az\\\/#website\"},\"primaryImageOfPage\":{\"@id\":\"https:\\\/\\\/www.meydan.tv\\\/az\\\/article\\\/vahid-meherremov-bu-gedisat-olkeni-acliga-aparir\\\/#primaryimage\"},\"image\":{\"@id\":\"https:\\\/\\\/www.meydan.tv\\\/az\\\/article\\\/vahid-meherremov-bu-gedisat-olkeni-acliga-aparir\\\/#primaryimage\"},\"thumbnailUrl\":\"https:\\\/\\\/www.meydan.tv\\\/wp-content\\\/uploads\\\/28231.jpg\",\"datePublished\":\"2016-11-16T13:58:10+00:00\",\"breadcrumb\":{\"@id\":\"https:\\\/\\\/www.meydan.tv\\\/az\\\/article\\\/vahid-meherremov-bu-gedisat-olkeni-acliga-aparir\\\/#breadcrumb\"},\"inLanguage\":\"az\",\"potentialAction\":[{\"@type\":\"ReadAction\",\"target\":[\"https:\\\/\\\/www.meydan.tv\\\/az\\\/article\\\/vahid-meherremov-bu-gedisat-olkeni-acliga-aparir\\\/\"]}]},{\"@type\":\"ImageObject\",\"inLanguage\":\"az\",\"@id\":\"https:\\\/\\\/www.meydan.tv\\\/az\\\/article\\\/vahid-meherremov-bu-gedisat-olkeni-acliga-aparir\\\/#primaryimage\",\"url\":\"https:\\\/\\\/www.meydan.tv\\\/wp-content\\\/uploads\\\/28231.jpg\",\"contentUrl\":\"https:\\\/\\\/www.meydan.tv\\\/wp-content\\\/uploads\\\/28231.jpg\",\"width\":690,\"height\":457,\"caption\":\"Source:\"},{\"@type\":\"BreadcrumbList\",\"@id\":\"https:\\\/\\\/www.meydan.tv\\\/az\\\/article\\\/vahid-meherremov-bu-gedisat-olkeni-acliga-aparir\\\/#breadcrumb\",\"itemListElement\":[{\"@type\":\"ListItem\",\"position\":1,\"name\":\"Ana s\u0259hif\u0259\",\"item\":\"https:\\\/\\\/www.meydan.tv\\\/az\\\/\"},{\"@type\":\"ListItem\",\"position\":2,\"name\":\"Analitika\",\"item\":\"https:\\\/\\\/www.meydan.tv\\\/az\\\/section\\\/analitika\\\/\"},{\"@type\":\"ListItem\",\"position\":3,\"name\":\"Vahid M\u0259h\u0259rr\u0259mov: Bu gedi\u015fat \u00f6lk\u0259ni acl\u0131\u011fa apar\u0131r\"}]},{\"@type\":\"WebSite\",\"@id\":\"https:\\\/\\\/www.meydan.tv\\\/az\\\/#website\",\"url\":\"https:\\\/\\\/www.meydan.tv\\\/az\\\/\",\"name\":\"MEYDAN.TV\",\"description\":\"Meydan TV Az\u0259rbaycan\u0131n media m\u0259kan\u0131ndak\u0131 alternativ s\u0259sidir\",\"publisher\":{\"@id\":\"https:\\\/\\\/www.meydan.tv\\\/az\\\/#organization\"},\"potentialAction\":[{\"@type\":\"SearchAction\",\"target\":{\"@type\":\"EntryPoint\",\"urlTemplate\":\"https:\\\/\\\/www.meydan.tv\\\/az\\\/?s={search_term_string}\"},\"query-input\":{\"@type\":\"PropertyValueSpecification\",\"valueRequired\":true,\"valueName\":\"search_term_string\"}}],\"inLanguage\":\"az\"},{\"@type\":\"Organization\",\"@id\":\"https:\\\/\\\/www.meydan.tv\\\/az\\\/#organization\",\"name\":\"Meydan TV\",\"url\":\"https:\\\/\\\/www.meydan.tv\\\/az\\\/\",\"logo\":{\"@type\":\"ImageObject\",\"inLanguage\":\"az\",\"@id\":\"https:\\\/\\\/www.meydan.tv\\\/az\\\/#\\\/schema\\\/logo\\\/image\\\/\",\"url\":\"https:\\\/\\\/www.meydan.tv\\\/wp-content\\\/uploads\\\/2021\\\/07\\\/meydan-logo.svg\",\"contentUrl\":\"https:\\\/\\\/www.meydan.tv\\\/wp-content\\\/uploads\\\/2021\\\/07\\\/meydan-logo.svg\",\"width\":195,\"height\":46,\"caption\":\"Meydan TV\"},\"image\":{\"@id\":\"https:\\\/\\\/www.meydan.tv\\\/az\\\/#\\\/schema\\\/logo\\\/image\\\/\"}},{\"@type\":\"Person\",\"@id\":\"https:\\\/\\\/www.meydan.tv\\\/az\\\/#\\\/schema\\\/person\\\/10d11eccf6da3662cf5fdab9806ea91a\",\"name\":\"user-manager\"}]}<\/script>\n<!-- \/ Yoast SEO plugin. -->","yoast_head_json":{"title":"Vahid M\u0259h\u0259rr\u0259mov: Bu gedi\u015fat \u00f6lk\u0259ni acl\u0131\u011fa apar\u0131r - MEYDAN.TV","robots":{"index":"index","follow":"follow","max-snippet":"max-snippet:-1","max-image-preview":"max-image-preview:large","max-video-preview":"max-video-preview:-1"},"canonical":"https:\/\/www.meydan.tv\/az\/article\/vahid-meherremov-bu-gedisat-olkeni-acliga-aparir\/","og_locale":"az_AZ","og_type":"article","og_title":"Vahid M\u0259h\u0259rr\u0259mov: Bu gedi\u015fat \u00f6lk\u0259ni acl\u0131\u011fa apar\u0131r - MEYDAN.TV","og_description":"''H\u00f6kum\u0259tin qeyri-pe\u015f\u0259karl\u0131\u011f\u0131n\u0131n n\u0259tic\u0259sind\u0259 v\u0259ziyy\u0259t indiki hala d\u00fc\u015f\u00fcb''","og_url":"https:\/\/www.meydan.tv\/az\/article\/vahid-meherremov-bu-gedisat-olkeni-acliga-aparir\/","og_site_name":"MEYDAN.TV","article_published_time":"2016-11-16T13:58:10+00:00","og_image":[{"width":690,"height":457,"url":"https:\/\/www.meydan.tv\/wp-content\/uploads\/28231.jpg","type":"image\/jpeg"}],"author":"user-manager","twitter_card":"summary_large_image","schema":{"@context":"https:\/\/schema.org","@graph":[{"@type":"Article","@id":"https:\/\/www.meydan.tv\/az\/article\/vahid-meherremov-bu-gedisat-olkeni-acliga-aparir\/#article","isPartOf":{"@id":"https:\/\/www.meydan.tv\/az\/article\/vahid-meherremov-bu-gedisat-olkeni-acliga-aparir\/"},"author":{"name":"user-manager","@id":"https:\/\/www.meydan.tv\/az\/#\/schema\/person\/10d11eccf6da3662cf5fdab9806ea91a"},"headline":"Vahid M\u0259h\u0259rr\u0259mov: Bu gedi\u015fat \u00f6lk\u0259ni acl\u0131\u011fa apar\u0131r","datePublished":"2016-11-16T13:58:10+00:00","mainEntityOfPage":{"@id":"https:\/\/www.meydan.tv\/az\/article\/vahid-meherremov-bu-gedisat-olkeni-acliga-aparir\/"},"wordCount":577,"publisher":{"@id":"https:\/\/www.meydan.tv\/az\/#organization"},"image":{"@id":"https:\/\/www.meydan.tv\/az\/article\/vahid-meherremov-bu-gedisat-olkeni-acliga-aparir\/#primaryimage"},"thumbnailUrl":"https:\/\/www.meydan.tv\/wp-content\/uploads\/28231.jpg","articleSection":["Analitika"],"inLanguage":"az"},{"@type":"WebPage","@id":"https:\/\/www.meydan.tv\/az\/article\/vahid-meherremov-bu-gedisat-olkeni-acliga-aparir\/","url":"https:\/\/www.meydan.tv\/az\/article\/vahid-meherremov-bu-gedisat-olkeni-acliga-aparir\/","name":"Vahid M\u0259h\u0259rr\u0259mov: Bu gedi\u015fat \u00f6lk\u0259ni acl\u0131\u011fa apar\u0131r - MEYDAN.TV","isPartOf":{"@id":"https:\/\/www.meydan.tv\/az\/#website"},"primaryImageOfPage":{"@id":"https:\/\/www.meydan.tv\/az\/article\/vahid-meherremov-bu-gedisat-olkeni-acliga-aparir\/#primaryimage"},"image":{"@id":"https:\/\/www.meydan.tv\/az\/article\/vahid-meherremov-bu-gedisat-olkeni-acliga-aparir\/#primaryimage"},"thumbnailUrl":"https:\/\/www.meydan.tv\/wp-content\/uploads\/28231.jpg","datePublished":"2016-11-16T13:58:10+00:00","breadcrumb":{"@id":"https:\/\/www.meydan.tv\/az\/article\/vahid-meherremov-bu-gedisat-olkeni-acliga-aparir\/#breadcrumb"},"inLanguage":"az","potentialAction":[{"@type":"ReadAction","target":["https:\/\/www.meydan.tv\/az\/article\/vahid-meherremov-bu-gedisat-olkeni-acliga-aparir\/"]}]},{"@type":"ImageObject","inLanguage":"az","@id":"https:\/\/www.meydan.tv\/az\/article\/vahid-meherremov-bu-gedisat-olkeni-acliga-aparir\/#primaryimage","url":"https:\/\/www.meydan.tv\/wp-content\/uploads\/28231.jpg","contentUrl":"https:\/\/www.meydan.tv\/wp-content\/uploads\/28231.jpg","width":690,"height":457,"caption":"Source:"},{"@type":"BreadcrumbList","@id":"https:\/\/www.meydan.tv\/az\/article\/vahid-meherremov-bu-gedisat-olkeni-acliga-aparir\/#breadcrumb","itemListElement":[{"@type":"ListItem","position":1,"name":"Ana s\u0259hif\u0259","item":"https:\/\/www.meydan.tv\/az\/"},{"@type":"ListItem","position":2,"name":"Analitika","item":"https:\/\/www.meydan.tv\/az\/section\/analitika\/"},{"@type":"ListItem","position":3,"name":"Vahid M\u0259h\u0259rr\u0259mov: Bu gedi\u015fat \u00f6lk\u0259ni acl\u0131\u011fa apar\u0131r"}]},{"@type":"WebSite","@id":"https:\/\/www.meydan.tv\/az\/#website","url":"https:\/\/www.meydan.tv\/az\/","name":"MEYDAN.TV","description":"Meydan TV Az\u0259rbaycan\u0131n media m\u0259kan\u0131ndak\u0131 alternativ s\u0259sidir","publisher":{"@id":"https:\/\/www.meydan.tv\/az\/#organization"},"potentialAction":[{"@type":"SearchAction","target":{"@type":"EntryPoint","urlTemplate":"https:\/\/www.meydan.tv\/az\/?s={search_term_string}"},"query-input":{"@type":"PropertyValueSpecification","valueRequired":true,"valueName":"search_term_string"}}],"inLanguage":"az"},{"@type":"Organization","@id":"https:\/\/www.meydan.tv\/az\/#organization","name":"Meydan TV","url":"https:\/\/www.meydan.tv\/az\/","logo":{"@type":"ImageObject","inLanguage":"az","@id":"https:\/\/www.meydan.tv\/az\/#\/schema\/logo\/image\/","url":"https:\/\/www.meydan.tv\/wp-content\/uploads\/2021\/07\/meydan-logo.svg","contentUrl":"https:\/\/www.meydan.tv\/wp-content\/uploads\/2021\/07\/meydan-logo.svg","width":195,"height":46,"caption":"Meydan TV"},"image":{"@id":"https:\/\/www.meydan.tv\/az\/#\/schema\/logo\/image\/"}},{"@type":"Person","@id":"https:\/\/www.meydan.tv\/az\/#\/schema\/person\/10d11eccf6da3662cf5fdab9806ea91a","name":"user-manager"}]}},"_links":{"self":[{"href":"https:\/\/www.meydan.tv\/az\/wp-json\/wp\/v2\/posts\/180447","targetHints":{"allow":["GET"]}}],"collection":[{"href":"https:\/\/www.meydan.tv\/az\/wp-json\/wp\/v2\/posts"}],"about":[{"href":"https:\/\/www.meydan.tv\/az\/wp-json\/wp\/v2\/types\/post"}],"author":[{"embeddable":true,"href":"https:\/\/www.meydan.tv\/az\/wp-json\/wp\/v2\/users\/11"}],"replies":[{"embeddable":true,"href":"https:\/\/www.meydan.tv\/az\/wp-json\/wp\/v2\/comments?post=180447"}],"version-history":[{"count":0,"href":"https:\/\/www.meydan.tv\/az\/wp-json\/wp\/v2\/posts\/180447\/revisions"}],"wp:featuredmedia":[{"embeddable":true,"href":"https:\/\/www.meydan.tv\/az\/wp-json\/wp\/v2\/media\/73193"}],"wp:attachment":[{"href":"https:\/\/www.meydan.tv\/az\/wp-json\/wp\/v2\/media?parent=180447"}],"wp:term":[{"taxonomy":"category","embeddable":true,"href":"https:\/\/www.meydan.tv\/az\/wp-json\/wp\/v2\/categories?post=180447"},{"taxonomy":"post_tag","embeddable":true,"href":"https:\/\/www.meydan.tv\/az\/wp-json\/wp\/v2\/tags?post=180447"}],"curies":[{"name":"wp","href":"https:\/\/api.w.org\/{rel}","templated":true}]}}