{"id":180446,"date":"2016-11-16T13:24:42","date_gmt":"2016-11-16T13:24:42","guid":{"rendered":"https:\/\/www.meydan.tv\/article\/prezident-biz-olkede-metbuat-azadligini-bir-cox-azadliqlari-temin-etmisik\/"},"modified":"2016-11-16T13:24:42","modified_gmt":"2016-11-16T13:24:42","slug":"prezident-biz-olkede-metbuat-azadligini-bir-cox-azadliqlari-temin-etmisik","status":"publish","type":"post","link":"https:\/\/www.meydan.tv\/az\/article\/prezident-biz-olkede-metbuat-azadligini-bir-cox-azadliqlari-temin-etmisik\/","title":{"rendered":"Prezident: Biz \u00f6lk\u0259d\u0259 m\u0259tbuat azadl\u0131\u011f\u0131n\u0131, bir \u00e7ox azadl\u0131qlar\u0131 t\u0259min etmi\u015fik"},"content":{"rendered":"<figure class=\"wp-block-image size-large\">\n  <img decoding=\"async\" src=\"https:\/\/www.meydan.tv\/az\/foto-report-az-26\/\" alt=\"foto report.az\" class=\"wp-image-73184\"\/><figcaption>\n    foto report.az<br \/>\n  <\/figcaption><\/figure>\n<p>\n  <b><br \/>\n    <i><br \/>\n      Mehman \u018fliyev: 99 faiz K\u0130V hakimiyy\u0259td\u0259n as\u0131l\u0131d\u0131r, hakim elita t\u0259r\u0259find\u0259n maliyy\u0259l\u0259\u015fdirilir<br \/>\n    <\/i><br \/>\n  <\/b>\n<\/p>\n<p>\n  Noyabr\u0131n 16-da Heyd\u0259r \u018fliyev M\u0259rk\u0259zind\u0259 D\u00fcnya X\u0259b\u0259r Agentlikl\u0259rinin V Konqresinin, Asiya v\u0259 Sakit Okean \u00d6lk\u0259l\u0259ri \u0130nformasiya Agentlikl\u0259ri T\u0259\u015fkilat\u0131n\u0131n (OANA) XVI Ba\u015f Assambleyas\u0131n\u0131n a\u00e7\u0131l\u0131\u015f\u0131 olub. A\u00e7\u0131l\u0131\u015fda prezident \u0130lham \u018fliyev \u00e7\u0131x\u0131\u015f ed\u0259r\u0259k, bel\u0259 m\u00fch\u00fcm, qlobal miqyasl\u0131 t\u0259dbiri ke\u00e7irm\u0259kd\u0259n q\u00fcrur duydu\u011funu s\u00f6yl\u0259yib.\n<\/p>\n<p>\n  D\u00f6vl\u0259t ba\u015f\u00e7\u0131s\u0131 bildirib ki, t\u0259dbir i\u015ftirak\u00e7\u0131lar\u0131 h\u0259m d\u0259 \u00f6lk\u0259mizi tan\u0131maq imkan\u0131 \u0259ld\u0259 edibl\u0259r:\n<\/p>\n<p>\n  &#8220;Bu t\u0259dbiri media t\u0259r\u0259find\u0259n \u00f6lk\u0259mizin nailiyy\u0259tl\u0259rin\u0259 veril\u0259n qiym\u0259t kimi q\u0259bul edirik. M\u00fcst\u0259qilliyimizin 25 ili g\u00f6st\u0259rir ki, biz \u00f6lk\u0259d\u0259 m\u0259tbuat azadl\u0131\u011f\u0131n\u0131, bir \u00e7ox azadl\u0131qlar\u0131 t\u0259min etmi\u015fik&#8221;.\n<\/p>\n<p>\n  <i><br \/>\n    \u201cAz\u0259rbaycan beyn\u0259lxalq arenada y\u00fcks\u0259k n\u00fcfuza malik \u00f6lk\u0259dir\u201d<br \/>\n  <\/i>\n<\/p>\n<p>\n  Prezident qeyd edib ki, Az\u0259rbaycanda ilk demokratik respublika 98 il \u0259vv\u0259l qurulub: &#8220;\u0130lk demokratik respublika iki il ya\u015fasa da, demokratik \u0259n\u0259n\u0259l\u0259rin \u0259sas\u0131n\u0131 qoyub. O vaxt qad\u0131nlara se\u00e7ib-se\u00e7ilm\u0259k h\u00fcququ verilmi\u015fdi, o vaxt h\u0259l\u0259 bir \u00e7ox Avropa \u00f6lk\u0259sind\u0259 bel\u0259 h\u00fcquq yox idi. Bu g\u00fcn is\u0259 Az\u0259rbaycan beyn\u0259lxalq arenada y\u00fcks\u0259k n\u00fcfuza malik \u00f6lk\u0259dir. Az\u0259rbaycan bir ne\u00e7\u0259 il \u0259vv\u0259l 155 \u00f6lk\u0259nin d\u0259st\u0259yi il\u0259 BMT T\u0259hl\u00fck\u0259sizlik \u015euras\u0131n\u0131n qeyri-daimi \u00fczv\u00fc se\u00e7ildi. Beyn\u0259lxalq birliyin \u0259ks\u0259r \u00fczv\u00fc Az\u0259rbaycan\u0131 d\u0259st\u0259kl\u0259di. Bu, f\u0259aliyy\u0259timiz\u0259, m\u0259suliyy\u0259tli, etibarl\u0131 t\u0259r\u0259fda\u015f olma\u011f\u0131m\u0131za veril\u0259n d\u0259st\u0259k idi. Az\u0259rbaycan m\u00fcst\u0259qil xarici siyas\u0259t y\u00fcr\u00fcd\u0259n d\u00f6vl\u0259tdir v\u0259 bu siyas\u0259t milli maraqlara s\u00f6yk\u0259nir, he\u00e7 k\u0259s\u0259 qar\u015f\u0131 y\u00f6n\u0259lm\u0259yib. Az\u0259rbaycan\u0131n g\u0259l\u0259c\u0259yi \u00f6z \u0259lind\u0259dir&#8221;.\n<\/p>\n<p>\n  <i><br \/>\n    \u201cBiz \u00f6z multikulturalizm siyas\u0259timizi ortaya qoymu\u015fuq\u201d<br \/>\n  <\/i>\n<\/p>\n<p>\n  D\u00f6vl\u0259t ba\u015f\u00e7\u0131s\u0131 vur\u011fulay\u0131b ki, Az\u0259rbaycan az \u00f6lk\u0259l\u0259rd\u0259ndir ki, h\u0259m \u0130slam \u018fm\u0259kda\u015fl\u0131q T\u0259\u015fkilat\u0131n\u0131n, h\u0259m d\u0259 Avropa \u015euras\u0131n\u0131n \u00fczv\u00fcd\u00fcr: &#8220;2008-ci ild\u0259 Avropa v\u0259 \u0130slam \u00f6lk\u0259l\u0259rinin m\u0259d\u0259niyy\u0259t nazirl\u0259rinin toplant\u0131s\u0131n\u0131 ke\u00e7irdik. Bu, tarixi nailiyy\u0259t idi. Sonra bu, \u201cBak\u0131 Prosesi\u201d ad\u0131n\u0131 ald\u0131. Xalq\u0131m\u0131z\u0131n multikulturalizm \u0259n\u0259n\u0259l\u0259ri m\u00fcxt\u0259lif dinl\u0259r, xalqlar aras\u0131nda sa\u011flam m\u00fcnasib\u0259tl\u0259rin qurulmas\u0131 bax\u0131m\u0131ndan parlaq n\u00fcmun\u0259dir&#8221;.\n<\/p>\n<p>\n  \u0130lham \u018fliyev onu da deyib ki, bu il oktyabrda Roma Papas\u0131 Fransisk Az\u0259rbaycana s\u0259f\u0259r etdi, dini icmalar\u0131n r\u0259hb\u0259rl\u0259ri il\u0259 g\u00f6r\u00fc\u015fd\u00fc: &#8220;Roma Papas\u0131 Bak\u0131da dinl\u0259raras\u0131 dialoqun m\u00f6vcudlu\u011fundan dan\u0131\u015fd\u0131. Bu, bizim \u0259ld\u0259 etdiyimiz n\u0259tic\u0259dir. \u00c7\u00fcnki bu g\u00fcn d\u00fcnyada dini, etnik toqqu\u015fmalar\u0131 g\u00f6r\u00fcr\u00fck v\u0259 bu, bizi \u00e7ox narahat edir. Ona g\u00f6r\u0259 d\u0259 biz \u00f6z multikulturalizm siyas\u0259timizi ortaya qoymu\u015fuq. Biz \u0259m\u0259kda\u015fl\u0131\u011f\u0131n t\u0259r\u0259fdar\u0131y\u0131q&#8221;.\n<\/p>\n<p>\n  <i><br \/>\n    \u201cAz\u0259rbaycanda media tam n\u0259zar\u0259td\u0259dir, azad deyil\u201d<br \/>\n  <\/i>\n<\/p>\n<p>\n  Prezident sonda qeyd edib ki, m\u00fcxt\u0259lif etnik v\u0259 dini qruplar\u0131n n\u00fcmay\u0259nd\u0259l\u0259ri Az\u0259rbaycanda s\u00fclh v\u0259 anla\u015fma \u015f\u0259raitind\u0259 ya\u015fay\u0131rlar: &#8220;Biz ist\u0259rdik ki, regionda v\u0259 d\u00fcnyada da bu sah\u0259d\u0259 m\u00fcsb\u0259t inki\u015faf getsin&#8221;.\n<\/p>\n<figure class=\"wp-block-image size-large\">\n  <img decoding=\"async\" src=\"https:\/\/www.meydan.tv\/az\/meyman-eliyev-foto-meydan-tv\/\" alt=\"Meyman \u018fliyev foto Meydan TV\" class=\"wp-image-73187\"\/><figcaption>\n    Meyman \u018fliyev foto Meydan TV<br \/>\n  <\/figcaption><\/figure>\n<p>\n  Prezidentin fikirl\u0259rini Meydan TV-y\u0259 \u015f\u0259rh ed\u0259n &#8220;Turan&#8221; \u0130nformasiya Agentliyinin direktoru Mehman \u018fliyev bildirib ki, Az\u0259rbaycanda media 99 faiz hakimiyy\u0259td\u0259n as\u0131l\u0131d\u0131r v\u0259 hakim elita t\u0259r\u0259find\u0259n maliyy\u0259l\u0259\u015fdirilir. \u018fsas maliyy\u0259l\u0259\u015fm\u0259 d\u0259 qeyri-qanuni yollarla apar\u0131l\u0131r. Bel\u0259likl\u0259, media tam n\u0259zar\u0259td\u0259 oldu\u011fundan azad media yoxdur:<br \/>\n  <br \/>\n  \u201cPrezident v\u0259 hakim komanda \u00fczvl\u0259ri h\u0259mi\u015f\u0259 Az\u0259rbaycanda median\u0131n azad oldu\u011funu deyirl\u0259r. M\u0259n televiziyalar\u0131 k\u0259nara qoyuram, onlarla m\u0259s\u0259l\u0259 ayd\u0131nd\u0131r. Ancaq online v\u0259 \u00e7ap medias\u0131n\u0131n reklam bazar\u0131n\u0131n h\u0259cmi 2-3 milyon manatd\u0131r, bu m\u0259bl\u0259\u011fl\u0259 300-400 media orqan\u0131n\u0131 nec\u0259 saxlamaq m\u00fcmk\u00fcnd\u00fcrm\u00fc? Biz bir s\u0131ra K\u0130V-l\u0259rd\u0259 maa\u015flar\u0131n y\u00fcks\u0259k oldu\u011funu, ofis, texniki imkanlar\u0131n\u0131 da bilirik, bu v\u0259sait hardan verilir? \u018fg\u0259r median\u0131n iqtisadi m\u00fcst\u0259qilliyi yoxdursa, yarad\u0131c\u0131 v\u0259 siyasi m\u00fcst\u0259qillik nec\u0259 ola bil\u0259r? G\u0259lin, h\u0259min media orqanlar\u0131n\u0131n yazd\u0131qlar\u0131na baxaq, \u00f6lk\u0259d\u0259ki durumu tam ger\u00e7\u0259k \u015f\u0259kild\u0259 i\u015f\u0131qland\u0131r\u0131rlarm\u0131? Yaxud media tam azadd\u0131rsa, Meydan TV v\u0259 Turan TV niy\u0259 xaricd\u0259 yaran\u0131rd\u0131, Azadl\u0131q Radiosunun ofisi n\u0259 \u00fc\u00e7\u00fcn qapad\u0131l\u0131r?\u201d.\n<\/p>\n<p>\n  <i><br \/>\n    \u201cJurnalist d\u00f6y\u00fcl\u00fcr, \u00f6ld\u00fcr\u00fcl\u00fcr, amma telekanallar, K\u0130V susur\u201d<br \/>\n  <\/i>\n<\/p>\n<p>\n  Mehman \u018fliyev sual edir: Media azadd\u0131rsa, telekanallarda v\u0259 hakimiyy\u0259tin maliyy\u0259l\u0259\u015fdirdiyi 300-400 K\u0130V-d\u0259 niy\u0259 m\u00fcst\u0259qil ekspertl\u0259r v\u0259 m\u00fcxalif partiya n\u00fcmay\u0259nd\u0259l\u0259ri g\u00f6r\u00fcnm\u00fcr?\n<\/p>\n<p>\n  \u201cJurnalist d\u00f6y\u00fcl\u00fcr, \u00f6ld\u00fcr\u00fcl\u00fcr, amma h\u0259min telekanallar v\u0259 medialar, M\u0259tbuat \u015euras\u0131 d\u0259st\u0259k olmursa, h\u0259tta bir s\u0131ra m\u0259tbuat orqanlar\u0131 g\u00fcnahkar\u0131n h\u0259bsd\u0259n azad olunmas\u0131na d\u0259st\u0259k verirs\u0259, hans\u0131 m\u00fcst\u0259qillikd\u0259n dan\u0131\u015fmaq olar? Sadalad\u0131qlar\u0131m median\u0131n nec\u0259 v\u0259ziyy\u0259td\u0259 oldu\u011funun g\u00f6st\u0259ricisidir\u201d.\n<\/p>\n<p>\n  <i><br \/>\n    \u201cAz\u0259rbaycan\u0131n b\u00fcdc\u0259si on d\u0259f\u0259l\u0259rl\u0259 artsa da, m\u0259tbuat\u0131n reklam bazar\u0131 7-8 d\u0259f\u0259 ki\u00e7ilib\u201d<br \/>\n  <\/i>\n<\/p>\n<figure class=\"wp-block-image size-large\">\n  <img decoding=\"async\" src=\"https:\/\/www.meydan.tv\/az\/arif-eliyev-foto-meydan-tv\/\" alt=\"Arif \u018fliyev foto Meydan TV\" class=\"wp-image-73190\"\/><figcaption>\n    Arif \u018fliyev foto Meydan TV<br \/>\n  <\/figcaption><\/figure>\n<p>\n  &#8220;Yeni N\u0259sil&#8221; Jurnalistl\u0259r Birliyinin s\u0259dri Arif \u018fliyev is\u0259 deyir ki, b\u00fct\u00fcn d\u00fcnyada iqtisadi b\u00f6hran ba\u015flayanda prezident &#8220;biz \u00e7ox s\u00fcr\u0259tl\u0259 ir\u0259lil\u0259yirik, b\u0259lk\u0259 yava\u015flayaq&#8221; deyirdi. \u0130ndi is\u0259 d\u00fcnyan\u0131 g\u0259z\u0259-g\u0259z\u0259 pul axtar\u0131rlar. Eyni zamanda, m\u0259tbuat azadl\u0131\u011f\u0131yla ba\u011fl\u0131 \u00fcmumd\u00fcnya b\u00f6hran\u0131 gedir. X\u00fcsusil\u0259 Az\u0259rbaycan kimi \u00f6lk\u0259l\u0259rd\u0259 bu, \u00f6z\u00fcn\u00fc daha ciddi g\u00f6st\u0259rir, amma h\u00f6kum\u0259t m\u0259tbuat\u0131n probleml\u0259rinin h\u0259ll olundu\u011funu s\u00f6yl\u0259yir: &#8220;M\u0259n\u0259 el\u0259 g\u0259lir ki, Az\u0259rbaycanda m\u0259tbuat\u0131n azad oldu\u011funu dem\u0259k, \u00e7ox m\u0259suliyy\u0259tsiz yana\u015fmad\u0131r. Bizim ba\u015f\u0131m\u0131z\u0131 quma soxma\u011f\u0131yla deyil, m\u0259tbuat\u0131n m\u00fcst\u0259qilliyi, m\u00fcdafi\u0259si v\u0259 pe\u015f\u0259karl\u0131\u011f\u0131 b\u00f6hran\u0131 90-c\u0131 ill\u0259rin sonlar\u0131ndan ba\u015flay\u0131b. 90-c\u0131 ill\u0259rl\u0259 m\u00fcqayis\u0259d\u0259 Az\u0259rbaycan\u0131n b\u00fcdc\u0259si on d\u0259f\u0259l\u0259rl\u0259 artsa da, m\u0259tbuat\u0131n reklam bazar\u0131 7-8 d\u0259f\u0259 ki\u00e7ilib&#8221;.<\/p>\n","protected":false},"excerpt":{"rendered":"<p>Mehman \u018fliyev: 99 faiz K\u0130V hakimiyy\u0259td\u0259n as\u0131l\u0131d\u0131r, hakim elita t\u0259r\u0259find\u0259n maliyy\u0259l\u0259\u015fdirilir<\/p>\n","protected":false},"author":11,"featured_media":73184,"comment_status":"closed","ping_status":"open","sticky":false,"template":"","format":"standard","meta":{"_acf_changed":false,"_sitemap_exclude":false,"_sitemap_priority":"","_sitemap_frequency":"","footnotes":""},"categories":[51],"tags":[],"class_list":["post-180446","post","type-post","status-publish","format-standard","has-post-thumbnail","hentry","category-analitika","infinite-scroll-item","generate-columns","tablet-grid-50","mobile-grid-100","grid-parent","grid-33","no-featured-image-padding"],"acf":[],"yoast_head":"<!-- This site is optimized with the Yoast SEO plugin v27.5 - https:\/\/yoast.com\/product\/yoast-seo-wordpress\/ -->\n<title>Prezident: Biz \u00f6lk\u0259d\u0259 m\u0259tbuat azadl\u0131\u011f\u0131n\u0131, bir \u00e7ox azadl\u0131qlar\u0131 t\u0259min etmi\u015fik - MEYDAN.TV<\/title>\n<meta name=\"robots\" content=\"index, follow, max-snippet:-1, max-image-preview:large, max-video-preview:-1\" \/>\n<link rel=\"canonical\" href=\"https:\/\/www.meydan.tv\/az\/article\/prezident-biz-olkede-metbuat-azadligini-bir-cox-azadliqlari-temin-etmisik\/\" \/>\n<meta property=\"og:locale\" content=\"az_AZ\" \/>\n<meta property=\"og:type\" content=\"article\" \/>\n<meta property=\"og:title\" content=\"Prezident: Biz \u00f6lk\u0259d\u0259 m\u0259tbuat azadl\u0131\u011f\u0131n\u0131, bir \u00e7ox azadl\u0131qlar\u0131 t\u0259min etmi\u015fik - MEYDAN.TV\" \/>\n<meta property=\"og:description\" content=\"Mehman \u018fliyev: 99 faiz K\u0130V hakimiyy\u0259td\u0259n as\u0131l\u0131d\u0131r, hakim elita t\u0259r\u0259find\u0259n maliyy\u0259l\u0259\u015fdirilir\" \/>\n<meta property=\"og:url\" content=\"https:\/\/www.meydan.tv\/az\/article\/prezident-biz-olkede-metbuat-azadligini-bir-cox-azadliqlari-temin-etmisik\/\" \/>\n<meta property=\"og:site_name\" content=\"MEYDAN.TV\" \/>\n<meta property=\"article:published_time\" content=\"2016-11-16T13:24:42+00:00\" \/>\n<meta property=\"og:image\" content=\"https:\/\/www.meydan.tv\/wp-content\/uploads\/28228.jpg\" \/>\n\t<meta property=\"og:image:width\" content=\"833\" \/>\n\t<meta property=\"og:image:height\" content=\"669\" \/>\n\t<meta property=\"og:image:type\" content=\"image\/jpeg\" \/>\n<meta name=\"author\" content=\"user-manager\" \/>\n<meta name=\"twitter:card\" content=\"summary_large_image\" \/>\n<script type=\"application\/ld+json\" class=\"yoast-schema-graph\">{\"@context\":\"https:\\\/\\\/schema.org\",\"@graph\":[{\"@type\":\"Article\",\"@id\":\"https:\\\/\\\/www.meydan.tv\\\/az\\\/article\\\/prezident-biz-olkede-metbuat-azadligini-bir-cox-azadliqlari-temin-etmisik\\\/#article\",\"isPartOf\":{\"@id\":\"https:\\\/\\\/www.meydan.tv\\\/az\\\/article\\\/prezident-biz-olkede-metbuat-azadligini-bir-cox-azadliqlari-temin-etmisik\\\/\"},\"author\":{\"name\":\"user-manager\",\"@id\":\"https:\\\/\\\/www.meydan.tv\\\/az\\\/#\\\/schema\\\/person\\\/10d11eccf6da3662cf5fdab9806ea91a\"},\"headline\":\"Prezident: Biz \u00f6lk\u0259d\u0259 m\u0259tbuat azadl\u0131\u011f\u0131n\u0131, bir \u00e7ox azadl\u0131qlar\u0131 t\u0259min etmi\u015fik\",\"datePublished\":\"2016-11-16T13:24:42+00:00\",\"mainEntityOfPage\":{\"@id\":\"https:\\\/\\\/www.meydan.tv\\\/az\\\/article\\\/prezident-biz-olkede-metbuat-azadligini-bir-cox-azadliqlari-temin-etmisik\\\/\"},\"wordCount\":1152,\"publisher\":{\"@id\":\"https:\\\/\\\/www.meydan.tv\\\/az\\\/#organization\"},\"image\":{\"@id\":\"https:\\\/\\\/www.meydan.tv\\\/az\\\/article\\\/prezident-biz-olkede-metbuat-azadligini-bir-cox-azadliqlari-temin-etmisik\\\/#primaryimage\"},\"thumbnailUrl\":\"https:\\\/\\\/www.meydan.tv\\\/wp-content\\\/uploads\\\/28228.jpg\",\"articleSection\":[\"Analitika\"],\"inLanguage\":\"az\"},{\"@type\":\"WebPage\",\"@id\":\"https:\\\/\\\/www.meydan.tv\\\/az\\\/article\\\/prezident-biz-olkede-metbuat-azadligini-bir-cox-azadliqlari-temin-etmisik\\\/\",\"url\":\"https:\\\/\\\/www.meydan.tv\\\/az\\\/article\\\/prezident-biz-olkede-metbuat-azadligini-bir-cox-azadliqlari-temin-etmisik\\\/\",\"name\":\"Prezident: Biz \u00f6lk\u0259d\u0259 m\u0259tbuat azadl\u0131\u011f\u0131n\u0131, bir \u00e7ox azadl\u0131qlar\u0131 t\u0259min etmi\u015fik - MEYDAN.TV\",\"isPartOf\":{\"@id\":\"https:\\\/\\\/www.meydan.tv\\\/az\\\/#website\"},\"primaryImageOfPage\":{\"@id\":\"https:\\\/\\\/www.meydan.tv\\\/az\\\/article\\\/prezident-biz-olkede-metbuat-azadligini-bir-cox-azadliqlari-temin-etmisik\\\/#primaryimage\"},\"image\":{\"@id\":\"https:\\\/\\\/www.meydan.tv\\\/az\\\/article\\\/prezident-biz-olkede-metbuat-azadligini-bir-cox-azadliqlari-temin-etmisik\\\/#primaryimage\"},\"thumbnailUrl\":\"https:\\\/\\\/www.meydan.tv\\\/wp-content\\\/uploads\\\/28228.jpg\",\"datePublished\":\"2016-11-16T13:24:42+00:00\",\"breadcrumb\":{\"@id\":\"https:\\\/\\\/www.meydan.tv\\\/az\\\/article\\\/prezident-biz-olkede-metbuat-azadligini-bir-cox-azadliqlari-temin-etmisik\\\/#breadcrumb\"},\"inLanguage\":\"az\",\"potentialAction\":[{\"@type\":\"ReadAction\",\"target\":[\"https:\\\/\\\/www.meydan.tv\\\/az\\\/article\\\/prezident-biz-olkede-metbuat-azadligini-bir-cox-azadliqlari-temin-etmisik\\\/\"]}]},{\"@type\":\"ImageObject\",\"inLanguage\":\"az\",\"@id\":\"https:\\\/\\\/www.meydan.tv\\\/az\\\/article\\\/prezident-biz-olkede-metbuat-azadligini-bir-cox-azadliqlari-temin-etmisik\\\/#primaryimage\",\"url\":\"https:\\\/\\\/www.meydan.tv\\\/wp-content\\\/uploads\\\/28228.jpg\",\"contentUrl\":\"https:\\\/\\\/www.meydan.tv\\\/wp-content\\\/uploads\\\/28228.jpg\",\"width\":833,\"height\":669,\"caption\":\"Source:\"},{\"@type\":\"BreadcrumbList\",\"@id\":\"https:\\\/\\\/www.meydan.tv\\\/az\\\/article\\\/prezident-biz-olkede-metbuat-azadligini-bir-cox-azadliqlari-temin-etmisik\\\/#breadcrumb\",\"itemListElement\":[{\"@type\":\"ListItem\",\"position\":1,\"name\":\"Ana s\u0259hif\u0259\",\"item\":\"https:\\\/\\\/www.meydan.tv\\\/az\\\/\"},{\"@type\":\"ListItem\",\"position\":2,\"name\":\"Analitika\",\"item\":\"https:\\\/\\\/www.meydan.tv\\\/az\\\/section\\\/analitika\\\/\"},{\"@type\":\"ListItem\",\"position\":3,\"name\":\"Prezident: Biz \u00f6lk\u0259d\u0259 m\u0259tbuat azadl\u0131\u011f\u0131n\u0131, bir \u00e7ox azadl\u0131qlar\u0131 t\u0259min etmi\u015fik\"}]},{\"@type\":\"WebSite\",\"@id\":\"https:\\\/\\\/www.meydan.tv\\\/az\\\/#website\",\"url\":\"https:\\\/\\\/www.meydan.tv\\\/az\\\/\",\"name\":\"MEYDAN.TV\",\"description\":\"Meydan TV Az\u0259rbaycan\u0131n media m\u0259kan\u0131ndak\u0131 alternativ s\u0259sidir\",\"publisher\":{\"@id\":\"https:\\\/\\\/www.meydan.tv\\\/az\\\/#organization\"},\"potentialAction\":[{\"@type\":\"SearchAction\",\"target\":{\"@type\":\"EntryPoint\",\"urlTemplate\":\"https:\\\/\\\/www.meydan.tv\\\/az\\\/?s={search_term_string}\"},\"query-input\":{\"@type\":\"PropertyValueSpecification\",\"valueRequired\":true,\"valueName\":\"search_term_string\"}}],\"inLanguage\":\"az\"},{\"@type\":\"Organization\",\"@id\":\"https:\\\/\\\/www.meydan.tv\\\/az\\\/#organization\",\"name\":\"Meydan TV\",\"url\":\"https:\\\/\\\/www.meydan.tv\\\/az\\\/\",\"logo\":{\"@type\":\"ImageObject\",\"inLanguage\":\"az\",\"@id\":\"https:\\\/\\\/www.meydan.tv\\\/az\\\/#\\\/schema\\\/logo\\\/image\\\/\",\"url\":\"https:\\\/\\\/www.meydan.tv\\\/wp-content\\\/uploads\\\/2021\\\/07\\\/meydan-logo.svg\",\"contentUrl\":\"https:\\\/\\\/www.meydan.tv\\\/wp-content\\\/uploads\\\/2021\\\/07\\\/meydan-logo.svg\",\"width\":195,\"height\":46,\"caption\":\"Meydan TV\"},\"image\":{\"@id\":\"https:\\\/\\\/www.meydan.tv\\\/az\\\/#\\\/schema\\\/logo\\\/image\\\/\"}},{\"@type\":\"Person\",\"@id\":\"https:\\\/\\\/www.meydan.tv\\\/az\\\/#\\\/schema\\\/person\\\/10d11eccf6da3662cf5fdab9806ea91a\",\"name\":\"user-manager\"}]}<\/script>\n<!-- \/ Yoast SEO plugin. -->","yoast_head_json":{"title":"Prezident: Biz \u00f6lk\u0259d\u0259 m\u0259tbuat azadl\u0131\u011f\u0131n\u0131, bir \u00e7ox azadl\u0131qlar\u0131 t\u0259min etmi\u015fik - MEYDAN.TV","robots":{"index":"index","follow":"follow","max-snippet":"max-snippet:-1","max-image-preview":"max-image-preview:large","max-video-preview":"max-video-preview:-1"},"canonical":"https:\/\/www.meydan.tv\/az\/article\/prezident-biz-olkede-metbuat-azadligini-bir-cox-azadliqlari-temin-etmisik\/","og_locale":"az_AZ","og_type":"article","og_title":"Prezident: Biz \u00f6lk\u0259d\u0259 m\u0259tbuat azadl\u0131\u011f\u0131n\u0131, bir \u00e7ox azadl\u0131qlar\u0131 t\u0259min etmi\u015fik - MEYDAN.TV","og_description":"Mehman \u018fliyev: 99 faiz K\u0130V hakimiyy\u0259td\u0259n as\u0131l\u0131d\u0131r, hakim elita t\u0259r\u0259find\u0259n maliyy\u0259l\u0259\u015fdirilir","og_url":"https:\/\/www.meydan.tv\/az\/article\/prezident-biz-olkede-metbuat-azadligini-bir-cox-azadliqlari-temin-etmisik\/","og_site_name":"MEYDAN.TV","article_published_time":"2016-11-16T13:24:42+00:00","og_image":[{"width":833,"height":669,"url":"https:\/\/www.meydan.tv\/wp-content\/uploads\/28228.jpg","type":"image\/jpeg"}],"author":"user-manager","twitter_card":"summary_large_image","schema":{"@context":"https:\/\/schema.org","@graph":[{"@type":"Article","@id":"https:\/\/www.meydan.tv\/az\/article\/prezident-biz-olkede-metbuat-azadligini-bir-cox-azadliqlari-temin-etmisik\/#article","isPartOf":{"@id":"https:\/\/www.meydan.tv\/az\/article\/prezident-biz-olkede-metbuat-azadligini-bir-cox-azadliqlari-temin-etmisik\/"},"author":{"name":"user-manager","@id":"https:\/\/www.meydan.tv\/az\/#\/schema\/person\/10d11eccf6da3662cf5fdab9806ea91a"},"headline":"Prezident: Biz \u00f6lk\u0259d\u0259 m\u0259tbuat azadl\u0131\u011f\u0131n\u0131, bir \u00e7ox azadl\u0131qlar\u0131 t\u0259min etmi\u015fik","datePublished":"2016-11-16T13:24:42+00:00","mainEntityOfPage":{"@id":"https:\/\/www.meydan.tv\/az\/article\/prezident-biz-olkede-metbuat-azadligini-bir-cox-azadliqlari-temin-etmisik\/"},"wordCount":1152,"publisher":{"@id":"https:\/\/www.meydan.tv\/az\/#organization"},"image":{"@id":"https:\/\/www.meydan.tv\/az\/article\/prezident-biz-olkede-metbuat-azadligini-bir-cox-azadliqlari-temin-etmisik\/#primaryimage"},"thumbnailUrl":"https:\/\/www.meydan.tv\/wp-content\/uploads\/28228.jpg","articleSection":["Analitika"],"inLanguage":"az"},{"@type":"WebPage","@id":"https:\/\/www.meydan.tv\/az\/article\/prezident-biz-olkede-metbuat-azadligini-bir-cox-azadliqlari-temin-etmisik\/","url":"https:\/\/www.meydan.tv\/az\/article\/prezident-biz-olkede-metbuat-azadligini-bir-cox-azadliqlari-temin-etmisik\/","name":"Prezident: Biz \u00f6lk\u0259d\u0259 m\u0259tbuat azadl\u0131\u011f\u0131n\u0131, bir \u00e7ox azadl\u0131qlar\u0131 t\u0259min etmi\u015fik - MEYDAN.TV","isPartOf":{"@id":"https:\/\/www.meydan.tv\/az\/#website"},"primaryImageOfPage":{"@id":"https:\/\/www.meydan.tv\/az\/article\/prezident-biz-olkede-metbuat-azadligini-bir-cox-azadliqlari-temin-etmisik\/#primaryimage"},"image":{"@id":"https:\/\/www.meydan.tv\/az\/article\/prezident-biz-olkede-metbuat-azadligini-bir-cox-azadliqlari-temin-etmisik\/#primaryimage"},"thumbnailUrl":"https:\/\/www.meydan.tv\/wp-content\/uploads\/28228.jpg","datePublished":"2016-11-16T13:24:42+00:00","breadcrumb":{"@id":"https:\/\/www.meydan.tv\/az\/article\/prezident-biz-olkede-metbuat-azadligini-bir-cox-azadliqlari-temin-etmisik\/#breadcrumb"},"inLanguage":"az","potentialAction":[{"@type":"ReadAction","target":["https:\/\/www.meydan.tv\/az\/article\/prezident-biz-olkede-metbuat-azadligini-bir-cox-azadliqlari-temin-etmisik\/"]}]},{"@type":"ImageObject","inLanguage":"az","@id":"https:\/\/www.meydan.tv\/az\/article\/prezident-biz-olkede-metbuat-azadligini-bir-cox-azadliqlari-temin-etmisik\/#primaryimage","url":"https:\/\/www.meydan.tv\/wp-content\/uploads\/28228.jpg","contentUrl":"https:\/\/www.meydan.tv\/wp-content\/uploads\/28228.jpg","width":833,"height":669,"caption":"Source:"},{"@type":"BreadcrumbList","@id":"https:\/\/www.meydan.tv\/az\/article\/prezident-biz-olkede-metbuat-azadligini-bir-cox-azadliqlari-temin-etmisik\/#breadcrumb","itemListElement":[{"@type":"ListItem","position":1,"name":"Ana s\u0259hif\u0259","item":"https:\/\/www.meydan.tv\/az\/"},{"@type":"ListItem","position":2,"name":"Analitika","item":"https:\/\/www.meydan.tv\/az\/section\/analitika\/"},{"@type":"ListItem","position":3,"name":"Prezident: Biz \u00f6lk\u0259d\u0259 m\u0259tbuat azadl\u0131\u011f\u0131n\u0131, bir \u00e7ox azadl\u0131qlar\u0131 t\u0259min etmi\u015fik"}]},{"@type":"WebSite","@id":"https:\/\/www.meydan.tv\/az\/#website","url":"https:\/\/www.meydan.tv\/az\/","name":"MEYDAN.TV","description":"Meydan TV Az\u0259rbaycan\u0131n media m\u0259kan\u0131ndak\u0131 alternativ s\u0259sidir","publisher":{"@id":"https:\/\/www.meydan.tv\/az\/#organization"},"potentialAction":[{"@type":"SearchAction","target":{"@type":"EntryPoint","urlTemplate":"https:\/\/www.meydan.tv\/az\/?s={search_term_string}"},"query-input":{"@type":"PropertyValueSpecification","valueRequired":true,"valueName":"search_term_string"}}],"inLanguage":"az"},{"@type":"Organization","@id":"https:\/\/www.meydan.tv\/az\/#organization","name":"Meydan TV","url":"https:\/\/www.meydan.tv\/az\/","logo":{"@type":"ImageObject","inLanguage":"az","@id":"https:\/\/www.meydan.tv\/az\/#\/schema\/logo\/image\/","url":"https:\/\/www.meydan.tv\/wp-content\/uploads\/2021\/07\/meydan-logo.svg","contentUrl":"https:\/\/www.meydan.tv\/wp-content\/uploads\/2021\/07\/meydan-logo.svg","width":195,"height":46,"caption":"Meydan TV"},"image":{"@id":"https:\/\/www.meydan.tv\/az\/#\/schema\/logo\/image\/"}},{"@type":"Person","@id":"https:\/\/www.meydan.tv\/az\/#\/schema\/person\/10d11eccf6da3662cf5fdab9806ea91a","name":"user-manager"}]}},"_links":{"self":[{"href":"https:\/\/www.meydan.tv\/az\/wp-json\/wp\/v2\/posts\/180446","targetHints":{"allow":["GET"]}}],"collection":[{"href":"https:\/\/www.meydan.tv\/az\/wp-json\/wp\/v2\/posts"}],"about":[{"href":"https:\/\/www.meydan.tv\/az\/wp-json\/wp\/v2\/types\/post"}],"author":[{"embeddable":true,"href":"https:\/\/www.meydan.tv\/az\/wp-json\/wp\/v2\/users\/11"}],"replies":[{"embeddable":true,"href":"https:\/\/www.meydan.tv\/az\/wp-json\/wp\/v2\/comments?post=180446"}],"version-history":[{"count":0,"href":"https:\/\/www.meydan.tv\/az\/wp-json\/wp\/v2\/posts\/180446\/revisions"}],"wp:featuredmedia":[{"embeddable":true,"href":"https:\/\/www.meydan.tv\/az\/wp-json\/wp\/v2\/media\/73184"}],"wp:attachment":[{"href":"https:\/\/www.meydan.tv\/az\/wp-json\/wp\/v2\/media?parent=180446"}],"wp:term":[{"taxonomy":"category","embeddable":true,"href":"https:\/\/www.meydan.tv\/az\/wp-json\/wp\/v2\/categories?post=180446"},{"taxonomy":"post_tag","embeddable":true,"href":"https:\/\/www.meydan.tv\/az\/wp-json\/wp\/v2\/tags?post=180446"}],"curies":[{"name":"wp","href":"https:\/\/api.w.org\/{rel}","templated":true}]}}