{"id":180417,"date":"2016-11-15T13:55:47","date_gmt":"2016-11-15T13:55:47","guid":{"rendered":"https:\/\/www.meydan.tv\/article\/tramp-ve-abs-in-milli-tehlukesizlik-strategiyasi\/"},"modified":"2016-11-15T13:55:47","modified_gmt":"2016-11-15T13:55:47","slug":"tramp-ve-abs-in-milli-tehlukesizlik-strategiyasi","status":"publish","type":"post","link":"https:\/\/www.meydan.tv\/az\/article\/tramp-ve-abs-in-milli-tehlukesizlik-strategiyasi\/","title":{"rendered":"Tramp v\u0259 AB\u015e-\u0131n Milli T\u0259hl\u00fck\u0259sizlik Strategiyas\u0131"},"content":{"rendered":"<figure class=\"wp-block-image size-large\">\n  <img decoding=\"async\" src=\"https:\/\/www.meydan.tv\/az\/donald-tramp-foto-sosial-sebeke\/\" alt=\"Donald Tramp foto sosial \u015f\u0259b\u0259k\u0259\" class=\"wp-image-73073\"\/><figcaption>\n    Donald Tramp foto sosial \u015f\u0259b\u0259k\u0259<br \/>\n  <\/figcaption><\/figure>\n<p>\n  <i><br \/>\n    Ya Az\u0259rbaycan demokratik inki\u015fafda t\u0259r\u0259fda\u015f \u00f6lk\u0259l\u0259r s\u0131ras\u0131na daxil olacaq, ya da Amerika strategiyas\u0131n\u0131n t\u0259tbiq edil\u0259c\u0259yi izqoy \u00f6lk\u0259l\u0259r c\u0259rg\u0259sind\u0259 m\u00f6hk\u0259ml\u0259n\u0259c\u0259k<br \/>\n  <\/i>\n<\/p>\n<p>\n  D\u00fcnya ekssentrik milyarder, indi is\u0259 yegan\u0259 superd\u00f6vl\u0259tin bir n\u00f6mr\u0259li siyas\u0259t\u00e7isi &#8211; prezidenti kimi Donald Tramp\u0131n r\u0259hb\u0259rliyi alt\u0131nda Amerikan\u0131n nec\u0259 olaca\u011f\u0131 haqq\u0131nda suallara cavab axtar\u0131\u015f\u0131ndad\u0131r.\n<\/p>\n<p>\n  \u00c7oxlar\u0131na el\u0259 g\u0259lir ki, b\u00f6y\u00fck biznes \u201cy\u0131rt\u0131c\u0131s\u0131\u201d olark\u0259n h\u0259ddind\u0259n art\u0131q b\u00f6y\u00fck eqosunu n\u00fcmayi\u015f etdirdiyi kimi, Tramp\u0131n prezidentliyi d\u0259 \u0259xlaqs\u0131z olacaq. Amma bu, m\u0259qs\u0259dy\u00f6nl\u00fc v\u0259 qeyri-adi insan\u0131n yaln\u0131z xarici g\u00f6r\u00fcn\u00fc\u015f\u00fcd\u00fcr. O \u00f6z\u00fc d\u0259 yeni prezident kredosunu m\u0259sul v\u0259 s\u0259rt siyas\u0259t\u00e7i kimi anons edirdi.\n<\/p>\n<p>\n  Amma qeyd etm\u0259k laz\u0131md\u0131r ki, AB\u015e \u00fc\u00e7\u00fcn yeni \u00e7a\u011f\u0131r\u0131\u015flar d\u00f6vr\u00fcnd\u0259 Tramp\u0131n q\u0259l\u0259b\u0259si he\u00e7 d\u0259 t\u0259sad\u00fcfi deyildi v\u0259 onun liderlik n\u00fcfuzu Amerikan\u0131n yeni d\u00fcnya strategiyas\u0131n\u0131n \u2013 t\u0259kba\u015f\u0131na liderliyinin ba\u015flad\u0131\u011f\u0131 d\u00f6vrd\u0259 \u00e7ox yerin\u0259 d\u00fc\u015fd\u00fc. Tramp faktiki olaraq Amerika Milli T\u0259hl\u00fck\u0259sizlik Strategiyas\u0131n\u0131n t\u0259c\u0259ssm\u00fcd\u00fcr v\u0259 onun davran\u0131\u015f\u0131, d\u00fcnyag\u00f6r\u00fc\u015f\u00fc, dem\u0259k olar ki, superd\u00f6vl\u0259tin bu proqram s\u0259n\u0259dinin \u0259sas ideyas\u0131n\u0131 \u0259ks etdirir. Milli T\u0259hl\u00fck\u0259sizlik Strategiyas\u0131n\u0131n t\u0259hlili Tramp\u0131n hakimiyy\u0259td\u0259 oldu\u011fu d\u00f6vrd\u0259 nec\u0259 olaca\u011f\u0131 v\u0259 Amerikan\u0131n v\u0259 d\u00fcnyan\u0131n n\u00f6vb\u0259ti 4 illik prezidentlik m\u00fcdd\u0259tind\u0259 nec\u0259 olaca\u011f\u0131 bar\u0259d\u0259 t\u0259s\u0259vv\u00fcr yarad\u0131r.\n<\/p>\n<p>\n  2015-ci ilin fevral\u0131nda iki il gecikm\u0259 il\u0259 q\u0259bul edilmi\u015f Strategiya onun, el\u0259c\u0259 d\u0259 Birl\u0259\u015fmi\u015f \u015etatlar\u0131n b\u00fct\u00fcn institutlar\u0131n\u0131n f\u0259aliyy\u0259tinin v\u0259 q\u0259rarlar\u0131n\u0131n \u0259sas\u0131n\u0131 t\u0259\u015fkil ed\u0259c\u0259k. Bu s\u0259n\u0259d AB\u015e-\u0131n d\u00fcnyada a\u00e7\u0131q-a\u015fkar liderliyini v\u0259 d\u00fcnya sisteminin sabitliyin\u0259 v\u0259 inki\u015faf\u0131na g\u00f6r\u0259 m\u0259suliyy\u0259t da\u015f\u0131yan \u00f6lk\u0259 kimi onun m\u0259qs\u0259d v\u0259 v\u0259zif\u0259l\u0259rini m\u00fc\u0259yy\u0259n edir, bununla da AB\u015e-\u0131n t\u0259r\u0259fda\u015fl\u0131q ittifaqlar\u0131 \u00e7\u0259r\u00e7iv\u0259sind\u0259 liderliyin\u0259 \u0259saslanan 2010-cu il strategiyas\u0131ndan f\u0259rql\u0259nir.\n<\/p>\n<p>\n  \u00c7ox g\u00fcman ki, 2015 Strategiyas\u0131 son ill\u0259r d\u00fcnyan\u0131 \u0259hat\u0259 etmi\u015f siyasi v\u0259 iqtisadi b\u00f6hran v\u0259 t\u0259n\u0259zz\u00fcll\u0259r \u015f\u0259raitind\u0259 Amerikan\u0131 daha \u00f6n m\u00f6vqel\u0259r\u0259 \u00e7\u0131xaran Obama administrasiyas\u0131n\u0131n u\u011furlu hakimiyy\u0259ti d\u00f6vr\u00fcnd\u0259 formala\u015fan yeni \u00e7a\u011f\u0131r\u0131\u015flara uy\u011funla\u015fd\u0131r\u0131l\u0131b. H\u0259min administrasiya federal b\u00fcdc\u0259 defisitini 1 trl. Dollardan 500 mlrd. dollara q\u0259d\u0259r azaldaraq, 11 mln. i\u015f yeri yaradaraq v\u0259 i\u015fsizliyi 11%-d\u0259n 5,7%-\u0259 q\u0259d\u0259r azaldaraq, \u00f6lk\u0259ni resessiyadan \u00e7\u0131xarma\u011fa m\u00fcv\u0259ff\u0259q olub. AB\u015e d\u00fcnyada \u00f6z liderliyini g\u00fccl\u0259ndirib v\u0259 t\u0259hl\u00fck\u0259sizliyini m\u00f6hk\u0259ml\u0259ndirib, Avrasiya m\u0259kan\u0131nda \u00f6z m\u00f6vqeyini m\u00f6hk\u0259ml\u0259ndirib ki, yeni istiqam\u0259tvrici s\u0259n\u0259d d\u0259, dem\u0259k olar ki, bu regiona h\u0259sr olunub.\n<\/p>\n<p>\n  Tramp\u0131n r\u0259hb\u0259r tutaca\u011f\u0131 yeni Strategiyada \u201cliderlik\u201d \u201cg\u00fcc m\u00f6vqeyind\u0259n r\u0259hb\u0259rlik etm\u0259k\u201d, \u201c\u015f\u0259xsi n\u00fcmun\u0259\u201d, \u201cetibarl\u0131 t\u0259r\u0259fda\u015flarla\u201d, \u201cAmerika g\u00fcc\u00fcn\u00fcn b\u00fct\u00fcn al\u0259tl\u0259rind\u0259n istifad\u0259 ed\u0259r\u0259k\u201d, \u201cuzunm\u00fcdd\u0259tli planla\u015fd\u0131rmaya s\u00f6yk\u0259n\u0259r\u0259k\u201d ifad\u0259l\u0259ri il\u0259 s\u0259ciyy\u0259l\u0259nir.\n<\/p>\n<p>\n  <b><br \/>\n    <i><br \/>\n      Strategiyadan \u00e7\u0131xar\u0131\u015flar:<br \/>\n    <\/i><br \/>\n  <\/b>\n<\/p>\n<p>\n  Biz iqtisadi v\u0259ziyy\u0259tin d\u0259yi\u015fdirilm\u0259si v\u0259 dinc demokratik d\u0259yi\u015fiklikl\u0259ri d\u0259st\u0259kl\u0259y\u0259n inki\u015faf etm\u0259kd\u0259 olan iqtisadi q\u00fcvv\u0259l\u0259r v\u0259 \u00f6lk\u0259l\u0259rl\u0259 yeni m\u00fcnasib\u0259tl\u0259rin t\u0259tbiq edilm\u0259si \u00fc\u00e7\u00fcn strateji imkanlar axtar\u0131b tapaca\u011f\u0131q. H\u0259dsiz yoxsullu\u011fa son qoymaq \u00fc\u00e7\u00fcn \u00f6z potensial\u0131m\u0131zdan istifad\u0259 ed\u0259c\u0259yik v\u0259 innovasiya, elm v\u0259 texnologiyalarda, sahibkarl\u0131q v\u0259 enerji t\u0259hl\u00fck\u0259sizliyind\u0259 \u00fcst\u00fcnl\u00fckl\u0259rimiz\u0259 s\u00f6yk\u0259n\u0259c\u0259yik. Biz \u00f6z n\u00fcmun\u0259mizl\u0259 r\u0259hb\u0259rlik ed\u0259c\u0259yik. Bizim institutlar\u0131m\u0131z\u0131n v\u0259 qanunun aliliyin\u0259 h\u00f6rm\u0259tin g\u00fcc\u00fcn\u00fc demokratik idar\u0259etm\u0259 n\u00fcmun\u0259si g\u00f6st\u0259rir. Biz \u00f6z V\u0259t\u0259nimizd\u0259 d\u0259y\u0259rl\u0259rimizi qorusaq, xaricd\u0259 onlar\u0131 daha yax\u015f\u0131 yaya bil\u0259rik. Bu, v\u0259t\u0259nda\u015f h\u00fcquq v\u0259 azadl\u0131qlar\u0131n\u0131n qorunmas\u0131n\u0131, \u015f\u0259ffafl\u0131q v\u0259 hesabatl\u0131l\u0131\u011f\u0131 n\u0259z\u0259rd\u0259 tutur. Bu, h\u0259m\u00e7inin ba\u015fqa mill\u0259tl\u0259rin beyn\u0259lxalq norma v\u0259 standartlara riay\u0259t etm\u0259sini ist\u0259yiriks\u0259, bizim onlara riay\u0259t etm\u0259yimizi, riay\u0259t etmiriks\u0259, m\u0259suliyy\u0259timizi n\u0259z\u0259rd\u0259 tutur.\n<\/p>\n<p>\n  Eyni zamanda, biz v\u0259 t\u0259r\u0259fda\u015flar\u0131m\u0131z islahatlar aparmal\u0131 v\u0259 etibar edil\u0259 bil\u0259c\u0259k d\u00f6vl\u0259tl\u0259rin say\u0131n\u0131n artmas\u0131 fonunda bir-biri il\u0259 daha s\u0259m\u0259r\u0259li \u0259m\u0259kda\u015fl\u0131\u011fa s\u0259rmay\u0259 yat\u0131rmal\u0131y\u0131q. Daha az insan yoxsul olarsa, ticari t\u0259r\u0259fda\u015flar \u00e7i\u00e7\u0259kl\u0259nir, c\u0259miyy\u0259tl\u0259r azad olur, Birl\u0259\u015fmi\u015f \u015etatlar daha t\u0259hl\u00fck\u0259siz v\u0259 daha g\u00fccl\u00fc olur.\n<\/p>\n<p>\n  Strategiyada bir \u00e7ox Yax\u0131n \u015e\u0259rq v\u0259 \u015eimali Afriya \u00f6lk\u0259l\u0259ri aras\u0131nda, el\u0259c\u0259 d\u0259 h\u0259min \u00f6lk\u0259l\u0259rin dailind\u0259 ged\u0259n hakimiyy\u0259t u\u011frunda m\u00fcbariz\u0259 t\u0259hl\u00fck\u0259 adland\u0131r\u0131l\u0131r. 2003-c\u00fc il \u0130raq m\u00fcharib\u0259sind\u0259n v\u0259 2011-ci il \u018fr\u0259b Bahar\u0131ndan sonra yaranan bu m\u00fcbariz\u0259 h\u0259m regionda, h\u0259m d\u0259 birlikl\u0259r, v\u0259t\u0259nda\u015flar v\u0259 d\u00f6vl\u0259tl\u0259r aras\u0131nda m\u00fcnasib\u0259tl\u0259ri m\u00fc\u0259yy\u0259n ed\u0259c\u0259k. BU proses g\u00fccl\u0259nm\u0259kd\u0259 davam ed\u0259c\u0259k, x\u00fcsus\u0259n dini ekstremistl\u0259rin \u00e7\u0131xd\u0131\u011f\u0131 v\u0259 ya idar\u0259\u00e7il\u0259rin demokratik islahatlardan imtina etdiyi, \u00f6z iqtisadiyyatlar\u0131n\u0131 v\u0259 v\u0259t\u0259nda\u015f c\u0259miyy\u0259tini m\u0259hv etdiyi c\u0259miyy\u0259tl\u0259rd\u0259.\n<\/p>\n<p>\n  \u0130ndi biz Amerikan\u0131n liderliyi t\u0259cr\u00fcb\u0259sinin inki\u015faf\u0131 vasit\u0259sil\u0259 onlar\u0131n trayektoriyas\u0131na t\u0259sir etm\u0259liyik. Bu strategiya bizim d\u0259yi\u015fm\u0259z milli maraqlar\u0131m\u0131z \u00fc\u00e7\u00fcn riskl\u0259rin v\u0259 onlar\u0131n t\u0259\u015fviqi imkanlar\u0131n\u0131n real qiym\u0259tl\u0259ndirilm\u0259sin\u0259 \u0259saslanaraq, prioritetl\u0259ri m\u00fc\u0259yy\u0259n edir. Bu strategiya xarici siyas\u0259t sah\u0259sind\u0259 bir \u00f6lk\u0259y\u0259 v\u0259 ya regiona y\u00f6n\u0259lmir. O, qar\u015f\u0131l\u0131ql\u0131 \u0259laq\u0259d\u0259 olan d\u00fcnyan\u0131n h\u0259r bir \u00f6lk\u0259sind\u0259 maraqlar\u0131 olan qabaqc\u0131l d\u00f6vl\u0259t \u00fc\u00e7\u00fcn m\u0259qbul olan m\u00fcxt\u0259lif istiqam\u0259tli v\u0259 tarazla\u015fd\u0131r\u0131lm\u0131\u015f prioritetl\u0259r toplusudur.\n<\/p>\n<p>\n  Biz ekstremizm do\u011furan \u015f\u0259rtl\u0259r\u0259 &#8211; yoxsullu\u011fa, qeyri-b\u0259rab\u0259rliy\u0259 v\u0259 repressiyalara qar\u015f\u0131 m\u00fcbariz\u0259 t\u0259dbirl\u0259ri g\u00f6r\u0259c\u0259yik.\n<\/p>\n<p>\n  Biz siyasi olaraq insanlar \u00fcz\u0259rind\u0259 qanuni idar\u0259\u00e7ilik qurma\u011fa \u00e7al\u0131\u015fan z\u0259if \u00f6lk\u0259l\u0259rl\u0259 \u0259m\u0259kd\u015fl\u0131\u011fa \u00fcst\u00fcnl\u00fck veririk. Biz \u0259sas diqq\u0259ti m\u0259lum sah\u0259l\u0259rd\u0259, m\u0259s\u0259l\u0259n, inkl\u00fcziv siyas\u0259td\u0259 t\u0259sir\u0259 v\u0259 z\u0259ruri \u015f\u0259rtl\u0259r\u0259, xidm\u0259tl\u0259r\u0259 b\u0259rab\u0259r v\u0259 \u0259dal\u0259tli \u00e7\u0131x\u0131\u015f\u0131n t\u0259min edilm\u0259sin\u0259, t\u0259hl\u00fck\u0259sizlik v\u0259 h\u00fcquq qaydas\u0131nda islahatlara, korrupsiyaya v\u0259 m\u00fct\u0259\u015f\u0259kkil cinay\u0259tkarl\u0131\u011fa qar\u015f\u0131 m\u00fcbariz\u0259y\u0259, habel\u0259 x\u00fcsusil\u0259 g\u0259ncl\u0259r v\u0259 qad\u0131nlar \u00fc\u00e7\u00fcn imkanlar yarad\u0131lmas\u0131nda yard\u0131ma yetir\u0259c\u0259yik.\n<\/p>\n<p>\n  <b><br \/>\n    <i><br \/>\n      Strategiyada \u00c7i\u00e7\u0259kl\u0259nm\u0259 eyniadl\u0131 f\u0259sild\u0259 a\u015fa\u011f\u0131dak\u0131 kimi g\u00f6r\u00fcn\u00fcr:<br \/>\n    <\/i><br \/>\n  <\/b>\n<\/p>\n<p>\n  Birl\u0259\u015fmi\u015f \u015etatlar\u0131n bazar v\u0259 t\u0259hsil imkanlar\u0131 g\u0259l\u0259c\u0259k n\u0259sil qlobal sahibkarlara qlobal orta sinfin inki\u015faf\u0131n\u0131 d\u0259st\u0259kl\u0259m\u0259y\u0259 k\u00f6m\u0259k ed\u0259c\u0259k. M\u00fcnaqi\u015f\u0259nin qar\u015f\u0131s\u0131n\u0131n al\u0131nmas\u0131 v\u0259 insan l\u0259yaq\u0259tinin t\u0259\u015fviqi \u00fc\u00e7\u00fcn biz h\u0259m\u00e7inin h\u0259dsiz yoxsullu\u011fun aradan qald\u0131r\u0131lmas\u0131 v\u0259 qeyri-b\u0259rab\u0259rliyin azald\u0131lmas\u0131 siyas\u0259ti h\u0259yata ke\u00e7ir\u0259c\u0259yik.\n<\/p>\n<p>\n  Bizim \u201cG\u00fccl\u00fc Afrika\u201d, \u201cTicari Afrika\u201d, \u201cYem\u0259k v\u0259 g\u0259l\u0259c\u0259k\u201d, \u201cA\u00e7\u0131q c\u0259miyy\u0259t t\u0259r\u0259fda\u015fl\u0131\u011f\u0131\u201d kimi inki\u015faf t\u0259\u015f\u0259bb\u00fcsl\u0259rimizl\u0259 is\u0259 inkl\u00fcziv iqtisadi inki\u015fafa t\u0259kan verm\u0259k, korrupsiyan\u0131 azaltmaq, yerli s\u0259viyy\u0259d\u0259 imkanlar yaratmaq \u00fc\u00e7\u00fcn h\u00f6kum\u0259tl\u0259r, \u00f6z\u0259l sektor v\u0259 v\u0259t\u0259nda\u015f c\u0259miyy\u0259ti il\u0259 s\u0131x \u0259m\u0259kda\u015fl\u0131\u011f\u0131 davam etdir\u0259c\u0259yik. \u018fsas infrastruktur obyektl\u0259rin\u0259 v\u0259 t\u0259hl\u00fck\u0259sizliy\u0259 investisiyalar \u00f6lk\u0259l\u0259r, x\u00fcsus\u0259n inki\u015faf etm\u0259kd\u0259 olan iqtisadiyyatlar aras\u0131nda ticar\u0259tin inki\u015faf\u0131na \u015f\u0259rait yaradacaq.\n<\/p>\n<p>\n  <b><br \/>\n    <i><br \/>\n      \u018fsas diqq\u0259t D\u0259y\u0259rl\u0259r\u0259 yetirilir:<br \/>\n    <\/i><br \/>\n  <\/b>\n<\/p>\n<p>\n  M\u00fch\u00fcm siyasi d\u0259yi\u015fiklikl\u0259r ya\u015fayan d\u00fcnyada s\u0259m\u0259r\u0259li liderlik \u00fc\u00e7\u00fcn Birl\u0259\u015fmi\u015f \u015etatlar xaricd\u0259 universal d\u0259y\u0259rl\u0259ri t\u0259\u015fviq etm\u0259kl\u0259 birlikd\u0259, v\u0259t\u0259nd\u0259 \u00f6z d\u0259y\u0259rl\u0259rin\u0259 riay\u0259t etm\u0259lidirl\u0259r. Yax\u0131n \u015e\u0259rqd\u0259n Ukraynaya v\u0259 C\u0259nub-\u015e\u0259rqi Asiyadan \u015eimali v\u0259 C\u0259nubi Amerikaya q\u0259d\u0259r insanlar b\u00f6y\u00fck azadl\u0131\u011fa v\u0259 hakimiyy\u0259t institutlar\u0131n\u0131n m\u0259suliyy\u0259tliliyin\u0259 can atark\u0259n daha b\u00f6y\u00fck imkanlar \u0259ld\u0259 edibl\u0259r. Amma bu insan t\u0259l\u0259batlar\u0131 ad\u0259t\u0259n g\u00f6zd\u0259n d\u00fc\u015fm\u00fc\u015f avtoritar rejiml\u0259rin himay\u0259\u00e7il\u0259rinin eyni \u015f\u0259kild\u0259 qar\u015f\u0131 \u00e7\u0131xmas\u0131na s\u0259b\u0259b olur ki, bu da onlara qar\u015f\u0131 m\u00fcqavim\u0259t v\u0259 m\u00fcnaqi\u015f\u0259l\u0259rl\u0259 yekunla\u015f\u0131r. Son ill\u0259r t\u0259hl\u00fck\u0259sizliyimiz\u0259 qar\u015f\u0131 t\u0259hl\u00fck\u0259l\u0259rin \u0259ks\u0259riyy\u0259ti avtoritar \u00f6lk\u0259l\u0259rin onlara qar\u015f\u0131 g\u0259l\u0259n demokratik q\u00fcvv\u0259l\u0259rl\u0259 m\u00fcbariz\u0259 f\u0259aliyy\u0259ti il\u0259 \u0259laq\u0259dar yaran\u0131b \u2013 Rusiyan\u0131n Ukraynaya qar\u015f\u0131 t\u0259cav\u00fcz\u00fc il\u0259 ba\u011fl\u0131 b\u00f6hrandan ba\u015flayaraq v\u0259 Suriya v\u0259t\u0259nda\u015f m\u00fcharib\u0259sind\u0259 \u0130\u015e\u0130D-in ortaya \u00e7\u0131xmas\u0131na q\u0259d\u0259r. B\u00f6y\u00fck imkanlar\u0131m\u0131z\u0131n \u0259ks\u0259riyy\u0259ti Saxaradan c\u0259nubdan v\u0259 \u015e\u0259rqi Avropadan ba\u015flayaraq, Birmaya q\u0259d\u0259r azadl\u0131q v\u0259 qanunun \u00fcst\u00fcnl\u00fcy\u00fcn\u00fcn yaranmas\u0131 say\u0259sind\u0259 ortaya \u00e7\u0131x\u0131b.\n<\/p>\n<p>\n  Demokratiya v\u0259 insan h\u00fcquqlar\u0131n\u0131n m\u00fcdafi\u0259si b\u00fct\u00fcn strateji milli maraqlarla ba\u011fl\u0131d\u0131r. Bu, bizi b\u00fct\u00fcn d\u00fcnyada sad\u0259 etibarl\u0131 insanlarla do\u011fmala\u015fd\u0131r\u0131r. Biz \u00f6z tariximizd\u0259n bilirik ki, azadl\u0131q u\u011frunda m\u00fcbariz\u0259 u\u011fura m\u0259hkumdursa, insanlar \u00f6z m\u00fcbariz\u0259l\u0259rini aparmal\u0131d\u0131rlar. Amma Amerikan\u0131n v\u0259ziyy\u0259ti x\u00fcsusidir v\u0259 ondan ad\u0259t\u0259n dinc yolla demokratik ke\u00e7id\u0259 d\u0259st\u0259k g\u00f6zl\u0259yirl\u0259r. Biz d\u00fcnyada insan h\u00fcquqlar\u0131 \u00fczr\u0259 normalar\u0131n g\u00fccl\u0259nm\u0259si v\u0259 geni\u015fl\u0259ndirilm\u0259si \u00fc\u00e7\u00fcn beyn\u0259lxalq d\u0259st\u0259yi s\u0259f\u0259rb\u0259r etm\u0259y\u0259 davam ed\u0259c\u0259yik. Biz inki\u015faf\u0131n apar\u0131c\u0131 q\u00fcvv\u0259l\u0259ri olan qad\u0131nlar\u0131, g\u0259ncl\u0259ri, v\u0259t\u0259nda\u015f c\u0259miyy\u0259tini, jurnalistl\u0259ri v\u0259 sahibkarlar\u0131 d\u0259st\u0259kl\u0259y\u0259c\u0259yik. H\u00f6kum\u0259tl\u0259rin insan h\u00fcquqlar\u0131n\u0131n m\u00fcdafi\u0259si \u00fczr\u0259 \u00f6hd\u0259likl\u0259rin\u0259 riay\u0259t etm\u0259li oldu\u011funda israr ed\u0259c\u0259yik, harada ba\u015f verm\u0259sind\u0259n as\u0131l\u0131 olmayaraq, repressiyalara etiraz ed\u0259c\u0259yik v\u0259 k\u00fctl\u0259vi cinay\u0259tl\u0259r\u0259 qar\u015f\u0131 m\u00fcdafi\u0259 v\u0259 laz\u0131m g\u0259l\u0259rs\u0259, m\u0259suliyy\u0259t \u00fcz\u0259rind\u0259 \u00e7al\u0131\u015faca\u011f\u0131q.\n<\/p>\n<p>\n  H\u0259mi\u015f\u0259 oldu\u011fu kimi, bu \u015f\u0259raitd\u0259 \u0259n etibarl\u0131 m\u00fctt\u0259fiql\u0259rimiz dig\u0259r demokratik \u00f6lk\u0259l\u0259r olacaq. Amma b\u00fct\u00fcn d\u0259y\u0259rl\u0259rimizi b\u00f6l\u00fc\u015fm\u0259y\u0259n h\u00f6kum\u0259tl\u0259rl\u0259 m\u00fcnasib\u0259tl\u0259r qurmal\u0131 oldu\u011fumuz hallarda bel\u0259 insan h\u00fcquqlar\u0131n\u0131 v\u0259 demokratik d\u0259y\u0259rl\u0259ri ucadan d\u0259st\u0259kl\u0259y\u0259c\u0259yik. H\u00fcquq m\u00fcdafi\u0259 f\u0259aliyy\u0259timizin m\u00fcxt\u0259lif t\u0259r\u0259fda\u015flarla ittifaq \u015f\u0259klind\u0259 daha s\u0259m\u0259r\u0259li olmas\u0131 say\u0259sind\u0259 v\u0259t\u0259nda\u015f c\u0259miyy\u0259ti, dini liderl\u0259r, biznes, dig\u0259r h\u00f6kum\u0259tl\u0259r v\u0259 beyn\u0259lxalq t\u0259\u015fkilatlarla ittifaqlar quraca\u011f\u0131q. Biz h\u0259m\u00e7inin informasiya v\u0259 s\u00f6z azadl\u0131\u011f\u0131n\u0131n m\u0259hdudla\u015fd\u0131r\u0131lmas\u0131 \u00fczr\u0259 \u0259ks t\u0259sir g\u00f6st\u0259r\u0259n s\u0259yl\u0259rl\u0259 \u0259laq\u0259dar h\u00fcquqlara t\u0259l\u0259bat artd\u0131qca, insanlar\u0131n eyni h\u00fcquqlardan v\u0259 t\u0259hl\u00fck\u0259sizlikd\u0259n z\u0259man\u0259tli olaraq yararlana bilm\u0259si \u00fcz\u0259rind\u0259 i\u015fl\u0259y\u0259c\u0259yik.\n<\/p>\n<p>\n  <b><br \/>\n    <i><br \/>\n      Strategiyada beyn\u0259lxalq sabitlik v\u0259 t\u0259hl\u00fck\u0259sizlik sisteminin elementl\u0259ri kimi inki\u015faf etm\u0259kd\u0259 olan demokratiyalara ayr\u0131ca diqq\u0259t yetirilir:<br \/>\n    <\/i><br \/>\n  <\/b>\n<\/p>\n<p>\n  Birl\u0259\u015fmi\u015f \u015etatlar \u00f6z diqq\u0259tl\u0259rini v\u0259 resurslar\u0131n\u0131 \u00f6z s\u0259yl\u0259rini birl\u0259\u015fdir\u0259 v\u0259 daha demokratik v\u0259 m\u00f6t\u0259b\u0259r idar\u0259etm\u0259 sisteml\u0259rin\u0259 nail ola bilm\u0259si \u00fc\u00e7\u00fcn \u00f6lk\u0259l\u0259r\u0259 k\u00f6m\u0259k g\u00f6st\u0259rm\u0259y\u0259 y\u00f6n\u0259ldir. Bizim diqq\u0259timiz do\u011fru istiqam\u0259td\u0259 h\u0259r\u0259k\u0259t ed\u0259n \u00f6lk\u0259l\u0259r\u0259 y\u00f6n\u0259lir.\n<\/p>\n<p>\n  \u018fsrin son r\u00fcb\u00fcnd\u0259 meydanda \u00f6z h\u00fcquqlar\u0131n\u0131 t\u0259l\u0259b etm\u0259kd\u0259n onlar\u0131n icras\u0131na z\u0259man\u0259t ver\u0259n institutlar\u0131n qurulmas\u0131na v\u0259 demokratik d\u0259yi\u015fiklikl\u0259r\u0259 q\u0259d\u0259r yolda \u015e\u0259rqi Avropa, Lat\u0131n Amerikas\u0131, Afrika v\u0259 \u015e\u0259rqi Asiya \u00f6lk\u0259l\u0259ri u\u011fursuzluqlarla da qar\u015f\u0131la\u015f\u0131blar. Bel\u0259 ki, m\u0259s\u0259l\u0259n, \u018fr\u0259b d\u00fcnyas\u0131nda \u2013 demokratiya \u0259n\u0259n\u0259l\u0259ri daha z\u0259if, siyasi elitalar\u0131 daha n\u00fcfuzlu, m\u00fcxt\u0259lif konfessiyalar n\u00fcmay\u0259nd\u0259l\u0259ri aras\u0131nda qar\u015f\u0131durmalar v\u0259 f\u0259al ekstremistl\u0259ri olan regionda yay\u0131lan \u00fcsyanlar\u0131n z\u0259f\u0259rd\u0259n \u00e7ox m\u0259\u011flubiyy\u0259t\u0259 d\u00fc\u00e7ar olmas\u0131nda t\u0259\u0259cc\u00fcbl\u00fc he\u00e7 n\u0259 yoxdur. Bununla bel\u0259, Yax\u0131n \u015e\u0259rqd\u0259 v\u0259 \u015eimali Afrikada, el\u0259c\u0259 d\u0259 dissidentl\u0259rin s\u00fcni susqunlu\u011fu il\u0259 m\u00fc\u015faiy\u0259t olunan sabitlik x\u00fclyas\u0131 olan b\u00fct\u00fcn dig\u0259r \u00f6lk\u0259l\u0259rd\u0259 d\u0259yi\u015fiklikl\u0259r z\u0259ruridir.\n<\/p>\n<p>\n  Amma bu d\u0259yi\u015fiklikl\u0259rin n\u0259tic\u0259l\u0259ri \u0259vv\u0259lc\u0259d\u0259n m\u00fc\u0259yy\u0259n olunmay\u0131b. Buna g\u00f6r\u0259 biz demokratik d\u0259yi\u015fiklikl\u0259r zaman\u0131 yaranan u\u011furlar\u0131n d\u0259st\u0259kl\u0259nm\u0259si v\u0259 \u00e7\u0259tinlikl\u0259rin yum\u015fald\u0131lmas\u0131 \u00fc\u00e7\u00fcn etibarl\u0131 d\u0259st\u0259k, investisiya v\u0259 ticar\u0259t, habel\u0259 siyasi, iqtisadi islahatlar\u0131n v\u0259 t\u0259hl\u00fck\u0259sizlik sah\u0259sind\u0259 islahatlar\u0131n h\u0259yata ke\u00e7irilm\u0259sind\u0259 k\u00f6m\u0259k vasit\u0259sil\u0259 yeni d\u0259st\u0259k \u00fcsullar\u0131 axtarma\u011fa davam ed\u0259c\u0259yik. Tam h\u0259cmd\u0259 d\u0259yi\u015fiklikl\u0259r h\u0259yata ke\u00e7irm\u0259y\u0259n avtoritar \u00f6lk\u0259l\u0259rd\u0259 islahatlar\u0131 t\u0259\u015fviq etm\u0259y\u0259 davam ed\u0259c\u0259yik. Yax\u015f\u0131 idar\u0259etm\u0259 hakimiyy\u0259t-c\u0259miyy\u0259t m\u00fcnasib\u0259tl\u0259rinin g\u00fccl\u0259nm\u0259sini n\u0259z\u0259rd\u0259 tutur. V\u0259t\u0259nda\u015flar\u0131n onlar\u0131n maraqlar\u0131na toxunan bu v\u0259 ya dig\u0259r q\u0259rar\u0131n q\u0259bulunda s\u0259s h\u00fcququ olduqda h\u00f6kum\u0259tl\u0259r \u0259n yax\u015f\u0131 q\u0259rarlar q\u0259bul etm\u0259k imkan\u0131na malik olur v\u0259 v\u0259t\u0259nda\u015flar onlar\u0131n h\u0259yata ke\u00e7irilm\u0259sind\u0259, i\u015fl\u0259nib haz\u0131rlanmas\u0131nda v\u0259 m\u00fczakir\u0259sind\u0259 daha h\u0259v\u0259sl\u0259 i\u015ftirak edirl\u0259r.\n<\/p>\n<p>\n  Korrupsiyan\u0131n da\u011f\u0131d\u0131c\u0131 n\u0259tic\u0259l\u0259ri aradan qald\u0131r\u0131lmal\u0131d\u0131r. \u0130nformasiya m\u00fcbadil\u0259si biz\u0259 korrupsiyaya u\u011frayan \u015f\u0259xsl\u0259ri daha yax\u015f\u0131 m\u00fc\u0259yy\u0259n etm\u0259k imkan\u0131 vers\u0259 d\u0259, qloballa\u015fma onlar\u0131n korrupsiyan\u0131 xaric\u0259 ixrac etm\u0259k imkanlar\u0131n\u0131 asanla\u015fd\u0131r\u0131b, bu da qeyri-leqal maliyy\u0259 vasit\u0259l\u0259rin\u0259 qar\u015f\u0131 m\u00fcbariz\u0259 \u00fczr\u0259 beyn\u0259lxalq standartlar\u0131n ciddi v\u0259 ard\u0131c\u0131l t\u0259tbiqi z\u0259rur\u0259tini art\u0131r\u0131b.\n<\/p>\n<p>\n  Daha a\u00e7\u0131q, m\u0259suliyy\u0259tli v\u0259 hesabatl\u0131 idar\u0259etm\u0259 m\u0259kan\u0131nda bizim liderliyimiz a\u00e7\u0131q-a\u015fkar g\u00f6st\u0259rir ki, demokratiya sad\u0259 insanlar \u00fc\u00e7\u00fcn daha yax\u015f\u0131 idar\u0259etm\u0259 v\u0259 inki\u015faf\u0131 t\u0259min ed\u0259 bil\u0259r.\n<\/p>\n<p>\n  <b><br \/>\n    <i><br \/>\n      V\u0259t\u0259nda\u015f c\u0259miyy\u0259tin\u0259 k\u00f6m\u0259k haqq\u0131nda<br \/>\n    <\/i><br \/>\n  <\/b>\n<\/p>\n<p>\n  Demokratiya t\u0259kc\u0259 se\u00e7kil\u0259rd\u0259n v\u0259 ya idar\u0259etm\u0259 institutlar\u0131ndan deyil, h\u0259m d\u0259 insanlara \u00f6z liderl\u0259rini m\u0259suliyy\u0259t\u0259 c\u0259lb etm\u0259k v\u0259 probleml\u0259rini h\u0259ll etm\u0259k imkan\u0131 ver\u0259n v\u0259t\u0259nda\u015f c\u0259miyy\u0259tind\u0259n as\u0131l\u0131d\u0131r. \u0130nsanlara maraqlar\u0131n\u0131 t\u0259qdim etm\u0259k v\u0259 q\u0259z\u0259bl\u0259rini ifad\u0259 etm\u0259k \u00fc\u00e7\u00fcn dinc vasit\u0259l\u0259r ver\u0259n azad v\u0259 \u00e7i\u00e7\u0259kl\u0259nmi\u015f v\u0259t\u0259nda\u015f c\u0259miyy\u0259ti sabitliy\u0259 \u015f\u0259rait yarad\u0131r v\u0259 ekstremizmin amans\u0131zl\u0131\u011f\u0131na qar\u015f\u0131 m\u00fcbariz\u0259 aparma\u011fa imkan verir.\n<\/p>\n<p>\n  \u0130ndiy\u0259d\u0259k b\u00fct\u00fcn d\u00fcnyada v\u0259t\u0259nda\u015f c\u0259miyy\u0259tl\u0259ri v\u0259 ayr\u0131-ayr\u0131 f\u0259allar probleml\u0259rl\u0259 qar\u015f\u0131la\u015f\u0131r. Texnologiyalar f\u0259allara v\u0259 qeyri-d\u00f6vl\u0259t qruplar\u0131na korrupsiyaya qar\u015f\u0131 m\u00fcbariz\u0259d\u0259n v\u0259 h\u00fcquqi sistemin t\u0259kmill\u0259\u015fdirilm\u0259sind\u0259n t\u0259bi\u0259tin m\u00fcdafi\u0259sin\u0259 q\u0259d\u0259r bir \u00e7ox m\u0259s\u0259l\u0259l\u0259rd\u0259 birl\u0259\u015fm\u0259k imkan\u0131 verib. Amma avtoritar \u00f6lk\u0259l\u0259rin v\u0259 h\u0259tta daha demokratik \u00f6lk\u0259l\u0259rin siyasi elitalar\u0131 v\u0259t\u0259nda\u015f c\u0259miyy\u0259tinin imkanlar\u0131n\u0131 m\u0259hdudla\u015fd\u0131r\u0131r. Bir qayda olaraq, m\u0259hdudiyy\u0259tl\u0259r v\u0259t\u0259nda\u015f c\u0259miyy\u0259tinin as\u0131l\u0131 oldu\u011fu xarici fondlar\u0131n f\u0259aliyy\u0259tini qada\u011fan ed\u0259n yeni qanunlar v\u0259 normalar vasit\u0259sil\u0259 t\u0259tbiq olunur, LGBT kimi azl\u0131qlar\u0131 kriminalla\u015fd\u0131r\u0131r v\u0259 ya m\u00fcxalif siyasi qruplar\u0131n azad dinc etirazlar ke\u00e7irm\u0259sini m\u0259hdudla\u015fd\u0131r\u0131r. Birl\u0259\u015fmi\u015f \u015etatlar v\u0259t\u0259nda\u015f c\u0259miyy\u0259tl\u0259rin\u0259 birba\u015fa yard\u0131m g\u00f6st\u0259rm\u0259kl\u0259 v\u0259 v\u0259t\u0259nda\u015f h\u00fcquqlar\u0131n\u0131 pozan qanun v\u0259 normalardan imtinan\u0131n t\u0259\u015fviqi il\u0259 bu trendl\u0259r\u0259 m\u00fcqavim\u0259t g\u00f6st\u0259rir. Biz h\u0259m\u00e7inin informasiyaya \u00e7\u0131x\u0131\u015f\u0131 geni\u015fl\u0259ndir\u0259n, \u00f6z n\u00f6qteyi-n\u0259z\u0259rini ifad\u0259 etm\u0259k imkan\u0131 ver\u0259n v\u0259 bu m\u00fcbariz\u0259d\u0259 b\u00fct\u00fcn d\u00fcnyada v\u0259t\u0259nda\u015f c\u0259miyy\u0259ti qruplar\u0131n\u0131 birl\u0259\u015fdir\u0259n texnologiyalar\u0131 d\u0259st\u0259kl\u0259yirik.\n<\/p>\n<p>\n  <b><br \/>\n    <i><br \/>\n      K\u00fctl\u0259vi zorak\u0131l\u0131qdan m\u00fcdafi\u0259<br \/>\n    <\/i><br \/>\n  <\/b>\n<\/p>\n<p>\n  Bilirik ki, k\u00fctl\u0259vi zorak\u0131l\u0131q riski v\u0259t\u0259nda\u015flar\u0131n \u0259sas h\u00fcquq v\u0259 azadl\u0131qlar\u0131ndan m\u0259hrum oldu\u011fu, h\u00f6kum\u0259t\u0259 n\u0259zar\u0259t ed\u0259 bilm\u0259dikl\u0259ri v\u0259 ya yoxsulluq v\u0259 amans\u0131z m\u00fcnaqi\u015f\u0259 il\u0259 qar\u015f\u0131la\u015fd\u0131qlar\u0131 yerd\u0259 yaran\u0131r. Biz h\u00f6kum\u0259tin a\u00e7\u0131q-a\u015fkar \u00f6z xalq\u0131n\u0131 qorumaq v\u0259 c\u0259miyy\u0259td\u0259 k\u00fctl\u0259vi zorak\u0131l\u0131\u011f\u0131n qar\u015f\u0131s\u0131n\u0131 almaq imkan\u0131n\u0131n olmad\u0131\u011f\u0131 hallarda bu m\u0259suliyy\u0259tin beyn\u0259lxalq ictimaiyy\u0259t\u0259 ke\u00e7m\u0259si il\u0259 ba\u011fl\u0131 beyn\u0259lxalq konsensusa d\u0259st\u0259k ifad\u0259 edirik. Biz zorak\u0131l\u0131qdan m\u00fcdafi\u0259 v\u0259 insan h\u00fcquqlar\u0131n\u0131n \u0259n pis pozuntular\u0131nda t\u0259qsirli olanlar\u0131n m\u0259suliyy\u0259t\u0259 c\u0259lb edilm\u0259si \u00fc\u00e7\u00fcn beyn\u0259lxalq ictimaiyy\u0259tl\u0259 \u0259m\u0259kda\u015fl\u0131q ed\u0259c\u0259yik, o c\u00fcml\u0259d\u0259n Amerika qanunlar\u0131 v\u0259 hey\u0259timiz\u0259 d\u0259st\u0259k \u00fczr\u0259 \u00f6hd\u0259likl\u0259r \u00e7\u0259r\u00e7iv\u0259sind\u0259 Beyn\u0259lxalq Cinay\u0259t M\u0259hk\u0259m\u0259sin\u0259 d\u0259st\u0259k vasit\u0259sil\u0259. Bundan ba\u015fqa, milli g\u00fcc\u00fcn b\u00fct\u00fcn al\u0259tl\u0259rind\u0259n istifad\u0259 ed\u0259r\u0259k, k\u00fctl\u0259vi zorak\u0131l\u0131qdan m\u00fcdafi\u0259 v\u0259 onun qar\u015f\u0131s\u0131n\u0131n al\u0131nmas\u0131 \u00fczr\u0259 kollektiv t\u0259dbirl\u0259rimizi m\u00f6hk\u0259ml\u0259ndirm\u0259k \u00fc\u00e7\u00fcn m\u00fctt\u0259fiql\u0259rimizi v\u0259 t\u0259r\u0259fda\u015flar\u0131m\u0131z\u0131 birl\u0259\u015fdirm\u0259y\u0259 davam ed\u0259c\u0259yik.\n<\/p>\n<p>\n  <b><br \/>\n    <i><br \/>\n      Strategiyada Az\u0259rbaycan\u0131n yeri<br \/>\n    <\/i><br \/>\n  <\/b>\n<\/p>\n<p>\n  Bel\u0259likl\u0259, insan h\u00fcquqlar\u0131n\u0131n, azadl\u0131qlar\u0131n\u0131n pozulmas\u0131, v\u0259t\u0259nda\u015f c\u0259miyy\u0259tinin bo\u011fulmas\u0131, korrupsiya v\u0259 yoxsulluq sah\u0259sind\u0259 \u00e7empion m\u00f6vqel\u0259ri olan Az\u0259rbaycan\u0131n strategiyada hans\u0131 yeri tutdu\u011funu t\u0259xmin etm\u0259k \u00e7\u0259tin deyil. Tramp\u0131n r\u0259hb\u0259rliyi alt\u0131nda AB\u015e v\u0259 \u018fliyevin r\u0259hb\u0259rliyi alt\u0131nda Az\u0259rbaycan aras\u0131nda b\u00fct\u00fcn n\u00f6vb\u0259ti m\u00fcnasib\u0259tl\u0259rin Az\u0259rbaycan liderinin h\u0259r\u0259k\u0259tl\u0259rind\u0259n as\u0131l\u0131 olaraq qurulaca\u011f\u0131n\u0131 g\u00f6zl\u0259m\u0259k olar: ya Az\u0259rbaycan demokratik inki\u015fafda t\u0259r\u0259fda\u015f \u00f6lk\u0259l\u0259r s\u0131ras\u0131na daxil olacaq, ya da Amerika strategiyas\u0131n\u0131n t\u0259tbiq edil\u0259c\u0259yi izqoy \u00f6lk\u0259l\u0259r c\u0259rg\u0259sind\u0259 m\u00f6hk\u0259ml\u0259n\u0259c\u0259k. \u00dc\u00e7\u00fcnc\u00fc se\u00e7im yoxdur. AB\u015e, \u00e7\u0259tin ki, \u00f6z Strategiyas\u0131n\u0131n Az\u0259rbaycandak\u0131 avtoritar rejimin Strategiyas\u0131na uy\u011funla\u015fd\u0131rs\u0131n. \u0130ki \u00f6lk\u0259 aras\u0131nda m\u00fcnasib\u0259tl\u0259rin g\u0259rgin oldu\u011fu son iki il yaln\u0131z Amerikan\u0131n Liderlik strategiyas\u0131n\u0131n Az\u0259rbaycana qar\u015f\u0131 s\u0259rt x\u0259ttinin h\u0259yata ke\u00e7irilm\u0259sinin siqnal\u0131d\u0131r.<\/p>\n","protected":false},"excerpt":{"rendered":"<p>Ya Az\u0259rbaycan demokratik inki\u015fafda t\u0259r\u0259fda\u015f \u00f6lk\u0259l\u0259r s\u0131ras\u0131na daxil olacaq, ya da Amerika strategiyas\u0131n\u0131n t\u0259tbiq edil\u0259c\u0259yi izqoy \u00f6lk\u0259l\u0259r c\u0259rg\u0259sind\u0259 m\u00f6hk\u0259ml\u0259n\u0259c\u0259k<\/p>\n","protected":false},"author":11,"featured_media":73073,"comment_status":"closed","ping_status":"open","sticky":false,"template":"","format":"standard","meta":{"_acf_changed":false,"_sitemap_exclude":false,"_sitemap_priority":"","_sitemap_frequency":"","footnotes":""},"categories":[51],"tags":[],"class_list":["post-180417","post","type-post","status-publish","format-standard","has-post-thumbnail","hentry","category-analitika","infinite-scroll-item","generate-columns","tablet-grid-50","mobile-grid-100","grid-parent","grid-33","no-featured-image-padding"],"acf":[],"yoast_head":"<!-- This site is optimized with the Yoast SEO plugin v27.5 - https:\/\/yoast.com\/product\/yoast-seo-wordpress\/ -->\n<title>Tramp v\u0259 AB\u015e-\u0131n Milli T\u0259hl\u00fck\u0259sizlik Strategiyas\u0131 - MEYDAN.TV<\/title>\n<meta name=\"robots\" content=\"index, follow, max-snippet:-1, max-image-preview:large, max-video-preview:-1\" \/>\n<link rel=\"canonical\" href=\"https:\/\/www.meydan.tv\/az\/article\/tramp-ve-abs-in-milli-tehlukesizlik-strategiyasi\/\" \/>\n<meta property=\"og:locale\" content=\"az_AZ\" \/>\n<meta property=\"og:type\" content=\"article\" \/>\n<meta property=\"og:title\" content=\"Tramp v\u0259 AB\u015e-\u0131n Milli T\u0259hl\u00fck\u0259sizlik Strategiyas\u0131 - MEYDAN.TV\" \/>\n<meta property=\"og:description\" content=\"Ya Az\u0259rbaycan demokratik inki\u015fafda t\u0259r\u0259fda\u015f \u00f6lk\u0259l\u0259r s\u0131ras\u0131na daxil olacaq, ya da Amerika strategiyas\u0131n\u0131n t\u0259tbiq edil\u0259c\u0259yi izqoy \u00f6lk\u0259l\u0259r c\u0259rg\u0259sind\u0259 m\u00f6hk\u0259ml\u0259n\u0259c\u0259k\" \/>\n<meta property=\"og:url\" content=\"https:\/\/www.meydan.tv\/az\/article\/tramp-ve-abs-in-milli-tehlukesizlik-strategiyasi\/\" \/>\n<meta property=\"og:site_name\" content=\"MEYDAN.TV\" \/>\n<meta property=\"article:published_time\" content=\"2016-11-15T13:55:47+00:00\" \/>\n<meta property=\"og:image\" content=\"https:\/\/www.meydan.tv\/wp-content\/uploads\/28188.jpg\" \/>\n\t<meta property=\"og:image:width\" content=\"1180\" \/>\n\t<meta property=\"og:image:height\" content=\"842\" \/>\n\t<meta property=\"og:image:type\" content=\"image\/jpeg\" \/>\n<meta name=\"author\" content=\"user-manager\" \/>\n<meta name=\"twitter:card\" content=\"summary_large_image\" \/>\n<script type=\"application\/ld+json\" class=\"yoast-schema-graph\">{\"@context\":\"https:\\\/\\\/schema.org\",\"@graph\":[{\"@type\":\"Article\",\"@id\":\"https:\\\/\\\/www.meydan.tv\\\/az\\\/article\\\/tramp-ve-abs-in-milli-tehlukesizlik-strategiyasi\\\/#article\",\"isPartOf\":{\"@id\":\"https:\\\/\\\/www.meydan.tv\\\/az\\\/article\\\/tramp-ve-abs-in-milli-tehlukesizlik-strategiyasi\\\/\"},\"author\":{\"name\":\"user-manager\",\"@id\":\"https:\\\/\\\/www.meydan.tv\\\/az\\\/#\\\/schema\\\/person\\\/10d11eccf6da3662cf5fdab9806ea91a\"},\"headline\":\"Tramp v\u0259 AB\u015e-\u0131n Milli T\u0259hl\u00fck\u0259sizlik Strategiyas\u0131\",\"datePublished\":\"2016-11-15T13:55:47+00:00\",\"mainEntityOfPage\":{\"@id\":\"https:\\\/\\\/www.meydan.tv\\\/az\\\/article\\\/tramp-ve-abs-in-milli-tehlukesizlik-strategiyasi\\\/\"},\"wordCount\":3463,\"publisher\":{\"@id\":\"https:\\\/\\\/www.meydan.tv\\\/az\\\/#organization\"},\"image\":{\"@id\":\"https:\\\/\\\/www.meydan.tv\\\/az\\\/article\\\/tramp-ve-abs-in-milli-tehlukesizlik-strategiyasi\\\/#primaryimage\"},\"thumbnailUrl\":\"https:\\\/\\\/www.meydan.tv\\\/wp-content\\\/uploads\\\/28188-e1680405512842.jpg\",\"articleSection\":[\"Analitika\"],\"inLanguage\":\"az\"},{\"@type\":\"WebPage\",\"@id\":\"https:\\\/\\\/www.meydan.tv\\\/az\\\/article\\\/tramp-ve-abs-in-milli-tehlukesizlik-strategiyasi\\\/\",\"url\":\"https:\\\/\\\/www.meydan.tv\\\/az\\\/article\\\/tramp-ve-abs-in-milli-tehlukesizlik-strategiyasi\\\/\",\"name\":\"Tramp v\u0259 AB\u015e-\u0131n Milli T\u0259hl\u00fck\u0259sizlik Strategiyas\u0131 - MEYDAN.TV\",\"isPartOf\":{\"@id\":\"https:\\\/\\\/www.meydan.tv\\\/az\\\/#website\"},\"primaryImageOfPage\":{\"@id\":\"https:\\\/\\\/www.meydan.tv\\\/az\\\/article\\\/tramp-ve-abs-in-milli-tehlukesizlik-strategiyasi\\\/#primaryimage\"},\"image\":{\"@id\":\"https:\\\/\\\/www.meydan.tv\\\/az\\\/article\\\/tramp-ve-abs-in-milli-tehlukesizlik-strategiyasi\\\/#primaryimage\"},\"thumbnailUrl\":\"https:\\\/\\\/www.meydan.tv\\\/wp-content\\\/uploads\\\/28188-e1680405512842.jpg\",\"datePublished\":\"2016-11-15T13:55:47+00:00\",\"breadcrumb\":{\"@id\":\"https:\\\/\\\/www.meydan.tv\\\/az\\\/article\\\/tramp-ve-abs-in-milli-tehlukesizlik-strategiyasi\\\/#breadcrumb\"},\"inLanguage\":\"az\",\"potentialAction\":[{\"@type\":\"ReadAction\",\"target\":[\"https:\\\/\\\/www.meydan.tv\\\/az\\\/article\\\/tramp-ve-abs-in-milli-tehlukesizlik-strategiyasi\\\/\"]}]},{\"@type\":\"ImageObject\",\"inLanguage\":\"az\",\"@id\":\"https:\\\/\\\/www.meydan.tv\\\/az\\\/article\\\/tramp-ve-abs-in-milli-tehlukesizlik-strategiyasi\\\/#primaryimage\",\"url\":\"https:\\\/\\\/www.meydan.tv\\\/wp-content\\\/uploads\\\/28188-e1680405512842.jpg\",\"contentUrl\":\"https:\\\/\\\/www.meydan.tv\\\/wp-content\\\/uploads\\\/28188-e1680405512842.jpg\",\"width\":1180,\"height\":702,\"caption\":\"D.Tramp. Foto: arxiv\"},{\"@type\":\"BreadcrumbList\",\"@id\":\"https:\\\/\\\/www.meydan.tv\\\/az\\\/article\\\/tramp-ve-abs-in-milli-tehlukesizlik-strategiyasi\\\/#breadcrumb\",\"itemListElement\":[{\"@type\":\"ListItem\",\"position\":1,\"name\":\"Ana s\u0259hif\u0259\",\"item\":\"https:\\\/\\\/www.meydan.tv\\\/az\\\/\"},{\"@type\":\"ListItem\",\"position\":2,\"name\":\"Analitika\",\"item\":\"https:\\\/\\\/www.meydan.tv\\\/az\\\/section\\\/analitika\\\/\"},{\"@type\":\"ListItem\",\"position\":3,\"name\":\"Tramp v\u0259 AB\u015e-\u0131n Milli T\u0259hl\u00fck\u0259sizlik Strategiyas\u0131\"}]},{\"@type\":\"WebSite\",\"@id\":\"https:\\\/\\\/www.meydan.tv\\\/az\\\/#website\",\"url\":\"https:\\\/\\\/www.meydan.tv\\\/az\\\/\",\"name\":\"MEYDAN.TV\",\"description\":\"Meydan TV Az\u0259rbaycan\u0131n media m\u0259kan\u0131ndak\u0131 alternativ s\u0259sidir\",\"publisher\":{\"@id\":\"https:\\\/\\\/www.meydan.tv\\\/az\\\/#organization\"},\"potentialAction\":[{\"@type\":\"SearchAction\",\"target\":{\"@type\":\"EntryPoint\",\"urlTemplate\":\"https:\\\/\\\/www.meydan.tv\\\/az\\\/?s={search_term_string}\"},\"query-input\":{\"@type\":\"PropertyValueSpecification\",\"valueRequired\":true,\"valueName\":\"search_term_string\"}}],\"inLanguage\":\"az\"},{\"@type\":\"Organization\",\"@id\":\"https:\\\/\\\/www.meydan.tv\\\/az\\\/#organization\",\"name\":\"Meydan TV\",\"url\":\"https:\\\/\\\/www.meydan.tv\\\/az\\\/\",\"logo\":{\"@type\":\"ImageObject\",\"inLanguage\":\"az\",\"@id\":\"https:\\\/\\\/www.meydan.tv\\\/az\\\/#\\\/schema\\\/logo\\\/image\\\/\",\"url\":\"https:\\\/\\\/www.meydan.tv\\\/wp-content\\\/uploads\\\/2021\\\/07\\\/meydan-logo.svg\",\"contentUrl\":\"https:\\\/\\\/www.meydan.tv\\\/wp-content\\\/uploads\\\/2021\\\/07\\\/meydan-logo.svg\",\"width\":195,\"height\":46,\"caption\":\"Meydan TV\"},\"image\":{\"@id\":\"https:\\\/\\\/www.meydan.tv\\\/az\\\/#\\\/schema\\\/logo\\\/image\\\/\"}},{\"@type\":\"Person\",\"@id\":\"https:\\\/\\\/www.meydan.tv\\\/az\\\/#\\\/schema\\\/person\\\/10d11eccf6da3662cf5fdab9806ea91a\",\"name\":\"user-manager\"}]}<\/script>\n<!-- \/ Yoast SEO plugin. -->","yoast_head_json":{"title":"Tramp v\u0259 AB\u015e-\u0131n Milli T\u0259hl\u00fck\u0259sizlik Strategiyas\u0131 - MEYDAN.TV","robots":{"index":"index","follow":"follow","max-snippet":"max-snippet:-1","max-image-preview":"max-image-preview:large","max-video-preview":"max-video-preview:-1"},"canonical":"https:\/\/www.meydan.tv\/az\/article\/tramp-ve-abs-in-milli-tehlukesizlik-strategiyasi\/","og_locale":"az_AZ","og_type":"article","og_title":"Tramp v\u0259 AB\u015e-\u0131n Milli T\u0259hl\u00fck\u0259sizlik Strategiyas\u0131 - MEYDAN.TV","og_description":"Ya Az\u0259rbaycan demokratik inki\u015fafda t\u0259r\u0259fda\u015f \u00f6lk\u0259l\u0259r s\u0131ras\u0131na daxil olacaq, ya da Amerika strategiyas\u0131n\u0131n t\u0259tbiq edil\u0259c\u0259yi izqoy \u00f6lk\u0259l\u0259r c\u0259rg\u0259sind\u0259 m\u00f6hk\u0259ml\u0259n\u0259c\u0259k","og_url":"https:\/\/www.meydan.tv\/az\/article\/tramp-ve-abs-in-milli-tehlukesizlik-strategiyasi\/","og_site_name":"MEYDAN.TV","article_published_time":"2016-11-15T13:55:47+00:00","og_image":[{"width":1180,"height":842,"url":"https:\/\/www.meydan.tv\/wp-content\/uploads\/28188.jpg","type":"image\/jpeg"}],"author":"user-manager","twitter_card":"summary_large_image","schema":{"@context":"https:\/\/schema.org","@graph":[{"@type":"Article","@id":"https:\/\/www.meydan.tv\/az\/article\/tramp-ve-abs-in-milli-tehlukesizlik-strategiyasi\/#article","isPartOf":{"@id":"https:\/\/www.meydan.tv\/az\/article\/tramp-ve-abs-in-milli-tehlukesizlik-strategiyasi\/"},"author":{"name":"user-manager","@id":"https:\/\/www.meydan.tv\/az\/#\/schema\/person\/10d11eccf6da3662cf5fdab9806ea91a"},"headline":"Tramp v\u0259 AB\u015e-\u0131n Milli T\u0259hl\u00fck\u0259sizlik Strategiyas\u0131","datePublished":"2016-11-15T13:55:47+00:00","mainEntityOfPage":{"@id":"https:\/\/www.meydan.tv\/az\/article\/tramp-ve-abs-in-milli-tehlukesizlik-strategiyasi\/"},"wordCount":3463,"publisher":{"@id":"https:\/\/www.meydan.tv\/az\/#organization"},"image":{"@id":"https:\/\/www.meydan.tv\/az\/article\/tramp-ve-abs-in-milli-tehlukesizlik-strategiyasi\/#primaryimage"},"thumbnailUrl":"https:\/\/www.meydan.tv\/wp-content\/uploads\/28188-e1680405512842.jpg","articleSection":["Analitika"],"inLanguage":"az"},{"@type":"WebPage","@id":"https:\/\/www.meydan.tv\/az\/article\/tramp-ve-abs-in-milli-tehlukesizlik-strategiyasi\/","url":"https:\/\/www.meydan.tv\/az\/article\/tramp-ve-abs-in-milli-tehlukesizlik-strategiyasi\/","name":"Tramp v\u0259 AB\u015e-\u0131n Milli T\u0259hl\u00fck\u0259sizlik Strategiyas\u0131 - MEYDAN.TV","isPartOf":{"@id":"https:\/\/www.meydan.tv\/az\/#website"},"primaryImageOfPage":{"@id":"https:\/\/www.meydan.tv\/az\/article\/tramp-ve-abs-in-milli-tehlukesizlik-strategiyasi\/#primaryimage"},"image":{"@id":"https:\/\/www.meydan.tv\/az\/article\/tramp-ve-abs-in-milli-tehlukesizlik-strategiyasi\/#primaryimage"},"thumbnailUrl":"https:\/\/www.meydan.tv\/wp-content\/uploads\/28188-e1680405512842.jpg","datePublished":"2016-11-15T13:55:47+00:00","breadcrumb":{"@id":"https:\/\/www.meydan.tv\/az\/article\/tramp-ve-abs-in-milli-tehlukesizlik-strategiyasi\/#breadcrumb"},"inLanguage":"az","potentialAction":[{"@type":"ReadAction","target":["https:\/\/www.meydan.tv\/az\/article\/tramp-ve-abs-in-milli-tehlukesizlik-strategiyasi\/"]}]},{"@type":"ImageObject","inLanguage":"az","@id":"https:\/\/www.meydan.tv\/az\/article\/tramp-ve-abs-in-milli-tehlukesizlik-strategiyasi\/#primaryimage","url":"https:\/\/www.meydan.tv\/wp-content\/uploads\/28188-e1680405512842.jpg","contentUrl":"https:\/\/www.meydan.tv\/wp-content\/uploads\/28188-e1680405512842.jpg","width":1180,"height":702,"caption":"D.Tramp. Foto: arxiv"},{"@type":"BreadcrumbList","@id":"https:\/\/www.meydan.tv\/az\/article\/tramp-ve-abs-in-milli-tehlukesizlik-strategiyasi\/#breadcrumb","itemListElement":[{"@type":"ListItem","position":1,"name":"Ana s\u0259hif\u0259","item":"https:\/\/www.meydan.tv\/az\/"},{"@type":"ListItem","position":2,"name":"Analitika","item":"https:\/\/www.meydan.tv\/az\/section\/analitika\/"},{"@type":"ListItem","position":3,"name":"Tramp v\u0259 AB\u015e-\u0131n Milli T\u0259hl\u00fck\u0259sizlik Strategiyas\u0131"}]},{"@type":"WebSite","@id":"https:\/\/www.meydan.tv\/az\/#website","url":"https:\/\/www.meydan.tv\/az\/","name":"MEYDAN.TV","description":"Meydan TV Az\u0259rbaycan\u0131n media m\u0259kan\u0131ndak\u0131 alternativ s\u0259sidir","publisher":{"@id":"https:\/\/www.meydan.tv\/az\/#organization"},"potentialAction":[{"@type":"SearchAction","target":{"@type":"EntryPoint","urlTemplate":"https:\/\/www.meydan.tv\/az\/?s={search_term_string}"},"query-input":{"@type":"PropertyValueSpecification","valueRequired":true,"valueName":"search_term_string"}}],"inLanguage":"az"},{"@type":"Organization","@id":"https:\/\/www.meydan.tv\/az\/#organization","name":"Meydan TV","url":"https:\/\/www.meydan.tv\/az\/","logo":{"@type":"ImageObject","inLanguage":"az","@id":"https:\/\/www.meydan.tv\/az\/#\/schema\/logo\/image\/","url":"https:\/\/www.meydan.tv\/wp-content\/uploads\/2021\/07\/meydan-logo.svg","contentUrl":"https:\/\/www.meydan.tv\/wp-content\/uploads\/2021\/07\/meydan-logo.svg","width":195,"height":46,"caption":"Meydan TV"},"image":{"@id":"https:\/\/www.meydan.tv\/az\/#\/schema\/logo\/image\/"}},{"@type":"Person","@id":"https:\/\/www.meydan.tv\/az\/#\/schema\/person\/10d11eccf6da3662cf5fdab9806ea91a","name":"user-manager"}]}},"_links":{"self":[{"href":"https:\/\/www.meydan.tv\/az\/wp-json\/wp\/v2\/posts\/180417","targetHints":{"allow":["GET"]}}],"collection":[{"href":"https:\/\/www.meydan.tv\/az\/wp-json\/wp\/v2\/posts"}],"about":[{"href":"https:\/\/www.meydan.tv\/az\/wp-json\/wp\/v2\/types\/post"}],"author":[{"embeddable":true,"href":"https:\/\/www.meydan.tv\/az\/wp-json\/wp\/v2\/users\/11"}],"replies":[{"embeddable":true,"href":"https:\/\/www.meydan.tv\/az\/wp-json\/wp\/v2\/comments?post=180417"}],"version-history":[{"count":0,"href":"https:\/\/www.meydan.tv\/az\/wp-json\/wp\/v2\/posts\/180417\/revisions"}],"wp:featuredmedia":[{"embeddable":true,"href":"https:\/\/www.meydan.tv\/az\/wp-json\/wp\/v2\/media\/73073"}],"wp:attachment":[{"href":"https:\/\/www.meydan.tv\/az\/wp-json\/wp\/v2\/media?parent=180417"}],"wp:term":[{"taxonomy":"category","embeddable":true,"href":"https:\/\/www.meydan.tv\/az\/wp-json\/wp\/v2\/categories?post=180417"},{"taxonomy":"post_tag","embeddable":true,"href":"https:\/\/www.meydan.tv\/az\/wp-json\/wp\/v2\/tags?post=180417"}],"curies":[{"name":"wp","href":"https:\/\/api.w.org\/{rel}","templated":true}]}}