{"id":180408,"date":"2016-11-15T00:34:41","date_gmt":"2016-11-15T00:34:41","guid":{"rendered":"https:\/\/www.meydan.tv\/article\/donald-trampa-mektub\/"},"modified":"2016-11-15T00:34:41","modified_gmt":"2016-11-15T00:34:41","slug":"donald-trampa-mektub","status":"publish","type":"post","link":"https:\/\/www.meydan.tv\/az\/article\/donald-trampa-mektub\/","title":{"rendered":"Donald Trampa m\u0259ktub"},"content":{"rendered":"<figure class=\"wp-block-image size-large\">\n  <img decoding=\"async\" src=\"https:\/\/www.meydan.tv\/az\/orxan-adigozel-banner\/\" alt=\"Orxan Ad\u0131g\u00f6z\u0259l-Banner\" class=\"wp-image-47493\"\/><figcaption>\n    Orxan Ad\u0131g\u00f6z\u0259l-Banner<br \/>\n  <\/figcaption><\/figure>\n<p>\n  C\u0259nab Tramp, sizi d\u00fcnyan\u0131n qlobal d\u00f6vl\u0259ti say\u0131lan Amerika Birl\u0259\u015fmi\u015f \u015etatlar\u0131n\u0131n prezidenti olmas\u0131 m\u00fcnasib\u0259ti il\u0259 t\u0259brik edir v\u0259 id\u0259r\u0259\u00e7iliyinizin \u00f6z \u00f6lk\u0259nizd\u0259n ba\u015fqa d\u00fcnyaya v\u0259 t\u0259bii ki, Az\u0259rbaycana xeyir v\u0259 s\u00fclh g\u0259tirm\u0259sini dil\u0259yir\u0259m.\n<\/p>\n<p>\n  Prezident se\u00e7ildikd\u0259n sonra bizim \u00f6lk\u0259d\u0259 d\u0259 sosial mediada \u0259n \u00e7ox m\u00fczakir\u0259 olunan m\u00f6vzu se\u00e7kid\u0259ki qalibiyy\u0259tiniz v\u0259 bundan sonra d\u00fcnyaya t\u0259sirl\u0259riniz bar\u0259d\u0259 oldu. \u0130nsanlar m\u00fcxt\u0259lif proqnozlar ir\u0259li s\u00fcrd\u00fcl\u0259r v\u0259 bu g\u00fcn d\u0259 s\u00fcrm\u0259kd\u0259dil\u0259r. T\u0259s\u0259vv\u00fcr edin, siyas\u0259td\u0259n az-\u00e7ox ba\u015f\u0131 \u00e7\u0131xan, \u00e7\u0131xmayan, bil\u0259n, bilm\u0259y\u0259n h\u0259r k\u0259s bu haqda yaz\u0131r. Bu, olduqca t\u0259biidir. Ortada qeyri-t\u0259bii olan \u015fey d\u0259 var. H\u0259min \u015fey(!) ondan ibar\u0259tdir ki, d\u00fcnya siyas\u0259ti bar\u0259d\u0259 m\u00fct\u0259x\u0259ssisl\u0259r kimi fikirl\u0259r \u00fcy\u00fcd\u0259n h\u0259min v\u0259t\u0259nda\u015flar\u0131m\u0131z\u0131n b\u00f6y\u00fck \u00e7oxlu\u011fu \u00f6z \u00f6lk\u0259mizd\u0259ki siyasi olaylara reaksiya verm\u0259y\u0259r\u0259k, bizd\u0259 m\u0259\u015fhur olan &#8220;m\u0259n siyas\u0259t\u0259 qar\u0131\u015fm\u0131ram&#8221; ifad\u0259sind\u0259n genin\u0259-boluna istifad\u0259 edirl\u0259r. Bunun da m\u00fcxt\u0259lif b\u0259lli s\u0259b\u0259bl\u0259ri var.\n<\/p>\n<p>\n  \u018fn \u0259sas s\u0259b\u0259b insanlar\u0131n daxili siyas\u0259ti m\u00fczakir\u0259 etm\u0259y\u0259 c\u0259sar\u0259tinin olmamas\u0131 v\u0259 laqeydlikl\u0259 birg\u0259 s\u0131ralarda dayanan m\u0259suliyy\u0259tsizlikl\u0259ridir.\n<\/p>\n<p>\n  B\u0259li, c\u0259nab Tramp, m\u0259n Orxan Ad\u0131g\u00f6z\u0259l siz\u0259 el\u0259 bir \u00f6lk\u0259d\u0259n yaz\u0131ram ki, buran\u0131n v\u0259t\u0259nda\u015flar\u0131n\u0131n 85-90 faizi \u00f6zl\u0259rini bu \u00f6lk\u0259d\u0259 turist kimi apar\u0131rlar. \u018fslind\u0259 onlara v\u0259t\u0259nda\u015f da dem\u0259k olmaz. \u018fn yax\u015f\u0131 ifad\u0259-sakinl\u0259rdir. \u00c7\u00fcnki sakinin el\u0259 bir \u00f6hd\u0259liyi v\u0259 m\u0259suliyy\u0259ti yoxdur. Siyas\u0259t\u0259 qar\u0131\u015fmaq onluq deyil. \u00d6z\u00fcn\u00fc v\u0259t\u0259nda\u015f sayan insan is\u0259 v\u0259t\u0259nda\u015f kimi konstitusion haqlara malik oldu\u011fundan x\u0259b\u0259rdard\u0131r. O, \u0259traf\u0131 laqeydlik sa\u00e7anlarla dolu olsa bel\u0259, m\u0259suliyy\u0259ti d\u0259rk edir v\u0259 h\u0259tta \u00f6z v\u0259t\u0259ninin v\u0259 \u0259traf\u0131ndak\u0131 laqeydl\u0259rin d\u0259 t\u0259\u0259ss\u00fcb\u00fcn\u00fc \u00e7\u0259kir. Ba\u015fa d\u00fc\u015f\u00fcr ki, bu \u00f6lk\u0259, bu mill\u0259t onundur. O, susa bilmir. O sor\u011fulay\u0131r, m\u00fczakir\u0259 edir v\u0259 haql\u0131 olaraq t\u0259l\u0259b edir.<br \/>\n  <br \/>\n  Bilirsiniz, bizim c\u0259miyy\u0259t m\u0259d\u0259ni, ictimai, sosial v\u0259 s. m\u0259nalarda Amerika c\u0259miyy\u0259tind\u0259n 100 il gerid\u0259dir. H\u0259qiq\u0259t\u0259n \u00e7ox a\u011f\u0131rd\u0131r. Gerid\u0259 qalmaq v\u0259 s\u0259nd\u0259n 100 il qabaqda olan bir \u00f6lk\u0259nin Prezidentinin d\u00fcnyaya t\u0259siri bar\u0259d\u0259 he\u00e7 bir d\u0259n\u0259 siyasi \u0259d\u0259biyyat oxumadan, \u00f6z \u00f6lk\u0259nd\u0259ki siyas\u0259t\u0259 qar\u0131\u015fmaqdan, konsprioloji fikirl\u0259r, r\u0259yl\u0259r bildirm\u0259yin \u015fahidi olmaq a\u011f\u0131r g\u0259lir adama. Sizin \u00f6lk\u0259d\u0259 adi adamlar aras\u0131nda 20-ci \u0259srin \u0259vv\u0259ll\u0259rid\u0259 m\u00fczakir\u0259 olunan m\u00f6vzular, bizd\u0259 h\u0259l\u0259 indi m\u00fczakir\u0259 olunur.\n<\/p>\n<p>\n  &#8220;Siyas\u0259t\u0259 qar\u0131\u015fmayan&#8221; sakinl\u0259rimiz bu hal\u0131 dinclik, stabillik kimi qiym\u0259tl\u0259ndirirl\u0259r. Sonra n\u0259l\u0259r olur?\n<\/p>\n<p>\n  M\u0259hz siyas\u0259t\u0259 qar\u0131\u015fmayan insanlar:\n<\/p>\n<p>\n  *\u00c7ar\u0259sizlikd\u0259n qul bazar\u0131na \u00fcz tuturlar. C\u0259nab Tramp, Amerikadak\u0131 quldarl\u0131q d\u00f6vr\u00fc bar\u0259d\u0259 kifay\u0259t q\u0259d\u0259r tarixi m\u0259lumat\u0131m\u0131z var. Bizd\u0259 is\u0259 h\u0259l\u0259 d\u0259 qul bazarlar\u0131 m\u00f6vcuddur.<br \/>\n  <br \/>\n  *Yeni obyekt v\u0259 ya hans\u0131sa idman kompleksi tikil\u0259c\u0259k dey\u0259 haqs\u0131z yer\u0259 evl\u0259ri s\u00f6k\u00fcl\u00fcr.<br \/>\n  <br \/>\n  *H\u0259rbid\u0259 qeyri-d\u00f6y\u00fc\u015f \u015f\u0259raitind\u0259 \u015f\u00fcbh\u0259li \u015f\u0259kild\u0259 \u00f6l\u0259n \u0259sg\u0259r valideynl\u0259rin\u0259 \u00e7evrilirl\u0259r.<br \/>\n  <br \/>\n  *Minimum pensiya il\u0259 g\u00f6t\u00fcr\u0259nd\u0259 107 manat(y\u0259ni t\u0259xmin\u0259n 66 dollar) pensiya al\u0131b, s\u0259fal\u0259t v\u0259 k\u0259d\u0259r i\u00e7ind\u0259 ya\u015flanan qocalardan olurlar (AB\u015e-dak\u0131 pensiya il\u0259 ba\u011fl\u0131 q\u0131sa xat\u0131rlatma &#8211; Bu \u00f6lk\u0259d\u0259 minimal pensiya 300 dollard\u0131r. Bu q\u0259d\u0259r pulu, \u00fcmumiyy\u0259tl\u0259, he\u00e7 yerd\u0259 he\u00e7 zaman i\u015fl\u0259m\u0259diyiniz halda al\u0131rs\u0131n\u0131z. \u018fn a\u015fa\u011f\u0131 ixtisasl\u0131 i\u015f\u00e7il\u0259r bel\u0259 istirah\u0259t\u0259 \u00e7\u0131xandan sonra 700 dollardan \u00e7ox pensiya al\u0131rlar).<br \/>\n  <br \/>\n  *M\u00fcalic\u0259 \u00fc\u00e7\u00fcn \u0130rana v\u0259 T\u00fcrkiy\u0259y\u0259 \u00fcz tutanlara \u00e7evirilirl\u0259r. Bizim s\u0259hiyy\u0259nin \u00f6z\u00fc x\u0259st\u0259dir.<br \/>\n  <br \/>\n  *Qazanc dal\u0131nca xarici \u00f6lkl\u0259r\u0259 \u00fcz tutanlar da bel\u0259l\u0259ridir. Bizd\u0259 azad sahibkarl\u0131q v\u0259 sa\u011flam r\u0259qab\u0259t m\u00fchiti q\u0131td\u0131r.<br \/>\n  <br \/>\n  *G\u0259ncl\u0259r evsizlik s\u0259b\u0259bind\u0259n ail\u0259 h\u0259yat\u0131 qura bilmir.<br \/>\n  <br \/>\n  *\u0130\u015fsizlikd\u0259n m\u0259cbur olub \u0259yal\u0259tl\u0259rd\u0259n paytaxt Bak\u0131ya ax\u0131\u015fan insanlar\u0131 da bura daxil ed\u0259k.\n<\/p>\n<p>\n  Bir s\u00f6zl\u0259, m\u0259zlum durumda olan bu insanlar siyas\u0259t\u0259 qar\u0131\u015fm\u0131rlar.\n<\/p>\n<p>\n  C\u0259nab Tramp, v\u0259ziyy\u0259timizi t\u0259s\u0259vv\u00fcr etdiniz y\u0259qin?! Probleml\u0259rimiz sonsuzdur. Bunlarla b\u0259rab\u0259r, h\u0259l\u0259 qon\u015fu d\u00f6vl\u0259tl\u0259r Rusiya v\u0259 Erm\u0259nistan\u0131n da biz\u0259 geosiyasi m\u0259nfi t\u0259sirl\u0259ri d\u0259 var. Bunlardan \u00e7\u0259tin ki, x\u0259b\u0259riniz olmas\u0131n.\n<\/p>\n<p>\n  \u00d6z \u00f6lk\u0259sind\u0259 prezident se\u00e7kil\u0259ri ke\u00e7irils\u0259 bel\u0259, prezident d\u0259yi\u015fikliyi g\u00f6rm\u0259y\u0259n biri kimi AB\u015e-dak\u0131 se\u00e7ki kampaniyas\u0131n\u0131 maraqla izl\u0259dim. Amerika xalq\u0131na qibt\u0259 etdiyimi gizl\u0259tm\u0259y\u0259c\u0259m. \u00dcmumiyy\u0259tl\u0259, t\u0259m-t\u0259raql\u0131 v\u0259 \u015fou stilind\u0259 olsa bel\u0259, aylarla davam ed\u0259n se\u00e7kil\u0259r ke\u00e7iril\u0259n \u00f6lk\u0259l\u0259rin v\u0259t\u0259nda\u015flar\u0131na qibt\u0259 edir\u0259m. \u00d6lk\u0259nin c\u00fcrb\u0259c\u00fcr yerl\u0259rind\u0259 se\u00e7ki kampaniyas\u0131n\u0131 \u00f6z\u00fcnd\u0259 ehtiva etdir\u0259n mitinql\u0259rin, m\u00fczakir\u0259l\u0259rin, TV debatlar\u0131n v\u0259 s. predmetl\u0259rl\u0259 b\u0259rab\u0259r sad\u0259 camaat\u0131n \u00fcz\u00fcnd\u0259, dilind\u0259 se\u00e7ki atmosferini g\u00f6rm\u0259k m\u0259n\u0259 h\u0259s\u0259d hissi ba\u011f\u0131\u015flay\u0131r. Bu z\u0259ifliyimi ba\u011f\u0131\u015flay\u0131n. T\u0259\u0259ss\u00fcf ki, biz bel\u0259 \u015feyl\u0259ri g\u00f6rm\u0259kd\u0259n bir xalq olaraq m\u0259hrumuq. Amma g\u0259nc \u00f6lk\u0259 olaraq yen\u0259 d\u0259 \u00fcmidliyik. H\u0259r \u00e7\u0259tinliy\u0259 v\u0259 m\u0259hdudiyy\u0259t\u0259 r\u0259\u011fm\u0259n t\u0259slim olmuruq. \u00d6lk\u0259ni ayd\u0131nland\u0131ran i\u015f\u0131ql\u0131, m\u00fcbariz insanlar\u0131m\u0131z var.\n<\/p>\n<p>\n  Bir m\u0259s\u0259l\u0259ni d\u0259 qeyd etm\u0259k yerin\u0259 d\u00fc\u015f\u0259r. Bunu etiraf etm\u0259k ist\u0259yir\u0259m. M\u0259n AB\u015e se\u00e7kil\u0259rind\u0259 h\u0259mi\u015f\u0259 &#8220;Respublika\u00e7\u0131lara&#8221; simpatiya duymu\u015fam. Bunun \u00fc\u00e7\u00fcn pozitiv s\u0259b\u0259bl\u0259rim var. M\u0259s\u0259l\u0259n, son 35 ild\u0259 Respublika\u00e7\u0131lar AB\u015e-da hakimiyy\u0259td\u0259 oldu\u011fu ill\u0259rd\u0259 SSR\u0130 \u00e7\u00f6kd\u00fc, Rusiyan\u0131n \u0259n z\u0259if d\u00f6vr\u00fc oldu, \u015e\u0259rqi Avropa azad oldu, Berlin divar\u0131 da\u011f\u0131ld\u0131, Var\u015fava Bloku \u00e7\u00f6kd\u00fc. Buna g\u00f6r\u0259 d\u00fcnyada m\u00fcsb\u0259t d\u0259yi\u015fiklikl\u0259rin olaca\u011f\u0131na \u00fcmid edir\u0259m.\n<\/p>\n<p>\n  B\u0259zi m\u00fct\u0259x\u0259ssisl\u0259r qeyd edir ki, guya sizin Az\u0259rbaycana ya t\u0259siriniz olmayacaq, ya da iddia olundu\u011fu kimi, n\u0259qliyyat nazirimizin o\u011flu il\u0259 biznes maraqlar\u0131 \u00e7\u0259r\u00e7iv\u0259sind\u0259n o yana \u00e7\u0131xa bilm\u0259y\u0259c\u0259ksiniz. \u018fslind\u0259 nazir o\u011flu il\u0259 yax\u0131nl\u0131\u011f\u0131n\u0131z\u0131n konkret faktlara dayanan x\u0259b\u0259rl\u0259r m\u0259nb\u0259si s\u0259thi v\u0259 dumanl\u0131 g\u00f6r\u00fcn\u00fcr m\u0259n\u0259, ya da buna inanmaq ist\u0259mir\u0259m deyim. M\u0259n \u00e7oxundan f\u0259rqli olaraq beynimd\u0259 Tramp Adminstrasiyas\u0131n\u0131n d\u00fcnyaya v\u0259 Az\u0259rbaycana t\u0259sirinin m\u00fcsb\u0259t fikirl\u0259rini dola\u015fd\u0131r\u0131ram..\n<\/p>\n<p>\n  H\u00f6rm\u0259tl\u0259: Blogger Orxan Ad\u0131g\u00f6z\u0259l.<\/p>\n","protected":false},"excerpt":{"rendered":"<p>C\u0259nab Tramp, m\u0259n Orxan Ad\u0131g\u00f6z\u0259l siz\u0259 el\u0259 bir \u00f6lk\u0259d\u0259n yaz\u0131ram ki, buran\u0131n v\u0259t\u0259nda\u015flar\u0131n\u0131n 85-90 faizi \u00f6zl\u0259rini bu \u00f6lk\u0259d\u0259 turist kimi apar\u0131rlar<\/p>\n","protected":false},"author":11,"featured_media":73016,"comment_status":"closed","ping_status":"open","sticky":false,"template":"","format":"standard","meta":{"_acf_changed":false,"_sitemap_exclude":false,"_sitemap_priority":"","_sitemap_frequency":"","footnotes":""},"categories":[57],"tags":[],"class_list":["post-180408","post","type-post","status-publish","format-standard","has-post-thumbnail","hentry","category-menim-fikrimce","infinite-scroll-item","generate-columns","tablet-grid-50","mobile-grid-100","grid-parent","grid-33","no-featured-image-padding"],"acf":[],"yoast_head":"<!-- This site is optimized with the Yoast SEO plugin v27.5 - https:\/\/yoast.com\/product\/yoast-seo-wordpress\/ -->\n<title>Donald Trampa m\u0259ktub - MEYDAN.TV<\/title>\n<meta name=\"robots\" content=\"index, follow, max-snippet:-1, max-image-preview:large, max-video-preview:-1\" \/>\n<link rel=\"canonical\" href=\"https:\/\/www.meydan.tv\/az\/article\/donald-trampa-mektub\/\" \/>\n<meta property=\"og:locale\" content=\"az_AZ\" \/>\n<meta property=\"og:type\" content=\"article\" \/>\n<meta property=\"og:title\" content=\"Donald Trampa m\u0259ktub - MEYDAN.TV\" \/>\n<meta property=\"og:description\" content=\"C\u0259nab Tramp, m\u0259n Orxan Ad\u0131g\u00f6z\u0259l siz\u0259 el\u0259 bir \u00f6lk\u0259d\u0259n yaz\u0131ram ki, buran\u0131n v\u0259t\u0259nda\u015flar\u0131n\u0131n 85-90 faizi \u00f6zl\u0259rini bu \u00f6lk\u0259d\u0259 turist kimi apar\u0131rlar\" \/>\n<meta property=\"og:url\" content=\"https:\/\/www.meydan.tv\/az\/article\/donald-trampa-mektub\/\" \/>\n<meta property=\"og:site_name\" content=\"MEYDAN.TV\" \/>\n<meta property=\"article:published_time\" content=\"2016-11-15T00:34:41+00:00\" \/>\n<meta property=\"og:image\" content=\"https:\/\/www.meydan.tv\/wp-content\/uploads\/28182.png\" \/>\n\t<meta property=\"og:image:width\" content=\"1250\" \/>\n\t<meta property=\"og:image:height\" content=\"703\" \/>\n\t<meta property=\"og:image:type\" content=\"image\/png\" \/>\n<meta name=\"author\" content=\"user-manager\" \/>\n<meta name=\"twitter:card\" content=\"summary_large_image\" \/>\n<script type=\"application\/ld+json\" class=\"yoast-schema-graph\">{\"@context\":\"https:\\\/\\\/schema.org\",\"@graph\":[{\"@type\":\"Article\",\"@id\":\"https:\\\/\\\/www.meydan.tv\\\/az\\\/article\\\/donald-trampa-mektub\\\/#article\",\"isPartOf\":{\"@id\":\"https:\\\/\\\/www.meydan.tv\\\/az\\\/article\\\/donald-trampa-mektub\\\/\"},\"author\":{\"name\":\"user-manager\",\"@id\":\"https:\\\/\\\/www.meydan.tv\\\/az\\\/#\\\/schema\\\/person\\\/10d11eccf6da3662cf5fdab9806ea91a\"},\"headline\":\"Donald Trampa m\u0259ktub\",\"datePublished\":\"2016-11-15T00:34:41+00:00\",\"mainEntityOfPage\":{\"@id\":\"https:\\\/\\\/www.meydan.tv\\\/az\\\/article\\\/donald-trampa-mektub\\\/\"},\"wordCount\":1246,\"publisher\":{\"@id\":\"https:\\\/\\\/www.meydan.tv\\\/az\\\/#organization\"},\"image\":{\"@id\":\"https:\\\/\\\/www.meydan.tv\\\/az\\\/article\\\/donald-trampa-mektub\\\/#primaryimage\"},\"thumbnailUrl\":\"https:\\\/\\\/www.meydan.tv\\\/wp-content\\\/uploads\\\/28182.png\",\"articleSection\":[\"M\u0259nim Fikrimc\u0259\"],\"inLanguage\":\"az\"},{\"@type\":\"WebPage\",\"@id\":\"https:\\\/\\\/www.meydan.tv\\\/az\\\/article\\\/donald-trampa-mektub\\\/\",\"url\":\"https:\\\/\\\/www.meydan.tv\\\/az\\\/article\\\/donald-trampa-mektub\\\/\",\"name\":\"Donald Trampa m\u0259ktub - MEYDAN.TV\",\"isPartOf\":{\"@id\":\"https:\\\/\\\/www.meydan.tv\\\/az\\\/#website\"},\"primaryImageOfPage\":{\"@id\":\"https:\\\/\\\/www.meydan.tv\\\/az\\\/article\\\/donald-trampa-mektub\\\/#primaryimage\"},\"image\":{\"@id\":\"https:\\\/\\\/www.meydan.tv\\\/az\\\/article\\\/donald-trampa-mektub\\\/#primaryimage\"},\"thumbnailUrl\":\"https:\\\/\\\/www.meydan.tv\\\/wp-content\\\/uploads\\\/28182.png\",\"datePublished\":\"2016-11-15T00:34:41+00:00\",\"breadcrumb\":{\"@id\":\"https:\\\/\\\/www.meydan.tv\\\/az\\\/article\\\/donald-trampa-mektub\\\/#breadcrumb\"},\"inLanguage\":\"az\",\"potentialAction\":[{\"@type\":\"ReadAction\",\"target\":[\"https:\\\/\\\/www.meydan.tv\\\/az\\\/article\\\/donald-trampa-mektub\\\/\"]}]},{\"@type\":\"ImageObject\",\"inLanguage\":\"az\",\"@id\":\"https:\\\/\\\/www.meydan.tv\\\/az\\\/article\\\/donald-trampa-mektub\\\/#primaryimage\",\"url\":\"https:\\\/\\\/www.meydan.tv\\\/wp-content\\\/uploads\\\/28182.png\",\"contentUrl\":\"https:\\\/\\\/www.meydan.tv\\\/wp-content\\\/uploads\\\/28182.png\",\"width\":1250,\"height\":703,\"caption\":\"Source:\"},{\"@type\":\"BreadcrumbList\",\"@id\":\"https:\\\/\\\/www.meydan.tv\\\/az\\\/article\\\/donald-trampa-mektub\\\/#breadcrumb\",\"itemListElement\":[{\"@type\":\"ListItem\",\"position\":1,\"name\":\"Ana s\u0259hif\u0259\",\"item\":\"https:\\\/\\\/www.meydan.tv\\\/az\\\/\"},{\"@type\":\"ListItem\",\"position\":2,\"name\":\"M\u0259nim Fikrimc\u0259\",\"item\":\"https:\\\/\\\/www.meydan.tv\\\/az\\\/section\\\/menim-fikrimce\\\/\"},{\"@type\":\"ListItem\",\"position\":3,\"name\":\"Donald Trampa m\u0259ktub\"}]},{\"@type\":\"WebSite\",\"@id\":\"https:\\\/\\\/www.meydan.tv\\\/az\\\/#website\",\"url\":\"https:\\\/\\\/www.meydan.tv\\\/az\\\/\",\"name\":\"MEYDAN.TV\",\"description\":\"Meydan TV Az\u0259rbaycan\u0131n media m\u0259kan\u0131ndak\u0131 alternativ s\u0259sidir\",\"publisher\":{\"@id\":\"https:\\\/\\\/www.meydan.tv\\\/az\\\/#organization\"},\"potentialAction\":[{\"@type\":\"SearchAction\",\"target\":{\"@type\":\"EntryPoint\",\"urlTemplate\":\"https:\\\/\\\/www.meydan.tv\\\/az\\\/?s={search_term_string}\"},\"query-input\":{\"@type\":\"PropertyValueSpecification\",\"valueRequired\":true,\"valueName\":\"search_term_string\"}}],\"inLanguage\":\"az\"},{\"@type\":\"Organization\",\"@id\":\"https:\\\/\\\/www.meydan.tv\\\/az\\\/#organization\",\"name\":\"Meydan TV\",\"url\":\"https:\\\/\\\/www.meydan.tv\\\/az\\\/\",\"logo\":{\"@type\":\"ImageObject\",\"inLanguage\":\"az\",\"@id\":\"https:\\\/\\\/www.meydan.tv\\\/az\\\/#\\\/schema\\\/logo\\\/image\\\/\",\"url\":\"https:\\\/\\\/www.meydan.tv\\\/wp-content\\\/uploads\\\/2021\\\/07\\\/meydan-logo.svg\",\"contentUrl\":\"https:\\\/\\\/www.meydan.tv\\\/wp-content\\\/uploads\\\/2021\\\/07\\\/meydan-logo.svg\",\"width\":195,\"height\":46,\"caption\":\"Meydan TV\"},\"image\":{\"@id\":\"https:\\\/\\\/www.meydan.tv\\\/az\\\/#\\\/schema\\\/logo\\\/image\\\/\"}},{\"@type\":\"Person\",\"@id\":\"https:\\\/\\\/www.meydan.tv\\\/az\\\/#\\\/schema\\\/person\\\/10d11eccf6da3662cf5fdab9806ea91a\",\"name\":\"user-manager\"}]}<\/script>\n<!-- \/ Yoast SEO plugin. -->","yoast_head_json":{"title":"Donald Trampa m\u0259ktub - MEYDAN.TV","robots":{"index":"index","follow":"follow","max-snippet":"max-snippet:-1","max-image-preview":"max-image-preview:large","max-video-preview":"max-video-preview:-1"},"canonical":"https:\/\/www.meydan.tv\/az\/article\/donald-trampa-mektub\/","og_locale":"az_AZ","og_type":"article","og_title":"Donald Trampa m\u0259ktub - MEYDAN.TV","og_description":"C\u0259nab Tramp, m\u0259n Orxan Ad\u0131g\u00f6z\u0259l siz\u0259 el\u0259 bir \u00f6lk\u0259d\u0259n yaz\u0131ram ki, buran\u0131n v\u0259t\u0259nda\u015flar\u0131n\u0131n 85-90 faizi \u00f6zl\u0259rini bu \u00f6lk\u0259d\u0259 turist kimi apar\u0131rlar","og_url":"https:\/\/www.meydan.tv\/az\/article\/donald-trampa-mektub\/","og_site_name":"MEYDAN.TV","article_published_time":"2016-11-15T00:34:41+00:00","og_image":[{"width":1250,"height":703,"url":"https:\/\/www.meydan.tv\/wp-content\/uploads\/28182.png","type":"image\/png"}],"author":"user-manager","twitter_card":"summary_large_image","schema":{"@context":"https:\/\/schema.org","@graph":[{"@type":"Article","@id":"https:\/\/www.meydan.tv\/az\/article\/donald-trampa-mektub\/#article","isPartOf":{"@id":"https:\/\/www.meydan.tv\/az\/article\/donald-trampa-mektub\/"},"author":{"name":"user-manager","@id":"https:\/\/www.meydan.tv\/az\/#\/schema\/person\/10d11eccf6da3662cf5fdab9806ea91a"},"headline":"Donald Trampa m\u0259ktub","datePublished":"2016-11-15T00:34:41+00:00","mainEntityOfPage":{"@id":"https:\/\/www.meydan.tv\/az\/article\/donald-trampa-mektub\/"},"wordCount":1246,"publisher":{"@id":"https:\/\/www.meydan.tv\/az\/#organization"},"image":{"@id":"https:\/\/www.meydan.tv\/az\/article\/donald-trampa-mektub\/#primaryimage"},"thumbnailUrl":"https:\/\/www.meydan.tv\/wp-content\/uploads\/28182.png","articleSection":["M\u0259nim Fikrimc\u0259"],"inLanguage":"az"},{"@type":"WebPage","@id":"https:\/\/www.meydan.tv\/az\/article\/donald-trampa-mektub\/","url":"https:\/\/www.meydan.tv\/az\/article\/donald-trampa-mektub\/","name":"Donald Trampa m\u0259ktub - MEYDAN.TV","isPartOf":{"@id":"https:\/\/www.meydan.tv\/az\/#website"},"primaryImageOfPage":{"@id":"https:\/\/www.meydan.tv\/az\/article\/donald-trampa-mektub\/#primaryimage"},"image":{"@id":"https:\/\/www.meydan.tv\/az\/article\/donald-trampa-mektub\/#primaryimage"},"thumbnailUrl":"https:\/\/www.meydan.tv\/wp-content\/uploads\/28182.png","datePublished":"2016-11-15T00:34:41+00:00","breadcrumb":{"@id":"https:\/\/www.meydan.tv\/az\/article\/donald-trampa-mektub\/#breadcrumb"},"inLanguage":"az","potentialAction":[{"@type":"ReadAction","target":["https:\/\/www.meydan.tv\/az\/article\/donald-trampa-mektub\/"]}]},{"@type":"ImageObject","inLanguage":"az","@id":"https:\/\/www.meydan.tv\/az\/article\/donald-trampa-mektub\/#primaryimage","url":"https:\/\/www.meydan.tv\/wp-content\/uploads\/28182.png","contentUrl":"https:\/\/www.meydan.tv\/wp-content\/uploads\/28182.png","width":1250,"height":703,"caption":"Source:"},{"@type":"BreadcrumbList","@id":"https:\/\/www.meydan.tv\/az\/article\/donald-trampa-mektub\/#breadcrumb","itemListElement":[{"@type":"ListItem","position":1,"name":"Ana s\u0259hif\u0259","item":"https:\/\/www.meydan.tv\/az\/"},{"@type":"ListItem","position":2,"name":"M\u0259nim Fikrimc\u0259","item":"https:\/\/www.meydan.tv\/az\/section\/menim-fikrimce\/"},{"@type":"ListItem","position":3,"name":"Donald Trampa m\u0259ktub"}]},{"@type":"WebSite","@id":"https:\/\/www.meydan.tv\/az\/#website","url":"https:\/\/www.meydan.tv\/az\/","name":"MEYDAN.TV","description":"Meydan TV Az\u0259rbaycan\u0131n media m\u0259kan\u0131ndak\u0131 alternativ s\u0259sidir","publisher":{"@id":"https:\/\/www.meydan.tv\/az\/#organization"},"potentialAction":[{"@type":"SearchAction","target":{"@type":"EntryPoint","urlTemplate":"https:\/\/www.meydan.tv\/az\/?s={search_term_string}"},"query-input":{"@type":"PropertyValueSpecification","valueRequired":true,"valueName":"search_term_string"}}],"inLanguage":"az"},{"@type":"Organization","@id":"https:\/\/www.meydan.tv\/az\/#organization","name":"Meydan TV","url":"https:\/\/www.meydan.tv\/az\/","logo":{"@type":"ImageObject","inLanguage":"az","@id":"https:\/\/www.meydan.tv\/az\/#\/schema\/logo\/image\/","url":"https:\/\/www.meydan.tv\/wp-content\/uploads\/2021\/07\/meydan-logo.svg","contentUrl":"https:\/\/www.meydan.tv\/wp-content\/uploads\/2021\/07\/meydan-logo.svg","width":195,"height":46,"caption":"Meydan TV"},"image":{"@id":"https:\/\/www.meydan.tv\/az\/#\/schema\/logo\/image\/"}},{"@type":"Person","@id":"https:\/\/www.meydan.tv\/az\/#\/schema\/person\/10d11eccf6da3662cf5fdab9806ea91a","name":"user-manager"}]}},"_links":{"self":[{"href":"https:\/\/www.meydan.tv\/az\/wp-json\/wp\/v2\/posts\/180408","targetHints":{"allow":["GET"]}}],"collection":[{"href":"https:\/\/www.meydan.tv\/az\/wp-json\/wp\/v2\/posts"}],"about":[{"href":"https:\/\/www.meydan.tv\/az\/wp-json\/wp\/v2\/types\/post"}],"author":[{"embeddable":true,"href":"https:\/\/www.meydan.tv\/az\/wp-json\/wp\/v2\/users\/11"}],"replies":[{"embeddable":true,"href":"https:\/\/www.meydan.tv\/az\/wp-json\/wp\/v2\/comments?post=180408"}],"version-history":[{"count":0,"href":"https:\/\/www.meydan.tv\/az\/wp-json\/wp\/v2\/posts\/180408\/revisions"}],"wp:featuredmedia":[{"embeddable":true,"href":"https:\/\/www.meydan.tv\/az\/wp-json\/wp\/v2\/media\/73016"}],"wp:attachment":[{"href":"https:\/\/www.meydan.tv\/az\/wp-json\/wp\/v2\/media?parent=180408"}],"wp:term":[{"taxonomy":"category","embeddable":true,"href":"https:\/\/www.meydan.tv\/az\/wp-json\/wp\/v2\/categories?post=180408"},{"taxonomy":"post_tag","embeddable":true,"href":"https:\/\/www.meydan.tv\/az\/wp-json\/wp\/v2\/tags?post=180408"}],"curies":[{"name":"wp","href":"https:\/\/api.w.org\/{rel}","templated":true}]}}