{"id":180401,"date":"2016-11-14T18:50:56","date_gmt":"2016-11-14T18:50:56","guid":{"rendered":"https:\/\/www.meydan.tv\/article\/igid-gilqames-kim-yana-yana-aglamagimiz\/"},"modified":"2016-11-14T18:50:56","modified_gmt":"2016-11-14T18:50:56","slug":"igid-gilqames-kim-yana-yana-aglamagimiz","status":"publish","type":"post","link":"https:\/\/www.meydan.tv\/az\/article\/igid-gilqames-kim-yana-yana-aglamagimiz\/","title":{"rendered":"\u0130gid Gilqame\u015f kim yana-yana a\u011flama\u011f\u0131m\u0131z"},"content":{"rendered":"<figure class=\"wp-block-image size-large\">\n  <img decoding=\"async\" src=\"https:\/\/www.meydan.tv\/az\/sahveled-cobanoglu-4\/\" alt=\"\u015eahv\u0259l\u0259d \u00c7obano\u011flu\" class=\"wp-image-73049\"\/><figcaption>\n    \u015eahv\u0259l\u0259d \u00c7obano\u011flu<br \/>\n  <\/figcaption><\/figure>\n<figure class=\"wp-block-image size-large\">\n  <img decoding=\"async\" src=\"https:\/\/www.meydan.tv\/az\/sahveled-cobanoglu-3\/\" alt=\"\u015eahv\u0259l\u0259d \u00c7obano\u011flu\" class=\"wp-image-58025\"\/><figcaption>\n    \u015eahv\u0259l\u0259d \u00c7obano\u011flu<br \/>\n  <\/figcaption><\/figure>\n<p>\n  <b><br \/>\n    <i><br \/>\n      Tibbi s\u0131\u011fortan\u0131n t\u0259tbiqi bu g\u00fcn bizim \u00fc\u00e7\u00fcn t\u0259cili can v\u0259 l\u0259yaq\u0259t davas\u0131d\u0131r. \u0130ndi onu t\u0259l\u0259b etm\u0259k &#8220;Az\u0259rbaycan\u0131n Gilqame\u015f dastan\u0131&#8221;d\u0131r&#8230;<br \/>\n    <\/i><br \/>\n  <\/b>\n<\/p>\n<p>\n  <b><br \/>\n    Birinci yaz\u0131<br \/>\n  <\/b>\n<\/p>\n<p>\n  \u0130gidliyi \u0259fsan\u0259y\u0259 d\u00f6nm\u00fc\u015f, c\u0259surlu\u011fu d\u00fcnyaya s\u0259s salm\u0131\u015f, \u00f6l\u00fcmd\u0259n qorxmayan Gilqame\u015f g\u00fcnl\u0259rl\u0259 h\u00f6nk\u00fcr-h\u00f6nk\u00fcr a\u011flay\u0131rd\u0131&#8230;\n<\/p>\n<p>\n  G\u00f6z q\u0131rpmadan t\u0259hl\u00fck\u0259l\u0259r\u0259 at\u0131lan, k\u0259d\u0259r tan\u0131mayan, ucaboylu, \u015fux qam\u0259tli, d\u0259mir bil\u0259kli qurucu Uruk h\u00f6kmdar\u0131 g\u0259nc Gilqame\u015f dayanmadan h\u00f6nk\u00fcr\u00fcrd\u00fc.\n<\/p>\n<p>\n  Onu sakitl\u0259\u015fdir\u0259n tap\u0131lm\u0131rd\u0131&#8230;\n<\/p>\n<p>\n  A\u011flay\u0131rd\u0131 yana-yana. G\u00f6z ya\u015flar\u0131 qurumurdu&#8230;\n<\/p>\n<p>\n  \u00c7\u00fcnki Gilgame\u015fin sevdiyi insan \u2013 igid dostu \u00f6lm\u00fc\u015fd\u00fc!\n<\/p>\n<p>\n  Dostunun c\u0259s\u0259di torpaqda deyildi, Gilgame\u015f onun ba\u011fr\u0131na bas\u0131b a\u011flay\u0131rd\u0131.\n<\/p>\n<p>\n  G\u00fcnl\u0259r ke\u00e7irdi, dostu Endukunun c\u0259s\u0259di art\u0131q \u015f\u0259klini d\u0259yi\u015fmi\u015fdi, yaln\u0131z qurdlar cans\u0131z b\u0259d\u0259ni b\u00fcr\u00fcd\u00fckd\u0259n sonra Gilgame\u015fi ondan qopara bildil\u0259r.\n<\/p>\n<p>\n  Amma Gilqame\u015f yen\u0259 a\u011flay\u0131rd\u0131. Dayanmadan a\u011flay\u0131rd\u0131.\n<\/p>\n<p>\n  Dostunun \u00f6l\u00fcm\u00fc il\u0259 bar\u0131\u015fa bilmirdi!\n<\/p>\n<p>\n  O q\u0259d\u0259r bar\u0131\u015fa bilmirdi ki, ax\u0131rda \u00f6l\u00fcm\u0259 qar\u015f\u0131 \u00e7\u0131xd\u0131&#8230;\n<\/p>\n<p>\n  \u00d6l\u00fcms\u00fczl\u00fck t\u0259l\u0259b etdi! \u00d6l\u00fcm\u0259 h\u00fccum etdi&#8230;\n<\/p>\n<p>\n  &#8230;&#8221;Gilqame\u015f&#8221; dastan\u0131 q\u0259dimliyin\u0259 r\u0259\u011fm\u0259n d\u00fcnya \u0259d\u0259biyyat\u0131n\u0131n misilsiz incil\u0259rind\u0259ndir. H\u0259m d\u0259 d\u00fcnyan\u0131n b\u00fct\u00fcn b\u00f6lg\u0259l\u0259rind\u0259 m\u0259\u015fhurdur \u2013 Q\u0259rbd\u0259, \u015e\u0259rqd\u0259, xristian d\u00fcnyas\u0131nda, m\u00fcs\u0259lman al\u0259mind\u0259, buddistl\u0259r aras\u0131nda v\u0259 s. H\u0259m intellektuallar, h\u0259m d\u0259 y\u00fcng\u00fcl \u0259d\u0259biyyat h\u0259v\u0259skarlar\u0131 onu oxuyur v\u0259 heyr\u0259tini gizl\u0259tmirl\u0259r.\n<\/p>\n<p>\n  Lakin dastan\u0131 incil\u0259ndir\u0259n bir s\u0259b\u0259b d\u0259 \u0259d\u0259bi, mifik v\u0259 tarixi q\u0259hr\u0259man Gilgame\u015fdir. Onun \u00f6l\u00fcm\u0259 qar\u015f\u0131 \u00fcsyan hekay\u0259si b\u0259\u015f\u0259riyy\u0259tin h\u0259yat yoluna, d\u00fc\u015f\u00fcnc\u0259 axtar\u0131\u015flar\u0131na bir ayd\u0131nl\u0131q g\u0259tirir. H\u0259m d\u0259 t\u0259kc\u0259 duy\u011fusal v\u0259 f\u0259ls\u0259fi anlamda deyil. H\u0259m d\u0259 sosial anlamda.\n<\/p>\n<p>\n  \u00c7\u00fcnki Gilqame\u015f Tanr\u0131lar\u0131n qada\u011fan etdiyi qap\u0131lar\u0131 a\u00e7ma\u011fa getdi, f\u00f6vq\u0259l g\u00fccl\u0259rl\u0259 d\u00f6y\u00fc\u015fd\u00fc \u2013 nam\u0259rd \u00f6l\u00fcm\u00fc aradan qald\u0131rmaq namin\u0259. \u00d6l\u00fcms\u00fczl\u00fcy\u00fc axtarma\u011fa. \u018fslind\u0259 is\u0259 dostunun vaxts\u0131z \u00f6l\u00fcm\u00fcn\u0259 g\u00f6r\u0259!\n<\/p>\n<p>\n  Amma b\u0259lk\u0259 Gilqame\u015fin g\u00fccl\u00fc v\u0259 sa\u011flam dostunun x\u0259st\u0259liyini m\u00fcasir antibiotikl\u0259r \u00fc\u00e7c\u0259 g\u00fcn\u0259 sa\u011falda bil\u0259rdi!\n<\/p>\n<p>\n  B\u0259lk\u0259 onun yaras\u0131n\u0131 s\u0259hra h\u0259kiml\u0259ri \u00f6l\u00fcms\u00fcz ed\u0259rdi.\n<\/p>\n<p>\n  B\u0259lk\u0259 Enduku \u0259m\u0259liyyat olunmal\u0131 idi, yaxud ona mikroc\u0259rrahiyy\u0259 k\u00f6m\u0259k ed\u0259rdi?\n<\/p>\n<p>\n  N\u0259inki Gilgame\u015fin \u00e7a\u011f\u0131nda (bizim eradan 2 min il \u00f6nc\u0259!), c\u0259mi 2 y\u00fcz il qabaq da h\u0259tta Avropa ordular\u0131na m\u0259xsus s\u0259hra hospitallar\u0131n\u0131n yan\u0131nda k\u0259silmi\u015f \u0259l v\u0259 ayaqlar\u0131n qalaqland\u0131\u011f\u0131 x\u00fcsusi yer vard\u0131. \u00c7\u00fcnki durmadan yaral\u0131 h\u0259rb\u00e7il\u0259rin \u0259l v\u0259 aya\u011f\u0131n\u0131 k\u0259sm\u0259k laz\u0131m g\u0259lirdi. \u00c7ox sad\u0259 s\u0259b\u0259bd\u0259n \u2013 a\u015fa\u011f\u0131 v\u0259 yuxar\u0131 \u0259traflar\u0131n qanqreni onlar\u0131 az ke\u00e7m\u0259d\u0259n \u00f6ld\u00fcr\u00fcrd\u00fc. Yaralar\u0131 sa\u011faltmaq m\u00fcmk\u00fcn olmurdu. Halbuki h\u0259min yaralar\u0131n \u00e7oxunu indi normal k\u0259nd h\u0259kimi ev \u015f\u0259raitind\u0259 sa\u011falda bil\u0259r.\n<\/p>\n<p>\n  Gilqame\u015f bilmirdi bunlar\u0131! Amma b\u00fct\u00fcn b\u0259\u015f\u0259riyy\u0259ti sevdiyi adamlar\u0131n vaxts\u0131z v\u0259 ciddi olmayan s\u0259b\u0259bl\u0259rd\u0259n \u00f6lm\u0259yin\u0259 qar\u015f\u0131 \u00e7\u0131xma\u011fa s\u0259sl\u0259yirdi \u00f6z h\u0259r\u0259k\u0259ti il\u0259.\n<\/p>\n<p>\n  O, ba\u015fqalar\u0131n\u0131 \u00fcr\u0259kd\u0259n sevm\u0259yin v\u0259 sevdikl\u0259rin \u00fc\u00e7\u00fcn \u00e7ar\u0259 axtarma\u011f\u0131n bir simvoludur.\n<\/p>\n<p>\n  Gilqame\u015f \u00e7ar\u0259 \u00fc\u00e7\u00fcn uzun v\u0259 a\u011f\u0131r yollara \u00e7\u0131xd\u0131&#8230;\n<\/p>\n<p>\n  O yollar\u0131 sonradan c\u0259sur beyinl\u0259ri v\u0259 Gilgame\u015f kimi b\u00f6y\u00fck \u00fcr\u0259kl\u0259ri olan bilgi adamlar\u0131 davam etdirdi. Yen\u0259 d\u0259 davam etm\u0259kd\u0259dirl\u0259r.\n<\/p>\n<p>\n  \u0130ndi el\u0259 x\u0259st\u0259likl\u0259rin \u00e7ar\u0259si tap\u0131l\u0131b ki, adam do\u011frudan da Gilgemi\u015fin yerin\u0259 Endukunu a\u011flamaq ist\u0259yir. El\u0259 bir igid &#8220;x\u0131rda bir s\u0259b\u0259bd\u0259n \u00f6l\u0259 bil\u0259rmi?&#8221; dey\u0259r\u0259k (dastanda bunun f\u00f6vq\u0259l s\u0259b\u0259bi verils\u0259 d\u0259) h\u00f6nk\u00fcrm\u0259k ist\u0259yirs\u0259n&#8230;\n<\/p>\n<p>\n  El\u0259 burada, nec\u0259 dey\u0259rl\u0259r, K\u0259r\u0259mi d\u0259 a\u011flamaq tutur. B\u0259s bizim yax\u0131nlar\u0131m\u0131z? H\u0259m d\u0259 tarixin bu \u00e7a\u011f\u0131nda! Onlar \u00e7oxdan yoxa \u00e7\u0131xmal\u0131 s\u0259b\u0259bl\u0259rd\u0259n \u2013 q\u0259zalardan, x\u0259st\u0259likl\u0259rd\u0259n bu q\u0259d\u0259r tez \u00f6lm\u0259li idimi?\n<\/p>\n<p>\n  Bizim \u0259limiz niy\u0259 \u00e7ar\u0259l\u0259r\u0259 \u00e7atm\u0131r? Niy\u0259 x\u0259st\u0259likl\u0259rin vaxt\u0131nda profilaktikas\u0131na, vaxt\u0131nda m\u00fcalic\u0259sin\u0259 imkan ed\u0259 bilmirik? Hans\u0131lara qar\u015f\u0131 indi tibb aciz deyil.\n<\/p>\n<p>\n  Ax\u0131 n\u0259y\u0259 g\u00f6r\u0259 yax\u0131nlar\u0131m\u0131z x\u0259st\u0259l\u0259n\u0259nd\u0259 n\u0259 keyfiyy\u0259tli tibbi xidm\u0259t \u0259ld\u0259 ed\u0259 bilirik, n\u0259 d\u0259 m\u00fcflisl\u0259\u015fm\u0259kd\u0259n \u00f6z\u00fcm\u00fcz\u00fc qoruya bilirik. Bir \u00e7oxlar\u0131m\u0131z x\u0259rcl\u0259ri qar\u015f\u0131lamaq \u00fc\u00e7\u00fcn evini satma\u011fa m\u0259cbur olur \u2013 bu da kim\u0259s\u0259 sirr deyil.\n<\/p>\n<p>\n  \u00c7a\u011f\u0131m\u0131z\u0131n normal \u00f6lk\u0259l\u0259rind\u0259 orta \u00f6m\u00fcr qalxm\u0131\u015f, yolxucu x\u0259st\u0259likl\u0259rl\u0259 m\u00fcbariz\u0259d\u0259 q\u0259l\u0259b\u0259l\u0259r \u0259ld\u0259 edilmi\u015f, u\u015faq \u00f6l\u00fcm\u00fc heyr\u0259tamiz d\u0259r\u0259c\u0259d\u0259 azald\u0131lm\u0131\u015f, \u0259n t\u0259sirli d\u0259rman v\u0259 tibbi qur\u011fular icad edilmi\u015f, tibbi xidm\u0259t b\u0259lk\u0259 d\u0259 Gilgame\u015fi d\u0259 sakitl\u0259\u015fdir\u0259c\u0259k h\u0259dd\u0259 g\u0259lmi\u015fdir. Lakin bizim onlara ya \u0259limiz \u00e7atm\u0131r, ya da pulumuz.\n<\/p>\n<p>\n  Yaln\u0131z bir fakt\u0131 n\u0259z\u0259r\u0259 al\u0131n. \u00dcmumd\u00fcnya S\u0259hiyy\u0259 T\u0259\u015fkilat\u0131n\u0131n m\u00fct\u0259x\u0259ssisl\u0259ri b\u0259yan edir ki, Almaniyada \u00e7at\u0131ml\u0131 olan tibbi k\u00f6m\u0259k 49 m\u00f6htac \u00f6lk\u0259d\u0259 ger\u00e7\u0259kl\u0259\u015f\u0259 bils\u0259ydi, 5 il \u0259rzind\u0259 do\u011fu\u015f ed\u0259n 700 min anan\u0131 \u00f6lm\u0259kd\u0259n xilas etm\u0259k m\u00fcmk\u00fcn olard\u0131.<\/p>\n","protected":false},"excerpt":{"rendered":"<p>Tibbi s\u0131\u011fortan\u0131n t\u0259tbiqi bu g\u00fcn bizim \u00fc\u00e7\u00fcn t\u0259cili can v\u0259 l\u0259yaq\u0259t davas\u0131d\u0131r. \u0130ndi onu t\u0259l\u0259b etm\u0259k &#8220;Az\u0259rbaycan\u0131n Gilqame\u015f dastan\u0131&#8221;d\u0131r&#8230;<\/p>\n","protected":false},"author":11,"featured_media":73049,"comment_status":"closed","ping_status":"open","sticky":false,"template":"","format":"standard","meta":{"_acf_changed":false,"_sitemap_exclude":false,"_sitemap_priority":"","_sitemap_frequency":"","footnotes":""},"categories":[57],"tags":[],"class_list":["post-180401","post","type-post","status-publish","format-standard","has-post-thumbnail","hentry","category-menim-fikrimce","infinite-scroll-item","generate-columns","tablet-grid-50","mobile-grid-100","grid-parent","grid-33","no-featured-image-padding"],"acf":[],"yoast_head":"<!-- This site is optimized with the Yoast SEO plugin v27.5 - https:\/\/yoast.com\/product\/yoast-seo-wordpress\/ -->\n<title>\u0130gid Gilqame\u015f kim yana-yana a\u011flama\u011f\u0131m\u0131z - MEYDAN.TV<\/title>\n<meta name=\"robots\" content=\"index, follow, max-snippet:-1, max-image-preview:large, max-video-preview:-1\" \/>\n<link rel=\"canonical\" href=\"https:\/\/www.meydan.tv\/az\/article\/igid-gilqames-kim-yana-yana-aglamagimiz\/\" \/>\n<meta property=\"og:locale\" content=\"az_AZ\" \/>\n<meta property=\"og:type\" content=\"article\" \/>\n<meta property=\"og:title\" content=\"\u0130gid Gilqame\u015f kim yana-yana a\u011flama\u011f\u0131m\u0131z - MEYDAN.TV\" \/>\n<meta property=\"og:description\" content=\"Tibbi s\u0131\u011fortan\u0131n t\u0259tbiqi bu g\u00fcn bizim \u00fc\u00e7\u00fcn t\u0259cili can v\u0259 l\u0259yaq\u0259t davas\u0131d\u0131r. \u0130ndi onu t\u0259l\u0259b etm\u0259k &quot;Az\u0259rbaycan\u0131n Gilqame\u015f dastan\u0131&quot;d\u0131r...\" \/>\n<meta property=\"og:url\" content=\"https:\/\/www.meydan.tv\/az\/article\/igid-gilqames-kim-yana-yana-aglamagimiz\/\" \/>\n<meta property=\"og:site_name\" content=\"MEYDAN.TV\" \/>\n<meta property=\"article:published_time\" content=\"2016-11-14T18:50:56+00:00\" \/>\n<meta property=\"og:image\" content=\"https:\/\/www.meydan.tv\/wp-content\/uploads\/28173.jpg\" \/>\n\t<meta property=\"og:image:width\" content=\"500\" \/>\n\t<meta property=\"og:image:height\" content=\"300\" \/>\n\t<meta property=\"og:image:type\" content=\"image\/jpeg\" \/>\n<meta name=\"author\" content=\"user-manager\" \/>\n<meta name=\"twitter:card\" content=\"summary_large_image\" \/>\n<script type=\"application\/ld+json\" class=\"yoast-schema-graph\">{\"@context\":\"https:\\\/\\\/schema.org\",\"@graph\":[{\"@type\":\"Article\",\"@id\":\"https:\\\/\\\/www.meydan.tv\\\/az\\\/article\\\/igid-gilqames-kim-yana-yana-aglamagimiz\\\/#article\",\"isPartOf\":{\"@id\":\"https:\\\/\\\/www.meydan.tv\\\/az\\\/article\\\/igid-gilqames-kim-yana-yana-aglamagimiz\\\/\"},\"author\":{\"name\":\"user-manager\",\"@id\":\"https:\\\/\\\/www.meydan.tv\\\/az\\\/#\\\/schema\\\/person\\\/10d11eccf6da3662cf5fdab9806ea91a\"},\"headline\":\"\u0130gid Gilqame\u015f kim yana-yana a\u011flama\u011f\u0131m\u0131z\",\"datePublished\":\"2016-11-14T18:50:56+00:00\",\"mainEntityOfPage\":{\"@id\":\"https:\\\/\\\/www.meydan.tv\\\/az\\\/article\\\/igid-gilqames-kim-yana-yana-aglamagimiz\\\/\"},\"wordCount\":1014,\"publisher\":{\"@id\":\"https:\\\/\\\/www.meydan.tv\\\/az\\\/#organization\"},\"image\":{\"@id\":\"https:\\\/\\\/www.meydan.tv\\\/az\\\/article\\\/igid-gilqames-kim-yana-yana-aglamagimiz\\\/#primaryimage\"},\"thumbnailUrl\":\"https:\\\/\\\/www.meydan.tv\\\/wp-content\\\/uploads\\\/28173.jpg\",\"articleSection\":[\"M\u0259nim Fikrimc\u0259\"],\"inLanguage\":\"az\"},{\"@type\":\"WebPage\",\"@id\":\"https:\\\/\\\/www.meydan.tv\\\/az\\\/article\\\/igid-gilqames-kim-yana-yana-aglamagimiz\\\/\",\"url\":\"https:\\\/\\\/www.meydan.tv\\\/az\\\/article\\\/igid-gilqames-kim-yana-yana-aglamagimiz\\\/\",\"name\":\"\u0130gid Gilqame\u015f kim yana-yana a\u011flama\u011f\u0131m\u0131z - MEYDAN.TV\",\"isPartOf\":{\"@id\":\"https:\\\/\\\/www.meydan.tv\\\/az\\\/#website\"},\"primaryImageOfPage\":{\"@id\":\"https:\\\/\\\/www.meydan.tv\\\/az\\\/article\\\/igid-gilqames-kim-yana-yana-aglamagimiz\\\/#primaryimage\"},\"image\":{\"@id\":\"https:\\\/\\\/www.meydan.tv\\\/az\\\/article\\\/igid-gilqames-kim-yana-yana-aglamagimiz\\\/#primaryimage\"},\"thumbnailUrl\":\"https:\\\/\\\/www.meydan.tv\\\/wp-content\\\/uploads\\\/28173.jpg\",\"datePublished\":\"2016-11-14T18:50:56+00:00\",\"breadcrumb\":{\"@id\":\"https:\\\/\\\/www.meydan.tv\\\/az\\\/article\\\/igid-gilqames-kim-yana-yana-aglamagimiz\\\/#breadcrumb\"},\"inLanguage\":\"az\",\"potentialAction\":[{\"@type\":\"ReadAction\",\"target\":[\"https:\\\/\\\/www.meydan.tv\\\/az\\\/article\\\/igid-gilqames-kim-yana-yana-aglamagimiz\\\/\"]}]},{\"@type\":\"ImageObject\",\"inLanguage\":\"az\",\"@id\":\"https:\\\/\\\/www.meydan.tv\\\/az\\\/article\\\/igid-gilqames-kim-yana-yana-aglamagimiz\\\/#primaryimage\",\"url\":\"https:\\\/\\\/www.meydan.tv\\\/wp-content\\\/uploads\\\/28173.jpg\",\"contentUrl\":\"https:\\\/\\\/www.meydan.tv\\\/wp-content\\\/uploads\\\/28173.jpg\",\"width\":500,\"height\":300,\"caption\":\"Source:\"},{\"@type\":\"BreadcrumbList\",\"@id\":\"https:\\\/\\\/www.meydan.tv\\\/az\\\/article\\\/igid-gilqames-kim-yana-yana-aglamagimiz\\\/#breadcrumb\",\"itemListElement\":[{\"@type\":\"ListItem\",\"position\":1,\"name\":\"Ana s\u0259hif\u0259\",\"item\":\"https:\\\/\\\/www.meydan.tv\\\/az\\\/\"},{\"@type\":\"ListItem\",\"position\":2,\"name\":\"M\u0259nim Fikrimc\u0259\",\"item\":\"https:\\\/\\\/www.meydan.tv\\\/az\\\/section\\\/menim-fikrimce\\\/\"},{\"@type\":\"ListItem\",\"position\":3,\"name\":\"\u0130gid Gilqame\u015f kim yana-yana a\u011flama\u011f\u0131m\u0131z\"}]},{\"@type\":\"WebSite\",\"@id\":\"https:\\\/\\\/www.meydan.tv\\\/az\\\/#website\",\"url\":\"https:\\\/\\\/www.meydan.tv\\\/az\\\/\",\"name\":\"MEYDAN.TV\",\"description\":\"Meydan TV Az\u0259rbaycan\u0131n media m\u0259kan\u0131ndak\u0131 alternativ s\u0259sidir\",\"publisher\":{\"@id\":\"https:\\\/\\\/www.meydan.tv\\\/az\\\/#organization\"},\"potentialAction\":[{\"@type\":\"SearchAction\",\"target\":{\"@type\":\"EntryPoint\",\"urlTemplate\":\"https:\\\/\\\/www.meydan.tv\\\/az\\\/?s={search_term_string}\"},\"query-input\":{\"@type\":\"PropertyValueSpecification\",\"valueRequired\":true,\"valueName\":\"search_term_string\"}}],\"inLanguage\":\"az\"},{\"@type\":\"Organization\",\"@id\":\"https:\\\/\\\/www.meydan.tv\\\/az\\\/#organization\",\"name\":\"Meydan TV\",\"url\":\"https:\\\/\\\/www.meydan.tv\\\/az\\\/\",\"logo\":{\"@type\":\"ImageObject\",\"inLanguage\":\"az\",\"@id\":\"https:\\\/\\\/www.meydan.tv\\\/az\\\/#\\\/schema\\\/logo\\\/image\\\/\",\"url\":\"https:\\\/\\\/www.meydan.tv\\\/wp-content\\\/uploads\\\/2021\\\/07\\\/meydan-logo.svg\",\"contentUrl\":\"https:\\\/\\\/www.meydan.tv\\\/wp-content\\\/uploads\\\/2021\\\/07\\\/meydan-logo.svg\",\"width\":195,\"height\":46,\"caption\":\"Meydan TV\"},\"image\":{\"@id\":\"https:\\\/\\\/www.meydan.tv\\\/az\\\/#\\\/schema\\\/logo\\\/image\\\/\"}},{\"@type\":\"Person\",\"@id\":\"https:\\\/\\\/www.meydan.tv\\\/az\\\/#\\\/schema\\\/person\\\/10d11eccf6da3662cf5fdab9806ea91a\",\"name\":\"user-manager\"}]}<\/script>\n<!-- \/ Yoast SEO plugin. -->","yoast_head_json":{"title":"\u0130gid Gilqame\u015f kim yana-yana a\u011flama\u011f\u0131m\u0131z - MEYDAN.TV","robots":{"index":"index","follow":"follow","max-snippet":"max-snippet:-1","max-image-preview":"max-image-preview:large","max-video-preview":"max-video-preview:-1"},"canonical":"https:\/\/www.meydan.tv\/az\/article\/igid-gilqames-kim-yana-yana-aglamagimiz\/","og_locale":"az_AZ","og_type":"article","og_title":"\u0130gid Gilqame\u015f kim yana-yana a\u011flama\u011f\u0131m\u0131z - MEYDAN.TV","og_description":"Tibbi s\u0131\u011fortan\u0131n t\u0259tbiqi bu g\u00fcn bizim \u00fc\u00e7\u00fcn t\u0259cili can v\u0259 l\u0259yaq\u0259t davas\u0131d\u0131r. \u0130ndi onu t\u0259l\u0259b etm\u0259k \"Az\u0259rbaycan\u0131n Gilqame\u015f dastan\u0131\"d\u0131r...","og_url":"https:\/\/www.meydan.tv\/az\/article\/igid-gilqames-kim-yana-yana-aglamagimiz\/","og_site_name":"MEYDAN.TV","article_published_time":"2016-11-14T18:50:56+00:00","og_image":[{"width":500,"height":300,"url":"https:\/\/www.meydan.tv\/wp-content\/uploads\/28173.jpg","type":"image\/jpeg"}],"author":"user-manager","twitter_card":"summary_large_image","schema":{"@context":"https:\/\/schema.org","@graph":[{"@type":"Article","@id":"https:\/\/www.meydan.tv\/az\/article\/igid-gilqames-kim-yana-yana-aglamagimiz\/#article","isPartOf":{"@id":"https:\/\/www.meydan.tv\/az\/article\/igid-gilqames-kim-yana-yana-aglamagimiz\/"},"author":{"name":"user-manager","@id":"https:\/\/www.meydan.tv\/az\/#\/schema\/person\/10d11eccf6da3662cf5fdab9806ea91a"},"headline":"\u0130gid Gilqame\u015f kim yana-yana a\u011flama\u011f\u0131m\u0131z","datePublished":"2016-11-14T18:50:56+00:00","mainEntityOfPage":{"@id":"https:\/\/www.meydan.tv\/az\/article\/igid-gilqames-kim-yana-yana-aglamagimiz\/"},"wordCount":1014,"publisher":{"@id":"https:\/\/www.meydan.tv\/az\/#organization"},"image":{"@id":"https:\/\/www.meydan.tv\/az\/article\/igid-gilqames-kim-yana-yana-aglamagimiz\/#primaryimage"},"thumbnailUrl":"https:\/\/www.meydan.tv\/wp-content\/uploads\/28173.jpg","articleSection":["M\u0259nim Fikrimc\u0259"],"inLanguage":"az"},{"@type":"WebPage","@id":"https:\/\/www.meydan.tv\/az\/article\/igid-gilqames-kim-yana-yana-aglamagimiz\/","url":"https:\/\/www.meydan.tv\/az\/article\/igid-gilqames-kim-yana-yana-aglamagimiz\/","name":"\u0130gid Gilqame\u015f kim yana-yana a\u011flama\u011f\u0131m\u0131z - MEYDAN.TV","isPartOf":{"@id":"https:\/\/www.meydan.tv\/az\/#website"},"primaryImageOfPage":{"@id":"https:\/\/www.meydan.tv\/az\/article\/igid-gilqames-kim-yana-yana-aglamagimiz\/#primaryimage"},"image":{"@id":"https:\/\/www.meydan.tv\/az\/article\/igid-gilqames-kim-yana-yana-aglamagimiz\/#primaryimage"},"thumbnailUrl":"https:\/\/www.meydan.tv\/wp-content\/uploads\/28173.jpg","datePublished":"2016-11-14T18:50:56+00:00","breadcrumb":{"@id":"https:\/\/www.meydan.tv\/az\/article\/igid-gilqames-kim-yana-yana-aglamagimiz\/#breadcrumb"},"inLanguage":"az","potentialAction":[{"@type":"ReadAction","target":["https:\/\/www.meydan.tv\/az\/article\/igid-gilqames-kim-yana-yana-aglamagimiz\/"]}]},{"@type":"ImageObject","inLanguage":"az","@id":"https:\/\/www.meydan.tv\/az\/article\/igid-gilqames-kim-yana-yana-aglamagimiz\/#primaryimage","url":"https:\/\/www.meydan.tv\/wp-content\/uploads\/28173.jpg","contentUrl":"https:\/\/www.meydan.tv\/wp-content\/uploads\/28173.jpg","width":500,"height":300,"caption":"Source:"},{"@type":"BreadcrumbList","@id":"https:\/\/www.meydan.tv\/az\/article\/igid-gilqames-kim-yana-yana-aglamagimiz\/#breadcrumb","itemListElement":[{"@type":"ListItem","position":1,"name":"Ana s\u0259hif\u0259","item":"https:\/\/www.meydan.tv\/az\/"},{"@type":"ListItem","position":2,"name":"M\u0259nim Fikrimc\u0259","item":"https:\/\/www.meydan.tv\/az\/section\/menim-fikrimce\/"},{"@type":"ListItem","position":3,"name":"\u0130gid Gilqame\u015f kim yana-yana a\u011flama\u011f\u0131m\u0131z"}]},{"@type":"WebSite","@id":"https:\/\/www.meydan.tv\/az\/#website","url":"https:\/\/www.meydan.tv\/az\/","name":"MEYDAN.TV","description":"Meydan TV Az\u0259rbaycan\u0131n media m\u0259kan\u0131ndak\u0131 alternativ s\u0259sidir","publisher":{"@id":"https:\/\/www.meydan.tv\/az\/#organization"},"potentialAction":[{"@type":"SearchAction","target":{"@type":"EntryPoint","urlTemplate":"https:\/\/www.meydan.tv\/az\/?s={search_term_string}"},"query-input":{"@type":"PropertyValueSpecification","valueRequired":true,"valueName":"search_term_string"}}],"inLanguage":"az"},{"@type":"Organization","@id":"https:\/\/www.meydan.tv\/az\/#organization","name":"Meydan TV","url":"https:\/\/www.meydan.tv\/az\/","logo":{"@type":"ImageObject","inLanguage":"az","@id":"https:\/\/www.meydan.tv\/az\/#\/schema\/logo\/image\/","url":"https:\/\/www.meydan.tv\/wp-content\/uploads\/2021\/07\/meydan-logo.svg","contentUrl":"https:\/\/www.meydan.tv\/wp-content\/uploads\/2021\/07\/meydan-logo.svg","width":195,"height":46,"caption":"Meydan TV"},"image":{"@id":"https:\/\/www.meydan.tv\/az\/#\/schema\/logo\/image\/"}},{"@type":"Person","@id":"https:\/\/www.meydan.tv\/az\/#\/schema\/person\/10d11eccf6da3662cf5fdab9806ea91a","name":"user-manager"}]}},"_links":{"self":[{"href":"https:\/\/www.meydan.tv\/az\/wp-json\/wp\/v2\/posts\/180401","targetHints":{"allow":["GET"]}}],"collection":[{"href":"https:\/\/www.meydan.tv\/az\/wp-json\/wp\/v2\/posts"}],"about":[{"href":"https:\/\/www.meydan.tv\/az\/wp-json\/wp\/v2\/types\/post"}],"author":[{"embeddable":true,"href":"https:\/\/www.meydan.tv\/az\/wp-json\/wp\/v2\/users\/11"}],"replies":[{"embeddable":true,"href":"https:\/\/www.meydan.tv\/az\/wp-json\/wp\/v2\/comments?post=180401"}],"version-history":[{"count":0,"href":"https:\/\/www.meydan.tv\/az\/wp-json\/wp\/v2\/posts\/180401\/revisions"}],"wp:featuredmedia":[{"embeddable":true,"href":"https:\/\/www.meydan.tv\/az\/wp-json\/wp\/v2\/media\/73049"}],"wp:attachment":[{"href":"https:\/\/www.meydan.tv\/az\/wp-json\/wp\/v2\/media?parent=180401"}],"wp:term":[{"taxonomy":"category","embeddable":true,"href":"https:\/\/www.meydan.tv\/az\/wp-json\/wp\/v2\/categories?post=180401"},{"taxonomy":"post_tag","embeddable":true,"href":"https:\/\/www.meydan.tv\/az\/wp-json\/wp\/v2\/tags?post=180401"}],"curies":[{"name":"wp","href":"https:\/\/api.w.org\/{rel}","templated":true}]}}