{"id":180397,"date":"2016-11-14T17:15:47","date_gmt":"2016-11-14T17:15:47","guid":{"rendered":"https:\/\/www.meydan.tv\/article\/nemet-eliyev-ehtimal-ki-365-min-ton-yanacaq-teyinatindan-yayindirilib\/"},"modified":"2016-11-14T17:15:47","modified_gmt":"2016-11-14T17:15:47","slug":"nemet-eliyev-ehtimal-ki-365-min-ton-yanacaq-teyinatindan-yayindirilib","status":"publish","type":"post","link":"https:\/\/www.meydan.tv\/az\/article\/nemet-eliyev-ehtimal-ki-365-min-ton-yanacaq-teyinatindan-yayindirilib\/","title":{"rendered":"Nem\u0259t \u018fliyev: Ehtimal ki, 365 min ton yanacaq t\u0259yinat\u0131ndan yay\u0131nd\u0131r\u0131l\u0131b"},"content":{"rendered":"<figure class=\"wp-block-image size-large\">\n  <img decoding=\"async\" src=\"https:\/\/www.meydan.tv\/az\/73025\/\" alt=\"\" class=\"wp-image-73025\"\/><figcaption><\/figcaption><\/figure>\n<p>\n  <i><br \/>\n    &#8221;Aidiyyat\u0131 olan d\u00f6vl\u0259t orqanlar\u0131 h\u0259r\u0259k\u0259t\u0259 ke\u00e7m\u0259lidir&#8221;<br \/>\n  <\/i>\n<\/p>\n<p>\n  <br \/>\n  &#8220;360 min ton mazut, 59 milyon dollar,100 milyon manat qeyb\u0259 \u00e7\u0259kilib?! Bu q\u0259d\u0259r yanaca\u011f\u0131n n\u0259inki tozu, he\u00e7 izi d\u0259 g\u00f6r\u00fcnm\u00fcr&#8221;.\n<\/p>\n<p>\n  Bunu iqtisad\u00e7\u0131 Nem\u0259t \u018fliyev \u00f6z &#8220;Facebook&#8221; s\u0259hif\u0259sind\u0259 yaz\u0131b.\n<\/p>\n<p>\n  &#8220;Yanacaq v\u0259 Energetika Nazirliyi yayd\u0131\u011f\u0131 hesabatda izahat\u0131n\u0131 bel\u0259 verib ki, bu q\u0259d\u0259r mazut elektrik enerjisinin istehsal\u0131na yanacaq kimi s\u0259rf olunub. D\u00f6vl\u0259t Statistika Komit\u0259si d\u0259 n\u00f6qt\u0259-verg\u00fcl\u00fcn\u0259 toxunmadan bu m\u0259lumat\u0131 \u00f6z hesabat\u0131na daxil edib.\n<\/p>\n<p>\n  B\u0259s burada anormal olan n\u0259dir? M\u0259s\u0259l\u0259 bundad\u0131r ki, 2014-c\u00fc ild\u0259 elektrik v\u0259 istilik enerjisinin istehsal\u0131na 5669 milyon kub metr t\u0259bii qaz, 5,4 min ton dizel yanaca\u011f\u0131, 4,4 min ton az k\u00fck\u00fcrdl\u00fc mazut, 438 min ton b\u0259rk m\u0259i\u015f\u0259t tullant\u0131s\u0131 s\u0259rf olunub. Neft ekvivalentin\u0259 \u00e7evirm\u0259kl\u0259 \u00fcmumil\u0259\u015fdirm\u0259 aparsaq, m\u0259lum olur ki, elektrik v\u0259 istilik enerjisinin istehsal\u0131na 2014-c\u00fc ild\u0259 5 milyon 362 min ton yanacaq s\u0259rf olunub v\u0259 bu q\u0259d\u0259r yanacaq s\u0259rfiyyat\u0131 m\u00fcqabilind\u0259 24728 milyon kVt\/saat elektrik enerjisi, 1619 min Qkal istilik enerjisi istehsal olunub&#8221; &#8211; deyir, Nem\u0259t \u018fliyev.\n<\/p>\n<p>\n  \u0130qtisad\u00e7\u0131 deyir ki, 2015-ci ild\u0259 v\u0259ziyy\u0259t d\u0259yi\u015fib: &#8220;Elektrik v\u0259 istilik enerjisinin istehsal\u0131na 5632 milyon kubmetr t\u0259bii qaz (0,6% az), 4,6 min ton dizel yanaca\u011f\u0131 (15% az), 389 min ton az k\u00fck\u00fcrdl\u00fc mazut (\u00f6t\u0259n ild\u0259kind\u0259n 385 min ton v\u0259 ya 88 d\u0259f\u0259 \u00e7ox) v\u0259 506 min ton b\u0259rk m\u0259i\u015f\u0259t tullant\u0131s\u0131(15% \u00e7ox) s\u0259rf olunub. Neft ekvivalentin\u0259 \u00e7evirm\u0259kl\u0259 sad\u0259l\u0259\u015fdirs\u0259k, ayd\u0131n olur ki, 2015-ci ild\u0259 elektrik v\u0259 istilik enerjisinin istehsal\u0131na 5 milyon 727 min ton yanacaq s\u0259rf olunub v\u0259 bu q\u0259d\u0259r yanacaq s\u0259rf etm\u0259kl\u0259 24688 milyon kVt\/saat elektrik enerjisi, 1553 min Qkal istilik enerjisi istehsal olunub.\n<\/p>\n<p>\n  2014 v\u0259 2015-ci ill\u0259rin s\u0259rfiyyat v\u0259 istehsal g\u00f6st\u0259ricil\u0259rini m\u00fcqayis\u0259y\u0259 g\u0259tir\u0259k. Neft ekvivalentind\u0259 ifad\u0259 olunmu\u015f g\u00f6st\u0259ricil\u0259rin m\u00fcqayis\u0259si g\u00f6st\u0259rir ki, yanacaq s\u0259rfiyyat\u0131 2015-ci ild\u0259 365 min ton v\u0259 ya 7 faiz\u0259 yax\u0131n art\u0131b. \u0130stehsal g\u00f6st\u0259ricil\u0259rinin m\u00fcqayis\u0259si g\u00f6st\u0259rir ki, 2015-ci ild\u0259 elektrik enerjisinin istehsal\u0131 39 milyon kVt\/saat, istilik enerjisinin istehsal\u0131 66 min Qkal azal\u0131b.\n<\/p>\n<p>\n  Y\u0259ni yanacaq s\u0259rfiyyat\u0131n\u0131n 365 min ton artmas\u0131na baxmayaraq, elektrik v\u0259 istilik enerjisinin istehsal\u0131 a\u015fa\u011f\u0131 d\u00fc\u015f\u00fcb. Normal halda bu ola bilm\u0259z. N\u0259tic\u0259 g\u00f6st\u0259ricisi artmal\u0131yd\u0131. Yanacaq s\u0259rfiyyat\u0131n\u0131n 7% artmas\u0131 qar\u015f\u0131l\u0131\u011f\u0131nda istehsal g\u00f6st\u0259ricil\u0259ri \u00e7oxalmal\u0131 idi. Lakin \u00e7oxalmay\u0131b. \u018fksin\u0259, azal\u0131b. Azal\u0131bsa, yanacaq s\u0259rfiyyat\u0131 da azalmal\u0131 idi. Yanacaq s\u0259rfiyyat\u0131 is\u0259 azalmay\u0131b. \u018fksin\u0259, \u00e7oxal\u0131b. Bel\u0259 \u00e7\u0131x\u0131r ki, istehsal-texnoloji prosesin y\u00f6n\u00fc t\u0259rsin\u0259 d\u00f6n\u00fcb. Bu is\u0259 \u0259sla m\u00fcmk\u00fcn deyil&#8221;.\n<\/p>\n<p>\n  B\u0259s n\u0259 ba\u015f verib? \u0130qtisad\u00e7\u0131 ehtimal edir ki, 365 min ton yanacaq t\u0259yinat\u0131ndan yay\u0131nd\u0131r\u0131l\u0131b: &#8220;Neft ekvivalenti il\u0259 ifad\u0259 olunmu\u015f bu q\u0259d\u0259r yanacaq 360 min ton az k\u00fck\u00fcrdl\u00fc mazut dem\u0259kdir. 2015-ci ilin dekabr ay\u0131nda d\u00fcnya bazarlar\u0131nda 1faiz k\u00fck\u00fcrdl\u00fc mazutun 1 tonu 165,85 dollara sat\u0131l\u0131b. Bu qiym\u0259tl\u0259 hesablasaq, 59 milyon dollar, M\u0259rk\u0259zi Bank\u0131n bu g\u00fcn\u0259 olan r\u0259smi m\u0259z\u0259nn\u0259si il\u0259 manata \u00e7evirs\u0259k, 100 milyon manat al\u0131nar.\n<\/p>\n<p>\n  B\u0259s 100 milyon manatl\u0131q mazut haraya gedib? Ax\u0131 bu q\u0259d\u0259r yanacaq qeyb\u0259 \u00e7\u0259kil\u0259 bilm\u0259z! D\u00f6vl\u0259t x\u0259zin\u0259sinin bo\u015fald\u0131\u011f\u0131 indiki zamanda bu milyonlara d\u00f6vl\u0259tin d\u0259, xalq\u0131n da b\u00f6y\u00fck ehtiyac\u0131 var. Odur ki, bu problemin \u00fcz\u0259rind\u0259n s\u00fckutla ke\u00e7m\u0259k olmaz.\n<\/p>\n<p>\n  Bu da\u011f\u0131d\u0131c\u0131 prosesin durdurulmas\u0131 hesab\u0131na \u0259ld\u0259 olunan milyonlar\u0131 kredit borcunun alt\u0131nda \u0259zil\u0259n \u0259halinin kredit borclar\u0131n\u0131n silinm\u0259sin\u0259 d\u0259 y\u00f6n\u0259ltm\u0259k m\u00fcmk\u00fcnd\u00fcr. Maliyy\u0259 Nazirliyinin v\u0259 Hesablama Palatas\u0131n\u0131n bu istiqam\u0259td\u0259 ger\u00e7\u0259k ara\u015fd\u0131rmalara ba\u015flamas\u0131 \u00fc\u00e7\u00fcn yet\u0259rinc\u0259 \u0259saslar var. Onu da n\u0259z\u0259r\u0259 almaq laz\u0131md\u0131r ki, haz\u0131rda bu proses davam etdiril\u0259 bil\u0259r. Bel\u0259 d\u00fc\u015f\u00fcnm\u0259k \u00fc\u00e7\u00fcn yet\u0259rinc\u0259 s\u0259b\u0259b var. Bel\u0259 ki, 2016-c\u0131 ilin I r\u00fcb\u00fcnd\u0259 mazut s\u0259rfiyyat\u0131n\u0131n 2,6 d\u0259f\u0259 artmas\u0131 (s\u0259b\u0259b kimi \u201cAz\u0259renerji\u201d ASC-nin m\u00fc\u0259ssis\u0259l\u0259ri t\u0259r\u0259find\u0259n mazut istehlak\u0131n\u0131n \u00e7oxalmas\u0131 g\u00f6st\u0259rilib) il\u0259 yana\u015f\u0131 elektrik enerjisinin istehsal\u0131 435 milyon kVt\/saat azal\u0131b.\n<\/p>\n<p>\n  Odur ki, aidiyyat\u0131 olan d\u00f6vl\u0259t orqanlar\u0131 h\u0259r\u0259k\u0259t\u0259 ke\u00e7m\u0259lidir. Bu m\u0259s\u0259l\u0259y\u0259 ayd\u0131nl\u0131q g\u0259tiril\u0259rs\u0259, inan\u0131ram ki, elektrik enerjisinin bahala\u015fd\u0131rlmas\u0131n\u0131n z\u0259ruriliyin\u0259 dair son zamanlar s\u0259sl\u0259ndiril\u0259n c\u00fcrb\u0259c\u00fcr b\u0259han\u0259l\u0259r\u0259 obyektiv \u0259saslarla bird\u0259f\u0259lik son verm\u0259k m\u00fcmk\u00fcn olacaq&#8221;.<\/p>\n","protected":false},"excerpt":{"rendered":"<p>&#8221;Aidiyyat\u0131 olan d\u00f6vl\u0259t orqanlar\u0131 h\u0259r\u0259k\u0259t\u0259 ke\u00e7m\u0259lidir&#8221;<\/p>\n","protected":false},"author":11,"featured_media":73025,"comment_status":"closed","ping_status":"open","sticky":false,"template":"","format":"standard","meta":{"_acf_changed":false,"_sitemap_exclude":false,"_sitemap_priority":"","_sitemap_frequency":"","footnotes":""},"categories":[51],"tags":[],"class_list":["post-180397","post","type-post","status-publish","format-standard","has-post-thumbnail","hentry","category-analitika","infinite-scroll-item","generate-columns","tablet-grid-50","mobile-grid-100","grid-parent","grid-33","no-featured-image-padding"],"acf":[],"yoast_head":"<!-- This site is optimized with the Yoast SEO plugin v27.5 - https:\/\/yoast.com\/product\/yoast-seo-wordpress\/ -->\n<title>Nem\u0259t \u018fliyev: Ehtimal ki, 365 min ton yanacaq t\u0259yinat\u0131ndan yay\u0131nd\u0131r\u0131l\u0131b - MEYDAN.TV<\/title>\n<meta name=\"robots\" content=\"index, follow, max-snippet:-1, max-image-preview:large, max-video-preview:-1\" \/>\n<link rel=\"canonical\" href=\"https:\/\/www.meydan.tv\/az\/article\/nemet-eliyev-ehtimal-ki-365-min-ton-yanacaq-teyinatindan-yayindirilib\/\" \/>\n<meta property=\"og:locale\" content=\"az_AZ\" \/>\n<meta property=\"og:type\" content=\"article\" \/>\n<meta property=\"og:title\" content=\"Nem\u0259t \u018fliyev: Ehtimal ki, 365 min ton yanacaq t\u0259yinat\u0131ndan yay\u0131nd\u0131r\u0131l\u0131b - MEYDAN.TV\" \/>\n<meta property=\"og:description\" content=\"&#039;&#039;Aidiyyat\u0131 olan d\u00f6vl\u0259t orqanlar\u0131 h\u0259r\u0259k\u0259t\u0259 ke\u00e7m\u0259lidir&#039;&#039;\" \/>\n<meta property=\"og:url\" content=\"https:\/\/www.meydan.tv\/az\/article\/nemet-eliyev-ehtimal-ki-365-min-ton-yanacaq-teyinatindan-yayindirilib\/\" \/>\n<meta property=\"og:site_name\" content=\"MEYDAN.TV\" \/>\n<meta property=\"article:published_time\" content=\"2016-11-14T17:15:47+00:00\" \/>\n<meta property=\"og:image\" content=\"https:\/\/www.meydan.tv\/wp-content\/uploads\/28170.jpg\" \/>\n\t<meta property=\"og:image:width\" content=\"714\" \/>\n\t<meta property=\"og:image:height\" content=\"400\" \/>\n\t<meta property=\"og:image:type\" content=\"image\/jpeg\" \/>\n<meta name=\"author\" content=\"user-manager\" \/>\n<meta name=\"twitter:card\" content=\"summary_large_image\" \/>\n<script type=\"application\/ld+json\" class=\"yoast-schema-graph\">{\"@context\":\"https:\\\/\\\/schema.org\",\"@graph\":[{\"@type\":\"Article\",\"@id\":\"https:\\\/\\\/www.meydan.tv\\\/az\\\/article\\\/nemet-eliyev-ehtimal-ki-365-min-ton-yanacaq-teyinatindan-yayindirilib\\\/#article\",\"isPartOf\":{\"@id\":\"https:\\\/\\\/www.meydan.tv\\\/az\\\/article\\\/nemet-eliyev-ehtimal-ki-365-min-ton-yanacaq-teyinatindan-yayindirilib\\\/\"},\"author\":{\"name\":\"user-manager\",\"@id\":\"https:\\\/\\\/www.meydan.tv\\\/az\\\/#\\\/schema\\\/person\\\/10d11eccf6da3662cf5fdab9806ea91a\"},\"headline\":\"Nem\u0259t \u018fliyev: Ehtimal ki, 365 min ton yanacaq t\u0259yinat\u0131ndan yay\u0131nd\u0131r\u0131l\u0131b\",\"datePublished\":\"2016-11-14T17:15:47+00:00\",\"mainEntityOfPage\":{\"@id\":\"https:\\\/\\\/www.meydan.tv\\\/az\\\/article\\\/nemet-eliyev-ehtimal-ki-365-min-ton-yanacaq-teyinatindan-yayindirilib\\\/\"},\"wordCount\":830,\"publisher\":{\"@id\":\"https:\\\/\\\/www.meydan.tv\\\/az\\\/#organization\"},\"image\":{\"@id\":\"https:\\\/\\\/www.meydan.tv\\\/az\\\/article\\\/nemet-eliyev-ehtimal-ki-365-min-ton-yanacaq-teyinatindan-yayindirilib\\\/#primaryimage\"},\"thumbnailUrl\":\"https:\\\/\\\/www.meydan.tv\\\/wp-content\\\/uploads\\\/28170.jpg\",\"articleSection\":[\"Analitika\"],\"inLanguage\":\"az\"},{\"@type\":\"WebPage\",\"@id\":\"https:\\\/\\\/www.meydan.tv\\\/az\\\/article\\\/nemet-eliyev-ehtimal-ki-365-min-ton-yanacaq-teyinatindan-yayindirilib\\\/\",\"url\":\"https:\\\/\\\/www.meydan.tv\\\/az\\\/article\\\/nemet-eliyev-ehtimal-ki-365-min-ton-yanacaq-teyinatindan-yayindirilib\\\/\",\"name\":\"Nem\u0259t \u018fliyev: Ehtimal ki, 365 min ton yanacaq t\u0259yinat\u0131ndan yay\u0131nd\u0131r\u0131l\u0131b - MEYDAN.TV\",\"isPartOf\":{\"@id\":\"https:\\\/\\\/www.meydan.tv\\\/az\\\/#website\"},\"primaryImageOfPage\":{\"@id\":\"https:\\\/\\\/www.meydan.tv\\\/az\\\/article\\\/nemet-eliyev-ehtimal-ki-365-min-ton-yanacaq-teyinatindan-yayindirilib\\\/#primaryimage\"},\"image\":{\"@id\":\"https:\\\/\\\/www.meydan.tv\\\/az\\\/article\\\/nemet-eliyev-ehtimal-ki-365-min-ton-yanacaq-teyinatindan-yayindirilib\\\/#primaryimage\"},\"thumbnailUrl\":\"https:\\\/\\\/www.meydan.tv\\\/wp-content\\\/uploads\\\/28170.jpg\",\"datePublished\":\"2016-11-14T17:15:47+00:00\",\"breadcrumb\":{\"@id\":\"https:\\\/\\\/www.meydan.tv\\\/az\\\/article\\\/nemet-eliyev-ehtimal-ki-365-min-ton-yanacaq-teyinatindan-yayindirilib\\\/#breadcrumb\"},\"inLanguage\":\"az\",\"potentialAction\":[{\"@type\":\"ReadAction\",\"target\":[\"https:\\\/\\\/www.meydan.tv\\\/az\\\/article\\\/nemet-eliyev-ehtimal-ki-365-min-ton-yanacaq-teyinatindan-yayindirilib\\\/\"]}]},{\"@type\":\"ImageObject\",\"inLanguage\":\"az\",\"@id\":\"https:\\\/\\\/www.meydan.tv\\\/az\\\/article\\\/nemet-eliyev-ehtimal-ki-365-min-ton-yanacaq-teyinatindan-yayindirilib\\\/#primaryimage\",\"url\":\"https:\\\/\\\/www.meydan.tv\\\/wp-content\\\/uploads\\\/28170.jpg\",\"contentUrl\":\"https:\\\/\\\/www.meydan.tv\\\/wp-content\\\/uploads\\\/28170.jpg\",\"width\":714,\"height\":400,\"caption\":\"Source:\"},{\"@type\":\"BreadcrumbList\",\"@id\":\"https:\\\/\\\/www.meydan.tv\\\/az\\\/article\\\/nemet-eliyev-ehtimal-ki-365-min-ton-yanacaq-teyinatindan-yayindirilib\\\/#breadcrumb\",\"itemListElement\":[{\"@type\":\"ListItem\",\"position\":1,\"name\":\"Ana s\u0259hif\u0259\",\"item\":\"https:\\\/\\\/www.meydan.tv\\\/az\\\/\"},{\"@type\":\"ListItem\",\"position\":2,\"name\":\"Analitika\",\"item\":\"https:\\\/\\\/www.meydan.tv\\\/az\\\/section\\\/analitika\\\/\"},{\"@type\":\"ListItem\",\"position\":3,\"name\":\"Nem\u0259t \u018fliyev: Ehtimal ki, 365 min ton yanacaq t\u0259yinat\u0131ndan yay\u0131nd\u0131r\u0131l\u0131b\"}]},{\"@type\":\"WebSite\",\"@id\":\"https:\\\/\\\/www.meydan.tv\\\/az\\\/#website\",\"url\":\"https:\\\/\\\/www.meydan.tv\\\/az\\\/\",\"name\":\"MEYDAN.TV\",\"description\":\"Meydan TV Az\u0259rbaycan\u0131n media m\u0259kan\u0131ndak\u0131 alternativ s\u0259sidir\",\"publisher\":{\"@id\":\"https:\\\/\\\/www.meydan.tv\\\/az\\\/#organization\"},\"potentialAction\":[{\"@type\":\"SearchAction\",\"target\":{\"@type\":\"EntryPoint\",\"urlTemplate\":\"https:\\\/\\\/www.meydan.tv\\\/az\\\/?s={search_term_string}\"},\"query-input\":{\"@type\":\"PropertyValueSpecification\",\"valueRequired\":true,\"valueName\":\"search_term_string\"}}],\"inLanguage\":\"az\"},{\"@type\":\"Organization\",\"@id\":\"https:\\\/\\\/www.meydan.tv\\\/az\\\/#organization\",\"name\":\"Meydan TV\",\"url\":\"https:\\\/\\\/www.meydan.tv\\\/az\\\/\",\"logo\":{\"@type\":\"ImageObject\",\"inLanguage\":\"az\",\"@id\":\"https:\\\/\\\/www.meydan.tv\\\/az\\\/#\\\/schema\\\/logo\\\/image\\\/\",\"url\":\"https:\\\/\\\/www.meydan.tv\\\/wp-content\\\/uploads\\\/2021\\\/07\\\/meydan-logo.svg\",\"contentUrl\":\"https:\\\/\\\/www.meydan.tv\\\/wp-content\\\/uploads\\\/2021\\\/07\\\/meydan-logo.svg\",\"width\":195,\"height\":46,\"caption\":\"Meydan TV\"},\"image\":{\"@id\":\"https:\\\/\\\/www.meydan.tv\\\/az\\\/#\\\/schema\\\/logo\\\/image\\\/\"}},{\"@type\":\"Person\",\"@id\":\"https:\\\/\\\/www.meydan.tv\\\/az\\\/#\\\/schema\\\/person\\\/10d11eccf6da3662cf5fdab9806ea91a\",\"name\":\"user-manager\"}]}<\/script>\n<!-- \/ Yoast SEO plugin. -->","yoast_head_json":{"title":"Nem\u0259t \u018fliyev: Ehtimal ki, 365 min ton yanacaq t\u0259yinat\u0131ndan yay\u0131nd\u0131r\u0131l\u0131b - MEYDAN.TV","robots":{"index":"index","follow":"follow","max-snippet":"max-snippet:-1","max-image-preview":"max-image-preview:large","max-video-preview":"max-video-preview:-1"},"canonical":"https:\/\/www.meydan.tv\/az\/article\/nemet-eliyev-ehtimal-ki-365-min-ton-yanacaq-teyinatindan-yayindirilib\/","og_locale":"az_AZ","og_type":"article","og_title":"Nem\u0259t \u018fliyev: Ehtimal ki, 365 min ton yanacaq t\u0259yinat\u0131ndan yay\u0131nd\u0131r\u0131l\u0131b - MEYDAN.TV","og_description":"''Aidiyyat\u0131 olan d\u00f6vl\u0259t orqanlar\u0131 h\u0259r\u0259k\u0259t\u0259 ke\u00e7m\u0259lidir''","og_url":"https:\/\/www.meydan.tv\/az\/article\/nemet-eliyev-ehtimal-ki-365-min-ton-yanacaq-teyinatindan-yayindirilib\/","og_site_name":"MEYDAN.TV","article_published_time":"2016-11-14T17:15:47+00:00","og_image":[{"width":714,"height":400,"url":"https:\/\/www.meydan.tv\/wp-content\/uploads\/28170.jpg","type":"image\/jpeg"}],"author":"user-manager","twitter_card":"summary_large_image","schema":{"@context":"https:\/\/schema.org","@graph":[{"@type":"Article","@id":"https:\/\/www.meydan.tv\/az\/article\/nemet-eliyev-ehtimal-ki-365-min-ton-yanacaq-teyinatindan-yayindirilib\/#article","isPartOf":{"@id":"https:\/\/www.meydan.tv\/az\/article\/nemet-eliyev-ehtimal-ki-365-min-ton-yanacaq-teyinatindan-yayindirilib\/"},"author":{"name":"user-manager","@id":"https:\/\/www.meydan.tv\/az\/#\/schema\/person\/10d11eccf6da3662cf5fdab9806ea91a"},"headline":"Nem\u0259t \u018fliyev: Ehtimal ki, 365 min ton yanacaq t\u0259yinat\u0131ndan yay\u0131nd\u0131r\u0131l\u0131b","datePublished":"2016-11-14T17:15:47+00:00","mainEntityOfPage":{"@id":"https:\/\/www.meydan.tv\/az\/article\/nemet-eliyev-ehtimal-ki-365-min-ton-yanacaq-teyinatindan-yayindirilib\/"},"wordCount":830,"publisher":{"@id":"https:\/\/www.meydan.tv\/az\/#organization"},"image":{"@id":"https:\/\/www.meydan.tv\/az\/article\/nemet-eliyev-ehtimal-ki-365-min-ton-yanacaq-teyinatindan-yayindirilib\/#primaryimage"},"thumbnailUrl":"https:\/\/www.meydan.tv\/wp-content\/uploads\/28170.jpg","articleSection":["Analitika"],"inLanguage":"az"},{"@type":"WebPage","@id":"https:\/\/www.meydan.tv\/az\/article\/nemet-eliyev-ehtimal-ki-365-min-ton-yanacaq-teyinatindan-yayindirilib\/","url":"https:\/\/www.meydan.tv\/az\/article\/nemet-eliyev-ehtimal-ki-365-min-ton-yanacaq-teyinatindan-yayindirilib\/","name":"Nem\u0259t \u018fliyev: Ehtimal ki, 365 min ton yanacaq t\u0259yinat\u0131ndan yay\u0131nd\u0131r\u0131l\u0131b - MEYDAN.TV","isPartOf":{"@id":"https:\/\/www.meydan.tv\/az\/#website"},"primaryImageOfPage":{"@id":"https:\/\/www.meydan.tv\/az\/article\/nemet-eliyev-ehtimal-ki-365-min-ton-yanacaq-teyinatindan-yayindirilib\/#primaryimage"},"image":{"@id":"https:\/\/www.meydan.tv\/az\/article\/nemet-eliyev-ehtimal-ki-365-min-ton-yanacaq-teyinatindan-yayindirilib\/#primaryimage"},"thumbnailUrl":"https:\/\/www.meydan.tv\/wp-content\/uploads\/28170.jpg","datePublished":"2016-11-14T17:15:47+00:00","breadcrumb":{"@id":"https:\/\/www.meydan.tv\/az\/article\/nemet-eliyev-ehtimal-ki-365-min-ton-yanacaq-teyinatindan-yayindirilib\/#breadcrumb"},"inLanguage":"az","potentialAction":[{"@type":"ReadAction","target":["https:\/\/www.meydan.tv\/az\/article\/nemet-eliyev-ehtimal-ki-365-min-ton-yanacaq-teyinatindan-yayindirilib\/"]}]},{"@type":"ImageObject","inLanguage":"az","@id":"https:\/\/www.meydan.tv\/az\/article\/nemet-eliyev-ehtimal-ki-365-min-ton-yanacaq-teyinatindan-yayindirilib\/#primaryimage","url":"https:\/\/www.meydan.tv\/wp-content\/uploads\/28170.jpg","contentUrl":"https:\/\/www.meydan.tv\/wp-content\/uploads\/28170.jpg","width":714,"height":400,"caption":"Source:"},{"@type":"BreadcrumbList","@id":"https:\/\/www.meydan.tv\/az\/article\/nemet-eliyev-ehtimal-ki-365-min-ton-yanacaq-teyinatindan-yayindirilib\/#breadcrumb","itemListElement":[{"@type":"ListItem","position":1,"name":"Ana s\u0259hif\u0259","item":"https:\/\/www.meydan.tv\/az\/"},{"@type":"ListItem","position":2,"name":"Analitika","item":"https:\/\/www.meydan.tv\/az\/section\/analitika\/"},{"@type":"ListItem","position":3,"name":"Nem\u0259t \u018fliyev: Ehtimal ki, 365 min ton yanacaq t\u0259yinat\u0131ndan yay\u0131nd\u0131r\u0131l\u0131b"}]},{"@type":"WebSite","@id":"https:\/\/www.meydan.tv\/az\/#website","url":"https:\/\/www.meydan.tv\/az\/","name":"MEYDAN.TV","description":"Meydan TV Az\u0259rbaycan\u0131n media m\u0259kan\u0131ndak\u0131 alternativ s\u0259sidir","publisher":{"@id":"https:\/\/www.meydan.tv\/az\/#organization"},"potentialAction":[{"@type":"SearchAction","target":{"@type":"EntryPoint","urlTemplate":"https:\/\/www.meydan.tv\/az\/?s={search_term_string}"},"query-input":{"@type":"PropertyValueSpecification","valueRequired":true,"valueName":"search_term_string"}}],"inLanguage":"az"},{"@type":"Organization","@id":"https:\/\/www.meydan.tv\/az\/#organization","name":"Meydan TV","url":"https:\/\/www.meydan.tv\/az\/","logo":{"@type":"ImageObject","inLanguage":"az","@id":"https:\/\/www.meydan.tv\/az\/#\/schema\/logo\/image\/","url":"https:\/\/www.meydan.tv\/wp-content\/uploads\/2021\/07\/meydan-logo.svg","contentUrl":"https:\/\/www.meydan.tv\/wp-content\/uploads\/2021\/07\/meydan-logo.svg","width":195,"height":46,"caption":"Meydan TV"},"image":{"@id":"https:\/\/www.meydan.tv\/az\/#\/schema\/logo\/image\/"}},{"@type":"Person","@id":"https:\/\/www.meydan.tv\/az\/#\/schema\/person\/10d11eccf6da3662cf5fdab9806ea91a","name":"user-manager"}]}},"_links":{"self":[{"href":"https:\/\/www.meydan.tv\/az\/wp-json\/wp\/v2\/posts\/180397","targetHints":{"allow":["GET"]}}],"collection":[{"href":"https:\/\/www.meydan.tv\/az\/wp-json\/wp\/v2\/posts"}],"about":[{"href":"https:\/\/www.meydan.tv\/az\/wp-json\/wp\/v2\/types\/post"}],"author":[{"embeddable":true,"href":"https:\/\/www.meydan.tv\/az\/wp-json\/wp\/v2\/users\/11"}],"replies":[{"embeddable":true,"href":"https:\/\/www.meydan.tv\/az\/wp-json\/wp\/v2\/comments?post=180397"}],"version-history":[{"count":0,"href":"https:\/\/www.meydan.tv\/az\/wp-json\/wp\/v2\/posts\/180397\/revisions"}],"wp:featuredmedia":[{"embeddable":true,"href":"https:\/\/www.meydan.tv\/az\/wp-json\/wp\/v2\/media\/73025"}],"wp:attachment":[{"href":"https:\/\/www.meydan.tv\/az\/wp-json\/wp\/v2\/media?parent=180397"}],"wp:term":[{"taxonomy":"category","embeddable":true,"href":"https:\/\/www.meydan.tv\/az\/wp-json\/wp\/v2\/categories?post=180397"},{"taxonomy":"post_tag","embeddable":true,"href":"https:\/\/www.meydan.tv\/az\/wp-json\/wp\/v2\/tags?post=180397"}],"curies":[{"name":"wp","href":"https:\/\/api.w.org\/{rel}","templated":true}]}}