{"id":180390,"date":"2016-11-14T15:59:02","date_gmt":"2016-11-14T15:59:02","guid":{"rendered":"https:\/\/www.meydan.tv\/article\/rusiya-ve-ermenistan-qosunlarini-birlesdirir\/"},"modified":"2016-11-14T15:59:02","modified_gmt":"2016-11-14T15:59:02","slug":"rusiya-ve-ermenistan-qosunlarini-birlesdirir","status":"publish","type":"post","link":"https:\/\/www.meydan.tv\/az\/article\/rusiya-ve-ermenistan-qosunlarini-birlesdirir\/","title":{"rendered":"Rusiya v\u0259 Erm\u0259nistan qo\u015funlar\u0131n\u0131 birl\u0259\u015fdirir"},"content":{"rendered":"<figure class=\"wp-block-image size-large\">\n  <img decoding=\"async\" src=\"https:\/\/www.meydan.tv\/az\/foto-novosti-azerbaycan\/\" alt=\"foto Novosti-Az\u0259rbaycan\" class=\"wp-image-73004\"\/><figcaption>\n    foto Novosti-Az\u0259rbaycan<br \/>\n  <\/figcaption><\/figure>\n<p>\n  <i><br \/>\n    S\u00fclh\u0259ddin \u018fkb\u0259r: &#8221;Erm\u0259nistanla imzalanan sazi\u015f onu g\u00f6st\u0259rir ki, Rusiya bir m\u0259rk\u0259zd\u0259n idar\u0259\u00e7iliyini g\u00fccl\u0259ndirir&#8221;<br \/>\n  <\/i><\/p>\n<p>  Rusiya prezidenti Vladimir Putin Rusiya v\u0259 Erm\u0259nistan qo\u015funlar\u0131n\u0131n birl\u0259\u015fmi\u015f qrupla\u015fmas\u0131n\u0131n yarad\u0131lmas\u0131 haqq\u0131nda sazi\u015fi t\u0259sdiql\u0259yib.<\/p>\n<p>  APA-n\u0131n Moskva m\u00fcxbirinin verdiyi m\u0259lumata g\u00f6r\u0259, m\u00fcvafiq s\u0259n\u0259d bu g\u00fcn r\u0259smi h\u00fcquq informasiya internet portal\u0131nda d\u0259rc olunub.<\/p>\n<p>  &#8220;Rusiya Federasiyas\u0131 h\u00f6kum\u0259tinin Rusiya Federasiyas\u0131 il\u0259 Erm\u0259nistan aras\u0131nda qo\u015funlar\u0131n birl\u0259\u015fmi\u015f qrupla\u015fmas\u0131n\u0131n yarad\u0131lmas\u0131 haqq\u0131nda t\u0259klifl\u0259ri q\u0259bul olunub&#8221;, &#8211; dey\u0259 s\u0259n\u0259dd\u0259 vur\u011fulan\u0131b.<\/p>\n<p>  Sazi\u015fi Meydan TV-y\u0259 \u015f\u0259rh ed\u0259n siyasi icmal\u00e7\u0131 S\u00fclh\u0259ddin \u018fkb\u0259r bildirib ki, Erm\u0259nistan Rusiyan\u0131n c\u0259nub istiqam\u0259tind\u0259ki h\u0259rbi strategiyas\u0131n\u0131n t\u0259rkib hiss\u0259sidir:\n<\/p>\n<p>\n  &#8220;Rusiya i\u015f\u011fal etdiyi h\u0259m Abxaziya, h\u0259m d\u0259 C\u0259nubi Osetiyayla birg\u0259 h\u0259rbi qrupla\u015fmalar\u0131n yarad\u0131lmas\u0131 bar\u0259d\u0259 sazi\u015f imzalay\u0131b. Erm\u0259nistanla imzalanan sazi\u015f onu g\u00f6st\u0259rir ki, Rusiya c\u0259nub istiqam\u0259tind\u0259 h\u0259rbi q\u00fcvv\u0259l\u0259rinin struktur bax\u0131m\u0131ndan t\u0259kmill\u0259\u015fdirilm\u0259sini apar\u0131r v\u0259 bir m\u0259rk\u0259zd\u0259n idar\u0259\u00e7iliyini g\u00fccl\u0259ndirir. Kreml h\u0259m Abxaziyada, h\u0259m C\u0259nubi Osetiyada v\u0259 h\u0259m d\u0259 Erm\u0259nistanda olan qrupla\u015fmalar\u0131n\u0131 yerli q\u00fcvv\u0259l\u0259rl\u0259 birg\u0259 bir m\u0259rk\u0259zd\u0259n idar\u0259 edir. Bu is\u0259 Vladimir Putin\u0259 C\u0259nubi Qafqazda, X\u0259z\u0259rd\u0259, eyni zamanda, Qara d\u0259niz regionunda daha \u00e7evik h\u0259r\u0259k\u0259t etm\u0259y\u0259 imkan yarad\u0131r.<\/p>\n<figure class=\"wp-block-image size-large\">\n  <img decoding=\"async\" src=\"https:\/\/www.meydan.tv\/az\/73006\/\" alt=\"\" class=\"wp-image-73006\"\/><figcaption>\n    S\u00fclh\u0259ddin \u018fkb\u0259r foto Meydan TV<br \/>\n  <\/figcaption><\/figure>\n<p>\n  O, imzalanan sazi\u015fin Az\u0259rbaycana qar\u015f\u0131 oldu\u011funu s\u00f6yl\u0259yib: &#8220;Moskva Az\u0259rbaycana qar\u015f\u0131 v\u0259kal\u0259t m\u00fcharib\u0259si apar\u0131r, Erm\u0259nistanla dondurulmu\u015f h\u0259rbi m\u00fcnaqi\u015f\u0259nin arxas\u0131nda Kreml dayan\u0131r. Ona g\u00f6r\u0259 Erm\u0259nistan\u0131n regionda g\u00fccl\u0259nm\u0259si y\u00f6n\u00fcnd\u0259 at\u0131lan h\u0259r bir add\u0131m dolay\u0131s\u0131yla Az\u0259rbaycana qar\u015f\u0131d\u0131r&#8221;.<\/p>\n<p>  S.\u018fkb\u0259r hesab edir ki, art\u0131q qlobal qar\u015f\u0131durma regionda h\u0259lledici m\u0259rh\u0259l\u0259y\u0259 q\u0259d\u0259m qoyub v\u0259 bu, postsovet m\u0259kan\u0131nda \u015fidd\u0259tli toqqu\u015fmalarla n\u0259tic\u0259l\u0259n\u0259c\u0259k. \u00c7\u00fcnki geopolitik qar\u015f\u0131durmada bir t\u0259r\u0259fd\u0259 AB\u015e, NATO v\u0259 Avropa Birliyi dayan\u0131rsa, dig\u0259r t\u0259r\u0259fd\u0259 Rusiya durur. \u018fsas rol oynayan is\u0259 Rusiya, \u00c7in v\u0259 \u0130rand\u0131r:<\/p>\n<p>  &#8220;O bax\u0131mdan qar\u015f\u0131durma \u015fidd\u0259tl\u0259ndikc\u0259, Rusiyan\u0131n g\u00fccl\u00fc oldu\u011fu m\u0259kanda daha \u015fidd\u0259tli prosesl\u0259r ged\u0259c\u0259k. S\u00f6hb\u0259t 3 istiqam\u0259td\u0259n gedir: b\u00f6hranl\u0131 durum, m\u00fcnaqi\u015f\u0259 v\u0259 m\u00fcharib\u0259. Haz\u0131rda postsovet m\u0259kan\u0131nda \u00fc\u00e7 s\u0131nma x\u0259tti gedir, Baltik-Qara d\u0259niz x\u0259tti, GUAM v\u0259 M\u0259rk\u0259zi Asiya. Az\u0259rbaycana h\u0259r \u00fc\u00e7\u00fc t\u0259sir edir, amma GUAM x\u0259tti birba\u015fa t\u0259sirini g\u00f6st\u0259rir. GUAM-da Dnestryan\u0131, Kr\u0131m, Donbass, C\u0259nubi Osertiya, Abxaziya v\u0259 Da\u011fl\u0131q Qaraba\u011f m\u00fcnaqi\u015f\u0259l\u0259ri var&#8221;.<\/p>\n","protected":false},"excerpt":{"rendered":"<p>S\u00fclh\u0259ddin \u018fkb\u0259r: &#8221;Erm\u0259nistanla imzalanan sazi\u015f onu g\u00f6st\u0259rir ki, Rusiya bir m\u0259rk\u0259zd\u0259n idar\u0259\u00e7iliyini g\u00fccl\u0259ndirir&#8221;<\/p>\n","protected":false},"author":11,"featured_media":73004,"comment_status":"closed","ping_status":"open","sticky":false,"template":"","format":"standard","meta":{"_acf_changed":false,"_sitemap_exclude":false,"_sitemap_priority":"","_sitemap_frequency":"","footnotes":""},"categories":[51],"tags":[],"class_list":["post-180390","post","type-post","status-publish","format-standard","has-post-thumbnail","hentry","category-analitika","infinite-scroll-item","generate-columns","tablet-grid-50","mobile-grid-100","grid-parent","grid-33","no-featured-image-padding"],"acf":[],"yoast_head":"<!-- This site is optimized with the Yoast SEO plugin v27.5 - https:\/\/yoast.com\/product\/yoast-seo-wordpress\/ -->\n<title>Rusiya v\u0259 Erm\u0259nistan qo\u015funlar\u0131n\u0131 birl\u0259\u015fdirir - MEYDAN.TV<\/title>\n<meta name=\"robots\" content=\"index, follow, max-snippet:-1, max-image-preview:large, max-video-preview:-1\" \/>\n<link rel=\"canonical\" href=\"https:\/\/www.meydan.tv\/az\/article\/rusiya-ve-ermenistan-qosunlarini-birlesdirir\/\" \/>\n<meta property=\"og:locale\" content=\"az_AZ\" \/>\n<meta property=\"og:type\" content=\"article\" \/>\n<meta property=\"og:title\" content=\"Rusiya v\u0259 Erm\u0259nistan qo\u015funlar\u0131n\u0131 birl\u0259\u015fdirir - MEYDAN.TV\" \/>\n<meta property=\"og:description\" content=\"S\u00fclh\u0259ddin \u018fkb\u0259r: &#039;&#039;Erm\u0259nistanla imzalanan sazi\u015f onu g\u00f6st\u0259rir ki, Rusiya bir m\u0259rk\u0259zd\u0259n idar\u0259\u00e7iliyini g\u00fccl\u0259ndirir&#039;&#039;\" \/>\n<meta property=\"og:url\" content=\"https:\/\/www.meydan.tv\/az\/article\/rusiya-ve-ermenistan-qosunlarini-birlesdirir\/\" \/>\n<meta property=\"og:site_name\" content=\"MEYDAN.TV\" \/>\n<meta property=\"article:published_time\" content=\"2016-11-14T15:59:02+00:00\" \/>\n<meta property=\"og:image\" content=\"https:\/\/www.meydan.tv\/wp-content\/uploads\/28160.jpg\" \/>\n\t<meta property=\"og:image:width\" content=\"1000\" \/>\n\t<meta property=\"og:image:height\" content=\"715\" \/>\n\t<meta property=\"og:image:type\" content=\"image\/jpeg\" \/>\n<meta name=\"author\" content=\"user-manager\" \/>\n<meta name=\"twitter:card\" content=\"summary_large_image\" \/>\n<script type=\"application\/ld+json\" class=\"yoast-schema-graph\">{\"@context\":\"https:\\\/\\\/schema.org\",\"@graph\":[{\"@type\":\"Article\",\"@id\":\"https:\\\/\\\/www.meydan.tv\\\/az\\\/article\\\/rusiya-ve-ermenistan-qosunlarini-birlesdirir\\\/#article\",\"isPartOf\":{\"@id\":\"https:\\\/\\\/www.meydan.tv\\\/az\\\/article\\\/rusiya-ve-ermenistan-qosunlarini-birlesdirir\\\/\"},\"author\":{\"name\":\"user-manager\",\"@id\":\"https:\\\/\\\/www.meydan.tv\\\/az\\\/#\\\/schema\\\/person\\\/10d11eccf6da3662cf5fdab9806ea91a\"},\"headline\":\"Rusiya v\u0259 Erm\u0259nistan qo\u015funlar\u0131n\u0131 birl\u0259\u015fdirir\",\"datePublished\":\"2016-11-14T15:59:02+00:00\",\"mainEntityOfPage\":{\"@id\":\"https:\\\/\\\/www.meydan.tv\\\/az\\\/article\\\/rusiya-ve-ermenistan-qosunlarini-birlesdirir\\\/\"},\"wordCount\":533,\"publisher\":{\"@id\":\"https:\\\/\\\/www.meydan.tv\\\/az\\\/#organization\"},\"image\":{\"@id\":\"https:\\\/\\\/www.meydan.tv\\\/az\\\/article\\\/rusiya-ve-ermenistan-qosunlarini-birlesdirir\\\/#primaryimage\"},\"thumbnailUrl\":\"https:\\\/\\\/www.meydan.tv\\\/wp-content\\\/uploads\\\/28160.jpg\",\"articleSection\":[\"Analitika\"],\"inLanguage\":\"az\"},{\"@type\":\"WebPage\",\"@id\":\"https:\\\/\\\/www.meydan.tv\\\/az\\\/article\\\/rusiya-ve-ermenistan-qosunlarini-birlesdirir\\\/\",\"url\":\"https:\\\/\\\/www.meydan.tv\\\/az\\\/article\\\/rusiya-ve-ermenistan-qosunlarini-birlesdirir\\\/\",\"name\":\"Rusiya v\u0259 Erm\u0259nistan qo\u015funlar\u0131n\u0131 birl\u0259\u015fdirir - MEYDAN.TV\",\"isPartOf\":{\"@id\":\"https:\\\/\\\/www.meydan.tv\\\/az\\\/#website\"},\"primaryImageOfPage\":{\"@id\":\"https:\\\/\\\/www.meydan.tv\\\/az\\\/article\\\/rusiya-ve-ermenistan-qosunlarini-birlesdirir\\\/#primaryimage\"},\"image\":{\"@id\":\"https:\\\/\\\/www.meydan.tv\\\/az\\\/article\\\/rusiya-ve-ermenistan-qosunlarini-birlesdirir\\\/#primaryimage\"},\"thumbnailUrl\":\"https:\\\/\\\/www.meydan.tv\\\/wp-content\\\/uploads\\\/28160.jpg\",\"datePublished\":\"2016-11-14T15:59:02+00:00\",\"breadcrumb\":{\"@id\":\"https:\\\/\\\/www.meydan.tv\\\/az\\\/article\\\/rusiya-ve-ermenistan-qosunlarini-birlesdirir\\\/#breadcrumb\"},\"inLanguage\":\"az\",\"potentialAction\":[{\"@type\":\"ReadAction\",\"target\":[\"https:\\\/\\\/www.meydan.tv\\\/az\\\/article\\\/rusiya-ve-ermenistan-qosunlarini-birlesdirir\\\/\"]}]},{\"@type\":\"ImageObject\",\"inLanguage\":\"az\",\"@id\":\"https:\\\/\\\/www.meydan.tv\\\/az\\\/article\\\/rusiya-ve-ermenistan-qosunlarini-birlesdirir\\\/#primaryimage\",\"url\":\"https:\\\/\\\/www.meydan.tv\\\/wp-content\\\/uploads\\\/28160.jpg\",\"contentUrl\":\"https:\\\/\\\/www.meydan.tv\\\/wp-content\\\/uploads\\\/28160.jpg\",\"width\":1000,\"height\":715,\"caption\":\"Source:\"},{\"@type\":\"BreadcrumbList\",\"@id\":\"https:\\\/\\\/www.meydan.tv\\\/az\\\/article\\\/rusiya-ve-ermenistan-qosunlarini-birlesdirir\\\/#breadcrumb\",\"itemListElement\":[{\"@type\":\"ListItem\",\"position\":1,\"name\":\"Ana s\u0259hif\u0259\",\"item\":\"https:\\\/\\\/www.meydan.tv\\\/az\\\/\"},{\"@type\":\"ListItem\",\"position\":2,\"name\":\"Analitika\",\"item\":\"https:\\\/\\\/www.meydan.tv\\\/az\\\/section\\\/analitika\\\/\"},{\"@type\":\"ListItem\",\"position\":3,\"name\":\"Rusiya v\u0259 Erm\u0259nistan qo\u015funlar\u0131n\u0131 birl\u0259\u015fdirir\"}]},{\"@type\":\"WebSite\",\"@id\":\"https:\\\/\\\/www.meydan.tv\\\/az\\\/#website\",\"url\":\"https:\\\/\\\/www.meydan.tv\\\/az\\\/\",\"name\":\"MEYDAN.TV\",\"description\":\"Meydan TV Az\u0259rbaycan\u0131n media m\u0259kan\u0131ndak\u0131 alternativ s\u0259sidir\",\"publisher\":{\"@id\":\"https:\\\/\\\/www.meydan.tv\\\/az\\\/#organization\"},\"potentialAction\":[{\"@type\":\"SearchAction\",\"target\":{\"@type\":\"EntryPoint\",\"urlTemplate\":\"https:\\\/\\\/www.meydan.tv\\\/az\\\/?s={search_term_string}\"},\"query-input\":{\"@type\":\"PropertyValueSpecification\",\"valueRequired\":true,\"valueName\":\"search_term_string\"}}],\"inLanguage\":\"az\"},{\"@type\":\"Organization\",\"@id\":\"https:\\\/\\\/www.meydan.tv\\\/az\\\/#organization\",\"name\":\"Meydan TV\",\"url\":\"https:\\\/\\\/www.meydan.tv\\\/az\\\/\",\"logo\":{\"@type\":\"ImageObject\",\"inLanguage\":\"az\",\"@id\":\"https:\\\/\\\/www.meydan.tv\\\/az\\\/#\\\/schema\\\/logo\\\/image\\\/\",\"url\":\"https:\\\/\\\/www.meydan.tv\\\/wp-content\\\/uploads\\\/2021\\\/07\\\/meydan-logo.svg\",\"contentUrl\":\"https:\\\/\\\/www.meydan.tv\\\/wp-content\\\/uploads\\\/2021\\\/07\\\/meydan-logo.svg\",\"width\":195,\"height\":46,\"caption\":\"Meydan TV\"},\"image\":{\"@id\":\"https:\\\/\\\/www.meydan.tv\\\/az\\\/#\\\/schema\\\/logo\\\/image\\\/\"}},{\"@type\":\"Person\",\"@id\":\"https:\\\/\\\/www.meydan.tv\\\/az\\\/#\\\/schema\\\/person\\\/10d11eccf6da3662cf5fdab9806ea91a\",\"name\":\"user-manager\"}]}<\/script>\n<!-- \/ Yoast SEO plugin. -->","yoast_head_json":{"title":"Rusiya v\u0259 Erm\u0259nistan qo\u015funlar\u0131n\u0131 birl\u0259\u015fdirir - MEYDAN.TV","robots":{"index":"index","follow":"follow","max-snippet":"max-snippet:-1","max-image-preview":"max-image-preview:large","max-video-preview":"max-video-preview:-1"},"canonical":"https:\/\/www.meydan.tv\/az\/article\/rusiya-ve-ermenistan-qosunlarini-birlesdirir\/","og_locale":"az_AZ","og_type":"article","og_title":"Rusiya v\u0259 Erm\u0259nistan qo\u015funlar\u0131n\u0131 birl\u0259\u015fdirir - MEYDAN.TV","og_description":"S\u00fclh\u0259ddin \u018fkb\u0259r: ''Erm\u0259nistanla imzalanan sazi\u015f onu g\u00f6st\u0259rir ki, Rusiya bir m\u0259rk\u0259zd\u0259n idar\u0259\u00e7iliyini g\u00fccl\u0259ndirir''","og_url":"https:\/\/www.meydan.tv\/az\/article\/rusiya-ve-ermenistan-qosunlarini-birlesdirir\/","og_site_name":"MEYDAN.TV","article_published_time":"2016-11-14T15:59:02+00:00","og_image":[{"width":1000,"height":715,"url":"https:\/\/www.meydan.tv\/wp-content\/uploads\/28160.jpg","type":"image\/jpeg"}],"author":"user-manager","twitter_card":"summary_large_image","schema":{"@context":"https:\/\/schema.org","@graph":[{"@type":"Article","@id":"https:\/\/www.meydan.tv\/az\/article\/rusiya-ve-ermenistan-qosunlarini-birlesdirir\/#article","isPartOf":{"@id":"https:\/\/www.meydan.tv\/az\/article\/rusiya-ve-ermenistan-qosunlarini-birlesdirir\/"},"author":{"name":"user-manager","@id":"https:\/\/www.meydan.tv\/az\/#\/schema\/person\/10d11eccf6da3662cf5fdab9806ea91a"},"headline":"Rusiya v\u0259 Erm\u0259nistan qo\u015funlar\u0131n\u0131 birl\u0259\u015fdirir","datePublished":"2016-11-14T15:59:02+00:00","mainEntityOfPage":{"@id":"https:\/\/www.meydan.tv\/az\/article\/rusiya-ve-ermenistan-qosunlarini-birlesdirir\/"},"wordCount":533,"publisher":{"@id":"https:\/\/www.meydan.tv\/az\/#organization"},"image":{"@id":"https:\/\/www.meydan.tv\/az\/article\/rusiya-ve-ermenistan-qosunlarini-birlesdirir\/#primaryimage"},"thumbnailUrl":"https:\/\/www.meydan.tv\/wp-content\/uploads\/28160.jpg","articleSection":["Analitika"],"inLanguage":"az"},{"@type":"WebPage","@id":"https:\/\/www.meydan.tv\/az\/article\/rusiya-ve-ermenistan-qosunlarini-birlesdirir\/","url":"https:\/\/www.meydan.tv\/az\/article\/rusiya-ve-ermenistan-qosunlarini-birlesdirir\/","name":"Rusiya v\u0259 Erm\u0259nistan qo\u015funlar\u0131n\u0131 birl\u0259\u015fdirir - MEYDAN.TV","isPartOf":{"@id":"https:\/\/www.meydan.tv\/az\/#website"},"primaryImageOfPage":{"@id":"https:\/\/www.meydan.tv\/az\/article\/rusiya-ve-ermenistan-qosunlarini-birlesdirir\/#primaryimage"},"image":{"@id":"https:\/\/www.meydan.tv\/az\/article\/rusiya-ve-ermenistan-qosunlarini-birlesdirir\/#primaryimage"},"thumbnailUrl":"https:\/\/www.meydan.tv\/wp-content\/uploads\/28160.jpg","datePublished":"2016-11-14T15:59:02+00:00","breadcrumb":{"@id":"https:\/\/www.meydan.tv\/az\/article\/rusiya-ve-ermenistan-qosunlarini-birlesdirir\/#breadcrumb"},"inLanguage":"az","potentialAction":[{"@type":"ReadAction","target":["https:\/\/www.meydan.tv\/az\/article\/rusiya-ve-ermenistan-qosunlarini-birlesdirir\/"]}]},{"@type":"ImageObject","inLanguage":"az","@id":"https:\/\/www.meydan.tv\/az\/article\/rusiya-ve-ermenistan-qosunlarini-birlesdirir\/#primaryimage","url":"https:\/\/www.meydan.tv\/wp-content\/uploads\/28160.jpg","contentUrl":"https:\/\/www.meydan.tv\/wp-content\/uploads\/28160.jpg","width":1000,"height":715,"caption":"Source:"},{"@type":"BreadcrumbList","@id":"https:\/\/www.meydan.tv\/az\/article\/rusiya-ve-ermenistan-qosunlarini-birlesdirir\/#breadcrumb","itemListElement":[{"@type":"ListItem","position":1,"name":"Ana s\u0259hif\u0259","item":"https:\/\/www.meydan.tv\/az\/"},{"@type":"ListItem","position":2,"name":"Analitika","item":"https:\/\/www.meydan.tv\/az\/section\/analitika\/"},{"@type":"ListItem","position":3,"name":"Rusiya v\u0259 Erm\u0259nistan qo\u015funlar\u0131n\u0131 birl\u0259\u015fdirir"}]},{"@type":"WebSite","@id":"https:\/\/www.meydan.tv\/az\/#website","url":"https:\/\/www.meydan.tv\/az\/","name":"MEYDAN.TV","description":"Meydan TV Az\u0259rbaycan\u0131n media m\u0259kan\u0131ndak\u0131 alternativ s\u0259sidir","publisher":{"@id":"https:\/\/www.meydan.tv\/az\/#organization"},"potentialAction":[{"@type":"SearchAction","target":{"@type":"EntryPoint","urlTemplate":"https:\/\/www.meydan.tv\/az\/?s={search_term_string}"},"query-input":{"@type":"PropertyValueSpecification","valueRequired":true,"valueName":"search_term_string"}}],"inLanguage":"az"},{"@type":"Organization","@id":"https:\/\/www.meydan.tv\/az\/#organization","name":"Meydan TV","url":"https:\/\/www.meydan.tv\/az\/","logo":{"@type":"ImageObject","inLanguage":"az","@id":"https:\/\/www.meydan.tv\/az\/#\/schema\/logo\/image\/","url":"https:\/\/www.meydan.tv\/wp-content\/uploads\/2021\/07\/meydan-logo.svg","contentUrl":"https:\/\/www.meydan.tv\/wp-content\/uploads\/2021\/07\/meydan-logo.svg","width":195,"height":46,"caption":"Meydan TV"},"image":{"@id":"https:\/\/www.meydan.tv\/az\/#\/schema\/logo\/image\/"}},{"@type":"Person","@id":"https:\/\/www.meydan.tv\/az\/#\/schema\/person\/10d11eccf6da3662cf5fdab9806ea91a","name":"user-manager"}]}},"_links":{"self":[{"href":"https:\/\/www.meydan.tv\/az\/wp-json\/wp\/v2\/posts\/180390","targetHints":{"allow":["GET"]}}],"collection":[{"href":"https:\/\/www.meydan.tv\/az\/wp-json\/wp\/v2\/posts"}],"about":[{"href":"https:\/\/www.meydan.tv\/az\/wp-json\/wp\/v2\/types\/post"}],"author":[{"embeddable":true,"href":"https:\/\/www.meydan.tv\/az\/wp-json\/wp\/v2\/users\/11"}],"replies":[{"embeddable":true,"href":"https:\/\/www.meydan.tv\/az\/wp-json\/wp\/v2\/comments?post=180390"}],"version-history":[{"count":0,"href":"https:\/\/www.meydan.tv\/az\/wp-json\/wp\/v2\/posts\/180390\/revisions"}],"wp:featuredmedia":[{"embeddable":true,"href":"https:\/\/www.meydan.tv\/az\/wp-json\/wp\/v2\/media\/73004"}],"wp:attachment":[{"href":"https:\/\/www.meydan.tv\/az\/wp-json\/wp\/v2\/media?parent=180390"}],"wp:term":[{"taxonomy":"category","embeddable":true,"href":"https:\/\/www.meydan.tv\/az\/wp-json\/wp\/v2\/categories?post=180390"},{"taxonomy":"post_tag","embeddable":true,"href":"https:\/\/www.meydan.tv\/az\/wp-json\/wp\/v2\/tags?post=180390"}],"curies":[{"name":"wp","href":"https:\/\/api.w.org\/{rel}","templated":true}]}}