{"id":180385,"date":"2016-11-14T09:45:01","date_gmt":"2016-11-14T09:45:01","guid":{"rendered":"https:\/\/www.meydan.tv\/article\/postsovet-mekaninda-xalq-diplomatiyasi-ile-munaqiselerin-helli-mumkunsuzdu\/"},"modified":"2016-11-14T09:45:01","modified_gmt":"2016-11-14T09:45:01","slug":"postsovet-mekaninda-xalq-diplomatiyasi-ile-munaqiselerin-helli-mumkunsuzdu","status":"publish","type":"post","link":"https:\/\/www.meydan.tv\/az\/article\/postsovet-mekaninda-xalq-diplomatiyasi-ile-munaqiselerin-helli-mumkunsuzdu\/","title":{"rendered":"&#8221;Postsovet m\u0259kan\u0131nda xalq diplomatiyas\u0131 il\u0259 m\u00fcnaqi\u015f\u0259l\u0259rin h\u0259lli m\u00fcmk\u00fcns\u00fczd\u00fc&#8221;"},"content":{"rendered":"<figure class=\"wp-block-image size-large\">\n  <img decoding=\"async\" src=\"https:\/\/www.meydan.tv\/az\/72986\/\" alt=\"\" class=\"wp-image-72986\"\/><figcaption><\/figcaption><\/figure>\n<figure class=\"wp-block-image size-large\">\n  <img decoding=\"async\" src=\"https:\/\/www.meydan.tv\/az\/72986\/\" alt=\"\" class=\"wp-image-72986\"\/><figcaption>\n    Rauf Mirq\u0259dirov foto ANS press<br \/>\n  <\/figcaption><\/figure>\n<p>\n  <i><br \/>\n    Rauf Mirq\u0259dirov: M\u00fcmk\u00fcn q\u0259d\u0259r \u00e7ox erm\u0259nini d\u0259v\u0259t edib, Az\u0259rbaycan\u0131n investisiya imkanlar\u0131ndan istifad\u0259 ed\u0259r\u0259k, Da\u011fl\u0131q Qaraba\u011fda hans\u0131 \u015f\u0259raitin yarad\u0131lmas\u0131n\u0131 dem\u0259k vacibdi<br \/>\n  <\/i><\/p>\n<p>  \u00d6t\u0259n h\u0259ft\u0259nin siyasi olaylar\u0131 s\u0131ras\u0131nda erm\u0259ni publisisti, yaz\u0131\u00e7\u0131s\u0131 v\u0259 ictimai xadimi Vahe Avetyan\u0131n, Vaan Martirosyan\u0131n v\u0259 Erm\u0259nistan\u0131n &#8220;Meridian&#8221; qeyri-h\u00f6kum\u0259t t\u0259\u015fkilat\u0131n\u0131n s\u0259dr m\u00fcavini, jurnalist Suzanna Caqinyan\u0131n Bak\u0131 s\u0259f\u0259rl\u0259r m\u00fczakir\u0259 predmeti oldu.\n<\/p>\n<p>\n  Siyasi icmal\u00e7\u0131 Rauf Mirq\u0259dirov r\u0259smi Bak\u0131n\u0131n uzun ill\u0259rd\u0259n sonra xalq diplomatiyas\u0131na m\u00fcnasib\u0259tini d\u0259yi\u015fdiyin\u0259 v\u0259 erm\u0259nil\u0259ri Az\u0259rbaycana d\u0259v\u0259t etm\u0259l\u0259rin\u0259 \u015fadd\u0131r.\n<\/p>\n<p>\n  R.Mirq\u0259dirov bu bar\u0259d\u0259 Meydan TV-y\u0259 dan\u0131\u015fark\u0259n fikrini ifad\u0259 edib.\n<\/p>\n<p>\n  Ancaq o d\u00fc\u015f\u00fcn\u00fcr ki, Bak\u0131ya g\u0259l\u0259n erm\u0259nil\u0259r Erm\u0259nistanda ictimai fikr\u0259 t\u0259sir ed\u0259c\u0259k g\u00fccd\u0259 deyill\u0259r: \u201cOnlar\u0131n m\u00fc\u0259yy\u0259n t\u0259sir dair\u0259si olsa da, bu, he\u00e7 d\u0259 m\u00fc\u0259yy\u0259nedici deyil. D\u00fc\u015f\u00fcnm\u0259y\u0259k ki, 3 erm\u0259ni ictimai xadimini Bak\u0131ya g\u0259tirm\u0259kl\u0259 erm\u0259ni xalq\u0131n\u0131n Az\u0259rbaycana v\u0259 Da\u011fl\u0131q Qaraba\u011f m\u00fcnaqi\u015f\u0259sin\u0259 m\u00fcnasib\u0259ti k\u0259skin d\u0259yi\u015f\u0259c\u0259k\u201d.<br \/>\n  <br \/>\n  Bununla bel\u0259, siyasi icmal\u00e7\u0131 bu hadis\u0259nin \u00f6z\u00fcn\u00fc bir ne\u00e7\u0259 s\u0259b\u0259bd\u0259n pozitiv hesab edir: \u201cBirinci, ya m\u00fcharib\u0259 aparmal\u0131san, ya da dan\u0131\u015f\u0131qlar. M\u00fcharib\u0259 aparm\u0131rsansa, ikincini se\u00e7m\u0259lis\u0259n. \u018fg\u0259r he\u00e7 bir variant\u0131 q\u0259bul etmirs\u0259ns\u0259, o zaman d\u00fcnyada s\u0259ni ba\u015fa d\u00fc\u015fm\u0259y\u0259c\u0259kl\u0259r. D\u00fcnyada bu c\u00fcr diskussiya meydan\u00e7alar\u0131 yarad\u0131rlar, amma bu diskussiyalara qat\u0131lanlar\u0131n he\u00e7 d\u0259 ham\u0131s\u0131 problemin s\u00fclh yoluyla h\u0259llinin t\u0259r\u0259fdar\u0131 deyill\u0259r. Sad\u0259c\u0259, m\u00fcnaqi\u015f\u0259nin h\u0259lli ist\u0259yinin n\u00fcmayi\u015fi olmal\u0131d\u0131r. \u0130kinci, Az\u0259rbaycan bir \u00e7ox parametrl\u0259rin\u0259 g\u00f6r\u0259 Erm\u0259nistandan ir\u0259lidir, m\u00fcxt\u0259lif amill\u0259r var, neft g\u0259lirl\u0259ri v\u0259 s. \u018fg\u0259r f\u0259rqli \u015f\u0259rtl\u0259r daxilind\u0259 neft g\u0259lirl\u0259rind\u0259n istifad\u0259 olunsayd\u0131, tamam ba\u015fqa m\u0259nz\u0259r\u0259 yaranacaqd\u0131. Fakt odur ki, g\u0259lirl\u0259rin hesab\u0131na Bak\u0131 \u0259n az\u0131 d\u0259yi\u015fir v\u0259 erm\u0259nil\u0259ri d\u0259v\u0259t edib, onlara bunu g\u00f6st\u0259rm\u0259k laz\u0131m idi. M\u00fcmk\u00fcn q\u0259d\u0259r \u00e7ox erm\u0259nini d\u0259v\u0259t edib, Az\u0259rbaycan\u0131n investisiya imkanlar\u0131ndan istifad\u0259 ed\u0259r\u0259k, Da\u011fl\u0131q Qaraba\u011fda hans\u0131 \u015f\u0259raitin yarad\u0131lmas\u0131n\u0131 dem\u0259k vacibdir. M\u0259s\u0259l\u0259 ondad\u0131r ki, Erm\u0259nistan h\u0259r il b\u00fcdc\u0259sind\u0259n 100 milyon dollara yax\u0131n Da\u011fl\u0131q Qaraba\u011fa ay\u0131r\u0131r, bundan imtinan\u0131n vacibliyini onlara anlatmal\u0131y\u0131q. R\u0259smi Bak\u0131 bir t\u0259r\u0259fd\u0259n Da\u011fl\u0131q Qaraba\u011f erm\u0259nil\u0259rin\u0259 h\u0259r c\u00fcr \u015f\u0259rait yaradaca\u011f\u0131n\u0131 deyir, dig\u0259r t\u0259r\u0259fd\u0259n onlarla dan\u0131\u015fmaq ist\u0259mir, bu is\u0259 birinci b\u0259yanata \u015f\u00fcbh\u0259 yarad\u0131r. G\u00fcman edir\u0259m ki, bundan sonra erm\u0259nil\u0259rl\u0259 g\u00f6r\u00fc\u015f\u0259n h\u00fcquq m\u00fcdafi\u0259\u00e7il\u0259rini, ictimai xadiml\u0259ri xalq d\u00fc\u015fm\u0259nl\u0259ri saymayacaqlar. Son ill\u0259r\u0259 q\u0259d\u0259r daha \u00e7ox h\u00f6kum\u0259t\u0259 ba\u011fl\u0131 K\u0130V-l\u0259r Erm\u0259nistana s\u0259f\u0259r ed\u0259n, yaxud ba\u015fqa \u00f6lk\u0259l\u0259rd\u0259 erm\u0259nil\u0259rl\u0259 t\u0259mas quranlara qar\u015f\u0131 kampaniya apar\u0131rd\u0131. Ki, xalq d\u00fc\u015fm\u0259nl\u0259ri az qala Az\u0259rbaycan\u0131 satd\u0131lar\u201d.\n<\/p>\n<p>\n  Ancaq Rauf Mirq\u0259dirov postsovet m\u0259kan\u0131nda xalq diplomatiyas\u0131 vasit\u0259sil\u0259 m\u00fcnaqi\u015f\u0259l\u0259rin h\u0259ll olunmas\u0131n\u0131n qeyri-m\u00fcmk\u00fcnl\u00fcy\u00fcn\u00fc d\u0259 bildirib: \u201c\u018fn az\u0131ndan ona g\u00f6r\u0259 ki, ictimai fikrin formala\u015fmas\u0131n\u0131n mexanizml\u0259ri tamamil\u0259 hakimiyy\u0259tin n\u0259zar\u0259ti alt\u0131ndad\u0131r. Baltikyan\u0131 respublikalar istisna olmaqla, Ukrayna, G\u00fcrc\u00fcstan, Moldova, Erm\u0259nistan v\u0259 Az\u0259rbaycanda v\u0259ziyy\u0259t bel\u0259dir, sad\u0259c\u0259, bir-birind\u0259n f\u0259rqli m\u0259qamlar var. Xalq diplomatiyas\u0131 xo\u015f m\u0259ramd\u0131r v\u0259 bunu xalq aras\u0131nda yay\u0131lmas\u0131 yolu K\u0130V-l\u0259rl\u0259, sosial \u015f\u0259b\u0259k\u0259l\u0259rl\u0259 m\u00fcmk\u00fcnd\u00fcr. K\u0130V-l\u0259r hakimiyy\u0259tin n\u0259zar\u0259ti alt\u0131ndad\u0131r, sosial \u015f\u0259b\u0259k\u0259l\u0259rd\u0259 is\u0259 h\u0259r hans\u0131 ideyan\u0131n populyarla\u015fmas\u0131 \u00fc\u00e7\u00fcn resurslar laz\u0131md\u0131r, ona g\u00f6r\u0259 d\u0259 iqtidar \u00f6z\u00fc bu m\u0259s\u0259l\u0259d\u0259 maraql\u0131 olmasa, ciddi bir \u015fey al\u0131nmayacaq\u201d.\n<\/p>\n<p>\n  R.Mirq\u0259dirov hesab edir ki, erm\u0259nil\u0259rin Bak\u0131ya g\u0259li\u015finin m\u00fcnaqi\u015f\u0259nin h\u0259llin\u0259 ciddi t\u0259siri olmasa da, beyn\u0259lxalq al\u0259m \u00fc\u00e7\u00fcn ciddi mesajd\u0131r: &#8220;B\u00fct\u00fcn hallarda m\u00fcnaqi\u015f\u0259nin h\u0259llinin son dayanaca\u011f\u0131 diplomatlar\u0131n masa arxas\u0131nda oturub raz\u0131l\u0131\u011fa g\u0259lm\u0259sidir. Bununla bel\u0259, s\u00fclh m\u00fcqavil\u0259si imzalanan zaman xalq diplomatiyas\u0131 aparan insanlara t\u0259l\u0259bat artacaq. \u00c7\u00fcnki g\u00fcz\u0259\u015ftl\u0259rin z\u0259ruriliyini izah etm\u0259k ehtiyac\u0131 yaranacaq. B\u00fct\u00fcn hallarda postsovet m\u0259kan\u0131nda siyasi elitalar m\u00fcnaqi\u015f\u0259nin h\u0259llini \u00f6z\u00fc ist\u0259m\u0259lidir, \u0259ks t\u0259qdird\u0259 ictimai fikir elitan\u0131 hans\u0131sa t\u0259r\u0259fl\u0259r\u0259 m\u0259cbur etm\u0259k iqtidar\u0131nda deyil&#8221;.<\/p>\n","protected":false},"excerpt":{"rendered":"<p>Rauf Mirq\u0259dirov: M\u00fcmk\u00fcn q\u0259d\u0259r \u00e7ox erm\u0259nini d\u0259v\u0259t edib, Az\u0259rbaycan\u0131n investisiya imkanlar\u0131ndan istifad\u0259 ed\u0259r\u0259k, Da\u011fl\u0131q Qaraba\u011fda hans\u0131 \u015f\u0259raitin yarad\u0131lmas\u0131n\u0131 dem\u0259k vacibdi<\/p>\n","protected":false},"author":11,"featured_media":72986,"comment_status":"closed","ping_status":"open","sticky":false,"template":"","format":"standard","meta":{"_acf_changed":false,"_sitemap_exclude":false,"_sitemap_priority":"","_sitemap_frequency":"","footnotes":""},"categories":[51],"tags":[],"class_list":["post-180385","post","type-post","status-publish","format-standard","has-post-thumbnail","hentry","category-analitika","infinite-scroll-item","generate-columns","tablet-grid-50","mobile-grid-100","grid-parent","grid-33","no-featured-image-padding"],"acf":[],"yoast_head":"<!-- This site is optimized with the Yoast SEO plugin v27.5 - https:\/\/yoast.com\/product\/yoast-seo-wordpress\/ -->\n<title>&#039;&#039;Postsovet m\u0259kan\u0131nda xalq diplomatiyas\u0131 il\u0259 m\u00fcnaqi\u015f\u0259l\u0259rin h\u0259lli m\u00fcmk\u00fcns\u00fczd\u00fc&#039;&#039; - MEYDAN.TV<\/title>\n<meta name=\"robots\" content=\"index, follow, max-snippet:-1, max-image-preview:large, max-video-preview:-1\" \/>\n<link rel=\"canonical\" href=\"https:\/\/www.meydan.tv\/az\/article\/postsovet-mekaninda-xalq-diplomatiyasi-ile-munaqiselerin-helli-mumkunsuzdu\/\" \/>\n<meta property=\"og:locale\" content=\"az_AZ\" \/>\n<meta property=\"og:type\" content=\"article\" \/>\n<meta property=\"og:title\" content=\"&#039;&#039;Postsovet m\u0259kan\u0131nda xalq diplomatiyas\u0131 il\u0259 m\u00fcnaqi\u015f\u0259l\u0259rin h\u0259lli m\u00fcmk\u00fcns\u00fczd\u00fc&#039;&#039; - MEYDAN.TV\" \/>\n<meta property=\"og:description\" content=\"Rauf Mirq\u0259dirov: M\u00fcmk\u00fcn q\u0259d\u0259r \u00e7ox erm\u0259nini d\u0259v\u0259t edib, Az\u0259rbaycan\u0131n investisiya imkanlar\u0131ndan istifad\u0259 ed\u0259r\u0259k, Da\u011fl\u0131q Qaraba\u011fda hans\u0131 \u015f\u0259raitin yarad\u0131lmas\u0131n\u0131 dem\u0259k vacibdi\" \/>\n<meta property=\"og:url\" content=\"https:\/\/www.meydan.tv\/az\/article\/postsovet-mekaninda-xalq-diplomatiyasi-ile-munaqiselerin-helli-mumkunsuzdu\/\" \/>\n<meta property=\"og:site_name\" content=\"MEYDAN.TV\" \/>\n<meta property=\"article:published_time\" content=\"2016-11-14T09:45:01+00:00\" \/>\n<meta property=\"og:image\" content=\"https:\/\/www.meydan.tv\/wp-content\/uploads\/28151.jpg\" \/>\n\t<meta property=\"og:image:width\" content=\"637\" \/>\n\t<meta property=\"og:image:height\" content=\"400\" \/>\n\t<meta property=\"og:image:type\" content=\"image\/jpeg\" \/>\n<meta name=\"author\" content=\"user-manager\" \/>\n<meta name=\"twitter:card\" content=\"summary_large_image\" \/>\n<script type=\"application\/ld+json\" class=\"yoast-schema-graph\">{\"@context\":\"https:\\\/\\\/schema.org\",\"@graph\":[{\"@type\":\"Article\",\"@id\":\"https:\\\/\\\/www.meydan.tv\\\/az\\\/article\\\/postsovet-mekaninda-xalq-diplomatiyasi-ile-munaqiselerin-helli-mumkunsuzdu\\\/#article\",\"isPartOf\":{\"@id\":\"https:\\\/\\\/www.meydan.tv\\\/az\\\/article\\\/postsovet-mekaninda-xalq-diplomatiyasi-ile-munaqiselerin-helli-mumkunsuzdu\\\/\"},\"author\":{\"name\":\"user-manager\",\"@id\":\"https:\\\/\\\/www.meydan.tv\\\/az\\\/#\\\/schema\\\/person\\\/10d11eccf6da3662cf5fdab9806ea91a\"},\"headline\":\"&#8221;Postsovet m\u0259kan\u0131nda xalq diplomatiyas\u0131 il\u0259 m\u00fcnaqi\u015f\u0259l\u0259rin h\u0259lli m\u00fcmk\u00fcns\u00fczd\u00fc&#8221;\",\"datePublished\":\"2016-11-14T09:45:01+00:00\",\"mainEntityOfPage\":{\"@id\":\"https:\\\/\\\/www.meydan.tv\\\/az\\\/article\\\/postsovet-mekaninda-xalq-diplomatiyasi-ile-munaqiselerin-helli-mumkunsuzdu\\\/\"},\"wordCount\":900,\"publisher\":{\"@id\":\"https:\\\/\\\/www.meydan.tv\\\/az\\\/#organization\"},\"image\":{\"@id\":\"https:\\\/\\\/www.meydan.tv\\\/az\\\/article\\\/postsovet-mekaninda-xalq-diplomatiyasi-ile-munaqiselerin-helli-mumkunsuzdu\\\/#primaryimage\"},\"thumbnailUrl\":\"https:\\\/\\\/www.meydan.tv\\\/wp-content\\\/uploads\\\/28151.jpg\",\"articleSection\":[\"Analitika\"],\"inLanguage\":\"az\"},{\"@type\":\"WebPage\",\"@id\":\"https:\\\/\\\/www.meydan.tv\\\/az\\\/article\\\/postsovet-mekaninda-xalq-diplomatiyasi-ile-munaqiselerin-helli-mumkunsuzdu\\\/\",\"url\":\"https:\\\/\\\/www.meydan.tv\\\/az\\\/article\\\/postsovet-mekaninda-xalq-diplomatiyasi-ile-munaqiselerin-helli-mumkunsuzdu\\\/\",\"name\":\"''Postsovet m\u0259kan\u0131nda xalq diplomatiyas\u0131 il\u0259 m\u00fcnaqi\u015f\u0259l\u0259rin h\u0259lli m\u00fcmk\u00fcns\u00fczd\u00fc'' - MEYDAN.TV\",\"isPartOf\":{\"@id\":\"https:\\\/\\\/www.meydan.tv\\\/az\\\/#website\"},\"primaryImageOfPage\":{\"@id\":\"https:\\\/\\\/www.meydan.tv\\\/az\\\/article\\\/postsovet-mekaninda-xalq-diplomatiyasi-ile-munaqiselerin-helli-mumkunsuzdu\\\/#primaryimage\"},\"image\":{\"@id\":\"https:\\\/\\\/www.meydan.tv\\\/az\\\/article\\\/postsovet-mekaninda-xalq-diplomatiyasi-ile-munaqiselerin-helli-mumkunsuzdu\\\/#primaryimage\"},\"thumbnailUrl\":\"https:\\\/\\\/www.meydan.tv\\\/wp-content\\\/uploads\\\/28151.jpg\",\"datePublished\":\"2016-11-14T09:45:01+00:00\",\"breadcrumb\":{\"@id\":\"https:\\\/\\\/www.meydan.tv\\\/az\\\/article\\\/postsovet-mekaninda-xalq-diplomatiyasi-ile-munaqiselerin-helli-mumkunsuzdu\\\/#breadcrumb\"},\"inLanguage\":\"az\",\"potentialAction\":[{\"@type\":\"ReadAction\",\"target\":[\"https:\\\/\\\/www.meydan.tv\\\/az\\\/article\\\/postsovet-mekaninda-xalq-diplomatiyasi-ile-munaqiselerin-helli-mumkunsuzdu\\\/\"]}]},{\"@type\":\"ImageObject\",\"inLanguage\":\"az\",\"@id\":\"https:\\\/\\\/www.meydan.tv\\\/az\\\/article\\\/postsovet-mekaninda-xalq-diplomatiyasi-ile-munaqiselerin-helli-mumkunsuzdu\\\/#primaryimage\",\"url\":\"https:\\\/\\\/www.meydan.tv\\\/wp-content\\\/uploads\\\/28151.jpg\",\"contentUrl\":\"https:\\\/\\\/www.meydan.tv\\\/wp-content\\\/uploads\\\/28151.jpg\",\"width\":637,\"height\":400,\"caption\":\"Source:\"},{\"@type\":\"BreadcrumbList\",\"@id\":\"https:\\\/\\\/www.meydan.tv\\\/az\\\/article\\\/postsovet-mekaninda-xalq-diplomatiyasi-ile-munaqiselerin-helli-mumkunsuzdu\\\/#breadcrumb\",\"itemListElement\":[{\"@type\":\"ListItem\",\"position\":1,\"name\":\"Ana s\u0259hif\u0259\",\"item\":\"https:\\\/\\\/www.meydan.tv\\\/az\\\/\"},{\"@type\":\"ListItem\",\"position\":2,\"name\":\"Analitika\",\"item\":\"https:\\\/\\\/www.meydan.tv\\\/az\\\/section\\\/analitika\\\/\"},{\"@type\":\"ListItem\",\"position\":3,\"name\":\"&#8221;Postsovet m\u0259kan\u0131nda xalq diplomatiyas\u0131 il\u0259 m\u00fcnaqi\u015f\u0259l\u0259rin h\u0259lli m\u00fcmk\u00fcns\u00fczd\u00fc&#8221;\"}]},{\"@type\":\"WebSite\",\"@id\":\"https:\\\/\\\/www.meydan.tv\\\/az\\\/#website\",\"url\":\"https:\\\/\\\/www.meydan.tv\\\/az\\\/\",\"name\":\"MEYDAN.TV\",\"description\":\"Meydan TV Az\u0259rbaycan\u0131n media m\u0259kan\u0131ndak\u0131 alternativ s\u0259sidir\",\"publisher\":{\"@id\":\"https:\\\/\\\/www.meydan.tv\\\/az\\\/#organization\"},\"potentialAction\":[{\"@type\":\"SearchAction\",\"target\":{\"@type\":\"EntryPoint\",\"urlTemplate\":\"https:\\\/\\\/www.meydan.tv\\\/az\\\/?s={search_term_string}\"},\"query-input\":{\"@type\":\"PropertyValueSpecification\",\"valueRequired\":true,\"valueName\":\"search_term_string\"}}],\"inLanguage\":\"az\"},{\"@type\":\"Organization\",\"@id\":\"https:\\\/\\\/www.meydan.tv\\\/az\\\/#organization\",\"name\":\"Meydan TV\",\"url\":\"https:\\\/\\\/www.meydan.tv\\\/az\\\/\",\"logo\":{\"@type\":\"ImageObject\",\"inLanguage\":\"az\",\"@id\":\"https:\\\/\\\/www.meydan.tv\\\/az\\\/#\\\/schema\\\/logo\\\/image\\\/\",\"url\":\"https:\\\/\\\/www.meydan.tv\\\/wp-content\\\/uploads\\\/2021\\\/07\\\/meydan-logo.svg\",\"contentUrl\":\"https:\\\/\\\/www.meydan.tv\\\/wp-content\\\/uploads\\\/2021\\\/07\\\/meydan-logo.svg\",\"width\":195,\"height\":46,\"caption\":\"Meydan TV\"},\"image\":{\"@id\":\"https:\\\/\\\/www.meydan.tv\\\/az\\\/#\\\/schema\\\/logo\\\/image\\\/\"}},{\"@type\":\"Person\",\"@id\":\"https:\\\/\\\/www.meydan.tv\\\/az\\\/#\\\/schema\\\/person\\\/10d11eccf6da3662cf5fdab9806ea91a\",\"name\":\"user-manager\"}]}<\/script>\n<!-- \/ Yoast SEO plugin. -->","yoast_head_json":{"title":"''Postsovet m\u0259kan\u0131nda xalq diplomatiyas\u0131 il\u0259 m\u00fcnaqi\u015f\u0259l\u0259rin h\u0259lli m\u00fcmk\u00fcns\u00fczd\u00fc'' - MEYDAN.TV","robots":{"index":"index","follow":"follow","max-snippet":"max-snippet:-1","max-image-preview":"max-image-preview:large","max-video-preview":"max-video-preview:-1"},"canonical":"https:\/\/www.meydan.tv\/az\/article\/postsovet-mekaninda-xalq-diplomatiyasi-ile-munaqiselerin-helli-mumkunsuzdu\/","og_locale":"az_AZ","og_type":"article","og_title":"''Postsovet m\u0259kan\u0131nda xalq diplomatiyas\u0131 il\u0259 m\u00fcnaqi\u015f\u0259l\u0259rin h\u0259lli m\u00fcmk\u00fcns\u00fczd\u00fc'' - MEYDAN.TV","og_description":"Rauf Mirq\u0259dirov: M\u00fcmk\u00fcn q\u0259d\u0259r \u00e7ox erm\u0259nini d\u0259v\u0259t edib, Az\u0259rbaycan\u0131n investisiya imkanlar\u0131ndan istifad\u0259 ed\u0259r\u0259k, Da\u011fl\u0131q Qaraba\u011fda hans\u0131 \u015f\u0259raitin yarad\u0131lmas\u0131n\u0131 dem\u0259k vacibdi","og_url":"https:\/\/www.meydan.tv\/az\/article\/postsovet-mekaninda-xalq-diplomatiyasi-ile-munaqiselerin-helli-mumkunsuzdu\/","og_site_name":"MEYDAN.TV","article_published_time":"2016-11-14T09:45:01+00:00","og_image":[{"width":637,"height":400,"url":"https:\/\/www.meydan.tv\/wp-content\/uploads\/28151.jpg","type":"image\/jpeg"}],"author":"user-manager","twitter_card":"summary_large_image","schema":{"@context":"https:\/\/schema.org","@graph":[{"@type":"Article","@id":"https:\/\/www.meydan.tv\/az\/article\/postsovet-mekaninda-xalq-diplomatiyasi-ile-munaqiselerin-helli-mumkunsuzdu\/#article","isPartOf":{"@id":"https:\/\/www.meydan.tv\/az\/article\/postsovet-mekaninda-xalq-diplomatiyasi-ile-munaqiselerin-helli-mumkunsuzdu\/"},"author":{"name":"user-manager","@id":"https:\/\/www.meydan.tv\/az\/#\/schema\/person\/10d11eccf6da3662cf5fdab9806ea91a"},"headline":"&#8221;Postsovet m\u0259kan\u0131nda xalq diplomatiyas\u0131 il\u0259 m\u00fcnaqi\u015f\u0259l\u0259rin h\u0259lli m\u00fcmk\u00fcns\u00fczd\u00fc&#8221;","datePublished":"2016-11-14T09:45:01+00:00","mainEntityOfPage":{"@id":"https:\/\/www.meydan.tv\/az\/article\/postsovet-mekaninda-xalq-diplomatiyasi-ile-munaqiselerin-helli-mumkunsuzdu\/"},"wordCount":900,"publisher":{"@id":"https:\/\/www.meydan.tv\/az\/#organization"},"image":{"@id":"https:\/\/www.meydan.tv\/az\/article\/postsovet-mekaninda-xalq-diplomatiyasi-ile-munaqiselerin-helli-mumkunsuzdu\/#primaryimage"},"thumbnailUrl":"https:\/\/www.meydan.tv\/wp-content\/uploads\/28151.jpg","articleSection":["Analitika"],"inLanguage":"az"},{"@type":"WebPage","@id":"https:\/\/www.meydan.tv\/az\/article\/postsovet-mekaninda-xalq-diplomatiyasi-ile-munaqiselerin-helli-mumkunsuzdu\/","url":"https:\/\/www.meydan.tv\/az\/article\/postsovet-mekaninda-xalq-diplomatiyasi-ile-munaqiselerin-helli-mumkunsuzdu\/","name":"''Postsovet m\u0259kan\u0131nda xalq diplomatiyas\u0131 il\u0259 m\u00fcnaqi\u015f\u0259l\u0259rin h\u0259lli m\u00fcmk\u00fcns\u00fczd\u00fc'' - MEYDAN.TV","isPartOf":{"@id":"https:\/\/www.meydan.tv\/az\/#website"},"primaryImageOfPage":{"@id":"https:\/\/www.meydan.tv\/az\/article\/postsovet-mekaninda-xalq-diplomatiyasi-ile-munaqiselerin-helli-mumkunsuzdu\/#primaryimage"},"image":{"@id":"https:\/\/www.meydan.tv\/az\/article\/postsovet-mekaninda-xalq-diplomatiyasi-ile-munaqiselerin-helli-mumkunsuzdu\/#primaryimage"},"thumbnailUrl":"https:\/\/www.meydan.tv\/wp-content\/uploads\/28151.jpg","datePublished":"2016-11-14T09:45:01+00:00","breadcrumb":{"@id":"https:\/\/www.meydan.tv\/az\/article\/postsovet-mekaninda-xalq-diplomatiyasi-ile-munaqiselerin-helli-mumkunsuzdu\/#breadcrumb"},"inLanguage":"az","potentialAction":[{"@type":"ReadAction","target":["https:\/\/www.meydan.tv\/az\/article\/postsovet-mekaninda-xalq-diplomatiyasi-ile-munaqiselerin-helli-mumkunsuzdu\/"]}]},{"@type":"ImageObject","inLanguage":"az","@id":"https:\/\/www.meydan.tv\/az\/article\/postsovet-mekaninda-xalq-diplomatiyasi-ile-munaqiselerin-helli-mumkunsuzdu\/#primaryimage","url":"https:\/\/www.meydan.tv\/wp-content\/uploads\/28151.jpg","contentUrl":"https:\/\/www.meydan.tv\/wp-content\/uploads\/28151.jpg","width":637,"height":400,"caption":"Source:"},{"@type":"BreadcrumbList","@id":"https:\/\/www.meydan.tv\/az\/article\/postsovet-mekaninda-xalq-diplomatiyasi-ile-munaqiselerin-helli-mumkunsuzdu\/#breadcrumb","itemListElement":[{"@type":"ListItem","position":1,"name":"Ana s\u0259hif\u0259","item":"https:\/\/www.meydan.tv\/az\/"},{"@type":"ListItem","position":2,"name":"Analitika","item":"https:\/\/www.meydan.tv\/az\/section\/analitika\/"},{"@type":"ListItem","position":3,"name":"&#8221;Postsovet m\u0259kan\u0131nda xalq diplomatiyas\u0131 il\u0259 m\u00fcnaqi\u015f\u0259l\u0259rin h\u0259lli m\u00fcmk\u00fcns\u00fczd\u00fc&#8221;"}]},{"@type":"WebSite","@id":"https:\/\/www.meydan.tv\/az\/#website","url":"https:\/\/www.meydan.tv\/az\/","name":"MEYDAN.TV","description":"Meydan TV Az\u0259rbaycan\u0131n media m\u0259kan\u0131ndak\u0131 alternativ s\u0259sidir","publisher":{"@id":"https:\/\/www.meydan.tv\/az\/#organization"},"potentialAction":[{"@type":"SearchAction","target":{"@type":"EntryPoint","urlTemplate":"https:\/\/www.meydan.tv\/az\/?s={search_term_string}"},"query-input":{"@type":"PropertyValueSpecification","valueRequired":true,"valueName":"search_term_string"}}],"inLanguage":"az"},{"@type":"Organization","@id":"https:\/\/www.meydan.tv\/az\/#organization","name":"Meydan TV","url":"https:\/\/www.meydan.tv\/az\/","logo":{"@type":"ImageObject","inLanguage":"az","@id":"https:\/\/www.meydan.tv\/az\/#\/schema\/logo\/image\/","url":"https:\/\/www.meydan.tv\/wp-content\/uploads\/2021\/07\/meydan-logo.svg","contentUrl":"https:\/\/www.meydan.tv\/wp-content\/uploads\/2021\/07\/meydan-logo.svg","width":195,"height":46,"caption":"Meydan TV"},"image":{"@id":"https:\/\/www.meydan.tv\/az\/#\/schema\/logo\/image\/"}},{"@type":"Person","@id":"https:\/\/www.meydan.tv\/az\/#\/schema\/person\/10d11eccf6da3662cf5fdab9806ea91a","name":"user-manager"}]}},"_links":{"self":[{"href":"https:\/\/www.meydan.tv\/az\/wp-json\/wp\/v2\/posts\/180385","targetHints":{"allow":["GET"]}}],"collection":[{"href":"https:\/\/www.meydan.tv\/az\/wp-json\/wp\/v2\/posts"}],"about":[{"href":"https:\/\/www.meydan.tv\/az\/wp-json\/wp\/v2\/types\/post"}],"author":[{"embeddable":true,"href":"https:\/\/www.meydan.tv\/az\/wp-json\/wp\/v2\/users\/11"}],"replies":[{"embeddable":true,"href":"https:\/\/www.meydan.tv\/az\/wp-json\/wp\/v2\/comments?post=180385"}],"version-history":[{"count":0,"href":"https:\/\/www.meydan.tv\/az\/wp-json\/wp\/v2\/posts\/180385\/revisions"}],"wp:featuredmedia":[{"embeddable":true,"href":"https:\/\/www.meydan.tv\/az\/wp-json\/wp\/v2\/media\/72986"}],"wp:attachment":[{"href":"https:\/\/www.meydan.tv\/az\/wp-json\/wp\/v2\/media?parent=180385"}],"wp:term":[{"taxonomy":"category","embeddable":true,"href":"https:\/\/www.meydan.tv\/az\/wp-json\/wp\/v2\/categories?post=180385"},{"taxonomy":"post_tag","embeddable":true,"href":"https:\/\/www.meydan.tv\/az\/wp-json\/wp\/v2\/tags?post=180385"}],"curies":[{"name":"wp","href":"https:\/\/api.w.org\/{rel}","templated":true}]}}