{"id":180381,"date":"2016-11-13T22:13:12","date_gmt":"2016-11-13T22:13:12","guid":{"rendered":"https:\/\/www.meydan.tv\/article\/azerbaycanin-ixrac-bazarlari\/"},"modified":"2016-11-13T22:13:12","modified_gmt":"2016-11-13T22:13:12","slug":"azerbaycanin-ixrac-bazarlari","status":"publish","type":"post","link":"https:\/\/www.meydan.tv\/az\/article\/azerbaycanin-ixrac-bazarlari\/","title":{"rendered":"Az\u0259rbaycan\u0131n ixrac bazarlar\u0131"},"content":{"rendered":"<figure class=\"wp-block-image size-large\">\n  <img decoding=\"async\" src=\"https:\/\/www.meydan.tv\/az\/72629\/\" alt=\"\" class=\"wp-image-72629\"\/><figcaption><\/figcaption><\/figure>\n<figure class=\"wp-block-image size-large\">\n  <img decoding=\"async\" src=\"https:\/\/www.meydan.tv\/az\/72632\/\" alt=\"\" class=\"wp-image-72632\"\/><figcaption><\/figcaption><\/figure>\n<p>\n  <i><br \/>\n    Az\u0259rbaycan m\u0259hsullar\u0131, Baltik \u00f6lk\u0259l\u0259rind\u0259, \u00fcmumiyy\u0259tl\u0259, r\u0259qab\u0259t apara bilmir<br \/>\n  <\/i>\n<\/p>\n<p>\n  \u00d6lk\u0259nin xarici ticar\u0259td\u0259 r\u0259qab\u0259tqabiliyy\u0259tliliyini \u0259ks etdir\u0259n 4 vacib faktor var: ixrac\u0131n art\u0131m dinamikas\u0131, ixrac\u0131n \u0259mt\u0259\u0259l\u0259r\u0259 g\u00f6r\u0259 diversifikasiyas\u0131, ixrac\u0131n co\u011frafiyas\u0131n\u0131n diversifikasiyas\u0131, ixrac s\u0259b\u0259tinin keyfiyy\u0259t strukturu.\n<\/p>\n<p>\n  \u0130xrac\u0131n art\u0131m dinamikas\u0131 &#8211; ixrac g\u00f6st\u0259ricisi h\u0259r il art\u0131rsa, dem\u0259li, d\u00fcnyada \u00f6lk\u0259nin m\u0259hsullar\u0131na t\u0259l\u0259bat h\u0259r zaman var, bu m\u0259hsullar r\u0259qab\u0259t apararaq ba\u015fqa \u00f6lk\u0259l\u0259rin m\u0259hsullar\u0131n\u0131 s\u0131x\u0131\u015fd\u0131r\u0131r, \u00f6z\u00fcn\u0259 yeni kanallar a\u00e7\u0131r. Bu g\u00f6st\u0259riciy\u0259 g\u00f6r\u0259 haz\u0131rk\u0131 durumumuz nec\u0259dir? 2015-cil ilin 9 ay\u0131nda Az\u0259rbaycan\u0131n neftd\u0259nk\u0259nar ixrac\u0131 1.2 milyard dollar olmu\u015fdu, bu ilin 9 ay\u0131nda 887 milyon dollara enib. 313 milyon dollar v\u0259 ya 26% azd\u0131r. H\u0259tta bu azalman\u0131 n\u0259z\u0259r\u0259 almasaq bel\u0259, bu g\u00f6st\u0259riciy\u0259 g\u00f6r\u0259 v\u0259ziyy\u0259t \u00fcr\u0259ka\u00e7an deyil. \u00c7\u00fcnki 2011-ci ild\u0259 qeyri-neft ixrac\u0131 1.2 milyard dollara yax\u0131n idi. Y\u0259ni son 4 il \u0259rzind\u0259 qeyri-neft ixrac\u0131 yeni m\u0259hsullar v\u0259 sat\u0131\u015f bazarlar\u0131 hesab\u0131na geni\u015fl\u0259n\u0259 bilm\u0259mi\u015fdi. 2016-c\u0131 ild\u0259 is\u0259 \u0259ksin\u0259 k\u0259skin azalma m\u00fc\u015fahid\u0259 edilir.\n<\/p>\n<p>\n  \u018fmt\u0259\u0259l\u0259r\u0259 g\u00f6r\u0259 diversifikasiya s\u0259viyy\u0259si. Beyn\u0259lxalq statistikaya g\u00f6r\u0259, 97 mal qrupu \u00fczr\u0259 10 mind\u0259n art\u0131q \u0259mt\u0259\u0259 xarici ticar\u0259tin obyektidir. \u00d6lk\u0259nin xarici ticar\u0259tind\u0259 n\u0259 q\u0259d\u0259r \u00e7ox \u0259mt\u0259\u0259 v\u0259 mal qrupu i\u015ftirak edirs\u0259 v\u0259 ayr\u0131-ayr\u0131l\u0131qda onlar\u0131n \u00fcmumi ixracda pay\u0131 n\u0259 q\u0259d\u0259r az olursa, dem\u0259li, \u0259mt\u0259\u0259 diversifikasiyas\u0131n\u0131n s\u0259viyy\u0259si d\u0259 y\u00fcks\u0259kdir. Bu s\u0259viyy\u0259ni \u00f6l\u00e7m\u0259k \u00fc\u00e7\u00fcn t\u0259dqiqat\u00e7\u0131lar Herfidahl indeksind\u0259n istifad\u0259 edirl\u0259r. \u00d6lk\u0259nin ixrac\u0131nda daha \u00e7ox sayda \u0259mt\u0259\u0259 qrupu proporsional payla i\u015ftirak etdikd\u0259, Herfindahl indeksi &#8220;0&#8221;a daha \u00e7ox yax\u0131nla\u015f\u0131r, az sayda \u0259mt\u0259\u0259 daha y\u00fcks\u0259k payla i\u015ftirak etdikd\u0259 Herfindahl indeksi &#8220;1&#8221;\u0259 yax\u0131nla\u015f\u0131r. \u0130xracda \u0259n y\u00fcks\u0259k paya malik 10 m\u0259hsulun bazas\u0131nda apard\u0131\u011f\u0131m\u0131z hesablamalar g\u00f6st\u0259rir ki, Az\u0259rbaycan \u00fczr\u0259 ixrac\u0131n konsentrasiyas\u0131n\u0131 \u00f6l\u00e7\u0259n Herfindahl indeksi 0.78-\u0259 b\u0259rab\u0259rdir v\u0259 bu g\u00f6st\u0259rici ixrac\u0131n \u0259mt\u0259\u0259 m\u00f6vqeyi \u00fczr\u0259 diversifikasiyas\u0131n\u0131n olmamas\u0131n\u0131 g\u00f6st\u0259rir.\n<\/p>\n<p>\n  \u0130xrac\u0131n co\u011frafi diversifikasiyas\u0131 da m\u00fch\u00fcm g\u00f6st\u0259ricidir. \u00d6lk\u0259nin ixrac\u0131 n\u0259 q\u0259d\u0259r geni\u015f co\u011frafiyaya, h\u0259m d\u0259 proporsional h\u0259cmd\u0259 yay\u0131l\u0131rsa, co\u011frafi diversifikasiyan\u0131n s\u0259viyy\u0259si d\u0259 y\u00fcks\u0259k olur. Qeyri-neft m\u0259hsullar\u0131 \u00fczr\u0259 co\u011frafi konsentrasiyas\u0131n\u0131 da Herfidahl d\u00fcsturu \u0259sas\u0131nda hesablad\u0131q v\u0259 al\u0131nan r\u0259q\u0259m 0.71-dir. Bu n\u0259tic\u0259 onu g\u00f6st\u0259rir ki, Az\u0259rbaycan\u0131n qeyri-neft m\u0259hsullar\u0131n\u0131n \u0259sas h\u0259cmi \u00e7ox m\u0259hdud \u00f6lk\u0259d\u0259 \u00f6z\u00fcn\u0259 bazar tapa bilir. Do\u011frudan da, 2015-cil ilin n\u0259tic\u0259l\u0259rin\u0259 g\u00f6r\u0259, 1.450 milyard dollarl\u0131q qeyri-neft ixrac\u0131n\u0131n 74.2%-i v\u0259 ya 1.072 milyard dollar\u0131 5 \u00f6lk\u0259y\u0259 gedib &#8211; Rusiya (26.4% pay), \u018ffqan\u0131stan (17.1% pay), \u0130raq (13% pay), T\u00fcrkiy\u0259 (11% pay), \u0130sve\u00e7r\u0259 (6.7% pay). Bir z\u0259ruri qeyd edim ki, \u0130sve\u00e7r\u0259nin bu s\u0131raya d\u00fc\u015fm\u0259sinin d\u0259 s\u0259b\u0259bi el\u0259 xammal ixrac\u0131d\u0131r &#8211; G\u0259d\u0259b\u0259y q\u0131z\u0131l yata\u011f\u0131ndan istismar olunan m\u0259hsul k\u00fcl\u00e7\u0259 hal\u0131nda bu \u00f6lk\u0259y\u0259 ixrac edilir.<br \/>\n  <br \/>\n  Maraql\u0131 bir m\u00fcqayis\u0259y\u0259 diqq\u0259t edin: Az\u0259rbaycan Lat\u0131n Amerikas\u0131 bazar\u0131na 2015-ci ild\u0259 c\u0259mi 375 min dollarl\u0131q m\u0259hsul ixrac edib, Amma G\u00fcrc\u00fcstan \u00fczr\u0259 bu g\u00f6st\u0259rici 100 d\u0259f\u0259 \u00e7oxdur &#8211; 39 milyon dollar. Yaxud, Az\u0259rbaycan b\u00fct\u00f6vl\u00fckd\u0259 Avropa qit\u0259sin\u0259 285 milyon dollar qeyri-neft m\u0259hsulu ixrac edib, G\u00fcrc\u00fcstan \u00fczr\u0259 700 milyon dollara yax\u0131nd\u0131r. Avropan\u0131n bir s\u0131ra regionlar\u0131nda, m\u0259s\u0259l\u0259n, Baltik \u00f6lk\u0259l\u0259rind\u0259 Az\u0259rbaycan m\u0259hsullar\u0131, \u00fcmumiyy\u0259tl\u0259, r\u0259qab\u0259t apara bilmir. \u00d6t\u0259n il regionun 3 \u00f6lk\u0259sin\u0259 Az\u0259rbaycan c\u0259mi 1.5 milyon dollar \u0259mt\u0259\u0259 ixrac eda bilib (halbuki, bu regiondan idxal\u0131m\u0131z 35 milyon dollara yax\u0131n olub). G\u00fcrc\u00fcstan\u0131n is\u0259 h\u0259min d\u00f6vrd\u0259 Baltik regionuna ixrac\u0131 40 milyon dollara yax\u0131n olub.<br \/>\n  <br \/>\n  H\u0259tta G\u00fcrc\u00fcstan MDB-d\u0259n imtina ets\u0259 bel\u0259, 2015-ci ild\u0259 bu bazara 850 milyon dollarl\u0131q m\u0259hsul ixrac etm\u0259k imkan\u0131 qazand\u0131\u011f\u0131 halda, Az\u0259rbaycan\u0131n neft v\u0259 qeyri-neft ixrac\u0131n\u0131n c\u0259mi 550 milyon dollar \u0259traf\u0131nda olub.\n<\/p>\n<p>\n  N\u0259hay\u0259t, 4-c\u00fc g\u00f6st\u0259rici ixrac s\u0259b\u0259tinin keyfiyy\u0259tidir. \u0130xracda y\u00fcks\u0259k d\u0259y\u0259r\u0259 malik \u0259mt\u0259\u0259l\u0259rin x\u00fcsusi \u00e7\u0259kisi n\u0259 q\u0259d\u0259r y\u00fcks\u0259k olarsa, s\u0259b\u0259tin g\u0259lirlilik s\u0259viyy\u0259si d\u0259 o q\u0259d\u0259r y\u00fcks\u0259k olur. T\u0259dqiqat\u00e7\u0131lar bununla ba\u011fl\u0131 ixrac s\u0259b\u0259tinin &#8220;EXPY&#8221; d\u0259y\u0259rini hesablay\u0131r. Bu g\u00f6st\u0259rici ixrac\u0131n t\u0259kmilliyi \u00f6l\u00e7\u00fcs\u00fc (measure of export sophistication (EXPY)) adlan\u0131r. \u0130xrac s\u0259b\u0259tind\u0259 daha y\u00fcks\u0259k m\u0259hsuldarl\u0131q v\u0259 g\u0259lirlilik s\u0259viyy\u0259sin\u0259 malik (tibb s\u0259nayesi, kosmik s\u0259naye, r\u0259q\u0259msal texnologi m\u0259hsullar, avtomobil s\u0259nayesi m\u0259hsullar\u0131) mallar \u00fcst\u00fcnl\u00fck t\u0259\u015fkil etdikc\u0259, ixrac\u0131n &#8220;EXPY&#8221; d\u0259y\u0259ri daha y\u00fcks\u0259k olur.\n<\/p>\n<p>\n  <a href=\"http:\/\/rovsanaghayev.blogspot.de\/2016\/11\/azrbaycann-ixrac-potensial-gorunn-v.html\" target=\"_blank\" rel=\"noopener\"><br \/>\n    M\u0259nb\u0259<br \/>\n  <\/a><\/p>\n","protected":false},"excerpt":{"rendered":"<p>Az\u0259rbaycan m\u0259hsullar\u0131, Baltik \u00f6lk\u0259l\u0259rind\u0259, \u00fcmumiyy\u0259tl\u0259, r\u0259qab\u0259t apara bilmir<\/p>\n","protected":false},"author":11,"featured_media":72629,"comment_status":"closed","ping_status":"open","sticky":false,"template":"","format":"standard","meta":{"_acf_changed":false,"_sitemap_exclude":false,"_sitemap_priority":"","_sitemap_frequency":"","footnotes":""},"categories":[57],"tags":[],"class_list":["post-180381","post","type-post","status-publish","format-standard","has-post-thumbnail","hentry","category-menim-fikrimce","infinite-scroll-item","generate-columns","tablet-grid-50","mobile-grid-100","grid-parent","grid-33","no-featured-image-padding"],"acf":[],"yoast_head":"<!-- This site is optimized with the Yoast SEO plugin v27.5 - https:\/\/yoast.com\/product\/yoast-seo-wordpress\/ -->\n<title>Az\u0259rbaycan\u0131n ixrac bazarlar\u0131 - MEYDAN.TV<\/title>\n<meta name=\"robots\" content=\"index, follow, max-snippet:-1, max-image-preview:large, max-video-preview:-1\" \/>\n<link rel=\"canonical\" href=\"https:\/\/www.meydan.tv\/az\/article\/azerbaycanin-ixrac-bazarlari\/\" \/>\n<meta property=\"og:locale\" content=\"az_AZ\" \/>\n<meta property=\"og:type\" content=\"article\" \/>\n<meta property=\"og:title\" content=\"Az\u0259rbaycan\u0131n ixrac bazarlar\u0131 - MEYDAN.TV\" \/>\n<meta property=\"og:description\" content=\"Az\u0259rbaycan m\u0259hsullar\u0131, Baltik \u00f6lk\u0259l\u0259rind\u0259, \u00fcmumiyy\u0259tl\u0259, r\u0259qab\u0259t apara bilmir\" \/>\n<meta property=\"og:url\" content=\"https:\/\/www.meydan.tv\/az\/article\/azerbaycanin-ixrac-bazarlari\/\" \/>\n<meta property=\"og:site_name\" content=\"MEYDAN.TV\" \/>\n<meta property=\"article:published_time\" content=\"2016-11-13T22:13:12+00:00\" \/>\n<meta property=\"og:image\" content=\"https:\/\/www.meydan.tv\/wp-content\/uploads\/27953.jpg\" \/>\n\t<meta property=\"og:image:width\" content=\"500\" \/>\n\t<meta property=\"og:image:height\" content=\"304\" \/>\n\t<meta property=\"og:image:type\" content=\"image\/jpeg\" \/>\n<meta name=\"author\" content=\"user-manager\" \/>\n<meta name=\"twitter:card\" content=\"summary_large_image\" \/>\n<script type=\"application\/ld+json\" class=\"yoast-schema-graph\">{\"@context\":\"https:\\\/\\\/schema.org\",\"@graph\":[{\"@type\":\"Article\",\"@id\":\"https:\\\/\\\/www.meydan.tv\\\/az\\\/article\\\/azerbaycanin-ixrac-bazarlari\\\/#article\",\"isPartOf\":{\"@id\":\"https:\\\/\\\/www.meydan.tv\\\/az\\\/article\\\/azerbaycanin-ixrac-bazarlari\\\/\"},\"author\":{\"name\":\"user-manager\",\"@id\":\"https:\\\/\\\/www.meydan.tv\\\/az\\\/#\\\/schema\\\/person\\\/10d11eccf6da3662cf5fdab9806ea91a\"},\"headline\":\"Az\u0259rbaycan\u0131n ixrac bazarlar\u0131\",\"datePublished\":\"2016-11-13T22:13:12+00:00\",\"mainEntityOfPage\":{\"@id\":\"https:\\\/\\\/www.meydan.tv\\\/az\\\/article\\\/azerbaycanin-ixrac-bazarlari\\\/\"},\"wordCount\":901,\"publisher\":{\"@id\":\"https:\\\/\\\/www.meydan.tv\\\/az\\\/#organization\"},\"image\":{\"@id\":\"https:\\\/\\\/www.meydan.tv\\\/az\\\/article\\\/azerbaycanin-ixrac-bazarlari\\\/#primaryimage\"},\"thumbnailUrl\":\"https:\\\/\\\/www.meydan.tv\\\/wp-content\\\/uploads\\\/27953.jpg\",\"articleSection\":[\"M\u0259nim Fikrimc\u0259\"],\"inLanguage\":\"az\"},{\"@type\":\"WebPage\",\"@id\":\"https:\\\/\\\/www.meydan.tv\\\/az\\\/article\\\/azerbaycanin-ixrac-bazarlari\\\/\",\"url\":\"https:\\\/\\\/www.meydan.tv\\\/az\\\/article\\\/azerbaycanin-ixrac-bazarlari\\\/\",\"name\":\"Az\u0259rbaycan\u0131n ixrac bazarlar\u0131 - MEYDAN.TV\",\"isPartOf\":{\"@id\":\"https:\\\/\\\/www.meydan.tv\\\/az\\\/#website\"},\"primaryImageOfPage\":{\"@id\":\"https:\\\/\\\/www.meydan.tv\\\/az\\\/article\\\/azerbaycanin-ixrac-bazarlari\\\/#primaryimage\"},\"image\":{\"@id\":\"https:\\\/\\\/www.meydan.tv\\\/az\\\/article\\\/azerbaycanin-ixrac-bazarlari\\\/#primaryimage\"},\"thumbnailUrl\":\"https:\\\/\\\/www.meydan.tv\\\/wp-content\\\/uploads\\\/27953.jpg\",\"datePublished\":\"2016-11-13T22:13:12+00:00\",\"breadcrumb\":{\"@id\":\"https:\\\/\\\/www.meydan.tv\\\/az\\\/article\\\/azerbaycanin-ixrac-bazarlari\\\/#breadcrumb\"},\"inLanguage\":\"az\",\"potentialAction\":[{\"@type\":\"ReadAction\",\"target\":[\"https:\\\/\\\/www.meydan.tv\\\/az\\\/article\\\/azerbaycanin-ixrac-bazarlari\\\/\"]}]},{\"@type\":\"ImageObject\",\"inLanguage\":\"az\",\"@id\":\"https:\\\/\\\/www.meydan.tv\\\/az\\\/article\\\/azerbaycanin-ixrac-bazarlari\\\/#primaryimage\",\"url\":\"https:\\\/\\\/www.meydan.tv\\\/wp-content\\\/uploads\\\/27953.jpg\",\"contentUrl\":\"https:\\\/\\\/www.meydan.tv\\\/wp-content\\\/uploads\\\/27953.jpg\",\"width\":500,\"height\":304,\"caption\":\"Source:\"},{\"@type\":\"BreadcrumbList\",\"@id\":\"https:\\\/\\\/www.meydan.tv\\\/az\\\/article\\\/azerbaycanin-ixrac-bazarlari\\\/#breadcrumb\",\"itemListElement\":[{\"@type\":\"ListItem\",\"position\":1,\"name\":\"Ana s\u0259hif\u0259\",\"item\":\"https:\\\/\\\/www.meydan.tv\\\/az\\\/\"},{\"@type\":\"ListItem\",\"position\":2,\"name\":\"M\u0259nim Fikrimc\u0259\",\"item\":\"https:\\\/\\\/www.meydan.tv\\\/az\\\/section\\\/menim-fikrimce\\\/\"},{\"@type\":\"ListItem\",\"position\":3,\"name\":\"Az\u0259rbaycan\u0131n ixrac bazarlar\u0131\"}]},{\"@type\":\"WebSite\",\"@id\":\"https:\\\/\\\/www.meydan.tv\\\/az\\\/#website\",\"url\":\"https:\\\/\\\/www.meydan.tv\\\/az\\\/\",\"name\":\"MEYDAN.TV\",\"description\":\"Meydan TV Az\u0259rbaycan\u0131n media m\u0259kan\u0131ndak\u0131 alternativ s\u0259sidir\",\"publisher\":{\"@id\":\"https:\\\/\\\/www.meydan.tv\\\/az\\\/#organization\"},\"potentialAction\":[{\"@type\":\"SearchAction\",\"target\":{\"@type\":\"EntryPoint\",\"urlTemplate\":\"https:\\\/\\\/www.meydan.tv\\\/az\\\/?s={search_term_string}\"},\"query-input\":{\"@type\":\"PropertyValueSpecification\",\"valueRequired\":true,\"valueName\":\"search_term_string\"}}],\"inLanguage\":\"az\"},{\"@type\":\"Organization\",\"@id\":\"https:\\\/\\\/www.meydan.tv\\\/az\\\/#organization\",\"name\":\"Meydan TV\",\"url\":\"https:\\\/\\\/www.meydan.tv\\\/az\\\/\",\"logo\":{\"@type\":\"ImageObject\",\"inLanguage\":\"az\",\"@id\":\"https:\\\/\\\/www.meydan.tv\\\/az\\\/#\\\/schema\\\/logo\\\/image\\\/\",\"url\":\"https:\\\/\\\/www.meydan.tv\\\/wp-content\\\/uploads\\\/2021\\\/07\\\/meydan-logo.svg\",\"contentUrl\":\"https:\\\/\\\/www.meydan.tv\\\/wp-content\\\/uploads\\\/2021\\\/07\\\/meydan-logo.svg\",\"width\":195,\"height\":46,\"caption\":\"Meydan TV\"},\"image\":{\"@id\":\"https:\\\/\\\/www.meydan.tv\\\/az\\\/#\\\/schema\\\/logo\\\/image\\\/\"}},{\"@type\":\"Person\",\"@id\":\"https:\\\/\\\/www.meydan.tv\\\/az\\\/#\\\/schema\\\/person\\\/10d11eccf6da3662cf5fdab9806ea91a\",\"name\":\"user-manager\"}]}<\/script>\n<!-- \/ Yoast SEO plugin. -->","yoast_head_json":{"title":"Az\u0259rbaycan\u0131n ixrac bazarlar\u0131 - MEYDAN.TV","robots":{"index":"index","follow":"follow","max-snippet":"max-snippet:-1","max-image-preview":"max-image-preview:large","max-video-preview":"max-video-preview:-1"},"canonical":"https:\/\/www.meydan.tv\/az\/article\/azerbaycanin-ixrac-bazarlari\/","og_locale":"az_AZ","og_type":"article","og_title":"Az\u0259rbaycan\u0131n ixrac bazarlar\u0131 - MEYDAN.TV","og_description":"Az\u0259rbaycan m\u0259hsullar\u0131, Baltik \u00f6lk\u0259l\u0259rind\u0259, \u00fcmumiyy\u0259tl\u0259, r\u0259qab\u0259t apara bilmir","og_url":"https:\/\/www.meydan.tv\/az\/article\/azerbaycanin-ixrac-bazarlari\/","og_site_name":"MEYDAN.TV","article_published_time":"2016-11-13T22:13:12+00:00","og_image":[{"width":500,"height":304,"url":"https:\/\/www.meydan.tv\/wp-content\/uploads\/27953.jpg","type":"image\/jpeg"}],"author":"user-manager","twitter_card":"summary_large_image","schema":{"@context":"https:\/\/schema.org","@graph":[{"@type":"Article","@id":"https:\/\/www.meydan.tv\/az\/article\/azerbaycanin-ixrac-bazarlari\/#article","isPartOf":{"@id":"https:\/\/www.meydan.tv\/az\/article\/azerbaycanin-ixrac-bazarlari\/"},"author":{"name":"user-manager","@id":"https:\/\/www.meydan.tv\/az\/#\/schema\/person\/10d11eccf6da3662cf5fdab9806ea91a"},"headline":"Az\u0259rbaycan\u0131n ixrac bazarlar\u0131","datePublished":"2016-11-13T22:13:12+00:00","mainEntityOfPage":{"@id":"https:\/\/www.meydan.tv\/az\/article\/azerbaycanin-ixrac-bazarlari\/"},"wordCount":901,"publisher":{"@id":"https:\/\/www.meydan.tv\/az\/#organization"},"image":{"@id":"https:\/\/www.meydan.tv\/az\/article\/azerbaycanin-ixrac-bazarlari\/#primaryimage"},"thumbnailUrl":"https:\/\/www.meydan.tv\/wp-content\/uploads\/27953.jpg","articleSection":["M\u0259nim Fikrimc\u0259"],"inLanguage":"az"},{"@type":"WebPage","@id":"https:\/\/www.meydan.tv\/az\/article\/azerbaycanin-ixrac-bazarlari\/","url":"https:\/\/www.meydan.tv\/az\/article\/azerbaycanin-ixrac-bazarlari\/","name":"Az\u0259rbaycan\u0131n ixrac bazarlar\u0131 - MEYDAN.TV","isPartOf":{"@id":"https:\/\/www.meydan.tv\/az\/#website"},"primaryImageOfPage":{"@id":"https:\/\/www.meydan.tv\/az\/article\/azerbaycanin-ixrac-bazarlari\/#primaryimage"},"image":{"@id":"https:\/\/www.meydan.tv\/az\/article\/azerbaycanin-ixrac-bazarlari\/#primaryimage"},"thumbnailUrl":"https:\/\/www.meydan.tv\/wp-content\/uploads\/27953.jpg","datePublished":"2016-11-13T22:13:12+00:00","breadcrumb":{"@id":"https:\/\/www.meydan.tv\/az\/article\/azerbaycanin-ixrac-bazarlari\/#breadcrumb"},"inLanguage":"az","potentialAction":[{"@type":"ReadAction","target":["https:\/\/www.meydan.tv\/az\/article\/azerbaycanin-ixrac-bazarlari\/"]}]},{"@type":"ImageObject","inLanguage":"az","@id":"https:\/\/www.meydan.tv\/az\/article\/azerbaycanin-ixrac-bazarlari\/#primaryimage","url":"https:\/\/www.meydan.tv\/wp-content\/uploads\/27953.jpg","contentUrl":"https:\/\/www.meydan.tv\/wp-content\/uploads\/27953.jpg","width":500,"height":304,"caption":"Source:"},{"@type":"BreadcrumbList","@id":"https:\/\/www.meydan.tv\/az\/article\/azerbaycanin-ixrac-bazarlari\/#breadcrumb","itemListElement":[{"@type":"ListItem","position":1,"name":"Ana s\u0259hif\u0259","item":"https:\/\/www.meydan.tv\/az\/"},{"@type":"ListItem","position":2,"name":"M\u0259nim Fikrimc\u0259","item":"https:\/\/www.meydan.tv\/az\/section\/menim-fikrimce\/"},{"@type":"ListItem","position":3,"name":"Az\u0259rbaycan\u0131n ixrac bazarlar\u0131"}]},{"@type":"WebSite","@id":"https:\/\/www.meydan.tv\/az\/#website","url":"https:\/\/www.meydan.tv\/az\/","name":"MEYDAN.TV","description":"Meydan TV Az\u0259rbaycan\u0131n media m\u0259kan\u0131ndak\u0131 alternativ s\u0259sidir","publisher":{"@id":"https:\/\/www.meydan.tv\/az\/#organization"},"potentialAction":[{"@type":"SearchAction","target":{"@type":"EntryPoint","urlTemplate":"https:\/\/www.meydan.tv\/az\/?s={search_term_string}"},"query-input":{"@type":"PropertyValueSpecification","valueRequired":true,"valueName":"search_term_string"}}],"inLanguage":"az"},{"@type":"Organization","@id":"https:\/\/www.meydan.tv\/az\/#organization","name":"Meydan TV","url":"https:\/\/www.meydan.tv\/az\/","logo":{"@type":"ImageObject","inLanguage":"az","@id":"https:\/\/www.meydan.tv\/az\/#\/schema\/logo\/image\/","url":"https:\/\/www.meydan.tv\/wp-content\/uploads\/2021\/07\/meydan-logo.svg","contentUrl":"https:\/\/www.meydan.tv\/wp-content\/uploads\/2021\/07\/meydan-logo.svg","width":195,"height":46,"caption":"Meydan TV"},"image":{"@id":"https:\/\/www.meydan.tv\/az\/#\/schema\/logo\/image\/"}},{"@type":"Person","@id":"https:\/\/www.meydan.tv\/az\/#\/schema\/person\/10d11eccf6da3662cf5fdab9806ea91a","name":"user-manager"}]}},"_links":{"self":[{"href":"https:\/\/www.meydan.tv\/az\/wp-json\/wp\/v2\/posts\/180381","targetHints":{"allow":["GET"]}}],"collection":[{"href":"https:\/\/www.meydan.tv\/az\/wp-json\/wp\/v2\/posts"}],"about":[{"href":"https:\/\/www.meydan.tv\/az\/wp-json\/wp\/v2\/types\/post"}],"author":[{"embeddable":true,"href":"https:\/\/www.meydan.tv\/az\/wp-json\/wp\/v2\/users\/11"}],"replies":[{"embeddable":true,"href":"https:\/\/www.meydan.tv\/az\/wp-json\/wp\/v2\/comments?post=180381"}],"version-history":[{"count":0,"href":"https:\/\/www.meydan.tv\/az\/wp-json\/wp\/v2\/posts\/180381\/revisions"}],"wp:featuredmedia":[{"embeddable":true,"href":"https:\/\/www.meydan.tv\/az\/wp-json\/wp\/v2\/media\/72629"}],"wp:attachment":[{"href":"https:\/\/www.meydan.tv\/az\/wp-json\/wp\/v2\/media?parent=180381"}],"wp:term":[{"taxonomy":"category","embeddable":true,"href":"https:\/\/www.meydan.tv\/az\/wp-json\/wp\/v2\/categories?post=180381"},{"taxonomy":"post_tag","embeddable":true,"href":"https:\/\/www.meydan.tv\/az\/wp-json\/wp\/v2\/tags?post=180381"}],"curies":[{"name":"wp","href":"https:\/\/api.w.org\/{rel}","templated":true}]}}