{"id":180379,"date":"2016-11-13T21:43:49","date_gmt":"2016-11-13T21:43:49","guid":{"rendered":"https:\/\/www.meydan.tv\/article\/ilham-eliyev-ermenistan-aprel-doyuslerinden-netice-cixarmalidir\/"},"modified":"2016-11-13T21:43:49","modified_gmt":"2016-11-13T21:43:49","slug":"ilham-eliyev-ermenistan-aprel-doyuslerinden-netice-cixarmalidir","status":"publish","type":"post","link":"https:\/\/www.meydan.tv\/az\/article\/ilham-eliyev-ermenistan-aprel-doyuslerinden-netice-cixarmalidir\/","title":{"rendered":"\u0130lham \u018fliyev: Erm\u0259nistan aprel d\u00f6y\u00fc\u015fl\u0259rind\u0259n n\u0259tic\u0259 \u00e7\u0131xarmal\u0131d\u0131r"},"content":{"rendered":"<figure class=\"wp-block-image size-large\">\n  <img decoding=\"async\" src=\"https:\/\/www.meydan.tv\/az\/foto-prezident-az-7\/\" alt=\"foto prezident.az\" class=\"wp-image-72965\"\/><figcaption>\n    foto prezident.az<br \/>\n  <\/figcaption><\/figure>\n<p>\n  <i><br \/>\n    C\u0259sur S\u00fcm\u0259rinli: Aprel d\u00f6y\u00fc\u015fl\u0259rind\u0259 h\u0259r hans\u0131 u\u011furdan, q\u0259l\u0259b\u0259d\u0259n v\u0259 ir\u0259lil\u0259yi\u015fd\u0259n s\u00f6hb\u0259t ged\u0259 bilm\u0259z<br \/>\n  <\/i>\n<\/p>\n<p>\n  \u201cBiz son ill\u0259r \u0259rzind\u0259 milyardlarla dollar d\u0259y\u0259rind\u0259 \u0259n m\u00fcasir silah-sursat, h\u0259rbi texnika alm\u0131\u015f\u0131q. O texnikalar \u0259n son texnologiyaya malikdir. Aprel d\u00f6y\u00fc\u015fl\u0259ri bunu bir daha g\u00f6st\u0259rdi. Aprel d\u00f6y\u00fc\u015fl\u0259rind\u0259n sonra ordumuzun maddi-texniki t\u0259minat\u0131 il\u0259 ba\u011fl\u0131 \u0259lav\u0259 t\u0259dbirl\u0259r g\u00f6r\u00fcl\u00fcr, v\u0259sait ayr\u0131l\u0131b, \u0259n m\u00fcasir, y\u00fcks\u0259k da\u011f\u0131d\u0131c\u0131 q\u00fcvv\u0259y\u0259 v\u0259 d\u0259qiqliy\u0259 malik olan silahlar, texnika al\u0131n\u0131r v\u0259 art\u0131q bizim s\u0259r\u0259ncam\u0131m\u0131zdad\u0131r\u201d.\n<\/p>\n<p>\n  APA-n\u0131n x\u0259b\u0259rin\u0259 g\u00f6r\u0259, bu s\u00f6zl\u0259ri F\u00fczuli rayonu \u0259razisind\u0259, \u00f6n x\u0259td\u0259 yerl\u0259\u015f\u0259n komanda idar\u0259etm\u0259 m\u0259nt\u0259q\u0259sind\u0259 h\u0259rbi qulluq\u00e7ular qar\u015f\u0131s\u0131nda \u00e7\u0131x\u0131\u015f\u0131nda prezident, Ali Ba\u015f Komandan \u0130lham \u018fliyev deyib.\n<\/p>\n<blockquote><p>\n  \u00a0Bizim he\u00e7 bir \u00f6lk\u0259nin torpa\u011f\u0131nda g\u00f6z\u00fcm\u00fcz yoxdur\n<\/p><\/blockquote>\n<p>\n  Noyabr\u0131n 12-d\u0259 Prezident,\u00a0Silahl\u0131 Q\u00fcvv\u0259l\u0259rin Ali Ba\u015f Komandan\u0131 \u0130lham \u018fliyev F\u00fczuli rayonu \u0259razisind\u0259 \u00f6n x\u0259td\u0259 yerl\u0259\u015f\u0259n komanda idar\u0259etm\u0259 m\u0259nt\u0259q\u0259sind\u0259 \u0259m\u0259liyyat \u015f\u0259raiti il\u0259 tan\u0131\u015f olub.\n<\/p>\n<p>\n  O bildirib ki, ordunun d\u00f6y\u00fc\u015f qabiliyy\u0259ti il\u0259 b\u0259rab\u0259r, v\u0259t\u0259np\u0259rv\u0259rlik ruhu da y\u00fcks\u0259kdir: \u201cBiz \u00f6z torpa\u011f\u0131m\u0131zday\u0131q, bura Az\u0259rbaycand\u0131r. L\u0259l\u0259t\u0259p\u0259 d\u0259 Az\u0259rbaycand\u0131r, \u015eu\u015fa da Az\u0259rbaycand\u0131r, Xank\u0259ndi d\u0259 Az\u0259rbaycand\u0131r. Bizim he\u00e7 bir \u00f6lk\u0259nin torpa\u011f\u0131nda g\u00f6z\u00fcm\u00fcz yoxdur. Ancaq biz \u00f6z torpa\u011f\u0131m\u0131zda ikinci erm\u0259ni d\u00f6vl\u0259tinin yaranmas\u0131na he\u00e7 vaxt imkan verm\u0259y\u0259c\u0259yik. Aprel d\u00f6y\u00fc\u015fl\u0259ri bunu bir daha s\u00fcbut etdi\u201d.\n<\/p>\n<p>\n  Prezident 1994-c\u00fc ilin yanvar ay\u0131nda F\u00fczuli rayonunda apar\u0131lan \u0259m\u0259liyyat\u0131 v\u0259 22 k\u0259ndin i\u015f\u011fal\u00e7\u0131lardan azad edilm\u0259sini xat\u0131rlad\u0131b: \u201cBu, b\u00f6y\u00fck tarixi q\u0259l\u0259b\u0259 idi. Aprel d\u00f6y\u00fc\u015fl\u0259ri d\u0259 n\u00f6vb\u0259ti tarixi q\u0259l\u0259b\u0259dir. D\u00fcnya bir daha g\u00f6rd\u00fc ki, Az\u0259rbaycan Erm\u0259nistan\u0131n i\u015f\u011fal\u00e7\u0131l\u0131q siyas\u0259ti il\u0259 he\u00e7 vaxt bar\u0131\u015fmayacaq. Biz \u00f6z \u0259razi b\u00fct\u00f6vl\u00fcy\u00fcm\u00fcz\u00fc b\u0259rpa etm\u0259liyik v\u0259 ed\u0259c\u0259yik. Bu, bizim \u0259z\u0259li torpa\u011f\u0131m\u0131zd\u0131r, tarixi torpa\u011f\u0131m\u0131zd\u0131r v\u0259 biz i\u015f\u011fal alt\u0131nda olan b\u00fct\u00fcn torpaqlar\u0131m\u0131za qay\u0131daca\u011f\u0131q. L\u0259l\u0259t\u0259p\u0259 \u0259m\u0259liyyat\u0131 bizim q\u0259hr\u0259manl\u0131q r\u0259mzimizdir v\u0259 tarix\u0259 d\u00fc\u015fd\u00fc. \u018fg\u0259r erm\u0259ni silahl\u0131 q\u00fcvv\u0259l\u0259ri aprel d\u00f6y\u00fc\u015fl\u0259rind\u0259n d\u00fczg\u00fcn n\u0259tic\u0259 \u00e7\u0131xarmasalar, g\u0259l\u0259c\u0259kd\u0259 L\u0259l\u0259t\u0259p\u0259 \u0259m\u0259liyyat\u0131 kimi bir \u00e7ox u\u011furlu \u0259m\u0259liyyatlar olacaq. Erm\u0259nistan\u0131n siyasi r\u0259hb\u0259rliyi, n\u0259hay\u0259t, d\u0259rk etm\u0259lidir ki, i\u015f\u011fal\u00e7\u0131l\u0131q h\u0259r\u0259k\u0259tl\u0259ri onlar\u0131 u\u00e7uruma apar\u0131r. Az\u0259rbaycan g\u00fcnd\u0259n-g\u00fcn\u0259 g\u00fccl\u0259nir, m\u00f6hk\u0259ml\u0259nir. Bizim g\u00fccl\u00fc potensial\u0131m\u0131z v\u0259 g\u00fccl\u00fc ordumuz var. Biz ordumuzla, \u0259sg\u0259r v\u0259 zabitl\u0259rimizl\u0259, sizinl\u0259 &#8211; bax, burada d\u00fc\u015fm\u0259nl\u0259 \u00fcz-\u00fcz\u0259 dayanan o\u011fullar\u0131m\u0131zla f\u0259xr edirik. Siz\u0259 e\u015fq olsun! Az\u0259rbaycan inki\u015faf ed\u0259c\u0259k v\u0259 biz \u0259razi b\u00fct\u00f6vl\u00fcy\u00fcm\u00fcz\u00fc b\u0259rpa ed\u0259c\u0259yik!\u201d\n<\/p>\n<blockquote><p>\n  2000 hektardan \u00e7ox torpaq azad edilib\n<\/p><\/blockquote>\n<p>\n  Prezident aprel ay\u0131nda ba\u015f ver\u0259n hadis\u0259l\u0259r\u0259 toxunub: \u201cBu ilin aprel ay\u0131nda Erm\u0259nistan d\u00f6vl\u0259timiz\u0259, xalq\u0131m\u0131za qar\u015f\u0131 n\u00f6vb\u0259ti silahl\u0131 t\u0259xribat t\u00f6r\u0259dib. Q\u0259hr\u0259man Az\u0259rbaycan ordusu &#8211; xalq\u0131m\u0131z\u0131n \u0259sg\u0259r v\u0259 zabitl\u0259ri bu t\u0259xribata layiqli cavab verib. U\u011furlu \u0259ks-h\u00fccum \u0259m\u0259liyyat\u0131 ke\u00e7ir\u0259r\u0259k d\u00fc\u015fm\u0259n\u0259 sars\u0131d\u0131c\u0131 z\u0259rb\u0259l\u0259r vurulub v\u0259 Az\u0259rbaycan\u0131n i\u015f\u011fal alt\u0131nda olan torpaqlar\u0131n\u0131n bir hiss\u0259si azad edilib. Bu g\u00fcn biz L\u0259l\u0259t\u0259p\u0259 \u0259razisind\u0259yik. H\u0259l\u0259 bir ne\u00e7\u0259 ay bundan \u0259vv\u0259l bu \u0259razi i\u015f\u011fal alt\u0131nda idi. Biz bu i\u015f\u011fala son qoyduq. F\u00fczuli, C\u0259bray\u0131l v\u0259 A\u011fd\u0259r\u0259 rayonlar\u0131n\u0131n \u0259razil\u0259rind\u0259 i\u015f\u011fal alt\u0131nda olan 2000 hektardan \u00e7ox torpaq u\u011furlu \u0259ks-h\u00fccum \u0259m\u0259liyyat\u0131 n\u0259tic\u0259sind\u0259 i\u015f\u011fal\u00e7\u0131lardan azad edilib. Minl\u0259rl\u0259 hektar torpa\u011fa bu g\u00fcn Az\u0259rbaycan Ordusu tam n\u0259zar\u0259t edir. Onu da qeyd etm\u0259liy\u0259m ki, \u0259ks-h\u00fccum \u0259m\u0259liyyat\u0131m\u0131z \u0259lveri\u015fsiz m\u00f6vqel\u0259rd\u0259n ba\u015flay\u0131b. Biz y\u00fcks\u0259klikl\u0259ri, t\u0259p\u0259l\u0259ri i\u015f\u011fal\u00e7\u0131lardan azad etmi\u015fik v\u0259 b\u00f6y\u00fck q\u0259hr\u0259manl\u0131q g\u00f6st\u0259rmi\u015fik. Aprel d\u00f6y\u00fc\u015fl\u0259ri h\u0259rbi d\u0259rslikl\u0259r\u0259 sal\u0131nmal\u0131d\u0131r. Az\u0259rbaycan ordusu bu d\u00f6y\u00fc\u015fl\u0259rd\u0259 pe\u015f\u0259karl\u0131q, q\u0259hr\u0259manl\u0131q, m\u0259har\u0259t g\u00f6st\u0259rib. Biz \u015f\u0259hidl\u0259r verdik, Allah b\u00fct\u00fcn \u015f\u0259hidl\u0259rimiz\u0259 r\u0259hm\u0259t el\u0259sin. Yaral\u0131 \u0259sg\u0259rl\u0259rimiz, zabitl\u0259rimiz olub. M\u0259n h\u0259rbi hospitalda yaral\u0131 \u0259sg\u0259r v\u0259 zabitl\u0259rimizl\u0259 g\u00f6r\u00fc\u015f zaman\u0131 onlarda ruh y\u00fcks\u0259kliyi g\u00f6rd\u00fcm. Onlar\u0131n bir arzusu var idi &#8211; tezlikl\u0259 sa\u011falmaq v\u0259 d\u00f6y\u00fc\u015f b\u00f6lg\u0259l\u0259rin\u0259 qay\u0131tmaq. Bu, bir daha onu g\u00f6st\u0259rir ki, Az\u0259rbaycan xalq\u0131 b\u00f6y\u00fck xalqd\u0131r, Az\u0259rbaycan v\u0259t\u0259nda\u015flar\u0131 v\u0259t\u0259np\u0259rv\u0259r v\u0259t\u0259nda\u015flard\u0131r. Bizim \u0259sg\u0259rl\u0259rimiz, zabitl\u0259rimiz V\u0259t\u0259n u\u011frunda, torpaq u\u011frunda \u00f6l\u00fcm\u0259 getm\u0259y\u0259 haz\u0131rd\u0131rlar\u201d.\n<\/p>\n<blockquote><p>\n  Erm\u0259nistan ordusu uzun ill\u0259r mifl\u0259r uydurdu\n<\/p><\/blockquote>\n<p>\n  D\u00f6vl\u0259t ba\u015f\u00e7\u0131s\u0131 aprel d\u00f6y\u00fc\u015fl\u0259rini \u015fanl\u0131 q\u0259l\u0259b\u0259 adland\u0131r\u0131b: \u201cAz\u0259rbaycan ordusu \u00f6z g\u00fcc\u00fcn\u00fc g\u00f6st\u0259rdi. Erm\u0259nistan uzun ill\u0259r \u00f6z ordusu haqq\u0131nda yalanlar, mifl\u0259r uydururdu. Guya onlar\u0131n yenilm\u0259z ordusu var. Aprel d\u00f6y\u00fc\u015fl\u0259ri g\u00f6st\u0259rdi ki, hans\u0131 ordu yenilm\u0259zdir. Az\u0259rbaycan ordusu yenilm\u0259z ordudur, ist\u0259nil\u0259n v\u0259zif\u0259ni icra etm\u0259y\u0259 qadirdir. \u0130\u015f\u011fal edilmi\u015f torpaqlarda, Da\u011fl\u0131q Qaraba\u011fda el\u0259 bir h\u0259rbi h\u0259d\u0259f yoxdur ki, bu g\u00fcn biz onu m\u0259hv ed\u0259 bilm\u0259y\u0259k. Bu g\u00fcn Az\u0259rbaycan ordusu g\u00fccl\u00fc ordular s\u0131ras\u0131ndad\u0131r. Bunu biz bilirik, Az\u0259rbaycan xalq\u0131 bilir v\u0259 b\u00fct\u00fcn d\u00fcnya bilir. G\u00fccl\u00fc ordular\u0131n reytinql\u0259rind\u0259 Az\u0259rbaycan ordusunun \u00e7ox y\u00fcks\u0259k yeri var. Ordumuzun d\u00f6y\u00fc\u015f qabiliyy\u0259ti y\u00fcks\u0259k s\u0259viyy\u0259d\u0259dir, g\u00fcnb\u0259g\u00fcn art\u0131r, ordumuzda nizam-intizam h\u00f6km s\u00fcr\u00fcr, maddi-texniki t\u0259minat\u0131 \u0259n y\u00fcks\u0259k s\u0259viyy\u0259d\u0259dir\u201d.\n<\/p>\n<blockquote><p>\n  Az\u0259rbaycan Silahl\u0131 Q\u00fcvv\u0259l\u0259ri qar\u015f\u0131s\u0131na qoyulmu\u015f m\u0259qs\u0259dl\u0259r\u0259 nail ola bilm\u0259di\n<\/p><\/blockquote>\n<p>\n  &#8220;\u0130lham \u018fliyevin son b\u0259yanat\u0131 Az\u0259rbaycan c\u0259miyy\u0259tinin g\u00f6z\u00fcnd\u0259 p\u0259rd\u0259 asmaqdan ba\u015fqa bir \u015fey deyil. Aprel d\u00f6y\u00fc\u015fl\u0259rind\u0259 h\u0259r hans\u0131 u\u011furdan, q\u0259l\u0259b\u0259d\u0259n v\u0259 ir\u0259lil\u0259yi\u015fd\u0259n s\u00f6hb\u0259t ged\u0259 bilm\u0259z&#8221;.\n<\/p>\n<p>\n  Bu a\u00e7\u0131qlaman\u0131 prezidentin b\u0259yanat\u0131n\u0131 Meydan TV-y\u0259 \u015f\u0259rh ed\u0259rk\u0259n X\u0259z\u0259r H\u0259rbi T\u0259dqiqatlar \u0130nstitutunun r\u0259hb\u0259ri C\u0259sur S\u00fcm\u0259rinli s\u0259sl\u0259ndirib.\n<\/p>\n<p>\n  Onun s\u00f6zl\u0259rin\u0259 g\u00f6r\u0259, aprel d\u00f6y\u00fc\u015fl\u0259ri Az\u0259rbaycan Silahl\u0131 Q\u00fcvv\u0259l\u0259rind\u0259, x\u00fcsusil\u0259 d\u0259 x\u00fcsusi t\u0259yinatl\u0131 birl\u0259\u015fm\u0259l\u0259rin d\u00f6y\u00fc\u015f haz\u0131rl\u0131\u011f\u0131nda, idar\u0259edilm\u0259sind\u0259 ciddi probleml\u0259rin oldu\u011funu bir daha g\u00f6st\u0259rdi. &#8220;Bir s\u0131ra m\u0259lumatlar onu dem\u0259y\u0259 \u0259sas verir ki, Az\u0259rbaycan Silahl\u0131 Q\u00fcvv\u0259l\u0259ri qar\u015f\u0131s\u0131na qoyulmu\u015f m\u0259qs\u0259dl\u0259r\u0259 nail ola bilm\u0259di v\u0259 itkil\u0259rin (d\u00fcnyas\u0131n\u0131 d\u0259yi\u015f\u0259nl\u0259r v\u0259 yaralananlar) say\u0131n\u0131n az qala 200 n\u0259f\u0259r\u0259 yax\u0131n olmas\u0131, bunun m\u00fcqabilind\u0259 is\u0259 \u00e7ox ki\u00e7ik \u0259razinin i\u015f\u011faldan azad olunmas\u0131 bunu s\u00fcbut edir. \u00c7ox i\u015fl\u0259r g\u00f6r\u00fclm\u0259lidir&#8221;, &#8211; dey\u0259 C.S\u00fcm\u0259rinli bildirdi.\n<\/p>\n<p>\n  Onun fikrinc\u0259, Az\u0259rbaycan hakimiyy\u0259ti qar\u015f\u0131s\u0131na qoyulmu\u015f 4 vacib sual h\u0259l\u0259 d\u0259 cavablanmam\u0131\u015f qal\u0131r: &#8211; birincisi, h\u0259rbi \u0259m\u0259liyyatlar Rusiyan\u0131n t\u0259l\u0259bi il\u0259 q\u0131sa m\u00fcdd\u0259td\u0259n sonra Az\u0259rbaycan t\u0259r\u0259find\u0259n dayand\u0131r\u0131lacaqd\u0131sa bunu h\u0259yata ke\u00e7irm\u0259yin n\u0259 m\u0259nas\u0131 vard\u0131? B\u0259lk\u0259 bu bir teatr s\u0259hn\u0259si idi? &#8211; h\u0259rbi \u0259m\u0259liyyatlarda d\u00fcnyas\u0131n\u0131 d\u0259yi\u015fmi\u015f v\u0259 yaralanm\u0131\u015f \u0259sg\u0259rl\u0259rin statistikas\u0131 c\u0259miyy\u0259td\u0259n niy\u0259 gizl\u0259dilir? &#8211; \u0259m\u0259liyyatlardan ke\u00e7\u0259n 7 ay \u0259rzind\u0259 Az\u0259rbaycan\u0131n Qaraba\u011f m\u00fcnaqi\u015f\u0259si il\u0259 ba\u011fl\u0131 dan\u0131\u015f\u0131qlarda m\u00f6vqeyi nec\u0259 g\u00fccl\u0259nib? \u00dcmumiyy\u0259tl\u0259, g\u00fccl\u0259nibmi? &#8211; Az\u0259rbaycan i\u015f\u011fal alt\u0131nda olan torpaqlar\u0131 azad etm\u0259k ist\u0259s\u0259, Rusiyan\u0131n n\u00f6vb\u0259ti &#8220;xahi\u015fini&#8221; nec\u0259 neytralla\u015fd\u0131racaq?\n<\/p>\n<blockquote><p>\n  Dirijor Rusiya t\u0259r\u0259fi, icra\u00e7\u0131lar is\u0259 Az\u0259rbaycan v\u0259 Erm\u0259nistan idi\n<\/p><\/blockquote>\n<figure class=\"wp-block-image size-large\">\n  <img decoding=\"async\" src=\"https:\/\/www.meydan.tv\/az\/cesur-sumerinli-2\/\" alt=\"C\u0259sur S\u00fcm\u0259rinli\" class=\"wp-image-72962\"\/><figcaption>\n    C\u0259sur S\u00fcm\u0259rinli<br \/>\n  <\/figcaption><\/figure>\n<p>\n  C\u0259sur S\u00fcm\u0259rinlinin q\u0259na\u0259tinc\u0259, bu v\u0259 dig\u0259r suallar cavabland\u0131r\u0131lmad\u0131qca Az\u0259rbaycan hakimiyy\u0259tinin h\u0259min h\u0259rbi \u0259m\u0259liyyatlar\u0131 h\u0259yata ke\u00e7irm\u0259kd\u0259 n\u0259 d\u0259r\u0259c\u0259d\u0259 s\u0259mimi olmas\u0131, h\u0259r hans\u0131 \u015f\u0259xsi m\u0259nf\u0259\u0259t g\u00fcdm\u0259diyini dem\u0259k m\u00fcmk\u00fcn olmayacaq.\n<\/p>\n<p>\n  &#8220;Aprel d\u00f6y\u00fc\u015fl\u0259rind\u0259n \u00f6nc\u0259 v\u0259 sonra Rusiya Erm\u0259nistan\u0131n f\u0259al d\u0259st\u0259k\u00e7isi kimi \u00e7\u0131x\u0131\u015f edir. \u018fg\u0259r r\u0259smi Bak\u0131 aprel d\u00f6y\u00fc\u015fl\u0259rini Moskvan\u0131n xahi\u015fi il\u0259 dayand\u0131rm\u0131\u015fd\u0131sa, niy\u0259 g\u00f6r\u0259 Rusiya Erm\u0259nistan\u0131 d\u0259st\u0259kl\u0259m\u0259kd\u0259 davam edir? M\u0259ntiql\u0259, Rusiya Erm\u0259nistana t\u0259zyiq g\u00f6st\u0259rm\u0259li idi ax\u0131?! Amma bel\u0259 g\u00f6r\u00fcn\u00fcr ki, h\u0259r \u015fey qabaqcadan qurulmu\u015f bir teatr idi. Dirijor Rusiya t\u0259r\u0259fi, icra\u00e7\u0131lar is\u0259 Az\u0259rbaycan v\u0259 Erm\u0259nistan idi&#8221;, &#8211; dey\u0259 C.S\u00fcm\u0259rinli bildirdi.\n<\/p>\n<p>\n  O, bildirib ki, aprel d\u00f6y\u00fc\u015fl\u0259rinin \u0259n \u0259sas m\u0259nfi t\u0259r\u0259fl\u0259rind\u0259n biri d\u00fc\u015fm\u0259nin ay\u0131q sal\u0131nmas\u0131, onlara Az\u0259rbaycan Silahl\u0131 Q\u00fcvv\u0259l\u0259rinin h\u00fccum v\u0259 m\u00fcdafi\u0259 taktikas\u0131n\u0131 a\u015fkar \u015f\u0259kild\u0259 g\u00f6st\u0259rm\u0259k idi: &#8220;D\u00fc\u015fm\u0259n bildi ki, g\u0259l\u0259c\u0259k m\u00fcharib\u0259d\u0259 Az\u0259rbaycan nec\u0259 h\u00fccum ed\u0259 bil\u0259r, n\u0259y\u0259 \u00fcst\u00fcnl\u00fck ver\u0259c\u0259k, insan faktoru, h\u0259rbi texnika nec\u0259 rol oynayacaq, Az\u0259rbaycan\u0131n h\u00fccumu zaman\u0131 erm\u0259ni t\u0259r\u0259finin m\u0259nfi t\u0259r\u0259fl\u0259ri n\u0259d\u0259n ibar\u0259t olacaq v\u0259 s. \u0130ndi d\u00fc\u015fm\u0259n t\u0259r\u0259fi m\u0259hz bu amill\u0259ri n\u0259z\u0259r\u0259 alaraq \u00f6n v\u0259 arxa c\u0259bh\u0259d\u0259 m\u00fcdafi\u0259 m\u00f6vqeyini g\u00fccl\u0259ndirm\u0259kd\u0259dir. M\u0259hz aprel \u0259m\u0259liyyatlar\u0131ndan sonra Erm\u0259nistan ordusunun yenid\u0259n qurulmas\u0131 prosesi apar\u0131l\u0131r. 50-y\u0259 yax\u0131n y\u00fcks\u0259k r\u00fctb\u0259li zabit v\u0259zif\u0259d\u0259n \u00e7\u0131xar\u0131l\u0131b. Erm\u0259nistan M\u00fcdafi\u0259 Nazirliyi v\u0259 Az\u0259rbaycan\u0131n \u0259razil\u0259rind\u0259ki i\u015f\u011fal\u00e7\u0131 h\u0259rbi qrupla\u015fmalar aras\u0131nda \u0259laq\u0259l\u0259rin m\u00f6hk\u0259ml\u0259nm\u0259si v\u0259 s. m\u00fch\u0259ndis-istehkam qur\u011fular\u0131n\u0131n m\u00fcasirl\u0259\u015fdirilm\u0259si v\u0259 s. istiqam\u0259td\u0259 ciddi t\u0259dbirl\u0259r g\u00f6r\u00fcl\u00fcr. Bel\u0259likl\u0259, bu 4 g\u00fcnl\u00fck h\u0259rbi \u0259m\u0259liyyatlar zaman\u0131 Erm\u0259nistan t\u0259r\u0259fi h\u0259m qar\u015f\u0131 t\u0259r\u0259fin &#8211; Az\u0259rbaycan\u0131n \u00fcst\u00fcnl\u00fckl\u0259rini v\u0259 \u00e7at\u0131\u015fmazl\u0131qlar\u0131n\u0131 g\u00f6rd\u00fc, eyni zamanda \u00f6z\u00fcn\u00fcn probleml\u0259rini a\u015fkara \u00e7\u0131xartd\u0131. Bel\u0259likl\u0259, biz ara\u015fd\u0131rsaq g\u00f6r\u0259rik ki, bu \u0259m\u0259liyyatlar strateji vizion bax\u0131m\u0131ndan Erm\u0259nistan\u0131n maraqlar\u0131na i\u015fl\u0259di&#8221;.\n<\/p>\n<blockquote><p>\n  Ordu tamamil\u0259 c\u0259miyy\u0259t\u0259 qapal\u0131d\u0131r\n<\/p><\/blockquote>\n<p>\n  C.S\u00fcm\u0259rinlinin s\u00f6zl\u0259rin\u0259 g\u00f6r\u0259, bahal\u0131 silahlar almaqla g\u00fccl\u00fc ordu qurmaq m\u00fcmk\u00fcn deyil. &#8220;Az\u0259rbaycan t\u0259r\u0259fi aprel d\u00f6y\u00fc\u015fl\u0259rinin apar\u0131lmas\u0131 zaman\u0131 orduda \u00fcz\u0259 \u00e7\u0131xan \u00e7at\u0131\u015fmazl\u0131qlar\u0131 aradan qald\u0131rmaq ist\u0259mir. H\u0259r hans\u0131 kadr islahat\u0131, r\u00fc\u015fv\u0259txorluq v\u0259 korrupsiyan\u0131n aradan qald\u0131r\u0131lmas\u0131n\u0131 g\u00f6rm\u00fcr\u00fck. Ordu tamamil\u0259 c\u0259miyy\u0259t\u0259 qapal\u0131d\u0131r. H\u0259r hans\u0131 problemin media v\u0259 QHT-l\u0259r t\u0259r\u0259find\u0259n i\u015f\u0131qland\u0131r\u0131lmas\u0131na ciddi senzura var. Bel\u0259likl\u0259, \u015f\u0259ffafl\u0131q v\u0259 hesabatl\u0131l\u0131q olmadan, insan faktoru \u00f6n\u0259 al\u0131nmadan, orduda ciddi islahatlar, r\u00fc\u015fv\u0259t v\u0259 korrupsiyaya qar\u015f\u0131 m\u00fcbariz\u0259 apar\u0131lmadan h\u0259r hans\u0131 bahal\u0131 silahdan, h\u0259rbi \u0259m\u0259liyyatlar\u0131n u\u011furundan dan\u0131\u015fmaq na\u011f\u0131l s\u00f6yl\u0259m\u0259kd\u0259n f\u0259rqli bir \u015fey deyil&#8221;, &#8211; dey\u0259 o bildirdi.<\/p>\n","protected":false},"excerpt":{"rendered":"<p>C\u0259sur S\u00fcm\u0259rinli: Aprel d\u00f6y\u00fc\u015fl\u0259rind\u0259 h\u0259r hans\u0131 u\u011furdan, q\u0259l\u0259b\u0259d\u0259n v\u0259 ir\u0259lil\u0259yi\u015fd\u0259n s\u00f6hb\u0259t ged\u0259 bilm\u0259z<\/p>\n","protected":false},"author":11,"featured_media":72965,"comment_status":"closed","ping_status":"open","sticky":false,"template":"","format":"standard","meta":{"_acf_changed":false,"_sitemap_exclude":false,"_sitemap_priority":"","_sitemap_frequency":"","footnotes":""},"categories":[51],"tags":[],"class_list":["post-180379","post","type-post","status-publish","format-standard","has-post-thumbnail","hentry","category-analitika","infinite-scroll-item","generate-columns","tablet-grid-50","mobile-grid-100","grid-parent","grid-33","no-featured-image-padding"],"acf":[],"yoast_head":"<!-- This site is optimized with the Yoast SEO plugin v27.5 - https:\/\/yoast.com\/product\/yoast-seo-wordpress\/ -->\n<title>\u0130lham \u018fliyev: Erm\u0259nistan aprel d\u00f6y\u00fc\u015fl\u0259rind\u0259n n\u0259tic\u0259 \u00e7\u0131xarmal\u0131d\u0131r - MEYDAN.TV<\/title>\n<meta name=\"robots\" content=\"index, follow, max-snippet:-1, max-image-preview:large, max-video-preview:-1\" \/>\n<link rel=\"canonical\" href=\"https:\/\/www.meydan.tv\/az\/article\/ilham-eliyev-ermenistan-aprel-doyuslerinden-netice-cixarmalidir\/\" \/>\n<meta property=\"og:locale\" content=\"az_AZ\" \/>\n<meta property=\"og:type\" content=\"article\" \/>\n<meta property=\"og:title\" content=\"\u0130lham \u018fliyev: Erm\u0259nistan aprel d\u00f6y\u00fc\u015fl\u0259rind\u0259n n\u0259tic\u0259 \u00e7\u0131xarmal\u0131d\u0131r - MEYDAN.TV\" \/>\n<meta property=\"og:description\" content=\"C\u0259sur S\u00fcm\u0259rinli: Aprel d\u00f6y\u00fc\u015fl\u0259rind\u0259 h\u0259r hans\u0131 u\u011furdan, q\u0259l\u0259b\u0259d\u0259n v\u0259 ir\u0259lil\u0259yi\u015fd\u0259n s\u00f6hb\u0259t ged\u0259 bilm\u0259z\" \/>\n<meta property=\"og:url\" content=\"https:\/\/www.meydan.tv\/az\/article\/ilham-eliyev-ermenistan-aprel-doyuslerinden-netice-cixarmalidir\/\" \/>\n<meta property=\"og:site_name\" content=\"MEYDAN.TV\" \/>\n<meta property=\"article:published_time\" content=\"2016-11-13T21:43:49+00:00\" \/>\n<meta property=\"og:image\" content=\"https:\/\/www.meydan.tv\/wp-content\/uploads\/28133.jpg\" \/>\n\t<meta property=\"og:image:width\" content=\"600\" \/>\n\t<meta property=\"og:image:height\" content=\"369\" \/>\n\t<meta property=\"og:image:type\" content=\"image\/jpeg\" \/>\n<meta name=\"author\" content=\"user-manager\" \/>\n<meta name=\"twitter:card\" content=\"summary_large_image\" \/>\n<script type=\"application\/ld+json\" class=\"yoast-schema-graph\">{\"@context\":\"https:\\\/\\\/schema.org\",\"@graph\":[{\"@type\":\"Article\",\"@id\":\"https:\\\/\\\/www.meydan.tv\\\/az\\\/article\\\/ilham-eliyev-ermenistan-aprel-doyuslerinden-netice-cixarmalidir\\\/#article\",\"isPartOf\":{\"@id\":\"https:\\\/\\\/www.meydan.tv\\\/az\\\/article\\\/ilham-eliyev-ermenistan-aprel-doyuslerinden-netice-cixarmalidir\\\/\"},\"author\":{\"name\":\"user-manager\",\"@id\":\"https:\\\/\\\/www.meydan.tv\\\/az\\\/#\\\/schema\\\/person\\\/10d11eccf6da3662cf5fdab9806ea91a\"},\"headline\":\"\u0130lham \u018fliyev: Erm\u0259nistan aprel d\u00f6y\u00fc\u015fl\u0259rind\u0259n n\u0259tic\u0259 \u00e7\u0131xarmal\u0131d\u0131r\",\"datePublished\":\"2016-11-13T21:43:49+00:00\",\"mainEntityOfPage\":{\"@id\":\"https:\\\/\\\/www.meydan.tv\\\/az\\\/article\\\/ilham-eliyev-ermenistan-aprel-doyuslerinden-netice-cixarmalidir\\\/\"},\"wordCount\":2190,\"publisher\":{\"@id\":\"https:\\\/\\\/www.meydan.tv\\\/az\\\/#organization\"},\"image\":{\"@id\":\"https:\\\/\\\/www.meydan.tv\\\/az\\\/article\\\/ilham-eliyev-ermenistan-aprel-doyuslerinden-netice-cixarmalidir\\\/#primaryimage\"},\"thumbnailUrl\":\"https:\\\/\\\/www.meydan.tv\\\/wp-content\\\/uploads\\\/28133.jpg\",\"articleSection\":[\"Analitika\"],\"inLanguage\":\"az\"},{\"@type\":\"WebPage\",\"@id\":\"https:\\\/\\\/www.meydan.tv\\\/az\\\/article\\\/ilham-eliyev-ermenistan-aprel-doyuslerinden-netice-cixarmalidir\\\/\",\"url\":\"https:\\\/\\\/www.meydan.tv\\\/az\\\/article\\\/ilham-eliyev-ermenistan-aprel-doyuslerinden-netice-cixarmalidir\\\/\",\"name\":\"\u0130lham \u018fliyev: Erm\u0259nistan aprel d\u00f6y\u00fc\u015fl\u0259rind\u0259n n\u0259tic\u0259 \u00e7\u0131xarmal\u0131d\u0131r - MEYDAN.TV\",\"isPartOf\":{\"@id\":\"https:\\\/\\\/www.meydan.tv\\\/az\\\/#website\"},\"primaryImageOfPage\":{\"@id\":\"https:\\\/\\\/www.meydan.tv\\\/az\\\/article\\\/ilham-eliyev-ermenistan-aprel-doyuslerinden-netice-cixarmalidir\\\/#primaryimage\"},\"image\":{\"@id\":\"https:\\\/\\\/www.meydan.tv\\\/az\\\/article\\\/ilham-eliyev-ermenistan-aprel-doyuslerinden-netice-cixarmalidir\\\/#primaryimage\"},\"thumbnailUrl\":\"https:\\\/\\\/www.meydan.tv\\\/wp-content\\\/uploads\\\/28133.jpg\",\"datePublished\":\"2016-11-13T21:43:49+00:00\",\"breadcrumb\":{\"@id\":\"https:\\\/\\\/www.meydan.tv\\\/az\\\/article\\\/ilham-eliyev-ermenistan-aprel-doyuslerinden-netice-cixarmalidir\\\/#breadcrumb\"},\"inLanguage\":\"az\",\"potentialAction\":[{\"@type\":\"ReadAction\",\"target\":[\"https:\\\/\\\/www.meydan.tv\\\/az\\\/article\\\/ilham-eliyev-ermenistan-aprel-doyuslerinden-netice-cixarmalidir\\\/\"]}]},{\"@type\":\"ImageObject\",\"inLanguage\":\"az\",\"@id\":\"https:\\\/\\\/www.meydan.tv\\\/az\\\/article\\\/ilham-eliyev-ermenistan-aprel-doyuslerinden-netice-cixarmalidir\\\/#primaryimage\",\"url\":\"https:\\\/\\\/www.meydan.tv\\\/wp-content\\\/uploads\\\/28133.jpg\",\"contentUrl\":\"https:\\\/\\\/www.meydan.tv\\\/wp-content\\\/uploads\\\/28133.jpg\",\"width\":600,\"height\":369,\"caption\":\"Source:\"},{\"@type\":\"BreadcrumbList\",\"@id\":\"https:\\\/\\\/www.meydan.tv\\\/az\\\/article\\\/ilham-eliyev-ermenistan-aprel-doyuslerinden-netice-cixarmalidir\\\/#breadcrumb\",\"itemListElement\":[{\"@type\":\"ListItem\",\"position\":1,\"name\":\"Ana s\u0259hif\u0259\",\"item\":\"https:\\\/\\\/www.meydan.tv\\\/az\\\/\"},{\"@type\":\"ListItem\",\"position\":2,\"name\":\"Analitika\",\"item\":\"https:\\\/\\\/www.meydan.tv\\\/az\\\/section\\\/analitika\\\/\"},{\"@type\":\"ListItem\",\"position\":3,\"name\":\"\u0130lham \u018fliyev: Erm\u0259nistan aprel d\u00f6y\u00fc\u015fl\u0259rind\u0259n n\u0259tic\u0259 \u00e7\u0131xarmal\u0131d\u0131r\"}]},{\"@type\":\"WebSite\",\"@id\":\"https:\\\/\\\/www.meydan.tv\\\/az\\\/#website\",\"url\":\"https:\\\/\\\/www.meydan.tv\\\/az\\\/\",\"name\":\"MEYDAN.TV\",\"description\":\"Meydan TV Az\u0259rbaycan\u0131n media m\u0259kan\u0131ndak\u0131 alternativ s\u0259sidir\",\"publisher\":{\"@id\":\"https:\\\/\\\/www.meydan.tv\\\/az\\\/#organization\"},\"potentialAction\":[{\"@type\":\"SearchAction\",\"target\":{\"@type\":\"EntryPoint\",\"urlTemplate\":\"https:\\\/\\\/www.meydan.tv\\\/az\\\/?s={search_term_string}\"},\"query-input\":{\"@type\":\"PropertyValueSpecification\",\"valueRequired\":true,\"valueName\":\"search_term_string\"}}],\"inLanguage\":\"az\"},{\"@type\":\"Organization\",\"@id\":\"https:\\\/\\\/www.meydan.tv\\\/az\\\/#organization\",\"name\":\"Meydan TV\",\"url\":\"https:\\\/\\\/www.meydan.tv\\\/az\\\/\",\"logo\":{\"@type\":\"ImageObject\",\"inLanguage\":\"az\",\"@id\":\"https:\\\/\\\/www.meydan.tv\\\/az\\\/#\\\/schema\\\/logo\\\/image\\\/\",\"url\":\"https:\\\/\\\/www.meydan.tv\\\/wp-content\\\/uploads\\\/2021\\\/07\\\/meydan-logo.svg\",\"contentUrl\":\"https:\\\/\\\/www.meydan.tv\\\/wp-content\\\/uploads\\\/2021\\\/07\\\/meydan-logo.svg\",\"width\":195,\"height\":46,\"caption\":\"Meydan TV\"},\"image\":{\"@id\":\"https:\\\/\\\/www.meydan.tv\\\/az\\\/#\\\/schema\\\/logo\\\/image\\\/\"}},{\"@type\":\"Person\",\"@id\":\"https:\\\/\\\/www.meydan.tv\\\/az\\\/#\\\/schema\\\/person\\\/10d11eccf6da3662cf5fdab9806ea91a\",\"name\":\"user-manager\"}]}<\/script>\n<!-- \/ Yoast SEO plugin. -->","yoast_head_json":{"title":"\u0130lham \u018fliyev: Erm\u0259nistan aprel d\u00f6y\u00fc\u015fl\u0259rind\u0259n n\u0259tic\u0259 \u00e7\u0131xarmal\u0131d\u0131r - MEYDAN.TV","robots":{"index":"index","follow":"follow","max-snippet":"max-snippet:-1","max-image-preview":"max-image-preview:large","max-video-preview":"max-video-preview:-1"},"canonical":"https:\/\/www.meydan.tv\/az\/article\/ilham-eliyev-ermenistan-aprel-doyuslerinden-netice-cixarmalidir\/","og_locale":"az_AZ","og_type":"article","og_title":"\u0130lham \u018fliyev: Erm\u0259nistan aprel d\u00f6y\u00fc\u015fl\u0259rind\u0259n n\u0259tic\u0259 \u00e7\u0131xarmal\u0131d\u0131r - MEYDAN.TV","og_description":"C\u0259sur S\u00fcm\u0259rinli: Aprel d\u00f6y\u00fc\u015fl\u0259rind\u0259 h\u0259r hans\u0131 u\u011furdan, q\u0259l\u0259b\u0259d\u0259n v\u0259 ir\u0259lil\u0259yi\u015fd\u0259n s\u00f6hb\u0259t ged\u0259 bilm\u0259z","og_url":"https:\/\/www.meydan.tv\/az\/article\/ilham-eliyev-ermenistan-aprel-doyuslerinden-netice-cixarmalidir\/","og_site_name":"MEYDAN.TV","article_published_time":"2016-11-13T21:43:49+00:00","og_image":[{"width":600,"height":369,"url":"https:\/\/www.meydan.tv\/wp-content\/uploads\/28133.jpg","type":"image\/jpeg"}],"author":"user-manager","twitter_card":"summary_large_image","schema":{"@context":"https:\/\/schema.org","@graph":[{"@type":"Article","@id":"https:\/\/www.meydan.tv\/az\/article\/ilham-eliyev-ermenistan-aprel-doyuslerinden-netice-cixarmalidir\/#article","isPartOf":{"@id":"https:\/\/www.meydan.tv\/az\/article\/ilham-eliyev-ermenistan-aprel-doyuslerinden-netice-cixarmalidir\/"},"author":{"name":"user-manager","@id":"https:\/\/www.meydan.tv\/az\/#\/schema\/person\/10d11eccf6da3662cf5fdab9806ea91a"},"headline":"\u0130lham \u018fliyev: Erm\u0259nistan aprel d\u00f6y\u00fc\u015fl\u0259rind\u0259n n\u0259tic\u0259 \u00e7\u0131xarmal\u0131d\u0131r","datePublished":"2016-11-13T21:43:49+00:00","mainEntityOfPage":{"@id":"https:\/\/www.meydan.tv\/az\/article\/ilham-eliyev-ermenistan-aprel-doyuslerinden-netice-cixarmalidir\/"},"wordCount":2190,"publisher":{"@id":"https:\/\/www.meydan.tv\/az\/#organization"},"image":{"@id":"https:\/\/www.meydan.tv\/az\/article\/ilham-eliyev-ermenistan-aprel-doyuslerinden-netice-cixarmalidir\/#primaryimage"},"thumbnailUrl":"https:\/\/www.meydan.tv\/wp-content\/uploads\/28133.jpg","articleSection":["Analitika"],"inLanguage":"az"},{"@type":"WebPage","@id":"https:\/\/www.meydan.tv\/az\/article\/ilham-eliyev-ermenistan-aprel-doyuslerinden-netice-cixarmalidir\/","url":"https:\/\/www.meydan.tv\/az\/article\/ilham-eliyev-ermenistan-aprel-doyuslerinden-netice-cixarmalidir\/","name":"\u0130lham \u018fliyev: Erm\u0259nistan aprel d\u00f6y\u00fc\u015fl\u0259rind\u0259n n\u0259tic\u0259 \u00e7\u0131xarmal\u0131d\u0131r - MEYDAN.TV","isPartOf":{"@id":"https:\/\/www.meydan.tv\/az\/#website"},"primaryImageOfPage":{"@id":"https:\/\/www.meydan.tv\/az\/article\/ilham-eliyev-ermenistan-aprel-doyuslerinden-netice-cixarmalidir\/#primaryimage"},"image":{"@id":"https:\/\/www.meydan.tv\/az\/article\/ilham-eliyev-ermenistan-aprel-doyuslerinden-netice-cixarmalidir\/#primaryimage"},"thumbnailUrl":"https:\/\/www.meydan.tv\/wp-content\/uploads\/28133.jpg","datePublished":"2016-11-13T21:43:49+00:00","breadcrumb":{"@id":"https:\/\/www.meydan.tv\/az\/article\/ilham-eliyev-ermenistan-aprel-doyuslerinden-netice-cixarmalidir\/#breadcrumb"},"inLanguage":"az","potentialAction":[{"@type":"ReadAction","target":["https:\/\/www.meydan.tv\/az\/article\/ilham-eliyev-ermenistan-aprel-doyuslerinden-netice-cixarmalidir\/"]}]},{"@type":"ImageObject","inLanguage":"az","@id":"https:\/\/www.meydan.tv\/az\/article\/ilham-eliyev-ermenistan-aprel-doyuslerinden-netice-cixarmalidir\/#primaryimage","url":"https:\/\/www.meydan.tv\/wp-content\/uploads\/28133.jpg","contentUrl":"https:\/\/www.meydan.tv\/wp-content\/uploads\/28133.jpg","width":600,"height":369,"caption":"Source:"},{"@type":"BreadcrumbList","@id":"https:\/\/www.meydan.tv\/az\/article\/ilham-eliyev-ermenistan-aprel-doyuslerinden-netice-cixarmalidir\/#breadcrumb","itemListElement":[{"@type":"ListItem","position":1,"name":"Ana s\u0259hif\u0259","item":"https:\/\/www.meydan.tv\/az\/"},{"@type":"ListItem","position":2,"name":"Analitika","item":"https:\/\/www.meydan.tv\/az\/section\/analitika\/"},{"@type":"ListItem","position":3,"name":"\u0130lham \u018fliyev: Erm\u0259nistan aprel d\u00f6y\u00fc\u015fl\u0259rind\u0259n n\u0259tic\u0259 \u00e7\u0131xarmal\u0131d\u0131r"}]},{"@type":"WebSite","@id":"https:\/\/www.meydan.tv\/az\/#website","url":"https:\/\/www.meydan.tv\/az\/","name":"MEYDAN.TV","description":"Meydan TV Az\u0259rbaycan\u0131n media m\u0259kan\u0131ndak\u0131 alternativ s\u0259sidir","publisher":{"@id":"https:\/\/www.meydan.tv\/az\/#organization"},"potentialAction":[{"@type":"SearchAction","target":{"@type":"EntryPoint","urlTemplate":"https:\/\/www.meydan.tv\/az\/?s={search_term_string}"},"query-input":{"@type":"PropertyValueSpecification","valueRequired":true,"valueName":"search_term_string"}}],"inLanguage":"az"},{"@type":"Organization","@id":"https:\/\/www.meydan.tv\/az\/#organization","name":"Meydan TV","url":"https:\/\/www.meydan.tv\/az\/","logo":{"@type":"ImageObject","inLanguage":"az","@id":"https:\/\/www.meydan.tv\/az\/#\/schema\/logo\/image\/","url":"https:\/\/www.meydan.tv\/wp-content\/uploads\/2021\/07\/meydan-logo.svg","contentUrl":"https:\/\/www.meydan.tv\/wp-content\/uploads\/2021\/07\/meydan-logo.svg","width":195,"height":46,"caption":"Meydan TV"},"image":{"@id":"https:\/\/www.meydan.tv\/az\/#\/schema\/logo\/image\/"}},{"@type":"Person","@id":"https:\/\/www.meydan.tv\/az\/#\/schema\/person\/10d11eccf6da3662cf5fdab9806ea91a","name":"user-manager"}]}},"_links":{"self":[{"href":"https:\/\/www.meydan.tv\/az\/wp-json\/wp\/v2\/posts\/180379","targetHints":{"allow":["GET"]}}],"collection":[{"href":"https:\/\/www.meydan.tv\/az\/wp-json\/wp\/v2\/posts"}],"about":[{"href":"https:\/\/www.meydan.tv\/az\/wp-json\/wp\/v2\/types\/post"}],"author":[{"embeddable":true,"href":"https:\/\/www.meydan.tv\/az\/wp-json\/wp\/v2\/users\/11"}],"replies":[{"embeddable":true,"href":"https:\/\/www.meydan.tv\/az\/wp-json\/wp\/v2\/comments?post=180379"}],"version-history":[{"count":0,"href":"https:\/\/www.meydan.tv\/az\/wp-json\/wp\/v2\/posts\/180379\/revisions"}],"wp:featuredmedia":[{"embeddable":true,"href":"https:\/\/www.meydan.tv\/az\/wp-json\/wp\/v2\/media\/72965"}],"wp:attachment":[{"href":"https:\/\/www.meydan.tv\/az\/wp-json\/wp\/v2\/media?parent=180379"}],"wp:term":[{"taxonomy":"category","embeddable":true,"href":"https:\/\/www.meydan.tv\/az\/wp-json\/wp\/v2\/categories?post=180379"},{"taxonomy":"post_tag","embeddable":true,"href":"https:\/\/www.meydan.tv\/az\/wp-json\/wp\/v2\/tags?post=180379"}],"curies":[{"name":"wp","href":"https:\/\/api.w.org\/{rel}","templated":true}]}}