{"id":180370,"date":"2016-11-12T20:33:29","date_gmt":"2016-11-12T20:33:29","guid":{"rendered":"https:\/\/www.meydan.tv\/article\/plastik-qablar-cixandan-celleye-telebat-azalib\/"},"modified":"2021-10-29T16:06:41","modified_gmt":"2021-10-29T12:06:41","slug":"plastik-qablar-cixandan-celleye-telebat-azalib","status":"publish","type":"post","link":"https:\/\/www.meydan.tv\/az\/article\/plastik-qablar-cixandan-celleye-telebat-azalib\/","title":{"rendered":"&#8221;Plastik qablar \u00e7\u0131xandan \u00e7\u0259ll\u0259y\u0259 t\u0259l\u0259bat azal\u0131b&#8221;"},"content":{"rendered":"<figure class=\"wp-block-image size-large\">\n  <img decoding=\"async\" src=\"https:\/\/www.meydan.tv\/az\/cahan-ceferov-35-ile-yaxindir-ki-bu-emalatxanasinda-cellek-duzeltmekle-mesguldur\/\" alt=\"Cahan C\u0259f\u0259rov 35 il\u0259 yax\u0131nd\u0131r ki, bu emalatxanas\u0131nda \u00e7\u0259ll\u0259k d\u00fcz\u0259ltm\u0259kl\u0259 m\u0259\u015f\u011fuldur\" class=\"wp-image-72911\"\/><figcaption>\n    Cahan C\u0259f\u0259rov 35 il\u0259 yax\u0131nd\u0131r ki, bu emalatxanas\u0131nda \u00e7\u0259ll\u0259k d\u00fcz\u0259ltm\u0259kl\u0259 m\u0259\u015f\u011fuldur<br \/>\n  <\/figcaption><\/figure>\n<p>\n  <i><br \/>\n    G\u00f6yg\u00f6l sakini Cahan C\u0259f\u0259rov 1982-ci ild\u0259n \u00e7\u0259ll\u0259k haz\u0131rlamaqla m\u0259\u015f\u011fuldur<br \/>\n  <\/i><br \/>\n  . Usta deyir ki, \u0259vv\u0259ll\u0259r \u00e7\u0259ll\u0259y\u0259 b\u00f6y\u00fck t\u0259labat olsa da, haz\u0131rda bel\u0259 deyil:\n<\/p>\n<p>\n  &#8220;Sovet d\u00f6vr\u00fcnd\u0259 6 ay, 1 il \u00f6nc\u0259 insanlar \u00e7\u0259ll\u0259k almaq \u00fc\u00e7\u00fcn n\u00f6vb\u0259y\u0259 dururdular. \u015e\u0259rab, tur\u015fu, piv\u0259, bal, b\u0259hm\u0259z saxlamaq \u00fc\u00e7\u00fcn \u0259la bir vasit\u0259dir. Daha sonra plastik (kapron) qablar \u00e7\u0131xanda \u00e7\u0259ll\u0259y\u0259 t\u0259labat s\u00fcr\u0259tl\u0259 azalma\u011fa ba\u015flad\u0131. \u0130ndi \u00e7ox az sayda adam \u00e7\u0259ll\u0259k sifari\u015f verir&#8221;.\n<\/p>\n<p>\n  \u00c7\u0259ll\u0259k haz\u0131rlamaq \u00fc\u00e7\u00fcn pal\u0131d a\u011fac\u0131ndan istifad\u0259 olunur:\n<\/p>\n<p>\n  &#8220;Pal\u0131ddan f\u0259rqli olaraq dig\u0259r a\u011faclardan haz\u0131rlanan \u00e7\u0259ll\u0259kl\u0259rin i\u00e7\u0259risind\u0259 m\u0259hsul saxland\u0131qdan bir m\u00fcdd\u0259t sonra h\u0259min a\u011fac\u0131n dad\u0131 v\u0259 qoxusu m\u0259hsulda hiss olunur. Bu s\u0259b\u0259b\u0259 g\u00f6r\u0259 \u00e7\u0259ll\u0259k \u00fc\u00e7\u00fcn \u0259n ideal a\u011fac n\u00f6vu, pal\u0131dd\u0131&#8221;.\n<\/p>\n<p>\n  \u00c7\u0259ll\u0259kl\u0259rin sat\u0131\u015f qiym\u0259ti \u00f6l\u00e7\u00fcs\u00fcn\u0259 g\u00f6r\u0259dir. Ki\u00e7ik bir \u00e7\u0259ll\u0259yin t\u0259xmini qiym\u0259ti is\u0259 20-30 manataras\u0131 d\u0259yi\u015fir. 500-600, h\u0259tta 1000 manata da \u00e7\u0259ll\u0259k var.\n<\/p>\n<p>\n  Cahan C\u0259f\u0259rovun s\u00f6zl\u0259rin\u0259 g\u00f6r\u0259, el\u0259 d\u0259zgah v\u0259 al\u0259tl\u0259r var ki, onlardan istifad\u0259 etm\u0259kl\u0259 i\u015fini y\u00fcng\u00fcll\u0259\u015fdir\u0259 bil\u0259r, amma \u00e7\u0259ll\u0259k i\u015fi inc\u0259lik t\u0259l\u0259b etdiyind\u0259n \u0259l \u0259m\u0259yind\u0259n istifad\u0259 olunur. \u00d6l\u00e7\u00fcs\u00fcnd\u0259n as\u0131l\u0131 olaraq \u00e7\u0259ll\u0259kl\u0259r 1 litrd\u0259n tonlara q\u0259d\u0259r uzan\u0131r. Bir \u00e7\u0259ll\u0259yin haz\u0131rlanmas\u0131na is\u0259 3-5 g\u00fcn b\u0259z\u0259n d\u0259 h\u0259ft\u0259l\u0259rl\u0259 vaxt s\u0259rf olunur. Haz\u0131rda bu \u00e7\u0259ll\u0259kl\u0259rin al\u0131c\u0131s\u0131 \u00e7ox olmasa da, h\u0259r ay 1-2 \u00e7\u0259ll\u0259k haz\u0131rlay\u0131b sata bilir.\n<\/p>\n<figure class=\"wp-block-image size-large\">\n  <img decoding=\"async\" src=\"https:\/\/www.meydan.tv\/az\/cahan-ceferov-35-ile-yaxindir-ki-bu-emalatxanasinda-cellek-duzeltmekle-mesguldur\/\" alt=\"Cahan C\u0259f\u0259rov 35 il\u0259 yax\u0131nd\u0131r ki, bu emalatxanas\u0131nda \u00e7\u0259ll\u0259k d\u00fcz\u0259ltm\u0259kl\u0259 m\u0259\u015f\u011fuldur\" class=\"wp-image-72911\"\/><figcaption>\n    Cahan C\u0259f\u0259rov 35 il\u0259 yax\u0131nd\u0131r ki, bu emalatxanas\u0131nda \u00e7\u0259ll\u0259k d\u00fcz\u0259ltm\u0259kl\u0259 m\u0259\u015f\u011fuldur<br \/>\n  <\/figcaption><\/figure>\n<figure class=\"wp-block-image size-large\">\n  <img decoding=\"async\" src=\"https:\/\/www.meydan.tv\/az\/cahan-dayi-yeni-cellek-hazirlamaq-ucun-ozunu-hazirladigi-aletde-taxtani-yonur\/\" alt=\"Cahan day\u0131 yeni \u00e7\u0259ll\u0259k haz\u0131rlamaq \u00fc\u00e7\u00fcn \u00f6z\u00fcn\u00fc haz\u0131rlad\u0131\u011f\u0131 al\u0259td\u0259 taxtan\u0131 yonur\" class=\"wp-image-72914\"\/><figcaption>\n    Cahan day\u0131 yeni \u00e7\u0259ll\u0259k haz\u0131rlamaq \u00fc\u00e7\u00fcn \u00f6z\u00fcn\u00fc haz\u0131rlad\u0131\u011f\u0131 al\u0259td\u0259 taxtan\u0131 yonur<br \/>\n  <\/figcaption><\/figure>\n<figure class=\"wp-block-image size-large\">\n  <img decoding=\"async\" src=\"https:\/\/www.meydan.tv\/az\/taxtalar-duzgun-kesilib-ve-yonulduqdan-sonra-bir-bir-yigilmaga-baslayir\/\" alt=\"Taxtalar d\u00fczg\u00fcn k\u0259silib v\u0259 yonulduqdan sonra bir-bir y\u0131\u011f\u0131lma\u011fa ba\u015flay\u0131r\" class=\"wp-image-72908\"\/><figcaption>\n    Taxtalar d\u00fczg\u00fcn k\u0259silib v\u0259 yonulduqdan sonra bir-bir y\u0131\u011f\u0131lma\u011fa ba\u015flay\u0131r<br \/>\n  <\/figcaption><\/figure>\n<figure class=\"wp-block-image size-large\">\n  <img decoding=\"async\" src=\"https:\/\/www.meydan.tv\/az\/cellek-ucun-agaclar-yonularaq-standart-bir-formaya-salinir\/\" alt=\"\u00c7\u0259ll\u0259k \u00fc\u00e7\u00fcn a\u011faclar yonularaq standart bir formaya sal\u0131n\u0131r\" class=\"wp-image-72920\"\/><figcaption>\n    \u00c7\u0259ll\u0259k \u00fc\u00e7\u00fcn a\u011faclar yonularaq standart bir formaya sal\u0131n\u0131r<br \/>\n  <\/figcaption><\/figure>\n<figure class=\"wp-block-image size-large\">\n  <img decoding=\"async\" src=\"https:\/\/www.meydan.tv\/az\/cellek-hazirlamaq-ucun-ayrilmis-xususi-aletler\/\" alt=\"\u00c7\u0259ll\u0259k haz\u0131rlamaq \u00fc\u00e7\u00fcn ayr\u0131lm\u0131\u015f x\u00fcsusi al\u0259tl\u0259r\" class=\"wp-image-72917\"\/><figcaption>\n    \u00c7\u0259ll\u0259k haz\u0131rlamaq \u00fc\u00e7\u00fcn ayr\u0131lm\u0131\u015f x\u00fcsusi al\u0259tl\u0259r<br \/>\n  <\/figcaption><\/figure>\n<figure class=\"wp-block-image size-large\">\n  <img decoding=\"async\" src=\"https:\/\/www.meydan.tv\/az\/celleyin-daire-formasi-olmasi-ucun-xususi-sirkul-vasitesile-yoxlanilir\/\" alt=\"\u00c7\u0259ll\u0259yin dair\u0259 formas\u0131 olmas\u0131 \u00fc\u00e7\u00fcn x\u00fcsusi sirkul vasit\u0259sil\u0259 yoxlan\u0131l\u0131r\" class=\"wp-image-72923\"\/><figcaption>\n    \u00c7\u0259ll\u0259yin dair\u0259 formas\u0131 olmas\u0131 \u00fc\u00e7\u00fcn x\u00fcsusi sirkul vasit\u0259sil\u0259 yoxlan\u0131l\u0131r<br \/>\n  <\/figcaption><\/figure>\n<figure class=\"wp-block-image size-large\">\n  <img decoding=\"async\" src=\"https:\/\/www.meydan.tv\/az\/cahan-dayi-bos-vaxtinda-cellekden-gul-qablari-da-hazirlayir\/\" alt=\"Cahan day\u0131 bo\u015f vaxt\u0131nda \u00e7\u0259ll\u0259kd\u0259n g\u00fcl qablar\u0131 da haz\u0131rlay\u0131r\" class=\"wp-image-72926\"\/><figcaption>\n    Cahan day\u0131 bo\u015f vaxt\u0131nda \u00e7\u0259ll\u0259kd\u0259n g\u00fcl qablar\u0131 da haz\u0131rlay\u0131r<br \/>\n  <\/figcaption><\/figure>\n","protected":false},"excerpt":{"rendered":"<p>G\u00f6yg\u00f6l sakini Cahan C\u0259f\u0259rov 1982-ci ild\u0259n \u00e7\u0259ll\u0259k haz\u0131rlamaqla m\u0259\u015f\u011fuldur<\/p>\n","protected":false},"author":11,"featured_media":72911,"comment_status":"closed","ping_status":"open","sticky":false,"template":"","format":"standard","meta":{"_acf_changed":false,"_sitemap_exclude":false,"_sitemap_priority":"","_sitemap_frequency":"","footnotes":""},"categories":[58],"tags":[],"class_list":["post-180370","post","type-post","status-publish","format-standard","has-post-thumbnail","hentry","category-fotoreportaj","infinite-scroll-item","generate-columns","tablet-grid-50","mobile-grid-100","grid-parent","grid-33","no-featured-image-padding"],"acf":[],"yoast_head":"<!-- This site is optimized with the Yoast SEO plugin v27.4 - https:\/\/yoast.com\/product\/yoast-seo-wordpress\/ -->\n<title>&#039;&#039;Plastik qablar \u00e7\u0131xandan \u00e7\u0259ll\u0259y\u0259 t\u0259l\u0259bat azal\u0131b&#039;&#039; - MEYDAN.TV<\/title>\n<meta name=\"robots\" content=\"index, follow, max-snippet:-1, max-image-preview:large, max-video-preview:-1\" \/>\n<link rel=\"canonical\" href=\"https:\/\/www.meydan.tv\/az\/article\/plastik-qablar-cixandan-celleye-telebat-azalib\/\" \/>\n<meta property=\"og:locale\" content=\"az_AZ\" \/>\n<meta property=\"og:type\" content=\"article\" \/>\n<meta property=\"og:title\" content=\"&#039;&#039;Plastik qablar \u00e7\u0131xandan \u00e7\u0259ll\u0259y\u0259 t\u0259l\u0259bat azal\u0131b&#039;&#039; - MEYDAN.TV\" \/>\n<meta property=\"og:description\" content=\"G\u00f6yg\u00f6l sakini Cahan C\u0259f\u0259rov 1982-ci ild\u0259n \u00e7\u0259ll\u0259k haz\u0131rlamaqla m\u0259\u015f\u011fuldur\" \/>\n<meta property=\"og:url\" content=\"https:\/\/www.meydan.tv\/az\/article\/plastik-qablar-cixandan-celleye-telebat-azalib\/\" \/>\n<meta property=\"og:site_name\" content=\"MEYDAN.TV\" \/>\n<meta property=\"article:published_time\" content=\"2016-11-12T20:33:29+00:00\" \/>\n<meta property=\"article:modified_time\" content=\"2021-10-29T12:06:41+00:00\" \/>\n<meta property=\"og:image\" content=\"https:\/\/www.meydan.tv\/wp-content\/uploads\/28102.jpg\" \/>\n\t<meta property=\"og:image:width\" content=\"1800\" \/>\n\t<meta property=\"og:image:height\" content=\"1200\" \/>\n\t<meta property=\"og:image:type\" content=\"image\/jpeg\" \/>\n<meta name=\"author\" content=\"user-manager\" \/>\n<meta name=\"twitter:card\" content=\"summary_large_image\" \/>\n<script type=\"application\/ld+json\" class=\"yoast-schema-graph\">{\"@context\":\"https:\\\/\\\/schema.org\",\"@graph\":[{\"@type\":\"Article\",\"@id\":\"https:\\\/\\\/www.meydan.tv\\\/az\\\/article\\\/plastik-qablar-cixandan-celleye-telebat-azalib\\\/#article\",\"isPartOf\":{\"@id\":\"https:\\\/\\\/www.meydan.tv\\\/az\\\/article\\\/plastik-qablar-cixandan-celleye-telebat-azalib\\\/\"},\"author\":{\"name\":\"user-manager\",\"@id\":\"https:\\\/\\\/www.meydan.tv\\\/az\\\/#\\\/schema\\\/person\\\/10d11eccf6da3662cf5fdab9806ea91a\"},\"headline\":\"&#8221;Plastik qablar \u00e7\u0131xandan \u00e7\u0259ll\u0259y\u0259 t\u0259l\u0259bat azal\u0131b&#8221;\",\"datePublished\":\"2016-11-12T20:33:29+00:00\",\"dateModified\":\"2021-10-29T12:06:41+00:00\",\"mainEntityOfPage\":{\"@id\":\"https:\\\/\\\/www.meydan.tv\\\/az\\\/article\\\/plastik-qablar-cixandan-celleye-telebat-azalib\\\/\"},\"wordCount\":439,\"publisher\":{\"@id\":\"https:\\\/\\\/www.meydan.tv\\\/az\\\/#organization\"},\"image\":{\"@id\":\"https:\\\/\\\/www.meydan.tv\\\/az\\\/article\\\/plastik-qablar-cixandan-celleye-telebat-azalib\\\/#primaryimage\"},\"thumbnailUrl\":\"https:\\\/\\\/www.meydan.tv\\\/wp-content\\\/uploads\\\/28102.jpg\",\"articleSection\":[\"Fotoreportaj\"],\"inLanguage\":\"az\"},{\"@type\":\"WebPage\",\"@id\":\"https:\\\/\\\/www.meydan.tv\\\/az\\\/article\\\/plastik-qablar-cixandan-celleye-telebat-azalib\\\/\",\"url\":\"https:\\\/\\\/www.meydan.tv\\\/az\\\/article\\\/plastik-qablar-cixandan-celleye-telebat-azalib\\\/\",\"name\":\"''Plastik qablar \u00e7\u0131xandan \u00e7\u0259ll\u0259y\u0259 t\u0259l\u0259bat azal\u0131b'' - MEYDAN.TV\",\"isPartOf\":{\"@id\":\"https:\\\/\\\/www.meydan.tv\\\/az\\\/#website\"},\"primaryImageOfPage\":{\"@id\":\"https:\\\/\\\/www.meydan.tv\\\/az\\\/article\\\/plastik-qablar-cixandan-celleye-telebat-azalib\\\/#primaryimage\"},\"image\":{\"@id\":\"https:\\\/\\\/www.meydan.tv\\\/az\\\/article\\\/plastik-qablar-cixandan-celleye-telebat-azalib\\\/#primaryimage\"},\"thumbnailUrl\":\"https:\\\/\\\/www.meydan.tv\\\/wp-content\\\/uploads\\\/28102.jpg\",\"datePublished\":\"2016-11-12T20:33:29+00:00\",\"dateModified\":\"2021-10-29T12:06:41+00:00\",\"breadcrumb\":{\"@id\":\"https:\\\/\\\/www.meydan.tv\\\/az\\\/article\\\/plastik-qablar-cixandan-celleye-telebat-azalib\\\/#breadcrumb\"},\"inLanguage\":\"az\",\"potentialAction\":[{\"@type\":\"ReadAction\",\"target\":[\"https:\\\/\\\/www.meydan.tv\\\/az\\\/article\\\/plastik-qablar-cixandan-celleye-telebat-azalib\\\/\"]}]},{\"@type\":\"ImageObject\",\"inLanguage\":\"az\",\"@id\":\"https:\\\/\\\/www.meydan.tv\\\/az\\\/article\\\/plastik-qablar-cixandan-celleye-telebat-azalib\\\/#primaryimage\",\"url\":\"https:\\\/\\\/www.meydan.tv\\\/wp-content\\\/uploads\\\/28102.jpg\",\"contentUrl\":\"https:\\\/\\\/www.meydan.tv\\\/wp-content\\\/uploads\\\/28102.jpg\",\"width\":1800,\"height\":1200,\"caption\":\"Source:\"},{\"@type\":\"BreadcrumbList\",\"@id\":\"https:\\\/\\\/www.meydan.tv\\\/az\\\/article\\\/plastik-qablar-cixandan-celleye-telebat-azalib\\\/#breadcrumb\",\"itemListElement\":[{\"@type\":\"ListItem\",\"position\":1,\"name\":\"Ana s\u0259hif\u0259\",\"item\":\"https:\\\/\\\/www.meydan.tv\\\/az\\\/\"},{\"@type\":\"ListItem\",\"position\":2,\"name\":\"Fotoreportaj\",\"item\":\"https:\\\/\\\/www.meydan.tv\\\/az\\\/section\\\/fotoreportaj\\\/\"},{\"@type\":\"ListItem\",\"position\":3,\"name\":\"&#8221;Plastik qablar \u00e7\u0131xandan \u00e7\u0259ll\u0259y\u0259 t\u0259l\u0259bat azal\u0131b&#8221;\"}]},{\"@type\":\"WebSite\",\"@id\":\"https:\\\/\\\/www.meydan.tv\\\/az\\\/#website\",\"url\":\"https:\\\/\\\/www.meydan.tv\\\/az\\\/\",\"name\":\"MEYDAN.TV\",\"description\":\"Meydan TV Az\u0259rbaycan\u0131n media m\u0259kan\u0131ndak\u0131 alternativ s\u0259sidir\",\"publisher\":{\"@id\":\"https:\\\/\\\/www.meydan.tv\\\/az\\\/#organization\"},\"potentialAction\":[{\"@type\":\"SearchAction\",\"target\":{\"@type\":\"EntryPoint\",\"urlTemplate\":\"https:\\\/\\\/www.meydan.tv\\\/az\\\/?s={search_term_string}\"},\"query-input\":{\"@type\":\"PropertyValueSpecification\",\"valueRequired\":true,\"valueName\":\"search_term_string\"}}],\"inLanguage\":\"az\"},{\"@type\":\"Organization\",\"@id\":\"https:\\\/\\\/www.meydan.tv\\\/az\\\/#organization\",\"name\":\"Meydan TV\",\"url\":\"https:\\\/\\\/www.meydan.tv\\\/az\\\/\",\"logo\":{\"@type\":\"ImageObject\",\"inLanguage\":\"az\",\"@id\":\"https:\\\/\\\/www.meydan.tv\\\/az\\\/#\\\/schema\\\/logo\\\/image\\\/\",\"url\":\"https:\\\/\\\/www.meydan.tv\\\/wp-content\\\/uploads\\\/2021\\\/07\\\/meydan-logo.svg\",\"contentUrl\":\"https:\\\/\\\/www.meydan.tv\\\/wp-content\\\/uploads\\\/2021\\\/07\\\/meydan-logo.svg\",\"width\":195,\"height\":46,\"caption\":\"Meydan TV\"},\"image\":{\"@id\":\"https:\\\/\\\/www.meydan.tv\\\/az\\\/#\\\/schema\\\/logo\\\/image\\\/\"}},{\"@type\":\"Person\",\"@id\":\"https:\\\/\\\/www.meydan.tv\\\/az\\\/#\\\/schema\\\/person\\\/10d11eccf6da3662cf5fdab9806ea91a\",\"name\":\"user-manager\"}]}<\/script>\n<!-- \/ Yoast SEO plugin. -->","yoast_head_json":{"title":"''Plastik qablar \u00e7\u0131xandan \u00e7\u0259ll\u0259y\u0259 t\u0259l\u0259bat azal\u0131b'' - MEYDAN.TV","robots":{"index":"index","follow":"follow","max-snippet":"max-snippet:-1","max-image-preview":"max-image-preview:large","max-video-preview":"max-video-preview:-1"},"canonical":"https:\/\/www.meydan.tv\/az\/article\/plastik-qablar-cixandan-celleye-telebat-azalib\/","og_locale":"az_AZ","og_type":"article","og_title":"''Plastik qablar \u00e7\u0131xandan \u00e7\u0259ll\u0259y\u0259 t\u0259l\u0259bat azal\u0131b'' - MEYDAN.TV","og_description":"G\u00f6yg\u00f6l sakini Cahan C\u0259f\u0259rov 1982-ci ild\u0259n \u00e7\u0259ll\u0259k haz\u0131rlamaqla m\u0259\u015f\u011fuldur","og_url":"https:\/\/www.meydan.tv\/az\/article\/plastik-qablar-cixandan-celleye-telebat-azalib\/","og_site_name":"MEYDAN.TV","article_published_time":"2016-11-12T20:33:29+00:00","article_modified_time":"2021-10-29T12:06:41+00:00","og_image":[{"width":1800,"height":1200,"url":"https:\/\/www.meydan.tv\/wp-content\/uploads\/28102.jpg","type":"image\/jpeg"}],"author":"user-manager","twitter_card":"summary_large_image","schema":{"@context":"https:\/\/schema.org","@graph":[{"@type":"Article","@id":"https:\/\/www.meydan.tv\/az\/article\/plastik-qablar-cixandan-celleye-telebat-azalib\/#article","isPartOf":{"@id":"https:\/\/www.meydan.tv\/az\/article\/plastik-qablar-cixandan-celleye-telebat-azalib\/"},"author":{"name":"user-manager","@id":"https:\/\/www.meydan.tv\/az\/#\/schema\/person\/10d11eccf6da3662cf5fdab9806ea91a"},"headline":"&#8221;Plastik qablar \u00e7\u0131xandan \u00e7\u0259ll\u0259y\u0259 t\u0259l\u0259bat azal\u0131b&#8221;","datePublished":"2016-11-12T20:33:29+00:00","dateModified":"2021-10-29T12:06:41+00:00","mainEntityOfPage":{"@id":"https:\/\/www.meydan.tv\/az\/article\/plastik-qablar-cixandan-celleye-telebat-azalib\/"},"wordCount":439,"publisher":{"@id":"https:\/\/www.meydan.tv\/az\/#organization"},"image":{"@id":"https:\/\/www.meydan.tv\/az\/article\/plastik-qablar-cixandan-celleye-telebat-azalib\/#primaryimage"},"thumbnailUrl":"https:\/\/www.meydan.tv\/wp-content\/uploads\/28102.jpg","articleSection":["Fotoreportaj"],"inLanguage":"az"},{"@type":"WebPage","@id":"https:\/\/www.meydan.tv\/az\/article\/plastik-qablar-cixandan-celleye-telebat-azalib\/","url":"https:\/\/www.meydan.tv\/az\/article\/plastik-qablar-cixandan-celleye-telebat-azalib\/","name":"''Plastik qablar \u00e7\u0131xandan \u00e7\u0259ll\u0259y\u0259 t\u0259l\u0259bat azal\u0131b'' - MEYDAN.TV","isPartOf":{"@id":"https:\/\/www.meydan.tv\/az\/#website"},"primaryImageOfPage":{"@id":"https:\/\/www.meydan.tv\/az\/article\/plastik-qablar-cixandan-celleye-telebat-azalib\/#primaryimage"},"image":{"@id":"https:\/\/www.meydan.tv\/az\/article\/plastik-qablar-cixandan-celleye-telebat-azalib\/#primaryimage"},"thumbnailUrl":"https:\/\/www.meydan.tv\/wp-content\/uploads\/28102.jpg","datePublished":"2016-11-12T20:33:29+00:00","dateModified":"2021-10-29T12:06:41+00:00","breadcrumb":{"@id":"https:\/\/www.meydan.tv\/az\/article\/plastik-qablar-cixandan-celleye-telebat-azalib\/#breadcrumb"},"inLanguage":"az","potentialAction":[{"@type":"ReadAction","target":["https:\/\/www.meydan.tv\/az\/article\/plastik-qablar-cixandan-celleye-telebat-azalib\/"]}]},{"@type":"ImageObject","inLanguage":"az","@id":"https:\/\/www.meydan.tv\/az\/article\/plastik-qablar-cixandan-celleye-telebat-azalib\/#primaryimage","url":"https:\/\/www.meydan.tv\/wp-content\/uploads\/28102.jpg","contentUrl":"https:\/\/www.meydan.tv\/wp-content\/uploads\/28102.jpg","width":1800,"height":1200,"caption":"Source:"},{"@type":"BreadcrumbList","@id":"https:\/\/www.meydan.tv\/az\/article\/plastik-qablar-cixandan-celleye-telebat-azalib\/#breadcrumb","itemListElement":[{"@type":"ListItem","position":1,"name":"Ana s\u0259hif\u0259","item":"https:\/\/www.meydan.tv\/az\/"},{"@type":"ListItem","position":2,"name":"Fotoreportaj","item":"https:\/\/www.meydan.tv\/az\/section\/fotoreportaj\/"},{"@type":"ListItem","position":3,"name":"&#8221;Plastik qablar \u00e7\u0131xandan \u00e7\u0259ll\u0259y\u0259 t\u0259l\u0259bat azal\u0131b&#8221;"}]},{"@type":"WebSite","@id":"https:\/\/www.meydan.tv\/az\/#website","url":"https:\/\/www.meydan.tv\/az\/","name":"MEYDAN.TV","description":"Meydan TV Az\u0259rbaycan\u0131n media m\u0259kan\u0131ndak\u0131 alternativ s\u0259sidir","publisher":{"@id":"https:\/\/www.meydan.tv\/az\/#organization"},"potentialAction":[{"@type":"SearchAction","target":{"@type":"EntryPoint","urlTemplate":"https:\/\/www.meydan.tv\/az\/?s={search_term_string}"},"query-input":{"@type":"PropertyValueSpecification","valueRequired":true,"valueName":"search_term_string"}}],"inLanguage":"az"},{"@type":"Organization","@id":"https:\/\/www.meydan.tv\/az\/#organization","name":"Meydan TV","url":"https:\/\/www.meydan.tv\/az\/","logo":{"@type":"ImageObject","inLanguage":"az","@id":"https:\/\/www.meydan.tv\/az\/#\/schema\/logo\/image\/","url":"https:\/\/www.meydan.tv\/wp-content\/uploads\/2021\/07\/meydan-logo.svg","contentUrl":"https:\/\/www.meydan.tv\/wp-content\/uploads\/2021\/07\/meydan-logo.svg","width":195,"height":46,"caption":"Meydan TV"},"image":{"@id":"https:\/\/www.meydan.tv\/az\/#\/schema\/logo\/image\/"}},{"@type":"Person","@id":"https:\/\/www.meydan.tv\/az\/#\/schema\/person\/10d11eccf6da3662cf5fdab9806ea91a","name":"user-manager"}]}},"_links":{"self":[{"href":"https:\/\/www.meydan.tv\/az\/wp-json\/wp\/v2\/posts\/180370","targetHints":{"allow":["GET"]}}],"collection":[{"href":"https:\/\/www.meydan.tv\/az\/wp-json\/wp\/v2\/posts"}],"about":[{"href":"https:\/\/www.meydan.tv\/az\/wp-json\/wp\/v2\/types\/post"}],"author":[{"embeddable":true,"href":"https:\/\/www.meydan.tv\/az\/wp-json\/wp\/v2\/users\/11"}],"replies":[{"embeddable":true,"href":"https:\/\/www.meydan.tv\/az\/wp-json\/wp\/v2\/comments?post=180370"}],"version-history":[{"count":1,"href":"https:\/\/www.meydan.tv\/az\/wp-json\/wp\/v2\/posts\/180370\/revisions"}],"predecessor-version":[{"id":216520,"href":"https:\/\/www.meydan.tv\/az\/wp-json\/wp\/v2\/posts\/180370\/revisions\/216520"}],"wp:featuredmedia":[{"embeddable":true,"href":"https:\/\/www.meydan.tv\/az\/wp-json\/wp\/v2\/media\/72911"}],"wp:attachment":[{"href":"https:\/\/www.meydan.tv\/az\/wp-json\/wp\/v2\/media?parent=180370"}],"wp:term":[{"taxonomy":"category","embeddable":true,"href":"https:\/\/www.meydan.tv\/az\/wp-json\/wp\/v2\/categories?post=180370"},{"taxonomy":"post_tag","embeddable":true,"href":"https:\/\/www.meydan.tv\/az\/wp-json\/wp\/v2\/tags?post=180370"}],"curies":[{"name":"wp","href":"https:\/\/api.w.org\/{rel}","templated":true}]}}