{"id":180302,"date":"2016-11-10T03:52:34","date_gmt":"2016-11-10T03:52:34","guid":{"rendered":"https:\/\/www.meydan.tv\/article\/sessiz-turkiye\/"},"modified":"2016-11-10T03:52:34","modified_gmt":"2016-11-10T03:52:34","slug":"sessiz-turkiye","status":"publish","type":"post","link":"https:\/\/www.meydan.tv\/az\/article\/sessiz-turkiye\/","title":{"rendered":"S\u0259ssiz T\u00fcrkiy\u0259"},"content":{"rendered":"<p>\n  Az\u0259rbaycanl\u0131 \u00fc\u00e7\u00fcn T\u00fcrkiy\u0259d\u0259 ba\u015f ver\u0259nl\u0259r h\u0259mi\u015f\u0259 diqq\u0259t m\u0259rk\u0259zind\u0259 olub. Biz bir \u00e7ox m\u0259nalarda bu \u00f6lk\u0259 il\u0259 ba\u011fl\u0131l\u0131q i\u00e7ind\u0259yik. T\u00fcrkiy\u0259d\u0259 ba\u015f ver\u0259n \u0259n x\u0131rda hadis\u0259l\u0259rd\u0259n tutmu\u015f, \u0259n b\u00f6y\u00fck hadis\u0259l\u0259r\u0259 Az\u0259rbaycanda d\u0259rhal m\u00fcnasib\u0259t bildirilir. Az\u0259rbaycanl\u0131lar T\u00fckiy\u0259nin siyas\u0259tini, m\u0259d\u0259niyy\u0259tini, futbolunu m\u00fczakir\u0259 etm\u0259yi sevir. Bir s\u00f6zl\u0259, bu \u00f6lk\u0259 biz\u0259 \u00e7ox ciddi t\u0259sir imkanlar\u0131na sahibdir. T\u00fcrkiy\u0259d\u0259 son d\u00f6vrl\u0259rd\u0259 prezident \u018frdo\u011fan\u0131n apard\u0131\u011f\u0131 siyas\u0259t\u0259, Az\u0259rbaycan\u0131n ictimai f\u0259aliyy\u0259tl\u0259 m\u0259\u015f\u011ful olan adamlar\u0131 t\u0259r\u0259find\u0259n narahatl\u0131q m\u00fc\u015fahid\u0259 edilir, tvitl\u0259r, statuslar yaz\u0131l\u0131r, mediada m\u00fcnasib\u0259t bildirilir, m\u0259hv olan demokratiya, pozulan insan haqlar\u0131ndan bolca dan\u0131\u015f\u0131l\u0131r.\n<\/p>\n<p>\n  Repressiyaya m\u0259ruz qalan siyas\u0259t\u00e7il\u0259r\u0259, insan h\u00fcquqlar\u0131 m\u00fcdafi\u0259\u00e7il\u0259rin\u0259, jurnalistl\u0259r\u0259 m\u0259n\u0259vi d\u0259st\u0259kl\u0259rini daima ifad\u0259 edirl\u0259r.\n<\/p>\n<p>\n  B\u0259s, yax\u015f\u0131, &#8220;qarda\u015f \u00f6lk\u0259nin&#8221; Az\u0259rbaycanda ba\u015f ver\u0259nl\u0259r\u0259 m\u00fcnasib\u0259ti niy\u0259 bel\u0259 s\u00f6n\u00fckd\u00fcr?\n<\/p>\n<blockquote><p>\n  T\u00fcrk medias\u0131na bir da\u015f\n<\/p><\/blockquote>\n<p>\n  Az\u0259rbaycanda avtoritarizm, insan haqlar\u0131n\u0131n k\u00fctl\u0259vi pozulmas\u0131 uzun ill\u0259rdir davam edir. Az\u0259rbaycanda demokratiya f\u0259al\u0131n\u0131n, insan h\u00fcquqlar\u0131 v\u0259kill\u0259rinin, siyas\u0259t\u00e7il\u0259rin, jurnalistl\u0259rin h\u0259bs olunmas\u0131n\u0131 e\u015fid\u0259nd\u0259n sonra T\u00fcrkiy\u0259d\u0259 olan m\u0259tbuat orqanlar\u0131na daxil olur, m\u0259lumat\u0131n h\u0259r hans\u0131sa bir \u015f\u0259kild\u0259 orada yaz\u0131laca\u011f\u0131na h\u0259mi\u015f\u0259 \u00fcmid etmi\u015f\u0259m. Amma b\u00fct\u00fcn bu axtar\u0131\u015flar\u0131m\u0131n sonunda he\u00e7 bir c\u00fcml\u0259 il\u0259 rastlamam\u0131\u015fam. T\u00fcrkiy\u0259 m\u0259tbuat\u0131 Az\u0259rbaycanda ba\u015f ver\u0259nl\u0259r\u0259 \u00e7ox laqeyiddir. Bununla art\u0131q raz\u0131la\u015fm\u0131\u015fam. AB\u015e-\u0131n v\u0259 Avropa \u00f6lk\u0259l\u0259rinin Az\u0259rbaycanda ba\u015f ver\u0259nl\u0259ri mediada i\u015f\u0131qland\u0131rmas\u0131 T\u00fcrkiy\u0259d\u0259n onlarca d\u0259f\u0259 y\u00fcks\u0259kdir. Bu, bel\u0259 olmamal\u0131 idi.\n<\/p>\n<p>\n  H\u0259tta T\u00fcrkiy\u0259 m\u0259tbuat\u0131n\u0131n Az\u0259rbaycana diqq\u0259ti dig\u0259rl\u0259rind\u0259n qat-qat daha \u00e7ox olmal\u0131 idi.\n<\/p>\n<blockquote><p>\n  T\u00fcrk siyasi partiyalar\u0131na bir da\u015f\n<\/p><\/blockquote>\n<p>\n  Az\u0259rbaycanda siyasi hakimiyy\u0259tin eyb\u0259c\u0259rliyi ham\u0131ya m\u0259lum olan hadis\u0259dir, art\u0131q ham\u0131m\u0131z iyirmi ild\u0259n \u00e7oxdur ki, bir ovuc boyda adam\u0131n \u0259lind\u0259 qalm\u0131\u015f\u0131q. Bu adamlar \u00f6zl\u0259rin\u0259 z\u0259r\u0259r vurmayan h\u0259r \u015feyi edirl\u0259r, \u00f6lk\u0259 onlar \u00fc\u00e7\u00fcn boydan-boya ya\u015f\u0131l i\u015f\u0131qd\u0131r. Kefl\u0259rin\u0259 d\u00fc\u015f\u0259nd\u0259 kimins\u0259 evini, m\u00fclk\u00fcn\u00fc \u0259lind\u0259n al\u0131rlar, X\u0259z\u0259ri hasarlay\u0131rlar, bal\u0131\u011f\u0131, k\u00fcr\u00fcn\u00fc da\u015f\u0131y\u0131rlar, neftin buruqlar\u0131n\u0131 cibl\u0259rin\u0259 sal\u0131blar, bir s\u00f6zl\u0259, mutfilm kimi bir \u00f6lk\u0259 yarad\u0131blar. T\u00fcrkiy\u0259d\u0259 siyasi partiyalar\u0131n\u0131n is\u0259 (ist\u0259r iqtidar, ist\u0259r m\u00fcxalif\u0259t olsun) Az\u0259rbaycanda bu ba\u015f ver\u0259nl\u0259r\u0259 m\u00fcnasib\u0259ti t\u0259xmin\u0259n bel\u0259dir, &#8220;Az\u0259rbaycan qarda\u015f \u00f6lk\u0259mizdir, biz onlar\u0131n daxili i\u015fin\u0259 qar\u0131\u015fmamal\u0131y\u0131q, yoxsa onu itir\u0259 bil\u0259rik&#8221;. Bu &#8220;daxili i\u015f&#8221;-d\u0259 n\u0259 m\u0259n\u0259 \u015feydir, h\u0259l\u0259 he\u00e7 kim bilmir. Sual da verm\u0259k olmur ki, ay qarda\u015f, ax\u0131 s\u0259n dediyin m\u0259nada bu d\u00f6vl\u0259t deyil, ax\u0131 burda 9 milyona z\u00fclm edilir, insanlar z\u0259lil g\u00fcn\u00fcn\u0259 sal\u0131n\u0131b. Ax\u0131, sizin dan\u0131\u015fd\u0131\u011f\u0131n\u0131z geosiyasi, meqa-iqtisadi maraqlar\u0131n\u0131z\u0131n \u00f6z\u00fc bel\u0259 bu \u00f6lk\u0259d\u0259 uzunm\u00fcdd\u0259tli planda t\u0259hl\u00fck\u0259 i\u00e7\u0259risind\u0259dir. M\u00fcmk\u00fcns\u00fczd\u00fcr, T\u00fcrkiy\u0259 siyas\u0259t\u00e7il\u0259rind\u0259n Az\u0259rbaycanda ba\u015f ver\u0259nl\u0259r\u0259 m\u00fcnasib\u0259t \u00f6yr\u0259nm\u0259k m\u00fc\u015fk\u00fcl m\u0259s\u0259l\u0259dir. El\u0259 h\u0259m d\u0259 bu s\u0259b\u0259bd\u0259ndir ki, biz siyasi d\u0259st\u0259yi, h\u0259mr\u0259yliyi, daha \u00e7ox Avropa v\u0259 AB\u015e siyas\u0259t\u00e7il\u0259ri aras\u0131nda axtar\u0131r\u0131q. Amma \u0259ksin\u0259 olmal\u0131 idi, biz Az\u0259rbayanda ba\u015f ver\u0259nl\u0259r\u0259 m\u00fcnasib\u0259ti bizim hakimiyy\u0259t\u0259 daha \u00e7ox t\u0259sir etm\u0259k imkan\u0131 olan T\u00fcrkiy\u0259 siyas\u0259t\u00e7il\u0259rind\u0259n e\u015fitm\u0259li idik.\n<\/p>\n<blockquote><p>\n  T\u00fcrk insan h\u00fcquqlar\u0131 m\u00fcdafi\u0259\u00e7il\u0259rin\u0259, v\u0259t\u0259nda\u015f c\u0259miyy\u0259tin\u0259 bir ba\u015fqa da\u015f\n<\/p><\/blockquote>\n<p>\n  Az\u0259rbaycanda b\u00fct\u00fcn v\u0259t\u0259nda\u015f c\u0259miyy\u0259ti s\u0131radan \u00e7\u0131xar\u0131l\u0131b, insanlar\u0131n s\u0259sl\u0259rini dinl\u0259y\u0259, onlara yard\u0131m ed\u0259n m\u00fcst\u0259qil qurum qalmay\u0131b. Amma b\u00fct\u00fcn bu ba\u015f ver\u0259nl\u0259r\u0259 g\u00f6r\u0259 \u0259n \u00e7ox umaca\u011f\u0131m\u0131z \u00f6lk\u0259nin, T\u00fcrkiy\u0259nin, v\u0259t\u0259nda\u015f c\u0259miyy\u0259tind\u0259n biz\u0259, dem\u0259k olar ki, he\u00e7 zaman d\u0259st\u0259k verilm\u0259yib. Qarda\u015f deyil\u0259n \u00f6lk\u0259, dig\u0259r qarda\u015f\u0131nda ba\u015f ver\u0259n d\u0259h\u015f\u0259tl\u0259rd\u0259n sanki x\u0259b\u0259rsizmi\u015fc\u0259sin\u0259 susur. \u018fslind\u0259 is\u0259 tam \u0259ksi olmal\u0131 idi. T\u00fcrkiy\u0259nin v\u0259t\u0259nda\u015f c\u0259miyy\u0259ti Az\u0259rbaycanda v\u0259t\u0259nda\u015f c\u0259miyy\u0259ti il\u0259 \u00e7oxdan \u0259laq\u0259 qurmal\u0131, g\u00f6rd\u00fckl\u0259ri i\u015fl\u0259ri, qar\u015f\u0131la\u015fd\u0131qlar\u0131 probleml\u0259ri b\u00f6l\u00fc\u015fm\u0259li, birg\u0259 f\u0259aliyy\u0259t \u00fc\u00e7\u00fcn t\u0259dbirl\u0259r g\u00f6rm\u0259li idi. Bu, ba\u015f vers\u0259ydi, haz\u0131rda h\u0259r iki \u00f6lk\u0259nin v\u0259t\u0259nda\u015f c\u0259miyy\u0259ti qar\u015f\u0131la\u015fd\u0131\u011f\u0131 a\u011f\u0131r repressiyaya qar\u015f\u0131 da birg\u0259 s\u0259yl\u0259rini birl\u0259\u015fdir\u0259 v\u0259 daha effektiv m\u00fcbariz\u0259 apara bil\u0259rdil\u0259r.\n<\/p>\n<blockquote><p>\n  V\u0259\n<\/p><\/blockquote>\n<p>\n  Biz T\u00fcrkiy\u0259nin medias\u0131ndan, siyasi partiyalardan, v\u0259t\u0259nda\u015f c\u0259miyy\u0259tind\u0259n \u00f6z\u00fcm\u00fcz\u0259 qar\u015f\u0131 h\u0259mi\u015f\u0259 praqmatik, daha d\u0259qiq is\u0259 \u00fcst\u0259na\u015fa\u011f\u0131 baxan m\u00fcnasib\u0259t g\u00f6rm\u00fc\u015f\u00fck. Median\u0131 v\u0259 siyasi partiyalar\u0131 bir k\u0259nara qoyuram, he\u00e7 olmasa insan h\u00fcquq v\u0259 azadl\u0131qlar\u0131n\u0131n m\u00fcdafi\u0259si il\u0259 m\u0259\u015f\u011ful olan v\u0259t\u0259nda\u015f c\u0259miyy\u0259ti bunu etm\u0259m\u0259li idi. Bunu g\u00f6rm\u0259k \u00e7ox a\u011f\u0131rd\u0131r.\n<\/p>\n<p>\n  \u018flb\u0259td\u0259 ki, bu yaz\u0131n\u0131 yazanda yaz\u0131ya g\u0259l\u0259 bil\u0259c\u0259k \u0259ks-arqumentl\u0259rin hams\u0131n\u0131 d\u00fc\u015f\u00fcnm\u00fc\u015f\u0259m, sad\u0259c\u0259 burada onlar\u0131 sadalamaq, esse yazmaq niyy\u0259tim yoxdur. Ortada bir-biri il\u0259 dil, din v\u0259 m\u0259d\u0259niyy\u0259t ba\u011flar\u0131 il\u0259 birl\u0259\u015f\u0259n iki \u00f6lk\u0259nin qar\u015f\u0131l\u0131ql\u0131 m\u00fcnasib\u0259tl\u0259rinin praqmatik siyas\u0259td\u0259n k\u0259nara \u00e7\u0131xmamas\u0131 m\u0259ni narahat edir. T\u00fcrkiy\u0259 medias\u0131n\u0131n, siyasi partiyalar\u0131n\u0131n, v\u0259t\u0259nda\u015f c\u0259miyy\u0259tinin Az\u0259rbaycanda olanlara m\u00fcnasib\u0259ti birm\u0259nal\u0131 b\u0259rbad v\u0259ziyy\u0259td\u0259dir. Bunun \u0259ksi daha m\u0259ntiqli olard\u0131, deyilmi?\n<\/p>\n<p>\n  Az\u0259rbaycan insan\u0131n\u0131n T\u00fcrkiy\u0259y\u0259 m\u00fcnasib\u0259ti daha \u00e7ox emosionald\u0131r. Biz, h\u0259l\u0259 d\u0259, n\u0259l\u0259r\u0259s\u0259 \u00fcmid edir, n\u0259l\u0259ris\u0259 umuruq v\u0259 el\u0259 m\u0259hz burada yan\u0131l\u0131r\u0131q. Az\u0259rbaycanda demokratik q\u00fcvv\u0259l\u0259r son ill\u0259r\u0259 kimi, Q\u0259rb\u0259 (AB\u015e v\u0259 Avropa \u00f6lk\u0259l\u0259ri) d\u0259y\u0259r \u00fcz\u0259rind\u0259n \u00fcmid ba\u011flay\u0131b, amma son on \u00fc\u00e7 ild\u0259 ba\u015f ver\u0259nl\u0259r ham\u0131m\u0131z\u0131 ay\u0131ltd\u0131. \u0130ndi biz sosial mediada v\u0259 m\u0259tbuatda Q\u0259rbin daha \u00e7ox t\u0259nqidini g\u00f6r\u00fcr\u00fck. Az\u0259rbaycanl\u0131 yava\u015f-yava\u015f onun \u00f6z\u00fcnd\u0259n ba\u015fqa dostunun olmamas\u0131n\u0131 q\u0259bul etm\u0259y\u0259, az\u0259rbaycanl\u0131 h\u0259r \u015feyi \u00f6z\u00fcn\u00fcn etm\u0259li oldu\u011funu anlama\u011fa ba\u015flay\u0131b. V\u0259ziyy\u0259t n\u0259 q\u0259d\u0259r \u00fcmidsiz g\u00f6r\u00fcns\u0259 d\u0259, art\u0131q \u00f6z ba\u015f\u0131m\u0131za qald\u0131\u011f\u0131m\u0131z\u0131, \u00f6z\u00fcm\u00fcz\u00fcn inqlab\u0131m\u0131z\u0131 edib, demokratik, \u015f\u0259ffaf, azad, insan h\u00fcquq v\u0259 haqlar\u0131na h\u00f6rm\u0259tli d\u00f6vl\u0259t qurmal\u0131 oldu\u011fumuzu anlay\u0131r\u0131q.\n<\/p>\n<\/p>\n<p>\n  <i><br \/>\n    <b><br \/>\n      Yaz\u0131 m\u00fc\u0259llifin fikirl\u0259rini \u0259ks etdirir v\u0259 Meydan TV-nin m\u00f6vqeyi il\u0259 \u00fcst-\u00fcst\u0259 d\u00fc\u015fm\u0259y\u0259 bil\u0259r.<br \/>\n    <\/b><br \/>\n  <\/i><\/p>\n","protected":false},"excerpt":{"rendered":"<p>Az\u0259rbaycanl\u0131 \u00fc\u00e7\u00fcn T\u00fcrkiy\u0259d\u0259 ba\u015f ver\u0259nl\u0259r h\u0259mi\u015f\u0259 diqq\u0259t m\u0259rk\u0259zind\u0259 olub<\/p>\n","protected":false},"author":11,"featured_media":72731,"comment_status":"closed","ping_status":"open","sticky":false,"template":"","format":"standard","meta":{"_acf_changed":false,"_sitemap_exclude":false,"_sitemap_priority":"","_sitemap_frequency":"","footnotes":""},"categories":[57],"tags":[],"class_list":["post-180302","post","type-post","status-publish","format-standard","has-post-thumbnail","hentry","category-menim-fikrimce","infinite-scroll-item","generate-columns","tablet-grid-50","mobile-grid-100","grid-parent","grid-33","no-featured-image-padding"],"acf":[],"yoast_head":"<!-- This site is optimized with the Yoast SEO plugin v27.4 - https:\/\/yoast.com\/product\/yoast-seo-wordpress\/ -->\n<title>S\u0259ssiz T\u00fcrkiy\u0259 - MEYDAN.TV<\/title>\n<meta name=\"robots\" content=\"index, follow, max-snippet:-1, max-image-preview:large, max-video-preview:-1\" \/>\n<link rel=\"canonical\" href=\"https:\/\/www.meydan.tv\/az\/article\/sessiz-turkiye\/\" \/>\n<meta property=\"og:locale\" content=\"az_AZ\" \/>\n<meta property=\"og:type\" content=\"article\" \/>\n<meta property=\"og:title\" content=\"S\u0259ssiz T\u00fcrkiy\u0259 - MEYDAN.TV\" \/>\n<meta property=\"og:description\" content=\"Az\u0259rbaycanl\u0131 \u00fc\u00e7\u00fcn T\u00fcrkiy\u0259d\u0259 ba\u015f ver\u0259nl\u0259r h\u0259mi\u015f\u0259 diqq\u0259t m\u0259rk\u0259zind\u0259 olub\" \/>\n<meta property=\"og:url\" content=\"https:\/\/www.meydan.tv\/az\/article\/sessiz-turkiye\/\" \/>\n<meta property=\"og:site_name\" content=\"MEYDAN.TV\" \/>\n<meta property=\"article:published_time\" content=\"2016-11-10T03:52:34+00:00\" \/>\n<meta property=\"og:image\" content=\"https:\/\/www.meydan.tv\/wp-content\/uploads\/28008-scaled.jpg\" \/>\n\t<meta property=\"og:image:width\" content=\"2560\" \/>\n\t<meta property=\"og:image:height\" content=\"1885\" \/>\n\t<meta property=\"og:image:type\" content=\"image\/jpeg\" \/>\n<meta name=\"author\" content=\"user-manager\" \/>\n<meta name=\"twitter:card\" content=\"summary_large_image\" \/>\n<script type=\"application\/ld+json\" class=\"yoast-schema-graph\">{\"@context\":\"https:\\\/\\\/schema.org\",\"@graph\":[{\"@type\":\"Article\",\"@id\":\"https:\\\/\\\/www.meydan.tv\\\/az\\\/article\\\/sessiz-turkiye\\\/#article\",\"isPartOf\":{\"@id\":\"https:\\\/\\\/www.meydan.tv\\\/az\\\/article\\\/sessiz-turkiye\\\/\"},\"author\":{\"name\":\"user-manager\",\"@id\":\"https:\\\/\\\/www.meydan.tv\\\/az\\\/#\\\/schema\\\/person\\\/10d11eccf6da3662cf5fdab9806ea91a\"},\"headline\":\"S\u0259ssiz T\u00fcrkiy\u0259\",\"datePublished\":\"2016-11-10T03:52:34+00:00\",\"mainEntityOfPage\":{\"@id\":\"https:\\\/\\\/www.meydan.tv\\\/az\\\/article\\\/sessiz-turkiye\\\/\"},\"wordCount\":1295,\"publisher\":{\"@id\":\"https:\\\/\\\/www.meydan.tv\\\/az\\\/#organization\"},\"image\":{\"@id\":\"https:\\\/\\\/www.meydan.tv\\\/az\\\/article\\\/sessiz-turkiye\\\/#primaryimage\"},\"thumbnailUrl\":\"https:\\\/\\\/www.meydan.tv\\\/wp-content\\\/uploads\\\/28008-scaled.jpg\",\"articleSection\":[\"M\u0259nim Fikrimc\u0259\"],\"inLanguage\":\"az\"},{\"@type\":\"WebPage\",\"@id\":\"https:\\\/\\\/www.meydan.tv\\\/az\\\/article\\\/sessiz-turkiye\\\/\",\"url\":\"https:\\\/\\\/www.meydan.tv\\\/az\\\/article\\\/sessiz-turkiye\\\/\",\"name\":\"S\u0259ssiz T\u00fcrkiy\u0259 - MEYDAN.TV\",\"isPartOf\":{\"@id\":\"https:\\\/\\\/www.meydan.tv\\\/az\\\/#website\"},\"primaryImageOfPage\":{\"@id\":\"https:\\\/\\\/www.meydan.tv\\\/az\\\/article\\\/sessiz-turkiye\\\/#primaryimage\"},\"image\":{\"@id\":\"https:\\\/\\\/www.meydan.tv\\\/az\\\/article\\\/sessiz-turkiye\\\/#primaryimage\"},\"thumbnailUrl\":\"https:\\\/\\\/www.meydan.tv\\\/wp-content\\\/uploads\\\/28008-scaled.jpg\",\"datePublished\":\"2016-11-10T03:52:34+00:00\",\"breadcrumb\":{\"@id\":\"https:\\\/\\\/www.meydan.tv\\\/az\\\/article\\\/sessiz-turkiye\\\/#breadcrumb\"},\"inLanguage\":\"az\",\"potentialAction\":[{\"@type\":\"ReadAction\",\"target\":[\"https:\\\/\\\/www.meydan.tv\\\/az\\\/article\\\/sessiz-turkiye\\\/\"]}]},{\"@type\":\"ImageObject\",\"inLanguage\":\"az\",\"@id\":\"https:\\\/\\\/www.meydan.tv\\\/az\\\/article\\\/sessiz-turkiye\\\/#primaryimage\",\"url\":\"https:\\\/\\\/www.meydan.tv\\\/wp-content\\\/uploads\\\/28008-scaled.jpg\",\"contentUrl\":\"https:\\\/\\\/www.meydan.tv\\\/wp-content\\\/uploads\\\/28008-scaled.jpg\",\"width\":2560,\"height\":1885,\"caption\":\"Source:\"},{\"@type\":\"BreadcrumbList\",\"@id\":\"https:\\\/\\\/www.meydan.tv\\\/az\\\/article\\\/sessiz-turkiye\\\/#breadcrumb\",\"itemListElement\":[{\"@type\":\"ListItem\",\"position\":1,\"name\":\"Ana s\u0259hif\u0259\",\"item\":\"https:\\\/\\\/www.meydan.tv\\\/az\\\/\"},{\"@type\":\"ListItem\",\"position\":2,\"name\":\"M\u0259nim Fikrimc\u0259\",\"item\":\"https:\\\/\\\/www.meydan.tv\\\/az\\\/section\\\/menim-fikrimce\\\/\"},{\"@type\":\"ListItem\",\"position\":3,\"name\":\"S\u0259ssiz T\u00fcrkiy\u0259\"}]},{\"@type\":\"WebSite\",\"@id\":\"https:\\\/\\\/www.meydan.tv\\\/az\\\/#website\",\"url\":\"https:\\\/\\\/www.meydan.tv\\\/az\\\/\",\"name\":\"MEYDAN.TV\",\"description\":\"Meydan TV Az\u0259rbaycan\u0131n media m\u0259kan\u0131ndak\u0131 alternativ s\u0259sidir\",\"publisher\":{\"@id\":\"https:\\\/\\\/www.meydan.tv\\\/az\\\/#organization\"},\"potentialAction\":[{\"@type\":\"SearchAction\",\"target\":{\"@type\":\"EntryPoint\",\"urlTemplate\":\"https:\\\/\\\/www.meydan.tv\\\/az\\\/?s={search_term_string}\"},\"query-input\":{\"@type\":\"PropertyValueSpecification\",\"valueRequired\":true,\"valueName\":\"search_term_string\"}}],\"inLanguage\":\"az\"},{\"@type\":\"Organization\",\"@id\":\"https:\\\/\\\/www.meydan.tv\\\/az\\\/#organization\",\"name\":\"Meydan TV\",\"url\":\"https:\\\/\\\/www.meydan.tv\\\/az\\\/\",\"logo\":{\"@type\":\"ImageObject\",\"inLanguage\":\"az\",\"@id\":\"https:\\\/\\\/www.meydan.tv\\\/az\\\/#\\\/schema\\\/logo\\\/image\\\/\",\"url\":\"https:\\\/\\\/www.meydan.tv\\\/wp-content\\\/uploads\\\/2021\\\/07\\\/meydan-logo.svg\",\"contentUrl\":\"https:\\\/\\\/www.meydan.tv\\\/wp-content\\\/uploads\\\/2021\\\/07\\\/meydan-logo.svg\",\"width\":195,\"height\":46,\"caption\":\"Meydan TV\"},\"image\":{\"@id\":\"https:\\\/\\\/www.meydan.tv\\\/az\\\/#\\\/schema\\\/logo\\\/image\\\/\"}},{\"@type\":\"Person\",\"@id\":\"https:\\\/\\\/www.meydan.tv\\\/az\\\/#\\\/schema\\\/person\\\/10d11eccf6da3662cf5fdab9806ea91a\",\"name\":\"user-manager\"}]}<\/script>\n<!-- \/ Yoast SEO plugin. -->","yoast_head_json":{"title":"S\u0259ssiz T\u00fcrkiy\u0259 - MEYDAN.TV","robots":{"index":"index","follow":"follow","max-snippet":"max-snippet:-1","max-image-preview":"max-image-preview:large","max-video-preview":"max-video-preview:-1"},"canonical":"https:\/\/www.meydan.tv\/az\/article\/sessiz-turkiye\/","og_locale":"az_AZ","og_type":"article","og_title":"S\u0259ssiz T\u00fcrkiy\u0259 - MEYDAN.TV","og_description":"Az\u0259rbaycanl\u0131 \u00fc\u00e7\u00fcn T\u00fcrkiy\u0259d\u0259 ba\u015f ver\u0259nl\u0259r h\u0259mi\u015f\u0259 diqq\u0259t m\u0259rk\u0259zind\u0259 olub","og_url":"https:\/\/www.meydan.tv\/az\/article\/sessiz-turkiye\/","og_site_name":"MEYDAN.TV","article_published_time":"2016-11-10T03:52:34+00:00","og_image":[{"width":2560,"height":1885,"url":"https:\/\/www.meydan.tv\/wp-content\/uploads\/28008-scaled.jpg","type":"image\/jpeg"}],"author":"user-manager","twitter_card":"summary_large_image","schema":{"@context":"https:\/\/schema.org","@graph":[{"@type":"Article","@id":"https:\/\/www.meydan.tv\/az\/article\/sessiz-turkiye\/#article","isPartOf":{"@id":"https:\/\/www.meydan.tv\/az\/article\/sessiz-turkiye\/"},"author":{"name":"user-manager","@id":"https:\/\/www.meydan.tv\/az\/#\/schema\/person\/10d11eccf6da3662cf5fdab9806ea91a"},"headline":"S\u0259ssiz T\u00fcrkiy\u0259","datePublished":"2016-11-10T03:52:34+00:00","mainEntityOfPage":{"@id":"https:\/\/www.meydan.tv\/az\/article\/sessiz-turkiye\/"},"wordCount":1295,"publisher":{"@id":"https:\/\/www.meydan.tv\/az\/#organization"},"image":{"@id":"https:\/\/www.meydan.tv\/az\/article\/sessiz-turkiye\/#primaryimage"},"thumbnailUrl":"https:\/\/www.meydan.tv\/wp-content\/uploads\/28008-scaled.jpg","articleSection":["M\u0259nim Fikrimc\u0259"],"inLanguage":"az"},{"@type":"WebPage","@id":"https:\/\/www.meydan.tv\/az\/article\/sessiz-turkiye\/","url":"https:\/\/www.meydan.tv\/az\/article\/sessiz-turkiye\/","name":"S\u0259ssiz T\u00fcrkiy\u0259 - MEYDAN.TV","isPartOf":{"@id":"https:\/\/www.meydan.tv\/az\/#website"},"primaryImageOfPage":{"@id":"https:\/\/www.meydan.tv\/az\/article\/sessiz-turkiye\/#primaryimage"},"image":{"@id":"https:\/\/www.meydan.tv\/az\/article\/sessiz-turkiye\/#primaryimage"},"thumbnailUrl":"https:\/\/www.meydan.tv\/wp-content\/uploads\/28008-scaled.jpg","datePublished":"2016-11-10T03:52:34+00:00","breadcrumb":{"@id":"https:\/\/www.meydan.tv\/az\/article\/sessiz-turkiye\/#breadcrumb"},"inLanguage":"az","potentialAction":[{"@type":"ReadAction","target":["https:\/\/www.meydan.tv\/az\/article\/sessiz-turkiye\/"]}]},{"@type":"ImageObject","inLanguage":"az","@id":"https:\/\/www.meydan.tv\/az\/article\/sessiz-turkiye\/#primaryimage","url":"https:\/\/www.meydan.tv\/wp-content\/uploads\/28008-scaled.jpg","contentUrl":"https:\/\/www.meydan.tv\/wp-content\/uploads\/28008-scaled.jpg","width":2560,"height":1885,"caption":"Source:"},{"@type":"BreadcrumbList","@id":"https:\/\/www.meydan.tv\/az\/article\/sessiz-turkiye\/#breadcrumb","itemListElement":[{"@type":"ListItem","position":1,"name":"Ana s\u0259hif\u0259","item":"https:\/\/www.meydan.tv\/az\/"},{"@type":"ListItem","position":2,"name":"M\u0259nim Fikrimc\u0259","item":"https:\/\/www.meydan.tv\/az\/section\/menim-fikrimce\/"},{"@type":"ListItem","position":3,"name":"S\u0259ssiz T\u00fcrkiy\u0259"}]},{"@type":"WebSite","@id":"https:\/\/www.meydan.tv\/az\/#website","url":"https:\/\/www.meydan.tv\/az\/","name":"MEYDAN.TV","description":"Meydan TV Az\u0259rbaycan\u0131n media m\u0259kan\u0131ndak\u0131 alternativ s\u0259sidir","publisher":{"@id":"https:\/\/www.meydan.tv\/az\/#organization"},"potentialAction":[{"@type":"SearchAction","target":{"@type":"EntryPoint","urlTemplate":"https:\/\/www.meydan.tv\/az\/?s={search_term_string}"},"query-input":{"@type":"PropertyValueSpecification","valueRequired":true,"valueName":"search_term_string"}}],"inLanguage":"az"},{"@type":"Organization","@id":"https:\/\/www.meydan.tv\/az\/#organization","name":"Meydan TV","url":"https:\/\/www.meydan.tv\/az\/","logo":{"@type":"ImageObject","inLanguage":"az","@id":"https:\/\/www.meydan.tv\/az\/#\/schema\/logo\/image\/","url":"https:\/\/www.meydan.tv\/wp-content\/uploads\/2021\/07\/meydan-logo.svg","contentUrl":"https:\/\/www.meydan.tv\/wp-content\/uploads\/2021\/07\/meydan-logo.svg","width":195,"height":46,"caption":"Meydan TV"},"image":{"@id":"https:\/\/www.meydan.tv\/az\/#\/schema\/logo\/image\/"}},{"@type":"Person","@id":"https:\/\/www.meydan.tv\/az\/#\/schema\/person\/10d11eccf6da3662cf5fdab9806ea91a","name":"user-manager"}]}},"_links":{"self":[{"href":"https:\/\/www.meydan.tv\/az\/wp-json\/wp\/v2\/posts\/180302","targetHints":{"allow":["GET"]}}],"collection":[{"href":"https:\/\/www.meydan.tv\/az\/wp-json\/wp\/v2\/posts"}],"about":[{"href":"https:\/\/www.meydan.tv\/az\/wp-json\/wp\/v2\/types\/post"}],"author":[{"embeddable":true,"href":"https:\/\/www.meydan.tv\/az\/wp-json\/wp\/v2\/users\/11"}],"replies":[{"embeddable":true,"href":"https:\/\/www.meydan.tv\/az\/wp-json\/wp\/v2\/comments?post=180302"}],"version-history":[{"count":0,"href":"https:\/\/www.meydan.tv\/az\/wp-json\/wp\/v2\/posts\/180302\/revisions"}],"wp:featuredmedia":[{"embeddable":true,"href":"https:\/\/www.meydan.tv\/az\/wp-json\/wp\/v2\/media\/72731"}],"wp:attachment":[{"href":"https:\/\/www.meydan.tv\/az\/wp-json\/wp\/v2\/media?parent=180302"}],"wp:term":[{"taxonomy":"category","embeddable":true,"href":"https:\/\/www.meydan.tv\/az\/wp-json\/wp\/v2\/categories?post=180302"},{"taxonomy":"post_tag","embeddable":true,"href":"https:\/\/www.meydan.tv\/az\/wp-json\/wp\/v2\/tags?post=180302"}],"curies":[{"name":"wp","href":"https:\/\/api.w.org\/{rel}","templated":true}]}}