{"id":180297,"date":"2016-11-09T20:29:31","date_gmt":"2016-11-09T20:29:31","guid":{"rendered":"https:\/\/www.meydan.tv\/article\/herbi-veziyyet-haqqinda-qanun-deyisdirilir\/"},"modified":"2016-11-09T20:29:31","modified_gmt":"2016-11-09T20:29:31","slug":"herbi-veziyyet-haqqinda-qanun-deyisdirilir","status":"publish","type":"post","link":"https:\/\/www.meydan.tv\/az\/article\/herbi-veziyyet-haqqinda-qanun-deyisdirilir\/","title":{"rendered":"H\u0259rbi v\u0259ziyy\u0259t haqq\u0131nda Qanun d\u0259yi\u015fdirilir"},"content":{"rendered":"<figure class=\"wp-block-image size-large\">\n  <img decoding=\"async\" src=\"https:\/\/www.meydan.tv\/az\/72716\/\" alt=\"\" class=\"wp-image-72716\"\/><figcaption><\/figcaption><\/figure>\n<p>\n  <i><br \/>\n    &#8221;M\u00fcharib\u0259 d\u00f6vr\u00fcnd\u0259 Az\u0259rbaycanda sosial \u015f\u0259b\u0259k\u0259l\u0259r v\u0259 internet azadl\u0131\u011f\u0131 m\u0259hdudla\u015fd\u0131r\u0131lacaq&#8221;<br \/>\n  <\/i>\n<\/p>\n<p>\n  Az\u0259rbaycanda yenid\u0259n haz\u0131rlanm\u0131\u015f \u201cH\u0259rbi v\u0259ziyy\u0259t haqq\u0131nda\u201d Qanun layih\u0259sinin b\u0259zi detallar\u0131 b\u0259lli olub.\n<\/p>\n<p>\n  Deputat Zahid Oruc APA-ya bildirib ki, Milli M\u0259clisin M\u00fcdafi\u0259, t\u0259hl\u00fck\u0259sizlik v\u0259 korrupsiya il\u0259 m\u00fcbariz\u0259 komit\u0259sinin noyabr\u0131n 8-d\u0259 ke\u00e7iril\u0259n iclas\u0131nda qanun layih\u0259si birinci oxunu\u015fda m\u00fczakir\u0259y\u0259 \u00e7\u0131xar\u0131l\u0131b. Z.Oruc qeyd edib ki, haz\u0131rda q\u00fcvv\u0259d\u0259 olan \u201cH\u0259rbi v\u0259ziyy\u0259t haqq\u0131nda\u201d (5 f\u0259sil, 17 madd\u0259) Qanundan f\u0259rqli olaraq, yeni layih\u0259 6 f\u0259sil 27 madd\u0259d\u0259n ibar\u0259tdir: \u201cErm\u0259nistan silahl\u0131 q\u00fcvv\u0259l\u0259rinin t\u0259mas x\u0259ttind\u0259 t\u00f6r\u0259tdiyi t\u0259xribat n\u0259tic\u0259sind\u0259 ya\u015fanan g\u0259rginlik, veril\u0259n itkil\u0259r, t\u0259hl\u00fck\u0259sizlik t\u0259dbirl\u0259rinin g\u00fccl\u0259ndirilm\u0259si v\u0259 m\u0259tbuat\u0131n rolu \u0259sas g\u00f6t\u00fcr\u00fclm\u0259kl\u0259, h\u0259rbi sirl\u0259rin qorunmas\u0131 kimi m\u0259s\u0259l\u0259l\u0259r qanun layih\u0259sinin yenid\u0259n i\u015fl\u0259nm\u0259sini z\u0259ruri edib. Haz\u0131rda q\u00fcvv\u0259d\u0259 olan qanunda g\u00f6st\u0259rilir ki, \u00f6lk\u0259d\u0259 h\u0259rbi v\u0259ziyy\u0259tin elan olunmas\u0131 il\u0259 ba\u011fl\u0131 d\u00f6vl\u0259t ba\u015f\u00e7\u0131s\u0131 parlament\u0259 m\u00fcraci\u0259t edir v\u0259 Milli M\u0259clis 72saat \u0259rzind\u0259 bu m\u0259s\u0259l\u0259y\u0259 bax\u0131b q\u0259rar\u0131n\u0131 verir. Yeni qanun layih\u0259sind\u0259 bu m\u00fcdd\u0259t 48 saata endirilib. Qanunda \u0259ks olunan dig\u0259r m\u0259s\u0259l\u0259l\u0259r is\u0259 h\u0259rbi v\u0259ziyy\u0259tin elan olunmas\u0131 zaman\u0131 b\u00fct\u00fcn qurumlarda h\u0259rbi rejim qaydalar\u0131n\u0131n t\u0259tbiqi il\u0259 ba\u011fl\u0131d\u0131r. H\u0259rbi komendaturalar\u0131n yarad\u0131lmas\u0131, h\u0259rbi v\u0259ziyy\u0259t zaman\u0131 \u0259halinin bir yerd\u0259n dig\u0259r yerl\u0259r\u0259 k\u00f6\u00e7m\u0259m\u0259si layih\u0259d\u0259 \u0259ksini tap\u0131b\u201d. \u0130clasda deputatlar\u0131n b\u0259zi t\u0259klil\u0259ri olub.\n<\/p>\n<figure class=\"wp-block-image size-large\">\n  <img decoding=\"async\" src=\"https:\/\/www.meydan.tv\/az\/72713\/\" alt=\"\" class=\"wp-image-72713\"\/><figcaption>\n    Zahid Oruc foto sosial \u015f\u0259b\u0259k\u0259<br \/>\n  <\/figcaption><\/figure>\n<p>\n  Z.Oruc qeyd edib ki, bu t\u0259klifl\u0259r h\u0259rbi v\u0259ziyy\u0259t zaman\u0131 s\u0131rf internet resurslar\u0131n f\u0259aliyy\u0259tinin nizamlanmas\u0131 v\u0259 h\u0259rbi birl\u0259\u015fm\u0259l\u0259rl\u0259 ba\u011fl\u0131d\u0131r: \u201cBurada qanunsuz silahl\u0131 birl\u0259\u015fm\u0259l\u0259r\u0259 dair m\u0259s\u0259l\u0259l\u0259r qald\u0131r\u0131ld\u0131. Biz t\u0259klif etdik ki, d\u00f6vl\u0259tin yaratd\u0131\u011f\u0131 lokal silahl\u0131 birl\u0259\u015fm\u0259l\u0259rd\u0259n ba\u015fqa, he\u00e7 bir silahl\u0131 birl\u0259\u015fm\u0259l\u0259rin f\u0259aliyy\u0259ti tan\u0131nmas\u0131n. Bu, haz\u0131rk\u0131 qanunda yoxdur. Layih\u0259d\u0259 bu m\u0259qam da \u0259ks olunub\u201d.\n<\/p>\n<p>\n  Z.Oruc bildirib ki, qanun layih\u0259si konseptual olaraq birinci oxunu\u015fda Milli M\u0259clisin plenar iclas\u0131na t\u00f6vsiy\u0259 olunub.\n<\/p>\n<p>\n  &#8220;Bel\u0259 g\u00f6r\u00fcn\u00fcr ki, &#8220;H\u0259rbi v\u0259ziyy\u0259t haqq\u0131nda&#8221; Qanunun yeni versiyas\u0131nda h\u0259rbi sirri qorumaq b\u0259han\u0259si alt\u0131nda media, x\u00fcsusil\u0259 d\u0259 internet azadl\u0131\u011f\u0131 daha \u00e7ox s\u0131x\u0131\u015fd\u0131r\u0131lacaq&#8221;.\n<\/p>\n<p>\n  Bunu Meydan TV-y\u0259 a\u00e7\u0131qlamas\u0131nda X\u0259z\u0259r H\u0259rbi T\u0259dqiqatlar \u0130nstitutunun r\u0259hb\u0259ri C\u0259sur S\u00fcm\u0259rinli bildirib.\n<\/p>\n<p>\n  Onun s\u00f6zl\u0259rin\u0259 g\u00f6r\u0259, s\u0259n\u0259d \u00fcz\u0259rind\u0259 \u0259sas d\u0259yi\u015filikl\u0259r 2014-c\u00fc ild\u0259 M\u00fcdafi\u0259 Nazirliyi t\u0259r\u0259find\u0259n edilib v\u0259 daha sonra Nazirl\u0259r Kabinetin\u0259 t\u0259qdim edilib. &#8220;Bizim ara\u015fd\u0131rmalara g\u00f6r\u0259, qanunda d\u0259yi\u015fiklikl\u0259r, x\u00fcsusul\u0259 d\u0259 internet median\u0131n, Facebook, Twitter, Youtube kimi sosial \u015f\u0259b\u0259k\u0259l\u0259rinin f\u0259aliyy\u0259tini maksimum m\u0259hdudla\u015fd\u0131rmaq t\u0259klifi ilk olaraq l\u0259\u011fv olunmu\u015f Milli T\u0259hl\u00fck\u0259sizlik Nazirliyind\u0259n v\u0259 Prezident Adminstrasiyas\u0131ndan g\u0259lirdi. Daha sonra MTN-in l\u0259\u011fvi v\u0259 bir s\u0131ra m\u0259s\u0259l\u0259l\u0259rl\u0259 \u0259laq\u0259dar bu proses t\u0259xmin\u0259n iki il tormozland\u0131&#8221;.\n<\/p>\n<figure class=\"wp-block-image size-large\">\n  <img decoding=\"async\" src=\"https:\/\/www.meydan.tv\/az\/72719\/\" alt=\"\" class=\"wp-image-72719\"\/><figcaption>\n    C\u0259sur S\u00fcm\u0259rinli foto sosial \u015f\u0259b\u0259k\u0259<br \/>\n  <\/figcaption><\/figure>\n<p>\n  C.S\u00fcm\u0259rinlinin q\u0259na\u0259tnc\u0259, qanunun yeni layih\u0259sind\u0259 \u0259n\u0259n\u0259vi, elektron v\u0259 sosial informasiya vasit\u0259l\u0259rinin f\u0259aliyy\u0259tini nizamlayan madd\u0259l\u0259rin say\u0131 art\u0131r\u0131l\u0131b. \u00dcmumilikd\u0259, s\u0259n\u0259din h\u0259cmi geni\u015fl\u0259ndirilib, 1994-c\u00fc ild\u0259 q\u0259bul olunmu\u015f s\u0259l\u0259find\u0259n f\u0259rqli olaraq 17 madd\u0259d\u0259n 27 madd\u0259y\u0259 qald\u0131r\u0131l\u0131b, f\u0259sill\u0259rin say\u0131 is\u0259 5-d\u0259n 6-ya qald\u0131r\u0131l\u0131b. &#8220;Bizim ara\u015fd\u0131rmalar g\u00f6r\u0259, yeni qanun layih\u0259sind\u0259 h\u0259rbi v\u0259ziyy\u0259td\u0259 sosial \u015f\u0259b\u0259k\u0259l\u0259rin, x\u00fcsusil\u0259 d\u0259 Facebook, Twitter v\u0259 Youtube-nin, eyni zamanda internet media resurslar\u0131n\u0131n f\u0259aliyy\u0259tinin nizamlanmas\u0131 v\u0259 dayand\u0131r\u0131lmas\u0131, bununla ba\u011fl\u0131 d\u00f6vl\u0259t qurumlar\u0131n\u0131n f\u0259aliyy\u0259t qaydalar\u0131 da \u0259ksini tap\u0131b. Xat\u0131rlad\u0131m ki, 1994-c\u00fc ild\u0259 q\u0259bul olunmu\u015f variantda k\u00fctl\u0259vi informasiya vasit\u0259l\u0259rinin f\u0259aliyy\u0259tini t\u0259nziml\u0259y\u0259n m\u00fcdd\u0259alar &#8220;H\u0259rbi v\u0259ziyy\u0259t d\u00f6vr\u00fcnd\u0259 g\u00f6r\u00fcl\u0259n t\u0259dbirl\u0259r&#8221; madd\u0259sind\u0259 \u0259ksini tap\u0131b. Orada qeyd olunur ki, h\u0259rbi v\u0259ziyy\u0259t d\u00f6vr\u00fcnd\u0259 k\u00fctl\u0259vi informasiya azadl\u0131\u011f\u0131n\u0131n m\u0259hdudla\u015fd\u0131r\u0131lmas\u0131; senzuran\u0131n t\u0259tbiq edilm\u0259si; k\u00fctl\u0259vi informasiya vasit\u0259l\u0259rinin f\u0259aliyy\u0259tinin dayand\u0131r\u0131lmas\u0131 haqq\u0131nda m\u00fcvafiq orqanlara t\u0259qdimatlar verilm\u0259si; h\u0259rbi v\u0259ziyy\u0259t t\u0259tbiq edilmi\u015f \u0259razid\u0259, h\u0259rbi \u0259m\u0259liyyatlar b\u00f6lg\u0259sind\u0259, c\u0259bh\u0259 boyu zolaqda k\u00fctl\u0259vi informasiya vasit\u0259si m\u0259hsullar\u0131n\u0131n yoxlan\u0131lmas\u0131; h\u0259rbi komandanl\u0131\u011f\u0131n v\u0259 m\u00fcvafiq d\u00f6vl\u0259t orqanlar\u0131n\u0131n n\u00fcmay\u0259nd\u0259l\u0259rin\u0259 h\u0259rbi v\u0259ziyy\u0259tin ehtiyaclar\u0131 \u00fc\u00e7\u00fcn k\u00fctl\u0259vi informasiya vasit\u0259l\u0259rind\u0259n istifad\u0259 etm\u0259kd\u0259 \u00fcst\u00fcnl\u00fck h\u00fcququnun verilm\u0259si kimi i\u015fl\u0259r h\u0259yata ke\u00e7irilir&#8221;.\n<\/p>\n<p>\n  &#8220;N\u0259z\u0259r\u0259 almaq laz\u0131md\u0131r ki, 1994-c\u00fc ild\u0259 internet media Az\u0259rbaycanda yay\u0131lmam\u0131\u015fd\u0131 v\u0259 sosial \u015f\u0259b\u0259k\u0259l\u0259r yox idi, o bax\u0131mdan qanunun yenil\u0259nm\u0259sinin \u0259sas s\u0259b\u0259bl\u0259rind\u0259n biri m\u0259hz bu m\u0259s\u0259l\u0259dir. Lakin \u0259n \u0259sas m\u0259s\u0259l\u0259 Az\u0259rbaycan hakimiyy\u0259tinin 1994-c\u00fc ill\u0259 m\u00fcqayis\u0259d\u0259 \u00e7ox ciddi \u015f\u0259kild\u0259 repressiv olmas\u0131 v\u0259 bununla ba\u011fl\u0131 ortaya \u00e7\u0131xan yeni anti-demokratik maraqlar\u0131d\u0131r&#8221;, &#8211; C.S\u00fcm\u0259rinli bel\u0259 deyib.\n<\/p>\n<p>\n  C.S\u00fcm\u0259rinli bildirib ki, m\u0259tbuat\u0131n, x\u00fcsusil\u0259 d\u0259 internetin f\u0259aliyy\u0259tini m\u0259hdudla\u015fd\u0131ran m\u00fc\u0259yy\u0259n madd\u0259l\u0259r h\u0259m\u00e7inin yeni t\u0259klif olunan &#8220;C\u0259bh\u0259boyu zonada h\u0259rbi hiss\u0259l\u0259rin yerl\u0259\u015fdiyi \u0259razil\u0259rd\u0259 rejimin x\u00fcsusiyy\u0259tl\u0259ri&#8221; f\u0259slind\u0259 \u0259ksini tap\u0131b. R\u0259smi m\u0259lumatlara g\u00f6r\u0259, eyni zamanda bu hiss\u0259d\u0259 pezident \u0130lham \u018fliyevin 2014-c\u00fc ilin sentyabr\u0131n 24-d\u0259 imzalad\u0131\u011f\u0131 &#8220;Az\u0259rbaycan Respublikas\u0131 Silahl\u0131 Q\u00fcvv\u0259l\u0259rinin Erm\u0259nistan Respublikas\u0131 Silahl\u0131 Q\u00fcvv\u0259l\u0259ri il\u0259 t\u0259mas x\u0259ttind\u0259 b\u0259zi t\u0259hl\u00fck\u0259sizlik t\u0259dbirl\u0259ri haqq\u0131nda&#8221; s\u0259r\u0259ncam\u0131n icras\u0131ndan ir\u0259li g\u0259l\u0259n m\u0259s\u0259l\u0259l\u0259r \u0259ksini tap\u0131r. Buraya h\u0259m\u00e7inin\n<\/p>\n<p>\n  1) m\u00fcdafi\u0259 m\u0259s\u0259l\u0259l\u0259ri \u00fczr\u0259 \u0259laq\u0259l\u0259ndirm\u0259 \u015furalar\u0131n\u0131n f\u0259aliyy\u0259tinin t\u0259kmill\u0259\u015fdirilm\u0259si,\n<\/p>\n<p>\n  2) c\u0259bh\u0259boyu zonada yerli \u0259hali aras\u0131ndan k\u00f6n\u00fcll\u00fcl\u0259rd\u0259n ibar\u0259t patrul d\u0259st\u0259l\u0259rinin formala\u015fd\u0131r\u0131lmas\u0131 v\u0259 xidm\u0259t aparmas\u0131, onlar\u0131n Silahl\u0131 Q\u00fcvv\u0259l\u0259rin m\u00fcvafiq birlikl\u0259ri aras\u0131nda qar\u015f\u0131l\u0131ql\u0131 f\u0259aliyy\u0259tinin t\u0259\u015fkil edilm\u0259si\n<\/p>\n<p>\n  3) c\u0259bh\u0259boyu zonada t\u0259bli\u011fat-izahat i\u015fl\u0259rinin t\u0259\u015fkili bar\u0259d\u0259 i\u015fl\u0259r daxildir.\n<\/p>\n<p>\n  C.S\u00fcm\u0259rinlinin s\u00f6zl\u0259rin\u0259 g\u00f6r\u0259, eyni zamanda yeni layih\u0259y\u0259 &#8220;c\u0259bh\u0259boyu zona&#8221; termini &#8211; &#8220;Az\u0259rbaycan Respublikas\u0131 Silahl\u0131 Q\u00fcvv\u0259l\u0259rinin t\u0259cav\u00fczkar d\u00f6vl\u0259tin silahl\u0131 q\u00fcvv\u0259l\u0259ri v\u0259 ya qanunsuz silahl\u0131 birl\u0259\u015fm\u0259l\u0259r il\u0259 t\u0259mas x\u0259ttin\u0259 biti\u015fik \u0259razil\u0259r&#8221; anlay\u0131\u015f\u0131 ilk d\u0259f\u0259 olaraq \u0259lav\u0259 edilib. Bunlar, \u00fcmumilikd\u0259 texniki xarakterlidir.\n<\/p><\/p>\n","protected":false},"excerpt":{"rendered":"<p>&#8221;M\u00fcharib\u0259 d\u00f6vr\u00fcnd\u0259 Az\u0259rbaycanda sosial \u015f\u0259b\u0259k\u0259l\u0259r v\u0259 internet azadl\u0131\u011f\u0131 m\u0259hdudla\u015fd\u0131r\u0131lacaq&#8221;<\/p>\n","protected":false},"author":11,"featured_media":72716,"comment_status":"closed","ping_status":"open","sticky":false,"template":"","format":"standard","meta":{"_acf_changed":false,"_sitemap_exclude":false,"_sitemap_priority":"","_sitemap_frequency":"","footnotes":""},"categories":[51],"tags":[],"class_list":["post-180297","post","type-post","status-publish","format-standard","has-post-thumbnail","hentry","category-analitika","infinite-scroll-item","generate-columns","tablet-grid-50","mobile-grid-100","grid-parent","grid-33","no-featured-image-padding"],"acf":[],"yoast_head":"<!-- This site is optimized with the Yoast SEO plugin v27.5 - https:\/\/yoast.com\/product\/yoast-seo-wordpress\/ -->\n<title>H\u0259rbi v\u0259ziyy\u0259t haqq\u0131nda Qanun d\u0259yi\u015fdirilir - MEYDAN.TV<\/title>\n<meta name=\"robots\" content=\"index, follow, max-snippet:-1, max-image-preview:large, max-video-preview:-1\" \/>\n<link rel=\"canonical\" href=\"https:\/\/www.meydan.tv\/az\/article\/herbi-veziyyet-haqqinda-qanun-deyisdirilir\/\" \/>\n<meta property=\"og:locale\" content=\"az_AZ\" \/>\n<meta property=\"og:type\" content=\"article\" \/>\n<meta property=\"og:title\" content=\"H\u0259rbi v\u0259ziyy\u0259t haqq\u0131nda Qanun d\u0259yi\u015fdirilir - MEYDAN.TV\" \/>\n<meta property=\"og:description\" content=\"&#039;&#039;M\u00fcharib\u0259 d\u00f6vr\u00fcnd\u0259 Az\u0259rbaycanda sosial \u015f\u0259b\u0259k\u0259l\u0259r v\u0259 internet azadl\u0131\u011f\u0131 m\u0259hdudla\u015fd\u0131r\u0131lacaq&#039;&#039;\" \/>\n<meta property=\"og:url\" content=\"https:\/\/www.meydan.tv\/az\/article\/herbi-veziyyet-haqqinda-qanun-deyisdirilir\/\" \/>\n<meta property=\"og:site_name\" content=\"MEYDAN.TV\" \/>\n<meta property=\"article:published_time\" content=\"2016-11-09T20:29:31+00:00\" \/>\n<meta property=\"og:image\" content=\"https:\/\/www.meydan.tv\/wp-content\/uploads\/28002.jpg\" \/>\n\t<meta property=\"og:image:width\" content=\"768\" \/>\n\t<meta property=\"og:image:height\" content=\"445\" \/>\n\t<meta property=\"og:image:type\" content=\"image\/jpeg\" \/>\n<meta name=\"author\" content=\"user-manager\" \/>\n<meta name=\"twitter:card\" content=\"summary_large_image\" \/>\n<script type=\"application\/ld+json\" class=\"yoast-schema-graph\">{\"@context\":\"https:\\\/\\\/schema.org\",\"@graph\":[{\"@type\":\"Article\",\"@id\":\"https:\\\/\\\/www.meydan.tv\\\/az\\\/article\\\/herbi-veziyyet-haqqinda-qanun-deyisdirilir\\\/#article\",\"isPartOf\":{\"@id\":\"https:\\\/\\\/www.meydan.tv\\\/az\\\/article\\\/herbi-veziyyet-haqqinda-qanun-deyisdirilir\\\/\"},\"author\":{\"name\":\"user-manager\",\"@id\":\"https:\\\/\\\/www.meydan.tv\\\/az\\\/#\\\/schema\\\/person\\\/10d11eccf6da3662cf5fdab9806ea91a\"},\"headline\":\"H\u0259rbi v\u0259ziyy\u0259t haqq\u0131nda Qanun d\u0259yi\u015fdirilir\",\"datePublished\":\"2016-11-09T20:29:31+00:00\",\"mainEntityOfPage\":{\"@id\":\"https:\\\/\\\/www.meydan.tv\\\/az\\\/article\\\/herbi-veziyyet-haqqinda-qanun-deyisdirilir\\\/\"},\"wordCount\":1330,\"publisher\":{\"@id\":\"https:\\\/\\\/www.meydan.tv\\\/az\\\/#organization\"},\"image\":{\"@id\":\"https:\\\/\\\/www.meydan.tv\\\/az\\\/article\\\/herbi-veziyyet-haqqinda-qanun-deyisdirilir\\\/#primaryimage\"},\"thumbnailUrl\":\"https:\\\/\\\/www.meydan.tv\\\/wp-content\\\/uploads\\\/28002.jpg\",\"articleSection\":[\"Analitika\"],\"inLanguage\":\"az\"},{\"@type\":\"WebPage\",\"@id\":\"https:\\\/\\\/www.meydan.tv\\\/az\\\/article\\\/herbi-veziyyet-haqqinda-qanun-deyisdirilir\\\/\",\"url\":\"https:\\\/\\\/www.meydan.tv\\\/az\\\/article\\\/herbi-veziyyet-haqqinda-qanun-deyisdirilir\\\/\",\"name\":\"H\u0259rbi v\u0259ziyy\u0259t haqq\u0131nda Qanun d\u0259yi\u015fdirilir - MEYDAN.TV\",\"isPartOf\":{\"@id\":\"https:\\\/\\\/www.meydan.tv\\\/az\\\/#website\"},\"primaryImageOfPage\":{\"@id\":\"https:\\\/\\\/www.meydan.tv\\\/az\\\/article\\\/herbi-veziyyet-haqqinda-qanun-deyisdirilir\\\/#primaryimage\"},\"image\":{\"@id\":\"https:\\\/\\\/www.meydan.tv\\\/az\\\/article\\\/herbi-veziyyet-haqqinda-qanun-deyisdirilir\\\/#primaryimage\"},\"thumbnailUrl\":\"https:\\\/\\\/www.meydan.tv\\\/wp-content\\\/uploads\\\/28002.jpg\",\"datePublished\":\"2016-11-09T20:29:31+00:00\",\"breadcrumb\":{\"@id\":\"https:\\\/\\\/www.meydan.tv\\\/az\\\/article\\\/herbi-veziyyet-haqqinda-qanun-deyisdirilir\\\/#breadcrumb\"},\"inLanguage\":\"az\",\"potentialAction\":[{\"@type\":\"ReadAction\",\"target\":[\"https:\\\/\\\/www.meydan.tv\\\/az\\\/article\\\/herbi-veziyyet-haqqinda-qanun-deyisdirilir\\\/\"]}]},{\"@type\":\"ImageObject\",\"inLanguage\":\"az\",\"@id\":\"https:\\\/\\\/www.meydan.tv\\\/az\\\/article\\\/herbi-veziyyet-haqqinda-qanun-deyisdirilir\\\/#primaryimage\",\"url\":\"https:\\\/\\\/www.meydan.tv\\\/wp-content\\\/uploads\\\/28002.jpg\",\"contentUrl\":\"https:\\\/\\\/www.meydan.tv\\\/wp-content\\\/uploads\\\/28002.jpg\",\"width\":768,\"height\":445,\"caption\":\"Source:\"},{\"@type\":\"BreadcrumbList\",\"@id\":\"https:\\\/\\\/www.meydan.tv\\\/az\\\/article\\\/herbi-veziyyet-haqqinda-qanun-deyisdirilir\\\/#breadcrumb\",\"itemListElement\":[{\"@type\":\"ListItem\",\"position\":1,\"name\":\"Ana s\u0259hif\u0259\",\"item\":\"https:\\\/\\\/www.meydan.tv\\\/az\\\/\"},{\"@type\":\"ListItem\",\"position\":2,\"name\":\"Analitika\",\"item\":\"https:\\\/\\\/www.meydan.tv\\\/az\\\/section\\\/analitika\\\/\"},{\"@type\":\"ListItem\",\"position\":3,\"name\":\"H\u0259rbi v\u0259ziyy\u0259t haqq\u0131nda Qanun d\u0259yi\u015fdirilir\"}]},{\"@type\":\"WebSite\",\"@id\":\"https:\\\/\\\/www.meydan.tv\\\/az\\\/#website\",\"url\":\"https:\\\/\\\/www.meydan.tv\\\/az\\\/\",\"name\":\"MEYDAN.TV\",\"description\":\"Meydan TV Az\u0259rbaycan\u0131n media m\u0259kan\u0131ndak\u0131 alternativ s\u0259sidir\",\"publisher\":{\"@id\":\"https:\\\/\\\/www.meydan.tv\\\/az\\\/#organization\"},\"potentialAction\":[{\"@type\":\"SearchAction\",\"target\":{\"@type\":\"EntryPoint\",\"urlTemplate\":\"https:\\\/\\\/www.meydan.tv\\\/az\\\/?s={search_term_string}\"},\"query-input\":{\"@type\":\"PropertyValueSpecification\",\"valueRequired\":true,\"valueName\":\"search_term_string\"}}],\"inLanguage\":\"az\"},{\"@type\":\"Organization\",\"@id\":\"https:\\\/\\\/www.meydan.tv\\\/az\\\/#organization\",\"name\":\"Meydan TV\",\"url\":\"https:\\\/\\\/www.meydan.tv\\\/az\\\/\",\"logo\":{\"@type\":\"ImageObject\",\"inLanguage\":\"az\",\"@id\":\"https:\\\/\\\/www.meydan.tv\\\/az\\\/#\\\/schema\\\/logo\\\/image\\\/\",\"url\":\"https:\\\/\\\/www.meydan.tv\\\/wp-content\\\/uploads\\\/2021\\\/07\\\/meydan-logo.svg\",\"contentUrl\":\"https:\\\/\\\/www.meydan.tv\\\/wp-content\\\/uploads\\\/2021\\\/07\\\/meydan-logo.svg\",\"width\":195,\"height\":46,\"caption\":\"Meydan TV\"},\"image\":{\"@id\":\"https:\\\/\\\/www.meydan.tv\\\/az\\\/#\\\/schema\\\/logo\\\/image\\\/\"}},{\"@type\":\"Person\",\"@id\":\"https:\\\/\\\/www.meydan.tv\\\/az\\\/#\\\/schema\\\/person\\\/10d11eccf6da3662cf5fdab9806ea91a\",\"name\":\"user-manager\"}]}<\/script>\n<!-- \/ Yoast SEO plugin. -->","yoast_head_json":{"title":"H\u0259rbi v\u0259ziyy\u0259t haqq\u0131nda Qanun d\u0259yi\u015fdirilir - MEYDAN.TV","robots":{"index":"index","follow":"follow","max-snippet":"max-snippet:-1","max-image-preview":"max-image-preview:large","max-video-preview":"max-video-preview:-1"},"canonical":"https:\/\/www.meydan.tv\/az\/article\/herbi-veziyyet-haqqinda-qanun-deyisdirilir\/","og_locale":"az_AZ","og_type":"article","og_title":"H\u0259rbi v\u0259ziyy\u0259t haqq\u0131nda Qanun d\u0259yi\u015fdirilir - MEYDAN.TV","og_description":"''M\u00fcharib\u0259 d\u00f6vr\u00fcnd\u0259 Az\u0259rbaycanda sosial \u015f\u0259b\u0259k\u0259l\u0259r v\u0259 internet azadl\u0131\u011f\u0131 m\u0259hdudla\u015fd\u0131r\u0131lacaq''","og_url":"https:\/\/www.meydan.tv\/az\/article\/herbi-veziyyet-haqqinda-qanun-deyisdirilir\/","og_site_name":"MEYDAN.TV","article_published_time":"2016-11-09T20:29:31+00:00","og_image":[{"width":768,"height":445,"url":"https:\/\/www.meydan.tv\/wp-content\/uploads\/28002.jpg","type":"image\/jpeg"}],"author":"user-manager","twitter_card":"summary_large_image","schema":{"@context":"https:\/\/schema.org","@graph":[{"@type":"Article","@id":"https:\/\/www.meydan.tv\/az\/article\/herbi-veziyyet-haqqinda-qanun-deyisdirilir\/#article","isPartOf":{"@id":"https:\/\/www.meydan.tv\/az\/article\/herbi-veziyyet-haqqinda-qanun-deyisdirilir\/"},"author":{"name":"user-manager","@id":"https:\/\/www.meydan.tv\/az\/#\/schema\/person\/10d11eccf6da3662cf5fdab9806ea91a"},"headline":"H\u0259rbi v\u0259ziyy\u0259t haqq\u0131nda Qanun d\u0259yi\u015fdirilir","datePublished":"2016-11-09T20:29:31+00:00","mainEntityOfPage":{"@id":"https:\/\/www.meydan.tv\/az\/article\/herbi-veziyyet-haqqinda-qanun-deyisdirilir\/"},"wordCount":1330,"publisher":{"@id":"https:\/\/www.meydan.tv\/az\/#organization"},"image":{"@id":"https:\/\/www.meydan.tv\/az\/article\/herbi-veziyyet-haqqinda-qanun-deyisdirilir\/#primaryimage"},"thumbnailUrl":"https:\/\/www.meydan.tv\/wp-content\/uploads\/28002.jpg","articleSection":["Analitika"],"inLanguage":"az"},{"@type":"WebPage","@id":"https:\/\/www.meydan.tv\/az\/article\/herbi-veziyyet-haqqinda-qanun-deyisdirilir\/","url":"https:\/\/www.meydan.tv\/az\/article\/herbi-veziyyet-haqqinda-qanun-deyisdirilir\/","name":"H\u0259rbi v\u0259ziyy\u0259t haqq\u0131nda Qanun d\u0259yi\u015fdirilir - MEYDAN.TV","isPartOf":{"@id":"https:\/\/www.meydan.tv\/az\/#website"},"primaryImageOfPage":{"@id":"https:\/\/www.meydan.tv\/az\/article\/herbi-veziyyet-haqqinda-qanun-deyisdirilir\/#primaryimage"},"image":{"@id":"https:\/\/www.meydan.tv\/az\/article\/herbi-veziyyet-haqqinda-qanun-deyisdirilir\/#primaryimage"},"thumbnailUrl":"https:\/\/www.meydan.tv\/wp-content\/uploads\/28002.jpg","datePublished":"2016-11-09T20:29:31+00:00","breadcrumb":{"@id":"https:\/\/www.meydan.tv\/az\/article\/herbi-veziyyet-haqqinda-qanun-deyisdirilir\/#breadcrumb"},"inLanguage":"az","potentialAction":[{"@type":"ReadAction","target":["https:\/\/www.meydan.tv\/az\/article\/herbi-veziyyet-haqqinda-qanun-deyisdirilir\/"]}]},{"@type":"ImageObject","inLanguage":"az","@id":"https:\/\/www.meydan.tv\/az\/article\/herbi-veziyyet-haqqinda-qanun-deyisdirilir\/#primaryimage","url":"https:\/\/www.meydan.tv\/wp-content\/uploads\/28002.jpg","contentUrl":"https:\/\/www.meydan.tv\/wp-content\/uploads\/28002.jpg","width":768,"height":445,"caption":"Source:"},{"@type":"BreadcrumbList","@id":"https:\/\/www.meydan.tv\/az\/article\/herbi-veziyyet-haqqinda-qanun-deyisdirilir\/#breadcrumb","itemListElement":[{"@type":"ListItem","position":1,"name":"Ana s\u0259hif\u0259","item":"https:\/\/www.meydan.tv\/az\/"},{"@type":"ListItem","position":2,"name":"Analitika","item":"https:\/\/www.meydan.tv\/az\/section\/analitika\/"},{"@type":"ListItem","position":3,"name":"H\u0259rbi v\u0259ziyy\u0259t haqq\u0131nda Qanun d\u0259yi\u015fdirilir"}]},{"@type":"WebSite","@id":"https:\/\/www.meydan.tv\/az\/#website","url":"https:\/\/www.meydan.tv\/az\/","name":"MEYDAN.TV","description":"Meydan TV Az\u0259rbaycan\u0131n media m\u0259kan\u0131ndak\u0131 alternativ s\u0259sidir","publisher":{"@id":"https:\/\/www.meydan.tv\/az\/#organization"},"potentialAction":[{"@type":"SearchAction","target":{"@type":"EntryPoint","urlTemplate":"https:\/\/www.meydan.tv\/az\/?s={search_term_string}"},"query-input":{"@type":"PropertyValueSpecification","valueRequired":true,"valueName":"search_term_string"}}],"inLanguage":"az"},{"@type":"Organization","@id":"https:\/\/www.meydan.tv\/az\/#organization","name":"Meydan TV","url":"https:\/\/www.meydan.tv\/az\/","logo":{"@type":"ImageObject","inLanguage":"az","@id":"https:\/\/www.meydan.tv\/az\/#\/schema\/logo\/image\/","url":"https:\/\/www.meydan.tv\/wp-content\/uploads\/2021\/07\/meydan-logo.svg","contentUrl":"https:\/\/www.meydan.tv\/wp-content\/uploads\/2021\/07\/meydan-logo.svg","width":195,"height":46,"caption":"Meydan TV"},"image":{"@id":"https:\/\/www.meydan.tv\/az\/#\/schema\/logo\/image\/"}},{"@type":"Person","@id":"https:\/\/www.meydan.tv\/az\/#\/schema\/person\/10d11eccf6da3662cf5fdab9806ea91a","name":"user-manager"}]}},"_links":{"self":[{"href":"https:\/\/www.meydan.tv\/az\/wp-json\/wp\/v2\/posts\/180297","targetHints":{"allow":["GET"]}}],"collection":[{"href":"https:\/\/www.meydan.tv\/az\/wp-json\/wp\/v2\/posts"}],"about":[{"href":"https:\/\/www.meydan.tv\/az\/wp-json\/wp\/v2\/types\/post"}],"author":[{"embeddable":true,"href":"https:\/\/www.meydan.tv\/az\/wp-json\/wp\/v2\/users\/11"}],"replies":[{"embeddable":true,"href":"https:\/\/www.meydan.tv\/az\/wp-json\/wp\/v2\/comments?post=180297"}],"version-history":[{"count":0,"href":"https:\/\/www.meydan.tv\/az\/wp-json\/wp\/v2\/posts\/180297\/revisions"}],"wp:featuredmedia":[{"embeddable":true,"href":"https:\/\/www.meydan.tv\/az\/wp-json\/wp\/v2\/media\/72716"}],"wp:attachment":[{"href":"https:\/\/www.meydan.tv\/az\/wp-json\/wp\/v2\/media?parent=180297"}],"wp:term":[{"taxonomy":"category","embeddable":true,"href":"https:\/\/www.meydan.tv\/az\/wp-json\/wp\/v2\/categories?post=180297"},{"taxonomy":"post_tag","embeddable":true,"href":"https:\/\/www.meydan.tv\/az\/wp-json\/wp\/v2\/tags?post=180297"}],"curies":[{"name":"wp","href":"https:\/\/api.w.org\/{rel}","templated":true}]}}