{"id":180283,"date":"2016-11-09T00:07:15","date_gmt":"2016-11-09T00:07:15","guid":{"rendered":"https:\/\/www.meydan.tv\/article\/ureyimizi-partlatmaq-isteyenler\/"},"modified":"2016-11-09T00:07:15","modified_gmt":"2016-11-09T00:07:15","slug":"ureyimizi-partlatmaq-isteyenler","status":"publish","type":"post","link":"https:\/\/www.meydan.tv\/az\/article\/ureyimizi-partlatmaq-isteyenler\/","title":{"rendered":"\u00dcr\u0259yimizi partlatmaq ist\u0259y\u0259nl\u0259r"},"content":{"rendered":"<figure class=\"wp-block-image size-large\">\n  <img decoding=\"async\" src=\"https:\/\/www.meydan.tv\/az\/orxan-adigozel\/\" alt=\"Orxan Ad\u0131g\u00f6z\u0259l\" class=\"wp-image-47490\"\/><figcaption>\n    Orxan Ad\u0131g\u00f6z\u0259l<br \/>\n  <\/figcaption><\/figure>\n<figure class=\"wp-block-image size-large\">\n  <img decoding=\"async\" src=\"https:\/\/www.meydan.tv\/az\/orxan-adigozel-banner\/\" alt=\"Orxan Ad\u0131g\u00f6z\u0259l-Banner\" class=\"wp-image-47493\"\/><figcaption>\n    Orxan Ad\u0131g\u00f6z\u0259l-Banner<br \/>\n  <\/figcaption><\/figure>\n<p>\n  Tez-tez d\u00f6vl\u0259t m\u0259murlar\u0131n\u0131n, deputatlar\u0131n absurd, biab\u0131r\u00e7\u0131 fikirl\u0259rini e\u015fidirik. Biri deyir: &#8220;Avropa g\u0259lib, bizd\u0259n se\u00e7ki sistemini \u00f6yr\u0259nsin&#8221;, o biri bahala\u015fmaya etiraz ed\u0259nl\u0259r\u0259 &#8220;so\u011fan \u0259k, ail\u0259ni saxla&#8221; deyir, bir ba\u015fqas\u0131 qazla yaranan probleml\u0259 ba\u011fl\u0131 xalqa g\u00f6st\u0259ri\u015f verir ki, &#8220;p\u0259nc\u0259r\u0259l\u0259ri ba\u011flay\u0131n&#8221;. Bu x\u0259b\u0259rl\u0259ri e\u015fitdikc\u0259, adam\u0131n \u0259li \u00fcz\u00fcnd\u0259 qal\u0131r. D\u00fc\u015f\u00fcn\u00fcrs\u0259n y\u0259ni bunlar ba\u015fqa planetd\u0259 ya\u015fay\u0131rlar, yoxsa Az\u0259rbaycanda? Ax\u0131 insan reall\u0131q hissini n\u0259 q\u0259d\u0259r itir\u0259 bil\u0259r? G\u00f6r\u00fcn\u0259n odur ki, onlar\u0131n bu hissi iflic v\u0259ziyy\u0259t\u0259 d\u00fc\u015f\u00fcb. Buna ba\u015fqa n\u0259 ad ver\u0259s\u0259n? Bu suallar\u0131 d\u00fc\u015f\u00fcnm\u0259yin \u00f6z\u00fc bel\u0259 insan\u0131n ba\u015f-beyin sistemin\u0259 ciddi \u015f\u0259kild\u0259 ziyan verir. H\u0259tta h\u0259ssas yana\u015fd\u0131qca, \u0259s\u0259bl\u0259rimizin, sinirl\u0259rimizin x\u0259rcl\u0259nm\u0259si hesab\u0131na \u00f6z b\u0259d\u0259nimizd\u0259 iflicolma riskini \u00e7oxald\u0131r\u0131q.\n<\/p>\n<p>\n  B\u0259lk\u0259 d\u0259 onlar\u0131n el\u0259 \u0259sas m\u0259qs\u0259dl\u0259ri budur: Bel\u0259 absurd fikirl\u0259rl\u0259 g\u00fcn\u00fc-g\u00fcnd\u0259n azalan, bir ovuc q\u0259d\u0259r say\u0131 olan d\u00fc\u015f\u00fcnc\u0259 v\u0259 vicdan sahibl\u0259rinin \u00fcr\u0259kl\u0259rini partlad\u0131b, m\u0259hv olmas\u0131na g\u0259tirib \u00e7\u0131xarmaq. \u015e\u00fcbh\u0259 do\u011furan m\u0259qamd\u0131r. Psixoloji t\u0259sir faktoru dan\u0131la bilm\u0259z v\u0259 praktiki \u015f\u0259kild\u0259 \u0259n \u00e7ox yay\u0131lm\u0131\u015f \u00fcsullardan biridir. Despotik rejiml\u0259 idar\u0259 olunan \u00f6lk\u0259l\u0259rd\u0259 m\u0259hz bel\u0259 t\u0259sir g\u00fcc\u00fc il\u0259 ne\u00e7\u0259-ne\u00e7\u0259 insanlar\u0131 \u0259s\u0259b-\u00fcr\u0259k x\u0259st\u0259si edib, tez \u00f6lm\u0259l\u0259rin\u0259 vasit\u0259\u00e7i olurlar.\n<\/p>\n<p>\n  Bu yax\u0131nda daha bir ictimai fiqur, m\u00fc\u0259lliml\u0259r\u0259 &#8220;dolana bilmirs\u0259ns\u0259, i\u015fd\u0259n sonra da\u015f h\u00f6r&#8221; m\u0259sl\u0259h\u0259ti il\u0259 yadda qalan deputat Had\u0131 R\u0259c\u0259bli yen\u0259 \u00f6z\u00fcn\u0259m\u0259xsus, analoqsuz ifad\u0259si il\u0259 yadda qal\u0131b.\n<\/p>\n<p>\n  Sitat: &#8220;Niy\u0259 Qaraba\u011f \u0259lilin\u0259 d\u0259rman, n\u0259qliyyat pulsuz olmal\u0131d\u0131r ki?!&#8221;\n<\/p>\n<p>\n  D\u0259h\u015f\u0259tdir, deyilmi? Bax, bu x\u0259b\u0259ri oxuyanda komp\u00fcter \u00f6n\u00fcnd\u0259 sanki quruyub qalm\u0131\u015fd\u0131m. \u018fll\u0259rim komp\u00fcterin klaviaturas\u0131n\u0131n \u00fcz\u0259rind\u0259n s\u00fcr\u00fc\u015f\u00fcb s\u00fcst halda yana d\u00fc\u015fd\u00fc. Bir m\u00fcdd\u0259t donuq v\u0259ziyy\u0259td\u0259 qald\u0131m. Monitora zill\u0259nmi\u015f g\u00f6zl\u0259rim dumanland\u0131. Sonra yava\u015f-yava\u015f reall\u0131\u011fa qay\u0131td\u0131m. G\u00f6z \u00f6n\u00fcmd\u0259ki duman aradan \u00e7\u0259kildi. Qollar\u0131m\u0131n yanlara d\u00fc\u015fd\u00fcy\u00fcn\u00fc f\u0259rq etdim. H\u0259tta \u00fcz\u00fcmd\u0259 mimikalar\u0131 yoxlama\u011fa q\u0259rar verdim. Qa\u015flar\u0131m\u0131, dodaqlar\u0131m\u0131 t\u0259rp\u0259tm\u0259y\u0259 ba\u015flad\u0131m. Bir ne\u00e7\u0259 saniy\u0259lik s\u00fcstl\u00fck el\u0259 bil \u00fcz ifad\u0259l\u0259rim\u0259 d\u0259 t\u0259sir etmi\u015fdi. B\u0259d\u0259niml\u0259 b\u0259rab\u0259r, \u00fcz\u00fcm d\u0259 keyimi\u015fdi. \u00dcz\u00fcmd\u0259ki mimikalar\u0131 yoxlad\u0131qda \u015f\u00fcuralt\u0131 narahat\u00e7\u0131l\u0131\u011f\u0131 a\u00e7\u0131q duyurdum. \u0130nsan \u00fcz\u00fcnd\u0259ki iflic \u0259lam\u0259tl\u0259rinin yaranma hallar\u0131ndan x\u0259b\u0259rim var. Bir anl\u0131q donman\u0131 iflic kimi ba\u015fa d\u00fc\u015fm\u00fc\u015fd\u00fcm.\n<\/p>\n<p>\n  Bu s\u0259tirl\u0259ri yazd\u0131qca bel\u0259 daxilimd\u0259ki narahatl\u0131\u011f\u0131, \u00fcr\u0259yimin bir ba\u015fqa c\u00fcr d\u00f6y\u00fcnd\u00fcy\u00fcn\u00fc a\u015fkar duyuram. B\u0259li, bu ifad\u0259nin Az\u0259rbaycanda ictimai \u015f\u0259kild\u0259 s\u0259sl\u0259nm\u0259sinin n\u0259 q\u0259d\u0259r t\u0259bii oldu\u011funu da ba\u015fa d\u00fc\u015f\u00fcr\u0259m. Amma yen\u0259 d\u0259 t\u0259\u0259cc\u00fcbl\u0259nm\u0259m\u0259k, sosial v\u0259 psixoloji \u015fok ya\u015famamaq \u00f6z \u0259limd\u0259 deyil. Bir \u00e7ox adam ola bilsin bu q\u0259bild\u0259n olan ifad\u0259l\u0259ri rahat q\u0259bul edir v\u0259 adi d\u0259 qar\u015f\u0131lay\u0131r. Bu, onlar\u0131n \u00f6z i\u015fidir. Onsuz da onlar\u0131n bel\u0259 hallar\u0131 adi, t\u0259bii qar\u015f\u0131lamas\u0131 v\u0259 h\u0259zm etm\u0259si hesab\u0131na bu c\u00fcr pis g\u00fcnl\u0259r\u0259 g\u0259lib \u00e7\u0131xm\u0131\u015f\u0131q. C\u0259miyy\u0259t affekt v\u0259ziyy\u0259tind\u0259dir. Neqativl\u0259r normativ\u0259 \u00e7evirilib. \u0130nsanlar dolay\u0131 v\u0259 a\u00e7\u0131q yollarla t\u0259hqir v\u0259 istismar olunmalar\u0131n\u0131 adi \u015f\u0259kild\u0259 qar\u015f\u0131lay\u0131rlar.\n<\/p>\n<p>\n  K\u00fctl\u0259vi zombi \u0259lam\u0259tl\u0259rinin ba\u015f ald\u0131\u011f\u0131 c\u0259miyy\u0259td\u0259 olsa bel\u0259, h\u0259min ifad\u0259l\u0259r m\u0259nim v\u0259 t\u0259\u0259ss\u00fcb\u00fcn\u00fc \u00e7\u0259kdiyim xalq\u0131m\u0131n heysiyyat\u0131na toxundu\u011fu \u00fc\u00e7\u00fcn adi qar\u015f\u0131laya bilmir\u0259m. S\u00f6zl\u0259rimd\u0259 he\u00e7 bir populizm v\u0259 psevdo toxumlar\u0131 yoxdur. G\u00f6z\u00fcm\u00fcn \u00f6n\u00fcnd\u0259 Qaraba\u011fda \u0259n b\u00f6y\u00fck nem\u0259tl\u0259rd\u0259n biri say\u0131lan sa\u011flaml\u0131\u011f\u0131n\u0131 itir\u0259n insanlar canlan\u0131r. V\u0259t\u0259n u\u011frunda yerim\u0259 qabiliyy\u0259tini itir\u0259n \u015f\u0259xsl\u0259rin \u00fcz\u00fcnd\u0259ki k\u0259d\u0259r, q\u00fcrur v\u0259 x\u0259rcl\u0259nmi\u015f \u0259s\u0259bin notlar\u0131 g\u00f6z\u00fcm\u00fcn \u00f6n\u00fcnd\u0259n \u00e7\u0259kilmir. Onlar sa\u011flaml\u0131q nem\u0259tl\u0259rini \u015f\u0259r\u0259fl\u0259, qar\u015f\u0131l\u0131qs\u0131z m\u0259h\u0259bb\u0259tl\u0259 V\u0259t\u0259n\u0259 qurban verdikl\u0259ri halda, d\u00f6vl\u0259t t\u0259msil\u00e7isi bu g\u00fcn onlara d\u0259rman v\u0259 n\u0259qliyyat\u0131 t\u0259m\u0259nna il\u0259 verm\u0259k ist\u0259yir.\n<\/p>\n<p>\n  B\u00fct\u00fcn bunlar\u0131n fonunda is\u0259 m\u0259nas\u0131z idman yar\u0131\u015flar\u0131 zaman\u0131 \u00f6lk\u0259y\u0259 g\u0259l\u0259n turistl\u0259rin yem\u0259k-i\u00e7m\u0259k v\u0259 n\u0259qliyyat hesablar\u0131 \u00e7ox asanl\u0131qla d\u00f6vl\u0259t t\u0259r\u0259find\u0259n \u00f6d\u0259nilir. Bir daha bel\u0259 n\u0259tic\u0259y\u0259 g\u0259lirik ki, V\u0259t\u0259n u\u011frunda \u0259lillik qazanan \u015f\u0259xsin d\u0259y\u0259ri v\u0259 h\u00f6rm\u0259ti hans\u0131sa xarici turistin d\u0259y\u0259rinin yan\u0131nda buxarlan\u0131b, yox olur.\n<\/p>\n<p>\n  Bel\u0259 v\u0259ziyy\u0259td\u0259 is\u0259 Had\u0131 kimi adamlar\u0131n h\u0259l\u0259 d\u0259 &#8220;mill\u0259t v\u0259kili&#8221; ad\u0131n\u0131 da\u015f\u0131mas\u0131 Qaraba\u011fda sava\u015fm\u0131\u015f insanlara, el\u0259c\u0259 d\u0259 mill\u0259tini sev\u0259n vicdanl\u0131 \u015f\u0259xsl\u0259r\u0259 qar\u015f\u0131 psixoloji t\u0259zyiq \u00fcsuludur. Y\u0259ni deyirl\u0259r ki, qoy, \u00fcr\u0259yiniz partlas\u0131n&#8230;<\/p>\n","protected":false},"excerpt":{"rendered":"<p>Tez-tez d\u00f6vl\u0259t m\u0259murlar\u0131n\u0131n, deputatlar\u0131n absurd, biab\u0131r\u00e7\u0131 fikirl\u0259rini e\u015fidirik<\/p>\n","protected":false},"author":11,"featured_media":47490,"comment_status":"closed","ping_status":"open","sticky":false,"template":"","format":"standard","meta":{"_acf_changed":false,"_sitemap_exclude":false,"_sitemap_priority":"","_sitemap_frequency":"","footnotes":""},"categories":[57],"tags":[],"class_list":["post-180283","post","type-post","status-publish","format-standard","has-post-thumbnail","hentry","category-menim-fikrimce","infinite-scroll-item","generate-columns","tablet-grid-50","mobile-grid-100","grid-parent","grid-33","no-featured-image-padding"],"acf":[],"yoast_head":"<!-- This site is optimized with the Yoast SEO plugin v27.5 - https:\/\/yoast.com\/product\/yoast-seo-wordpress\/ -->\n<title>\u00dcr\u0259yimizi partlatmaq ist\u0259y\u0259nl\u0259r - MEYDAN.TV<\/title>\n<meta name=\"robots\" content=\"index, follow, max-snippet:-1, max-image-preview:large, max-video-preview:-1\" \/>\n<link rel=\"canonical\" href=\"https:\/\/www.meydan.tv\/az\/article\/ureyimizi-partlatmaq-isteyenler\/\" \/>\n<meta property=\"og:locale\" content=\"az_AZ\" \/>\n<meta property=\"og:type\" content=\"article\" \/>\n<meta property=\"og:title\" content=\"\u00dcr\u0259yimizi partlatmaq ist\u0259y\u0259nl\u0259r - MEYDAN.TV\" \/>\n<meta property=\"og:description\" content=\"Tez-tez d\u00f6vl\u0259t m\u0259murlar\u0131n\u0131n, deputatlar\u0131n absurd, biab\u0131r\u00e7\u0131 fikirl\u0259rini e\u015fidirik\" \/>\n<meta property=\"og:url\" content=\"https:\/\/www.meydan.tv\/az\/article\/ureyimizi-partlatmaq-isteyenler\/\" \/>\n<meta property=\"og:site_name\" content=\"MEYDAN.TV\" \/>\n<meta property=\"article:published_time\" content=\"2016-11-09T00:07:15+00:00\" \/>\n<meta property=\"og:image\" content=\"https:\/\/www.meydan.tv\/wp-content\/uploads\/17796.jpg\" \/>\n\t<meta property=\"og:image:width\" content=\"500\" \/>\n\t<meta property=\"og:image:height\" content=\"500\" \/>\n\t<meta property=\"og:image:type\" content=\"image\/jpeg\" \/>\n<meta name=\"author\" content=\"user-manager\" \/>\n<meta name=\"twitter:card\" content=\"summary_large_image\" \/>\n<script type=\"application\/ld+json\" class=\"yoast-schema-graph\">{\"@context\":\"https:\\\/\\\/schema.org\",\"@graph\":[{\"@type\":\"Article\",\"@id\":\"https:\\\/\\\/www.meydan.tv\\\/az\\\/article\\\/ureyimizi-partlatmaq-isteyenler\\\/#article\",\"isPartOf\":{\"@id\":\"https:\\\/\\\/www.meydan.tv\\\/az\\\/article\\\/ureyimizi-partlatmaq-isteyenler\\\/\"},\"author\":{\"name\":\"user-manager\",\"@id\":\"https:\\\/\\\/www.meydan.tv\\\/az\\\/#\\\/schema\\\/person\\\/10d11eccf6da3662cf5fdab9806ea91a\"},\"headline\":\"\u00dcr\u0259yimizi partlatmaq ist\u0259y\u0259nl\u0259r\",\"datePublished\":\"2016-11-09T00:07:15+00:00\",\"mainEntityOfPage\":{\"@id\":\"https:\\\/\\\/www.meydan.tv\\\/az\\\/article\\\/ureyimizi-partlatmaq-isteyenler\\\/\"},\"wordCount\":968,\"publisher\":{\"@id\":\"https:\\\/\\\/www.meydan.tv\\\/az\\\/#organization\"},\"image\":{\"@id\":\"https:\\\/\\\/www.meydan.tv\\\/az\\\/article\\\/ureyimizi-partlatmaq-isteyenler\\\/#primaryimage\"},\"thumbnailUrl\":\"https:\\\/\\\/www.meydan.tv\\\/wp-content\\\/uploads\\\/17796.jpg\",\"articleSection\":[\"M\u0259nim Fikrimc\u0259\"],\"inLanguage\":\"az\"},{\"@type\":\"WebPage\",\"@id\":\"https:\\\/\\\/www.meydan.tv\\\/az\\\/article\\\/ureyimizi-partlatmaq-isteyenler\\\/\",\"url\":\"https:\\\/\\\/www.meydan.tv\\\/az\\\/article\\\/ureyimizi-partlatmaq-isteyenler\\\/\",\"name\":\"\u00dcr\u0259yimizi partlatmaq ist\u0259y\u0259nl\u0259r - MEYDAN.TV\",\"isPartOf\":{\"@id\":\"https:\\\/\\\/www.meydan.tv\\\/az\\\/#website\"},\"primaryImageOfPage\":{\"@id\":\"https:\\\/\\\/www.meydan.tv\\\/az\\\/article\\\/ureyimizi-partlatmaq-isteyenler\\\/#primaryimage\"},\"image\":{\"@id\":\"https:\\\/\\\/www.meydan.tv\\\/az\\\/article\\\/ureyimizi-partlatmaq-isteyenler\\\/#primaryimage\"},\"thumbnailUrl\":\"https:\\\/\\\/www.meydan.tv\\\/wp-content\\\/uploads\\\/17796.jpg\",\"datePublished\":\"2016-11-09T00:07:15+00:00\",\"breadcrumb\":{\"@id\":\"https:\\\/\\\/www.meydan.tv\\\/az\\\/article\\\/ureyimizi-partlatmaq-isteyenler\\\/#breadcrumb\"},\"inLanguage\":\"az\",\"potentialAction\":[{\"@type\":\"ReadAction\",\"target\":[\"https:\\\/\\\/www.meydan.tv\\\/az\\\/article\\\/ureyimizi-partlatmaq-isteyenler\\\/\"]}]},{\"@type\":\"ImageObject\",\"inLanguage\":\"az\",\"@id\":\"https:\\\/\\\/www.meydan.tv\\\/az\\\/article\\\/ureyimizi-partlatmaq-isteyenler\\\/#primaryimage\",\"url\":\"https:\\\/\\\/www.meydan.tv\\\/wp-content\\\/uploads\\\/17796.jpg\",\"contentUrl\":\"https:\\\/\\\/www.meydan.tv\\\/wp-content\\\/uploads\\\/17796.jpg\",\"width\":500,\"height\":500,\"caption\":\"Source:\"},{\"@type\":\"BreadcrumbList\",\"@id\":\"https:\\\/\\\/www.meydan.tv\\\/az\\\/article\\\/ureyimizi-partlatmaq-isteyenler\\\/#breadcrumb\",\"itemListElement\":[{\"@type\":\"ListItem\",\"position\":1,\"name\":\"Ana s\u0259hif\u0259\",\"item\":\"https:\\\/\\\/www.meydan.tv\\\/az\\\/\"},{\"@type\":\"ListItem\",\"position\":2,\"name\":\"M\u0259nim Fikrimc\u0259\",\"item\":\"https:\\\/\\\/www.meydan.tv\\\/az\\\/section\\\/menim-fikrimce\\\/\"},{\"@type\":\"ListItem\",\"position\":3,\"name\":\"\u00dcr\u0259yimizi partlatmaq ist\u0259y\u0259nl\u0259r\"}]},{\"@type\":\"WebSite\",\"@id\":\"https:\\\/\\\/www.meydan.tv\\\/az\\\/#website\",\"url\":\"https:\\\/\\\/www.meydan.tv\\\/az\\\/\",\"name\":\"MEYDAN.TV\",\"description\":\"Meydan TV Az\u0259rbaycan\u0131n media m\u0259kan\u0131ndak\u0131 alternativ s\u0259sidir\",\"publisher\":{\"@id\":\"https:\\\/\\\/www.meydan.tv\\\/az\\\/#organization\"},\"potentialAction\":[{\"@type\":\"SearchAction\",\"target\":{\"@type\":\"EntryPoint\",\"urlTemplate\":\"https:\\\/\\\/www.meydan.tv\\\/az\\\/?s={search_term_string}\"},\"query-input\":{\"@type\":\"PropertyValueSpecification\",\"valueRequired\":true,\"valueName\":\"search_term_string\"}}],\"inLanguage\":\"az\"},{\"@type\":\"Organization\",\"@id\":\"https:\\\/\\\/www.meydan.tv\\\/az\\\/#organization\",\"name\":\"Meydan TV\",\"url\":\"https:\\\/\\\/www.meydan.tv\\\/az\\\/\",\"logo\":{\"@type\":\"ImageObject\",\"inLanguage\":\"az\",\"@id\":\"https:\\\/\\\/www.meydan.tv\\\/az\\\/#\\\/schema\\\/logo\\\/image\\\/\",\"url\":\"https:\\\/\\\/www.meydan.tv\\\/wp-content\\\/uploads\\\/2021\\\/07\\\/meydan-logo.svg\",\"contentUrl\":\"https:\\\/\\\/www.meydan.tv\\\/wp-content\\\/uploads\\\/2021\\\/07\\\/meydan-logo.svg\",\"width\":195,\"height\":46,\"caption\":\"Meydan TV\"},\"image\":{\"@id\":\"https:\\\/\\\/www.meydan.tv\\\/az\\\/#\\\/schema\\\/logo\\\/image\\\/\"}},{\"@type\":\"Person\",\"@id\":\"https:\\\/\\\/www.meydan.tv\\\/az\\\/#\\\/schema\\\/person\\\/10d11eccf6da3662cf5fdab9806ea91a\",\"name\":\"user-manager\"}]}<\/script>\n<!-- \/ Yoast SEO plugin. -->","yoast_head_json":{"title":"\u00dcr\u0259yimizi partlatmaq ist\u0259y\u0259nl\u0259r - MEYDAN.TV","robots":{"index":"index","follow":"follow","max-snippet":"max-snippet:-1","max-image-preview":"max-image-preview:large","max-video-preview":"max-video-preview:-1"},"canonical":"https:\/\/www.meydan.tv\/az\/article\/ureyimizi-partlatmaq-isteyenler\/","og_locale":"az_AZ","og_type":"article","og_title":"\u00dcr\u0259yimizi partlatmaq ist\u0259y\u0259nl\u0259r - MEYDAN.TV","og_description":"Tez-tez d\u00f6vl\u0259t m\u0259murlar\u0131n\u0131n, deputatlar\u0131n absurd, biab\u0131r\u00e7\u0131 fikirl\u0259rini e\u015fidirik","og_url":"https:\/\/www.meydan.tv\/az\/article\/ureyimizi-partlatmaq-isteyenler\/","og_site_name":"MEYDAN.TV","article_published_time":"2016-11-09T00:07:15+00:00","og_image":[{"width":500,"height":500,"url":"https:\/\/www.meydan.tv\/wp-content\/uploads\/17796.jpg","type":"image\/jpeg"}],"author":"user-manager","twitter_card":"summary_large_image","schema":{"@context":"https:\/\/schema.org","@graph":[{"@type":"Article","@id":"https:\/\/www.meydan.tv\/az\/article\/ureyimizi-partlatmaq-isteyenler\/#article","isPartOf":{"@id":"https:\/\/www.meydan.tv\/az\/article\/ureyimizi-partlatmaq-isteyenler\/"},"author":{"name":"user-manager","@id":"https:\/\/www.meydan.tv\/az\/#\/schema\/person\/10d11eccf6da3662cf5fdab9806ea91a"},"headline":"\u00dcr\u0259yimizi partlatmaq ist\u0259y\u0259nl\u0259r","datePublished":"2016-11-09T00:07:15+00:00","mainEntityOfPage":{"@id":"https:\/\/www.meydan.tv\/az\/article\/ureyimizi-partlatmaq-isteyenler\/"},"wordCount":968,"publisher":{"@id":"https:\/\/www.meydan.tv\/az\/#organization"},"image":{"@id":"https:\/\/www.meydan.tv\/az\/article\/ureyimizi-partlatmaq-isteyenler\/#primaryimage"},"thumbnailUrl":"https:\/\/www.meydan.tv\/wp-content\/uploads\/17796.jpg","articleSection":["M\u0259nim Fikrimc\u0259"],"inLanguage":"az"},{"@type":"WebPage","@id":"https:\/\/www.meydan.tv\/az\/article\/ureyimizi-partlatmaq-isteyenler\/","url":"https:\/\/www.meydan.tv\/az\/article\/ureyimizi-partlatmaq-isteyenler\/","name":"\u00dcr\u0259yimizi partlatmaq ist\u0259y\u0259nl\u0259r - MEYDAN.TV","isPartOf":{"@id":"https:\/\/www.meydan.tv\/az\/#website"},"primaryImageOfPage":{"@id":"https:\/\/www.meydan.tv\/az\/article\/ureyimizi-partlatmaq-isteyenler\/#primaryimage"},"image":{"@id":"https:\/\/www.meydan.tv\/az\/article\/ureyimizi-partlatmaq-isteyenler\/#primaryimage"},"thumbnailUrl":"https:\/\/www.meydan.tv\/wp-content\/uploads\/17796.jpg","datePublished":"2016-11-09T00:07:15+00:00","breadcrumb":{"@id":"https:\/\/www.meydan.tv\/az\/article\/ureyimizi-partlatmaq-isteyenler\/#breadcrumb"},"inLanguage":"az","potentialAction":[{"@type":"ReadAction","target":["https:\/\/www.meydan.tv\/az\/article\/ureyimizi-partlatmaq-isteyenler\/"]}]},{"@type":"ImageObject","inLanguage":"az","@id":"https:\/\/www.meydan.tv\/az\/article\/ureyimizi-partlatmaq-isteyenler\/#primaryimage","url":"https:\/\/www.meydan.tv\/wp-content\/uploads\/17796.jpg","contentUrl":"https:\/\/www.meydan.tv\/wp-content\/uploads\/17796.jpg","width":500,"height":500,"caption":"Source:"},{"@type":"BreadcrumbList","@id":"https:\/\/www.meydan.tv\/az\/article\/ureyimizi-partlatmaq-isteyenler\/#breadcrumb","itemListElement":[{"@type":"ListItem","position":1,"name":"Ana s\u0259hif\u0259","item":"https:\/\/www.meydan.tv\/az\/"},{"@type":"ListItem","position":2,"name":"M\u0259nim Fikrimc\u0259","item":"https:\/\/www.meydan.tv\/az\/section\/menim-fikrimce\/"},{"@type":"ListItem","position":3,"name":"\u00dcr\u0259yimizi partlatmaq ist\u0259y\u0259nl\u0259r"}]},{"@type":"WebSite","@id":"https:\/\/www.meydan.tv\/az\/#website","url":"https:\/\/www.meydan.tv\/az\/","name":"MEYDAN.TV","description":"Meydan TV Az\u0259rbaycan\u0131n media m\u0259kan\u0131ndak\u0131 alternativ s\u0259sidir","publisher":{"@id":"https:\/\/www.meydan.tv\/az\/#organization"},"potentialAction":[{"@type":"SearchAction","target":{"@type":"EntryPoint","urlTemplate":"https:\/\/www.meydan.tv\/az\/?s={search_term_string}"},"query-input":{"@type":"PropertyValueSpecification","valueRequired":true,"valueName":"search_term_string"}}],"inLanguage":"az"},{"@type":"Organization","@id":"https:\/\/www.meydan.tv\/az\/#organization","name":"Meydan TV","url":"https:\/\/www.meydan.tv\/az\/","logo":{"@type":"ImageObject","inLanguage":"az","@id":"https:\/\/www.meydan.tv\/az\/#\/schema\/logo\/image\/","url":"https:\/\/www.meydan.tv\/wp-content\/uploads\/2021\/07\/meydan-logo.svg","contentUrl":"https:\/\/www.meydan.tv\/wp-content\/uploads\/2021\/07\/meydan-logo.svg","width":195,"height":46,"caption":"Meydan TV"},"image":{"@id":"https:\/\/www.meydan.tv\/az\/#\/schema\/logo\/image\/"}},{"@type":"Person","@id":"https:\/\/www.meydan.tv\/az\/#\/schema\/person\/10d11eccf6da3662cf5fdab9806ea91a","name":"user-manager"}]}},"_links":{"self":[{"href":"https:\/\/www.meydan.tv\/az\/wp-json\/wp\/v2\/posts\/180283","targetHints":{"allow":["GET"]}}],"collection":[{"href":"https:\/\/www.meydan.tv\/az\/wp-json\/wp\/v2\/posts"}],"about":[{"href":"https:\/\/www.meydan.tv\/az\/wp-json\/wp\/v2\/types\/post"}],"author":[{"embeddable":true,"href":"https:\/\/www.meydan.tv\/az\/wp-json\/wp\/v2\/users\/11"}],"replies":[{"embeddable":true,"href":"https:\/\/www.meydan.tv\/az\/wp-json\/wp\/v2\/comments?post=180283"}],"version-history":[{"count":0,"href":"https:\/\/www.meydan.tv\/az\/wp-json\/wp\/v2\/posts\/180283\/revisions"}],"wp:featuredmedia":[{"embeddable":true,"href":"https:\/\/www.meydan.tv\/az\/wp-json\/wp\/v2\/media\/47490"}],"wp:attachment":[{"href":"https:\/\/www.meydan.tv\/az\/wp-json\/wp\/v2\/media?parent=180283"}],"wp:term":[{"taxonomy":"category","embeddable":true,"href":"https:\/\/www.meydan.tv\/az\/wp-json\/wp\/v2\/categories?post=180283"},{"taxonomy":"post_tag","embeddable":true,"href":"https:\/\/www.meydan.tv\/az\/wp-json\/wp\/v2\/tags?post=180283"}],"curies":[{"name":"wp","href":"https:\/\/api.w.org\/{rel}","templated":true}]}}