{"id":180258,"date":"2016-11-08T14:50:02","date_gmt":"2016-11-08T14:50:02","guid":{"rendered":"https:\/\/www.meydan.tv\/article\/ilqar-velizade-baki-hemsedrlerin-ermenistana-tezyiqini-gozleyir\/"},"modified":"2016-11-08T14:50:02","modified_gmt":"2016-11-08T14:50:02","slug":"ilqar-velizade-baki-hemsedrlerin-ermenistana-tezyiqini-gozleyir","status":"publish","type":"post","link":"https:\/\/www.meydan.tv\/az\/article\/ilqar-velizade-baki-hemsedrlerin-ermenistana-tezyiqini-gozleyir\/","title":{"rendered":"\u0130lqar V\u0259lizad\u0259: Bak\u0131 h\u0259ms\u0259drl\u0259rin Erm\u0259nistana t\u0259zyiqini g\u00f6zl\u0259yir"},"content":{"rendered":"<figure class=\"wp-block-image size-large\">\n  <img decoding=\"async\" src=\"https:\/\/www.meydan.tv\/az\/ilqar-velizade-foto-sosial-sebeke\/\" alt=\"\u0130lqar V\u0259lizad\u0259 foto sosial \u015f\u0259b\u0259k\u0259\" class=\"wp-image-72580\"\/><figcaption>\n    \u0130lqar V\u0259lizad\u0259 foto sosial \u015f\u0259b\u0259k\u0259<br \/>\n  <\/figcaption><\/figure>\n<figure class=\"wp-block-image size-large\">\n  <img decoding=\"async\" src=\"https:\/\/www.meydan.tv\/az\/ilqar-velizade-foto-sosial-sebeke\/\" alt=\"\u0130lqar V\u0259lizad\u0259 foto sosial \u015f\u0259b\u0259k\u0259\" class=\"wp-image-72580\"\/><figcaption>\n    \u0130lqar V\u0259lizad\u0259 foto sosial \u015f\u0259b\u0259k\u0259<br \/>\n  <\/figcaption><\/figure>\n<p>\n  <i><br \/>\n    &#8221;T\u0259zyiq olmasa, Hamburq g\u00f6r\u00fc\u015f\u00fcn\u00fcn he\u00e7 bir perspektivi olmaz&#8221;<br \/>\n  <\/i>\n<\/p>\n<p>\n  Xarici i\u015fl\u0259r naziri Elmar M\u0259mm\u0259dyarov Az\u0259rbaycan v\u0259 Erm\u0259nistan prezidentl\u0259rinin n\u00f6vb\u0259ti g\u00f6r\u00fc\u015f\u00fcn\u00fcn n\u0259 vaxt olaca\u011f\u0131 il\u0259 ba\u011fl\u0131 sual\u0131n cavab\u0131nda deyib ki, Da\u011fl\u0131q Qaraba\u011f m\u00fcnaqi\u015f\u0259nin h\u0259llind\u0259 l\u0259ngim\u0259 var.\n<\/p>\n<p>\n  M\u0259lumat\u0131 \u201cTuran\u201d \u0130A yay\u0131b.\n<\/p>\n<p>\n  Nazirin fikrinc\u0259, prezidentl\u0259rin Sankt-Peterburq g\u00f6r\u00fc\u015f\u00fcnd\u0259n sonra dan\u0131\u015f\u0131larada ir\u0259lil\u0259yi\u015f\u0259 \u00fcmid olub.\n<\/p>\n<p>\n  \u201cBizd\u0259 \u00fcmid yaranm\u0131\u015fd\u0131 ki, d\u00fcz istiqam\u0259td\u0259 i\u015fl\u0259yirik v\u0259 n\u0259tic\u0259 ola bil\u0259r. T\u0259\u0259ss\u00fcf ki, Erm\u0259nistan t\u0259r\u0259fi ir\u0259lil\u0259yi\u015f\u0259 haz\u0131r deyil. \u00d6zl\u0259ri d\u0259 deyirl\u0259r ki, status-kvonu d\u0259yi\u015fm\u0259y\u0259 haz\u0131r deyill\u0259r. Haz\u0131rda xarici i\u015fl\u0259r nazirl\u0259rinin Hamburqda g\u00f6r\u00fc\u015f\u00fc planla\u015fd\u0131r\u0131l\u0131r. H\u0259ms\u0259drl\u0259rin bel\u0259 bir t\u0259klifi var. Az\u0259rbaycan t\u0259r\u0259fi Hamburqda g\u00f6r\u00fc\u015f\u0259 raz\u0131l\u0131q verib. \u0130st\u0259y\u0259rdim \u00fcmidverici s\u00f6z deyim, amma g\u00f6r\u00fcn\u00fcr Erm\u0259nistan t\u0259r\u0259fi m\u0259s\u0259l\u0259ni l\u0259ngidir. Biz Sankt Peterburq m\u00fchitini b\u0259rpa etm\u0259k ist\u0259yirik&#8221;, nazir bildirib.\n<\/p>\n<p>\n  AT\u018fT-\u0259 \u00fczv \u00f6lk\u0259l\u0259rin xarici i\u015fl\u0259r nazirl\u0259rinin Hamburq g\u00f6r\u00fc\u015f\u00fc dekabr\u0131n 8-9-da ke\u00e7iril\u0259c\u0259k.\n<\/p>\n<p>\n  Nazirin fikirl\u0259rini Meydan TV-y\u0259 \u015f\u0259rh ed\u0259n siyasi icmal\u00e7\u0131 \u0130lqar V\u0259lizad\u0259 bildirib ki, r\u0259smi Bak\u0131 Hamburq g\u00f6r\u00fc\u015f\u00fcnd\u0259 h\u0259ms\u0259drl\u0259rin Erm\u0259nistana t\u0259zyiq etm\u0259sini g\u00f6zl\u0259yir:\n<\/p>\n<p>\n  \u201cBu t\u0259zyiq olmasa, Hamburq g\u00f6r\u00fc\u015f\u00fcn\u00fcn he\u00e7 bir perspektivi olmaz. \u00dcmumiyy\u0259tl\u0259, he\u00e7 Hamburqa getm\u0259y\u0259 d\u0259 bir \u0259sas olmayacaq\u201d.\n<\/p>\n<p>\n  Siyasi \u015f\u0259rh\u00e7i deyir ki, masa \u0259traf\u0131nda Az\u0259rbaycan\u0131 qane ed\u0259n bir ne\u00e7\u0259 m\u0259s\u0259l\u0259 var, x\u00fcsusil\u0259 \u0259razil\u0259rin qaytar\u0131lmas\u0131.\n<\/p>\n<p>\n  \u201cElmar M\u0259mm\u0259dyarov da Sank-Peterburq g\u00f6r\u00fc\u015f\u00fcn\u00fcn \u00fcz\u0259rind\u0259 ona g\u00f6r\u0259 dayan\u0131r. \u00c7\u00fcnki Sank-Peterburq g\u00f6r\u00fc\u015f\u00fcnd\u0259 \u0259razil\u0259rin qaytar\u0131lmas\u0131 g\u00fcnd\u0259likd\u0259 olub, Az\u0259rbaycan da Erm\u0259nistan\u0131 h\u0259min g\u00fcnd\u0259liy\u0259 qaytarmaq ist\u0259yir. \u0130r\u0259van is\u0259 yeni g\u00fcnd\u0259lik t\u0259klif edir, bax, burda h\u0259ms\u0259rl\u0259rd\u0259n \u00e7ox \u015fey as\u0131l\u0131d\u0131r. Bu bax\u0131mdan nazir M\u0259mm\u0259dyarov \u00fcmidd\u0259n dan\u0131\u015f\u0131r. Ayd\u0131nd\u0131r ki, Erm\u0259nistan torpaqlar\u0131 ist\u0259mir v\u0259 h\u0259ms\u0259drl\u0259r d\u0259 \u0130r\u0259van\u0131n g\u00fcnd\u0259liyi d\u0259yi\u015fm\u0259k, t\u0259hl\u00fck\u0259sizlik m\u0259s\u0259l\u0259l\u0259rin\u0259 \u00fcst\u00fcnl\u00fck verm\u0259sini d\u0259st\u0259k verirl\u0259r, dolay\u0131s\u0131, yaxud a\u00e7\u0131q&#8221;,-\u0130lqar V\u0259lizad\u0259 bel\u0259 deyib.<\/p>\n","protected":false},"excerpt":{"rendered":"<p>&#8221;T\u0259zyiq olmasa, Hamburq g\u00f6r\u00fc\u015f\u00fcn\u00fcn he\u00e7 bir perspektivi olmaz&#8221;<\/p>\n","protected":false},"author":11,"featured_media":72580,"comment_status":"closed","ping_status":"open","sticky":false,"template":"","format":"standard","meta":{"_acf_changed":false,"_sitemap_exclude":false,"_sitemap_priority":"","_sitemap_frequency":"","footnotes":""},"categories":[51],"tags":[],"class_list":["post-180258","post","type-post","status-publish","format-standard","has-post-thumbnail","hentry","category-analitika","infinite-scroll-item","generate-columns","tablet-grid-50","mobile-grid-100","grid-parent","grid-33","no-featured-image-padding"],"acf":[],"yoast_head":"<!-- This site is optimized with the Yoast SEO plugin v27.5 - https:\/\/yoast.com\/product\/yoast-seo-wordpress\/ -->\n<title>\u0130lqar V\u0259lizad\u0259: Bak\u0131 h\u0259ms\u0259drl\u0259rin Erm\u0259nistana t\u0259zyiqini g\u00f6zl\u0259yir - MEYDAN.TV<\/title>\n<meta name=\"robots\" content=\"index, follow, max-snippet:-1, max-image-preview:large, max-video-preview:-1\" \/>\n<link rel=\"canonical\" href=\"https:\/\/www.meydan.tv\/az\/article\/ilqar-velizade-baki-hemsedrlerin-ermenistana-tezyiqini-gozleyir\/\" \/>\n<meta property=\"og:locale\" content=\"az_AZ\" \/>\n<meta property=\"og:type\" content=\"article\" \/>\n<meta property=\"og:title\" content=\"\u0130lqar V\u0259lizad\u0259: Bak\u0131 h\u0259ms\u0259drl\u0259rin Erm\u0259nistana t\u0259zyiqini g\u00f6zl\u0259yir - MEYDAN.TV\" \/>\n<meta property=\"og:description\" content=\"&#039;&#039;T\u0259zyiq olmasa, Hamburq g\u00f6r\u00fc\u015f\u00fcn\u00fcn he\u00e7 bir perspektivi olmaz&#039;&#039;\" \/>\n<meta property=\"og:url\" content=\"https:\/\/www.meydan.tv\/az\/article\/ilqar-velizade-baki-hemsedrlerin-ermenistana-tezyiqini-gozleyir\/\" \/>\n<meta property=\"og:site_name\" content=\"MEYDAN.TV\" \/>\n<meta property=\"article:published_time\" content=\"2016-11-08T14:50:02+00:00\" \/>\n<meta property=\"og:image\" content=\"https:\/\/www.meydan.tv\/wp-content\/uploads\/27937.jpg\" \/>\n\t<meta property=\"og:image:width\" content=\"500\" \/>\n\t<meta property=\"og:image:height\" content=\"400\" \/>\n\t<meta property=\"og:image:type\" content=\"image\/jpeg\" \/>\n<meta name=\"author\" content=\"user-manager\" \/>\n<meta name=\"twitter:card\" content=\"summary_large_image\" \/>\n<script type=\"application\/ld+json\" class=\"yoast-schema-graph\">{\"@context\":\"https:\\\/\\\/schema.org\",\"@graph\":[{\"@type\":\"Article\",\"@id\":\"https:\\\/\\\/www.meydan.tv\\\/az\\\/article\\\/ilqar-velizade-baki-hemsedrlerin-ermenistana-tezyiqini-gozleyir\\\/#article\",\"isPartOf\":{\"@id\":\"https:\\\/\\\/www.meydan.tv\\\/az\\\/article\\\/ilqar-velizade-baki-hemsedrlerin-ermenistana-tezyiqini-gozleyir\\\/\"},\"author\":{\"name\":\"user-manager\",\"@id\":\"https:\\\/\\\/www.meydan.tv\\\/az\\\/#\\\/schema\\\/person\\\/10d11eccf6da3662cf5fdab9806ea91a\"},\"headline\":\"\u0130lqar V\u0259lizad\u0259: Bak\u0131 h\u0259ms\u0259drl\u0259rin Erm\u0259nistana t\u0259zyiqini g\u00f6zl\u0259yir\",\"datePublished\":\"2016-11-08T14:50:02+00:00\",\"mainEntityOfPage\":{\"@id\":\"https:\\\/\\\/www.meydan.tv\\\/az\\\/article\\\/ilqar-velizade-baki-hemsedrlerin-ermenistana-tezyiqini-gozleyir\\\/\"},\"wordCount\":470,\"publisher\":{\"@id\":\"https:\\\/\\\/www.meydan.tv\\\/az\\\/#organization\"},\"image\":{\"@id\":\"https:\\\/\\\/www.meydan.tv\\\/az\\\/article\\\/ilqar-velizade-baki-hemsedrlerin-ermenistana-tezyiqini-gozleyir\\\/#primaryimage\"},\"thumbnailUrl\":\"https:\\\/\\\/www.meydan.tv\\\/wp-content\\\/uploads\\\/27937.jpg\",\"articleSection\":[\"Analitika\"],\"inLanguage\":\"az\"},{\"@type\":\"WebPage\",\"@id\":\"https:\\\/\\\/www.meydan.tv\\\/az\\\/article\\\/ilqar-velizade-baki-hemsedrlerin-ermenistana-tezyiqini-gozleyir\\\/\",\"url\":\"https:\\\/\\\/www.meydan.tv\\\/az\\\/article\\\/ilqar-velizade-baki-hemsedrlerin-ermenistana-tezyiqini-gozleyir\\\/\",\"name\":\"\u0130lqar V\u0259lizad\u0259: Bak\u0131 h\u0259ms\u0259drl\u0259rin Erm\u0259nistana t\u0259zyiqini g\u00f6zl\u0259yir - MEYDAN.TV\",\"isPartOf\":{\"@id\":\"https:\\\/\\\/www.meydan.tv\\\/az\\\/#website\"},\"primaryImageOfPage\":{\"@id\":\"https:\\\/\\\/www.meydan.tv\\\/az\\\/article\\\/ilqar-velizade-baki-hemsedrlerin-ermenistana-tezyiqini-gozleyir\\\/#primaryimage\"},\"image\":{\"@id\":\"https:\\\/\\\/www.meydan.tv\\\/az\\\/article\\\/ilqar-velizade-baki-hemsedrlerin-ermenistana-tezyiqini-gozleyir\\\/#primaryimage\"},\"thumbnailUrl\":\"https:\\\/\\\/www.meydan.tv\\\/wp-content\\\/uploads\\\/27937.jpg\",\"datePublished\":\"2016-11-08T14:50:02+00:00\",\"breadcrumb\":{\"@id\":\"https:\\\/\\\/www.meydan.tv\\\/az\\\/article\\\/ilqar-velizade-baki-hemsedrlerin-ermenistana-tezyiqini-gozleyir\\\/#breadcrumb\"},\"inLanguage\":\"az\",\"potentialAction\":[{\"@type\":\"ReadAction\",\"target\":[\"https:\\\/\\\/www.meydan.tv\\\/az\\\/article\\\/ilqar-velizade-baki-hemsedrlerin-ermenistana-tezyiqini-gozleyir\\\/\"]}]},{\"@type\":\"ImageObject\",\"inLanguage\":\"az\",\"@id\":\"https:\\\/\\\/www.meydan.tv\\\/az\\\/article\\\/ilqar-velizade-baki-hemsedrlerin-ermenistana-tezyiqini-gozleyir\\\/#primaryimage\",\"url\":\"https:\\\/\\\/www.meydan.tv\\\/wp-content\\\/uploads\\\/27937.jpg\",\"contentUrl\":\"https:\\\/\\\/www.meydan.tv\\\/wp-content\\\/uploads\\\/27937.jpg\",\"width\":500,\"height\":400,\"caption\":\"Source:\"},{\"@type\":\"BreadcrumbList\",\"@id\":\"https:\\\/\\\/www.meydan.tv\\\/az\\\/article\\\/ilqar-velizade-baki-hemsedrlerin-ermenistana-tezyiqini-gozleyir\\\/#breadcrumb\",\"itemListElement\":[{\"@type\":\"ListItem\",\"position\":1,\"name\":\"Ana s\u0259hif\u0259\",\"item\":\"https:\\\/\\\/www.meydan.tv\\\/az\\\/\"},{\"@type\":\"ListItem\",\"position\":2,\"name\":\"Analitika\",\"item\":\"https:\\\/\\\/www.meydan.tv\\\/az\\\/section\\\/analitika\\\/\"},{\"@type\":\"ListItem\",\"position\":3,\"name\":\"\u0130lqar V\u0259lizad\u0259: Bak\u0131 h\u0259ms\u0259drl\u0259rin Erm\u0259nistana t\u0259zyiqini g\u00f6zl\u0259yir\"}]},{\"@type\":\"WebSite\",\"@id\":\"https:\\\/\\\/www.meydan.tv\\\/az\\\/#website\",\"url\":\"https:\\\/\\\/www.meydan.tv\\\/az\\\/\",\"name\":\"MEYDAN.TV\",\"description\":\"Meydan TV Az\u0259rbaycan\u0131n media m\u0259kan\u0131ndak\u0131 alternativ s\u0259sidir\",\"publisher\":{\"@id\":\"https:\\\/\\\/www.meydan.tv\\\/az\\\/#organization\"},\"potentialAction\":[{\"@type\":\"SearchAction\",\"target\":{\"@type\":\"EntryPoint\",\"urlTemplate\":\"https:\\\/\\\/www.meydan.tv\\\/az\\\/?s={search_term_string}\"},\"query-input\":{\"@type\":\"PropertyValueSpecification\",\"valueRequired\":true,\"valueName\":\"search_term_string\"}}],\"inLanguage\":\"az\"},{\"@type\":\"Organization\",\"@id\":\"https:\\\/\\\/www.meydan.tv\\\/az\\\/#organization\",\"name\":\"Meydan TV\",\"url\":\"https:\\\/\\\/www.meydan.tv\\\/az\\\/\",\"logo\":{\"@type\":\"ImageObject\",\"inLanguage\":\"az\",\"@id\":\"https:\\\/\\\/www.meydan.tv\\\/az\\\/#\\\/schema\\\/logo\\\/image\\\/\",\"url\":\"https:\\\/\\\/www.meydan.tv\\\/wp-content\\\/uploads\\\/2021\\\/07\\\/meydan-logo.svg\",\"contentUrl\":\"https:\\\/\\\/www.meydan.tv\\\/wp-content\\\/uploads\\\/2021\\\/07\\\/meydan-logo.svg\",\"width\":195,\"height\":46,\"caption\":\"Meydan TV\"},\"image\":{\"@id\":\"https:\\\/\\\/www.meydan.tv\\\/az\\\/#\\\/schema\\\/logo\\\/image\\\/\"}},{\"@type\":\"Person\",\"@id\":\"https:\\\/\\\/www.meydan.tv\\\/az\\\/#\\\/schema\\\/person\\\/10d11eccf6da3662cf5fdab9806ea91a\",\"name\":\"user-manager\"}]}<\/script>\n<!-- \/ Yoast SEO plugin. -->","yoast_head_json":{"title":"\u0130lqar V\u0259lizad\u0259: Bak\u0131 h\u0259ms\u0259drl\u0259rin Erm\u0259nistana t\u0259zyiqini g\u00f6zl\u0259yir - MEYDAN.TV","robots":{"index":"index","follow":"follow","max-snippet":"max-snippet:-1","max-image-preview":"max-image-preview:large","max-video-preview":"max-video-preview:-1"},"canonical":"https:\/\/www.meydan.tv\/az\/article\/ilqar-velizade-baki-hemsedrlerin-ermenistana-tezyiqini-gozleyir\/","og_locale":"az_AZ","og_type":"article","og_title":"\u0130lqar V\u0259lizad\u0259: Bak\u0131 h\u0259ms\u0259drl\u0259rin Erm\u0259nistana t\u0259zyiqini g\u00f6zl\u0259yir - MEYDAN.TV","og_description":"''T\u0259zyiq olmasa, Hamburq g\u00f6r\u00fc\u015f\u00fcn\u00fcn he\u00e7 bir perspektivi olmaz''","og_url":"https:\/\/www.meydan.tv\/az\/article\/ilqar-velizade-baki-hemsedrlerin-ermenistana-tezyiqini-gozleyir\/","og_site_name":"MEYDAN.TV","article_published_time":"2016-11-08T14:50:02+00:00","og_image":[{"width":500,"height":400,"url":"https:\/\/www.meydan.tv\/wp-content\/uploads\/27937.jpg","type":"image\/jpeg"}],"author":"user-manager","twitter_card":"summary_large_image","schema":{"@context":"https:\/\/schema.org","@graph":[{"@type":"Article","@id":"https:\/\/www.meydan.tv\/az\/article\/ilqar-velizade-baki-hemsedrlerin-ermenistana-tezyiqini-gozleyir\/#article","isPartOf":{"@id":"https:\/\/www.meydan.tv\/az\/article\/ilqar-velizade-baki-hemsedrlerin-ermenistana-tezyiqini-gozleyir\/"},"author":{"name":"user-manager","@id":"https:\/\/www.meydan.tv\/az\/#\/schema\/person\/10d11eccf6da3662cf5fdab9806ea91a"},"headline":"\u0130lqar V\u0259lizad\u0259: Bak\u0131 h\u0259ms\u0259drl\u0259rin Erm\u0259nistana t\u0259zyiqini g\u00f6zl\u0259yir","datePublished":"2016-11-08T14:50:02+00:00","mainEntityOfPage":{"@id":"https:\/\/www.meydan.tv\/az\/article\/ilqar-velizade-baki-hemsedrlerin-ermenistana-tezyiqini-gozleyir\/"},"wordCount":470,"publisher":{"@id":"https:\/\/www.meydan.tv\/az\/#organization"},"image":{"@id":"https:\/\/www.meydan.tv\/az\/article\/ilqar-velizade-baki-hemsedrlerin-ermenistana-tezyiqini-gozleyir\/#primaryimage"},"thumbnailUrl":"https:\/\/www.meydan.tv\/wp-content\/uploads\/27937.jpg","articleSection":["Analitika"],"inLanguage":"az"},{"@type":"WebPage","@id":"https:\/\/www.meydan.tv\/az\/article\/ilqar-velizade-baki-hemsedrlerin-ermenistana-tezyiqini-gozleyir\/","url":"https:\/\/www.meydan.tv\/az\/article\/ilqar-velizade-baki-hemsedrlerin-ermenistana-tezyiqini-gozleyir\/","name":"\u0130lqar V\u0259lizad\u0259: Bak\u0131 h\u0259ms\u0259drl\u0259rin Erm\u0259nistana t\u0259zyiqini g\u00f6zl\u0259yir - MEYDAN.TV","isPartOf":{"@id":"https:\/\/www.meydan.tv\/az\/#website"},"primaryImageOfPage":{"@id":"https:\/\/www.meydan.tv\/az\/article\/ilqar-velizade-baki-hemsedrlerin-ermenistana-tezyiqini-gozleyir\/#primaryimage"},"image":{"@id":"https:\/\/www.meydan.tv\/az\/article\/ilqar-velizade-baki-hemsedrlerin-ermenistana-tezyiqini-gozleyir\/#primaryimage"},"thumbnailUrl":"https:\/\/www.meydan.tv\/wp-content\/uploads\/27937.jpg","datePublished":"2016-11-08T14:50:02+00:00","breadcrumb":{"@id":"https:\/\/www.meydan.tv\/az\/article\/ilqar-velizade-baki-hemsedrlerin-ermenistana-tezyiqini-gozleyir\/#breadcrumb"},"inLanguage":"az","potentialAction":[{"@type":"ReadAction","target":["https:\/\/www.meydan.tv\/az\/article\/ilqar-velizade-baki-hemsedrlerin-ermenistana-tezyiqini-gozleyir\/"]}]},{"@type":"ImageObject","inLanguage":"az","@id":"https:\/\/www.meydan.tv\/az\/article\/ilqar-velizade-baki-hemsedrlerin-ermenistana-tezyiqini-gozleyir\/#primaryimage","url":"https:\/\/www.meydan.tv\/wp-content\/uploads\/27937.jpg","contentUrl":"https:\/\/www.meydan.tv\/wp-content\/uploads\/27937.jpg","width":500,"height":400,"caption":"Source:"},{"@type":"BreadcrumbList","@id":"https:\/\/www.meydan.tv\/az\/article\/ilqar-velizade-baki-hemsedrlerin-ermenistana-tezyiqini-gozleyir\/#breadcrumb","itemListElement":[{"@type":"ListItem","position":1,"name":"Ana s\u0259hif\u0259","item":"https:\/\/www.meydan.tv\/az\/"},{"@type":"ListItem","position":2,"name":"Analitika","item":"https:\/\/www.meydan.tv\/az\/section\/analitika\/"},{"@type":"ListItem","position":3,"name":"\u0130lqar V\u0259lizad\u0259: Bak\u0131 h\u0259ms\u0259drl\u0259rin Erm\u0259nistana t\u0259zyiqini g\u00f6zl\u0259yir"}]},{"@type":"WebSite","@id":"https:\/\/www.meydan.tv\/az\/#website","url":"https:\/\/www.meydan.tv\/az\/","name":"MEYDAN.TV","description":"Meydan TV Az\u0259rbaycan\u0131n media m\u0259kan\u0131ndak\u0131 alternativ s\u0259sidir","publisher":{"@id":"https:\/\/www.meydan.tv\/az\/#organization"},"potentialAction":[{"@type":"SearchAction","target":{"@type":"EntryPoint","urlTemplate":"https:\/\/www.meydan.tv\/az\/?s={search_term_string}"},"query-input":{"@type":"PropertyValueSpecification","valueRequired":true,"valueName":"search_term_string"}}],"inLanguage":"az"},{"@type":"Organization","@id":"https:\/\/www.meydan.tv\/az\/#organization","name":"Meydan TV","url":"https:\/\/www.meydan.tv\/az\/","logo":{"@type":"ImageObject","inLanguage":"az","@id":"https:\/\/www.meydan.tv\/az\/#\/schema\/logo\/image\/","url":"https:\/\/www.meydan.tv\/wp-content\/uploads\/2021\/07\/meydan-logo.svg","contentUrl":"https:\/\/www.meydan.tv\/wp-content\/uploads\/2021\/07\/meydan-logo.svg","width":195,"height":46,"caption":"Meydan TV"},"image":{"@id":"https:\/\/www.meydan.tv\/az\/#\/schema\/logo\/image\/"}},{"@type":"Person","@id":"https:\/\/www.meydan.tv\/az\/#\/schema\/person\/10d11eccf6da3662cf5fdab9806ea91a","name":"user-manager"}]}},"_links":{"self":[{"href":"https:\/\/www.meydan.tv\/az\/wp-json\/wp\/v2\/posts\/180258","targetHints":{"allow":["GET"]}}],"collection":[{"href":"https:\/\/www.meydan.tv\/az\/wp-json\/wp\/v2\/posts"}],"about":[{"href":"https:\/\/www.meydan.tv\/az\/wp-json\/wp\/v2\/types\/post"}],"author":[{"embeddable":true,"href":"https:\/\/www.meydan.tv\/az\/wp-json\/wp\/v2\/users\/11"}],"replies":[{"embeddable":true,"href":"https:\/\/www.meydan.tv\/az\/wp-json\/wp\/v2\/comments?post=180258"}],"version-history":[{"count":0,"href":"https:\/\/www.meydan.tv\/az\/wp-json\/wp\/v2\/posts\/180258\/revisions"}],"wp:featuredmedia":[{"embeddable":true,"href":"https:\/\/www.meydan.tv\/az\/wp-json\/wp\/v2\/media\/72580"}],"wp:attachment":[{"href":"https:\/\/www.meydan.tv\/az\/wp-json\/wp\/v2\/media?parent=180258"}],"wp:term":[{"taxonomy":"category","embeddable":true,"href":"https:\/\/www.meydan.tv\/az\/wp-json\/wp\/v2\/categories?post=180258"},{"taxonomy":"post_tag","embeddable":true,"href":"https:\/\/www.meydan.tv\/az\/wp-json\/wp\/v2\/tags?post=180258"}],"curies":[{"name":"wp","href":"https:\/\/api.w.org\/{rel}","templated":true}]}}