{"id":180253,"date":"2016-11-08T12:53:29","date_gmt":"2016-11-08T12:53:29","guid":{"rendered":"https:\/\/www.meydan.tv\/article\/pambiq-eken-fermerler-zerere-meruz-qalacaqlar\/"},"modified":"2016-11-08T12:53:29","modified_gmt":"2016-11-08T12:53:29","slug":"pambiq-eken-fermerler-zerere-meruz-qalacaqlar","status":"publish","type":"post","link":"https:\/\/www.meydan.tv\/az\/article\/pambiq-eken-fermerler-zerere-meruz-qalacaqlar\/","title":{"rendered":"&#8221;Pamb\u0131q \u0259k\u0259n fermerl\u0259r z\u0259r\u0259r\u0259 m\u0259ruz qalacaqlar&#8221;"},"content":{"rendered":"<figure class=\"wp-block-image size-large\">\n  <img decoding=\"async\" src=\"https:\/\/www.meydan.tv\/az\/70522\/\" alt=\"\" class=\"wp-image-70522\"\/><figcaption><\/figcaption><\/figure>\n<p>\n  <i><br \/>\n    Vahid M\u0259h\u0259rr\u0259mov: H\u00f6kum\u0259tin pamb\u0131q\u00e7\u0131l\u0131qla ba\u011fl\u0131 apard\u0131\u011f\u0131 kampaniya h\u0259m fermerl\u0259r\u0259, h\u0259m d\u0259 t\u0259dris\u0259 ziyan vurdu<br \/>\n  <\/i>\n<\/p>\n<p>\n  Noyabr\u0131n 7-i \u00fc\u00e7\u00fcn Az\u0259rbaycanda 50,4 min ton pamb\u0131q y\u0131\u011f\u0131l\u0131b. Bu, \u00f6t\u0259n ilin eyni d\u00f6vr\u00fcnd\u0259kind\u0259n 20,4 min ton \u00e7oxdur.\n<\/p>\n<p>\n  23 rayonda pamb\u0131q y\u0131\u011f\u0131m\u0131 davam edir. D\u00f6vl\u0259t Statistika Komit\u0259sinin m\u0259lumat\u0131na g\u00f6r\u0259, zavodlar\u0131n t\u0259dar\u00fck etdiyi pamb\u0131\u011f\u0131n \u00e7oxu A\u011fcab\u0259di, Saatl\u0131, Sabirabad, \u0130mi\u015fli v\u0259 Bil\u0259suvar\u0131n pay\u0131na d\u00fc\u015f\u00fcr. Bu rayonlar\u0131n pamb\u0131q\u00e7\u0131lar\u0131 birlikd\u0259 26,5 min ton pamb\u0131q y\u0131\u011f\u0131b.\n<\/p>\n<p>\n  K\u0259nd T\u0259s\u0259rr\u00fcfat\u0131 Nazirliyi hesab edir ki, he\u00e7 d\u0259 h\u0259r \u015fey itirilm\u0259yib, q\u0131\u015fa kimi daha 50 min ton pamb\u0131q y\u0131\u011fmaq olar. T\u0259dric\u0259n \u201cAqrolizinq\u201d ASC-nin ald\u0131\u011f\u0131 pamb\u0131qy\u0131\u011fan kombaynlar da sah\u0259y\u0259 \u00e7\u0131x\u0131r.\n<\/p>\n<p>\n  Bu il 52 min 57 ha sah\u0259d\u0259 pamb\u0131q \u0259kilib.\n<\/p>\n<p>\n  <i><br \/>\n    \u201cM\u0259hsuldarl\u0131q keyfiyy\u0259tin y\u00fcks\u0259k olmas\u0131ndan as\u0131l\u0131d\u0131r\u201d<br \/>\n  <\/i>\n<\/p>\n<p>\n  K\u0259nd t\u0259s\u0259rr\u00fcfat\u0131 m\u00fct\u0259x\u0259ssisi Vahid M\u0259h\u0259rr\u0259mov Meydan TV-y\u0259 bildirib ki, \u0259g\u0259r h\u00f6kum\u0259t pamb\u0131\u011f\u0131n \u00e7ox olmas\u0131n\u0131 q\u00fcrurla vur\u011fulay\u0131rsa, ciddi yanl\u0131\u015fl\u0131\u011fa yol verir:\n<\/p>\n<p>\n  \u201c\u018fvv\u0259la m\u0259hsuldarl\u0131\u011f\u0131n az olmas\u0131 m\u0259hsulun keyfiyy\u0259tinin a\u015fa\u011f\u0131 oldu\u011fundan x\u0259b\u0259r verir. M\u0259hsuldarl\u0131q keyfiyy\u0259tin y\u00fcks\u0259k olmas\u0131ndan as\u0131l\u0131d\u0131r. Yaxud m\u0259hsuldarl\u0131q y\u00fcks\u0259kdirs\u0259, keyfiyy\u0259t d\u0259 y\u00fcks\u0259k olur. M\u0259hsulun keyfiyy\u0259tli olmas\u0131 \u00fc\u00e7\u00fcn bitki normal qidalanmal\u0131d\u0131r. Haz\u0131rki durum pamb\u0131q\u00e7\u0131l\u0131qda v\u0259ziyy\u0259tin yax\u015f\u0131 olmad\u0131\u011f\u0131ndan x\u0259b\u0259r verir. Dig\u0259r t\u0259r\u0259fd\u0259n, fermerl\u0259r ciddi z\u0259r\u0259r\u0259 m\u0259ruz qal\u0131r. Onlar h\u0259r hektara 700-800 manat x\u0259rc \u00e7\u0259kirl\u0259r. Ancaq h\u0259r kiloqram \u00fc\u00e7\u00fcn \u0259ld\u0259 ed\u0259c\u0259kl\u0259ri 50 q\u0259piyin 10 q\u0259piyi subsidiya \u00fc\u00e7\u00fcn n\u0259z\u0259rd\u0259 tutulub. Fermerl\u0259r x\u0259rcl\u0259dikl\u0259rinin bir hiss\u0259sini (500-550 manat) \u0259ld\u0259 ed\u0259c\u0259kl\u0259r. Halbuki, 700-800 manat x\u0259rcl\u0259yibl\u0259r. Dem\u0259li, z\u0259r\u0259r\u0259 m\u0259ruz qalacaqlar\u201d.\n<\/p>\n<p>\n  <i><br \/>\n    \u201cD\u00fc\u015f\u00fcn\u00fcr\u0259m ki, k\u0259nd\u00e7il\u0259r g\u0259l\u0259c\u0259kd\u0259 pamb\u0131q\u00e7\u0131l\u0131qla m\u0259\u015f\u011ful olmaq ist\u0259m\u0259y\u0259c\u0259kl\u0259r\u201d<br \/>\n  <\/i>\n<\/p>\n<p>\n  V.M\u0259h\u0259rr\u0259mov hesab edir ki, h\u00f6kum\u0259tin pamb\u0131q\u00e7\u0131l\u0131qla ba\u011fl\u0131 apard\u0131\u011f\u0131 kampaniya h\u0259m fermerl\u0259r\u0259, h\u0259m d\u0259 m\u00fc\u0259lliml\u0259ri i\u015f\u0259 c\u0259lb etm\u0259kl\u0259 t\u0259dris\u0259 ziyan vurdu. N\u0259tic\u0259 etibar\u0131yla m\u0259hsulun keyfiyy\u0259ti a\u015fa\u011f\u0131, m\u0259hsuldarl\u0131q az oldu: \u201cD\u00fc\u015f\u00fcn\u00fcr\u0259m ki, k\u0259nd\u00e7il\u0259r g\u0259l\u0259c\u0259kd\u0259 pamb\u0131q\u00e7\u0131l\u0131qla m\u0259\u015f\u011ful olmaq ist\u0259m\u0259y\u0259c\u0259kl\u0259r\u201d.\n<\/p>\n<p>\n  <i><br \/>\n    \u201cBu sah\u0259ni bil\u0259n pe\u015f\u0259karlar yoxdur\u201d<br \/>\n  <\/i>\n<\/p>\n<p>\n  M\u00fct\u0259x\u0259ssis v\u0259ziyy\u0259tl\u0259 ba\u011fl\u0131 K\u0259nd T\u0259s\u0259rr\u00fcfat\u0131 Nazirliyinin fikirl\u0259rini b\u00f6l\u00fc\u015fm\u0259diyini d\u0259 bildirdi: &#8220;G\u00f6r\u00fcn\u00fcr, Nazirl\u0259r Kabinetind\u0259, K\u0259nd T\u0259s\u0259rr\u00fcfat\u0131 Nazirliyind\u0259 v\u0259 Prezident Administrasiyas\u0131nda bu sah\u0259ni bil\u0259n pe\u015f\u0259karlar yoxdur. Bu adamlar anlam\u0131r ki, pamb\u0131\u011f\u0131n y\u0131\u011f\u0131m m\u00f6vs\u00fcm\u00fc avqust, sentyabr aylar\u0131d\u0131r. Ondan sonrak\u0131 aylarda qozan\u0131n a\u00e7mas\u0131 v\u0259 normal pamb\u0131q \u0259ld\u0259 etm\u0259k m\u00fcmk\u00fcn deyil. Bundan sonra sah\u0259l\u0259r\u0259 x\u0131rc \u00e7\u0259km\u0259k anormall\u0131qd\u0131r. Sah\u0259l\u0259rin yeni \u0259kin i\u015fl\u0259ri apar\u0131lmas\u0131 \u00fc\u00e7\u00fcn yaz aylar\u0131na haz\u0131rlanmas\u0131 yax\u015f\u0131 olard\u0131\u201d.<\/p>\n","protected":false},"excerpt":{"rendered":"<p>Vahid M\u0259h\u0259rr\u0259mov: H\u00f6kum\u0259tin pamb\u0131q\u00e7\u0131l\u0131qla ba\u011fl\u0131 apard\u0131\u011f\u0131 kampaniya h\u0259m fermerl\u0259r\u0259, h\u0259m d\u0259 t\u0259dris\u0259 ziyan vurdu<\/p>\n","protected":false},"author":11,"featured_media":70522,"comment_status":"closed","ping_status":"open","sticky":false,"template":"","format":"standard","meta":{"_acf_changed":false,"_sitemap_exclude":false,"_sitemap_priority":"","_sitemap_frequency":"","footnotes":""},"categories":[51],"tags":[],"class_list":["post-180253","post","type-post","status-publish","format-standard","has-post-thumbnail","hentry","category-analitika","infinite-scroll-item","generate-columns","tablet-grid-50","mobile-grid-100","grid-parent","grid-33","no-featured-image-padding"],"acf":[],"yoast_head":"<!-- This site is optimized with the Yoast SEO plugin v27.5 - https:\/\/yoast.com\/product\/yoast-seo-wordpress\/ -->\n<title>&#039;&#039;Pamb\u0131q \u0259k\u0259n fermerl\u0259r z\u0259r\u0259r\u0259 m\u0259ruz qalacaqlar&#039;&#039; - MEYDAN.TV<\/title>\n<meta name=\"robots\" content=\"index, follow, max-snippet:-1, max-image-preview:large, max-video-preview:-1\" \/>\n<link rel=\"canonical\" href=\"https:\/\/www.meydan.tv\/az\/article\/pambiq-eken-fermerler-zerere-meruz-qalacaqlar\/\" \/>\n<meta property=\"og:locale\" content=\"az_AZ\" \/>\n<meta property=\"og:type\" content=\"article\" \/>\n<meta property=\"og:title\" content=\"&#039;&#039;Pamb\u0131q \u0259k\u0259n fermerl\u0259r z\u0259r\u0259r\u0259 m\u0259ruz qalacaqlar&#039;&#039; - MEYDAN.TV\" \/>\n<meta property=\"og:description\" content=\"Vahid M\u0259h\u0259rr\u0259mov: H\u00f6kum\u0259tin pamb\u0131q\u00e7\u0131l\u0131qla ba\u011fl\u0131 apard\u0131\u011f\u0131 kampaniya h\u0259m fermerl\u0259r\u0259, h\u0259m d\u0259 t\u0259dris\u0259 ziyan vurdu\" \/>\n<meta property=\"og:url\" content=\"https:\/\/www.meydan.tv\/az\/article\/pambiq-eken-fermerler-zerere-meruz-qalacaqlar\/\" \/>\n<meta property=\"og:site_name\" content=\"MEYDAN.TV\" \/>\n<meta property=\"article:published_time\" content=\"2016-11-08T12:53:29+00:00\" \/>\n<meta property=\"og:image\" content=\"https:\/\/www.meydan.tv\/wp-content\/uploads\/26985.png\" \/>\n\t<meta property=\"og:image:width\" content=\"733\" \/>\n\t<meta property=\"og:image:height\" content=\"400\" \/>\n\t<meta property=\"og:image:type\" content=\"image\/png\" \/>\n<meta name=\"author\" content=\"user-manager\" \/>\n<meta name=\"twitter:card\" content=\"summary_large_image\" \/>\n<script type=\"application\/ld+json\" class=\"yoast-schema-graph\">{\"@context\":\"https:\\\/\\\/schema.org\",\"@graph\":[{\"@type\":\"Article\",\"@id\":\"https:\\\/\\\/www.meydan.tv\\\/az\\\/article\\\/pambiq-eken-fermerler-zerere-meruz-qalacaqlar\\\/#article\",\"isPartOf\":{\"@id\":\"https:\\\/\\\/www.meydan.tv\\\/az\\\/article\\\/pambiq-eken-fermerler-zerere-meruz-qalacaqlar\\\/\"},\"author\":{\"name\":\"user-manager\",\"@id\":\"https:\\\/\\\/www.meydan.tv\\\/az\\\/#\\\/schema\\\/person\\\/10d11eccf6da3662cf5fdab9806ea91a\"},\"headline\":\"&#8221;Pamb\u0131q \u0259k\u0259n fermerl\u0259r z\u0259r\u0259r\u0259 m\u0259ruz qalacaqlar&#8221;\",\"datePublished\":\"2016-11-08T12:53:29+00:00\",\"mainEntityOfPage\":{\"@id\":\"https:\\\/\\\/www.meydan.tv\\\/az\\\/article\\\/pambiq-eken-fermerler-zerere-meruz-qalacaqlar\\\/\"},\"wordCount\":606,\"publisher\":{\"@id\":\"https:\\\/\\\/www.meydan.tv\\\/az\\\/#organization\"},\"image\":{\"@id\":\"https:\\\/\\\/www.meydan.tv\\\/az\\\/article\\\/pambiq-eken-fermerler-zerere-meruz-qalacaqlar\\\/#primaryimage\"},\"thumbnailUrl\":\"https:\\\/\\\/www.meydan.tv\\\/wp-content\\\/uploads\\\/26985.png\",\"articleSection\":[\"Analitika\"],\"inLanguage\":\"az\"},{\"@type\":\"WebPage\",\"@id\":\"https:\\\/\\\/www.meydan.tv\\\/az\\\/article\\\/pambiq-eken-fermerler-zerere-meruz-qalacaqlar\\\/\",\"url\":\"https:\\\/\\\/www.meydan.tv\\\/az\\\/article\\\/pambiq-eken-fermerler-zerere-meruz-qalacaqlar\\\/\",\"name\":\"''Pamb\u0131q \u0259k\u0259n fermerl\u0259r z\u0259r\u0259r\u0259 m\u0259ruz qalacaqlar'' - MEYDAN.TV\",\"isPartOf\":{\"@id\":\"https:\\\/\\\/www.meydan.tv\\\/az\\\/#website\"},\"primaryImageOfPage\":{\"@id\":\"https:\\\/\\\/www.meydan.tv\\\/az\\\/article\\\/pambiq-eken-fermerler-zerere-meruz-qalacaqlar\\\/#primaryimage\"},\"image\":{\"@id\":\"https:\\\/\\\/www.meydan.tv\\\/az\\\/article\\\/pambiq-eken-fermerler-zerere-meruz-qalacaqlar\\\/#primaryimage\"},\"thumbnailUrl\":\"https:\\\/\\\/www.meydan.tv\\\/wp-content\\\/uploads\\\/26985.png\",\"datePublished\":\"2016-11-08T12:53:29+00:00\",\"breadcrumb\":{\"@id\":\"https:\\\/\\\/www.meydan.tv\\\/az\\\/article\\\/pambiq-eken-fermerler-zerere-meruz-qalacaqlar\\\/#breadcrumb\"},\"inLanguage\":\"az\",\"potentialAction\":[{\"@type\":\"ReadAction\",\"target\":[\"https:\\\/\\\/www.meydan.tv\\\/az\\\/article\\\/pambiq-eken-fermerler-zerere-meruz-qalacaqlar\\\/\"]}]},{\"@type\":\"ImageObject\",\"inLanguage\":\"az\",\"@id\":\"https:\\\/\\\/www.meydan.tv\\\/az\\\/article\\\/pambiq-eken-fermerler-zerere-meruz-qalacaqlar\\\/#primaryimage\",\"url\":\"https:\\\/\\\/www.meydan.tv\\\/wp-content\\\/uploads\\\/26985.png\",\"contentUrl\":\"https:\\\/\\\/www.meydan.tv\\\/wp-content\\\/uploads\\\/26985.png\",\"width\":733,\"height\":400,\"caption\":\"Source:\"},{\"@type\":\"BreadcrumbList\",\"@id\":\"https:\\\/\\\/www.meydan.tv\\\/az\\\/article\\\/pambiq-eken-fermerler-zerere-meruz-qalacaqlar\\\/#breadcrumb\",\"itemListElement\":[{\"@type\":\"ListItem\",\"position\":1,\"name\":\"Ana s\u0259hif\u0259\",\"item\":\"https:\\\/\\\/www.meydan.tv\\\/az\\\/\"},{\"@type\":\"ListItem\",\"position\":2,\"name\":\"Analitika\",\"item\":\"https:\\\/\\\/www.meydan.tv\\\/az\\\/section\\\/analitika\\\/\"},{\"@type\":\"ListItem\",\"position\":3,\"name\":\"&#8221;Pamb\u0131q \u0259k\u0259n fermerl\u0259r z\u0259r\u0259r\u0259 m\u0259ruz qalacaqlar&#8221;\"}]},{\"@type\":\"WebSite\",\"@id\":\"https:\\\/\\\/www.meydan.tv\\\/az\\\/#website\",\"url\":\"https:\\\/\\\/www.meydan.tv\\\/az\\\/\",\"name\":\"MEYDAN.TV\",\"description\":\"Meydan TV Az\u0259rbaycan\u0131n media m\u0259kan\u0131ndak\u0131 alternativ s\u0259sidir\",\"publisher\":{\"@id\":\"https:\\\/\\\/www.meydan.tv\\\/az\\\/#organization\"},\"potentialAction\":[{\"@type\":\"SearchAction\",\"target\":{\"@type\":\"EntryPoint\",\"urlTemplate\":\"https:\\\/\\\/www.meydan.tv\\\/az\\\/?s={search_term_string}\"},\"query-input\":{\"@type\":\"PropertyValueSpecification\",\"valueRequired\":true,\"valueName\":\"search_term_string\"}}],\"inLanguage\":\"az\"},{\"@type\":\"Organization\",\"@id\":\"https:\\\/\\\/www.meydan.tv\\\/az\\\/#organization\",\"name\":\"Meydan TV\",\"url\":\"https:\\\/\\\/www.meydan.tv\\\/az\\\/\",\"logo\":{\"@type\":\"ImageObject\",\"inLanguage\":\"az\",\"@id\":\"https:\\\/\\\/www.meydan.tv\\\/az\\\/#\\\/schema\\\/logo\\\/image\\\/\",\"url\":\"https:\\\/\\\/www.meydan.tv\\\/wp-content\\\/uploads\\\/2021\\\/07\\\/meydan-logo.svg\",\"contentUrl\":\"https:\\\/\\\/www.meydan.tv\\\/wp-content\\\/uploads\\\/2021\\\/07\\\/meydan-logo.svg\",\"width\":195,\"height\":46,\"caption\":\"Meydan TV\"},\"image\":{\"@id\":\"https:\\\/\\\/www.meydan.tv\\\/az\\\/#\\\/schema\\\/logo\\\/image\\\/\"}},{\"@type\":\"Person\",\"@id\":\"https:\\\/\\\/www.meydan.tv\\\/az\\\/#\\\/schema\\\/person\\\/10d11eccf6da3662cf5fdab9806ea91a\",\"name\":\"user-manager\"}]}<\/script>\n<!-- \/ Yoast SEO plugin. -->","yoast_head_json":{"title":"''Pamb\u0131q \u0259k\u0259n fermerl\u0259r z\u0259r\u0259r\u0259 m\u0259ruz qalacaqlar'' - MEYDAN.TV","robots":{"index":"index","follow":"follow","max-snippet":"max-snippet:-1","max-image-preview":"max-image-preview:large","max-video-preview":"max-video-preview:-1"},"canonical":"https:\/\/www.meydan.tv\/az\/article\/pambiq-eken-fermerler-zerere-meruz-qalacaqlar\/","og_locale":"az_AZ","og_type":"article","og_title":"''Pamb\u0131q \u0259k\u0259n fermerl\u0259r z\u0259r\u0259r\u0259 m\u0259ruz qalacaqlar'' - MEYDAN.TV","og_description":"Vahid M\u0259h\u0259rr\u0259mov: H\u00f6kum\u0259tin pamb\u0131q\u00e7\u0131l\u0131qla ba\u011fl\u0131 apard\u0131\u011f\u0131 kampaniya h\u0259m fermerl\u0259r\u0259, h\u0259m d\u0259 t\u0259dris\u0259 ziyan vurdu","og_url":"https:\/\/www.meydan.tv\/az\/article\/pambiq-eken-fermerler-zerere-meruz-qalacaqlar\/","og_site_name":"MEYDAN.TV","article_published_time":"2016-11-08T12:53:29+00:00","og_image":[{"width":733,"height":400,"url":"https:\/\/www.meydan.tv\/wp-content\/uploads\/26985.png","type":"image\/png"}],"author":"user-manager","twitter_card":"summary_large_image","schema":{"@context":"https:\/\/schema.org","@graph":[{"@type":"Article","@id":"https:\/\/www.meydan.tv\/az\/article\/pambiq-eken-fermerler-zerere-meruz-qalacaqlar\/#article","isPartOf":{"@id":"https:\/\/www.meydan.tv\/az\/article\/pambiq-eken-fermerler-zerere-meruz-qalacaqlar\/"},"author":{"name":"user-manager","@id":"https:\/\/www.meydan.tv\/az\/#\/schema\/person\/10d11eccf6da3662cf5fdab9806ea91a"},"headline":"&#8221;Pamb\u0131q \u0259k\u0259n fermerl\u0259r z\u0259r\u0259r\u0259 m\u0259ruz qalacaqlar&#8221;","datePublished":"2016-11-08T12:53:29+00:00","mainEntityOfPage":{"@id":"https:\/\/www.meydan.tv\/az\/article\/pambiq-eken-fermerler-zerere-meruz-qalacaqlar\/"},"wordCount":606,"publisher":{"@id":"https:\/\/www.meydan.tv\/az\/#organization"},"image":{"@id":"https:\/\/www.meydan.tv\/az\/article\/pambiq-eken-fermerler-zerere-meruz-qalacaqlar\/#primaryimage"},"thumbnailUrl":"https:\/\/www.meydan.tv\/wp-content\/uploads\/26985.png","articleSection":["Analitika"],"inLanguage":"az"},{"@type":"WebPage","@id":"https:\/\/www.meydan.tv\/az\/article\/pambiq-eken-fermerler-zerere-meruz-qalacaqlar\/","url":"https:\/\/www.meydan.tv\/az\/article\/pambiq-eken-fermerler-zerere-meruz-qalacaqlar\/","name":"''Pamb\u0131q \u0259k\u0259n fermerl\u0259r z\u0259r\u0259r\u0259 m\u0259ruz qalacaqlar'' - MEYDAN.TV","isPartOf":{"@id":"https:\/\/www.meydan.tv\/az\/#website"},"primaryImageOfPage":{"@id":"https:\/\/www.meydan.tv\/az\/article\/pambiq-eken-fermerler-zerere-meruz-qalacaqlar\/#primaryimage"},"image":{"@id":"https:\/\/www.meydan.tv\/az\/article\/pambiq-eken-fermerler-zerere-meruz-qalacaqlar\/#primaryimage"},"thumbnailUrl":"https:\/\/www.meydan.tv\/wp-content\/uploads\/26985.png","datePublished":"2016-11-08T12:53:29+00:00","breadcrumb":{"@id":"https:\/\/www.meydan.tv\/az\/article\/pambiq-eken-fermerler-zerere-meruz-qalacaqlar\/#breadcrumb"},"inLanguage":"az","potentialAction":[{"@type":"ReadAction","target":["https:\/\/www.meydan.tv\/az\/article\/pambiq-eken-fermerler-zerere-meruz-qalacaqlar\/"]}]},{"@type":"ImageObject","inLanguage":"az","@id":"https:\/\/www.meydan.tv\/az\/article\/pambiq-eken-fermerler-zerere-meruz-qalacaqlar\/#primaryimage","url":"https:\/\/www.meydan.tv\/wp-content\/uploads\/26985.png","contentUrl":"https:\/\/www.meydan.tv\/wp-content\/uploads\/26985.png","width":733,"height":400,"caption":"Source:"},{"@type":"BreadcrumbList","@id":"https:\/\/www.meydan.tv\/az\/article\/pambiq-eken-fermerler-zerere-meruz-qalacaqlar\/#breadcrumb","itemListElement":[{"@type":"ListItem","position":1,"name":"Ana s\u0259hif\u0259","item":"https:\/\/www.meydan.tv\/az\/"},{"@type":"ListItem","position":2,"name":"Analitika","item":"https:\/\/www.meydan.tv\/az\/section\/analitika\/"},{"@type":"ListItem","position":3,"name":"&#8221;Pamb\u0131q \u0259k\u0259n fermerl\u0259r z\u0259r\u0259r\u0259 m\u0259ruz qalacaqlar&#8221;"}]},{"@type":"WebSite","@id":"https:\/\/www.meydan.tv\/az\/#website","url":"https:\/\/www.meydan.tv\/az\/","name":"MEYDAN.TV","description":"Meydan TV Az\u0259rbaycan\u0131n media m\u0259kan\u0131ndak\u0131 alternativ s\u0259sidir","publisher":{"@id":"https:\/\/www.meydan.tv\/az\/#organization"},"potentialAction":[{"@type":"SearchAction","target":{"@type":"EntryPoint","urlTemplate":"https:\/\/www.meydan.tv\/az\/?s={search_term_string}"},"query-input":{"@type":"PropertyValueSpecification","valueRequired":true,"valueName":"search_term_string"}}],"inLanguage":"az"},{"@type":"Organization","@id":"https:\/\/www.meydan.tv\/az\/#organization","name":"Meydan TV","url":"https:\/\/www.meydan.tv\/az\/","logo":{"@type":"ImageObject","inLanguage":"az","@id":"https:\/\/www.meydan.tv\/az\/#\/schema\/logo\/image\/","url":"https:\/\/www.meydan.tv\/wp-content\/uploads\/2021\/07\/meydan-logo.svg","contentUrl":"https:\/\/www.meydan.tv\/wp-content\/uploads\/2021\/07\/meydan-logo.svg","width":195,"height":46,"caption":"Meydan TV"},"image":{"@id":"https:\/\/www.meydan.tv\/az\/#\/schema\/logo\/image\/"}},{"@type":"Person","@id":"https:\/\/www.meydan.tv\/az\/#\/schema\/person\/10d11eccf6da3662cf5fdab9806ea91a","name":"user-manager"}]}},"_links":{"self":[{"href":"https:\/\/www.meydan.tv\/az\/wp-json\/wp\/v2\/posts\/180253","targetHints":{"allow":["GET"]}}],"collection":[{"href":"https:\/\/www.meydan.tv\/az\/wp-json\/wp\/v2\/posts"}],"about":[{"href":"https:\/\/www.meydan.tv\/az\/wp-json\/wp\/v2\/types\/post"}],"author":[{"embeddable":true,"href":"https:\/\/www.meydan.tv\/az\/wp-json\/wp\/v2\/users\/11"}],"replies":[{"embeddable":true,"href":"https:\/\/www.meydan.tv\/az\/wp-json\/wp\/v2\/comments?post=180253"}],"version-history":[{"count":0,"href":"https:\/\/www.meydan.tv\/az\/wp-json\/wp\/v2\/posts\/180253\/revisions"}],"wp:featuredmedia":[{"embeddable":true,"href":"https:\/\/www.meydan.tv\/az\/wp-json\/wp\/v2\/media\/70522"}],"wp:attachment":[{"href":"https:\/\/www.meydan.tv\/az\/wp-json\/wp\/v2\/media?parent=180253"}],"wp:term":[{"taxonomy":"category","embeddable":true,"href":"https:\/\/www.meydan.tv\/az\/wp-json\/wp\/v2\/categories?post=180253"},{"taxonomy":"post_tag","embeddable":true,"href":"https:\/\/www.meydan.tv\/az\/wp-json\/wp\/v2\/tags?post=180253"}],"curies":[{"name":"wp","href":"https:\/\/api.w.org\/{rel}","templated":true}]}}