{"id":180229,"date":"2016-11-07T16:13:22","date_gmt":"2016-11-07T16:13:22","guid":{"rendered":"https:\/\/www.meydan.tv\/article\/iqtisadi-bohran-fundamental-azadliqlarin-bogulmasindan-ireli-gelir\/"},"modified":"2016-11-07T16:13:22","modified_gmt":"2016-11-07T16:13:22","slug":"iqtisadi-bohran-fundamental-azadliqlarin-bogulmasindan-ireli-gelir","status":"publish","type":"post","link":"https:\/\/www.meydan.tv\/az\/article\/iqtisadi-bohran-fundamental-azadliqlarin-bogulmasindan-ireli-gelir\/","title":{"rendered":"\u0130qtisadi b\u00f6hran fundamental azadl\u0131qlar\u0131n bo\u011fulmas\u0131ndan ir\u0259li g\u0259lir"},"content":{"rendered":"<figure class=\"wp-block-image size-large\">\n  <img decoding=\"async\" src=\"https:\/\/www.meydan.tv\/az\/foto-cela\/\" alt=\"Foto: Cela\" class=\"wp-image-72508\"\/><figcaption>\n    Foto: Cela<br \/>\n  <\/figcaption><\/figure>\n<p>\n  <i><br \/>\n    H\u00f6kum\u0259tin h\u0259m r\u0259qibi, h\u0259m d\u0259 t\u0259r\u0259fda\u015f\u0131 kimi \u00e7\u0131x\u0131\u015f ed\u0259 bil\u0259c\u0259k v\u0259 bel\u0259 d\u0259 etm\u0259li olan m\u00fcst\u0259qil K\u0130V, QHT institutu b\u0259rpa edilm\u0259d\u0259n Az\u0259rbaycanda onun v\u0259d etdiyi islahatlar u\u011furlu ola bilm\u0259z v\u0259 n\u0259tic\u0259 verm\u0259z<br \/>\n  <\/i>\n<\/p>\n<p>\n  Az\u0259rbaycanda sistemli b\u00f6hran beyn\u0259lxalq qurumlar\u0131n insan h\u00fcquqlar\u0131n\u0131n, ifad\u0259 azadl\u0131\u011f\u0131n\u0131n pozulmas\u0131 il\u0259 ba\u011fl\u0131 g\u00fccl\u0259n\u0259n t\u0259nqidl\u0259ri il\u0259 ayaq-aya\u011fa gedir.\n<\/p>\n<p>\n  H\u00f6kum\u0259tin q\u0259r\u0259zli adland\u0131rd\u0131\u011f\u0131 Human Rights Watch-un, S\u0259rh\u0259dsiz Reportyorlar\u0131n m\u0259ruz\u0259l\u0259rin\u0259 BMT \u0130nsan H\u00fcquqlar\u0131 Komit\u0259sinin prezident \u0130lham \u018fliyev administrasiyas\u0131n\u0131n h\u0259yata ke\u00e7irdiyi siyas\u0259td\u0259 da\u015f\u0131 da\u015f \u00fcst\u00fcnd\u0259 qoymayan m\u0259ruz\u0259si d\u0259 \u0259lav\u0259 olundu.\n<\/p>\n<p>\n  Bu sah\u0259d\u0259 sonuncu hesabatlar v\u0259 iqtisadi b\u00f6hran\u0131n d\u0259rinl\u0259\u015fm\u0259si prosesinin davam etm\u0259si, habel\u0259 \u018fliyev komandas\u0131n\u0131n dezinteqrasiyas\u0131 insan h\u00fcquq v\u0259 azadl\u0131qlar\u0131 b\u00f6hran\u0131 il\u0259 Az\u0259rbaycandak\u0131 v\u0259ziyy\u0259t aras\u0131nda d\u0259rin \u0259laq\u0259 oldu\u011funu g\u00f6st\u0259rir.\n<\/p>\n<p>\n  Ekspertl\u0259rin \u0259ks\u0259riyy\u0259ti v\u0259 ilk n\u00f6vb\u0259d\u0259 iqtisad\u00e7\u0131lar \u00f6lk\u0259nin \u0259n yeni tarixi boyunca \u0259n g\u00fccl\u00fc sistemli b\u00f6hran\u0131n s\u0259b\u0259bl\u0259rini iqtisadiyyat\u0131n \u015fax\u0259l\u0259ndirilm\u0259si sah\u0259sind\u0259 yanl\u0131\u015f siyas\u0259ti, inhisar\u0131n, korrupsiyan\u0131n m\u00f6vcudlu\u011fu v\u0259 b\u00fct\u00fcnl\u00fckd\u0259 \u00f6lk\u0259nin \u201cxalq\u201d t\u0259s\u0259rr\u00fcfat\u0131n\u0131n yanl\u0131\u015f idar\u0259etm\u0259si il\u0259 izah edirl\u0259r.\n<\/p>\n<p>\n  \u018flb\u0259tt\u0259, b\u00fct\u00fcn bu amill\u0259r m\u00f6vcuddur v\u0259 h\u0259m m\u00fct\u0259x\u0259ssisl\u0259rin, h\u0259m d\u0259 c\u0259miyy\u0259tin kifay\u0259t q\u0259d\u0259r diqq\u0259tin\u0259 layiqdir, amma yen\u0259 d\u0259 b\u00f6hran\u0131n \u0259sas s\u0259b\u0259bini d\u00f6vl\u0259tin b\u00fct\u00fcn sah\u0259l\u0259rd\u0259 u\u011furlu siyas\u0259tinin formala\u015fd\u0131r\u0131lmas\u0131nda \u0259sas v\u0259 istiqam\u0259tverici amill\u0259r olan fundamental h\u00fcquq v\u0259 azadl\u0131qlar\u0131n k\u00fctl\u0259vi \u015f\u0259kild\u0259 pozulmas\u0131nda axtarmaq laz\u0131m idi.\n<\/p>\n<p>\n  M\u0259s\u0259l\u0259 ondad\u0131r ki, qeyri-h\u00f6kum\u0259t v\u0259t\u0259nda\u015f c\u0259miyy\u0259ti institutlar\u0131n\u0131n, o c\u00fcml\u0259d\u0259n K\u0130V, QHT, siyasi partiyalar\u0131n metodik \u015f\u0259kild\u0259 bo\u011fulmas\u0131, birincisi, daxili v\u0259 xarici siyas\u0259tin m\u00fcxt\u0259lif aspekt v\u0259 istiqam\u0259tl\u0259rinin \u201cd\u00f6vl\u0259t+c\u0259miyy\u0259t\u201d format\u0131nda ictimai m\u00fczakir\u0259si sisteminin da\u011f\u0131lmas\u0131na, ikincisi, d\u00f6vl\u0259t \u00fcz\u0259rind\u0259 ictimai n\u0259zar\u0259tin itirilm\u0259sin\u0259 g\u0259tirib \u00e7\u0131xard\u0131. Bunun n\u0259tic\u0259si olaraq, d\u00f6vl\u0259t siyas\u0259ti q\u0259rarlar\u0131n q\u0259bulunda volyuntarizm\u0259,, misli g\u00f6r\u00fcnm\u0259mi\u015f korrupsiyaya m\u0259hkum ollub, d\u00f6vl\u0259t institutlar\u0131 is\u0259 m\u0259mur aparat\u0131n\u0131n imaraqlar\u0131na tabe edilib.<br \/>\n  <br \/>\n  Hadis\u0259l\u0259rin bel\u0259 inki\u015faf\u0131 Az\u0259rbaycan\u0131n ekskl\u00fcziv baya\u011f\u0131l\u0131\u011f\u0131 deyil, r\u0259qib v\u0259t\u0259nda\u015f c\u0259miyy\u0259ti institutlar\u0131 birliyi t\u0259r\u0259find\u0259n n\u0259zar\u0259t mexanizmi olmad\u0131\u011f\u0131 t\u0259qdird\u0259 siyasi hakimiyy\u0259tin d\u00fc\u015fk\u00fcnl\u00fcy\u00fc qanunauy\u011funlu\u011funu t\u0259zah\u00fcr\u00fcd\u00fcr. \u018fminlikl\u0259 dem\u0259k olar ki, d\u00fcnyada ist\u0259nil\u0259n \u0259n demokratik h\u00f6kum\u0259t \u00fcz\u0259rind\u0259 k\u00fctl\u0259vi kommunikasiya vasit\u0259l\u0259ri t\u0259r\u0259find\u0259n ictimai n\u0259zar\u0259tin olmamas\u0131 m\u00fctl\u0259q onun t\u0259n\u0259zz\u00fcl\u00fcn\u0259 v\u0259 hakimiyy\u0259tin q\u0259sb edilm\u0259sin\u0259 g\u0259tirib \u00e7\u0131xarar.\n<\/p>\n<p>\n  Az\u0259rbaycan Respublikas\u0131 da, ona b\u0259nz\u0259r d\u00f6vl\u0259t sisteml\u0259ri kimi, bu s\u0259b\u0259bd\u0259n sonuncu geni\u015fmiqyasl\u0131 b\u00f6hranlar\u0131n \u0259sirin\u0259 \u00e7evrilibl\u0259r v\u0259 onlardan \u00e7\u0131x\u0131\u015f m\u00fcxt\u0259lif s\u0131rf iqtisadi v\u0259 h\u00fcquqi q\u0259rarlar\u0131n q\u0259bulu il\u0259 t\u0259min edil\u0259 bilm\u0259z. Bu add\u0131mlar m\u00fc\u0259yy\u0259n formada b\u00f6hran\u0131n d\u00f6vl\u0259t\u0259 t\u0259zyiqini azalda bil\u0259r, amma onu k\u00f6k\u00fcnd\u0259n h\u0259ll etm\u0259k iqtidar\u0131nda deyil, bel\u0259 ki, ictimai m\u00fczakir\u0259l\u0259r v\u0259 v\u0259t\u0259nda\u015f n\u0259zar\u0259ti olmadan q\u0259bul edil\u0259c\u0259k b\u00fct\u00fcn q\u0259rarlar, n\u00f6vb\u0259ti yanl\u0131\u015f q\u0259rarlar\u0131n, bunun n\u0259tic\u0259si kimi d\u0259 b\u00f6hranlar\u0131n ortaya \u00e7\u0131xmas\u0131na s\u0259b\u0259b olacaq.\n<\/p>\n<p>\n  Prezident \u0130lham \u018fliyev m\u00fcnt\u0259z\u0259m olaraq hiss\u0259-hiss\u0259 ictimaiyy\u0259t\u0259 g\u0259l\u0259c\u0259k islahatlara haz\u0131rl\u0131q haqq\u0131nda siqnallar verir. Amma onun ifad\u0259 azadl\u0131\u011f\u0131, insan h\u00fcquqlar\u0131 il\u0259 ba\u011fl\u0131 b\u00fct\u00fcn \u201cdialoqsuz h\u0259r\u0259k\u0259tl\u0259ri\u201d \u00f6lk\u0259nin b\u00f6hrandan \u00e7\u0131xmas\u0131 \u00fc\u00e7\u00fcn \u00fcmid qoymur v\u0259 \u0259ksin\u0259, b\u00f6hran\u0131n d\u0259rinl\u0259\u015f\u0259c\u0259yi, \u0259halinin h\u0259yat s\u0259viyy\u0259sinin pisl\u0259\u015f\u0259c\u0259yi, \u00f6lk\u0259nin h\u0259rbi, siyasi, iqtisadi potensial\u0131n\u0131n z\u0259ifl\u0259y\u0259c\u0259yi haqq\u0131nda siqnal verir. H\u00f6kum\u0259tin h\u0259m r\u0259qibi, h\u0259m d\u0259 t\u0259r\u0259fda\u015f\u0131 kimi \u00e7\u0131x\u0131\u015f ed\u0259 bil\u0259c\u0259k v\u0259 bel\u0259 d\u0259 etm\u0259li olan m\u00fcst\u0259qil K\u0130V, QHT institutu b\u0259rpa edilm\u0259d\u0259n Az\u0259rbaycanda onun v\u0259d etdiyi islahatlar u\u011furlu ola bilm\u0259z v\u0259 n\u0259tic\u0259 verm\u0259z.<\/p>\n","protected":false},"excerpt":{"rendered":"<p>H\u00f6kum\u0259tin h\u0259m r\u0259qibi, h\u0259m d\u0259 t\u0259r\u0259fda\u015f\u0131 kimi \u00e7\u0131x\u0131\u015f ed\u0259 bil\u0259c\u0259k v\u0259 bel\u0259 d\u0259 etm\u0259li olan m\u00fcst\u0259qil K\u0130V, QHT institutu b\u0259rpa edilm\u0259d\u0259n Az\u0259rbaycanda onun v\u0259d etdiyi islahatlar u\u011furlu ola bilm\u0259z v\u0259 n\u0259tic\u0259 verm\u0259z<\/p>\n","protected":false},"author":11,"featured_media":72508,"comment_status":"closed","ping_status":"open","sticky":false,"template":"","format":"standard","meta":{"_acf_changed":false,"_sitemap_exclude":false,"_sitemap_priority":"","_sitemap_frequency":"","footnotes":""},"categories":[51],"tags":[],"class_list":["post-180229","post","type-post","status-publish","format-standard","has-post-thumbnail","hentry","category-analitika","infinite-scroll-item","generate-columns","tablet-grid-50","mobile-grid-100","grid-parent","grid-33","no-featured-image-padding"],"acf":[],"yoast_head":"<!-- This site is optimized with the Yoast SEO plugin v27.5 - https:\/\/yoast.com\/product\/yoast-seo-wordpress\/ -->\n<title>\u0130qtisadi b\u00f6hran fundamental azadl\u0131qlar\u0131n bo\u011fulmas\u0131ndan ir\u0259li g\u0259lir - MEYDAN.TV<\/title>\n<meta name=\"robots\" content=\"index, follow, max-snippet:-1, max-image-preview:large, max-video-preview:-1\" \/>\n<link rel=\"canonical\" href=\"https:\/\/www.meydan.tv\/az\/article\/iqtisadi-bohran-fundamental-azadliqlarin-bogulmasindan-ireli-gelir\/\" \/>\n<meta property=\"og:locale\" content=\"az_AZ\" \/>\n<meta property=\"og:type\" content=\"article\" \/>\n<meta property=\"og:title\" content=\"\u0130qtisadi b\u00f6hran fundamental azadl\u0131qlar\u0131n bo\u011fulmas\u0131ndan ir\u0259li g\u0259lir - MEYDAN.TV\" \/>\n<meta property=\"og:description\" content=\"H\u00f6kum\u0259tin h\u0259m r\u0259qibi, h\u0259m d\u0259 t\u0259r\u0259fda\u015f\u0131 kimi \u00e7\u0131x\u0131\u015f ed\u0259 bil\u0259c\u0259k v\u0259 bel\u0259 d\u0259 etm\u0259li olan m\u00fcst\u0259qil K\u0130V, QHT institutu b\u0259rpa edilm\u0259d\u0259n Az\u0259rbaycanda onun v\u0259d etdiyi islahatlar u\u011furlu ola bilm\u0259z v\u0259 n\u0259tic\u0259 verm\u0259z\" \/>\n<meta property=\"og:url\" content=\"https:\/\/www.meydan.tv\/az\/article\/iqtisadi-bohran-fundamental-azadliqlarin-bogulmasindan-ireli-gelir\/\" \/>\n<meta property=\"og:site_name\" content=\"MEYDAN.TV\" \/>\n<meta property=\"article:published_time\" content=\"2016-11-07T16:13:22+00:00\" \/>\n<meta property=\"og:image\" content=\"https:\/\/www.meydan.tv\/wp-content\/uploads\/27910.jpg\" \/>\n\t<meta property=\"og:image:width\" content=\"960\" \/>\n\t<meta property=\"og:image:height\" content=\"630\" \/>\n\t<meta property=\"og:image:type\" content=\"image\/jpeg\" \/>\n<meta name=\"author\" content=\"user-manager\" \/>\n<meta name=\"twitter:card\" content=\"summary_large_image\" \/>\n<script type=\"application\/ld+json\" class=\"yoast-schema-graph\">{\"@context\":\"https:\\\/\\\/schema.org\",\"@graph\":[{\"@type\":\"Article\",\"@id\":\"https:\\\/\\\/www.meydan.tv\\\/az\\\/article\\\/iqtisadi-bohran-fundamental-azadliqlarin-bogulmasindan-ireli-gelir\\\/#article\",\"isPartOf\":{\"@id\":\"https:\\\/\\\/www.meydan.tv\\\/az\\\/article\\\/iqtisadi-bohran-fundamental-azadliqlarin-bogulmasindan-ireli-gelir\\\/\"},\"author\":{\"name\":\"user-manager\",\"@id\":\"https:\\\/\\\/www.meydan.tv\\\/az\\\/#\\\/schema\\\/person\\\/10d11eccf6da3662cf5fdab9806ea91a\"},\"headline\":\"\u0130qtisadi b\u00f6hran fundamental azadl\u0131qlar\u0131n bo\u011fulmas\u0131ndan ir\u0259li g\u0259lir\",\"datePublished\":\"2016-11-07T16:13:22+00:00\",\"mainEntityOfPage\":{\"@id\":\"https:\\\/\\\/www.meydan.tv\\\/az\\\/article\\\/iqtisadi-bohran-fundamental-azadliqlarin-bogulmasindan-ireli-gelir\\\/\"},\"wordCount\":843,\"publisher\":{\"@id\":\"https:\\\/\\\/www.meydan.tv\\\/az\\\/#organization\"},\"image\":{\"@id\":\"https:\\\/\\\/www.meydan.tv\\\/az\\\/article\\\/iqtisadi-bohran-fundamental-azadliqlarin-bogulmasindan-ireli-gelir\\\/#primaryimage\"},\"thumbnailUrl\":\"https:\\\/\\\/www.meydan.tv\\\/wp-content\\\/uploads\\\/27910.jpg\",\"articleSection\":[\"Analitika\"],\"inLanguage\":\"az\"},{\"@type\":\"WebPage\",\"@id\":\"https:\\\/\\\/www.meydan.tv\\\/az\\\/article\\\/iqtisadi-bohran-fundamental-azadliqlarin-bogulmasindan-ireli-gelir\\\/\",\"url\":\"https:\\\/\\\/www.meydan.tv\\\/az\\\/article\\\/iqtisadi-bohran-fundamental-azadliqlarin-bogulmasindan-ireli-gelir\\\/\",\"name\":\"\u0130qtisadi b\u00f6hran fundamental azadl\u0131qlar\u0131n bo\u011fulmas\u0131ndan ir\u0259li g\u0259lir - MEYDAN.TV\",\"isPartOf\":{\"@id\":\"https:\\\/\\\/www.meydan.tv\\\/az\\\/#website\"},\"primaryImageOfPage\":{\"@id\":\"https:\\\/\\\/www.meydan.tv\\\/az\\\/article\\\/iqtisadi-bohran-fundamental-azadliqlarin-bogulmasindan-ireli-gelir\\\/#primaryimage\"},\"image\":{\"@id\":\"https:\\\/\\\/www.meydan.tv\\\/az\\\/article\\\/iqtisadi-bohran-fundamental-azadliqlarin-bogulmasindan-ireli-gelir\\\/#primaryimage\"},\"thumbnailUrl\":\"https:\\\/\\\/www.meydan.tv\\\/wp-content\\\/uploads\\\/27910.jpg\",\"datePublished\":\"2016-11-07T16:13:22+00:00\",\"breadcrumb\":{\"@id\":\"https:\\\/\\\/www.meydan.tv\\\/az\\\/article\\\/iqtisadi-bohran-fundamental-azadliqlarin-bogulmasindan-ireli-gelir\\\/#breadcrumb\"},\"inLanguage\":\"az\",\"potentialAction\":[{\"@type\":\"ReadAction\",\"target\":[\"https:\\\/\\\/www.meydan.tv\\\/az\\\/article\\\/iqtisadi-bohran-fundamental-azadliqlarin-bogulmasindan-ireli-gelir\\\/\"]}]},{\"@type\":\"ImageObject\",\"inLanguage\":\"az\",\"@id\":\"https:\\\/\\\/www.meydan.tv\\\/az\\\/article\\\/iqtisadi-bohran-fundamental-azadliqlarin-bogulmasindan-ireli-gelir\\\/#primaryimage\",\"url\":\"https:\\\/\\\/www.meydan.tv\\\/wp-content\\\/uploads\\\/27910.jpg\",\"contentUrl\":\"https:\\\/\\\/www.meydan.tv\\\/wp-content\\\/uploads\\\/27910.jpg\",\"width\":960,\"height\":630,\"caption\":\"Source:\"},{\"@type\":\"BreadcrumbList\",\"@id\":\"https:\\\/\\\/www.meydan.tv\\\/az\\\/article\\\/iqtisadi-bohran-fundamental-azadliqlarin-bogulmasindan-ireli-gelir\\\/#breadcrumb\",\"itemListElement\":[{\"@type\":\"ListItem\",\"position\":1,\"name\":\"Ana s\u0259hif\u0259\",\"item\":\"https:\\\/\\\/www.meydan.tv\\\/az\\\/\"},{\"@type\":\"ListItem\",\"position\":2,\"name\":\"Analitika\",\"item\":\"https:\\\/\\\/www.meydan.tv\\\/az\\\/section\\\/analitika\\\/\"},{\"@type\":\"ListItem\",\"position\":3,\"name\":\"\u0130qtisadi b\u00f6hran fundamental azadl\u0131qlar\u0131n bo\u011fulmas\u0131ndan ir\u0259li g\u0259lir\"}]},{\"@type\":\"WebSite\",\"@id\":\"https:\\\/\\\/www.meydan.tv\\\/az\\\/#website\",\"url\":\"https:\\\/\\\/www.meydan.tv\\\/az\\\/\",\"name\":\"MEYDAN.TV\",\"description\":\"Meydan TV Az\u0259rbaycan\u0131n media m\u0259kan\u0131ndak\u0131 alternativ s\u0259sidir\",\"publisher\":{\"@id\":\"https:\\\/\\\/www.meydan.tv\\\/az\\\/#organization\"},\"potentialAction\":[{\"@type\":\"SearchAction\",\"target\":{\"@type\":\"EntryPoint\",\"urlTemplate\":\"https:\\\/\\\/www.meydan.tv\\\/az\\\/?s={search_term_string}\"},\"query-input\":{\"@type\":\"PropertyValueSpecification\",\"valueRequired\":true,\"valueName\":\"search_term_string\"}}],\"inLanguage\":\"az\"},{\"@type\":\"Organization\",\"@id\":\"https:\\\/\\\/www.meydan.tv\\\/az\\\/#organization\",\"name\":\"Meydan TV\",\"url\":\"https:\\\/\\\/www.meydan.tv\\\/az\\\/\",\"logo\":{\"@type\":\"ImageObject\",\"inLanguage\":\"az\",\"@id\":\"https:\\\/\\\/www.meydan.tv\\\/az\\\/#\\\/schema\\\/logo\\\/image\\\/\",\"url\":\"https:\\\/\\\/www.meydan.tv\\\/wp-content\\\/uploads\\\/2021\\\/07\\\/meydan-logo.svg\",\"contentUrl\":\"https:\\\/\\\/www.meydan.tv\\\/wp-content\\\/uploads\\\/2021\\\/07\\\/meydan-logo.svg\",\"width\":195,\"height\":46,\"caption\":\"Meydan TV\"},\"image\":{\"@id\":\"https:\\\/\\\/www.meydan.tv\\\/az\\\/#\\\/schema\\\/logo\\\/image\\\/\"}},{\"@type\":\"Person\",\"@id\":\"https:\\\/\\\/www.meydan.tv\\\/az\\\/#\\\/schema\\\/person\\\/10d11eccf6da3662cf5fdab9806ea91a\",\"name\":\"user-manager\"}]}<\/script>\n<!-- \/ Yoast SEO plugin. -->","yoast_head_json":{"title":"\u0130qtisadi b\u00f6hran fundamental azadl\u0131qlar\u0131n bo\u011fulmas\u0131ndan ir\u0259li g\u0259lir - MEYDAN.TV","robots":{"index":"index","follow":"follow","max-snippet":"max-snippet:-1","max-image-preview":"max-image-preview:large","max-video-preview":"max-video-preview:-1"},"canonical":"https:\/\/www.meydan.tv\/az\/article\/iqtisadi-bohran-fundamental-azadliqlarin-bogulmasindan-ireli-gelir\/","og_locale":"az_AZ","og_type":"article","og_title":"\u0130qtisadi b\u00f6hran fundamental azadl\u0131qlar\u0131n bo\u011fulmas\u0131ndan ir\u0259li g\u0259lir - MEYDAN.TV","og_description":"H\u00f6kum\u0259tin h\u0259m r\u0259qibi, h\u0259m d\u0259 t\u0259r\u0259fda\u015f\u0131 kimi \u00e7\u0131x\u0131\u015f ed\u0259 bil\u0259c\u0259k v\u0259 bel\u0259 d\u0259 etm\u0259li olan m\u00fcst\u0259qil K\u0130V, QHT institutu b\u0259rpa edilm\u0259d\u0259n Az\u0259rbaycanda onun v\u0259d etdiyi islahatlar u\u011furlu ola bilm\u0259z v\u0259 n\u0259tic\u0259 verm\u0259z","og_url":"https:\/\/www.meydan.tv\/az\/article\/iqtisadi-bohran-fundamental-azadliqlarin-bogulmasindan-ireli-gelir\/","og_site_name":"MEYDAN.TV","article_published_time":"2016-11-07T16:13:22+00:00","og_image":[{"width":960,"height":630,"url":"https:\/\/www.meydan.tv\/wp-content\/uploads\/27910.jpg","type":"image\/jpeg"}],"author":"user-manager","twitter_card":"summary_large_image","schema":{"@context":"https:\/\/schema.org","@graph":[{"@type":"Article","@id":"https:\/\/www.meydan.tv\/az\/article\/iqtisadi-bohran-fundamental-azadliqlarin-bogulmasindan-ireli-gelir\/#article","isPartOf":{"@id":"https:\/\/www.meydan.tv\/az\/article\/iqtisadi-bohran-fundamental-azadliqlarin-bogulmasindan-ireli-gelir\/"},"author":{"name":"user-manager","@id":"https:\/\/www.meydan.tv\/az\/#\/schema\/person\/10d11eccf6da3662cf5fdab9806ea91a"},"headline":"\u0130qtisadi b\u00f6hran fundamental azadl\u0131qlar\u0131n bo\u011fulmas\u0131ndan ir\u0259li g\u0259lir","datePublished":"2016-11-07T16:13:22+00:00","mainEntityOfPage":{"@id":"https:\/\/www.meydan.tv\/az\/article\/iqtisadi-bohran-fundamental-azadliqlarin-bogulmasindan-ireli-gelir\/"},"wordCount":843,"publisher":{"@id":"https:\/\/www.meydan.tv\/az\/#organization"},"image":{"@id":"https:\/\/www.meydan.tv\/az\/article\/iqtisadi-bohran-fundamental-azadliqlarin-bogulmasindan-ireli-gelir\/#primaryimage"},"thumbnailUrl":"https:\/\/www.meydan.tv\/wp-content\/uploads\/27910.jpg","articleSection":["Analitika"],"inLanguage":"az"},{"@type":"WebPage","@id":"https:\/\/www.meydan.tv\/az\/article\/iqtisadi-bohran-fundamental-azadliqlarin-bogulmasindan-ireli-gelir\/","url":"https:\/\/www.meydan.tv\/az\/article\/iqtisadi-bohran-fundamental-azadliqlarin-bogulmasindan-ireli-gelir\/","name":"\u0130qtisadi b\u00f6hran fundamental azadl\u0131qlar\u0131n bo\u011fulmas\u0131ndan ir\u0259li g\u0259lir - MEYDAN.TV","isPartOf":{"@id":"https:\/\/www.meydan.tv\/az\/#website"},"primaryImageOfPage":{"@id":"https:\/\/www.meydan.tv\/az\/article\/iqtisadi-bohran-fundamental-azadliqlarin-bogulmasindan-ireli-gelir\/#primaryimage"},"image":{"@id":"https:\/\/www.meydan.tv\/az\/article\/iqtisadi-bohran-fundamental-azadliqlarin-bogulmasindan-ireli-gelir\/#primaryimage"},"thumbnailUrl":"https:\/\/www.meydan.tv\/wp-content\/uploads\/27910.jpg","datePublished":"2016-11-07T16:13:22+00:00","breadcrumb":{"@id":"https:\/\/www.meydan.tv\/az\/article\/iqtisadi-bohran-fundamental-azadliqlarin-bogulmasindan-ireli-gelir\/#breadcrumb"},"inLanguage":"az","potentialAction":[{"@type":"ReadAction","target":["https:\/\/www.meydan.tv\/az\/article\/iqtisadi-bohran-fundamental-azadliqlarin-bogulmasindan-ireli-gelir\/"]}]},{"@type":"ImageObject","inLanguage":"az","@id":"https:\/\/www.meydan.tv\/az\/article\/iqtisadi-bohran-fundamental-azadliqlarin-bogulmasindan-ireli-gelir\/#primaryimage","url":"https:\/\/www.meydan.tv\/wp-content\/uploads\/27910.jpg","contentUrl":"https:\/\/www.meydan.tv\/wp-content\/uploads\/27910.jpg","width":960,"height":630,"caption":"Source:"},{"@type":"BreadcrumbList","@id":"https:\/\/www.meydan.tv\/az\/article\/iqtisadi-bohran-fundamental-azadliqlarin-bogulmasindan-ireli-gelir\/#breadcrumb","itemListElement":[{"@type":"ListItem","position":1,"name":"Ana s\u0259hif\u0259","item":"https:\/\/www.meydan.tv\/az\/"},{"@type":"ListItem","position":2,"name":"Analitika","item":"https:\/\/www.meydan.tv\/az\/section\/analitika\/"},{"@type":"ListItem","position":3,"name":"\u0130qtisadi b\u00f6hran fundamental azadl\u0131qlar\u0131n bo\u011fulmas\u0131ndan ir\u0259li g\u0259lir"}]},{"@type":"WebSite","@id":"https:\/\/www.meydan.tv\/az\/#website","url":"https:\/\/www.meydan.tv\/az\/","name":"MEYDAN.TV","description":"Meydan TV Az\u0259rbaycan\u0131n media m\u0259kan\u0131ndak\u0131 alternativ s\u0259sidir","publisher":{"@id":"https:\/\/www.meydan.tv\/az\/#organization"},"potentialAction":[{"@type":"SearchAction","target":{"@type":"EntryPoint","urlTemplate":"https:\/\/www.meydan.tv\/az\/?s={search_term_string}"},"query-input":{"@type":"PropertyValueSpecification","valueRequired":true,"valueName":"search_term_string"}}],"inLanguage":"az"},{"@type":"Organization","@id":"https:\/\/www.meydan.tv\/az\/#organization","name":"Meydan TV","url":"https:\/\/www.meydan.tv\/az\/","logo":{"@type":"ImageObject","inLanguage":"az","@id":"https:\/\/www.meydan.tv\/az\/#\/schema\/logo\/image\/","url":"https:\/\/www.meydan.tv\/wp-content\/uploads\/2021\/07\/meydan-logo.svg","contentUrl":"https:\/\/www.meydan.tv\/wp-content\/uploads\/2021\/07\/meydan-logo.svg","width":195,"height":46,"caption":"Meydan TV"},"image":{"@id":"https:\/\/www.meydan.tv\/az\/#\/schema\/logo\/image\/"}},{"@type":"Person","@id":"https:\/\/www.meydan.tv\/az\/#\/schema\/person\/10d11eccf6da3662cf5fdab9806ea91a","name":"user-manager"}]}},"_links":{"self":[{"href":"https:\/\/www.meydan.tv\/az\/wp-json\/wp\/v2\/posts\/180229","targetHints":{"allow":["GET"]}}],"collection":[{"href":"https:\/\/www.meydan.tv\/az\/wp-json\/wp\/v2\/posts"}],"about":[{"href":"https:\/\/www.meydan.tv\/az\/wp-json\/wp\/v2\/types\/post"}],"author":[{"embeddable":true,"href":"https:\/\/www.meydan.tv\/az\/wp-json\/wp\/v2\/users\/11"}],"replies":[{"embeddable":true,"href":"https:\/\/www.meydan.tv\/az\/wp-json\/wp\/v2\/comments?post=180229"}],"version-history":[{"count":0,"href":"https:\/\/www.meydan.tv\/az\/wp-json\/wp\/v2\/posts\/180229\/revisions"}],"wp:featuredmedia":[{"embeddable":true,"href":"https:\/\/www.meydan.tv\/az\/wp-json\/wp\/v2\/media\/72508"}],"wp:attachment":[{"href":"https:\/\/www.meydan.tv\/az\/wp-json\/wp\/v2\/media?parent=180229"}],"wp:term":[{"taxonomy":"category","embeddable":true,"href":"https:\/\/www.meydan.tv\/az\/wp-json\/wp\/v2\/categories?post=180229"},{"taxonomy":"post_tag","embeddable":true,"href":"https:\/\/www.meydan.tv\/az\/wp-json\/wp\/v2\/tags?post=180229"}],"curies":[{"name":"wp","href":"https:\/\/api.w.org\/{rel}","templated":true}]}}