{"id":180228,"date":"2016-11-07T16:00:08","date_gmt":"2016-11-07T16:00:08","guid":{"rendered":"https:\/\/www.meydan.tv\/article\/en-yaxsi-karma-demokratiyadir\/"},"modified":"2016-11-07T16:00:08","modified_gmt":"2016-11-07T16:00:08","slug":"en-yaxsi-karma-demokratiyadir","status":"publish","type":"post","link":"https:\/\/www.meydan.tv\/az\/article\/en-yaxsi-karma-demokratiyadir\/","title":{"rendered":"\u018fn yax\u015f\u0131 Karma \u2013 demokratiyad\u0131r"},"content":{"rendered":"<figure class=\"wp-block-image size-large\">\n  <img decoding=\"async\" src=\"https:\/\/www.meydan.tv\/az\/sahveled-cobanoglu-3\/\" alt=\"\u015eahv\u0259l\u0259d \u00c7obano\u011flu\" class=\"wp-image-58025\"\/><figcaption>\n    \u015eahv\u0259l\u0259d \u00c7obano\u011flu<br \/>\n  <\/figcaption><\/figure>\n<p>\n  Qanunsuzlu\u011fu v\u0259 quldurlu\u011fu t\u0259msil etmi\u015f Akif \u00c7ovdarovun v\u0259 Az\u0259rbaycan s\u0259rv\u0259tl\u0259rinin talan edilm\u0259sinin f\u0259al fiquru olmu\u015f, biz\u0259 m\u0259xsus milyardlar\u0131 xarici hesablara \u00f6t\u00fcrm\u00fc\u015f Cahangir Hac\u0131yevin haz\u0131rda m\u0259hk\u0259m\u0259l\u0259ri gedir v\u0259 ara-s\u0131ra onlar\u0131n iniltisini e\u015fidirik.\n<\/p>\n<p>\n  Bu adamlar\u0131n qazd\u0131\u011f\u0131 quyuya d\u00fc\u015fm\u0259si, odun atd\u0131qlar\u0131 ocaqda yanmas\u0131 &#8220;tama\u015fa\u00e7\u0131lara&#8221; \u2013 \u00f6lk\u0259nin taleyind\u0259 i\u015ftirakdan uzaqla\u015fd\u0131r\u0131lan, \u00f6z taleyin\u0259 yaln\u0131z k\u0259nardan seyr etm\u0259k imkan\u0131 veril\u0259n v\u0259 \u0259slind\u0259 eyni quyuda \u00e7abalayan, eyni ocaqda yanan biz\u0259 \u00e7ox xo\u015f g\u0259lir. &#8220;Yediyini qusacaqsan&#8221; dey\u0259nl\u0259r d\u0259 var, &#8220;Haqq gec-tez yerini tap\u0131r&#8221; s\u00f6yl\u0259y\u0259nl\u0259r d\u0259. H\u0259tta bu arada m\u00f6vcud hakimiyy\u0259tin qanunsuz \u0259m\u0259ll\u0259rind\u0259 yer alm\u0131\u015f v\u0259 sonradan c\u0259zaland\u0131r\u0131lm\u0131\u015f m\u0259murlar\u0131n siyah\u0131s\u0131n\u0131 tutanlar da oldu. Bunu karma, f\u00f6vq\u0259l \u0259dal\u0259t, \u0259m\u0259ll\u0259rin c\u0259zas\u0131, \u0259kdiyini bi\u00e7m\u0259k sayanlar da vard\u0131.\n<\/p>\n<p>\n  \u00c7ovdarov \u0259li qana batm\u0131\u015f biridir, Cahangir Hac\u0131yev kimil\u0259rinin a\u011f\u0131r \u0259m\u0259ll\u0259rind\u0259n d\u0259 bu \u00f6lk\u0259d\u0259 h\u0259yatlar\u0131 s\u0131nm\u0131\u015f \u00e7ox sayda adam var. Onlar da, dig\u0259rl\u0259ri d\u0259 \u015f\u00fcbh\u0259siz cinay\u0259tkarlard\u0131r. Amma onlar\u0131n indiki c\u0259zas\u0131 \u0259dal\u0259tin b\u0259rpas\u0131d\u0131rm\u0131? Onlar \u0259m\u0259ll\u0259rin\u0259 g\u00f6r\u0259 layiq oldu\u011fu c\u0259zan\u0131 al\u0131rlarm\u0131?\n<\/p>\n<p>\n  Bir ne\u00e7\u0259 m\u0259qama diqq\u0259t ay\u0131raq:\n<\/p>\n<p>\n  &#8211; S\u00f6z\u00fcged\u0259n k\u0259sl\u0259r bu g\u00fcn m\u0259h\u015f\u0259r aya\u011f\u0131na \u00e7\u0259kilmi\u015f kimi g\u00f6r\u00fcns\u0259l\u0259r d\u0259, ad\u0259t\u0259n layiq olduqlar\u0131ndan az c\u0259za al\u0131rlar;<br \/>\n  <br \/>\n  &#8211; Hakimiyy\u0259t\u0259 qar\u015f\u0131 siyasi dir\u0259ni\u015f v\u0259 \u00fcsyan etmirl\u0259rs\u0259, tezlikl\u0259 azadl\u0131\u011fa \u00e7\u0131x\u0131rlar;<br \/>\n  <br \/>\n  &#8211; Onlar\u0131 m\u00fchakim\u0259 ed\u0259nl\u0259r d\u0259 onlar\u0131n tay\u0131d\u0131r;<br \/>\n  <br \/>\n  &#8211; Onlar\u0131 \u0259dal\u0259t namin\u0259 m\u00fchakim\u0259 etmirl\u0259r;<br \/>\n  <br \/>\n  &#8211; Onlar\u0131n t\u0259msil etdiyi sistem d\u0259yi\u015fmir&#8230;\n<\/p>\n<p>\n  T\u0259bii ki, b\u00fct\u00fcn hallarda onlar\u0131 o k\u00fcrs\u00fcd\u0259, o halda, o iniltid\u0259 g\u00f6rm\u0259k xo\u015fdur. \u00d6zl\u00fcy\u00fcnd\u0259 bu hadis\u0259l\u0259rin ictimai \u0259h\u0259miyy\u0259ti d\u0259 b\u00f6y\u00fckd\u00fcr. \u0130st\u0259r-ist\u0259m\u0259z idar\u0259\u00e7iliyin cinay\u0259tkar xarakteri bir daha a\u00e7\u0131l\u0131r, detalla\u015f\u0131r, x\u0131rdalan\u0131r, \u00fcst\u0259lik, yuxar\u0131larda n\u0259l\u0259r ba\u015f verdiyi konkret hallarla \u00fcz\u0259 \u00e7\u0131x\u0131r, bir g\u00f6z\u00fc\u00e7\u0131xm\u0131\u015f qarda\u015f\u0131n ac\u0131s\u0131 dig\u0259rl\u0259ri \u00fc\u00e7\u00fcn, el\u0259 ham\u0131 \u00fc\u00e7\u00fcn d\u0259rs almaq imkan\u0131na (alsalar da, almasalar da) \u00e7evrilir. Kiml\u0259rs\u0259 pis-yax\u015f\u0131 c\u0259zas\u0131n\u0131 da alm\u0131\u015f olur. \u018fn ba\u015fl\u0131cas\u0131, h\u0259qiq\u0259t yenid\u0259n m\u0259\u011frur duru\u015funu g\u00f6st\u0259r\u0259 bilir v\u0259 h\u0259r k\u0259s\u0259 s\u0259sl\u0259nir ki, Az\u0259rbaycan adl\u0131 sevimli yurdunuz b\u0259lalar i\u00e7ind\u0259dir v\u0259 daha d\u0259rin b\u0259lalara do\u011fru gedir, sizi aldad\u0131rlar v\u0259 s.\n<\/p>\n<p>\n  Amma bu, n\u0259 \u0259dal\u0259tin b\u0259rpas\u0131d\u0131r, n\u0259 d\u0259 t\u0259nt\u0259n\u0259si. \u018fdal\u0259t ad\u0131na he\u00e7 n\u0259 yoxdur bu olaylarda. Daxili haqq-hesablar, kimins\u0259 yanmas\u0131 nec\u0259 \u0259dal\u0259t ola bil\u0259r ki?!\n<\/p>\n<p>\n  Karmaya g\u0259ldikd\u0259, bu bar\u0259d\u0259 s\u00f6yl\u0259nil\u0259nl\u0259r daha b\u00f6y\u00fck yanl\u0131\u015f\u0131n ifad\u0259sidir. Haqs\u0131zl\u0131q bizim xalq\u0131 o q\u0259d\u0259r k\u00fcnc\u0259 s\u0131x\u0131\u015fd\u0131r\u0131b ki, b\u0259z\u0259n hans\u0131sa talan\u00e7\u0131 m\u0259murun q\u0259zaya d\u00fc\u015fm\u0259sini d\u0259 Karma say\u0131rlar. Bu c\u00fcr fikirl\u0259rin ortaya \u00e7\u0131xmas\u0131 \u00e7ox ac\u0131d\u0131r. \u00c7\u00fcnki \u015f\u0259xs\u0259n m\u0259n c\u0259mi 2000 manatl\u0131q m\u00fcalic\u0259ni el\u0259d\u0259 bilm\u0259diyin\u0259 g\u00f6r\u0259 bir \u00f6vlad\u0131n\u0131 itir\u0259n, 1200 manatl\u0131q qlaukoma \u0259m\u0259liyyat\u0131na pulu olmad\u0131\u011f\u0131na g\u00f6r\u0259 is\u0259 dig\u0259r \u00f6vlad\u0131 kor olan ail\u0259 tan\u0131y\u0131ram. Bir n\u00fcmun\u0259 kimi xat\u0131rlad\u0131ram bunu. V\u0259 Karma bu ail\u0259y\u0259 zill\u0259t ya\u015fadanlar\u0131n qar\u015f\u0131n\u0131 h\u0259l\u0259 d\u0259 almay\u0131b&#8230;.\n<\/p>\n<p>\n  H\u0259l\u0259 \u00f6z zaman\u0131nda indiuzmin insanlarda Karmaya h\u0259dsiz inam a\u015f\u0131lad\u0131\u011f\u0131n\u0131 g\u00f6r\u00fcb Budda \u0259trafdak\u0131lar\u0131n\u0131 demi\u015fdi: &#8220;Karma olmaya da bil\u0259r&#8221;. Son n\u0259tic\u0259y\u0259 t\u0259kc\u0259 bir \u0259m\u0259lin v\u0259 niyy\u0259tin deyil, \u00e7ox sayda faktorun t\u0259sir etdiyini dey\u0259n Budda bel\u0259 bu m\u0259s\u0259l\u0259d\u0259 rasional olma\u011f\u0131 t\u0259klif edirdi.\n<\/p>\n<p>\n  Karma yoxdur, dostlar! Haram pullar\u0131n g\u0259tirdiyi a\u015f\u0131r\u0131 \u0259yl\u0259nc\u0259l\u0259r zaman\u0131 t\u00f6r\u0259n\u0259n q\u0259zalar, m\u0259n\u0259vi yoxsullu\u011fun yaratd\u0131\u011f\u0131 b\u0259zi qar\u015f\u0131durmalar, cinay\u0259tkar xisl\u0259tl\u0259rin haqq-hesablar\u0131nda kiml\u0259rins\u0259 yanmas\u0131, indiki halda bundan s\u00f6hb\u0259t ged\u0259 bilm\u0259z, amma b\u0259lk\u0259 b\u0259z\u0259n kimins\u0259 vicdana istinad etm\u0259k ist\u0259yin\u0259 g\u00f6r\u0259 vurulmas\u0131 Karma deyil. T\u0259bii ki, bu adamlar xo\u015fb\u0259xt deyill\u0259r, m\u0259n\u0259vi nizama s\u00f6yk\u0259n\u0259n \u00f6m\u00fcr s\u00fcrm\u00fcrl\u0259r, b\u00f6y\u00fck s\u0259rv\u0259tl\u0259rl\u0259 b\u0259rab\u0259r ziddiyy\u0259tl\u0259rin v\u0259 a\u015f\u0131nmalar\u0131n i\u00e7ind\u0259 ya\u015fay\u0131rlar, lakin onlar\u0131n bu c\u00fcr b\u0259lalar\u0131 Karmadan deyil, \u0259dal\u0259tin d\u0259 b\u0259rpas\u0131 deyil.\n<\/p>\n<p>\n  He\u00e7 kimin inam v\u0259 doktrinin\u0259 irad\u0131m yoxdur. F\u0259q\u0259t&#8230;\n<\/p>\n<p>\n  \u018fg\u0259r Karma olsayd\u0131, \u0259n yax\u015f\u0131 Karma demokratiyan\u0131n g\u0259li\u015fi olmazd\u0131m\u0131?! M\u00f6ht\u0259\u015f\u0259m \u0259dal\u0259t m\u0259hk\u0259m\u0259si il\u0259, c\u0259zalar\u0131n \u0259dal\u0259ti il\u0259. Cinay\u0259tkar\u0131n c\u0259zaland\u0131\u011f\u0131, haqq\u0131n qorundu\u011fu h\u00fcquq v\u0259 siyas\u0259t sistemi il\u0259. Humanistliyi il\u0259, \u015f\u0259ffafl\u0131\u011f\u0131 il\u0259. Yoxsa daxili haqq-hesab \u00e7\u00fcr\u00fctm\u0259l\u0259rind\u0259 kimins\u0259 c\u0259zaland\u0131r\u0131lmas\u0131, yax\u0131nlar\u0131n x\u0259st\u0259l\u0259nm\u0259si v\u0259 \u00f6l\u00fcm\u00fc, q\u0259zalar v\u0259 toqqu\u015fmalar n\u0259 karma say\u0131la bil\u0259r, n\u0259 \u0259dal\u0259tli c\u0259za, n\u0259 d\u0259 \u00f6lk\u0259d\u0259 \u0259dal\u0259tin b\u0259rpas\u0131.\n<\/p>\n<p>\n  \u018fdal\u0259t \u00e7ox uzaqdad\u0131r v\u0259 h\u0259tta m\u0259hk\u0259m\u0259l\u0259rin h\u0259y\u0259tl\u0259rin\u0259 burax\u0131lm\u0131r!\n<\/p>\n<\/p>\n<p>\n  <i><br \/>\n    <b><br \/>\n      Yaz\u0131 m\u00fc\u0259llifin fikirl\u0259rini \u0259ks etdirir v\u0259 Meydan TV-nin m\u00f6vqeyi il\u0259 \u00fcst-\u00fcst\u0259 d\u00fc\u015fm\u0259y\u0259 bil\u0259r.<br \/>\n    <\/b><br \/>\n  <\/i><\/p>\n","protected":false},"excerpt":{"rendered":"<p>\u018fdal\u0259t \u00e7ox uzaqdad\u0131r v\u0259 h\u0259tta m\u0259hk\u0259m\u0259l\u0259rin h\u0259y\u0259tl\u0259rin\u0259 burax\u0131lm\u0131r!<\/p>\n","protected":false},"author":11,"featured_media":58025,"comment_status":"closed","ping_status":"open","sticky":false,"template":"","format":"standard","meta":{"_acf_changed":false,"_sitemap_exclude":false,"_sitemap_priority":"","_sitemap_frequency":"","footnotes":""},"categories":[57],"tags":[],"class_list":["post-180228","post","type-post","status-publish","format-standard","has-post-thumbnail","hentry","category-menim-fikrimce","infinite-scroll-item","generate-columns","tablet-grid-50","mobile-grid-100","grid-parent","grid-33","no-featured-image-padding"],"acf":[],"yoast_head":"<!-- This site is optimized with the Yoast SEO plugin v27.5 - https:\/\/yoast.com\/product\/yoast-seo-wordpress\/ -->\n<title>\u018fn yax\u015f\u0131 Karma \u2013 demokratiyad\u0131r - MEYDAN.TV<\/title>\n<meta name=\"robots\" content=\"index, follow, max-snippet:-1, max-image-preview:large, max-video-preview:-1\" \/>\n<link rel=\"canonical\" href=\"https:\/\/www.meydan.tv\/az\/article\/en-yaxsi-karma-demokratiyadir\/\" \/>\n<meta property=\"og:locale\" content=\"az_AZ\" \/>\n<meta property=\"og:type\" content=\"article\" \/>\n<meta property=\"og:title\" content=\"\u018fn yax\u015f\u0131 Karma \u2013 demokratiyad\u0131r - MEYDAN.TV\" \/>\n<meta property=\"og:description\" content=\"\u018fdal\u0259t \u00e7ox uzaqdad\u0131r v\u0259 h\u0259tta m\u0259hk\u0259m\u0259l\u0259rin h\u0259y\u0259tl\u0259rin\u0259 burax\u0131lm\u0131r!\" \/>\n<meta property=\"og:url\" content=\"https:\/\/www.meydan.tv\/az\/article\/en-yaxsi-karma-demokratiyadir\/\" \/>\n<meta property=\"og:site_name\" content=\"MEYDAN.TV\" \/>\n<meta property=\"article:published_time\" content=\"2016-11-07T16:00:08+00:00\" \/>\n<meta property=\"og:image\" content=\"https:\/\/www.meydan.tv\/wp-content\/uploads\/21986.png\" \/>\n\t<meta property=\"og:image:width\" content=\"810\" \/>\n\t<meta property=\"og:image:height\" content=\"450\" \/>\n\t<meta property=\"og:image:type\" content=\"image\/png\" \/>\n<meta name=\"author\" content=\"user-manager\" \/>\n<meta name=\"twitter:card\" content=\"summary_large_image\" \/>\n<script type=\"application\/ld+json\" class=\"yoast-schema-graph\">{\"@context\":\"https:\\\/\\\/schema.org\",\"@graph\":[{\"@type\":\"Article\",\"@id\":\"https:\\\/\\\/www.meydan.tv\\\/az\\\/article\\\/en-yaxsi-karma-demokratiyadir\\\/#article\",\"isPartOf\":{\"@id\":\"https:\\\/\\\/www.meydan.tv\\\/az\\\/article\\\/en-yaxsi-karma-demokratiyadir\\\/\"},\"author\":{\"name\":\"user-manager\",\"@id\":\"https:\\\/\\\/www.meydan.tv\\\/az\\\/#\\\/schema\\\/person\\\/10d11eccf6da3662cf5fdab9806ea91a\"},\"headline\":\"\u018fn yax\u015f\u0131 Karma \u2013 demokratiyad\u0131r\",\"datePublished\":\"2016-11-07T16:00:08+00:00\",\"mainEntityOfPage\":{\"@id\":\"https:\\\/\\\/www.meydan.tv\\\/az\\\/article\\\/en-yaxsi-karma-demokratiyadir\\\/\"},\"wordCount\":993,\"publisher\":{\"@id\":\"https:\\\/\\\/www.meydan.tv\\\/az\\\/#organization\"},\"image\":{\"@id\":\"https:\\\/\\\/www.meydan.tv\\\/az\\\/article\\\/en-yaxsi-karma-demokratiyadir\\\/#primaryimage\"},\"thumbnailUrl\":\"https:\\\/\\\/www.meydan.tv\\\/wp-content\\\/uploads\\\/21986.png\",\"articleSection\":[\"M\u0259nim Fikrimc\u0259\"],\"inLanguage\":\"az\"},{\"@type\":\"WebPage\",\"@id\":\"https:\\\/\\\/www.meydan.tv\\\/az\\\/article\\\/en-yaxsi-karma-demokratiyadir\\\/\",\"url\":\"https:\\\/\\\/www.meydan.tv\\\/az\\\/article\\\/en-yaxsi-karma-demokratiyadir\\\/\",\"name\":\"\u018fn yax\u015f\u0131 Karma \u2013 demokratiyad\u0131r - MEYDAN.TV\",\"isPartOf\":{\"@id\":\"https:\\\/\\\/www.meydan.tv\\\/az\\\/#website\"},\"primaryImageOfPage\":{\"@id\":\"https:\\\/\\\/www.meydan.tv\\\/az\\\/article\\\/en-yaxsi-karma-demokratiyadir\\\/#primaryimage\"},\"image\":{\"@id\":\"https:\\\/\\\/www.meydan.tv\\\/az\\\/article\\\/en-yaxsi-karma-demokratiyadir\\\/#primaryimage\"},\"thumbnailUrl\":\"https:\\\/\\\/www.meydan.tv\\\/wp-content\\\/uploads\\\/21986.png\",\"datePublished\":\"2016-11-07T16:00:08+00:00\",\"breadcrumb\":{\"@id\":\"https:\\\/\\\/www.meydan.tv\\\/az\\\/article\\\/en-yaxsi-karma-demokratiyadir\\\/#breadcrumb\"},\"inLanguage\":\"az\",\"potentialAction\":[{\"@type\":\"ReadAction\",\"target\":[\"https:\\\/\\\/www.meydan.tv\\\/az\\\/article\\\/en-yaxsi-karma-demokratiyadir\\\/\"]}]},{\"@type\":\"ImageObject\",\"inLanguage\":\"az\",\"@id\":\"https:\\\/\\\/www.meydan.tv\\\/az\\\/article\\\/en-yaxsi-karma-demokratiyadir\\\/#primaryimage\",\"url\":\"https:\\\/\\\/www.meydan.tv\\\/wp-content\\\/uploads\\\/21986.png\",\"contentUrl\":\"https:\\\/\\\/www.meydan.tv\\\/wp-content\\\/uploads\\\/21986.png\",\"width\":810,\"height\":450,\"caption\":\"Source:\"},{\"@type\":\"BreadcrumbList\",\"@id\":\"https:\\\/\\\/www.meydan.tv\\\/az\\\/article\\\/en-yaxsi-karma-demokratiyadir\\\/#breadcrumb\",\"itemListElement\":[{\"@type\":\"ListItem\",\"position\":1,\"name\":\"Ana s\u0259hif\u0259\",\"item\":\"https:\\\/\\\/www.meydan.tv\\\/az\\\/\"},{\"@type\":\"ListItem\",\"position\":2,\"name\":\"M\u0259nim Fikrimc\u0259\",\"item\":\"https:\\\/\\\/www.meydan.tv\\\/az\\\/section\\\/menim-fikrimce\\\/\"},{\"@type\":\"ListItem\",\"position\":3,\"name\":\"\u018fn yax\u015f\u0131 Karma \u2013 demokratiyad\u0131r\"}]},{\"@type\":\"WebSite\",\"@id\":\"https:\\\/\\\/www.meydan.tv\\\/az\\\/#website\",\"url\":\"https:\\\/\\\/www.meydan.tv\\\/az\\\/\",\"name\":\"MEYDAN.TV\",\"description\":\"Meydan TV Az\u0259rbaycan\u0131n media m\u0259kan\u0131ndak\u0131 alternativ s\u0259sidir\",\"publisher\":{\"@id\":\"https:\\\/\\\/www.meydan.tv\\\/az\\\/#organization\"},\"potentialAction\":[{\"@type\":\"SearchAction\",\"target\":{\"@type\":\"EntryPoint\",\"urlTemplate\":\"https:\\\/\\\/www.meydan.tv\\\/az\\\/?s={search_term_string}\"},\"query-input\":{\"@type\":\"PropertyValueSpecification\",\"valueRequired\":true,\"valueName\":\"search_term_string\"}}],\"inLanguage\":\"az\"},{\"@type\":\"Organization\",\"@id\":\"https:\\\/\\\/www.meydan.tv\\\/az\\\/#organization\",\"name\":\"Meydan TV\",\"url\":\"https:\\\/\\\/www.meydan.tv\\\/az\\\/\",\"logo\":{\"@type\":\"ImageObject\",\"inLanguage\":\"az\",\"@id\":\"https:\\\/\\\/www.meydan.tv\\\/az\\\/#\\\/schema\\\/logo\\\/image\\\/\",\"url\":\"https:\\\/\\\/www.meydan.tv\\\/wp-content\\\/uploads\\\/2021\\\/07\\\/meydan-logo.svg\",\"contentUrl\":\"https:\\\/\\\/www.meydan.tv\\\/wp-content\\\/uploads\\\/2021\\\/07\\\/meydan-logo.svg\",\"width\":195,\"height\":46,\"caption\":\"Meydan TV\"},\"image\":{\"@id\":\"https:\\\/\\\/www.meydan.tv\\\/az\\\/#\\\/schema\\\/logo\\\/image\\\/\"}},{\"@type\":\"Person\",\"@id\":\"https:\\\/\\\/www.meydan.tv\\\/az\\\/#\\\/schema\\\/person\\\/10d11eccf6da3662cf5fdab9806ea91a\",\"name\":\"user-manager\"}]}<\/script>\n<!-- \/ Yoast SEO plugin. -->","yoast_head_json":{"title":"\u018fn yax\u015f\u0131 Karma \u2013 demokratiyad\u0131r - MEYDAN.TV","robots":{"index":"index","follow":"follow","max-snippet":"max-snippet:-1","max-image-preview":"max-image-preview:large","max-video-preview":"max-video-preview:-1"},"canonical":"https:\/\/www.meydan.tv\/az\/article\/en-yaxsi-karma-demokratiyadir\/","og_locale":"az_AZ","og_type":"article","og_title":"\u018fn yax\u015f\u0131 Karma \u2013 demokratiyad\u0131r - MEYDAN.TV","og_description":"\u018fdal\u0259t \u00e7ox uzaqdad\u0131r v\u0259 h\u0259tta m\u0259hk\u0259m\u0259l\u0259rin h\u0259y\u0259tl\u0259rin\u0259 burax\u0131lm\u0131r!","og_url":"https:\/\/www.meydan.tv\/az\/article\/en-yaxsi-karma-demokratiyadir\/","og_site_name":"MEYDAN.TV","article_published_time":"2016-11-07T16:00:08+00:00","og_image":[{"width":810,"height":450,"url":"https:\/\/www.meydan.tv\/wp-content\/uploads\/21986.png","type":"image\/png"}],"author":"user-manager","twitter_card":"summary_large_image","schema":{"@context":"https:\/\/schema.org","@graph":[{"@type":"Article","@id":"https:\/\/www.meydan.tv\/az\/article\/en-yaxsi-karma-demokratiyadir\/#article","isPartOf":{"@id":"https:\/\/www.meydan.tv\/az\/article\/en-yaxsi-karma-demokratiyadir\/"},"author":{"name":"user-manager","@id":"https:\/\/www.meydan.tv\/az\/#\/schema\/person\/10d11eccf6da3662cf5fdab9806ea91a"},"headline":"\u018fn yax\u015f\u0131 Karma \u2013 demokratiyad\u0131r","datePublished":"2016-11-07T16:00:08+00:00","mainEntityOfPage":{"@id":"https:\/\/www.meydan.tv\/az\/article\/en-yaxsi-karma-demokratiyadir\/"},"wordCount":993,"publisher":{"@id":"https:\/\/www.meydan.tv\/az\/#organization"},"image":{"@id":"https:\/\/www.meydan.tv\/az\/article\/en-yaxsi-karma-demokratiyadir\/#primaryimage"},"thumbnailUrl":"https:\/\/www.meydan.tv\/wp-content\/uploads\/21986.png","articleSection":["M\u0259nim Fikrimc\u0259"],"inLanguage":"az"},{"@type":"WebPage","@id":"https:\/\/www.meydan.tv\/az\/article\/en-yaxsi-karma-demokratiyadir\/","url":"https:\/\/www.meydan.tv\/az\/article\/en-yaxsi-karma-demokratiyadir\/","name":"\u018fn yax\u015f\u0131 Karma \u2013 demokratiyad\u0131r - MEYDAN.TV","isPartOf":{"@id":"https:\/\/www.meydan.tv\/az\/#website"},"primaryImageOfPage":{"@id":"https:\/\/www.meydan.tv\/az\/article\/en-yaxsi-karma-demokratiyadir\/#primaryimage"},"image":{"@id":"https:\/\/www.meydan.tv\/az\/article\/en-yaxsi-karma-demokratiyadir\/#primaryimage"},"thumbnailUrl":"https:\/\/www.meydan.tv\/wp-content\/uploads\/21986.png","datePublished":"2016-11-07T16:00:08+00:00","breadcrumb":{"@id":"https:\/\/www.meydan.tv\/az\/article\/en-yaxsi-karma-demokratiyadir\/#breadcrumb"},"inLanguage":"az","potentialAction":[{"@type":"ReadAction","target":["https:\/\/www.meydan.tv\/az\/article\/en-yaxsi-karma-demokratiyadir\/"]}]},{"@type":"ImageObject","inLanguage":"az","@id":"https:\/\/www.meydan.tv\/az\/article\/en-yaxsi-karma-demokratiyadir\/#primaryimage","url":"https:\/\/www.meydan.tv\/wp-content\/uploads\/21986.png","contentUrl":"https:\/\/www.meydan.tv\/wp-content\/uploads\/21986.png","width":810,"height":450,"caption":"Source:"},{"@type":"BreadcrumbList","@id":"https:\/\/www.meydan.tv\/az\/article\/en-yaxsi-karma-demokratiyadir\/#breadcrumb","itemListElement":[{"@type":"ListItem","position":1,"name":"Ana s\u0259hif\u0259","item":"https:\/\/www.meydan.tv\/az\/"},{"@type":"ListItem","position":2,"name":"M\u0259nim Fikrimc\u0259","item":"https:\/\/www.meydan.tv\/az\/section\/menim-fikrimce\/"},{"@type":"ListItem","position":3,"name":"\u018fn yax\u015f\u0131 Karma \u2013 demokratiyad\u0131r"}]},{"@type":"WebSite","@id":"https:\/\/www.meydan.tv\/az\/#website","url":"https:\/\/www.meydan.tv\/az\/","name":"MEYDAN.TV","description":"Meydan TV Az\u0259rbaycan\u0131n media m\u0259kan\u0131ndak\u0131 alternativ s\u0259sidir","publisher":{"@id":"https:\/\/www.meydan.tv\/az\/#organization"},"potentialAction":[{"@type":"SearchAction","target":{"@type":"EntryPoint","urlTemplate":"https:\/\/www.meydan.tv\/az\/?s={search_term_string}"},"query-input":{"@type":"PropertyValueSpecification","valueRequired":true,"valueName":"search_term_string"}}],"inLanguage":"az"},{"@type":"Organization","@id":"https:\/\/www.meydan.tv\/az\/#organization","name":"Meydan TV","url":"https:\/\/www.meydan.tv\/az\/","logo":{"@type":"ImageObject","inLanguage":"az","@id":"https:\/\/www.meydan.tv\/az\/#\/schema\/logo\/image\/","url":"https:\/\/www.meydan.tv\/wp-content\/uploads\/2021\/07\/meydan-logo.svg","contentUrl":"https:\/\/www.meydan.tv\/wp-content\/uploads\/2021\/07\/meydan-logo.svg","width":195,"height":46,"caption":"Meydan TV"},"image":{"@id":"https:\/\/www.meydan.tv\/az\/#\/schema\/logo\/image\/"}},{"@type":"Person","@id":"https:\/\/www.meydan.tv\/az\/#\/schema\/person\/10d11eccf6da3662cf5fdab9806ea91a","name":"user-manager"}]}},"_links":{"self":[{"href":"https:\/\/www.meydan.tv\/az\/wp-json\/wp\/v2\/posts\/180228","targetHints":{"allow":["GET"]}}],"collection":[{"href":"https:\/\/www.meydan.tv\/az\/wp-json\/wp\/v2\/posts"}],"about":[{"href":"https:\/\/www.meydan.tv\/az\/wp-json\/wp\/v2\/types\/post"}],"author":[{"embeddable":true,"href":"https:\/\/www.meydan.tv\/az\/wp-json\/wp\/v2\/users\/11"}],"replies":[{"embeddable":true,"href":"https:\/\/www.meydan.tv\/az\/wp-json\/wp\/v2\/comments?post=180228"}],"version-history":[{"count":0,"href":"https:\/\/www.meydan.tv\/az\/wp-json\/wp\/v2\/posts\/180228\/revisions"}],"wp:featuredmedia":[{"embeddable":true,"href":"https:\/\/www.meydan.tv\/az\/wp-json\/wp\/v2\/media\/58025"}],"wp:attachment":[{"href":"https:\/\/www.meydan.tv\/az\/wp-json\/wp\/v2\/media?parent=180228"}],"wp:term":[{"taxonomy":"category","embeddable":true,"href":"https:\/\/www.meydan.tv\/az\/wp-json\/wp\/v2\/categories?post=180228"},{"taxonomy":"post_tag","embeddable":true,"href":"https:\/\/www.meydan.tv\/az\/wp-json\/wp\/v2\/tags?post=180228"}],"curies":[{"name":"wp","href":"https:\/\/api.w.org\/{rel}","templated":true}]}}