{"id":180127,"date":"2016-11-02T22:26:12","date_gmt":"2016-11-02T22:26:12","guid":{"rendered":"https:\/\/www.meydan.tv\/article\/din-niye-siyasilesmelidir\/"},"modified":"2016-11-02T22:26:12","modified_gmt":"2016-11-02T22:26:12","slug":"din-niye-siyasilesmelidir","status":"publish","type":"post","link":"https:\/\/www.meydan.tv\/az\/article\/din-niye-siyasilesmelidir\/","title":{"rendered":"Din niy\u0259 siyasil\u0259\u015fm\u0259lidir?"},"content":{"rendered":"<figure class=\"wp-block-image size-large\">\n  <img decoding=\"async\" src=\"https:\/\/www.meydan.tv\/az\/rovsen-memmedli\/\" alt=\"R\u00f6v\u015f\u0259n M\u0259mm\u0259dli\" class=\"wp-image-70435\"\/><figcaption>\n    R\u00f6v\u015f\u0259n M\u0259mm\u0259dli<br \/>\n  <\/figcaption><\/figure>\n<p>\n  Son zamanlar \u0259n \u00e7ox m\u00fczakir\u0259 olunan m\u00f6vzulardan biri d\u0259 dinin siyasil\u0259\u015fm\u0259si prosesidir. Bu m\u00fczakir\u0259y\u0259 qo\u015fulanlar i\u00e7\u0259risind\u0259 d\u00f6vl\u0259t r\u0259smil\u0259rind\u0259n tutmu\u015f siravi v\u0259t\u0259nda\u015fa q\u0259d\u0259r m\u00fcxt\u0259lif d\u00fcnyag\u00f6r\u00fc\u015f\u00fcn\u0259, siyasi bax\u0131\u015fa, ictimai m\u00f6vqey\u0259 sahib olan insanlar var. D\u00f6vl\u0259t r\u0259smil\u0259ri tez-tez \u00e7\u0131x\u0131\u015flar\u0131nda, yaz\u0131lar\u0131nda Suriyada, \u0130raqda ba\u015f ver\u0259nl\u0259ri bu prosesin ac\u0131 n\u0259tic\u0259si olaraq g\u00f6st\u0259rir v\u0259 bildirirl\u0259r ki, din kimi m\u00fcq\u0259dd\u0259s bir n\u0259sn\u0259 \u00e7irkli oyunlar\u0131n getdiyi siyas\u0259t\u0259 qar\u0131\u015fmamal\u0131d\u0131r. H\u0259m\u00e7inin bu m\u00f6vqed\u0259 olan xeyli sayda m\u00fcxalif\u0259t n\u00fcmay\u0259nd\u0259si, h\u0259tta inancl\u0131 insan bel\u0259 var. Amma n\u0259d\u0259ns\u0259 onlar yaddan \u00e7\u0131xar\u0131rlar ki, haz\u0131rda Yax\u0131n \u015e\u0259rq regionunu b\u00fcr\u00fcy\u0259n siyasi \u0130slam yox, terror dal\u011fas\u0131d\u0131r. Siyas\u0259t qanuni f\u0259aliyy\u0259tdir v\u0259 bu f\u0259aliyy\u0259t qanun \u00e7\u0259r\u00e7iv\u0259sind\u0259 t\u0259nziml\u0259nir. Siyas\u0259tl\u0259 m\u0259\u015f\u011ful olanlar qanunlara riay\u0259t etm\u0259kd\u0259 maraql\u0131 olmal\u0131d\u0131rlar, \u00e7\u00fcnki onlar\u0131n f\u0259aliyy\u0259ti \u00fc\u00e7\u00fcn h\u00fcquqi z\u0259min m\u0259hz d\u00f6vl\u0259tin konstitusiyas\u0131d\u0131r. Terrorizm is\u0259 a\u00e7\u0131q-a\u015fkar qanunlar\u0131 he\u00e7\u0259 saymaq dem\u0259kdir v\u0259 terroru qanuni saymaq \u00fc\u00e7\u00fcn he\u00e7 bir h\u00fcquqi z\u0259min yoxdur.\n<\/p>\n<p>\n  Dinin siyasil\u0259\u015fm\u0259si dedikd\u0259 dini k\u0259simin siyasi prosesl\u0259rd\u0259 m\u00fcst\u0259qil \u015f\u0259kild\u0259 i\u015ftirak\u0131 n\u0259z\u0259rd\u0259 tutulmal\u0131d\u0131r. H\u0259r bir insan \u00f6z ideoloji bax\u0131\u015f\u0131na uy\u011fun siyasi qurumda t\u0259msil olunmaq ist\u0259yir. Mill\u0259t\u00e7i, sosial-demokrat, liberal siyasi partiyalar, t\u0259\u015fkilatlar oldu\u011fu kimi dindar insanlar\u0131n da onlar\u0131 t\u0259msil ed\u0259c\u0259k siyasi qurumlar yaratmaq ist\u0259m\u0259si t\u0259biidir. Bu ist\u0259yin qar\u015f\u0131s\u0131n\u0131n al\u0131nmas\u0131 n\u0259tic\u0259sind\u0259 is\u0259 m\u00fcxt\u0259lif dini qrupla\u015fmalar inancl\u0131 insanlar\u0131 c\u0259lb ed\u0259 bil\u0259r ki, bu zaman da \u0130\u015e\u0130D, Taliban, \u0259\u015f-\u015e\u0259bab kimi he\u00e7 d\u0259 xo\u015f olmayan m\u0259nz\u0259r\u0259 yaranar. Do\u011frudur, Az\u0259rbaycanda dini k\u0259sim h\u0259r zaman sivil m\u00fcbariz\u0259nin t\u0259r\u0259fdar\u0131 olub, lakin h\u0259r halda dini cami\u0259nin siyas\u0259td\u0259n k\u0259narda tutulmas\u0131 dindarlar\u0131n marginalla\u015fmas\u0131na s\u0259b\u0259b olur. D\u00f6vl\u0259t onlar\u0131n siyasi c\u0259h\u0259td\u0259n t\u0259\u015fkilatlanmas\u0131na mane olmamal\u0131d\u0131r ki, inancl\u0131 insanlar c\u0259miyy\u0259tin inki\u015faf\u0131 il\u0259 ba\u011fl\u0131 fikirl\u0259rini sivil formada ifad\u0259 ed\u0259 bilsinl\u0259r. Avropada bu presedent var. \u0130taliyada, Almaniyada Xristian-Demokrat Partiyal\u0131ar\u0131 m\u00f6vcuddur. T\u00fcrkiy\u0259d\u0259 d\u0259 m\u00fcxt\u0259lif d\u00f6vrl\u0259rd\u0259 dini z\u0259mind\u0259 S\u0259ad\u0259t, Rifah partiyalar\u0131 yaran\u0131b. Bu g\u00fcn hakimiyy\u0259td\u0259 olan AKP dindarlar t\u0259r\u0259find\u0259n d\u0259st\u0259kl\u0259n\u0259n \u0259n populyar partiyad\u0131r. AKP-nin avtoritarizm\u0259 meyilli olmas\u0131 is\u0259 \u018frdo\u011fan\u0131n \u015f\u0259xsi ambisiyalar\u0131ndan qaynaqlan\u0131r. Avropada, T\u00fcrkiy\u0259d\u0259 olan dini partiyalar\u0131n bu q\u0259d\u0259r eloktrat\u0131 varsa, dem\u0259li, bu partiyalar he\u00e7 d\u0259 bo\u015f yer\u0259 yaranmay\u0131b. Onu da qeyd edim ki, dini partiyalar klassik b\u00f6lg\u00fcy\u0259 \u0259sas\u0259n sa\u011fy\u00f6n\u00fcml\u00fc say\u0131l\u0131r.<br \/>\n  <br \/>\n  Bunu anlamaq laz\u0131md\u0131r ki, siyasil\u0259\u015fm\u0259 dini k\u0259simi m\u00fc\u0259yy\u0259n oyun \u015f\u0259rtl\u0259ri daxilind\u0259 f\u0259aliyy\u0259t g\u00f6st\u0259rm\u0259y\u0259 s\u00f6vq ed\u0259c\u0259kdir. Siyasil\u0259\u015f\u0259n dini k\u0259simin \u00fcz\u0259rind\u0259 n\u0259zar\u0259t mexanizmi yaranacaq ki, bununla da dindarlar\u0131n n\u0259 ist\u0259dikl\u0259ri, hans\u0131 prinsipl\u0259r \u0259sas\u0131nda h\u0259r\u0259k\u0259t etdikl\u0259ri ictimaiyy\u0259t t\u0259r\u0259find\u0259n bilin\u0259c\u0259k v\u0259 qanunlarla f\u0259aliyy\u0259tl\u0259ri t\u0259nziml\u0259n\u0259c\u0259kdir. \u018flb\u0259tt\u0259, dini k\u0259simin d\u0259 \u00f6z siyasi bax\u0131\u015flar\u0131n\u0131 ayd\u0131n ifad\u0259 etm\u0259si laz\u0131md\u0131r \u2013 hans\u0131 d\u00f6vl\u0259t modelini ist\u0259yirl\u0259r, insan haqq v\u0259 azadl\u0131qlar\u0131n\u0131n s\u0259rh\u0259dl\u0259rini nec\u0259 qavray\u0131rlar, hans\u0131 iqtisadi qurulu\u015fu d\u0259st\u0259kl\u0259yirl\u0259r v\u0259 s. B\u00fct\u00fcn bunlar vacib \u015f\u0259rtl\u0259rdir.\n<\/p>\n<p>\n  B\u0259z\u0259n d\u0259 dinin siyasil\u0259\u015fm\u0259si dinin istismar\u0131 kimi q\u0259l\u0259m\u0259 verilir. \u018flb\u0259tt\u0259, din istismar edil\u0259 bil\u0259r. \u00dcmumiyy\u0259tl\u0259, h\u0259r bir ideologiya istismara a\u00e7\u0131qd\u0131r. Bu g\u00fcn demokratiyan\u0131 da istismar ed\u0259n rejiml\u0259r var. H\u0259r hans\u0131 ideologiyan\u0131n istismara a\u00e7\u0131q olmas\u0131 o dem\u0259k deyil ki, h\u0259min ideologiya siyas\u0259td\u0259n k\u0259narda tutulmal\u0131d\u0131r. Bu bax\u0131mdan \u0130slam da istisna deyil.\n<\/p>\n<p>\n  V\u0259 son olaraq art\u0131q d\u00fcnya praktikas\u0131 s\u00fcbut edir ki, &#8220;din m\u0259scidd\u0259n k\u0259nara \u00e7\u0131xmamal\u0131d\u0131r&#8221; s\u00f6zl\u0259rinin reall\u0131qda he\u00e7 bir \u0259h\u0259miyy\u0259ti yoxdur. X\u00fcsus\u0259n indiki d\u00f6vrd\u0259 \u00f6lk\u0259l\u0259rin h\u0259r c\u00fcr fikirl\u0259r\u0259 a\u00e7\u0131q oldu\u011fu, demokratik prinsipl\u0259r\u0259 iddia etdiyi \u015f\u0259raitd\u0259. Hakimiyy\u0259tl\u0259r ist\u0259s\u0259 d\u0259, ist\u0259m\u0259s\u0259 d\u0259 din m\u0259scidl\u0259rd\u0259n k\u0259nara \u00e7\u0131x\u0131r. Hakimiyy\u0259tl\u0259r se\u00e7im etm\u0259lidir: din ya m\u0259scidd\u0259n \u00e7\u0131x\u0131b siyasi diskussiyalarda m\u00f6vzu olaraq tart\u0131\u015f\u0131lmal\u0131d\u0131r, ya da m\u0259scidd\u0259n \u00e7\u0131x\u0131b &#8220;yeralt\u0131&#8221;na \u00e7\u0259kil\u0259c\u0259k. M\u00fcxt\u0259lif ideologiyalar\u0131n diskurslarda tart\u0131\u015f\u0131ld\u0131\u011f\u0131 m\u00fchitl\u0259rd\u0259 pl\u00fcralizm yaran\u0131r. Bu is\u0259 \u00fcmumilikd\u0259 c\u0259miyy\u0259tin r\u0259ngar\u0259ngliyi v\u0259 inki\u015faf\u0131 \u00fc\u00e7\u00fcn faydal\u0131d\u0131r. \u201cYer alt\u0131na\u201d \u00e7\u0259kilm\u0259 is\u0259 \u0259n avtoritar rejiml\u0259r \u00fc\u00e7\u00fcn bel\u0259 arzuolunmaz sonluqla n\u0259tic\u0259l\u0259n\u0259 bil\u0259r&#8230;<\/p>\n","protected":false},"excerpt":{"rendered":"<p>H\u0259r hans\u0131 ideologiyan\u0131n istismara a\u00e7\u0131q olmas\u0131 o dem\u0259k deyil ki, h\u0259min ideologiya siyas\u0259td\u0259n k\u0259narda tutulmal\u0131d\u0131r.<\/p>\n","protected":false},"author":11,"featured_media":70435,"comment_status":"closed","ping_status":"open","sticky":false,"template":"","format":"standard","meta":{"_acf_changed":false,"_sitemap_exclude":false,"_sitemap_priority":"","_sitemap_frequency":"","footnotes":""},"categories":[57],"tags":[],"class_list":["post-180127","post","type-post","status-publish","format-standard","has-post-thumbnail","hentry","category-menim-fikrimce","infinite-scroll-item","generate-columns","tablet-grid-50","mobile-grid-100","grid-parent","grid-33","no-featured-image-padding"],"acf":[],"yoast_head":"<!-- This site is optimized with the Yoast SEO plugin v27.5 - https:\/\/yoast.com\/product\/yoast-seo-wordpress\/ -->\n<title>Din niy\u0259 siyasil\u0259\u015fm\u0259lidir? - MEYDAN.TV<\/title>\n<meta name=\"robots\" content=\"index, follow, max-snippet:-1, max-image-preview:large, max-video-preview:-1\" \/>\n<link rel=\"canonical\" href=\"https:\/\/www.meydan.tv\/az\/article\/din-niye-siyasilesmelidir\/\" \/>\n<meta property=\"og:locale\" content=\"az_AZ\" \/>\n<meta property=\"og:type\" content=\"article\" \/>\n<meta property=\"og:title\" content=\"Din niy\u0259 siyasil\u0259\u015fm\u0259lidir? - MEYDAN.TV\" \/>\n<meta property=\"og:description\" content=\"H\u0259r hans\u0131 ideologiyan\u0131n istismara a\u00e7\u0131q olmas\u0131 o dem\u0259k deyil ki, h\u0259min ideologiya siyas\u0259td\u0259n k\u0259narda tutulmal\u0131d\u0131r.\" \/>\n<meta property=\"og:url\" content=\"https:\/\/www.meydan.tv\/az\/article\/din-niye-siyasilesmelidir\/\" \/>\n<meta property=\"og:site_name\" content=\"MEYDAN.TV\" \/>\n<meta property=\"article:published_time\" content=\"2016-11-02T22:26:12+00:00\" \/>\n<meta property=\"og:image\" content=\"https:\/\/www.meydan.tv\/wp-content\/uploads\/26957.jpg\" \/>\n\t<meta property=\"og:image:width\" content=\"600\" \/>\n\t<meta property=\"og:image:height\" content=\"600\" \/>\n\t<meta property=\"og:image:type\" content=\"image\/jpeg\" \/>\n<meta name=\"author\" content=\"user-manager\" \/>\n<meta name=\"twitter:card\" content=\"summary_large_image\" \/>\n<script type=\"application\/ld+json\" class=\"yoast-schema-graph\">{\"@context\":\"https:\\\/\\\/schema.org\",\"@graph\":[{\"@type\":\"Article\",\"@id\":\"https:\\\/\\\/www.meydan.tv\\\/az\\\/article\\\/din-niye-siyasilesmelidir\\\/#article\",\"isPartOf\":{\"@id\":\"https:\\\/\\\/www.meydan.tv\\\/az\\\/article\\\/din-niye-siyasilesmelidir\\\/\"},\"author\":{\"name\":\"user-manager\",\"@id\":\"https:\\\/\\\/www.meydan.tv\\\/az\\\/#\\\/schema\\\/person\\\/10d11eccf6da3662cf5fdab9806ea91a\"},\"headline\":\"Din niy\u0259 siyasil\u0259\u015fm\u0259lidir?\",\"datePublished\":\"2016-11-02T22:26:12+00:00\",\"mainEntityOfPage\":{\"@id\":\"https:\\\/\\\/www.meydan.tv\\\/az\\\/article\\\/din-niye-siyasilesmelidir\\\/\"},\"wordCount\":917,\"publisher\":{\"@id\":\"https:\\\/\\\/www.meydan.tv\\\/az\\\/#organization\"},\"image\":{\"@id\":\"https:\\\/\\\/www.meydan.tv\\\/az\\\/article\\\/din-niye-siyasilesmelidir\\\/#primaryimage\"},\"thumbnailUrl\":\"https:\\\/\\\/www.meydan.tv\\\/wp-content\\\/uploads\\\/26957.jpg\",\"articleSection\":[\"M\u0259nim Fikrimc\u0259\"],\"inLanguage\":\"az\"},{\"@type\":\"WebPage\",\"@id\":\"https:\\\/\\\/www.meydan.tv\\\/az\\\/article\\\/din-niye-siyasilesmelidir\\\/\",\"url\":\"https:\\\/\\\/www.meydan.tv\\\/az\\\/article\\\/din-niye-siyasilesmelidir\\\/\",\"name\":\"Din niy\u0259 siyasil\u0259\u015fm\u0259lidir? - MEYDAN.TV\",\"isPartOf\":{\"@id\":\"https:\\\/\\\/www.meydan.tv\\\/az\\\/#website\"},\"primaryImageOfPage\":{\"@id\":\"https:\\\/\\\/www.meydan.tv\\\/az\\\/article\\\/din-niye-siyasilesmelidir\\\/#primaryimage\"},\"image\":{\"@id\":\"https:\\\/\\\/www.meydan.tv\\\/az\\\/article\\\/din-niye-siyasilesmelidir\\\/#primaryimage\"},\"thumbnailUrl\":\"https:\\\/\\\/www.meydan.tv\\\/wp-content\\\/uploads\\\/26957.jpg\",\"datePublished\":\"2016-11-02T22:26:12+00:00\",\"breadcrumb\":{\"@id\":\"https:\\\/\\\/www.meydan.tv\\\/az\\\/article\\\/din-niye-siyasilesmelidir\\\/#breadcrumb\"},\"inLanguage\":\"az\",\"potentialAction\":[{\"@type\":\"ReadAction\",\"target\":[\"https:\\\/\\\/www.meydan.tv\\\/az\\\/article\\\/din-niye-siyasilesmelidir\\\/\"]}]},{\"@type\":\"ImageObject\",\"inLanguage\":\"az\",\"@id\":\"https:\\\/\\\/www.meydan.tv\\\/az\\\/article\\\/din-niye-siyasilesmelidir\\\/#primaryimage\",\"url\":\"https:\\\/\\\/www.meydan.tv\\\/wp-content\\\/uploads\\\/26957.jpg\",\"contentUrl\":\"https:\\\/\\\/www.meydan.tv\\\/wp-content\\\/uploads\\\/26957.jpg\",\"width\":600,\"height\":600,\"caption\":\"Source:\"},{\"@type\":\"BreadcrumbList\",\"@id\":\"https:\\\/\\\/www.meydan.tv\\\/az\\\/article\\\/din-niye-siyasilesmelidir\\\/#breadcrumb\",\"itemListElement\":[{\"@type\":\"ListItem\",\"position\":1,\"name\":\"Ana s\u0259hif\u0259\",\"item\":\"https:\\\/\\\/www.meydan.tv\\\/az\\\/\"},{\"@type\":\"ListItem\",\"position\":2,\"name\":\"M\u0259nim Fikrimc\u0259\",\"item\":\"https:\\\/\\\/www.meydan.tv\\\/az\\\/section\\\/menim-fikrimce\\\/\"},{\"@type\":\"ListItem\",\"position\":3,\"name\":\"Din niy\u0259 siyasil\u0259\u015fm\u0259lidir?\"}]},{\"@type\":\"WebSite\",\"@id\":\"https:\\\/\\\/www.meydan.tv\\\/az\\\/#website\",\"url\":\"https:\\\/\\\/www.meydan.tv\\\/az\\\/\",\"name\":\"MEYDAN.TV\",\"description\":\"Meydan TV Az\u0259rbaycan\u0131n media m\u0259kan\u0131ndak\u0131 alternativ s\u0259sidir\",\"publisher\":{\"@id\":\"https:\\\/\\\/www.meydan.tv\\\/az\\\/#organization\"},\"potentialAction\":[{\"@type\":\"SearchAction\",\"target\":{\"@type\":\"EntryPoint\",\"urlTemplate\":\"https:\\\/\\\/www.meydan.tv\\\/az\\\/?s={search_term_string}\"},\"query-input\":{\"@type\":\"PropertyValueSpecification\",\"valueRequired\":true,\"valueName\":\"search_term_string\"}}],\"inLanguage\":\"az\"},{\"@type\":\"Organization\",\"@id\":\"https:\\\/\\\/www.meydan.tv\\\/az\\\/#organization\",\"name\":\"Meydan TV\",\"url\":\"https:\\\/\\\/www.meydan.tv\\\/az\\\/\",\"logo\":{\"@type\":\"ImageObject\",\"inLanguage\":\"az\",\"@id\":\"https:\\\/\\\/www.meydan.tv\\\/az\\\/#\\\/schema\\\/logo\\\/image\\\/\",\"url\":\"https:\\\/\\\/www.meydan.tv\\\/wp-content\\\/uploads\\\/2021\\\/07\\\/meydan-logo.svg\",\"contentUrl\":\"https:\\\/\\\/www.meydan.tv\\\/wp-content\\\/uploads\\\/2021\\\/07\\\/meydan-logo.svg\",\"width\":195,\"height\":46,\"caption\":\"Meydan TV\"},\"image\":{\"@id\":\"https:\\\/\\\/www.meydan.tv\\\/az\\\/#\\\/schema\\\/logo\\\/image\\\/\"}},{\"@type\":\"Person\",\"@id\":\"https:\\\/\\\/www.meydan.tv\\\/az\\\/#\\\/schema\\\/person\\\/10d11eccf6da3662cf5fdab9806ea91a\",\"name\":\"user-manager\"}]}<\/script>\n<!-- \/ Yoast SEO plugin. -->","yoast_head_json":{"title":"Din niy\u0259 siyasil\u0259\u015fm\u0259lidir? - MEYDAN.TV","robots":{"index":"index","follow":"follow","max-snippet":"max-snippet:-1","max-image-preview":"max-image-preview:large","max-video-preview":"max-video-preview:-1"},"canonical":"https:\/\/www.meydan.tv\/az\/article\/din-niye-siyasilesmelidir\/","og_locale":"az_AZ","og_type":"article","og_title":"Din niy\u0259 siyasil\u0259\u015fm\u0259lidir? - MEYDAN.TV","og_description":"H\u0259r hans\u0131 ideologiyan\u0131n istismara a\u00e7\u0131q olmas\u0131 o dem\u0259k deyil ki, h\u0259min ideologiya siyas\u0259td\u0259n k\u0259narda tutulmal\u0131d\u0131r.","og_url":"https:\/\/www.meydan.tv\/az\/article\/din-niye-siyasilesmelidir\/","og_site_name":"MEYDAN.TV","article_published_time":"2016-11-02T22:26:12+00:00","og_image":[{"width":600,"height":600,"url":"https:\/\/www.meydan.tv\/wp-content\/uploads\/26957.jpg","type":"image\/jpeg"}],"author":"user-manager","twitter_card":"summary_large_image","schema":{"@context":"https:\/\/schema.org","@graph":[{"@type":"Article","@id":"https:\/\/www.meydan.tv\/az\/article\/din-niye-siyasilesmelidir\/#article","isPartOf":{"@id":"https:\/\/www.meydan.tv\/az\/article\/din-niye-siyasilesmelidir\/"},"author":{"name":"user-manager","@id":"https:\/\/www.meydan.tv\/az\/#\/schema\/person\/10d11eccf6da3662cf5fdab9806ea91a"},"headline":"Din niy\u0259 siyasil\u0259\u015fm\u0259lidir?","datePublished":"2016-11-02T22:26:12+00:00","mainEntityOfPage":{"@id":"https:\/\/www.meydan.tv\/az\/article\/din-niye-siyasilesmelidir\/"},"wordCount":917,"publisher":{"@id":"https:\/\/www.meydan.tv\/az\/#organization"},"image":{"@id":"https:\/\/www.meydan.tv\/az\/article\/din-niye-siyasilesmelidir\/#primaryimage"},"thumbnailUrl":"https:\/\/www.meydan.tv\/wp-content\/uploads\/26957.jpg","articleSection":["M\u0259nim Fikrimc\u0259"],"inLanguage":"az"},{"@type":"WebPage","@id":"https:\/\/www.meydan.tv\/az\/article\/din-niye-siyasilesmelidir\/","url":"https:\/\/www.meydan.tv\/az\/article\/din-niye-siyasilesmelidir\/","name":"Din niy\u0259 siyasil\u0259\u015fm\u0259lidir? - MEYDAN.TV","isPartOf":{"@id":"https:\/\/www.meydan.tv\/az\/#website"},"primaryImageOfPage":{"@id":"https:\/\/www.meydan.tv\/az\/article\/din-niye-siyasilesmelidir\/#primaryimage"},"image":{"@id":"https:\/\/www.meydan.tv\/az\/article\/din-niye-siyasilesmelidir\/#primaryimage"},"thumbnailUrl":"https:\/\/www.meydan.tv\/wp-content\/uploads\/26957.jpg","datePublished":"2016-11-02T22:26:12+00:00","breadcrumb":{"@id":"https:\/\/www.meydan.tv\/az\/article\/din-niye-siyasilesmelidir\/#breadcrumb"},"inLanguage":"az","potentialAction":[{"@type":"ReadAction","target":["https:\/\/www.meydan.tv\/az\/article\/din-niye-siyasilesmelidir\/"]}]},{"@type":"ImageObject","inLanguage":"az","@id":"https:\/\/www.meydan.tv\/az\/article\/din-niye-siyasilesmelidir\/#primaryimage","url":"https:\/\/www.meydan.tv\/wp-content\/uploads\/26957.jpg","contentUrl":"https:\/\/www.meydan.tv\/wp-content\/uploads\/26957.jpg","width":600,"height":600,"caption":"Source:"},{"@type":"BreadcrumbList","@id":"https:\/\/www.meydan.tv\/az\/article\/din-niye-siyasilesmelidir\/#breadcrumb","itemListElement":[{"@type":"ListItem","position":1,"name":"Ana s\u0259hif\u0259","item":"https:\/\/www.meydan.tv\/az\/"},{"@type":"ListItem","position":2,"name":"M\u0259nim Fikrimc\u0259","item":"https:\/\/www.meydan.tv\/az\/section\/menim-fikrimce\/"},{"@type":"ListItem","position":3,"name":"Din niy\u0259 siyasil\u0259\u015fm\u0259lidir?"}]},{"@type":"WebSite","@id":"https:\/\/www.meydan.tv\/az\/#website","url":"https:\/\/www.meydan.tv\/az\/","name":"MEYDAN.TV","description":"Meydan TV Az\u0259rbaycan\u0131n media m\u0259kan\u0131ndak\u0131 alternativ s\u0259sidir","publisher":{"@id":"https:\/\/www.meydan.tv\/az\/#organization"},"potentialAction":[{"@type":"SearchAction","target":{"@type":"EntryPoint","urlTemplate":"https:\/\/www.meydan.tv\/az\/?s={search_term_string}"},"query-input":{"@type":"PropertyValueSpecification","valueRequired":true,"valueName":"search_term_string"}}],"inLanguage":"az"},{"@type":"Organization","@id":"https:\/\/www.meydan.tv\/az\/#organization","name":"Meydan TV","url":"https:\/\/www.meydan.tv\/az\/","logo":{"@type":"ImageObject","inLanguage":"az","@id":"https:\/\/www.meydan.tv\/az\/#\/schema\/logo\/image\/","url":"https:\/\/www.meydan.tv\/wp-content\/uploads\/2021\/07\/meydan-logo.svg","contentUrl":"https:\/\/www.meydan.tv\/wp-content\/uploads\/2021\/07\/meydan-logo.svg","width":195,"height":46,"caption":"Meydan TV"},"image":{"@id":"https:\/\/www.meydan.tv\/az\/#\/schema\/logo\/image\/"}},{"@type":"Person","@id":"https:\/\/www.meydan.tv\/az\/#\/schema\/person\/10d11eccf6da3662cf5fdab9806ea91a","name":"user-manager"}]}},"_links":{"self":[{"href":"https:\/\/www.meydan.tv\/az\/wp-json\/wp\/v2\/posts\/180127","targetHints":{"allow":["GET"]}}],"collection":[{"href":"https:\/\/www.meydan.tv\/az\/wp-json\/wp\/v2\/posts"}],"about":[{"href":"https:\/\/www.meydan.tv\/az\/wp-json\/wp\/v2\/types\/post"}],"author":[{"embeddable":true,"href":"https:\/\/www.meydan.tv\/az\/wp-json\/wp\/v2\/users\/11"}],"replies":[{"embeddable":true,"href":"https:\/\/www.meydan.tv\/az\/wp-json\/wp\/v2\/comments?post=180127"}],"version-history":[{"count":0,"href":"https:\/\/www.meydan.tv\/az\/wp-json\/wp\/v2\/posts\/180127\/revisions"}],"wp:featuredmedia":[{"embeddable":true,"href":"https:\/\/www.meydan.tv\/az\/wp-json\/wp\/v2\/media\/70435"}],"wp:attachment":[{"href":"https:\/\/www.meydan.tv\/az\/wp-json\/wp\/v2\/media?parent=180127"}],"wp:term":[{"taxonomy":"category","embeddable":true,"href":"https:\/\/www.meydan.tv\/az\/wp-json\/wp\/v2\/categories?post=180127"},{"taxonomy":"post_tag","embeddable":true,"href":"https:\/\/www.meydan.tv\/az\/wp-json\/wp\/v2\/tags?post=180127"}],"curies":[{"name":"wp","href":"https:\/\/api.w.org\/{rel}","templated":true}]}}