{"id":180120,"date":"2016-11-02T18:10:48","date_gmt":"2016-11-02T18:10:48","guid":{"rendered":"https:\/\/www.meydan.tv\/article\/gedenler-ve-ovladlari\/"},"modified":"2016-11-02T18:10:48","modified_gmt":"2016-11-02T18:10:48","slug":"gedenler-ve-ovladlari","status":"publish","type":"post","link":"https:\/\/www.meydan.tv\/az\/article\/gedenler-ve-ovladlari\/","title":{"rendered":"Ged\u0259nl\u0259r v\u0259 \u00f6vladlar\u0131"},"content":{"rendered":"<figure class=\"wp-block-image size-large\">\n  <img decoding=\"async\" src=\"https:\/\/www.meydan.tv\/az\/zaur-qurbanli-3\/\" alt=\"Zaur Qurbanl\u0131\" class=\"wp-image-72139\"\/><figcaption>\n    Zaur Qurbanl\u0131<br \/>\n  <\/figcaption><\/figure>\n<figure class=\"wp-block-image size-large\">\n  <img decoding=\"async\" src=\"https:\/\/www.meydan.tv\/az\/zaur-qurbanli-banner\/\" alt=\"Zaur Qurbanl\u0131 &#8211; Banner\" class=\"wp-image-54453\"\/><figcaption>\n    Zaur Qurbanl\u0131 &#8211; Banner<br \/>\n  <\/figcaption><\/figure>\n<p>\n  \u00d6lk\u0259d\u0259n getm\u0259k, x\u00fcsus\u0259n qa\u00e7q\u0131n kimi s\u0131\u011f\u0131nacaq alma\u011fa m\u00fcraci\u0259t zaman-zaman \u015fidd\u0259tli m\u00fcbahis\u0259l\u0259rl\u0259 m\u00fczakir\u0259 olunur. Kim getm\u0259lidir? N\u0259 zaman ged\u0259 bil\u0259r? Kimin getm\u0259y\u0259 haqq\u0131 yoxdur? Getm\u0259k olarm\u0131? Qal\u0131b xeyir verm\u0259k olar, yoxsa gedib? Bel\u0259 suallar h\u0259r d\u0259f\u0259 soru\u015fulur, he\u00e7 birind\u0259 d\u0259 h\u0259r k\u0259si t\u0259min ed\u0259c\u0259k cavablar tap\u0131lm\u0131r.\n<\/p>\n<p>\n  \u00c7\u00fcnki getm\u0259k fikri v\u0259 ya imkan\u0131 olmayanlar q\u0259r\u0259zli olaraq qalma\u011f\u0131 m\u00fcdafi\u0259 edirl\u0259r, getmi\u015fl\u0259r v\u0259 getm\u0259k plan\u0131 quranlar is\u0259 getm\u0259yi. Normal q\u0259r\u0259zdir, ictimai m\u00fczakir\u0259d\u0259 bel\u0259 olmas\u0131 t\u0259biidir. Amma h\u0259r halda bu suallara cavab verm\u0259y\u0259 \u00e7al\u0131\u015fmaq qada\u011fan deyil.\n<\/p>\n<p>\n  \u018flb\u0259tt\u0259, kompleksi a\u015f\u0131b-da\u015fan az sayda adam var, ba\u015fqalar\u0131n\u0131n \u00f6lk\u0259d\u0259n \u00e7\u0131xmas\u0131n\u0131 g\u00fcd\u00fcrl\u0259r ki, d\u0259rhal &#8220;bu da getdi m\u00fchacir\u0259t\u0259&#8221; deyib g\u00fcll\u0259baran el\u0259sinl\u0259r. Onlar\u0131n d\u0259rdind\u0259n G\u00fcrc\u00fcstan az\u0259rbaycanl\u0131lar\u0131 k\u0259ndl\u0259rin\u0259 ged\u0259nd\u0259 bunu &#8220;Facebook&#8221;-da yazma\u011fa \u00e7\u0259kinirl\u0259r. U\u00e7ana-qa\u00e7ana macal vermirl\u0259r \u2013 oxuma\u011fa ged\u0259nd\u0259n tutmu\u015f alver\u0259 ged\u0259n\u0259 q\u0259d\u0259r h\u0259r k\u0259si izl\u0259yirl\u0259r ki, nifrinl\u0259rini kimins\u0259 \u00fcst\u00fcn\u0259 t\u00f6k\u0259 bilsinl\u0259r. Amma &#8220;Geriy\u0259-g\u0259l\u0259c\u0259y\u0259&#8221; filmind\u0259ki Martin kimi bir k\u0259lm\u0259 s\u00f6zl\u0259 \u00f6z\u00fcnd\u0259n \u00e7\u0131x\u0131b t\u0259xribata getm\u0259y\u0259 g\u0259r\u0259k yoxdur. Bel\u0259 azl\u0131q olan m\u00f6vqel\u0259ri ciddiy\u0259 almaq laz\u0131m deyil.\n<\/p>\n<p>\n  Sosial \u015f\u0259b\u0259k\u0259l\u0259rd\u0259 bu bar\u0259d\u0259 q\u0131z\u011f\u0131n m\u00fczakir\u0259 \u0259sas\u0259n 3 halda yaran\u0131r:\n<\/p>\n<p>\n  1) Tan\u0131nm\u0131\u015f, h\u00f6kum\u0259t \u0259leyhin\u0259 c\u0259sar\u0259tli \u00e7\u0131x\u0131\u015flar etmi\u015f, yaxud bir v\u0259 ya bir ne\u00e7\u0259 d\u0259f\u0259 tutulmu\u015f, yaxud siyasi m\u0259hbus olmu\u015f insanlar ged\u0259nd\u0259.\n<\/p>\n<p>\n  2) Vaxtil\u0259 getmi\u015f insanlar\u0131 q\u0131nayan insanlar ged\u0259nd\u0259.\n<\/p>\n<p>\n  3) H\u00f6kum\u0259t i\u015find\u0259, x\u00fcsusil\u0259 h\u00f6kum\u0259tin propaqanda medias\u0131nda i\u015fl\u0259y\u0259n adamlar ged\u0259nd\u0259.\n<\/p>\n<p>\n  Birinci halda m\u00fcbahis\u0259 \u00e7ox da g\u00fccl\u00fc olmur. \u00c7\u00fcnki \u0259ks\u0259riyy\u0259t bel\u0259 adamlar\u0131n getm\u0259sin\u0259 sad\u0259c\u0259 yan\u0131r, daha \u00e7ox h\u00f6kum\u0259ti q\u0131nay\u0131r. \u00d6z\u00fcn\u00fc s\u00fcbut etmi\u015f adamlarla ba\u011fl\u0131 m\u0259s\u0259l\u0259 az-\u00e7ox ayd\u0131nd\u0131r.\n<\/p>\n<p>\n  \u0130kinci halda is\u0259 m\u0259s\u0259l\u0259 f\u0259rqlidir. Vaxtil\u0259 ehtiyats\u0131zl\u0131q edib ged\u0259nl\u0259r bar\u0259d\u0259 t\u0259nqid v\u0259 ya la\u011fla\u011f\u0131 yazm\u0131\u015f adamlar, yaxud davaml\u0131 olaraq, getm\u0259yin \u0259leyhin\u0259 \u00e7\u0131xan adamlar, bir d\u0259 g\u00f6r\u00fcrs\u0259n, Almaniyadan \u015f\u0259kil payla\u015f\u0131r. Tezlikl\u0259 d\u0259 m\u0259lum olur ki, art\u0131q statusunu da al\u0131b. Onlara qar\u015f\u0131 q\u0259z\u0259b m\u0259ntiqlidir.\n<\/p>\n<p>\n  \u00dc\u00e7\u00fcnc\u00fc halda is\u0259 bir q\u0259rib\u0259 v\u0259ziyy\u0259t var. \u018fg\u0259r h\u00f6kum\u0259t propaqandas\u0131 il\u0259 m\u0259\u015f\u011ful olmaq (buna s\u0259mimi, maa\u015fl\u0131, qanuni trolluq da dey\u0259 bil\u0259rik) ay\u0131bd\u0131rsa, bu adamlar getm\u0259mi\u015f niy\u0259 onlara qar\u015f\u0131 eyni m\u00fcnasib\u0259t g\u00f6st\u0259rilmir? M\u00fctl\u0259q qa\u00e7q\u0131n olmal\u0131d\u0131rlar ki, onlar\u0131n \u0259vv\u0259ll\u0259r propaqanda il\u0259 m\u0259\u015f\u011ful olmas\u0131 ba\u015flar\u0131na vurulsun? Bel\u0259 ba\u015fa d\u00fc\u015f\u00fcr\u0259m ki, bu m\u0259ntiq\u0259 g\u00f6r\u0259 ay\u0131b h\u00f6kum\u0259t medias\u0131nda i\u015fl\u0259m\u0259k yox, h\u00f6kum\u0259ti aldatmaqd\u0131r. Bu tip adamlar\u0131n b\u0259zil\u0259ri \u0259vv\u0259ll\u0259r m\u00fcxalif v\u0259 ya azad mediada i\u015fl\u0259yib, sonra h\u00f6kum\u0259t medias\u0131na ke\u00e7irl\u0259r, daha sonra is\u0259 gedirl\u0259r qa\u00e7q\u0131nl\u0131\u011fa. Bu hal insanlarda daha \u00e7ox q\u0131c\u0131q do\u011furur. Y\u0259ni &#8220;ged\u0259c\u0259kdins\u0259, m\u00fcxalif t\u0259r\u0259fd\u0259 olanda ged\u0259rdin&#8221; deyirl\u0259r sanki.\n<\/p>\n<p>\n  B\u0259s yuxar\u0131dak\u0131 t\u0259snifatdan ikinci v\u0259 \u00fc\u00e7\u00fcnc\u00fc qrupa aid olan insanlar\u0131 q\u0131namaq n\u0259 q\u0259d\u0259r \u0259dal\u0259tlidir? Bu suala cavab verm\u0259k \u00fc\u00e7\u00fcn \u00f6lk\u0259nin v\u0259 d\u00fcnyan\u0131n v\u0259ziyy\u0259tin\u0259 baxmaq laz\u0131md\u0131r. \u00d6lk\u0259d\u0259 v\u0259ziyy\u0259t \u00e7ox qeyri-sabitdir. \u0130qtisadi \u00e7\u00f6k\u00fc\u015f s\u00fcr\u0259tl\u0259 gedir, insanlar\u0131n n\u0259 vaxt aya\u011fa qalxaca\u011f\u0131 bilinm\u0259s\u0259 d\u0259, n\u0259 vaxtsa aya\u011fa qalxacaqlar\u0131na \u0259ks\u0259riyy\u0259t \u0259mindir v\u0259 bu zaman hadis\u0259l\u0259rin nec\u0259 c\u0259r\u0259yan ed\u0259c\u0259yini he\u00e7 kim bilmir. G\u00f6z\u00fcm\u00fcz\u00fcn \u00f6n\u00fcnd\u0259 inqilablardan sonra v\u0259t\u0259nda\u015f m\u00fcharib\u0259l\u0259rinin viran etdiyi Yax\u0131n \u015e\u0259rq \u00f6lk\u0259l\u0259ri var. \u018flb\u0259tt\u0259, siyasi, h\u00fcquqi, sosial \u015f\u0259rh ver\u0259n m\u00fct\u0259x\u0259ssisl\u0259r deyirl\u0259r ki, Az\u0259rbaycan Suriya deyil v\u0259 s. B\u0259s kim \u00f6z \u00f6vladlar\u0131n\u0131n taleyini bir ne\u00e7\u0259 sosioloqun, h\u00fcquq\u015f\u00fcnas\u0131n, siyas\u0259t\u00e7inin m\u0259tbuata a\u00e7\u0131qlamalar\u0131na \u0259sas\u0259n m\u00fc\u0259yy\u0259n ed\u0259 bil\u0259r?\n<\/p>\n<p>\n  \u00c7ox risklidir dey\u0259, insanlar buna getmir. Onlara sabitlik laz\u0131md\u0131r \u2013 h\u0259m art\u0131q bezmi\u015f \u00f6zl\u0259ri \u00fc\u00e7\u00fcn, h\u0259m d\u0259 h\u0259l\u0259 he\u00e7 n\u0259d\u0259n x\u0259b\u0259ri olmayan \u00f6vladlar\u0131 \u00fc\u00e7\u00fcn. Bezm\u0259kl\u0259rini d\u0259 q\u0131nayanlar var, amma bu, \u015f\u0259xsi m\u0259s\u0259l\u0259dir. Kims\u0259y\u0259 dem\u0259k olmaz ki, &#8220;h\u0259l\u0259 bezm\u0259&#8221;. Adam he\u00e7 \u00f6z\u00fc-\u00f6z\u00fcn\u0259 bunu dey\u0259 bilm\u0259z.\n<\/p>\n<p>\n  U\u015faqlar m\u0259s\u0259l\u0259si is\u0259 bir az q\u0259lizdir. S\u00f6hb\u0259t &#8220;balalar\u0131m var&#8221; arqumentind\u0259n getmir. Bu arqument k\u00f6l\u0259liyin b\u0259ra\u0259tidir. S\u00f6hb\u0259t art\u0131q xaric\u0259 apar\u0131lm\u0131\u015f, bir m\u00fcdd\u0259t sonra inki\u015faf etmi\u015f Q\u0259rb \u00f6lk\u0259sinin v\u0259t\u0259nda\u015f\u0131 olacaq u\u015faqlar\u0131n Az\u0259rbaycana m\u00fcnasib\u0259td\u0259 hans\u0131 t\u0259rbiy\u0259ni alaca\u011f\u0131ndan gedir. Bu da ail\u0259l\u0259rd\u0259n as\u0131l\u0131 olaraq d\u0259yi\u015fir dey\u0259, xalq\u0131m\u0131z\u0131n tarixin\u0259 bax\u0131b \u00fcmumi bir fikir dem\u0259k olar.\n<\/p>\n<p>\n  1920-ci il i\u015f\u011fal\u0131ndan sonra, el\u0259c\u0259 d\u0259 \u0130kinci D\u00fcnya M\u00fcharib\u0259si zaman\u0131 xeyli adam getdi Q\u0259rb\u0259. Orda u\u015faqlar\u0131n\u0131 b\u00f6y\u00fctd\u00fcl\u0259r, onlar da Q\u0259rb \u00f6lk\u0259l\u0259rinin v\u0259t\u0259nda\u015flar\u0131 oldular, \u0259n az\u0131ndan kanalizasiya, m\u0259i\u015f\u0259t, \u015f\u0259h\u0259rd\u0259 park, metroda t\u0259r kimi banal probleml\u0259rd\u0259n xilas oldular. B\u0259s o u\u015faqlar b\u00f6y\u00fcy\u00fcb yetkin insan olandan sonra Az\u0259rbaycana n\u0259 verdil\u0259r? H\u0259l\u0259 d\u0259 \u0259sar\u0259td\u0259 olan v\u0259t\u0259nl\u0259ri \u00fc\u00e7\u00fcn n\u0259 etdil\u0259r? Bilmir\u0259m, b\u0259lk\u0259 1988-93-d\u0259 n\u0259l\u0259rs\u0259 olunub, amma q\u0131raqdan baxan biri kimi m\u0259n\u0259 g\u00f6r\u00fcn\u0259n odur ki, o u\u015faqlar\u0131n \u0259ks\u0259riyy\u0259ti Az\u0259rbaycan\u0131 \u0259m\u0259ld\u0259 \u00f6z v\u0259t\u0259ni kimi q\u0259bul etm\u0259yib.\n<\/p>\n<p>\n  Bizim v\u0259t\u0259n anlay\u0131\u015f\u0131m\u0131z, u\u015faqlar\u0131m\u0131za bu istiqam\u0259td\u0259 t\u0259rbiy\u0259miz h\u0259l\u0259 yeni-yeni formala\u015f\u0131r. M\u0259n yaln\u0131z g\u0259nc ail\u0259l\u0259rd\u0259 g\u00f6rm\u00fc\u015f\u0259m ki, bayra\u011f\u0131, \u00f6lk\u0259nin he\u00e7 olmasa, ad\u0131n\u0131 u\u015fa\u011fa tan\u0131ts\u0131nlar. Bu q\u0259d\u0259r milli d\u00fc\u015f\u00fcnc\u0259d\u0259n yoxsul \u015f\u0259raitd\u0259 b\u00f6y\u00fcm\u00fc\u015f insanlar\u0131n n\u0259 q\u0259d\u0259ri \u00fcz\u00fcn\u00fc d\u0259 g\u00f6rm\u0259diyi \u00f6lk\u0259ni v\u0259t\u0259ni kimi q\u0259bul ed\u0259, onun u\u011frunda f\u0259dakarl\u0131qlar ed\u0259 bil\u0259r ki?!\n<\/p>\n<p>\n  \u0130ndi ged\u0259nl\u0259r Az\u0259rbaycandan xilas etdiyi u\u015faqlar\u0131n\u0131 Az\u0259rbaycan\u0131n \u00f6z\u00fcn\u00fc xilas etm\u0259k ruhunda b\u00f6y\u00fcd\u0259c\u0259kl\u0259rmi? M\u0259n inanm\u0131ram.<\/p>\n","protected":false},"excerpt":{"rendered":"<p>\u00d6lk\u0259d\u0259n getm\u0259k, x\u00fcsus\u0259n qa\u00e7q\u0131n kimi s\u0131\u011f\u0131nacaq alma\u011fa m\u00fcraci\u0259t zaman-zaman \u015fidd\u0259tli m\u00fcbahis\u0259l\u0259rl\u0259 m\u00fczakir\u0259 olunur<\/p>\n","protected":false},"author":11,"featured_media":72139,"comment_status":"closed","ping_status":"open","sticky":false,"template":"","format":"standard","meta":{"_acf_changed":false,"_sitemap_exclude":false,"_sitemap_priority":"","_sitemap_frequency":"","footnotes":""},"categories":[57],"tags":[],"class_list":["post-180120","post","type-post","status-publish","format-standard","has-post-thumbnail","hentry","category-menim-fikrimce","infinite-scroll-item","generate-columns","tablet-grid-50","mobile-grid-100","grid-parent","grid-33","no-featured-image-padding"],"acf":[],"yoast_head":"<!-- This site is optimized with the Yoast SEO plugin v27.5 - https:\/\/yoast.com\/product\/yoast-seo-wordpress\/ -->\n<title>Ged\u0259nl\u0259r v\u0259 \u00f6vladlar\u0131 - MEYDAN.TV<\/title>\n<meta name=\"robots\" content=\"index, follow, max-snippet:-1, max-image-preview:large, max-video-preview:-1\" \/>\n<link rel=\"canonical\" href=\"https:\/\/www.meydan.tv\/az\/article\/gedenler-ve-ovladlari\/\" \/>\n<meta property=\"og:locale\" content=\"az_AZ\" \/>\n<meta property=\"og:type\" content=\"article\" \/>\n<meta property=\"og:title\" content=\"Ged\u0259nl\u0259r v\u0259 \u00f6vladlar\u0131 - MEYDAN.TV\" \/>\n<meta property=\"og:description\" content=\"\u00d6lk\u0259d\u0259n getm\u0259k, x\u00fcsus\u0259n qa\u00e7q\u0131n kimi s\u0131\u011f\u0131nacaq alma\u011fa m\u00fcraci\u0259t zaman-zaman \u015fidd\u0259tli m\u00fcbahis\u0259l\u0259rl\u0259 m\u00fczakir\u0259 olunur\" \/>\n<meta property=\"og:url\" content=\"https:\/\/www.meydan.tv\/az\/article\/gedenler-ve-ovladlari\/\" \/>\n<meta property=\"og:site_name\" content=\"MEYDAN.TV\" \/>\n<meta property=\"article:published_time\" content=\"2016-11-02T18:10:48+00:00\" \/>\n<meta property=\"og:image\" content=\"https:\/\/www.meydan.tv\/wp-content\/uploads\/27670.jpg\" \/>\n\t<meta property=\"og:image:width\" content=\"500\" \/>\n\t<meta property=\"og:image:height\" content=\"350\" \/>\n\t<meta property=\"og:image:type\" content=\"image\/jpeg\" \/>\n<meta name=\"author\" content=\"user-manager\" \/>\n<meta name=\"twitter:card\" content=\"summary_large_image\" \/>\n<script type=\"application\/ld+json\" class=\"yoast-schema-graph\">{\"@context\":\"https:\\\/\\\/schema.org\",\"@graph\":[{\"@type\":\"Article\",\"@id\":\"https:\\\/\\\/www.meydan.tv\\\/az\\\/article\\\/gedenler-ve-ovladlari\\\/#article\",\"isPartOf\":{\"@id\":\"https:\\\/\\\/www.meydan.tv\\\/az\\\/article\\\/gedenler-ve-ovladlari\\\/\"},\"author\":{\"name\":\"user-manager\",\"@id\":\"https:\\\/\\\/www.meydan.tv\\\/az\\\/#\\\/schema\\\/person\\\/10d11eccf6da3662cf5fdab9806ea91a\"},\"headline\":\"Ged\u0259nl\u0259r v\u0259 \u00f6vladlar\u0131\",\"datePublished\":\"2016-11-02T18:10:48+00:00\",\"mainEntityOfPage\":{\"@id\":\"https:\\\/\\\/www.meydan.tv\\\/az\\\/article\\\/gedenler-ve-ovladlari\\\/\"},\"wordCount\":1216,\"publisher\":{\"@id\":\"https:\\\/\\\/www.meydan.tv\\\/az\\\/#organization\"},\"image\":{\"@id\":\"https:\\\/\\\/www.meydan.tv\\\/az\\\/article\\\/gedenler-ve-ovladlari\\\/#primaryimage\"},\"thumbnailUrl\":\"https:\\\/\\\/www.meydan.tv\\\/wp-content\\\/uploads\\\/27670.jpg\",\"articleSection\":[\"M\u0259nim Fikrimc\u0259\"],\"inLanguage\":\"az\"},{\"@type\":\"WebPage\",\"@id\":\"https:\\\/\\\/www.meydan.tv\\\/az\\\/article\\\/gedenler-ve-ovladlari\\\/\",\"url\":\"https:\\\/\\\/www.meydan.tv\\\/az\\\/article\\\/gedenler-ve-ovladlari\\\/\",\"name\":\"Ged\u0259nl\u0259r v\u0259 \u00f6vladlar\u0131 - MEYDAN.TV\",\"isPartOf\":{\"@id\":\"https:\\\/\\\/www.meydan.tv\\\/az\\\/#website\"},\"primaryImageOfPage\":{\"@id\":\"https:\\\/\\\/www.meydan.tv\\\/az\\\/article\\\/gedenler-ve-ovladlari\\\/#primaryimage\"},\"image\":{\"@id\":\"https:\\\/\\\/www.meydan.tv\\\/az\\\/article\\\/gedenler-ve-ovladlari\\\/#primaryimage\"},\"thumbnailUrl\":\"https:\\\/\\\/www.meydan.tv\\\/wp-content\\\/uploads\\\/27670.jpg\",\"datePublished\":\"2016-11-02T18:10:48+00:00\",\"breadcrumb\":{\"@id\":\"https:\\\/\\\/www.meydan.tv\\\/az\\\/article\\\/gedenler-ve-ovladlari\\\/#breadcrumb\"},\"inLanguage\":\"az\",\"potentialAction\":[{\"@type\":\"ReadAction\",\"target\":[\"https:\\\/\\\/www.meydan.tv\\\/az\\\/article\\\/gedenler-ve-ovladlari\\\/\"]}]},{\"@type\":\"ImageObject\",\"inLanguage\":\"az\",\"@id\":\"https:\\\/\\\/www.meydan.tv\\\/az\\\/article\\\/gedenler-ve-ovladlari\\\/#primaryimage\",\"url\":\"https:\\\/\\\/www.meydan.tv\\\/wp-content\\\/uploads\\\/27670.jpg\",\"contentUrl\":\"https:\\\/\\\/www.meydan.tv\\\/wp-content\\\/uploads\\\/27670.jpg\",\"width\":500,\"height\":350,\"caption\":\"Source:\"},{\"@type\":\"BreadcrumbList\",\"@id\":\"https:\\\/\\\/www.meydan.tv\\\/az\\\/article\\\/gedenler-ve-ovladlari\\\/#breadcrumb\",\"itemListElement\":[{\"@type\":\"ListItem\",\"position\":1,\"name\":\"Ana s\u0259hif\u0259\",\"item\":\"https:\\\/\\\/www.meydan.tv\\\/az\\\/\"},{\"@type\":\"ListItem\",\"position\":2,\"name\":\"M\u0259nim Fikrimc\u0259\",\"item\":\"https:\\\/\\\/www.meydan.tv\\\/az\\\/section\\\/menim-fikrimce\\\/\"},{\"@type\":\"ListItem\",\"position\":3,\"name\":\"Ged\u0259nl\u0259r v\u0259 \u00f6vladlar\u0131\"}]},{\"@type\":\"WebSite\",\"@id\":\"https:\\\/\\\/www.meydan.tv\\\/az\\\/#website\",\"url\":\"https:\\\/\\\/www.meydan.tv\\\/az\\\/\",\"name\":\"MEYDAN.TV\",\"description\":\"Meydan TV Az\u0259rbaycan\u0131n media m\u0259kan\u0131ndak\u0131 alternativ s\u0259sidir\",\"publisher\":{\"@id\":\"https:\\\/\\\/www.meydan.tv\\\/az\\\/#organization\"},\"potentialAction\":[{\"@type\":\"SearchAction\",\"target\":{\"@type\":\"EntryPoint\",\"urlTemplate\":\"https:\\\/\\\/www.meydan.tv\\\/az\\\/?s={search_term_string}\"},\"query-input\":{\"@type\":\"PropertyValueSpecification\",\"valueRequired\":true,\"valueName\":\"search_term_string\"}}],\"inLanguage\":\"az\"},{\"@type\":\"Organization\",\"@id\":\"https:\\\/\\\/www.meydan.tv\\\/az\\\/#organization\",\"name\":\"Meydan TV\",\"url\":\"https:\\\/\\\/www.meydan.tv\\\/az\\\/\",\"logo\":{\"@type\":\"ImageObject\",\"inLanguage\":\"az\",\"@id\":\"https:\\\/\\\/www.meydan.tv\\\/az\\\/#\\\/schema\\\/logo\\\/image\\\/\",\"url\":\"https:\\\/\\\/www.meydan.tv\\\/wp-content\\\/uploads\\\/2021\\\/07\\\/meydan-logo.svg\",\"contentUrl\":\"https:\\\/\\\/www.meydan.tv\\\/wp-content\\\/uploads\\\/2021\\\/07\\\/meydan-logo.svg\",\"width\":195,\"height\":46,\"caption\":\"Meydan TV\"},\"image\":{\"@id\":\"https:\\\/\\\/www.meydan.tv\\\/az\\\/#\\\/schema\\\/logo\\\/image\\\/\"}},{\"@type\":\"Person\",\"@id\":\"https:\\\/\\\/www.meydan.tv\\\/az\\\/#\\\/schema\\\/person\\\/10d11eccf6da3662cf5fdab9806ea91a\",\"name\":\"user-manager\"}]}<\/script>\n<!-- \/ Yoast SEO plugin. -->","yoast_head_json":{"title":"Ged\u0259nl\u0259r v\u0259 \u00f6vladlar\u0131 - MEYDAN.TV","robots":{"index":"index","follow":"follow","max-snippet":"max-snippet:-1","max-image-preview":"max-image-preview:large","max-video-preview":"max-video-preview:-1"},"canonical":"https:\/\/www.meydan.tv\/az\/article\/gedenler-ve-ovladlari\/","og_locale":"az_AZ","og_type":"article","og_title":"Ged\u0259nl\u0259r v\u0259 \u00f6vladlar\u0131 - MEYDAN.TV","og_description":"\u00d6lk\u0259d\u0259n getm\u0259k, x\u00fcsus\u0259n qa\u00e7q\u0131n kimi s\u0131\u011f\u0131nacaq alma\u011fa m\u00fcraci\u0259t zaman-zaman \u015fidd\u0259tli m\u00fcbahis\u0259l\u0259rl\u0259 m\u00fczakir\u0259 olunur","og_url":"https:\/\/www.meydan.tv\/az\/article\/gedenler-ve-ovladlari\/","og_site_name":"MEYDAN.TV","article_published_time":"2016-11-02T18:10:48+00:00","og_image":[{"width":500,"height":350,"url":"https:\/\/www.meydan.tv\/wp-content\/uploads\/27670.jpg","type":"image\/jpeg"}],"author":"user-manager","twitter_card":"summary_large_image","schema":{"@context":"https:\/\/schema.org","@graph":[{"@type":"Article","@id":"https:\/\/www.meydan.tv\/az\/article\/gedenler-ve-ovladlari\/#article","isPartOf":{"@id":"https:\/\/www.meydan.tv\/az\/article\/gedenler-ve-ovladlari\/"},"author":{"name":"user-manager","@id":"https:\/\/www.meydan.tv\/az\/#\/schema\/person\/10d11eccf6da3662cf5fdab9806ea91a"},"headline":"Ged\u0259nl\u0259r v\u0259 \u00f6vladlar\u0131","datePublished":"2016-11-02T18:10:48+00:00","mainEntityOfPage":{"@id":"https:\/\/www.meydan.tv\/az\/article\/gedenler-ve-ovladlari\/"},"wordCount":1216,"publisher":{"@id":"https:\/\/www.meydan.tv\/az\/#organization"},"image":{"@id":"https:\/\/www.meydan.tv\/az\/article\/gedenler-ve-ovladlari\/#primaryimage"},"thumbnailUrl":"https:\/\/www.meydan.tv\/wp-content\/uploads\/27670.jpg","articleSection":["M\u0259nim Fikrimc\u0259"],"inLanguage":"az"},{"@type":"WebPage","@id":"https:\/\/www.meydan.tv\/az\/article\/gedenler-ve-ovladlari\/","url":"https:\/\/www.meydan.tv\/az\/article\/gedenler-ve-ovladlari\/","name":"Ged\u0259nl\u0259r v\u0259 \u00f6vladlar\u0131 - MEYDAN.TV","isPartOf":{"@id":"https:\/\/www.meydan.tv\/az\/#website"},"primaryImageOfPage":{"@id":"https:\/\/www.meydan.tv\/az\/article\/gedenler-ve-ovladlari\/#primaryimage"},"image":{"@id":"https:\/\/www.meydan.tv\/az\/article\/gedenler-ve-ovladlari\/#primaryimage"},"thumbnailUrl":"https:\/\/www.meydan.tv\/wp-content\/uploads\/27670.jpg","datePublished":"2016-11-02T18:10:48+00:00","breadcrumb":{"@id":"https:\/\/www.meydan.tv\/az\/article\/gedenler-ve-ovladlari\/#breadcrumb"},"inLanguage":"az","potentialAction":[{"@type":"ReadAction","target":["https:\/\/www.meydan.tv\/az\/article\/gedenler-ve-ovladlari\/"]}]},{"@type":"ImageObject","inLanguage":"az","@id":"https:\/\/www.meydan.tv\/az\/article\/gedenler-ve-ovladlari\/#primaryimage","url":"https:\/\/www.meydan.tv\/wp-content\/uploads\/27670.jpg","contentUrl":"https:\/\/www.meydan.tv\/wp-content\/uploads\/27670.jpg","width":500,"height":350,"caption":"Source:"},{"@type":"BreadcrumbList","@id":"https:\/\/www.meydan.tv\/az\/article\/gedenler-ve-ovladlari\/#breadcrumb","itemListElement":[{"@type":"ListItem","position":1,"name":"Ana s\u0259hif\u0259","item":"https:\/\/www.meydan.tv\/az\/"},{"@type":"ListItem","position":2,"name":"M\u0259nim Fikrimc\u0259","item":"https:\/\/www.meydan.tv\/az\/section\/menim-fikrimce\/"},{"@type":"ListItem","position":3,"name":"Ged\u0259nl\u0259r v\u0259 \u00f6vladlar\u0131"}]},{"@type":"WebSite","@id":"https:\/\/www.meydan.tv\/az\/#website","url":"https:\/\/www.meydan.tv\/az\/","name":"MEYDAN.TV","description":"Meydan TV Az\u0259rbaycan\u0131n media m\u0259kan\u0131ndak\u0131 alternativ s\u0259sidir","publisher":{"@id":"https:\/\/www.meydan.tv\/az\/#organization"},"potentialAction":[{"@type":"SearchAction","target":{"@type":"EntryPoint","urlTemplate":"https:\/\/www.meydan.tv\/az\/?s={search_term_string}"},"query-input":{"@type":"PropertyValueSpecification","valueRequired":true,"valueName":"search_term_string"}}],"inLanguage":"az"},{"@type":"Organization","@id":"https:\/\/www.meydan.tv\/az\/#organization","name":"Meydan TV","url":"https:\/\/www.meydan.tv\/az\/","logo":{"@type":"ImageObject","inLanguage":"az","@id":"https:\/\/www.meydan.tv\/az\/#\/schema\/logo\/image\/","url":"https:\/\/www.meydan.tv\/wp-content\/uploads\/2021\/07\/meydan-logo.svg","contentUrl":"https:\/\/www.meydan.tv\/wp-content\/uploads\/2021\/07\/meydan-logo.svg","width":195,"height":46,"caption":"Meydan TV"},"image":{"@id":"https:\/\/www.meydan.tv\/az\/#\/schema\/logo\/image\/"}},{"@type":"Person","@id":"https:\/\/www.meydan.tv\/az\/#\/schema\/person\/10d11eccf6da3662cf5fdab9806ea91a","name":"user-manager"}]}},"_links":{"self":[{"href":"https:\/\/www.meydan.tv\/az\/wp-json\/wp\/v2\/posts\/180120","targetHints":{"allow":["GET"]}}],"collection":[{"href":"https:\/\/www.meydan.tv\/az\/wp-json\/wp\/v2\/posts"}],"about":[{"href":"https:\/\/www.meydan.tv\/az\/wp-json\/wp\/v2\/types\/post"}],"author":[{"embeddable":true,"href":"https:\/\/www.meydan.tv\/az\/wp-json\/wp\/v2\/users\/11"}],"replies":[{"embeddable":true,"href":"https:\/\/www.meydan.tv\/az\/wp-json\/wp\/v2\/comments?post=180120"}],"version-history":[{"count":0,"href":"https:\/\/www.meydan.tv\/az\/wp-json\/wp\/v2\/posts\/180120\/revisions"}],"wp:featuredmedia":[{"embeddable":true,"href":"https:\/\/www.meydan.tv\/az\/wp-json\/wp\/v2\/media\/72139"}],"wp:attachment":[{"href":"https:\/\/www.meydan.tv\/az\/wp-json\/wp\/v2\/media?parent=180120"}],"wp:term":[{"taxonomy":"category","embeddable":true,"href":"https:\/\/www.meydan.tv\/az\/wp-json\/wp\/v2\/categories?post=180120"},{"taxonomy":"post_tag","embeddable":true,"href":"https:\/\/www.meydan.tv\/az\/wp-json\/wp\/v2\/tags?post=180120"}],"curies":[{"name":"wp","href":"https:\/\/api.w.org\/{rel}","templated":true}]}}