{"id":180111,"date":"2016-11-02T16:12:04","date_gmt":"2016-11-02T16:12:04","guid":{"rendered":"https:\/\/www.meydan.tv\/article\/qubad-ibadoglu-yaxin-2-ayda-qiymetler-daha-suretle-bahalasacaq\/"},"modified":"2016-11-02T16:12:04","modified_gmt":"2016-11-02T16:12:04","slug":"qubad-ibadoglu-yaxin-2-ayda-qiymetler-daha-suretle-bahalasacaq","status":"publish","type":"post","link":"https:\/\/www.meydan.tv\/az\/article\/qubad-ibadoglu-yaxin-2-ayda-qiymetler-daha-suretle-bahalasacaq\/","title":{"rendered":"Qubad \u0130bado\u011flu: Yax\u0131n 2 ayda qiym\u0259tl\u0259r daha s\u00fcr\u0259tl\u0259 bahala\u015facaq"},"content":{"rendered":"<figure class=\"wp-block-image size-large\">\n  <img decoding=\"async\" src=\"https:\/\/www.meydan.tv\/az\/foto-sosial-sebeke-99\/\" alt=\"foto sosial \u015f\u0259b\u0259k\u0259\" class=\"wp-image-72117\"\/><figcaption>\n    foto sosial \u015f\u0259b\u0259k\u0259<br \/>\n  <\/figcaption><\/figure>\n<figure class=\"wp-block-image size-large\">\n  <img decoding=\"async\" src=\"https:\/\/www.meydan.tv\/az\/foto-sosial-sebeke-99\/\" alt=\"foto sosial \u015f\u0259b\u0259k\u0259\" class=\"wp-image-72117\"\/><figcaption>\n    foto sosial \u015f\u0259b\u0259k\u0259<br \/>\n  <\/figcaption><\/figure>\n<p>\n  <i><br \/>\n    &#8221;S\u00fcr\u0259tli v\u0259 kompleks islahatlar ba\u015flmasa, bu d\u0259yi\u015fiklikl\u0259rd\u0259n \u0259n \u00e7ox \u0259ziyy\u0259t \u00e7\u0259k\u0259n istehlak\u00e7\u0131lar v\u0259 biznes olacaq&#8221;<br \/>\n  <\/i>\n<\/p>\n<p>\n  \u0130qtisad\u00e7\u0131 Qubad \u0130bado\u011flu ilin son iki ay\u0131n\u0131n 5 \u0259sas iqtisadi \u00e7\u0259tinliyi bar\u0259d\u0259 &#8220;Facebook&#8221; s\u0259hif\u0259sind\u0259 \u00f6z fikirl\u0259rini payla\u015f\u0131b.\n<\/p>\n<p>\n  Qubad \u0130bado\u011flunun q\u0259na\u0259tinc\u0259, cari ilin son 2 ay\u0131nda milli iqtisadiyyatda ciddi d\u0259yi\u015fiklikl\u0259r g\u00f6zl\u0259nilir.<br \/>\n  <br \/>\n  &#8220;\u018fg\u0259r \u00f6lk\u0259d\u0259 s\u00fcr\u0259tli v\u0259 kompleks islahatlar ba\u015flmasa, bu d\u0259yi\u015fiklikl\u0259rd\u0259n \u0259n \u00e7ox \u0259ziyy\u0259t \u00e7\u0259k\u0259n istehlak\u00e7\u0131lar v\u0259 biznes olacaq&#8221;,-dey\u0259 iqtisad\u00e7\u0131 qeyd edib.\n<\/p>\n<p>\n  O, hesab edir ki, yax\u0131n 2 ayda qiym\u0259tl\u0259r daha s\u00fcr\u0259tl\u0259 bahala\u015facaq. Manat\u0131n m\u0259z\u0259nn\u0259sinin ucuzla\u015fmas\u0131, m\u00f6vs\u00fcm\u00fc amill\u0259rin f\u0259alla\u015fmas\u0131 v\u0259 d\u00f6vriyy\u0259d\u0259 pul bazas\u0131nin artmas\u0131istehlak qiym\u0259tl\u0259ri indeksini y\u00fcks\u0259ld\u0259c\u0259k. Bu ilin oktyabr\u0131nda \u00f6lk\u0259d\u0259 pul bazas\u0131 9,4 faiz artaraq 7,4 milyard manat olub. \u0130kinci m\u0259qam, manat\u0131n m\u0259z\u0259nn\u0259si ucuzla\u015fmaqda davam ed\u0259c\u0259k. \u00c7\u00fcnki m\u00fc\u015fahid\u0259l\u0259r g\u00f6st\u0259rir ki, M\u0259rk\u0259zi Bank\u0131n m\u0259z\u0259nn\u0259 siyas\u0259tind\u0259ki son d\u0259yi\u015fiklik onun ger\u00e7\u0259k kursunun m\u00fc\u0259yy\u0259nl\u0259\u015fm\u0259sin\u0259 h\u0259d\u0259fl\u0259nib. Bu siyas\u0259ti kifay\u0259t q\u0259d\u0259r vaxt itir\u0259nd\u0259n sonra gec d\u0259 m\u0259qbul hesab ed\u0259n M\u0259rk\u0259zi Bank\u0131n haz\u0131rk\u0131 yana\u015fmas\u0131 indiki halda daha d\u00fczg\u00fcnd\u00fcr. Manat\u0131n m\u0259z\u0259nn\u0259sinin ucuzla\u015fmas\u0131na t\u0259sir g\u00f6st\u0259r\u0259n amill\u0259rd\u0259n biri d\u0259 AB\u015e-da FED faizl\u0259ri art\u0131rmaq ehtimal\u0131n\u0131n getdikc\u0259 artmas\u0131d\u0131r. \u018fg\u0259r bu g\u00fcn g\u00f6zl\u0259nil\u0259n q\u0259rar verilm\u0259zs\u0259, onda dekabr\u0131n 13-14-d\u0259 ke\u00e7iril\u0259c\u0259k n\u00f6vb\u0259ti v\u0259 son iclasda bu q\u0259rar qa\u00e7\u0131lmazd\u0131r. \u00dc\u00e7\u00fcnc\u00fc, t\u0259diy\u0259 balans\u0131n\u0131n k\u0259siri bir az da artacaq. Noyabr\u0131n 30-da OPEC neft hasilat\u0131n\u0131n m\u00fc\u0259yy\u0259n s\u0259viyy\u0259d\u0259 dondurulmas\u0131 m\u0259s\u0259l\u0259sind\u0259 raz\u0131la\u015fma \u0259ld\u0259 etm\u0259zs\u0259 neftin d\u00fcnya bazar qiym\u0259tl\u0259ri bir az da ucuzla\u015facaq. Bu da ilin sonunda \u00f6lk\u0259nin \u0259sas ixrac m\u0259hsulund\u0259n \u0259ld\u0259 edil\u0259n valyuta g\u0259lirl\u0259rinin azalmas\u0131na g\u0259tirib \u00e7\u0131xaracaq v\u0259 t\u0259diy\u0259 balans\u0131n\u0131n cari hesablar plan\u0131n\u0131n k\u0259sirinin art\u0131m\u0131n\u0131 s\u00fcr\u0259tl\u0259ndir\u0259c\u0259k. Noyabr\u0131n 2-d\u0259 d\u00fcnya bazar\u0131nda 1 barel Brend markal\u0131 neftin qiym\u0259ti 47,7 dollar olub&#8221;.\n<\/p>\n<figure class=\"wp-block-image size-large\">\n  <img decoding=\"async\" src=\"https:\/\/www.meydan.tv\/az\/72120\/\" alt=\"\" class=\"wp-image-72120\"\/><figcaption>\n    Qubad \u0130bado\u011flu foto Meydan TV<br \/>\n  <\/figcaption><\/figure>\n<p>\n  \u0130qtisad\u00e7\u0131 d\u00f6vl\u0259t b\u00fcdc\u0259sininin defisitinin s\u00fcr\u0259tl\u0259 \u00e7oxalaca\u011f\u0131n\u0131 da bildirib: &#8220;Son 2 ayda d\u00f6vl\u0259t b\u00fcdc\u0259sinin x\u0259rcl\u0259m\u0259l\u0259rinin artmas\u0131 onun k\u0259sirini \u00e7oxalmas\u0131n\u0131 \u015f\u0259rtl\u0259ndir\u0259c\u0259k. Bu ilin 9 ay\u0131nda d\u00f6vl\u0259t b\u00fcdc\u0259sinin 519,1 mln. manat m\u0259bl\u0259\u011find\u0259 k\u0259siri (defisit) yaran\u0131b. H\u0259min d\u00f6vrd\u0259 d\u00f6vl\u0259t b\u00fcdc\u0259sinin x\u0259rcl\u0259ri proqnoza nisb\u0259t\u0259n 12,5 faiz az icra olunub. N\u0259hay\u0259t, M\u0259rk\u0259zi Bank\u0131n valyuta ehtiyatar\u0131 daha da azalacaq. Bu ilin son aylar\u0131nda d\u00f6vl\u0259tin, \u015firk\u0259tl\u0259rin, banklar\u0131 xarici valyuta il\u0259 borc \u00f6hd\u0259likl\u0259riin art\u0131m\u0131 dollara t\u0259l\u0259bat\u0131n \u00e7oxalmas\u0131n\u0131 \u015f\u0259rtl\u0259ndir\u0259c\u0259k. H\u0259tta D\u00f6vl\u0259t Neft Fondunun m\u00fcdaxil\u0259si davam ets\u0259 d\u0259 bel\u0259 M\u0259rk\u0259zi Bank\u0131n valyuta ehtiyatar\u0131 \u00e7oxdan qorunan q\u0131rm\u0131z\u0131 x\u0259tti ke\u00e7\u0259r\u0259k 4 milyard dollardan da a\u015fa\u011f\u0131 d\u00fc\u015f\u0259c\u0259k. Oktyabr ay\u0131n\u0131n 30-a M\u0259rk\u0259zi Bank\u0131n s\u0259r\u0259ncam\u0131nda olan r\u0259smi valyuta ehtiyatlar\u0131n\u0131n h\u0259cmi 4 mlrd. 5,5 mln. AB\u015e dollar\u0131 t\u0259\u015fkil edib&#8221;.<\/p>\n","protected":false},"excerpt":{"rendered":"<p>&#8221;S\u00fcr\u0259tli v\u0259 kompleks islahatlar ba\u015flmasa, bu d\u0259yi\u015fiklikl\u0259rd\u0259n \u0259n \u00e7ox \u0259ziyy\u0259t \u00e7\u0259k\u0259n istehlak\u00e7\u0131lar v\u0259 biznes olacaq&#8221;<\/p>\n","protected":false},"author":11,"featured_media":72117,"comment_status":"closed","ping_status":"open","sticky":false,"template":"","format":"standard","meta":{"_acf_changed":false,"_sitemap_exclude":false,"_sitemap_priority":"","_sitemap_frequency":"","footnotes":""},"categories":[51],"tags":[],"class_list":["post-180111","post","type-post","status-publish","format-standard","has-post-thumbnail","hentry","category-analitika","infinite-scroll-item","generate-columns","tablet-grid-50","mobile-grid-100","grid-parent","grid-33","no-featured-image-padding"],"acf":[],"yoast_head":"<!-- This site is optimized with the Yoast SEO plugin v27.5 - https:\/\/yoast.com\/product\/yoast-seo-wordpress\/ -->\n<title>Qubad \u0130bado\u011flu: Yax\u0131n 2 ayda qiym\u0259tl\u0259r daha s\u00fcr\u0259tl\u0259 bahala\u015facaq - MEYDAN.TV<\/title>\n<meta name=\"robots\" content=\"index, follow, max-snippet:-1, max-image-preview:large, max-video-preview:-1\" \/>\n<link rel=\"canonical\" href=\"https:\/\/www.meydan.tv\/az\/article\/qubad-ibadoglu-yaxin-2-ayda-qiymetler-daha-suretle-bahalasacaq\/\" \/>\n<meta property=\"og:locale\" content=\"az_AZ\" \/>\n<meta property=\"og:type\" content=\"article\" \/>\n<meta property=\"og:title\" content=\"Qubad \u0130bado\u011flu: Yax\u0131n 2 ayda qiym\u0259tl\u0259r daha s\u00fcr\u0259tl\u0259 bahala\u015facaq - MEYDAN.TV\" \/>\n<meta property=\"og:description\" content=\"&#039;&#039;S\u00fcr\u0259tli v\u0259 kompleks islahatlar ba\u015flmasa, bu d\u0259yi\u015fiklikl\u0259rd\u0259n \u0259n \u00e7ox \u0259ziyy\u0259t \u00e7\u0259k\u0259n istehlak\u00e7\u0131lar v\u0259 biznes olacaq&#039;&#039;\" \/>\n<meta property=\"og:url\" content=\"https:\/\/www.meydan.tv\/az\/article\/qubad-ibadoglu-yaxin-2-ayda-qiymetler-daha-suretle-bahalasacaq\/\" \/>\n<meta property=\"og:site_name\" content=\"MEYDAN.TV\" \/>\n<meta property=\"article:published_time\" content=\"2016-11-02T16:12:04+00:00\" \/>\n<meta property=\"og:image\" content=\"https:\/\/www.meydan.tv\/wp-content\/uploads\/27661.jpg\" \/>\n\t<meta property=\"og:image:width\" content=\"637\" \/>\n\t<meta property=\"og:image:height\" content=\"400\" \/>\n\t<meta property=\"og:image:type\" content=\"image\/jpeg\" \/>\n<meta name=\"author\" content=\"user-manager\" \/>\n<meta name=\"twitter:card\" content=\"summary_large_image\" \/>\n<script type=\"application\/ld+json\" class=\"yoast-schema-graph\">{\"@context\":\"https:\\\/\\\/schema.org\",\"@graph\":[{\"@type\":\"Article\",\"@id\":\"https:\\\/\\\/www.meydan.tv\\\/az\\\/article\\\/qubad-ibadoglu-yaxin-2-ayda-qiymetler-daha-suretle-bahalasacaq\\\/#article\",\"isPartOf\":{\"@id\":\"https:\\\/\\\/www.meydan.tv\\\/az\\\/article\\\/qubad-ibadoglu-yaxin-2-ayda-qiymetler-daha-suretle-bahalasacaq\\\/\"},\"author\":{\"name\":\"user-manager\",\"@id\":\"https:\\\/\\\/www.meydan.tv\\\/az\\\/#\\\/schema\\\/person\\\/10d11eccf6da3662cf5fdab9806ea91a\"},\"headline\":\"Qubad \u0130bado\u011flu: Yax\u0131n 2 ayda qiym\u0259tl\u0259r daha s\u00fcr\u0259tl\u0259 bahala\u015facaq\",\"datePublished\":\"2016-11-02T16:12:04+00:00\",\"mainEntityOfPage\":{\"@id\":\"https:\\\/\\\/www.meydan.tv\\\/az\\\/article\\\/qubad-ibadoglu-yaxin-2-ayda-qiymetler-daha-suretle-bahalasacaq\\\/\"},\"wordCount\":653,\"publisher\":{\"@id\":\"https:\\\/\\\/www.meydan.tv\\\/az\\\/#organization\"},\"image\":{\"@id\":\"https:\\\/\\\/www.meydan.tv\\\/az\\\/article\\\/qubad-ibadoglu-yaxin-2-ayda-qiymetler-daha-suretle-bahalasacaq\\\/#primaryimage\"},\"thumbnailUrl\":\"https:\\\/\\\/www.meydan.tv\\\/wp-content\\\/uploads\\\/27661.jpg\",\"articleSection\":[\"Analitika\"],\"inLanguage\":\"az\"},{\"@type\":\"WebPage\",\"@id\":\"https:\\\/\\\/www.meydan.tv\\\/az\\\/article\\\/qubad-ibadoglu-yaxin-2-ayda-qiymetler-daha-suretle-bahalasacaq\\\/\",\"url\":\"https:\\\/\\\/www.meydan.tv\\\/az\\\/article\\\/qubad-ibadoglu-yaxin-2-ayda-qiymetler-daha-suretle-bahalasacaq\\\/\",\"name\":\"Qubad \u0130bado\u011flu: Yax\u0131n 2 ayda qiym\u0259tl\u0259r daha s\u00fcr\u0259tl\u0259 bahala\u015facaq - MEYDAN.TV\",\"isPartOf\":{\"@id\":\"https:\\\/\\\/www.meydan.tv\\\/az\\\/#website\"},\"primaryImageOfPage\":{\"@id\":\"https:\\\/\\\/www.meydan.tv\\\/az\\\/article\\\/qubad-ibadoglu-yaxin-2-ayda-qiymetler-daha-suretle-bahalasacaq\\\/#primaryimage\"},\"image\":{\"@id\":\"https:\\\/\\\/www.meydan.tv\\\/az\\\/article\\\/qubad-ibadoglu-yaxin-2-ayda-qiymetler-daha-suretle-bahalasacaq\\\/#primaryimage\"},\"thumbnailUrl\":\"https:\\\/\\\/www.meydan.tv\\\/wp-content\\\/uploads\\\/27661.jpg\",\"datePublished\":\"2016-11-02T16:12:04+00:00\",\"breadcrumb\":{\"@id\":\"https:\\\/\\\/www.meydan.tv\\\/az\\\/article\\\/qubad-ibadoglu-yaxin-2-ayda-qiymetler-daha-suretle-bahalasacaq\\\/#breadcrumb\"},\"inLanguage\":\"az\",\"potentialAction\":[{\"@type\":\"ReadAction\",\"target\":[\"https:\\\/\\\/www.meydan.tv\\\/az\\\/article\\\/qubad-ibadoglu-yaxin-2-ayda-qiymetler-daha-suretle-bahalasacaq\\\/\"]}]},{\"@type\":\"ImageObject\",\"inLanguage\":\"az\",\"@id\":\"https:\\\/\\\/www.meydan.tv\\\/az\\\/article\\\/qubad-ibadoglu-yaxin-2-ayda-qiymetler-daha-suretle-bahalasacaq\\\/#primaryimage\",\"url\":\"https:\\\/\\\/www.meydan.tv\\\/wp-content\\\/uploads\\\/27661.jpg\",\"contentUrl\":\"https:\\\/\\\/www.meydan.tv\\\/wp-content\\\/uploads\\\/27661.jpg\",\"width\":637,\"height\":400,\"caption\":\"Source:\"},{\"@type\":\"BreadcrumbList\",\"@id\":\"https:\\\/\\\/www.meydan.tv\\\/az\\\/article\\\/qubad-ibadoglu-yaxin-2-ayda-qiymetler-daha-suretle-bahalasacaq\\\/#breadcrumb\",\"itemListElement\":[{\"@type\":\"ListItem\",\"position\":1,\"name\":\"Ana s\u0259hif\u0259\",\"item\":\"https:\\\/\\\/www.meydan.tv\\\/az\\\/\"},{\"@type\":\"ListItem\",\"position\":2,\"name\":\"Analitika\",\"item\":\"https:\\\/\\\/www.meydan.tv\\\/az\\\/section\\\/analitika\\\/\"},{\"@type\":\"ListItem\",\"position\":3,\"name\":\"Qubad \u0130bado\u011flu: Yax\u0131n 2 ayda qiym\u0259tl\u0259r daha s\u00fcr\u0259tl\u0259 bahala\u015facaq\"}]},{\"@type\":\"WebSite\",\"@id\":\"https:\\\/\\\/www.meydan.tv\\\/az\\\/#website\",\"url\":\"https:\\\/\\\/www.meydan.tv\\\/az\\\/\",\"name\":\"MEYDAN.TV\",\"description\":\"Meydan TV Az\u0259rbaycan\u0131n media m\u0259kan\u0131ndak\u0131 alternativ s\u0259sidir\",\"publisher\":{\"@id\":\"https:\\\/\\\/www.meydan.tv\\\/az\\\/#organization\"},\"potentialAction\":[{\"@type\":\"SearchAction\",\"target\":{\"@type\":\"EntryPoint\",\"urlTemplate\":\"https:\\\/\\\/www.meydan.tv\\\/az\\\/?s={search_term_string}\"},\"query-input\":{\"@type\":\"PropertyValueSpecification\",\"valueRequired\":true,\"valueName\":\"search_term_string\"}}],\"inLanguage\":\"az\"},{\"@type\":\"Organization\",\"@id\":\"https:\\\/\\\/www.meydan.tv\\\/az\\\/#organization\",\"name\":\"Meydan TV\",\"url\":\"https:\\\/\\\/www.meydan.tv\\\/az\\\/\",\"logo\":{\"@type\":\"ImageObject\",\"inLanguage\":\"az\",\"@id\":\"https:\\\/\\\/www.meydan.tv\\\/az\\\/#\\\/schema\\\/logo\\\/image\\\/\",\"url\":\"https:\\\/\\\/www.meydan.tv\\\/wp-content\\\/uploads\\\/2021\\\/07\\\/meydan-logo.svg\",\"contentUrl\":\"https:\\\/\\\/www.meydan.tv\\\/wp-content\\\/uploads\\\/2021\\\/07\\\/meydan-logo.svg\",\"width\":195,\"height\":46,\"caption\":\"Meydan TV\"},\"image\":{\"@id\":\"https:\\\/\\\/www.meydan.tv\\\/az\\\/#\\\/schema\\\/logo\\\/image\\\/\"}},{\"@type\":\"Person\",\"@id\":\"https:\\\/\\\/www.meydan.tv\\\/az\\\/#\\\/schema\\\/person\\\/10d11eccf6da3662cf5fdab9806ea91a\",\"name\":\"user-manager\"}]}<\/script>\n<!-- \/ Yoast SEO plugin. -->","yoast_head_json":{"title":"Qubad \u0130bado\u011flu: Yax\u0131n 2 ayda qiym\u0259tl\u0259r daha s\u00fcr\u0259tl\u0259 bahala\u015facaq - MEYDAN.TV","robots":{"index":"index","follow":"follow","max-snippet":"max-snippet:-1","max-image-preview":"max-image-preview:large","max-video-preview":"max-video-preview:-1"},"canonical":"https:\/\/www.meydan.tv\/az\/article\/qubad-ibadoglu-yaxin-2-ayda-qiymetler-daha-suretle-bahalasacaq\/","og_locale":"az_AZ","og_type":"article","og_title":"Qubad \u0130bado\u011flu: Yax\u0131n 2 ayda qiym\u0259tl\u0259r daha s\u00fcr\u0259tl\u0259 bahala\u015facaq - MEYDAN.TV","og_description":"''S\u00fcr\u0259tli v\u0259 kompleks islahatlar ba\u015flmasa, bu d\u0259yi\u015fiklikl\u0259rd\u0259n \u0259n \u00e7ox \u0259ziyy\u0259t \u00e7\u0259k\u0259n istehlak\u00e7\u0131lar v\u0259 biznes olacaq''","og_url":"https:\/\/www.meydan.tv\/az\/article\/qubad-ibadoglu-yaxin-2-ayda-qiymetler-daha-suretle-bahalasacaq\/","og_site_name":"MEYDAN.TV","article_published_time":"2016-11-02T16:12:04+00:00","og_image":[{"width":637,"height":400,"url":"https:\/\/www.meydan.tv\/wp-content\/uploads\/27661.jpg","type":"image\/jpeg"}],"author":"user-manager","twitter_card":"summary_large_image","schema":{"@context":"https:\/\/schema.org","@graph":[{"@type":"Article","@id":"https:\/\/www.meydan.tv\/az\/article\/qubad-ibadoglu-yaxin-2-ayda-qiymetler-daha-suretle-bahalasacaq\/#article","isPartOf":{"@id":"https:\/\/www.meydan.tv\/az\/article\/qubad-ibadoglu-yaxin-2-ayda-qiymetler-daha-suretle-bahalasacaq\/"},"author":{"name":"user-manager","@id":"https:\/\/www.meydan.tv\/az\/#\/schema\/person\/10d11eccf6da3662cf5fdab9806ea91a"},"headline":"Qubad \u0130bado\u011flu: Yax\u0131n 2 ayda qiym\u0259tl\u0259r daha s\u00fcr\u0259tl\u0259 bahala\u015facaq","datePublished":"2016-11-02T16:12:04+00:00","mainEntityOfPage":{"@id":"https:\/\/www.meydan.tv\/az\/article\/qubad-ibadoglu-yaxin-2-ayda-qiymetler-daha-suretle-bahalasacaq\/"},"wordCount":653,"publisher":{"@id":"https:\/\/www.meydan.tv\/az\/#organization"},"image":{"@id":"https:\/\/www.meydan.tv\/az\/article\/qubad-ibadoglu-yaxin-2-ayda-qiymetler-daha-suretle-bahalasacaq\/#primaryimage"},"thumbnailUrl":"https:\/\/www.meydan.tv\/wp-content\/uploads\/27661.jpg","articleSection":["Analitika"],"inLanguage":"az"},{"@type":"WebPage","@id":"https:\/\/www.meydan.tv\/az\/article\/qubad-ibadoglu-yaxin-2-ayda-qiymetler-daha-suretle-bahalasacaq\/","url":"https:\/\/www.meydan.tv\/az\/article\/qubad-ibadoglu-yaxin-2-ayda-qiymetler-daha-suretle-bahalasacaq\/","name":"Qubad \u0130bado\u011flu: Yax\u0131n 2 ayda qiym\u0259tl\u0259r daha s\u00fcr\u0259tl\u0259 bahala\u015facaq - MEYDAN.TV","isPartOf":{"@id":"https:\/\/www.meydan.tv\/az\/#website"},"primaryImageOfPage":{"@id":"https:\/\/www.meydan.tv\/az\/article\/qubad-ibadoglu-yaxin-2-ayda-qiymetler-daha-suretle-bahalasacaq\/#primaryimage"},"image":{"@id":"https:\/\/www.meydan.tv\/az\/article\/qubad-ibadoglu-yaxin-2-ayda-qiymetler-daha-suretle-bahalasacaq\/#primaryimage"},"thumbnailUrl":"https:\/\/www.meydan.tv\/wp-content\/uploads\/27661.jpg","datePublished":"2016-11-02T16:12:04+00:00","breadcrumb":{"@id":"https:\/\/www.meydan.tv\/az\/article\/qubad-ibadoglu-yaxin-2-ayda-qiymetler-daha-suretle-bahalasacaq\/#breadcrumb"},"inLanguage":"az","potentialAction":[{"@type":"ReadAction","target":["https:\/\/www.meydan.tv\/az\/article\/qubad-ibadoglu-yaxin-2-ayda-qiymetler-daha-suretle-bahalasacaq\/"]}]},{"@type":"ImageObject","inLanguage":"az","@id":"https:\/\/www.meydan.tv\/az\/article\/qubad-ibadoglu-yaxin-2-ayda-qiymetler-daha-suretle-bahalasacaq\/#primaryimage","url":"https:\/\/www.meydan.tv\/wp-content\/uploads\/27661.jpg","contentUrl":"https:\/\/www.meydan.tv\/wp-content\/uploads\/27661.jpg","width":637,"height":400,"caption":"Source:"},{"@type":"BreadcrumbList","@id":"https:\/\/www.meydan.tv\/az\/article\/qubad-ibadoglu-yaxin-2-ayda-qiymetler-daha-suretle-bahalasacaq\/#breadcrumb","itemListElement":[{"@type":"ListItem","position":1,"name":"Ana s\u0259hif\u0259","item":"https:\/\/www.meydan.tv\/az\/"},{"@type":"ListItem","position":2,"name":"Analitika","item":"https:\/\/www.meydan.tv\/az\/section\/analitika\/"},{"@type":"ListItem","position":3,"name":"Qubad \u0130bado\u011flu: Yax\u0131n 2 ayda qiym\u0259tl\u0259r daha s\u00fcr\u0259tl\u0259 bahala\u015facaq"}]},{"@type":"WebSite","@id":"https:\/\/www.meydan.tv\/az\/#website","url":"https:\/\/www.meydan.tv\/az\/","name":"MEYDAN.TV","description":"Meydan TV Az\u0259rbaycan\u0131n media m\u0259kan\u0131ndak\u0131 alternativ s\u0259sidir","publisher":{"@id":"https:\/\/www.meydan.tv\/az\/#organization"},"potentialAction":[{"@type":"SearchAction","target":{"@type":"EntryPoint","urlTemplate":"https:\/\/www.meydan.tv\/az\/?s={search_term_string}"},"query-input":{"@type":"PropertyValueSpecification","valueRequired":true,"valueName":"search_term_string"}}],"inLanguage":"az"},{"@type":"Organization","@id":"https:\/\/www.meydan.tv\/az\/#organization","name":"Meydan TV","url":"https:\/\/www.meydan.tv\/az\/","logo":{"@type":"ImageObject","inLanguage":"az","@id":"https:\/\/www.meydan.tv\/az\/#\/schema\/logo\/image\/","url":"https:\/\/www.meydan.tv\/wp-content\/uploads\/2021\/07\/meydan-logo.svg","contentUrl":"https:\/\/www.meydan.tv\/wp-content\/uploads\/2021\/07\/meydan-logo.svg","width":195,"height":46,"caption":"Meydan TV"},"image":{"@id":"https:\/\/www.meydan.tv\/az\/#\/schema\/logo\/image\/"}},{"@type":"Person","@id":"https:\/\/www.meydan.tv\/az\/#\/schema\/person\/10d11eccf6da3662cf5fdab9806ea91a","name":"user-manager"}]}},"_links":{"self":[{"href":"https:\/\/www.meydan.tv\/az\/wp-json\/wp\/v2\/posts\/180111","targetHints":{"allow":["GET"]}}],"collection":[{"href":"https:\/\/www.meydan.tv\/az\/wp-json\/wp\/v2\/posts"}],"about":[{"href":"https:\/\/www.meydan.tv\/az\/wp-json\/wp\/v2\/types\/post"}],"author":[{"embeddable":true,"href":"https:\/\/www.meydan.tv\/az\/wp-json\/wp\/v2\/users\/11"}],"replies":[{"embeddable":true,"href":"https:\/\/www.meydan.tv\/az\/wp-json\/wp\/v2\/comments?post=180111"}],"version-history":[{"count":0,"href":"https:\/\/www.meydan.tv\/az\/wp-json\/wp\/v2\/posts\/180111\/revisions"}],"wp:featuredmedia":[{"embeddable":true,"href":"https:\/\/www.meydan.tv\/az\/wp-json\/wp\/v2\/media\/72117"}],"wp:attachment":[{"href":"https:\/\/www.meydan.tv\/az\/wp-json\/wp\/v2\/media?parent=180111"}],"wp:term":[{"taxonomy":"category","embeddable":true,"href":"https:\/\/www.meydan.tv\/az\/wp-json\/wp\/v2\/categories?post=180111"},{"taxonomy":"post_tag","embeddable":true,"href":"https:\/\/www.meydan.tv\/az\/wp-json\/wp\/v2\/tags?post=180111"}],"curies":[{"name":"wp","href":"https:\/\/api.w.org\/{rel}","templated":true}]}}