{"id":180103,"date":"2016-11-01T23:08:23","date_gmt":"2016-11-01T23:08:23","guid":{"rendered":"https:\/\/www.meydan.tv\/article\/dagilan-almaniya\/"},"modified":"2016-11-01T23:08:23","modified_gmt":"2016-11-01T23:08:23","slug":"dagilan-almaniya","status":"publish","type":"post","link":"https:\/\/www.meydan.tv\/az\/article\/dagilan-almaniya\/","title":{"rendered":"Da\u011f\u0131lan Almaniya"},"content":{"rendered":"<figure class=\"wp-block-image size-large\">\n  <img decoding=\"async\" src=\"https:\/\/www.meydan.tv\/az\/72077\/\" alt=\"\" class=\"wp-image-72077\"\/><figcaption><\/figcaption><\/figure>\n<figure class=\"wp-block-image size-large\">\n  <img decoding=\"async\" src=\"https:\/\/www.meydan.tv\/az\/yadigar-sadiqov-4\/\" alt=\"Yadigar Sad\u0131qov\" class=\"wp-image-72080\"\/><figcaption>\n    Yadigar Sad\u0131qov<br \/>\n  <\/figcaption><\/figure>\n<p>\n  M\u00fcsavat Partiyas\u0131n\u0131n Avropa Koordinasiya M\u0259rk\u0259zinin t\u0259sis konfrans\u0131nda i\u015ftirak etm\u0259k \u00fc\u00e7\u00fcn Almaniyaya 6 g\u00fcnl\u00fck s\u0259f\u0259rimiz oldu. Hakimiyy\u0259ty\u00f6nl\u00fc media resurslar\u0131n\u0131n, x\u00fcss\u0259n d\u0259 AzTV-nin \u201cAlmaniya da\u011f\u0131l\u0131r\u201d t\u0259bli\u011fat\u0131n\u0131n fonunda bu \u00f6lk\u0259y\u0259 ilk s\u0259f\u0259rimi maraqla g\u00f6zl\u0259yirdim. Ona g\u00f6r\u0259 yox ki, bu t\u0259bli\u011fat\u0131n h\u0259qiq\u0259t\u0259 n\u0259 q\u0259d\u0259r uy\u011fun oldu\u011funu m\u00fcqayis\u0259 edim. Tam \u0259ksin\u0259, h\u0259qiq\u0259t\u0259 n\u0259 q\u0259d\u0259r uy\u011fun olmad\u0131\u011f\u0131 maraql\u0131 idi.\n<\/p>\n<p>\n  Ayd\u0131nd\u0131r ki, s\u0259f\u0259rimizin m\u00fcdd\u0259ti v\u0259 mahiyy\u0259ti alman iqtisadiyyat\u0131 v\u0259 dig\u0259r sah\u0259l\u0259r haqq\u0131nda geni\u015f m\u0259lumatlar toplamaq, ara\u015fd\u0131rma aparmaq \u00fc\u00e7\u00fcn \u0259lveri\u015fli deyildi. Bununla bel\u0259, az-\u00e7ox m\u00fc\u015fahid\u0259 qabiliyy\u0259ti m\u00fc\u0259yy\u0259n n\u0259tic\u0259l\u0259r \u00e7\u0131xarma\u011fa imkan verirdi.\n<\/p>\n<p>\n  \u0130lk n\u00f6vb\u0259d\u0259 onu qeyd etm\u0259k ist\u0259yir\u0259m ki, Almaniyada \u0259n \u00e7ox b\u0259y\u0259ndiyim \u015f\u0259h\u0259r v\u0259 k\u0259nd aras\u0131nda f\u0259rqin olmamas\u0131d\u0131r. H\u0259tta dey\u0259rdim ki, k\u0259ndl\u0259r \u015f\u0259h\u0259rl\u0259rd\u0259n daha abad v\u0259 s\u0259liq\u0259li t\u0259\u0259ss\u00fcrat yarad\u0131r. Toz, pal\u00e7\u0131q kimi \u015feyl\u0259rd\u0259n dan\u0131\u015fmaq bel\u0259 g\u00fcl\u00fcncd\u00fcr.\n<\/p>\n<p>\n  Berlin hava liman\u0131nda enib Frankfurta ged\u0259n 550 kilometrlik yolda g\u00f6rd\u00fcy\u00fcm says\u0131z-hesabs\u0131z y\u00fck ma\u015f\u0131nlar\u0131 art\u0131q bir n\u0259tic\u0259 \u00fc\u00e7\u00fcn m\u00fc\u0259yy\u0259n ipucu idi. Bu ma\u015f\u0131nlar s\u00fcbut edirdi ki, indiy\u0259 q\u0259d\u0259r olmad\u0131\u011f\u0131m bir iqtisadi n\u0259h\u0259ngin \u0259razisind\u0259y\u0259m. Az\u0259rbaycan v\u0259t\u0259nda\u015flar\u0131n\u0131n daha \u00e7ox olduqlar\u0131 T\u00fcrkiy\u0259d\u0259ki y\u00fckda\u015f\u0131malar bel\u0259 Almaniya il\u0259 m\u00fcqayis\u0259 oluna bilm\u0259z.\n<\/p>\n<p>\n  Frankfurtdak\u0131 otelimizin p\u0259nc\u0259r\u0259si Mayn \u00e7ay\u0131na a\u00e7\u0131l\u0131rd\u0131. Almaniya miqyas\u0131 \u00fc\u00e7\u00fcn orta say\u0131lan bu \u00e7ayda g\u00fcn \u0259rzind\u0259 \u00fcz\u0259n g\u0259mil\u0259rin say\u0131 \u015f\u00fcbh\u0259siz ki, Bak\u0131 d\u0259niz liman\u0131na daxil olanlar\u0131n say\u0131ndan \u00e7ox idi. D\u0259niz\u0259 a\u00e7\u0131lan Hamburq, Bremen, Rostok, Kil v\u0259 dig\u0259r iri limanlardak\u0131 y\u00fckda\u015f\u0131malar\u0131n h\u0259cmini is\u0259 yaln\u0131z t\u0259s\u0259vv\u00fcr etm\u0259k qal\u0131rd\u0131.\n<\/p>\n<p>\n  Bu v\u0259 dig\u0259r m\u00fc\u015fahid\u0259l\u0259r m\u0259ni internetd\u0259 Almaniya iqtisadiyyat\u0131 haqq\u0131nda daha \u00e7ox m\u0259lumat \u0259ld\u0259 etm\u0259y\u0259 h\u0259v\u0259sl\u0259ndirdi. \u0130lk n\u00f6vb\u0259d\u0259, el\u0259 Almaniyan\u0131n \u0259n b\u00f6y\u00fck d\u0259niz liman\u0131 olan Hamburla maraqland\u0131m.\n<\/p>\n<p>\n  Hamburq Rotterdamdan sonra Avropan\u0131n 2-ci, d\u00fcnyan\u0131n 9-cu b\u00f6y\u00fck d\u0259niz liman\u0131d\u0131r. 2015-ci ild\u0259 y\u00fckda\u015f\u0131malar\u0131n h\u0259cmi 137,8 milyon ton t\u0259\u015fkil edib. Bu zaman daha \u00f6nc\u0259ki ill\u0259 m\u00fcqayis\u0259d\u0259 5,4% azalma m\u00fc\u015fahid\u0259 olunub ki, burada da \u0259sas amil Rusiyaya qar\u015f\u0131 sanksiyalar olub.\n<\/p>\n<p>\n  Almaniya n\u0259qliyyat arteriyas\u0131n\u0131n daha bir \u00f6n\u0259mli subyekti Frankfurt hava liman\u0131d\u0131r. 2015-ci ilin statistikas\u0131na g\u00f6r\u0259, y\u00fckda\u015f\u0131malarda 2077 min ton n\u0259tic\u0259 il\u0259 Avropada ilk yeri tutan hava liman\u0131 s\u0259rni\u015finda\u015f\u0131mada (61 milyondan art\u0131q) 4-c\u00fc yerd\u0259dir. Bu g\u00f6st\u0259rici \u00fczr\u0259 Frankfurt hava liman\u0131 Avropan\u0131n Xitrou, \u015earl de Qoll v\u0259 Atat\u00fcrk hava limanlar\u0131ndan geri qal\u0131r.\n<\/p>\n<p>\n  Almaniya dey\u0259nd\u0259 bir \u00e7oxunun a\u011fl\u0131na t\u0259bii ki, avtomobil s\u0259nayesi g\u0259lir. Bu sah\u0259d\u0259 XX \u0259srin 60-c\u0131 ill\u0259rind\u0259n Avropada lider m\u00f6vqe tutan almanlar son ill\u0259rd\u0259 , \u00fcmumiyy\u0259tl\u0259, qit\u0259d\u0259 r\u0259qib tan\u0131m\u0131rlar. Avropa \u0130ttifaq\u0131nda istehsal olunan avtomobill\u0259rin 1\/3-d\u0259n \u00e7oxu Almaniyan\u0131n pay\u0131na d\u00fc\u015f\u00fcr.\n<\/p>\n<p>\n  D\u00fcnya \u00fczr\u0259 is\u0259 ilk \u00fc\u00e7l\u00fck \u00c7in, AB\u015e v\u0259 Yaponiya tutur. Almaniya bu siyah\u0131da \u00f6z\u00fc \u00fc\u00e7\u00fcn o q\u0259d\u0259r d\u0259 prestijli say\u0131lmayacaq 4-c\u00fc yerd\u0259dir. Lakin n\u0259z\u0259r\u0259 almaq laz\u0131md\u0131r ki, \u00c7in avtomobill\u0259rinin \u00e7ox b\u00f6y\u00fck hiss\u0259si daxili istehlaka y\u00f6n\u0259lir. Bu s\u0259b\u0259bd\u0259n d\u0259 Almaniya d\u00fcnya bazar\u0131nda\u00a0\u00a0 AB\u015e v\u0259 Yaponiya il\u0259 r\u0259qab\u0259t apar\u0131r.\n<\/p>\n<p>\n  Alman avtomobil s\u0259nayesinin lideri olan \u201cVolkswagen\u201d konserni il\u0259 is\u0259 yaln\u0131z Yaponiyan\u0131n \u201cToyota\u201d firmas\u0131 r\u0259qab\u0259t apara bilir.\n<\/p>\n<p>\n  \u00d6lk\u0259d\u0259 avtomobil s\u0259nayesi il\u0259 yana\u015f\u0131 g\u0259miqay\u0131rma da y\u00fcks\u0259k inki\u015faf edib. Bu sah\u0259d\u0259 1 milyondan art\u0131q insan \u00e7al\u0131\u015f\u0131r.\u00a0 K\u0259nd t\u0259s\u0259rr\u00fcfat\u0131, qida s\u0259nayesi, elektrotexnika, kimya s\u0259nayesi kimi sah\u0259l\u0259rd\u0259 d\u0259 Almaniya d\u00fcnya \u00f6nc\u00fcll\u0259rind\u0259ndir. Son d\u00f6vrl\u0259rin iqtisadi b\u00f6hranlar\u0131 s\u00fcbut edir ki, Almaniya iqtisadiyyat\u0131 h\u0259m d\u0259 \u00f6z sabitliyi il\u0259 se\u00e7ilir.\n<\/p>\n<p>\n  Maraql\u0131d\u0131r ki, Almaniyada minimal \u0259m\u0259k haqq\u0131 bar\u0259d\u0259 ilk qanun yaln\u0131z 2014-c\u00fc ild\u0259 q\u0259bul olunub v\u0259 2015-ci il yanvar\u0131n 1-d\u0259n q\u00fcvv\u0259y\u0259 minib. Qanuna \u0259sas\u0259n, i\u015f\u00e7inin 1 saatl\u0131q \u0259m\u0259yi \u0259n az\u0131 8,5 avro h\u0259cmind\u0259 \u00f6d\u0259nilm\u0259lidir. Bizim \u00fc\u00e7\u00fcn a\u011flas\u0131\u011fmaz g\u00f6r\u00fcn\u0259n bu maa\u015f\u0131 statistikaya g\u00f6r\u0259 alman i\u015f\u00e7il\u0259rinin yaln\u0131z 11%-i al\u0131r. Dig\u0259rl\u0259rinin maa\u015f\u0131 daha y\u00fcks\u0259kdir.\n<\/p>\n<p>\n  2015-ci ilin n\u0259tic\u0259l\u0259rin\u0259 g\u00f6r\u0259, Almaniyada orta \u0259m\u0259k haqq\u0131 \u00f6z\u0259l sektorda saathesab\u0131 25,55 avro, \u00f6z\u0259l sektorda is\u0259 29,69 avro t\u0259\u015fkil edib. \u00dcmumi orta ayl\u0131q \u0259m\u0259k haqq\u0131 is\u0259\u00a0 3612 avroya b\u0259rab\u0259r olub. Lakin n\u0259z\u0259r\u0259 alaq ki, bu brutto-maa\u015fd\u0131r, y\u0259ni vergil\u0259r tutulmam\u0131\u015f. Orta hesabla \u0259m\u0259k haqq\u0131n\u0131n 28%-i vergil\u0259r\u0259, sosial \u00f6d\u0259ni\u015fl\u0259r\u0259 tutulur.\n<\/p>\n<p>\n  Almaniya h\u0259m d\u0259 son 2 ild\u0259 b\u00fcdc\u0259 ilini m\u00fcsb\u0259t saldo \u2013 profisitl\u0259 ba\u015fa vurmaqla f\u0259rql\u0259nib. M\u00fcxt\u0259lif m\u0259lumatlara g\u00f6r\u0259, 2015-ci ild\u0259 b\u00fcdc\u0259 profisiti 20 milyard avro civar\u0131nda olub ki, bunun da d\u00fcnyada \u0259n b\u00f6y\u00fck r\u0259q\u0259m olmas\u0131 m\u00fcmk\u00fcnd\u00fcr. Merkel h\u00f6kum\u0259ti 2019-cu il\u0259 q\u0259d\u0259r defisitsiz b\u00fcdc\u0259 planla\u015fd\u0131r\u0131r.\n<\/p>\n<p>\n  Qiym\u0259tl\u0259r\u0259 g\u0259linc\u0259, Az\u0259rbaycanla m\u00fcqayis\u0259d\u0259 b\u0259zi, h\u0259rd\u0259n d\u0259 \u0259h\u0259miyy\u0259tli, istisnalarla Almaniyada h\u0259yat daha bahad\u0131r. Buraya avtomobilin parkinqind\u0259n tutmu\u015f \u0259rzaq, geyim, m\u0259nzil qiym\u0259tl\u0259rin\u0259 q\u0259d\u0259r geni\u015f siyah\u0131n\u0131 \u0259lav\u0259 etm\u0259k olar.\n<\/p>\n<p>\n  Almaniyada h\u0259tta velosiped s\u00fcr\u0259rk\u0259n mobil telefondan istifad\u0259y\u0259 g\u00f6r\u0259 25 avro c\u0259rim\u0259 n\u0259z\u0259rd\u0259 tutulur.\u00a0 Avtomobili s\u0259rxo\u015f halda idar\u0259 etm\u0259k is\u0259 1500 avroya, x\u00fcsusil\u0259 a\u011f\u0131r halda is\u0259 h\u0259bs c\u0259zas\u0131 v\u0259 s\u00fcr\u00fcc\u00fcl\u00fck h\u00fcququndan 5 il\u0259 q\u0259d\u0259r m\u0259hrumiyy\u0259t\u0259 ba\u015fa g\u0259l\u0259 bil\u0259r.\n<\/p>\n<p>\n  Lakin bahal\u0131\u011fa r\u0259\u011fm\u0259n, y\u00fcks\u0259k \u0259m\u0259k haqq\u0131 v\u0259 d\u00f6vl\u0259tin sosial siyas\u0259ti Almaniya \u0259halisin\u0259 h\u0259yat s\u0259viyy\u0259sini ilb\u0259il art\u0131rma\u011fa imkan verir. Bu g\u00fcnl\u0259rd\u0259 \u201cDeutsche Welle\u201d (Alman dal\u011fas\u0131) x\u0259b\u0259r verdi ki, alman v\u0259t\u0259nda\u015flar\u0131n\u0131n bank \u0259man\u0259tl\u0259rinin, qiym\u0259tli ka\u011f\u0131zlar\u0131n\u0131n v\u0259 s\u0131\u011forta polisl\u0259rinin h\u0259cmi 5,4 trilyon avro t\u0259\u015fkil edib. Bu da ke\u00e7\u0259n ill\u0259 m\u00fcqayis\u0259d\u0259 169 milyard avro \u00e7oxdur.\n<\/p>\n<p>\n  Bel\u0259likl\u0259, \u0259n s\u0259thi m\u00fc\u015fahid\u0259l\u0259r\u0259 \u0259sas\u0259n \u0259minlikl\u0259 s\u00f6yl\u0259m\u0259k olar ki, AzTV Almaniyan\u0131n da\u011f\u0131lmas\u0131n\u0131 h\u0259l\u0259 \u00e7ox g\u00f6zl\u0259m\u0259li olacaq.<\/p>\n","protected":false},"excerpt":{"rendered":"<p>Qiym\u0259tl\u0259r\u0259 g\u0259linc\u0259, Az\u0259rbaycanla m\u00fcqayis\u0259d\u0259 b\u0259zi, h\u0259rd\u0259n d\u0259 \u0259h\u0259miyy\u0259tli, istisnalarla Almaniyada h\u0259yat daha bahad\u0131r.<\/p>\n","protected":false},"author":11,"featured_media":72077,"comment_status":"closed","ping_status":"open","sticky":false,"template":"","format":"standard","meta":{"_acf_changed":false,"_sitemap_exclude":false,"_sitemap_priority":"","_sitemap_frequency":"","footnotes":""},"categories":[57],"tags":[],"class_list":["post-180103","post","type-post","status-publish","format-standard","has-post-thumbnail","hentry","category-menim-fikrimce","infinite-scroll-item","generate-columns","tablet-grid-50","mobile-grid-100","grid-parent","grid-33","no-featured-image-padding"],"acf":[],"yoast_head":"<!-- This site is optimized with the Yoast SEO plugin v27.5 - https:\/\/yoast.com\/product\/yoast-seo-wordpress\/ -->\n<title>Da\u011f\u0131lan Almaniya - MEYDAN.TV<\/title>\n<meta name=\"robots\" content=\"index, follow, max-snippet:-1, max-image-preview:large, max-video-preview:-1\" \/>\n<link rel=\"canonical\" href=\"https:\/\/www.meydan.tv\/az\/article\/dagilan-almaniya\/\" \/>\n<meta property=\"og:locale\" content=\"az_AZ\" \/>\n<meta property=\"og:type\" content=\"article\" \/>\n<meta property=\"og:title\" content=\"Da\u011f\u0131lan Almaniya - MEYDAN.TV\" \/>\n<meta property=\"og:description\" content=\"Qiym\u0259tl\u0259r\u0259 g\u0259linc\u0259, Az\u0259rbaycanla m\u00fcqayis\u0259d\u0259 b\u0259zi, h\u0259rd\u0259n d\u0259 \u0259h\u0259miyy\u0259tli, istisnalarla Almaniyada h\u0259yat daha bahad\u0131r.\" \/>\n<meta property=\"og:url\" content=\"https:\/\/www.meydan.tv\/az\/article\/dagilan-almaniya\/\" \/>\n<meta property=\"og:site_name\" content=\"MEYDAN.TV\" \/>\n<meta property=\"article:published_time\" content=\"2016-11-01T23:08:23+00:00\" \/>\n<meta property=\"og:image\" content=\"https:\/\/www.meydan.tv\/wp-content\/uploads\/27639.jpg\" \/>\n\t<meta property=\"og:image:width\" content=\"600\" \/>\n\t<meta property=\"og:image:height\" content=\"600\" \/>\n\t<meta property=\"og:image:type\" content=\"image\/jpeg\" \/>\n<meta name=\"author\" content=\"user-manager\" \/>\n<meta name=\"twitter:card\" content=\"summary_large_image\" \/>\n<script type=\"application\/ld+json\" class=\"yoast-schema-graph\">{\"@context\":\"https:\\\/\\\/schema.org\",\"@graph\":[{\"@type\":\"Article\",\"@id\":\"https:\\\/\\\/www.meydan.tv\\\/az\\\/article\\\/dagilan-almaniya\\\/#article\",\"isPartOf\":{\"@id\":\"https:\\\/\\\/www.meydan.tv\\\/az\\\/article\\\/dagilan-almaniya\\\/\"},\"author\":{\"name\":\"user-manager\",\"@id\":\"https:\\\/\\\/www.meydan.tv\\\/az\\\/#\\\/schema\\\/person\\\/10d11eccf6da3662cf5fdab9806ea91a\"},\"headline\":\"Da\u011f\u0131lan Almaniya\",\"datePublished\":\"2016-11-01T23:08:23+00:00\",\"mainEntityOfPage\":{\"@id\":\"https:\\\/\\\/www.meydan.tv\\\/az\\\/article\\\/dagilan-almaniya\\\/\"},\"wordCount\":1215,\"publisher\":{\"@id\":\"https:\\\/\\\/www.meydan.tv\\\/az\\\/#organization\"},\"image\":{\"@id\":\"https:\\\/\\\/www.meydan.tv\\\/az\\\/article\\\/dagilan-almaniya\\\/#primaryimage\"},\"thumbnailUrl\":\"https:\\\/\\\/www.meydan.tv\\\/wp-content\\\/uploads\\\/27639.jpg\",\"articleSection\":[\"M\u0259nim Fikrimc\u0259\"],\"inLanguage\":\"az\"},{\"@type\":\"WebPage\",\"@id\":\"https:\\\/\\\/www.meydan.tv\\\/az\\\/article\\\/dagilan-almaniya\\\/\",\"url\":\"https:\\\/\\\/www.meydan.tv\\\/az\\\/article\\\/dagilan-almaniya\\\/\",\"name\":\"Da\u011f\u0131lan Almaniya - MEYDAN.TV\",\"isPartOf\":{\"@id\":\"https:\\\/\\\/www.meydan.tv\\\/az\\\/#website\"},\"primaryImageOfPage\":{\"@id\":\"https:\\\/\\\/www.meydan.tv\\\/az\\\/article\\\/dagilan-almaniya\\\/#primaryimage\"},\"image\":{\"@id\":\"https:\\\/\\\/www.meydan.tv\\\/az\\\/article\\\/dagilan-almaniya\\\/#primaryimage\"},\"thumbnailUrl\":\"https:\\\/\\\/www.meydan.tv\\\/wp-content\\\/uploads\\\/27639.jpg\",\"datePublished\":\"2016-11-01T23:08:23+00:00\",\"breadcrumb\":{\"@id\":\"https:\\\/\\\/www.meydan.tv\\\/az\\\/article\\\/dagilan-almaniya\\\/#breadcrumb\"},\"inLanguage\":\"az\",\"potentialAction\":[{\"@type\":\"ReadAction\",\"target\":[\"https:\\\/\\\/www.meydan.tv\\\/az\\\/article\\\/dagilan-almaniya\\\/\"]}]},{\"@type\":\"ImageObject\",\"inLanguage\":\"az\",\"@id\":\"https:\\\/\\\/www.meydan.tv\\\/az\\\/article\\\/dagilan-almaniya\\\/#primaryimage\",\"url\":\"https:\\\/\\\/www.meydan.tv\\\/wp-content\\\/uploads\\\/27639.jpg\",\"contentUrl\":\"https:\\\/\\\/www.meydan.tv\\\/wp-content\\\/uploads\\\/27639.jpg\",\"width\":600,\"height\":600,\"caption\":\"Source:\"},{\"@type\":\"BreadcrumbList\",\"@id\":\"https:\\\/\\\/www.meydan.tv\\\/az\\\/article\\\/dagilan-almaniya\\\/#breadcrumb\",\"itemListElement\":[{\"@type\":\"ListItem\",\"position\":1,\"name\":\"Ana s\u0259hif\u0259\",\"item\":\"https:\\\/\\\/www.meydan.tv\\\/az\\\/\"},{\"@type\":\"ListItem\",\"position\":2,\"name\":\"M\u0259nim Fikrimc\u0259\",\"item\":\"https:\\\/\\\/www.meydan.tv\\\/az\\\/section\\\/menim-fikrimce\\\/\"},{\"@type\":\"ListItem\",\"position\":3,\"name\":\"Da\u011f\u0131lan Almaniya\"}]},{\"@type\":\"WebSite\",\"@id\":\"https:\\\/\\\/www.meydan.tv\\\/az\\\/#website\",\"url\":\"https:\\\/\\\/www.meydan.tv\\\/az\\\/\",\"name\":\"MEYDAN.TV\",\"description\":\"Meydan TV Az\u0259rbaycan\u0131n media m\u0259kan\u0131ndak\u0131 alternativ s\u0259sidir\",\"publisher\":{\"@id\":\"https:\\\/\\\/www.meydan.tv\\\/az\\\/#organization\"},\"potentialAction\":[{\"@type\":\"SearchAction\",\"target\":{\"@type\":\"EntryPoint\",\"urlTemplate\":\"https:\\\/\\\/www.meydan.tv\\\/az\\\/?s={search_term_string}\"},\"query-input\":{\"@type\":\"PropertyValueSpecification\",\"valueRequired\":true,\"valueName\":\"search_term_string\"}}],\"inLanguage\":\"az\"},{\"@type\":\"Organization\",\"@id\":\"https:\\\/\\\/www.meydan.tv\\\/az\\\/#organization\",\"name\":\"Meydan TV\",\"url\":\"https:\\\/\\\/www.meydan.tv\\\/az\\\/\",\"logo\":{\"@type\":\"ImageObject\",\"inLanguage\":\"az\",\"@id\":\"https:\\\/\\\/www.meydan.tv\\\/az\\\/#\\\/schema\\\/logo\\\/image\\\/\",\"url\":\"https:\\\/\\\/www.meydan.tv\\\/wp-content\\\/uploads\\\/2021\\\/07\\\/meydan-logo.svg\",\"contentUrl\":\"https:\\\/\\\/www.meydan.tv\\\/wp-content\\\/uploads\\\/2021\\\/07\\\/meydan-logo.svg\",\"width\":195,\"height\":46,\"caption\":\"Meydan TV\"},\"image\":{\"@id\":\"https:\\\/\\\/www.meydan.tv\\\/az\\\/#\\\/schema\\\/logo\\\/image\\\/\"}},{\"@type\":\"Person\",\"@id\":\"https:\\\/\\\/www.meydan.tv\\\/az\\\/#\\\/schema\\\/person\\\/10d11eccf6da3662cf5fdab9806ea91a\",\"name\":\"user-manager\"}]}<\/script>\n<!-- \/ Yoast SEO plugin. -->","yoast_head_json":{"title":"Da\u011f\u0131lan Almaniya - MEYDAN.TV","robots":{"index":"index","follow":"follow","max-snippet":"max-snippet:-1","max-image-preview":"max-image-preview:large","max-video-preview":"max-video-preview:-1"},"canonical":"https:\/\/www.meydan.tv\/az\/article\/dagilan-almaniya\/","og_locale":"az_AZ","og_type":"article","og_title":"Da\u011f\u0131lan Almaniya - MEYDAN.TV","og_description":"Qiym\u0259tl\u0259r\u0259 g\u0259linc\u0259, Az\u0259rbaycanla m\u00fcqayis\u0259d\u0259 b\u0259zi, h\u0259rd\u0259n d\u0259 \u0259h\u0259miyy\u0259tli, istisnalarla Almaniyada h\u0259yat daha bahad\u0131r.","og_url":"https:\/\/www.meydan.tv\/az\/article\/dagilan-almaniya\/","og_site_name":"MEYDAN.TV","article_published_time":"2016-11-01T23:08:23+00:00","og_image":[{"width":600,"height":600,"url":"https:\/\/www.meydan.tv\/wp-content\/uploads\/27639.jpg","type":"image\/jpeg"}],"author":"user-manager","twitter_card":"summary_large_image","schema":{"@context":"https:\/\/schema.org","@graph":[{"@type":"Article","@id":"https:\/\/www.meydan.tv\/az\/article\/dagilan-almaniya\/#article","isPartOf":{"@id":"https:\/\/www.meydan.tv\/az\/article\/dagilan-almaniya\/"},"author":{"name":"user-manager","@id":"https:\/\/www.meydan.tv\/az\/#\/schema\/person\/10d11eccf6da3662cf5fdab9806ea91a"},"headline":"Da\u011f\u0131lan Almaniya","datePublished":"2016-11-01T23:08:23+00:00","mainEntityOfPage":{"@id":"https:\/\/www.meydan.tv\/az\/article\/dagilan-almaniya\/"},"wordCount":1215,"publisher":{"@id":"https:\/\/www.meydan.tv\/az\/#organization"},"image":{"@id":"https:\/\/www.meydan.tv\/az\/article\/dagilan-almaniya\/#primaryimage"},"thumbnailUrl":"https:\/\/www.meydan.tv\/wp-content\/uploads\/27639.jpg","articleSection":["M\u0259nim Fikrimc\u0259"],"inLanguage":"az"},{"@type":"WebPage","@id":"https:\/\/www.meydan.tv\/az\/article\/dagilan-almaniya\/","url":"https:\/\/www.meydan.tv\/az\/article\/dagilan-almaniya\/","name":"Da\u011f\u0131lan Almaniya - MEYDAN.TV","isPartOf":{"@id":"https:\/\/www.meydan.tv\/az\/#website"},"primaryImageOfPage":{"@id":"https:\/\/www.meydan.tv\/az\/article\/dagilan-almaniya\/#primaryimage"},"image":{"@id":"https:\/\/www.meydan.tv\/az\/article\/dagilan-almaniya\/#primaryimage"},"thumbnailUrl":"https:\/\/www.meydan.tv\/wp-content\/uploads\/27639.jpg","datePublished":"2016-11-01T23:08:23+00:00","breadcrumb":{"@id":"https:\/\/www.meydan.tv\/az\/article\/dagilan-almaniya\/#breadcrumb"},"inLanguage":"az","potentialAction":[{"@type":"ReadAction","target":["https:\/\/www.meydan.tv\/az\/article\/dagilan-almaniya\/"]}]},{"@type":"ImageObject","inLanguage":"az","@id":"https:\/\/www.meydan.tv\/az\/article\/dagilan-almaniya\/#primaryimage","url":"https:\/\/www.meydan.tv\/wp-content\/uploads\/27639.jpg","contentUrl":"https:\/\/www.meydan.tv\/wp-content\/uploads\/27639.jpg","width":600,"height":600,"caption":"Source:"},{"@type":"BreadcrumbList","@id":"https:\/\/www.meydan.tv\/az\/article\/dagilan-almaniya\/#breadcrumb","itemListElement":[{"@type":"ListItem","position":1,"name":"Ana s\u0259hif\u0259","item":"https:\/\/www.meydan.tv\/az\/"},{"@type":"ListItem","position":2,"name":"M\u0259nim Fikrimc\u0259","item":"https:\/\/www.meydan.tv\/az\/section\/menim-fikrimce\/"},{"@type":"ListItem","position":3,"name":"Da\u011f\u0131lan Almaniya"}]},{"@type":"WebSite","@id":"https:\/\/www.meydan.tv\/az\/#website","url":"https:\/\/www.meydan.tv\/az\/","name":"MEYDAN.TV","description":"Meydan TV Az\u0259rbaycan\u0131n media m\u0259kan\u0131ndak\u0131 alternativ s\u0259sidir","publisher":{"@id":"https:\/\/www.meydan.tv\/az\/#organization"},"potentialAction":[{"@type":"SearchAction","target":{"@type":"EntryPoint","urlTemplate":"https:\/\/www.meydan.tv\/az\/?s={search_term_string}"},"query-input":{"@type":"PropertyValueSpecification","valueRequired":true,"valueName":"search_term_string"}}],"inLanguage":"az"},{"@type":"Organization","@id":"https:\/\/www.meydan.tv\/az\/#organization","name":"Meydan TV","url":"https:\/\/www.meydan.tv\/az\/","logo":{"@type":"ImageObject","inLanguage":"az","@id":"https:\/\/www.meydan.tv\/az\/#\/schema\/logo\/image\/","url":"https:\/\/www.meydan.tv\/wp-content\/uploads\/2021\/07\/meydan-logo.svg","contentUrl":"https:\/\/www.meydan.tv\/wp-content\/uploads\/2021\/07\/meydan-logo.svg","width":195,"height":46,"caption":"Meydan TV"},"image":{"@id":"https:\/\/www.meydan.tv\/az\/#\/schema\/logo\/image\/"}},{"@type":"Person","@id":"https:\/\/www.meydan.tv\/az\/#\/schema\/person\/10d11eccf6da3662cf5fdab9806ea91a","name":"user-manager"}]}},"_links":{"self":[{"href":"https:\/\/www.meydan.tv\/az\/wp-json\/wp\/v2\/posts\/180103","targetHints":{"allow":["GET"]}}],"collection":[{"href":"https:\/\/www.meydan.tv\/az\/wp-json\/wp\/v2\/posts"}],"about":[{"href":"https:\/\/www.meydan.tv\/az\/wp-json\/wp\/v2\/types\/post"}],"author":[{"embeddable":true,"href":"https:\/\/www.meydan.tv\/az\/wp-json\/wp\/v2\/users\/11"}],"replies":[{"embeddable":true,"href":"https:\/\/www.meydan.tv\/az\/wp-json\/wp\/v2\/comments?post=180103"}],"version-history":[{"count":0,"href":"https:\/\/www.meydan.tv\/az\/wp-json\/wp\/v2\/posts\/180103\/revisions"}],"wp:featuredmedia":[{"embeddable":true,"href":"https:\/\/www.meydan.tv\/az\/wp-json\/wp\/v2\/media\/72077"}],"wp:attachment":[{"href":"https:\/\/www.meydan.tv\/az\/wp-json\/wp\/v2\/media?parent=180103"}],"wp:term":[{"taxonomy":"category","embeddable":true,"href":"https:\/\/www.meydan.tv\/az\/wp-json\/wp\/v2\/categories?post=180103"},{"taxonomy":"post_tag","embeddable":true,"href":"https:\/\/www.meydan.tv\/az\/wp-json\/wp\/v2\/tags?post=180103"}],"curies":[{"name":"wp","href":"https:\/\/api.w.org\/{rel}","templated":true}]}}