{"id":180092,"date":"2016-11-01T18:39:22","date_gmt":"2016-11-01T18:39:22","guid":{"rendered":"https:\/\/www.meydan.tv\/article\/dovlet-budcesi-hesabina-xerclenen-pullarin-neticesi-hani\/"},"modified":"2016-11-01T18:39:22","modified_gmt":"2016-11-01T18:39:22","slug":"dovlet-budcesi-hesabina-xerclenen-pullarin-neticesi-hani","status":"publish","type":"post","link":"https:\/\/www.meydan.tv\/az\/article\/dovlet-budcesi-hesabina-xerclenen-pullarin-neticesi-hani\/","title":{"rendered":"D\u00f6vl\u0259t b\u00fcdc\u0259si hesab\u0131na x\u0259rcl\u0259n\u0259n pullar\u0131n n\u0259tic\u0259si han\u0131?"},"content":{"rendered":"<figure class=\"wp-block-image size-large\">\n  <img decoding=\"async\" src=\"https:\/\/www.meydan.tv\/az\/72038\/\" alt=\"\" class=\"wp-image-72038\"\/><figcaption><\/figcaption><\/figure>\n<figure class=\"wp-block-image size-large\">\n  <img decoding=\"async\" src=\"https:\/\/www.meydan.tv\/az\/72044\/\" alt=\"\" class=\"wp-image-72044\"\/><figcaption><\/figcaption><\/figure>\n<p>\n  D\u00f6vl\u0259tin b\u00fcdc\u0259 pullar\u0131 hesab\u0131na iqtisadi t\u0259\u015fviq siyas\u0259ti il\u0259 ba\u011fl\u0131 bir m\u0259s\u0259l\u0259nin m\u00fczakir\u0259sin\u0259 ehtiyac var: bu siyas\u0259tin n\u0259tic\u0259l\u0259ri d\u0259y\u0259rl\u0259ndirilm\u0259lidir.\n<\/p>\n<p>\n  D\u00f6vl\u0259t b\u00fcdc\u0259si hesab\u0131na x\u0259rcl\u0259n\u0259n pullar\u0131n n\u0259tic\u0259si n\u0259dir? H\u00f6kum\u0259tin istehsal\u0131n\u0131 t\u0259\u015fviq el\u0259diyi sah\u0259l\u0259rd\u0259 hans\u0131 d\u0259yi\u015fiklikl\u0259r ba\u015f verdi? T\u0259\u015fviq edil\u0259n m\u0259hsullar\u0131n istehsal\u0131 artd\u0131m\u0131? Bu m\u0259hsulun idxal\u0131ndan as\u0131l\u0131l\u0131q azald\u0131m\u0131? \u0130xrac\u0131 v\u0259 ondan \u0259ld\u0259 edil\u0259n valyuta g\u0259lirl\u0259ri \u00e7oxald\u0131m\u0131?\n<\/p>\n<p>\n  Konkret n\u00fcmun\u0259y\u0259 baxaq: 2007-ci ilin fevral v\u0259 noyabr aylar\u0131nda q\u0259bul edil\u0259n 2 q\u0259rarla bu\u011fda istehsal\u0131na 80 manat subsidiya verilm\u0259sin\u0259 ba\u015fland\u0131. \u00d6t\u0259n ild\u0259n is\u0259 bu 100 manata qald\u0131r\u0131ld\u0131. \u018flav\u0259 olaraq g\u00fcz\u0259\u015ftli qiym\u0259tl\u0259rl\u0259 g\u00fcbr\u0259 verilm\u0259y\u0259 ba\u015fland\u0131. Art\u0131q 10 ildi bu yard\u0131m verilir v\u0259 \u00fcst-\u00fcst\u0259 \u0259n az\u0131 700-800 milyon manat (1 milyard dollara yax\u0131n) b\u00fcdc\u0259d\u0259n v\u0259sait x\u0259rcl\u0259nib.\n<\/p>\n<p>\n  Kas\u0131b fermerl\u0259r\u0259 \u0259n x\u0131rda yard\u0131m\u0131n bel\u0259 \u0259leyhin\u0259 deyil\u0259m, yazd\u0131qlar\u0131m da bu m\u0259qs\u0259di da\u015f\u0131m\u0131r. Sad\u0259c\u0259 h\u00f6kum\u0259tin t\u0259\u015fviq siyas\u0259tinin iqtisadi s\u0259m\u0259r\u0259liliyini qiym\u0259tl\u0259ndirm\u0259m\u0259sind\u0259n narahatl\u0131q var. R\u0259q\u0259ml\u0259r\u0259 diqq\u0259t yetir\u0259k: 2007-ci ild\u0259 \u00f6lk\u0259d\u0259 c\u0259mi 489 min hektar bu\u011fda \u0259kilib. T\u0259\u015fviq haqda q\u0259rar q\u0259bul edilir v\u0259 2008-2009-cu ill\u0259rd\u0259 bu\u011fda \u0259kinl\u0259ri 810 min hektara \u00e7at\u0131r (az qala 2 d\u0259f\u0259 art\u0131m). 2010-cu ild\u0259n q\u0259fli azalma ba\u015flay\u0131r v\u0259 2015-ci ild\u0259 540 min hektara d\u00fc\u015f\u00fcr. Halbuki, insanlara subsidiya verilm\u0259diyi 2005-ci ild\u0131 \u00f6lk\u0259d\u0259 600 min hektar bu\u011fda \u0259kilmi\u015fdi.<br \/>\n  <br \/>\n  Eyni zamanda subsidiya veril\u0259nd\u0259n d\u0259 \u00f6nc\u0259 \u00f6lk\u0259 1 milyon tondan \u00e7ox bu\u011fda idxal edirdi, indi d\u0259 el\u0259 bu q\u0259d\u0259rdir.<br \/>\n  <br \/>\n  \u0130ndi pamb\u0131\u011fa, baramaya, t\u00fct\u00fcn\u0259 d\u0259 eyni qaydada t\u0259\u015fviq n\u0259z\u0259rd\u0259 tutulur.\n<\/p>\n<p>\n  Ax\u0131 bu\u011fdan\u0131n subsidiyala\u015fd\u0131r\u0131lmas\u0131 siyas\u0259tinin niy\u0259 iflasa u\u011framas\u0131n\u0131 d\u0259y\u0259rl\u0259ndirm\u0259d\u0259n yeni t\u0259\u015fviq siyas\u0259tin\u0259 ba\u015flamaq do\u011fru deyil.\n<\/p>\n<p>\n  Niy\u0259 bu t\u0259\u015fviq siyas\u0259tinin h\u0259r birini d\u0259qiq \u0259sasland\u0131ran, onlar\u0131n yax\u0131n 5-10 ild\u0259 n\u0259tic\u0259l\u0259rini proqnozla\u015fd\u0131ran iqtisadi analizl\u0259r yoxdu ortdada? M\u0259s\u0259l\u0259n, subsidiya veril\u0259c\u0259k yeni 3 sah\u0259 yax\u0131n 10 ild\u0259 n\u0259 q\u0259d\u0259r ixrac, i\u015f yeri, \u0259lav\u0259 d\u0259y\u0259r, vergi yaradacaq? Bu nec\u0259 hesablan\u0131b, hans\u0131 iqtisadi arqumentl\u0259rl\u0259, metodlarla \u0259sasland\u0131r\u0131l\u0131b?<br \/>\n  <br \/>\n  N\u0259z\u0259r\u0259 alaq ki, 2017-ci ili b\u00fcdc\u0259sind\u0259 m\u0259hz bu sah\u0259l\u0259r \u00fczr\u0259 d\u0259st\u0259k siyas\u0259tin\u0259 g\u00f6r\u0259 k\u0259nd t\u0259s\u0259rr\u00fcfat\u0131 x\u0259rcl\u0259ri 200 milyon manatdan \u00e7ox art\u0131r\u0131l\u0131b&#8230;<\/p>\n","protected":false},"excerpt":{"rendered":"<p>D\u00f6vl\u0259tin b\u00fcdc\u0259 pullar\u0131 hesab\u0131na iqtisadi t\u0259\u015fviq siyas\u0259ti il\u0259 ba\u011fl\u0131 bir &#8230; <\/p>\n<p class=\"read-more-container\"><a title=\"D\u00f6vl\u0259t b\u00fcdc\u0259si hesab\u0131na x\u0259rcl\u0259n\u0259n pullar\u0131n n\u0259tic\u0259si han\u0131?\" class=\"read-more button\" href=\"https:\/\/www.meydan.tv\/az\/article\/dovlet-budcesi-hesabina-xerclenen-pullarin-neticesi-hani\/#more-180092\" aria-label=\"Read more about D\u00f6vl\u0259t b\u00fcdc\u0259si hesab\u0131na x\u0259rcl\u0259n\u0259n pullar\u0131n n\u0259tic\u0259si han\u0131?\">Davam\u0131<\/a><\/p>\n","protected":false},"author":11,"featured_media":72038,"comment_status":"closed","ping_status":"open","sticky":false,"template":"","format":"standard","meta":{"_acf_changed":false,"_sitemap_exclude":false,"_sitemap_priority":"","_sitemap_frequency":"","footnotes":""},"categories":[51],"tags":[],"class_list":["post-180092","post","type-post","status-publish","format-standard","has-post-thumbnail","hentry","category-analitika","infinite-scroll-item","generate-columns","tablet-grid-50","mobile-grid-100","grid-parent","grid-33","no-featured-image-padding"],"acf":[],"yoast_head":"<!-- This site is optimized with the Yoast SEO plugin v27.5 - https:\/\/yoast.com\/product\/yoast-seo-wordpress\/ -->\n<title>D\u00f6vl\u0259t b\u00fcdc\u0259si hesab\u0131na x\u0259rcl\u0259n\u0259n pullar\u0131n n\u0259tic\u0259si han\u0131? - MEYDAN.TV<\/title>\n<meta name=\"robots\" content=\"index, follow, max-snippet:-1, max-image-preview:large, max-video-preview:-1\" \/>\n<link rel=\"canonical\" href=\"https:\/\/www.meydan.tv\/az\/article\/dovlet-budcesi-hesabina-xerclenen-pullarin-neticesi-hani\/\" \/>\n<meta property=\"og:locale\" content=\"az_AZ\" \/>\n<meta property=\"og:type\" content=\"article\" \/>\n<meta property=\"og:title\" content=\"D\u00f6vl\u0259t b\u00fcdc\u0259si hesab\u0131na x\u0259rcl\u0259n\u0259n pullar\u0131n n\u0259tic\u0259si han\u0131? - MEYDAN.TV\" \/>\n<meta property=\"og:description\" content=\"D\u00f6vl\u0259tin b\u00fcdc\u0259 pullar\u0131 hesab\u0131na iqtisadi t\u0259\u015fviq siyas\u0259ti il\u0259 ba\u011fl\u0131 bir ... Davam\u0131\" \/>\n<meta property=\"og:url\" content=\"https:\/\/www.meydan.tv\/az\/article\/dovlet-budcesi-hesabina-xerclenen-pullarin-neticesi-hani\/\" \/>\n<meta property=\"og:site_name\" content=\"MEYDAN.TV\" \/>\n<meta property=\"article:published_time\" content=\"2016-11-01T18:39:22+00:00\" \/>\n<meta property=\"og:image\" content=\"https:\/\/www.meydan.tv\/wp-content\/uploads\/27627.jpg\" \/>\n\t<meta property=\"og:image:width\" content=\"500\" \/>\n\t<meta property=\"og:image:height\" content=\"304\" \/>\n\t<meta property=\"og:image:type\" content=\"image\/jpeg\" \/>\n<meta name=\"author\" content=\"user-manager\" \/>\n<meta name=\"twitter:card\" content=\"summary_large_image\" \/>\n<script type=\"application\/ld+json\" class=\"yoast-schema-graph\">{\"@context\":\"https:\\\/\\\/schema.org\",\"@graph\":[{\"@type\":\"Article\",\"@id\":\"https:\\\/\\\/www.meydan.tv\\\/az\\\/article\\\/dovlet-budcesi-hesabina-xerclenen-pullarin-neticesi-hani\\\/#article\",\"isPartOf\":{\"@id\":\"https:\\\/\\\/www.meydan.tv\\\/az\\\/article\\\/dovlet-budcesi-hesabina-xerclenen-pullarin-neticesi-hani\\\/\"},\"author\":{\"name\":\"user-manager\",\"@id\":\"https:\\\/\\\/www.meydan.tv\\\/az\\\/#\\\/schema\\\/person\\\/10d11eccf6da3662cf5fdab9806ea91a\"},\"headline\":\"D\u00f6vl\u0259t b\u00fcdc\u0259si hesab\u0131na x\u0259rcl\u0259n\u0259n pullar\u0131n n\u0259tic\u0259si han\u0131?\",\"datePublished\":\"2016-11-01T18:39:22+00:00\",\"mainEntityOfPage\":{\"@id\":\"https:\\\/\\\/www.meydan.tv\\\/az\\\/article\\\/dovlet-budcesi-hesabina-xerclenen-pullarin-neticesi-hani\\\/\"},\"wordCount\":512,\"publisher\":{\"@id\":\"https:\\\/\\\/www.meydan.tv\\\/az\\\/#organization\"},\"image\":{\"@id\":\"https:\\\/\\\/www.meydan.tv\\\/az\\\/article\\\/dovlet-budcesi-hesabina-xerclenen-pullarin-neticesi-hani\\\/#primaryimage\"},\"thumbnailUrl\":\"https:\\\/\\\/www.meydan.tv\\\/wp-content\\\/uploads\\\/27627.jpg\",\"articleSection\":[\"Analitika\"],\"inLanguage\":\"az\"},{\"@type\":\"WebPage\",\"@id\":\"https:\\\/\\\/www.meydan.tv\\\/az\\\/article\\\/dovlet-budcesi-hesabina-xerclenen-pullarin-neticesi-hani\\\/\",\"url\":\"https:\\\/\\\/www.meydan.tv\\\/az\\\/article\\\/dovlet-budcesi-hesabina-xerclenen-pullarin-neticesi-hani\\\/\",\"name\":\"D\u00f6vl\u0259t b\u00fcdc\u0259si hesab\u0131na x\u0259rcl\u0259n\u0259n pullar\u0131n n\u0259tic\u0259si han\u0131? - MEYDAN.TV\",\"isPartOf\":{\"@id\":\"https:\\\/\\\/www.meydan.tv\\\/az\\\/#website\"},\"primaryImageOfPage\":{\"@id\":\"https:\\\/\\\/www.meydan.tv\\\/az\\\/article\\\/dovlet-budcesi-hesabina-xerclenen-pullarin-neticesi-hani\\\/#primaryimage\"},\"image\":{\"@id\":\"https:\\\/\\\/www.meydan.tv\\\/az\\\/article\\\/dovlet-budcesi-hesabina-xerclenen-pullarin-neticesi-hani\\\/#primaryimage\"},\"thumbnailUrl\":\"https:\\\/\\\/www.meydan.tv\\\/wp-content\\\/uploads\\\/27627.jpg\",\"datePublished\":\"2016-11-01T18:39:22+00:00\",\"breadcrumb\":{\"@id\":\"https:\\\/\\\/www.meydan.tv\\\/az\\\/article\\\/dovlet-budcesi-hesabina-xerclenen-pullarin-neticesi-hani\\\/#breadcrumb\"},\"inLanguage\":\"az\",\"potentialAction\":[{\"@type\":\"ReadAction\",\"target\":[\"https:\\\/\\\/www.meydan.tv\\\/az\\\/article\\\/dovlet-budcesi-hesabina-xerclenen-pullarin-neticesi-hani\\\/\"]}]},{\"@type\":\"ImageObject\",\"inLanguage\":\"az\",\"@id\":\"https:\\\/\\\/www.meydan.tv\\\/az\\\/article\\\/dovlet-budcesi-hesabina-xerclenen-pullarin-neticesi-hani\\\/#primaryimage\",\"url\":\"https:\\\/\\\/www.meydan.tv\\\/wp-content\\\/uploads\\\/27627.jpg\",\"contentUrl\":\"https:\\\/\\\/www.meydan.tv\\\/wp-content\\\/uploads\\\/27627.jpg\",\"width\":500,\"height\":304,\"caption\":\"Source:\"},{\"@type\":\"BreadcrumbList\",\"@id\":\"https:\\\/\\\/www.meydan.tv\\\/az\\\/article\\\/dovlet-budcesi-hesabina-xerclenen-pullarin-neticesi-hani\\\/#breadcrumb\",\"itemListElement\":[{\"@type\":\"ListItem\",\"position\":1,\"name\":\"Ana s\u0259hif\u0259\",\"item\":\"https:\\\/\\\/www.meydan.tv\\\/az\\\/\"},{\"@type\":\"ListItem\",\"position\":2,\"name\":\"Analitika\",\"item\":\"https:\\\/\\\/www.meydan.tv\\\/az\\\/section\\\/analitika\\\/\"},{\"@type\":\"ListItem\",\"position\":3,\"name\":\"D\u00f6vl\u0259t b\u00fcdc\u0259si hesab\u0131na x\u0259rcl\u0259n\u0259n pullar\u0131n n\u0259tic\u0259si han\u0131?\"}]},{\"@type\":\"WebSite\",\"@id\":\"https:\\\/\\\/www.meydan.tv\\\/az\\\/#website\",\"url\":\"https:\\\/\\\/www.meydan.tv\\\/az\\\/\",\"name\":\"MEYDAN.TV\",\"description\":\"Meydan TV Az\u0259rbaycan\u0131n media m\u0259kan\u0131ndak\u0131 alternativ s\u0259sidir\",\"publisher\":{\"@id\":\"https:\\\/\\\/www.meydan.tv\\\/az\\\/#organization\"},\"potentialAction\":[{\"@type\":\"SearchAction\",\"target\":{\"@type\":\"EntryPoint\",\"urlTemplate\":\"https:\\\/\\\/www.meydan.tv\\\/az\\\/?s={search_term_string}\"},\"query-input\":{\"@type\":\"PropertyValueSpecification\",\"valueRequired\":true,\"valueName\":\"search_term_string\"}}],\"inLanguage\":\"az\"},{\"@type\":\"Organization\",\"@id\":\"https:\\\/\\\/www.meydan.tv\\\/az\\\/#organization\",\"name\":\"Meydan TV\",\"url\":\"https:\\\/\\\/www.meydan.tv\\\/az\\\/\",\"logo\":{\"@type\":\"ImageObject\",\"inLanguage\":\"az\",\"@id\":\"https:\\\/\\\/www.meydan.tv\\\/az\\\/#\\\/schema\\\/logo\\\/image\\\/\",\"url\":\"https:\\\/\\\/www.meydan.tv\\\/wp-content\\\/uploads\\\/2021\\\/07\\\/meydan-logo.svg\",\"contentUrl\":\"https:\\\/\\\/www.meydan.tv\\\/wp-content\\\/uploads\\\/2021\\\/07\\\/meydan-logo.svg\",\"width\":195,\"height\":46,\"caption\":\"Meydan TV\"},\"image\":{\"@id\":\"https:\\\/\\\/www.meydan.tv\\\/az\\\/#\\\/schema\\\/logo\\\/image\\\/\"}},{\"@type\":\"Person\",\"@id\":\"https:\\\/\\\/www.meydan.tv\\\/az\\\/#\\\/schema\\\/person\\\/10d11eccf6da3662cf5fdab9806ea91a\",\"name\":\"user-manager\"}]}<\/script>\n<!-- \/ Yoast SEO plugin. -->","yoast_head_json":{"title":"D\u00f6vl\u0259t b\u00fcdc\u0259si hesab\u0131na x\u0259rcl\u0259n\u0259n pullar\u0131n n\u0259tic\u0259si han\u0131? - MEYDAN.TV","robots":{"index":"index","follow":"follow","max-snippet":"max-snippet:-1","max-image-preview":"max-image-preview:large","max-video-preview":"max-video-preview:-1"},"canonical":"https:\/\/www.meydan.tv\/az\/article\/dovlet-budcesi-hesabina-xerclenen-pullarin-neticesi-hani\/","og_locale":"az_AZ","og_type":"article","og_title":"D\u00f6vl\u0259t b\u00fcdc\u0259si hesab\u0131na x\u0259rcl\u0259n\u0259n pullar\u0131n n\u0259tic\u0259si han\u0131? - MEYDAN.TV","og_description":"D\u00f6vl\u0259tin b\u00fcdc\u0259 pullar\u0131 hesab\u0131na iqtisadi t\u0259\u015fviq siyas\u0259ti il\u0259 ba\u011fl\u0131 bir ... Davam\u0131","og_url":"https:\/\/www.meydan.tv\/az\/article\/dovlet-budcesi-hesabina-xerclenen-pullarin-neticesi-hani\/","og_site_name":"MEYDAN.TV","article_published_time":"2016-11-01T18:39:22+00:00","og_image":[{"width":500,"height":304,"url":"https:\/\/www.meydan.tv\/wp-content\/uploads\/27627.jpg","type":"image\/jpeg"}],"author":"user-manager","twitter_card":"summary_large_image","schema":{"@context":"https:\/\/schema.org","@graph":[{"@type":"Article","@id":"https:\/\/www.meydan.tv\/az\/article\/dovlet-budcesi-hesabina-xerclenen-pullarin-neticesi-hani\/#article","isPartOf":{"@id":"https:\/\/www.meydan.tv\/az\/article\/dovlet-budcesi-hesabina-xerclenen-pullarin-neticesi-hani\/"},"author":{"name":"user-manager","@id":"https:\/\/www.meydan.tv\/az\/#\/schema\/person\/10d11eccf6da3662cf5fdab9806ea91a"},"headline":"D\u00f6vl\u0259t b\u00fcdc\u0259si hesab\u0131na x\u0259rcl\u0259n\u0259n pullar\u0131n n\u0259tic\u0259si han\u0131?","datePublished":"2016-11-01T18:39:22+00:00","mainEntityOfPage":{"@id":"https:\/\/www.meydan.tv\/az\/article\/dovlet-budcesi-hesabina-xerclenen-pullarin-neticesi-hani\/"},"wordCount":512,"publisher":{"@id":"https:\/\/www.meydan.tv\/az\/#organization"},"image":{"@id":"https:\/\/www.meydan.tv\/az\/article\/dovlet-budcesi-hesabina-xerclenen-pullarin-neticesi-hani\/#primaryimage"},"thumbnailUrl":"https:\/\/www.meydan.tv\/wp-content\/uploads\/27627.jpg","articleSection":["Analitika"],"inLanguage":"az"},{"@type":"WebPage","@id":"https:\/\/www.meydan.tv\/az\/article\/dovlet-budcesi-hesabina-xerclenen-pullarin-neticesi-hani\/","url":"https:\/\/www.meydan.tv\/az\/article\/dovlet-budcesi-hesabina-xerclenen-pullarin-neticesi-hani\/","name":"D\u00f6vl\u0259t b\u00fcdc\u0259si hesab\u0131na x\u0259rcl\u0259n\u0259n pullar\u0131n n\u0259tic\u0259si han\u0131? - MEYDAN.TV","isPartOf":{"@id":"https:\/\/www.meydan.tv\/az\/#website"},"primaryImageOfPage":{"@id":"https:\/\/www.meydan.tv\/az\/article\/dovlet-budcesi-hesabina-xerclenen-pullarin-neticesi-hani\/#primaryimage"},"image":{"@id":"https:\/\/www.meydan.tv\/az\/article\/dovlet-budcesi-hesabina-xerclenen-pullarin-neticesi-hani\/#primaryimage"},"thumbnailUrl":"https:\/\/www.meydan.tv\/wp-content\/uploads\/27627.jpg","datePublished":"2016-11-01T18:39:22+00:00","breadcrumb":{"@id":"https:\/\/www.meydan.tv\/az\/article\/dovlet-budcesi-hesabina-xerclenen-pullarin-neticesi-hani\/#breadcrumb"},"inLanguage":"az","potentialAction":[{"@type":"ReadAction","target":["https:\/\/www.meydan.tv\/az\/article\/dovlet-budcesi-hesabina-xerclenen-pullarin-neticesi-hani\/"]}]},{"@type":"ImageObject","inLanguage":"az","@id":"https:\/\/www.meydan.tv\/az\/article\/dovlet-budcesi-hesabina-xerclenen-pullarin-neticesi-hani\/#primaryimage","url":"https:\/\/www.meydan.tv\/wp-content\/uploads\/27627.jpg","contentUrl":"https:\/\/www.meydan.tv\/wp-content\/uploads\/27627.jpg","width":500,"height":304,"caption":"Source:"},{"@type":"BreadcrumbList","@id":"https:\/\/www.meydan.tv\/az\/article\/dovlet-budcesi-hesabina-xerclenen-pullarin-neticesi-hani\/#breadcrumb","itemListElement":[{"@type":"ListItem","position":1,"name":"Ana s\u0259hif\u0259","item":"https:\/\/www.meydan.tv\/az\/"},{"@type":"ListItem","position":2,"name":"Analitika","item":"https:\/\/www.meydan.tv\/az\/section\/analitika\/"},{"@type":"ListItem","position":3,"name":"D\u00f6vl\u0259t b\u00fcdc\u0259si hesab\u0131na x\u0259rcl\u0259n\u0259n pullar\u0131n n\u0259tic\u0259si han\u0131?"}]},{"@type":"WebSite","@id":"https:\/\/www.meydan.tv\/az\/#website","url":"https:\/\/www.meydan.tv\/az\/","name":"MEYDAN.TV","description":"Meydan TV Az\u0259rbaycan\u0131n media m\u0259kan\u0131ndak\u0131 alternativ s\u0259sidir","publisher":{"@id":"https:\/\/www.meydan.tv\/az\/#organization"},"potentialAction":[{"@type":"SearchAction","target":{"@type":"EntryPoint","urlTemplate":"https:\/\/www.meydan.tv\/az\/?s={search_term_string}"},"query-input":{"@type":"PropertyValueSpecification","valueRequired":true,"valueName":"search_term_string"}}],"inLanguage":"az"},{"@type":"Organization","@id":"https:\/\/www.meydan.tv\/az\/#organization","name":"Meydan TV","url":"https:\/\/www.meydan.tv\/az\/","logo":{"@type":"ImageObject","inLanguage":"az","@id":"https:\/\/www.meydan.tv\/az\/#\/schema\/logo\/image\/","url":"https:\/\/www.meydan.tv\/wp-content\/uploads\/2021\/07\/meydan-logo.svg","contentUrl":"https:\/\/www.meydan.tv\/wp-content\/uploads\/2021\/07\/meydan-logo.svg","width":195,"height":46,"caption":"Meydan TV"},"image":{"@id":"https:\/\/www.meydan.tv\/az\/#\/schema\/logo\/image\/"}},{"@type":"Person","@id":"https:\/\/www.meydan.tv\/az\/#\/schema\/person\/10d11eccf6da3662cf5fdab9806ea91a","name":"user-manager"}]}},"_links":{"self":[{"href":"https:\/\/www.meydan.tv\/az\/wp-json\/wp\/v2\/posts\/180092","targetHints":{"allow":["GET"]}}],"collection":[{"href":"https:\/\/www.meydan.tv\/az\/wp-json\/wp\/v2\/posts"}],"about":[{"href":"https:\/\/www.meydan.tv\/az\/wp-json\/wp\/v2\/types\/post"}],"author":[{"embeddable":true,"href":"https:\/\/www.meydan.tv\/az\/wp-json\/wp\/v2\/users\/11"}],"replies":[{"embeddable":true,"href":"https:\/\/www.meydan.tv\/az\/wp-json\/wp\/v2\/comments?post=180092"}],"version-history":[{"count":0,"href":"https:\/\/www.meydan.tv\/az\/wp-json\/wp\/v2\/posts\/180092\/revisions"}],"wp:featuredmedia":[{"embeddable":true,"href":"https:\/\/www.meydan.tv\/az\/wp-json\/wp\/v2\/media\/72038"}],"wp:attachment":[{"href":"https:\/\/www.meydan.tv\/az\/wp-json\/wp\/v2\/media?parent=180092"}],"wp:term":[{"taxonomy":"category","embeddable":true,"href":"https:\/\/www.meydan.tv\/az\/wp-json\/wp\/v2\/categories?post=180092"},{"taxonomy":"post_tag","embeddable":true,"href":"https:\/\/www.meydan.tv\/az\/wp-json\/wp\/v2\/tags?post=180092"}],"curies":[{"name":"wp","href":"https:\/\/api.w.org\/{rel}","templated":true}]}}