{"id":180085,"date":"2016-11-01T15:27:50","date_gmt":"2016-11-01T15:27:50","guid":{"rendered":"https:\/\/www.meydan.tv\/article\/prezident-umid-edirem-ki-bu-forum-olkelerimize-real-fayda-verecek\/"},"modified":"2016-11-01T15:27:50","modified_gmt":"2016-11-01T15:27:50","slug":"prezident-umid-edirem-ki-bu-forum-olkelerimize-real-fayda-verecek","status":"publish","type":"post","link":"https:\/\/www.meydan.tv\/az\/article\/prezident-umid-edirem-ki-bu-forum-olkelerimize-real-fayda-verecek\/","title":{"rendered":"Prezident: \u00dcmid edir\u0259m ki, bu forum \u00f6lk\u0259l\u0259rimiz\u0259 real fayda ver\u0259c\u0259k"},"content":{"rendered":"<figure class=\"wp-block-image size-large\">\n  <img decoding=\"async\" src=\"https:\/\/www.meydan.tv\/az\/foto-apa-37\/\" alt=\"foto APA\" class=\"wp-image-72008\"\/><figcaption>\n    foto APA<br \/>\n  <\/figcaption><\/figure>\n<p>\n  <b><br \/>\n    <i><br \/>\n      Hikm\u0259t Hac\u0131zad\u0259: Rusiyan\u0131n Az\u0259rbaycana investisiya qoyma\u011fa maliyy\u0259-iqtisadi imkanlar\u0131 yoxdur, \u00f6lk\u0259 b\u00f6hran\u0131n i\u00e7ind\u0259 \u00e7abalay\u0131r<br \/>\n    <\/i><br \/>\n  <\/b>\n<\/p>\n<p>\n  <b><br \/>\n    <i><br \/>\n      Natiq C\u0259f\u0259rli: K\u0259nd t\u0259s\u0259rr\u00fcfat\u0131 m\u0259hsullar\u0131ndan ba\u015fqa Az\u0259rbaycan\u0131n Rusiya bazar\u0131na \u00e7\u0131xaraca\u011f\u0131 m\u0259hsul yoxdur<br \/>\n    <\/i><br \/>\n  <\/b>\n<\/p>\n<p>\n  Noyabr\u0131n 1-d\u0259 Heyd\u0259r \u018fliyev M\u0259rk\u0259zind\u0259 VII Az\u0259rbaycan-Rusiya regionlararas\u0131 forum ke\u00e7irilib.\n<\/p>\n<p>\n  APA yaz\u0131r ki, Az\u0259rbaycan\u0131n \u0130qtisadiyyat Nazirliyi v\u0259 Rusiyan\u0131n \u0130qtisadi \u0130nki\u015faf Nazirliyinin t\u0259\u015fkilat\u00e7\u0131l\u0131\u011f\u0131 il\u0259 ke\u00e7iril\u0259n forumda h\u0259r iki \u00f6lk\u0259nin d\u00f6vl\u0259t r\u0259smil\u0259ri, parlament v\u0259 yerli icra hakimiyy\u0259ti orqanlar\u0131n\u0131n n\u00fcmay\u0259nd\u0259l\u0259ri, iqtisadiyyat\u0131n s\u0259naye, turizm, k\u0259nd t\u0259s\u0259rr\u00fcfat\u0131, tikinti, ticar\u0259t, konsaltinq, logistika, \u0259cza\u00e7\u0131l\u0131q, \u0130KT, maliyy\u0259 v\u0259 sair sah\u0259l\u0259rind\u0259 f\u0259aliyy\u0259t g\u00f6st\u0259r\u0259n sahibkarlar i\u015ftirak edib.\n<\/p>\n<p>\n  Foruma Rusiyan\u0131n 9 subyektind\u0259n 250-d\u0259n \u00e7ox, Az\u0259rbaycan T\u0259r\u0259fd\u0259n is\u0259 300-\u0259 yax\u0131n olmaqla \u00fcmumilikd\u0259 600 i\u015ftirak\u00e7\u0131 qat\u0131l\u0131b.\n<\/p>\n<p>\n  Forumda Az\u0259rbaycan prezidentinin ictimai-siyasi m\u0259s\u0259l\u0259l\u0259r \u00fczr\u0259 k\u00f6m\u0259k\u00e7isi \u018fli H\u0259s\u0259nov v\u0259 Rusiya Prezident Administrasiyas\u0131n\u0131n Xarici \u00f6lk\u0259l\u0259rl\u0259 regionlararas\u0131 v\u0259 m\u0259d\u0259ni \u0259laq\u0259l\u0259r idar\u0259sinin r\u0259isi Vladimir \u00c7ernov d\u00f6vl\u0259t ba\u015f\u00e7\u0131lar\u0131n\u0131n forum i\u015ftirak\u00e7\u0131lar\u0131na t\u0259brik m\u0259ktublar\u0131n\u0131 oxuyublar.\n<\/p>\n<p>\n  <i><br \/>\n    \u201c\u0130ki \u00f6lk\u0259 g\u00fccl\u00fc iqtisadi potensiala v\u0259 birg\u0259 \u00e7al\u0131\u015fma t\u0259cr\u00fcb\u0259sin\u0259 malikdir\u201d<br \/>\n  <\/i>\n<\/p>\n<p>\n  &#8220;Rusiya-Az\u0259rbaycan regionlararas\u0131 forum iki \u00f6lk\u0259 aras\u0131nda strateji \u0259m\u0259kda\u015fl\u0131\u011fa t\u00f6hf\u0259 ver\u0259c\u0259k&#8221;, &#8211; prezident \u0130lham \u018fliyevin forumun i\u015ftirak\u00e7\u0131lar\u0131na g\u00f6nd\u0259rdiyi t\u0259brik m\u0259ktubunda bel\u0259 deyilir. M\u0259ktubda qeyd olunur ki, forum qar\u015f\u0131l\u0131ql\u0131 maraq k\u0259sb ed\u0259n sah\u0259l\u0259rin inki\u015faf\u0131na t\u0259kan verir: \u201cBu kimi forumlar \u00e7\u0259r\u00e7iv\u0259sind\u0259 konstruktiv t\u0259\u015f\u0259bb\u00fcsl\u0259r yaran\u0131r, iki \u00f6lk\u0259 aras\u0131nda \u0259laq\u0259l\u0259rin d\u0259rinl\u0259\u015fm\u0259sin\u0259 t\u00f6hf\u0259 verir, s\u0259naye v\u0259 k\u0259nd t\u0259s\u0259rr\u00fcfat\u0131 sah\u0259l\u0259rind\u0259 t\u0259cr\u00fcb\u0259 m\u00fcbadil\u0259si aparma\u011fa imkan yarad\u0131r. \u0130ki \u00f6lk\u0259 g\u00fccl\u00fc iqtisadi potensiala v\u0259 birg\u0259 \u00e7al\u0131\u015fma t\u0259cr\u00fcb\u0259sin\u0259 malikdir. Haz\u0131rda d\u00fcnyada h\u00f6km s\u00fcr\u0259n qlobal b\u00f6hran ciddi d\u0259yi\u015fiklikl\u0259r\u0259 g\u0259tirib \u00e7\u0131xar\u0131b. \u00dcmid edir\u0259m ki, forum konstruktiv m\u00fczakir\u0259l\u0259r\u0259 \u015f\u0259rait yaradacaq, maraql\u0131 layih\u0259l\u0259rl\u0259 n\u0259tic\u0259l\u0259n\u0259c\u0259k v\u0259 \u00f6lk\u0259l\u0259rimiz\u0259 real fayda ver\u0259c\u0259k\u201d.\n<\/p>\n<p>\n  <i><br \/>\n    \u201cForum Az\u0259rbaycan-Rusiya iqtisadi \u0259laq\u0259l\u0259rinin inki\u015faf\u0131na t\u0259kan ver\u0259c\u0259k\u201d<br \/>\n  <\/i>\n<\/p>\n<p>\n  Forumda \u00e7\u0131x\u0131\u015f ed\u0259n iqtisadiyyat naziri \u015eahin Mustafayev t\u0259dbirin ke\u00e7irilm\u0259sinin Az\u0259rbaycan v\u0259 Rusiya d\u00f6vl\u0259t ba\u015f\u00e7\u0131lar\u0131n\u0131n t\u0259\u015f\u0259bb\u00fcs\u00fc oldu\u011funu v\u0259 art\u0131q \u0259n\u0259n\u0259y\u0259 \u00e7evrildiyini vur\u011fulay\u0131b. O bildirib ki, Az\u0259rbaycan\u0131n bu formatda t\u0259dbiri yaln\u0131z Rusiya il\u0259 t\u0259\u015fkil etm\u0259si iki \u00f6lk\u0259 aras\u0131nda u\u011furlu \u0259m\u0259kda\u015fl\u0131\u011f\u0131n g\u00f6st\u0259ricisidir:\n<\/p>\n<p>\n  &#8220;\u018fmin\u0259m ki, builki forum da \u0259vv\u0259lki ill\u0259rd\u0259ki kimi Az\u0259rbaycan-Rusiya iqtisadi \u0259laq\u0259l\u0259rinin inki\u015faf\u0131na t\u0259kan ver\u0259c\u0259k&#8221;.\n<\/p>\n<p>\n  Az\u0259rbaycan\u0131n Rusiyadak\u0131 sabiq s\u0259firi, siyasi icmal\u00e7\u0131 Hikm\u0259t Hac\u0131zad\u0259 Meydan TV-y\u0259 bildirib ki, Az\u0259rbaycan\u0131 Rusiyayla yax\u0131nla\u015fd\u0131ran Da\u011fl\u0131q Qaraba\u011f m\u0259s\u0259l\u0259sidir. \u018fg\u0259r Qaraba\u011f m\u0259s\u0259l\u0259si \u0259dal\u0259tli \u015f\u0259kild\u0259, beyn\u0259lxalq normalara uy\u011fun, y\u0259ni Az\u0259rbaycan\u0131n maraqlar\u0131na uy\u011fun h\u0259ll olunacaqsa, hakimiyy\u0259t siyasi oriyentasiyas\u0131n\u0131 q\u0259ti \u015f\u0259kild\u0259 Rusiyaya do\u011fru istiqam\u0259tl\u0259ndir\u0259c\u0259k. \u018fks t\u0259qdird\u0259, R\u0259smi Bak\u0131yla Moskva aras\u0131nda yax\u0131nla\u015fma olmayacaq.\n<\/p>\n<figure class=\"wp-block-image size-large\">\n  <img decoding=\"async\" src=\"https:\/\/www.meydan.tv\/az\/72011\/\" alt=\"\" class=\"wp-image-72011\"\/><figcaption>\n    Hikm\u0259t Hac\u0131zad\u0259 foto Meydan TV<br \/>\n  <\/figcaption><\/figure>\n<p>\n  Hikm\u0259t Hac\u0131zad\u0259 hesab edir ki, Az\u0259rbaycanla Rusiya aras\u0131ndak\u0131 iqtisadi m\u00fcnasib\u0259tl\u0259r i\u015f\u00e7i qruplar qaydas\u0131nda h\u0259ll oluna bil\u0259n m\u0259s\u0259l\u0259l\u0259rdir: &#8220;M\u0259s\u0259l\u0259 ondad\u0131r ki, Rusiyan\u0131n Az\u0259rbaycana investisiya qoyma\u011fa maliyy\u0259-iqtisadi imkanlar\u0131 yoxdur, \u00f6lk\u0259 b\u00f6hran i\u00e7ind\u0259 \u00e7abalay\u0131r. \u0130kinci \u0259n \u0259sas m\u0259s\u0259l\u0259, Rusiya \u00f6z\u00fc texnologiyan\u0131 Q\u0259rbd\u0259n al\u0131rsa, biz\u0259 hans\u0131 yenilik ver\u0259 bil\u0259r?!&#8221;.\n<\/p>\n<p>\n  \u0130qtisad\u00e7\u0131 Natiq C\u0259f\u0259rli bildirib ki, Az\u0259rbaycan\u0131n Rusiya bazarlar\u0131na \u00e7\u0131x\u0131\u015f imkanlar\u0131nda k\u0259nd t\u0259s\u0259rr\u00fcfat\u0131 m\u0259hsullar\u0131 m\u00fch\u00fcm rol oynaya bil\u0259r. \u00c7\u00fcnki k\u0259nd t\u0259s\u0259rr\u00fcfat\u0131 m\u0259hsullar\u0131ndan ba\u015fqa Az\u0259rbaycan\u0131n Rusiya bazar\u0131na \u00e7\u0131xaraca\u011f\u0131 m\u0259hsul yoxdur. S\u0259b\u0259b d\u0259 Az\u0259rbaycan\u0131n \u0259n\u0259n\u0259vi neft-qaz m\u0259hsullar\u0131d\u0131r ki, bu is\u0259 G\u00fcrc\u00fcstan \u00fcz\u0259rind\u0259n T\u00fcrkiy\u0259y\u0259 ke\u00e7m\u0259kl\u0259 Q\u0259rb\u0259 sat\u0131l\u0131r. \u00a0Bak\u0131-Novorosiyski neft k\u0259m\u0259rin\u0259 g\u0259linc\u0259, Az\u0259rbaycan bu k\u0259m\u0259rl\u0259 neft m\u0259hsulunun sat\u0131\u015f\u0131n\u0131 xeyli m\u0259hdudla\u015fd\u0131r\u0131b. Ona g\u00f6r\u0259 ki, Az\u0259rbaycan nefti bu k\u0259m\u0259r\u0259 qat\u0131lsa, Ural qiym\u0259tin\u0259 sat\u0131lmal\u0131d\u0131r, bu is\u0259 s\u0259rf etmir.\n<\/p>\n<figure class=\"wp-block-image size-large\">\n  <img decoding=\"async\" src=\"https:\/\/www.meydan.tv\/az\/72015\/\" alt=\"\" class=\"wp-image-72015\"\/><figcaption>\n    Natiq C\u0259f\u0259erli foto Meydan TV<br \/>\n  <\/figcaption><\/figure>\n<p>\n  Natiq C\u0259f\u0259rli onu da \u0259lav\u0259 edib ki, Rusiyan\u0131n Az\u0259rbaycan bazar\u0131nda m\u00f6hk\u0259ml\u0259nm\u0259siyl\u0259 ba\u011fl\u0131 kifay\u0259t q\u0259d\u0259r imkanlar\u0131 var. S\u00f6hb\u0259t \u0259rzaq, d\u0259rman, neft-kimya m\u0259hsullar\u0131 v\u0259 ma\u015f\u0131nqay\u0131rmadan gedir. Moskva Az\u0259rbaycan\u0131n d\u0259rman bazar\u0131nda yer tutma\u011fa x\u00fcsusil\u0259 \u00e7al\u0131\u015f\u0131r: &#8220;Y\u0259ni Rusiyan\u0131n imkanlar\u0131 geni\u015f oldu\u011fundan Az\u0259rbaycan bazar\u0131nda yer tutmaqda daha \u00e7ox maraql\u0131d\u0131r. Az\u0259rbaycan\u0131n bel\u0259 bir potensial\u0131 yoxdur. Yaln\u0131z k\u0259nd t\u0259s\u0259rr\u00fcfat\u0131ndan ba\u015fqa dig\u0259r sah\u0259l\u0259rin \u00e7e\u015fidl\u0259rini t\u0259qdim ed\u0259 bilmirik&#8221;.<\/p>\n","protected":false},"excerpt":{"rendered":"<p>Hikm\u0259t Hac\u0131zad\u0259: Rusiyan\u0131n Az\u0259rbaycana investisiya qoyma\u011fa maliyy\u0259-iqtisadi imkanlar\u0131 yoxdur, \u00f6lk\u0259 b\u00f6hran\u0131n i\u00e7ind\u0259 \u00e7abalay\u0131r<\/p>\n<p>Natiq C\u0259f\u0259rli: K\u0259nd t\u0259s\u0259rr\u00fcfat\u0131 m\u0259hsullar\u0131ndan ba\u015fqa Az\u0259rbaycan\u0131n Rusiya bazar\u0131na \u00e7\u0131xaraca\u011f\u0131 m\u0259hsul yoxdur<\/p>\n","protected":false},"author":11,"featured_media":72008,"comment_status":"closed","ping_status":"open","sticky":false,"template":"","format":"standard","meta":{"_acf_changed":false,"_sitemap_exclude":false,"_sitemap_priority":"","_sitemap_frequency":"","footnotes":""},"categories":[51],"tags":[],"class_list":["post-180085","post","type-post","status-publish","format-standard","has-post-thumbnail","hentry","category-analitika","infinite-scroll-item","generate-columns","tablet-grid-50","mobile-grid-100","grid-parent","grid-33","no-featured-image-padding"],"acf":[],"yoast_head":"<!-- This site is optimized with the Yoast SEO plugin v27.5 - https:\/\/yoast.com\/product\/yoast-seo-wordpress\/ -->\n<title>Prezident: \u00dcmid edir\u0259m ki, bu forum \u00f6lk\u0259l\u0259rimiz\u0259 real fayda ver\u0259c\u0259k - MEYDAN.TV<\/title>\n<meta name=\"robots\" content=\"index, follow, max-snippet:-1, max-image-preview:large, max-video-preview:-1\" \/>\n<link rel=\"canonical\" href=\"https:\/\/www.meydan.tv\/az\/article\/prezident-umid-edirem-ki-bu-forum-olkelerimize-real-fayda-verecek\/\" \/>\n<meta property=\"og:locale\" content=\"az_AZ\" \/>\n<meta property=\"og:type\" content=\"article\" \/>\n<meta property=\"og:title\" content=\"Prezident: \u00dcmid edir\u0259m ki, bu forum \u00f6lk\u0259l\u0259rimiz\u0259 real fayda ver\u0259c\u0259k - MEYDAN.TV\" \/>\n<meta property=\"og:description\" content=\"Hikm\u0259t Hac\u0131zad\u0259: Rusiyan\u0131n Az\u0259rbaycana investisiya qoyma\u011fa maliyy\u0259-iqtisadi imkanlar\u0131 yoxdur, \u00f6lk\u0259 b\u00f6hran\u0131n i\u00e7ind\u0259 \u00e7abalay\u0131r  Natiq C\u0259f\u0259rli: K\u0259nd t\u0259s\u0259rr\u00fcfat\u0131 m\u0259hsullar\u0131ndan ba\u015fqa Az\u0259rbaycan\u0131n Rusiya bazar\u0131na \u00e7\u0131xaraca\u011f\u0131 m\u0259hsul yoxdur\" \/>\n<meta property=\"og:url\" content=\"https:\/\/www.meydan.tv\/az\/article\/prezident-umid-edirem-ki-bu-forum-olkelerimize-real-fayda-verecek\/\" \/>\n<meta property=\"og:site_name\" content=\"MEYDAN.TV\" \/>\n<meta property=\"article:published_time\" content=\"2016-11-01T15:27:50+00:00\" \/>\n<meta property=\"og:image\" content=\"https:\/\/www.meydan.tv\/wp-content\/uploads\/27615.jpg\" \/>\n\t<meta property=\"og:image:width\" content=\"750\" \/>\n\t<meta property=\"og:image:height\" content=\"500\" \/>\n\t<meta property=\"og:image:type\" content=\"image\/jpeg\" \/>\n<meta name=\"author\" content=\"user-manager\" \/>\n<meta name=\"twitter:card\" content=\"summary_large_image\" \/>\n<script type=\"application\/ld+json\" class=\"yoast-schema-graph\">{\"@context\":\"https:\\\/\\\/schema.org\",\"@graph\":[{\"@type\":\"Article\",\"@id\":\"https:\\\/\\\/www.meydan.tv\\\/az\\\/article\\\/prezident-umid-edirem-ki-bu-forum-olkelerimize-real-fayda-verecek\\\/#article\",\"isPartOf\":{\"@id\":\"https:\\\/\\\/www.meydan.tv\\\/az\\\/article\\\/prezident-umid-edirem-ki-bu-forum-olkelerimize-real-fayda-verecek\\\/\"},\"author\":{\"name\":\"user-manager\",\"@id\":\"https:\\\/\\\/www.meydan.tv\\\/az\\\/#\\\/schema\\\/person\\\/10d11eccf6da3662cf5fdab9806ea91a\"},\"headline\":\"Prezident: \u00dcmid edir\u0259m ki, bu forum \u00f6lk\u0259l\u0259rimiz\u0259 real fayda ver\u0259c\u0259k\",\"datePublished\":\"2016-11-01T15:27:50+00:00\",\"mainEntityOfPage\":{\"@id\":\"https:\\\/\\\/www.meydan.tv\\\/az\\\/article\\\/prezident-umid-edirem-ki-bu-forum-olkelerimize-real-fayda-verecek\\\/\"},\"wordCount\":979,\"publisher\":{\"@id\":\"https:\\\/\\\/www.meydan.tv\\\/az\\\/#organization\"},\"image\":{\"@id\":\"https:\\\/\\\/www.meydan.tv\\\/az\\\/article\\\/prezident-umid-edirem-ki-bu-forum-olkelerimize-real-fayda-verecek\\\/#primaryimage\"},\"thumbnailUrl\":\"https:\\\/\\\/www.meydan.tv\\\/wp-content\\\/uploads\\\/27615.jpg\",\"articleSection\":[\"Analitika\"],\"inLanguage\":\"az\"},{\"@type\":\"WebPage\",\"@id\":\"https:\\\/\\\/www.meydan.tv\\\/az\\\/article\\\/prezident-umid-edirem-ki-bu-forum-olkelerimize-real-fayda-verecek\\\/\",\"url\":\"https:\\\/\\\/www.meydan.tv\\\/az\\\/article\\\/prezident-umid-edirem-ki-bu-forum-olkelerimize-real-fayda-verecek\\\/\",\"name\":\"Prezident: \u00dcmid edir\u0259m ki, bu forum \u00f6lk\u0259l\u0259rimiz\u0259 real fayda ver\u0259c\u0259k - MEYDAN.TV\",\"isPartOf\":{\"@id\":\"https:\\\/\\\/www.meydan.tv\\\/az\\\/#website\"},\"primaryImageOfPage\":{\"@id\":\"https:\\\/\\\/www.meydan.tv\\\/az\\\/article\\\/prezident-umid-edirem-ki-bu-forum-olkelerimize-real-fayda-verecek\\\/#primaryimage\"},\"image\":{\"@id\":\"https:\\\/\\\/www.meydan.tv\\\/az\\\/article\\\/prezident-umid-edirem-ki-bu-forum-olkelerimize-real-fayda-verecek\\\/#primaryimage\"},\"thumbnailUrl\":\"https:\\\/\\\/www.meydan.tv\\\/wp-content\\\/uploads\\\/27615.jpg\",\"datePublished\":\"2016-11-01T15:27:50+00:00\",\"breadcrumb\":{\"@id\":\"https:\\\/\\\/www.meydan.tv\\\/az\\\/article\\\/prezident-umid-edirem-ki-bu-forum-olkelerimize-real-fayda-verecek\\\/#breadcrumb\"},\"inLanguage\":\"az\",\"potentialAction\":[{\"@type\":\"ReadAction\",\"target\":[\"https:\\\/\\\/www.meydan.tv\\\/az\\\/article\\\/prezident-umid-edirem-ki-bu-forum-olkelerimize-real-fayda-verecek\\\/\"]}]},{\"@type\":\"ImageObject\",\"inLanguage\":\"az\",\"@id\":\"https:\\\/\\\/www.meydan.tv\\\/az\\\/article\\\/prezident-umid-edirem-ki-bu-forum-olkelerimize-real-fayda-verecek\\\/#primaryimage\",\"url\":\"https:\\\/\\\/www.meydan.tv\\\/wp-content\\\/uploads\\\/27615.jpg\",\"contentUrl\":\"https:\\\/\\\/www.meydan.tv\\\/wp-content\\\/uploads\\\/27615.jpg\",\"width\":750,\"height\":500,\"caption\":\"Source:\"},{\"@type\":\"BreadcrumbList\",\"@id\":\"https:\\\/\\\/www.meydan.tv\\\/az\\\/article\\\/prezident-umid-edirem-ki-bu-forum-olkelerimize-real-fayda-verecek\\\/#breadcrumb\",\"itemListElement\":[{\"@type\":\"ListItem\",\"position\":1,\"name\":\"Ana s\u0259hif\u0259\",\"item\":\"https:\\\/\\\/www.meydan.tv\\\/az\\\/\"},{\"@type\":\"ListItem\",\"position\":2,\"name\":\"Analitika\",\"item\":\"https:\\\/\\\/www.meydan.tv\\\/az\\\/section\\\/analitika\\\/\"},{\"@type\":\"ListItem\",\"position\":3,\"name\":\"Prezident: \u00dcmid edir\u0259m ki, bu forum \u00f6lk\u0259l\u0259rimiz\u0259 real fayda ver\u0259c\u0259k\"}]},{\"@type\":\"WebSite\",\"@id\":\"https:\\\/\\\/www.meydan.tv\\\/az\\\/#website\",\"url\":\"https:\\\/\\\/www.meydan.tv\\\/az\\\/\",\"name\":\"MEYDAN.TV\",\"description\":\"Meydan TV Az\u0259rbaycan\u0131n media m\u0259kan\u0131ndak\u0131 alternativ s\u0259sidir\",\"publisher\":{\"@id\":\"https:\\\/\\\/www.meydan.tv\\\/az\\\/#organization\"},\"potentialAction\":[{\"@type\":\"SearchAction\",\"target\":{\"@type\":\"EntryPoint\",\"urlTemplate\":\"https:\\\/\\\/www.meydan.tv\\\/az\\\/?s={search_term_string}\"},\"query-input\":{\"@type\":\"PropertyValueSpecification\",\"valueRequired\":true,\"valueName\":\"search_term_string\"}}],\"inLanguage\":\"az\"},{\"@type\":\"Organization\",\"@id\":\"https:\\\/\\\/www.meydan.tv\\\/az\\\/#organization\",\"name\":\"Meydan TV\",\"url\":\"https:\\\/\\\/www.meydan.tv\\\/az\\\/\",\"logo\":{\"@type\":\"ImageObject\",\"inLanguage\":\"az\",\"@id\":\"https:\\\/\\\/www.meydan.tv\\\/az\\\/#\\\/schema\\\/logo\\\/image\\\/\",\"url\":\"https:\\\/\\\/www.meydan.tv\\\/wp-content\\\/uploads\\\/2021\\\/07\\\/meydan-logo.svg\",\"contentUrl\":\"https:\\\/\\\/www.meydan.tv\\\/wp-content\\\/uploads\\\/2021\\\/07\\\/meydan-logo.svg\",\"width\":195,\"height\":46,\"caption\":\"Meydan TV\"},\"image\":{\"@id\":\"https:\\\/\\\/www.meydan.tv\\\/az\\\/#\\\/schema\\\/logo\\\/image\\\/\"}},{\"@type\":\"Person\",\"@id\":\"https:\\\/\\\/www.meydan.tv\\\/az\\\/#\\\/schema\\\/person\\\/10d11eccf6da3662cf5fdab9806ea91a\",\"name\":\"user-manager\"}]}<\/script>\n<!-- \/ Yoast SEO plugin. -->","yoast_head_json":{"title":"Prezident: \u00dcmid edir\u0259m ki, bu forum \u00f6lk\u0259l\u0259rimiz\u0259 real fayda ver\u0259c\u0259k - MEYDAN.TV","robots":{"index":"index","follow":"follow","max-snippet":"max-snippet:-1","max-image-preview":"max-image-preview:large","max-video-preview":"max-video-preview:-1"},"canonical":"https:\/\/www.meydan.tv\/az\/article\/prezident-umid-edirem-ki-bu-forum-olkelerimize-real-fayda-verecek\/","og_locale":"az_AZ","og_type":"article","og_title":"Prezident: \u00dcmid edir\u0259m ki, bu forum \u00f6lk\u0259l\u0259rimiz\u0259 real fayda ver\u0259c\u0259k - MEYDAN.TV","og_description":"Hikm\u0259t Hac\u0131zad\u0259: Rusiyan\u0131n Az\u0259rbaycana investisiya qoyma\u011fa maliyy\u0259-iqtisadi imkanlar\u0131 yoxdur, \u00f6lk\u0259 b\u00f6hran\u0131n i\u00e7ind\u0259 \u00e7abalay\u0131r  Natiq C\u0259f\u0259rli: K\u0259nd t\u0259s\u0259rr\u00fcfat\u0131 m\u0259hsullar\u0131ndan ba\u015fqa Az\u0259rbaycan\u0131n Rusiya bazar\u0131na \u00e7\u0131xaraca\u011f\u0131 m\u0259hsul yoxdur","og_url":"https:\/\/www.meydan.tv\/az\/article\/prezident-umid-edirem-ki-bu-forum-olkelerimize-real-fayda-verecek\/","og_site_name":"MEYDAN.TV","article_published_time":"2016-11-01T15:27:50+00:00","og_image":[{"width":750,"height":500,"url":"https:\/\/www.meydan.tv\/wp-content\/uploads\/27615.jpg","type":"image\/jpeg"}],"author":"user-manager","twitter_card":"summary_large_image","schema":{"@context":"https:\/\/schema.org","@graph":[{"@type":"Article","@id":"https:\/\/www.meydan.tv\/az\/article\/prezident-umid-edirem-ki-bu-forum-olkelerimize-real-fayda-verecek\/#article","isPartOf":{"@id":"https:\/\/www.meydan.tv\/az\/article\/prezident-umid-edirem-ki-bu-forum-olkelerimize-real-fayda-verecek\/"},"author":{"name":"user-manager","@id":"https:\/\/www.meydan.tv\/az\/#\/schema\/person\/10d11eccf6da3662cf5fdab9806ea91a"},"headline":"Prezident: \u00dcmid edir\u0259m ki, bu forum \u00f6lk\u0259l\u0259rimiz\u0259 real fayda ver\u0259c\u0259k","datePublished":"2016-11-01T15:27:50+00:00","mainEntityOfPage":{"@id":"https:\/\/www.meydan.tv\/az\/article\/prezident-umid-edirem-ki-bu-forum-olkelerimize-real-fayda-verecek\/"},"wordCount":979,"publisher":{"@id":"https:\/\/www.meydan.tv\/az\/#organization"},"image":{"@id":"https:\/\/www.meydan.tv\/az\/article\/prezident-umid-edirem-ki-bu-forum-olkelerimize-real-fayda-verecek\/#primaryimage"},"thumbnailUrl":"https:\/\/www.meydan.tv\/wp-content\/uploads\/27615.jpg","articleSection":["Analitika"],"inLanguage":"az"},{"@type":"WebPage","@id":"https:\/\/www.meydan.tv\/az\/article\/prezident-umid-edirem-ki-bu-forum-olkelerimize-real-fayda-verecek\/","url":"https:\/\/www.meydan.tv\/az\/article\/prezident-umid-edirem-ki-bu-forum-olkelerimize-real-fayda-verecek\/","name":"Prezident: \u00dcmid edir\u0259m ki, bu forum \u00f6lk\u0259l\u0259rimiz\u0259 real fayda ver\u0259c\u0259k - MEYDAN.TV","isPartOf":{"@id":"https:\/\/www.meydan.tv\/az\/#website"},"primaryImageOfPage":{"@id":"https:\/\/www.meydan.tv\/az\/article\/prezident-umid-edirem-ki-bu-forum-olkelerimize-real-fayda-verecek\/#primaryimage"},"image":{"@id":"https:\/\/www.meydan.tv\/az\/article\/prezident-umid-edirem-ki-bu-forum-olkelerimize-real-fayda-verecek\/#primaryimage"},"thumbnailUrl":"https:\/\/www.meydan.tv\/wp-content\/uploads\/27615.jpg","datePublished":"2016-11-01T15:27:50+00:00","breadcrumb":{"@id":"https:\/\/www.meydan.tv\/az\/article\/prezident-umid-edirem-ki-bu-forum-olkelerimize-real-fayda-verecek\/#breadcrumb"},"inLanguage":"az","potentialAction":[{"@type":"ReadAction","target":["https:\/\/www.meydan.tv\/az\/article\/prezident-umid-edirem-ki-bu-forum-olkelerimize-real-fayda-verecek\/"]}]},{"@type":"ImageObject","inLanguage":"az","@id":"https:\/\/www.meydan.tv\/az\/article\/prezident-umid-edirem-ki-bu-forum-olkelerimize-real-fayda-verecek\/#primaryimage","url":"https:\/\/www.meydan.tv\/wp-content\/uploads\/27615.jpg","contentUrl":"https:\/\/www.meydan.tv\/wp-content\/uploads\/27615.jpg","width":750,"height":500,"caption":"Source:"},{"@type":"BreadcrumbList","@id":"https:\/\/www.meydan.tv\/az\/article\/prezident-umid-edirem-ki-bu-forum-olkelerimize-real-fayda-verecek\/#breadcrumb","itemListElement":[{"@type":"ListItem","position":1,"name":"Ana s\u0259hif\u0259","item":"https:\/\/www.meydan.tv\/az\/"},{"@type":"ListItem","position":2,"name":"Analitika","item":"https:\/\/www.meydan.tv\/az\/section\/analitika\/"},{"@type":"ListItem","position":3,"name":"Prezident: \u00dcmid edir\u0259m ki, bu forum \u00f6lk\u0259l\u0259rimiz\u0259 real fayda ver\u0259c\u0259k"}]},{"@type":"WebSite","@id":"https:\/\/www.meydan.tv\/az\/#website","url":"https:\/\/www.meydan.tv\/az\/","name":"MEYDAN.TV","description":"Meydan TV Az\u0259rbaycan\u0131n media m\u0259kan\u0131ndak\u0131 alternativ s\u0259sidir","publisher":{"@id":"https:\/\/www.meydan.tv\/az\/#organization"},"potentialAction":[{"@type":"SearchAction","target":{"@type":"EntryPoint","urlTemplate":"https:\/\/www.meydan.tv\/az\/?s={search_term_string}"},"query-input":{"@type":"PropertyValueSpecification","valueRequired":true,"valueName":"search_term_string"}}],"inLanguage":"az"},{"@type":"Organization","@id":"https:\/\/www.meydan.tv\/az\/#organization","name":"Meydan TV","url":"https:\/\/www.meydan.tv\/az\/","logo":{"@type":"ImageObject","inLanguage":"az","@id":"https:\/\/www.meydan.tv\/az\/#\/schema\/logo\/image\/","url":"https:\/\/www.meydan.tv\/wp-content\/uploads\/2021\/07\/meydan-logo.svg","contentUrl":"https:\/\/www.meydan.tv\/wp-content\/uploads\/2021\/07\/meydan-logo.svg","width":195,"height":46,"caption":"Meydan TV"},"image":{"@id":"https:\/\/www.meydan.tv\/az\/#\/schema\/logo\/image\/"}},{"@type":"Person","@id":"https:\/\/www.meydan.tv\/az\/#\/schema\/person\/10d11eccf6da3662cf5fdab9806ea91a","name":"user-manager"}]}},"_links":{"self":[{"href":"https:\/\/www.meydan.tv\/az\/wp-json\/wp\/v2\/posts\/180085","targetHints":{"allow":["GET"]}}],"collection":[{"href":"https:\/\/www.meydan.tv\/az\/wp-json\/wp\/v2\/posts"}],"about":[{"href":"https:\/\/www.meydan.tv\/az\/wp-json\/wp\/v2\/types\/post"}],"author":[{"embeddable":true,"href":"https:\/\/www.meydan.tv\/az\/wp-json\/wp\/v2\/users\/11"}],"replies":[{"embeddable":true,"href":"https:\/\/www.meydan.tv\/az\/wp-json\/wp\/v2\/comments?post=180085"}],"version-history":[{"count":0,"href":"https:\/\/www.meydan.tv\/az\/wp-json\/wp\/v2\/posts\/180085\/revisions"}],"wp:featuredmedia":[{"embeddable":true,"href":"https:\/\/www.meydan.tv\/az\/wp-json\/wp\/v2\/media\/72008"}],"wp:attachment":[{"href":"https:\/\/www.meydan.tv\/az\/wp-json\/wp\/v2\/media?parent=180085"}],"wp:term":[{"taxonomy":"category","embeddable":true,"href":"https:\/\/www.meydan.tv\/az\/wp-json\/wp\/v2\/categories?post=180085"},{"taxonomy":"post_tag","embeddable":true,"href":"https:\/\/www.meydan.tv\/az\/wp-json\/wp\/v2\/tags?post=180085"}],"curies":[{"name":"wp","href":"https:\/\/api.w.org\/{rel}","templated":true}]}}