{"id":180036,"date":"2016-10-31T14:15:29","date_gmt":"2016-10-31T14:15:29","guid":{"rendered":"https:\/\/www.meydan.tv\/article\/azerbaycanin-meyve-ixracati-potensiali-imkanimiz-neye-yetir\/"},"modified":"2016-10-31T14:15:29","modified_gmt":"2016-10-31T14:15:29","slug":"azerbaycanin-meyve-ixracati-potensiali-imkanimiz-neye-yetir","status":"publish","type":"post","link":"https:\/\/www.meydan.tv\/az\/article\/azerbaycanin-meyve-ixracati-potensiali-imkanimiz-neye-yetir\/","title":{"rendered":"Az\u0259rbaycan\u0131n meyv\u0259 ixracat\u0131 potensial\u0131: imkan\u0131m\u0131z n\u0259y\u0259 yetir?"},"content":{"rendered":"<figure class=\"wp-block-image size-large\">\n  <img decoding=\"async\" src=\"https:\/\/www.meydan.tv\/az\/71818\/\" alt=\"\" class=\"wp-image-71818\"\/><figcaption><\/figcaption><\/figure>\n<figure class=\"wp-block-image size-large\">\n  <img decoding=\"async\" src=\"https:\/\/www.meydan.tv\/az\/71827\/\" alt=\"\" class=\"wp-image-71827\"\/><figcaption><\/figcaption><\/figure>\n<p>\n  <i><br \/>\n    Arxada buraxd\u0131\u011f\u0131m\u0131z ill\u0259rd\u0259 Az\u0259rbaycan\u0131n y\u00fcks\u0259k ixrac d\u0259y\u0259rin\u0259 malik Q\u0259rb bazarlar\u0131 bir yana, h\u0259tta Rusiya kimi a\u015fa\u011f\u0131 ixrac d\u0259y\u0259rli bazardan pay almas\u0131 m\u00fcmk\u00fcn olmay\u0131b<br \/>\n  <\/i>\n<\/p>\n<p>\n  D\u00fcnyada meyv\u0259\u00e7ilik \u00e7ox n\u0259h\u0259ng ixaracat potensial\u0131 olan sektordur. Haz\u0131rda qlobal ticar\u0259td\u0259<br \/>\n  <br \/>\n  meyv\u0259 ixrac\u0131n\u0131n \u00fcmumi h\u0259cmi 105 milyard dollara \u00e7at\u0131r.\n<\/p>\n<p>\n  Az\u0259rbaycan\u0131n t\u0259z\u0259 meyv\u0259 ixrac\u0131ndan g\u0259lirl\u0259ri h\u0259tta 50 milyon dollara bel\u0259 yetmir. R\u0259smi statistikaya g\u00f6r\u0259, \u00f6lk\u0259mizin \u0259kin\u0259yararl\u0131 torpaqlar\u0131n\u0131n \u00e7ox az hiss\u0259si &#8211; t\u0259xmin\u0259n 7.7%-i (143 min hektar) meyv\u0259 ba\u011flar\u0131na m\u0259xsusdur. M\u00fcqayis\u0259 \u00fc\u00e7\u00fcn deyim ki, d\u00fcnya meyv\u0259 ixracat\u0131nda m\u00fch\u00fcm paya malik olan T\u00fcrkiy\u0259d\u0259 meyv\u0259 \u0259kinl\u0259rinin k\u0259nd t\u0259s\u0259rr\u00fcfat\u0131 \u0259kinl\u0259rind\u0259 pay\u0131 bizim g\u00f6st\u0259ricid\u0259n t\u0259xmin\u0259n 2 d\u0259f\u0259 y\u00fcks\u0259kdir \u2013 14% (3.3 mi\u0131yon hektar).\n<\/p>\n<p>\n  Arxada buraxd\u0131\u011f\u0131m\u0131z ill\u0259rd\u0259 Az\u0259rbaycan\u0131n y\u00fcks\u0259k ixrac d\u0259y\u0259rin\u0259 malik Q\u0259rb bazarlar\u0131 bir yana, h\u0259tta Rusiya kimi a\u015fa\u011f\u0131 ixrac d\u0259y\u0259rli bazardan pay almas\u0131 m\u00fcmk\u00fcn olmay\u0131b. M\u0259s\u0259l\u0259n, h\u0259l\u0259 sovetl\u0259r d\u00f6n\u0259mind\u0259n kifay\u0259t q\u0259d\u0259r b\u00f6y\u00fck \u0259razil\u0259rd\u0259 \u0259kil\u0259n \u00fcz\u00fcm v\u0259 alma ixracat\u0131 bel\u0259 n\u0259h\u0259ng bazar\u0131 olan qon\u015fu \u00f6lk\u0259d\u0259 \u0259h\u0259miyy\u0259tli yer tutma\u011fa imkanlar a\u00e7may\u0131b. 2015-ci ild\u0259 \u015fimal qon\u015fumuz 282 milyon dollarl\u0131q 253.3 min ton t\u0259z\u0259 \u00fcz\u00fcm idxal edib. Bu h\u0259cmd\u0259 Az\u0259rbyacan\u0131n ixrac h\u0259cmi d\u0259y\u0259r ifad\u0259sind\u0259 1.7 milyon dollar (Rusiyan\u0131n b\u00fct\u00fcn idxal\u0131n\u0131n 0.6%-i) olub. Az\u0259rbaycandan bu \u00f6lk\u0259y\u0259 \u00fcz\u00fcm idxal\u0131n\u0131n natural ifad\u0259d\u0259 h\u0259cmi 2 min ton olub. Amma, m\u0259s\u0259l\u0259n, MDB-nin ba\u015fqa \u00f6lk\u0259l\u0259ri \u2013 Moldovadan Rusiyaya \u00fcz\u00fcm ixrac\u0131 bizd\u0259n 13 d\u0259f\u0259, \u00d6zb\u0259kistan\u0131n ixrac\u0131 6 d\u0259f\u0259 \u00e7ox olub.\n<\/p>\n<p>\n  Yaxud 2015-ci ild\u0259 Rusiya 385 milyon dollar d\u0259y\u0259rind\u0259 880 min ton h\u0259cmind\u0259 alma idxal edib. Az\u0259rbaycandan bu \u00f6lk\u0259y\u0259 alma idxal\u0131 14.5 milyon dollar olub \u2013 qon\u015fu \u00f6lk\u0259nin \u00fcmumi idxal\u0131n\u0131n t\u0259xmin\u0259n 3.5%-n\u0259 b\u0259rab\u0259rdir.\n<\/p>\n<p>\n  Natural ifad\u0259d\u0259 Az\u0259rbaycandan Rusiyaya alma ixrac\u0131 36.5 min ton t\u0259\u015fkil edib.\n<\/p>\n<p>\n  M\u0259lumatlar\u0131n t\u0259hlili g\u00f6st\u0259rir ki, Rusiyaya idxal olunan h\u0259m \u00fcz\u00fcm, h\u0259m d\u0259 alman\u0131n qiym\u0259tin\u0259 g\u00f6r\u0259 Az\u0259rbaycan \u0259n a\u015fa\u011f\u0131 qiym\u0259t olan \u00f6lk\u0259l\u0259r s\u0131ras\u0131nda olub. Bel\u0259 ki, Az\u0259rbaycandan Rusiyaya \u00fcz\u00fcm\u00fcn h\u0259r kq-\u0131 0.85 dollar t\u0259\u015fkil etdiyi halda, \u00c7ilid\u0259n ixrac 1.6 dollar, \u00c7ind\u0259n 1.3 dollar, C\u0259nubi Afrika Respublikas\u0131ndan 1.4 dollar, T\u00fcrkiy\u0259d\u0259n 1.05 dollar t\u0259\u015fkil edib. Moldovan\u0131n v\u0259 \u00d6zb\u0259kistan\u0131n qiym\u0259ti bizd\u0259n bir q\u0259d\u0259r ucuz olub \u2013 m\u00fcvafiq olaraq 0.75 v\u0259 0.64 dollar. \u0130xrac\u0131n t\u0259xmin\u0259n yar\u0131s\u0131 (121 min ton) T\u00fcrkiy\u0259nin pay\u0131na d\u00fc\u015f\u00fcb.\n<\/p>\n<p>\n  Eyni durum alma ixrac\u0131nda da m\u00fc\u015fahid\u0259 edilir. Az\u0259rbaycandan Rusiyaya alman\u0131n h\u0259r kq-n\u0131n orta ixrac qiym\u0259ti 0.38 dollar t\u0259\u015fkil edib. Bu r\u0259q\u0259m G\u00fcrc\u00fcstan \u00fczr\u0259 0.44 dollar, \u00c7in \u00fczr\u0259 0.49 dollar, T\u00fcrkiy\u0259 \u00fczr\u0259 0.5 dollar, Serbiya \u00fczr\u0259 0.66 dollar, \u00c7ili \u00fczr\u0259 0.78 dollar, Yeni Zelandiya \u00fczr\u0259 1.02 dollar t\u0259\u015fkil edib. Rusiyan\u0131n alma idxal\u0131n\u0131n t\u0259xmin\u0259n yar\u0131s\u0131 3 \u00f6lk\u0259nin \u2013 Serbiya, \u00c7in v\u0259 C\u0259nubi Afrika Respublikas\u0131n\u0131n pay\u0131na d\u00fc\u015f\u00fcb.\n<\/p>\n<p>\n  G\u00f6r\u00fcnd\u00fcy\u00fc kimi qiym\u0259t bax\u0131m\u0131ndan Az\u0259rbaycan uzaq co\u011frafiyaya getm\u0259d\u0259n h\u0259tta qon\u015fu bazarlarda 2 m\u0259hsulun timsal\u0131nda meyv\u0259 ticar\u0259tind\u0259 r\u0259qab\u0259t qabiliyy\u0259tli \u00f6lk\u0259 statusu qazanmaq imkan\u0131na malikdir. Lakin ixrac qabiliyy\u0259tliliyi yaln\u0131z qiym\u0259t faktoruna ba\u011fl\u0131 deyil. G\u00f6r\u00fcnd\u00fcy\u00fc kimi, Lat\u0131n Amerikas\u0131 \u00f6lk\u0259l\u0259rinin \u00fcz\u00fcm v\u0259 alma ixrac\u0131 qiym\u0259ti bizd\u0259n 2 d\u0259f\u0259 y\u00fcks\u0259k olsa da, bu \u00f6lk\u0259l\u0259r Rusiya bazar\u0131nda h\u0259lledici paya malikdirl\u0259r. Bu bax\u0131mdan s\u0259lahiyy\u0259tli qurumlar v\u0259 t\u0259dqiqat institutlar\u0131 m\u0259hsulun keyfiyy\u0259ti, n\u0259qli v\u0259 qabla\u015fd\u0131r\u0131lmas\u0131, \u00e7e\u015fidi, bu bazarda t\u0259l\u0259bat olan meyv\u0259 n\u00f6vl\u0259ri, h\u0259m\u00e7inin standartalara \u0259m\u0259l edilm\u0259sinin durumu il\u0259 ba\u011fl\u0131 kompleks qiym\u0259tl\u0259ndirm\u0259 apararaq Az\u0259rbaycan\u0131n y\u00fcks\u0259k ixtisasla\u015fma potensial\u0131 olan meyv\u0259 n\u00f6vl\u0259ri \u00fczr\u0259 r\u0259qab\u0259t qabiliyy\u0259tliliyini d\u0259y\u0259rl\u0259ndir\u0259n hesabatlar haz\u0131rlamal\u0131d\u0131rlar.\n<\/p>\n<p>\n  Amma ixrac imkanlar\u0131n\u0131n geni\u015fl\u0259nm\u0259si qiym\u0259t \u0259lveri\u015fliliyinin v\u0259 keyfiyy\u0259t standartlar\u0131n\u0131n uy\u011funlu\u011fu il\u0259 d\u0259 yekunla\u015fm\u0131r. \u00c7ox \u00f6n\u0259mli m\u0259s\u0259l\u0259l\u0259rd\u0259n biri y\u00fcks\u0259k istehsal potensial\u0131n\u0131n m\u00f6vcudlu\u011fudur. \u00d6lk\u0259 \u00f6z daxili t\u0259l\u0259bat\u0131ndan xeyli b\u00f6y\u00fck h\u0259cmd\u0259 m\u0259hsul istehsal\u0131 imkan\u0131na malik olmal\u0131d\u0131r ki, daxili istehlakdan art\u0131q h\u0259cmd\u0259 m\u0259hsul \u00fc\u00e7\u00fcn ixrac bazarlar\u0131 axtars\u0131n. R\u0259smi statistikaya g\u00f6r\u0259, haz\u0131rda Az\u0259rbaycanda \u0259halinin h\u0259r n\u0259f\u0259ri hesab\u0131 il\u0259 25 kq alma, 16 kq \u00fcz\u00fcm istehsal edilir. Halbuki Az\u0259rbaycan\u0131n \u0259rzaq istehlak\u0131 il\u0259 ba\u011fl\u0131 minimum normativl\u0259rin\u0259 g\u00f6r\u0259, orta hesabla ild\u0259 h\u0259r k\u0259s 50 kq meyv\u0259 v\u0259 gil\u0259meyv\u0259 istehlak etm\u0259ldir ki, bunun da 25 kq-n\u0131 alma istehlak\u0131 t\u0259\u015fkil etm\u0259lidir. Y\u0259ni, alma istehsal\u0131n\u0131n h\u0259cmi il\u0259 ba\u011fl\u0131 r\u0259smi b\u0259yan edil\u0259n g\u00f6st\u0259rici yaln\u0131z \u00f6lk\u0259 \u0259halisinin minimum s\u0259viyy\u0259d\u0259 istehlak\u0131n\u0131 \u00f6d\u0259m\u0259k \u00fc\u00e7\u00fcn yet\u0259rlidir. H\u0259l\u0259 n\u0259z\u0259r\u0259 alaq ki, bizd\u0259 alma \u015fir\u0259si v\u0259 alma qurusu s\u0259nayesind\u0259 yerli xammaldan istifad\u0259 edils\u0259, alma istehsal\u0131n\u0131n indiki h\u0259cml\u0259ri daxili t\u0259l\u0259bat \u00fc\u00e7\u00fcn bel\u0259 yet\u0259rli olmaz.\n<\/p>\n<p>\n  \u00dcz\u00fcm istehsal\u0131nda da eyni durumdur. D\u00fcnyada \u0259halinin t\u0259z\u0259 s\u00fcfr\u0259 \u00fcz\u00fcml\u0259ri istehlak\u0131 orta hesabla 15-20 kq t\u0259\u015fkil edir. M\u0259s\u0259l\u0259n, qon\u015fu T\u00fcrkiy\u0259d\u0259 bu r\u0259q\u0259m 18 kq-d\u0131r. Az\u0259rbaycanda daxili istehsal\u0131n adamba\u015f\u0131na h\u0259cminin 16 kq t\u0259\u015fkil etdiyini n\u0259z\u0259r\u0259 alsaq, bu h\u0259cm n\u0259inki ixrac \u00fc\u00e7\u00fcn, h\u0259tta \u015f\u0259rab s\u0259nayesi v\u0259 quru \u00fcz\u00fcm emal\u0131 \u00fc\u00e7\u00fcn minimum h\u0259cmd\u0259 xammal verm\u0259k \u00fc\u00e7\u00fcn bel\u0259 yet\u0259rli deyil.\n<\/p>\n<p>\n  M\u0259hsulun azl\u0131\u011f\u0131 yaln\u0131z meyv\u0259 sah\u0259l\u0259rinin h\u0259cminin m\u0259hdudlu\u011fu il\u0259 ba\u011fl\u0131 deyil. M\u0259hsuldarl\u0131\u011f\u0131n a\u015fa\u011f\u0131 olmas\u0131 da ciddi problemdir. M\u0259s\u0259l\u0259n, r\u0259smi statistikaya g\u00f6r\u0259, Az\u0259rbaycanda alma ba\u011flar\u0131n\u0131n orta m\u0259hsuldarl\u0131\u011f\u0131 8 ton t\u0259\u015fkil edir. D\u00fcnya \u00fczr\u0259 bu g\u00f6st\u0259rici 15.5 ton, y\u00fcks\u0259k m\u0259hsuldarl\u0131\u011fa malik Fransa, Avstraliya v\u0259 Niderland kimi \u00f6lk\u0259l\u0259rd\u0259 40-50 ton interval\u0131nda d\u0259yi\u015fir. T\u00fcrkiy\u0259d\u0259 d\u0259 bizd\u0259n 2 d\u0259f\u0259 y\u00fcks\u0259kdir \u2013 18 ton.\n<\/p>\n<p>\n  \u0130ndi bir m\u00fcqayis\u0259y\u0259 baxaq: fermerl\u0259rin haz\u0131rk\u0131 ixrac qiym\u0259tl\u0259ri il\u0259 alma v\u0259 \u00fcz\u00fcm ba\u011flar\u0131n\u0131n h\u0259r hektar\u0131ndan m\u00f6vcud m\u0259hsuldarl\u0131q \u00e7\u0259r\u00e7iv\u0259sind\u0259 5-8 min dollar \u00fcmumi g\u0259lir \u0259ld\u0259 etm\u0259k imkan\u0131 m\u00f6vcuddur. M\u0259hsuldarl\u0131\u011f\u0131n \u0259n az\u0131 T\u00fcrkiy\u0259 s\u0259viyy\u0259sin\u0259 \u00e7at\u0131d\u0131r\u0131mas\u0131 bu g\u0259lirl\u0259rin 25-30%-\u0259 q\u0259d\u0259r art\u0131r\u0131lmas\u0131na imkan ver\u0259r. Lakin h\u00f6kum\u0259tin indi \u00fcst\u00fcnl\u00fcy\u00fcn\u00fc t\u0259bli\u011f etdiyi pamb\u0131\u011f\u0131n h\u0259r hektar\u0131ndan \u0259n y\u00fcks\u0259k m\u0259hsuldarl\u0131q (4 ton) \u015f\u0259raitind\u0259 bel\u0259 fermerin \u0259ld\u0259 ed\u0259 bil\u0259c\u0259yi \u00fcmumi g\u0259lir bundan 7-8 d\u0259f\u0259 azd\u0131r. \u00dcst\u0259lik, meyv\u0259\u00e7ilik \u00f6lk\u0259nin ekosisteminin t\u0259nziml\u0259nm\u0259sind\u0259 m\u00fch\u00fcm rol oynamaqla yana\u015f\u0131, yan sektorlar\u0131n (m\u0259s\u0259l\u0259n, ar\u0131\u00e7\u0131l\u0131q) da inki\u015faf\u0131 \u00fc\u00e7\u00fcn m\u00fch\u00fcm t\u0259bii m\u00fchit rolunu oynay\u0131r.\n<\/p>\n<p>\n  Meyv\u0259\u00e7ilik sektorunu inki\u015faf etdirm\u0259k \u00fc\u00e7\u00fcn t\u0259cili qar\u015f\u0131da duran bir ne\u00e7\u0259 v\u0259zif\u0259 var: bu sektorun inki\u015faf\u0131na y\u00f6n\u0259lik sah\u0259 proqram\u0131 q\u0259bul edilm\u0259li, bir ne\u00e7\u0259 vacib meyv\u0259 n\u00f6v\u00fc \u00fczr\u0259 r\u0259qab\u0259t imkanlar\u0131n\u0131n v\u0259 istehsal potensial\u0131n\u0131n d\u0259y\u0259rl\u0259ndirilm\u0259sin\u0259 imkan ver\u0259n master-planlar haz\u0131rlanmal\u0131, meyv\u0259 ba\u011flar\u0131 \u0259km\u0259k ist\u0259y\u0259n fermerl\u0259r\u0259 h\u00f6kum\u0259tin g\u00fcz\u0259\u015ftli kreditl\u0259ri hesab\u0131na m\u00fcdd\u0259ti 10 ild\u0259n az olmayan, faizsiz v\u0259 girovsuz, d\u00f6vl\u0259t z\u0259man\u0259ti il\u0259 kredit x\u0259tl\u0259ri a\u00e7\u0131lmal\u0131d\u0131r.\n<\/p>\n<p>\n  Qeyd: idxal-iracla ba\u011fl\u0131 b\u00fct\u00fcn m\u0259lumatlar Rusiyan\u0131n r\u0259smi m\u0259nb\u0259l\u0259rind\u0259n g\u00f6t\u00fcr\u00fcl\u00fcb.<\/p>\n","protected":false},"excerpt":{"rendered":"<p>Arxada buraxd\u0131\u011f\u0131m\u0131z ill\u0259rd\u0259 Az\u0259rbaycan\u0131n y\u00fcks\u0259k ixrac d\u0259y\u0259rin\u0259 malik Q\u0259rb bazarlar\u0131 bir yana, h\u0259tta Rusiya kimi a\u015fa\u011f\u0131 ixrac d\u0259y\u0259rli bazardan pay almas\u0131 m\u00fcmk\u00fcn olmay\u0131b<\/p>\n","protected":false},"author":11,"featured_media":71818,"comment_status":"closed","ping_status":"open","sticky":false,"template":"","format":"standard","meta":{"_acf_changed":false,"_sitemap_exclude":false,"_sitemap_priority":"","_sitemap_frequency":"","footnotes":""},"categories":[51],"tags":[],"class_list":["post-180036","post","type-post","status-publish","format-standard","has-post-thumbnail","hentry","category-analitika","infinite-scroll-item","generate-columns","tablet-grid-50","mobile-grid-100","grid-parent","grid-33","no-featured-image-padding"],"acf":[],"yoast_head":"<!-- This site is optimized with the Yoast SEO plugin v27.5 - https:\/\/yoast.com\/product\/yoast-seo-wordpress\/ -->\n<title>Az\u0259rbaycan\u0131n meyv\u0259 ixracat\u0131 potensial\u0131: imkan\u0131m\u0131z n\u0259y\u0259 yetir? - MEYDAN.TV<\/title>\n<meta name=\"robots\" content=\"index, follow, max-snippet:-1, max-image-preview:large, max-video-preview:-1\" \/>\n<link rel=\"canonical\" href=\"https:\/\/www.meydan.tv\/az\/article\/azerbaycanin-meyve-ixracati-potensiali-imkanimiz-neye-yetir\/\" \/>\n<meta property=\"og:locale\" content=\"az_AZ\" \/>\n<meta property=\"og:type\" content=\"article\" \/>\n<meta property=\"og:title\" content=\"Az\u0259rbaycan\u0131n meyv\u0259 ixracat\u0131 potensial\u0131: imkan\u0131m\u0131z n\u0259y\u0259 yetir? - MEYDAN.TV\" \/>\n<meta property=\"og:description\" content=\"Arxada buraxd\u0131\u011f\u0131m\u0131z ill\u0259rd\u0259 Az\u0259rbaycan\u0131n y\u00fcks\u0259k ixrac d\u0259y\u0259rin\u0259 malik Q\u0259rb bazarlar\u0131 bir yana, h\u0259tta Rusiya kimi a\u015fa\u011f\u0131 ixrac d\u0259y\u0259rli bazardan pay almas\u0131 m\u00fcmk\u00fcn olmay\u0131b\" \/>\n<meta property=\"og:url\" content=\"https:\/\/www.meydan.tv\/az\/article\/azerbaycanin-meyve-ixracati-potensiali-imkanimiz-neye-yetir\/\" \/>\n<meta property=\"og:site_name\" content=\"MEYDAN.TV\" \/>\n<meta property=\"article:published_time\" content=\"2016-10-31T14:15:29+00:00\" \/>\n<meta property=\"og:image\" content=\"https:\/\/www.meydan.tv\/wp-content\/uploads\/27558.jpg\" \/>\n\t<meta property=\"og:image:width\" content=\"500\" \/>\n\t<meta property=\"og:image:height\" content=\"304\" \/>\n\t<meta property=\"og:image:type\" content=\"image\/jpeg\" \/>\n<meta name=\"author\" content=\"user-manager\" \/>\n<meta name=\"twitter:card\" content=\"summary_large_image\" \/>\n<script type=\"application\/ld+json\" class=\"yoast-schema-graph\">{\"@context\":\"https:\\\/\\\/schema.org\",\"@graph\":[{\"@type\":\"Article\",\"@id\":\"https:\\\/\\\/www.meydan.tv\\\/az\\\/article\\\/azerbaycanin-meyve-ixracati-potensiali-imkanimiz-neye-yetir\\\/#article\",\"isPartOf\":{\"@id\":\"https:\\\/\\\/www.meydan.tv\\\/az\\\/article\\\/azerbaycanin-meyve-ixracati-potensiali-imkanimiz-neye-yetir\\\/\"},\"author\":{\"name\":\"user-manager\",\"@id\":\"https:\\\/\\\/www.meydan.tv\\\/az\\\/#\\\/schema\\\/person\\\/10d11eccf6da3662cf5fdab9806ea91a\"},\"headline\":\"Az\u0259rbaycan\u0131n meyv\u0259 ixracat\u0131 potensial\u0131: imkan\u0131m\u0131z n\u0259y\u0259 yetir?\",\"datePublished\":\"2016-10-31T14:15:29+00:00\",\"mainEntityOfPage\":{\"@id\":\"https:\\\/\\\/www.meydan.tv\\\/az\\\/article\\\/azerbaycanin-meyve-ixracati-potensiali-imkanimiz-neye-yetir\\\/\"},\"wordCount\":1459,\"publisher\":{\"@id\":\"https:\\\/\\\/www.meydan.tv\\\/az\\\/#organization\"},\"image\":{\"@id\":\"https:\\\/\\\/www.meydan.tv\\\/az\\\/article\\\/azerbaycanin-meyve-ixracati-potensiali-imkanimiz-neye-yetir\\\/#primaryimage\"},\"thumbnailUrl\":\"https:\\\/\\\/www.meydan.tv\\\/wp-content\\\/uploads\\\/27558.jpg\",\"articleSection\":[\"Analitika\"],\"inLanguage\":\"az\"},{\"@type\":\"WebPage\",\"@id\":\"https:\\\/\\\/www.meydan.tv\\\/az\\\/article\\\/azerbaycanin-meyve-ixracati-potensiali-imkanimiz-neye-yetir\\\/\",\"url\":\"https:\\\/\\\/www.meydan.tv\\\/az\\\/article\\\/azerbaycanin-meyve-ixracati-potensiali-imkanimiz-neye-yetir\\\/\",\"name\":\"Az\u0259rbaycan\u0131n meyv\u0259 ixracat\u0131 potensial\u0131: imkan\u0131m\u0131z n\u0259y\u0259 yetir? - MEYDAN.TV\",\"isPartOf\":{\"@id\":\"https:\\\/\\\/www.meydan.tv\\\/az\\\/#website\"},\"primaryImageOfPage\":{\"@id\":\"https:\\\/\\\/www.meydan.tv\\\/az\\\/article\\\/azerbaycanin-meyve-ixracati-potensiali-imkanimiz-neye-yetir\\\/#primaryimage\"},\"image\":{\"@id\":\"https:\\\/\\\/www.meydan.tv\\\/az\\\/article\\\/azerbaycanin-meyve-ixracati-potensiali-imkanimiz-neye-yetir\\\/#primaryimage\"},\"thumbnailUrl\":\"https:\\\/\\\/www.meydan.tv\\\/wp-content\\\/uploads\\\/27558.jpg\",\"datePublished\":\"2016-10-31T14:15:29+00:00\",\"breadcrumb\":{\"@id\":\"https:\\\/\\\/www.meydan.tv\\\/az\\\/article\\\/azerbaycanin-meyve-ixracati-potensiali-imkanimiz-neye-yetir\\\/#breadcrumb\"},\"inLanguage\":\"az\",\"potentialAction\":[{\"@type\":\"ReadAction\",\"target\":[\"https:\\\/\\\/www.meydan.tv\\\/az\\\/article\\\/azerbaycanin-meyve-ixracati-potensiali-imkanimiz-neye-yetir\\\/\"]}]},{\"@type\":\"ImageObject\",\"inLanguage\":\"az\",\"@id\":\"https:\\\/\\\/www.meydan.tv\\\/az\\\/article\\\/azerbaycanin-meyve-ixracati-potensiali-imkanimiz-neye-yetir\\\/#primaryimage\",\"url\":\"https:\\\/\\\/www.meydan.tv\\\/wp-content\\\/uploads\\\/27558.jpg\",\"contentUrl\":\"https:\\\/\\\/www.meydan.tv\\\/wp-content\\\/uploads\\\/27558.jpg\",\"width\":500,\"height\":304,\"caption\":\"Source:\"},{\"@type\":\"BreadcrumbList\",\"@id\":\"https:\\\/\\\/www.meydan.tv\\\/az\\\/article\\\/azerbaycanin-meyve-ixracati-potensiali-imkanimiz-neye-yetir\\\/#breadcrumb\",\"itemListElement\":[{\"@type\":\"ListItem\",\"position\":1,\"name\":\"Ana s\u0259hif\u0259\",\"item\":\"https:\\\/\\\/www.meydan.tv\\\/az\\\/\"},{\"@type\":\"ListItem\",\"position\":2,\"name\":\"Analitika\",\"item\":\"https:\\\/\\\/www.meydan.tv\\\/az\\\/section\\\/analitika\\\/\"},{\"@type\":\"ListItem\",\"position\":3,\"name\":\"Az\u0259rbaycan\u0131n meyv\u0259 ixracat\u0131 potensial\u0131: imkan\u0131m\u0131z n\u0259y\u0259 yetir?\"}]},{\"@type\":\"WebSite\",\"@id\":\"https:\\\/\\\/www.meydan.tv\\\/az\\\/#website\",\"url\":\"https:\\\/\\\/www.meydan.tv\\\/az\\\/\",\"name\":\"MEYDAN.TV\",\"description\":\"Meydan TV Az\u0259rbaycan\u0131n media m\u0259kan\u0131ndak\u0131 alternativ s\u0259sidir\",\"publisher\":{\"@id\":\"https:\\\/\\\/www.meydan.tv\\\/az\\\/#organization\"},\"potentialAction\":[{\"@type\":\"SearchAction\",\"target\":{\"@type\":\"EntryPoint\",\"urlTemplate\":\"https:\\\/\\\/www.meydan.tv\\\/az\\\/?s={search_term_string}\"},\"query-input\":{\"@type\":\"PropertyValueSpecification\",\"valueRequired\":true,\"valueName\":\"search_term_string\"}}],\"inLanguage\":\"az\"},{\"@type\":\"Organization\",\"@id\":\"https:\\\/\\\/www.meydan.tv\\\/az\\\/#organization\",\"name\":\"Meydan TV\",\"url\":\"https:\\\/\\\/www.meydan.tv\\\/az\\\/\",\"logo\":{\"@type\":\"ImageObject\",\"inLanguage\":\"az\",\"@id\":\"https:\\\/\\\/www.meydan.tv\\\/az\\\/#\\\/schema\\\/logo\\\/image\\\/\",\"url\":\"https:\\\/\\\/www.meydan.tv\\\/wp-content\\\/uploads\\\/2021\\\/07\\\/meydan-logo.svg\",\"contentUrl\":\"https:\\\/\\\/www.meydan.tv\\\/wp-content\\\/uploads\\\/2021\\\/07\\\/meydan-logo.svg\",\"width\":195,\"height\":46,\"caption\":\"Meydan TV\"},\"image\":{\"@id\":\"https:\\\/\\\/www.meydan.tv\\\/az\\\/#\\\/schema\\\/logo\\\/image\\\/\"}},{\"@type\":\"Person\",\"@id\":\"https:\\\/\\\/www.meydan.tv\\\/az\\\/#\\\/schema\\\/person\\\/10d11eccf6da3662cf5fdab9806ea91a\",\"name\":\"user-manager\"}]}<\/script>\n<!-- \/ Yoast SEO plugin. -->","yoast_head_json":{"title":"Az\u0259rbaycan\u0131n meyv\u0259 ixracat\u0131 potensial\u0131: imkan\u0131m\u0131z n\u0259y\u0259 yetir? - MEYDAN.TV","robots":{"index":"index","follow":"follow","max-snippet":"max-snippet:-1","max-image-preview":"max-image-preview:large","max-video-preview":"max-video-preview:-1"},"canonical":"https:\/\/www.meydan.tv\/az\/article\/azerbaycanin-meyve-ixracati-potensiali-imkanimiz-neye-yetir\/","og_locale":"az_AZ","og_type":"article","og_title":"Az\u0259rbaycan\u0131n meyv\u0259 ixracat\u0131 potensial\u0131: imkan\u0131m\u0131z n\u0259y\u0259 yetir? - MEYDAN.TV","og_description":"Arxada buraxd\u0131\u011f\u0131m\u0131z ill\u0259rd\u0259 Az\u0259rbaycan\u0131n y\u00fcks\u0259k ixrac d\u0259y\u0259rin\u0259 malik Q\u0259rb bazarlar\u0131 bir yana, h\u0259tta Rusiya kimi a\u015fa\u011f\u0131 ixrac d\u0259y\u0259rli bazardan pay almas\u0131 m\u00fcmk\u00fcn olmay\u0131b","og_url":"https:\/\/www.meydan.tv\/az\/article\/azerbaycanin-meyve-ixracati-potensiali-imkanimiz-neye-yetir\/","og_site_name":"MEYDAN.TV","article_published_time":"2016-10-31T14:15:29+00:00","og_image":[{"width":500,"height":304,"url":"https:\/\/www.meydan.tv\/wp-content\/uploads\/27558.jpg","type":"image\/jpeg"}],"author":"user-manager","twitter_card":"summary_large_image","schema":{"@context":"https:\/\/schema.org","@graph":[{"@type":"Article","@id":"https:\/\/www.meydan.tv\/az\/article\/azerbaycanin-meyve-ixracati-potensiali-imkanimiz-neye-yetir\/#article","isPartOf":{"@id":"https:\/\/www.meydan.tv\/az\/article\/azerbaycanin-meyve-ixracati-potensiali-imkanimiz-neye-yetir\/"},"author":{"name":"user-manager","@id":"https:\/\/www.meydan.tv\/az\/#\/schema\/person\/10d11eccf6da3662cf5fdab9806ea91a"},"headline":"Az\u0259rbaycan\u0131n meyv\u0259 ixracat\u0131 potensial\u0131: imkan\u0131m\u0131z n\u0259y\u0259 yetir?","datePublished":"2016-10-31T14:15:29+00:00","mainEntityOfPage":{"@id":"https:\/\/www.meydan.tv\/az\/article\/azerbaycanin-meyve-ixracati-potensiali-imkanimiz-neye-yetir\/"},"wordCount":1459,"publisher":{"@id":"https:\/\/www.meydan.tv\/az\/#organization"},"image":{"@id":"https:\/\/www.meydan.tv\/az\/article\/azerbaycanin-meyve-ixracati-potensiali-imkanimiz-neye-yetir\/#primaryimage"},"thumbnailUrl":"https:\/\/www.meydan.tv\/wp-content\/uploads\/27558.jpg","articleSection":["Analitika"],"inLanguage":"az"},{"@type":"WebPage","@id":"https:\/\/www.meydan.tv\/az\/article\/azerbaycanin-meyve-ixracati-potensiali-imkanimiz-neye-yetir\/","url":"https:\/\/www.meydan.tv\/az\/article\/azerbaycanin-meyve-ixracati-potensiali-imkanimiz-neye-yetir\/","name":"Az\u0259rbaycan\u0131n meyv\u0259 ixracat\u0131 potensial\u0131: imkan\u0131m\u0131z n\u0259y\u0259 yetir? - MEYDAN.TV","isPartOf":{"@id":"https:\/\/www.meydan.tv\/az\/#website"},"primaryImageOfPage":{"@id":"https:\/\/www.meydan.tv\/az\/article\/azerbaycanin-meyve-ixracati-potensiali-imkanimiz-neye-yetir\/#primaryimage"},"image":{"@id":"https:\/\/www.meydan.tv\/az\/article\/azerbaycanin-meyve-ixracati-potensiali-imkanimiz-neye-yetir\/#primaryimage"},"thumbnailUrl":"https:\/\/www.meydan.tv\/wp-content\/uploads\/27558.jpg","datePublished":"2016-10-31T14:15:29+00:00","breadcrumb":{"@id":"https:\/\/www.meydan.tv\/az\/article\/azerbaycanin-meyve-ixracati-potensiali-imkanimiz-neye-yetir\/#breadcrumb"},"inLanguage":"az","potentialAction":[{"@type":"ReadAction","target":["https:\/\/www.meydan.tv\/az\/article\/azerbaycanin-meyve-ixracati-potensiali-imkanimiz-neye-yetir\/"]}]},{"@type":"ImageObject","inLanguage":"az","@id":"https:\/\/www.meydan.tv\/az\/article\/azerbaycanin-meyve-ixracati-potensiali-imkanimiz-neye-yetir\/#primaryimage","url":"https:\/\/www.meydan.tv\/wp-content\/uploads\/27558.jpg","contentUrl":"https:\/\/www.meydan.tv\/wp-content\/uploads\/27558.jpg","width":500,"height":304,"caption":"Source:"},{"@type":"BreadcrumbList","@id":"https:\/\/www.meydan.tv\/az\/article\/azerbaycanin-meyve-ixracati-potensiali-imkanimiz-neye-yetir\/#breadcrumb","itemListElement":[{"@type":"ListItem","position":1,"name":"Ana s\u0259hif\u0259","item":"https:\/\/www.meydan.tv\/az\/"},{"@type":"ListItem","position":2,"name":"Analitika","item":"https:\/\/www.meydan.tv\/az\/section\/analitika\/"},{"@type":"ListItem","position":3,"name":"Az\u0259rbaycan\u0131n meyv\u0259 ixracat\u0131 potensial\u0131: imkan\u0131m\u0131z n\u0259y\u0259 yetir?"}]},{"@type":"WebSite","@id":"https:\/\/www.meydan.tv\/az\/#website","url":"https:\/\/www.meydan.tv\/az\/","name":"MEYDAN.TV","description":"Meydan TV Az\u0259rbaycan\u0131n media m\u0259kan\u0131ndak\u0131 alternativ s\u0259sidir","publisher":{"@id":"https:\/\/www.meydan.tv\/az\/#organization"},"potentialAction":[{"@type":"SearchAction","target":{"@type":"EntryPoint","urlTemplate":"https:\/\/www.meydan.tv\/az\/?s={search_term_string}"},"query-input":{"@type":"PropertyValueSpecification","valueRequired":true,"valueName":"search_term_string"}}],"inLanguage":"az"},{"@type":"Organization","@id":"https:\/\/www.meydan.tv\/az\/#organization","name":"Meydan TV","url":"https:\/\/www.meydan.tv\/az\/","logo":{"@type":"ImageObject","inLanguage":"az","@id":"https:\/\/www.meydan.tv\/az\/#\/schema\/logo\/image\/","url":"https:\/\/www.meydan.tv\/wp-content\/uploads\/2021\/07\/meydan-logo.svg","contentUrl":"https:\/\/www.meydan.tv\/wp-content\/uploads\/2021\/07\/meydan-logo.svg","width":195,"height":46,"caption":"Meydan TV"},"image":{"@id":"https:\/\/www.meydan.tv\/az\/#\/schema\/logo\/image\/"}},{"@type":"Person","@id":"https:\/\/www.meydan.tv\/az\/#\/schema\/person\/10d11eccf6da3662cf5fdab9806ea91a","name":"user-manager"}]}},"_links":{"self":[{"href":"https:\/\/www.meydan.tv\/az\/wp-json\/wp\/v2\/posts\/180036","targetHints":{"allow":["GET"]}}],"collection":[{"href":"https:\/\/www.meydan.tv\/az\/wp-json\/wp\/v2\/posts"}],"about":[{"href":"https:\/\/www.meydan.tv\/az\/wp-json\/wp\/v2\/types\/post"}],"author":[{"embeddable":true,"href":"https:\/\/www.meydan.tv\/az\/wp-json\/wp\/v2\/users\/11"}],"replies":[{"embeddable":true,"href":"https:\/\/www.meydan.tv\/az\/wp-json\/wp\/v2\/comments?post=180036"}],"version-history":[{"count":0,"href":"https:\/\/www.meydan.tv\/az\/wp-json\/wp\/v2\/posts\/180036\/revisions"}],"wp:featuredmedia":[{"embeddable":true,"href":"https:\/\/www.meydan.tv\/az\/wp-json\/wp\/v2\/media\/71818"}],"wp:attachment":[{"href":"https:\/\/www.meydan.tv\/az\/wp-json\/wp\/v2\/media?parent=180036"}],"wp:term":[{"taxonomy":"category","embeddable":true,"href":"https:\/\/www.meydan.tv\/az\/wp-json\/wp\/v2\/categories?post=180036"},{"taxonomy":"post_tag","embeddable":true,"href":"https:\/\/www.meydan.tv\/az\/wp-json\/wp\/v2\/tags?post=180036"}],"curies":[{"name":"wp","href":"https:\/\/api.w.org\/{rel}","templated":true}]}}