{"id":180013,"date":"2016-10-29T12:53:46","date_gmt":"2016-10-29T12:53:46","guid":{"rendered":"https:\/\/www.meydan.tv\/article\/edaletsizlik-fenomeni\/"},"modified":"2016-10-29T12:53:46","modified_gmt":"2016-10-29T12:53:46","slug":"edaletsizlik-fenomeni","status":"publish","type":"post","link":"https:\/\/www.meydan.tv\/az\/article\/edaletsizlik-fenomeni\/","title":{"rendered":"\u018fdal\u0259tsizlik fenomeni"},"content":{"rendered":"<figure class=\"wp-block-image size-large\">\n  <img decoding=\"async\" src=\"https:\/\/www.meydan.tv\/az\/foto-tass\/\" alt=\"foto TASS\" class=\"wp-image-71788\"\/><figcaption>\n    foto TASS<br \/>\n  <\/figcaption><\/figure>\n<p>\n  <i><br \/>\n    K\u0259nd t\u0259s\u0259rr\u00fcfat\u0131ndan ba\u015f\u0131n \u00e7\u0131xmaya bil\u0259r, m\u00fch\u0259ndislik m\u0259ntiqin d\u0259 yoxdur, iqtisadiyyat v\u0259 maliyy\u0259y\u0259 g\u0259l\u0259nd\u0259 he\u00e7 \u00f6z\u00fcn\u00fcn korrupsiya v\u0259 r\u00fc\u015fv\u0259tl\u0259 y\u0131\u011fd\u0131\u011f\u0131n pulun hesab\u0131n\u0131 bilmirs\u0259n<br \/>\n  <\/i>\n<\/p>\n<p>\n  Az\u0259rbaycanda hakimiyy\u0259t zorak\u0131l\u0131\u011f\u0131 ifrat s\u0259viy\u0259y\u0259 \u00e7at\u0131bd\u0131r. Heyd\u0259r \u018fliyevin heyk\u0259lin\u0259 g\u00fcl bayram\u0131n\u0131z \u0259v\u0259zin\u0259 \u201cqul bayram\u0131n\u0131z m\u00fcbar\u0259k\u201d yazan iki g\u0259ncd\u0259n birin\u0259 10 il h\u0259bs c\u0259zas\u0131 verdil\u0259r. Bu h\u00f6kum\u0259t v\u0259 onun ba\u015f\u00e7\u0131s\u0131 tam m\u0259nada xalq qar\u015f\u0131s\u0131nda m\u0259suliyy\u0259t v\u0259 qorxu hissind\u0259n m\u0259hrum olub v\u0259 el\u0259dikl\u0259ri \u0259m\u0259ll\u0259rd\u0259n he\u00e7 vaxt utanmayacaqlar\u0131 g\u00f6z qaba\u011f\u0131ndad\u0131r.\n<\/p>\n<p>\n  He\u00e7 sovetl\u0259rin idolu olan Leninin mavzoleyin\u0259 edil\u0259n ciddi q\u0259sbl\u0259r\u0259 g\u00f6r\u0259 bel\u0259 a\u011f\u0131r c\u0259zalar verilm\u0259mi\u015fdi.1989-cu ild\u0259n sonra is\u0259 mavzoleyi t\u0259hqir ed\u0259nl\u0259ri maksimum 15 g\u00fcn zindanda saxlay\u0131rd\u0131lar. Az\u0259rbaycan\u0131n \u00f6z\u00fcnd\u0259 bel\u0259 1996-c\u0131 il\u0259 q\u0259d\u0259r n\u0259 V\u0259zirov, n\u0259 M\u00fct\u0259llibov, n\u0259 d\u0259 El\u00e7ib\u0259y idar\u0259\u00e7iliyi d\u00f6vr\u00fcnd\u0259 m\u0259hk\u0259m\u0259l\u0259r bel\u0259 h\u0259yas\u0131zl\u0131\u011fa yol verm\u0259zdil\u0259r. Cibl\u0259r\u0259 qumbara v\u0259 ya narkotik madd\u0259 qoyub, evl\u0259r\u0259 silah v\u0259 narkotik madd\u0259l\u0259r atmaqla h\u0259bs etm\u0259l\u0259rin yarad\u0131c\u0131s\u0131 H.\u018fliyevin icra\u00e7\u0131s\u0131 Usubovdur. Ancaq 1996-c\u0131 il\u0259 q\u0259d\u0259r m\u0259n bu h\u0259yas\u0131zl\u0131\u011f\u0131n tu\u011fyan etm\u0259sinin qar\u015f\u0131s\u0131n\u0131 qism\u0259n ala bilirdim. Sonralar \u00f6lk\u0259d\u0259 \u015f\u0259xs\u0259n nazirl\u0259rin r\u0259hb\u0259rlik etdiyi h\u00f6kum\u0259t bandalar\u0131 yarand\u0131. Siz, ata- bala \u018fliyevl\u0259rin tap\u015f\u0131r\u0131\u011f\u0131 il\u0259 adam \u00f6ld\u00fcrm\u0259k, m\u00fclkiyy\u0259t m\u0259nims\u0259m\u0259k, kiml\u0259rins\u0259 biznesl\u0259rini \u0259lind\u0259n zorla almaq kimi iyr\u0259nc cinay\u0259tl\u0259r t\u00f6r\u0259d\u0259n D\u0130N-nin H.M\u0259mm\u0259dov, MTN-nin A.\u00c7ovdarov bandalar\u0131n\u0131n \u0259m\u0259ll\u0259rind\u0259n x\u0259b\u0259rdars\u0131n\u0131z. Bu adamlar\u0131n h\u0259bs olunmaqlar\u0131n\u0131n s\u0259b\u0259bi tap\u015f\u0131r\u0131q yetirm\u0259kd\u0259n \u00e7ox \u00f6zl\u0259rinin m\u0259nafel\u0259rin\u0259 i\u015fl\u0259m\u0259kl\u0259ri oldu.\n<\/p>\n<p>\n  Siz diqq\u0259t yetirin, 10 il h\u0259bs c\u0259zas\u0131 verilmi\u015f Qiyas \u0130brahimovun 21 ya\u015f\u0131 var. Y\u0259ni o, anadan olanda H.\u018fliyev art\u0131q 2 il idi i\u015fl\u0259yirdi. \u018fliyev o\u011ful hakimiyy\u0259ti \u0259l\u0259 ke\u00e7ir\u0259nd\u0259 Qiyas\u0131n c\u0259mi 8 ya\u015f\u0131 var idi. Qiyas aktiv f\u0259aliyy\u0259t\u0259 maksimum 17 ya\u015f\u0131nda y\u0259ni 4 il bundan \u00f6nc\u0259 ba\u015flaya bil\u0259r. O d\u00f6vrd\u0259 ki, prezident \u018fliyev he\u00e7 bir x\u0259cal\u0259t \u00e7\u0259km\u0259d\u0259n Az\u0259rbaycandak\u0131 inki\u015faf\u0131 fenomen inki\u015faf adland\u0131r\u0131rd\u0131 v\u0259 \u00f6z\u00fc \u00f6z\u00fcnd\u0259n &#8220;b\u0259lk\u0259 bir az yava\u015flayaq&#8221; xahi\u015fini edirdi. Qiyas\u0131 m\u00fcxalif\u0259t partiyalar\u0131na, x\u00fcsusil\u0259 Xalq C\u0259bh\u0259si Partiyas\u0131na ba\u011flamaq m\u00fcmk\u00fcn deyil. \u00c7\u00fcnki bu g\u0259nc s\u0131rf \u018fliyevl\u0259r rejiminin yetirm\u0259sidir, onlar\u0131n d\u00f6vr\u00fcnd\u0259 u\u015faq ba\u011f\u00e7as\u0131, orta m\u0259kt\u0259b v\u0259 instituta gedib. \u0130ndi bu o\u011ful \u018fliyev \u00f6z\u00fcnd\u0259 c\u0259sar\u0259t tap\u0131b &#8220;n\u0259 \u00fc\u00e7\u00fcn atam r\u0259hm\u0259t\u0259 ged\u0259nd\u0259 8 ya\u015f\u0131nda olan bir u\u015faq 10 may\u0131 g\u00fcl bayram\u0131 yox, qul bayram\u0131 hesab edir&#8221; sual\u0131n\u0131 vermir. Qiyas\u0131n anas\u0131n\u0131n s\u00f6z\u00fcn\u0259 q\u00fcvv\u0259t olaraq soru\u015furam; g\u00f6r\u0259s\u0259n, c\u0259nab \u018fliyev bilmirmi 16 -25 ya\u015fl\u0131 g\u0259ncl\u0259rin say\u0131 Az\u0259rbaycanda t\u0259xmin\u0259n 900 mindir? Qiyas\u0131n anas\u0131 \u201cm\u0259nim o\u011flumun t\u0259r\u0259fdarlar\u0131 v\u0259 davam\u00e7\u0131lar\u0131 var, onlardan qorx\u201d dey\u0259nd\u0259 \u018fliyev fikr\u0259 gedirmi? Fikrimc\u0259, \u0259sla getmir. O \u0259mindir ki, xalq\u0131 cilovlay\u0131b, belin\u0259 minib v\u0259 hara ist\u0259s\u0259, n\u0259 vaxt ist\u0259s\u0259, \u00e7apacaq, ona g\u00f6r\u0259 o xan\u0131m\u0131n dedikl\u0259rind\u0259n he\u00e7 x\u0259b\u0259r bel\u0259 tutmayacaq. Bu insan\u0131n d\u00fc\u015f\u00fcnm\u0259k, analiz etm\u0259k qabiliyy\u0259ti s\u0131f\u0131rdan da a\u015fa\u011f\u0131d\u0131r. Bel\u0259 olmasayd\u0131 bu \u015f\u0259xs nec\u0259 m\u0259lum pamb\u0131q m\u00fc\u015favir\u0259sind\u0259ki \u00e7\u0131x\u0131\u015f\u0131nda g\u0259l\u0259n il (y\u0259ni 2017-ci il) pamb\u0131q t\u0259s\u0259rr\u00fcfat\u0131nda 100 min i\u015f yeri a\u00e7aca\u011f\u0131n\u0131 dey\u0259rdi?! K\u0259nd t\u0259s\u0259rr\u00fcfat\u0131ndan ba\u015f\u0131n \u00e7\u0131xmaya bil\u0259r, m\u00fch\u0259ndislik m\u0259ntiqin d\u0259 yoxdur, iqtisadiyyat v\u0259 maliyy\u0259y\u0259 g\u0259l\u0259nd\u0259 he\u00e7 \u00f6z\u00fcn\u00fcn korrupsiya v\u0259 r\u00fc\u015fv\u0259tl\u0259 y\u0131\u011fd\u0131\u011f\u0131n pulun hesab\u0131n\u0131 bilmirs\u0259n. Ancaq elementar u\u015faq m\u0259ntiqin olsa, bil\u0259rs\u0259n ki, 100 min adam\u0131n maa\u015f\u0131n\u0131 verm\u0259k \u00fc\u00e7\u00fcn az\u0131 \u0259lav\u0259 1 milyon ton pamb\u0131q y\u0131\u011f\u0131lmal\u0131d\u0131r. 13 ildir hakimiyy\u0259td\u0259s\u0259n, h\u0259l\u0259 d\u0259 anlam\u0131rsan ki, neftin qiym\u0259tinin artmas\u0131ndan g\u0259l\u0259n pul fenomen inki\u015faf deyildir v\u0259 s\u0259nin yava\u015flama\u011f\u0131na ehtiyac yoxdur, iqtisadiyyat \u00f6z\u00fc yava\u015flayacaq.\n<\/p>\n<p>\n  900 minlik g\u0259nclik ordusunun ne\u00e7\u0259 faizi Qiyas kimi g\u00fcl bayram\u0131na qul bayram\u0131 deyir, \u00f6yr\u0259nmis\u0259n? Kimd\u0259n \u00f6yr\u0259n\u0259c\u0259ks\u0259n? \u018ftraf\u0131na y\u0131\u011fd\u0131\u011f\u0131n adamlar art\u0131q s\u0259ni d\u0259 b\u00fctl\u0259\u015fdirib v\u0259 s\u0259nin \u00f6vlad\u0131n\u0131 g\u0259l\u0259c\u0259kd\u0259 \u015fah, \u00f6z \u00f6vladlar\u0131n\u0131 imtiyazl\u0131 k\u00f6l\u0259 g\u00f6r\u00fcrl\u0259r. Ancaq 900 minin az\u0131 40 faizinin Qiyas kimi olduqlar\u0131na \u015f\u00fcbh\u0259n olmas\u0131n. V\u0259ziyy\u0259t bir q\u0259d\u0259r \u00e7alxalananda yerd\u0259 qalan 60 faiz d\u0259 Qiyas kimil\u0259r t\u0259r\u0259fin\u0259 ke\u00e7\u0259c\u0259k.\n<\/p>\n<p>\n  Xalq\u0131n g\u00fcn\u00fc g\u00fcnd\u0259n a\u011f\u0131rla\u015fan v\u0259ziyy\u0259tini g\u00f6rm\u00fcrs\u0259n. S\u0259n v\u0259t\u0259nda\u015flar\u0131 ac olanda \u00f6z bo\u011faz\u0131ndan \u00e7\u00f6r\u0259k ke\u00e7m\u0259y\u0259n liderl\u0259rd\u0259n deyils\u0259n v\u0259 he\u00e7 o bar\u0259d\u0259 d\u00fc\u015f\u00fcn\u0259 bilmirs\u0259n. \u00d6mr\u00fc boyu normal t\u0259hsil almayan, \u00f6z \u0259m\u0259yi il\u0259 bir tik\u0259 \u00e7\u00f6r\u0259k qazanmayan, ba\u015fqalar\u0131n\u0131n nec\u0259 ya\u015famas\u0131ndan x\u0259b\u0259ri olmayan bir insan\u0131n b\u00fct\u00f6v bir xalq\u0131n d\u0259rdini \u00e7\u0259k\u0259c\u0259yin\u0259 inananlar\u0131 ancaq \u0259bl\u0259h adland\u0131rmaq olar.\n<\/p>\n<p>\n  Bir daha papa\u011f\u0131n\u0131 qar\u015f\u0131na qoyub fikirl\u0259\u015f. Bu g\u00fcnk\u00fc Az\u0259rbaycan\u0131n\n<\/p>\n<p>\n  <i><br \/>\n    a) \u0259razi b\u00fct\u00f6vl\u00fcy\u00fc<br \/>\n  <\/i><br \/>\n  <br \/>\n  <i><br \/>\n    b) iqtisadiyyat v\u0259 maliyy\u0259<br \/>\n  <\/i><br \/>\n  <br \/>\n  <i><br \/>\n    c) t\u0259hsil v\u0259 s\u0259hiyy\u0259<br \/>\n  <\/i><br \/>\n  <br \/>\n  <i><br \/>\n    d)total yoxsullu\u011fun qar\u015f\u0131s\u0131n\u0131 almaq v\u0259 sair probleml\u0259rinin he\u00e7 birini h\u0259ll etm\u0259k qabiliyy\u0259tin\u0259 malik deyils\u0259n.<br \/>\n  <\/i>\n<\/p>\n<p>\n  <i><br \/>\n    \u00c7\u00fcnki o probleml\u0259rd\u0259n x\u0259b\u0259rin yoxdur. \u00d6z\u00fcn fikirl\u0259\u015f\u0259 bilmirs\u0259n, he\u00e7 olmasa \u0259traf\u0131ndak\u0131 azdan-\u00e7oxdan a\u011f\u0131l sahibl\u0259rini topla , onlar\u0131 qorxutma, m\u0259sl\u0259h\u0259tl\u0259rin\u0259 qulaq as v\u0259 diktatorluqdan \u0259l \u00e7\u0259k. D\u00fcnyada yegan\u0259 bir \u00f6lk\u0259 \u015eimal\u0131 Koreya t\u0259cr\u00fcb\u0259sini q\u0259bul etm\u0259, az\u0259rbaycanl\u0131lar koreyal\u0131lar deyildir. \u015eimal\u0131 Koreyada dinastiya hakimiyy\u0259ti 1950-ci ild\u0259n \u0259l\u0259 ke\u00e7irib v\u0259 art\u0131q 66 ildir xalq\u0131n\u0131n ba\u015f\u0131na oyun a\u00e7\u0131r. Siz d\u0259 hakimiyy\u0259ti 1970-d\u0259n \u0259l\u0259 ke\u00e7irmisiniz. Art\u0131q 46 ildir bu mill\u0259ti a\u011flar v\u0259ziyy\u0259t\u0259 g\u0259tirib \u00e7\u0131xarm\u0131s\u0131n\u0131z.<br \/>\n  <\/i>\n<\/p>\n<p>\n  &#8220;B\u0259sdir!&#8221; dem\u0259yin vaxt\u0131 \u00e7at\u0131b. \u018fks halda astanada dayanan xalq naraz\u0131l\u0131\u011f\u0131 evin i\u00e7\u0259risin\u0259 gir\u0259c\u0259k.<\/p>\n","protected":false},"excerpt":{"rendered":"<p>K\u0259nd t\u0259s\u0259rr\u00fcfat\u0131ndan ba\u015f\u0131n \u00e7\u0131xmaya bil\u0259r, m\u00fch\u0259ndislik m\u0259ntiqin d\u0259 yoxdur, iqtisadiyyat v\u0259 maliyy\u0259y\u0259 g\u0259l\u0259nd\u0259 he\u00e7 \u00f6z\u00fcn\u00fcn korrupsiya v\u0259 r\u00fc\u015fv\u0259tl\u0259 y\u0131\u011fd\u0131\u011f\u0131n pulun hesab\u0131n\u0131 bilmirs\u0259n<\/p>\n","protected":false},"author":11,"featured_media":71788,"comment_status":"closed","ping_status":"open","sticky":false,"template":"","format":"standard","meta":{"_acf_changed":false,"_sitemap_exclude":false,"_sitemap_priority":"","_sitemap_frequency":"","footnotes":""},"categories":[51],"tags":[],"class_list":["post-180013","post","type-post","status-publish","format-standard","has-post-thumbnail","hentry","category-analitika","infinite-scroll-item","generate-columns","tablet-grid-50","mobile-grid-100","grid-parent","grid-33","no-featured-image-padding"],"acf":[],"yoast_head":"<!-- This site is optimized with the Yoast SEO plugin v27.5 - https:\/\/yoast.com\/product\/yoast-seo-wordpress\/ -->\n<title>\u018fdal\u0259tsizlik fenomeni - MEYDAN.TV<\/title>\n<meta name=\"robots\" content=\"index, follow, max-snippet:-1, max-image-preview:large, max-video-preview:-1\" \/>\n<link rel=\"canonical\" href=\"https:\/\/www.meydan.tv\/az\/article\/edaletsizlik-fenomeni\/\" \/>\n<meta property=\"og:locale\" content=\"az_AZ\" \/>\n<meta property=\"og:type\" content=\"article\" \/>\n<meta property=\"og:title\" content=\"\u018fdal\u0259tsizlik fenomeni - MEYDAN.TV\" \/>\n<meta property=\"og:description\" content=\"K\u0259nd t\u0259s\u0259rr\u00fcfat\u0131ndan ba\u015f\u0131n \u00e7\u0131xmaya bil\u0259r, m\u00fch\u0259ndislik m\u0259ntiqin d\u0259 yoxdur, iqtisadiyyat v\u0259 maliyy\u0259y\u0259 g\u0259l\u0259nd\u0259 he\u00e7 \u00f6z\u00fcn\u00fcn korrupsiya v\u0259 r\u00fc\u015fv\u0259tl\u0259 y\u0131\u011fd\u0131\u011f\u0131n pulun hesab\u0131n\u0131 bilmirs\u0259n\" \/>\n<meta property=\"og:url\" content=\"https:\/\/www.meydan.tv\/az\/article\/edaletsizlik-fenomeni\/\" \/>\n<meta property=\"og:site_name\" content=\"MEYDAN.TV\" \/>\n<meta property=\"article:published_time\" content=\"2016-10-29T12:53:46+00:00\" \/>\n<meta property=\"og:image\" content=\"https:\/\/www.meydan.tv\/wp-content\/uploads\/27534.jpg\" \/>\n\t<meta property=\"og:image:width\" content=\"768\" \/>\n\t<meta property=\"og:image:height\" content=\"432\" \/>\n\t<meta property=\"og:image:type\" content=\"image\/jpeg\" \/>\n<meta name=\"author\" content=\"user-manager\" \/>\n<meta name=\"twitter:card\" content=\"summary_large_image\" \/>\n<script type=\"application\/ld+json\" class=\"yoast-schema-graph\">{\"@context\":\"https:\\\/\\\/schema.org\",\"@graph\":[{\"@type\":\"Article\",\"@id\":\"https:\\\/\\\/www.meydan.tv\\\/az\\\/article\\\/edaletsizlik-fenomeni\\\/#article\",\"isPartOf\":{\"@id\":\"https:\\\/\\\/www.meydan.tv\\\/az\\\/article\\\/edaletsizlik-fenomeni\\\/\"},\"author\":{\"name\":\"user-manager\",\"@id\":\"https:\\\/\\\/www.meydan.tv\\\/az\\\/#\\\/schema\\\/person\\\/10d11eccf6da3662cf5fdab9806ea91a\"},\"headline\":\"\u018fdal\u0259tsizlik fenomeni\",\"datePublished\":\"2016-10-29T12:53:46+00:00\",\"mainEntityOfPage\":{\"@id\":\"https:\\\/\\\/www.meydan.tv\\\/az\\\/article\\\/edaletsizlik-fenomeni\\\/\"},\"wordCount\":1184,\"publisher\":{\"@id\":\"https:\\\/\\\/www.meydan.tv\\\/az\\\/#organization\"},\"image\":{\"@id\":\"https:\\\/\\\/www.meydan.tv\\\/az\\\/article\\\/edaletsizlik-fenomeni\\\/#primaryimage\"},\"thumbnailUrl\":\"https:\\\/\\\/www.meydan.tv\\\/wp-content\\\/uploads\\\/27534.jpg\",\"articleSection\":[\"Analitika\"],\"inLanguage\":\"az\"},{\"@type\":\"WebPage\",\"@id\":\"https:\\\/\\\/www.meydan.tv\\\/az\\\/article\\\/edaletsizlik-fenomeni\\\/\",\"url\":\"https:\\\/\\\/www.meydan.tv\\\/az\\\/article\\\/edaletsizlik-fenomeni\\\/\",\"name\":\"\u018fdal\u0259tsizlik fenomeni - MEYDAN.TV\",\"isPartOf\":{\"@id\":\"https:\\\/\\\/www.meydan.tv\\\/az\\\/#website\"},\"primaryImageOfPage\":{\"@id\":\"https:\\\/\\\/www.meydan.tv\\\/az\\\/article\\\/edaletsizlik-fenomeni\\\/#primaryimage\"},\"image\":{\"@id\":\"https:\\\/\\\/www.meydan.tv\\\/az\\\/article\\\/edaletsizlik-fenomeni\\\/#primaryimage\"},\"thumbnailUrl\":\"https:\\\/\\\/www.meydan.tv\\\/wp-content\\\/uploads\\\/27534.jpg\",\"datePublished\":\"2016-10-29T12:53:46+00:00\",\"breadcrumb\":{\"@id\":\"https:\\\/\\\/www.meydan.tv\\\/az\\\/article\\\/edaletsizlik-fenomeni\\\/#breadcrumb\"},\"inLanguage\":\"az\",\"potentialAction\":[{\"@type\":\"ReadAction\",\"target\":[\"https:\\\/\\\/www.meydan.tv\\\/az\\\/article\\\/edaletsizlik-fenomeni\\\/\"]}]},{\"@type\":\"ImageObject\",\"inLanguage\":\"az\",\"@id\":\"https:\\\/\\\/www.meydan.tv\\\/az\\\/article\\\/edaletsizlik-fenomeni\\\/#primaryimage\",\"url\":\"https:\\\/\\\/www.meydan.tv\\\/wp-content\\\/uploads\\\/27534.jpg\",\"contentUrl\":\"https:\\\/\\\/www.meydan.tv\\\/wp-content\\\/uploads\\\/27534.jpg\",\"width\":768,\"height\":432,\"caption\":\"Source:\"},{\"@type\":\"BreadcrumbList\",\"@id\":\"https:\\\/\\\/www.meydan.tv\\\/az\\\/article\\\/edaletsizlik-fenomeni\\\/#breadcrumb\",\"itemListElement\":[{\"@type\":\"ListItem\",\"position\":1,\"name\":\"Ana s\u0259hif\u0259\",\"item\":\"https:\\\/\\\/www.meydan.tv\\\/az\\\/\"},{\"@type\":\"ListItem\",\"position\":2,\"name\":\"Analitika\",\"item\":\"https:\\\/\\\/www.meydan.tv\\\/az\\\/section\\\/analitika\\\/\"},{\"@type\":\"ListItem\",\"position\":3,\"name\":\"\u018fdal\u0259tsizlik fenomeni\"}]},{\"@type\":\"WebSite\",\"@id\":\"https:\\\/\\\/www.meydan.tv\\\/az\\\/#website\",\"url\":\"https:\\\/\\\/www.meydan.tv\\\/az\\\/\",\"name\":\"MEYDAN.TV\",\"description\":\"Meydan TV Az\u0259rbaycan\u0131n media m\u0259kan\u0131ndak\u0131 alternativ s\u0259sidir\",\"publisher\":{\"@id\":\"https:\\\/\\\/www.meydan.tv\\\/az\\\/#organization\"},\"potentialAction\":[{\"@type\":\"SearchAction\",\"target\":{\"@type\":\"EntryPoint\",\"urlTemplate\":\"https:\\\/\\\/www.meydan.tv\\\/az\\\/?s={search_term_string}\"},\"query-input\":{\"@type\":\"PropertyValueSpecification\",\"valueRequired\":true,\"valueName\":\"search_term_string\"}}],\"inLanguage\":\"az\"},{\"@type\":\"Organization\",\"@id\":\"https:\\\/\\\/www.meydan.tv\\\/az\\\/#organization\",\"name\":\"Meydan TV\",\"url\":\"https:\\\/\\\/www.meydan.tv\\\/az\\\/\",\"logo\":{\"@type\":\"ImageObject\",\"inLanguage\":\"az\",\"@id\":\"https:\\\/\\\/www.meydan.tv\\\/az\\\/#\\\/schema\\\/logo\\\/image\\\/\",\"url\":\"https:\\\/\\\/www.meydan.tv\\\/wp-content\\\/uploads\\\/2021\\\/07\\\/meydan-logo.svg\",\"contentUrl\":\"https:\\\/\\\/www.meydan.tv\\\/wp-content\\\/uploads\\\/2021\\\/07\\\/meydan-logo.svg\",\"width\":195,\"height\":46,\"caption\":\"Meydan TV\"},\"image\":{\"@id\":\"https:\\\/\\\/www.meydan.tv\\\/az\\\/#\\\/schema\\\/logo\\\/image\\\/\"}},{\"@type\":\"Person\",\"@id\":\"https:\\\/\\\/www.meydan.tv\\\/az\\\/#\\\/schema\\\/person\\\/10d11eccf6da3662cf5fdab9806ea91a\",\"name\":\"user-manager\"}]}<\/script>\n<!-- \/ Yoast SEO plugin. -->","yoast_head_json":{"title":"\u018fdal\u0259tsizlik fenomeni - MEYDAN.TV","robots":{"index":"index","follow":"follow","max-snippet":"max-snippet:-1","max-image-preview":"max-image-preview:large","max-video-preview":"max-video-preview:-1"},"canonical":"https:\/\/www.meydan.tv\/az\/article\/edaletsizlik-fenomeni\/","og_locale":"az_AZ","og_type":"article","og_title":"\u018fdal\u0259tsizlik fenomeni - MEYDAN.TV","og_description":"K\u0259nd t\u0259s\u0259rr\u00fcfat\u0131ndan ba\u015f\u0131n \u00e7\u0131xmaya bil\u0259r, m\u00fch\u0259ndislik m\u0259ntiqin d\u0259 yoxdur, iqtisadiyyat v\u0259 maliyy\u0259y\u0259 g\u0259l\u0259nd\u0259 he\u00e7 \u00f6z\u00fcn\u00fcn korrupsiya v\u0259 r\u00fc\u015fv\u0259tl\u0259 y\u0131\u011fd\u0131\u011f\u0131n pulun hesab\u0131n\u0131 bilmirs\u0259n","og_url":"https:\/\/www.meydan.tv\/az\/article\/edaletsizlik-fenomeni\/","og_site_name":"MEYDAN.TV","article_published_time":"2016-10-29T12:53:46+00:00","og_image":[{"width":768,"height":432,"url":"https:\/\/www.meydan.tv\/wp-content\/uploads\/27534.jpg","type":"image\/jpeg"}],"author":"user-manager","twitter_card":"summary_large_image","schema":{"@context":"https:\/\/schema.org","@graph":[{"@type":"Article","@id":"https:\/\/www.meydan.tv\/az\/article\/edaletsizlik-fenomeni\/#article","isPartOf":{"@id":"https:\/\/www.meydan.tv\/az\/article\/edaletsizlik-fenomeni\/"},"author":{"name":"user-manager","@id":"https:\/\/www.meydan.tv\/az\/#\/schema\/person\/10d11eccf6da3662cf5fdab9806ea91a"},"headline":"\u018fdal\u0259tsizlik fenomeni","datePublished":"2016-10-29T12:53:46+00:00","mainEntityOfPage":{"@id":"https:\/\/www.meydan.tv\/az\/article\/edaletsizlik-fenomeni\/"},"wordCount":1184,"publisher":{"@id":"https:\/\/www.meydan.tv\/az\/#organization"},"image":{"@id":"https:\/\/www.meydan.tv\/az\/article\/edaletsizlik-fenomeni\/#primaryimage"},"thumbnailUrl":"https:\/\/www.meydan.tv\/wp-content\/uploads\/27534.jpg","articleSection":["Analitika"],"inLanguage":"az"},{"@type":"WebPage","@id":"https:\/\/www.meydan.tv\/az\/article\/edaletsizlik-fenomeni\/","url":"https:\/\/www.meydan.tv\/az\/article\/edaletsizlik-fenomeni\/","name":"\u018fdal\u0259tsizlik fenomeni - MEYDAN.TV","isPartOf":{"@id":"https:\/\/www.meydan.tv\/az\/#website"},"primaryImageOfPage":{"@id":"https:\/\/www.meydan.tv\/az\/article\/edaletsizlik-fenomeni\/#primaryimage"},"image":{"@id":"https:\/\/www.meydan.tv\/az\/article\/edaletsizlik-fenomeni\/#primaryimage"},"thumbnailUrl":"https:\/\/www.meydan.tv\/wp-content\/uploads\/27534.jpg","datePublished":"2016-10-29T12:53:46+00:00","breadcrumb":{"@id":"https:\/\/www.meydan.tv\/az\/article\/edaletsizlik-fenomeni\/#breadcrumb"},"inLanguage":"az","potentialAction":[{"@type":"ReadAction","target":["https:\/\/www.meydan.tv\/az\/article\/edaletsizlik-fenomeni\/"]}]},{"@type":"ImageObject","inLanguage":"az","@id":"https:\/\/www.meydan.tv\/az\/article\/edaletsizlik-fenomeni\/#primaryimage","url":"https:\/\/www.meydan.tv\/wp-content\/uploads\/27534.jpg","contentUrl":"https:\/\/www.meydan.tv\/wp-content\/uploads\/27534.jpg","width":768,"height":432,"caption":"Source:"},{"@type":"BreadcrumbList","@id":"https:\/\/www.meydan.tv\/az\/article\/edaletsizlik-fenomeni\/#breadcrumb","itemListElement":[{"@type":"ListItem","position":1,"name":"Ana s\u0259hif\u0259","item":"https:\/\/www.meydan.tv\/az\/"},{"@type":"ListItem","position":2,"name":"Analitika","item":"https:\/\/www.meydan.tv\/az\/section\/analitika\/"},{"@type":"ListItem","position":3,"name":"\u018fdal\u0259tsizlik fenomeni"}]},{"@type":"WebSite","@id":"https:\/\/www.meydan.tv\/az\/#website","url":"https:\/\/www.meydan.tv\/az\/","name":"MEYDAN.TV","description":"Meydan TV Az\u0259rbaycan\u0131n media m\u0259kan\u0131ndak\u0131 alternativ s\u0259sidir","publisher":{"@id":"https:\/\/www.meydan.tv\/az\/#organization"},"potentialAction":[{"@type":"SearchAction","target":{"@type":"EntryPoint","urlTemplate":"https:\/\/www.meydan.tv\/az\/?s={search_term_string}"},"query-input":{"@type":"PropertyValueSpecification","valueRequired":true,"valueName":"search_term_string"}}],"inLanguage":"az"},{"@type":"Organization","@id":"https:\/\/www.meydan.tv\/az\/#organization","name":"Meydan TV","url":"https:\/\/www.meydan.tv\/az\/","logo":{"@type":"ImageObject","inLanguage":"az","@id":"https:\/\/www.meydan.tv\/az\/#\/schema\/logo\/image\/","url":"https:\/\/www.meydan.tv\/wp-content\/uploads\/2021\/07\/meydan-logo.svg","contentUrl":"https:\/\/www.meydan.tv\/wp-content\/uploads\/2021\/07\/meydan-logo.svg","width":195,"height":46,"caption":"Meydan TV"},"image":{"@id":"https:\/\/www.meydan.tv\/az\/#\/schema\/logo\/image\/"}},{"@type":"Person","@id":"https:\/\/www.meydan.tv\/az\/#\/schema\/person\/10d11eccf6da3662cf5fdab9806ea91a","name":"user-manager"}]}},"_links":{"self":[{"href":"https:\/\/www.meydan.tv\/az\/wp-json\/wp\/v2\/posts\/180013","targetHints":{"allow":["GET"]}}],"collection":[{"href":"https:\/\/www.meydan.tv\/az\/wp-json\/wp\/v2\/posts"}],"about":[{"href":"https:\/\/www.meydan.tv\/az\/wp-json\/wp\/v2\/types\/post"}],"author":[{"embeddable":true,"href":"https:\/\/www.meydan.tv\/az\/wp-json\/wp\/v2\/users\/11"}],"replies":[{"embeddable":true,"href":"https:\/\/www.meydan.tv\/az\/wp-json\/wp\/v2\/comments?post=180013"}],"version-history":[{"count":0,"href":"https:\/\/www.meydan.tv\/az\/wp-json\/wp\/v2\/posts\/180013\/revisions"}],"wp:featuredmedia":[{"embeddable":true,"href":"https:\/\/www.meydan.tv\/az\/wp-json\/wp\/v2\/media\/71788"}],"wp:attachment":[{"href":"https:\/\/www.meydan.tv\/az\/wp-json\/wp\/v2\/media?parent=180013"}],"wp:term":[{"taxonomy":"category","embeddable":true,"href":"https:\/\/www.meydan.tv\/az\/wp-json\/wp\/v2\/categories?post=180013"},{"taxonomy":"post_tag","embeddable":true,"href":"https:\/\/www.meydan.tv\/az\/wp-json\/wp\/v2\/tags?post=180013"}],"curies":[{"name":"wp","href":"https:\/\/api.w.org\/{rel}","templated":true}]}}