{"id":179955,"date":"2016-10-27T19:45:44","date_gmt":"2016-10-27T19:45:44","guid":{"rendered":"https:\/\/www.meydan.tv\/article\/samir-eliyev-socar-in-qiymeti-qaldirmaqda-maraqli-oldugu-sezilir\/"},"modified":"2016-10-27T19:45:44","modified_gmt":"2016-10-27T19:45:44","slug":"samir-eliyev-socar-in-qiymeti-qaldirmaqda-maraqli-oldugu-sezilir","status":"publish","type":"post","link":"https:\/\/www.meydan.tv\/az\/article\/samir-eliyev-socar-in-qiymeti-qaldirmaqda-maraqli-oldugu-sezilir\/","title":{"rendered":"Samir \u018fliyev: SOCAR-\u0131n qiym\u0259ti qald\u0131rmaqda maraql\u0131 oldu\u011fu sezilir"},"content":{"rendered":"<figure class=\"wp-block-image size-large\">\n  <img decoding=\"async\" src=\"https:\/\/www.meydan.tv\/az\/foto-google-az-3\/\" alt=\"foto google.az\" class=\"wp-image-71617\"\/><figcaption>\n    foto google.az<br \/>\n  <\/figcaption><\/figure>\n<p>\n  <i><br \/>\n    &#8221;SOCAR-\u0131n h\u0259m qaz istehsal edib, h\u0259m d\u0259 paylamas\u0131 \u015f\u0259ffafl\u0131q bax\u0131m\u0131ndan d\u00fczg\u00fcn deyil&#8221;<br \/>\n  <\/i>\n<\/p>\n<p>\n  Son bir ne\u00e7\u0259 g\u00fcnd\u00fcr sosial \u015f\u0259b\u0259k\u0259l\u0259rd\u0259 v\u0259 mediada h\u00f6kum\u0259tin t\u0259bii qaz\u0131n qiym\u0259tini art\u0131raca\u011f\u0131 haqda informasiyalar yay\u0131l\u0131r. Haz\u0131rda 1 kubmetr qaz\u0131n qiym\u0259ti 10 q\u0259pikdir v\u0259 son 12 ild\u0259 qaz 17 d\u0259f\u0259 bahala\u015f\u0131b, sonuncu d\u0259f\u0259 1 kub metr qaz 0,6 q\u0259pik olub.\n<\/p>\n<p>\n  \u018fhaliy\u0259 sat\u0131lan qaz\u0131n qiym\u0259tinin art\u0131r\u0131lmas\u0131na z\u0259rur\u0259t yaran\u0131bm\u0131? Hans\u0131 s\u0259b\u0259bl\u0259r bu m\u0259s\u0259l\u0259ni g\u00fcnd\u0259m\u0259 g\u0259tirib?\n<\/p>\n<p>\n  Meydan TV-nin suallar\u0131n\u0131 cavabland\u0131ran iqtisad\u00e7\u0131 Samir \u018fliyevin fikrinc\u0259, kommunal xidm\u0259tl\u0259rin qiym\u0259tl\u0259rinin qald\u0131r\u0131lmas\u0131 g\u00f6zl\u0259nil\u0259ndir. O, 2016-c\u0131 ilin b\u00fcdc\u0259 layih\u0259si m\u00fczakir\u0259 olunanda bu ehtimal\u0131 sezdiyini deyir: &#8220;Layih\u0259d\u0259 d\u00f6vl\u0259t qurumlar\u0131na ayr\u0131lan kommunal x\u0259rcl\u0259rin art\u0131m\u0131 bu ehtimal\u0131 g\u00fccl\u0259ndirmi\u015fdi. Suyun v\u0259 i\u015f\u0131\u011f\u0131n qiym\u0259tinin qalxmas\u0131 ehtimal\u0131m\u0131z\u0131 do\u011frultdu. Bel\u0259 olan halda qaz\u0131n qiym\u0259tinin artmas\u0131 g\u00fcnd\u0259m\u0259 g\u0259lir&#8221;.\n<\/p>\n<p>\n  Samir \u018fliyev SOCAR r\u0259hb\u0259rliyinin qaz\u0131n qiym\u0259tinin qon\u015fu \u00f6lk\u0259l\u0259rl\u0259 m\u00fcqayis\u0259d\u0259 ucuzlu\u011fu v\u0259 qiym\u0259tin artmas\u0131na ehtiyac\u0131n olmas\u0131 bar\u0259d\u0259 fikirl\u0259rini b\u00f6l\u00fc\u015fm\u00fcr: &#8220;D\u00fcnya bazar\u0131nda neftin qiym\u0259ti 110-100 dollar olanda Az\u0259rbaycanda yanaca\u011f\u0131n qiym\u0259ti art\u0131r\u0131lm\u0131\u015fd\u0131 v\u0259 h\u00f6kum\u0259t bunu neftin bahala\u015fmas\u0131yla \u0259laq\u0259l\u0259ndirmi\u015fdi. Amma sonradan neft 3 d\u0259f\u0259y\u0259 q\u0259d\u0259r ucuzla\u015fd\u0131, amma yanaca\u011f\u0131n qiym\u0259ti ucuzla\u015fmad\u0131. \u0130ndi qaz m\u0259s\u0259l\u0259si g\u00fcnd\u0259m\u0259 g\u0259lib v\u0259 SOCAR-\u0131n qiym\u0259ti qald\u0131rmaqda maraql\u0131 oldu\u011fu sezilir. Bunun is\u0259 iqtisadi \u0259sas\u0131 yoxdur. \u018fsas kimi manat\u0131n 2 d\u0259f\u0259 devalvasiyaya u\u011frad\u0131\u011f\u0131 bildirilir, ancaq bu fikrin d\u0259 \u0259sas\u0131 yoxdur. \u00c7\u00fcnki qaz idxal olunmur. \u0130dxal olunan mallar bahala\u015fa bil\u0259r v\u0259 bu da onlar\u0131n valyuta il\u0259 al\u0131nmas\u0131yla ba\u011fl\u0131d\u0131r. Manat da xarici valyutaya nisb\u0259td\u0259 d\u0259y\u0259rini itirdiyind\u0259n xaricd\u0259n g\u0259tiril\u0259n mallar\u0131n bahala\u015fmas\u0131 t\u0259biidir. Qaz is\u0259 Az\u0259rbaycan\u0131n daxili istehsal\u0131d\u0131r v\u0259 bunu istehsal etm\u0259k \u00fc\u00e7\u00fcn h\u0259r g\u00fcn avadanl\u0131q d\u0259yi\u015filmir. H\u0259min avadanl\u0131qlar da devalvasiyadan \u0259vv\u0259l al\u0131n\u0131b. Ona g\u00f6r\u0259 d\u0259 manat\u0131n devalvasiyas\u0131n\u0131n qaz\u0131n qiym\u0259tin\u0259 t\u0259sirini dem\u0259k d\u00fczg\u00fcn deyil&#8221;.\n<\/p>\n<figure class=\"wp-block-image size-large\">\n  <img decoding=\"async\" src=\"https:\/\/www.meydan.tv\/az\/71614\/\" alt=\"\" class=\"wp-image-71614\"\/><figcaption>\n    Samir \u018fliyev foto sosial \u015f\u0259b\u0259k\u0259<br \/>\n  <\/figcaption><\/figure>\n<p>\n  \u0130qtisad\u00e7\u0131 xarici \u00f6lk\u0259l\u0259rd\u0259 qaz\u0131n qiym\u0259tinin baha, Az\u0259rbaycanda is\u0259 ucuz olmas\u0131 bar\u0259d\u0259 fikirl\u0259rin d\u0259 d\u00fczg\u00fcn olmad\u0131\u011f\u0131n\u0131 bildirib: &#8220;\u00c7\u00fcnki idxal ed\u0259n \u00f6lk\u0259l\u0259rd\u0259 qaz\u0131n qiym\u0259ti bahad\u0131r. Son vaxtlar neftin qiym\u0259tinin uzucla\u015fmas\u0131 qaz\u0131n da qiym\u0259tin\u0259 t\u0259sirsiz \u00f6t\u00fc\u015fm\u0259yib. Neft-qaz idxal ed\u0259n \u00f6lk\u0259l\u0259rd\u0259 t\u0259bii qaz\u0131n sat\u0131\u015f qiym\u0259tind\u0259 m\u00fc\u0259yy\u0259n ucuzla\u015fmalar var. D\u00fczd\u00fcr, bizd\u0259n bahad\u0131r, \u00e7\u00fcnki onlar qaz idxal etdiyind\u0259n buna t\u0259bii yana\u015f\u0131lmal\u0131d\u0131r&#8221;.<br \/>\n  <br \/>\n  Samir \u018fliyevin s\u00f6zl\u0259rin\u0259 g\u00f6r\u0259, \u0259g\u0259r qaz\u0131n qiym\u0259ti artsa, dig\u0259r sah\u0259l\u0259rd\u0259 d\u0259 qiym\u0259t art\u0131m\u0131na t\u0259sir ed\u0259c\u0259k: &#8220;\u0130ctimai ia\u015f\u0259d\u0259n ba\u015flam\u0131\u015f \u00e7\u00f6r\u0259yin qiym\u0259tin\u0259 q\u0259d\u0259r bahala\u015fma olacaq&#8221;.\n<\/p>\n<p>\n  O, \u00fcmumiyy\u0259tl\u0259, qaz\u0131n paylama i\u015finin SOCAR t\u0259r\u0259find\u0259n h\u0259yata ke\u00e7irilm\u0259sini d\u00fczg\u00fcn hesab etmir: &#8220;B\u00fct\u00fcn d\u00fcnyada \u015f\u0259ffafl\u0131\u011f\u0131 t\u0259min etm\u0259k \u00fc\u00e7\u00fcn istehsal\u00e7\u0131yla paylay\u0131c\u0131 \u015f\u0259b\u0259k\u0259 ayr\u0131 olur. Ona g\u00f6r\u0259 SOCAR-\u0131n h\u0259m qaz istehsal edib, h\u0259m d\u0259 paylamas\u0131 \u015f\u0259ffafl\u0131q bax\u0131m\u0131ndan d\u00fczg\u00fcn deyil. \u0130\u015f\u0131qla ba\u011fl\u0131 d\u0259yi\u015fiklik oldu, &#8220;Azenerji&#8221; istehsal edir, &#8220;Az\u0259ri\u015f\u0131q&#8221; paylay\u0131r, bu, enerji itkisind\u0259ki m\u00fc\u0259yy\u0259n \u015f\u0259ffafl\u0131\u011fa t\u0259sir edir. Bu bax\u0131mdan paylay\u0131c\u0131 i\u015f SOCAR-dan al\u0131nsa, m\u00fcsb\u0259t olar&#8221;.<\/p>\n","protected":false},"excerpt":{"rendered":"<p>&#8221;SOCAR-\u0131n h\u0259m qaz istehsal edib, h\u0259m d\u0259 paylamas\u0131 \u015f\u0259ffafl\u0131q bax\u0131m\u0131ndan d\u00fczg\u00fcn deyil&#8221;<\/p>\n","protected":false},"author":11,"featured_media":71617,"comment_status":"closed","ping_status":"open","sticky":false,"template":"","format":"standard","meta":{"_acf_changed":false,"_sitemap_exclude":false,"_sitemap_priority":"","_sitemap_frequency":"","footnotes":""},"categories":[51],"tags":[],"class_list":["post-179955","post","type-post","status-publish","format-standard","has-post-thumbnail","hentry","category-analitika","infinite-scroll-item","generate-columns","tablet-grid-50","mobile-grid-100","grid-parent","grid-33","no-featured-image-padding"],"acf":[],"yoast_head":"<!-- This site is optimized with the Yoast SEO plugin v27.5 - https:\/\/yoast.com\/product\/yoast-seo-wordpress\/ -->\n<title>Samir \u018fliyev: SOCAR-\u0131n qiym\u0259ti qald\u0131rmaqda maraql\u0131 oldu\u011fu sezilir - MEYDAN.TV<\/title>\n<meta name=\"robots\" content=\"index, follow, max-snippet:-1, max-image-preview:large, max-video-preview:-1\" \/>\n<link rel=\"canonical\" href=\"https:\/\/www.meydan.tv\/az\/article\/samir-eliyev-socar-in-qiymeti-qaldirmaqda-maraqli-oldugu-sezilir\/\" \/>\n<meta property=\"og:locale\" content=\"az_AZ\" \/>\n<meta property=\"og:type\" content=\"article\" \/>\n<meta property=\"og:title\" content=\"Samir \u018fliyev: SOCAR-\u0131n qiym\u0259ti qald\u0131rmaqda maraql\u0131 oldu\u011fu sezilir - MEYDAN.TV\" \/>\n<meta property=\"og:description\" content=\"&#039;&#039;SOCAR-\u0131n h\u0259m qaz istehsal edib, h\u0259m d\u0259 paylamas\u0131 \u015f\u0259ffafl\u0131q bax\u0131m\u0131ndan d\u00fczg\u00fcn deyil&#039;&#039;\" \/>\n<meta property=\"og:url\" content=\"https:\/\/www.meydan.tv\/az\/article\/samir-eliyev-socar-in-qiymeti-qaldirmaqda-maraqli-oldugu-sezilir\/\" \/>\n<meta property=\"og:site_name\" content=\"MEYDAN.TV\" \/>\n<meta property=\"article:published_time\" content=\"2016-10-27T19:45:44+00:00\" \/>\n<meta property=\"og:image\" content=\"https:\/\/www.meydan.tv\/wp-content\/uploads\/27450.jpg\" \/>\n\t<meta property=\"og:image:width\" content=\"647\" \/>\n\t<meta property=\"og:image:height\" content=\"400\" \/>\n\t<meta property=\"og:image:type\" content=\"image\/jpeg\" \/>\n<meta name=\"author\" content=\"user-manager\" \/>\n<meta name=\"twitter:card\" content=\"summary_large_image\" \/>\n<script type=\"application\/ld+json\" class=\"yoast-schema-graph\">{\"@context\":\"https:\\\/\\\/schema.org\",\"@graph\":[{\"@type\":\"Article\",\"@id\":\"https:\\\/\\\/www.meydan.tv\\\/az\\\/article\\\/samir-eliyev-socar-in-qiymeti-qaldirmaqda-maraqli-oldugu-sezilir\\\/#article\",\"isPartOf\":{\"@id\":\"https:\\\/\\\/www.meydan.tv\\\/az\\\/article\\\/samir-eliyev-socar-in-qiymeti-qaldirmaqda-maraqli-oldugu-sezilir\\\/\"},\"author\":{\"name\":\"user-manager\",\"@id\":\"https:\\\/\\\/www.meydan.tv\\\/az\\\/#\\\/schema\\\/person\\\/10d11eccf6da3662cf5fdab9806ea91a\"},\"headline\":\"Samir \u018fliyev: SOCAR-\u0131n qiym\u0259ti qald\u0131rmaqda maraql\u0131 oldu\u011fu sezilir\",\"datePublished\":\"2016-10-27T19:45:44+00:00\",\"mainEntityOfPage\":{\"@id\":\"https:\\\/\\\/www.meydan.tv\\\/az\\\/article\\\/samir-eliyev-socar-in-qiymeti-qaldirmaqda-maraqli-oldugu-sezilir\\\/\"},\"wordCount\":691,\"publisher\":{\"@id\":\"https:\\\/\\\/www.meydan.tv\\\/az\\\/#organization\"},\"image\":{\"@id\":\"https:\\\/\\\/www.meydan.tv\\\/az\\\/article\\\/samir-eliyev-socar-in-qiymeti-qaldirmaqda-maraqli-oldugu-sezilir\\\/#primaryimage\"},\"thumbnailUrl\":\"https:\\\/\\\/www.meydan.tv\\\/wp-content\\\/uploads\\\/27450.jpg\",\"articleSection\":[\"Analitika\"],\"inLanguage\":\"az\"},{\"@type\":\"WebPage\",\"@id\":\"https:\\\/\\\/www.meydan.tv\\\/az\\\/article\\\/samir-eliyev-socar-in-qiymeti-qaldirmaqda-maraqli-oldugu-sezilir\\\/\",\"url\":\"https:\\\/\\\/www.meydan.tv\\\/az\\\/article\\\/samir-eliyev-socar-in-qiymeti-qaldirmaqda-maraqli-oldugu-sezilir\\\/\",\"name\":\"Samir \u018fliyev: SOCAR-\u0131n qiym\u0259ti qald\u0131rmaqda maraql\u0131 oldu\u011fu sezilir - MEYDAN.TV\",\"isPartOf\":{\"@id\":\"https:\\\/\\\/www.meydan.tv\\\/az\\\/#website\"},\"primaryImageOfPage\":{\"@id\":\"https:\\\/\\\/www.meydan.tv\\\/az\\\/article\\\/samir-eliyev-socar-in-qiymeti-qaldirmaqda-maraqli-oldugu-sezilir\\\/#primaryimage\"},\"image\":{\"@id\":\"https:\\\/\\\/www.meydan.tv\\\/az\\\/article\\\/samir-eliyev-socar-in-qiymeti-qaldirmaqda-maraqli-oldugu-sezilir\\\/#primaryimage\"},\"thumbnailUrl\":\"https:\\\/\\\/www.meydan.tv\\\/wp-content\\\/uploads\\\/27450.jpg\",\"datePublished\":\"2016-10-27T19:45:44+00:00\",\"breadcrumb\":{\"@id\":\"https:\\\/\\\/www.meydan.tv\\\/az\\\/article\\\/samir-eliyev-socar-in-qiymeti-qaldirmaqda-maraqli-oldugu-sezilir\\\/#breadcrumb\"},\"inLanguage\":\"az\",\"potentialAction\":[{\"@type\":\"ReadAction\",\"target\":[\"https:\\\/\\\/www.meydan.tv\\\/az\\\/article\\\/samir-eliyev-socar-in-qiymeti-qaldirmaqda-maraqli-oldugu-sezilir\\\/\"]}]},{\"@type\":\"ImageObject\",\"inLanguage\":\"az\",\"@id\":\"https:\\\/\\\/www.meydan.tv\\\/az\\\/article\\\/samir-eliyev-socar-in-qiymeti-qaldirmaqda-maraqli-oldugu-sezilir\\\/#primaryimage\",\"url\":\"https:\\\/\\\/www.meydan.tv\\\/wp-content\\\/uploads\\\/27450.jpg\",\"contentUrl\":\"https:\\\/\\\/www.meydan.tv\\\/wp-content\\\/uploads\\\/27450.jpg\",\"width\":647,\"height\":400,\"caption\":\"Source:\"},{\"@type\":\"BreadcrumbList\",\"@id\":\"https:\\\/\\\/www.meydan.tv\\\/az\\\/article\\\/samir-eliyev-socar-in-qiymeti-qaldirmaqda-maraqli-oldugu-sezilir\\\/#breadcrumb\",\"itemListElement\":[{\"@type\":\"ListItem\",\"position\":1,\"name\":\"Ana s\u0259hif\u0259\",\"item\":\"https:\\\/\\\/www.meydan.tv\\\/az\\\/\"},{\"@type\":\"ListItem\",\"position\":2,\"name\":\"Analitika\",\"item\":\"https:\\\/\\\/www.meydan.tv\\\/az\\\/section\\\/analitika\\\/\"},{\"@type\":\"ListItem\",\"position\":3,\"name\":\"Samir \u018fliyev: SOCAR-\u0131n qiym\u0259ti qald\u0131rmaqda maraql\u0131 oldu\u011fu sezilir\"}]},{\"@type\":\"WebSite\",\"@id\":\"https:\\\/\\\/www.meydan.tv\\\/az\\\/#website\",\"url\":\"https:\\\/\\\/www.meydan.tv\\\/az\\\/\",\"name\":\"MEYDAN.TV\",\"description\":\"Meydan TV Az\u0259rbaycan\u0131n media m\u0259kan\u0131ndak\u0131 alternativ s\u0259sidir\",\"publisher\":{\"@id\":\"https:\\\/\\\/www.meydan.tv\\\/az\\\/#organization\"},\"potentialAction\":[{\"@type\":\"SearchAction\",\"target\":{\"@type\":\"EntryPoint\",\"urlTemplate\":\"https:\\\/\\\/www.meydan.tv\\\/az\\\/?s={search_term_string}\"},\"query-input\":{\"@type\":\"PropertyValueSpecification\",\"valueRequired\":true,\"valueName\":\"search_term_string\"}}],\"inLanguage\":\"az\"},{\"@type\":\"Organization\",\"@id\":\"https:\\\/\\\/www.meydan.tv\\\/az\\\/#organization\",\"name\":\"Meydan TV\",\"url\":\"https:\\\/\\\/www.meydan.tv\\\/az\\\/\",\"logo\":{\"@type\":\"ImageObject\",\"inLanguage\":\"az\",\"@id\":\"https:\\\/\\\/www.meydan.tv\\\/az\\\/#\\\/schema\\\/logo\\\/image\\\/\",\"url\":\"https:\\\/\\\/www.meydan.tv\\\/wp-content\\\/uploads\\\/2021\\\/07\\\/meydan-logo.svg\",\"contentUrl\":\"https:\\\/\\\/www.meydan.tv\\\/wp-content\\\/uploads\\\/2021\\\/07\\\/meydan-logo.svg\",\"width\":195,\"height\":46,\"caption\":\"Meydan TV\"},\"image\":{\"@id\":\"https:\\\/\\\/www.meydan.tv\\\/az\\\/#\\\/schema\\\/logo\\\/image\\\/\"}},{\"@type\":\"Person\",\"@id\":\"https:\\\/\\\/www.meydan.tv\\\/az\\\/#\\\/schema\\\/person\\\/10d11eccf6da3662cf5fdab9806ea91a\",\"name\":\"user-manager\"}]}<\/script>\n<!-- \/ Yoast SEO plugin. -->","yoast_head_json":{"title":"Samir \u018fliyev: SOCAR-\u0131n qiym\u0259ti qald\u0131rmaqda maraql\u0131 oldu\u011fu sezilir - MEYDAN.TV","robots":{"index":"index","follow":"follow","max-snippet":"max-snippet:-1","max-image-preview":"max-image-preview:large","max-video-preview":"max-video-preview:-1"},"canonical":"https:\/\/www.meydan.tv\/az\/article\/samir-eliyev-socar-in-qiymeti-qaldirmaqda-maraqli-oldugu-sezilir\/","og_locale":"az_AZ","og_type":"article","og_title":"Samir \u018fliyev: SOCAR-\u0131n qiym\u0259ti qald\u0131rmaqda maraql\u0131 oldu\u011fu sezilir - MEYDAN.TV","og_description":"''SOCAR-\u0131n h\u0259m qaz istehsal edib, h\u0259m d\u0259 paylamas\u0131 \u015f\u0259ffafl\u0131q bax\u0131m\u0131ndan d\u00fczg\u00fcn deyil''","og_url":"https:\/\/www.meydan.tv\/az\/article\/samir-eliyev-socar-in-qiymeti-qaldirmaqda-maraqli-oldugu-sezilir\/","og_site_name":"MEYDAN.TV","article_published_time":"2016-10-27T19:45:44+00:00","og_image":[{"width":647,"height":400,"url":"https:\/\/www.meydan.tv\/wp-content\/uploads\/27450.jpg","type":"image\/jpeg"}],"author":"user-manager","twitter_card":"summary_large_image","schema":{"@context":"https:\/\/schema.org","@graph":[{"@type":"Article","@id":"https:\/\/www.meydan.tv\/az\/article\/samir-eliyev-socar-in-qiymeti-qaldirmaqda-maraqli-oldugu-sezilir\/#article","isPartOf":{"@id":"https:\/\/www.meydan.tv\/az\/article\/samir-eliyev-socar-in-qiymeti-qaldirmaqda-maraqli-oldugu-sezilir\/"},"author":{"name":"user-manager","@id":"https:\/\/www.meydan.tv\/az\/#\/schema\/person\/10d11eccf6da3662cf5fdab9806ea91a"},"headline":"Samir \u018fliyev: SOCAR-\u0131n qiym\u0259ti qald\u0131rmaqda maraql\u0131 oldu\u011fu sezilir","datePublished":"2016-10-27T19:45:44+00:00","mainEntityOfPage":{"@id":"https:\/\/www.meydan.tv\/az\/article\/samir-eliyev-socar-in-qiymeti-qaldirmaqda-maraqli-oldugu-sezilir\/"},"wordCount":691,"publisher":{"@id":"https:\/\/www.meydan.tv\/az\/#organization"},"image":{"@id":"https:\/\/www.meydan.tv\/az\/article\/samir-eliyev-socar-in-qiymeti-qaldirmaqda-maraqli-oldugu-sezilir\/#primaryimage"},"thumbnailUrl":"https:\/\/www.meydan.tv\/wp-content\/uploads\/27450.jpg","articleSection":["Analitika"],"inLanguage":"az"},{"@type":"WebPage","@id":"https:\/\/www.meydan.tv\/az\/article\/samir-eliyev-socar-in-qiymeti-qaldirmaqda-maraqli-oldugu-sezilir\/","url":"https:\/\/www.meydan.tv\/az\/article\/samir-eliyev-socar-in-qiymeti-qaldirmaqda-maraqli-oldugu-sezilir\/","name":"Samir \u018fliyev: SOCAR-\u0131n qiym\u0259ti qald\u0131rmaqda maraql\u0131 oldu\u011fu sezilir - MEYDAN.TV","isPartOf":{"@id":"https:\/\/www.meydan.tv\/az\/#website"},"primaryImageOfPage":{"@id":"https:\/\/www.meydan.tv\/az\/article\/samir-eliyev-socar-in-qiymeti-qaldirmaqda-maraqli-oldugu-sezilir\/#primaryimage"},"image":{"@id":"https:\/\/www.meydan.tv\/az\/article\/samir-eliyev-socar-in-qiymeti-qaldirmaqda-maraqli-oldugu-sezilir\/#primaryimage"},"thumbnailUrl":"https:\/\/www.meydan.tv\/wp-content\/uploads\/27450.jpg","datePublished":"2016-10-27T19:45:44+00:00","breadcrumb":{"@id":"https:\/\/www.meydan.tv\/az\/article\/samir-eliyev-socar-in-qiymeti-qaldirmaqda-maraqli-oldugu-sezilir\/#breadcrumb"},"inLanguage":"az","potentialAction":[{"@type":"ReadAction","target":["https:\/\/www.meydan.tv\/az\/article\/samir-eliyev-socar-in-qiymeti-qaldirmaqda-maraqli-oldugu-sezilir\/"]}]},{"@type":"ImageObject","inLanguage":"az","@id":"https:\/\/www.meydan.tv\/az\/article\/samir-eliyev-socar-in-qiymeti-qaldirmaqda-maraqli-oldugu-sezilir\/#primaryimage","url":"https:\/\/www.meydan.tv\/wp-content\/uploads\/27450.jpg","contentUrl":"https:\/\/www.meydan.tv\/wp-content\/uploads\/27450.jpg","width":647,"height":400,"caption":"Source:"},{"@type":"BreadcrumbList","@id":"https:\/\/www.meydan.tv\/az\/article\/samir-eliyev-socar-in-qiymeti-qaldirmaqda-maraqli-oldugu-sezilir\/#breadcrumb","itemListElement":[{"@type":"ListItem","position":1,"name":"Ana s\u0259hif\u0259","item":"https:\/\/www.meydan.tv\/az\/"},{"@type":"ListItem","position":2,"name":"Analitika","item":"https:\/\/www.meydan.tv\/az\/section\/analitika\/"},{"@type":"ListItem","position":3,"name":"Samir \u018fliyev: SOCAR-\u0131n qiym\u0259ti qald\u0131rmaqda maraql\u0131 oldu\u011fu sezilir"}]},{"@type":"WebSite","@id":"https:\/\/www.meydan.tv\/az\/#website","url":"https:\/\/www.meydan.tv\/az\/","name":"MEYDAN.TV","description":"Meydan TV Az\u0259rbaycan\u0131n media m\u0259kan\u0131ndak\u0131 alternativ s\u0259sidir","publisher":{"@id":"https:\/\/www.meydan.tv\/az\/#organization"},"potentialAction":[{"@type":"SearchAction","target":{"@type":"EntryPoint","urlTemplate":"https:\/\/www.meydan.tv\/az\/?s={search_term_string}"},"query-input":{"@type":"PropertyValueSpecification","valueRequired":true,"valueName":"search_term_string"}}],"inLanguage":"az"},{"@type":"Organization","@id":"https:\/\/www.meydan.tv\/az\/#organization","name":"Meydan TV","url":"https:\/\/www.meydan.tv\/az\/","logo":{"@type":"ImageObject","inLanguage":"az","@id":"https:\/\/www.meydan.tv\/az\/#\/schema\/logo\/image\/","url":"https:\/\/www.meydan.tv\/wp-content\/uploads\/2021\/07\/meydan-logo.svg","contentUrl":"https:\/\/www.meydan.tv\/wp-content\/uploads\/2021\/07\/meydan-logo.svg","width":195,"height":46,"caption":"Meydan TV"},"image":{"@id":"https:\/\/www.meydan.tv\/az\/#\/schema\/logo\/image\/"}},{"@type":"Person","@id":"https:\/\/www.meydan.tv\/az\/#\/schema\/person\/10d11eccf6da3662cf5fdab9806ea91a","name":"user-manager"}]}},"_links":{"self":[{"href":"https:\/\/www.meydan.tv\/az\/wp-json\/wp\/v2\/posts\/179955","targetHints":{"allow":["GET"]}}],"collection":[{"href":"https:\/\/www.meydan.tv\/az\/wp-json\/wp\/v2\/posts"}],"about":[{"href":"https:\/\/www.meydan.tv\/az\/wp-json\/wp\/v2\/types\/post"}],"author":[{"embeddable":true,"href":"https:\/\/www.meydan.tv\/az\/wp-json\/wp\/v2\/users\/11"}],"replies":[{"embeddable":true,"href":"https:\/\/www.meydan.tv\/az\/wp-json\/wp\/v2\/comments?post=179955"}],"version-history":[{"count":0,"href":"https:\/\/www.meydan.tv\/az\/wp-json\/wp\/v2\/posts\/179955\/revisions"}],"wp:featuredmedia":[{"embeddable":true,"href":"https:\/\/www.meydan.tv\/az\/wp-json\/wp\/v2\/media\/71617"}],"wp:attachment":[{"href":"https:\/\/www.meydan.tv\/az\/wp-json\/wp\/v2\/media?parent=179955"}],"wp:term":[{"taxonomy":"category","embeddable":true,"href":"https:\/\/www.meydan.tv\/az\/wp-json\/wp\/v2\/categories?post=179955"},{"taxonomy":"post_tag","embeddable":true,"href":"https:\/\/www.meydan.tv\/az\/wp-json\/wp\/v2\/tags?post=179955"}],"curies":[{"name":"wp","href":"https:\/\/api.w.org\/{rel}","templated":true}]}}