{"id":179896,"date":"2016-10-26T02:54:55","date_gmt":"2016-10-26T02:54:55","guid":{"rendered":"https:\/\/www.meydan.tv\/article\/onlar-bizden-corek-isteyir-biz-ise-onlara-piroq-teklif-edirik\/"},"modified":"2016-10-26T02:54:55","modified_gmt":"2016-10-26T02:54:55","slug":"onlar-bizden-corek-isteyir-biz-ise-onlara-piroq-teklif-edirik","status":"publish","type":"post","link":"https:\/\/www.meydan.tv\/az\/article\/onlar-bizden-corek-isteyir-biz-ise-onlara-piroq-teklif-edirik\/","title":{"rendered":"Onlar bizd\u0259n \u00e7\u00f6r\u0259k ist\u0259yir, biz is\u0259 onlara piroq t\u0259klif edirik"},"content":{"rendered":"<figure class=\"wp-block-image size-large\">\n  <img decoding=\"async\" src=\"https:\/\/www.meydan.tv\/az\/emin-aslan\/\" alt=\"Emin Aslan\" class=\"wp-image-71428\"\/><figcaption>\n    Emin Aslan<br \/>\n  <\/figcaption><\/figure>\n<figure class=\"wp-block-image size-large\">\n  <img decoding=\"async\" src=\"https:\/\/www.meydan.tv\/az\/cemiyyet-foto-sosial-sebeke\/\" alt=\"C\u0259miyy\u0259t, foto: sosial \u015f\u0259b\u0259k\u0259\" class=\"wp-image-71431\"\/><figcaption>\n    C\u0259miyy\u0259t, foto: sosial \u015f\u0259b\u0259k\u0259<br \/>\n  <\/figcaption><\/figure>\n<p>\n  Bir c\u0259miyy\u0259tin \u00f6z\u00fcn\u00fcn indisini v\u0259 g\u0259l\u0259c\u0259yini m\u00fc\u0259yy\u0259n etm\u0259si \u00fc\u00e7\u00fcn ya\u015fad\u0131\u011f\u0131 tarixi hadis\u0259l\u0259r\u0259 d\u0259f\u0259l\u0259rl\u0259 d\u00f6n\u00fc\u015f\u00fc, onu \u00e7\u0259k-\u00e7evir etm\u0259si, yenid\u0259n v\u0259 yeni bax\u0131\u015f buca\u011f\u0131ndan d\u0259y\u0259rl\u0259ndirm\u0259si \u00e7ox vacibdir. Bu yaz\u0131n\u0131 da m\u0259hz ke\u00e7mi\u015fd\u0259 ya\u015fad\u0131qlar\u0131m\u0131z, fikirimc\u0259, edil\u0259n s\u0259hvl\u0259r \u00fcz\u0259rind\u0259 qurdum.\n<\/p>\n<p>\n  Xalq\u0131n institutlarla ba\u011fl\u0131 yadda\u015f\u0131n\u0131 he\u00e7\u0259 saymaq, onu g\u00f6rm\u0259zd\u0259n g\u0259lm\u0259k prosesl\u0259ri anlama\u011fa v\u0259 d\u00fczg\u00fcn d\u0259y\u0259rl\u0259ndirm\u0259y\u0259 ciddi \u0259ng\u0259l olur.\n<\/p>\n<p>\n  Uzun ill\u0259rdir ki, m\u0259n, v\u0259t\u0259nda\u015f c\u0259miyy\u0259tind\u0259 insan h\u00fcquqlar\u0131 il\u0259 ba\u011fl\u0131 m\u00fcxt\u0259lif yerli v\u0259 beyn\u0259lxalq t\u0259\u015fkilatlarda i\u015fl\u0259mi\u015f\u0259m. \u0130\u015fl\u0259diyim b\u00fct\u00fcn t\u0259\u015fkilatlarda insan h\u00fcquqlar\u0131 dedikd\u0259, a\u011fla ilk g\u0259l\u0259n siyasi h\u00fcquqlar olub.\n<\/p>\n<p>\n  Terminoloji anla\u015f\u0131lmazl\u0131q ya\u015famamaq \u00fc\u00e7\u00fcn yaz\u0131n\u0131n davam\u0131nda yaln\u0131z &#8220;birinci n\u0259sil&#8221; (siyasi) v\u0259 &#8220;ikinci n\u0259sil&#8221; (sosial-iqtisadi v\u0259 \u0259m\u0259k) h\u00fcquqlar terminind\u0259n istifad\u0259 ed\u0259c\u0259m. Siyasi h\u00fcquqlar dedikd\u0259, s\u0259s verm\u0259k h\u00fcququ, s\u00f6z v\u0259 ifad\u0259 azadl\u0131\u011f\u0131, topla\u015fmaq v\u0259 birl\u0259\u015fm\u0259k h\u00fcququ, \u0259dal\u0259t m\u0259hk\u0259m\u0259sin\u0259 \u00e7at\u0131ml\u0131l\u0131q h\u00fcququ, \u00f6z\u00fcn\u00fcm\u00fcdafi\u0259 h\u00fcququ daxil edilir. H\u00fcquq \u0259d\u0259biyyatlar\u0131nda bu h\u00fcquqlar\u0131 \u015f\u0259rti olaraq &#8220;birinci n\u0259sl\u0259&#8221; aid edirl\u0259r v\u0259 onu daha \u00e7ox d\u00f6vl\u0259tin neqativ \u00f6hd\u0259\u00e7iliyin\u0259 daxil olan h\u00fcquqlara aid edirl\u0259r. Neqativ \u00f6hd\u0259\u00e7ilik dedikd\u0259, d\u00f6vl\u0259tin m\u00fcdaxil\u0259 etm\u0259m\u0259li h\u00fcquqlar olaraq ba\u015fa d\u00fc\u015f\u00fcl\u00fcr. &#8220;\u0130kinci n\u0259sil&#8221; h\u00fcquqlar is\u0259 sosial-iqtisadi v\u0259 \u0259m\u0259k h\u00fcquqlar\u0131 say\u0131l\u0131r ki, bura t\u0259hsil h\u00fcququ, ya\u015fay\u0131\u015f yeri (ev) olmas\u0131 h\u00fcququ, insan\u0131n normal ya\u015famas\u0131 \u00fc\u00e7\u00fcn laz\u0131m olan \u015f\u0259rtl\u0259rin t\u0259min olunmas\u0131 h\u00fcququ, sa\u011flaml\u0131q h\u00fcququ daxil edilir. Bu h\u00fcquqlar\u0131n t\u0259min olunmas\u0131 \u00fc\u00e7\u00fcn d\u00f6vl\u0259tin birba\u015fa i\u015ftirak\u00e7\u0131l\u0131\u011f\u0131 vacib oldu\u011fundan d\u00f6l\u0259tin pozitiv \u00f6hd\u0259\u00e7iliyi i\u015f\u0259 d\u00fc\u015f\u00fcr. B\u0259z\u0259n bu h\u00fcquqlara h\u0259m d\u0259 insan\u0131n m\u0259d\u0259niyy\u0259t h\u00fcququnu da daxil edirl\u0259r.\n<\/p>\n<p>\n  Son onillikl\u0259rd\u0259 &#8220;\u00fc\u00e7\u00fcnc\u00fc n\u0259sil&#8221; h\u00fcquqlar\u0131 kimi \u0259traf m\u00fchit h\u00fcquqlar\u0131 vur\u011fulan\u0131r. Bu s\u0131ralamada &#8220;birinci n\u0259sil&#8221; h\u00fcquqlar\u0131 il\u0259 &#8220;ikinci n\u0259sil&#8221; h\u00fcquqlar\u0131 aras\u0131nda tarixi davalar gedib. Sovet c\u0259miyy\u0259ti qurulanda \u0259sas diqq\u0259t insanlar\u0131n &#8220;ikinci n\u0259sil&#8221; h\u00fcquqlar\u0131na verildi. Sovet c\u0259miyy\u0259tind\u0259 siyasi h\u00fcquqlar ikinci d\u0259r\u0259c\u0259li h\u00fcquqlar kimi arxa plana at\u0131ld\u0131. T\u0259sad\u00fcfi deyil ki, Sovet c\u0259miyy\u0259tini m\u0259hz bu h\u00fcquqlar\u0131n olmamas\u0131 il\u0259 ba\u011fl\u0131 daima t\u0259nqid edirdil\u0259r v\u0259 edirl\u0259r. Az\u0259rbaycan xalq\u0131 da, Sovetl\u0259rin t\u0259rkibind\u0259 m\u0259hz sosial-iqtisadi v\u0259 \u0259m\u0259k h\u00fcquqlar\u0131ndan faydalan\u0131rd\u0131. \u0130ndiki Az\u0259rbaycan insan\u0131 \u00fc\u00e7\u00fcn siyasi h\u00fcquqlar, iki illik Cumhuriyy\u0259t d\u00f6vr\u00fcn\u00fc \u00e7\u0131xsaq, yeni fenomen idi. Cumhuriyy\u0259t irsi n\u0259 q\u0259d\u0259r vacib v\u0259 \u00f6n\u0259mli olsa da, az\u0259rbaycanl\u0131n\u0131n yadda\u015f\u0131nda daha \u00e7ox mifl\u0259\u015fmi\u015f \u015f\u0259kild\u0259 qal\u0131b.\n<\/p>\n<p>\n  \u0130nsanlar\u0131m\u0131z\u0131n bu h\u00fcquqlar\u0131 t\u0259min ed\u0259n institutlar bar\u0259d\u0259 tarixi yadda\u015f\u0131 \u00e7ox z\u0259ifdir.\n<\/p>\n<p>\n  Az\u0259rbaycan\u0131n m\u00fcst\u0259qilliyinin hans\u0131 d\u00f6vr\u0259 t\u0259sad\u00fcf etdiyini ara\u015fd\u0131randa m\u0259lum olur ki, h\u0259min d\u00f6vr, y\u0259ni, 80-l\u0259rin sonu v\u0259 90-lar\u0131n \u0259vv\u0259lind\u0259, d\u00fcnyada Amerikan\u0131n prezidenti Ronald Reyqan\u0131n ba\u015flatd\u0131\u011f\u0131 &#8220;Reqanomika&#8221; (&#8220;Reaganomics&#8221;) v\u0259 Margaret Tet\u00e7erin iqtisadi siyas\u0259ti il\u0259 neoliberalizm yenid\u0259n tu\u011fyan etm\u0259y\u0259 ba\u015flay\u0131r. Bu iqtisadi-siyasi islahatlar\u0131 tarixd\u0259 &#8220;Va\u015finqton Konsensusu&#8221; adland\u0131r\u0131rlar. Va\u015finqton Konsensusunun q\u0131saca f\u0259ls\u0259f\u0259si &#8220;ciddi \u015f\u0259kild\u0259 bazar iqtisadiyyat\u0131na \u0259saslanan&#8221; iqtisadi liberalla\u015fman\u0131 n\u0259z\u0259rd\u0259 tuturdu. Bu siyasi-iqtisadi konsensusun insan h\u00fcquqlar\u0131 bax\u0131\u015f\u0131nda, d\u00f6vl\u0259tin t\u0259min v\u0259 n\u0259zar\u0259t etdiyi \u0259m\u0259k v\u0259 sosial-iqtisadi h\u00fcquqlar iqtisadi inki\u015fafa ciddi \u0259ng\u0259l olan fenomenl\u0259r kimi q\u0259bul edilir. Ba\u015fqa s\u00f6zl\u0259, \u0259m\u0259k h\u00fcquqlar\u0131, g\u0259lirl\u0259rin b\u0259rab\u0259r b\u00f6lg\u00fcs\u00fc, insanlar\u0131n sosial (pensiya), tibbi, t\u0259hsil t\u0259minat\u0131 bazar prinsipl\u0259rin\u0259 ziddi oldu\u011fundan kapitalist idar\u0259\u00e7ilik sistemind\u0259n &#8220;\u00e7\u0131xda\u015f&#8221; edilir. Q\u0131sa izah ets\u0259k, minimal d\u00f6vl\u0259t v\u0259 maksimal &#8220;\u00f6z\u00fc-\u00f6z\u00fcn\u00fc t\u0259nziml\u0259y\u0259n&#8221; bazar iqtisadiyyat\u0131na giri\u015f edilir.\n<\/p>\n<p>\n  T\u0259sadufi deyil ki, h\u0259min d\u00f6vr Az\u0259rbaycanda olan b\u00fct\u00fcn siyasi birlikl\u0259r, partiyalar, h\u0259r\u0259katlar, v\u0259t\u0259nda\u015f c\u0259miyy\u0259ti m\u0259hz bu f\u0259ls\u0259f\u0259ni \u0259xz edir v\u0259 onun ax\u0131n\u0131na d\u00fc\u015f\u00fcr. 90-c\u0131 ill\u0259rd\u0259n \u0259limizd\u0259 qalan faktlara baxd\u0131qda, \u0259sas diqq\u0259tin, insanlara se\u00e7ki h\u00fcquqlar\u0131 \u0259sas\u0131nda formala\u015fm\u0131\u015f demokratik idar\u0259\u00e7ilik anlay\u0131\u015f\u0131n\u0131n a\u015f\u0131lanma\u011fa \u00e7al\u0131\u015f\u0131ld\u0131\u011f\u0131n\u0131 g\u00f6r\u0259rik.\n<\/p>\n<p>\n  \u0130nsanlar\u0131n i\u015fsizlik, \u0259m\u0259k h\u00fcquqlar\u0131, sosial t\u0259minat\u0131, pulsuz tibbi v\u0259 t\u0259hsil h\u00fcquqlar\u0131 ikinci d\u0259r\u0259c\u0259li fenomenl\u0259r kimi k\u0259nara at\u0131l\u0131r. T\u0259bii ki, kiml\u0259rins\u0259 bu h\u00fcquq v\u0259 haqlar bar\u0259d\u0259 dan\u0131\u015fmas\u0131n\u0131, m\u00fcbariz\u0259 aparmas\u0131n\u0131 istisna etmir\u0259m, amma bu adamlar\u0131n s\u0259sl\u0259ri h\u0259min b\u00f6y\u00fck ax\u0131n\u0131n i\u00e7\u0259risind\u0259 o q\u0259d\u0259r z\u0259if g\u0259lir ki, onlar\u0131 he\u00e7 kim e\u015fitmir. Azadl\u0131\u011f\u0131n eyforiyas\u0131, neftl\u0259 ba\u011fl\u0131 b\u00f6y\u00fck \u00fcmidl\u0259r (&#8220;neftd\u0259n g\u0259lir \u0259ld\u0259 etdikd\u0259, sosial-iqtisadi h\u00fcquqlara qay\u0131dar\u0131q&#8221; yana\u015fmas\u0131), Sovetin repressiv ma\u015f\u0131n\u0131 il\u0259 ba\u011fl\u0131 xalq\u0131n yadda\u015f\u0131nda qalan m\u0259nfi xatir\u0259l\u0259r, \u00fcmumi kursun d\u00fczg\u00fcn m\u00fc\u0259yy\u0259n edilm\u0259sin\u0259, \u0259hat\u0259li, g\u0259lirl\u0259rin \u0259dal\u0259tli b\u00f6l\u00fcnd\u00fcy\u00fc iqtisadi siyas\u0259t\u0259 diqq\u0259t edilm\u0259m\u0259sin\u0259 g\u0259tirib \u00e7\u0131xard\u0131.\n<\/p>\n<p>\n  Siyasi partiya v\u0259 h\u0259r\u0259katlar xalq\u0131n m\u0259nfi v\u0259 m\u00fcsb\u0259t Sovet yadda\u015f\u0131n\u0131 d\u00fczg\u00fcn d\u0259y\u0259rl\u0259ndir\u0259 bilm\u0259di. Sovetin repressiv siyas\u0259ti xalq\u0131n yadda\u015f\u0131nda n\u0259 q\u0259d\u0259r m\u0259nfi bir tarixi hadis\u0259 kimi qalsa da, onun eyni d\u0259r\u0259c\u0259d\u0259 m\u0259\u015f\u011fullu\u011fa, \u0259m\u0259k h\u00fcquqlar\u0131na, sosial t\u0259minata diqq\u0259ti, pulsuz tibbi v\u0259 t\u0259hsil il\u0259 ba\u011fl\u0131 g\u00f6rd\u00fcy\u00fc i\u015fl\u0259r bir o q\u0259d\u0259r m\u00fcsb\u0259t m\u0259nada qalm\u0131\u015fd\u0131. Az\u0259rbaycan insan\u0131n siyasi h\u00fcquqlar v\u0259 azadl\u0131qlar ist\u0259m\u0259si onun eyni anda iqtisadi-sosial v\u0259 \u0259m\u0259k h\u00fcquqlardan imtina etm\u0259si anlam\u0131na g\u0259lmirdi. Bu iki h\u00fcququn t\u0259m\u0259ld\u0259 bir-birin\u0259 zidd olmas\u0131 il\u0259 ba\u011fl\u0131 neoliberal yana\u015fma, d\u00f6vr\u00fcn b\u00fct\u00fcn siyasi ax\u0131nlar\u0131na pis m\u0259nada bula\u015fm\u0131\u015fd\u0131. Ham\u0131 t\u0259l\u0259y\u0259 d\u00fc\u015fd\u00fc.\n<\/p>\n<p>\n  Bu yaz\u0131n\u0131 ona g\u00f6r\u0259 yaz\u0131ram ki, biz, yaln\u0131z 90-larda deyil, indinin \u00f6z\u00fcnd\u0259 d\u0259 eyni yanl\u0131\u015f d\u0259y\u0259rl\u0259ndirm\u0259ni inadkarcas\u0131na davam etdiririk. V\u0259t\u0259nda\u015f c\u0259miyy\u0259tinin, siyasi partiya v\u0259 h\u0259r\u0259katlar\u0131n geni\u015f \u0259hali k\u00fctl\u0259sin\u0259 \u00e7\u0131xa bilm\u0259m\u0259sini yaln\u0131z repressiv siyasi hakimiyy\u0259tin \u0259ng\u0259ll\u0259ri il\u0259 ba\u011flamaq yanl\u0131\u015fd\u0131r. H\u0259r se\u00e7kid\u0259n sonra b\u00fct\u00fcn aktiv k\u0259simin insanlar\u0131n savads\u0131zl\u0131\u011f\u0131, siyasi t\u0259f\u0259kk\u00fcr\u00fcn\u00fcn olmamas\u0131 il\u0259 ba\u011fl\u0131 a\u015fa\u011f\u0131lay\u0131c\u0131 triadalar\u0131n\u0131 oxuyur v\u0259 e\u015fidirik. Se\u00e7ki saxtakarl\u0131\u011f\u0131nda i\u015ftirak ed\u0259n m\u0259lliml\u0259r bu a\u015fa\u011f\u0131laman\u0131n ilk qurbanlar\u0131d\u0131r. Biz, \u00e7\u0259kici dayanmadan \u0259yri m\u0131xa vurmaqda davam edirik. \u0130nsanlar\u0131n t\u0259m\u0259l biloji ehtiyaclar\u0131n\u0131 \u00f6d\u0259y\u0259n \u0259m\u0259k, sosial- iqtisadi h\u00fcquqlar\u0131n\u0131 bir k\u0259nara at\u0131r, siyasi h\u00fcquqlar kimi az\u0259rbaycanl\u0131 \u00fc\u00e7\u00fcn he\u00e7 bir maddi m\u0259na ifad\u0259 etm\u0259y\u0259n, i\u00e7i bo\u015f anlay\u0131\u015f\u0131 (az\u0259rbaycanl\u0131 \u00fc\u00e7\u00fcn) dayanmadan onun ba\u015f\u0131na d\u00fcrt\u00fcr\u00fck. M\u0259s\u0259l\u0259n, se\u00e7kiy\u0259 m\u00fcnasib\u0259td\u0259 az\u0259rbaycanl\u0131n\u0131n bu q\u0259d\u0259r laqeyd olmas\u0131n\u0131 yaln\u0131z v\u0259 yaln\u0131z siyasi hakimiyy\u0259tin \u00fcz\u0259rin\u0259 y\u0131x\u0131r\u0131q. Biz q\u0259bul etm\u0259liyik ki, se\u00e7ki az\u0259rbaycanl\u0131 \u00fc\u00e7\u00fcn onu rifah hal\u0131na aparan yol kimi q\u0259bul edilmir v\u0259 ya daha yum\u015faq ifad\u0259 ets\u0259k, se\u00e7ki az\u0259rbaycanl\u0131 \u00fc\u00e7\u00fcn sosial t\u0259minat, maddi rifah, m\u0259\u015f\u011fulluq il\u0259 \u0259laq\u0259si olmayan bir anlay\u0131\u015fd\u0131r. Az\u0259rbaycan insan\u0131n &#8220;filank\u0259s se\u00e7ils\u0259, n\u0259 d\u0259yi\u015f\u0259c\u0259k ki?!&#8221; kimi c\u00fcml\u0259sini dayanmadan davam etdirm\u0259sini h\u0259l\u0259 d\u0259 anlam\u0131r\u0131q.\n<\/p>\n<p>\n  Xalq haql\u0131d\u0131r, onun dayanmadan siyasi partiyalar, h\u0259r\u0259katlar, v\u0259t\u0259nda\u015f c\u0259miyy\u0259tind\u0259n t\u0259l\u0259b etdikl\u0259ri m\u0259hz onun bioloji ehtiyaclar\u0131n\u0131 qar\u015f\u0131yala bil\u0259c\u0259k iqtisadi t\u0259minat siyas\u0259ti olub. \u0130ndiy\u0259 kimi he\u00e7 bir siyasi partiya v\u0259 h\u0259r\u0259kat Az\u0259rbaycanda maddi s\u0259rv\u0259tl\u0259rin maksimum b\u0259rab\u0259r b\u00f6l\u00fcn\u0259c\u0259yi, varl\u0131 v\u0259 kas\u0131b insanlar aras\u0131nda u\u00e7urumun aradan qald\u0131r\u0131lmas\u0131 \u00fc\u00e7\u00fcn proqramlar\u0131n q\u0259bul edil\u0259c\u0259yi, s\u0259rt vergi (varl\u0131lardan daha \u00e7ox, kas\u0131blardan daha az al\u0131naca\u011f\u0131) siyas\u0259ti apar\u0131laca\u011f\u0131, insanlar\u0131n \u0259m\u0259k h\u00fcquqlar\u0131n\u0131n qorunaca\u011f\u0131 v\u0259 daha da geni\u015fl\u0259ndiril\u0259c\u0259yi il\u0259 ba\u011fl\u0131 sistemli yana\u015fma ortaya qoymay\u0131b. Bu yana\u015fma olmad\u0131\u011f\u0131 \u00fc\u00e7\u00fcn d\u0259, sosial bazadan m\u0259hrum olan siyasi partiylar b\u00fct\u00fcn g\u00fcnah\u0131 xalq\u0131n &#8220;siyasi savads\u0131zl\u0131\u011f\u0131na&#8221;, xarici qlobal g\u00fcc m\u0259rk\u0259zl\u0259rin\u0259, siyasi hakimiyy\u0259tin repressiyas\u0131na (\u0259lb\u0259tt\u0259 ki, onlar\u0131n rolu b\u00f6y\u00fckd\u00fcr, amma &#8220;h\u0259r \u015feyi m\u00fc\u0259yy\u0259n ed\u0259n&#8221; deyil) ba\u011flay\u0131r v\u0259 \u00f6z\u00fcn\u00fc marjinalla\u015fd\u0131r\u0131r. \u018fg\u0259r diqq\u0259tl\u0259 n\u0259z\u0259rd\u0259n ke\u00e7irs\u0259k, g\u00f6r\u0259rik ki, eyni problem b\u00fct\u00fcn post-sovet \u00f6lk\u0259l\u0259rind\u0259 ya\u015fan\u0131r. Oralarda da insanlar se\u00e7kinin &#8220;n\u0259yis\u0259&#8221; (bu dediyim &#8220;n\u0259yi&#8221; insanlar\u0131n t\u0259m\u0259l ehtiyaclar\u0131na aid edir\u0259m) d\u0259yi\u015f\u0259c\u0259yin\u0259 inanmad\u0131\u011f\u0131 \u00fc\u00e7\u00fcn onda passiv i\u015ftirak edir, s\u0259sl\u0259rinin arxas\u0131nca d\u00fc\u015fm\u00fcr, onu qorumur, onu m\u0259cburi prosedur kimi q\u0259bul edir.<br \/>\n  <br \/>\n  Az\u0259rbaycanl\u0131 \u00fc\u00e7\u00fcn siyasi h\u00fcquqlar bir l\u00fcksd\u00fcr.\n<\/p>\n<p>\n  Bir k\u0259r\u0259sind\u0259, Az\u0259rbaycanda s\u0259firlikl\u0259rin birin\u0259 d\u0259v\u0259t edilmi\u015fdim. R\u0259hb\u0259r \u015f\u0259xs olmad\u0131\u011f\u0131 \u00fc\u00e7\u00fcn t\u0259\u015fkilat\u0131n ad\u0131ndan m\u0259n getdim. G\u0259l\u0259n adamlar, m\u0259n\u0259 deyil\u0259nl\u0259r\u0259 baxarsaq, ciddi adamlar idi. Getdik, oturduq, ham\u0131 &#8220;birinci n\u0259sil&#8221; insan h\u00fcquq v\u0259 azadl\u0131qlar\u0131n\u0131n pozulmas\u0131nda, siyasi t\u0259zyiq v\u0259 repressiyalardan dan\u0131\u015fd\u0131. S\u00f6z m\u0259n\u0259 \u00e7atanda \u0259sas problemi yuxar\u0131da yazd\u0131qlar\u0131ma \u00e7\u0259kdim v\u0259 beyn\u0259lxaq institutlardan tutmu\u015f, yerli siyasi partiya v\u0259 v\u0259t\u0259nda\u015f c\u0259miyy\u0259tinin yanl\u0131\u015f d\u0259y\u0259rl\u0259ndirm\u0259sin\u0259 g\u0259tirib \u00e7\u0131xard\u0131m. Hiss el\u0259dim ki, orda oturan he\u00e7 kim m\u0259ni anlamad\u0131.\n<\/p>\n<p>\n  Bel\u0259c\u0259 t\u0259kl\u0259ndim, \u00f6z\u00fcm\u00fc son d\u0259r\u0259c\u0259 aciz, savads\u0131z, k\u0259ma\u011f\u0131l hiss el\u0259dim. Ordak\u0131lar &#8220;bunu kim bura \u00e7a\u011f\u0131r\u0131b&#8221; kimi sualla m\u0259n\u0259 bax\u0131rd\u0131. \u0130nsanlar\u0131n t\u0259m\u0259l bioloji ehtiyaclar\u0131na apellyasiya etm\u0259d\u0259n se\u00e7ki h\u00fcquqlar\u0131ndan, azad topla\u015fmaq, s\u00f6z v\u0259 ifad\u0259 azadl\u0131\u011f\u0131ndan dan\u0131\u015fma\u011f\u0131n bir &#8220;l\u00fcks&#8221; oldu\u011funu orda olan he\u00e7 kim q\u0259bul ed\u0259 bilmirdi. Ola bilsin, o insanlar\u0131n maddi t\u0259minat\u0131 normal oldu\u011fundan, siyasi h\u00fcquqlara daha \u00e7ox meyl edirdi, el\u0259 ona g\u00f6r\u0259 d\u0259 adi insanlar\u0131n ehtiyaclar\u0131 unudulurdu.\n<\/p>\n<p>\n  Daha bir misal verim. \u0130\u015fl\u0259diyim t\u0259\u015fkilatlar\u0131n birind\u0259 Az\u0259rbacan\u0131n rayonlar\u0131n\u0131 gedib h\u00fcquqi yard\u0131mlar edirdik. O yard\u0131mlara g\u0259l\u0259n insanlar\u0131n 98%-n\u0259 el\u0259 g\u0259lirdi ki, biz onlara maddi yard\u0131m el\u0259m\u0259k \u00fc\u00e7\u00fcn g\u0259lmi\u015fik. G\u0259lirdil\u0259r, \u00fczl\u0259rind\u0259 yar\u0131ironik, yar\u0131yaz\u0131q ifad\u0259 il\u0259 (onlar\u0131n biz\u0259 yaz\u0131\u011f\u0131 g\u0259lirdi, bizim onlara yox!) d\u0259rdini dan\u0131\u015f\u0131b gedirdil\u0259r. Biz d\u0259 \u00f6z\u00fcm\u00fcz\u00fc b\u00f6y\u00fck bir i\u015f g\u00f6r\u00fcrm\u00fc\u015f kimi dart\u0131b isti ofisl\u0259rimiz\u0259 qay\u0131d\u0131r, q\u0259hv\u0259d\u0259n s\u00fcz\u00fcr, insanlar\u0131n d\u0259rd-s\u0259rl\u0259rinin a\u011f\u0131rl\u0131\u011f\u0131ndan dan\u0131\u015f\u0131r, hesabat yaz\u0131r, r\u0259q\u0259ml\u0259ri d\u00fcz\u00fcr, bir-iki u\u011fur hekay\u0259si qurub-qo\u015fub, maa\u015f\u0131m\u0131z\u0131 al\u0131b \u015fell\u0259nirdik.\n<\/p>\n<p>\n  \u0130ndi bunlara g\u00f6r\u0259 \u015f\u0259xs\u0259n \u00e7ox utan\u0131ram. Onlar bizd\u0259n \u00e7\u00f6r\u0259k ist\u0259yirdi, biz is\u0259 onlara piroq t\u0259klif edirdik.\n<\/p>\n<p>\n  Az\u0259rbaycanda indi ham\u0131 ya dini inqilabdan, ya da sosial partlay\u0131\u015fdan dan\u0131\u015f\u0131r. N\u0259 beyn\u0259lxaq institutlar, n\u0259 q\u0259rb d\u00f6vl\u0259tl\u0259ri, n\u0259 bizim siyasi partiya v\u0259 v\u0259t\u0259nda\u015f c\u0259miyy\u0259ti xalq\u0131n ist\u0259yi il\u0259 hesabla\u015fmaq ist\u0259mir. Az\u0259rbaycanda i\u015fl\u0259y\u0259n insanlar\u0131n b\u00f6y\u00fck bir qisminin g\u00fcn \u0259rzind\u0259 12-14 saat i\u015fl\u0259yib evin\u0259 q\u0259pik-quru\u015f aparan insanlar oldu\u011funu sanki g\u00f6rm\u0259zd\u0259n g\u0259lir, bu insanlardan se\u00e7kid\u0259 f\u0259al olma\u011f\u0131 t\u0259l\u0259b edir,onlar\u0131n siyasil\u0259\u015fib repressiv h\u00f6kum\u0259tl\u0259 \u00fczb\u0259\u00fcz qoyma\u011fa s\u0259sl\u0259yir, meydanlara t\u00f6k\u00fclm\u0259sini, dan\u0131\u015fmas\u0131n\u0131 t\u0259l\u0259b edirik. 12-14 saat i\u015fl\u0259y\u0259n bu insanlar\u0131n meydana n\u0259 \u00fc\u00e7\u00fcn topla\u015fmal\u0131 oldu\u011funu he\u00e7 kim sual etmir. Meydana g\u0259l\u0259n insan \u0259g\u0259r o tribunadan 25 ildir e\u015fitdiyi \u015feyl\u0259ri e\u015fid\u0259c\u0259ks\u0259, n\u0259 \u00fc\u00e7\u00fcn ora g\u0259lm\u0259li v\u0259 \u00f6z\u00fcn\u00fc t\u0259hl\u00fck\u0259y\u0259 atmal\u0131d\u0131r? N\u0259z\u0259r\u0259 almaq laz\u0131md\u0131r ki, bu insanlar he\u00e7 bir siyasi partiyan\u0131n v\u0259 ya v\u0259t\u0259nda\u015f c\u0259miyy\u0259tinin t\u0259msil\u00e7il\u0259ri deyil, &#8220;m\u0259\u015fhur&#8221; olmad\u0131qlar\u0131ndan da onlar repressiya aparat\u0131 qar\u015f\u0131s\u0131nda daha acizdil\u0259r, onlar\u0131n t\u0259minat\u0131 v\u0259 qorumas\u0131 yoxdur. Ads\u0131zd\u0131lar.\n<\/p>\n<p>\n  Siyasi partiya v\u0259 v\u0259t\u0259nda\u015f c\u0259miyy\u0259tinin h\u0259bs edilmi\u015f n\u00fcmay\u0259ndl\u0259rin\u0259 xalq\u0131n laqeyd olmas\u0131n\u0131n t\u0259m\u0259lind\u0259 h\u0259m d\u0259 bu durur. Biz onlara n\u0259 t\u0259klif etdik ki, bizi d\u0259 qorumas\u0131n\u0131 t\u0259l\u0259b ed\u0259k?\n<\/p>\n<p>\n  \u018fm\u0259k h\u00fcquqlar\u0131 il\u0259 ba\u011fl\u0131 durum is\u0259 o q\u0259d\u0259r b\u0259rbadd\u0131r ki, yazma\u011fa utan\u0131r adam. \u0130\u015f\u00e7inin t\u0259hl\u00fck\u0259siz \u0259m\u0259k \u015f\u0259raitind\u0259 i\u015fl\u0259m\u0259k h\u00fcququ, g\u00fcnd\u0259lik s\u0259kkiz saat i\u015fl\u0259m\u0259si, istirah\u0259t h\u00fcququ, tibbi si\u011forta h\u00fcququ pozulur. \u0130\u015f yerl\u0259rind\u0259 m\u0259cburi \u0259m\u0259k, u\u015faq \u0259m\u0259yinin istismar\u0131, cinsi ayr\u0131-se\u00e7kilikd\u0259n tutmu\u015f, milli ayr\u0131se\u00e7kiliy\u0259 q\u0259d\u0259r onlarla faktlar qeyd\u0259 al\u0131n\u0131r. Bu pozuntular yaln\u0131z az \u0259m\u0259khaqq\u0131 olan i\u015fl\u0259rd\u0259 deyil, el\u0259c\u0259 d\u0259, xarici \u015firk\u0259tl\u0259rl\u0259rd\u0259 \u00e7al\u0131\u015fan az\u0259rbaycanl\u0131 i\u015f\u00e7il\u0259r d\u0259 milli-irqi ayr\u0131se\u00e7kilik z\u0259minind\u0259 bu pozuntular\u0131n qurban\u0131 olur. Eyni v\u0259zif\u0259y\u0259 g\u00f6r\u0259 xarici v\u0259t\u0259nda\u015fa Az\u0259rbaycan v\u0259t\u0259nda\u015f\u0131ndan d\u0259f\u0259l\u0259rl\u0259rl\u0259 daha \u00e7ox maa\u015f verilir, istirah\u0259t v\u0259 tibii si\u011fortas\u0131 daha yax\u015f\u0131 t\u0259min olunur. Siyasi partiya axtar\u0131ram ki, \u00f6z proqram\u0131nda bu ayr\u0131-se\u00e7kiliyin aradan qald\u0131r\u0131laca\u011f\u0131n\u0131 v\u0259d etmi\u015f olsun.\n<\/p>\n<p>\n  \u00dcmumil\u0259\u015fdir\u0259r\u0259k, yekunla\u015fd\u0131r\u0131m. Siyasi h\u00fcquqlarla paralel sosial- iqtisadi v\u0259 \u0259m\u0259k h\u00fcquq v\u0259 t\u0259minatlar\u0131 \u00f6n plana \u00e7\u0259km\u0259y\u0259n, onu siyasi-iqtisadi islahatlar\u0131n\u0131n m\u0259rk\u0259zin\u0259 yerl\u0259\u015fdirm\u0259y\u0259n ist\u0259nil\u0259n siyasi partiya v\u0259 h\u0259r\u0259katlar\u0131n asanl\u0131qla m\u0259hv edil\u0259c\u0259yini q\u0259bul etm\u0259li, onun bu c\u0259miyy\u0259td\u0259 he\u00e7 bir xalq d\u0259st\u0259yi g\u00f6rm\u0259y\u0259c\u0259yini q\u0259bul etm\u0259liyik.\n<\/p>\n<p>\n  Yaz\u0131da b\u00fct\u00fcn m\u0259s\u0259l\u0259l\u0259ri n\u0259z\u0259r\u0259 almaq m\u00fcmk\u00fcns\u00fczd\u00fcr. \u00dcmid edir\u0259m ki, bu m\u00f6vzunun davam\u0131 g\u0259l\u0259c\u0259k.\n<\/p>\n<p>\n  P.s Bu yaz\u0131 Facebookda yazd\u0131\u011f\u0131m bir status il\u0259 ortaya \u00e7\u0131xd\u0131. M\u00fcsavat Partiyas\u0131n\u0131n ke\u00e7mi\u015f ba\u015fqan\u0131 \u0130sa Q\u0259mb\u0259r statusa \u015f\u0259rh ver\u0259rk\u0259n, biz g\u0259ncl\u0259ri ke\u00e7mi\u015fd\u0259 g\u00f6r\u00fcl\u0259n i\u015fl\u0259rl\u0259r ba\u011fl\u0131 m\u0259lumats\u0131z olmaqda q\u0131nad\u0131. Haql\u0131 ola bil\u0259r, amma sual yaran\u0131r: Biz niy\u0259 bunlardan x\u0259b\u0259rsizik? Dem\u0259k ki, n\u0259sill\u0259raras\u0131 m\u0259lumatlar\u0131n \u00f6t\u00fcr\u00fclm\u0259sind\u0259 ciddi problem var. Ola bilsin ki, ya\u015fl\u0131 n\u0259sil yorulub v\u0259 yazma\u011fa, xat\u0131rlama\u011fa, ke\u00e7mi\u015fi yada salma\u011fa h\u0259v\u0259sl\u0259ri yoxdur.\n<\/p>\n<p>\n  Onlar \u00f6z h\u0259v\u0259ssizilikl\u0259rini bizim g\u00fcnah\u0131m\u0131z kimi yozmamal\u0131d\u0131rlar. \u018fg\u0259r m\u0259n bu g\u00fcn M.\u018f.R\u0259sulzad\u0259nin be\u015f cildliyini oxuya bilirims\u0259, dem\u0259li, problem 90-lar\u0131n m\u00fcbariz\u0259 aparan, hakimiyy\u0259td\u0259 olan n\u0259slind\u0259dir. Kitablar\u0131 yoxdur, ona g\u00f6r\u0259 d\u0259 m\u00fctl\u0259q q\u0131nan\u0131lmal\u0131d\u0131r. S\u0259hvl\u0259ri v\u0259 d\u00fczl\u0259ri il\u0259 onlar biz\u0259 kitablar\u0131n \u00f6t\u00fcrm\u0259li idil\u0259r. \u0130rad bildiril\u0259 bil\u0259r ki, onlar siyas\u0259t\u00e7idir v\u0259 kitab yazmaq onlar\u0131n \u00f6hd\u0259\u00e7iliyin\u0259 aid deyil. Cavab verim, el\u0259 deyil, \u0259g\u0259r s\u0131f\u0131rdan yeni d\u00f6vl\u0259t qurursansa, \u0259g\u0259r d\u00f6vl\u0259t \u0259n\u0259n\u0259l\u0259rin z\u0259ifdirs\u0259, \u0259g\u0259r yeni xalqsansa, \u0259g\u0259r avtoritarizm ham\u0131m\u0131z\u0131 zibil\u0259 sal\u0131bsa, siyas\u0259t\u00e7i bir m\u0259nada h\u0259m d\u0259 &#8220;ayd\u0131nl\u0131qla&#8221; m\u0259\u015f\u011ful olmal\u0131, m\u0259nfi m\u0259nal\u0131 q\u0259bul edils\u0259 d\u0259, &#8220;h\u0259r\u015fey\u015funas&#8221; olmal\u0131d\u0131r. Siyas\u0259t\u00e7inin yaln\u0131z siyas\u0259tl\u0259, h\u0259kimin yaln\u0131z h\u0259kimlikl\u0259, m\u00fc\u0259llimin yaln\u0131z m\u00fc\u0259llimlikl\u0259 m\u0259\u015f\u011ful olmas\u0131 d\u00f6vl\u0259t institutlar\u0131n\u0131n normal i\u015fl\u0259diyi \u00f6lk\u0259l\u0259rd\u0259 m\u00fcmk\u00fcnd\u00fcr. Bizim bel\u0259 bir \u00fcst\u00fcnl\u00fcy\u00fcm\u00fcz yoxdur v\u0259 v\u0259ziyy\u0259t bu \u015f\u0259kild\u0259 ik\u0259n pe\u015f\u0259 arxas\u0131nda gizl\u0259nm\u0259k kimi haqq\u0131m\u0131z da yoxdur.\n<\/p>\n<\/p>\n<p>\n  <b><br \/>\n    Yaz\u0131 m\u00fc\u0259llifin fikirl\u0259rini \u0259ks etdirir v\u0259 Meydan TV-nin m\u00f6vqeyi il\u0259 \u00fcst-\u00fcst\u0259 d\u00fc\u015fm\u0259y\u0259 bil\u0259r.<br \/>\n  <\/b><\/p>\n","protected":false},"excerpt":{"rendered":"<p>Bir c\u0259miyy\u0259tin \u00f6z\u00fcn\u00fcn indisini v\u0259 g\u0259l\u0259c\u0259yini m\u00fc\u0259yy\u0259n etm\u0259si \u00fc\u00e7\u00fcn ya\u015fad\u0131\u011f\u0131 tarixi hadis\u0259l\u0259r\u0259 d\u0259f\u0259l\u0259rl\u0259 d\u00f6n\u00fc\u015f\u00fc, onu \u00e7\u0259k-\u00e7evir etm\u0259si, yenid\u0259n v\u0259 yeni bax\u0131\u015f buca\u011f\u0131ndan d\u0259y\u0259rl\u0259ndirm\u0259si \u00e7ox vacibdir<\/p>\n","protected":false},"author":11,"featured_media":71428,"comment_status":"closed","ping_status":"open","sticky":false,"template":"","format":"standard","meta":{"_acf_changed":false,"_sitemap_exclude":false,"_sitemap_priority":"","_sitemap_frequency":"","footnotes":""},"categories":[57],"tags":[],"class_list":["post-179896","post","type-post","status-publish","format-standard","has-post-thumbnail","hentry","category-menim-fikrimce","infinite-scroll-item","generate-columns","tablet-grid-50","mobile-grid-100","grid-parent","grid-33","no-featured-image-padding"],"acf":[],"yoast_head":"<!-- This site is optimized with the Yoast SEO plugin v27.5 - https:\/\/yoast.com\/product\/yoast-seo-wordpress\/ -->\n<title>Onlar bizd\u0259n \u00e7\u00f6r\u0259k ist\u0259yir, biz is\u0259 onlara piroq t\u0259klif edirik - MEYDAN.TV<\/title>\n<meta name=\"robots\" content=\"index, follow, max-snippet:-1, max-image-preview:large, max-video-preview:-1\" \/>\n<link rel=\"canonical\" href=\"https:\/\/www.meydan.tv\/az\/article\/onlar-bizden-corek-isteyir-biz-ise-onlara-piroq-teklif-edirik\/\" \/>\n<meta property=\"og:locale\" content=\"az_AZ\" \/>\n<meta property=\"og:type\" content=\"article\" \/>\n<meta property=\"og:title\" content=\"Onlar bizd\u0259n \u00e7\u00f6r\u0259k ist\u0259yir, biz is\u0259 onlara piroq t\u0259klif edirik - MEYDAN.TV\" \/>\n<meta property=\"og:description\" content=\"Bir c\u0259miyy\u0259tin \u00f6z\u00fcn\u00fcn indisini v\u0259 g\u0259l\u0259c\u0259yini m\u00fc\u0259yy\u0259n etm\u0259si \u00fc\u00e7\u00fcn ya\u015fad\u0131\u011f\u0131 tarixi hadis\u0259l\u0259r\u0259 d\u0259f\u0259l\u0259rl\u0259 d\u00f6n\u00fc\u015f\u00fc, onu \u00e7\u0259k-\u00e7evir etm\u0259si, yenid\u0259n v\u0259 yeni bax\u0131\u015f buca\u011f\u0131ndan d\u0259y\u0259rl\u0259ndirm\u0259si \u00e7ox vacibdir\" \/>\n<meta property=\"og:url\" content=\"https:\/\/www.meydan.tv\/az\/article\/onlar-bizden-corek-isteyir-biz-ise-onlara-piroq-teklif-edirik\/\" \/>\n<meta property=\"og:site_name\" content=\"MEYDAN.TV\" \/>\n<meta property=\"article:published_time\" content=\"2016-10-26T02:54:55+00:00\" \/>\n<meta property=\"og:image\" content=\"https:\/\/www.meydan.tv\/wp-content\/uploads\/27371.jpg\" \/>\n\t<meta property=\"og:image:width\" content=\"500\" \/>\n\t<meta property=\"og:image:height\" content=\"500\" \/>\n\t<meta property=\"og:image:type\" content=\"image\/jpeg\" \/>\n<meta name=\"author\" content=\"user-manager\" \/>\n<meta name=\"twitter:card\" content=\"summary_large_image\" \/>\n<script type=\"application\/ld+json\" class=\"yoast-schema-graph\">{\"@context\":\"https:\\\/\\\/schema.org\",\"@graph\":[{\"@type\":\"Article\",\"@id\":\"https:\\\/\\\/www.meydan.tv\\\/az\\\/article\\\/onlar-bizden-corek-isteyir-biz-ise-onlara-piroq-teklif-edirik\\\/#article\",\"isPartOf\":{\"@id\":\"https:\\\/\\\/www.meydan.tv\\\/az\\\/article\\\/onlar-bizden-corek-isteyir-biz-ise-onlara-piroq-teklif-edirik\\\/\"},\"author\":{\"name\":\"user-manager\",\"@id\":\"https:\\\/\\\/www.meydan.tv\\\/az\\\/#\\\/schema\\\/person\\\/10d11eccf6da3662cf5fdab9806ea91a\"},\"headline\":\"Onlar bizd\u0259n \u00e7\u00f6r\u0259k ist\u0259yir, biz is\u0259 onlara piroq t\u0259klif edirik\",\"datePublished\":\"2016-10-26T02:54:55+00:00\",\"mainEntityOfPage\":{\"@id\":\"https:\\\/\\\/www.meydan.tv\\\/az\\\/article\\\/onlar-bizden-corek-isteyir-biz-ise-onlara-piroq-teklif-edirik\\\/\"},\"wordCount\":3066,\"publisher\":{\"@id\":\"https:\\\/\\\/www.meydan.tv\\\/az\\\/#organization\"},\"image\":{\"@id\":\"https:\\\/\\\/www.meydan.tv\\\/az\\\/article\\\/onlar-bizden-corek-isteyir-biz-ise-onlara-piroq-teklif-edirik\\\/#primaryimage\"},\"thumbnailUrl\":\"https:\\\/\\\/www.meydan.tv\\\/wp-content\\\/uploads\\\/27371.jpg\",\"articleSection\":[\"M\u0259nim Fikrimc\u0259\"],\"inLanguage\":\"az\"},{\"@type\":\"WebPage\",\"@id\":\"https:\\\/\\\/www.meydan.tv\\\/az\\\/article\\\/onlar-bizden-corek-isteyir-biz-ise-onlara-piroq-teklif-edirik\\\/\",\"url\":\"https:\\\/\\\/www.meydan.tv\\\/az\\\/article\\\/onlar-bizden-corek-isteyir-biz-ise-onlara-piroq-teklif-edirik\\\/\",\"name\":\"Onlar bizd\u0259n \u00e7\u00f6r\u0259k ist\u0259yir, biz is\u0259 onlara piroq t\u0259klif edirik - MEYDAN.TV\",\"isPartOf\":{\"@id\":\"https:\\\/\\\/www.meydan.tv\\\/az\\\/#website\"},\"primaryImageOfPage\":{\"@id\":\"https:\\\/\\\/www.meydan.tv\\\/az\\\/article\\\/onlar-bizden-corek-isteyir-biz-ise-onlara-piroq-teklif-edirik\\\/#primaryimage\"},\"image\":{\"@id\":\"https:\\\/\\\/www.meydan.tv\\\/az\\\/article\\\/onlar-bizden-corek-isteyir-biz-ise-onlara-piroq-teklif-edirik\\\/#primaryimage\"},\"thumbnailUrl\":\"https:\\\/\\\/www.meydan.tv\\\/wp-content\\\/uploads\\\/27371.jpg\",\"datePublished\":\"2016-10-26T02:54:55+00:00\",\"breadcrumb\":{\"@id\":\"https:\\\/\\\/www.meydan.tv\\\/az\\\/article\\\/onlar-bizden-corek-isteyir-biz-ise-onlara-piroq-teklif-edirik\\\/#breadcrumb\"},\"inLanguage\":\"az\",\"potentialAction\":[{\"@type\":\"ReadAction\",\"target\":[\"https:\\\/\\\/www.meydan.tv\\\/az\\\/article\\\/onlar-bizden-corek-isteyir-biz-ise-onlara-piroq-teklif-edirik\\\/\"]}]},{\"@type\":\"ImageObject\",\"inLanguage\":\"az\",\"@id\":\"https:\\\/\\\/www.meydan.tv\\\/az\\\/article\\\/onlar-bizden-corek-isteyir-biz-ise-onlara-piroq-teklif-edirik\\\/#primaryimage\",\"url\":\"https:\\\/\\\/www.meydan.tv\\\/wp-content\\\/uploads\\\/27371.jpg\",\"contentUrl\":\"https:\\\/\\\/www.meydan.tv\\\/wp-content\\\/uploads\\\/27371.jpg\",\"width\":500,\"height\":500,\"caption\":\"Source:\"},{\"@type\":\"BreadcrumbList\",\"@id\":\"https:\\\/\\\/www.meydan.tv\\\/az\\\/article\\\/onlar-bizden-corek-isteyir-biz-ise-onlara-piroq-teklif-edirik\\\/#breadcrumb\",\"itemListElement\":[{\"@type\":\"ListItem\",\"position\":1,\"name\":\"Ana s\u0259hif\u0259\",\"item\":\"https:\\\/\\\/www.meydan.tv\\\/az\\\/\"},{\"@type\":\"ListItem\",\"position\":2,\"name\":\"M\u0259nim Fikrimc\u0259\",\"item\":\"https:\\\/\\\/www.meydan.tv\\\/az\\\/section\\\/menim-fikrimce\\\/\"},{\"@type\":\"ListItem\",\"position\":3,\"name\":\"Onlar bizd\u0259n \u00e7\u00f6r\u0259k ist\u0259yir, biz is\u0259 onlara piroq t\u0259klif edirik\"}]},{\"@type\":\"WebSite\",\"@id\":\"https:\\\/\\\/www.meydan.tv\\\/az\\\/#website\",\"url\":\"https:\\\/\\\/www.meydan.tv\\\/az\\\/\",\"name\":\"MEYDAN.TV\",\"description\":\"Meydan TV Az\u0259rbaycan\u0131n media m\u0259kan\u0131ndak\u0131 alternativ s\u0259sidir\",\"publisher\":{\"@id\":\"https:\\\/\\\/www.meydan.tv\\\/az\\\/#organization\"},\"potentialAction\":[{\"@type\":\"SearchAction\",\"target\":{\"@type\":\"EntryPoint\",\"urlTemplate\":\"https:\\\/\\\/www.meydan.tv\\\/az\\\/?s={search_term_string}\"},\"query-input\":{\"@type\":\"PropertyValueSpecification\",\"valueRequired\":true,\"valueName\":\"search_term_string\"}}],\"inLanguage\":\"az\"},{\"@type\":\"Organization\",\"@id\":\"https:\\\/\\\/www.meydan.tv\\\/az\\\/#organization\",\"name\":\"Meydan TV\",\"url\":\"https:\\\/\\\/www.meydan.tv\\\/az\\\/\",\"logo\":{\"@type\":\"ImageObject\",\"inLanguage\":\"az\",\"@id\":\"https:\\\/\\\/www.meydan.tv\\\/az\\\/#\\\/schema\\\/logo\\\/image\\\/\",\"url\":\"https:\\\/\\\/www.meydan.tv\\\/wp-content\\\/uploads\\\/2021\\\/07\\\/meydan-logo.svg\",\"contentUrl\":\"https:\\\/\\\/www.meydan.tv\\\/wp-content\\\/uploads\\\/2021\\\/07\\\/meydan-logo.svg\",\"width\":195,\"height\":46,\"caption\":\"Meydan TV\"},\"image\":{\"@id\":\"https:\\\/\\\/www.meydan.tv\\\/az\\\/#\\\/schema\\\/logo\\\/image\\\/\"}},{\"@type\":\"Person\",\"@id\":\"https:\\\/\\\/www.meydan.tv\\\/az\\\/#\\\/schema\\\/person\\\/10d11eccf6da3662cf5fdab9806ea91a\",\"name\":\"user-manager\"}]}<\/script>\n<!-- \/ Yoast SEO plugin. -->","yoast_head_json":{"title":"Onlar bizd\u0259n \u00e7\u00f6r\u0259k ist\u0259yir, biz is\u0259 onlara piroq t\u0259klif edirik - MEYDAN.TV","robots":{"index":"index","follow":"follow","max-snippet":"max-snippet:-1","max-image-preview":"max-image-preview:large","max-video-preview":"max-video-preview:-1"},"canonical":"https:\/\/www.meydan.tv\/az\/article\/onlar-bizden-corek-isteyir-biz-ise-onlara-piroq-teklif-edirik\/","og_locale":"az_AZ","og_type":"article","og_title":"Onlar bizd\u0259n \u00e7\u00f6r\u0259k ist\u0259yir, biz is\u0259 onlara piroq t\u0259klif edirik - MEYDAN.TV","og_description":"Bir c\u0259miyy\u0259tin \u00f6z\u00fcn\u00fcn indisini v\u0259 g\u0259l\u0259c\u0259yini m\u00fc\u0259yy\u0259n etm\u0259si \u00fc\u00e7\u00fcn ya\u015fad\u0131\u011f\u0131 tarixi hadis\u0259l\u0259r\u0259 d\u0259f\u0259l\u0259rl\u0259 d\u00f6n\u00fc\u015f\u00fc, onu \u00e7\u0259k-\u00e7evir etm\u0259si, yenid\u0259n v\u0259 yeni bax\u0131\u015f buca\u011f\u0131ndan d\u0259y\u0259rl\u0259ndirm\u0259si \u00e7ox vacibdir","og_url":"https:\/\/www.meydan.tv\/az\/article\/onlar-bizden-corek-isteyir-biz-ise-onlara-piroq-teklif-edirik\/","og_site_name":"MEYDAN.TV","article_published_time":"2016-10-26T02:54:55+00:00","og_image":[{"width":500,"height":500,"url":"https:\/\/www.meydan.tv\/wp-content\/uploads\/27371.jpg","type":"image\/jpeg"}],"author":"user-manager","twitter_card":"summary_large_image","schema":{"@context":"https:\/\/schema.org","@graph":[{"@type":"Article","@id":"https:\/\/www.meydan.tv\/az\/article\/onlar-bizden-corek-isteyir-biz-ise-onlara-piroq-teklif-edirik\/#article","isPartOf":{"@id":"https:\/\/www.meydan.tv\/az\/article\/onlar-bizden-corek-isteyir-biz-ise-onlara-piroq-teklif-edirik\/"},"author":{"name":"user-manager","@id":"https:\/\/www.meydan.tv\/az\/#\/schema\/person\/10d11eccf6da3662cf5fdab9806ea91a"},"headline":"Onlar bizd\u0259n \u00e7\u00f6r\u0259k ist\u0259yir, biz is\u0259 onlara piroq t\u0259klif edirik","datePublished":"2016-10-26T02:54:55+00:00","mainEntityOfPage":{"@id":"https:\/\/www.meydan.tv\/az\/article\/onlar-bizden-corek-isteyir-biz-ise-onlara-piroq-teklif-edirik\/"},"wordCount":3066,"publisher":{"@id":"https:\/\/www.meydan.tv\/az\/#organization"},"image":{"@id":"https:\/\/www.meydan.tv\/az\/article\/onlar-bizden-corek-isteyir-biz-ise-onlara-piroq-teklif-edirik\/#primaryimage"},"thumbnailUrl":"https:\/\/www.meydan.tv\/wp-content\/uploads\/27371.jpg","articleSection":["M\u0259nim Fikrimc\u0259"],"inLanguage":"az"},{"@type":"WebPage","@id":"https:\/\/www.meydan.tv\/az\/article\/onlar-bizden-corek-isteyir-biz-ise-onlara-piroq-teklif-edirik\/","url":"https:\/\/www.meydan.tv\/az\/article\/onlar-bizden-corek-isteyir-biz-ise-onlara-piroq-teklif-edirik\/","name":"Onlar bizd\u0259n \u00e7\u00f6r\u0259k ist\u0259yir, biz is\u0259 onlara piroq t\u0259klif edirik - MEYDAN.TV","isPartOf":{"@id":"https:\/\/www.meydan.tv\/az\/#website"},"primaryImageOfPage":{"@id":"https:\/\/www.meydan.tv\/az\/article\/onlar-bizden-corek-isteyir-biz-ise-onlara-piroq-teklif-edirik\/#primaryimage"},"image":{"@id":"https:\/\/www.meydan.tv\/az\/article\/onlar-bizden-corek-isteyir-biz-ise-onlara-piroq-teklif-edirik\/#primaryimage"},"thumbnailUrl":"https:\/\/www.meydan.tv\/wp-content\/uploads\/27371.jpg","datePublished":"2016-10-26T02:54:55+00:00","breadcrumb":{"@id":"https:\/\/www.meydan.tv\/az\/article\/onlar-bizden-corek-isteyir-biz-ise-onlara-piroq-teklif-edirik\/#breadcrumb"},"inLanguage":"az","potentialAction":[{"@type":"ReadAction","target":["https:\/\/www.meydan.tv\/az\/article\/onlar-bizden-corek-isteyir-biz-ise-onlara-piroq-teklif-edirik\/"]}]},{"@type":"ImageObject","inLanguage":"az","@id":"https:\/\/www.meydan.tv\/az\/article\/onlar-bizden-corek-isteyir-biz-ise-onlara-piroq-teklif-edirik\/#primaryimage","url":"https:\/\/www.meydan.tv\/wp-content\/uploads\/27371.jpg","contentUrl":"https:\/\/www.meydan.tv\/wp-content\/uploads\/27371.jpg","width":500,"height":500,"caption":"Source:"},{"@type":"BreadcrumbList","@id":"https:\/\/www.meydan.tv\/az\/article\/onlar-bizden-corek-isteyir-biz-ise-onlara-piroq-teklif-edirik\/#breadcrumb","itemListElement":[{"@type":"ListItem","position":1,"name":"Ana s\u0259hif\u0259","item":"https:\/\/www.meydan.tv\/az\/"},{"@type":"ListItem","position":2,"name":"M\u0259nim Fikrimc\u0259","item":"https:\/\/www.meydan.tv\/az\/section\/menim-fikrimce\/"},{"@type":"ListItem","position":3,"name":"Onlar bizd\u0259n \u00e7\u00f6r\u0259k ist\u0259yir, biz is\u0259 onlara piroq t\u0259klif edirik"}]},{"@type":"WebSite","@id":"https:\/\/www.meydan.tv\/az\/#website","url":"https:\/\/www.meydan.tv\/az\/","name":"MEYDAN.TV","description":"Meydan TV Az\u0259rbaycan\u0131n media m\u0259kan\u0131ndak\u0131 alternativ s\u0259sidir","publisher":{"@id":"https:\/\/www.meydan.tv\/az\/#organization"},"potentialAction":[{"@type":"SearchAction","target":{"@type":"EntryPoint","urlTemplate":"https:\/\/www.meydan.tv\/az\/?s={search_term_string}"},"query-input":{"@type":"PropertyValueSpecification","valueRequired":true,"valueName":"search_term_string"}}],"inLanguage":"az"},{"@type":"Organization","@id":"https:\/\/www.meydan.tv\/az\/#organization","name":"Meydan TV","url":"https:\/\/www.meydan.tv\/az\/","logo":{"@type":"ImageObject","inLanguage":"az","@id":"https:\/\/www.meydan.tv\/az\/#\/schema\/logo\/image\/","url":"https:\/\/www.meydan.tv\/wp-content\/uploads\/2021\/07\/meydan-logo.svg","contentUrl":"https:\/\/www.meydan.tv\/wp-content\/uploads\/2021\/07\/meydan-logo.svg","width":195,"height":46,"caption":"Meydan TV"},"image":{"@id":"https:\/\/www.meydan.tv\/az\/#\/schema\/logo\/image\/"}},{"@type":"Person","@id":"https:\/\/www.meydan.tv\/az\/#\/schema\/person\/10d11eccf6da3662cf5fdab9806ea91a","name":"user-manager"}]}},"_links":{"self":[{"href":"https:\/\/www.meydan.tv\/az\/wp-json\/wp\/v2\/posts\/179896","targetHints":{"allow":["GET"]}}],"collection":[{"href":"https:\/\/www.meydan.tv\/az\/wp-json\/wp\/v2\/posts"}],"about":[{"href":"https:\/\/www.meydan.tv\/az\/wp-json\/wp\/v2\/types\/post"}],"author":[{"embeddable":true,"href":"https:\/\/www.meydan.tv\/az\/wp-json\/wp\/v2\/users\/11"}],"replies":[{"embeddable":true,"href":"https:\/\/www.meydan.tv\/az\/wp-json\/wp\/v2\/comments?post=179896"}],"version-history":[{"count":0,"href":"https:\/\/www.meydan.tv\/az\/wp-json\/wp\/v2\/posts\/179896\/revisions"}],"wp:featuredmedia":[{"embeddable":true,"href":"https:\/\/www.meydan.tv\/az\/wp-json\/wp\/v2\/media\/71428"}],"wp:attachment":[{"href":"https:\/\/www.meydan.tv\/az\/wp-json\/wp\/v2\/media?parent=179896"}],"wp:term":[{"taxonomy":"category","embeddable":true,"href":"https:\/\/www.meydan.tv\/az\/wp-json\/wp\/v2\/categories?post=179896"},{"taxonomy":"post_tag","embeddable":true,"href":"https:\/\/www.meydan.tv\/az\/wp-json\/wp\/v2\/tags?post=179896"}],"curies":[{"name":"wp","href":"https:\/\/api.w.org\/{rel}","templated":true}]}}