{"id":179887,"date":"2016-10-25T19:45:51","date_gmt":"2016-10-25T19:45:51","guid":{"rendered":"https:\/\/www.meydan.tv\/article\/kredit-derdi-ya-sivil-toplum-acilimi\/"},"modified":"2016-10-25T19:45:51","modified_gmt":"2016-10-25T19:45:51","slug":"kredit-derdi-ya-sivil-toplum-acilimi","status":"publish","type":"post","link":"https:\/\/www.meydan.tv\/az\/article\/kredit-derdi-ya-sivil-toplum-acilimi\/","title":{"rendered":"Kredit d\u0259rdi, ya &#8221;sivil toplum&#8221; a\u00e7\u0131l\u0131m\u0131?"},"content":{"rendered":"<p>\n  Get-ged\u0259 pisl\u0259\u015f\u0259n maliyy\u0259 durumuna d\u00fc\u015fm\u00fc\u015f hakimiyy\u0259tin d\u00fcn\u0259n\u0259 q\u0259d\u0259r c\u0259miyy\u0259t\u0259 yad v\u0259 d\u00fc\u015fm\u0259n kimi t\u0259qdim etdiyi Q\u0259rb \u00f6lk\u0259l\u0259rin\u0259 i\u015fi d\u00fc\u015f\u00fcb. B\u00fct\u00fcn avtoritar, s\u0259ri\u015ft\u0259siz v\u0259 \u00f6z\u00fcnd\u0259nraz\u0131 rejiml\u0259rin d\u00fc\u015fd\u00fcy\u00fc bir durum&#8230;\n<\/p>\n<p>\n  H\u00f6kum\u0259tin \u0259linin alt\u0131ndak\u0131 media art\u0131q bir ne\u00e7\u0259 g\u00fcnd\u00fcr ki, QHT-l\u0259rl\u0259, donorlarla v\u0259 qrantlarla ba\u011fl\u0131 s\u0259rt rejimin yum\u015falmas\u0131ndan dan\u0131\u015fma\u011fa ba\u015flay\u0131b. Prezidentin qrantlar\u0131n qeydiyyat\u0131nda &#8220;bir p\u0259nc\u0259r\u0259&#8221;nin t\u0259tbiq edilm\u0259si f\u0259rman\u0131n\u0131 genin\u0259-boluna v\u0259t\u0259nda\u015f c\u0259miyy\u0259tinin h\u0259yat\u0131nda yeni v\u0259 xo\u015fb\u0259xt d\u00f6vr\u00fcn ba\u015flan\u011f\u0131c\u0131 kimi t\u0259qdim edirl\u0259r.\n<\/p>\n<p>\n  D\u00fcn\u0259n h\u00f6kum\u0259tin t\u0259bli\u011fat\u00e7\u0131s\u0131 olan bir media sevincl\u0259 yaz\u0131b ki, b\u0259s guya QHT f\u0259aliyy\u0259tin\u0259 ya\u015f\u0131l i\u015f\u0131q yand\u0131r\u0131blar. B\u00fct\u00fcn m\u0259hdudiyy\u0259tl\u0259r g\u00f6t\u00fcr\u00fcl\u00fcb. H\u00f6kum\u0259tin \u0259lalt\u0131nda olan bir ne\u00e7\u0259 QHT r\u0259hb\u0259ri v\u0259 funksioneri b\u0259yan edib ki, M\u0259d\u0259n S\u0259nayesind\u0259 \u015e\u0259ffafl\u0131q Koalisiyas\u0131 (ingilisc\u0259 abbrevviaturas\u0131 &#8220;E\u0130T\u0130&#8221;) \u00fczvl\u0259ri olan t\u0259\u015fkilatlarla ba\u011fl\u0131 b\u00fct\u00fcn probleml\u0259r aradan qalx\u0131b. Onlar\u0131n r\u0259hb\u0259rl\u0259ri t\u0259qib olunmur, bank hesablar\u0131ndak\u0131 h\u0259bsl\u0259r g\u00f6t\u00fcr\u00fcl\u00fcb, saxta vergi aktlar\u0131 v\u0259 sanksiyalar\u0131, saxta cinay\u0259t i\u015fl\u0259ri g\u00f6t\u00fcr\u00fcl\u00fcb. Qrant m\u00fcqavil\u0259l\u0259rinin qeydiyyat\u0131yla ba\u011fl\u0131 is\u0259 he\u00e7 bir problem qalmay\u0131b.\n<\/p>\n<p>\n  Koalisiya \u00fczv\u00fc olan t\u0259\u015fkilatlardan birinin r\u0259hb\u0259ri Oqtay G\u00fclal\u0131yev bar\u0259sind\u0259 4 il \u0259vv\u0259l ba\u015flanm\u0131\u015f cinay\u0259t i\u015fin\u0259 bel\u0259 xitam verdil\u0259r.\n<\/p>\n<p>\n  H\u0259m d\u0259 he\u00e7 azac\u0131q da olsa \u00e7\u0259kinm\u0259d\u0259n b\u0259yan edirl\u0259r ki, bu &#8220;yax\u015f\u0131l\u0131qlar\u0131&#8221; m\u0259hz E\u0130T\u0130 \u00fczvl\u0259ri \u00fc\u00e7\u00fcn edibl\u0259r. Sanki v\u0259t\u0259nda\u015f c\u0259miyy\u0259ti m\u0259hz el\u0259 bu E\u0130T\u0130 \u00fczvl\u0259ridir, onlardan k\u0259narda h\u0259r hans\u0131 QHT v\u0259 v\u0259t\u0259nda\u015f c\u0259miyy\u0259ti yox imi\u015f. H\u00f6kum\u0259tin \u0259lalt\u0131nda olanlardan ba\u015fqa, t\u0259bii.\n<\/p>\n<p>\n  2013-2014-c\u00fc ill\u0259rd\u0259 hakimiyy\u0259tin QHT-l\u0259r, h\u00fcquq m\u00fcdafi\u0259\u00e7il\u0259ri \u00fcz\u0259rin\u0259 &#8220;xa\u00e7 y\u00fcr\u00fc\u015f\u00fcn\u00fc&#8221;nd\u0259n, Prezident Administrasiyas\u0131ndan g\u0259l\u0259n sifari\u015f \u0259sas\u0131nda qondar\u0131lm\u0131\u015f vergi yoxlama v\u0259 aktlar\u0131ndan, Prokurorlu\u011fun qondarma ittihamlardan v\u0259 sifari\u015fli m\u0259hk\u0259m\u0259 \u015foular\u0131 v\u0259 h\u00f6kml\u0259rind\u0259n pe\u015fman olduqlar\u0131n\u0131, utand\u0131qlar\u0131n\u0131 &#8220;biruz\u0259 verm\u0259d\u0259n&#8221;.\n<\/p>\n<p>\n  R\u0259sul C\u0259f\u0259rovun, \u0130ntiqam \u018fliyevin, \u018fnna\u011f\u0131 Hac\u0131b\u0259ylinin, \u018fsab\u0259li Mustafayevin, Emin H\u00fcseynovun, Leyla \u018fliyevan\u0131n \u015f\u0259xsi hesablar\u0131 h\u0259l\u0259 d\u0259 h\u0259bs alt\u0131nda. M\u0259nim \u015f\u0259xsi hesablar\u0131m da.<br \/>\n  <br \/>\n  H\u00fcquq Maarif\u00e7iliyi C\u0259miyy\u0259tinin, Az\u0259rbaycan H\u00fcquq\u00e7ular Assosiasiyas\u0131n\u0131n, Media H\u00fcququ \u0130nstitutunun, Demokratiya v\u0259 \u0130nsan Haqlar\u0131 Resurs M\u0259rk\u0259zinin b\u00fct\u00fcn bank hesablar\u0131 da. Prokurorlu\u011fun A\u011f\u0131r Cinay\u0259tl\u0259rin \u0130stintaq\u0131n\u0131 aparan \u0130dar\u0259sinin t\u0259qdimat\u0131yla bu qada\u011fan\u0131 S\u0259bail M\u0259hk\u0259m\u0259si qoyub.\n<\/p>\n<p>\n  \u0130ntiqam \u018fliyev saxta ittiham v\u0259 m\u0259hk\u0259m\u0259 q\u0259rarlar\u0131ndan sonra \u00e7\u0259kdiyi qanunsuz c\u0259zaya \u0259lav\u0259 olaraq h\u0259l\u0259 d\u0259 s\u0131naq ad\u0131 alt\u0131nda c\u0259za \u00e7\u0259km\u0259kd\u0259 davam edir.\n<\/p>\n<p>\n  \u018fnna\u011f\u0131 Hac\u0131b\u0259ylinin, \u018fsab\u0259li Mustafayevin \u00f6lk\u0259d\u0259n \u00e7\u0131x\u0131\u015f\u0131na qoyulmu\u015f qada\u011fa davam edir.\n<\/p>\n<p>\n  Bir \u00e7ox QHT-nin bank hesablar\u0131na \u018fdliyy\u0259 Nazirliyinin saxta faktlara \u0259saslanan m\u0259ktubuyla qoyulmu\u015f qada\u011fan h\u0259l\u0259 d\u0259 davam etm\u0259kd\u0259dir. Bu qada\u011fan\u0131 g\u00f6t\u00fcr\u0259 bilm\u0259k \u00fc\u00e7\u00fcn &#8220;r\u0259smi&#8221; olaraq hakimiyy\u0259t\u0259 \u0259lalt\u0131 QHT-l\u0259r s\u0131ras\u0131na dax\u0131l olmaq bar\u0259d\u0259 \u0259riz\u0259 verm\u0259k laz\u0131md\u0131r. Bunsuz n\u0259 qrantlar\u0131 qeyd\u0259 alacalar, n\u0259 d\u0259 hans\u0131sa i\u015f g\u00f6rm\u0259y\u0259 imkan ver\u0259c\u0259kl\u0259r.\n<\/p>\n<p>\n  \u00d6lk\u0259d\u0259n gedib-g\u0259lm\u0259k h\u00fcququna qada\u011fan qoyulmam\u0131\u015f \u015f\u0259xsl\u0259rin s\u0259rh\u0259dd\u0259 al\u00e7ald\u0131c\u0131 &#8220;\u015f\u0259xsi axtar\u0131\u015fa&#8221; m\u0259ruz qoyulmalar\u0131n\u0131 da buraya \u0259lav\u0259 ets\u0259k, m\u0259nz\u0259r\u0259 bir az da ayd\u0131n olar.<br \/>\n  <br \/>\n  \u0130ndi bu q\u0131s\u0131q f\u0259rmandan sonra gen\u0131\u015f &#8220;at\u0259\u015ff\u0259\u015fanl\u0131q&#8221; ed\u0259n mediaya bu tap\u015f\u0131r\u0131\u011f\u0131 ver\u0259nl\u0259rin m\u0259qs\u0259di n\u0259dir?\n<\/p>\n<p>\n  V\u0259t\u0259nda\u015f c\u0259miyy\u0259tind\u0259n qorxan, h\u00fcquq m\u00fcdafi\u0259\u00e7il\u0259rinin \u00f6lk\u0259d\u0259ki insan haqlar\u0131n\u0131n b\u0259rbaddan b\u0259rbad v\u0259ziyy\u0259ti, h\u0259m m\u0259rk\u0259zd\u0259, h\u0259m d\u0259 b\u00f6lg\u0259l\u0259rd\u0259 v\u0259t\u0259nda\u015flar\u0131m\u0131z\u0131n h\u0259r add\u0131mda hakimiyy\u0259tin \u00f6zba\u015f\u0131nal\u0131qlar\u0131, korrupsiya v\u0259 \u0259dal\u0259tsizlikl\u0259ri alt\u0131nda \u0259zilm\u0259sini dil\u0259 g\u0259tirm\u0259sind\u0259n \u0259s\u0259bil\u0259\u015f\u0259n h\u00f6kum\u0259tin ger\u00e7\u0259kd\u0259nmi &#8220;civil toplum&#8221; a\u00e7\u0131l\u0131m\u0131 etm\u0259k &#8220;niyy\u0259tind\u0259 oldu\u011fundan&#8221; sevincl\u0259rini gizl\u0259tm\u0259k ist\u0259mirl\u0259r?\n<\/p>\n<p>\n  Yox, t\u0259bii.\n<\/p>\n<p>\n  2 il bundan \u00f6nc\u0259 neft pullar\u0131ndan m\u0259st olub \u00f6z\u00fcn\u00fc itir\u0259n hakimiyy\u0259t\u0259 indi pul laz\u0131md\u0131. Kredit \u00fc\u00e7\u00fcn yalvaranda onlara deyirl\u0259r: &#8220;Vt\u0259nda\u015f c\u0259miyy\u0259tini bel\u0259 \u0259zdiyin\u0259 g\u00f6r\u0259 kredit reytinqin a\u015fa\u011f\u0131 olacaq&#8221;.\n<\/p>\n<p>\n  H\u00f6kum\u0259t kredit ist\u0259yir.\n<\/p>\n<p>\n  Ona v\u0259t\u0259nda\u015f c\u0259miyy\u0259ti, QHT-filan laz\u0131m deyil.\n<\/p>\n<p>\n  V\u0259t\u0259nda\u015f c\u0259miyy\u0259ti, QHT demokratik rejiml\u0259r \u00fc\u00e7\u00fcn, v\u0259t\u0259nda\u015flar\u0131n\u0131, onlar\u0131n normal ya\u015fay\u0131\u015f\u0131n\u0131, firavanl\u0131\u011f\u0131n\u0131, haqlar\u0131n\u0131 d\u00fc\u015f\u00fcn\u0259nl\u0259r \u00fc\u00e7\u00fcn laz\u0131md\u0131r.\n<\/p>\n<p>\n  P.S. \u00d6t\u0259n ill\u0259rin t\u0259cr\u00fcb\u0259si onu dem\u0259y\u0259 \u0259sas verir ki, E\u0130T\u0130 kimi t\u0259\u015fkilatlar sad\u0259c\u0259 &#8216;&#8221;ab\u0131rl\u0131&#8221; g\u00f6r\u00fcnm\u0259k \u00fc\u00e7\u00fcn h\u00f6kum\u0259t\u0259 \u015f\u0259rtl\u0259r qoyur, b\u0259zi yar\u0131m\u00e7\u0131q add\u0131mlar atma\u011fa m\u0259cbur edir, sonda is\u0259 h\u00f6kum\u0259tl\u0259 dil tap\u0131rlar.<\/p>\n","protected":false},"excerpt":{"rendered":"<p>Get-ged\u0259 pisl\u0259\u015f\u0259n maliyy\u0259 durumuna d\u00fc\u015fm\u00fc\u015f hakimiyy\u0259tin d\u00fcn\u0259n\u0259 q\u0259d\u0259r c\u0259miyy\u0259t\u0259 yad v\u0259 d\u00fc\u015fm\u0259n kimi t\u0259qdim etdiyi Q\u0259rb \u00f6lk\u0259l\u0259rin\u0259 i\u015fi d\u00fc\u015f\u00fcb<\/p>\n","protected":false},"author":11,"featured_media":71441,"comment_status":"closed","ping_status":"open","sticky":false,"template":"","format":"standard","meta":{"_acf_changed":false,"_sitemap_exclude":false,"_sitemap_priority":"","_sitemap_frequency":"","footnotes":""},"categories":[57],"tags":[],"class_list":["post-179887","post","type-post","status-publish","format-standard","has-post-thumbnail","hentry","category-menim-fikrimce","infinite-scroll-item","generate-columns","tablet-grid-50","mobile-grid-100","grid-parent","grid-33","no-featured-image-padding"],"acf":[],"yoast_head":"<!-- This site is optimized with the Yoast SEO plugin v27.5 - https:\/\/yoast.com\/product\/yoast-seo-wordpress\/ -->\n<title>Kredit d\u0259rdi, ya &#039;&#039;sivil toplum&#039;&#039; a\u00e7\u0131l\u0131m\u0131? - MEYDAN.TV<\/title>\n<meta name=\"robots\" content=\"index, follow, max-snippet:-1, max-image-preview:large, max-video-preview:-1\" \/>\n<link rel=\"canonical\" href=\"https:\/\/www.meydan.tv\/az\/article\/kredit-derdi-ya-sivil-toplum-acilimi\/\" \/>\n<meta property=\"og:locale\" content=\"az_AZ\" \/>\n<meta property=\"og:type\" content=\"article\" \/>\n<meta property=\"og:title\" content=\"Kredit d\u0259rdi, ya &#039;&#039;sivil toplum&#039;&#039; a\u00e7\u0131l\u0131m\u0131? - MEYDAN.TV\" \/>\n<meta property=\"og:description\" content=\"Get-ged\u0259 pisl\u0259\u015f\u0259n maliyy\u0259 durumuna d\u00fc\u015fm\u00fc\u015f hakimiyy\u0259tin d\u00fcn\u0259n\u0259 q\u0259d\u0259r c\u0259miyy\u0259t\u0259 yad v\u0259 d\u00fc\u015fm\u0259n kimi t\u0259qdim etdiyi Q\u0259rb \u00f6lk\u0259l\u0259rin\u0259 i\u015fi d\u00fc\u015f\u00fcb\" \/>\n<meta property=\"og:url\" content=\"https:\/\/www.meydan.tv\/az\/article\/kredit-derdi-ya-sivil-toplum-acilimi\/\" \/>\n<meta property=\"og:site_name\" content=\"MEYDAN.TV\" \/>\n<meta property=\"article:published_time\" content=\"2016-10-25T19:45:51+00:00\" \/>\n<meta property=\"og:image\" content=\"https:\/\/www.meydan.tv\/wp-content\/uploads\/27365-scaled.jpg\" \/>\n\t<meta property=\"og:image:width\" content=\"2560\" \/>\n\t<meta property=\"og:image:height\" content=\"1704\" \/>\n\t<meta property=\"og:image:type\" content=\"image\/jpeg\" \/>\n<meta name=\"author\" content=\"user-manager\" \/>\n<meta name=\"twitter:card\" content=\"summary_large_image\" \/>\n<script type=\"application\/ld+json\" class=\"yoast-schema-graph\">{\"@context\":\"https:\\\/\\\/schema.org\",\"@graph\":[{\"@type\":\"Article\",\"@id\":\"https:\\\/\\\/www.meydan.tv\\\/az\\\/article\\\/kredit-derdi-ya-sivil-toplum-acilimi\\\/#article\",\"isPartOf\":{\"@id\":\"https:\\\/\\\/www.meydan.tv\\\/az\\\/article\\\/kredit-derdi-ya-sivil-toplum-acilimi\\\/\"},\"author\":{\"name\":\"user-manager\",\"@id\":\"https:\\\/\\\/www.meydan.tv\\\/az\\\/#\\\/schema\\\/person\\\/10d11eccf6da3662cf5fdab9806ea91a\"},\"headline\":\"Kredit d\u0259rdi, ya &#8221;sivil toplum&#8221; a\u00e7\u0131l\u0131m\u0131?\",\"datePublished\":\"2016-10-25T19:45:51+00:00\",\"mainEntityOfPage\":{\"@id\":\"https:\\\/\\\/www.meydan.tv\\\/az\\\/article\\\/kredit-derdi-ya-sivil-toplum-acilimi\\\/\"},\"wordCount\":972,\"publisher\":{\"@id\":\"https:\\\/\\\/www.meydan.tv\\\/az\\\/#organization\"},\"image\":{\"@id\":\"https:\\\/\\\/www.meydan.tv\\\/az\\\/article\\\/kredit-derdi-ya-sivil-toplum-acilimi\\\/#primaryimage\"},\"thumbnailUrl\":\"https:\\\/\\\/www.meydan.tv\\\/wp-content\\\/uploads\\\/27365-scaled.jpg\",\"articleSection\":[\"M\u0259nim Fikrimc\u0259\"],\"inLanguage\":\"az\"},{\"@type\":\"WebPage\",\"@id\":\"https:\\\/\\\/www.meydan.tv\\\/az\\\/article\\\/kredit-derdi-ya-sivil-toplum-acilimi\\\/\",\"url\":\"https:\\\/\\\/www.meydan.tv\\\/az\\\/article\\\/kredit-derdi-ya-sivil-toplum-acilimi\\\/\",\"name\":\"Kredit d\u0259rdi, ya ''sivil toplum'' a\u00e7\u0131l\u0131m\u0131? - MEYDAN.TV\",\"isPartOf\":{\"@id\":\"https:\\\/\\\/www.meydan.tv\\\/az\\\/#website\"},\"primaryImageOfPage\":{\"@id\":\"https:\\\/\\\/www.meydan.tv\\\/az\\\/article\\\/kredit-derdi-ya-sivil-toplum-acilimi\\\/#primaryimage\"},\"image\":{\"@id\":\"https:\\\/\\\/www.meydan.tv\\\/az\\\/article\\\/kredit-derdi-ya-sivil-toplum-acilimi\\\/#primaryimage\"},\"thumbnailUrl\":\"https:\\\/\\\/www.meydan.tv\\\/wp-content\\\/uploads\\\/27365-scaled.jpg\",\"datePublished\":\"2016-10-25T19:45:51+00:00\",\"breadcrumb\":{\"@id\":\"https:\\\/\\\/www.meydan.tv\\\/az\\\/article\\\/kredit-derdi-ya-sivil-toplum-acilimi\\\/#breadcrumb\"},\"inLanguage\":\"az\",\"potentialAction\":[{\"@type\":\"ReadAction\",\"target\":[\"https:\\\/\\\/www.meydan.tv\\\/az\\\/article\\\/kredit-derdi-ya-sivil-toplum-acilimi\\\/\"]}]},{\"@type\":\"ImageObject\",\"inLanguage\":\"az\",\"@id\":\"https:\\\/\\\/www.meydan.tv\\\/az\\\/article\\\/kredit-derdi-ya-sivil-toplum-acilimi\\\/#primaryimage\",\"url\":\"https:\\\/\\\/www.meydan.tv\\\/wp-content\\\/uploads\\\/27365-scaled.jpg\",\"contentUrl\":\"https:\\\/\\\/www.meydan.tv\\\/wp-content\\\/uploads\\\/27365-scaled.jpg\",\"width\":2560,\"height\":1704,\"caption\":\"Source:\"},{\"@type\":\"BreadcrumbList\",\"@id\":\"https:\\\/\\\/www.meydan.tv\\\/az\\\/article\\\/kredit-derdi-ya-sivil-toplum-acilimi\\\/#breadcrumb\",\"itemListElement\":[{\"@type\":\"ListItem\",\"position\":1,\"name\":\"Ana s\u0259hif\u0259\",\"item\":\"https:\\\/\\\/www.meydan.tv\\\/az\\\/\"},{\"@type\":\"ListItem\",\"position\":2,\"name\":\"M\u0259nim Fikrimc\u0259\",\"item\":\"https:\\\/\\\/www.meydan.tv\\\/az\\\/section\\\/menim-fikrimce\\\/\"},{\"@type\":\"ListItem\",\"position\":3,\"name\":\"Kredit d\u0259rdi, ya &#8221;sivil toplum&#8221; a\u00e7\u0131l\u0131m\u0131?\"}]},{\"@type\":\"WebSite\",\"@id\":\"https:\\\/\\\/www.meydan.tv\\\/az\\\/#website\",\"url\":\"https:\\\/\\\/www.meydan.tv\\\/az\\\/\",\"name\":\"MEYDAN.TV\",\"description\":\"Meydan TV Az\u0259rbaycan\u0131n media m\u0259kan\u0131ndak\u0131 alternativ s\u0259sidir\",\"publisher\":{\"@id\":\"https:\\\/\\\/www.meydan.tv\\\/az\\\/#organization\"},\"potentialAction\":[{\"@type\":\"SearchAction\",\"target\":{\"@type\":\"EntryPoint\",\"urlTemplate\":\"https:\\\/\\\/www.meydan.tv\\\/az\\\/?s={search_term_string}\"},\"query-input\":{\"@type\":\"PropertyValueSpecification\",\"valueRequired\":true,\"valueName\":\"search_term_string\"}}],\"inLanguage\":\"az\"},{\"@type\":\"Organization\",\"@id\":\"https:\\\/\\\/www.meydan.tv\\\/az\\\/#organization\",\"name\":\"Meydan TV\",\"url\":\"https:\\\/\\\/www.meydan.tv\\\/az\\\/\",\"logo\":{\"@type\":\"ImageObject\",\"inLanguage\":\"az\",\"@id\":\"https:\\\/\\\/www.meydan.tv\\\/az\\\/#\\\/schema\\\/logo\\\/image\\\/\",\"url\":\"https:\\\/\\\/www.meydan.tv\\\/wp-content\\\/uploads\\\/2021\\\/07\\\/meydan-logo.svg\",\"contentUrl\":\"https:\\\/\\\/www.meydan.tv\\\/wp-content\\\/uploads\\\/2021\\\/07\\\/meydan-logo.svg\",\"width\":195,\"height\":46,\"caption\":\"Meydan TV\"},\"image\":{\"@id\":\"https:\\\/\\\/www.meydan.tv\\\/az\\\/#\\\/schema\\\/logo\\\/image\\\/\"}},{\"@type\":\"Person\",\"@id\":\"https:\\\/\\\/www.meydan.tv\\\/az\\\/#\\\/schema\\\/person\\\/10d11eccf6da3662cf5fdab9806ea91a\",\"name\":\"user-manager\"}]}<\/script>\n<!-- \/ Yoast SEO plugin. -->","yoast_head_json":{"title":"Kredit d\u0259rdi, ya ''sivil toplum'' a\u00e7\u0131l\u0131m\u0131? - MEYDAN.TV","robots":{"index":"index","follow":"follow","max-snippet":"max-snippet:-1","max-image-preview":"max-image-preview:large","max-video-preview":"max-video-preview:-1"},"canonical":"https:\/\/www.meydan.tv\/az\/article\/kredit-derdi-ya-sivil-toplum-acilimi\/","og_locale":"az_AZ","og_type":"article","og_title":"Kredit d\u0259rdi, ya ''sivil toplum'' a\u00e7\u0131l\u0131m\u0131? - MEYDAN.TV","og_description":"Get-ged\u0259 pisl\u0259\u015f\u0259n maliyy\u0259 durumuna d\u00fc\u015fm\u00fc\u015f hakimiyy\u0259tin d\u00fcn\u0259n\u0259 q\u0259d\u0259r c\u0259miyy\u0259t\u0259 yad v\u0259 d\u00fc\u015fm\u0259n kimi t\u0259qdim etdiyi Q\u0259rb \u00f6lk\u0259l\u0259rin\u0259 i\u015fi d\u00fc\u015f\u00fcb","og_url":"https:\/\/www.meydan.tv\/az\/article\/kredit-derdi-ya-sivil-toplum-acilimi\/","og_site_name":"MEYDAN.TV","article_published_time":"2016-10-25T19:45:51+00:00","og_image":[{"width":2560,"height":1704,"url":"https:\/\/www.meydan.tv\/wp-content\/uploads\/27365-scaled.jpg","type":"image\/jpeg"}],"author":"user-manager","twitter_card":"summary_large_image","schema":{"@context":"https:\/\/schema.org","@graph":[{"@type":"Article","@id":"https:\/\/www.meydan.tv\/az\/article\/kredit-derdi-ya-sivil-toplum-acilimi\/#article","isPartOf":{"@id":"https:\/\/www.meydan.tv\/az\/article\/kredit-derdi-ya-sivil-toplum-acilimi\/"},"author":{"name":"user-manager","@id":"https:\/\/www.meydan.tv\/az\/#\/schema\/person\/10d11eccf6da3662cf5fdab9806ea91a"},"headline":"Kredit d\u0259rdi, ya &#8221;sivil toplum&#8221; a\u00e7\u0131l\u0131m\u0131?","datePublished":"2016-10-25T19:45:51+00:00","mainEntityOfPage":{"@id":"https:\/\/www.meydan.tv\/az\/article\/kredit-derdi-ya-sivil-toplum-acilimi\/"},"wordCount":972,"publisher":{"@id":"https:\/\/www.meydan.tv\/az\/#organization"},"image":{"@id":"https:\/\/www.meydan.tv\/az\/article\/kredit-derdi-ya-sivil-toplum-acilimi\/#primaryimage"},"thumbnailUrl":"https:\/\/www.meydan.tv\/wp-content\/uploads\/27365-scaled.jpg","articleSection":["M\u0259nim Fikrimc\u0259"],"inLanguage":"az"},{"@type":"WebPage","@id":"https:\/\/www.meydan.tv\/az\/article\/kredit-derdi-ya-sivil-toplum-acilimi\/","url":"https:\/\/www.meydan.tv\/az\/article\/kredit-derdi-ya-sivil-toplum-acilimi\/","name":"Kredit d\u0259rdi, ya ''sivil toplum'' a\u00e7\u0131l\u0131m\u0131? - MEYDAN.TV","isPartOf":{"@id":"https:\/\/www.meydan.tv\/az\/#website"},"primaryImageOfPage":{"@id":"https:\/\/www.meydan.tv\/az\/article\/kredit-derdi-ya-sivil-toplum-acilimi\/#primaryimage"},"image":{"@id":"https:\/\/www.meydan.tv\/az\/article\/kredit-derdi-ya-sivil-toplum-acilimi\/#primaryimage"},"thumbnailUrl":"https:\/\/www.meydan.tv\/wp-content\/uploads\/27365-scaled.jpg","datePublished":"2016-10-25T19:45:51+00:00","breadcrumb":{"@id":"https:\/\/www.meydan.tv\/az\/article\/kredit-derdi-ya-sivil-toplum-acilimi\/#breadcrumb"},"inLanguage":"az","potentialAction":[{"@type":"ReadAction","target":["https:\/\/www.meydan.tv\/az\/article\/kredit-derdi-ya-sivil-toplum-acilimi\/"]}]},{"@type":"ImageObject","inLanguage":"az","@id":"https:\/\/www.meydan.tv\/az\/article\/kredit-derdi-ya-sivil-toplum-acilimi\/#primaryimage","url":"https:\/\/www.meydan.tv\/wp-content\/uploads\/27365-scaled.jpg","contentUrl":"https:\/\/www.meydan.tv\/wp-content\/uploads\/27365-scaled.jpg","width":2560,"height":1704,"caption":"Source:"},{"@type":"BreadcrumbList","@id":"https:\/\/www.meydan.tv\/az\/article\/kredit-derdi-ya-sivil-toplum-acilimi\/#breadcrumb","itemListElement":[{"@type":"ListItem","position":1,"name":"Ana s\u0259hif\u0259","item":"https:\/\/www.meydan.tv\/az\/"},{"@type":"ListItem","position":2,"name":"M\u0259nim Fikrimc\u0259","item":"https:\/\/www.meydan.tv\/az\/section\/menim-fikrimce\/"},{"@type":"ListItem","position":3,"name":"Kredit d\u0259rdi, ya &#8221;sivil toplum&#8221; a\u00e7\u0131l\u0131m\u0131?"}]},{"@type":"WebSite","@id":"https:\/\/www.meydan.tv\/az\/#website","url":"https:\/\/www.meydan.tv\/az\/","name":"MEYDAN.TV","description":"Meydan TV Az\u0259rbaycan\u0131n media m\u0259kan\u0131ndak\u0131 alternativ s\u0259sidir","publisher":{"@id":"https:\/\/www.meydan.tv\/az\/#organization"},"potentialAction":[{"@type":"SearchAction","target":{"@type":"EntryPoint","urlTemplate":"https:\/\/www.meydan.tv\/az\/?s={search_term_string}"},"query-input":{"@type":"PropertyValueSpecification","valueRequired":true,"valueName":"search_term_string"}}],"inLanguage":"az"},{"@type":"Organization","@id":"https:\/\/www.meydan.tv\/az\/#organization","name":"Meydan TV","url":"https:\/\/www.meydan.tv\/az\/","logo":{"@type":"ImageObject","inLanguage":"az","@id":"https:\/\/www.meydan.tv\/az\/#\/schema\/logo\/image\/","url":"https:\/\/www.meydan.tv\/wp-content\/uploads\/2021\/07\/meydan-logo.svg","contentUrl":"https:\/\/www.meydan.tv\/wp-content\/uploads\/2021\/07\/meydan-logo.svg","width":195,"height":46,"caption":"Meydan TV"},"image":{"@id":"https:\/\/www.meydan.tv\/az\/#\/schema\/logo\/image\/"}},{"@type":"Person","@id":"https:\/\/www.meydan.tv\/az\/#\/schema\/person\/10d11eccf6da3662cf5fdab9806ea91a","name":"user-manager"}]}},"_links":{"self":[{"href":"https:\/\/www.meydan.tv\/az\/wp-json\/wp\/v2\/posts\/179887","targetHints":{"allow":["GET"]}}],"collection":[{"href":"https:\/\/www.meydan.tv\/az\/wp-json\/wp\/v2\/posts"}],"about":[{"href":"https:\/\/www.meydan.tv\/az\/wp-json\/wp\/v2\/types\/post"}],"author":[{"embeddable":true,"href":"https:\/\/www.meydan.tv\/az\/wp-json\/wp\/v2\/users\/11"}],"replies":[{"embeddable":true,"href":"https:\/\/www.meydan.tv\/az\/wp-json\/wp\/v2\/comments?post=179887"}],"version-history":[{"count":0,"href":"https:\/\/www.meydan.tv\/az\/wp-json\/wp\/v2\/posts\/179887\/revisions"}],"wp:featuredmedia":[{"embeddable":true,"href":"https:\/\/www.meydan.tv\/az\/wp-json\/wp\/v2\/media\/71441"}],"wp:attachment":[{"href":"https:\/\/www.meydan.tv\/az\/wp-json\/wp\/v2\/media?parent=179887"}],"wp:term":[{"taxonomy":"category","embeddable":true,"href":"https:\/\/www.meydan.tv\/az\/wp-json\/wp\/v2\/categories?post=179887"},{"taxonomy":"post_tag","embeddable":true,"href":"https:\/\/www.meydan.tv\/az\/wp-json\/wp\/v2\/tags?post=179887"}],"curies":[{"name":"wp","href":"https:\/\/api.w.org\/{rel}","templated":true}]}}