{"id":179882,"date":"2016-10-25T18:26:58","date_gmt":"2016-10-25T18:26:58","guid":{"rendered":"https:\/\/www.meydan.tv\/article\/ilham-eliyev-neftin-qiymetinden-asililigimizi-azaltmisiq\/"},"modified":"2016-10-25T18:26:58","modified_gmt":"2016-10-25T18:26:58","slug":"ilham-eliyev-neftin-qiymetinden-asililigimizi-azaltmisiq","status":"publish","type":"post","link":"https:\/\/www.meydan.tv\/az\/article\/ilham-eliyev-neftin-qiymetinden-asililigimizi-azaltmisiq\/","title":{"rendered":"\u0130lham \u018fliyev: Neftin qiym\u0259tind\u0259n as\u0131l\u0131l\u0131\u011f\u0131m\u0131z\u0131 azaltm\u0131\u015f\u0131q"},"content":{"rendered":"<figure class=\"wp-block-image size-large\">\n  <img decoding=\"async\" src=\"https:\/\/www.meydan.tv\/az\/ilham-eliyev-foto-apa\/\" alt=\"\u0130lham \u018fliyev foto APA\" class=\"wp-image-71413\"\/><figcaption>\n    \u0130lham \u018fliyev foto APA<br \/>\n  <\/figcaption><\/figure>\n<p>\n  <i><br \/>\n    Natiq C\u0259f\u0259rli: \u00d6lk\u0259 qazanc\u0131n\u0131n h\u0259r 10 dollardan 9,4 dollar\u0131 neftd\u0259n as\u0131l\u0131d\u0131rsa, \u00e7ox\u015fax\u0259li model\u0259 ke\u00e7m\u0259kd\u0259n dan\u0131\u015fmaq yersizdi<br \/>\n  <\/i>\n<\/p>\n<p>\n  \u201cNeft qiym\u0259tinin k\u0259skin azalmas\u0131 Az\u0259rbaycan\u0131n g\u0259lirl\u0259rini azald\u0131b\u201d, &#8211; \u0130lham \u018fliyevin s\u00f6zl\u0259ridir. O, bu g\u00fcn Bak\u0131da ke\u00e7iril\u0259n Az\u0259rbaycan-Xorvatiya biznes forumunda \u00e7\u0131x\u0131\u015f\u0131 zaman\u0131 bel\u0259 deyib.\n<\/p>\n<p>\n  Prezident bildirib ki, Az\u0259rbaycan\u0131n builki d\u00f6vl\u0259t b\u00fcdc\u0259sind\u0259 neftin qiym\u0259ti 25 dollar t\u0259sbit olunub. Ancaq bu g\u00fcn neftin qiym\u0259ti h\u0259min r\u0259q\u0259md\u0259n 2 d\u0259f\u0259 bahad\u0131r:\n<\/p>\n<p>\n  \u201cV\u0259ziyy\u0259td\u0259n minimal z\u0259r\u0259rl\u0259 \u00e7\u0131xaca\u011f\u0131m\u0131z\u0131 d\u00fc\u015f\u00fcn\u00fcr\u0259m. Az\u0259rbaycan iqtisadiyyat\u0131 \u015fax\u0259l\u0259ndirm\u0259 siyas\u0259ti h\u0259yata ke\u00e7irir. Uzun ill\u0259rdir ki, bunu h\u0259yata ke\u00e7iririk. Bunun say\u0259sind\u0259 neft Az\u0259rbaycan\u0131n \u00fcmumdaxili m\u0259hsulunun 33 faizini t\u0259\u015fkil edir. Biz \u00fcmumdaxili m\u0259hsulumuzu \u015fax\u0259l\u0259ndirm\u0259y\u0259 nail olmu\u015fuq v\u0259 neftin qiym\u0259tl\u0259rind\u0259n as\u0131l\u0131l\u0131\u011f\u0131m\u0131z\u0131 azaltm\u0131\u015f\u0131q. Bu g\u00fcn ixrac\u0131m\u0131z\u0131n \u015fax\u0259l\u0259ndirilm\u0259si il\u0259 m\u0259\u015f\u011fuluq. \u0130st\u0259rdik ki, Avropa bazarlar\u0131na r\u0259qab\u0259t qabiliyy\u0259tli qeyri-neft m\u0259hsullar\u0131 il\u0259 daxil olaq\u201d.\n<\/p>\n<p>\n  \u0130lham \u018fliyev qeyd edib ki, Az\u0259rbaycanda \u00e7ox m\u00fcnbit s\u0259rmay\u0259 atmosferi var: \u201cPostsovet m\u0259kan\u0131nda adam ba\u015f\u0131na d\u00fc\u015f\u0259n \u00fcmumdaxili m\u0259hsulun h\u0259cmin\u0259 g\u00f6r\u0259 birinci yerd\u0259yik. Bu g\u00fcn\u0259 q\u0259d\u0259r Az\u0259rbaycana 200 milyard dollar yat\u0131r\u0131l\u0131b, bunun yar\u0131s\u0131 xarici s\u0259rmay\u0259 olub. Bu g\u00fcn Avropada v\u0259 d\u00fcnyan\u0131n dig\u0259r b\u00f6lg\u0259l\u0259rind\u0259 b\u00f6hrana baxmayaraq, biz neft-qaz v\u0259 dig\u0259r sah\u0259l\u0259r\u0259 s\u0259rmay\u0259 c\u0259lb etm\u0259k iqtidar\u0131nday\u0131q. \u0130\u015fsizliyin s\u0259viyy\u0259sini k\u0259skin \u015f\u0259kild\u0259 azalda bilmi\u015fik, bu g\u00fcn i\u015fsizliyin s\u0259viyy\u0259si 5 faizdir. Regional infrastruktur proqramlar\u0131 h\u0259yata ke\u00e7irilir. Bunun say\u0259sind\u0259 yoxsulluq da 5 faiz\u0259 endirilib. B\u00f6y\u00fck h\u0259cmd\u0259 valyuta v\u0259 q\u0131z\u0131l ehtiyatlar\u0131 toplama\u011fa nail olmu\u015fuq. Bunun say\u0259sind\u0259 neft qiym\u0259tl\u0259ri k\u0259skin d\u00fc\u015f\u0259nd\u0259 b\u00f6y\u00fck manevr imkanlar\u0131 \u0259ld\u0259 etmi\u015fik\u201d.\n<\/p>\n<p>\n  Prezident \u0130lham \u018fliyevin fikirl\u0259rini Meydan TV-y\u0259 \u015f\u0259rh ed\u0259n iqtisad\u00e7\u0131 Natiq C\u0259f\u0259rli bildirib ki, xarici ticar\u0259t balans\u0131 Az\u0259rbaycan\u0131n neftd\u0259n n\u0259 q\u0259d\u0259r as\u0131l\u0131 oldu\u011funu ayd\u0131n g\u00f6st\u0259rir. \u018fg\u0259r \u00f6lk\u0259nin ixracat\u0131nda qaz-neft m\u0259hsullar\u0131 az qala 94 faiz t\u0259\u015fkil edirs\u0259, bu, h\u0259min \u00f6lk\u0259nin iqtisadiyyat\u0131n\u0131n ciddi \u015f\u0259kild\u0259 enerji m\u0259hsullar\u0131ndan as\u0131l\u0131 oldu\u011funun g\u00f6st\u0259ricisidir:\n<\/p>\n<p>\n  \u201c\u00dcmumdaxili M\u0259hsula g\u0259ldikd\u0259, as\u0131l\u0131l\u0131qdan da dan\u0131\u015fmaq lazmd\u0131r, \u00e7\u00fcnki neft pullar\u0131 b\u00fcdc\u0259y\u0259 daxil olur v\u0259 ordan t\u0259mir-tikinti sektoruna v\u0259 dig\u0259r sah\u0259l\u0259r\u0259 y\u00f6n\u0259lir. Neft pullar\u0131 olmasa, x\u0259rcl\u0259m\u0259l\u0259r d\u0259 olmayacaq. X\u0259rcl\u0259m\u0259l\u0259r olmayanda is\u0259 \u00dcmumdaxili m\u0259hsulda deyil\u0259n sah\u0259l\u0259rin g\u00f6st\u0259ricil\u0259ri xeyli d\u0259r\u0259c\u0259d\u0259 a\u015fa\u011f\u0131 d\u00fc\u015f\u0259c\u0259k. Bu, t\u0259mir-tikinti sektorunda \u00f6z\u00fcn\u00fc b\u00fcruz\u0259 verir. 2016-c\u0131 ilin 9 ay\u0131nda \u00dcmumdaxili m\u0259hsul 4 faiz azal\u0131b, \u0259n b\u00f6y\u00fck azalma da t\u0259mir-tikinti sah\u0259sind\u0259dir. S\u0259b\u0259b d\u0259 m\u0259lumdur-neft pullar\u0131 azal\u0131b. Y\u0259ni birba\u015fa v\u0259 dolay\u0131 as\u0131l\u0131l\u0131\u011f\u0131 g\u00f6t\u00fcrs\u0259k, \u00dcmumdaxili m\u0259hsulun b\u00f6y\u00fck bir hiss\u0259si neftd\u0259n as\u0131l\u0131d\u0131r. \u00d6lk\u0259 qazanc\u0131n\u0131n h\u0259r 10 dollardan 9,4 dollar\u0131 neftd\u0259n as\u0131l\u0131d\u0131rsa, bu, neftd\u0259n as\u0131l\u0131l\u0131\u011f\u0131n azalma\u011f\u0131ndan v\u0259 \u00e7ox\u015fax\u0259li model\u0259 ke\u00e7m\u0259kd\u0259n dan\u0131\u015fmaq yersizdir. \u00c7ox\u015fax\u0259li model\u0259 o vaxt ke\u00e7m\u0259kd\u0259n dan\u0131\u015fmaq m\u00fcmk\u00fcnd\u00fcr ki, qeyri-neft sektorunun ixracat\u0131nda ciddi art\u0131m olsun\u201d.\n<\/p>\n<figure class=\"wp-block-image size-large\">\n  <img decoding=\"async\" src=\"https:\/\/www.meydan.tv\/az\/71410\/\" alt=\"\" class=\"wp-image-71410\"\/><figcaption>\n    Natiq C\u0259f\u0259rli foto Meydan TV<br \/>\n  <\/figcaption><\/figure>\n<p>\n  Prezidentin yoxsulluq v\u0259 i\u015fsizliklikl\u0259 ba\u011fl\u0131 s\u0259sl\u0259ndirdiyi r\u0259q\u0259ml\u0259r\u0259 g\u0259linc\u0259, Natiq C\u0259f\u0259rli deyir ki, prezidentin \u00e7\u0131x\u0131\u015f\u0131 Az\u0259rbaycanda sovet d\u00f6vr\u00fcnd\u0259n qalma hesabalaman\u0131n h\u0259l\u0259 d\u0259 qald\u0131\u011f\u0131n\u0131 xat\u0131rlad\u0131r:\n<\/p>\n<p>\n  &#8220;D\u00fcnyan\u0131n q\u0259bul etdiyi yoxsullu\u011fun hesablanmas\u0131 modell\u0259ri Az\u0259rbaycanda i\u015fl\u0259mir. R\u0259q\u0259ml\u0259ri a\u015fa\u011f\u0131 \u00e7\u0259km\u0259k, r\u0259smi statistikada m\u00fc\u0259yy\u0259n d\u00fcz\u0259li\u015fl\u0259r etm\u0259kl\u0259 bel\u0259 n\u0259tic\u0259l\u0259r \u0259ld\u0259 etm\u0259k m\u00fcmk\u00fcn olsa da, bu, reall\u0131\u011f\u0131 \u0259ks etdirmir. Ham\u0131 bilir ki, son zamanlar xeyli d\u0259r\u0259c\u0259d\u0259 i\u015fsizlik artsa da, bu istiqam\u0259td\u0259ki r\u0259q\u0259ml\u0259r d\u0259yi\u015fm\u0259yib. El\u0259 5 faiz civar\u0131nda qal\u0131r. \u00c7\u00fcnki yaln\u0131z qeydiyyata d\u00fc\u015f\u0259n r\u0259smi i\u015fsizl\u0259rin statistikas\u0131 apar\u0131l\u0131r. Az\u0259rbaycanda is\u0259 i\u015fsiz qalan 10 n\u0259f\u0259rd\u0259n biri M\u0259\u015f\u011fulluq \u0130dar\u0259sin\u0259 m\u00fcraci\u0259t edir. \u00c7\u00fcnki insanlar bu bar\u0259d\u0259 \u0259hat\u0259li m\u0259lumata malik deyil. \u018fslind\u0259, \u015f\u0259xs m\u00fcraci\u0259t etmirs\u0259, o i\u015fsiz say\u0131lm\u0131r, amma bu do\u011fru yana\u015fma deyil. \u018fg\u0259r son 3 ild\u0259 ticar\u0259t d\u00f6vriyy\u0259si azal\u0131bsa, i\u015fsizlikl\u0259 ba\u011fl\u0131 yaranan probleml\u0259r g\u00f6zl\u0259 g\u00f6r\u00fcn\u0259n h\u0259dd\u0259dirs\u0259, 3 ild\u0259 i\u015fsizl\u0259rin 5 faiz civar\u0131nda olmas\u0131 deyil\u0259nl\u0259rin n\u0259 q\u0259d\u0259r reall\u0131qdan uzaq oldu\u011funu a\u00e7\u0131q-a\u015fkar s\u00fcbut edir&#8221;.\n<\/p>\n<p>\n  Natiq C\u0259f\u0259rli prezidentin &#8220;b\u00f6y\u00fck h\u0259cmd\u0259 valyuta v\u0259 q\u0131z\u0131l ehtiyatlar\u0131 say\u0259sind\u0259 neft qiym\u0259tl\u0259ri k\u0259skin d\u00fc\u015f\u0259nd\u0259 b\u00f6y\u00fck manevr imkanlar\u0131 \u0259ld\u0259 olunmas\u0131&#8221; bar\u0259d\u0259 fikirl\u0259rini is\u0259 bel\u0259 \u015f\u0259rh etdi:\n<\/p>\n<p>\n  &#8220;Prezident D\u00f6vl\u0259t Neft Fondunda toplanan 32 milyard dollar v\u0259saiti n\u0259z\u0259rd\u0259 tutur, amma Az\u0259rbaycan\u0131n 120 milyard qazand\u0131\u011f\u0131n\u0131 n\u0259z\u0259r\u0259 ald\u0131qda, fonddak\u0131 pul o q\u0259d\u0259r d\u0259 yax\u015f\u0131 g\u00f6st\u0259rici deyil. Valyutaya olan t\u0259l\u0259bat\u0131m\u0131z\u0131, \u00f6hd\u0259likl\u0259rimizi n\u0259z\u0259r\u0259 ald\u0131qda, fonddak\u0131 v\u0259sait o q\u0259d\u0259r d\u0259 b\u00f6y\u00fck deyil. Neftin qiym\u0259ti qalxmasa, yax\u0131n 2 ild\u0259 32 milyard\u0131n tamamil\u0259 x\u0259rcl\u0259nm\u0259si g\u00f6zl\u0259nilir. H\u0259m d\u0259 y\u0131\u011f\u0131lan v\u0259sait he\u00e7 d\u0259 q\u00fcrur m\u0259nb\u0259yi deyil. \u00c7\u00fcnki bundan daha art\u0131q v\u0259 effektiv x\u0259rcl\u0259m\u0259l\u0259r h\u0259yata ke\u00e7irilm\u0259liydi&#8221;.<\/p>\n","protected":false},"excerpt":{"rendered":"<p>Natiq C\u0259f\u0259rli: \u00d6lk\u0259 qazanc\u0131n\u0131n h\u0259r 10 dollardan 9,4 dollar\u0131 neftd\u0259n as\u0131l\u0131d\u0131rsa, \u00e7ox\u015fax\u0259li model\u0259 ke\u00e7m\u0259kd\u0259n dan\u0131\u015fmaq yersizdi<\/p>\n","protected":false},"author":11,"featured_media":71413,"comment_status":"closed","ping_status":"open","sticky":false,"template":"","format":"standard","meta":{"_acf_changed":false,"_sitemap_exclude":false,"_sitemap_priority":"","_sitemap_frequency":"","footnotes":""},"categories":[51],"tags":[],"class_list":["post-179882","post","type-post","status-publish","format-standard","has-post-thumbnail","hentry","category-analitika","infinite-scroll-item","generate-columns","tablet-grid-50","mobile-grid-100","grid-parent","grid-33","no-featured-image-padding"],"acf":[],"yoast_head":"<!-- This site is optimized with the Yoast SEO plugin v27.5 - https:\/\/yoast.com\/product\/yoast-seo-wordpress\/ -->\n<title>\u0130lham \u018fliyev: Neftin qiym\u0259tind\u0259n as\u0131l\u0131l\u0131\u011f\u0131m\u0131z\u0131 azaltm\u0131\u015f\u0131q - MEYDAN.TV<\/title>\n<meta name=\"robots\" content=\"index, follow, max-snippet:-1, max-image-preview:large, max-video-preview:-1\" \/>\n<link rel=\"canonical\" href=\"https:\/\/www.meydan.tv\/az\/article\/ilham-eliyev-neftin-qiymetinden-asililigimizi-azaltmisiq\/\" \/>\n<meta property=\"og:locale\" content=\"az_AZ\" \/>\n<meta property=\"og:type\" content=\"article\" \/>\n<meta property=\"og:title\" content=\"\u0130lham \u018fliyev: Neftin qiym\u0259tind\u0259n as\u0131l\u0131l\u0131\u011f\u0131m\u0131z\u0131 azaltm\u0131\u015f\u0131q - MEYDAN.TV\" \/>\n<meta property=\"og:description\" content=\"Natiq C\u0259f\u0259rli: \u00d6lk\u0259 qazanc\u0131n\u0131n h\u0259r 10 dollardan 9,4 dollar\u0131 neftd\u0259n as\u0131l\u0131d\u0131rsa, \u00e7ox\u015fax\u0259li model\u0259 ke\u00e7m\u0259kd\u0259n dan\u0131\u015fmaq yersizdi\" \/>\n<meta property=\"og:url\" content=\"https:\/\/www.meydan.tv\/az\/article\/ilham-eliyev-neftin-qiymetinden-asililigimizi-azaltmisiq\/\" \/>\n<meta property=\"og:site_name\" content=\"MEYDAN.TV\" \/>\n<meta property=\"article:published_time\" content=\"2016-10-25T18:26:58+00:00\" \/>\n<meta property=\"og:image\" content=\"https:\/\/www.meydan.tv\/wp-content\/uploads\/27354.jpg\" \/>\n\t<meta property=\"og:image:width\" content=\"750\" \/>\n\t<meta property=\"og:image:height\" content=\"496\" \/>\n\t<meta property=\"og:image:type\" content=\"image\/jpeg\" \/>\n<meta name=\"author\" content=\"user-manager\" \/>\n<meta name=\"twitter:card\" content=\"summary_large_image\" \/>\n<script type=\"application\/ld+json\" class=\"yoast-schema-graph\">{\"@context\":\"https:\\\/\\\/schema.org\",\"@graph\":[{\"@type\":\"Article\",\"@id\":\"https:\\\/\\\/www.meydan.tv\\\/az\\\/article\\\/ilham-eliyev-neftin-qiymetinden-asililigimizi-azaltmisiq\\\/#article\",\"isPartOf\":{\"@id\":\"https:\\\/\\\/www.meydan.tv\\\/az\\\/article\\\/ilham-eliyev-neftin-qiymetinden-asililigimizi-azaltmisiq\\\/\"},\"author\":{\"name\":\"user-manager\",\"@id\":\"https:\\\/\\\/www.meydan.tv\\\/az\\\/#\\\/schema\\\/person\\\/10d11eccf6da3662cf5fdab9806ea91a\"},\"headline\":\"\u0130lham \u018fliyev: Neftin qiym\u0259tind\u0259n as\u0131l\u0131l\u0131\u011f\u0131m\u0131z\u0131 azaltm\u0131\u015f\u0131q\",\"datePublished\":\"2016-10-25T18:26:58+00:00\",\"mainEntityOfPage\":{\"@id\":\"https:\\\/\\\/www.meydan.tv\\\/az\\\/article\\\/ilham-eliyev-neftin-qiymetinden-asililigimizi-azaltmisiq\\\/\"},\"wordCount\":1066,\"publisher\":{\"@id\":\"https:\\\/\\\/www.meydan.tv\\\/az\\\/#organization\"},\"image\":{\"@id\":\"https:\\\/\\\/www.meydan.tv\\\/az\\\/article\\\/ilham-eliyev-neftin-qiymetinden-asililigimizi-azaltmisiq\\\/#primaryimage\"},\"thumbnailUrl\":\"https:\\\/\\\/www.meydan.tv\\\/wp-content\\\/uploads\\\/27354.jpg\",\"articleSection\":[\"Analitika\"],\"inLanguage\":\"az\"},{\"@type\":\"WebPage\",\"@id\":\"https:\\\/\\\/www.meydan.tv\\\/az\\\/article\\\/ilham-eliyev-neftin-qiymetinden-asililigimizi-azaltmisiq\\\/\",\"url\":\"https:\\\/\\\/www.meydan.tv\\\/az\\\/article\\\/ilham-eliyev-neftin-qiymetinden-asililigimizi-azaltmisiq\\\/\",\"name\":\"\u0130lham \u018fliyev: Neftin qiym\u0259tind\u0259n as\u0131l\u0131l\u0131\u011f\u0131m\u0131z\u0131 azaltm\u0131\u015f\u0131q - MEYDAN.TV\",\"isPartOf\":{\"@id\":\"https:\\\/\\\/www.meydan.tv\\\/az\\\/#website\"},\"primaryImageOfPage\":{\"@id\":\"https:\\\/\\\/www.meydan.tv\\\/az\\\/article\\\/ilham-eliyev-neftin-qiymetinden-asililigimizi-azaltmisiq\\\/#primaryimage\"},\"image\":{\"@id\":\"https:\\\/\\\/www.meydan.tv\\\/az\\\/article\\\/ilham-eliyev-neftin-qiymetinden-asililigimizi-azaltmisiq\\\/#primaryimage\"},\"thumbnailUrl\":\"https:\\\/\\\/www.meydan.tv\\\/wp-content\\\/uploads\\\/27354.jpg\",\"datePublished\":\"2016-10-25T18:26:58+00:00\",\"breadcrumb\":{\"@id\":\"https:\\\/\\\/www.meydan.tv\\\/az\\\/article\\\/ilham-eliyev-neftin-qiymetinden-asililigimizi-azaltmisiq\\\/#breadcrumb\"},\"inLanguage\":\"az\",\"potentialAction\":[{\"@type\":\"ReadAction\",\"target\":[\"https:\\\/\\\/www.meydan.tv\\\/az\\\/article\\\/ilham-eliyev-neftin-qiymetinden-asililigimizi-azaltmisiq\\\/\"]}]},{\"@type\":\"ImageObject\",\"inLanguage\":\"az\",\"@id\":\"https:\\\/\\\/www.meydan.tv\\\/az\\\/article\\\/ilham-eliyev-neftin-qiymetinden-asililigimizi-azaltmisiq\\\/#primaryimage\",\"url\":\"https:\\\/\\\/www.meydan.tv\\\/wp-content\\\/uploads\\\/27354.jpg\",\"contentUrl\":\"https:\\\/\\\/www.meydan.tv\\\/wp-content\\\/uploads\\\/27354.jpg\",\"width\":750,\"height\":496,\"caption\":\"Source:\"},{\"@type\":\"BreadcrumbList\",\"@id\":\"https:\\\/\\\/www.meydan.tv\\\/az\\\/article\\\/ilham-eliyev-neftin-qiymetinden-asililigimizi-azaltmisiq\\\/#breadcrumb\",\"itemListElement\":[{\"@type\":\"ListItem\",\"position\":1,\"name\":\"Ana s\u0259hif\u0259\",\"item\":\"https:\\\/\\\/www.meydan.tv\\\/az\\\/\"},{\"@type\":\"ListItem\",\"position\":2,\"name\":\"Analitika\",\"item\":\"https:\\\/\\\/www.meydan.tv\\\/az\\\/section\\\/analitika\\\/\"},{\"@type\":\"ListItem\",\"position\":3,\"name\":\"\u0130lham \u018fliyev: Neftin qiym\u0259tind\u0259n as\u0131l\u0131l\u0131\u011f\u0131m\u0131z\u0131 azaltm\u0131\u015f\u0131q\"}]},{\"@type\":\"WebSite\",\"@id\":\"https:\\\/\\\/www.meydan.tv\\\/az\\\/#website\",\"url\":\"https:\\\/\\\/www.meydan.tv\\\/az\\\/\",\"name\":\"MEYDAN.TV\",\"description\":\"Meydan TV Az\u0259rbaycan\u0131n media m\u0259kan\u0131ndak\u0131 alternativ s\u0259sidir\",\"publisher\":{\"@id\":\"https:\\\/\\\/www.meydan.tv\\\/az\\\/#organization\"},\"potentialAction\":[{\"@type\":\"SearchAction\",\"target\":{\"@type\":\"EntryPoint\",\"urlTemplate\":\"https:\\\/\\\/www.meydan.tv\\\/az\\\/?s={search_term_string}\"},\"query-input\":{\"@type\":\"PropertyValueSpecification\",\"valueRequired\":true,\"valueName\":\"search_term_string\"}}],\"inLanguage\":\"az\"},{\"@type\":\"Organization\",\"@id\":\"https:\\\/\\\/www.meydan.tv\\\/az\\\/#organization\",\"name\":\"Meydan TV\",\"url\":\"https:\\\/\\\/www.meydan.tv\\\/az\\\/\",\"logo\":{\"@type\":\"ImageObject\",\"inLanguage\":\"az\",\"@id\":\"https:\\\/\\\/www.meydan.tv\\\/az\\\/#\\\/schema\\\/logo\\\/image\\\/\",\"url\":\"https:\\\/\\\/www.meydan.tv\\\/wp-content\\\/uploads\\\/2021\\\/07\\\/meydan-logo.svg\",\"contentUrl\":\"https:\\\/\\\/www.meydan.tv\\\/wp-content\\\/uploads\\\/2021\\\/07\\\/meydan-logo.svg\",\"width\":195,\"height\":46,\"caption\":\"Meydan TV\"},\"image\":{\"@id\":\"https:\\\/\\\/www.meydan.tv\\\/az\\\/#\\\/schema\\\/logo\\\/image\\\/\"}},{\"@type\":\"Person\",\"@id\":\"https:\\\/\\\/www.meydan.tv\\\/az\\\/#\\\/schema\\\/person\\\/10d11eccf6da3662cf5fdab9806ea91a\",\"name\":\"user-manager\"}]}<\/script>\n<!-- \/ Yoast SEO plugin. -->","yoast_head_json":{"title":"\u0130lham \u018fliyev: Neftin qiym\u0259tind\u0259n as\u0131l\u0131l\u0131\u011f\u0131m\u0131z\u0131 azaltm\u0131\u015f\u0131q - MEYDAN.TV","robots":{"index":"index","follow":"follow","max-snippet":"max-snippet:-1","max-image-preview":"max-image-preview:large","max-video-preview":"max-video-preview:-1"},"canonical":"https:\/\/www.meydan.tv\/az\/article\/ilham-eliyev-neftin-qiymetinden-asililigimizi-azaltmisiq\/","og_locale":"az_AZ","og_type":"article","og_title":"\u0130lham \u018fliyev: Neftin qiym\u0259tind\u0259n as\u0131l\u0131l\u0131\u011f\u0131m\u0131z\u0131 azaltm\u0131\u015f\u0131q - MEYDAN.TV","og_description":"Natiq C\u0259f\u0259rli: \u00d6lk\u0259 qazanc\u0131n\u0131n h\u0259r 10 dollardan 9,4 dollar\u0131 neftd\u0259n as\u0131l\u0131d\u0131rsa, \u00e7ox\u015fax\u0259li model\u0259 ke\u00e7m\u0259kd\u0259n dan\u0131\u015fmaq yersizdi","og_url":"https:\/\/www.meydan.tv\/az\/article\/ilham-eliyev-neftin-qiymetinden-asililigimizi-azaltmisiq\/","og_site_name":"MEYDAN.TV","article_published_time":"2016-10-25T18:26:58+00:00","og_image":[{"width":750,"height":496,"url":"https:\/\/www.meydan.tv\/wp-content\/uploads\/27354.jpg","type":"image\/jpeg"}],"author":"user-manager","twitter_card":"summary_large_image","schema":{"@context":"https:\/\/schema.org","@graph":[{"@type":"Article","@id":"https:\/\/www.meydan.tv\/az\/article\/ilham-eliyev-neftin-qiymetinden-asililigimizi-azaltmisiq\/#article","isPartOf":{"@id":"https:\/\/www.meydan.tv\/az\/article\/ilham-eliyev-neftin-qiymetinden-asililigimizi-azaltmisiq\/"},"author":{"name":"user-manager","@id":"https:\/\/www.meydan.tv\/az\/#\/schema\/person\/10d11eccf6da3662cf5fdab9806ea91a"},"headline":"\u0130lham \u018fliyev: Neftin qiym\u0259tind\u0259n as\u0131l\u0131l\u0131\u011f\u0131m\u0131z\u0131 azaltm\u0131\u015f\u0131q","datePublished":"2016-10-25T18:26:58+00:00","mainEntityOfPage":{"@id":"https:\/\/www.meydan.tv\/az\/article\/ilham-eliyev-neftin-qiymetinden-asililigimizi-azaltmisiq\/"},"wordCount":1066,"publisher":{"@id":"https:\/\/www.meydan.tv\/az\/#organization"},"image":{"@id":"https:\/\/www.meydan.tv\/az\/article\/ilham-eliyev-neftin-qiymetinden-asililigimizi-azaltmisiq\/#primaryimage"},"thumbnailUrl":"https:\/\/www.meydan.tv\/wp-content\/uploads\/27354.jpg","articleSection":["Analitika"],"inLanguage":"az"},{"@type":"WebPage","@id":"https:\/\/www.meydan.tv\/az\/article\/ilham-eliyev-neftin-qiymetinden-asililigimizi-azaltmisiq\/","url":"https:\/\/www.meydan.tv\/az\/article\/ilham-eliyev-neftin-qiymetinden-asililigimizi-azaltmisiq\/","name":"\u0130lham \u018fliyev: Neftin qiym\u0259tind\u0259n as\u0131l\u0131l\u0131\u011f\u0131m\u0131z\u0131 azaltm\u0131\u015f\u0131q - MEYDAN.TV","isPartOf":{"@id":"https:\/\/www.meydan.tv\/az\/#website"},"primaryImageOfPage":{"@id":"https:\/\/www.meydan.tv\/az\/article\/ilham-eliyev-neftin-qiymetinden-asililigimizi-azaltmisiq\/#primaryimage"},"image":{"@id":"https:\/\/www.meydan.tv\/az\/article\/ilham-eliyev-neftin-qiymetinden-asililigimizi-azaltmisiq\/#primaryimage"},"thumbnailUrl":"https:\/\/www.meydan.tv\/wp-content\/uploads\/27354.jpg","datePublished":"2016-10-25T18:26:58+00:00","breadcrumb":{"@id":"https:\/\/www.meydan.tv\/az\/article\/ilham-eliyev-neftin-qiymetinden-asililigimizi-azaltmisiq\/#breadcrumb"},"inLanguage":"az","potentialAction":[{"@type":"ReadAction","target":["https:\/\/www.meydan.tv\/az\/article\/ilham-eliyev-neftin-qiymetinden-asililigimizi-azaltmisiq\/"]}]},{"@type":"ImageObject","inLanguage":"az","@id":"https:\/\/www.meydan.tv\/az\/article\/ilham-eliyev-neftin-qiymetinden-asililigimizi-azaltmisiq\/#primaryimage","url":"https:\/\/www.meydan.tv\/wp-content\/uploads\/27354.jpg","contentUrl":"https:\/\/www.meydan.tv\/wp-content\/uploads\/27354.jpg","width":750,"height":496,"caption":"Source:"},{"@type":"BreadcrumbList","@id":"https:\/\/www.meydan.tv\/az\/article\/ilham-eliyev-neftin-qiymetinden-asililigimizi-azaltmisiq\/#breadcrumb","itemListElement":[{"@type":"ListItem","position":1,"name":"Ana s\u0259hif\u0259","item":"https:\/\/www.meydan.tv\/az\/"},{"@type":"ListItem","position":2,"name":"Analitika","item":"https:\/\/www.meydan.tv\/az\/section\/analitika\/"},{"@type":"ListItem","position":3,"name":"\u0130lham \u018fliyev: Neftin qiym\u0259tind\u0259n as\u0131l\u0131l\u0131\u011f\u0131m\u0131z\u0131 azaltm\u0131\u015f\u0131q"}]},{"@type":"WebSite","@id":"https:\/\/www.meydan.tv\/az\/#website","url":"https:\/\/www.meydan.tv\/az\/","name":"MEYDAN.TV","description":"Meydan TV Az\u0259rbaycan\u0131n media m\u0259kan\u0131ndak\u0131 alternativ s\u0259sidir","publisher":{"@id":"https:\/\/www.meydan.tv\/az\/#organization"},"potentialAction":[{"@type":"SearchAction","target":{"@type":"EntryPoint","urlTemplate":"https:\/\/www.meydan.tv\/az\/?s={search_term_string}"},"query-input":{"@type":"PropertyValueSpecification","valueRequired":true,"valueName":"search_term_string"}}],"inLanguage":"az"},{"@type":"Organization","@id":"https:\/\/www.meydan.tv\/az\/#organization","name":"Meydan TV","url":"https:\/\/www.meydan.tv\/az\/","logo":{"@type":"ImageObject","inLanguage":"az","@id":"https:\/\/www.meydan.tv\/az\/#\/schema\/logo\/image\/","url":"https:\/\/www.meydan.tv\/wp-content\/uploads\/2021\/07\/meydan-logo.svg","contentUrl":"https:\/\/www.meydan.tv\/wp-content\/uploads\/2021\/07\/meydan-logo.svg","width":195,"height":46,"caption":"Meydan TV"},"image":{"@id":"https:\/\/www.meydan.tv\/az\/#\/schema\/logo\/image\/"}},{"@type":"Person","@id":"https:\/\/www.meydan.tv\/az\/#\/schema\/person\/10d11eccf6da3662cf5fdab9806ea91a","name":"user-manager"}]}},"_links":{"self":[{"href":"https:\/\/www.meydan.tv\/az\/wp-json\/wp\/v2\/posts\/179882","targetHints":{"allow":["GET"]}}],"collection":[{"href":"https:\/\/www.meydan.tv\/az\/wp-json\/wp\/v2\/posts"}],"about":[{"href":"https:\/\/www.meydan.tv\/az\/wp-json\/wp\/v2\/types\/post"}],"author":[{"embeddable":true,"href":"https:\/\/www.meydan.tv\/az\/wp-json\/wp\/v2\/users\/11"}],"replies":[{"embeddable":true,"href":"https:\/\/www.meydan.tv\/az\/wp-json\/wp\/v2\/comments?post=179882"}],"version-history":[{"count":0,"href":"https:\/\/www.meydan.tv\/az\/wp-json\/wp\/v2\/posts\/179882\/revisions"}],"wp:featuredmedia":[{"embeddable":true,"href":"https:\/\/www.meydan.tv\/az\/wp-json\/wp\/v2\/media\/71413"}],"wp:attachment":[{"href":"https:\/\/www.meydan.tv\/az\/wp-json\/wp\/v2\/media?parent=179882"}],"wp:term":[{"taxonomy":"category","embeddable":true,"href":"https:\/\/www.meydan.tv\/az\/wp-json\/wp\/v2\/categories?post=179882"},{"taxonomy":"post_tag","embeddable":true,"href":"https:\/\/www.meydan.tv\/az\/wp-json\/wp\/v2\/tags?post=179882"}],"curies":[{"name":"wp","href":"https:\/\/api.w.org\/{rel}","templated":true}]}}