{"id":179877,"date":"2016-10-25T17:08:43","date_gmt":"2016-10-25T17:08:43","guid":{"rendered":"https:\/\/www.meydan.tv\/article\/imf-den-sertlesi-cagirisi-hokumet-onsuz-da-yumsalmam-deyir\/"},"modified":"2016-10-25T17:08:43","modified_gmt":"2016-10-25T17:08:43","slug":"imf-den-sertlesi-cagirisi-hokumet-onsuz-da-yumsalmam-deyir","status":"publish","type":"post","link":"https:\/\/www.meydan.tv\/az\/article\/imf-den-sertlesi-cagirisi-hokumet-onsuz-da-yumsalmam-deyir\/","title":{"rendered":"\u0130MF-d\u0259n &#8221;s\u0259rtl\u0259\u015fi&#8221; \u00e7a\u011f\u0131r\u0131\u015f\u0131: H\u00f6kum\u0259t &#8221;onsuz da yum\u015falmam&#8221; deyir"},"content":{"rendered":"<figure class=\"wp-block-image size-large\">\n  <img decoding=\"async\" src=\"https:\/\/www.meydan.tv\/az\/71377\/\" alt=\"\" class=\"wp-image-71377\"\/><figcaption><\/figcaption><\/figure>\n<p>\n  <i><\/i>\n<\/p>\n<figure class=\"wp-block-image size-large\">\n  <img decoding=\"async\" src=\"https:\/\/www.meydan.tv\/az\/71381\/\" alt=\"\" class=\"wp-image-71381\"\/><figcaption><\/figcaption><\/figure>\n<p>\n  <i><br \/>\n    Neft g\u0259lirl\u0259rinin 2 d\u0259f\u0259y\u0259d\u0259k azalmas\u0131n\u0131 v\u0259 bunun n\u0259tic\u0259sind\u0259 milli valyutan\u0131n 2 d\u0259f\u0259y\u0259d\u0259k d\u0259y\u0259r itirm\u0259sini g\u00f6zl\u0259nilm\u0259z iqtisadi proses saymaq olar<br \/>\n  <\/i>\n<\/p>\n<p>\n  <a href=\"http:\/\/apa.az\/iqtisadiyyat-xeberleri\/maliyye_xeberleri\/imf-azerbaycanda-sert-pul-kredit-siyasetinin-kecirilmesini-teklif-edir.html\"><br \/>\n    Beyn\u0259lxalq Valyuta Fondu<br \/>\n  <\/a><br \/>\n  ikir\u0259q\u0259mli inflyasiyan\u0131 \u0259sas g\u00f6t\u00fcr\u0259r\u0259k Az\u0259rbaycanda s\u0259rt-pul kredit siyas\u0259tinin davam etdirilm\u0259sini d\u0259st\u0259kl\u0259yir.\n<\/p>\n<p>\n  \u00d6lk\u0259d\u0259 qeyri-leqal i\u015fsizliyin miqyas\u0131n\u0131n s\u00fcr\u0259tl\u0259 geni\u015fl\u0259ndiyi, \u0259m\u0259k haqlar\u0131n\u0131n ixtisar\u0131 n\u0259tic\u0259sind\u0259 \u0259halinin nominal g\u0259lirl\u0259rinin azald\u0131\u011f\u0131, onsuz da az olan qeyri-neft ixrac g\u0259lirl\u0259rinin k\u0259skin enm\u0259si, k\u0259nardan dolan\u0131\u015f\u0131q \u00fc\u00e7\u00fcn ail\u0259l\u0259r\u0259 g\u00f6nd\u0259ril\u0259n remit\u0259nsl\u0259rin 2 d\u0259f\u0259y\u0259d\u0259k ixtisar olundu\u011fu \u015f\u0259raitd\u0259 ikir\u0259q\u0259mli inflyasiya \u00e7ox ciddi sosial \u015foklara s\u0259b\u0259b ola bil\u0259r. \u0130ndiki inflyasiya s\u0259viyy\u0259si \u0259halini \u00e7ox s\u00fcr\u0259tl\u0259 yoxsulluq v\u0259 sosial iztiraba s\u00fcr\u00fckl\u0259yir.\n<\/p>\n<p>\n  T\u0259xmin\u0259n 2 il \u0259vv\u0259l D\u00fcnya Bank\u0131 Az\u0259rbaycan \u0259halisinin 66 faizini yoxsul v\u0259 orta t\u0259b\u0259q\u0259y\u0259 m\u0259xsus oldu\u011funu demi\u015fdi. Bank ekspertl\u0259rinin q\u0259na\u0259tinc\u0259, bu kateqoriya yoxsulluqdan \u00e7\u0131xsa da, orta sinf\u0259 daxil olmay\u0131b. H\u0259min 66 faiz insan\u0131n g\u00fcnd\u0259lik istehlak\u0131 o zamank\u0131 m\u0259z\u0259nn\u0259 il\u0259 4 dollardan \u00e7ox, 10 dollardan az idi. H\u0259min vaxt bank ekspertl\u0259ri bildirmi\u015fdil\u0259r ki, h\u0259r hans\u0131 daxili v\u0259 xarici \u015fok bu t\u0259b\u0259q\u0259ni d\u0259rhal yoxsullar qrupuna s\u00fcr\u00fckl\u0259y\u0259 bil\u0259r.\n<\/p>\n<p>\n  Neftin qiym\u0259tinin k\u0259skin enm\u0259si fonunda \u00f6lk\u0259d\u0259 ya\u015fanan sosial-iqtisadi b\u00f6hran, ikir\u0259q\u0259mli inflyasiya m\u0259hz onlar\u0131n n\u0259z\u0259rd\u0259 tutdu\u011fu \u015fokdur.\n<\/p>\n<p>\n  \u018flb\u0259tt\u0259, indi yoxsullu\u011fun alternativ \u00f6l\u00e7\u00fclm\u0259si mexanizmi olmad\u0131\u011f\u0131na g\u00f6r\u0259, D\u00fcnya Bank\u0131n\u0131n &#8220;66 faizlik&#8221; qrupundan yoxsullar qrupuna n\u0259 q\u0259d\u0259r insan\u0131n ke\u00e7diyini dem\u0259k \u00e7\u0259tindir. Amma Valyuta Fondu m\u0259hz bu riskl\u0259ri n\u0259z\u0259r\u0259 alaraq, ikir\u0259q\u0259mli inflyasiyan\u0131n qar\u015f\u0131s\u0131n\u0131n al\u0131nmas\u0131n\u0131 vacib say\u0131r.\n<\/p>\n<p>\n  Burada is\u0259 bir \u0259mma var: s\u0259rt pul kredit siyas\u0259tinin o \u015f\u0259raitd\u0259 inflayasiyacilovlay\u0131c\u0131 makroiqtisadi al\u0259t kimi k\u0259s\u0259ri olur ki, qiym\u0259t art\u0131m\u0131na s\u0259b\u0259b olan amill\u0259r s\u0131ras\u0131nda monetar amill\u0259rin pay\u0131 y\u00fcks\u0259kdir. Monetar amill\u0259r o zaman aktivl\u0259\u015fir ki, iqtisadiyyatda pul k\u00fctl\u0259sinin v\u0259 kreditl\u0259\u015fm\u0259nin y\u00fcks\u0259k s\u0259viyy\u0259si \u015f\u0259raitind\u0259 M\u0259rk\u0259zi Bank h\u0259dd\u0259n art\u0131q a\u015fa\u011f\u0131 faizli u\u00e7ot siyas\u0259ti y\u00fcr\u00fcd\u00fcr.\n<\/p>\n<p>\n  Az\u0259rbaycanda is\u0259 son 2 ild\u0259 pul k\u00fctl\u0259si 2 d\u0259f\u0259, kreditl\u0259\u015fm\u0259nin h\u0259cmi is\u0259 30 faiz azal\u0131b. M\u0259rk\u0259zi Bank\u0131n bank sektoru vasit\u0259sil\u0259 iri d\u00f6vl\u0259t \u015firk\u0259tl\u0259rin\u0259 v\u0259 h\u00f6kum\u0259t\u0259 ay\u0131rd\u0131\u011f\u0131 v\u0259saitl\u0259ri n\u0259z\u0259r\u0259 almasaq, onun kredit emissiyas\u0131nda pay\u0131 kifay\u0259t q\u0259d\u0259r ki\u00e7ikdir. Haz\u0131rki \u015f\u0259raitd\u0259 M\u0259rk\u0259zi bank\u0131n u\u00e7ot siyas\u0259ti pulyarad\u0131c\u0131, n\u0259tic\u0259 etibaril\u0259 inflyasiyat\u00f6r\u0259dici g\u00fcc\u0259 malik deyil. O \u00f6lk\u0259l\u0259rd\u0259 s\u0259rt pul kredit inflyasiyan\u0131 bo\u011fmaqda effektli silahd\u0131r ki, onlarda milli valyutada geni\u015f pul k\u00fctl\u0259sinin \u00dcDM-\u0259 nisb\u0259ti 40-50 faizd\u0259n az deyil. Az\u0259rbaycanda bu g\u00f6st\u0259rici 16 faiz \u0259traf\u0131ndad\u0131r. H\u0259min \u00f6lk\u0259l\u0259rd\u0259 is\u0259 kredit resurslar\u0131n\u0131n \u00dcDM-d\u0259 pay\u0131 50-70 faiz interval\u0131nda d\u0259yi\u015fir. Az\u0259rbaycanda bu g\u00f6st\u0259rici 30 faizin alt\u0131ndad\u0131r.\n<\/p>\n<p>\n  Haz\u0131rda \u015fahidi oldu\u011fumuz ikir\u0259q\u0259mli inflyasiya iqtisadiyat\u0131n uzun m\u00fcdd\u0259t \u0259rzind\u0259 &#8220;pulsuzla\u015fd\u0131r\u0131ld\u0131\u011f\u0131&#8221; \u015f\u0259raitd\u0259 ba\u015f verib.\n<\/p>\n<p>\n  Bu g\u00fcnk\u00fc iqtisadi reall\u0131qda Az\u0259rbaycanda y\u00fcks\u0259k inflyasiyan\u0131 t\u00f6r\u0259d\u0259n s\u0259b\u0259bl\u0259r i\u00e7\u0259risind\u0259 qeyri-monetar (sad\u0259 des\u0259k pula ba\u011fl\u0131 olmayan) amill\u0259rin rolu h\u0259lledicidir. \u0130qtisadi n\u0259z\u0259riyy\u0259d\u0259 bu amill\u0259rin s\u0131ras\u0131 \u00e7ox geni\u015fdir: iqtisadiyyat\u0131n strukturunun deformasiyaya u\u011framas\u0131, iqtisadiyyatda y\u00fcks\u0259k inhisarla\u015fma s\u0259viyy\u0259si, siyasi v\u0259 iqtisadi xarakterli g\u00f6zl\u0259nilm\u0259z hadis\u0259l\u0259r, iqtisadiyyat\u0131n y\u00fcks\u0259k s\u0259viyy\u0259d\u0259 millitarizasiyas\u0131, b\u00fcdc\u0259-vergi v\u0259 pul-kredit siyas\u0259tind\u0259 burax\u0131lan kobud s\u0259hvl\u0259rdir.\n<\/p>\n<p>\n  Bu amill\u0259rin h\u0259r birinin t\u0259sirini son d\u0259r\u0259c\u0259 d\u0259qiqlikl\u0259 \u00f6l\u00e7m\u0259k \u00fc\u00e7\u00fcn d\u0259rin v\u0259 uzunm\u00fcdd\u0259tli, komanda z\u0259hm\u0259ti olan ara\u015fd\u0131rmalara ehtiyac var. \u018fvv\u0259ll\u0259r M\u0259rk\u0259zi Bank inflyasiya prosesl\u0259rind\u0259 monetar v\u0259 qeyri-monetar amill\u0259rin t\u0259dqiqi il\u0259 ba\u011fl\u0131 ara\u015fd\u0131rmalar\u0131n n\u0259tic\u0259l\u0259rini ictimail\u0259\u015fdirirdi. Orada ayr\u0131-ayr\u0131 amill\u0259rin pay\u0131n\u0131 da g\u00f6rm\u0259k olurdu. Son il yar\u0131mda bel\u0259 m\u0259lumatlar g\u00f6z\u0259 d\u0259ymir.\n<\/p>\n<p>\n  Lakin qeyri-neft \u00dcDM-nin 10 faiz\u0259d\u0259k azalmas\u0131, qeyri-neft ixrac g\u0259lirl\u0259nin 50 faizd\u0259n \u00e7ox itirilm\u0259si iqtisadiyyat\u0131n strukturunda ciddi probleml\u0259rin g\u00f6zl\u0259 g\u00f6r\u00fcn\u0259n \u0259sas \u0259lam\u0259tl\u0259rind\u0259n say\u0131la bil\u0259r. Neft g\u0259lirl\u0259rinin 2 d\u0259f\u0259y\u0259d\u0259k azalmas\u0131n\u0131 v\u0259 bunun n\u0259tic\u0259sind\u0259 milli valyutan\u0131n 2 d\u0259f\u0259y\u0259d\u0259k d\u0259y\u0259r itirm\u0259sini g\u00f6zl\u0259nilm\u0259z iqtisadi proses saymaq olar. Milyardlarla manat kredit resurslar\u0131n\u0131n korrupsiyan\u0131n yemin\u0259 \u00e7evrilm\u0259si, bu resurslar\u0131n yerini doldurmaq \u00fc\u00e7\u00fcn M\u0259rk\u0259zi Bank\u0131n iqtisadiyyatda d\u0259y\u0259r yaratmayan &#8220;milyardl\u0131q&#8221; kredit emissiyas\u0131na \u0259l atmas\u0131 kredit siyas\u0259tind\u0259 burax\u0131lan kobud s\u0259hvdir.\n<\/p>\n<p>\n  H\u00f6kum\u0259tin b\u00fcdc\u0259 x\u0259rcl\u0259rin\u0259 effektiv n\u0259zar\u0259t\u0259 imkan yaradan n\u0259tic\u0259li b\u00fcdc\u0259 mexanizml\u0259rin\u0259 ke\u00e7\u0259, b\u00fcdc\u0259nin \u00e7iynind\u0259 oturan izafi idar\u0259etm\u0259 y\u00fck\u00fcn\u00fc ixtisar ed\u0259 bilm\u0259m\u0259si yanl\u0131\u015f b\u00fcdc\u0259 siyas\u0259tinin t\u0259zah\u00fcr\u00fcd\u00fcr.\n<\/p>\n<p>\n  Sonda yen\u0259 \u0130MF-nin s\u0259rtl\u0259\u015fm\u0259 t\u0259klifin\u0259 d\u00f6n\u00fcr\u0259m: Az\u0259rbaycanda d\u0259y\u0259r yaradan, &#8220;1 manat\u0131 5 manata \u00e7evir\u0259n&#8221; r\u0259qab\u0259tli real sektor m\u00f6vcud olsayd\u0131, M\u0259rk\u0259zi Bank\u0131n &#8220;yum\u015falma\u011f\u0131&#8221;ndan qorxmazd\u0131q. Bir halda ki, \u00f6lk\u0259 iqtisadiyyat\u0131 bu q\u0259d\u0259r &#8220;oliqarxla\u015f\u0131b&#8221;, d\u00f6vriyy\u0259y\u0259 burax\u0131lan pullar monopoliyalar\u0131n m\u0259d\u0259sind\u0259n qurtula bilmir, Fondun \u0259ndi\u015f\u0259sini anlamaq olur.\n<\/p>\n<p>\n  Monetar s\u0259rtlik o halda \u00f6z\u00fcn\u00fc do\u011fruldur v\u0259 g\u0259r\u0259kdir ki, h\u00f6kum\u0259t yuxar\u0131da sadalanan qeyri-monetar amill\u0259rin h\u0259r biri il\u0259 ayr\u0131ca m\u00fcbariz\u0259 apar\u0131r, real, n\u0259tic\u0259l\u0259ri \u00f6l\u00e7\u00fcl\u0259 bil\u0259n, geni\u015f ictimai-siyasi konsensusa \u0259saslanan islahat proqram\u0131 q\u0259bul edir, vaxt itirm\u0259d\u0259n onun h\u0259yata ke\u00e7irilm\u0259sin\u0259 ba\u015flay\u0131r.\n<\/p>\n<p>\n  <a href=\"http:\/\/rovsanaghayev.blogspot.com\/2016\/10\/imf-dn-srtlsin-cagrs-hokumt-onsuz-da_25.html\"><br \/>\n    m\u0259nb\u0259<br \/>\n  <\/a><\/p>\n","protected":false},"excerpt":{"rendered":"<p>Neft g\u0259lirl\u0259rinin 2 d\u0259f\u0259y\u0259d\u0259k azalmas\u0131n\u0131 v\u0259 bunun n\u0259tic\u0259sind\u0259 milli valyutan\u0131n 2 d\u0259f\u0259y\u0259d\u0259k d\u0259y\u0259r itirm\u0259sini g\u00f6zl\u0259nilm\u0259z iqtisadi proses saymaq olar<\/p>\n","protected":false},"author":11,"featured_media":71377,"comment_status":"closed","ping_status":"open","sticky":false,"template":"","format":"standard","meta":{"_acf_changed":false,"_sitemap_exclude":false,"_sitemap_priority":"","_sitemap_frequency":"","footnotes":""},"categories":[51],"tags":[],"class_list":["post-179877","post","type-post","status-publish","format-standard","has-post-thumbnail","hentry","category-analitika","infinite-scroll-item","generate-columns","tablet-grid-50","mobile-grid-100","grid-parent","grid-33","no-featured-image-padding"],"acf":[],"yoast_head":"<!-- This site is optimized with the Yoast SEO plugin v27.5 - https:\/\/yoast.com\/product\/yoast-seo-wordpress\/ -->\n<title>\u0130MF-d\u0259n &#039;&#039;s\u0259rtl\u0259\u015fi&#039;&#039; \u00e7a\u011f\u0131r\u0131\u015f\u0131: H\u00f6kum\u0259t &#039;&#039;onsuz da yum\u015falmam&#039;&#039; deyir - MEYDAN.TV<\/title>\n<meta name=\"robots\" content=\"index, follow, max-snippet:-1, max-image-preview:large, max-video-preview:-1\" \/>\n<link rel=\"canonical\" href=\"https:\/\/www.meydan.tv\/az\/article\/imf-den-sertlesi-cagirisi-hokumet-onsuz-da-yumsalmam-deyir\/\" \/>\n<meta property=\"og:locale\" content=\"az_AZ\" \/>\n<meta property=\"og:type\" content=\"article\" \/>\n<meta property=\"og:title\" content=\"\u0130MF-d\u0259n &#039;&#039;s\u0259rtl\u0259\u015fi&#039;&#039; \u00e7a\u011f\u0131r\u0131\u015f\u0131: H\u00f6kum\u0259t &#039;&#039;onsuz da yum\u015falmam&#039;&#039; deyir - MEYDAN.TV\" \/>\n<meta property=\"og:description\" content=\"Neft g\u0259lirl\u0259rinin 2 d\u0259f\u0259y\u0259d\u0259k azalmas\u0131n\u0131 v\u0259 bunun n\u0259tic\u0259sind\u0259 milli valyutan\u0131n 2 d\u0259f\u0259y\u0259d\u0259k d\u0259y\u0259r itirm\u0259sini g\u00f6zl\u0259nilm\u0259z iqtisadi proses saymaq olar\" \/>\n<meta property=\"og:url\" content=\"https:\/\/www.meydan.tv\/az\/article\/imf-den-sertlesi-cagirisi-hokumet-onsuz-da-yumsalmam-deyir\/\" \/>\n<meta property=\"og:site_name\" content=\"MEYDAN.TV\" \/>\n<meta property=\"article:published_time\" content=\"2016-10-25T17:08:43+00:00\" \/>\n<meta property=\"og:image\" content=\"https:\/\/www.meydan.tv\/wp-content\/uploads\/27351.jpg\" \/>\n\t<meta property=\"og:image:width\" content=\"500\" \/>\n\t<meta property=\"og:image:height\" content=\"304\" \/>\n\t<meta property=\"og:image:type\" content=\"image\/jpeg\" \/>\n<meta name=\"author\" content=\"user-manager\" \/>\n<meta name=\"twitter:card\" content=\"summary_large_image\" \/>\n<script type=\"application\/ld+json\" class=\"yoast-schema-graph\">{\"@context\":\"https:\\\/\\\/schema.org\",\"@graph\":[{\"@type\":\"Article\",\"@id\":\"https:\\\/\\\/www.meydan.tv\\\/az\\\/article\\\/imf-den-sertlesi-cagirisi-hokumet-onsuz-da-yumsalmam-deyir\\\/#article\",\"isPartOf\":{\"@id\":\"https:\\\/\\\/www.meydan.tv\\\/az\\\/article\\\/imf-den-sertlesi-cagirisi-hokumet-onsuz-da-yumsalmam-deyir\\\/\"},\"author\":{\"name\":\"user-manager\",\"@id\":\"https:\\\/\\\/www.meydan.tv\\\/az\\\/#\\\/schema\\\/person\\\/10d11eccf6da3662cf5fdab9806ea91a\"},\"headline\":\"\u0130MF-d\u0259n &#8221;s\u0259rtl\u0259\u015fi&#8221; \u00e7a\u011f\u0131r\u0131\u015f\u0131: H\u00f6kum\u0259t &#8221;onsuz da yum\u015falmam&#8221; deyir\",\"datePublished\":\"2016-10-25T17:08:43+00:00\",\"mainEntityOfPage\":{\"@id\":\"https:\\\/\\\/www.meydan.tv\\\/az\\\/article\\\/imf-den-sertlesi-cagirisi-hokumet-onsuz-da-yumsalmam-deyir\\\/\"},\"wordCount\":1113,\"publisher\":{\"@id\":\"https:\\\/\\\/www.meydan.tv\\\/az\\\/#organization\"},\"image\":{\"@id\":\"https:\\\/\\\/www.meydan.tv\\\/az\\\/article\\\/imf-den-sertlesi-cagirisi-hokumet-onsuz-da-yumsalmam-deyir\\\/#primaryimage\"},\"thumbnailUrl\":\"https:\\\/\\\/www.meydan.tv\\\/wp-content\\\/uploads\\\/27351.jpg\",\"articleSection\":[\"Analitika\"],\"inLanguage\":\"az\"},{\"@type\":\"WebPage\",\"@id\":\"https:\\\/\\\/www.meydan.tv\\\/az\\\/article\\\/imf-den-sertlesi-cagirisi-hokumet-onsuz-da-yumsalmam-deyir\\\/\",\"url\":\"https:\\\/\\\/www.meydan.tv\\\/az\\\/article\\\/imf-den-sertlesi-cagirisi-hokumet-onsuz-da-yumsalmam-deyir\\\/\",\"name\":\"\u0130MF-d\u0259n ''s\u0259rtl\u0259\u015fi'' \u00e7a\u011f\u0131r\u0131\u015f\u0131: H\u00f6kum\u0259t ''onsuz da yum\u015falmam'' deyir - MEYDAN.TV\",\"isPartOf\":{\"@id\":\"https:\\\/\\\/www.meydan.tv\\\/az\\\/#website\"},\"primaryImageOfPage\":{\"@id\":\"https:\\\/\\\/www.meydan.tv\\\/az\\\/article\\\/imf-den-sertlesi-cagirisi-hokumet-onsuz-da-yumsalmam-deyir\\\/#primaryimage\"},\"image\":{\"@id\":\"https:\\\/\\\/www.meydan.tv\\\/az\\\/article\\\/imf-den-sertlesi-cagirisi-hokumet-onsuz-da-yumsalmam-deyir\\\/#primaryimage\"},\"thumbnailUrl\":\"https:\\\/\\\/www.meydan.tv\\\/wp-content\\\/uploads\\\/27351.jpg\",\"datePublished\":\"2016-10-25T17:08:43+00:00\",\"breadcrumb\":{\"@id\":\"https:\\\/\\\/www.meydan.tv\\\/az\\\/article\\\/imf-den-sertlesi-cagirisi-hokumet-onsuz-da-yumsalmam-deyir\\\/#breadcrumb\"},\"inLanguage\":\"az\",\"potentialAction\":[{\"@type\":\"ReadAction\",\"target\":[\"https:\\\/\\\/www.meydan.tv\\\/az\\\/article\\\/imf-den-sertlesi-cagirisi-hokumet-onsuz-da-yumsalmam-deyir\\\/\"]}]},{\"@type\":\"ImageObject\",\"inLanguage\":\"az\",\"@id\":\"https:\\\/\\\/www.meydan.tv\\\/az\\\/article\\\/imf-den-sertlesi-cagirisi-hokumet-onsuz-da-yumsalmam-deyir\\\/#primaryimage\",\"url\":\"https:\\\/\\\/www.meydan.tv\\\/wp-content\\\/uploads\\\/27351.jpg\",\"contentUrl\":\"https:\\\/\\\/www.meydan.tv\\\/wp-content\\\/uploads\\\/27351.jpg\",\"width\":500,\"height\":304,\"caption\":\"Source:\"},{\"@type\":\"BreadcrumbList\",\"@id\":\"https:\\\/\\\/www.meydan.tv\\\/az\\\/article\\\/imf-den-sertlesi-cagirisi-hokumet-onsuz-da-yumsalmam-deyir\\\/#breadcrumb\",\"itemListElement\":[{\"@type\":\"ListItem\",\"position\":1,\"name\":\"Ana s\u0259hif\u0259\",\"item\":\"https:\\\/\\\/www.meydan.tv\\\/az\\\/\"},{\"@type\":\"ListItem\",\"position\":2,\"name\":\"Analitika\",\"item\":\"https:\\\/\\\/www.meydan.tv\\\/az\\\/section\\\/analitika\\\/\"},{\"@type\":\"ListItem\",\"position\":3,\"name\":\"\u0130MF-d\u0259n &#8221;s\u0259rtl\u0259\u015fi&#8221; \u00e7a\u011f\u0131r\u0131\u015f\u0131: H\u00f6kum\u0259t &#8221;onsuz da yum\u015falmam&#8221; deyir\"}]},{\"@type\":\"WebSite\",\"@id\":\"https:\\\/\\\/www.meydan.tv\\\/az\\\/#website\",\"url\":\"https:\\\/\\\/www.meydan.tv\\\/az\\\/\",\"name\":\"MEYDAN.TV\",\"description\":\"Meydan TV Az\u0259rbaycan\u0131n media m\u0259kan\u0131ndak\u0131 alternativ s\u0259sidir\",\"publisher\":{\"@id\":\"https:\\\/\\\/www.meydan.tv\\\/az\\\/#organization\"},\"potentialAction\":[{\"@type\":\"SearchAction\",\"target\":{\"@type\":\"EntryPoint\",\"urlTemplate\":\"https:\\\/\\\/www.meydan.tv\\\/az\\\/?s={search_term_string}\"},\"query-input\":{\"@type\":\"PropertyValueSpecification\",\"valueRequired\":true,\"valueName\":\"search_term_string\"}}],\"inLanguage\":\"az\"},{\"@type\":\"Organization\",\"@id\":\"https:\\\/\\\/www.meydan.tv\\\/az\\\/#organization\",\"name\":\"Meydan TV\",\"url\":\"https:\\\/\\\/www.meydan.tv\\\/az\\\/\",\"logo\":{\"@type\":\"ImageObject\",\"inLanguage\":\"az\",\"@id\":\"https:\\\/\\\/www.meydan.tv\\\/az\\\/#\\\/schema\\\/logo\\\/image\\\/\",\"url\":\"https:\\\/\\\/www.meydan.tv\\\/wp-content\\\/uploads\\\/2021\\\/07\\\/meydan-logo.svg\",\"contentUrl\":\"https:\\\/\\\/www.meydan.tv\\\/wp-content\\\/uploads\\\/2021\\\/07\\\/meydan-logo.svg\",\"width\":195,\"height\":46,\"caption\":\"Meydan TV\"},\"image\":{\"@id\":\"https:\\\/\\\/www.meydan.tv\\\/az\\\/#\\\/schema\\\/logo\\\/image\\\/\"}},{\"@type\":\"Person\",\"@id\":\"https:\\\/\\\/www.meydan.tv\\\/az\\\/#\\\/schema\\\/person\\\/10d11eccf6da3662cf5fdab9806ea91a\",\"name\":\"user-manager\"}]}<\/script>\n<!-- \/ Yoast SEO plugin. -->","yoast_head_json":{"title":"\u0130MF-d\u0259n ''s\u0259rtl\u0259\u015fi'' \u00e7a\u011f\u0131r\u0131\u015f\u0131: H\u00f6kum\u0259t ''onsuz da yum\u015falmam'' deyir - MEYDAN.TV","robots":{"index":"index","follow":"follow","max-snippet":"max-snippet:-1","max-image-preview":"max-image-preview:large","max-video-preview":"max-video-preview:-1"},"canonical":"https:\/\/www.meydan.tv\/az\/article\/imf-den-sertlesi-cagirisi-hokumet-onsuz-da-yumsalmam-deyir\/","og_locale":"az_AZ","og_type":"article","og_title":"\u0130MF-d\u0259n ''s\u0259rtl\u0259\u015fi'' \u00e7a\u011f\u0131r\u0131\u015f\u0131: H\u00f6kum\u0259t ''onsuz da yum\u015falmam'' deyir - MEYDAN.TV","og_description":"Neft g\u0259lirl\u0259rinin 2 d\u0259f\u0259y\u0259d\u0259k azalmas\u0131n\u0131 v\u0259 bunun n\u0259tic\u0259sind\u0259 milli valyutan\u0131n 2 d\u0259f\u0259y\u0259d\u0259k d\u0259y\u0259r itirm\u0259sini g\u00f6zl\u0259nilm\u0259z iqtisadi proses saymaq olar","og_url":"https:\/\/www.meydan.tv\/az\/article\/imf-den-sertlesi-cagirisi-hokumet-onsuz-da-yumsalmam-deyir\/","og_site_name":"MEYDAN.TV","article_published_time":"2016-10-25T17:08:43+00:00","og_image":[{"width":500,"height":304,"url":"https:\/\/www.meydan.tv\/wp-content\/uploads\/27351.jpg","type":"image\/jpeg"}],"author":"user-manager","twitter_card":"summary_large_image","schema":{"@context":"https:\/\/schema.org","@graph":[{"@type":"Article","@id":"https:\/\/www.meydan.tv\/az\/article\/imf-den-sertlesi-cagirisi-hokumet-onsuz-da-yumsalmam-deyir\/#article","isPartOf":{"@id":"https:\/\/www.meydan.tv\/az\/article\/imf-den-sertlesi-cagirisi-hokumet-onsuz-da-yumsalmam-deyir\/"},"author":{"name":"user-manager","@id":"https:\/\/www.meydan.tv\/az\/#\/schema\/person\/10d11eccf6da3662cf5fdab9806ea91a"},"headline":"\u0130MF-d\u0259n &#8221;s\u0259rtl\u0259\u015fi&#8221; \u00e7a\u011f\u0131r\u0131\u015f\u0131: H\u00f6kum\u0259t &#8221;onsuz da yum\u015falmam&#8221; deyir","datePublished":"2016-10-25T17:08:43+00:00","mainEntityOfPage":{"@id":"https:\/\/www.meydan.tv\/az\/article\/imf-den-sertlesi-cagirisi-hokumet-onsuz-da-yumsalmam-deyir\/"},"wordCount":1113,"publisher":{"@id":"https:\/\/www.meydan.tv\/az\/#organization"},"image":{"@id":"https:\/\/www.meydan.tv\/az\/article\/imf-den-sertlesi-cagirisi-hokumet-onsuz-da-yumsalmam-deyir\/#primaryimage"},"thumbnailUrl":"https:\/\/www.meydan.tv\/wp-content\/uploads\/27351.jpg","articleSection":["Analitika"],"inLanguage":"az"},{"@type":"WebPage","@id":"https:\/\/www.meydan.tv\/az\/article\/imf-den-sertlesi-cagirisi-hokumet-onsuz-da-yumsalmam-deyir\/","url":"https:\/\/www.meydan.tv\/az\/article\/imf-den-sertlesi-cagirisi-hokumet-onsuz-da-yumsalmam-deyir\/","name":"\u0130MF-d\u0259n ''s\u0259rtl\u0259\u015fi'' \u00e7a\u011f\u0131r\u0131\u015f\u0131: H\u00f6kum\u0259t ''onsuz da yum\u015falmam'' deyir - MEYDAN.TV","isPartOf":{"@id":"https:\/\/www.meydan.tv\/az\/#website"},"primaryImageOfPage":{"@id":"https:\/\/www.meydan.tv\/az\/article\/imf-den-sertlesi-cagirisi-hokumet-onsuz-da-yumsalmam-deyir\/#primaryimage"},"image":{"@id":"https:\/\/www.meydan.tv\/az\/article\/imf-den-sertlesi-cagirisi-hokumet-onsuz-da-yumsalmam-deyir\/#primaryimage"},"thumbnailUrl":"https:\/\/www.meydan.tv\/wp-content\/uploads\/27351.jpg","datePublished":"2016-10-25T17:08:43+00:00","breadcrumb":{"@id":"https:\/\/www.meydan.tv\/az\/article\/imf-den-sertlesi-cagirisi-hokumet-onsuz-da-yumsalmam-deyir\/#breadcrumb"},"inLanguage":"az","potentialAction":[{"@type":"ReadAction","target":["https:\/\/www.meydan.tv\/az\/article\/imf-den-sertlesi-cagirisi-hokumet-onsuz-da-yumsalmam-deyir\/"]}]},{"@type":"ImageObject","inLanguage":"az","@id":"https:\/\/www.meydan.tv\/az\/article\/imf-den-sertlesi-cagirisi-hokumet-onsuz-da-yumsalmam-deyir\/#primaryimage","url":"https:\/\/www.meydan.tv\/wp-content\/uploads\/27351.jpg","contentUrl":"https:\/\/www.meydan.tv\/wp-content\/uploads\/27351.jpg","width":500,"height":304,"caption":"Source:"},{"@type":"BreadcrumbList","@id":"https:\/\/www.meydan.tv\/az\/article\/imf-den-sertlesi-cagirisi-hokumet-onsuz-da-yumsalmam-deyir\/#breadcrumb","itemListElement":[{"@type":"ListItem","position":1,"name":"Ana s\u0259hif\u0259","item":"https:\/\/www.meydan.tv\/az\/"},{"@type":"ListItem","position":2,"name":"Analitika","item":"https:\/\/www.meydan.tv\/az\/section\/analitika\/"},{"@type":"ListItem","position":3,"name":"\u0130MF-d\u0259n &#8221;s\u0259rtl\u0259\u015fi&#8221; \u00e7a\u011f\u0131r\u0131\u015f\u0131: H\u00f6kum\u0259t &#8221;onsuz da yum\u015falmam&#8221; deyir"}]},{"@type":"WebSite","@id":"https:\/\/www.meydan.tv\/az\/#website","url":"https:\/\/www.meydan.tv\/az\/","name":"MEYDAN.TV","description":"Meydan TV Az\u0259rbaycan\u0131n media m\u0259kan\u0131ndak\u0131 alternativ s\u0259sidir","publisher":{"@id":"https:\/\/www.meydan.tv\/az\/#organization"},"potentialAction":[{"@type":"SearchAction","target":{"@type":"EntryPoint","urlTemplate":"https:\/\/www.meydan.tv\/az\/?s={search_term_string}"},"query-input":{"@type":"PropertyValueSpecification","valueRequired":true,"valueName":"search_term_string"}}],"inLanguage":"az"},{"@type":"Organization","@id":"https:\/\/www.meydan.tv\/az\/#organization","name":"Meydan TV","url":"https:\/\/www.meydan.tv\/az\/","logo":{"@type":"ImageObject","inLanguage":"az","@id":"https:\/\/www.meydan.tv\/az\/#\/schema\/logo\/image\/","url":"https:\/\/www.meydan.tv\/wp-content\/uploads\/2021\/07\/meydan-logo.svg","contentUrl":"https:\/\/www.meydan.tv\/wp-content\/uploads\/2021\/07\/meydan-logo.svg","width":195,"height":46,"caption":"Meydan TV"},"image":{"@id":"https:\/\/www.meydan.tv\/az\/#\/schema\/logo\/image\/"}},{"@type":"Person","@id":"https:\/\/www.meydan.tv\/az\/#\/schema\/person\/10d11eccf6da3662cf5fdab9806ea91a","name":"user-manager"}]}},"_links":{"self":[{"href":"https:\/\/www.meydan.tv\/az\/wp-json\/wp\/v2\/posts\/179877","targetHints":{"allow":["GET"]}}],"collection":[{"href":"https:\/\/www.meydan.tv\/az\/wp-json\/wp\/v2\/posts"}],"about":[{"href":"https:\/\/www.meydan.tv\/az\/wp-json\/wp\/v2\/types\/post"}],"author":[{"embeddable":true,"href":"https:\/\/www.meydan.tv\/az\/wp-json\/wp\/v2\/users\/11"}],"replies":[{"embeddable":true,"href":"https:\/\/www.meydan.tv\/az\/wp-json\/wp\/v2\/comments?post=179877"}],"version-history":[{"count":0,"href":"https:\/\/www.meydan.tv\/az\/wp-json\/wp\/v2\/posts\/179877\/revisions"}],"wp:featuredmedia":[{"embeddable":true,"href":"https:\/\/www.meydan.tv\/az\/wp-json\/wp\/v2\/media\/71377"}],"wp:attachment":[{"href":"https:\/\/www.meydan.tv\/az\/wp-json\/wp\/v2\/media?parent=179877"}],"wp:term":[{"taxonomy":"category","embeddable":true,"href":"https:\/\/www.meydan.tv\/az\/wp-json\/wp\/v2\/categories?post=179877"},{"taxonomy":"post_tag","embeddable":true,"href":"https:\/\/www.meydan.tv\/az\/wp-json\/wp\/v2\/tags?post=179877"}],"curies":[{"name":"wp","href":"https:\/\/api.w.org\/{rel}","templated":true}]}}