{"id":179874,"date":"2016-10-25T16:34:18","date_gmt":"2016-10-25T16:34:18","guid":{"rendered":"https:\/\/www.meydan.tv\/article\/belediyyelerin-maliyye-potensiali-bir-qeder-de-mehdudlasdirilacaq\/"},"modified":"2016-10-25T16:34:18","modified_gmt":"2016-10-25T16:34:18","slug":"belediyyelerin-maliyye-potensiali-bir-qeder-de-mehdudlasdirilacaq","status":"publish","type":"post","link":"https:\/\/www.meydan.tv\/az\/article\/belediyyelerin-maliyye-potensiali-bir-qeder-de-mehdudlasdirilacaq\/","title":{"rendered":"B\u0259l\u0259diyy\u0259l\u0259rin maliyy\u0259 potensial\u0131 bir q\u0259d\u0259r d\u0259 m\u0259hdudla\u015fd\u0131r\u0131lacaq"},"content":{"rendered":"<figure class=\"wp-block-image size-large\">\n  <img decoding=\"async\" src=\"https:\/\/www.meydan.tv\/az\/71380\/\" alt=\"\" class=\"wp-image-71380\"\/><figcaption><\/figcaption><\/figure>\n<figure class=\"wp-block-image size-large\">\n  <img decoding=\"async\" src=\"https:\/\/www.meydan.tv\/az\/71380\/\" alt=\"\" class=\"wp-image-71380\"\/><figcaption>\n    Samir \u018fliyev foto sosial \u015f\u0259b\u0259k\u0259<br \/>\n  <\/figcaption><\/figure>\n<p>\n  <i><br \/>\n    &#8221;Bu, Az\u0259rbaycan\u0131n da qo\u015fuldu\u011fu Yerli \u00d6z\u00fcn\u00fcidar\u0259y\u0259 Dair Avropa Xartiyas\u0131n\u0131n t\u0259l\u0259bl\u0259rin\u0259 ziddir&#8221;<br \/>\n  <\/i>\n<\/p>\n<p>\n  Prezidentin 6 may 2016-c\u0131 il tarixd\u0259 imzalad\u0131\u011f\u0131 227-VQD sayl\u0131 Qanunla Vergi M\u0259c\u0259ll\u0259sin\u0259 edilmi\u015f d\u0259yi\u015fiklikl\u0259 2017-ci il yanvar\u0131n 1-d\u0259n etibar\u0259n fiziki \u015f\u0259xsl\u0259rin torpaq vergisinin bir hiss\u0259si d\u00f6vl\u0259t b\u00fcdc\u0259sin\u0259 k\u00f6\u00e7\u00fcr\u00fcl\u0259c\u0259k.\n<\/p>\n<p>\n  M\u0259c\u0259ll\u0259y\u0259 edilmi\u015f d\u0259yi\u015fiklik n\u0259tic\u0259sind\u0259 k\u0259nd t\u0259s\u0259rr\u00fcfat\u0131 torpaqlar\u0131 \u00fczr\u0259 torpaq vergisinin d\u0259r\u0259c\u0259si torpaq sah\u0259sinin h\u0259r 100 kvadratmetrin\u0259 g\u00f6r\u0259 1 manat m\u00fc\u0259yy\u0259n edilir v\u0259 bu v\u0259sait d\u00f6vl\u0259t b\u00fcdc\u0259sin\u0259 k\u00f6\u00e7\u00fcr\u00fcl\u0259c\u0259k.\n<\/p>\n<p>\n  T\u0259yinat\u0131 \u00fczr\u0259 istifad\u0259 edil\u0259n v\u0259 obyektiv s\u0259b\u0259bl\u0259rd\u0259n t\u0259yinat\u0131 \u00fczr\u0259 istifad\u0259 edilm\u0259si m\u00fcmk\u00fcn olmayan k\u0259nd t\u0259s\u0259rr\u00fcfat\u0131 torpaqlar\u0131 \u00fczr\u0259 torpaq vergisinin d\u0259r\u0259c\u0259si is\u0259 1 \u015f\u0259rti bal \u00fc\u00e7\u00fcn 0,06 manat saxlan\u0131l\u0131b. Bel\u0259 torpaqlardan tutulan vergil\u0259r b\u0259l\u0259diyy\u0259 b\u00fcdc\u0259sin\u0259 k\u00f6\u00e7\u00fcr\u00fcl\u0259c\u0259k.\n<\/p>\n<p>\n  Bu vaxta q\u0259d\u0259r fiziki \u015f\u0259xsl\u0259rd\u0259n tutulan torpaq vergisi istisnas\u0131z olaraq yerli b\u00fcdc\u0259l\u0259r\u0259, y\u0259ni b\u0259l\u0259diyy\u0259l\u0259rin b\u00fcdc\u0259l\u0259rin\u0259 \u00f6d\u0259nilirdi. D\u00f6vl\u0259t b\u00fcdc\u0259sin\u0259 is\u0259 ancaq h\u00fcquqi \u015f\u0259xsl\u0259rin torpaq vergisi \u00f6d\u0259nilib.\n<\/p>\n<p>\n  Bu d\u0259yi\u015fiklik Az\u0259rbaycanda yerli \u00f6z\u00fcn\u00fcidar\u0259 qurumlar\u0131n\u0131n z\u0259if maliyy\u0259 potensial\u0131n\u0131 bir q\u0259d\u0259r d\u0259 m\u0259hdudla\u015fd\u0131rma\u011fa imkan yarad\u0131r.\n<\/p>\n<p>\n  M\u0259lumat \u00fc\u00e7\u00fcn bildirim ki, 2015-ci ild\u0259 \u00f6lk\u0259d\u0259 f\u0259aliyy\u0259t g\u00f6st\u0259r\u0259n 1600-dan \u00e7ox b\u0259l\u0259diyy\u0259d\u0259n \u00fcmumilikd\u0259 5,3 milyon manatl\u0131q torpaq vergisi y\u0131\u011f\u0131l\u0131b. Torpaq vergisi \u00fczr\u0259 daxilolmalar yerli 17 faizini t\u0259\u015fkil edir.\n<\/p>\n<p>\n  B\u0259l\u0259diyy\u0259l\u0259rin maliyy\u0259 potensial\u0131n\u0131n m\u0259hdudla\u015fd\u0131r\u0131lmas\u0131 Az\u0259rbaycan\u0131n da qo\u015fuldu\u011fu Yerli \u00d6z\u00fcn\u00fcidar\u0259y\u0259 Dair Avropa Xartiyas\u0131n\u0131n t\u0259l\u0259bl\u0259rin\u0259 ziddir. Avropa \u015euras\u0131n\u0131n Yerli v\u0259 Regional Hakimiyy\u0259tl\u0259r Konqresinin 2012-ci ild\u0259 haz\u0131rlad\u0131\u011f\u0131 326 sayl\u0131 T\u00f6vsiy\u0259d\u0259 b\u0259l\u0259diyy\u0259l\u0259rin maliyy\u0259 imkanlar\u0131n\u0131n geni\u015fl\u0259ndirilm\u0259sinin vacibliyi qeyd etmi\u015fdi.<br \/>\n  <br \/>\n  2006-c\u0131 ild\u0259 d\u0259 yerli vergi olan n\u0259qliyyat vasit\u0259l\u0259rind\u0259n \u0259mlak vergisi Yol vergisin\u0259 \u00e7evril\u0259r\u0259k d\u00f6vl\u0259t b\u00fcdc\u0259sin\u0259 k\u00f6\u00e7\u00fcr\u00fclm\u00fc\u015fd\u00fc.<\/p>\n","protected":false},"excerpt":{"rendered":"<p>&#8221;Bu, Az\u0259rbaycan\u0131n da qo\u015fuldu\u011fu Yerli \u00d6z\u00fcn\u00fcidar\u0259y\u0259 Dair Avropa Xartiyas\u0131n\u0131n t\u0259l\u0259bl\u0259rin\u0259 ziddir&#8221;<\/p>\n","protected":false},"author":11,"featured_media":71380,"comment_status":"closed","ping_status":"open","sticky":false,"template":"","format":"standard","meta":{"_acf_changed":false,"_sitemap_exclude":false,"_sitemap_priority":"","_sitemap_frequency":"","footnotes":""},"categories":[51],"tags":[],"class_list":["post-179874","post","type-post","status-publish","format-standard","has-post-thumbnail","hentry","category-analitika","infinite-scroll-item","generate-columns","tablet-grid-50","mobile-grid-100","grid-parent","grid-33","no-featured-image-padding"],"acf":[],"yoast_head":"<!-- This site is optimized with the Yoast SEO plugin v27.5 - https:\/\/yoast.com\/product\/yoast-seo-wordpress\/ -->\n<title>B\u0259l\u0259diyy\u0259l\u0259rin maliyy\u0259 potensial\u0131 bir q\u0259d\u0259r d\u0259 m\u0259hdudla\u015fd\u0131r\u0131lacaq - MEYDAN.TV<\/title>\n<meta name=\"robots\" content=\"index, follow, max-snippet:-1, max-image-preview:large, max-video-preview:-1\" \/>\n<link rel=\"canonical\" href=\"https:\/\/www.meydan.tv\/az\/article\/belediyyelerin-maliyye-potensiali-bir-qeder-de-mehdudlasdirilacaq\/\" \/>\n<meta property=\"og:locale\" content=\"az_AZ\" \/>\n<meta property=\"og:type\" content=\"article\" \/>\n<meta property=\"og:title\" content=\"B\u0259l\u0259diyy\u0259l\u0259rin maliyy\u0259 potensial\u0131 bir q\u0259d\u0259r d\u0259 m\u0259hdudla\u015fd\u0131r\u0131lacaq - MEYDAN.TV\" \/>\n<meta property=\"og:description\" content=\"&#039;&#039;Bu, Az\u0259rbaycan\u0131n da qo\u015fuldu\u011fu Yerli \u00d6z\u00fcn\u00fcidar\u0259y\u0259 Dair Avropa Xartiyas\u0131n\u0131n t\u0259l\u0259bl\u0259rin\u0259 ziddir&#039;&#039;\" \/>\n<meta property=\"og:url\" content=\"https:\/\/www.meydan.tv\/az\/article\/belediyyelerin-maliyye-potensiali-bir-qeder-de-mehdudlasdirilacaq\/\" \/>\n<meta property=\"og:site_name\" content=\"MEYDAN.TV\" \/>\n<meta property=\"article:published_time\" content=\"2016-10-25T16:34:18+00:00\" \/>\n<meta property=\"og:image\" content=\"https:\/\/www.meydan.tv\/wp-content\/uploads\/27347.jpg\" \/>\n\t<meta property=\"og:image:width\" content=\"750\" \/>\n\t<meta property=\"og:image:height\" content=\"324\" \/>\n\t<meta property=\"og:image:type\" content=\"image\/jpeg\" \/>\n<meta name=\"author\" content=\"user-manager\" \/>\n<meta name=\"twitter:card\" content=\"summary_large_image\" \/>\n<script type=\"application\/ld+json\" class=\"yoast-schema-graph\">{\"@context\":\"https:\\\/\\\/schema.org\",\"@graph\":[{\"@type\":\"Article\",\"@id\":\"https:\\\/\\\/www.meydan.tv\\\/az\\\/article\\\/belediyyelerin-maliyye-potensiali-bir-qeder-de-mehdudlasdirilacaq\\\/#article\",\"isPartOf\":{\"@id\":\"https:\\\/\\\/www.meydan.tv\\\/az\\\/article\\\/belediyyelerin-maliyye-potensiali-bir-qeder-de-mehdudlasdirilacaq\\\/\"},\"author\":{\"name\":\"user-manager\",\"@id\":\"https:\\\/\\\/www.meydan.tv\\\/az\\\/#\\\/schema\\\/person\\\/10d11eccf6da3662cf5fdab9806ea91a\"},\"headline\":\"B\u0259l\u0259diyy\u0259l\u0259rin maliyy\u0259 potensial\u0131 bir q\u0259d\u0259r d\u0259 m\u0259hdudla\u015fd\u0131r\u0131lacaq\",\"datePublished\":\"2016-10-25T16:34:18+00:00\",\"mainEntityOfPage\":{\"@id\":\"https:\\\/\\\/www.meydan.tv\\\/az\\\/article\\\/belediyyelerin-maliyye-potensiali-bir-qeder-de-mehdudlasdirilacaq\\\/\"},\"wordCount\":427,\"publisher\":{\"@id\":\"https:\\\/\\\/www.meydan.tv\\\/az\\\/#organization\"},\"image\":{\"@id\":\"https:\\\/\\\/www.meydan.tv\\\/az\\\/article\\\/belediyyelerin-maliyye-potensiali-bir-qeder-de-mehdudlasdirilacaq\\\/#primaryimage\"},\"thumbnailUrl\":\"https:\\\/\\\/www.meydan.tv\\\/wp-content\\\/uploads\\\/27347.jpg\",\"articleSection\":[\"Analitika\"],\"inLanguage\":\"az\"},{\"@type\":\"WebPage\",\"@id\":\"https:\\\/\\\/www.meydan.tv\\\/az\\\/article\\\/belediyyelerin-maliyye-potensiali-bir-qeder-de-mehdudlasdirilacaq\\\/\",\"url\":\"https:\\\/\\\/www.meydan.tv\\\/az\\\/article\\\/belediyyelerin-maliyye-potensiali-bir-qeder-de-mehdudlasdirilacaq\\\/\",\"name\":\"B\u0259l\u0259diyy\u0259l\u0259rin maliyy\u0259 potensial\u0131 bir q\u0259d\u0259r d\u0259 m\u0259hdudla\u015fd\u0131r\u0131lacaq - MEYDAN.TV\",\"isPartOf\":{\"@id\":\"https:\\\/\\\/www.meydan.tv\\\/az\\\/#website\"},\"primaryImageOfPage\":{\"@id\":\"https:\\\/\\\/www.meydan.tv\\\/az\\\/article\\\/belediyyelerin-maliyye-potensiali-bir-qeder-de-mehdudlasdirilacaq\\\/#primaryimage\"},\"image\":{\"@id\":\"https:\\\/\\\/www.meydan.tv\\\/az\\\/article\\\/belediyyelerin-maliyye-potensiali-bir-qeder-de-mehdudlasdirilacaq\\\/#primaryimage\"},\"thumbnailUrl\":\"https:\\\/\\\/www.meydan.tv\\\/wp-content\\\/uploads\\\/27347.jpg\",\"datePublished\":\"2016-10-25T16:34:18+00:00\",\"breadcrumb\":{\"@id\":\"https:\\\/\\\/www.meydan.tv\\\/az\\\/article\\\/belediyyelerin-maliyye-potensiali-bir-qeder-de-mehdudlasdirilacaq\\\/#breadcrumb\"},\"inLanguage\":\"az\",\"potentialAction\":[{\"@type\":\"ReadAction\",\"target\":[\"https:\\\/\\\/www.meydan.tv\\\/az\\\/article\\\/belediyyelerin-maliyye-potensiali-bir-qeder-de-mehdudlasdirilacaq\\\/\"]}]},{\"@type\":\"ImageObject\",\"inLanguage\":\"az\",\"@id\":\"https:\\\/\\\/www.meydan.tv\\\/az\\\/article\\\/belediyyelerin-maliyye-potensiali-bir-qeder-de-mehdudlasdirilacaq\\\/#primaryimage\",\"url\":\"https:\\\/\\\/www.meydan.tv\\\/wp-content\\\/uploads\\\/27347.jpg\",\"contentUrl\":\"https:\\\/\\\/www.meydan.tv\\\/wp-content\\\/uploads\\\/27347.jpg\",\"width\":750,\"height\":324,\"caption\":\"Source:\"},{\"@type\":\"BreadcrumbList\",\"@id\":\"https:\\\/\\\/www.meydan.tv\\\/az\\\/article\\\/belediyyelerin-maliyye-potensiali-bir-qeder-de-mehdudlasdirilacaq\\\/#breadcrumb\",\"itemListElement\":[{\"@type\":\"ListItem\",\"position\":1,\"name\":\"Ana s\u0259hif\u0259\",\"item\":\"https:\\\/\\\/www.meydan.tv\\\/az\\\/\"},{\"@type\":\"ListItem\",\"position\":2,\"name\":\"Analitika\",\"item\":\"https:\\\/\\\/www.meydan.tv\\\/az\\\/section\\\/analitika\\\/\"},{\"@type\":\"ListItem\",\"position\":3,\"name\":\"B\u0259l\u0259diyy\u0259l\u0259rin maliyy\u0259 potensial\u0131 bir q\u0259d\u0259r d\u0259 m\u0259hdudla\u015fd\u0131r\u0131lacaq\"}]},{\"@type\":\"WebSite\",\"@id\":\"https:\\\/\\\/www.meydan.tv\\\/az\\\/#website\",\"url\":\"https:\\\/\\\/www.meydan.tv\\\/az\\\/\",\"name\":\"MEYDAN.TV\",\"description\":\"Meydan TV Az\u0259rbaycan\u0131n media m\u0259kan\u0131ndak\u0131 alternativ s\u0259sidir\",\"publisher\":{\"@id\":\"https:\\\/\\\/www.meydan.tv\\\/az\\\/#organization\"},\"potentialAction\":[{\"@type\":\"SearchAction\",\"target\":{\"@type\":\"EntryPoint\",\"urlTemplate\":\"https:\\\/\\\/www.meydan.tv\\\/az\\\/?s={search_term_string}\"},\"query-input\":{\"@type\":\"PropertyValueSpecification\",\"valueRequired\":true,\"valueName\":\"search_term_string\"}}],\"inLanguage\":\"az\"},{\"@type\":\"Organization\",\"@id\":\"https:\\\/\\\/www.meydan.tv\\\/az\\\/#organization\",\"name\":\"Meydan TV\",\"url\":\"https:\\\/\\\/www.meydan.tv\\\/az\\\/\",\"logo\":{\"@type\":\"ImageObject\",\"inLanguage\":\"az\",\"@id\":\"https:\\\/\\\/www.meydan.tv\\\/az\\\/#\\\/schema\\\/logo\\\/image\\\/\",\"url\":\"https:\\\/\\\/www.meydan.tv\\\/wp-content\\\/uploads\\\/2021\\\/07\\\/meydan-logo.svg\",\"contentUrl\":\"https:\\\/\\\/www.meydan.tv\\\/wp-content\\\/uploads\\\/2021\\\/07\\\/meydan-logo.svg\",\"width\":195,\"height\":46,\"caption\":\"Meydan TV\"},\"image\":{\"@id\":\"https:\\\/\\\/www.meydan.tv\\\/az\\\/#\\\/schema\\\/logo\\\/image\\\/\"}},{\"@type\":\"Person\",\"@id\":\"https:\\\/\\\/www.meydan.tv\\\/az\\\/#\\\/schema\\\/person\\\/10d11eccf6da3662cf5fdab9806ea91a\",\"name\":\"user-manager\"}]}<\/script>\n<!-- \/ Yoast SEO plugin. -->","yoast_head_json":{"title":"B\u0259l\u0259diyy\u0259l\u0259rin maliyy\u0259 potensial\u0131 bir q\u0259d\u0259r d\u0259 m\u0259hdudla\u015fd\u0131r\u0131lacaq - MEYDAN.TV","robots":{"index":"index","follow":"follow","max-snippet":"max-snippet:-1","max-image-preview":"max-image-preview:large","max-video-preview":"max-video-preview:-1"},"canonical":"https:\/\/www.meydan.tv\/az\/article\/belediyyelerin-maliyye-potensiali-bir-qeder-de-mehdudlasdirilacaq\/","og_locale":"az_AZ","og_type":"article","og_title":"B\u0259l\u0259diyy\u0259l\u0259rin maliyy\u0259 potensial\u0131 bir q\u0259d\u0259r d\u0259 m\u0259hdudla\u015fd\u0131r\u0131lacaq - MEYDAN.TV","og_description":"''Bu, Az\u0259rbaycan\u0131n da qo\u015fuldu\u011fu Yerli \u00d6z\u00fcn\u00fcidar\u0259y\u0259 Dair Avropa Xartiyas\u0131n\u0131n t\u0259l\u0259bl\u0259rin\u0259 ziddir''","og_url":"https:\/\/www.meydan.tv\/az\/article\/belediyyelerin-maliyye-potensiali-bir-qeder-de-mehdudlasdirilacaq\/","og_site_name":"MEYDAN.TV","article_published_time":"2016-10-25T16:34:18+00:00","og_image":[{"width":750,"height":324,"url":"https:\/\/www.meydan.tv\/wp-content\/uploads\/27347.jpg","type":"image\/jpeg"}],"author":"user-manager","twitter_card":"summary_large_image","schema":{"@context":"https:\/\/schema.org","@graph":[{"@type":"Article","@id":"https:\/\/www.meydan.tv\/az\/article\/belediyyelerin-maliyye-potensiali-bir-qeder-de-mehdudlasdirilacaq\/#article","isPartOf":{"@id":"https:\/\/www.meydan.tv\/az\/article\/belediyyelerin-maliyye-potensiali-bir-qeder-de-mehdudlasdirilacaq\/"},"author":{"name":"user-manager","@id":"https:\/\/www.meydan.tv\/az\/#\/schema\/person\/10d11eccf6da3662cf5fdab9806ea91a"},"headline":"B\u0259l\u0259diyy\u0259l\u0259rin maliyy\u0259 potensial\u0131 bir q\u0259d\u0259r d\u0259 m\u0259hdudla\u015fd\u0131r\u0131lacaq","datePublished":"2016-10-25T16:34:18+00:00","mainEntityOfPage":{"@id":"https:\/\/www.meydan.tv\/az\/article\/belediyyelerin-maliyye-potensiali-bir-qeder-de-mehdudlasdirilacaq\/"},"wordCount":427,"publisher":{"@id":"https:\/\/www.meydan.tv\/az\/#organization"},"image":{"@id":"https:\/\/www.meydan.tv\/az\/article\/belediyyelerin-maliyye-potensiali-bir-qeder-de-mehdudlasdirilacaq\/#primaryimage"},"thumbnailUrl":"https:\/\/www.meydan.tv\/wp-content\/uploads\/27347.jpg","articleSection":["Analitika"],"inLanguage":"az"},{"@type":"WebPage","@id":"https:\/\/www.meydan.tv\/az\/article\/belediyyelerin-maliyye-potensiali-bir-qeder-de-mehdudlasdirilacaq\/","url":"https:\/\/www.meydan.tv\/az\/article\/belediyyelerin-maliyye-potensiali-bir-qeder-de-mehdudlasdirilacaq\/","name":"B\u0259l\u0259diyy\u0259l\u0259rin maliyy\u0259 potensial\u0131 bir q\u0259d\u0259r d\u0259 m\u0259hdudla\u015fd\u0131r\u0131lacaq - MEYDAN.TV","isPartOf":{"@id":"https:\/\/www.meydan.tv\/az\/#website"},"primaryImageOfPage":{"@id":"https:\/\/www.meydan.tv\/az\/article\/belediyyelerin-maliyye-potensiali-bir-qeder-de-mehdudlasdirilacaq\/#primaryimage"},"image":{"@id":"https:\/\/www.meydan.tv\/az\/article\/belediyyelerin-maliyye-potensiali-bir-qeder-de-mehdudlasdirilacaq\/#primaryimage"},"thumbnailUrl":"https:\/\/www.meydan.tv\/wp-content\/uploads\/27347.jpg","datePublished":"2016-10-25T16:34:18+00:00","breadcrumb":{"@id":"https:\/\/www.meydan.tv\/az\/article\/belediyyelerin-maliyye-potensiali-bir-qeder-de-mehdudlasdirilacaq\/#breadcrumb"},"inLanguage":"az","potentialAction":[{"@type":"ReadAction","target":["https:\/\/www.meydan.tv\/az\/article\/belediyyelerin-maliyye-potensiali-bir-qeder-de-mehdudlasdirilacaq\/"]}]},{"@type":"ImageObject","inLanguage":"az","@id":"https:\/\/www.meydan.tv\/az\/article\/belediyyelerin-maliyye-potensiali-bir-qeder-de-mehdudlasdirilacaq\/#primaryimage","url":"https:\/\/www.meydan.tv\/wp-content\/uploads\/27347.jpg","contentUrl":"https:\/\/www.meydan.tv\/wp-content\/uploads\/27347.jpg","width":750,"height":324,"caption":"Source:"},{"@type":"BreadcrumbList","@id":"https:\/\/www.meydan.tv\/az\/article\/belediyyelerin-maliyye-potensiali-bir-qeder-de-mehdudlasdirilacaq\/#breadcrumb","itemListElement":[{"@type":"ListItem","position":1,"name":"Ana s\u0259hif\u0259","item":"https:\/\/www.meydan.tv\/az\/"},{"@type":"ListItem","position":2,"name":"Analitika","item":"https:\/\/www.meydan.tv\/az\/section\/analitika\/"},{"@type":"ListItem","position":3,"name":"B\u0259l\u0259diyy\u0259l\u0259rin maliyy\u0259 potensial\u0131 bir q\u0259d\u0259r d\u0259 m\u0259hdudla\u015fd\u0131r\u0131lacaq"}]},{"@type":"WebSite","@id":"https:\/\/www.meydan.tv\/az\/#website","url":"https:\/\/www.meydan.tv\/az\/","name":"MEYDAN.TV","description":"Meydan TV Az\u0259rbaycan\u0131n media m\u0259kan\u0131ndak\u0131 alternativ s\u0259sidir","publisher":{"@id":"https:\/\/www.meydan.tv\/az\/#organization"},"potentialAction":[{"@type":"SearchAction","target":{"@type":"EntryPoint","urlTemplate":"https:\/\/www.meydan.tv\/az\/?s={search_term_string}"},"query-input":{"@type":"PropertyValueSpecification","valueRequired":true,"valueName":"search_term_string"}}],"inLanguage":"az"},{"@type":"Organization","@id":"https:\/\/www.meydan.tv\/az\/#organization","name":"Meydan TV","url":"https:\/\/www.meydan.tv\/az\/","logo":{"@type":"ImageObject","inLanguage":"az","@id":"https:\/\/www.meydan.tv\/az\/#\/schema\/logo\/image\/","url":"https:\/\/www.meydan.tv\/wp-content\/uploads\/2021\/07\/meydan-logo.svg","contentUrl":"https:\/\/www.meydan.tv\/wp-content\/uploads\/2021\/07\/meydan-logo.svg","width":195,"height":46,"caption":"Meydan TV"},"image":{"@id":"https:\/\/www.meydan.tv\/az\/#\/schema\/logo\/image\/"}},{"@type":"Person","@id":"https:\/\/www.meydan.tv\/az\/#\/schema\/person\/10d11eccf6da3662cf5fdab9806ea91a","name":"user-manager"}]}},"_links":{"self":[{"href":"https:\/\/www.meydan.tv\/az\/wp-json\/wp\/v2\/posts\/179874","targetHints":{"allow":["GET"]}}],"collection":[{"href":"https:\/\/www.meydan.tv\/az\/wp-json\/wp\/v2\/posts"}],"about":[{"href":"https:\/\/www.meydan.tv\/az\/wp-json\/wp\/v2\/types\/post"}],"author":[{"embeddable":true,"href":"https:\/\/www.meydan.tv\/az\/wp-json\/wp\/v2\/users\/11"}],"replies":[{"embeddable":true,"href":"https:\/\/www.meydan.tv\/az\/wp-json\/wp\/v2\/comments?post=179874"}],"version-history":[{"count":0,"href":"https:\/\/www.meydan.tv\/az\/wp-json\/wp\/v2\/posts\/179874\/revisions"}],"wp:featuredmedia":[{"embeddable":true,"href":"https:\/\/www.meydan.tv\/az\/wp-json\/wp\/v2\/media\/71380"}],"wp:attachment":[{"href":"https:\/\/www.meydan.tv\/az\/wp-json\/wp\/v2\/media?parent=179874"}],"wp:term":[{"taxonomy":"category","embeddable":true,"href":"https:\/\/www.meydan.tv\/az\/wp-json\/wp\/v2\/categories?post=179874"},{"taxonomy":"post_tag","embeddable":true,"href":"https:\/\/www.meydan.tv\/az\/wp-json\/wp\/v2\/tags?post=179874"}],"curies":[{"name":"wp","href":"https:\/\/api.w.org\/{rel}","templated":true}]}}