{"id":179863,"date":"2016-10-25T14:18:10","date_gmt":"2016-10-25T14:18:10","guid":{"rendered":"https:\/\/www.meydan.tv\/article\/kendlerde-yoxsulluq-daha-da-artacaq\/"},"modified":"2016-10-25T14:18:10","modified_gmt":"2016-10-25T14:18:10","slug":"kendlerde-yoxsulluq-daha-da-artacaq","status":"publish","type":"post","link":"https:\/\/www.meydan.tv\/az\/article\/kendlerde-yoxsulluq-daha-da-artacaq\/","title":{"rendered":"K\u0259ndl\u0259rd\u0259 yoxsulluq daha da artacaq"},"content":{"rendered":"<figure class=\"wp-block-image size-large\">\n  <img decoding=\"async\" src=\"https:\/\/www.meydan.tv\/az\/71323\/\" alt=\"\" class=\"wp-image-71323\"\/><figcaption><\/figcaption><\/figure>\n<figure class=\"wp-block-image size-large\">\n  <img decoding=\"async\" src=\"https:\/\/www.meydan.tv\/az\/71329\/\" alt=\"\" class=\"wp-image-71329\"\/><figcaption><\/figcaption><\/figure>\n<p>\n  <i><br \/>\n    <b><br \/>\n      B\u00f6y\u00fck \u00e7oxluq \u00e7ar\u0259sizlik i\u00e7\u0259risind\u0259 \u00fcmidini m\u00fcc\u0259rr\u0259d g\u0259l\u0259c\u0259y\u0259 ba\u011flay\u0131b<br \/>\n    <\/b><br \/>\n  <\/i>\n<\/p>\n<p>\n  Bu yaz\u0131da \u00f6lk\u0259 \u0259halisinin t\u0259xmin\u0259n 50 faizinin ya\u015fad\u0131\u011f\u0131 k\u0259ndl\u0259rin sosial durumuna s\u0259thi n\u0259z\u0259r salma\u011fa v\u0259 subyektiv bax\u0131\u015flar\u0131m\u0131 m\u00fczakir\u0259niz\u0259 t\u0259qdim etm\u0259y\u0259 \u00e7al\u0131\u015faca\u011fam. Bu m\u00fc\u015fahid\u0259l\u0259rimi kiml\u0259rins\u0259 b\u0259y\u0259nm\u0259m\u0259sini anlay\u0131\u015fla q\u0259bul edir v\u0259 ictimai-siyasi t\u0259f\u0259kk\u00fcr\u00fc olan insanlar\u0131n t\u0259klifl\u0259rini e\u015fitm\u0259y\u0259 haz\u0131r oldu\u011fumu bildirir\u0259m.\n<\/p>\n<p>\n  C\u0259miyy\u0259timizin haz\u0131rk\u0131 real m\u0259nz\u0259r\u0259si sabit g\u00f6r\u00fcns\u0259 d\u0259, \u00f6lk\u0259 v\u0259t\u0259nda\u015flar\u0131na olduqca t\u0259hl\u00fck\u0259li g\u0259l\u0259c\u0259k v\u0259d edir. \u0130nsanlar\u0131n ictimai-siyasi t\u0259\u015f\u0259bb\u00fcsl\u0259r\u0259 v\u0259 \u00f6z h\u00fcquqlar\u0131na laqeydliyi, bir-birin\u0259 etimads\u0131zl\u0131\u011f\u0131 el\u0259 geni\u015f miqyas al\u0131b ki, onu s\u00f6zl\u0259 ifad\u0259 etm\u0259k \u00e7ox \u00e7\u0259tindir. \u0130dar\u0259etm\u0259nin yaratd\u0131\u011f\u0131 m\u00fchitd\u0259n qaynaqlanan bu m\u0259nfi tendensiya m\u00fcsb\u0259t \u0259n\u0259n\u0259l\u0259rin qism\u0259n d\u0259 olsa ya\u015fad\u0131\u011f\u0131 k\u0259nd yerl\u0259rind\u0259 d\u0259 art\u0131q \u00e7ox s\u00fcr\u0259tl\u0259 pisl\u0259\u015fm\u0259y\u0259 do\u011fru gedir. Bu qorxulu gedi\u015fi nec\u0259 durdurmaq, hans\u0131 z\u0259ruri add\u0131mlar\u0131 atmaq bar\u0259d\u0259 \u00e7a\u011f\u0131r\u0131\u015flara h\u00f6kum\u0259tin g\u00f6st\u0259rdiyi etinas\u0131z m\u00fcnasib\u0259t t\u0259\u0259ss\u00fcf ki, t\u0259dric\u0259n f\u0259al insanlar\u0131n da \u0259lini i\u015fd\u0259n soyudur.\n<\/p>\n<p>\n  K\u0259ndl\u0259rimizd\u0259 m\u00f6vcud olan sosial-psixoloji m\u00fcnasib\u0259tl\u0259r sistemi h\u0259r zaman qanunlarla yana\u015f\u0131 h\u0259m d\u0259 \u0259n\u0259n\u0259l\u0259r\u0259 s\u00f6yk\u0259n\u0259n ail\u0259, qohum, tayfa \u0259laq\u0259l\u0259rind\u0259n qaynaqlan\u0131b. H\u0259r bir \u00e7\u0259tinlik v\u0259 ya hans\u0131sa i\u015f zaman\u0131 qar\u015f\u0131l\u0131ql\u0131 yard\u0131mla\u015fan insanlar indi bu \u0259laq\u0259l\u0259ri yaln\u0131z xeyir-\u015f\u0259r olaylar\u0131 il\u0259 m\u0259hdudla\u015fd\u0131r\u0131b. Bu amill\u0259ri yaradan s\u0259b\u0259bl\u0259r m\u00fcxt\u0259lif olsa da, m\u0259nfi t\u0259sirl\u0259rinin n\u0259tic\u0259si eynidir. M\u00fcasir kommunikasiyan\u0131n v\u0259 elektronikan\u0131n yaratd\u0131\u011f\u0131 yeni m\u00fchitl\u0259 yana\u015f\u0131, efirl\u0259rin \u201creytinqli\u201d baya\u011f\u0131 verili\u015fl\u0259ri, qeyri-pe\u015f\u0259kar t\u0259bli\u011fat v\u0259 topluma a\u015f\u0131lanan \u201cm\u0259d\u0259niyy\u0259t\u201d, teleserial \u201cterroru\u201d, habel\u0259 anti-demokratik idar\u0259etm\u0259nin f\u0259sadlar\u0131 birlikd\u0259 \u00f6z\u00fcn\u00fc g\u00f6st\u0259rir.\n<\/p>\n<p>\n  K\u0259ndl\u0259rin ictimai-siyasi m\u0259nz\u0259r\u0259si d\u0259 \u015f\u0259h\u0259rl\u0259 m\u00fcqayis\u0259d\u0259 daha ac\u0131nacaql\u0131d\u0131r. 15 ild\u0259n art\u0131qd\u0131r ki, k\u0259ndl\u0259rimiz\u0259 bir d\u0259n\u0259 d\u0259 olsun m\u00fcst\u0259qil v\u0259 m\u00fcxalif q\u0259zetl\u0259r g\u0259tirilmir. \u018fhaliy\u0259 asan \u00e7atan informasiya m\u0259nb\u0259l\u0259ri olan televiziyalar is\u0259 tamamil\u0259 h\u00f6kum\u0259tin n\u0259zar\u0259tind\u0259dir. Efirl\u0259rin t\u0259qdim etdiyi m\u0259lumatlar yaln\u0131z birt\u0259r\u0259fli qaydada h\u00f6kum\u0259tin siyas\u0259tin\u0259 xidm\u0259t edir. Alternativ m\u0259lumat almaq imkan\u0131 m\u0259hdud olan \u0259hali ictimai-siyasi d\u00fcnyag\u00f6r\u00fc\u015fd\u0259n v\u0259 m\u00fczakir\u0259l\u0259rd\u0259n xeyli uzaqla\u015f\u0131b. M\u0259\u015f\u011fuliyy\u0259ti olmayan ki\u015fil\u0259r d\u0259 t\u0259\u0259ss\u00fcf ki, b\u00fct\u00fcn g\u00fcn\u00fc \u00e7ayxanalara y\u0131\u011f\u0131\u015f\u0131b domino v\u0259 n\u0259rd oynamaqla vaxt ke\u00e7irirl\u0259r. K\u0259ndd\u0259 he\u00e7 bir ictimai faydal\u0131 i\u015fl\u0259 m\u0259\u015f\u011ful ola bilm\u0259y\u0259n g\u0259nc v\u0259 orta ya\u015fl\u0131 insanlar t\u0259dric\u0259n \u00f6z\u00fcn\u00fcn sosial \u0259h\u0259miyy\u0259tini d\u0259 itirir.\n<\/p>\n<p>\n  K\u0259ndl\u0259rin \u00e7oxunda art\u0131q el\u0259 bir v\u0259ziyy\u0259t h\u00f6km s\u00fcr\u00fcr ki, insanlar dolan\u0131\u015f\u0131\u011f\u0131n\u0131 yax\u015f\u0131la\u015fd\u0131rmaq \u00fc\u00e7\u00fcn h\u0259tta az-\u00e7ox \u0259ll\u0259rind\u0259 olan imkanlardan bel\u0259 istifad\u0259 etm\u0259k ist\u0259mirl\u0259r. \u00c7\u00fcnki z\u0259hm\u0259ti \u00e7ox, g\u0259liri is\u0259 c\u00fczi olan i\u015fl\u0259r\u0259 s\u0259rf edil\u0259n \u0259m\u0259k b\u0259z\u0259n he\u00e7 bir ail\u0259nin illik ehtiyat\u0131n\u0131 toplama\u011fa da yet\u0259rli olmur. H\u00f6kum\u0259tin s\u0259m\u0259r\u0259siz f\u0259aliyy\u0259tind\u0259n \u00fcmumi naraz\u0131l\u0131q ed\u0259n b\u00f6y\u00fck \u00e7oxluq \u0259sas\u0259n bu duruma etiraz etm\u0259k m\u0259qam\u0131 \u00e7atanda n\u0259d\u0259ns\u0259 g\u00f6zd\u0259n itirl\u0259r. T\u0259zadl\u0131 olan budur ki, \u0259n \u00e7ox qorxuya yoluxmu\u015f insanlar itirm\u0259y\u0259 he\u00e7 n\u0259yi olmayanlard\u0131r. \u018fhalid\u0259 el\u0259 bir psixoloji v\u0259ziyy\u0259t h\u00f6km s\u00fcr\u00fcr ki, ist\u0259nil\u0259n ictimai-siyasi t\u0259\u015f\u0259bb\u00fcsl\u0259r\u0259 d\u0259 qeyri-ciddi m\u00fcnasib\u0259t g\u00f6st\u0259rilir. Yerli icra hakimiyy\u0259tind\u0259n tam as\u0131l\u0131 olan, he\u00e7 bir yerli problemi h\u0259ll etm\u0259y\u0259 qadir olmayan b\u0259l\u0259diyy\u0259l\u0259r\u0259 d\u0259 etimad qalmay\u0131b.\n<\/p>\n<p>\n  H\u0259tta bir-biri il\u0259 qohum olan insanlar da birg\u0259 i\u015fl\u0259m\u0259y\u0259, birg\u0259 etiraz etm\u0259y\u0259, birg\u0259 n\u0259tic\u0259 alma\u011fa c\u0259hd etmirl\u0259r. Sad\u0259 insanlarda bir-birin\u0259 v\u0259 d\u00f6vl\u0259tin strukturlar\u0131na qar\u015f\u0131 \u015f\u00fcbh\u0259, inams\u0131zl\u0131q, g\u00fcv\u0259nsizlik m\u00fc\u015fahid\u0259 edilir. Sakinl\u0259r t\u0259r\u0259find\u0259n kollektiv yerli t\u0259\u015f\u0259bb\u00fcsl\u0259r d\u0259 yox s\u0259viyy\u0259sind\u0259dir. Dolan\u0131\u015f\u0131q qay\u011f\u0131lar\u0131ndan ba\u015fqa he\u00e7 bir m\u00f6vzuda m\u00fczakir\u0259y\u0259 meyl qalmay\u0131b.\n<\/p>\n<p>\n  Bir ha\u015fiy\u0259 \u00e7\u0131xaraq qeyd edim ki, aprel d\u00f6y\u00fc\u015fl\u0259ri zaman\u0131 erm\u0259nil\u0259rl\u0259 t\u0259mas x\u0259tti boyunca m\u0259skunla\u015fan k\u0259nd v\u0259 q\u0259s\u0259b\u0259 sakinl\u0259rinin, habel\u0259 30-40 kilometr uzaql\u0131qda yerl\u0259\u015f\u0259n rayon \u0259halisinin reaksiyas\u0131 da ciddi narahatl\u0131q do\u011fururdu. O zaman m\u00fc\u0259yy\u0259n s\u0259b\u0259bl\u0259rd\u0259n bunu yazmaq m\u0259ds\u0259d\u0259uy\u011fun olmasa da, indi qeyd etm\u0259yi z\u0259ruri hesab edir\u0259m. Yerli \u0259hali 1993-c\u00fc ild\u0259 daha a\u011f\u0131r \u015f\u0259rtl\u0259r alt\u0131nda qalsa da t\u0259mkinli davrand\u0131\u011f\u0131 halda, aprel \u0259m\u0259liyyatlar\u0131 zaman\u0131 h\u0259min \u0259hali daha b\u00f6y\u00fck t\u0259\u015fvi\u015f v\u0259 vahim\u0259 i\u00e7\u0259risind\u0259 ev-e\u015fiyini t\u0259rk edirdi. N\u0259 r\u0259smi m\u0259lumatlar\u0131n m\u00f6t\u0259b\u0259rliyin\u0259 etibar ed\u0259n var idi, n\u0259 d\u0259 yerli m\u0259murlar\u0131n \u00e7a\u011f\u0131r\u0131\u015flar\u0131na m\u0259h\u0259l qoyan.\n<\/p>\n<p>\n  Yerl\u0259rd\u0259 idar\u0259\u00e7il\u0259r yaln\u0131z \u00f6z ail\u0259l\u0259rinin b\u00fcdc\u0259sini art\u0131rmaqdan v\u0259 onlar\u0131n qay\u011f\u0131s\u0131na qalmaqdan savay\u0131 he\u00e7 bir \u00fcmumi f\u0259aliyy\u0259t\u0259 c\u0259hd etmirl\u0259r. \u018fhali aras\u0131nda s\u0259lahiyy\u0259t sahibl\u0259rinin ictimai n\u00fcfuzu yox s\u0259viyy\u0259sind\u0259 olsa da, bu amil o m\u0259murlar\u0131 q\u0259tiyy\u0259n narahat etmir. \u018fhalinin g\u00fcz\u0259ran\u0131n\u0131 yax\u015f\u0131la\u015fd\u0131rmaq, d\u00f6vl\u0259t-v\u0259t\u0259nda\u015f m\u00fcnasib\u0259tl\u0259rind\u0259 etimad yaratmaq d\u00fc\u015f\u00fcnc\u0259sind\u0259 olan t\u0259k bir m\u0259mura bel\u0259 rast g\u0259lm\u0259k m\u00fcmk\u00fcn deyil. G\u00fcnd\u0259 bir-iki saat d\u00f6vl\u0259t i\u015fl\u0259rin\u0259 vaxt s\u0259rf ed\u0259n yerli m\u0259murlar qalan vaxtlarda \u0259lind\u0259ki imtiyazdan yararlanaraq \u00f6z biznesini, t\u0259s\u0259rr\u00fcfat i\u015fl\u0259rini idar\u0259 edirl\u0259r.\n<\/p>\n<p>\n  K\u0259ndl\u0259rd\u0259 n\u0259 bir xeyriyy\u0259\u00e7i f\u0259rd, n\u0259 d\u0259 t\u0259\u015fkilat var. Bu \u0259n\u0259n\u0259 k\u0259ndl\u0259rd\u0259 yox olmaq h\u0259ddind\u0259dir. \u018fg\u0259r kims\u0259 \u00fcmumi faydal\u0131 bir i\u015f g\u00f6rm\u0259k ist\u0259s\u0259, yerli hakimiyy\u0259t n\u00fcmay\u0259nd\u0259l\u0259ri d\u0259rhal bu i\u015f\u0259 \u015f\u00fcbh\u0259 il\u0259 yana\u015f\u0131r v\u0259 bel\u0259 t\u0259\u015f\u0259bb\u00fcsl\u0259rin qar\u015f\u0131s\u0131n\u0131 m\u00fcxt\u0259lif b\u00fcrokratik \u0259ng\u0259ll\u0259rl\u0259 k\u0259sirl\u0259r. Yerli idar\u0259etm\u0259 strukturlar\u0131 sanki \u0259halinin \u0259lin\u0259 v\u0259 aya\u011f\u0131na ke\u00e7irilmi\u015f \u201cqandala\u201d b\u0259nz\u0259yir. B\u00f6hran\u0131n yaratd\u0131\u011f\u0131 sosial durumun k\u0259nd v\u0259 rayon \u0259halisini inzibati buxovdan xilas ed\u0259c\u0259yi d\u0259 inand\u0131r\u0131c\u0131 g\u00f6r\u00fcnm\u00fcr.\n<\/p>\n<p>\n  Bel\u0259 bir yerli idar\u0259\u00e7ilikl\u0259 k\u0259nd t\u0259s\u0259rr\u00fcfat\u0131 layih\u0259l\u0259rinin u\u011fur qazanma etimal\u0131 da s\u0131f\u0131ra b\u0259rab\u0259rdir. Yerli d\u00f6vl\u0259t qurumlar\u0131 z\u0259hm\u0259tke\u015f insanlara d\u0259st\u0259k olmaq \u0259v\u0259zin\u0259 onlara q\u0259nim k\u0259silib. \u0130\u015f ard\u0131nca \u015f\u0259h\u0259rl\u0259r\u0259 \u00fcz tutan insanlar da art\u0131q i\u015f tapa bilm\u0259dikl\u0259ri \u00fc\u00e7\u00fcn k\u0259ndl\u0259r\u0259 qay\u0131d\u0131r v\u0259 yerl\u0259rd\u0259 b\u00f6y\u00fck bir i\u015fsizl\u0259r ordusu yaranmaqdad\u0131r. Bir az taq\u0259ti v\u0259 pulu olan \u0259hali t\u0259dric\u0259n biznes m\u00fchitinin \u0259lveri\u015fli oldu\u011fu qon\u015fu \u00f6lk\u0259l\u0259r\u0259 \u00fcz tutsa da, b\u00f6y\u00fck \u00e7oxluq \u00e7ar\u0259sizlik i\u00e7\u0259risind\u0259 \u00fcmidini m\u00fcc\u0259rr\u0259d g\u0259l\u0259c\u0259y\u0259 ba\u011flay\u0131b. Bu hal uzun m\u00fcdd\u0259t bel\u0259 davam ed\u0259 bilm\u0259z. H\u00f6kum\u0259t t\u0259cili t\u0259dbirl\u0259r h\u0259yata ke\u00e7irm\u0259s\u0259, k\u0259ndl\u0259rd\u0259 yoxsulluq daha da artacaq.\n<\/p><\/p>\n","protected":false},"excerpt":{"rendered":"<p>B\u00f6y\u00fck \u00e7oxluq \u00e7ar\u0259sizlik i\u00e7\u0259risind\u0259 \u00fcmidini m\u00fcc\u0259rr\u0259d g\u0259l\u0259c\u0259y\u0259 ba\u011flay\u0131b<\/p>\n","protected":false},"author":11,"featured_media":71323,"comment_status":"closed","ping_status":"open","sticky":false,"template":"","format":"standard","meta":{"_acf_changed":false,"_sitemap_exclude":false,"_sitemap_priority":"","_sitemap_frequency":"","footnotes":""},"categories":[51],"tags":[],"class_list":["post-179863","post","type-post","status-publish","format-standard","has-post-thumbnail","hentry","category-analitika","infinite-scroll-item","generate-columns","tablet-grid-50","mobile-grid-100","grid-parent","grid-33","no-featured-image-padding"],"acf":[],"yoast_head":"<!-- This site is optimized with the Yoast SEO plugin v27.5 - https:\/\/yoast.com\/product\/yoast-seo-wordpress\/ -->\n<title>K\u0259ndl\u0259rd\u0259 yoxsulluq daha da artacaq - MEYDAN.TV<\/title>\n<meta name=\"robots\" content=\"index, follow, max-snippet:-1, max-image-preview:large, max-video-preview:-1\" \/>\n<link rel=\"canonical\" href=\"https:\/\/www.meydan.tv\/az\/article\/kendlerde-yoxsulluq-daha-da-artacaq\/\" \/>\n<meta property=\"og:locale\" content=\"az_AZ\" \/>\n<meta property=\"og:type\" content=\"article\" \/>\n<meta property=\"og:title\" content=\"K\u0259ndl\u0259rd\u0259 yoxsulluq daha da artacaq - MEYDAN.TV\" \/>\n<meta property=\"og:description\" content=\"B\u00f6y\u00fck \u00e7oxluq \u00e7ar\u0259sizlik i\u00e7\u0259risind\u0259 \u00fcmidini m\u00fcc\u0259rr\u0259d g\u0259l\u0259c\u0259y\u0259 ba\u011flay\u0131b\" \/>\n<meta property=\"og:url\" content=\"https:\/\/www.meydan.tv\/az\/article\/kendlerde-yoxsulluq-daha-da-artacaq\/\" \/>\n<meta property=\"og:site_name\" content=\"MEYDAN.TV\" \/>\n<meta property=\"article:published_time\" content=\"2016-10-25T14:18:10+00:00\" \/>\n<meta property=\"og:image\" content=\"https:\/\/www.meydan.tv\/wp-content\/uploads\/27328.jpg\" \/>\n\t<meta property=\"og:image:width\" content=\"400\" \/>\n\t<meta property=\"og:image:height\" content=\"243\" \/>\n\t<meta property=\"og:image:type\" content=\"image\/jpeg\" \/>\n<meta name=\"author\" content=\"user-manager\" \/>\n<meta name=\"twitter:card\" content=\"summary_large_image\" \/>\n<script type=\"application\/ld+json\" class=\"yoast-schema-graph\">{\"@context\":\"https:\\\/\\\/schema.org\",\"@graph\":[{\"@type\":\"Article\",\"@id\":\"https:\\\/\\\/www.meydan.tv\\\/az\\\/article\\\/kendlerde-yoxsulluq-daha-da-artacaq\\\/#article\",\"isPartOf\":{\"@id\":\"https:\\\/\\\/www.meydan.tv\\\/az\\\/article\\\/kendlerde-yoxsulluq-daha-da-artacaq\\\/\"},\"author\":{\"name\":\"user-manager\",\"@id\":\"https:\\\/\\\/www.meydan.tv\\\/az\\\/#\\\/schema\\\/person\\\/10d11eccf6da3662cf5fdab9806ea91a\"},\"headline\":\"K\u0259ndl\u0259rd\u0259 yoxsulluq daha da artacaq\",\"datePublished\":\"2016-10-25T14:18:10+00:00\",\"mainEntityOfPage\":{\"@id\":\"https:\\\/\\\/www.meydan.tv\\\/az\\\/article\\\/kendlerde-yoxsulluq-daha-da-artacaq\\\/\"},\"wordCount\":1383,\"publisher\":{\"@id\":\"https:\\\/\\\/www.meydan.tv\\\/az\\\/#organization\"},\"image\":{\"@id\":\"https:\\\/\\\/www.meydan.tv\\\/az\\\/article\\\/kendlerde-yoxsulluq-daha-da-artacaq\\\/#primaryimage\"},\"thumbnailUrl\":\"https:\\\/\\\/www.meydan.tv\\\/wp-content\\\/uploads\\\/27328.jpg\",\"articleSection\":[\"Analitika\"],\"inLanguage\":\"az\"},{\"@type\":\"WebPage\",\"@id\":\"https:\\\/\\\/www.meydan.tv\\\/az\\\/article\\\/kendlerde-yoxsulluq-daha-da-artacaq\\\/\",\"url\":\"https:\\\/\\\/www.meydan.tv\\\/az\\\/article\\\/kendlerde-yoxsulluq-daha-da-artacaq\\\/\",\"name\":\"K\u0259ndl\u0259rd\u0259 yoxsulluq daha da artacaq - MEYDAN.TV\",\"isPartOf\":{\"@id\":\"https:\\\/\\\/www.meydan.tv\\\/az\\\/#website\"},\"primaryImageOfPage\":{\"@id\":\"https:\\\/\\\/www.meydan.tv\\\/az\\\/article\\\/kendlerde-yoxsulluq-daha-da-artacaq\\\/#primaryimage\"},\"image\":{\"@id\":\"https:\\\/\\\/www.meydan.tv\\\/az\\\/article\\\/kendlerde-yoxsulluq-daha-da-artacaq\\\/#primaryimage\"},\"thumbnailUrl\":\"https:\\\/\\\/www.meydan.tv\\\/wp-content\\\/uploads\\\/27328.jpg\",\"datePublished\":\"2016-10-25T14:18:10+00:00\",\"breadcrumb\":{\"@id\":\"https:\\\/\\\/www.meydan.tv\\\/az\\\/article\\\/kendlerde-yoxsulluq-daha-da-artacaq\\\/#breadcrumb\"},\"inLanguage\":\"az\",\"potentialAction\":[{\"@type\":\"ReadAction\",\"target\":[\"https:\\\/\\\/www.meydan.tv\\\/az\\\/article\\\/kendlerde-yoxsulluq-daha-da-artacaq\\\/\"]}]},{\"@type\":\"ImageObject\",\"inLanguage\":\"az\",\"@id\":\"https:\\\/\\\/www.meydan.tv\\\/az\\\/article\\\/kendlerde-yoxsulluq-daha-da-artacaq\\\/#primaryimage\",\"url\":\"https:\\\/\\\/www.meydan.tv\\\/wp-content\\\/uploads\\\/27328.jpg\",\"contentUrl\":\"https:\\\/\\\/www.meydan.tv\\\/wp-content\\\/uploads\\\/27328.jpg\",\"width\":400,\"height\":243,\"caption\":\"Source:\"},{\"@type\":\"BreadcrumbList\",\"@id\":\"https:\\\/\\\/www.meydan.tv\\\/az\\\/article\\\/kendlerde-yoxsulluq-daha-da-artacaq\\\/#breadcrumb\",\"itemListElement\":[{\"@type\":\"ListItem\",\"position\":1,\"name\":\"Ana s\u0259hif\u0259\",\"item\":\"https:\\\/\\\/www.meydan.tv\\\/az\\\/\"},{\"@type\":\"ListItem\",\"position\":2,\"name\":\"Analitika\",\"item\":\"https:\\\/\\\/www.meydan.tv\\\/az\\\/section\\\/analitika\\\/\"},{\"@type\":\"ListItem\",\"position\":3,\"name\":\"K\u0259ndl\u0259rd\u0259 yoxsulluq daha da artacaq\"}]},{\"@type\":\"WebSite\",\"@id\":\"https:\\\/\\\/www.meydan.tv\\\/az\\\/#website\",\"url\":\"https:\\\/\\\/www.meydan.tv\\\/az\\\/\",\"name\":\"MEYDAN.TV\",\"description\":\"Meydan TV Az\u0259rbaycan\u0131n media m\u0259kan\u0131ndak\u0131 alternativ s\u0259sidir\",\"publisher\":{\"@id\":\"https:\\\/\\\/www.meydan.tv\\\/az\\\/#organization\"},\"potentialAction\":[{\"@type\":\"SearchAction\",\"target\":{\"@type\":\"EntryPoint\",\"urlTemplate\":\"https:\\\/\\\/www.meydan.tv\\\/az\\\/?s={search_term_string}\"},\"query-input\":{\"@type\":\"PropertyValueSpecification\",\"valueRequired\":true,\"valueName\":\"search_term_string\"}}],\"inLanguage\":\"az\"},{\"@type\":\"Organization\",\"@id\":\"https:\\\/\\\/www.meydan.tv\\\/az\\\/#organization\",\"name\":\"Meydan TV\",\"url\":\"https:\\\/\\\/www.meydan.tv\\\/az\\\/\",\"logo\":{\"@type\":\"ImageObject\",\"inLanguage\":\"az\",\"@id\":\"https:\\\/\\\/www.meydan.tv\\\/az\\\/#\\\/schema\\\/logo\\\/image\\\/\",\"url\":\"https:\\\/\\\/www.meydan.tv\\\/wp-content\\\/uploads\\\/2021\\\/07\\\/meydan-logo.svg\",\"contentUrl\":\"https:\\\/\\\/www.meydan.tv\\\/wp-content\\\/uploads\\\/2021\\\/07\\\/meydan-logo.svg\",\"width\":195,\"height\":46,\"caption\":\"Meydan TV\"},\"image\":{\"@id\":\"https:\\\/\\\/www.meydan.tv\\\/az\\\/#\\\/schema\\\/logo\\\/image\\\/\"}},{\"@type\":\"Person\",\"@id\":\"https:\\\/\\\/www.meydan.tv\\\/az\\\/#\\\/schema\\\/person\\\/10d11eccf6da3662cf5fdab9806ea91a\",\"name\":\"user-manager\"}]}<\/script>\n<!-- \/ Yoast SEO plugin. -->","yoast_head_json":{"title":"K\u0259ndl\u0259rd\u0259 yoxsulluq daha da artacaq - MEYDAN.TV","robots":{"index":"index","follow":"follow","max-snippet":"max-snippet:-1","max-image-preview":"max-image-preview:large","max-video-preview":"max-video-preview:-1"},"canonical":"https:\/\/www.meydan.tv\/az\/article\/kendlerde-yoxsulluq-daha-da-artacaq\/","og_locale":"az_AZ","og_type":"article","og_title":"K\u0259ndl\u0259rd\u0259 yoxsulluq daha da artacaq - MEYDAN.TV","og_description":"B\u00f6y\u00fck \u00e7oxluq \u00e7ar\u0259sizlik i\u00e7\u0259risind\u0259 \u00fcmidini m\u00fcc\u0259rr\u0259d g\u0259l\u0259c\u0259y\u0259 ba\u011flay\u0131b","og_url":"https:\/\/www.meydan.tv\/az\/article\/kendlerde-yoxsulluq-daha-da-artacaq\/","og_site_name":"MEYDAN.TV","article_published_time":"2016-10-25T14:18:10+00:00","og_image":[{"width":400,"height":243,"url":"https:\/\/www.meydan.tv\/wp-content\/uploads\/27328.jpg","type":"image\/jpeg"}],"author":"user-manager","twitter_card":"summary_large_image","schema":{"@context":"https:\/\/schema.org","@graph":[{"@type":"Article","@id":"https:\/\/www.meydan.tv\/az\/article\/kendlerde-yoxsulluq-daha-da-artacaq\/#article","isPartOf":{"@id":"https:\/\/www.meydan.tv\/az\/article\/kendlerde-yoxsulluq-daha-da-artacaq\/"},"author":{"name":"user-manager","@id":"https:\/\/www.meydan.tv\/az\/#\/schema\/person\/10d11eccf6da3662cf5fdab9806ea91a"},"headline":"K\u0259ndl\u0259rd\u0259 yoxsulluq daha da artacaq","datePublished":"2016-10-25T14:18:10+00:00","mainEntityOfPage":{"@id":"https:\/\/www.meydan.tv\/az\/article\/kendlerde-yoxsulluq-daha-da-artacaq\/"},"wordCount":1383,"publisher":{"@id":"https:\/\/www.meydan.tv\/az\/#organization"},"image":{"@id":"https:\/\/www.meydan.tv\/az\/article\/kendlerde-yoxsulluq-daha-da-artacaq\/#primaryimage"},"thumbnailUrl":"https:\/\/www.meydan.tv\/wp-content\/uploads\/27328.jpg","articleSection":["Analitika"],"inLanguage":"az"},{"@type":"WebPage","@id":"https:\/\/www.meydan.tv\/az\/article\/kendlerde-yoxsulluq-daha-da-artacaq\/","url":"https:\/\/www.meydan.tv\/az\/article\/kendlerde-yoxsulluq-daha-da-artacaq\/","name":"K\u0259ndl\u0259rd\u0259 yoxsulluq daha da artacaq - MEYDAN.TV","isPartOf":{"@id":"https:\/\/www.meydan.tv\/az\/#website"},"primaryImageOfPage":{"@id":"https:\/\/www.meydan.tv\/az\/article\/kendlerde-yoxsulluq-daha-da-artacaq\/#primaryimage"},"image":{"@id":"https:\/\/www.meydan.tv\/az\/article\/kendlerde-yoxsulluq-daha-da-artacaq\/#primaryimage"},"thumbnailUrl":"https:\/\/www.meydan.tv\/wp-content\/uploads\/27328.jpg","datePublished":"2016-10-25T14:18:10+00:00","breadcrumb":{"@id":"https:\/\/www.meydan.tv\/az\/article\/kendlerde-yoxsulluq-daha-da-artacaq\/#breadcrumb"},"inLanguage":"az","potentialAction":[{"@type":"ReadAction","target":["https:\/\/www.meydan.tv\/az\/article\/kendlerde-yoxsulluq-daha-da-artacaq\/"]}]},{"@type":"ImageObject","inLanguage":"az","@id":"https:\/\/www.meydan.tv\/az\/article\/kendlerde-yoxsulluq-daha-da-artacaq\/#primaryimage","url":"https:\/\/www.meydan.tv\/wp-content\/uploads\/27328.jpg","contentUrl":"https:\/\/www.meydan.tv\/wp-content\/uploads\/27328.jpg","width":400,"height":243,"caption":"Source:"},{"@type":"BreadcrumbList","@id":"https:\/\/www.meydan.tv\/az\/article\/kendlerde-yoxsulluq-daha-da-artacaq\/#breadcrumb","itemListElement":[{"@type":"ListItem","position":1,"name":"Ana s\u0259hif\u0259","item":"https:\/\/www.meydan.tv\/az\/"},{"@type":"ListItem","position":2,"name":"Analitika","item":"https:\/\/www.meydan.tv\/az\/section\/analitika\/"},{"@type":"ListItem","position":3,"name":"K\u0259ndl\u0259rd\u0259 yoxsulluq daha da artacaq"}]},{"@type":"WebSite","@id":"https:\/\/www.meydan.tv\/az\/#website","url":"https:\/\/www.meydan.tv\/az\/","name":"MEYDAN.TV","description":"Meydan TV Az\u0259rbaycan\u0131n media m\u0259kan\u0131ndak\u0131 alternativ s\u0259sidir","publisher":{"@id":"https:\/\/www.meydan.tv\/az\/#organization"},"potentialAction":[{"@type":"SearchAction","target":{"@type":"EntryPoint","urlTemplate":"https:\/\/www.meydan.tv\/az\/?s={search_term_string}"},"query-input":{"@type":"PropertyValueSpecification","valueRequired":true,"valueName":"search_term_string"}}],"inLanguage":"az"},{"@type":"Organization","@id":"https:\/\/www.meydan.tv\/az\/#organization","name":"Meydan TV","url":"https:\/\/www.meydan.tv\/az\/","logo":{"@type":"ImageObject","inLanguage":"az","@id":"https:\/\/www.meydan.tv\/az\/#\/schema\/logo\/image\/","url":"https:\/\/www.meydan.tv\/wp-content\/uploads\/2021\/07\/meydan-logo.svg","contentUrl":"https:\/\/www.meydan.tv\/wp-content\/uploads\/2021\/07\/meydan-logo.svg","width":195,"height":46,"caption":"Meydan TV"},"image":{"@id":"https:\/\/www.meydan.tv\/az\/#\/schema\/logo\/image\/"}},{"@type":"Person","@id":"https:\/\/www.meydan.tv\/az\/#\/schema\/person\/10d11eccf6da3662cf5fdab9806ea91a","name":"user-manager"}]}},"_links":{"self":[{"href":"https:\/\/www.meydan.tv\/az\/wp-json\/wp\/v2\/posts\/179863","targetHints":{"allow":["GET"]}}],"collection":[{"href":"https:\/\/www.meydan.tv\/az\/wp-json\/wp\/v2\/posts"}],"about":[{"href":"https:\/\/www.meydan.tv\/az\/wp-json\/wp\/v2\/types\/post"}],"author":[{"embeddable":true,"href":"https:\/\/www.meydan.tv\/az\/wp-json\/wp\/v2\/users\/11"}],"replies":[{"embeddable":true,"href":"https:\/\/www.meydan.tv\/az\/wp-json\/wp\/v2\/comments?post=179863"}],"version-history":[{"count":0,"href":"https:\/\/www.meydan.tv\/az\/wp-json\/wp\/v2\/posts\/179863\/revisions"}],"wp:featuredmedia":[{"embeddable":true,"href":"https:\/\/www.meydan.tv\/az\/wp-json\/wp\/v2\/media\/71323"}],"wp:attachment":[{"href":"https:\/\/www.meydan.tv\/az\/wp-json\/wp\/v2\/media?parent=179863"}],"wp:term":[{"taxonomy":"category","embeddable":true,"href":"https:\/\/www.meydan.tv\/az\/wp-json\/wp\/v2\/categories?post=179863"},{"taxonomy":"post_tag","embeddable":true,"href":"https:\/\/www.meydan.tv\/az\/wp-json\/wp\/v2\/tags?post=179863"}],"curies":[{"name":"wp","href":"https:\/\/api.w.org\/{rel}","templated":true}]}}