{"id":179843,"date":"2016-10-24T16:23:43","date_gmt":"2016-10-24T16:23:43","guid":{"rendered":"https:\/\/www.meydan.tv\/article\/beynelxalq-valyuta-fondu-proqnozunu-yenileyib\/"},"modified":"2016-10-24T16:23:43","modified_gmt":"2016-10-24T16:23:43","slug":"beynelxalq-valyuta-fondu-proqnozunu-yenileyib","status":"publish","type":"post","link":"https:\/\/www.meydan.tv\/az\/article\/beynelxalq-valyuta-fondu-proqnozunu-yenileyib\/","title":{"rendered":"Beyn\u0259lxalq Valyuta Fondu proqnozunu yenil\u0259yib"},"content":{"rendered":"<figure class=\"wp-block-image size-large\">\n  <img decoding=\"async\" src=\"https:\/\/www.meydan.tv\/az\/foto-apa-25\/\" alt=\"foto APA\" class=\"wp-image-71254\"\/><figcaption>\n    foto APA<br \/>\n  <\/figcaption><\/figure>\n<p>\n  <i><br \/>\n    Natiq C\u0259f\u0259rli: &#8221;D\u00fcnya praktikas\u0131nda ilk d\u0259f\u0259dir ki, IMF-in r\u0259q\u0259ml\u0259ri h\u00f6kum\u0259tin r\u0259q\u0259ml\u0259rind\u0259n daha yax\u015f\u0131d\u0131r&#8221;<br \/>\n  <\/i>\n<\/p>\n<p>\n  <br \/>\n  Beyn\u0259lxalq Valyuta Fondu Az\u0259rbaycan iqtisadiyyat\u0131 \u00fczr\u0259 bir s\u0131ra proqnozunu yenil\u0259yib. Bu haqda Beyn\u0259lxalq Valyuta Fondunun (IMF) \u201cQafqaz v\u0259 M\u0259rk\u0259zi Asiya\u201d il\u0259 ba\u011fl\u0131 a\u00e7\u0131qlad\u0131\u011f\u0131 n\u00f6vb\u0259ti proqnozda deyilir.\n<\/p>\n<p>\n  APA-n\u0131n x\u0259b\u0259rin\u0259 g\u00f6r\u0259, proqnozda deyilir ki, 2016-c\u0131 ild\u0259 Az\u0259rbaycanda \u00fcmumi daxili m\u0259hsul (\u00dcDM) 1 faiz artacaq. Halbuki, bundan \u0259vv\u0259lki proqnozda 2.4 faiz azalma proqnozla\u015fd\u0131r\u0131l\u0131rd\u0131.\n<\/p>\n<p>\n  BVF-y\u0259 g\u00f6r\u0259, 2017-ci ild\u0259 \u00dcDM-d\u0259 2.4 faizlik art\u0131m m\u00fc\u015fahid\u0259 olunacaq. Bundan \u0259vv\u0259lki proqnozda art\u0131m 1.4 faiz idi.\n<\/p>\n<p>\n  Fondun t\u0259xminl\u0259rin\u0259 g\u00f6r\u0259, 2016-c\u0131 ild\u0259 inflyasiya 10.8 faiz olacaq. Fondun \u0259vv\u0259lki t\u0259xminl\u0259ri 10.2 faiz idi.\n<\/p>\n<p>\n  G\u0259l\u0259n il \u00fc\u00e7\u00fcn inflyasiya proqnozu 8,7 faiz m\u00fc\u0259yy\u0259n edilib. Bundan \u0259vv\u0259lki inflyasiya proqnozu 8,5 faiz idi.\n<\/p>\n<p>\n  BVF-y\u0259 g\u00f6r\u0259, Az\u0259rbaycanda t\u0259diyy\u0259 balans\u0131 2016-c\u0131 ild\u0259 3,5, 2017-ci ild\u0259 is\u0259 2 faiz azalacaq.\n<\/p>\n<p>\n  Bu bar\u0259d\u0259 Meydan TV-y\u0259 \u015f\u0259rh ver\u0259n iqtisad\u00e7\u0131 Natiq C\u0259f\u0259rli IMF-nin Az\u0259rbaycanla ba\u011fl\u0131 son hesabat\u0131n\u0131n ciddi m\u0259qamlardan x\u0259b\u0259r verdiyi q\u0259na\u0259tind\u0259dir: &#8220;B\u0259lk\u0259 d\u0259 d\u00fcnya tarixind\u0259 ilk d\u0259f\u0259dir ki, fondun a\u00e7\u0131qlad\u0131\u011f\u0131 r\u0259q\u0259ml\u0259rl\u0259 proqnoz verdiyi \u00f6lk\u0259l\u0259l\u0259rin r\u0259smi r\u0259q\u0259ml\u0259ri aras\u0131nda bu q\u0259d\u0259r uy\u011funsuzluq var. H\u0259tta Az\u0259rbaycan h\u00f6kum\u0259ti bu ilin ilk 9 ay\u0131nda \u00dcmumi Daxili M\u0259hsulun 4 faiz\u0259 q\u0259d\u0259r azald\u0131\u011f\u0131n\u0131 r\u0259sm\u0259n elan etdi. \u0130lin sonuna q\u0259d\u0259r t\u0259qrib\u0259n 3,8 faizlik azalma olacaq. Bu da son g\u00fcnl\u0259r neftin qiym\u0259tinin 50 dollar\u0131 ke\u00e7m\u0259sil\u0259 ba\u011fl\u0131d\u0131r&#8221;.\n<\/p>\n<p>\n  Natiq C\u0259f\u0259rli IMF-nin 1 faiz art\u0131m proqnozla\u015fd\u0131rmas\u0131n\u0131 tamamil\u0259 yersiz, m\u0259nas\u0131z v\u0259 qurumun n\u00fcfuzuna x\u0259l\u0259l g\u0259tir\u0259c\u0259k a\u00e7\u0131qlama hesab edir: &#8220;\u00c7\u00fcnki r\u0259smi r\u0259q\u0259ml\u0259rl\u0259 i\u015fl\u0259m\u0259y\u0259 \u00fcst\u00fcnl\u00fck ver\u0259n fondun bird\u0259n-bir\u0259 r\u0259smi r\u0259q\u0259ml\u0259rd\u0259n bu q\u0259d\u0259r f\u0259rql\u0259n\u0259n hesabat yaymas\u0131 kifay\u0259t q\u0259d\u0259r suallar do\u011furur. Ya hesabat\u0131 haz\u0131rlayanlar m\u0259s\u0259l\u0259y\u0259 kifay\u0259t q\u0259d\u0259r pe\u015f\u0259kar yana\u015fmay\u0131blar, ya da m\u00fc\u0259yy\u0259n texniki q\u00fcsurlara yol veribl\u0259r. Ona g\u00f6r\u0259 ki, bu q\u0259d\u0259r f\u0259rqin olmas\u0131 m\u00fcmk\u00fcn deyil. 2017-ci ill\u0259 ba\u011fl\u0131 veril\u0259n 2,4 faiz iqtisadi art\u0131m proqnozu is\u0259 he\u00e7 h\u00f6kum\u0259tin proqnozu il\u0259 \u00fcst-\u00fcst\u0259 d\u00fc\u015fm\u00fcr. H\u00f6kum\u0259t \u0259n yax\u015f\u0131 halda g\u0259l\u0259n il 1 faiz\u0259 yax\u0131n iqtisadi art\u0131m g\u00f6zl\u0259yir. \u0130nflyasiyayla ba\u011fl\u0131 r\u0259q\u0259ml\u0259rd\u0259 m\u00fc\u0259yy\u0259n d\u0259r\u0259c\u0259d\u0259 probleml\u0259r var, amma bu r\u0259q\u0259ml\u0259r he\u00e7 olmasa h\u00f6kum\u0259tin proqnozlar\u0131na az da olsa uy\u011fundur. Ancaq orada da kifay\u0259t q\u0259d\u0259r f\u0259rqli yana\u015fma \u00f6z\u00fcn\u00fc b\u00fcruz\u0259 verir, bu ilin orta inflyasiya r\u0259q\u0259mini h\u00f6kum\u0259t art\u0131q a\u00e7\u0131qlay\u0131b, 11 faizdir, ilin sonuna bir az art\u0131m ola bil\u0259r. \u00c7\u00fcnki son ayda yeni ill\u0259 ba\u011fl\u0131 qiym\u0259tl\u0259rin kifay\u0259t q\u0259d\u0259r artmas\u0131 ehtimal\u0131 var. G\u0259l\u0259n il \u00fc\u00e7\u00fcn inflyasiya s\u0259viyy\u0259sini t\u0259qrib\u0259n 8,7 faiz s\u0259viyy\u0259sind\u0259 olaca\u011f\u0131n\u0131 dem\u0259k \u00fc\u00e7\u00fcn ciddi \u0259sas g\u00f6rm\u00fcr\u0259m. IMF bu r\u0259q\u0259mi n\u0259y\u0259 \u0259sas\u0259n s\u0259sl\u0259ndirib?! Bu m\u0259ntiql\u0259 yana\u015fd\u0131qda manat m\u00f6hk\u0259ml\u0259nm\u0259lidir ki, qiym\u0259tl\u0259rd\u0259 sabitlik yarans\u0131n. Amma manat\u0131n m\u00f6hk\u0259ml\u0259nm\u0259si perspektivi yoxdur. Bax, IMF-nin bu bar\u0259d\u0259 proqnozu m\u0259nim \u00fc\u00e7\u00fcn d\u0259 qaranl\u0131qd\u0131r. Bir daha deyir\u0259m, d\u00fcnya praktikas\u0131nda ilk d\u0259f\u0259dir ki, IMF-in r\u0259q\u0259ml\u0259ri h\u00f6kum\u0259tin r\u0259q\u0259ml\u0259rind\u0259n daha yax\u015f\u0131d\u0131r. \u018fslind\u0259, h\u00f6kum\u0259tin r\u0259q\u0259ml\u0259ri reall\u0131\u011fa daha yax\u0131nd\u0131r&#8221;.\n<\/p>\n<figure class=\"wp-block-image size-large\">\n  <img decoding=\"async\" src=\"https:\/\/www.meydan.tv\/az\/71257\/\" alt=\"\" class=\"wp-image-71257\"\/><figcaption>\n    Natiq C\u0259f\u0259rli foto Meydan TV<br \/>\n  <\/figcaption><\/figure>\n<p>\n  \u0130qtisad\u00e7\u0131 bildirib ki, Az\u0259rbaycanda alternativ hesabatlar \u00fc\u00e7\u00fcn imkanlar yox d\u0259r\u0259c\u0259sind\u0259dir:\u00a0&#8220;Ciddi sivil toplum qurumlar\u0131 s\u0131radan \u00e7\u0131xar\u0131l\u0131b. Bu istiqam\u0259td\u0259 f\u0259aliyy\u0259t g\u00f6st\u0259r\u0259n QHT-l\u0259r qalmay\u0131b. T\u00fcrkiy\u0259d\u0259 v\u0259 ba\u015fqa \u00f6lk\u0259l\u0259rd\u0259 i\u015f adamlar\u0131 il\u0259 i\u015fl\u0259y\u0259n alternativ qurumlar var. Az\u0259rbaycanda bunlar\u0131n he\u00e7 biri yoxdur. Ona g\u00f6r\u0259 d\u0259 IMF r\u0259q\u0259ml\u0259ri r\u0259smi m\u0259nb\u0259l\u0259rd\u0259n g\u00f6t\u00fcr\u00fcr. Bununla bel\u0259, hesabatda bu q\u0259d\u0259r f\u0259rqin yaranmas\u0131 anla\u015f\u0131lmazd\u0131r&#8221;.\n<\/p>\n<p>\n  Natiq C\u0259f\u0259rli proqnozla\u015fd\u0131r\u0131r ki, ilin sonunda \u00dcDM t\u0259qrib\u0259n 3,8 faiz azalacaq: &#8220;2017-ci ild\u0259 neftin qiym\u0259ti 50 dollardan yuxar\u0131 olsa, art\u0131m olmasa bel\u0259, ciddi azalma da g\u00f6zl\u0259nilmir. Amma inflyasiyan\u0131n s\u0259viyy\u0259sinin builki q\u0259d\u0259r olmas\u0131 \u00e7ox y\u00fcks\u0259kdir. \u00c7\u00fcnki t\u0259diyy\u0259 balans\u0131na baxd\u0131qda, xaricd\u0259n g\u0259tiril\u0259n m\u0259hsuillar\u0131n h\u0259cminin getdikc\u0259 artd\u0131\u011f\u0131 g\u00f6r\u00fcn\u00fcr. Bu, h\u0259m d\u0259 onu g\u00f6st\u0259rir ki, g\u00f6mr\u00fckd\u0259 &#8220;a\u011f hesabatl\u0131q&#8221;a ke\u00e7id ba\u015f verib. G\u00f6r\u00fcn\u0259n odur ki, istehlaka y\u00f6n\u0259lik v\u0259sait art\u0131r, dem\u0259li, qiym\u0259tl\u0259rin art\u0131m\u0131 da g\u0259l\u0259n il davaml\u0131 \u015f\u0259kild\u0259 ged\u0259c\u0259k&#8221;.<\/p>\n","protected":false},"excerpt":{"rendered":"<p>Natiq C\u0259f\u0259rli: &#8221;D\u00fcnya praktikas\u0131nda ilk d\u0259f\u0259dir ki, IMF-in r\u0259q\u0259ml\u0259ri h\u00f6kum\u0259tin r\u0259q\u0259ml\u0259rind\u0259n daha yax\u015f\u0131d\u0131r&#8221;<\/p>\n","protected":false},"author":11,"featured_media":71254,"comment_status":"closed","ping_status":"open","sticky":false,"template":"","format":"standard","meta":{"_acf_changed":false,"_sitemap_exclude":false,"_sitemap_priority":"","_sitemap_frequency":"","footnotes":""},"categories":[51],"tags":[],"class_list":["post-179843","post","type-post","status-publish","format-standard","has-post-thumbnail","hentry","category-analitika","infinite-scroll-item","generate-columns","tablet-grid-50","mobile-grid-100","grid-parent","grid-33","no-featured-image-padding"],"acf":[],"yoast_head":"<!-- This site is optimized with the Yoast SEO plugin v27.5 - https:\/\/yoast.com\/product\/yoast-seo-wordpress\/ -->\n<title>Beyn\u0259lxalq Valyuta Fondu proqnozunu yenil\u0259yib - MEYDAN.TV<\/title>\n<meta name=\"robots\" content=\"index, follow, max-snippet:-1, max-image-preview:large, max-video-preview:-1\" \/>\n<link rel=\"canonical\" href=\"https:\/\/www.meydan.tv\/az\/article\/beynelxalq-valyuta-fondu-proqnozunu-yenileyib\/\" \/>\n<meta property=\"og:locale\" content=\"az_AZ\" \/>\n<meta property=\"og:type\" content=\"article\" \/>\n<meta property=\"og:title\" content=\"Beyn\u0259lxalq Valyuta Fondu proqnozunu yenil\u0259yib - MEYDAN.TV\" \/>\n<meta property=\"og:description\" content=\"Natiq C\u0259f\u0259rli: &#039;&#039;D\u00fcnya praktikas\u0131nda ilk d\u0259f\u0259dir ki, IMF-in r\u0259q\u0259ml\u0259ri h\u00f6kum\u0259tin r\u0259q\u0259ml\u0259rind\u0259n daha yax\u015f\u0131d\u0131r&#039;&#039;\" \/>\n<meta property=\"og:url\" content=\"https:\/\/www.meydan.tv\/az\/article\/beynelxalq-valyuta-fondu-proqnozunu-yenileyib\/\" \/>\n<meta property=\"og:site_name\" content=\"MEYDAN.TV\" \/>\n<meta property=\"article:published_time\" content=\"2016-10-24T16:23:43+00:00\" \/>\n<meta property=\"og:image\" content=\"https:\/\/www.meydan.tv\/wp-content\/uploads\/27303.jpg\" \/>\n\t<meta property=\"og:image:width\" content=\"750\" \/>\n\t<meta property=\"og:image:height\" content=\"500\" \/>\n\t<meta property=\"og:image:type\" content=\"image\/jpeg\" \/>\n<meta name=\"author\" content=\"user-manager\" \/>\n<meta name=\"twitter:card\" content=\"summary_large_image\" \/>\n<script type=\"application\/ld+json\" class=\"yoast-schema-graph\">{\"@context\":\"https:\\\/\\\/schema.org\",\"@graph\":[{\"@type\":\"Article\",\"@id\":\"https:\\\/\\\/www.meydan.tv\\\/az\\\/article\\\/beynelxalq-valyuta-fondu-proqnozunu-yenileyib\\\/#article\",\"isPartOf\":{\"@id\":\"https:\\\/\\\/www.meydan.tv\\\/az\\\/article\\\/beynelxalq-valyuta-fondu-proqnozunu-yenileyib\\\/\"},\"author\":{\"name\":\"user-manager\",\"@id\":\"https:\\\/\\\/www.meydan.tv\\\/az\\\/#\\\/schema\\\/person\\\/10d11eccf6da3662cf5fdab9806ea91a\"},\"headline\":\"Beyn\u0259lxalq Valyuta Fondu proqnozunu yenil\u0259yib\",\"datePublished\":\"2016-10-24T16:23:43+00:00\",\"mainEntityOfPage\":{\"@id\":\"https:\\\/\\\/www.meydan.tv\\\/az\\\/article\\\/beynelxalq-valyuta-fondu-proqnozunu-yenileyib\\\/\"},\"wordCount\":919,\"publisher\":{\"@id\":\"https:\\\/\\\/www.meydan.tv\\\/az\\\/#organization\"},\"image\":{\"@id\":\"https:\\\/\\\/www.meydan.tv\\\/az\\\/article\\\/beynelxalq-valyuta-fondu-proqnozunu-yenileyib\\\/#primaryimage\"},\"thumbnailUrl\":\"https:\\\/\\\/www.meydan.tv\\\/wp-content\\\/uploads\\\/27303.jpg\",\"articleSection\":[\"Analitika\"],\"inLanguage\":\"az\"},{\"@type\":\"WebPage\",\"@id\":\"https:\\\/\\\/www.meydan.tv\\\/az\\\/article\\\/beynelxalq-valyuta-fondu-proqnozunu-yenileyib\\\/\",\"url\":\"https:\\\/\\\/www.meydan.tv\\\/az\\\/article\\\/beynelxalq-valyuta-fondu-proqnozunu-yenileyib\\\/\",\"name\":\"Beyn\u0259lxalq Valyuta Fondu proqnozunu yenil\u0259yib - MEYDAN.TV\",\"isPartOf\":{\"@id\":\"https:\\\/\\\/www.meydan.tv\\\/az\\\/#website\"},\"primaryImageOfPage\":{\"@id\":\"https:\\\/\\\/www.meydan.tv\\\/az\\\/article\\\/beynelxalq-valyuta-fondu-proqnozunu-yenileyib\\\/#primaryimage\"},\"image\":{\"@id\":\"https:\\\/\\\/www.meydan.tv\\\/az\\\/article\\\/beynelxalq-valyuta-fondu-proqnozunu-yenileyib\\\/#primaryimage\"},\"thumbnailUrl\":\"https:\\\/\\\/www.meydan.tv\\\/wp-content\\\/uploads\\\/27303.jpg\",\"datePublished\":\"2016-10-24T16:23:43+00:00\",\"breadcrumb\":{\"@id\":\"https:\\\/\\\/www.meydan.tv\\\/az\\\/article\\\/beynelxalq-valyuta-fondu-proqnozunu-yenileyib\\\/#breadcrumb\"},\"inLanguage\":\"az\",\"potentialAction\":[{\"@type\":\"ReadAction\",\"target\":[\"https:\\\/\\\/www.meydan.tv\\\/az\\\/article\\\/beynelxalq-valyuta-fondu-proqnozunu-yenileyib\\\/\"]}]},{\"@type\":\"ImageObject\",\"inLanguage\":\"az\",\"@id\":\"https:\\\/\\\/www.meydan.tv\\\/az\\\/article\\\/beynelxalq-valyuta-fondu-proqnozunu-yenileyib\\\/#primaryimage\",\"url\":\"https:\\\/\\\/www.meydan.tv\\\/wp-content\\\/uploads\\\/27303.jpg\",\"contentUrl\":\"https:\\\/\\\/www.meydan.tv\\\/wp-content\\\/uploads\\\/27303.jpg\",\"width\":750,\"height\":500,\"caption\":\"Source:\"},{\"@type\":\"BreadcrumbList\",\"@id\":\"https:\\\/\\\/www.meydan.tv\\\/az\\\/article\\\/beynelxalq-valyuta-fondu-proqnozunu-yenileyib\\\/#breadcrumb\",\"itemListElement\":[{\"@type\":\"ListItem\",\"position\":1,\"name\":\"Ana s\u0259hif\u0259\",\"item\":\"https:\\\/\\\/www.meydan.tv\\\/az\\\/\"},{\"@type\":\"ListItem\",\"position\":2,\"name\":\"Analitika\",\"item\":\"https:\\\/\\\/www.meydan.tv\\\/az\\\/section\\\/analitika\\\/\"},{\"@type\":\"ListItem\",\"position\":3,\"name\":\"Beyn\u0259lxalq Valyuta Fondu proqnozunu yenil\u0259yib\"}]},{\"@type\":\"WebSite\",\"@id\":\"https:\\\/\\\/www.meydan.tv\\\/az\\\/#website\",\"url\":\"https:\\\/\\\/www.meydan.tv\\\/az\\\/\",\"name\":\"MEYDAN.TV\",\"description\":\"Meydan TV Az\u0259rbaycan\u0131n media m\u0259kan\u0131ndak\u0131 alternativ s\u0259sidir\",\"publisher\":{\"@id\":\"https:\\\/\\\/www.meydan.tv\\\/az\\\/#organization\"},\"potentialAction\":[{\"@type\":\"SearchAction\",\"target\":{\"@type\":\"EntryPoint\",\"urlTemplate\":\"https:\\\/\\\/www.meydan.tv\\\/az\\\/?s={search_term_string}\"},\"query-input\":{\"@type\":\"PropertyValueSpecification\",\"valueRequired\":true,\"valueName\":\"search_term_string\"}}],\"inLanguage\":\"az\"},{\"@type\":\"Organization\",\"@id\":\"https:\\\/\\\/www.meydan.tv\\\/az\\\/#organization\",\"name\":\"Meydan TV\",\"url\":\"https:\\\/\\\/www.meydan.tv\\\/az\\\/\",\"logo\":{\"@type\":\"ImageObject\",\"inLanguage\":\"az\",\"@id\":\"https:\\\/\\\/www.meydan.tv\\\/az\\\/#\\\/schema\\\/logo\\\/image\\\/\",\"url\":\"https:\\\/\\\/www.meydan.tv\\\/wp-content\\\/uploads\\\/2021\\\/07\\\/meydan-logo.svg\",\"contentUrl\":\"https:\\\/\\\/www.meydan.tv\\\/wp-content\\\/uploads\\\/2021\\\/07\\\/meydan-logo.svg\",\"width\":195,\"height\":46,\"caption\":\"Meydan TV\"},\"image\":{\"@id\":\"https:\\\/\\\/www.meydan.tv\\\/az\\\/#\\\/schema\\\/logo\\\/image\\\/\"}},{\"@type\":\"Person\",\"@id\":\"https:\\\/\\\/www.meydan.tv\\\/az\\\/#\\\/schema\\\/person\\\/10d11eccf6da3662cf5fdab9806ea91a\",\"name\":\"user-manager\"}]}<\/script>\n<!-- \/ Yoast SEO plugin. -->","yoast_head_json":{"title":"Beyn\u0259lxalq Valyuta Fondu proqnozunu yenil\u0259yib - MEYDAN.TV","robots":{"index":"index","follow":"follow","max-snippet":"max-snippet:-1","max-image-preview":"max-image-preview:large","max-video-preview":"max-video-preview:-1"},"canonical":"https:\/\/www.meydan.tv\/az\/article\/beynelxalq-valyuta-fondu-proqnozunu-yenileyib\/","og_locale":"az_AZ","og_type":"article","og_title":"Beyn\u0259lxalq Valyuta Fondu proqnozunu yenil\u0259yib - MEYDAN.TV","og_description":"Natiq C\u0259f\u0259rli: ''D\u00fcnya praktikas\u0131nda ilk d\u0259f\u0259dir ki, IMF-in r\u0259q\u0259ml\u0259ri h\u00f6kum\u0259tin r\u0259q\u0259ml\u0259rind\u0259n daha yax\u015f\u0131d\u0131r''","og_url":"https:\/\/www.meydan.tv\/az\/article\/beynelxalq-valyuta-fondu-proqnozunu-yenileyib\/","og_site_name":"MEYDAN.TV","article_published_time":"2016-10-24T16:23:43+00:00","og_image":[{"width":750,"height":500,"url":"https:\/\/www.meydan.tv\/wp-content\/uploads\/27303.jpg","type":"image\/jpeg"}],"author":"user-manager","twitter_card":"summary_large_image","schema":{"@context":"https:\/\/schema.org","@graph":[{"@type":"Article","@id":"https:\/\/www.meydan.tv\/az\/article\/beynelxalq-valyuta-fondu-proqnozunu-yenileyib\/#article","isPartOf":{"@id":"https:\/\/www.meydan.tv\/az\/article\/beynelxalq-valyuta-fondu-proqnozunu-yenileyib\/"},"author":{"name":"user-manager","@id":"https:\/\/www.meydan.tv\/az\/#\/schema\/person\/10d11eccf6da3662cf5fdab9806ea91a"},"headline":"Beyn\u0259lxalq Valyuta Fondu proqnozunu yenil\u0259yib","datePublished":"2016-10-24T16:23:43+00:00","mainEntityOfPage":{"@id":"https:\/\/www.meydan.tv\/az\/article\/beynelxalq-valyuta-fondu-proqnozunu-yenileyib\/"},"wordCount":919,"publisher":{"@id":"https:\/\/www.meydan.tv\/az\/#organization"},"image":{"@id":"https:\/\/www.meydan.tv\/az\/article\/beynelxalq-valyuta-fondu-proqnozunu-yenileyib\/#primaryimage"},"thumbnailUrl":"https:\/\/www.meydan.tv\/wp-content\/uploads\/27303.jpg","articleSection":["Analitika"],"inLanguage":"az"},{"@type":"WebPage","@id":"https:\/\/www.meydan.tv\/az\/article\/beynelxalq-valyuta-fondu-proqnozunu-yenileyib\/","url":"https:\/\/www.meydan.tv\/az\/article\/beynelxalq-valyuta-fondu-proqnozunu-yenileyib\/","name":"Beyn\u0259lxalq Valyuta Fondu proqnozunu yenil\u0259yib - MEYDAN.TV","isPartOf":{"@id":"https:\/\/www.meydan.tv\/az\/#website"},"primaryImageOfPage":{"@id":"https:\/\/www.meydan.tv\/az\/article\/beynelxalq-valyuta-fondu-proqnozunu-yenileyib\/#primaryimage"},"image":{"@id":"https:\/\/www.meydan.tv\/az\/article\/beynelxalq-valyuta-fondu-proqnozunu-yenileyib\/#primaryimage"},"thumbnailUrl":"https:\/\/www.meydan.tv\/wp-content\/uploads\/27303.jpg","datePublished":"2016-10-24T16:23:43+00:00","breadcrumb":{"@id":"https:\/\/www.meydan.tv\/az\/article\/beynelxalq-valyuta-fondu-proqnozunu-yenileyib\/#breadcrumb"},"inLanguage":"az","potentialAction":[{"@type":"ReadAction","target":["https:\/\/www.meydan.tv\/az\/article\/beynelxalq-valyuta-fondu-proqnozunu-yenileyib\/"]}]},{"@type":"ImageObject","inLanguage":"az","@id":"https:\/\/www.meydan.tv\/az\/article\/beynelxalq-valyuta-fondu-proqnozunu-yenileyib\/#primaryimage","url":"https:\/\/www.meydan.tv\/wp-content\/uploads\/27303.jpg","contentUrl":"https:\/\/www.meydan.tv\/wp-content\/uploads\/27303.jpg","width":750,"height":500,"caption":"Source:"},{"@type":"BreadcrumbList","@id":"https:\/\/www.meydan.tv\/az\/article\/beynelxalq-valyuta-fondu-proqnozunu-yenileyib\/#breadcrumb","itemListElement":[{"@type":"ListItem","position":1,"name":"Ana s\u0259hif\u0259","item":"https:\/\/www.meydan.tv\/az\/"},{"@type":"ListItem","position":2,"name":"Analitika","item":"https:\/\/www.meydan.tv\/az\/section\/analitika\/"},{"@type":"ListItem","position":3,"name":"Beyn\u0259lxalq Valyuta Fondu proqnozunu yenil\u0259yib"}]},{"@type":"WebSite","@id":"https:\/\/www.meydan.tv\/az\/#website","url":"https:\/\/www.meydan.tv\/az\/","name":"MEYDAN.TV","description":"Meydan TV Az\u0259rbaycan\u0131n media m\u0259kan\u0131ndak\u0131 alternativ s\u0259sidir","publisher":{"@id":"https:\/\/www.meydan.tv\/az\/#organization"},"potentialAction":[{"@type":"SearchAction","target":{"@type":"EntryPoint","urlTemplate":"https:\/\/www.meydan.tv\/az\/?s={search_term_string}"},"query-input":{"@type":"PropertyValueSpecification","valueRequired":true,"valueName":"search_term_string"}}],"inLanguage":"az"},{"@type":"Organization","@id":"https:\/\/www.meydan.tv\/az\/#organization","name":"Meydan TV","url":"https:\/\/www.meydan.tv\/az\/","logo":{"@type":"ImageObject","inLanguage":"az","@id":"https:\/\/www.meydan.tv\/az\/#\/schema\/logo\/image\/","url":"https:\/\/www.meydan.tv\/wp-content\/uploads\/2021\/07\/meydan-logo.svg","contentUrl":"https:\/\/www.meydan.tv\/wp-content\/uploads\/2021\/07\/meydan-logo.svg","width":195,"height":46,"caption":"Meydan TV"},"image":{"@id":"https:\/\/www.meydan.tv\/az\/#\/schema\/logo\/image\/"}},{"@type":"Person","@id":"https:\/\/www.meydan.tv\/az\/#\/schema\/person\/10d11eccf6da3662cf5fdab9806ea91a","name":"user-manager"}]}},"_links":{"self":[{"href":"https:\/\/www.meydan.tv\/az\/wp-json\/wp\/v2\/posts\/179843","targetHints":{"allow":["GET"]}}],"collection":[{"href":"https:\/\/www.meydan.tv\/az\/wp-json\/wp\/v2\/posts"}],"about":[{"href":"https:\/\/www.meydan.tv\/az\/wp-json\/wp\/v2\/types\/post"}],"author":[{"embeddable":true,"href":"https:\/\/www.meydan.tv\/az\/wp-json\/wp\/v2\/users\/11"}],"replies":[{"embeddable":true,"href":"https:\/\/www.meydan.tv\/az\/wp-json\/wp\/v2\/comments?post=179843"}],"version-history":[{"count":0,"href":"https:\/\/www.meydan.tv\/az\/wp-json\/wp\/v2\/posts\/179843\/revisions"}],"wp:featuredmedia":[{"embeddable":true,"href":"https:\/\/www.meydan.tv\/az\/wp-json\/wp\/v2\/media\/71254"}],"wp:attachment":[{"href":"https:\/\/www.meydan.tv\/az\/wp-json\/wp\/v2\/media?parent=179843"}],"wp:term":[{"taxonomy":"category","embeddable":true,"href":"https:\/\/www.meydan.tv\/az\/wp-json\/wp\/v2\/categories?post=179843"},{"taxonomy":"post_tag","embeddable":true,"href":"https:\/\/www.meydan.tv\/az\/wp-json\/wp\/v2\/tags?post=179843"}],"curies":[{"name":"wp","href":"https:\/\/api.w.org\/{rel}","templated":true}]}}