{"id":179842,"date":"2016-10-24T16:13:23","date_gmt":"2016-10-24T16:13:23","guid":{"rendered":"https:\/\/www.meydan.tv\/article\/yeni-vitse-prezidentlik-institutu-kime-lazimdir\/"},"modified":"2016-10-24T16:13:23","modified_gmt":"2016-10-24T16:13:23","slug":"yeni-vitse-prezidentlik-institutu-kime-lazimdir","status":"publish","type":"post","link":"https:\/\/www.meydan.tv\/az\/article\/yeni-vitse-prezidentlik-institutu-kime-lazimdir\/","title":{"rendered":"Yeni vitse-prezidentlik institutu kim\u0259 laz\u0131md\u0131r?"},"content":{"rendered":"<figure class=\"wp-block-image size-large\">\n  <img decoding=\"async\" src=\"https:\/\/www.meydan.tv\/az\/nahid-ceferov-4\/\" alt=\"Nahid C\u0259f\u0259rov\" class=\"wp-image-71245\"\/><figcaption>\n    Nahid C\u0259f\u0259rov<br \/>\n  <\/figcaption><\/figure>\n<figure class=\"wp-block-image size-large\">\n  <img decoding=\"async\" src=\"https:\/\/www.meydan.tv\/az\/nahid-ceferov-banner\/\" alt=\"Nahid C\u0259f\u0259rov &#8211; banner\" class=\"wp-image-71251\"\/><figcaption>\n    Nahid C\u0259f\u0259rov &#8211; banner<br \/>\n  <\/figcaption><\/figure>\n<p>\n  C\u0259miyy\u0259td\u0259 bununla ba\u011fl\u0131 m\u00fc\u0259yy\u0259n m\u00fczakir\u0259l\u0259r gets\u0259 d\u0259, \u0259ks\u0259r fikirl\u0259r m\u0259hz hakim ail\u0259 \u00fczvl\u0259rind\u0259n birinin bu v\u0259zif\u0259y\u0259 t\u0259yin olunmas\u0131 \u00fczr\u0259 c\u0259ml\u0259nir. Bir \u00e7oxu bu v\u0259zif\u0259y\u0259 \u0259sas\u0259n Mehriban \u018fliyevan\u0131n t\u0259yin edilm\u0259sini proqnozla\u015fd\u0131rsa da, bununla yana\u015f\u0131 f\u0259rqli ehtimallar\u0131 da n\u0259z\u0259rd\u0259n ke\u00e7irm\u0259k laz\u0131md\u0131r. Qeyd etm\u0259k laz\u0131md\u0131r ki, bu posta t\u0259yin olunan \u015f\u0259xs \u0259n az\u0131 iki x\u00fcsusiyy\u0259td\u0259n birin\u0259 malik olmal\u0131d\u0131r: hakim ail\u0259y\u0259 sadiqlik v\u0259 ya pe\u015f\u0259karl\u0131q. T\u0259yin olunacaq vitsa-prezidentd\u0259 h\u0259m pe\u015f\u0259karl\u0131\u011f\u0131n v\u0259 h\u0259m d\u0259 sadiqliyin olmas\u0131 \u018fliyevl\u0259r \u00fc\u00e7\u00fcn ideal bir se\u00e7im olsa da, y\u00fcks\u0259k pe\u015f\u0259karl\u0131q bir \u00e7ox hallarda sadiqliyin \u00fcz\u0259rin\u0259 k\u00f6lg\u0259 sal\u0131r v\u0259 o \u015f\u0259xs\u0259 olan inam\u0131 sars\u0131d\u0131r. Bunu n\u0259z\u0259r\u0259 alaraq, pe\u015f\u0259karl\u0131q v\u0259 loyall\u0131q bu m\u0259qal\u0259d\u0259 bir-birin\u0259 \u0259ks olan x\u00fcsusiyy\u0259tl\u0259r kimi t\u0259qdim edils\u0259 d\u0259, ikisind\u0259n birin\u0259 \u00fcst\u00fcnl\u00fck verilm\u0259si m\u00fc\u0259yy\u0259n rasional hesablamalara s\u00f6yk\u0259nir.\n<\/p>\n<p>\n  \u0130lk \u00f6nc\u0259 h\u00f6kum\u0259t t\u0259r\u0259find\u0259n bu d\u0259yi\u015fikliyi z\u0259ruri ed\u0259n s\u0259b\u0259bl\u0259r\u0259 baxmaq v\u0259 bu d\u0259yi\u015fikliyin kim\u0259 v\u0259 n\u0259y\u0259 xidm\u0259t ed\u0259 bil\u0259c\u0259yini ara\u015fd\u0131rmaq laz\u0131md\u0131r. N\u0259z\u0259r\u0259 alsaq ki, vitse-prezident postuna dair d\u0259yi\u015fiklik m\u0259hz \u0130lham \u018fliyev t\u0259r\u0259find\u0259n ir\u0259li s\u00fcr\u00fcl\u00fcb v\u0259 onun birba\u015fa n\u0259zar\u0259ti alt\u0131nda h\u0259yata ke\u00e7irilib, d\u0259yi\u015fikliyin kim\u0259 laz\u0131m olmas\u0131na dair suala cavab tapmaq o q\u0259d\u0259r d\u0259 \u00e7\u0259tin deyil. \u018fsas m\u0259s\u0259l\u0259, haz\u0131rk\u0131 d\u00f6z\u00fclm\u0259z bir iqtisadi v\u0259 siyasi durumda \u0259halini daha da q\u0131z\u0131\u015fd\u0131ra bil\u0259c\u0259k bu d\u0259yi\u015fikliyi izah ed\u0259n rasional s\u0259b\u0259bl\u0259rin ara\u015fd\u0131r\u0131lmas\u0131d\u0131r. Qeyd edim ki, bu yaz\u0131da t\u0259qdim edilmi\u015f b\u00fct\u00fcn analizl\u0259r rasional (\u0130lham \u018fliyev \u00fc\u00e7\u00fcn optimal ola bil\u0259n s\u0259b\u0259bl\u0259r) v\u0259 ehtimal n\u0259z\u0259riyy\u0259l\u0259ri \u00fcz\u0259rind\u0259 qurulub.\n<\/p>\n<p>\n  He\u00e7 kim\u0259 sirr deyil ki, d\u0259yi\u015fiklik iqtisadi v\u0259ziyy\u0259tl\u0259 v\u0259 ya neftin d\u00fcnya bazar\u0131ndak\u0131 k\u0259skin azalan qiym\u0259ti il\u0259 birba\u015fa \u0259laq\u0259dard\u0131r. Az\u0259rbaycana daxil olan maddi v\u0259saitin azalmas\u0131 \u0259hali aras\u0131nda maddi v\u0259 sosial naraz\u0131l\u0131qlar\u0131n artmas\u0131 il\u0259 yana\u015f\u0131 bu rejim\u0259 xidm\u0259t ed\u0259n insanlarda m\u00fc\u0259yy\u0259n narahatl\u0131lqlara s\u0259b\u0259b olmu\u015fdur. &#8220;\u00dcmumi qazana&#8221; t\u00f6k\u00fcl\u0259c\u0259k v\u0259saitin miqdar\u0131 azald\u0131qca, m\u0259rk\u0259zd\u0259nqa\u00e7ma meyill\u0259rinin artmas\u0131na \u015f\u0259rait yaranacaq v\u0259 bu da bir \u00e7ox d\u00f6vl\u0259t qulluq\u00e7ular\u0131nda h\u00f6kum\u0259t\u0259 qar\u015f\u0131 olan loyall\u0131\u011f\u0131 sars\u0131da bil\u0259r. Bundan \u0259lav\u0259, maliyy\u0259 resurslar\u0131n\u0131n t\u00fck\u0259nm\u0259si b\u00fcdc\u0259d\u0259n maliyy\u0259l\u0259\u015f\u0259n \u015f\u0259xsl\u0259rin ayl\u0131q \u0259m\u0259k haqq\u0131na m\u0259nfi t\u0259sir etm\u0259si il\u0259 paralel olaraq h\u00f6kum\u0259tin m\u00fcxalif\u0259t d\u00fc\u015f\u0259rg\u0259sind\u0259 f\u0259aliyy\u0259t g\u00f6st\u0259r\u0259n \u015f\u0259xsl\u0259rin pulla sat\u0131n almas\u0131n\u0131 \u00e7\u0259tinl\u0259\u015fdirir. Dig\u0259r t\u0259r\u0259fd\u0259n, hal-haz\u0131rda prezidenti \u0259v\u0259z ed\u0259 bil\u0259n ba\u015f naziri prezidentin deyil, parlamentin t\u0259sdiq etm\u0259si v\u0259 t\u00fck\u0259nm\u0259kd\u0259 olan resurslar s\u0259b\u0259bind\u0259n parlament \u00fcz\u0259rind\u0259ki n\u0259zar\u0259tin itiril\u0259 bilm\u0259 ehtimal\u0131 (az da olsa bel\u0259) birba\u015fa \u0130lham \u018fliyev t\u0259r\u0259find\u0259n t\u0259yin edil\u0259 bil\u0259n v\u0259 yaln\u0131z ona tabe olan bir institutun yarad\u0131lmas\u0131na z\u0259rur\u0259t yarada bil\u0259r. Bel\u0259 olan halda, \u0130lham \u018fliyev pe\u015f\u0259karl\u0131\u011f\u0131 sadiqliy\u0259 qurban ver\u0259r\u0259k, ona sadiq ola bil\u0259n v\u0259 x\u0259yan\u0259t etm\u0259 ehtimal\u0131 s\u0131f\u0131ra b\u0259rab\u0259r olan bir \u015f\u0259xsi vitse-president t\u0259yin ed\u0259 bil\u0259r. Bu posta ail\u0259y\u0259 m\u0259xsus olan v\u0259 ya ail\u0259y\u0259 \u00e7ox yax\u0131n olan ist\u0259nil\u0259n bir \u015f\u0259xsin t\u0259yinat\u0131n\u0131 ehtimal etm\u0259k m\u00fcmk\u00fcnd\u00fcr.\n<\/p>\n<p>\n  Vitse-prezidentin ail\u0259 \u00fczv\u00fcnd\u0259n birinin olaca\u011f\u0131 t\u0259qdird\u0259, h\u00f6kum\u0259tin g\u0259l\u0259c\u0259kd\u0259 xalqa v\u0259 muxalif\u0259t d\u00fc\u015f\u0259rg\u0259sin\u0259 qar\u015f\u0131 daha s\u0259rt v\u0259 radikal add\u0131mlar ataca\u011f\u0131n\u0131 qa\u00e7\u0131lmaz edir. Bu siyas\u0259tin n\u0259tic\u0259si olaraq, h\u00f6kum\u0259tl\u0259 xalq aras\u0131nda m\u00f6vcud olan haz\u0131rk\u0131 b\u00f6hran daha da d\u0259rinl\u0259\u015f\u0259r\u0259k iki t\u0259r\u0259f aras\u0131nda h\u0259l\u0259 d\u0259 a\u011f\u0131r \u015f\u0259rtl\u0259r alt\u0131nda qorunub saxlan\u0131lan b\u0259zi k\u00f6rp\u00fcl\u0259ri da\u011f\u0131lacaq. Da\u011f\u0131lm\u0131\u015f k\u00f6rp\u00fcl\u0259r sosial naraz\u0131l\u0131\u011f\u0131 daha da art\u0131racaq v\u0259 bu da diktaturan\u0131n m\u00fch\u0259rriki \u00fc\u00e7\u00fcn enerji rolunu oynayan sad\u0259 v\u0259 avam v\u0259t\u0259nda\u015flar\u0131n h\u00f6kum\u0259t t\u0259r\u0259f\u0259 ke\u00e7m\u0259sini \u00e7\u0259tinl\u0259\u015fdir\u0259c\u0259k. Bel\u0259 olan halda, artan ictimai q\u0131naqdan \u00e7\u0259kin\u0259r\u0259k h\u00f6kum\u0259t\u0259 xidm\u0259td\u0259n imtina ed\u0259n \u015f\u0259xsl\u0259rin say\u0131 artacaq v\u0259 eyni zamanda rejim\u0259 xidm\u0259t ed\u0259n \u015f\u0259xsl\u0259rin say\u0131nda defisitin yaranmas\u0131na s\u0259b\u0259b ola bil\u0259r. Art\u0131q xalq\u0131n s\u00fcni s\u00fcr\u0259td\u0259 yarad\u0131lm\u0131\u015f d\u0259st\u0259yin\u0259 deyil, bu \u015f\u0259xsl\u0259rin loyall\u0131\u011f\u0131na arxalanan h\u00f6kum\u0259t ona sadiq qalan bu q\u00fcvv\u0259l\u0259rin t\u0259minat\u0131n\u0131 da qar\u015f\u0131lamaq m\u0259cburiyy\u0259tind\u0259dir. Maddi resurslar\u0131n t\u00fck\u0259ndiyi bir \u015f\u0259raitd\u0259 bu \u015f\u0259xsl\u0259ri yaln\u0131z xalqa qar\u015f\u0131 istifad\u0259 ed\u0259 bil\u0259c\u0259k \u0259lav\u0259 s\u0259lahiyy\u0259tl\u0259rin, y\u0259ni g\u00fcc\u00fcn verilm\u0259si il\u0259 m\u0259mnun etm\u0259k m\u00fcmk\u00fcnd\u00fcr. Hal-haz\u0131rda polis n\u0259f\u0259rl\u0259rinin v\u0259 dig\u0259r m\u0259murlar\u0131n xalqa qar\u015f\u0131 amans\u0131zl\u0131\u011f\u0131 yuxar\u0131da qeyd edil\u0259n a\u015fa\u011f\u0131ya do\u011fru &#8220;g\u00fcc \u00f6t\u00fcr\u00fclm\u0259si&#8221;n\u0259 misal ola bil\u0259r.\n<\/p>\n<p>\n  Lakin Az\u0259rbaycan\u0131n iqtisadi v\u0259ziyy\u0259tinin g\u00fcnd\u0259n-g\u00fcn\u0259 pisl\u0259\u015fdiyi vaxtda bel\u0259 bir institutun yarad\u0131lmas\u0131n\u0131n dig\u0259r s\u0259b\u0259bi imic problemi il\u0259 ba\u011fl\u0131 ola bil\u0259r. Bu g\u00fcn \u018fliyevl\u0259rin qanunsuz f\u0259aliyy\u0259ti, s\u0259ri\u015ft\u0259siz siyas\u0259ti, \u0259haliy\u0259 qar\u015f\u0131 z\u00fclm etm\u0259si v\u0259 hakimiyy\u0259ti qeyri-qanuni olaraq z\u0259bt etm\u0259si n\u0259inki Az\u0259rbaycanda, h\u0259tta b\u00fct\u00fcn d\u00fcnyada h\u0259r k\u0259s\u0259 m\u0259lumdur. Bu qanunsuzluqlar\u0131 Az\u0259rbaycan xalq\u0131ndan zaman-zaman &#8220;\u0259traf\u0131 pisdir, \u00f6z\u00fc yax\u015f\u0131d\u0131r&#8221; n\u0259z\u0259riyy\u0259si il\u0259 gizl\u0259d\u0259r\u0259k, ilham \u018fliyevi m\u0259suliyy\u0259td\u0259n yay\u0131nd\u0131ma\u011fa \u00e7al\u0131\u015f\u0131rd\u0131lar. Amma \u0259hali aras\u0131nda sosial iqtisadi g\u0259rginliyin art\u0131d\u0131\u011f\u0131 bir d\u00f6vrd\u0259 m\u0259murlar\u0131n \u00f6zba\u015f\u0131nal\u0131\u011f\u0131 yuxar\u0131da qeyd edil\u0259n n\u0259z\u0259riyy\u0259y\u0259 olan inam\u0131 sars\u0131d\u0131b v\u0259 \u0259halid\u0259 \u0130lham \u018fliyev\u0259 qar\u015f\u0131 nifr\u0259ti v\u0259 hidd\u0259ti art\u0131rm\u0131\u015fd\u0131r. Bunu apar\u0131lan bir \u00e7ox sosial sor\u011fularda a\u00e7\u0131q-ayd\u0131n hiss etm\u0259k m\u00fcmk\u00fcnd\u00fcr. Art\u0131q rejim\u0259 h\u0259dsiz xidm\u0259tl\u0259ri il\u0259 xalq aras\u0131nda b\u00fct\u00fcn n\u00fcfuzunu itirmi\u015f Siyavu\u015f Novruzov kimil\u0259r h\u00f6kum\u0259t\u0259 ziyan ver\u0259r\u0259k, h\u00f6kum\u0259t \u00fc\u00e7\u00fcn a\u011f\u0131r imic problemi yaratmaqdad\u0131r. Bu insanlar\u0131n yenil\u0259ri il\u0259 \u0259v\u0259z etm\u0259k h\u00f6kum\u0259t\u0259 he\u00e7 bir dividend v\u0259d etmir, \u00e7\u00fcnki xalq Eldar Mahmudov olay\u0131ndan sonra bu na\u011f\u0131llara inana bilmir. Eyni zamanda qurban se\u00e7ilmi\u015f Eldar Mahmudovun \u00f6z\u00fc bel\u0259 h\u00f6kum\u0259tin korlanm\u0131\u015f imicini b\u0259rpa ed\u0259 bilm\u0259di .H\u00f6kum\u0259tin bu taktiki gedi\u015fi iflasa u\u011frad\u0131.\n<\/p>\n<p>\n  Daha b\u00f6y\u00fck bir taktiki gedi\u015f etm\u0259k laz\u0131md\u0131r ki, h\u0259m&#8221;\u0259traf\u0131 pisdir, \u00f6z\u00fc yax\u015f\u0131d\u0131r&#8221; n\u0259z\u0259riyy\u0259si b\u0259rpa olunsun v\u0259 h\u0259m d\u0259 hakimiyy\u0259tin h\u0259m daxild\u0259, h\u0259m d\u0259 xaricd\u0259 korlanm\u0131\u015f imicin\u0259 m\u00fcsb\u0259t t\u0259sir etsin. Bu yaln\u0131z g\u0259nc v\u0259 savadl\u0131 bir insan\u0131n, xalq aras\u0131nda n\u00fcfuzdan d\u00fc\u015fm\u0259y\u0259n v\u0259 ya tan\u0131nmayan bir \u015f\u0259xsin yeni vitse-president postuna t\u0259yinat\u0131 il\u0259 m\u00fcmk\u00fcn ola bil\u0259r. Bel\u0259 bir \u015f\u0259xsi bu v\u0259zif\u0259y\u0259 t\u0259yin etm\u0259kl\u0259 h\u00f6kum\u0259t \u00f6lk\u0259d\u0259 dola\u015fan &#8220;krall\u0131q&#8221; fikirl\u0259rin\u0259 son qoymaqla yana\u015f\u0131, c\u0259miyy\u0259td\u0259 &#8220;siyasi sah\u0259d\u0259 islahatlar apar\u0131l\u0131r&#8221; fikrini formala\u015fd\u0131ra bil\u0259r. T\u0259hsil naziri Misir M\u0259rdanovun yerin\u0259 t\u0259yin edil\u0259n daha g\u0259nc v\u0259 q\u0259rb t\u0259hsilli Mikay\u0131l Cabbarov q\u0131sa m\u00fcdd\u0259t \u00fc\u00e7\u00fcn bu t\u0259\u0259ss\u00fcrat\u0131 yarada bilmi\u015fdi. Bu \u015f\u0259xs\u0259 \u0259lahidd\u0259 s\u0259lahiyy\u0259tl\u0259rin verilm\u0259si d\u0259 g\u0259l\u0259c\u0259kd\u0259 h\u00f6kum\u0259t\u0259 qar\u015f\u0131 \u00fcnvanlanm\u0131\u015f t\u0259nqidl\u0259rin bu \u015f\u0259xsl\u0259 b\u00f6l\u00fc\u015fd\u00fcr\u00fclm\u0259sin\u0259 xidm\u0259t ed\u0259 bil\u0259r. \u018fn pis halda naraz\u0131l\u0131qlar\u0131 azaltmaq m\u0259qs\u0259dil\u0259 bu \u015f\u0259xs qurban se\u00e7il\u0259r\u0259k b\u00fct\u00fcn n\u00f6qsanlar\u0131 bu \u015f\u0259xsin aya\u011f\u0131na yazmaq m\u00fcmk\u00fcn olacaqd\u0131r. Bunu haz\u0131rk\u0131 Ba\u015f nazir Artur R\u0259sizad\u0259ni qurban se\u00e7m\u0259kl\u0259 h\u0259yata ke\u00e7irm\u0259k m\u00fcmk\u00fcn olmayacaq. S\u0259b\u0259b ondan ibar\u0259tdir ki, ba\u015f naziri president deyil, Milli M\u0259clis t\u0259yin edir v\u0259 b\u00fct\u00fcn \u00f6mr\u00fcn\u00fc \u018fliyevl\u0259r\u0259 xidm\u0259td\u0259 ke\u00e7ir\u0259n qoca bir \u015f\u0259xsin qurban se\u00e7ilm\u0259si m\u0259rk\u0259zd\u0259n qa\u00e7ma q\u00fcvv\u0259l\u0259rini h\u0259r\u0259k\u0259t\u0259 g\u0259tir\u0259 bil\u0259r. Qurban el\u0259 bir \u015f\u0259xs olmal\u0131d\u0131r ki, qurbanl\u0131q x\u0259rci baha olmas\u0131n.<\/p>\n","protected":false},"excerpt":{"rendered":"<p>C\u0259miyy\u0259td\u0259 bununla ba\u011fl\u0131 m\u00fc\u0259yy\u0259n m\u00fczakir\u0259l\u0259r gets\u0259 d\u0259, \u0259ks\u0259r fikirl\u0259r m\u0259hz hakim ail\u0259 \u00fczvl\u0259rind\u0259n birinin bu v\u0259zif\u0259y\u0259 t\u0259yin olunmas\u0131 \u00fczr\u0259 c\u0259ml\u0259nir<\/p>\n","protected":false},"author":11,"featured_media":71245,"comment_status":"closed","ping_status":"open","sticky":false,"template":"","format":"standard","meta":{"_acf_changed":false,"_sitemap_exclude":false,"_sitemap_priority":"","_sitemap_frequency":"","footnotes":""},"categories":[51],"tags":[],"class_list":["post-179842","post","type-post","status-publish","format-standard","has-post-thumbnail","hentry","category-analitika","infinite-scroll-item","generate-columns","tablet-grid-50","mobile-grid-100","grid-parent","grid-33","no-featured-image-padding"],"acf":[],"yoast_head":"<!-- This site is optimized with the Yoast SEO plugin v27.5 - https:\/\/yoast.com\/product\/yoast-seo-wordpress\/ -->\n<title>Yeni vitse-prezidentlik institutu kim\u0259 laz\u0131md\u0131r? - MEYDAN.TV<\/title>\n<meta name=\"robots\" content=\"index, follow, max-snippet:-1, max-image-preview:large, max-video-preview:-1\" \/>\n<link rel=\"canonical\" href=\"https:\/\/www.meydan.tv\/az\/article\/yeni-vitse-prezidentlik-institutu-kime-lazimdir\/\" \/>\n<meta property=\"og:locale\" content=\"az_AZ\" \/>\n<meta property=\"og:type\" content=\"article\" \/>\n<meta property=\"og:title\" content=\"Yeni vitse-prezidentlik institutu kim\u0259 laz\u0131md\u0131r? - MEYDAN.TV\" \/>\n<meta property=\"og:description\" content=\"C\u0259miyy\u0259td\u0259 bununla ba\u011fl\u0131 m\u00fc\u0259yy\u0259n m\u00fczakir\u0259l\u0259r gets\u0259 d\u0259, \u0259ks\u0259r fikirl\u0259r m\u0259hz hakim ail\u0259 \u00fczvl\u0259rind\u0259n birinin bu v\u0259zif\u0259y\u0259 t\u0259yin olunmas\u0131 \u00fczr\u0259 c\u0259ml\u0259nir\" \/>\n<meta property=\"og:url\" content=\"https:\/\/www.meydan.tv\/az\/article\/yeni-vitse-prezidentlik-institutu-kime-lazimdir\/\" \/>\n<meta property=\"og:site_name\" content=\"MEYDAN.TV\" \/>\n<meta property=\"article:published_time\" content=\"2016-10-24T16:13:23+00:00\" \/>\n<meta property=\"og:image\" content=\"https:\/\/www.meydan.tv\/wp-content\/uploads\/20068.jpg\" \/>\n\t<meta property=\"og:image:width\" content=\"500\" \/>\n\t<meta property=\"og:image:height\" content=\"304\" \/>\n\t<meta property=\"og:image:type\" content=\"image\/jpeg\" \/>\n<meta name=\"author\" content=\"user-manager\" \/>\n<meta name=\"twitter:card\" content=\"summary_large_image\" \/>\n<script type=\"application\/ld+json\" class=\"yoast-schema-graph\">{\"@context\":\"https:\\\/\\\/schema.org\",\"@graph\":[{\"@type\":\"Article\",\"@id\":\"https:\\\/\\\/www.meydan.tv\\\/az\\\/article\\\/yeni-vitse-prezidentlik-institutu-kime-lazimdir\\\/#article\",\"isPartOf\":{\"@id\":\"https:\\\/\\\/www.meydan.tv\\\/az\\\/article\\\/yeni-vitse-prezidentlik-institutu-kime-lazimdir\\\/\"},\"author\":{\"name\":\"user-manager\",\"@id\":\"https:\\\/\\\/www.meydan.tv\\\/az\\\/#\\\/schema\\\/person\\\/10d11eccf6da3662cf5fdab9806ea91a\"},\"headline\":\"Yeni vitse-prezidentlik institutu kim\u0259 laz\u0131md\u0131r?\",\"datePublished\":\"2016-10-24T16:13:23+00:00\",\"mainEntityOfPage\":{\"@id\":\"https:\\\/\\\/www.meydan.tv\\\/az\\\/article\\\/yeni-vitse-prezidentlik-institutu-kime-lazimdir\\\/\"},\"wordCount\":1611,\"publisher\":{\"@id\":\"https:\\\/\\\/www.meydan.tv\\\/az\\\/#organization\"},\"image\":{\"@id\":\"https:\\\/\\\/www.meydan.tv\\\/az\\\/article\\\/yeni-vitse-prezidentlik-institutu-kime-lazimdir\\\/#primaryimage\"},\"thumbnailUrl\":\"https:\\\/\\\/www.meydan.tv\\\/wp-content\\\/uploads\\\/20068.jpg\",\"articleSection\":[\"Analitika\"],\"inLanguage\":\"az\"},{\"@type\":\"WebPage\",\"@id\":\"https:\\\/\\\/www.meydan.tv\\\/az\\\/article\\\/yeni-vitse-prezidentlik-institutu-kime-lazimdir\\\/\",\"url\":\"https:\\\/\\\/www.meydan.tv\\\/az\\\/article\\\/yeni-vitse-prezidentlik-institutu-kime-lazimdir\\\/\",\"name\":\"Yeni vitse-prezidentlik institutu kim\u0259 laz\u0131md\u0131r? - MEYDAN.TV\",\"isPartOf\":{\"@id\":\"https:\\\/\\\/www.meydan.tv\\\/az\\\/#website\"},\"primaryImageOfPage\":{\"@id\":\"https:\\\/\\\/www.meydan.tv\\\/az\\\/article\\\/yeni-vitse-prezidentlik-institutu-kime-lazimdir\\\/#primaryimage\"},\"image\":{\"@id\":\"https:\\\/\\\/www.meydan.tv\\\/az\\\/article\\\/yeni-vitse-prezidentlik-institutu-kime-lazimdir\\\/#primaryimage\"},\"thumbnailUrl\":\"https:\\\/\\\/www.meydan.tv\\\/wp-content\\\/uploads\\\/20068.jpg\",\"datePublished\":\"2016-10-24T16:13:23+00:00\",\"breadcrumb\":{\"@id\":\"https:\\\/\\\/www.meydan.tv\\\/az\\\/article\\\/yeni-vitse-prezidentlik-institutu-kime-lazimdir\\\/#breadcrumb\"},\"inLanguage\":\"az\",\"potentialAction\":[{\"@type\":\"ReadAction\",\"target\":[\"https:\\\/\\\/www.meydan.tv\\\/az\\\/article\\\/yeni-vitse-prezidentlik-institutu-kime-lazimdir\\\/\"]}]},{\"@type\":\"ImageObject\",\"inLanguage\":\"az\",\"@id\":\"https:\\\/\\\/www.meydan.tv\\\/az\\\/article\\\/yeni-vitse-prezidentlik-institutu-kime-lazimdir\\\/#primaryimage\",\"url\":\"https:\\\/\\\/www.meydan.tv\\\/wp-content\\\/uploads\\\/20068.jpg\",\"contentUrl\":\"https:\\\/\\\/www.meydan.tv\\\/wp-content\\\/uploads\\\/20068.jpg\",\"width\":500,\"height\":304,\"caption\":\"Source:\"},{\"@type\":\"BreadcrumbList\",\"@id\":\"https:\\\/\\\/www.meydan.tv\\\/az\\\/article\\\/yeni-vitse-prezidentlik-institutu-kime-lazimdir\\\/#breadcrumb\",\"itemListElement\":[{\"@type\":\"ListItem\",\"position\":1,\"name\":\"Ana s\u0259hif\u0259\",\"item\":\"https:\\\/\\\/www.meydan.tv\\\/az\\\/\"},{\"@type\":\"ListItem\",\"position\":2,\"name\":\"Analitika\",\"item\":\"https:\\\/\\\/www.meydan.tv\\\/az\\\/section\\\/analitika\\\/\"},{\"@type\":\"ListItem\",\"position\":3,\"name\":\"Yeni vitse-prezidentlik institutu kim\u0259 laz\u0131md\u0131r?\"}]},{\"@type\":\"WebSite\",\"@id\":\"https:\\\/\\\/www.meydan.tv\\\/az\\\/#website\",\"url\":\"https:\\\/\\\/www.meydan.tv\\\/az\\\/\",\"name\":\"MEYDAN.TV\",\"description\":\"Meydan TV Az\u0259rbaycan\u0131n media m\u0259kan\u0131ndak\u0131 alternativ s\u0259sidir\",\"publisher\":{\"@id\":\"https:\\\/\\\/www.meydan.tv\\\/az\\\/#organization\"},\"potentialAction\":[{\"@type\":\"SearchAction\",\"target\":{\"@type\":\"EntryPoint\",\"urlTemplate\":\"https:\\\/\\\/www.meydan.tv\\\/az\\\/?s={search_term_string}\"},\"query-input\":{\"@type\":\"PropertyValueSpecification\",\"valueRequired\":true,\"valueName\":\"search_term_string\"}}],\"inLanguage\":\"az\"},{\"@type\":\"Organization\",\"@id\":\"https:\\\/\\\/www.meydan.tv\\\/az\\\/#organization\",\"name\":\"Meydan TV\",\"url\":\"https:\\\/\\\/www.meydan.tv\\\/az\\\/\",\"logo\":{\"@type\":\"ImageObject\",\"inLanguage\":\"az\",\"@id\":\"https:\\\/\\\/www.meydan.tv\\\/az\\\/#\\\/schema\\\/logo\\\/image\\\/\",\"url\":\"https:\\\/\\\/www.meydan.tv\\\/wp-content\\\/uploads\\\/2021\\\/07\\\/meydan-logo.svg\",\"contentUrl\":\"https:\\\/\\\/www.meydan.tv\\\/wp-content\\\/uploads\\\/2021\\\/07\\\/meydan-logo.svg\",\"width\":195,\"height\":46,\"caption\":\"Meydan TV\"},\"image\":{\"@id\":\"https:\\\/\\\/www.meydan.tv\\\/az\\\/#\\\/schema\\\/logo\\\/image\\\/\"}},{\"@type\":\"Person\",\"@id\":\"https:\\\/\\\/www.meydan.tv\\\/az\\\/#\\\/schema\\\/person\\\/10d11eccf6da3662cf5fdab9806ea91a\",\"name\":\"user-manager\"}]}<\/script>\n<!-- \/ Yoast SEO plugin. -->","yoast_head_json":{"title":"Yeni vitse-prezidentlik institutu kim\u0259 laz\u0131md\u0131r? - MEYDAN.TV","robots":{"index":"index","follow":"follow","max-snippet":"max-snippet:-1","max-image-preview":"max-image-preview:large","max-video-preview":"max-video-preview:-1"},"canonical":"https:\/\/www.meydan.tv\/az\/article\/yeni-vitse-prezidentlik-institutu-kime-lazimdir\/","og_locale":"az_AZ","og_type":"article","og_title":"Yeni vitse-prezidentlik institutu kim\u0259 laz\u0131md\u0131r? - MEYDAN.TV","og_description":"C\u0259miyy\u0259td\u0259 bununla ba\u011fl\u0131 m\u00fc\u0259yy\u0259n m\u00fczakir\u0259l\u0259r gets\u0259 d\u0259, \u0259ks\u0259r fikirl\u0259r m\u0259hz hakim ail\u0259 \u00fczvl\u0259rind\u0259n birinin bu v\u0259zif\u0259y\u0259 t\u0259yin olunmas\u0131 \u00fczr\u0259 c\u0259ml\u0259nir","og_url":"https:\/\/www.meydan.tv\/az\/article\/yeni-vitse-prezidentlik-institutu-kime-lazimdir\/","og_site_name":"MEYDAN.TV","article_published_time":"2016-10-24T16:13:23+00:00","og_image":[{"width":500,"height":304,"url":"https:\/\/www.meydan.tv\/wp-content\/uploads\/20068.jpg","type":"image\/jpeg"}],"author":"user-manager","twitter_card":"summary_large_image","schema":{"@context":"https:\/\/schema.org","@graph":[{"@type":"Article","@id":"https:\/\/www.meydan.tv\/az\/article\/yeni-vitse-prezidentlik-institutu-kime-lazimdir\/#article","isPartOf":{"@id":"https:\/\/www.meydan.tv\/az\/article\/yeni-vitse-prezidentlik-institutu-kime-lazimdir\/"},"author":{"name":"user-manager","@id":"https:\/\/www.meydan.tv\/az\/#\/schema\/person\/10d11eccf6da3662cf5fdab9806ea91a"},"headline":"Yeni vitse-prezidentlik institutu kim\u0259 laz\u0131md\u0131r?","datePublished":"2016-10-24T16:13:23+00:00","mainEntityOfPage":{"@id":"https:\/\/www.meydan.tv\/az\/article\/yeni-vitse-prezidentlik-institutu-kime-lazimdir\/"},"wordCount":1611,"publisher":{"@id":"https:\/\/www.meydan.tv\/az\/#organization"},"image":{"@id":"https:\/\/www.meydan.tv\/az\/article\/yeni-vitse-prezidentlik-institutu-kime-lazimdir\/#primaryimage"},"thumbnailUrl":"https:\/\/www.meydan.tv\/wp-content\/uploads\/20068.jpg","articleSection":["Analitika"],"inLanguage":"az"},{"@type":"WebPage","@id":"https:\/\/www.meydan.tv\/az\/article\/yeni-vitse-prezidentlik-institutu-kime-lazimdir\/","url":"https:\/\/www.meydan.tv\/az\/article\/yeni-vitse-prezidentlik-institutu-kime-lazimdir\/","name":"Yeni vitse-prezidentlik institutu kim\u0259 laz\u0131md\u0131r? - MEYDAN.TV","isPartOf":{"@id":"https:\/\/www.meydan.tv\/az\/#website"},"primaryImageOfPage":{"@id":"https:\/\/www.meydan.tv\/az\/article\/yeni-vitse-prezidentlik-institutu-kime-lazimdir\/#primaryimage"},"image":{"@id":"https:\/\/www.meydan.tv\/az\/article\/yeni-vitse-prezidentlik-institutu-kime-lazimdir\/#primaryimage"},"thumbnailUrl":"https:\/\/www.meydan.tv\/wp-content\/uploads\/20068.jpg","datePublished":"2016-10-24T16:13:23+00:00","breadcrumb":{"@id":"https:\/\/www.meydan.tv\/az\/article\/yeni-vitse-prezidentlik-institutu-kime-lazimdir\/#breadcrumb"},"inLanguage":"az","potentialAction":[{"@type":"ReadAction","target":["https:\/\/www.meydan.tv\/az\/article\/yeni-vitse-prezidentlik-institutu-kime-lazimdir\/"]}]},{"@type":"ImageObject","inLanguage":"az","@id":"https:\/\/www.meydan.tv\/az\/article\/yeni-vitse-prezidentlik-institutu-kime-lazimdir\/#primaryimage","url":"https:\/\/www.meydan.tv\/wp-content\/uploads\/20068.jpg","contentUrl":"https:\/\/www.meydan.tv\/wp-content\/uploads\/20068.jpg","width":500,"height":304,"caption":"Source:"},{"@type":"BreadcrumbList","@id":"https:\/\/www.meydan.tv\/az\/article\/yeni-vitse-prezidentlik-institutu-kime-lazimdir\/#breadcrumb","itemListElement":[{"@type":"ListItem","position":1,"name":"Ana s\u0259hif\u0259","item":"https:\/\/www.meydan.tv\/az\/"},{"@type":"ListItem","position":2,"name":"Analitika","item":"https:\/\/www.meydan.tv\/az\/section\/analitika\/"},{"@type":"ListItem","position":3,"name":"Yeni vitse-prezidentlik institutu kim\u0259 laz\u0131md\u0131r?"}]},{"@type":"WebSite","@id":"https:\/\/www.meydan.tv\/az\/#website","url":"https:\/\/www.meydan.tv\/az\/","name":"MEYDAN.TV","description":"Meydan TV Az\u0259rbaycan\u0131n media m\u0259kan\u0131ndak\u0131 alternativ s\u0259sidir","publisher":{"@id":"https:\/\/www.meydan.tv\/az\/#organization"},"potentialAction":[{"@type":"SearchAction","target":{"@type":"EntryPoint","urlTemplate":"https:\/\/www.meydan.tv\/az\/?s={search_term_string}"},"query-input":{"@type":"PropertyValueSpecification","valueRequired":true,"valueName":"search_term_string"}}],"inLanguage":"az"},{"@type":"Organization","@id":"https:\/\/www.meydan.tv\/az\/#organization","name":"Meydan TV","url":"https:\/\/www.meydan.tv\/az\/","logo":{"@type":"ImageObject","inLanguage":"az","@id":"https:\/\/www.meydan.tv\/az\/#\/schema\/logo\/image\/","url":"https:\/\/www.meydan.tv\/wp-content\/uploads\/2021\/07\/meydan-logo.svg","contentUrl":"https:\/\/www.meydan.tv\/wp-content\/uploads\/2021\/07\/meydan-logo.svg","width":195,"height":46,"caption":"Meydan TV"},"image":{"@id":"https:\/\/www.meydan.tv\/az\/#\/schema\/logo\/image\/"}},{"@type":"Person","@id":"https:\/\/www.meydan.tv\/az\/#\/schema\/person\/10d11eccf6da3662cf5fdab9806ea91a","name":"user-manager"}]}},"_links":{"self":[{"href":"https:\/\/www.meydan.tv\/az\/wp-json\/wp\/v2\/posts\/179842","targetHints":{"allow":["GET"]}}],"collection":[{"href":"https:\/\/www.meydan.tv\/az\/wp-json\/wp\/v2\/posts"}],"about":[{"href":"https:\/\/www.meydan.tv\/az\/wp-json\/wp\/v2\/types\/post"}],"author":[{"embeddable":true,"href":"https:\/\/www.meydan.tv\/az\/wp-json\/wp\/v2\/users\/11"}],"replies":[{"embeddable":true,"href":"https:\/\/www.meydan.tv\/az\/wp-json\/wp\/v2\/comments?post=179842"}],"version-history":[{"count":0,"href":"https:\/\/www.meydan.tv\/az\/wp-json\/wp\/v2\/posts\/179842\/revisions"}],"wp:featuredmedia":[{"embeddable":true,"href":"https:\/\/www.meydan.tv\/az\/wp-json\/wp\/v2\/media\/71245"}],"wp:attachment":[{"href":"https:\/\/www.meydan.tv\/az\/wp-json\/wp\/v2\/media?parent=179842"}],"wp:term":[{"taxonomy":"category","embeddable":true,"href":"https:\/\/www.meydan.tv\/az\/wp-json\/wp\/v2\/categories?post=179842"},{"taxonomy":"post_tag","embeddable":true,"href":"https:\/\/www.meydan.tv\/az\/wp-json\/wp\/v2\/tags?post=179842"}],"curies":[{"name":"wp","href":"https:\/\/api.w.org\/{rel}","templated":true}]}}