{"id":179831,"date":"2016-10-24T10:13:14","date_gmt":"2016-10-24T10:13:14","guid":{"rendered":"https:\/\/www.meydan.tv\/article\/azerbaycan-venesuela-rejimlerin-maraqlari\/"},"modified":"2016-10-24T10:13:14","modified_gmt":"2016-10-24T10:13:14","slug":"azerbaycan-venesuela-rejimlerin-maraqlari","status":"publish","type":"post","link":"https:\/\/www.meydan.tv\/az\/article\/azerbaycan-venesuela-rejimlerin-maraqlari\/","title":{"rendered":"Az\u0259rbaycan-Venesuela: Rejiml\u0259rin maraqlar\u0131"},"content":{"rendered":"<figure class=\"wp-block-image size-large\">\n  <img decoding=\"async\" src=\"https:\/\/www.meydan.tv\/az\/foto-prezident-az-3\/\" alt=\"foto prezident.az\" class=\"wp-image-71185\"\/><figcaption>\n    foto prezident.az<br \/>\n  <\/figcaption><\/figure>\n<p>\n  <b><br \/>\n    <i><br \/>\n      \u0130lham \u018fliyevin v\u0259ziyy\u0259ti o q\u0259d\u0259r d\u0259 a\u011f\u0131r deyil, amma onun da sabitliyi \u00f6z siyas\u0259tinin \u015fax\u0259l\u0259ndirilm\u0259si sah\u0259sind\u0259 n\u00f6vb\u0259ti add\u0131mlar\u0131ndan as\u0131l\u0131 olacaq<br \/>\n    <\/i><br \/>\n  <\/b>\n<\/p>\n<p>\n  Venesuela prezidenti Nikolas Maduro Az\u0259rbaycan\u0131n m\u00fcst\u0259qillik \u0259ld\u0259 etdiyi g\u00fcnd\u0259n etibar\u0259n Bak\u0131ya g\u0259l\u0259n ilk Lat\u0131n Amerikas\u0131 d\u00f6vl\u0259t ba\u015f\u00e7\u0131s\u0131 oldu.\n<\/p>\n<p>\n  Q\u0131saca des\u0259k, Maduronun s\u0259f\u0259ri Q\u0259rb a\u00e7\u0131q c\u0259miyy\u0259tl\u0259rin\u0259 m\u00fcxaliflik t\u0259bli\u011f ed\u0259n \u00fc\u00e7\u00fcnc\u00fc v\u0259 d\u00f6rd\u00fcnc\u00fc d\u00fcnya \u00f6lk\u0259l\u0259rinin c\u0259lb edildiyi Qo\u015fulmama H\u0259r\u0259kat\u0131 strategiyas\u0131n\u0131n dikt\u0259 etdiyi siyasi m\u0259qs\u0259dl\u0259r\u0259 xidm\u0259t edirdi.\n<\/p>\n<p>\n  Formal olaraq Az\u0259rbaycan Maduronun neft hasilat\u0131 regionuna s\u0259f\u0259rinin ilk n\u00f6qt\u0259si oldu, onun n\u00f6vb\u0259ti dayanacaqlar\u0131 \u0130ran, Q\u0259t\u0259r v\u0259 S\u0259udiyy\u0259 \u018fr\u0259bistan\u0131 olacaq. Venesuela prezidenti OPEK \u00f6lk\u0259l\u0259rinin \u201cqara q\u0131z\u0131l\u201d qiym\u0259tl\u0259rinin bir q\u0259d\u0259r artmas\u0131na nail olmaq \u00fc\u00e7\u00fcn neft hasilat\u0131n\u0131n azald\u0131lmas\u0131 haqq\u0131nda bu yax\u0131nlarda \u0259ld\u0259 etdikl\u0259ri ilkin raz\u0131l\u0131qlar\u0131 d\u0259st\u0259kl\u0259m\u0259k ist\u0259yir. OPEK-in bu m\u0259s\u0259l\u0259y\u0259 h\u0259sr olunmu\u015f iclas\u0131 noyabr\u0131n 30-da ke\u00e7irilm\u0259lidir, amma ekspertl\u0259rin \u0259ks\u0259riyy\u0259ti neft ixrac\u00e7\u0131s\u0131 olan \u00f6lk\u0259l\u0259rin bu t\u0259\u015fkilat\u0131nda konsensusa \u015f\u00fcbh\u0259 il\u0259 yana\u015f\u0131r. \u0422\u0259\u015fkilat\u0131n n\u00fcfuzlu \u00fczv\u00fc olan \u0130ran v\u0259 m\u00fc\u015fahid\u0259\u00e7i qismind\u0259 \u00e7\u0131x\u0131\u015f ed\u0259n Rusiya \u00f6z maraqlar\u0131ndan v\u0259 d\u00fc\u015f\u00fcnc\u0259l\u0259rind\u0259n ir\u0259li g\u0259l\u0259r\u0259k bu ideyan\u0131 sabotaj edir. Amma \u0259n \u0259sas\u0131, AB\u015e v\u0259 inki\u015faf etmi\u015f iqtisadiyyat\u0131 olan \u00f6lk\u0259l\u0259r neft qiym\u0259tl\u0259rinin bahala\u015fmas\u0131nda maraql\u0131 deyil. Bu kontekstd\u0259 prezident \u0130lham \u018fliyevin neft hasilat\u0131n\u0131 dondurma\u011fa haz\u0131r oldu\u011fu haqq\u0131nda b\u0259yanatlar\u0131 m\u0259nas\u0131z s\u0259sl\u0259nir. M\u0259lum oldu\u011fu kimi, d\u00fcnya neft hasilat\u0131nda Az\u0259rbaycan\u0131n pay\u0131 yar\u0131m faizd\u0259n bir q\u0259d\u0259r \u00e7ox t\u0259\u015fkil edir, h\u0259m d\u0259 quyular\u0131n yoxsulla\u015fmas\u0131 il\u0259 \u0259laq\u0259dar hasilat azal\u0131r. \u018flb\u0259tt\u0259, neftd\u0259n as\u0131l\u0131 olan Az\u0259rbaycanda v\u0259 el\u0259 Venesuelada d\u0259rinl\u0259\u015fm\u0259kd\u0259 olan b\u00f6hran \u015f\u0259raitind\u0259 \u018fliyevin bu passaj\u0131n\u0131 siyasi motivli hesab etm\u0259k olar.\n<\/p>\n<p>\n  Venesuela v\u0259 Az\u0259rbaycan aras\u0131nda m\u00fcnasib\u0259tl\u0259r \u018fliyevin Lat\u0131n Amerikas\u0131 qit\u0259sin\u0259 n\u00fcfuz etm\u0259k v\u0259 yar\u0131mdemokratik rejiml\u0259rl\u0259 \u0259laq\u0259l\u0259r qurmaq strategiyas\u0131 \u00e7\u0259r\u00e7iv\u0259sind\u0259 yaranma\u011fa ba\u015flad\u0131. Bir s\u0131ra \u00f6lk\u0259l\u0259rl\u0259 \u0259ld\u0259 olunmu\u015f bu m\u00fcnasib\u0259tl\u0259rin d\u0259r\u0259c\u0259sini Kolumbiya, Peru, Panama, Qonduras, Paraqvay v\u0259 Qvatemala parlamentl\u0259rinin Xocal\u0131 soyq\u0131r\u0131m\u0131 v\u0259 Az\u0259rbaycan\u0131n i\u015f\u011fal edilmi\u015f \u0259razil\u0259ri il\u0259 ba\u011fl\u0131 m\u00fcvafiq s\u0259n\u0259dl\u0259r q\u0259bul etm\u0259si g\u00f6st\u0259rir.\n<\/p>\n<p>\n  Ke\u00e7mi\u015fd\u0259 Az\u0259rbaycan Venesuela prezidenti Uqo \u00c7aves v\u0259 Belarus prezidenti Aleksandr Luka\u015fenkonun \u015f\u0259xsi dostluq m\u00fcnasib\u0259tl\u0259rind\u0259n istifad\u0259 edib v\u0259 Venesuela neftinin Belarusa sat\u0131\u015f\u0131 \u00fczr\u0259 svop-\u0259m\u0259liyyatlara qo\u015fulub, bunu Bak\u0131 v\u0259 Karakas aras\u0131nda k\u00f6rp\u00fc qurulmas\u0131nda ilk add\u0131m hesab etm\u0259k olar. Sonradan Qo\u015fulmama H\u0259r\u0259kat\u0131na qo\u015fulan r\u0259smi Bak\u0131 bu meydandan Lat\u0131n Amerikas\u0131 v\u0259 x\u00fcsus\u0259n haz\u0131rda t\u0259\u015fkilata r\u0259hb\u0259rlik ed\u0259n v\u0259 2019-cu ild\u0259 \u00fc\u00e7 illik s\u0259drliyi Az\u0259rbaycana \u00f6t\u00fcr\u0259c\u0259k olan Venesuela il\u0259 \u0259laq\u0259l\u0259rini inki\u015faf etdirm\u0259k \u00fc\u00e7\u00fcn istifad\u0259 edib.\n<\/p>\n<p>\n  \u0130ki \u00f6lk\u0259 aras\u0131ndak\u0131 m\u00fcnasib\u0259tl\u0259rd\u0259 daha bir m\u00fch\u00fcm m\u0259qam n\u0259z\u0259r\u0259 \u00e7arp\u0131r. R\u0259smi Bak\u0131 Uqo \u00c7avesin, daha sonra is\u0259 Maduran\u0131n h\u0259m m\u00fcxalif\u0259t\u0259 qar\u015f\u0131 m\u00fcbariz\u0259, h\u0259m d\u0259 ke\u00e7id d\u00f6vr\u00fc proqramlar\u0131n\u0131n h\u0259yata ke\u00e7irilm\u0259si \u00fc\u00e7\u00fcn g\u00f6rd\u00fcy\u00fc b\u0259zi praktik t\u0259dbirl\u0259ri, o c\u00fcml\u0259d\u0259n qiym\u0259t qoyulu\u015funda d\u00f6vl\u0259t n\u0259zar\u0259ti, iqtisadiyyat\u0131n, institusional elementl\u0259rin \u015fax\u0259l\u0259ndirilm\u0259si kimi t\u0259dbirl\u0259ri m\u0259nims\u0259yir. Bu yax\u0131nlarda \u0130lham \u018fliyevin referendum vasit\u0259sil\u0259 t\u0259tbiq etdiyi vitse-prezident institutu tamamil\u0259 Venesuela modelind\u0259n k\u00f6\u00e7\u00fcr\u00fcl\u00fcb.<br \/>\n  <br \/>\n  Venesuelan\u0131n haz\u0131rki prezidenti Maduro da prezidentlik k\u00fcrs\u00fcs\u00fcn\u0259 d\u00f6vl\u0259t ba\u015f\u00e7\u0131s\u0131 t\u0259r\u0259find\u0259n t\u0259yin edil\u0259n vitse-prezidentlik v\u0259zif\u0259sind\u0259n ke\u00e7ib. Sonradan inzibati resurslardan istifad\u0259 ed\u0259r\u0259k, o, m\u00fcbahis\u0259li se\u00e7kil\u0259rd\u0259 1 faiz f\u0259rql\u0259 qalib g\u0259lir. Bu g\u00fcn Maduro t\u0259yin etdiyi vitse-prezident say\u0259sind\u0259 prezident kimi \u00f6z hakimiyy\u0259tinin m\u00fc\u0259yy\u0259n d\u0259r\u0259c\u0259d\u0259 z\u0259man\u0259tini t\u0259min edir. H\u0259tta g\u0259l\u0259n il Venesuelada m\u00fcxalif\u0259t ard\u0131c\u0131l olaraq israr etdiyi Maduronun istefas\u0131 haqq\u0131nda referenduma nail olsa da, hakimiyy\u0259t ke\u00e7id d\u00f6vr\u00fcnd\u0259 onun t\u0259yin etdiyi vitse-prezident\u0259 ke\u00e7\u0259c\u0259k.\n<\/p>\n<p>\n  \u0130ki \u00f6lk\u0259 aras\u0131nda iqtisadi sah\u0259d\u0259 m\u00fcnasib\u0259tl\u0259r h\u0259l\u0259lik \u00e7ox m\u0259hduddur, amma siyasi c\u0259h\u0259td\u0259n Venesuela art\u0131q C\u0259nubi Qafqaz regionunda Az\u0259rbaycan\u0131n xeyrin\u0259 se\u00e7im edib. Bak\u0131da ke\u00e7iril\u0259n m\u0259tbuat konfrans\u0131nda Da\u011fl\u0131q Qaraba\u011f m\u00fcnaqi\u015f\u0259sini n\u0259z\u0259rd\u0259 tutan Maduro bel\u0259 deyib: \u201cAz\u0259rbaycan h\u0259mi\u015f\u0259 BMT T\u0259\u015fh\u00fck\u0259sizlik \u015euras\u0131n\u0131n q\u0259tnam\u0259l\u0259rinin h\u0259yata ke\u00e7irilm\u0259si m\u0259s\u0259l\u0259l\u0259rind\u0259 bizim irad\u0259miz\u0259 v\u0259 d\u0259st\u0259yimiz\u0259 arxalana bil\u0259r. Biz d\u00fcnyan\u0131n bir \u00e7ox \u00f6lk\u0259l\u0259rinin d\u0259st\u0259yi il\u0259 T\u0259hl\u00fck\u0259sizlik \u015euras\u0131na \u00fczv se\u00e7ilmi\u015fik. T\u015e \u00e7\u0259r\u00e7iv\u0259sind\u0259 biz beyn\u0259lxalq h\u00fcququn t\u0259tbiqi \u00fc\u00e7\u00fcn \u0259limizd\u0259n g\u0259l\u0259ni ed\u0259c\u0259yik. Az\u0259rbaycan \u00f6z milli maraqlar\u0131n\u0131n m\u00fcdafi\u0259sind\u0259 kifay\u0259t q\u0259d\u0259r m\u0259ntiqli h\u0259r\u0259k\u0259t edib. Venesuela sizin yeni etibarl\u0131 dostunuzdur\u201d.\n<\/p>\n<p>\n  Lat\u0131n Amerikas\u0131 siyas\u0259tininin prioritetl\u0259rind\u0259n biri Qaraba\u011f m\u0259s\u0259l\u0259si olan prezident \u0130lham \u018fliyev cavab nitqind\u0259 Birg\u0259 B\u0259yannam\u0259y\u0259 istinad ed\u0259r\u0259k, investisiyalar v\u0259 neft sah\u0259sind\u0259, x\u00fcsus\u0259n d\u0259nizd\u0259 neft hasilat\u0131 sah\u0259sind\u0259 ikit\u0259r\u0259fli m\u00fcnasib\u0259tl\u0259rin g\u0259l\u0259c\u0259k inki\u015faf\u0131n\u0131 anons edib: \u201cB\u0259yannam\u0259d\u0259 g\u0259l\u0259c\u0259k \u0259m\u0259kda\u015fl\u0131\u011f\u0131n \u0259sas istiqam\u0259tl\u0259ri \u2013 siyasi \u0259laq\u0259l\u0259rin inki\u015faf\u0131, iqtisadi sah\u0259d\u0259 \u0259m\u0259kda\u015fl\u0131q, investisiyalar, energetika, n\u0259qliyyat, elm, t\u0259hsil, \u0259traf m\u00fchitin m\u00fchafiz\u0259si sah\u0259sind\u0259 \u0259m\u0259kda\u015fl\u0131q n\u0259z\u0259rd\u0259 tutulub\u201d.\n<\/p>\n<p>\n  Az\u0259rbaycan m\u0259tbuat icmal\u0131ndan g\u00f6r\u00fcnd\u00fcy\u00fc kimi, s\u0259f\u0259r n\u00f6vb\u0259ti n\u0259zak\u0259t add\u0131m\u0131 kimi q\u0259bul edilib. \u0130lk n\u00f6vb\u0259d\u0259 neftd\u0259n as\u0131l\u0131 rejiml\u0259rin, onlar\u0131n \u00e7\u0259tinlikl\u0259rinin, habel\u0259 m\u0259qs\u0259d v\u0259 v\u0259zif\u0259l\u0259rinin b\u0259nz\u0259rliyini, eyni zamanda Venesuelan\u0131n s\u0259dr v\u0259 Az\u0259rbaycan\u0131n is\u0259 h\u00fcquqi varis kimi \u00e7\u0131x\u0131\u015f etdiyi Qo\u015fulmama H\u0259r\u0259kat\u0131nda onlar\u0131n yax\u0131nl\u0131\u011f\u0131n\u0131 n\u0259z\u0259r\u0259 alsaq, bu, aldad\u0131c\u0131d\u0131r. Bu m\u00fcnasib\u0259tl\u0259r\u0259 tarix\u0259n Erm\u0259nistan\u0131n t\u0259sirl\u0259rinin g\u00fccl\u00fc oldu\u011fu Lat\u0131n Amerikas\u0131nda, x\u00fcsus\u0259n Argentina, Braziliya v\u0259 Uruqvay kimi \u00f6lk\u0259l\u0259rd\u0259 Az\u0259rbaycan\u0131n m\u00f6vqeyinin n\u00f6vb\u0259ti d\u0259f\u0259 m\u00f6hk\u0259ml\u0259nm\u0259si kimi baxmaq olar.\n<\/p>\n<p>\n  Amma d\u0259rin iqtisadi b\u00f6hran \u015f\u0259raitind\u0259 parlamenti v\u0259 h\u00f6kum\u0259t\u0259 n\u0259zar\u0259ti \u0259lind\u0259 c\u0259ml\u0259\u015fdir\u0259n m\u00fcxalif\u0259tin g\u00fccl\u00fc t\u0259zyiqin\u0259 m\u0259ruz qalan prezident Maduronun z\u0259ifliyi bu m\u00fcnasib\u0259tl\u0259rin z\u0259if t\u0259r\u0259fidir. \u018fn yax\u015f\u0131 halda Maduro \u00f6z prezidentlik m\u00fcdd\u0259tinin sonuna q\u0259d\u0259r v\u0259zif\u0259d\u0259 qalacaq ki, bu m\u00fcdd\u0259t 2018-ci ild\u0259 ba\u015fa \u00e7at\u0131r. Amma g\u0259l\u0259c\u0259kd\u0259 hakimiyy\u0259t tam h\u0259cmd\u0259 m\u00fcxalif\u0259t\u0259 i\u015f\u0131q sa\u00e7\u0131r. \u0130lham \u018fliyevin v\u0259ziyy\u0259ti o q\u0259d\u0259r d\u0259 a\u011f\u0131r deyil, amma onun da sabitliyi \u00f6z siyas\u0259tinin \u015fax\u0259l\u0259ndirilm\u0259si sah\u0259sind\u0259 n\u00f6vb\u0259ti add\u0131mlar\u0131ndan as\u0131l\u0131 olacaq. H\u0259l\u0259ki iqtisadiyyat z\u0259ifl\u0259yir, etiraz\u00e7\u0131 \u0259hval-ruhiyy\u0259 is\u0259 art\u0131r, ekspertl\u0259rin r\u0259yl\u0259ri v\u0259 proqnozlar\u0131 is\u0259 getdikc\u0259 daha da b\u0259dbinl\u0259\u015fir. Bel\u0259 \u015f\u0259raitd\u0259 yeni Az\u0259rbaycan-Venesuela m\u00fcnasib\u0259tl\u0259rinin strateji sabitliyin\u0259 iki rejimin deyil, iki d\u00f6vl\u0259tin maraqlar\u0131 v\u0259 yana\u015fmalar\u0131 prizmas\u0131ndan nail oluna bil\u0259r.\n<\/p><\/p>\n","protected":false},"excerpt":{"rendered":"<p>\u0130lham \u018fliyevin v\u0259ziyy\u0259ti o q\u0259d\u0259r d\u0259 a\u011f\u0131r deyil, amma onun da sabitliyi \u00f6z siyas\u0259tinin \u015fax\u0259l\u0259ndirilm\u0259si sah\u0259sind\u0259 n\u00f6vb\u0259ti add\u0131mlar\u0131ndan as\u0131l\u0131 olacaq<\/p>\n","protected":false},"author":11,"featured_media":71185,"comment_status":"closed","ping_status":"open","sticky":false,"template":"","format":"standard","meta":{"_acf_changed":false,"_sitemap_exclude":false,"_sitemap_priority":"","_sitemap_frequency":"","footnotes":""},"categories":[51],"tags":[],"class_list":["post-179831","post","type-post","status-publish","format-standard","has-post-thumbnail","hentry","category-analitika","infinite-scroll-item","generate-columns","tablet-grid-50","mobile-grid-100","grid-parent","grid-33","no-featured-image-padding"],"acf":[],"yoast_head":"<!-- This site is optimized with the Yoast SEO plugin v27.5 - https:\/\/yoast.com\/product\/yoast-seo-wordpress\/ -->\n<title>Az\u0259rbaycan-Venesuela: Rejiml\u0259rin maraqlar\u0131 - MEYDAN.TV<\/title>\n<meta name=\"robots\" content=\"index, follow, max-snippet:-1, max-image-preview:large, max-video-preview:-1\" \/>\n<link rel=\"canonical\" href=\"https:\/\/www.meydan.tv\/az\/article\/azerbaycan-venesuela-rejimlerin-maraqlari\/\" \/>\n<meta property=\"og:locale\" content=\"az_AZ\" \/>\n<meta property=\"og:type\" content=\"article\" \/>\n<meta property=\"og:title\" content=\"Az\u0259rbaycan-Venesuela: Rejiml\u0259rin maraqlar\u0131 - MEYDAN.TV\" \/>\n<meta property=\"og:description\" content=\"\u0130lham \u018fliyevin v\u0259ziyy\u0259ti o q\u0259d\u0259r d\u0259 a\u011f\u0131r deyil, amma onun da sabitliyi \u00f6z siyas\u0259tinin \u015fax\u0259l\u0259ndirilm\u0259si sah\u0259sind\u0259 n\u00f6vb\u0259ti add\u0131mlar\u0131ndan as\u0131l\u0131 olacaq\" \/>\n<meta property=\"og:url\" content=\"https:\/\/www.meydan.tv\/az\/article\/azerbaycan-venesuela-rejimlerin-maraqlari\/\" \/>\n<meta property=\"og:site_name\" content=\"MEYDAN.TV\" \/>\n<meta property=\"article:published_time\" content=\"2016-10-24T10:13:14+00:00\" \/>\n<meta property=\"og:image\" content=\"https:\/\/www.meydan.tv\/wp-content\/uploads\/27294.jpg\" \/>\n\t<meta property=\"og:image:width\" content=\"1080\" \/>\n\t<meta property=\"og:image:height\" content=\"750\" \/>\n\t<meta property=\"og:image:type\" content=\"image\/jpeg\" \/>\n<meta name=\"author\" content=\"user-manager\" \/>\n<meta name=\"twitter:card\" content=\"summary_large_image\" \/>\n<script type=\"application\/ld+json\" class=\"yoast-schema-graph\">{\"@context\":\"https:\\\/\\\/schema.org\",\"@graph\":[{\"@type\":\"Article\",\"@id\":\"https:\\\/\\\/www.meydan.tv\\\/az\\\/article\\\/azerbaycan-venesuela-rejimlerin-maraqlari\\\/#article\",\"isPartOf\":{\"@id\":\"https:\\\/\\\/www.meydan.tv\\\/az\\\/article\\\/azerbaycan-venesuela-rejimlerin-maraqlari\\\/\"},\"author\":{\"name\":\"user-manager\",\"@id\":\"https:\\\/\\\/www.meydan.tv\\\/az\\\/#\\\/schema\\\/person\\\/10d11eccf6da3662cf5fdab9806ea91a\"},\"headline\":\"Az\u0259rbaycan-Venesuela: Rejiml\u0259rin maraqlar\u0131\",\"datePublished\":\"2016-10-24T10:13:14+00:00\",\"mainEntityOfPage\":{\"@id\":\"https:\\\/\\\/www.meydan.tv\\\/az\\\/article\\\/azerbaycan-venesuela-rejimlerin-maraqlari\\\/\"},\"wordCount\":1634,\"publisher\":{\"@id\":\"https:\\\/\\\/www.meydan.tv\\\/az\\\/#organization\"},\"image\":{\"@id\":\"https:\\\/\\\/www.meydan.tv\\\/az\\\/article\\\/azerbaycan-venesuela-rejimlerin-maraqlari\\\/#primaryimage\"},\"thumbnailUrl\":\"https:\\\/\\\/www.meydan.tv\\\/wp-content\\\/uploads\\\/27294.jpg\",\"articleSection\":[\"Analitika\"],\"inLanguage\":\"az\"},{\"@type\":\"WebPage\",\"@id\":\"https:\\\/\\\/www.meydan.tv\\\/az\\\/article\\\/azerbaycan-venesuela-rejimlerin-maraqlari\\\/\",\"url\":\"https:\\\/\\\/www.meydan.tv\\\/az\\\/article\\\/azerbaycan-venesuela-rejimlerin-maraqlari\\\/\",\"name\":\"Az\u0259rbaycan-Venesuela: Rejiml\u0259rin maraqlar\u0131 - MEYDAN.TV\",\"isPartOf\":{\"@id\":\"https:\\\/\\\/www.meydan.tv\\\/az\\\/#website\"},\"primaryImageOfPage\":{\"@id\":\"https:\\\/\\\/www.meydan.tv\\\/az\\\/article\\\/azerbaycan-venesuela-rejimlerin-maraqlari\\\/#primaryimage\"},\"image\":{\"@id\":\"https:\\\/\\\/www.meydan.tv\\\/az\\\/article\\\/azerbaycan-venesuela-rejimlerin-maraqlari\\\/#primaryimage\"},\"thumbnailUrl\":\"https:\\\/\\\/www.meydan.tv\\\/wp-content\\\/uploads\\\/27294.jpg\",\"datePublished\":\"2016-10-24T10:13:14+00:00\",\"breadcrumb\":{\"@id\":\"https:\\\/\\\/www.meydan.tv\\\/az\\\/article\\\/azerbaycan-venesuela-rejimlerin-maraqlari\\\/#breadcrumb\"},\"inLanguage\":\"az\",\"potentialAction\":[{\"@type\":\"ReadAction\",\"target\":[\"https:\\\/\\\/www.meydan.tv\\\/az\\\/article\\\/azerbaycan-venesuela-rejimlerin-maraqlari\\\/\"]}]},{\"@type\":\"ImageObject\",\"inLanguage\":\"az\",\"@id\":\"https:\\\/\\\/www.meydan.tv\\\/az\\\/article\\\/azerbaycan-venesuela-rejimlerin-maraqlari\\\/#primaryimage\",\"url\":\"https:\\\/\\\/www.meydan.tv\\\/wp-content\\\/uploads\\\/27294.jpg\",\"contentUrl\":\"https:\\\/\\\/www.meydan.tv\\\/wp-content\\\/uploads\\\/27294.jpg\",\"width\":1080,\"height\":750,\"caption\":\"Source:\"},{\"@type\":\"BreadcrumbList\",\"@id\":\"https:\\\/\\\/www.meydan.tv\\\/az\\\/article\\\/azerbaycan-venesuela-rejimlerin-maraqlari\\\/#breadcrumb\",\"itemListElement\":[{\"@type\":\"ListItem\",\"position\":1,\"name\":\"Ana s\u0259hif\u0259\",\"item\":\"https:\\\/\\\/www.meydan.tv\\\/az\\\/\"},{\"@type\":\"ListItem\",\"position\":2,\"name\":\"Analitika\",\"item\":\"https:\\\/\\\/www.meydan.tv\\\/az\\\/section\\\/analitika\\\/\"},{\"@type\":\"ListItem\",\"position\":3,\"name\":\"Az\u0259rbaycan-Venesuela: Rejiml\u0259rin maraqlar\u0131\"}]},{\"@type\":\"WebSite\",\"@id\":\"https:\\\/\\\/www.meydan.tv\\\/az\\\/#website\",\"url\":\"https:\\\/\\\/www.meydan.tv\\\/az\\\/\",\"name\":\"MEYDAN.TV\",\"description\":\"Meydan TV Az\u0259rbaycan\u0131n media m\u0259kan\u0131ndak\u0131 alternativ s\u0259sidir\",\"publisher\":{\"@id\":\"https:\\\/\\\/www.meydan.tv\\\/az\\\/#organization\"},\"potentialAction\":[{\"@type\":\"SearchAction\",\"target\":{\"@type\":\"EntryPoint\",\"urlTemplate\":\"https:\\\/\\\/www.meydan.tv\\\/az\\\/?s={search_term_string}\"},\"query-input\":{\"@type\":\"PropertyValueSpecification\",\"valueRequired\":true,\"valueName\":\"search_term_string\"}}],\"inLanguage\":\"az\"},{\"@type\":\"Organization\",\"@id\":\"https:\\\/\\\/www.meydan.tv\\\/az\\\/#organization\",\"name\":\"Meydan TV\",\"url\":\"https:\\\/\\\/www.meydan.tv\\\/az\\\/\",\"logo\":{\"@type\":\"ImageObject\",\"inLanguage\":\"az\",\"@id\":\"https:\\\/\\\/www.meydan.tv\\\/az\\\/#\\\/schema\\\/logo\\\/image\\\/\",\"url\":\"https:\\\/\\\/www.meydan.tv\\\/wp-content\\\/uploads\\\/2021\\\/07\\\/meydan-logo.svg\",\"contentUrl\":\"https:\\\/\\\/www.meydan.tv\\\/wp-content\\\/uploads\\\/2021\\\/07\\\/meydan-logo.svg\",\"width\":195,\"height\":46,\"caption\":\"Meydan TV\"},\"image\":{\"@id\":\"https:\\\/\\\/www.meydan.tv\\\/az\\\/#\\\/schema\\\/logo\\\/image\\\/\"}},{\"@type\":\"Person\",\"@id\":\"https:\\\/\\\/www.meydan.tv\\\/az\\\/#\\\/schema\\\/person\\\/10d11eccf6da3662cf5fdab9806ea91a\",\"name\":\"user-manager\"}]}<\/script>\n<!-- \/ Yoast SEO plugin. -->","yoast_head_json":{"title":"Az\u0259rbaycan-Venesuela: Rejiml\u0259rin maraqlar\u0131 - MEYDAN.TV","robots":{"index":"index","follow":"follow","max-snippet":"max-snippet:-1","max-image-preview":"max-image-preview:large","max-video-preview":"max-video-preview:-1"},"canonical":"https:\/\/www.meydan.tv\/az\/article\/azerbaycan-venesuela-rejimlerin-maraqlari\/","og_locale":"az_AZ","og_type":"article","og_title":"Az\u0259rbaycan-Venesuela: Rejiml\u0259rin maraqlar\u0131 - MEYDAN.TV","og_description":"\u0130lham \u018fliyevin v\u0259ziyy\u0259ti o q\u0259d\u0259r d\u0259 a\u011f\u0131r deyil, amma onun da sabitliyi \u00f6z siyas\u0259tinin \u015fax\u0259l\u0259ndirilm\u0259si sah\u0259sind\u0259 n\u00f6vb\u0259ti add\u0131mlar\u0131ndan as\u0131l\u0131 olacaq","og_url":"https:\/\/www.meydan.tv\/az\/article\/azerbaycan-venesuela-rejimlerin-maraqlari\/","og_site_name":"MEYDAN.TV","article_published_time":"2016-10-24T10:13:14+00:00","og_image":[{"width":1080,"height":750,"url":"https:\/\/www.meydan.tv\/wp-content\/uploads\/27294.jpg","type":"image\/jpeg"}],"author":"user-manager","twitter_card":"summary_large_image","schema":{"@context":"https:\/\/schema.org","@graph":[{"@type":"Article","@id":"https:\/\/www.meydan.tv\/az\/article\/azerbaycan-venesuela-rejimlerin-maraqlari\/#article","isPartOf":{"@id":"https:\/\/www.meydan.tv\/az\/article\/azerbaycan-venesuela-rejimlerin-maraqlari\/"},"author":{"name":"user-manager","@id":"https:\/\/www.meydan.tv\/az\/#\/schema\/person\/10d11eccf6da3662cf5fdab9806ea91a"},"headline":"Az\u0259rbaycan-Venesuela: Rejiml\u0259rin maraqlar\u0131","datePublished":"2016-10-24T10:13:14+00:00","mainEntityOfPage":{"@id":"https:\/\/www.meydan.tv\/az\/article\/azerbaycan-venesuela-rejimlerin-maraqlari\/"},"wordCount":1634,"publisher":{"@id":"https:\/\/www.meydan.tv\/az\/#organization"},"image":{"@id":"https:\/\/www.meydan.tv\/az\/article\/azerbaycan-venesuela-rejimlerin-maraqlari\/#primaryimage"},"thumbnailUrl":"https:\/\/www.meydan.tv\/wp-content\/uploads\/27294.jpg","articleSection":["Analitika"],"inLanguage":"az"},{"@type":"WebPage","@id":"https:\/\/www.meydan.tv\/az\/article\/azerbaycan-venesuela-rejimlerin-maraqlari\/","url":"https:\/\/www.meydan.tv\/az\/article\/azerbaycan-venesuela-rejimlerin-maraqlari\/","name":"Az\u0259rbaycan-Venesuela: Rejiml\u0259rin maraqlar\u0131 - MEYDAN.TV","isPartOf":{"@id":"https:\/\/www.meydan.tv\/az\/#website"},"primaryImageOfPage":{"@id":"https:\/\/www.meydan.tv\/az\/article\/azerbaycan-venesuela-rejimlerin-maraqlari\/#primaryimage"},"image":{"@id":"https:\/\/www.meydan.tv\/az\/article\/azerbaycan-venesuela-rejimlerin-maraqlari\/#primaryimage"},"thumbnailUrl":"https:\/\/www.meydan.tv\/wp-content\/uploads\/27294.jpg","datePublished":"2016-10-24T10:13:14+00:00","breadcrumb":{"@id":"https:\/\/www.meydan.tv\/az\/article\/azerbaycan-venesuela-rejimlerin-maraqlari\/#breadcrumb"},"inLanguage":"az","potentialAction":[{"@type":"ReadAction","target":["https:\/\/www.meydan.tv\/az\/article\/azerbaycan-venesuela-rejimlerin-maraqlari\/"]}]},{"@type":"ImageObject","inLanguage":"az","@id":"https:\/\/www.meydan.tv\/az\/article\/azerbaycan-venesuela-rejimlerin-maraqlari\/#primaryimage","url":"https:\/\/www.meydan.tv\/wp-content\/uploads\/27294.jpg","contentUrl":"https:\/\/www.meydan.tv\/wp-content\/uploads\/27294.jpg","width":1080,"height":750,"caption":"Source:"},{"@type":"BreadcrumbList","@id":"https:\/\/www.meydan.tv\/az\/article\/azerbaycan-venesuela-rejimlerin-maraqlari\/#breadcrumb","itemListElement":[{"@type":"ListItem","position":1,"name":"Ana s\u0259hif\u0259","item":"https:\/\/www.meydan.tv\/az\/"},{"@type":"ListItem","position":2,"name":"Analitika","item":"https:\/\/www.meydan.tv\/az\/section\/analitika\/"},{"@type":"ListItem","position":3,"name":"Az\u0259rbaycan-Venesuela: Rejiml\u0259rin maraqlar\u0131"}]},{"@type":"WebSite","@id":"https:\/\/www.meydan.tv\/az\/#website","url":"https:\/\/www.meydan.tv\/az\/","name":"MEYDAN.TV","description":"Meydan TV Az\u0259rbaycan\u0131n media m\u0259kan\u0131ndak\u0131 alternativ s\u0259sidir","publisher":{"@id":"https:\/\/www.meydan.tv\/az\/#organization"},"potentialAction":[{"@type":"SearchAction","target":{"@type":"EntryPoint","urlTemplate":"https:\/\/www.meydan.tv\/az\/?s={search_term_string}"},"query-input":{"@type":"PropertyValueSpecification","valueRequired":true,"valueName":"search_term_string"}}],"inLanguage":"az"},{"@type":"Organization","@id":"https:\/\/www.meydan.tv\/az\/#organization","name":"Meydan TV","url":"https:\/\/www.meydan.tv\/az\/","logo":{"@type":"ImageObject","inLanguage":"az","@id":"https:\/\/www.meydan.tv\/az\/#\/schema\/logo\/image\/","url":"https:\/\/www.meydan.tv\/wp-content\/uploads\/2021\/07\/meydan-logo.svg","contentUrl":"https:\/\/www.meydan.tv\/wp-content\/uploads\/2021\/07\/meydan-logo.svg","width":195,"height":46,"caption":"Meydan TV"},"image":{"@id":"https:\/\/www.meydan.tv\/az\/#\/schema\/logo\/image\/"}},{"@type":"Person","@id":"https:\/\/www.meydan.tv\/az\/#\/schema\/person\/10d11eccf6da3662cf5fdab9806ea91a","name":"user-manager"}]}},"_links":{"self":[{"href":"https:\/\/www.meydan.tv\/az\/wp-json\/wp\/v2\/posts\/179831","targetHints":{"allow":["GET"]}}],"collection":[{"href":"https:\/\/www.meydan.tv\/az\/wp-json\/wp\/v2\/posts"}],"about":[{"href":"https:\/\/www.meydan.tv\/az\/wp-json\/wp\/v2\/types\/post"}],"author":[{"embeddable":true,"href":"https:\/\/www.meydan.tv\/az\/wp-json\/wp\/v2\/users\/11"}],"replies":[{"embeddable":true,"href":"https:\/\/www.meydan.tv\/az\/wp-json\/wp\/v2\/comments?post=179831"}],"version-history":[{"count":0,"href":"https:\/\/www.meydan.tv\/az\/wp-json\/wp\/v2\/posts\/179831\/revisions"}],"wp:featuredmedia":[{"embeddable":true,"href":"https:\/\/www.meydan.tv\/az\/wp-json\/wp\/v2\/media\/71185"}],"wp:attachment":[{"href":"https:\/\/www.meydan.tv\/az\/wp-json\/wp\/v2\/media?parent=179831"}],"wp:term":[{"taxonomy":"category","embeddable":true,"href":"https:\/\/www.meydan.tv\/az\/wp-json\/wp\/v2\/categories?post=179831"},{"taxonomy":"post_tag","embeddable":true,"href":"https:\/\/www.meydan.tv\/az\/wp-json\/wp\/v2\/tags?post=179831"}],"curies":[{"name":"wp","href":"https:\/\/api.w.org\/{rel}","templated":true}]}}