{"id":179826,"date":"2016-10-23T19:20:42","date_gmt":"2016-10-23T19:20:42","guid":{"rendered":"https:\/\/www.meydan.tv\/article\/sesini-mene-besterecik\/"},"modified":"2016-10-23T19:20:42","modified_gmt":"2016-10-23T19:20:42","slug":"sesini-mene-besterecik","status":"publish","type":"post","link":"https:\/\/www.meydan.tv\/az\/article\/sesini-mene-besterecik\/","title":{"rendered":"S\u0259sini m\u0259n\u0259, b\u0259st\u0259r\u0259cik&#8230;"},"content":{"rendered":"<figure class=\"wp-block-image size-large\">\n  <img decoding=\"async\" src=\"https:\/\/www.meydan.tv\/az\/60874\/\" alt=\"\" class=\"wp-image-60874\"\/><figcaption><\/figcaption><\/figure>\n<figure class=\"wp-block-image size-large\">\n  <img decoding=\"async\" src=\"https:\/\/www.meydan.tv\/az\/60871\/\" alt=\"\" class=\"wp-image-60871\"\/><figcaption><\/figcaption><\/figure>\n<p>\n  \u2013 O heyvan o\u011flu heyvan\u0131 dur\u011fuz, g\u0259lib s\u0259s and\u0131r\u0131n\u0131 versin! E\u015fitdinmi?\n<\/p>\n<p>\n  A\u011fz\u0131m\u0131 a\u00e7ma\u011fa macal tapmam\u0131\u015f d\u0259st\u0259yi qoydu.\n<\/p>\n<p>\n  N\u0259 a\u011f\u0131l el\u0259dims\u0259, h\u0259min n\u00f6mr\u0259ni y\u0131\u011f\u0131b s\u0259h\u0259r oba\u015fdan qula\u011f\u0131ma p\u00fcsk\u00fcr\u0259n adama cavab verdim:\n<\/p>\n<p>\n  \u2013 Ba\u011f\u0131\u015flay\u0131n, sizin \u0259slind\u0259 n\u0259 dem\u0259k ist\u0259diyinizi ba\u015fa d\u00fc\u015fm\u0259dim, ona g\u00f6r\u0259 d\u0259 heyvan v\u0259 s\u0259s m\u0259s\u0259l\u0259sind\u0259 m\u0259n\u0259 ar\u0445ay\u0131n olmay\u0131n.\n<\/p>\n<p>\n  M\u00fcsahibim &#8220;heyvan&#8221; dey\u0259rk\u0259n t\u0259z\u0259likc\u0259 h\u00f6k\u00fcm\u0259t i\u015fin\u0259 d\u00fcz\u0259ltdiyi o\u011flunu n\u0259z\u0259rd\u0259 tuturmu\u015f. M\u0259lum, bir \u0259t\u0259k x\u0259rcl\u0259 v\u0259 \u00fcst\u0259lik onun-bunun qaba\u011f\u0131nda \u0259zil\u0259r\u0259k al\u0131nan v\u0259zif\u0259 taley\u00fckl\u00fc bir \u015feydir. Laz\u0131m g\u0259ls\u0259, o i\u015fd\u0259n \u00f6tr\u00fc lap k\u00fclf\u0259tlikc\u0259 gedib qutunun b\u00f6y\u00fcr-ba\u015f\u0131nda oturmaq olar. Amma h\u0259l\u0259 ax\u015fama q\u0259d\u0259r \u00f6z\u00fcn\u00fc g\u00f6st\u0259rm\u0259k f\u00fcrs\u0259ti vark\u0259n adam\u0131n o yaz\u0131q &#8220;heyvan o\u011flu heyvan&#8221;a niy\u0259 bu q\u0259d\u0259r erk\u0259n y\u00fckl\u0259ndiyini anlamad\u0131m. Niy\u0259sini soru\u015fa da bilm\u0259dim, \u00e7\u00fcnki adama dey\u0259rl\u0259r: &#8220;Mal m\u0259nim, m\u0259sl\u0259h\u0259t m\u0259nim, s\u0259nin n\u0259 i\u015fin\u0259 qal\u0131b?&#8221;\n<\/p>\n<p>\n  Referendum havas\u0131n\u0131n soyudu\u011fu g\u00fcnl\u0259rd\u0259 xat\u0131rlad\u0131\u011f\u0131m bir s\u00f6hb\u0259t t\u0259s\u0259vv\u00fcr\u00fcmd\u0259ki v\u0259ziyy\u0259t\u0259 daha da ayd\u0131nl\u0131q g\u0259tirdi. Daha d\u0259qiq des\u0259k, v\u0259ziyy\u0259td\u0259ki inki\u015fafa. V\u0259 bu yerd\u0259 ist\u0259r-ist\u0259m\u0259z ki\u00e7ik bir bir ha\u015fiy\u0259 \u00e7\u0131xma\u011fa m\u0259cbur oldum&#8230;\n<\/p>\n<p>\n  Normal adam\u0131n &#8220;azad sahibkara&#8221; \u00e7evrilm\u0259kliyi\n<\/p>\n<p>\n  B\u00fct\u00f6v bir ail\u0259nin al\u0131n t\u0259ri say\u0259sind\u0259 i\u015f qurub, s\u0259rb\u0259st f\u0259aliyy\u0259t\u0259 ba\u015flayan sad\u0259l\u00f6vh h\u0259mv\u0259t\u0259nimiz ilk add\u0131mda azad sahibkarl\u0131q qanunuun \u0259sas b\u0259ndi il\u0259 qar\u015f\u0131la\u015f\u0131r. Bu b\u0259nd \u00f6lk\u0259mizd\u0259 &#8220;sahibkara sahibl\u0259nm\u0259k&#8221; kimi realla\u015f\u0131b, &#8220;azad&#8221; s\u00f6z\u00fcn\u00fcn t\u0259hkimli anlam\u0131d\u0131r. \u00c7\u00fcnki milli azad sahibkar sad\u0259c\u0259 qeyri-r\u0259smi m\u0259mur, hakimiyy\u0259tin m\u0259vacibsiz buyruq quludur. Ba\u015fqa yerl\u0259rd\u0259 dey\u0259 bilm\u0259r\u0259m, bizim \u0259yal\u0259td\u0259 v\u0259ziyy\u0259t bu q\u0259d\u0259r ac\u0131nacaql\u0131d\u0131r.\n<\/p>\n<p>\n  Amma t\u0259mt\u0259raql\u0131 t\u0259dbirl\u0259rd\u0259 b\u00f6y\u00fck adamlar\u0131 v\u0259 h\u0259tta &#8220;Gilan&#8221; imperatorunu canl\u0131-canl\u0131 g\u00f6r\u00fcb-e\u015fid\u0259n bizim b\u0259xt\u0259v\u0259r quzumuz h\u0259l\u0259 duza gedir. H\u0259m d\u0259 h\u0259yat\u0131ndan o q\u0259d\u0259r m\u0259mnun ki, bu arada i\u015f h\u0259yat\u0131nda \u00f6z\u00fcn\u00fc t\u0259sdiq etm\u0259k \u00fc\u00e7\u00fcn daha geni\u015f \u00fcf\u00fcql\u0259r\u0259 ba\u015f vurma\u011fa q\u0259rar verir. Azad sahibkard\u0131 ax\u0131&#8230;\n<\/p>\n<p>\n  Ba\u015fqa bir d\u00fcnyaya d\u00fc\u015f\u0259r-d\u00fc\u015fm\u0259z icra hakimiyy\u0259tind\u0259ki sahibind\u0259n g\u00f6st\u0259ri\u015f g\u0259lir ki: \u2013 &#8220;B\u0259s, prezidentin rayona s\u0259f\u0259ri m\u00fcnasib\u0259til\u0259 n\u0259rdivan g\u00f6t\u00fcr\u00fcb flan plakat\u0131 silm\u0259k \u00fc\u00e7\u00fcn flan \u00fcnvana g\u0259l!&#8221;. Ba\u015f\u0131nda m\u00fcsafir oldu\u011fu \u00f6lk\u0259nin demokratiya havas\u0131, q\u0259lbind\u0259 v\u0259t\u0259n sevdas\u0131 a\u015f\u0131b-da\u015fan bizimki bunun m\u00fcmk\u00fcns\u00fcz oldu\u011funu bildirir. V\u0259 anlay\u0131\u015fla qar\u015f\u0131lanaca\u011f\u0131na he\u00e7 \u015f\u00fcbh\u0259 etm\u0259d\u0259n i\u015fl\u0259rini rahat-rahat bitirib rayona d\u00f6n\u00fcr.\n<\/p>\n<p>\n  O g\u00fcnd\u0259n &#8220;ka\u015f ki, orda qal\u0131b dil\u0259n\u00e7ilik ed\u0259ydim, d\u00f6nm\u0259y\u0259ydim&#8221;, dey\u0259c\u0259k g\u00fcnl\u0259ri ba\u015flan\u0131r. Rayonda do\u011fum evind\u0259n prokurorlu\u011fa q\u0259d\u0259r \u0259li m\u00f6h\u00fcr tutan h\u0259r k\u0259si s\u0259rh\u0259ddi a\u015fm\u0131\u015f cahili &#8220;yoxlama\u011fa&#8221; g\u00f6nd\u0259rirl\u0259r. Azad sahibkar onu s\u00f6z\u00fcn \u0259sl m\u0259nas\u0131nda yoxlayacaqlar\u0131n\u0131 anlay\u0131b sahibinin \u00fcst\u00fcn\u0259 minn\u0259t\u0259 gedir. T\u0259\u015fkilat\u00e7\u0131lar \u2013 &#8220;Vaxt\u0131nda n\u0259rdivanla g\u0259lm\u0259din, indi he\u00e7 qald\u0131r\u0131c\u0131 kranla biz\u0259 \u00e7ata bilm\u0259zs\u0259n&#8221; deyib, onunla kefl\u0259ri ist\u0259diyi q\u0259d\u0259r maddi-m\u0259n\u0259vi m\u0259z\u0259l\u0259nirl\u0259r. Ta o vaxta q\u0259d\u0259r ki, qar\u015f\u0131lar\u0131nda d\u0259zgahdan \u00e7\u0131xm\u0131\u015f bir robot peyda olur. &#8220;Manqurt&#8221; s\u0259rt s\u0259sl\u0259nir dey\u0259, &#8220;robot&#8221; yazd\u0131m, amma h\u0259r ikisi d\u0131rna\u011f\u0131n i\u00e7\u0259risind\u0259 olduqdan sonra m\u0259nim q\u0259hr\u0259man\u0131m \u00fc\u00e7\u00fcn n\u0259 f\u0259rq ed\u0259r ki?! Amma bu u\u015faq anadan manqurt-robot do\u011fulmam\u0131\u015fd\u0131. H\u0259r k\u0259s kimi do\u011fru-yanl\u0131\u015f duy\u011fular\u0131, s\u0131na\u011fa \u00e7\u0259kilm\u0259mi\u015f \u00f6z\u00fcn\u0259 g\u00f6r\u0259 bir q\u00fcruru vard\u0131. \u0130ndi is\u0259 sad\u0259c\u0259 bir n\u0259rdivanl\u0131q yolu, eni-uzunu c\u0259mi bir n\u0259rdivana s\u0131\u011fan h\u0259yat\u0131 var.\n<\/p>\n<p>\n  Kim deyir ki, bu iqtidar z\u0259ifdir? Etm\u0259yin, allah x\u0259trin\u0259! Bunca orijinal psixoloji y\u0131rt\u0131c\u0131l\u0131q sivil d\u00fcnyan\u0131n haras\u0131nda, kimin a\u011fl\u0131na g\u0259l\u0259 bil\u0259r? \u00d6z xalq\u0131n\u0131n z\u0259if yerini bel\u0259 g\u00f6z\u0259l anlay\u0131b d\u0259y\u0259rl\u0259ndir\u0259n hakimiyy\u0259td\u0259n naraz\u0131 qalmaqda b\u00f6y\u00fck g\u00fcnah i\u015fl\u0259dirik.\n<\/p>\n<p>\n  &#8230;\u00d6lk\u0259 prezidentinin azad sahibkarlarla m\u00f6ht\u0259\u015f\u0259m g\u00f6r\u00fc\u015f\u00fc zaman\u0131 h\u0259y\u0259candan t\u0259rl\u0259mi\u015f \u0259lin\u0259 veril\u0259n \u00e7\u0131x\u0131\u015f\u0131 oxuyan adamlardan birinin tarix\u00e7\u0259sini \u00f6yr\u0259ndik. O \u00e7\u0131x\u0131\u015fda \u00e7i\u00e7\u0259kl\u0259n\u0259n demokratik Az\u0259rbaycanda azad sahibkarlar\u0131n h\u00fcdudsuz h\u00fcquqlar\u0131ndan, onlara veril\u0259n d\u00f6vl\u0259t t\u0259minat\u0131ndan b\u0259hs olunurdu. Analoqsuz siyas\u0259td\u0259n, u\u011furlu inki\u015fafdan, xalq\u0131n s\u00fcr\u0259tl\u0259 y\u00fcks\u0259l\u0259n rifah\u0131ndan g\u00f6z\u0259l-g\u00f6z\u0259l c\u00fcml\u0259l\u0259r vard\u0131. Eyn\u0259n orta m\u0259kt\u0259b in\u015fas\u0131 kimi. \u0130nt\u0259has\u0131, qiym\u0259ti rusdilli m\u00fc\u0259llim ver\u0259c\u0259kdi.\n<\/p>\n<p>\n  Daha bir sitat g\u0259tirm\u0259y\u0259 ehtiyac varm\u0131? \u00d6lk\u0259 bel\u0259 &#8220;nikbin&#8221; na\u011f\u0131llarla doludur. Allah b\u0259r\u0259k\u0259t verm\u0259sin&#8230;<\/p>\n","protected":false},"excerpt":{"rendered":"<p>O heyvan o\u011flu heyvan\u0131 dur\u011fuz, g\u0259lib s\u0259s and\u0131r\u0131n\u0131 versin! E\u015fitdinmi?<\/p>\n","protected":false},"author":11,"featured_media":60874,"comment_status":"closed","ping_status":"open","sticky":false,"template":"","format":"standard","meta":{"_acf_changed":false,"_sitemap_exclude":false,"_sitemap_priority":"","_sitemap_frequency":"","footnotes":""},"categories":[57],"tags":[],"class_list":["post-179826","post","type-post","status-publish","format-standard","has-post-thumbnail","hentry","category-menim-fikrimce","infinite-scroll-item","generate-columns","tablet-grid-50","mobile-grid-100","grid-parent","grid-33","no-featured-image-padding"],"acf":[],"yoast_head":"<!-- This site is optimized with the Yoast SEO plugin v27.5 - https:\/\/yoast.com\/product\/yoast-seo-wordpress\/ -->\n<title>S\u0259sini m\u0259n\u0259, b\u0259st\u0259r\u0259cik... - MEYDAN.TV<\/title>\n<meta name=\"robots\" content=\"index, follow, max-snippet:-1, max-image-preview:large, max-video-preview:-1\" \/>\n<link rel=\"canonical\" href=\"https:\/\/www.meydan.tv\/az\/article\/sesini-mene-besterecik\/\" \/>\n<meta property=\"og:locale\" content=\"az_AZ\" \/>\n<meta property=\"og:type\" content=\"article\" \/>\n<meta property=\"og:title\" content=\"S\u0259sini m\u0259n\u0259, b\u0259st\u0259r\u0259cik... - MEYDAN.TV\" \/>\n<meta property=\"og:description\" content=\"O heyvan o\u011flu heyvan\u0131 dur\u011fuz, g\u0259lib s\u0259s and\u0131r\u0131n\u0131 versin! E\u015fitdinmi?\" \/>\n<meta property=\"og:url\" content=\"https:\/\/www.meydan.tv\/az\/article\/sesini-mene-besterecik\/\" \/>\n<meta property=\"og:site_name\" content=\"MEYDAN.TV\" \/>\n<meta property=\"article:published_time\" content=\"2016-10-23T19:20:42+00:00\" \/>\n<meta property=\"og:image\" content=\"https:\/\/www.meydan.tv\/wp-content\/uploads\/23140.jpg\" \/>\n\t<meta property=\"og:image:width\" content=\"500\" \/>\n\t<meta property=\"og:image:height\" content=\"500\" \/>\n\t<meta property=\"og:image:type\" content=\"image\/jpeg\" \/>\n<meta name=\"author\" content=\"user-manager\" \/>\n<meta name=\"twitter:card\" content=\"summary_large_image\" \/>\n<script type=\"application\/ld+json\" class=\"yoast-schema-graph\">{\"@context\":\"https:\\\/\\\/schema.org\",\"@graph\":[{\"@type\":\"Article\",\"@id\":\"https:\\\/\\\/www.meydan.tv\\\/az\\\/article\\\/sesini-mene-besterecik\\\/#article\",\"isPartOf\":{\"@id\":\"https:\\\/\\\/www.meydan.tv\\\/az\\\/article\\\/sesini-mene-besterecik\\\/\"},\"author\":{\"name\":\"user-manager\",\"@id\":\"https:\\\/\\\/www.meydan.tv\\\/az\\\/#\\\/schema\\\/person\\\/10d11eccf6da3662cf5fdab9806ea91a\"},\"headline\":\"S\u0259sini m\u0259n\u0259, b\u0259st\u0259r\u0259cik&#8230;\",\"datePublished\":\"2016-10-23T19:20:42+00:00\",\"mainEntityOfPage\":{\"@id\":\"https:\\\/\\\/www.meydan.tv\\\/az\\\/article\\\/sesini-mene-besterecik\\\/\"},\"wordCount\":1117,\"publisher\":{\"@id\":\"https:\\\/\\\/www.meydan.tv\\\/az\\\/#organization\"},\"image\":{\"@id\":\"https:\\\/\\\/www.meydan.tv\\\/az\\\/article\\\/sesini-mene-besterecik\\\/#primaryimage\"},\"thumbnailUrl\":\"https:\\\/\\\/www.meydan.tv\\\/wp-content\\\/uploads\\\/23140.jpg\",\"articleSection\":[\"M\u0259nim Fikrimc\u0259\"],\"inLanguage\":\"az\"},{\"@type\":\"WebPage\",\"@id\":\"https:\\\/\\\/www.meydan.tv\\\/az\\\/article\\\/sesini-mene-besterecik\\\/\",\"url\":\"https:\\\/\\\/www.meydan.tv\\\/az\\\/article\\\/sesini-mene-besterecik\\\/\",\"name\":\"S\u0259sini m\u0259n\u0259, b\u0259st\u0259r\u0259cik... - MEYDAN.TV\",\"isPartOf\":{\"@id\":\"https:\\\/\\\/www.meydan.tv\\\/az\\\/#website\"},\"primaryImageOfPage\":{\"@id\":\"https:\\\/\\\/www.meydan.tv\\\/az\\\/article\\\/sesini-mene-besterecik\\\/#primaryimage\"},\"image\":{\"@id\":\"https:\\\/\\\/www.meydan.tv\\\/az\\\/article\\\/sesini-mene-besterecik\\\/#primaryimage\"},\"thumbnailUrl\":\"https:\\\/\\\/www.meydan.tv\\\/wp-content\\\/uploads\\\/23140.jpg\",\"datePublished\":\"2016-10-23T19:20:42+00:00\",\"breadcrumb\":{\"@id\":\"https:\\\/\\\/www.meydan.tv\\\/az\\\/article\\\/sesini-mene-besterecik\\\/#breadcrumb\"},\"inLanguage\":\"az\",\"potentialAction\":[{\"@type\":\"ReadAction\",\"target\":[\"https:\\\/\\\/www.meydan.tv\\\/az\\\/article\\\/sesini-mene-besterecik\\\/\"]}]},{\"@type\":\"ImageObject\",\"inLanguage\":\"az\",\"@id\":\"https:\\\/\\\/www.meydan.tv\\\/az\\\/article\\\/sesini-mene-besterecik\\\/#primaryimage\",\"url\":\"https:\\\/\\\/www.meydan.tv\\\/wp-content\\\/uploads\\\/23140.jpg\",\"contentUrl\":\"https:\\\/\\\/www.meydan.tv\\\/wp-content\\\/uploads\\\/23140.jpg\",\"width\":500,\"height\":500,\"caption\":\"Source:\"},{\"@type\":\"BreadcrumbList\",\"@id\":\"https:\\\/\\\/www.meydan.tv\\\/az\\\/article\\\/sesini-mene-besterecik\\\/#breadcrumb\",\"itemListElement\":[{\"@type\":\"ListItem\",\"position\":1,\"name\":\"Ana s\u0259hif\u0259\",\"item\":\"https:\\\/\\\/www.meydan.tv\\\/az\\\/\"},{\"@type\":\"ListItem\",\"position\":2,\"name\":\"M\u0259nim Fikrimc\u0259\",\"item\":\"https:\\\/\\\/www.meydan.tv\\\/az\\\/section\\\/menim-fikrimce\\\/\"},{\"@type\":\"ListItem\",\"position\":3,\"name\":\"S\u0259sini m\u0259n\u0259, b\u0259st\u0259r\u0259cik&#8230;\"}]},{\"@type\":\"WebSite\",\"@id\":\"https:\\\/\\\/www.meydan.tv\\\/az\\\/#website\",\"url\":\"https:\\\/\\\/www.meydan.tv\\\/az\\\/\",\"name\":\"MEYDAN.TV\",\"description\":\"Meydan TV Az\u0259rbaycan\u0131n media m\u0259kan\u0131ndak\u0131 alternativ s\u0259sidir\",\"publisher\":{\"@id\":\"https:\\\/\\\/www.meydan.tv\\\/az\\\/#organization\"},\"potentialAction\":[{\"@type\":\"SearchAction\",\"target\":{\"@type\":\"EntryPoint\",\"urlTemplate\":\"https:\\\/\\\/www.meydan.tv\\\/az\\\/?s={search_term_string}\"},\"query-input\":{\"@type\":\"PropertyValueSpecification\",\"valueRequired\":true,\"valueName\":\"search_term_string\"}}],\"inLanguage\":\"az\"},{\"@type\":\"Organization\",\"@id\":\"https:\\\/\\\/www.meydan.tv\\\/az\\\/#organization\",\"name\":\"Meydan TV\",\"url\":\"https:\\\/\\\/www.meydan.tv\\\/az\\\/\",\"logo\":{\"@type\":\"ImageObject\",\"inLanguage\":\"az\",\"@id\":\"https:\\\/\\\/www.meydan.tv\\\/az\\\/#\\\/schema\\\/logo\\\/image\\\/\",\"url\":\"https:\\\/\\\/www.meydan.tv\\\/wp-content\\\/uploads\\\/2021\\\/07\\\/meydan-logo.svg\",\"contentUrl\":\"https:\\\/\\\/www.meydan.tv\\\/wp-content\\\/uploads\\\/2021\\\/07\\\/meydan-logo.svg\",\"width\":195,\"height\":46,\"caption\":\"Meydan TV\"},\"image\":{\"@id\":\"https:\\\/\\\/www.meydan.tv\\\/az\\\/#\\\/schema\\\/logo\\\/image\\\/\"}},{\"@type\":\"Person\",\"@id\":\"https:\\\/\\\/www.meydan.tv\\\/az\\\/#\\\/schema\\\/person\\\/10d11eccf6da3662cf5fdab9806ea91a\",\"name\":\"user-manager\"}]}<\/script>\n<!-- \/ Yoast SEO plugin. -->","yoast_head_json":{"title":"S\u0259sini m\u0259n\u0259, b\u0259st\u0259r\u0259cik... - MEYDAN.TV","robots":{"index":"index","follow":"follow","max-snippet":"max-snippet:-1","max-image-preview":"max-image-preview:large","max-video-preview":"max-video-preview:-1"},"canonical":"https:\/\/www.meydan.tv\/az\/article\/sesini-mene-besterecik\/","og_locale":"az_AZ","og_type":"article","og_title":"S\u0259sini m\u0259n\u0259, b\u0259st\u0259r\u0259cik... - MEYDAN.TV","og_description":"O heyvan o\u011flu heyvan\u0131 dur\u011fuz, g\u0259lib s\u0259s and\u0131r\u0131n\u0131 versin! E\u015fitdinmi?","og_url":"https:\/\/www.meydan.tv\/az\/article\/sesini-mene-besterecik\/","og_site_name":"MEYDAN.TV","article_published_time":"2016-10-23T19:20:42+00:00","og_image":[{"width":500,"height":500,"url":"https:\/\/www.meydan.tv\/wp-content\/uploads\/23140.jpg","type":"image\/jpeg"}],"author":"user-manager","twitter_card":"summary_large_image","schema":{"@context":"https:\/\/schema.org","@graph":[{"@type":"Article","@id":"https:\/\/www.meydan.tv\/az\/article\/sesini-mene-besterecik\/#article","isPartOf":{"@id":"https:\/\/www.meydan.tv\/az\/article\/sesini-mene-besterecik\/"},"author":{"name":"user-manager","@id":"https:\/\/www.meydan.tv\/az\/#\/schema\/person\/10d11eccf6da3662cf5fdab9806ea91a"},"headline":"S\u0259sini m\u0259n\u0259, b\u0259st\u0259r\u0259cik&#8230;","datePublished":"2016-10-23T19:20:42+00:00","mainEntityOfPage":{"@id":"https:\/\/www.meydan.tv\/az\/article\/sesini-mene-besterecik\/"},"wordCount":1117,"publisher":{"@id":"https:\/\/www.meydan.tv\/az\/#organization"},"image":{"@id":"https:\/\/www.meydan.tv\/az\/article\/sesini-mene-besterecik\/#primaryimage"},"thumbnailUrl":"https:\/\/www.meydan.tv\/wp-content\/uploads\/23140.jpg","articleSection":["M\u0259nim Fikrimc\u0259"],"inLanguage":"az"},{"@type":"WebPage","@id":"https:\/\/www.meydan.tv\/az\/article\/sesini-mene-besterecik\/","url":"https:\/\/www.meydan.tv\/az\/article\/sesini-mene-besterecik\/","name":"S\u0259sini m\u0259n\u0259, b\u0259st\u0259r\u0259cik... - MEYDAN.TV","isPartOf":{"@id":"https:\/\/www.meydan.tv\/az\/#website"},"primaryImageOfPage":{"@id":"https:\/\/www.meydan.tv\/az\/article\/sesini-mene-besterecik\/#primaryimage"},"image":{"@id":"https:\/\/www.meydan.tv\/az\/article\/sesini-mene-besterecik\/#primaryimage"},"thumbnailUrl":"https:\/\/www.meydan.tv\/wp-content\/uploads\/23140.jpg","datePublished":"2016-10-23T19:20:42+00:00","breadcrumb":{"@id":"https:\/\/www.meydan.tv\/az\/article\/sesini-mene-besterecik\/#breadcrumb"},"inLanguage":"az","potentialAction":[{"@type":"ReadAction","target":["https:\/\/www.meydan.tv\/az\/article\/sesini-mene-besterecik\/"]}]},{"@type":"ImageObject","inLanguage":"az","@id":"https:\/\/www.meydan.tv\/az\/article\/sesini-mene-besterecik\/#primaryimage","url":"https:\/\/www.meydan.tv\/wp-content\/uploads\/23140.jpg","contentUrl":"https:\/\/www.meydan.tv\/wp-content\/uploads\/23140.jpg","width":500,"height":500,"caption":"Source:"},{"@type":"BreadcrumbList","@id":"https:\/\/www.meydan.tv\/az\/article\/sesini-mene-besterecik\/#breadcrumb","itemListElement":[{"@type":"ListItem","position":1,"name":"Ana s\u0259hif\u0259","item":"https:\/\/www.meydan.tv\/az\/"},{"@type":"ListItem","position":2,"name":"M\u0259nim Fikrimc\u0259","item":"https:\/\/www.meydan.tv\/az\/section\/menim-fikrimce\/"},{"@type":"ListItem","position":3,"name":"S\u0259sini m\u0259n\u0259, b\u0259st\u0259r\u0259cik&#8230;"}]},{"@type":"WebSite","@id":"https:\/\/www.meydan.tv\/az\/#website","url":"https:\/\/www.meydan.tv\/az\/","name":"MEYDAN.TV","description":"Meydan TV Az\u0259rbaycan\u0131n media m\u0259kan\u0131ndak\u0131 alternativ s\u0259sidir","publisher":{"@id":"https:\/\/www.meydan.tv\/az\/#organization"},"potentialAction":[{"@type":"SearchAction","target":{"@type":"EntryPoint","urlTemplate":"https:\/\/www.meydan.tv\/az\/?s={search_term_string}"},"query-input":{"@type":"PropertyValueSpecification","valueRequired":true,"valueName":"search_term_string"}}],"inLanguage":"az"},{"@type":"Organization","@id":"https:\/\/www.meydan.tv\/az\/#organization","name":"Meydan TV","url":"https:\/\/www.meydan.tv\/az\/","logo":{"@type":"ImageObject","inLanguage":"az","@id":"https:\/\/www.meydan.tv\/az\/#\/schema\/logo\/image\/","url":"https:\/\/www.meydan.tv\/wp-content\/uploads\/2021\/07\/meydan-logo.svg","contentUrl":"https:\/\/www.meydan.tv\/wp-content\/uploads\/2021\/07\/meydan-logo.svg","width":195,"height":46,"caption":"Meydan TV"},"image":{"@id":"https:\/\/www.meydan.tv\/az\/#\/schema\/logo\/image\/"}},{"@type":"Person","@id":"https:\/\/www.meydan.tv\/az\/#\/schema\/person\/10d11eccf6da3662cf5fdab9806ea91a","name":"user-manager"}]}},"_links":{"self":[{"href":"https:\/\/www.meydan.tv\/az\/wp-json\/wp\/v2\/posts\/179826","targetHints":{"allow":["GET"]}}],"collection":[{"href":"https:\/\/www.meydan.tv\/az\/wp-json\/wp\/v2\/posts"}],"about":[{"href":"https:\/\/www.meydan.tv\/az\/wp-json\/wp\/v2\/types\/post"}],"author":[{"embeddable":true,"href":"https:\/\/www.meydan.tv\/az\/wp-json\/wp\/v2\/users\/11"}],"replies":[{"embeddable":true,"href":"https:\/\/www.meydan.tv\/az\/wp-json\/wp\/v2\/comments?post=179826"}],"version-history":[{"count":0,"href":"https:\/\/www.meydan.tv\/az\/wp-json\/wp\/v2\/posts\/179826\/revisions"}],"wp:featuredmedia":[{"embeddable":true,"href":"https:\/\/www.meydan.tv\/az\/wp-json\/wp\/v2\/media\/60874"}],"wp:attachment":[{"href":"https:\/\/www.meydan.tv\/az\/wp-json\/wp\/v2\/media?parent=179826"}],"wp:term":[{"taxonomy":"category","embeddable":true,"href":"https:\/\/www.meydan.tv\/az\/wp-json\/wp\/v2\/categories?post=179826"},{"taxonomy":"post_tag","embeddable":true,"href":"https:\/\/www.meydan.tv\/az\/wp-json\/wp\/v2\/tags?post=179826"}],"curies":[{"name":"wp","href":"https:\/\/api.w.org\/{rel}","templated":true}]}}