{"id":179825,"date":"2016-10-23T19:06:41","date_gmt":"2016-10-23T19:06:41","guid":{"rendered":"https:\/\/www.meydan.tv\/article\/tiflis-kasablanka\/"},"modified":"2016-10-23T19:06:41","modified_gmt":"2016-10-23T19:06:41","slug":"tiflis-kasablanka","status":"publish","type":"post","link":"https:\/\/www.meydan.tv\/az\/article\/tiflis-kasablanka\/","title":{"rendered":"Tiflis \u2013 Kasablanka"},"content":{"rendered":"<figure class=\"wp-block-image size-large\">\n  <img decoding=\"async\" src=\"https:\/\/www.meydan.tv\/az\/gunel-movlud-3\/\" alt=\"G\u00fcnel M\u00f6vlud\" class=\"wp-image-67667\"\/><figcaption>\n    G\u00fcnel M\u00f6vlud<br \/>\n  <\/figcaption><\/figure>\n<figure class=\"wp-block-image size-large\">\n  <img decoding=\"async\" src=\"https:\/\/www.meydan.tv\/az\/gunel-movlud-banner\/\" alt=\"G\u00fcnel M\u00f6vlud &#8211; Banner\" class=\"wp-image-65612\"\/><figcaption>\n    G\u00fcnel M\u00f6vlud &#8211; Banner<br \/>\n  <\/figcaption><\/figure>\n<p>\n  Kino\u015f\u00fcnas Ayg\u00fcn Aslanovan\u0131n \u0130ngrid Berqman bar\u0259d\u0259 yaz\u0131s\u0131n\u0131 oxuyanda, kino\u015f\u00fcnas xan\u0131m\u0131n yaz\u0131da ad\u0131n\u0131 \u00e7\u0259kdiyi filml\u0259rd\u0259n n\u0259d\u0259ns\u0259 m\u0259hz &#8220;Kasablanka&#8221;ya baxmaq ist\u0259dim. Bilmir\u0259m, nec\u0259 oldu ki, \u00f6z\u00fcm\u00fcn v\u0259 xeyli h\u0259mkar\u0131m\u0131n, h\u0259mv\u0259t\u0259nimin h\u0259yat\u0131 il\u0259 \u00e7oxlu paralell\u0259ri olan bu film (film\u0259 baxmam\u0131\u015f h\u0259l\u0259 bunu bilmirdim ax\u0131) m\u0259ni q\u0259fil c\u0259lb el\u0259di. Amma bu yad\u0131mdad\u0131r ki, film\u0259 baxandan sonra, siyasi sisteml\u0259r, \u00f6lk\u0259l\u0259raras\u0131 m\u00fcnasib\u0259tl\u0259r, diktatura, insan talel\u0259rinin bu q\u0259d\u0259r ox\u015far, az qala eyni olmas\u0131 ger\u00e7\u0259yi uzun m\u00fcdd\u0259t m\u0259ni heyr\u0259t v\u0259 k\u0259d\u0259r i\u00e7ind\u0259 saxlad\u0131.\n<\/p>\n<p>\n  Amerikal\u0131 rejissor Maykl K\u00f6rtisin 1942-ci ild\u0259 \u00e7\u0259kdiyi bu filmd\u0259 hadis\u0259l\u0259r, \u0130kinci D\u00fcnya M\u00fcharib\u0259si ill\u0259rind\u0259 fa\u015fistl\u0259rd\u0259n qa\u00e7araq, Amerikaya d\u00fc\u015fm\u0259y\u0259 can atan qa\u00e7q\u0131nlar\u0131n ax\u0131\u015fd\u0131\u011f\u0131 Kasablanka \u015f\u0259h\u0259rind\u0259, o zaman frans\u0131z torpaqlar\u0131 olan M\u0259rake\u015fd\u0259 c\u0259r\u0259yan edir. Filmin \u0259sas s\u00fcjet x\u0259tti sevgi hadis\u0259si olsa da, fonda ba\u015f ver\u0259n hadis\u0259l\u0259rin a\u011f\u0131rl\u0131\u011f\u0131 qa\u00e7\u0131lmazd\u0131r. Bilmir\u0259m, b\u0259lk\u0259 d\u0259 \u00f6z\u00fcm\u00fcn v\u0259 n\u0259 q\u0259d\u0259r h\u0259mv\u0259t\u0259nimin d\u00fc\u015fd\u00fcy\u00fcm\u00fcz v\u0259ziyy\u0259ti il\u0259 bu q\u0259d\u0259r \u00fcst-\u00fcst\u0259 d\u00fc\u015fm\u0259si idi o sevgi x\u0259ttini g\u00f6rm\u0259zd\u0259n g\u0259lib, fonda ba\u015f ver\u0259nl\u0259rd\u0259n bel\u0259 sars\u0131lmaq.\n<\/p>\n<p>\n  Kasablanka \u2013 insanlar\u0131n s\u0131x ya\u015fad\u0131\u011f\u0131, h\u0259l\u0259 fa\u015fistl\u0259rin i\u015f\u011fal\u0131na m\u0259ruz qalmayan, qay\u0131r-qay\u0131r qaynayan \u015f\u0259n \u015f\u0259h\u0259rdir. Tiflis kimi. Bura durmadan ax\u0131\u015fan qa\u00e7q\u0131nlar (Az\u0259rbaycandan, \u0130randan, Suriyadan Tiflis\u0259 qa\u00e7an kimi) Kasablankada oturub viza g\u00f6zl\u0259yir. Kiminin i\u015fi tez d\u00fcz\u0259lir, kiminin i\u015fi ill\u0259rdir ki, davam edir. \u018fll\u0259rind\u0259 \u00e7oxlu pul olanlar viza, ke\u00e7id s\u0259n\u0259di alver\u00e7il\u0259rin\u0259 \u00fcz tutur. G\u00f6zl\u0259y\u0259nl\u0259r ax\u015famlar kafey\u0259 y\u0131\u011f\u0131\u015f\u0131r, \u015f\u0259nl\u0259nir, b\u0259zil\u0259ri viza pulunu d\u00fcz\u0259ltm\u0259k \u00fc\u015f\u00fcn qumara qur\u015fan\u0131r, b\u0259zil\u0259ri depressiyaya d\u00fc\u015f\u00fcr.\n<\/p>\n<p>\n  B\u00fct\u00fcn bunlar nec\u0259 d\u0259 Tiflisd\u0259ki h\u0259yat\u0131m\u0131za ox\u015fay\u0131r&#8230;\n<\/p>\n<p>\n  Amma Kasablanka n\u0259 q\u0259d\u0259r h\u0259l\u0259 Azad Fransan\u0131n \u0259razisi olsa da, yerli r\u0259hb\u0259rlik fa\u015fistl\u0259rd\u0259n \u00e7\u0259kinir v\u0259 h\u0259lledici m\u0259s\u0259l\u0259l\u0259rd\u0259 onlar\u0131n \u0259mrini yerin\u0259 yetirir. Bu \u0259mrl\u0259r aras\u0131nda b\u0259z\u0259n kim\u0259s\u0259 \u00e7\u0131x\u0131\u015f vizas\u0131n\u0131n verilib-verilm\u0259m\u0259si bar\u0259d\u0259 g\u00f6st\u0259ri\u015fl\u0259r d\u0259 olur. M\u0259s\u0259l\u0259n, \u00e7ex azadl\u0131q h\u0259r\u0259kat\u0131n\u0131n lideri, burdan Amerikaya getm\u0259y\u0259 can atan Viktor Lasla da var. Fa\u015fistl\u0259rin Kasablankan\u0131n yerli hakimiyy\u0259tind\u0259n bir t\u0259l\u0259bi var. Viktor Lasla Kasablankadan \u00e7\u0131xmamal\u0131d\u0131r.\n<\/p>\n<p>\n  Filmin s\u00fcjetini tam yazmayacam. Maraqlananlar tap\u0131b baxs\u0131nlar. He\u00e7 n\u0259 itirm\u0259zl\u0259r, Kasablanka Hollivud tarixind\u0259 \u0259n bax\u0131lan, \u0259n sevil\u0259n filml\u0259rd\u0259n biri hesab olunur. V\u0259 m\u00f6vzu, \u00fcmumiyy\u0259tl\u0259, filmin t\u0259siri deyil. Situasiyalar\u0131n b\u0259z\u0259n detallar\u0131na q\u0259d\u0259r ox\u015farl\u0131\u011f\u0131d\u0131r. Son iki ili Tiflisd\u0259, Az\u0259rbaycan hakimiyy\u0259tind\u0259n \u00e7\u0259kin\u0259n, onlar\u0131n q\u0259z\u0259bin\u0259 tu\u015f g\u0259lm\u0259yi he\u00e7 ist\u0259m\u0259y\u0259n G\u00fcrc\u00fcstan h\u00f6kum\u0259tinin m\u00fcnasib\u0259tini g\u00f6r\u0259nd\u0259, yar\u0131m \u0259srd\u0259n \u00e7ox ke\u00e7mi\u015fd\u0259ki hadis\u0259l\u0259ri \u0259ks etdir\u0259n flmin mesajlar\u0131n\u0131n\u0131 nec\u0259 q\u00fcvv\u0259d\u0259 qald\u0131\u011f\u0131n\u0131 anlad\u0131m.\n<\/p>\n<p>\n  O zamandan b\u0259ri n\u0259 q\u0259d\u0259r k\u0259\u015ffl\u0259r olub. N\u0259 q\u0259d\u0259r d\u00f6vl\u0259tl\u0259rin \u0259razil\u0259rind\u0259n tutumu\u015f hakimiyy\u0259tl\u0259rin\u0259, siyasi sisteml\u0259rin\u0259 q\u0259d\u0259r h\u0259r \u015feyi d\u0259yi\u015fib. N\u0259 q\u0259d\u0259r s\u0259rh\u0259dl\u0259r, divarlar y\u0131x\u0131l\u0131b. D\u00f6vl\u0259tl\u0259r l\u0259\u011fv olunub, internet \u0259sri g\u0259lib \u00e7at\u0131b. B\u0259\u015f\u0259riyy\u0259tin d\u0259y\u0259rl\u0259rind\u0259 n\u0259 q\u0259d\u0259r \u015feyl\u0259r d\u0259yi\u015fib. Amma \u00f6z \u00f6lk\u0259l\u0259rind\u0259n bir sistemin did\u0259rgin sald\u0131\u011f\u0131 insanlar indi qon\u015fu \u00f6lk\u0259d\u0259, ba\u015fqa bayra\u011f\u0131n alt\u0131nda altm\u0131\u015f il \u0259vv\u0259lki qa\u00e7q\u0131nlar\u0131n talel\u0259rini ya\u015fay\u0131r.\n<\/p>\n<p>\n  \u00c7\u00fcnki G\u00fcrc\u00fcstan da az\u0259rbaycanl\u0131 dissidentl\u0259r\u0259 v\u0259t\u0259nda\u015fl\u0131q vermir \u2013 qanunla deyil, \u00f6lk\u0259l\u0259r aras\u0131ndak\u0131 qeyri-formal anla\u015fmaya g\u00f6r\u0259 qada\u011fand\u0131r. G\u00fcrc\u00fcstan az\u0259rbaycanl\u0131 dissidentl\u0259r\u0259 i\u015f oturumu vermir (bu il Tiflisd\u0259 \u00fc\u00e7 m\u00fcxalif\u0259t\u00e7i i\u015f oturumu \u00fc\u00e7\u00fcn m\u00fcraci\u0259tin\u0259 &#8220;T\u0259hl\u00fck\u0259sizlik s\u0259b\u0259bind\u0259n siz\u0259 oturum ver\u0259 bilm\u0259rik!&#8221; yaz\u0131lm\u0131\u015f imtina ka\u011f\u0131z\u0131 ald\u0131 v\u0259 oturumu bit\u0259n m\u00fcxalif\u0259t\u00e7il\u0259rin d\u0259 onu uzatmaqla ba\u011fl\u0131 he\u00e7 bir \u00fcmidi yoxdur)\u2013 bununla da burdak\u0131 az\u0259rbaycanl\u0131lar\u0131 Avropa \u00f6lk\u0259l\u0259rin\u0259 viza almaqdan m\u0259hrum edir. \u00c7\u00fcnki qanunla ba\u015fqa bir \u00f6lk\u0259d\u0259n viza almaq \u00fc\u00e7\u00fcn m\u00fcraci\u0259t ed\u0259n xarici v\u0259t\u0259nda\u015f\u0131n yerl\u0259\u015fdiyi \u00f6lk\u0259d\u0259 oturum kart\u0131 olmal\u0131d\u0131r.\n<\/p>\n<p>\n  H\u0259m\u00e7inin, G\u00fcrc\u00fcstan az\u0259rbaycanl\u0131 qa\u00e7q\u0131nlara m\u00fcraci\u0259t etdikl\u0259ri halda qa\u00e7q\u0131n statusu da vermir \u2013 r\u0259smi cavablar bunun G\u00fcrc\u00fcstan d\u00f6vl\u0259tinin maraqlar\u0131na uy\u011fun olmad\u0131\u011f\u0131n\u0131 a\u00e7\u0131q deyir. Bununla bel\u0259, apellyasiya m\u0259hk\u0259m\u0259l\u0259ri d\u0259 imtinan\u0131n qanuni oldu\u011funu dey\u0259n q\u0259rarlar vermir. \u00c7\u00fcnki bel\u0259 halda qa\u00e7q\u0131nlar qanunla burda Avropa \u00f6lk\u0259l\u0259rind\u0259n humanitar viza ala bil\u0259rl\u0259r. M\u0259hk\u0259m\u0259l\u0259r cavablar\u0131 ill\u0259rl\u0259 uzatmaqla, onlar\u0131 bu imkandan m\u0259hrum edir. Adam\u0131n \u0259s\u0259bl\u0259rini tar\u0131ma \u00e7\u0259k\u0259n bu \u0259zabl\u0131 prosesi haz\u0131rda iki soyda\u015f\u0131m\u0131z ya\u015fay\u0131r.\n<\/p>\n<p>\n  V\u0259t\u0259nda\u015fl\u0131q vermir, status vermir, i\u015f oturumu vermir, Avropadan viza almaq \u00fc\u00e7\u00fcn laz\u0131mi imkanlardan m\u0259hrum edir. B\u00fct\u00fcn bunlar adama nec\u0259 d\u0259 fa\u015fistl\u0259rin Kasablankan\u0131n yerli h\u00f6kum\u0259tin\u0259 &#8220;Viktor Lasla Kasablankada qalmal\u0131d\u0131r!&#8221; \u0259mrini xat\u0131rlad\u0131r.\n<\/p>\n<p>\n  G\u00fcrc\u00fcstanda az\u0259rbaycanl\u0131 qa\u00e7q\u0131nlar Kasablankadak\u0131 qa\u00e7q\u0131nlar kimi n\u0259zar\u0259t alt\u0131ndad\u0131r. B\u00fct\u00fcn \u015f\u0259rtl\u0259rin bel\u0259 ox\u015farl\u0131\u011f\u0131ndan sonra bu \u0259zabl\u0131 prosedurlar\u0131 ya\u015fayan insanlar\u0131n davran\u0131\u015flar\u0131n\u0131, m\u0259n\u0259vi-psixoloji v\u0259ziyy\u0259tini t\u0259s\u0259vv\u00fcr etm\u0259k \u00e7\u0259tin deyil. D\u00fcnyan\u0131n h\u0259r yerind\u0259 v\u0259 b\u00fct\u00fcn zamanlarda, \u00e7\u0131x\u0131lmazl\u0131\u011fa d\u00fc\u015f\u0259n insanlar\u0131n davran\u0131\u015f\u0131, m\u0259n\u0259vi hal\u0131 eynidir.\n<\/p>\n<p>\n  Amma indi bir qrup did\u0259rgin insana qar\u015f\u0131 \u0259l-\u0259l\u0259 verib birl\u0259\u015fmi\u015f iki \u00f6lk\u0259, iki siyasi sistem anlamal\u0131d\u0131r ki, d\u00fcnyan\u0131n h\u0259r yerind\u0259 v\u0259 b\u00fct\u00fcn zamanlarda yax\u015f\u0131 insanlar da eynidir. Onlar\u0131n tapd\u0131qlar\u0131 \u00e7\u0131x\u0131\u015f yollar\u0131, el\u0259dikl\u0259ri yax\u015f\u0131l\u0131qlar da eynidir. D\u00fcnyan\u0131n b\u00fct\u00fcn yerl\u0259rind\u0259 v\u0259 b\u00fct\u00fcn zamanlarda \u00fcmid d\u0259 eynidir v\u0259 o \u00fcmid \u0259n \u00e7ox ona ehtiyac\u0131 olanlar\u0131n qap\u0131s\u0131n\u0131 d\u00f6y\u00fcr.\n<\/p>\n<p>\n  <i><br \/>\n    <b><br \/>\n      Yaz\u0131 m\u00fc\u0259llifin fikirl\u0259rini \u0259ks etdirir v\u0259 Meydan TV-nin m\u00f6vqeyi il\u0259 \u00fcst-\u00fcst\u0259 d\u00fc\u015fm\u0259y\u0259 bil\u0259r.<br \/>\n    <\/b><br \/>\n  <\/i><\/p>\n","protected":false},"excerpt":{"rendered":"<p>Kino\u015f\u00fcnas Ayg\u00fcn Aslanovan\u0131n \u0130ngrid Berqman bar\u0259d\u0259 yaz\u0131s\u0131n\u0131 oxuyanda, kino\u015f\u00fcnas xan\u0131m\u0131n yaz\u0131da ad\u0131n\u0131 \u00e7\u0259kdiyi filml\u0259rd\u0259n n\u0259d\u0259ns\u0259 m\u0259hz &#8220;Kasablanka&#8221;ya baxmaq ist\u0259dim<\/p>\n","protected":false},"author":11,"featured_media":67667,"comment_status":"closed","ping_status":"open","sticky":false,"template":"","format":"standard","meta":{"_acf_changed":false,"_sitemap_exclude":false,"_sitemap_priority":"","_sitemap_frequency":"","footnotes":""},"categories":[57],"tags":[],"class_list":["post-179825","post","type-post","status-publish","format-standard","has-post-thumbnail","hentry","category-menim-fikrimce","infinite-scroll-item","generate-columns","tablet-grid-50","mobile-grid-100","grid-parent","grid-33","no-featured-image-padding"],"acf":[],"yoast_head":"<!-- This site is optimized with the Yoast SEO plugin v27.5 - https:\/\/yoast.com\/product\/yoast-seo-wordpress\/ -->\n<title>Tiflis \u2013 Kasablanka - MEYDAN.TV<\/title>\n<meta name=\"robots\" content=\"index, follow, max-snippet:-1, max-image-preview:large, max-video-preview:-1\" \/>\n<link rel=\"canonical\" href=\"https:\/\/www.meydan.tv\/az\/article\/tiflis-kasablanka\/\" \/>\n<meta property=\"og:locale\" content=\"az_AZ\" \/>\n<meta property=\"og:type\" content=\"article\" \/>\n<meta property=\"og:title\" content=\"Tiflis \u2013 Kasablanka - MEYDAN.TV\" \/>\n<meta property=\"og:description\" content=\"Kino\u015f\u00fcnas Ayg\u00fcn Aslanovan\u0131n \u0130ngrid Berqman bar\u0259d\u0259 yaz\u0131s\u0131n\u0131 oxuyanda, kino\u015f\u00fcnas xan\u0131m\u0131n yaz\u0131da ad\u0131n\u0131 \u00e7\u0259kdiyi filml\u0259rd\u0259n n\u0259d\u0259ns\u0259 m\u0259hz &quot;Kasablanka&quot;ya baxmaq ist\u0259dim\" \/>\n<meta property=\"og:url\" content=\"https:\/\/www.meydan.tv\/az\/article\/tiflis-kasablanka\/\" \/>\n<meta property=\"og:site_name\" content=\"MEYDAN.TV\" \/>\n<meta property=\"article:published_time\" content=\"2016-10-23T19:06:41+00:00\" \/>\n<meta property=\"og:image\" content=\"https:\/\/www.meydan.tv\/wp-content\/uploads\/25855.jpg\" \/>\n\t<meta property=\"og:image:width\" content=\"500\" \/>\n\t<meta property=\"og:image:height\" content=\"500\" \/>\n\t<meta property=\"og:image:type\" content=\"image\/jpeg\" \/>\n<meta name=\"author\" content=\"user-manager\" \/>\n<meta name=\"twitter:card\" content=\"summary_large_image\" \/>\n<script type=\"application\/ld+json\" class=\"yoast-schema-graph\">{\"@context\":\"https:\\\/\\\/schema.org\",\"@graph\":[{\"@type\":\"Article\",\"@id\":\"https:\\\/\\\/www.meydan.tv\\\/az\\\/article\\\/tiflis-kasablanka\\\/#article\",\"isPartOf\":{\"@id\":\"https:\\\/\\\/www.meydan.tv\\\/az\\\/article\\\/tiflis-kasablanka\\\/\"},\"author\":{\"name\":\"user-manager\",\"@id\":\"https:\\\/\\\/www.meydan.tv\\\/az\\\/#\\\/schema\\\/person\\\/10d11eccf6da3662cf5fdab9806ea91a\"},\"headline\":\"Tiflis \u2013 Kasablanka\",\"datePublished\":\"2016-10-23T19:06:41+00:00\",\"mainEntityOfPage\":{\"@id\":\"https:\\\/\\\/www.meydan.tv\\\/az\\\/article\\\/tiflis-kasablanka\\\/\"},\"wordCount\":1216,\"publisher\":{\"@id\":\"https:\\\/\\\/www.meydan.tv\\\/az\\\/#organization\"},\"image\":{\"@id\":\"https:\\\/\\\/www.meydan.tv\\\/az\\\/article\\\/tiflis-kasablanka\\\/#primaryimage\"},\"thumbnailUrl\":\"https:\\\/\\\/www.meydan.tv\\\/wp-content\\\/uploads\\\/25855.jpg\",\"articleSection\":[\"M\u0259nim Fikrimc\u0259\"],\"inLanguage\":\"az\"},{\"@type\":\"WebPage\",\"@id\":\"https:\\\/\\\/www.meydan.tv\\\/az\\\/article\\\/tiflis-kasablanka\\\/\",\"url\":\"https:\\\/\\\/www.meydan.tv\\\/az\\\/article\\\/tiflis-kasablanka\\\/\",\"name\":\"Tiflis \u2013 Kasablanka - MEYDAN.TV\",\"isPartOf\":{\"@id\":\"https:\\\/\\\/www.meydan.tv\\\/az\\\/#website\"},\"primaryImageOfPage\":{\"@id\":\"https:\\\/\\\/www.meydan.tv\\\/az\\\/article\\\/tiflis-kasablanka\\\/#primaryimage\"},\"image\":{\"@id\":\"https:\\\/\\\/www.meydan.tv\\\/az\\\/article\\\/tiflis-kasablanka\\\/#primaryimage\"},\"thumbnailUrl\":\"https:\\\/\\\/www.meydan.tv\\\/wp-content\\\/uploads\\\/25855.jpg\",\"datePublished\":\"2016-10-23T19:06:41+00:00\",\"breadcrumb\":{\"@id\":\"https:\\\/\\\/www.meydan.tv\\\/az\\\/article\\\/tiflis-kasablanka\\\/#breadcrumb\"},\"inLanguage\":\"az\",\"potentialAction\":[{\"@type\":\"ReadAction\",\"target\":[\"https:\\\/\\\/www.meydan.tv\\\/az\\\/article\\\/tiflis-kasablanka\\\/\"]}]},{\"@type\":\"ImageObject\",\"inLanguage\":\"az\",\"@id\":\"https:\\\/\\\/www.meydan.tv\\\/az\\\/article\\\/tiflis-kasablanka\\\/#primaryimage\",\"url\":\"https:\\\/\\\/www.meydan.tv\\\/wp-content\\\/uploads\\\/25855.jpg\",\"contentUrl\":\"https:\\\/\\\/www.meydan.tv\\\/wp-content\\\/uploads\\\/25855.jpg\",\"width\":500,\"height\":500,\"caption\":\"Source:\"},{\"@type\":\"BreadcrumbList\",\"@id\":\"https:\\\/\\\/www.meydan.tv\\\/az\\\/article\\\/tiflis-kasablanka\\\/#breadcrumb\",\"itemListElement\":[{\"@type\":\"ListItem\",\"position\":1,\"name\":\"Ana s\u0259hif\u0259\",\"item\":\"https:\\\/\\\/www.meydan.tv\\\/az\\\/\"},{\"@type\":\"ListItem\",\"position\":2,\"name\":\"M\u0259nim Fikrimc\u0259\",\"item\":\"https:\\\/\\\/www.meydan.tv\\\/az\\\/section\\\/menim-fikrimce\\\/\"},{\"@type\":\"ListItem\",\"position\":3,\"name\":\"Tiflis \u2013 Kasablanka\"}]},{\"@type\":\"WebSite\",\"@id\":\"https:\\\/\\\/www.meydan.tv\\\/az\\\/#website\",\"url\":\"https:\\\/\\\/www.meydan.tv\\\/az\\\/\",\"name\":\"MEYDAN.TV\",\"description\":\"Meydan TV Az\u0259rbaycan\u0131n media m\u0259kan\u0131ndak\u0131 alternativ s\u0259sidir\",\"publisher\":{\"@id\":\"https:\\\/\\\/www.meydan.tv\\\/az\\\/#organization\"},\"potentialAction\":[{\"@type\":\"SearchAction\",\"target\":{\"@type\":\"EntryPoint\",\"urlTemplate\":\"https:\\\/\\\/www.meydan.tv\\\/az\\\/?s={search_term_string}\"},\"query-input\":{\"@type\":\"PropertyValueSpecification\",\"valueRequired\":true,\"valueName\":\"search_term_string\"}}],\"inLanguage\":\"az\"},{\"@type\":\"Organization\",\"@id\":\"https:\\\/\\\/www.meydan.tv\\\/az\\\/#organization\",\"name\":\"Meydan TV\",\"url\":\"https:\\\/\\\/www.meydan.tv\\\/az\\\/\",\"logo\":{\"@type\":\"ImageObject\",\"inLanguage\":\"az\",\"@id\":\"https:\\\/\\\/www.meydan.tv\\\/az\\\/#\\\/schema\\\/logo\\\/image\\\/\",\"url\":\"https:\\\/\\\/www.meydan.tv\\\/wp-content\\\/uploads\\\/2021\\\/07\\\/meydan-logo.svg\",\"contentUrl\":\"https:\\\/\\\/www.meydan.tv\\\/wp-content\\\/uploads\\\/2021\\\/07\\\/meydan-logo.svg\",\"width\":195,\"height\":46,\"caption\":\"Meydan TV\"},\"image\":{\"@id\":\"https:\\\/\\\/www.meydan.tv\\\/az\\\/#\\\/schema\\\/logo\\\/image\\\/\"}},{\"@type\":\"Person\",\"@id\":\"https:\\\/\\\/www.meydan.tv\\\/az\\\/#\\\/schema\\\/person\\\/10d11eccf6da3662cf5fdab9806ea91a\",\"name\":\"user-manager\"}]}<\/script>\n<!-- \/ Yoast SEO plugin. -->","yoast_head_json":{"title":"Tiflis \u2013 Kasablanka - MEYDAN.TV","robots":{"index":"index","follow":"follow","max-snippet":"max-snippet:-1","max-image-preview":"max-image-preview:large","max-video-preview":"max-video-preview:-1"},"canonical":"https:\/\/www.meydan.tv\/az\/article\/tiflis-kasablanka\/","og_locale":"az_AZ","og_type":"article","og_title":"Tiflis \u2013 Kasablanka - MEYDAN.TV","og_description":"Kino\u015f\u00fcnas Ayg\u00fcn Aslanovan\u0131n \u0130ngrid Berqman bar\u0259d\u0259 yaz\u0131s\u0131n\u0131 oxuyanda, kino\u015f\u00fcnas xan\u0131m\u0131n yaz\u0131da ad\u0131n\u0131 \u00e7\u0259kdiyi filml\u0259rd\u0259n n\u0259d\u0259ns\u0259 m\u0259hz \"Kasablanka\"ya baxmaq ist\u0259dim","og_url":"https:\/\/www.meydan.tv\/az\/article\/tiflis-kasablanka\/","og_site_name":"MEYDAN.TV","article_published_time":"2016-10-23T19:06:41+00:00","og_image":[{"width":500,"height":500,"url":"https:\/\/www.meydan.tv\/wp-content\/uploads\/25855.jpg","type":"image\/jpeg"}],"author":"user-manager","twitter_card":"summary_large_image","schema":{"@context":"https:\/\/schema.org","@graph":[{"@type":"Article","@id":"https:\/\/www.meydan.tv\/az\/article\/tiflis-kasablanka\/#article","isPartOf":{"@id":"https:\/\/www.meydan.tv\/az\/article\/tiflis-kasablanka\/"},"author":{"name":"user-manager","@id":"https:\/\/www.meydan.tv\/az\/#\/schema\/person\/10d11eccf6da3662cf5fdab9806ea91a"},"headline":"Tiflis \u2013 Kasablanka","datePublished":"2016-10-23T19:06:41+00:00","mainEntityOfPage":{"@id":"https:\/\/www.meydan.tv\/az\/article\/tiflis-kasablanka\/"},"wordCount":1216,"publisher":{"@id":"https:\/\/www.meydan.tv\/az\/#organization"},"image":{"@id":"https:\/\/www.meydan.tv\/az\/article\/tiflis-kasablanka\/#primaryimage"},"thumbnailUrl":"https:\/\/www.meydan.tv\/wp-content\/uploads\/25855.jpg","articleSection":["M\u0259nim Fikrimc\u0259"],"inLanguage":"az"},{"@type":"WebPage","@id":"https:\/\/www.meydan.tv\/az\/article\/tiflis-kasablanka\/","url":"https:\/\/www.meydan.tv\/az\/article\/tiflis-kasablanka\/","name":"Tiflis \u2013 Kasablanka - MEYDAN.TV","isPartOf":{"@id":"https:\/\/www.meydan.tv\/az\/#website"},"primaryImageOfPage":{"@id":"https:\/\/www.meydan.tv\/az\/article\/tiflis-kasablanka\/#primaryimage"},"image":{"@id":"https:\/\/www.meydan.tv\/az\/article\/tiflis-kasablanka\/#primaryimage"},"thumbnailUrl":"https:\/\/www.meydan.tv\/wp-content\/uploads\/25855.jpg","datePublished":"2016-10-23T19:06:41+00:00","breadcrumb":{"@id":"https:\/\/www.meydan.tv\/az\/article\/tiflis-kasablanka\/#breadcrumb"},"inLanguage":"az","potentialAction":[{"@type":"ReadAction","target":["https:\/\/www.meydan.tv\/az\/article\/tiflis-kasablanka\/"]}]},{"@type":"ImageObject","inLanguage":"az","@id":"https:\/\/www.meydan.tv\/az\/article\/tiflis-kasablanka\/#primaryimage","url":"https:\/\/www.meydan.tv\/wp-content\/uploads\/25855.jpg","contentUrl":"https:\/\/www.meydan.tv\/wp-content\/uploads\/25855.jpg","width":500,"height":500,"caption":"Source:"},{"@type":"BreadcrumbList","@id":"https:\/\/www.meydan.tv\/az\/article\/tiflis-kasablanka\/#breadcrumb","itemListElement":[{"@type":"ListItem","position":1,"name":"Ana s\u0259hif\u0259","item":"https:\/\/www.meydan.tv\/az\/"},{"@type":"ListItem","position":2,"name":"M\u0259nim Fikrimc\u0259","item":"https:\/\/www.meydan.tv\/az\/section\/menim-fikrimce\/"},{"@type":"ListItem","position":3,"name":"Tiflis \u2013 Kasablanka"}]},{"@type":"WebSite","@id":"https:\/\/www.meydan.tv\/az\/#website","url":"https:\/\/www.meydan.tv\/az\/","name":"MEYDAN.TV","description":"Meydan TV Az\u0259rbaycan\u0131n media m\u0259kan\u0131ndak\u0131 alternativ s\u0259sidir","publisher":{"@id":"https:\/\/www.meydan.tv\/az\/#organization"},"potentialAction":[{"@type":"SearchAction","target":{"@type":"EntryPoint","urlTemplate":"https:\/\/www.meydan.tv\/az\/?s={search_term_string}"},"query-input":{"@type":"PropertyValueSpecification","valueRequired":true,"valueName":"search_term_string"}}],"inLanguage":"az"},{"@type":"Organization","@id":"https:\/\/www.meydan.tv\/az\/#organization","name":"Meydan TV","url":"https:\/\/www.meydan.tv\/az\/","logo":{"@type":"ImageObject","inLanguage":"az","@id":"https:\/\/www.meydan.tv\/az\/#\/schema\/logo\/image\/","url":"https:\/\/www.meydan.tv\/wp-content\/uploads\/2021\/07\/meydan-logo.svg","contentUrl":"https:\/\/www.meydan.tv\/wp-content\/uploads\/2021\/07\/meydan-logo.svg","width":195,"height":46,"caption":"Meydan TV"},"image":{"@id":"https:\/\/www.meydan.tv\/az\/#\/schema\/logo\/image\/"}},{"@type":"Person","@id":"https:\/\/www.meydan.tv\/az\/#\/schema\/person\/10d11eccf6da3662cf5fdab9806ea91a","name":"user-manager"}]}},"_links":{"self":[{"href":"https:\/\/www.meydan.tv\/az\/wp-json\/wp\/v2\/posts\/179825","targetHints":{"allow":["GET"]}}],"collection":[{"href":"https:\/\/www.meydan.tv\/az\/wp-json\/wp\/v2\/posts"}],"about":[{"href":"https:\/\/www.meydan.tv\/az\/wp-json\/wp\/v2\/types\/post"}],"author":[{"embeddable":true,"href":"https:\/\/www.meydan.tv\/az\/wp-json\/wp\/v2\/users\/11"}],"replies":[{"embeddable":true,"href":"https:\/\/www.meydan.tv\/az\/wp-json\/wp\/v2\/comments?post=179825"}],"version-history":[{"count":0,"href":"https:\/\/www.meydan.tv\/az\/wp-json\/wp\/v2\/posts\/179825\/revisions"}],"wp:featuredmedia":[{"embeddable":true,"href":"https:\/\/www.meydan.tv\/az\/wp-json\/wp\/v2\/media\/67667"}],"wp:attachment":[{"href":"https:\/\/www.meydan.tv\/az\/wp-json\/wp\/v2\/media?parent=179825"}],"wp:term":[{"taxonomy":"category","embeddable":true,"href":"https:\/\/www.meydan.tv\/az\/wp-json\/wp\/v2\/categories?post=179825"},{"taxonomy":"post_tag","embeddable":true,"href":"https:\/\/www.meydan.tv\/az\/wp-json\/wp\/v2\/tags?post=179825"}],"curies":[{"name":"wp","href":"https:\/\/api.w.org\/{rel}","templated":true}]}}