{"id":179816,"date":"2016-10-22T23:00:09","date_gmt":"2016-10-22T23:00:09","guid":{"rendered":"https:\/\/www.meydan.tv\/article\/davamli-manevrler-veziyyeti-duzeltdirik-blefi-qenaetini-yaradir\/"},"modified":"2016-10-22T23:00:09","modified_gmt":"2016-10-22T23:00:09","slug":"davamli-manevrler-veziyyeti-duzeltdirik-blefi-qenaetini-yaradir","status":"publish","type":"post","link":"https:\/\/www.meydan.tv\/az\/article\/davamli-manevrler-veziyyeti-duzeltdirik-blefi-qenaetini-yaradir\/","title":{"rendered":"&#8221;Davaml\u0131 manevrl\u0259r &#8221;v\u0259ziyy\u0259ti d\u00fcz\u0259ltdirik&#8221; blefi q\u0259na\u0259tini yarad\u0131r&#8221;"},"content":{"rendered":"<figure class=\"wp-block-image size-large\">\n  <img decoding=\"async\" src=\"https:\/\/www.meydan.tv\/az\/71145\/\" alt=\"\" class=\"wp-image-71145\"\/><figcaption><\/figcaption><\/figure>\n<p>\n  <i><br \/>\n    Akif Qurbanov: &#8221;Bu hakmiyy\u0259t\u0259 legal imkan yarad\u0131r ki, arzulamad\u0131\u011f\u0131 m\u00f6vzu v\u0259 t\u0259\u015fkilatlar\u0131 &#8211; demokratiya v\u0259 insan haqlar\u0131na dair qrant\u0131 m\u0259qs\u0259d\u0259m\u00fcvafiq hesab etm\u0259sin&#8221;<br \/>\n  <\/i>\n<\/p>\n<p>\n  Prezident \u0130lham \u018fliyev &#8220;Xarici donorlar t\u0259r\u0259find\u0259n Az\u0259rbaycan Respublikas\u0131n\u0131n \u0259razisind\u0259 qrantlar\u0131n verilm\u0259si prosedurunda \u201cbir p\u0259nc\u0259r\u0259\u201d prinsipinin t\u0259tbiqi haqq\u0131nda&#8221;F\u0259rman imzalay\u0131b.\n<\/p>\n<p>\n  F\u0259rman\u0131 Demokratik T\u0259\u015f\u0259bb\u00fcsl\u0259r \u0130nstitutunun r\u0259hb\u0259ri Akif Qurbanov \u00f6z &#8220;Facebook&#8221; s\u0259hif\u0259sind\u0259 \u015f\u0259rh edib: &#8220;Az\u0259rbaycan Respublikas\u0131n\u0131n Nazirl\u0259r Kabineti: 3.1. qrant\u0131n maliyy\u0259-iqtisadi m\u0259qs\u0259d\u0259m\u00fcvafiqliyin\u0259 dair r\u0259yin \u0259ld\u0259 edilm\u0259si prosedurunun sad\u0259l\u0259\u015fdirilm\u0259sini, o c\u00fcml\u0259d\u0259n onun h\u0259m xarici donor, h\u0259m d\u0259 resipiyentin m\u00fcraci\u0259ti \u0259sas\u0131nda h\u0259yata ke\u00e7irilm\u0259sini t\u0259min etsin;&#8221; b\u0259ndi ayd\u0131n ifad\u0259 edir ki, he\u00e7 n\u0259 d\u0259yi\u015fmir. Y\u0259ni problem &#8220;qrant\u0131n maliyy\u0259-iqtisadi m\u0259qs\u0259d\u0259m\u00fcvafiqliyin\u0259 dair r\u0259yin&#8221; \u0259ld\u0259 edilm\u0259si prosedurunun \u00e7\u0259tin v\u0259 ya sad\u0259 olmas\u0131nda deyil. Problem bel\u0259 bir r\u0259yin verilm\u0259sind\u0259dir. N\u0259 f\u0259rqi var- r\u0259y sad\u0259 prosedurla verilir, ya \u00e7\u0259tin?! \u018fsas odur ki, r\u0259y m\u0259s\u0259l\u0259si olmamal\u0131d\u0131r. Y\u0259ni bu hakimiyy\u0259t\u0259 legal imkan yarad\u0131r ki, arzulamad\u0131\u011f\u0131 m\u00f6vzu v\u0259 t\u0259\u015fkilatlar\u0131 &#8211; demokratiya v\u0259 insan haqlar\u0131na dair qrant\u0131 m\u0259qs\u0259d\u0259m\u00fcvafiq hesab etm\u0259sin. Ona m\u0259nfi r\u0259y ver\u0259c\u0259k h\u0259r zaman.\n<\/p>\n<p>\n  Dig\u0259r t\u0259r\u0259fd\u0259n, bu m\u0259s\u0259l\u0259l\u0259ri t\u0259nziml\u0259y\u0259n \u0259sas \u00fcst\u00fcn h\u00fcquqi s\u0259n\u0259d &#8220;Qrant haqq\u0131nda&#8221; qanundur. Qaydalar is\u0259 onun icras\u0131 il\u0259 ba\u011fl\u0131d\u0131r. \u0130ndi qanun d\u0259yi\u015fm\u0259diyi halda, m\u00fcrt\u0259ce m\u00fcdd\u0259alar m\u00f6vcud oldu\u011fu halda nec\u0259 v\u0259ziyy\u0259tin ir\u0259lil\u0259m\u0259sind\u0259n s\u00f6hb\u0259t ged\u0259 bil\u0259r?!&#8221;\n<\/p>\n<p>\n  Akif Qurbanov 2005-ci il Parlamebt se\u00e7kisi il\u0259 m\u00fcqayis\u0259 apar\u0131r:\n<\/p>\n<p>\n  &#8220;Bu, h\u0259m d\u0259 bilirsiniz n\u0259y\u0259 ox\u015fay\u0131r: 2005-ci il Parlament se\u00e7kil\u0259rind\u0259 Se\u00e7ki M\u0259c\u0259ll\u0259si h\u0259r bir m\u0259s\u0259l\u0259ni t\u0259nziml\u0259diyi halda Prezident demokratik se\u00e7ki praktikas\u0131na dair 2 s\u0259r\u0259ncam verdi. Yax\u015f\u0131 xat\u0131rlayars\u0131n\u0131z 2005 se\u00e7kil\u0259ri nec\u0259 ke\u00e7di.\n<\/p>\n<p>\n  \u018fg\u0259r h\u0259qiq\u0259t\u0259n v\u0259ziyy\u0259ti d\u00fcz\u0259ltm\u0259k ist\u0259yirl\u0259rs\u0259:\n<\/p>\n<p>\n  <i><br \/>\n    1. QHT qanunvericiliyi tamamil\u0259 d\u0259yi\u015fm\u0259lidir.<br \/>\n  <\/i>\n<\/p>\n<p>\n  <i><br \/>\n    2. Qrant haqq\u0131nda qanun d\u0259yi\u015fm\u0259lidir.<br \/>\n  <\/i>\n<\/p>\n<p>\n  <i><br \/>\n    3. Birl\u0259\u015fm\u0259 v\u0259 topla\u015fma azadl\u0131\u011f\u0131 t\u0259min edilm\u0259lidir.<br \/>\n  <\/i>\n<\/p>\n<p>\n  <i><br \/>\n    4. V\u0259t\u0259nda\u015f c\u0259miyy\u0259ti n\u00fcmay\u0259nd\u0259l\u0259rin\u0259 qar\u015f\u0131 m\u00fcnasib\u0259tin \u00f6z\u00fc d\u0259yi\u015fm\u0259lidir:<br \/>\n  <\/i>\n<\/p>\n<p>\n  <i><br \/>\n    &#8211; t\u0259zyiql\u0259r aradan qald\u0131r\u0131lmal\u0131,<br \/>\n  <\/i>\n<\/p>\n<p>\n  <i><br \/>\n    &#8211; \u00f6lk\u0259d\u0259n \u00e7\u0131x\u0131\u015fa qoyulan stop v\u0259 biyab\u0131r\u00e7\u0131 yoxlamalar aradan qald\u0131r\u0131lmal\u0131d\u0131r.<br \/>\n  <\/i>\n<\/p>\n<p>\n  <i><br \/>\n    &#8211; d\u00f6vl\u0259t ba\u015f\u00e7\u0131s\u0131 ba\u015fda olmaqla m\u0259murlar onlara &#8220;5-ci kalon&#8221; ritorikas\u0131 il\u0259 yox \u00f6lk\u0259nin probleml\u0259rinin h\u0259llind\u0259 t\u0259r\u0259fda\u015f kimi baxmal\u0131d\u0131r.<br \/>\n  <\/i><br \/>\n  <br \/>\n  <i><br \/>\n    &#8230; v\u0259 s.<br \/>\n  <\/i>\n<\/p>\n<p>\n  T\u0259\u0259ss\u00fcf ki, davaml\u0131 manevrl\u0259r bunun sad\u0259c\u0259 25 oktyabrda Astanada EITI \u0130dar\u0259 Hey\u0259tinin Az\u0259rbaycan\u0131n statusunu m\u00fczakir\u0259 etm\u0259si \u00f6nc\u0259si &#8220;v\u0259ziyy\u0259ti d\u00fcz\u0259ltdirik&#8221; blefind\u0259n ba\u015fqa bir \u015fey olmad\u0131\u011f\u0131 q\u0259na\u0259tini formala\u015fd\u0131r\u0131r&#8221;.<\/p>\n","protected":false},"excerpt":{"rendered":"<p>Akif Qurbanov: &#8221;Bu hakmiyy\u0259t\u0259 legal imkan yarad\u0131r ki, arzulamad\u0131\u011f\u0131 m\u00f6vzu v\u0259 t\u0259\u015fkilatlar\u0131 &#8211; demokratiya v\u0259 insan haqlar\u0131na dair qrant\u0131 m\u0259qs\u0259d\u0259m\u00fcvafiq hesab etm\u0259sin&#8221;<\/p>\n","protected":false},"author":11,"featured_media":71145,"comment_status":"closed","ping_status":"open","sticky":false,"template":"","format":"standard","meta":{"_acf_changed":false,"_sitemap_exclude":false,"_sitemap_priority":"","_sitemap_frequency":"","footnotes":""},"categories":[51],"tags":[],"class_list":["post-179816","post","type-post","status-publish","format-standard","has-post-thumbnail","hentry","category-analitika","infinite-scroll-item","generate-columns","tablet-grid-50","mobile-grid-100","grid-parent","grid-33","no-featured-image-padding"],"acf":[],"yoast_head":"<!-- This site is optimized with the Yoast SEO plugin v27.5 - https:\/\/yoast.com\/product\/yoast-seo-wordpress\/ -->\n<title>&#039;&#039;Davaml\u0131 manevrl\u0259r &#039;&#039;v\u0259ziyy\u0259ti d\u00fcz\u0259ltdirik&#039;&#039; blefi q\u0259na\u0259tini yarad\u0131r&#039;&#039; - MEYDAN.TV<\/title>\n<meta name=\"robots\" content=\"index, follow, max-snippet:-1, max-image-preview:large, max-video-preview:-1\" \/>\n<link rel=\"canonical\" href=\"https:\/\/www.meydan.tv\/az\/article\/davamli-manevrler-veziyyeti-duzeltdirik-blefi-qenaetini-yaradir\/\" \/>\n<meta property=\"og:locale\" content=\"az_AZ\" \/>\n<meta property=\"og:type\" content=\"article\" \/>\n<meta property=\"og:title\" content=\"&#039;&#039;Davaml\u0131 manevrl\u0259r &#039;&#039;v\u0259ziyy\u0259ti d\u00fcz\u0259ltdirik&#039;&#039; blefi q\u0259na\u0259tini yarad\u0131r&#039;&#039; - MEYDAN.TV\" \/>\n<meta property=\"og:description\" content=\"Akif Qurbanov: &#039;&#039;Bu hakmiyy\u0259t\u0259 legal imkan yarad\u0131r ki, arzulamad\u0131\u011f\u0131 m\u00f6vzu v\u0259 t\u0259\u015fkilatlar\u0131 - demokratiya v\u0259 insan haqlar\u0131na dair qrant\u0131 m\u0259qs\u0259d\u0259m\u00fcvafiq hesab etm\u0259sin&#039;&#039;\" \/>\n<meta property=\"og:url\" content=\"https:\/\/www.meydan.tv\/az\/article\/davamli-manevrler-veziyyeti-duzeltdirik-blefi-qenaetini-yaradir\/\" \/>\n<meta property=\"og:site_name\" content=\"MEYDAN.TV\" \/>\n<meta property=\"article:published_time\" content=\"2016-10-22T23:00:09+00:00\" \/>\n<meta property=\"og:image\" content=\"https:\/\/www.meydan.tv\/wp-content\/uploads\/27260.jpg\" \/>\n\t<meta property=\"og:image:width\" content=\"800\" \/>\n\t<meta property=\"og:image:height\" content=\"467\" \/>\n\t<meta property=\"og:image:type\" content=\"image\/jpeg\" \/>\n<meta name=\"author\" content=\"user-manager\" \/>\n<meta name=\"twitter:card\" content=\"summary_large_image\" \/>\n<script type=\"application\/ld+json\" class=\"yoast-schema-graph\">{\"@context\":\"https:\\\/\\\/schema.org\",\"@graph\":[{\"@type\":\"Article\",\"@id\":\"https:\\\/\\\/www.meydan.tv\\\/az\\\/article\\\/davamli-manevrler-veziyyeti-duzeltdirik-blefi-qenaetini-yaradir\\\/#article\",\"isPartOf\":{\"@id\":\"https:\\\/\\\/www.meydan.tv\\\/az\\\/article\\\/davamli-manevrler-veziyyeti-duzeltdirik-blefi-qenaetini-yaradir\\\/\"},\"author\":{\"name\":\"user-manager\",\"@id\":\"https:\\\/\\\/www.meydan.tv\\\/az\\\/#\\\/schema\\\/person\\\/10d11eccf6da3662cf5fdab9806ea91a\"},\"headline\":\"&#8221;Davaml\u0131 manevrl\u0259r &#8221;v\u0259ziyy\u0259ti d\u00fcz\u0259ltdirik&#8221; blefi q\u0259na\u0259tini yarad\u0131r&#8221;\",\"datePublished\":\"2016-10-22T23:00:09+00:00\",\"mainEntityOfPage\":{\"@id\":\"https:\\\/\\\/www.meydan.tv\\\/az\\\/article\\\/davamli-manevrler-veziyyeti-duzeltdirik-blefi-qenaetini-yaradir\\\/\"},\"wordCount\":569,\"publisher\":{\"@id\":\"https:\\\/\\\/www.meydan.tv\\\/az\\\/#organization\"},\"image\":{\"@id\":\"https:\\\/\\\/www.meydan.tv\\\/az\\\/article\\\/davamli-manevrler-veziyyeti-duzeltdirik-blefi-qenaetini-yaradir\\\/#primaryimage\"},\"thumbnailUrl\":\"https:\\\/\\\/www.meydan.tv\\\/wp-content\\\/uploads\\\/27260.jpg\",\"articleSection\":[\"Analitika\"],\"inLanguage\":\"az\"},{\"@type\":\"WebPage\",\"@id\":\"https:\\\/\\\/www.meydan.tv\\\/az\\\/article\\\/davamli-manevrler-veziyyeti-duzeltdirik-blefi-qenaetini-yaradir\\\/\",\"url\":\"https:\\\/\\\/www.meydan.tv\\\/az\\\/article\\\/davamli-manevrler-veziyyeti-duzeltdirik-blefi-qenaetini-yaradir\\\/\",\"name\":\"''Davaml\u0131 manevrl\u0259r ''v\u0259ziyy\u0259ti d\u00fcz\u0259ltdirik'' blefi q\u0259na\u0259tini yarad\u0131r'' - MEYDAN.TV\",\"isPartOf\":{\"@id\":\"https:\\\/\\\/www.meydan.tv\\\/az\\\/#website\"},\"primaryImageOfPage\":{\"@id\":\"https:\\\/\\\/www.meydan.tv\\\/az\\\/article\\\/davamli-manevrler-veziyyeti-duzeltdirik-blefi-qenaetini-yaradir\\\/#primaryimage\"},\"image\":{\"@id\":\"https:\\\/\\\/www.meydan.tv\\\/az\\\/article\\\/davamli-manevrler-veziyyeti-duzeltdirik-blefi-qenaetini-yaradir\\\/#primaryimage\"},\"thumbnailUrl\":\"https:\\\/\\\/www.meydan.tv\\\/wp-content\\\/uploads\\\/27260.jpg\",\"datePublished\":\"2016-10-22T23:00:09+00:00\",\"breadcrumb\":{\"@id\":\"https:\\\/\\\/www.meydan.tv\\\/az\\\/article\\\/davamli-manevrler-veziyyeti-duzeltdirik-blefi-qenaetini-yaradir\\\/#breadcrumb\"},\"inLanguage\":\"az\",\"potentialAction\":[{\"@type\":\"ReadAction\",\"target\":[\"https:\\\/\\\/www.meydan.tv\\\/az\\\/article\\\/davamli-manevrler-veziyyeti-duzeltdirik-blefi-qenaetini-yaradir\\\/\"]}]},{\"@type\":\"ImageObject\",\"inLanguage\":\"az\",\"@id\":\"https:\\\/\\\/www.meydan.tv\\\/az\\\/article\\\/davamli-manevrler-veziyyeti-duzeltdirik-blefi-qenaetini-yaradir\\\/#primaryimage\",\"url\":\"https:\\\/\\\/www.meydan.tv\\\/wp-content\\\/uploads\\\/27260.jpg\",\"contentUrl\":\"https:\\\/\\\/www.meydan.tv\\\/wp-content\\\/uploads\\\/27260.jpg\",\"width\":800,\"height\":467,\"caption\":\"Source:\"},{\"@type\":\"BreadcrumbList\",\"@id\":\"https:\\\/\\\/www.meydan.tv\\\/az\\\/article\\\/davamli-manevrler-veziyyeti-duzeltdirik-blefi-qenaetini-yaradir\\\/#breadcrumb\",\"itemListElement\":[{\"@type\":\"ListItem\",\"position\":1,\"name\":\"Ana s\u0259hif\u0259\",\"item\":\"https:\\\/\\\/www.meydan.tv\\\/az\\\/\"},{\"@type\":\"ListItem\",\"position\":2,\"name\":\"Analitika\",\"item\":\"https:\\\/\\\/www.meydan.tv\\\/az\\\/section\\\/analitika\\\/\"},{\"@type\":\"ListItem\",\"position\":3,\"name\":\"&#8221;Davaml\u0131 manevrl\u0259r &#8221;v\u0259ziyy\u0259ti d\u00fcz\u0259ltdirik&#8221; blefi q\u0259na\u0259tini yarad\u0131r&#8221;\"}]},{\"@type\":\"WebSite\",\"@id\":\"https:\\\/\\\/www.meydan.tv\\\/az\\\/#website\",\"url\":\"https:\\\/\\\/www.meydan.tv\\\/az\\\/\",\"name\":\"MEYDAN.TV\",\"description\":\"Meydan TV Az\u0259rbaycan\u0131n media m\u0259kan\u0131ndak\u0131 alternativ s\u0259sidir\",\"publisher\":{\"@id\":\"https:\\\/\\\/www.meydan.tv\\\/az\\\/#organization\"},\"potentialAction\":[{\"@type\":\"SearchAction\",\"target\":{\"@type\":\"EntryPoint\",\"urlTemplate\":\"https:\\\/\\\/www.meydan.tv\\\/az\\\/?s={search_term_string}\"},\"query-input\":{\"@type\":\"PropertyValueSpecification\",\"valueRequired\":true,\"valueName\":\"search_term_string\"}}],\"inLanguage\":\"az\"},{\"@type\":\"Organization\",\"@id\":\"https:\\\/\\\/www.meydan.tv\\\/az\\\/#organization\",\"name\":\"Meydan TV\",\"url\":\"https:\\\/\\\/www.meydan.tv\\\/az\\\/\",\"logo\":{\"@type\":\"ImageObject\",\"inLanguage\":\"az\",\"@id\":\"https:\\\/\\\/www.meydan.tv\\\/az\\\/#\\\/schema\\\/logo\\\/image\\\/\",\"url\":\"https:\\\/\\\/www.meydan.tv\\\/wp-content\\\/uploads\\\/2021\\\/07\\\/meydan-logo.svg\",\"contentUrl\":\"https:\\\/\\\/www.meydan.tv\\\/wp-content\\\/uploads\\\/2021\\\/07\\\/meydan-logo.svg\",\"width\":195,\"height\":46,\"caption\":\"Meydan TV\"},\"image\":{\"@id\":\"https:\\\/\\\/www.meydan.tv\\\/az\\\/#\\\/schema\\\/logo\\\/image\\\/\"}},{\"@type\":\"Person\",\"@id\":\"https:\\\/\\\/www.meydan.tv\\\/az\\\/#\\\/schema\\\/person\\\/10d11eccf6da3662cf5fdab9806ea91a\",\"name\":\"user-manager\"}]}<\/script>\n<!-- \/ Yoast SEO plugin. -->","yoast_head_json":{"title":"''Davaml\u0131 manevrl\u0259r ''v\u0259ziyy\u0259ti d\u00fcz\u0259ltdirik'' blefi q\u0259na\u0259tini yarad\u0131r'' - MEYDAN.TV","robots":{"index":"index","follow":"follow","max-snippet":"max-snippet:-1","max-image-preview":"max-image-preview:large","max-video-preview":"max-video-preview:-1"},"canonical":"https:\/\/www.meydan.tv\/az\/article\/davamli-manevrler-veziyyeti-duzeltdirik-blefi-qenaetini-yaradir\/","og_locale":"az_AZ","og_type":"article","og_title":"''Davaml\u0131 manevrl\u0259r ''v\u0259ziyy\u0259ti d\u00fcz\u0259ltdirik'' blefi q\u0259na\u0259tini yarad\u0131r'' - MEYDAN.TV","og_description":"Akif Qurbanov: ''Bu hakmiyy\u0259t\u0259 legal imkan yarad\u0131r ki, arzulamad\u0131\u011f\u0131 m\u00f6vzu v\u0259 t\u0259\u015fkilatlar\u0131 - demokratiya v\u0259 insan haqlar\u0131na dair qrant\u0131 m\u0259qs\u0259d\u0259m\u00fcvafiq hesab etm\u0259sin''","og_url":"https:\/\/www.meydan.tv\/az\/article\/davamli-manevrler-veziyyeti-duzeltdirik-blefi-qenaetini-yaradir\/","og_site_name":"MEYDAN.TV","article_published_time":"2016-10-22T23:00:09+00:00","og_image":[{"width":800,"height":467,"url":"https:\/\/www.meydan.tv\/wp-content\/uploads\/27260.jpg","type":"image\/jpeg"}],"author":"user-manager","twitter_card":"summary_large_image","schema":{"@context":"https:\/\/schema.org","@graph":[{"@type":"Article","@id":"https:\/\/www.meydan.tv\/az\/article\/davamli-manevrler-veziyyeti-duzeltdirik-blefi-qenaetini-yaradir\/#article","isPartOf":{"@id":"https:\/\/www.meydan.tv\/az\/article\/davamli-manevrler-veziyyeti-duzeltdirik-blefi-qenaetini-yaradir\/"},"author":{"name":"user-manager","@id":"https:\/\/www.meydan.tv\/az\/#\/schema\/person\/10d11eccf6da3662cf5fdab9806ea91a"},"headline":"&#8221;Davaml\u0131 manevrl\u0259r &#8221;v\u0259ziyy\u0259ti d\u00fcz\u0259ltdirik&#8221; blefi q\u0259na\u0259tini yarad\u0131r&#8221;","datePublished":"2016-10-22T23:00:09+00:00","mainEntityOfPage":{"@id":"https:\/\/www.meydan.tv\/az\/article\/davamli-manevrler-veziyyeti-duzeltdirik-blefi-qenaetini-yaradir\/"},"wordCount":569,"publisher":{"@id":"https:\/\/www.meydan.tv\/az\/#organization"},"image":{"@id":"https:\/\/www.meydan.tv\/az\/article\/davamli-manevrler-veziyyeti-duzeltdirik-blefi-qenaetini-yaradir\/#primaryimage"},"thumbnailUrl":"https:\/\/www.meydan.tv\/wp-content\/uploads\/27260.jpg","articleSection":["Analitika"],"inLanguage":"az"},{"@type":"WebPage","@id":"https:\/\/www.meydan.tv\/az\/article\/davamli-manevrler-veziyyeti-duzeltdirik-blefi-qenaetini-yaradir\/","url":"https:\/\/www.meydan.tv\/az\/article\/davamli-manevrler-veziyyeti-duzeltdirik-blefi-qenaetini-yaradir\/","name":"''Davaml\u0131 manevrl\u0259r ''v\u0259ziyy\u0259ti d\u00fcz\u0259ltdirik'' blefi q\u0259na\u0259tini yarad\u0131r'' - MEYDAN.TV","isPartOf":{"@id":"https:\/\/www.meydan.tv\/az\/#website"},"primaryImageOfPage":{"@id":"https:\/\/www.meydan.tv\/az\/article\/davamli-manevrler-veziyyeti-duzeltdirik-blefi-qenaetini-yaradir\/#primaryimage"},"image":{"@id":"https:\/\/www.meydan.tv\/az\/article\/davamli-manevrler-veziyyeti-duzeltdirik-blefi-qenaetini-yaradir\/#primaryimage"},"thumbnailUrl":"https:\/\/www.meydan.tv\/wp-content\/uploads\/27260.jpg","datePublished":"2016-10-22T23:00:09+00:00","breadcrumb":{"@id":"https:\/\/www.meydan.tv\/az\/article\/davamli-manevrler-veziyyeti-duzeltdirik-blefi-qenaetini-yaradir\/#breadcrumb"},"inLanguage":"az","potentialAction":[{"@type":"ReadAction","target":["https:\/\/www.meydan.tv\/az\/article\/davamli-manevrler-veziyyeti-duzeltdirik-blefi-qenaetini-yaradir\/"]}]},{"@type":"ImageObject","inLanguage":"az","@id":"https:\/\/www.meydan.tv\/az\/article\/davamli-manevrler-veziyyeti-duzeltdirik-blefi-qenaetini-yaradir\/#primaryimage","url":"https:\/\/www.meydan.tv\/wp-content\/uploads\/27260.jpg","contentUrl":"https:\/\/www.meydan.tv\/wp-content\/uploads\/27260.jpg","width":800,"height":467,"caption":"Source:"},{"@type":"BreadcrumbList","@id":"https:\/\/www.meydan.tv\/az\/article\/davamli-manevrler-veziyyeti-duzeltdirik-blefi-qenaetini-yaradir\/#breadcrumb","itemListElement":[{"@type":"ListItem","position":1,"name":"Ana s\u0259hif\u0259","item":"https:\/\/www.meydan.tv\/az\/"},{"@type":"ListItem","position":2,"name":"Analitika","item":"https:\/\/www.meydan.tv\/az\/section\/analitika\/"},{"@type":"ListItem","position":3,"name":"&#8221;Davaml\u0131 manevrl\u0259r &#8221;v\u0259ziyy\u0259ti d\u00fcz\u0259ltdirik&#8221; blefi q\u0259na\u0259tini yarad\u0131r&#8221;"}]},{"@type":"WebSite","@id":"https:\/\/www.meydan.tv\/az\/#website","url":"https:\/\/www.meydan.tv\/az\/","name":"MEYDAN.TV","description":"Meydan TV Az\u0259rbaycan\u0131n media m\u0259kan\u0131ndak\u0131 alternativ s\u0259sidir","publisher":{"@id":"https:\/\/www.meydan.tv\/az\/#organization"},"potentialAction":[{"@type":"SearchAction","target":{"@type":"EntryPoint","urlTemplate":"https:\/\/www.meydan.tv\/az\/?s={search_term_string}"},"query-input":{"@type":"PropertyValueSpecification","valueRequired":true,"valueName":"search_term_string"}}],"inLanguage":"az"},{"@type":"Organization","@id":"https:\/\/www.meydan.tv\/az\/#organization","name":"Meydan TV","url":"https:\/\/www.meydan.tv\/az\/","logo":{"@type":"ImageObject","inLanguage":"az","@id":"https:\/\/www.meydan.tv\/az\/#\/schema\/logo\/image\/","url":"https:\/\/www.meydan.tv\/wp-content\/uploads\/2021\/07\/meydan-logo.svg","contentUrl":"https:\/\/www.meydan.tv\/wp-content\/uploads\/2021\/07\/meydan-logo.svg","width":195,"height":46,"caption":"Meydan TV"},"image":{"@id":"https:\/\/www.meydan.tv\/az\/#\/schema\/logo\/image\/"}},{"@type":"Person","@id":"https:\/\/www.meydan.tv\/az\/#\/schema\/person\/10d11eccf6da3662cf5fdab9806ea91a","name":"user-manager"}]}},"_links":{"self":[{"href":"https:\/\/www.meydan.tv\/az\/wp-json\/wp\/v2\/posts\/179816","targetHints":{"allow":["GET"]}}],"collection":[{"href":"https:\/\/www.meydan.tv\/az\/wp-json\/wp\/v2\/posts"}],"about":[{"href":"https:\/\/www.meydan.tv\/az\/wp-json\/wp\/v2\/types\/post"}],"author":[{"embeddable":true,"href":"https:\/\/www.meydan.tv\/az\/wp-json\/wp\/v2\/users\/11"}],"replies":[{"embeddable":true,"href":"https:\/\/www.meydan.tv\/az\/wp-json\/wp\/v2\/comments?post=179816"}],"version-history":[{"count":0,"href":"https:\/\/www.meydan.tv\/az\/wp-json\/wp\/v2\/posts\/179816\/revisions"}],"wp:featuredmedia":[{"embeddable":true,"href":"https:\/\/www.meydan.tv\/az\/wp-json\/wp\/v2\/media\/71145"}],"wp:attachment":[{"href":"https:\/\/www.meydan.tv\/az\/wp-json\/wp\/v2\/media?parent=179816"}],"wp:term":[{"taxonomy":"category","embeddable":true,"href":"https:\/\/www.meydan.tv\/az\/wp-json\/wp\/v2\/categories?post=179816"},{"taxonomy":"post_tag","embeddable":true,"href":"https:\/\/www.meydan.tv\/az\/wp-json\/wp\/v2\/tags?post=179816"}],"curies":[{"name":"wp","href":"https:\/\/api.w.org\/{rel}","templated":true}]}}