{"id":179791,"date":"2016-10-21T16:44:08","date_gmt":"2016-10-21T16:44:08","guid":{"rendered":"https:\/\/www.meydan.tv\/article\/bohranin-agirligini-ehali-cekmeli-olacaq\/"},"modified":"2016-10-21T16:44:08","modified_gmt":"2016-10-21T16:44:08","slug":"bohranin-agirligini-ehali-cekmeli-olacaq","status":"publish","type":"post","link":"https:\/\/www.meydan.tv\/az\/article\/bohranin-agirligini-ehali-cekmeli-olacaq\/","title":{"rendered":"B\u00f6hran\u0131n a\u011f\u0131rl\u0131\u011f\u0131n\u0131 \u0259hali \u00e7\u0259km\u0259li olacaq?"},"content":{"rendered":"<figure class=\"wp-block-image size-large\">\n  <img decoding=\"async\" src=\"https:\/\/www.meydan.tv\/az\/71048\/\" alt=\"\" class=\"wp-image-71048\"\/><figcaption><\/figcaption><\/figure>\n<figure class=\"wp-block-image size-large\">\n  <img decoding=\"async\" src=\"https:\/\/www.meydan.tv\/az\/71045\/\" alt=\"\" class=\"wp-image-71045\"\/><figcaption><\/figcaption><\/figure>\n<p>\n  \u00d6lk\u0259miz yeni sosial-siyasi m\u0259rh\u0259l\u0259 \u0259r\u0259f\u0259sind\u0259 olsa da, ba\u015f ver\u0259 bil\u0259c\u0259k olaylar\u0131n t\u0259f\u0259rr\u00fcatlar\u0131n\u0131 proqnoz etm\u0259k \u00e7ox \u00e7\u0259tindir. Sad\u0259c\u0259 onu dem\u0259k olar ki, bu d\u00f6n\u0259m \u00e7a\u011fda\u015f siyasi tariximizin olduqca m\u00fch\u00fcm s\u0259hif\u0259si kimi d\u00f6vl\u0259timizin v\u0259 v\u0259t\u0259nda\u015flar\u0131m\u0131z\u0131n bundan sonrak\u0131 aqib\u0259tini m\u00fc\u0259yy\u0259n ed\u0259c\u0259k.\n<\/p>\n<p>\n  Proqnozlar\u0131 \u00e7\u0259tinl\u0259\u015fdir\u0259n obyektiv v\u0259 subyektiv amill\u0259ri sadalamaqla vaxt itirm\u0259d\u0259n q\u0131saca olaraq dey\u0259 bil\u0259rik ki, \u00f6lk\u0259d\u0259 sosial, iqtisadi, siyasi, h\u00fcquqi v\u0259 psixoloji durum \u00e7ox g\u0259rgindir. \u018fn t\u0259hl\u00fck\u0259lisi is\u0259 odur ki, \u00f6lk\u0259daxili siyas\u0259tin konyukturas\u0131 d\u00f6vl\u0259t\u00e7ilik \u0259n\u0259n\u0259sind\u0259n uzaqla\u015faraq \u015f\u0259xsi irad\u0259y\u0259 tabe etdirilib. At\u0131lan b\u00fct\u00fcn add\u0131mlar c\u0259miyy\u0259tin t\u0259l\u0259bat\u0131ndan, qanunauy\u011funluqdan v\u0259 ictimai-siyasi prosesl\u0259rd\u0259n deyil, iqtidar\u0131n korporativ maraqlardan qaynaqlan\u0131r.\n<\/p>\n<p>\n  M\u0259hz bu amill\u0259ri n\u0259z\u0259r\u0259 alaraq, h\u0259tta \u00f6lk\u0259d\u0259 n\u00f6vb\u0259d\u0259nk\u0259nar se\u00e7kil\u0259rin ke\u00e7iril\u0259c\u0259yi il\u0259 ba\u011fl\u0131 ehtimallara da ehtiyatla yana\u015faraq bu diskusiyalardan uzaq durma\u011fa \u00e7al\u0131\u015fd\u0131q. \u00c7\u00fcnki siyasi prosesl\u0259rin qanuna v\u0259 h\u00fcquqa \u0259saslanmas\u0131 son d\u00f6vrl\u0259r iqtidar\u0131 \u00e7ox az qay\u011f\u0131land\u0131rd\u0131\u011f\u0131 a\u00e7\u0131q g\u00f6r\u00fcn\u00fcr. \u0130stisnalar olsa da, he\u00e7 c\u0259miyy\u0259t d\u0259 bunu hakimiyy\u0259td\u0259n t\u0259l\u0259b etmir. Sanki xalq\u0131m\u0131z\u0131n \u0259ks\u0259riyy\u0259ti \u00f6z \u00f6lk\u0259sind\u0259 m\u00fcv\u0259qq\u0259ti m\u0259skunla\u015fan m\u00fchacirl\u0259r kimi davran\u0131rlar.\n<\/p>\n<p>\n  Yax\u0131n regionda geni\u015fl\u0259n\u0259n h\u0259rbi m\u00fcnaqi\u015f\u0259l\u0259r v\u0259 iqtisadi-siyasi maraqlar fonunda beyn\u0259lxalq qlobal g\u00fccl\u0259rin \u00f6lk\u0259miz\u0259 t\u0259zyiql\u0259ri d\u0259 getdikc\u0259 artmaqdad\u0131r. Xalq\u0131m\u0131z sosial probleml\u0259rin m\u0259ng\u0259n\u0259sind\u0259 \u0259zils\u0259 d\u0259, \u201cd\u00f6z\u00fcm\u201d n\u00fcmayi\u015f etdirm\u0259kd\u0259, h\u00f6kum\u0259t is\u0259 he\u00e7 bir \u00e7\u0131x\u0131\u015f yolu t\u0259tbiq etm\u0259y\u0259 qadir olmasa da, k\u00f6kl\u00fc islahatlara ba\u015flamamaqdad\u0131r. H\u0259l\u0259lik \u0259hali dolan\u0131\u015f\u0131\u011f\u0131n\u0131n, hakimiyy\u0259t is\u0259 \u00f6z\u00fcn\u00fc nec\u0259 qoruyaca\u011f\u0131n\u0131n v\u0259 g\u00fccl\u0259ndir\u0259c\u0259yinin qay\u011f\u0131s\u0131ndad\u0131r.\n<\/p>\n<p>\n  H\u00f6kum\u0259tin m\u0259suliyy\u0259ti birba\u015fa iqtidar\u0131n \u00fcz\u0259rind\u0259 olsa da, c\u0259miyy\u0259tin durumu v\u0259 g\u0259l\u0259c\u0259yi il\u0259 ba\u011fl\u0131 h\u0259r bir yetkin v\u0259t\u0259nda\u015f\u0131n da \u00fcz\u0259rind\u0259 m\u0259suliyy\u0259t var. Anti-demokratik rejiml\u0259rin g\u00fccl\u0259n\u0259r\u0259k v\u0259t\u0259nda\u015f h\u00fcquqlar\u0131na q\u0259nim k\u0259silm\u0259sind\u0259, \u00f6z\u00fcn\u0259m\u0259xsus m\u00fcnasib\u0259tl\u0259r sistemi formala\u015fd\u0131rmas\u0131nda v\u0259t\u0259nda\u015f laqeydliyinin d\u0259 \u00e7ox b\u00f6y\u00fck \u201cxidm\u0259ti\u201d oldu\u011funu qeyd etm\u0259k y\u0259qin ki faydal\u0131 olar.\n<\/p>\n<p>\n  \u0130qtidar b\u00fct\u00fcn vasit\u0259l\u0259rl\u0259 \u00e7al\u0131\u015f\u0131r ki, \u00f6lk\u0259d\u0259 m\u00f6vcud olan ictimai-siyasi durum, \u0259n\u0259n\u0259vi idar\u0259etm\u0259 metodlar\u0131, sistemdaxili m\u00fcnasib\u0259tl\u0259r b\u00f6hran\u0131n m\u0259nfi t\u0259sirl\u0259rin\u0259 tabe olmas\u0131n. Sosial b\u00f6hran c\u0259miyy\u0259td\u0259 siyasi f\u0259all\u0131q do\u011furmas\u0131n. \u018fhalini idar\u0259olunan lokal iqtisadi-siyasi g\u00fcnd\u0259m\u0259 k\u00f6kl\u0259m\u0259kl\u0259 manipulyasiyan\u0131 davam etdirm\u0259k m\u00fcmk\u00fcn olsun.\n<\/p>\n<p>\n  Maraql\u0131d\u0131r ki, konstitusiyaya t\u0259l\u0259m-t\u0259l\u0259sik \u0259lav\u0259 v\u0259 d\u0259yi\u015fiklikl\u0259r edils\u0259 d\u0259, ona uy\u011fun add\u0131mlar\u0131n at\u0131lmas\u0131 da yuban\u0131r. Sanki hans\u0131sa g\u00f6zl\u0259nilm\u0259zlik iqtidar\u0131 t\u0259r\u0259dd\u00fcdl\u00fc davranma\u011fa v\u0259 ya cari planlar\u0131n\u0131n m\u00fc\u0259yy\u0259n hiss\u0259sind\u0259n m\u00fcv\u0259qq\u0259ti olsa da vaz ke\u00e7m\u0259y\u0259 s\u00f6vq edir. H\u00f6kum\u0259tin son m\u00fc\u015favir\u0259sind\u0259 d\u0259 bu amil hiss edilirdi v\u0259 prezidentin \u00e7\u0131x\u0131\u015f\u0131 \u0259slind\u0259 \u00e7ox ciddi m\u0259s\u0259l\u0259l\u0259rin c\u0259r\u0259yan etdiyinin mesaj\u0131 idi. \u0130lk d\u0259f\u0259 idi ki, m\u00fc\u015favir\u0259d\u0259 i\u015ftirak ed\u0259n komanda \u00fczvl\u0259rinin d\u0259 \u00e7ox g\u0259rgin v\u0259 \u00fcmidsiz g\u00f6r\u00fcnt\u00fcl\u0259ri ekranda \u0259ks olunurdu.\n<\/p>\n<p>\n  \u00d6lk\u0259 ba\u015f\u00e7\u0131s\u0131n\u0131n x\u00fcsusi s\u0259tiralt\u0131 eyhamla real durumu d\u0259qiq bilm\u0259sini ifad\u0259 etm\u0259si v\u0259 h\u0259l\u0259 uzun m\u00fcdd\u0259t hakimiyy\u0259td\u0259 qalaca\u011f\u0131n\u0131 x\u00fcsusi vur\u011fulamas\u0131 da t\u0259sad\u00fcfi deyildi. H\u00f6kum\u0259t \u00fczvl\u0259rinin alq\u0131\u015flarla qar\u015f\u0131lad\u0131\u011f\u0131 bu tezisl\u0259r yaranm\u0131\u015f v\u0259 artmaqda olan daxili narahatl\u0131\u011f\u0131 azaltma\u011fa hesablanm\u0131\u015fd\u0131.\n<\/p>\n<p>\n  \u00c7ox g\u00fcman art\u0131q \u00f6lk\u0259 r\u0259hb\u0259rin\u0259 d\u0259 d\u0259qiq m\u0259lumdur ki, n\u0259inki sad\u0259 xalq, h\u0259tta neft g\u0259lirl\u0259ri il\u0259 uzun m\u00fcdd\u0259t b\u0259sl\u0259diyi m\u0259mur ordusu da onun haqq\u0131nda n\u0259 d\u00fc\u015f\u00fcn\u00fcr v\u0259 n\u0259 x\u0131s\u0131nla\u015f\u0131r. C\u0259miyy\u0259tin f\u0259al k\u0259simin\u0259 qar\u015f\u0131 polisin g\u00fcc\u00fc il\u0259 apar\u0131lan total t\u0259zyiq kampanilyas\u0131 da m\u0259hz bu amill\u0259 ba\u011fl\u0131d\u0131r. M\u00fcxalif v\u0259 m\u00fcst\u0259qil \u015f\u0259xsl\u0259r\u0259 g\u00fcc t\u0259tbiq etm\u0259kl\u0259 m\u0259mur ordusunun v\u0259 sad\u0259 xalq\u0131n g\u00f6z\u00fcn\u00fc qorxutmaq x\u0259tti tutulub.\n<\/p>\n<p>\n  G\u00f6r\u00fcn\u0259n budur ki, ger\u00e7\u0259k islahatlara ba\u015flama\u011fa risk etm\u0259y\u0259n h\u00f6kum\u0259t \u00f6lk\u0259ni taleyin \u00fcmidin\u0259 burax\u0131b. B\u00fcdc\u0259nin bird\u0259n-bir\u0259 k\u0259skin azalmas\u0131 getdikc\u0259 \u00f6lk\u0259ni \u00e7\u0131x\u0131lmaz duruma sala bil\u0259r. Uzun m\u00fcdd\u0259t prosesl\u0259r\u0259 m\u00fcqavim\u0259t g\u00f6st\u0259rm\u0259y\u0259 t\u0259bii resurslar\u0131 t\u00fck\u0259n\u0259n h\u00f6kum\u0259tin t\u0259dric\u0259n prosesl\u0259rin m\u0259nfi ax\u0131n\u0131na t\u0259slim olmaqdan s\u0131\u011fortalanaca\u011f\u0131 inand\u0131r\u0131c\u0131 g\u00f6r\u00fcnm\u00fcr. H\u0259r d\u0259f\u0259 dinc insanlar\u0131n qar\u015f\u0131s\u0131na h\u00fcquq-m\u00fchafiz\u0259 orqanlar\u0131n\u0131n g\u00fcc\u00fc il\u0259 \u00e7\u0131xmaq yax\u015f\u0131 g\u0259l\u0259c\u0259k v\u0259d etmir.\n<\/p>\n<p>\n  Art\u0131q Qaraba\u011f probleminin h\u0259lli il\u0259 ba\u011fl\u0131 da c\u0259miyy\u0259ti manipulyasiya etm\u0259k imkan\u0131n\u0131n bu d\u00f6n\u0259m \u00fc\u00e7\u00fcn bitdiyini s\u00f6yl\u0259m\u0259k m\u00fcmk\u00fcnd\u00fcr. AB\u015e-\u0131n v\u0259 Rusiyan\u0131n diplomatik mesajlar\u0131 o q\u0259na\u0259ti yarad\u0131r ki, h\u00f6kum\u0259t problemin m\u00fcmk\u00fcn h\u0259llind\u0259 dalana dir\u0259nib. H\u0259tta \u00f6lk\u0259nin \u0259n y\u00fcks\u0259k tribunas\u0131ndan da buna b\u0259nz\u0259r etiraflar e\u015fidilir. Dey\u0259s\u0259n b\u00f6hran t\u0259kc\u0259 sosial-iqtisadi sah\u0259d\u0259 deyil, siyasi v\u0259 diplomatik sah\u0259ni d\u0259 \u0259hat\u0259 edir.\n<\/p>\n<p>\n  Erm\u0259nistan\u0131 f\u0259al \u015f\u0259kild\u0259 silahland\u0131ran v\u0259 arxas\u0131nda dayanan Rusiyan\u0131 t\u0259qdir edib, \u0259razi b\u00fct\u00f6vl\u00fcy\u00fcm\u00fcz\u00fc d\u0259st\u0259kl\u0259y\u0259r\u0259k v\u0259t\u0259nda\u015f h\u00fcquqlar\u0131na h\u00f6rm\u0259tl\u0259 yana\u015fma\u011f\u0131 t\u0259l\u0259b etdiyi \u00fc\u00e7\u00fcn Q\u0259rb\u0259 sava\u015f a\u00e7maq da milli maraqlar\u0131m\u0131za t\u0259hl\u00fck\u0259 t\u00f6r\u0259d\u0259 bil\u0259r. \u00d6lk\u0259nin strateji \u0259h\u0259miyy\u0259tini v\u0259 d\u0259y\u0259rini cari siyas\u0259t\u0259 qurban verm\u0259k yolverilm\u0259zdir.\u00a0 \u201cQaraba\u011f\u0131n m\u00fcst\u0259qilliyinin tan\u0131nmas\u0131\u201d kimi q\u0259bul edilm\u0259z t\u0259zyiql\u0259rd\u0259n qurtulmaq \u00fc\u00e7\u00fcn \u00f6lk\u0259daxili siyas\u0259t k\u00f6kl\u00fc \u015f\u0259kild\u0259 d\u0259yi\u015fm\u0259lidir.\n<\/p>\n<p>\n  Xalq\u0131m\u0131z\u0131n son etiraz aksiyalar\u0131na laqeyd m\u00fcnasib\u0259tind\u0259n iqtidar\u0131n xeyli arxay\u0131nla\u015fd\u0131\u011f\u0131 da g\u00f6r\u00fcn\u00fcr. \u00c7\u0259tinlikl\u0259r\u0259 etiraz etm\u0259y\u0259r\u0259k m\u0259hrumiyy\u0259tl\u0259r\u0259 sin\u0259 g\u0259rm\u0259k yolu tutan \u0259hali iqtidara \u0259lav\u0259 \u015fans verib. H\u00f6kum\u0259t bu d\u0259st\u0259kd\u0259n bir f\u00fcrs\u0259t olaraq maksimum yararlanma\u011fa \u00e7al\u0131\u015f\u0131r. Etirazlar\u0131 t\u0259\u015fkil ed\u0259n m\u00fcxalif\u0259ti \u0259zm\u0259kl\u0259 sosial probleml\u0259rin a\u011f\u0131rl\u0131\u011f\u0131n\u0131 arxay\u0131nl\u0131qla \u0259haliy\u0259 y\u00fckl\u0259m\u0259k \u00fc\u00e7\u00fcn inamla add\u0131m at\u0131r.\n<\/p>\n<p>\n  Qiym\u0259tl\u0259r s\u00fcr\u0259tl\u0259 bahala\u015f\u0131r, i\u015f yerl\u0259ri ixtisar edilir, m\u00fcxalif\u0259t\u0259 qar\u015f\u0131 t\u0259zyiql\u0259r daha da g\u00fccl\u0259nir v\u0259 b\u00fcdc\u0259 t\u0259\u015fkilatlar\u0131nda \u00e7al\u0131\u015fanlar\u0131 \u201ck\u00f6n\u00fcll\u00fc\u201d t\u0259s\u0259rr\u00fcfat i\u015fl\u0259rin\u0259 rahatl\u0131qla c\u0259lb edilm\u0259si imkan\u0131 geni\u015fl\u0259nir. H\u0259tta ictimai r\u0259yi n\u0259z\u0259r\u0259 almadan ill\u0259rl\u0259 formala\u015fan m\u00fc\u0259yy\u0259n dini m\u0259rasiml\u0259r\u0259 d\u0259 yeni qaydalar\u0131n t\u0259tbiqin\u0259 ba\u015flan\u0131l\u0131b. Bir s\u00f6zl\u0259, h\u00f6kum\u0259t b\u00fct\u00fcn resurslar\u0131n\u0131 i\u015f\u0259 salaraq sosial b\u00f6hran\u0131n a\u011f\u0131rl\u0131\u011f\u0131n\u0131 tamamil\u0259 xalq\u0131n \u00fcz\u0259rin\u0259 y\u00fckl\u0259m\u0259y\u0259 \u00e7al\u0131\u015f\u0131r. \u018fslind\u0259 art\u0131q buna xeyli d\u0259r\u0259c\u0259d\u0259 nail oldu\u011funu da m\u00fc\u015fahid\u0259 etm\u0259k m\u00fcmk\u00fcnd\u00fcr. \u018fhali b\u00f6hran\u0131n a\u011f\u0131rl\u0131\u011f\u0131n\u0131 \u00e7\u0259k\u0259 bil\u0259c\u0259kmi?\n<\/p><\/p>\n","protected":false},"excerpt":{"rendered":"<p>\u00d6lk\u0259miz yeni sosial-siyasi m\u0259rh\u0259l\u0259 \u0259r\u0259f\u0259sind\u0259 olsa da, ba\u015f ver\u0259 bil\u0259c\u0259k &#8230; <\/p>\n<p class=\"read-more-container\"><a title=\"B\u00f6hran\u0131n a\u011f\u0131rl\u0131\u011f\u0131n\u0131 \u0259hali \u00e7\u0259km\u0259li olacaq?\" class=\"read-more button\" href=\"https:\/\/www.meydan.tv\/az\/article\/bohranin-agirligini-ehali-cekmeli-olacaq\/#more-179791\" aria-label=\"Read more about B\u00f6hran\u0131n a\u011f\u0131rl\u0131\u011f\u0131n\u0131 \u0259hali \u00e7\u0259km\u0259li olacaq?\">Davam\u0131<\/a><\/p>\n","protected":false},"author":11,"featured_media":71048,"comment_status":"closed","ping_status":"open","sticky":false,"template":"","format":"standard","meta":{"_acf_changed":false,"_sitemap_exclude":false,"_sitemap_priority":"","_sitemap_frequency":"","footnotes":""},"categories":[51],"tags":[],"class_list":["post-179791","post","type-post","status-publish","format-standard","has-post-thumbnail","hentry","category-analitika","infinite-scroll-item","generate-columns","tablet-grid-50","mobile-grid-100","grid-parent","grid-33","no-featured-image-padding"],"acf":[],"yoast_head":"<!-- This site is optimized with the Yoast SEO plugin v27.5 - https:\/\/yoast.com\/product\/yoast-seo-wordpress\/ -->\n<title>B\u00f6hran\u0131n a\u011f\u0131rl\u0131\u011f\u0131n\u0131 \u0259hali \u00e7\u0259km\u0259li olacaq? - MEYDAN.TV<\/title>\n<meta name=\"robots\" content=\"index, follow, max-snippet:-1, max-image-preview:large, max-video-preview:-1\" \/>\n<link rel=\"canonical\" href=\"https:\/\/www.meydan.tv\/az\/article\/bohranin-agirligini-ehali-cekmeli-olacaq\/\" \/>\n<meta property=\"og:locale\" content=\"az_AZ\" \/>\n<meta property=\"og:type\" content=\"article\" \/>\n<meta property=\"og:title\" content=\"B\u00f6hran\u0131n a\u011f\u0131rl\u0131\u011f\u0131n\u0131 \u0259hali \u00e7\u0259km\u0259li olacaq? - MEYDAN.TV\" \/>\n<meta property=\"og:description\" content=\"\u00d6lk\u0259miz yeni sosial-siyasi m\u0259rh\u0259l\u0259 \u0259r\u0259f\u0259sind\u0259 olsa da, ba\u015f ver\u0259 bil\u0259c\u0259k ... Davam\u0131\" \/>\n<meta property=\"og:url\" content=\"https:\/\/www.meydan.tv\/az\/article\/bohranin-agirligini-ehali-cekmeli-olacaq\/\" \/>\n<meta property=\"og:site_name\" content=\"MEYDAN.TV\" \/>\n<meta property=\"article:published_time\" content=\"2016-10-21T16:44:08+00:00\" \/>\n<meta property=\"og:image\" content=\"https:\/\/www.meydan.tv\/wp-content\/uploads\/27201.jpg\" \/>\n\t<meta property=\"og:image:width\" content=\"400\" \/>\n\t<meta property=\"og:image:height\" content=\"243\" \/>\n\t<meta property=\"og:image:type\" content=\"image\/jpeg\" \/>\n<meta name=\"author\" content=\"user-manager\" \/>\n<meta name=\"twitter:card\" content=\"summary_large_image\" \/>\n<script type=\"application\/ld+json\" class=\"yoast-schema-graph\">{\"@context\":\"https:\\\/\\\/schema.org\",\"@graph\":[{\"@type\":\"Article\",\"@id\":\"https:\\\/\\\/www.meydan.tv\\\/az\\\/article\\\/bohranin-agirligini-ehali-cekmeli-olacaq\\\/#article\",\"isPartOf\":{\"@id\":\"https:\\\/\\\/www.meydan.tv\\\/az\\\/article\\\/bohranin-agirligini-ehali-cekmeli-olacaq\\\/\"},\"author\":{\"name\":\"user-manager\",\"@id\":\"https:\\\/\\\/www.meydan.tv\\\/az\\\/#\\\/schema\\\/person\\\/10d11eccf6da3662cf5fdab9806ea91a\"},\"headline\":\"B\u00f6hran\u0131n a\u011f\u0131rl\u0131\u011f\u0131n\u0131 \u0259hali \u00e7\u0259km\u0259li olacaq?\",\"datePublished\":\"2016-10-21T16:44:08+00:00\",\"mainEntityOfPage\":{\"@id\":\"https:\\\/\\\/www.meydan.tv\\\/az\\\/article\\\/bohranin-agirligini-ehali-cekmeli-olacaq\\\/\"},\"wordCount\":1396,\"publisher\":{\"@id\":\"https:\\\/\\\/www.meydan.tv\\\/az\\\/#organization\"},\"image\":{\"@id\":\"https:\\\/\\\/www.meydan.tv\\\/az\\\/article\\\/bohranin-agirligini-ehali-cekmeli-olacaq\\\/#primaryimage\"},\"thumbnailUrl\":\"https:\\\/\\\/www.meydan.tv\\\/wp-content\\\/uploads\\\/27201.jpg\",\"articleSection\":[\"Analitika\"],\"inLanguage\":\"az\"},{\"@type\":\"WebPage\",\"@id\":\"https:\\\/\\\/www.meydan.tv\\\/az\\\/article\\\/bohranin-agirligini-ehali-cekmeli-olacaq\\\/\",\"url\":\"https:\\\/\\\/www.meydan.tv\\\/az\\\/article\\\/bohranin-agirligini-ehali-cekmeli-olacaq\\\/\",\"name\":\"B\u00f6hran\u0131n a\u011f\u0131rl\u0131\u011f\u0131n\u0131 \u0259hali \u00e7\u0259km\u0259li olacaq? - MEYDAN.TV\",\"isPartOf\":{\"@id\":\"https:\\\/\\\/www.meydan.tv\\\/az\\\/#website\"},\"primaryImageOfPage\":{\"@id\":\"https:\\\/\\\/www.meydan.tv\\\/az\\\/article\\\/bohranin-agirligini-ehali-cekmeli-olacaq\\\/#primaryimage\"},\"image\":{\"@id\":\"https:\\\/\\\/www.meydan.tv\\\/az\\\/article\\\/bohranin-agirligini-ehali-cekmeli-olacaq\\\/#primaryimage\"},\"thumbnailUrl\":\"https:\\\/\\\/www.meydan.tv\\\/wp-content\\\/uploads\\\/27201.jpg\",\"datePublished\":\"2016-10-21T16:44:08+00:00\",\"breadcrumb\":{\"@id\":\"https:\\\/\\\/www.meydan.tv\\\/az\\\/article\\\/bohranin-agirligini-ehali-cekmeli-olacaq\\\/#breadcrumb\"},\"inLanguage\":\"az\",\"potentialAction\":[{\"@type\":\"ReadAction\",\"target\":[\"https:\\\/\\\/www.meydan.tv\\\/az\\\/article\\\/bohranin-agirligini-ehali-cekmeli-olacaq\\\/\"]}]},{\"@type\":\"ImageObject\",\"inLanguage\":\"az\",\"@id\":\"https:\\\/\\\/www.meydan.tv\\\/az\\\/article\\\/bohranin-agirligini-ehali-cekmeli-olacaq\\\/#primaryimage\",\"url\":\"https:\\\/\\\/www.meydan.tv\\\/wp-content\\\/uploads\\\/27201.jpg\",\"contentUrl\":\"https:\\\/\\\/www.meydan.tv\\\/wp-content\\\/uploads\\\/27201.jpg\",\"width\":400,\"height\":243,\"caption\":\"Source:\"},{\"@type\":\"BreadcrumbList\",\"@id\":\"https:\\\/\\\/www.meydan.tv\\\/az\\\/article\\\/bohranin-agirligini-ehali-cekmeli-olacaq\\\/#breadcrumb\",\"itemListElement\":[{\"@type\":\"ListItem\",\"position\":1,\"name\":\"Ana s\u0259hif\u0259\",\"item\":\"https:\\\/\\\/www.meydan.tv\\\/az\\\/\"},{\"@type\":\"ListItem\",\"position\":2,\"name\":\"Analitika\",\"item\":\"https:\\\/\\\/www.meydan.tv\\\/az\\\/section\\\/analitika\\\/\"},{\"@type\":\"ListItem\",\"position\":3,\"name\":\"B\u00f6hran\u0131n a\u011f\u0131rl\u0131\u011f\u0131n\u0131 \u0259hali \u00e7\u0259km\u0259li olacaq?\"}]},{\"@type\":\"WebSite\",\"@id\":\"https:\\\/\\\/www.meydan.tv\\\/az\\\/#website\",\"url\":\"https:\\\/\\\/www.meydan.tv\\\/az\\\/\",\"name\":\"MEYDAN.TV\",\"description\":\"Meydan TV Az\u0259rbaycan\u0131n media m\u0259kan\u0131ndak\u0131 alternativ s\u0259sidir\",\"publisher\":{\"@id\":\"https:\\\/\\\/www.meydan.tv\\\/az\\\/#organization\"},\"potentialAction\":[{\"@type\":\"SearchAction\",\"target\":{\"@type\":\"EntryPoint\",\"urlTemplate\":\"https:\\\/\\\/www.meydan.tv\\\/az\\\/?s={search_term_string}\"},\"query-input\":{\"@type\":\"PropertyValueSpecification\",\"valueRequired\":true,\"valueName\":\"search_term_string\"}}],\"inLanguage\":\"az\"},{\"@type\":\"Organization\",\"@id\":\"https:\\\/\\\/www.meydan.tv\\\/az\\\/#organization\",\"name\":\"Meydan TV\",\"url\":\"https:\\\/\\\/www.meydan.tv\\\/az\\\/\",\"logo\":{\"@type\":\"ImageObject\",\"inLanguage\":\"az\",\"@id\":\"https:\\\/\\\/www.meydan.tv\\\/az\\\/#\\\/schema\\\/logo\\\/image\\\/\",\"url\":\"https:\\\/\\\/www.meydan.tv\\\/wp-content\\\/uploads\\\/2021\\\/07\\\/meydan-logo.svg\",\"contentUrl\":\"https:\\\/\\\/www.meydan.tv\\\/wp-content\\\/uploads\\\/2021\\\/07\\\/meydan-logo.svg\",\"width\":195,\"height\":46,\"caption\":\"Meydan TV\"},\"image\":{\"@id\":\"https:\\\/\\\/www.meydan.tv\\\/az\\\/#\\\/schema\\\/logo\\\/image\\\/\"}},{\"@type\":\"Person\",\"@id\":\"https:\\\/\\\/www.meydan.tv\\\/az\\\/#\\\/schema\\\/person\\\/10d11eccf6da3662cf5fdab9806ea91a\",\"name\":\"user-manager\"}]}<\/script>\n<!-- \/ Yoast SEO plugin. -->","yoast_head_json":{"title":"B\u00f6hran\u0131n a\u011f\u0131rl\u0131\u011f\u0131n\u0131 \u0259hali \u00e7\u0259km\u0259li olacaq? - MEYDAN.TV","robots":{"index":"index","follow":"follow","max-snippet":"max-snippet:-1","max-image-preview":"max-image-preview:large","max-video-preview":"max-video-preview:-1"},"canonical":"https:\/\/www.meydan.tv\/az\/article\/bohranin-agirligini-ehali-cekmeli-olacaq\/","og_locale":"az_AZ","og_type":"article","og_title":"B\u00f6hran\u0131n a\u011f\u0131rl\u0131\u011f\u0131n\u0131 \u0259hali \u00e7\u0259km\u0259li olacaq? - MEYDAN.TV","og_description":"\u00d6lk\u0259miz yeni sosial-siyasi m\u0259rh\u0259l\u0259 \u0259r\u0259f\u0259sind\u0259 olsa da, ba\u015f ver\u0259 bil\u0259c\u0259k ... Davam\u0131","og_url":"https:\/\/www.meydan.tv\/az\/article\/bohranin-agirligini-ehali-cekmeli-olacaq\/","og_site_name":"MEYDAN.TV","article_published_time":"2016-10-21T16:44:08+00:00","og_image":[{"width":400,"height":243,"url":"https:\/\/www.meydan.tv\/wp-content\/uploads\/27201.jpg","type":"image\/jpeg"}],"author":"user-manager","twitter_card":"summary_large_image","schema":{"@context":"https:\/\/schema.org","@graph":[{"@type":"Article","@id":"https:\/\/www.meydan.tv\/az\/article\/bohranin-agirligini-ehali-cekmeli-olacaq\/#article","isPartOf":{"@id":"https:\/\/www.meydan.tv\/az\/article\/bohranin-agirligini-ehali-cekmeli-olacaq\/"},"author":{"name":"user-manager","@id":"https:\/\/www.meydan.tv\/az\/#\/schema\/person\/10d11eccf6da3662cf5fdab9806ea91a"},"headline":"B\u00f6hran\u0131n a\u011f\u0131rl\u0131\u011f\u0131n\u0131 \u0259hali \u00e7\u0259km\u0259li olacaq?","datePublished":"2016-10-21T16:44:08+00:00","mainEntityOfPage":{"@id":"https:\/\/www.meydan.tv\/az\/article\/bohranin-agirligini-ehali-cekmeli-olacaq\/"},"wordCount":1396,"publisher":{"@id":"https:\/\/www.meydan.tv\/az\/#organization"},"image":{"@id":"https:\/\/www.meydan.tv\/az\/article\/bohranin-agirligini-ehali-cekmeli-olacaq\/#primaryimage"},"thumbnailUrl":"https:\/\/www.meydan.tv\/wp-content\/uploads\/27201.jpg","articleSection":["Analitika"],"inLanguage":"az"},{"@type":"WebPage","@id":"https:\/\/www.meydan.tv\/az\/article\/bohranin-agirligini-ehali-cekmeli-olacaq\/","url":"https:\/\/www.meydan.tv\/az\/article\/bohranin-agirligini-ehali-cekmeli-olacaq\/","name":"B\u00f6hran\u0131n a\u011f\u0131rl\u0131\u011f\u0131n\u0131 \u0259hali \u00e7\u0259km\u0259li olacaq? - MEYDAN.TV","isPartOf":{"@id":"https:\/\/www.meydan.tv\/az\/#website"},"primaryImageOfPage":{"@id":"https:\/\/www.meydan.tv\/az\/article\/bohranin-agirligini-ehali-cekmeli-olacaq\/#primaryimage"},"image":{"@id":"https:\/\/www.meydan.tv\/az\/article\/bohranin-agirligini-ehali-cekmeli-olacaq\/#primaryimage"},"thumbnailUrl":"https:\/\/www.meydan.tv\/wp-content\/uploads\/27201.jpg","datePublished":"2016-10-21T16:44:08+00:00","breadcrumb":{"@id":"https:\/\/www.meydan.tv\/az\/article\/bohranin-agirligini-ehali-cekmeli-olacaq\/#breadcrumb"},"inLanguage":"az","potentialAction":[{"@type":"ReadAction","target":["https:\/\/www.meydan.tv\/az\/article\/bohranin-agirligini-ehali-cekmeli-olacaq\/"]}]},{"@type":"ImageObject","inLanguage":"az","@id":"https:\/\/www.meydan.tv\/az\/article\/bohranin-agirligini-ehali-cekmeli-olacaq\/#primaryimage","url":"https:\/\/www.meydan.tv\/wp-content\/uploads\/27201.jpg","contentUrl":"https:\/\/www.meydan.tv\/wp-content\/uploads\/27201.jpg","width":400,"height":243,"caption":"Source:"},{"@type":"BreadcrumbList","@id":"https:\/\/www.meydan.tv\/az\/article\/bohranin-agirligini-ehali-cekmeli-olacaq\/#breadcrumb","itemListElement":[{"@type":"ListItem","position":1,"name":"Ana s\u0259hif\u0259","item":"https:\/\/www.meydan.tv\/az\/"},{"@type":"ListItem","position":2,"name":"Analitika","item":"https:\/\/www.meydan.tv\/az\/section\/analitika\/"},{"@type":"ListItem","position":3,"name":"B\u00f6hran\u0131n a\u011f\u0131rl\u0131\u011f\u0131n\u0131 \u0259hali \u00e7\u0259km\u0259li olacaq?"}]},{"@type":"WebSite","@id":"https:\/\/www.meydan.tv\/az\/#website","url":"https:\/\/www.meydan.tv\/az\/","name":"MEYDAN.TV","description":"Meydan TV Az\u0259rbaycan\u0131n media m\u0259kan\u0131ndak\u0131 alternativ s\u0259sidir","publisher":{"@id":"https:\/\/www.meydan.tv\/az\/#organization"},"potentialAction":[{"@type":"SearchAction","target":{"@type":"EntryPoint","urlTemplate":"https:\/\/www.meydan.tv\/az\/?s={search_term_string}"},"query-input":{"@type":"PropertyValueSpecification","valueRequired":true,"valueName":"search_term_string"}}],"inLanguage":"az"},{"@type":"Organization","@id":"https:\/\/www.meydan.tv\/az\/#organization","name":"Meydan TV","url":"https:\/\/www.meydan.tv\/az\/","logo":{"@type":"ImageObject","inLanguage":"az","@id":"https:\/\/www.meydan.tv\/az\/#\/schema\/logo\/image\/","url":"https:\/\/www.meydan.tv\/wp-content\/uploads\/2021\/07\/meydan-logo.svg","contentUrl":"https:\/\/www.meydan.tv\/wp-content\/uploads\/2021\/07\/meydan-logo.svg","width":195,"height":46,"caption":"Meydan TV"},"image":{"@id":"https:\/\/www.meydan.tv\/az\/#\/schema\/logo\/image\/"}},{"@type":"Person","@id":"https:\/\/www.meydan.tv\/az\/#\/schema\/person\/10d11eccf6da3662cf5fdab9806ea91a","name":"user-manager"}]}},"_links":{"self":[{"href":"https:\/\/www.meydan.tv\/az\/wp-json\/wp\/v2\/posts\/179791","targetHints":{"allow":["GET"]}}],"collection":[{"href":"https:\/\/www.meydan.tv\/az\/wp-json\/wp\/v2\/posts"}],"about":[{"href":"https:\/\/www.meydan.tv\/az\/wp-json\/wp\/v2\/types\/post"}],"author":[{"embeddable":true,"href":"https:\/\/www.meydan.tv\/az\/wp-json\/wp\/v2\/users\/11"}],"replies":[{"embeddable":true,"href":"https:\/\/www.meydan.tv\/az\/wp-json\/wp\/v2\/comments?post=179791"}],"version-history":[{"count":0,"href":"https:\/\/www.meydan.tv\/az\/wp-json\/wp\/v2\/posts\/179791\/revisions"}],"wp:featuredmedia":[{"embeddable":true,"href":"https:\/\/www.meydan.tv\/az\/wp-json\/wp\/v2\/media\/71048"}],"wp:attachment":[{"href":"https:\/\/www.meydan.tv\/az\/wp-json\/wp\/v2\/media?parent=179791"}],"wp:term":[{"taxonomy":"category","embeddable":true,"href":"https:\/\/www.meydan.tv\/az\/wp-json\/wp\/v2\/categories?post=179791"},{"taxonomy":"post_tag","embeddable":true,"href":"https:\/\/www.meydan.tv\/az\/wp-json\/wp\/v2\/tags?post=179791"}],"curies":[{"name":"wp","href":"https:\/\/api.w.org\/{rel}","templated":true}]}}