{"id":179774,"date":"2016-10-21T13:21:02","date_gmt":"2016-10-21T13:21:02","guid":{"rendered":"https:\/\/www.meydan.tv\/article\/hokumet-israfciliqla-mesguldur\/"},"modified":"2016-10-21T13:21:02","modified_gmt":"2016-10-21T13:21:02","slug":"hokumet-israfciliqla-mesguldur","status":"publish","type":"post","link":"https:\/\/www.meydan.tv\/az\/article\/hokumet-israfciliqla-mesguldur\/","title":{"rendered":"H\u00f6kum\u0259t israf\u00e7\u0131l\u0131qla m\u0259\u015f\u011fuldur"},"content":{"rendered":"<figure class=\"wp-block-image size-large\">\n  <img decoding=\"async\" src=\"https:\/\/www.meydan.tv\/az\/70949\/\" alt=\"\" class=\"wp-image-70949\"\/><figcaption><\/figcaption><\/figure>\n<p>\n  <i><br \/>\n    Bu ilin 8 ay\u0131nda \u00f6t\u0259n il\u0259 nisb\u0259t\u0259n \u00fcmumi d\u00f6vl\u0259t xidm\u0259tin\u0259 60,1 faiz \u00e7ox, iqtisadiyyat\u0131n maliyy\u0259l\u0259\u015fdirilm\u0259sin\u0259 62 faiz az v\u0259sait ayr\u0131lmazd\u0131<br \/>\n  <\/i>\n<\/p>\n<p>\n  H\u00f6k\u00fcm\u0259ti idar\u0259 ed\u0259nl\u0259r \u00f6lk\u0259nin inki\u015faf\u0131na y\u00f6n\u0259l\u0259n v\u0259saitd\u0259n k\u0259sib \u00f6zl\u0259rinin sosial-maddi t\u0259minat\u0131na y\u00f6n\u0259ldirl\u0259r.\n<\/p>\n<p>\n  B\u00fcdc\u0259 r\u0259q\u0259ml\u0259ri g\u00f6st\u0259rir ki, d\u00f6vl\u0259tin idar\u0259etm\u0259 x\u0259rcl\u0259ri 60 faizd\u0259n \u00e7ox art\u0131b.\n<\/p>\n<p>\n  Haz\u0131rda h\u00f6k\u00fcm\u0259tin qar\u015f\u0131s\u0131nda duran ba\u015fl\u0131ca h\u0259d\u0259f \u00e7evik v\u0259 rasional idar\u0259etm\u0259nin, s\u0259m\u0259r\u0259li d\u00f6vl\u0259t t\u0259nziml\u0259nm\u0259sinin, yetkin bazar m\u00fcnasib\u0259tl\u0259rinin qurulmas\u0131, r\u0259qab\u0259tin v\u0259 innovativ f\u0259aliyy\u0259tin d\u0259st\u0259kl\u0259nm\u0259si yolu milli iqtisadiyyat\u0131n strukturunu t\u0259kmill\u0259\u015fdirm\u0259k v\u0259 ixracy\u00f6nl\u00fc qeyri-neft sektorunu inki\u015faf etdirm\u0259k olmal\u0131d\u0131r.\n<\/p>\n<p>\n  <i><br \/>\n    H\u0259r 5 manatdan 1-i\u2026<br \/>\n  <\/i>\n<\/p>\n<p>\n  Lakin statistik r\u0259q\u0259ml\u0259r g\u00f6st\u0259rir ki, bu il \u0259rzind\u0259 b\u00fcdc\u0259 x\u0259rcl\u0259rinin s\u0259m\u0259r\u0259liliyini art\u0131rma\u011f\u0131 qar\u015f\u0131s\u0131na &#8220;taley\u00fckl\u00fc&#8221; v\u0259zif\u0259 kimi qoyan h\u00f6k\u00fcm\u0259t yen\u0259 d\u0259 israf\u00e7\u0131l\u0131qla m\u0259\u015f\u011fuldur. Bel\u0259 ki, D\u00f6vl\u0259t Statistika Komit\u0259sinin a\u00e7\u0131qlamalar\u0131na g\u00f6r\u0259, 2016-c\u0131 ilin yanvar-avqust aylar\u0131nda \u00fcmumi d\u00f6vl\u0259t xidm\u0259tl\u0259ri x\u0259rcl\u0259ri \u00f6t\u0259n ill\u0259 m\u00fcqayis\u0259d\u0259 60,1 faiz \u00e7ox icra olunub. N\u0259tic\u0259d\u0259 bu ilin ilk 8 ay\u0131nda \u00fcmumi d\u00f6vl\u0259t xidm\u0259ti \u00fczr\u0259 x\u0259rcl\u0259m\u0259l\u0259l\u0259r \u00f6t\u0259n il\u0259 nisb\u0259t\u0259n 617 milyon manat \u00e7ox olub. Bel\u0259 ki, \u0259g\u0259r \u00f6t\u0259n ilin 8 ay\u0131nda bu m\u0259qs\u0259dl\u0259 1 milyard 9 milyon manat v\u0259sait x\u0259rcl\u0259nmi\u015fdirs\u0259, bu ilin yanvar-sentyabr aylar\u0131nda b\u00fcdc\u0259sinin x\u0259rcl\u0259m\u0259l\u0259ri 1 milyard 616 milyon manata \u00e7at\u0131b. Bel\u0259likl\u0259 d\u0259 cari ilin 8 ay\u0131nda b\u00fcdc\u0259 v\u0259saitl\u0259rinin 17,3 faizi v\u0259 ya h\u0259r 5 manatdan 1 manata q\u0259d\u0259ri \u00fcmumi d\u00f6vl\u0259t xidm\u0259tl\u0259ri x\u0259rcl\u0259rinin maliyy\u0259l\u0259\u015fdirilm\u0259sin\u0259 y\u00f6n\u0259ldilib.\n<\/p>\n<p>\n  Art\u0131m\u0131n struktur t\u0259hlili g\u00f6st\u0259rir ki, onun 10 faiz\u0259 q\u0259d\u0259ri beyn\u0259lxalq t\u0259\u015fkilatlara \u00fczvl\u00fck haqq\u0131 \u00fczr\u0259 manatla ifad\u0259 olunan maliyy\u0259 \u00f6hd\u0259likl\u0259rinin \u00e7oxalmas\u0131na g\u00f6r\u0259dir, el\u0259c\u0259 d\u0259 art\u0131mdan m\u0259hk\u0259m\u0259 hakimiyy\u0259ti, h\u00fcquq &#8211; m\u00fchafiz\u0259 v\u0259 prokurorluq orqanlar\u0131na c\u00fczi pay d\u00fc\u015f\u00fcb, lakin ondan \u0259n \u00e7ox b\u0259hr\u0259l\u0259n\u0259n m\u0259rk\u0259zi v\u0259 yerli icra hakimiyy\u0259tl\u0259ri v\u0259 qanunvericilik hakimiyy\u0259ti olub.\n<\/p>\n<p>\n  <i><br \/>\n    \u00c7ox t\u0259zadl\u0131d\u0131r, el\u0259 deyilmi?<br \/>\n  <\/i>\n<\/p>\n<p>\n  Maliyy\u0259 \u00e7\u0259tinliyi il\u0259 qar\u015f\u0131la\u015fan, buna g\u00f6r\u0259 d\u0259 inki\u015faf y\u00f6nl\u00fc istiqam\u0259tl\u0259r\u0259 v\u0259sait ayr\u0131lmas\u0131n\u0131 k\u0259skin ixtisar ed\u0259n, \u0259haliy\u0259 &#8220;k\u0259m\u0259rl\u0259rinizi s\u0131x\u0131n&#8221; mesajlari ver\u0259n, bahal\u0131 Mersedesd\u0259n d\u00fc\u015f\u00fcb ucuz NAZ-Lifana min\u0259n h\u00f6k\u00fcm\u0259t n\u0259d\u0259n \u00fcmimi d\u00f6vl\u0259t xidm\u0259ti funksional x\u0259rc madd\u0259sini ke\u00e7\u0259n il\u0259 nisb\u0259t\u0259n 60 faizd\u0259n \u00e7ox v\u0259sait ay\u0131r\u0131r? N\u0259 ba\u015f verdi? Ax\u0131, \u0259ksin\u0259 ba\u015f ver\u0259nl\u0259r bu x\u0259rc madd\u0259si \u00fczr\u0259 azalman\u0131 \u015f\u0259rtl\u0259ndirm\u0259li idi, \u00e7\u00fcnki yeni yaranan strukturlar k\u00f6hn\u0259l\u0259rin l\u0259\u011fvin\u0259 g\u0259tirib \u00e7\u0131xarm\u0131\u015fd\u0131. Diqq\u0259t edin, yaln\u0131z Maliyy\u0259 Bazarlar\u0131na N\u0259zar\u0259t Palatas\u0131 publik h\u00fcquqi \u015f\u0259xsin yaranmas\u0131 Qiym\u0259tli Ka\u011f\u0131zlar \u00fczr\u0259 D\u00f6vl\u0259t Komit\u0259sinin, D\u00f6vl\u0259t S\u0131\u011forta N\u0259zar\u0259ti Xidm\u0259tinin v\u0259 Maliyy\u0259 Monitorinqi Xidm\u0259tinin l\u0259\u011fvini \u015f\u0259rtl\u0259ndirib, b\u0259s onda n\u0259d\u0259n bel\u0259 struktur d\u0259yi\u015fiklikl\u0259rinin n\u0259tic\u0259si b\u00fcdc\u0259d\u0259 g\u00f6rs\u0259nmir?\n<\/p>\n<p>\n  <i><br \/>\n    S\u00f6zd\u0259 q\u0259na\u0259td\u0259n israf\u00e7\u0131l\u0131\u011fa\u2026<br \/>\n  <\/i>\n<\/p>\n<p>\n  Ax\u0131, b\u00fcdc\u0259nin \u0259ks\u0259r x\u0259rcl\u0259rinin ixtisar olundu\u011fu d\u00f6vrd\u0259 idar\u0259etm\u0259 aparat\u0131n\u0131n saxlanmas\u0131 x\u0259rcl\u0259rinin 60 faizd\u0259n \u00e7ox artmas\u0131 h\u00f6k\u00fcm\u0259tin struktur islahatlar\u0131 v\u0259 q\u0259na\u0259t rejimin\u0259 ke\u00e7idl\u0259 ba\u011fl\u0131 s\u0259sl\u0259ndirdiyi fikirl\u0259r\u0259 k\u00f6lg\u0259 sal\u0131r. \u018fslind\u0259 idar\u0259etm\u0259d\u0259 struktur islahatlar\u0131 v\u0259 q\u0259na\u0259t rejimin\u0259 ke\u00e7idin ilkin n\u0259tic\u0259l\u0259ri \u00f6z\u00fcn\u00fc b\u00fcdc\u0259nin idar\u0259etm\u0259 x\u0259rcl\u0259rinin azalmas\u0131nda t\u0259c\u0259ss\u00fcm etdirm\u0259lidir. \u018fksin\u0259 b\u00fcdc\u0259 r\u0259q\u0259ml\u0259ri g\u00f6st\u0259rir ki, h\u00f6k\u00fcm\u0259ti idar\u0259 ed\u0259nl\u0259r iqtisadi b\u00f6hran d\u00f6vr\u00fcnd\u0259 izafi x\u0259rcl\u0259rini ixtisar etm\u0259k \u0259v\u0259zin\u0259 onu art\u0131r\u0131rlar, bir s\u00f6zl\u0259 \u00f6lk\u0259nin inki\u015faf\u0131na y\u00f6n\u0259l\u0259n v\u0259saitd\u0259n k\u0259sib \u00f6zl\u0259rinin sosial-maddi t\u0259minat\u0131na y\u00f6n\u0259ldirl\u0259r. Dem\u0259li, \u00f6lk\u0259d\u0259 q\u0259na\u0259t rejimin\u0259 ke\u00e7idl\u0259 ba\u011fl\u0131 deyil\u0259nl\u0259r daha \u00e7ox siyasi b\u0259yanatlar \u00fc\u00e7\u00fcnd\u00fcr, t\u0259bli\u011fat xarakteri da\u015f\u0131y\u0131r. Bel\u0259 olmasayd\u0131, bu ilin 8 ay\u0131nda \u00f6t\u0259n il\u0259 nisb\u0259t\u0259n \u00fcmumi d\u00f6vl\u0259t xidm\u0259tin\u0259 60,1 faiz \u00e7ox, iqtisadiyyat\u0131n maliyy\u0259l\u0259\u015fdirilm\u0259sin\u0259 62 faiz az v\u0259sait ayr\u0131lmazd\u0131.<\/p>\n","protected":false},"excerpt":{"rendered":"<p>Bu ilin 8 ay\u0131nda \u00f6t\u0259n il\u0259 nisb\u0259t\u0259n \u00fcmumi d\u00f6vl\u0259t xidm\u0259tin\u0259 60,1 faiz \u00e7ox, iqtisadiyyat\u0131n maliyy\u0259l\u0259\u015fdirilm\u0259sin\u0259 62 faiz az v\u0259sait ayr\u0131lmazd\u0131<\/p>\n","protected":false},"author":11,"featured_media":70949,"comment_status":"closed","ping_status":"open","sticky":false,"template":"","format":"standard","meta":{"_acf_changed":false,"_sitemap_exclude":false,"_sitemap_priority":"","_sitemap_frequency":"","footnotes":""},"categories":[51],"tags":[],"class_list":["post-179774","post","type-post","status-publish","format-standard","has-post-thumbnail","hentry","category-analitika","infinite-scroll-item","generate-columns","tablet-grid-50","mobile-grid-100","grid-parent","grid-33","no-featured-image-padding"],"acf":[],"yoast_head":"<!-- This site is optimized with the Yoast SEO plugin v27.5 - https:\/\/yoast.com\/product\/yoast-seo-wordpress\/ -->\n<title>H\u00f6kum\u0259t israf\u00e7\u0131l\u0131qla m\u0259\u015f\u011fuldur - MEYDAN.TV<\/title>\n<meta name=\"robots\" content=\"index, follow, max-snippet:-1, max-image-preview:large, max-video-preview:-1\" \/>\n<link rel=\"canonical\" href=\"https:\/\/www.meydan.tv\/az\/article\/hokumet-israfciliqla-mesguldur\/\" \/>\n<meta property=\"og:locale\" content=\"az_AZ\" \/>\n<meta property=\"og:type\" content=\"article\" \/>\n<meta property=\"og:title\" content=\"H\u00f6kum\u0259t israf\u00e7\u0131l\u0131qla m\u0259\u015f\u011fuldur - MEYDAN.TV\" \/>\n<meta property=\"og:description\" content=\"Bu ilin 8 ay\u0131nda \u00f6t\u0259n il\u0259 nisb\u0259t\u0259n \u00fcmumi d\u00f6vl\u0259t xidm\u0259tin\u0259 60,1 faiz \u00e7ox, iqtisadiyyat\u0131n maliyy\u0259l\u0259\u015fdirilm\u0259sin\u0259 62 faiz az v\u0259sait ayr\u0131lmazd\u0131\" \/>\n<meta property=\"og:url\" content=\"https:\/\/www.meydan.tv\/az\/article\/hokumet-israfciliqla-mesguldur\/\" \/>\n<meta property=\"og:site_name\" content=\"MEYDAN.TV\" \/>\n<meta property=\"article:published_time\" content=\"2016-10-21T13:21:02+00:00\" \/>\n<meta property=\"og:image\" content=\"https:\/\/www.meydan.tv\/wp-content\/uploads\/27186.jpg\" \/>\n\t<meta property=\"og:image:width\" content=\"768\" \/>\n\t<meta property=\"og:image:height\" content=\"432\" \/>\n\t<meta property=\"og:image:type\" content=\"image\/jpeg\" \/>\n<meta name=\"author\" content=\"user-manager\" \/>\n<meta name=\"twitter:card\" content=\"summary_large_image\" \/>\n<script type=\"application\/ld+json\" class=\"yoast-schema-graph\">{\"@context\":\"https:\\\/\\\/schema.org\",\"@graph\":[{\"@type\":\"Article\",\"@id\":\"https:\\\/\\\/www.meydan.tv\\\/az\\\/article\\\/hokumet-israfciliqla-mesguldur\\\/#article\",\"isPartOf\":{\"@id\":\"https:\\\/\\\/www.meydan.tv\\\/az\\\/article\\\/hokumet-israfciliqla-mesguldur\\\/\"},\"author\":{\"name\":\"user-manager\",\"@id\":\"https:\\\/\\\/www.meydan.tv\\\/az\\\/#\\\/schema\\\/person\\\/10d11eccf6da3662cf5fdab9806ea91a\"},\"headline\":\"H\u00f6kum\u0259t israf\u00e7\u0131l\u0131qla m\u0259\u015f\u011fuldur\",\"datePublished\":\"2016-10-21T13:21:02+00:00\",\"mainEntityOfPage\":{\"@id\":\"https:\\\/\\\/www.meydan.tv\\\/az\\\/article\\\/hokumet-israfciliqla-mesguldur\\\/\"},\"wordCount\":854,\"publisher\":{\"@id\":\"https:\\\/\\\/www.meydan.tv\\\/az\\\/#organization\"},\"image\":{\"@id\":\"https:\\\/\\\/www.meydan.tv\\\/az\\\/article\\\/hokumet-israfciliqla-mesguldur\\\/#primaryimage\"},\"thumbnailUrl\":\"https:\\\/\\\/www.meydan.tv\\\/wp-content\\\/uploads\\\/27186.jpg\",\"articleSection\":[\"Analitika\"],\"inLanguage\":\"az\"},{\"@type\":\"WebPage\",\"@id\":\"https:\\\/\\\/www.meydan.tv\\\/az\\\/article\\\/hokumet-israfciliqla-mesguldur\\\/\",\"url\":\"https:\\\/\\\/www.meydan.tv\\\/az\\\/article\\\/hokumet-israfciliqla-mesguldur\\\/\",\"name\":\"H\u00f6kum\u0259t israf\u00e7\u0131l\u0131qla m\u0259\u015f\u011fuldur - MEYDAN.TV\",\"isPartOf\":{\"@id\":\"https:\\\/\\\/www.meydan.tv\\\/az\\\/#website\"},\"primaryImageOfPage\":{\"@id\":\"https:\\\/\\\/www.meydan.tv\\\/az\\\/article\\\/hokumet-israfciliqla-mesguldur\\\/#primaryimage\"},\"image\":{\"@id\":\"https:\\\/\\\/www.meydan.tv\\\/az\\\/article\\\/hokumet-israfciliqla-mesguldur\\\/#primaryimage\"},\"thumbnailUrl\":\"https:\\\/\\\/www.meydan.tv\\\/wp-content\\\/uploads\\\/27186.jpg\",\"datePublished\":\"2016-10-21T13:21:02+00:00\",\"breadcrumb\":{\"@id\":\"https:\\\/\\\/www.meydan.tv\\\/az\\\/article\\\/hokumet-israfciliqla-mesguldur\\\/#breadcrumb\"},\"inLanguage\":\"az\",\"potentialAction\":[{\"@type\":\"ReadAction\",\"target\":[\"https:\\\/\\\/www.meydan.tv\\\/az\\\/article\\\/hokumet-israfciliqla-mesguldur\\\/\"]}]},{\"@type\":\"ImageObject\",\"inLanguage\":\"az\",\"@id\":\"https:\\\/\\\/www.meydan.tv\\\/az\\\/article\\\/hokumet-israfciliqla-mesguldur\\\/#primaryimage\",\"url\":\"https:\\\/\\\/www.meydan.tv\\\/wp-content\\\/uploads\\\/27186.jpg\",\"contentUrl\":\"https:\\\/\\\/www.meydan.tv\\\/wp-content\\\/uploads\\\/27186.jpg\",\"width\":768,\"height\":432,\"caption\":\"Source:\"},{\"@type\":\"BreadcrumbList\",\"@id\":\"https:\\\/\\\/www.meydan.tv\\\/az\\\/article\\\/hokumet-israfciliqla-mesguldur\\\/#breadcrumb\",\"itemListElement\":[{\"@type\":\"ListItem\",\"position\":1,\"name\":\"Ana s\u0259hif\u0259\",\"item\":\"https:\\\/\\\/www.meydan.tv\\\/az\\\/\"},{\"@type\":\"ListItem\",\"position\":2,\"name\":\"Analitika\",\"item\":\"https:\\\/\\\/www.meydan.tv\\\/az\\\/section\\\/analitika\\\/\"},{\"@type\":\"ListItem\",\"position\":3,\"name\":\"H\u00f6kum\u0259t israf\u00e7\u0131l\u0131qla m\u0259\u015f\u011fuldur\"}]},{\"@type\":\"WebSite\",\"@id\":\"https:\\\/\\\/www.meydan.tv\\\/az\\\/#website\",\"url\":\"https:\\\/\\\/www.meydan.tv\\\/az\\\/\",\"name\":\"MEYDAN.TV\",\"description\":\"Meydan TV Az\u0259rbaycan\u0131n media m\u0259kan\u0131ndak\u0131 alternativ s\u0259sidir\",\"publisher\":{\"@id\":\"https:\\\/\\\/www.meydan.tv\\\/az\\\/#organization\"},\"potentialAction\":[{\"@type\":\"SearchAction\",\"target\":{\"@type\":\"EntryPoint\",\"urlTemplate\":\"https:\\\/\\\/www.meydan.tv\\\/az\\\/?s={search_term_string}\"},\"query-input\":{\"@type\":\"PropertyValueSpecification\",\"valueRequired\":true,\"valueName\":\"search_term_string\"}}],\"inLanguage\":\"az\"},{\"@type\":\"Organization\",\"@id\":\"https:\\\/\\\/www.meydan.tv\\\/az\\\/#organization\",\"name\":\"Meydan TV\",\"url\":\"https:\\\/\\\/www.meydan.tv\\\/az\\\/\",\"logo\":{\"@type\":\"ImageObject\",\"inLanguage\":\"az\",\"@id\":\"https:\\\/\\\/www.meydan.tv\\\/az\\\/#\\\/schema\\\/logo\\\/image\\\/\",\"url\":\"https:\\\/\\\/www.meydan.tv\\\/wp-content\\\/uploads\\\/2021\\\/07\\\/meydan-logo.svg\",\"contentUrl\":\"https:\\\/\\\/www.meydan.tv\\\/wp-content\\\/uploads\\\/2021\\\/07\\\/meydan-logo.svg\",\"width\":195,\"height\":46,\"caption\":\"Meydan TV\"},\"image\":{\"@id\":\"https:\\\/\\\/www.meydan.tv\\\/az\\\/#\\\/schema\\\/logo\\\/image\\\/\"}},{\"@type\":\"Person\",\"@id\":\"https:\\\/\\\/www.meydan.tv\\\/az\\\/#\\\/schema\\\/person\\\/10d11eccf6da3662cf5fdab9806ea91a\",\"name\":\"user-manager\"}]}<\/script>\n<!-- \/ Yoast SEO plugin. -->","yoast_head_json":{"title":"H\u00f6kum\u0259t israf\u00e7\u0131l\u0131qla m\u0259\u015f\u011fuldur - MEYDAN.TV","robots":{"index":"index","follow":"follow","max-snippet":"max-snippet:-1","max-image-preview":"max-image-preview:large","max-video-preview":"max-video-preview:-1"},"canonical":"https:\/\/www.meydan.tv\/az\/article\/hokumet-israfciliqla-mesguldur\/","og_locale":"az_AZ","og_type":"article","og_title":"H\u00f6kum\u0259t israf\u00e7\u0131l\u0131qla m\u0259\u015f\u011fuldur - MEYDAN.TV","og_description":"Bu ilin 8 ay\u0131nda \u00f6t\u0259n il\u0259 nisb\u0259t\u0259n \u00fcmumi d\u00f6vl\u0259t xidm\u0259tin\u0259 60,1 faiz \u00e7ox, iqtisadiyyat\u0131n maliyy\u0259l\u0259\u015fdirilm\u0259sin\u0259 62 faiz az v\u0259sait ayr\u0131lmazd\u0131","og_url":"https:\/\/www.meydan.tv\/az\/article\/hokumet-israfciliqla-mesguldur\/","og_site_name":"MEYDAN.TV","article_published_time":"2016-10-21T13:21:02+00:00","og_image":[{"width":768,"height":432,"url":"https:\/\/www.meydan.tv\/wp-content\/uploads\/27186.jpg","type":"image\/jpeg"}],"author":"user-manager","twitter_card":"summary_large_image","schema":{"@context":"https:\/\/schema.org","@graph":[{"@type":"Article","@id":"https:\/\/www.meydan.tv\/az\/article\/hokumet-israfciliqla-mesguldur\/#article","isPartOf":{"@id":"https:\/\/www.meydan.tv\/az\/article\/hokumet-israfciliqla-mesguldur\/"},"author":{"name":"user-manager","@id":"https:\/\/www.meydan.tv\/az\/#\/schema\/person\/10d11eccf6da3662cf5fdab9806ea91a"},"headline":"H\u00f6kum\u0259t israf\u00e7\u0131l\u0131qla m\u0259\u015f\u011fuldur","datePublished":"2016-10-21T13:21:02+00:00","mainEntityOfPage":{"@id":"https:\/\/www.meydan.tv\/az\/article\/hokumet-israfciliqla-mesguldur\/"},"wordCount":854,"publisher":{"@id":"https:\/\/www.meydan.tv\/az\/#organization"},"image":{"@id":"https:\/\/www.meydan.tv\/az\/article\/hokumet-israfciliqla-mesguldur\/#primaryimage"},"thumbnailUrl":"https:\/\/www.meydan.tv\/wp-content\/uploads\/27186.jpg","articleSection":["Analitika"],"inLanguage":"az"},{"@type":"WebPage","@id":"https:\/\/www.meydan.tv\/az\/article\/hokumet-israfciliqla-mesguldur\/","url":"https:\/\/www.meydan.tv\/az\/article\/hokumet-israfciliqla-mesguldur\/","name":"H\u00f6kum\u0259t israf\u00e7\u0131l\u0131qla m\u0259\u015f\u011fuldur - MEYDAN.TV","isPartOf":{"@id":"https:\/\/www.meydan.tv\/az\/#website"},"primaryImageOfPage":{"@id":"https:\/\/www.meydan.tv\/az\/article\/hokumet-israfciliqla-mesguldur\/#primaryimage"},"image":{"@id":"https:\/\/www.meydan.tv\/az\/article\/hokumet-israfciliqla-mesguldur\/#primaryimage"},"thumbnailUrl":"https:\/\/www.meydan.tv\/wp-content\/uploads\/27186.jpg","datePublished":"2016-10-21T13:21:02+00:00","breadcrumb":{"@id":"https:\/\/www.meydan.tv\/az\/article\/hokumet-israfciliqla-mesguldur\/#breadcrumb"},"inLanguage":"az","potentialAction":[{"@type":"ReadAction","target":["https:\/\/www.meydan.tv\/az\/article\/hokumet-israfciliqla-mesguldur\/"]}]},{"@type":"ImageObject","inLanguage":"az","@id":"https:\/\/www.meydan.tv\/az\/article\/hokumet-israfciliqla-mesguldur\/#primaryimage","url":"https:\/\/www.meydan.tv\/wp-content\/uploads\/27186.jpg","contentUrl":"https:\/\/www.meydan.tv\/wp-content\/uploads\/27186.jpg","width":768,"height":432,"caption":"Source:"},{"@type":"BreadcrumbList","@id":"https:\/\/www.meydan.tv\/az\/article\/hokumet-israfciliqla-mesguldur\/#breadcrumb","itemListElement":[{"@type":"ListItem","position":1,"name":"Ana s\u0259hif\u0259","item":"https:\/\/www.meydan.tv\/az\/"},{"@type":"ListItem","position":2,"name":"Analitika","item":"https:\/\/www.meydan.tv\/az\/section\/analitika\/"},{"@type":"ListItem","position":3,"name":"H\u00f6kum\u0259t israf\u00e7\u0131l\u0131qla m\u0259\u015f\u011fuldur"}]},{"@type":"WebSite","@id":"https:\/\/www.meydan.tv\/az\/#website","url":"https:\/\/www.meydan.tv\/az\/","name":"MEYDAN.TV","description":"Meydan TV Az\u0259rbaycan\u0131n media m\u0259kan\u0131ndak\u0131 alternativ s\u0259sidir","publisher":{"@id":"https:\/\/www.meydan.tv\/az\/#organization"},"potentialAction":[{"@type":"SearchAction","target":{"@type":"EntryPoint","urlTemplate":"https:\/\/www.meydan.tv\/az\/?s={search_term_string}"},"query-input":{"@type":"PropertyValueSpecification","valueRequired":true,"valueName":"search_term_string"}}],"inLanguage":"az"},{"@type":"Organization","@id":"https:\/\/www.meydan.tv\/az\/#organization","name":"Meydan TV","url":"https:\/\/www.meydan.tv\/az\/","logo":{"@type":"ImageObject","inLanguage":"az","@id":"https:\/\/www.meydan.tv\/az\/#\/schema\/logo\/image\/","url":"https:\/\/www.meydan.tv\/wp-content\/uploads\/2021\/07\/meydan-logo.svg","contentUrl":"https:\/\/www.meydan.tv\/wp-content\/uploads\/2021\/07\/meydan-logo.svg","width":195,"height":46,"caption":"Meydan TV"},"image":{"@id":"https:\/\/www.meydan.tv\/az\/#\/schema\/logo\/image\/"}},{"@type":"Person","@id":"https:\/\/www.meydan.tv\/az\/#\/schema\/person\/10d11eccf6da3662cf5fdab9806ea91a","name":"user-manager"}]}},"_links":{"self":[{"href":"https:\/\/www.meydan.tv\/az\/wp-json\/wp\/v2\/posts\/179774","targetHints":{"allow":["GET"]}}],"collection":[{"href":"https:\/\/www.meydan.tv\/az\/wp-json\/wp\/v2\/posts"}],"about":[{"href":"https:\/\/www.meydan.tv\/az\/wp-json\/wp\/v2\/types\/post"}],"author":[{"embeddable":true,"href":"https:\/\/www.meydan.tv\/az\/wp-json\/wp\/v2\/users\/11"}],"replies":[{"embeddable":true,"href":"https:\/\/www.meydan.tv\/az\/wp-json\/wp\/v2\/comments?post=179774"}],"version-history":[{"count":0,"href":"https:\/\/www.meydan.tv\/az\/wp-json\/wp\/v2\/posts\/179774\/revisions"}],"wp:featuredmedia":[{"embeddable":true,"href":"https:\/\/www.meydan.tv\/az\/wp-json\/wp\/v2\/media\/70949"}],"wp:attachment":[{"href":"https:\/\/www.meydan.tv\/az\/wp-json\/wp\/v2\/media?parent=179774"}],"wp:term":[{"taxonomy":"category","embeddable":true,"href":"https:\/\/www.meydan.tv\/az\/wp-json\/wp\/v2\/categories?post=179774"},{"taxonomy":"post_tag","embeddable":true,"href":"https:\/\/www.meydan.tv\/az\/wp-json\/wp\/v2\/tags?post=179774"}],"curies":[{"name":"wp","href":"https:\/\/api.w.org\/{rel}","templated":true}]}}