{"id":179766,"date":"2016-10-20T19:23:27","date_gmt":"2016-10-20T19:23:27","guid":{"rendered":"https:\/\/www.meydan.tv\/article\/ilham-eliyevin-yeni-secki-mesaji\/"},"modified":"2016-10-20T19:23:27","modified_gmt":"2016-10-20T19:23:27","slug":"ilham-eliyevin-yeni-secki-mesaji","status":"publish","type":"post","link":"https:\/\/www.meydan.tv\/az\/article\/ilham-eliyevin-yeni-secki-mesaji\/","title":{"rendered":"\u0130lham \u018fliyevin yeni se\u00e7ki mesaj\u0131"},"content":{"rendered":"<figure class=\"wp-block-image size-large\">\n  <img decoding=\"async\" src=\"https:\/\/www.meydan.tv\/az\/70922\/\" alt=\"\" class=\"wp-image-70922\"\/><figcaption><\/figcaption><\/figure>\n<figure class=\"wp-block-image size-large\">\n  <img decoding=\"async\" src=\"https:\/\/www.meydan.tv\/az\/70925\/\" alt=\"\" class=\"wp-image-70925\"\/><figcaption><\/figcaption><\/figure>\n<p>\n  <i><br \/>\n    D\u00f6vl\u0259t ba\u015f\u00e7\u0131s\u0131ndan qeyri-m\u00fc\u0259yy\u0259n siyasi cavab v\u0259 a\u011f\u0131rla\u015fan siyasi durum<br \/>\n  <\/i>\n<\/p>\n<p>\n  N\u0259hay\u0259t ki, prezident \u0130lham \u018fliyev Konstitusiyaya d\u0259yi\u015fiklikl\u0259rd\u0259n sonra \u00f6lk\u0259d\u0259 yeni, n\u00f6vb\u0259d\u0259nk\u0259nar prezident se\u00e7kil\u0259rinin ke\u00e7irilib-ke\u00e7irilm\u0259y\u0259c\u0259yin\u0259 ayd\u0131nl\u0131q g\u0259tirdi. \u201cSputnik\u201d kanal\u0131na m\u00fcsahib\u0259sind\u0259 &#8220;Prezident se\u00e7kil\u0259rinin vaxt\u0131 d\u0259yi\u015f\u0259c\u0259kmi v\u0259 siz se\u00e7kil\u0259r\u0259 ged\u0259c\u0259ksinizmi?&#8221; sual\u0131na \u0130lham \u018fliyev bel\u0259 cavab verib: &#8220;Bizim prezident se\u00e7kil\u0259rinin ke\u00e7irilm\u0259 vaxt\u0131n\u0131 d\u0259yi\u015fm\u0259k niyy\u0259timiz yoxdur. M\u0259n bu bar\u0259d\u0259 Az\u0259rbaycanda v\u0259 onun h\u00fcdudlar\u0131ndan k\u0259narda hans\u0131 s\u00f6hb\u0259tl\u0259rin getdiyini bilir\u0259m. Bel\u0259 bir plan\u0131m\u0131z yoxdur, m\u0259n buna ehtiyac da g\u00f6rm\u00fcr\u0259m. Prezident se\u00e7kil\u0259rind\u0259 i\u015ftirak edib-etm\u0259y\u0259c\u0259yim\u0259 g\u0259linc\u0259, n\u00f6vb\u0259ti prezident se\u00e7kil\u0259ri iki ild\u0259n sonra ke\u00e7irilm\u0259lidir. H\u0259r hans\u0131 n\u0259tic\u0259l\u0259r\u0259 g\u0259lm\u0259k v\u0259 q\u0259rar verm\u0259k \u00fc\u00e7\u00fcn h\u0259l\u0259 kifay\u0259t q\u0259d\u0259r vaxt\u0131m\u0131z var. \u018fg\u0259r o vaxt xalq\u0131n d\u0259st\u0259yini bu g\u00fcn oldu\u011fu kimi hiss ets\u0259m, \u0259lb\u0259tt\u0259 ki, bu etimad\u0131 do\u011frultma\u011fa \u00e7al\u0131\u015faca\u011fam\u201d.\n<\/p>\n<p>\n  Bel\u0259likl\u0259, \u0130lham \u018fliyev c\u0259miyy\u0259t\u0259 mesaj verdi. Ehtimal etm\u0259k olar ki, iqtidar \u201c\u0259n yax\u015f\u0131 yenilik el\u0259 k\u00f6hn\u0259liyin \u00f6z\u00fcd\u00fcr\u201d \u015f\u00fcar\u0131na \u00fcst\u00fcnl\u00fck ver\u0259c\u0259k v\u0259 \u00f6lk\u0259d\u0259 kataklizml\u0259r ya\u015fanmayacaqsa, se\u00e7kil\u0259r \u00f6nc\u0259si q\u0131sa bir zamanda \u00f6lk\u0259 boyunca \u0130lham \u018fliyevin n\u00f6vb\u0259ti prezidentliyini \u201ct\u0259l\u0259b ed\u0259n\u201d \u201cz\u0259hm\u0259tke\u015fl\u0259rin\u201d y\u0131\u011f\u0131nca\u011f\u0131 ke\u00e7iril\u0259c\u0259k. \u00d6lk\u0259d\u0259 olan v\u0259 b\u0259zi tan\u0131nm\u0131\u015f beyn\u0259lxalq sosioloji m\u0259rk\u0259zl\u0259r \u0130lham \u018fliyevin reytinqinin h\u0259dd\u0259n ziyad\u0259 y\u00fcks\u0259k olmas\u0131 il\u0259 ba\u011fl\u0131 m\u0259lumatlar yayacaqlar.\n<\/p>\n<p>\n  \u00d6t\u0259n se\u00e7kil\u0259rd\u0259 d\u0259 bel\u0259 bir praktikadan istifad\u0259 edilib. Neft \u00f6lk\u0259si \u00fc\u00e7\u00fcn bel\u0259 bir n\u0259tic\u0259 \u0259ld\u0259 etm\u0259k \u00e7\u0259tin deyil. Bir s\u00f6zl\u0259, hakimiyy\u0259tin bu d\u0259f\u0259 d\u0259 k\u00f6hn\u0259 texnologilardan istifad\u0259 ed\u0259c\u0259yi he\u00e7 k\u0259s\u0259 sirr deyil.\n<\/p>\n<p>\n  Xat\u0131rladaq ki, Az\u0259rbaycanda n\u00f6vb\u0259ti prezident se\u00e7kisi 2018-ci ild\u0259 ke\u00e7irilm\u0259lidir. 2008-ci ild\u0259 ikinci d\u0259f\u0259 prezident se\u00e7il\u0259nd\u0259n sonra \u2013 2009-cu ild\u0259 ke\u00e7iril\u0259n referendumda \u00f6lk\u0259nin Konstitusiyas\u0131 d\u0259yi\u015fdirilib. Yeni d\u0259yi\u015fiklikl\u0259 \u0130lham \u018fliyev d\u00f6rd\u00fcnc\u00fc d\u0259f\u0259 d\u0259 prezident se\u00e7kisind\u0259 i\u015ftirak ed\u0259 bil\u0259r. Lakin hakimiyy\u0259tin fors-major situasiya \u00fc\u00e7\u00fcn ehtiyat variantlar\u0131 da m\u00f6vcud ola bil\u0259r. \u0130lham \u018fliyev son anda \u00f6z namiz\u0259dliyind\u0259n imtina ed\u0259 v\u0259 hakimiyy\u0259tin Q\u0259rb \u00fc\u00e7\u00fcn (el\u0259c\u0259 d\u0259 Rusiya \u00fc\u00e7\u00fcn) c\u0259lbedici g\u00f6r\u00fcn\u0259n dig\u0259r namiz\u0259dini d\u0259st\u0259kl\u0259y\u0259, yax\u0131n 7 ild\u0259 birinci vitse \u2013 prezident postu il\u0259 kifay\u0259tl\u0259n\u0259 v\u0259 bir s\u00f6zl\u0259, \u201cPutin variant\u0131\u201dn\u0131 t\u0259krarlaya bil\u0259r. Yeni namiz\u0259d d\u00fcnya demokratiyas\u0131na bir \u201cgender h\u0259diyy\u0259si\u201d kimi d\u0259 t\u0259qdim oluna bil\u0259r. Bu halda hakimiyy\u0259t k\u0259nar q\u00fcvv\u0259nin n\u0259zar\u0259tin\u0259 ke\u00e7m\u0259m\u0259lidir. Eyni zamanda, yeni namiz\u0259d Az\u0259rbaycan\u0131 idar\u0259 ed\u0259n maliyy\u0259 qruplar\u0131n\u0131n g\u0259lirl\u0259rin\u0259 m\u00fc\u0259yy\u0259n m\u0259nada z\u0259man\u0259t\u00e7i kimi d\u0259 \u00e7\u0131x\u0131\u015f ed\u0259 bil\u0259r.\n<\/p>\n<p>\n  Bu g\u00fcn Q\u0259rbi d\u00fc\u015f\u00fcnd\u00fcr\u0259n \u0259n \u00fcmd\u0259 m\u0259s\u0259l\u0259l\u0259rd\u0259n biri l\u00fcmpenl\u0259\u015fdirilmi\u015f siyasi qurumlar\u0131n hakimiyy\u0259t\u0259 g\u0259l\u0259 bilm\u0259si il\u0259 Az\u0259rbaycanda ba\u015flana bil\u0259c\u0259k yeni \u0259mlak b\u00f6lg\u00fcs\u00fc u\u011frunda sava\u015fd\u0131r ki, bu, sabitliyin tamamil\u0259 pozulmas\u0131 dem\u0259k olard\u0131. T\u0259bii ki, Q\u0259rb bel\u0259 situasiyaya haz\u0131r deyil. Odur ki, maliyy\u0259 r\u0131\u00e7aqlar\u0131na malik olmayan siyasi g\u00fcc m\u0259rk\u0259zl\u0259rinin hakimiyy\u0259t d\u0259yi\u015fiklikl\u0259ri zaman\u0131 yaln\u0131z \u201ck\u00f6m\u0259k\u00e7i element\u201d kimi istifad\u0259 olunmas\u0131dan s\u00f6hb\u0259t ged\u0259 bil\u0259r.\n<\/p>\n<p>\n  Se\u00e7kil\u0259r\u0259 h\u0259l\u0259 vaxt qal\u0131b. Buna baxmayaraq, \u0259g\u0259r, Q\u0259rbin siyasi dair\u0259l\u0259ri Az\u0259rbaycanda siyasi d\u0259yi\u015fiklikl\u0259r\u0259 nail olmaq ist\u0259yirl\u0259rs\u0259, art\u0131q bir ne\u00e7\u0259 istiqam\u0259td\u0259 i\u015f apar\u0131lmal\u0131 idi. Birinci, Ukrayna v\u0259 G\u00fcrc\u00fcstanda oldu\u011fu kimi, \u201cdemokratik inqilab\u0131n\u201d ruporu ola bil\u0259c\u0259k yeni telekanallar v\u0259 q\u0259zetl\u0259r yarad\u0131lmal\u0131 idi. Dig\u0259r t\u0259r\u0259fd\u0259n, yeni siyasi komanda \u00fc\u00e7\u00fcn z\u0259ruri olan maliyy\u0259 yard\u0131mlar\u0131n\u0131n ayr\u0131lmas\u0131 m\u0259s\u0259l\u0259si \u00f6z h\u0259llini tapmal\u0131 idi.\n<\/p>\n<p>\n  V\u0259 \u0259n \u0259sas\u0131 n\u00f6vb\u0259ti m\u00fcmk\u00fcn d\u00f6vl\u0259t ba\u015f\u00e7\u0131s\u0131n\u0131n c\u0259miyy\u0259t\u0259 yeni bir simada t\u0259qdim olunmas\u0131 prosesin\u0259 haz\u0131rl\u0131q getm\u0259li idi. Bu g\u00fcn \u0130lham \u018fliyevd\u0259n ba\u015fqa yaln\u0131z bir ictimai-siyasi xadimin bu istiqam\u0259td\u0259 t\u0259bli\u011fat\u0131 getm\u0259kd\u0259dir. Bu is\u0259 iqtidar\u0131n yeni \u2013 \u201cehtiyat planlar\u0131ndan\u201d x\u0259b\u0259r verir.\n<\/p>\n<p>\n  2018-ci il se\u00e7kil\u0259ri Q\u0259rb \u00fc\u00e7\u00fcn d\u0259 \u201cs\u0131nma n\u00f6qt\u0259si\u201ddir. Art\u0131q ara\u015fd\u0131rma\u00e7\u0131lar bel\u0259 bir versiya ir\u0259li s\u00fcr\u00fcrl\u0259r ki, yeni namiz\u0259d \u201cikinci ail\u0259\u201dd\u0259n ola bil\u0259r.\n<\/p>\n<p>\n  \u018fg\u0259r hakimiyy\u0259t eyni \u015f\u0259xsin d\u00f6rd\u00fcnc\u00fc d\u0259f\u0259 prezidentliyin\u0259 \u201cya\u015f\u0131l i\u015f\u0131q\u201d yand\u0131rarsa, art\u0131q n\u00f6vb\u0259ti siyasi amilin yaln\u0131z xaos ola bil\u0259c\u0259yi ehtimal\u0131 yaran\u0131r. Bunu \u0130lham \u018fliyev d\u0259 anlay\u0131r v\u0259 mesaj verir \u2013 h\u0259l\u0259 q\u0259rar q\u0259bul etm\u0259mi\u015f\u0259m. Lakin art\u0131q iqtisadi b\u00f6hran qabar\u0131q \u015f\u0259kild\u0259 \u00f6z\u00fcn\u00fc b\u00fcruz\u0259 verm\u0259kd\u0259dir. \u0130rili-x\u0131rdal\u0131 \u015firk\u0259tl\u0259r az qala k\u00fctl\u0259vi ixtisarlara ba\u015flay\u0131blar. B\u00fcdc\u0259nin v\u0259ziyy\u0259ti o d\u0259r\u0259c\u0259d\u0259 b\u0259rbadd\u0131r ki, iqtidar \u201cart\u0131q y\u00fckl\u0259rd\u0259n\u201d xilas olma\u011fa m\u0259cburdur. Hakimiyy\u0259t \u00fc\u00e7\u00fcn o q\u0259d\u0259r d\u0259 asan olmayan d\u00f6vr ba\u015flay\u0131r&#8230;<\/p>\n","protected":false},"excerpt":{"rendered":"<p>D\u00f6vl\u0259t ba\u015f\u00e7\u0131s\u0131ndan qeyri-m\u00fc\u0259yy\u0259n siyasi cavab v\u0259 a\u011f\u0131rla\u015fan siyasi durum<\/p>\n","protected":false},"author":11,"featured_media":70922,"comment_status":"closed","ping_status":"open","sticky":false,"template":"","format":"standard","meta":{"_acf_changed":false,"_sitemap_exclude":false,"_sitemap_priority":"","_sitemap_frequency":"","footnotes":""},"categories":[51],"tags":[],"class_list":["post-179766","post","type-post","status-publish","format-standard","has-post-thumbnail","hentry","category-analitika","infinite-scroll-item","generate-columns","tablet-grid-50","mobile-grid-100","grid-parent","grid-33","no-featured-image-padding"],"acf":[],"yoast_head":"<!-- This site is optimized with the Yoast SEO plugin v27.5 - https:\/\/yoast.com\/product\/yoast-seo-wordpress\/ -->\n<title>\u0130lham \u018fliyevin yeni se\u00e7ki mesaj\u0131 - MEYDAN.TV<\/title>\n<meta name=\"robots\" content=\"index, follow, max-snippet:-1, max-image-preview:large, max-video-preview:-1\" \/>\n<link rel=\"canonical\" href=\"https:\/\/www.meydan.tv\/az\/article\/ilham-eliyevin-yeni-secki-mesaji\/\" \/>\n<meta property=\"og:locale\" content=\"az_AZ\" \/>\n<meta property=\"og:type\" content=\"article\" \/>\n<meta property=\"og:title\" content=\"\u0130lham \u018fliyevin yeni se\u00e7ki mesaj\u0131 - MEYDAN.TV\" \/>\n<meta property=\"og:description\" content=\"D\u00f6vl\u0259t ba\u015f\u00e7\u0131s\u0131ndan qeyri-m\u00fc\u0259yy\u0259n siyasi cavab v\u0259 a\u011f\u0131rla\u015fan siyasi durum\" \/>\n<meta property=\"og:url\" content=\"https:\/\/www.meydan.tv\/az\/article\/ilham-eliyevin-yeni-secki-mesaji\/\" \/>\n<meta property=\"og:site_name\" content=\"MEYDAN.TV\" \/>\n<meta property=\"article:published_time\" content=\"2016-10-20T19:23:27+00:00\" \/>\n<meta property=\"og:image\" content=\"https:\/\/www.meydan.tv\/wp-content\/uploads\/27151.jpg\" \/>\n\t<meta property=\"og:image:width\" content=\"500\" \/>\n\t<meta property=\"og:image:height\" content=\"304\" \/>\n\t<meta property=\"og:image:type\" content=\"image\/jpeg\" \/>\n<meta name=\"author\" content=\"user-manager\" \/>\n<meta name=\"twitter:card\" content=\"summary_large_image\" \/>\n<script type=\"application\/ld+json\" class=\"yoast-schema-graph\">{\"@context\":\"https:\\\/\\\/schema.org\",\"@graph\":[{\"@type\":\"Article\",\"@id\":\"https:\\\/\\\/www.meydan.tv\\\/az\\\/article\\\/ilham-eliyevin-yeni-secki-mesaji\\\/#article\",\"isPartOf\":{\"@id\":\"https:\\\/\\\/www.meydan.tv\\\/az\\\/article\\\/ilham-eliyevin-yeni-secki-mesaji\\\/\"},\"author\":{\"name\":\"user-manager\",\"@id\":\"https:\\\/\\\/www.meydan.tv\\\/az\\\/#\\\/schema\\\/person\\\/10d11eccf6da3662cf5fdab9806ea91a\"},\"headline\":\"\u0130lham \u018fliyevin yeni se\u00e7ki mesaj\u0131\",\"datePublished\":\"2016-10-20T19:23:27+00:00\",\"mainEntityOfPage\":{\"@id\":\"https:\\\/\\\/www.meydan.tv\\\/az\\\/article\\\/ilham-eliyevin-yeni-secki-mesaji\\\/\"},\"wordCount\":1004,\"publisher\":{\"@id\":\"https:\\\/\\\/www.meydan.tv\\\/az\\\/#organization\"},\"image\":{\"@id\":\"https:\\\/\\\/www.meydan.tv\\\/az\\\/article\\\/ilham-eliyevin-yeni-secki-mesaji\\\/#primaryimage\"},\"thumbnailUrl\":\"https:\\\/\\\/www.meydan.tv\\\/wp-content\\\/uploads\\\/27151.jpg\",\"articleSection\":[\"Analitika\"],\"inLanguage\":\"az\"},{\"@type\":\"WebPage\",\"@id\":\"https:\\\/\\\/www.meydan.tv\\\/az\\\/article\\\/ilham-eliyevin-yeni-secki-mesaji\\\/\",\"url\":\"https:\\\/\\\/www.meydan.tv\\\/az\\\/article\\\/ilham-eliyevin-yeni-secki-mesaji\\\/\",\"name\":\"\u0130lham \u018fliyevin yeni se\u00e7ki mesaj\u0131 - MEYDAN.TV\",\"isPartOf\":{\"@id\":\"https:\\\/\\\/www.meydan.tv\\\/az\\\/#website\"},\"primaryImageOfPage\":{\"@id\":\"https:\\\/\\\/www.meydan.tv\\\/az\\\/article\\\/ilham-eliyevin-yeni-secki-mesaji\\\/#primaryimage\"},\"image\":{\"@id\":\"https:\\\/\\\/www.meydan.tv\\\/az\\\/article\\\/ilham-eliyevin-yeni-secki-mesaji\\\/#primaryimage\"},\"thumbnailUrl\":\"https:\\\/\\\/www.meydan.tv\\\/wp-content\\\/uploads\\\/27151.jpg\",\"datePublished\":\"2016-10-20T19:23:27+00:00\",\"breadcrumb\":{\"@id\":\"https:\\\/\\\/www.meydan.tv\\\/az\\\/article\\\/ilham-eliyevin-yeni-secki-mesaji\\\/#breadcrumb\"},\"inLanguage\":\"az\",\"potentialAction\":[{\"@type\":\"ReadAction\",\"target\":[\"https:\\\/\\\/www.meydan.tv\\\/az\\\/article\\\/ilham-eliyevin-yeni-secki-mesaji\\\/\"]}]},{\"@type\":\"ImageObject\",\"inLanguage\":\"az\",\"@id\":\"https:\\\/\\\/www.meydan.tv\\\/az\\\/article\\\/ilham-eliyevin-yeni-secki-mesaji\\\/#primaryimage\",\"url\":\"https:\\\/\\\/www.meydan.tv\\\/wp-content\\\/uploads\\\/27151.jpg\",\"contentUrl\":\"https:\\\/\\\/www.meydan.tv\\\/wp-content\\\/uploads\\\/27151.jpg\",\"width\":500,\"height\":304,\"caption\":\"Source:\"},{\"@type\":\"BreadcrumbList\",\"@id\":\"https:\\\/\\\/www.meydan.tv\\\/az\\\/article\\\/ilham-eliyevin-yeni-secki-mesaji\\\/#breadcrumb\",\"itemListElement\":[{\"@type\":\"ListItem\",\"position\":1,\"name\":\"Ana s\u0259hif\u0259\",\"item\":\"https:\\\/\\\/www.meydan.tv\\\/az\\\/\"},{\"@type\":\"ListItem\",\"position\":2,\"name\":\"Analitika\",\"item\":\"https:\\\/\\\/www.meydan.tv\\\/az\\\/section\\\/analitika\\\/\"},{\"@type\":\"ListItem\",\"position\":3,\"name\":\"\u0130lham \u018fliyevin yeni se\u00e7ki mesaj\u0131\"}]},{\"@type\":\"WebSite\",\"@id\":\"https:\\\/\\\/www.meydan.tv\\\/az\\\/#website\",\"url\":\"https:\\\/\\\/www.meydan.tv\\\/az\\\/\",\"name\":\"MEYDAN.TV\",\"description\":\"Meydan TV Az\u0259rbaycan\u0131n media m\u0259kan\u0131ndak\u0131 alternativ s\u0259sidir\",\"publisher\":{\"@id\":\"https:\\\/\\\/www.meydan.tv\\\/az\\\/#organization\"},\"potentialAction\":[{\"@type\":\"SearchAction\",\"target\":{\"@type\":\"EntryPoint\",\"urlTemplate\":\"https:\\\/\\\/www.meydan.tv\\\/az\\\/?s={search_term_string}\"},\"query-input\":{\"@type\":\"PropertyValueSpecification\",\"valueRequired\":true,\"valueName\":\"search_term_string\"}}],\"inLanguage\":\"az\"},{\"@type\":\"Organization\",\"@id\":\"https:\\\/\\\/www.meydan.tv\\\/az\\\/#organization\",\"name\":\"Meydan TV\",\"url\":\"https:\\\/\\\/www.meydan.tv\\\/az\\\/\",\"logo\":{\"@type\":\"ImageObject\",\"inLanguage\":\"az\",\"@id\":\"https:\\\/\\\/www.meydan.tv\\\/az\\\/#\\\/schema\\\/logo\\\/image\\\/\",\"url\":\"https:\\\/\\\/www.meydan.tv\\\/wp-content\\\/uploads\\\/2021\\\/07\\\/meydan-logo.svg\",\"contentUrl\":\"https:\\\/\\\/www.meydan.tv\\\/wp-content\\\/uploads\\\/2021\\\/07\\\/meydan-logo.svg\",\"width\":195,\"height\":46,\"caption\":\"Meydan TV\"},\"image\":{\"@id\":\"https:\\\/\\\/www.meydan.tv\\\/az\\\/#\\\/schema\\\/logo\\\/image\\\/\"}},{\"@type\":\"Person\",\"@id\":\"https:\\\/\\\/www.meydan.tv\\\/az\\\/#\\\/schema\\\/person\\\/10d11eccf6da3662cf5fdab9806ea91a\",\"name\":\"user-manager\"}]}<\/script>\n<!-- \/ Yoast SEO plugin. -->","yoast_head_json":{"title":"\u0130lham \u018fliyevin yeni se\u00e7ki mesaj\u0131 - MEYDAN.TV","robots":{"index":"index","follow":"follow","max-snippet":"max-snippet:-1","max-image-preview":"max-image-preview:large","max-video-preview":"max-video-preview:-1"},"canonical":"https:\/\/www.meydan.tv\/az\/article\/ilham-eliyevin-yeni-secki-mesaji\/","og_locale":"az_AZ","og_type":"article","og_title":"\u0130lham \u018fliyevin yeni se\u00e7ki mesaj\u0131 - MEYDAN.TV","og_description":"D\u00f6vl\u0259t ba\u015f\u00e7\u0131s\u0131ndan qeyri-m\u00fc\u0259yy\u0259n siyasi cavab v\u0259 a\u011f\u0131rla\u015fan siyasi durum","og_url":"https:\/\/www.meydan.tv\/az\/article\/ilham-eliyevin-yeni-secki-mesaji\/","og_site_name":"MEYDAN.TV","article_published_time":"2016-10-20T19:23:27+00:00","og_image":[{"width":500,"height":304,"url":"https:\/\/www.meydan.tv\/wp-content\/uploads\/27151.jpg","type":"image\/jpeg"}],"author":"user-manager","twitter_card":"summary_large_image","schema":{"@context":"https:\/\/schema.org","@graph":[{"@type":"Article","@id":"https:\/\/www.meydan.tv\/az\/article\/ilham-eliyevin-yeni-secki-mesaji\/#article","isPartOf":{"@id":"https:\/\/www.meydan.tv\/az\/article\/ilham-eliyevin-yeni-secki-mesaji\/"},"author":{"name":"user-manager","@id":"https:\/\/www.meydan.tv\/az\/#\/schema\/person\/10d11eccf6da3662cf5fdab9806ea91a"},"headline":"\u0130lham \u018fliyevin yeni se\u00e7ki mesaj\u0131","datePublished":"2016-10-20T19:23:27+00:00","mainEntityOfPage":{"@id":"https:\/\/www.meydan.tv\/az\/article\/ilham-eliyevin-yeni-secki-mesaji\/"},"wordCount":1004,"publisher":{"@id":"https:\/\/www.meydan.tv\/az\/#organization"},"image":{"@id":"https:\/\/www.meydan.tv\/az\/article\/ilham-eliyevin-yeni-secki-mesaji\/#primaryimage"},"thumbnailUrl":"https:\/\/www.meydan.tv\/wp-content\/uploads\/27151.jpg","articleSection":["Analitika"],"inLanguage":"az"},{"@type":"WebPage","@id":"https:\/\/www.meydan.tv\/az\/article\/ilham-eliyevin-yeni-secki-mesaji\/","url":"https:\/\/www.meydan.tv\/az\/article\/ilham-eliyevin-yeni-secki-mesaji\/","name":"\u0130lham \u018fliyevin yeni se\u00e7ki mesaj\u0131 - MEYDAN.TV","isPartOf":{"@id":"https:\/\/www.meydan.tv\/az\/#website"},"primaryImageOfPage":{"@id":"https:\/\/www.meydan.tv\/az\/article\/ilham-eliyevin-yeni-secki-mesaji\/#primaryimage"},"image":{"@id":"https:\/\/www.meydan.tv\/az\/article\/ilham-eliyevin-yeni-secki-mesaji\/#primaryimage"},"thumbnailUrl":"https:\/\/www.meydan.tv\/wp-content\/uploads\/27151.jpg","datePublished":"2016-10-20T19:23:27+00:00","breadcrumb":{"@id":"https:\/\/www.meydan.tv\/az\/article\/ilham-eliyevin-yeni-secki-mesaji\/#breadcrumb"},"inLanguage":"az","potentialAction":[{"@type":"ReadAction","target":["https:\/\/www.meydan.tv\/az\/article\/ilham-eliyevin-yeni-secki-mesaji\/"]}]},{"@type":"ImageObject","inLanguage":"az","@id":"https:\/\/www.meydan.tv\/az\/article\/ilham-eliyevin-yeni-secki-mesaji\/#primaryimage","url":"https:\/\/www.meydan.tv\/wp-content\/uploads\/27151.jpg","contentUrl":"https:\/\/www.meydan.tv\/wp-content\/uploads\/27151.jpg","width":500,"height":304,"caption":"Source:"},{"@type":"BreadcrumbList","@id":"https:\/\/www.meydan.tv\/az\/article\/ilham-eliyevin-yeni-secki-mesaji\/#breadcrumb","itemListElement":[{"@type":"ListItem","position":1,"name":"Ana s\u0259hif\u0259","item":"https:\/\/www.meydan.tv\/az\/"},{"@type":"ListItem","position":2,"name":"Analitika","item":"https:\/\/www.meydan.tv\/az\/section\/analitika\/"},{"@type":"ListItem","position":3,"name":"\u0130lham \u018fliyevin yeni se\u00e7ki mesaj\u0131"}]},{"@type":"WebSite","@id":"https:\/\/www.meydan.tv\/az\/#website","url":"https:\/\/www.meydan.tv\/az\/","name":"MEYDAN.TV","description":"Meydan TV Az\u0259rbaycan\u0131n media m\u0259kan\u0131ndak\u0131 alternativ s\u0259sidir","publisher":{"@id":"https:\/\/www.meydan.tv\/az\/#organization"},"potentialAction":[{"@type":"SearchAction","target":{"@type":"EntryPoint","urlTemplate":"https:\/\/www.meydan.tv\/az\/?s={search_term_string}"},"query-input":{"@type":"PropertyValueSpecification","valueRequired":true,"valueName":"search_term_string"}}],"inLanguage":"az"},{"@type":"Organization","@id":"https:\/\/www.meydan.tv\/az\/#organization","name":"Meydan TV","url":"https:\/\/www.meydan.tv\/az\/","logo":{"@type":"ImageObject","inLanguage":"az","@id":"https:\/\/www.meydan.tv\/az\/#\/schema\/logo\/image\/","url":"https:\/\/www.meydan.tv\/wp-content\/uploads\/2021\/07\/meydan-logo.svg","contentUrl":"https:\/\/www.meydan.tv\/wp-content\/uploads\/2021\/07\/meydan-logo.svg","width":195,"height":46,"caption":"Meydan TV"},"image":{"@id":"https:\/\/www.meydan.tv\/az\/#\/schema\/logo\/image\/"}},{"@type":"Person","@id":"https:\/\/www.meydan.tv\/az\/#\/schema\/person\/10d11eccf6da3662cf5fdab9806ea91a","name":"user-manager"}]}},"_links":{"self":[{"href":"https:\/\/www.meydan.tv\/az\/wp-json\/wp\/v2\/posts\/179766","targetHints":{"allow":["GET"]}}],"collection":[{"href":"https:\/\/www.meydan.tv\/az\/wp-json\/wp\/v2\/posts"}],"about":[{"href":"https:\/\/www.meydan.tv\/az\/wp-json\/wp\/v2\/types\/post"}],"author":[{"embeddable":true,"href":"https:\/\/www.meydan.tv\/az\/wp-json\/wp\/v2\/users\/11"}],"replies":[{"embeddable":true,"href":"https:\/\/www.meydan.tv\/az\/wp-json\/wp\/v2\/comments?post=179766"}],"version-history":[{"count":0,"href":"https:\/\/www.meydan.tv\/az\/wp-json\/wp\/v2\/posts\/179766\/revisions"}],"wp:featuredmedia":[{"embeddable":true,"href":"https:\/\/www.meydan.tv\/az\/wp-json\/wp\/v2\/media\/70922"}],"wp:attachment":[{"href":"https:\/\/www.meydan.tv\/az\/wp-json\/wp\/v2\/media?parent=179766"}],"wp:term":[{"taxonomy":"category","embeddable":true,"href":"https:\/\/www.meydan.tv\/az\/wp-json\/wp\/v2\/categories?post=179766"},{"taxonomy":"post_tag","embeddable":true,"href":"https:\/\/www.meydan.tv\/az\/wp-json\/wp\/v2\/tags?post=179766"}],"curies":[{"name":"wp","href":"https:\/\/api.w.org\/{rel}","templated":true}]}}