{"id":179738,"date":"2016-10-20T13:07:20","date_gmt":"2016-10-20T13:07:20","guid":{"rendered":"https:\/\/www.meydan.tv\/article\/human-rights-watch-azerbaycanda-hebsler-keskin-artib\/"},"modified":"2016-10-20T13:07:20","modified_gmt":"2016-10-20T13:07:20","slug":"human-rights-watch-azerbaycanda-hebsler-keskin-artib","status":"publish","type":"post","link":"https:\/\/www.meydan.tv\/az\/article\/human-rights-watch-azerbaycanda-hebsler-keskin-artib\/","title":{"rendered":"Human Rights Watch: &#8221;Az\u0259rbaycanda h\u0259bsl\u0259r k\u0259skin art\u0131b&#8221;"},"content":{"rendered":"<figure class=\"wp-block-image size-large\">\n  <img decoding=\"async\" src=\"https:\/\/www.meydan.tv\/az\/foto-sosial-sebeke-48\/\" alt=\"foto sosial \u015f\u0259b\u0259k\u0259\" class=\"wp-image-70838\"\/><figcaption>\n    foto sosial \u015f\u0259b\u0259k\u0259<br \/>\n  <\/figcaption><\/figure>\n<p>\n  HRW h\u00f6kum\u0259ti bu probleml\u0259ri aradan qald\u0131rmaq istiqam\u0259tind\u0259 t\u0259cili \u00f6l\u00e7\u00fc g\u00f6t\u00fcrm\u0259y\u0259 \u00e7a\u011f\u0131r\u0131r\n<\/p>\n<p>\n  <br \/>\n  <b><br \/>\n    \u201c<br \/>\n  <\/b><br \/>\n  Az\u0259rbaycanh\u00f6kum\u0259tini t\u0259nqid ed\u0259nl\u0259r\u0259 qar\u015f\u0131 amans\u0131z repressiyalarvar. H\u0259bsl\u0259r davam edir\u201d.\u201cHuman Rights Watch\u201d t\u0259\u015fkilat\u0131n\u0131n oktyabr\u0131n 20-d\u0259 \u00a0a\u00e7\u0131qlad\u0131\u011f\u0131 hesabat\u0131nda bel\u0259 deyilir (<br \/>\n  <a href=\"https:\/\/www.hrw.org\/node\/295220\/\"><br \/>\n    https:\/\/www.hrw.org\/node\/295220\/<br \/>\n  <\/a><br \/>\n  ). Bildirilir ki, Az\u0259rbaycanh\u00f6kum\u0259ti \u00f6z t\u0259nqid\u00e7il\u0259rin\u0259 v\u0259 m\u00fcst\u0259qil t\u0259\u015fkilatlara qar\u015f\u0131 amans\u0131z repressiya dal\u011fas\u0131na yenid\u0259n start verib:\n<\/p>\n<p>\n  \u201cAz\u0259rbaycan h\u00f6kum\u0259ti \u00f6lk\u0259d\u0259ki iqtisad\u0131 b\u00f6hran\u0131n qar\u015f\u0131s\u0131n\u0131 almaq \u00fc\u00e7\u00fcn ciddi \u015f\u0259kild\u0259 maliyy\u0259 v\u0259 dig\u0259r \u0259makda\u015fl\u0131\u011fa can atd\u0131\u011f\u0131 vaxtda Az\u0259rbaycanda insan h\u00fcquqlar\u0131 sah\u0259sind\u0259 h\u00f6kum\u0259ti islahatlara israr etm\u0259k \u00fc\u00e7\u00fcnAvropa Birliyi v\u0259 beyn\u0259lxalq maliyy\u0259 institutlar\u0131n\u0131n\u0259lind\u0259 nadir bir imkan\u0131 vard\u0131r\u201d.\n<\/p>\n<p>\n  <b><br \/>\n    \u201cAz\u0259rbaycan\u0131n s\u0259hv yoldan d\u00f6n\u00fc\u015f etm\u0259si kimi b\u00f6y\u00fck \u00fcmidl\u0259r yaratm\u0131\u015fd\u0131\u201d<br \/>\n  <\/b>\n<\/p>\n<p>\n  \u201cHuman Rights Watch\u201d t\u0259\u015fkilat\u0131n\u0131n75 s\u0259hif\u0259d\u0259n ibar\u0259t olan, \u201cAz\u0259rbaycanda t\u0259zyiql\u0259r, h\u0259bsl\u0259r v\u0259 s\u00fcrg\u00fcnl\u0259r: H\u00f6kum\u0259t t\u0259nqid\u00e7il\u0259rin\u0259, v\u0259kill\u0259r\u0259 v\u0259 v\u0259t\u0259nda\u015f c\u0259miyy\u0259tin\u0259 qar\u015f\u0131 davam ed\u0259n repressiyalar\u201dadl\u0131 hesabat\u0131nda\u00f6lk\u0259d\u0259ki v\u0259t\u0259nda\u015f c\u0259miyy\u0259tini s\u0131radan \u00e7\u0131xarmaqm\u0259qs\u0259dil\u0259 h\u00f6kum\u0259tin etdiyi c\u0259hdl\u0259rd\u0259n b\u0259hs olunur.\n<\/p>\n<p>\n  Hesabatda bildirilir ki, 2016-c\u0131 ild\u0259 Az\u0259rbaycan h\u00f6kum\u0259ti siyasi f\u0259allara, t\u0259nqid\u00e7i jurnalistl\u0259r\u0259 v\u0259 dig\u0259rl\u0259rin\u0259 qar\u015f\u0131 qondarma v\u0259 siyasi motivli ittihamlar ir\u0259li s\u00fcr\u0259r\u0259k h\u0259bs edib.\n<\/p>\n<p>\n  \u201cH\u00f6kum\u0259tin t\u0259tbiq etdiyi m\u0259hdudla\u015fd\u0131r\u0131c\u0131 h\u00fcquqi v\u0259 siyasi \u00e7\u0259r\u00e7iv\u0259 m\u00fcst\u0259qil t\u0259\u015fkilatlar\u0131n i\u015fini iflicv\u0259ziyy\u0259tin\u0259 sal\u0131b.H\u00f6kum\u0259ti t\u0259nqid ed\u0259nl\u0259rin m\u00fcdafi\u0259sini t\u0259skil ed\u0259n v\u0259kill\u0259r\u0259 qar\u015f\u0131 c\u0259za t\u0259dbirl\u0259ri g\u00f6r\u00fcl\u00fcb v\u0259 onlar V\u0259kill\u0259r Kollegiyas\u0131 \u00fczvl\u00fcy\u00fcnd\u0259n xaric edilib.H\u00f6kum\u0259t haqs\u0131z yer\u0259 h\u0259bs olunan bir ne\u00e7\u0259 h\u00fcquq m\u00fcdafi\u0259\u00e7isini v\u0259 dig\u0259rl\u0259rini 2016-c\u0131 ilin \u0259vv\u0259lind\u0259 azadl\u0131\u011fa buraxsa da, h\u0259l\u0259 d\u0259 \u00e7oxlu sayda f\u0259al ya h\u0259bsd\u0259 saxlan\u0131l\u0131r, ya da \u00f6lk\u0259ni t\u0259rk etm\u0259y\u0259 m\u0259cbur olub\u201d \u2013 hesabatda qeyd olunur.\n<\/p>\n<p>\n  \u201c\u018fdal\u0259tsiz h\u0259bs olunmu\u015f f\u0259allar\u0131n bir ne\u00e7\u0259sinin bu ilin \u0259vv\u0259lind\u0259 azadl\u0131\u011fa burax\u0131lmas\u0131 Az\u0259rbaycan\u0131n s\u0259hv yoldan d\u00f6n\u00fc\u015f etm\u0259si kimi b\u00f6y\u00fck \u00fcmidl\u0259r yaratm\u0131\u015fd\u0131.Amma bu optimizm art\u0131q s\u00fcr\u0259tli \u015f\u0259kild\u0259 t\u00fck\u0259nir, \u00e7\u00fcnki h\u00f6kum\u0259t \u00f6z\u00fcn\u00fcn t\u0259nqid\u00e7il\u0259rini amans\u0131zca t\u0259qib edir v\u0259 m\u00fcst\u0259qil qruplar\u0131 qapatma\u011fa c\u0259hdl\u0259r edir,\u201d dey\u0259 hesabat\u0131n m\u00fc\u0259llifi v\u0259 t\u0259\u015fkilat\u0131n C\u0259nubi Qafqaz \u00fczr\u0259 direktoru Giorgi Gogia bildirib.\n<\/p>\n<\/p>\n<p>\n  Bu hesabat\u0131n t\u0259dqiqat\u0131 d\u00f6vr\u00fcnd\u0259 \u201cHuman Rights Watch\u201d90-dan \u00e7ox h\u00fcquq m\u00fcdafi\u0259\u00e7isi, m\u00fcst\u0259qil t\u0259\u015fkilatlar\u0131n r\u0259hb\u0259rl\u0259ri, jurnalistl\u0259r v\u0259 siyasi partiya f\u0259allar\u0131ndan m\u00fcsahib\u0259l\u0259r al\u0131b.\n<\/p>\n<\/p>\n<p>\n  <b><br \/>\n    \u201cAz\u0259rbaycan h\u00f6kum\u0259ti E\u0130T\u0130-nin t\u0259l\u0259bl\u0259rini yerin\u0259 yetirm\u0259k \u00fc\u00e7\u00fcn add\u0131m atmay\u0131b\u201d<br \/>\n  <\/b>\n<\/p>\n<p>\n  S\u0259n\u0259dd\u0259 qeyd olunur ki, 2015-ci ild\u0259 neftin qiym\u0259tinin qlobal s\u0259viyy\u0259d\u0259 ciddi \u015f\u0259kild\u0259 d\u00fc\u015fm\u0259si, Az\u0259rbaycan\u0131n neft ixrac\u0131ndan as\u0131l\u0131 olan iqtisadiyyat\u0131nda ciddi itkil\u0259r\u0259 s\u0259b\u0259b oldu. X\u0259z\u0259r d\u0259nizind\u0259n Avropaya qaz ixrac\u0131 m\u0259qs\u0259di il\u0259 h\u00f6kum\u0259t X\u0259z\u0259r D\u0259nizi \u015eah D\u0259niz Qaz Yata\u011f\u0131 v\u0259 C\u0259nub Qaz D\u0259hlizi d\u0259 daxil olmaqla m\u0259d\u0259n s\u0259nayesin\u0259 D\u00fcnya Bank\u0131 v\u0259 dig\u0259r bu kimi dig\u0259r qurumlardan \u0259lav\u0259 beyn\u0259lxalq maliyy\u0259 yat\u0131r\u0131mlar \u0259ld\u0259 etm\u0259y\u0259 can at\u0131r.\n<\/p>\n<p>\n  Avropa Birliyi v\u0259 Az\u0259rbaycan haz\u0131rki siyasi v\u0259 iqtisadi \u0259laq\u0259l\u0259ri geni\u015fl\u0259ndirm\u0259k m\u0259qs\u0259dil\u0259, yenigeni\u015f \u0259m\u0259kda\u015fl\u0131q \u00fc\u00e7\u00fcn dan\u0131\u015f\u0131qlara ba\u015flamaq \u00fczr\u0259dir.<br \/>\n  <b><br \/>\n    <br \/>\n  <\/b><br \/>\n  <b><br \/>\n    <br \/>\n  <\/b><br \/>\n  2015-ci ilin aprel ay\u0131nda t\u0259bii resurslar\u0131n inki\u015faf\u0131nda h\u00f6kum\u0259tl\u0259rin \u015f\u0259ffafl\u0131\u011f\u0131n\u0131 t\u0259\u015fviq ed\u0259n M\u0259d\u0259n S\u0259nayesind\u0259 \u015e\u0259ffafl\u0131q T\u0259\u015f\u0259bb\u00fcsl\u0259ri (E\u0130T\u0130)\u00a0t\u0259\u015fkilat\u0131 Az\u0259rbaycan\u0131n qrupdak\u0131 statusunu a\u015fa\u011f\u0131 sal\u0131b v\u0259 buna s\u0259b\u0259b, m\u00fcst\u0259qil qruplara qar\u015f\u0131 qar\u015f\u0131 edil\u0259n t\u0259zyiql\u0259r olub. 25 v\u0259 26 oktyabr tarixl\u0259rd\u0259 E\u0130T\u0130 idar\u0259 hey\u0259ti Qazax\u0131stan\u0131n Astana \u015f\u0259h\u0259rind\u0259 g\u00f6r\u00fc\u015f ke\u00e7ir\u0259c\u0259k v\u0259 bu g\u00f6r\u00fc\u015fd\u0259, Az\u0259rbaycan\u0131n tam \u00fczvl\u00fcy\u00fcn\u00fcn b\u0259rpa olunub-olunmamas\u0131 m\u0259s\u0259l\u0259si bar\u0259d\u0259 q\u0259rar veril\u0259c\u0259yi d\u0259 g\u00f6zl\u0259nilir. \u201cHuman Rights Watch\u201d t\u0259\u015fkilat\u0131 bildirib ki, Az\u0259rbaycan h\u00f6kum\u0259ti E\u0130T\u0130-nin v\u0259t\u0259nda\u015f c\u0259miyy\u0259ti bar\u0259d\u0259ki t\u0259l\u0259bl\u0259rini yerin\u0259 yetirm\u0259k \u00fc\u00e7\u00fcn h\u0259r hans\u0131 \u00f6n\u0259mli add\u0131m atmay\u0131b:<br \/>\n  <b><\/p>\n<p>  <\/b><br \/>\n  \u201cH\u00f6kum\u0259t, 2016-c\u0131 il \u0259rzind\u0259 \u0259n az\u0131 20 n\u0259f\u0259r siyasi v\u0259 g\u0259nc f\u0259al\u0131, narkotik madd\u0259l\u0259rin saxlanmas\u0131 v\u0259 qanunsuz sahibkarl\u0131q f\u0259aliyy\u0259ti d\u0259 daxil olmaqla, bir s\u0131ra saxta ittihamlarla m\u0259suliyy\u0259t\u0259 c\u0259lb edib. H\u00f6kum\u0259t h\u0259m\u00e7inin Amerika Birl\u0259\u015fmi\u015f \u015etatlar\u0131nda ya\u015fayan v\u0259 T\u00fcrkiy\u0259 h\u00f6kum\u0259tinin iyul ay\u0131nda ba\u015f ver\u0259n h\u0259rbi \u00e7evrili\u015f\u0259 c\u0259hdd\u0259 g\u00fcnahland\u0131rd\u0131\u011f\u0131 ilahiyyat\u00e7\u0131 F\u0259tullah G\u00fcl\u0259nl\u0259 guya \u0259laq\u0259si olmaqda ittiham ed\u0259r\u0259k bir ne\u00e7\u0259 f\u0259al\u0131 da h\u0259bs edib.H\u00f6kum\u0259t saxlan\u0131lan \u015f\u0259xsl\u0259rin b\u0259zil\u0259rinizorla etiraf etdirm\u0259k v\u0259 ya c\u0259zaland\u0131rmaq m\u0259qs\u0259dil\u0259 onlara qar\u015f\u0131 d\u00f6ym\u0259, zorlama il\u0259 h\u0259d\u0259l\u0259m\u0259, yax\u0131nlar\u0131na qar\u015f\u0131 zorak\u0131l\u0131q t\u0259tbiq etm\u0259kl\u0259 h\u0259d\u0259l\u0259m\u0259 v\u0259 karser\u0259 sal\u0131nma kimi qeyri-insani r\u0259ftara yol verib\u201d.\n<\/p>\n<\/p>\n<p>\n  <b><br \/>\n    Etiraz\u00e7\u0131lar\u0131n h\u0259bsi art\u0131b<br \/>\n  <\/b>\n<\/p>\n<\/p>\n<p>\n  \u201cHuman Rights Watch\u201d t\u0259\u015fkilat\u0131 qeyd edib ki, Az\u0259rbaycanda f\u0259allar v\u0259 dig\u0259r v\u0259t\u0259nda\u015flar 2016-c\u0131 ilin \u0259vv\u0259ll\u0259rind\u0259 ba\u015f ver\u0259n iqtisadi b\u00f6hran, manat\u0131ndavalvasiyas\u0131, inflyasiyav\u0259 h\u0259m\u00e7inin sentyabrda ke\u00e7iril\u0259n referenduma etiraz etdikl\u0259rin\u0259 g\u00f6r\u0259 bel\u0259 h\u0259bsl\u0259rin say\u0131 k\u0259skin \u015f\u0259kild\u0259 art\u0131b:\n<\/p>\n<\/p>\n<p>\n  \u201cAz\u0259rbaycan h\u00f6kum\u0259ti h\u0259m\u00e7inin m\u00fcnt\u0259z\u0259m olaraq siyasi f\u0259allar\u0131, el\u0259c\u0259 d\u0259 dinc n\u00fcmayi\u015f\u00e7il\u0259ri, \u015f\u00fcbh\u0259li inzibati c\u0259zalarla, m\u0259s\u0259l\u0259n, \u201cictimai yerd\u0259 s\u00f6y\u00fc\u015f s\u00f6ym\u0259\u201d, \u201cxuliqanl\u0131q\u201d kimi h\u0259r\u0259k\u0259tl\u0259rd\u0259 t\u0259qsirli bil\u0259r\u0259k m\u0259suliyy\u0259t\u0259 c\u0259lb edib. H\u00f6kum\u0259t bir \u00e7ox halda \u201cFacebook\u201d v\u0259 dig\u0259r sosial media vasit\u0259l\u0259rind\u0259n istifad\u0259 ed\u0259r\u0259k, h\u00f6kum\u0259ti t\u0259nqid ed\u0259n v\u0259 ya dinc n\u00fcmayi\u015fl\u0259ri m\u00fcdafi\u0259 ed\u0259n f\u0259allar\u0131 \u00a0h\u0259d\u0259f\u0259 al\u0131b.\n<\/p>\n<p>\n  H\u0259min saxlan\u0131lanlar aras\u0131nda Qiyas \u0130brahimov v\u0259 Bayram M\u0259mm\u0259dov adl\u0131 iki g\u0259nc f\u0259al bu ilin may ay\u0131nda haz\u0131rki prezident \u0130lham \u018fliyevin atas\u0131 Heyd\u0259r \u018fliyevin heyk\u0259linin postamentin\u0259 yaz\u0131 yazd\u0131qlar\u0131na g\u00f6r\u0259 h\u0259bs olunmu\u015fdular. Polis onlara \u0259mr etmi\u015fdi ki, azad olmaq ist\u0259yirl\u0259rs\u0259, kamera qar\u015f\u0131s\u0131nda \u00fczr ist\u0259m\u0259lidirl\u0259r.Onlar imtina etdikd\u0259 is\u0259 polis onlar\u0131 d\u00f6ym\u00fc\u015f v\u0259 zorlamaqla h\u0259d\u0259l\u0259mi\u015fdi.Sonda g\u0259ncl\u0259r m\u0259cbur olaraq narkotik vasit\u0259 da\u00e7\u0131y\u0131c\u0131s\u0131 olma cinay\u0259tini etiraf etm\u0259y\u0259 m\u0259cbur olmu\u015fdular v\u0259 haz\u0131rda onlar\u0131 12 il\u0259d\u0259k h\u0259bs c\u0259zas\u0131 g\u00f6zl\u0259yir.\n<\/p>\n<p>\n  <b><\/b>\n<\/p>\n<p>\n  2015-ci ilin sonu v\u0259 2016-c\u0131 ilin \u0259vv\u0259lind\u0259 h\u00f6kum\u0259t saxta ittihamlarla h\u0259bs edil\u0259n f\u0259allar\u0131n bir ne\u00e7\u0259sini azad etdi. Onlar\u0131n aras\u0131nda h\u00fcquq m\u00fcdafi\u0259\u00e7il\u0259ri Leyla v\u0259 Arif Yunus, insan huquqlar\u0131 m\u00fcdafi\u0259\u00e7il\u0259ri \u0130ntiqam \u018fliyev, R\u0259sul C\u0259f\u0259rov v\u0259 Anar M\u0259mm\u0259dli v\u0259 tan\u0131nm\u0131\u015f ara\u015fd\u0131rma\u00e7\u0131 jurnalist X\u0259dic\u0259 \u0130smay\u0131lova da var idi. H\u00f6kum\u0259t onlara qar\u015f\u0131 ittihamlar\u0131 h\u0259l\u0259 d\u0259 saxlamaqdad\u0131r v\u0259 bu \u015f\u0259xsl\u0259rin b\u0259zil\u0259rinin \u00f6lk\u0259d\u0259n \u00e7\u0131x\u0131\u015f\u0131 m\u0259hdudla\u015fd\u0131r\u0131l\u0131b.B\u0259zil\u0259ri \u00f6z f\u0259aliyy\u0259tl\u0259rini dayand\u0131r\u0131blar, \u00e7\u00fcnki h\u00f6kum\u0259t yerli t\u0259\u015fkilatlara qar\u015f\u0131 m\u0259hdudiyy\u0259tl\u0259r t\u0259tbiq edib.Bu f\u0259allardan b\u0259zil\u0259ri is\u0259 \u00f6lk\u0259ni t\u0259rk edibl\u0259r\u201d.\n<\/p>\n<p>\n  <b><\/p>\n<p>  <\/b>\n<\/p>\n<p>\n  <b><br \/>\n    \u201cH\u00f6kum\u0259t v\u0259kill\u0259ri d\u0259 h\u0259d\u0259f\u0259 al\u0131b\u201d<br \/>\n  <\/b>\n<\/p>\n<p>\n  2015-ci ild\u0259 iqtisadi cinay\u0259tl\u0259rl\u0259 ba\u011fl\u0131 olan saxta ittihamlarla h\u0259bs edil\u0259r\u0259k v\u0259 bu ilin mart ay\u0131nda azad edil\u0259n, Se\u00e7ki Monitorinqi v\u0259 Demokratiyan\u0131n T\u0259drisi M\u0259rk\u0259zinin direktoru Anar M\u0259mm\u0259dli v\u0259ziyy\u0259ti bel\u0259 \u015f\u0259rh edir: \u201cB\u0259li, biz azad edildik, lakin n\u0259 ed\u0259 bilirik ki?! Bizim \u00fc\u00e7\u00fcn haz\u0131rda bir t\u0259k m\u0259kan sosial mediad\u0131r\u2026 v\u0259 ya \u00f6lk\u0259ni t\u0259rk etm\u0259k.\u201d<br \/>\n  <b><\/p>\n<p>  <\/b><br \/>\n  Bir \u00e7oxu h\u0259l\u0259 d\u0259 d\u0259mir barmaql\u0131qlar arxas\u0131ndad\u0131r.Onlardan biri d\u0259 \u0130lqar M\u0259mm\u0259dovdur.Onun haqq\u0131nda 2014-c\u00fc ild\u0259 q\u0259bul edil\u0259n Avropa \u0130nsan H\u00fcquqlar\u0131 M\u0259hk\u0259m\u0259sinin q\u0259rar\u0131nda bildirilir ki, o, h\u00f6kum\u0259ti t\u0259nqid etdiyin\u0259 g\u00f6r\u0259 h\u0259bs olunub.Avropa \u015euras\u0131 Nazirl\u0259r Kabineti d\u0259f\u0259rl\u0259rl\u0259 \u0130lqar M\u0259mm\u0259dovun d\u0259rhal azad edilm\u0259sini t\u0259l\u0259b edib.\n<\/p>\n<p>\n  \u201cHuman Rights Watch\u201d h\u0259m\u00e7inin bir \u00e7ox t\u0259nqidi m\u00f6vqeyi olan v\u0259 \u00f6lk\u0259ni t\u0259rk ed\u0259r\u0259k xaricd\u0259 h\u0259l\u0259 d\u0259 aktiv f\u0259aliyy\u0259tl\u0259rin\u0259 davam ed\u0259n bir s\u0131ra jurnalistl\u0259rin v\u0259 f\u0259allar\u0131n yax\u0131nlar\u0131na qar\u015f\u0131 Az\u0259rbaycan h\u00f6kum\u0259ti t\u0259r\u0259find\u0259n t\u0259qibl\u0259rin t\u0259tbiq olunmas\u0131na dair hallar\u0131 da s\u0259n\u0259dl\u0259\u015fdirib:\u201cSon ill\u0259rd\u0259, h\u00f6kum\u0259ti t\u0259nqid ed\u0259n \u015f\u0259xsl\u0259ri m\u00fcdafi\u0259 ed\u0259n bir s\u0131ra v\u0259kill\u0259ri d\u0259 h\u00f6kum\u0259t h\u0259d\u0259f\u0259 al\u0131b. V\u0259kill\u0259r\u0259 qar\u015f\u0131 cinay\u0259t ittiham\u0131, \u00f6lk\u0259d\u0259n \u00e7\u0131x\u0131\u015f\u0131n m\u0259hdudla\u015fd\u0131r\u0131lmas\u0131 v\u0259 b\u0259zi hallarda V\u0259kill\u0259r Kollegiyas\u0131na \u00fczvl\u00fckd\u0259n m\u0259hrum edilm\u0259si kimi t\u0259qibl\u0259r t\u0259tbiq edilib.\n<\/p>\n<p>\n  <b><br \/>\n    <br \/>\n  <\/b><br \/>\n  H\u00f6kum\u0259t h\u0259m\u00e7inin m\u00fcst\u0259qil qruplar\u0131n f\u0259aliyy\u0259tini dem\u0259k olar ki, m\u00fcmk\u00fcns\u00fcz edib. 2014-c\u00fc ild\u0259n q\u0259bul edil\u0259n qanunlar v\u0259 normativ h\u00fcquqi aktlar h\u0259m donordan, h\u0259m d\u0259 qrant alan t\u0259r\u0259fd\u0259n ayr\u0131-ayr\u0131l\u0131qda h\u0259r potensial qrant \u00fc\u00e7\u00fcn h\u00f6kum\u0259tin raz\u0131l\u0131\u011f\u0131n\u0131 alma\u011f\u0131 t\u0259l\u0259b edir. H\u00f6kum\u0259t orqanlar\u0131n\u0131n qranti t\u0259sdiq edib etm\u0259m\u0259k q\u0259rar\u0131nda \u00e7ox geni\u015f imtiyazlar\u0131 var. \u0130ndi xarici donor t\u0259\u015fkilat h\u0259m d\u0259 Az\u0259rbaycanda \u00f6z ofisini qeydiyyatdan ke\u00e7irm\u0259li v\u0259 qrant verm\u0259k \u00fc\u00e7\u00fcn h\u00f6kum\u0259tin raz\u0131l\u0131\u011f\u0131n\u0131 almal\u0131d\u0131r\u201d.<br \/>\n  <b><\/p>\n<p>  <\/b><br \/>\n  \u201cHuman Rights Watch\u201d t\u0259\u015fkilat\u0131n\u0131n m\u00fcsahib\u0259 ald\u0131\u011f\u0131 bir s\u0131ra f\u0259allar bildiribl\u0259r ki, h\u00f6kum\u0259tin bu siyas\u0259ti ucbat\u0131ndan onlar \u00f6z t\u0259\u015fkilatlar\u0131n\u0131 ba\u011flay\u0131rlar v\u0259 ya i\u015f\u00e7i hey\u0259tini v\u0259 ya proqramlar\u0131 ciddi \u015f\u0259kild\u0259 azaltmaq m\u0259cburiyy\u0259tind\u0259 qal\u0131blar:<br \/>\n  <b><\/p>\n<p>  <\/b>\n<\/p>\n<p>\n  \u201cAz\u0259rbaycan h\u00f6kum\u0259tinin beyn\u0259lxalq h\u00fcquq qar\u015f\u0131s\u0131nda ifad\u0259 azadl\u0131\u011f\u0131n\u0131, topla\u015fmaq v\u0259 birl\u0259\u015fm\u0259k azadl\u0131\u011f\u0131n\u0131 m\u00fcdafi\u0259 etm\u0259k v\u0259zif\u0259si var. Bura, qar\u015f\u0131l\u0131ql\u0131 maraqlar sah\u0259sind\u0259 kollektiv f\u0259aliyy\u0259t g\u00f6st\u0259r\u0259 bilm\u0259k \u00fc\u00e7\u00fcn ictimai birlikl\u0259r yaratmaq imkan\u0131n\u0131n olmas\u0131 da daxildir.H\u00f6kum\u0259t d\u0259rhal m\u00fcst\u0259qil qruplar\u0131n, he\u00e7 bir m\u00fcdaxil\u0259 il\u0259 \u00fczl\u0259\u015fm\u0259d\u0259n, \u00f6z legitim f\u0259aliyy\u0259tini h\u0259yata ke\u00e7ir\u0259 bilm\u0259sini t\u0259min etm\u0259lidir.H\u0259m\u00e7inin, h\u0259min t\u0259\u015fkilatlara qar\u015f\u0131 beyn\u0259lxalq maliyy\u0259l\u0259\u015fm\u0259d\u0259 h\u00f6kum\u0259tin t\u0259tbiq olunan m\u0259hdudiyy\u0259tl\u0259r aradan qald\u0131r\u0131lmal\u0131d\u0131r.H\u00f6kum\u0259t h\u0259m\u00e7inin siyasi motivli ittihamlarla h\u0259bs olunan \u015f\u0259xsl\u0259ri d\u0259rhal v\u0259 qeyd-\u015f\u0259rtsiz azad etm\u0259lidir\u201d.<br \/>\n  <b><\/p>\n<p>  <\/b>\n<\/p>\n<p>\n  <b><br \/>\n    \u201c\u0130nvestorlar \u00f6z yat\u0131r\u0131m\u0131na \u0259min olmal\u0131d\u0131r\u201d<br \/>\n  <\/b>\n<\/p>\n<p>\n  \u201cHuman Rights Watch\u201d t\u0259\u015fkilat\u0131 bildirir ki, dinc vasit\u0259l\u0259rl\u0259 \u00f6z h\u00fcquqlar\u0131ndan istifad\u0259 ed\u0259r\u0259k h\u00f6kum\u0259ti t\u0259nqid ed\u0259n \u015f\u0259xsl\u0259r\u0259 qar\u015f\u0131 \u0259dal\u0259tsiz ittiham v\u0259 h\u0259bs t\u0259tbiq edilm\u0259sind\u0259 m\u0259suliyy\u0259tli bilin\u0259n y\u00fcks\u0259k r\u00fctb\u0259li h\u00f6kum\u0259t r\u0259smil\u0259rin\u0259 qar\u015f\u0131 Avropa Birliyi v\u0259 Amerika Birl\u0259\u015fmi\u015f \u015etatlar\u0131 t\u0259r\u0259find\u0259n viza qada\u011fas\u0131n\u0131 n\u0259z\u0259rd\u0259 tutan sanksiya t\u0259tbiq edilm\u0259lidir.<br \/>\n  <b><\/p>\n<p>  <\/b><br \/>\n  S\u0259n\u0259dd\u0259 vur\u011fulan\u0131r ki, yaln\u0131z h\u00f6kum\u0259t m\u00fcst\u0259qil t\u0259\u015fkilatlar\u0131n v\u0259 f\u0259allar\u0131n s\u0259rb\u0259st f\u0259aliyy\u0259t g\u00f6st\u0259rm\u0259sin\u0259 v\u0259 onlar\u0131n \u00f6lk\u0259nin iqtisadi-sosial inki\u015faf\u0131na t\u00f6hv\u0259 ver\u0259n \u0259h\u0259miyy\u0259tli rollar\u0131n\u0131 yerin\u0259 yetirm\u0259sin\u0259 imkan v\u0259 z\u0259man\u0259t verdiyi halda, beyn\u0259lxaq maliyy\u0259 institutlar\u0131 m\u0259d\u0259n s\u0259nayesi layih\u0259l\u0259rin\u0259 yat\u0131r\u0131m etm\u0259lidirl\u0259r.<br \/>\n  <b><\/p>\n<p>  <\/b>\n<\/p>\n<p>\n  Gogia bildirib: \u201cH\u0259r bir ciddi investor \u00f6z yat\u0131r\u0131m\u0131ndan \u0259min olmaq ist\u0259yir. Lakin Az\u0259rbaycan h\u00f6kum\u0259ti dem\u0259k olar ki, h\u00f6kum\u0259tin \u00f6hd\u0259likl\u0259rin\u0259 v\u0259 cavabdehliyin\u0259 n\u0259zar\u0259t etm\u0259k funksiyas\u0131na sahib olan m\u00fcst\u0259qil qruplar v\u0259 f\u0259allar \u00fc\u00e7\u00fcn b\u00fct\u00fcn imkanlar\u0131 yox edib. Az\u0259rbaycan xaricd\u0259n yat\u0131r\u0131m v\u0259 d\u0259st\u0259k axtar\u0131r v\u0259 bel\u0259 bir \u015f\u0259raitbeyn\u0259lxalq partnyorlar \u00fc\u00e7\u00fcn \u0259la f\u00fcrs\u0259tdir ki, onlar yat\u0131r\u0131m v\u0259 partnyorluq imkanlar\u0131n\u0131, insan h\u00fcquqlar\u0131n\u0131n yax\u015f\u0131la\u015fd\u0131r\u0131lmas\u0131 \u015f\u0259rti il\u0259 \u0259laq\u0259l\u0259ndirsinl\u0259r\u201d.<br \/>\n  <b><br \/>\n    <br \/>\n  <\/b><br \/>\n  <b><br \/>\n    <br \/>\n    \u201cHuman Rights Watch\u201d-un Az\u0259rbaycanla ba\u011fl\u0131 hesabatlar il\u0259 tan\u0131\u015f olmaq \u00fc\u00e7\u00fcn:<br \/>\n    <br \/>\n  <\/b><br \/>\n  <a href=\"https:\/\/www.hrw.org\/europe\/central-asia\/azerbaijan\"><br \/>\n    https:\/\/www.hrw.org\/europe\/central-asia\/azerbaijan<br \/>\n  <\/a><br \/>\n  <b><\/p>\n<p>\n  <\/b><\/p>\n","protected":false},"excerpt":{"rendered":"<p>HRW h\u00f6kum\u0259ti bu probleml\u0259ri aradan qald\u0131rmaq istiqam\u0259tind\u0259 t\u0259cili \u00f6l\u00e7\u00fc g\u00f6t\u00fcrm\u0259y\u0259 \u00e7a\u011f\u0131r\u0131r<\/p>\n","protected":false},"author":11,"featured_media":70838,"comment_status":"closed","ping_status":"open","sticky":false,"template":"","format":"standard","meta":{"_acf_changed":false,"_sitemap_exclude":false,"_sitemap_priority":"","_sitemap_frequency":"","footnotes":""},"categories":[51],"tags":[],"class_list":["post-179738","post","type-post","status-publish","format-standard","has-post-thumbnail","hentry","category-analitika","infinite-scroll-item","generate-columns","tablet-grid-50","mobile-grid-100","grid-parent","grid-33","no-featured-image-padding"],"acf":[],"yoast_head":"<!-- This site is optimized with the Yoast SEO plugin v27.5 - https:\/\/yoast.com\/product\/yoast-seo-wordpress\/ -->\n<title>Human Rights Watch: &#039;&#039;Az\u0259rbaycanda h\u0259bsl\u0259r k\u0259skin art\u0131b&#039;&#039; - MEYDAN.TV<\/title>\n<meta name=\"robots\" content=\"index, follow, max-snippet:-1, max-image-preview:large, max-video-preview:-1\" \/>\n<link rel=\"canonical\" href=\"https:\/\/www.meydan.tv\/az\/article\/human-rights-watch-azerbaycanda-hebsler-keskin-artib\/\" \/>\n<meta property=\"og:locale\" content=\"az_AZ\" \/>\n<meta property=\"og:type\" content=\"article\" \/>\n<meta property=\"og:title\" content=\"Human Rights Watch: &#039;&#039;Az\u0259rbaycanda h\u0259bsl\u0259r k\u0259skin art\u0131b&#039;&#039; - MEYDAN.TV\" \/>\n<meta property=\"og:description\" content=\"HRW h\u00f6kum\u0259ti bu probleml\u0259ri aradan qald\u0131rmaq istiqam\u0259tind\u0259 t\u0259cili \u00f6l\u00e7\u00fc g\u00f6t\u00fcrm\u0259y\u0259 \u00e7a\u011f\u0131r\u0131r\" \/>\n<meta property=\"og:url\" content=\"https:\/\/www.meydan.tv\/az\/article\/human-rights-watch-azerbaycanda-hebsler-keskin-artib\/\" \/>\n<meta property=\"og:site_name\" content=\"MEYDAN.TV\" \/>\n<meta property=\"article:published_time\" content=\"2016-10-20T13:07:20+00:00\" \/>\n<meta property=\"og:image\" content=\"https:\/\/www.meydan.tv\/wp-content\/uploads\/27119.jpg\" \/>\n\t<meta property=\"og:image:width\" content=\"768\" \/>\n\t<meta property=\"og:image:height\" content=\"432\" \/>\n\t<meta property=\"og:image:type\" content=\"image\/jpeg\" \/>\n<meta name=\"author\" content=\"user-manager\" \/>\n<meta name=\"twitter:card\" content=\"summary_large_image\" \/>\n<script type=\"application\/ld+json\" class=\"yoast-schema-graph\">{\"@context\":\"https:\\\/\\\/schema.org\",\"@graph\":[{\"@type\":\"Article\",\"@id\":\"https:\\\/\\\/www.meydan.tv\\\/az\\\/article\\\/human-rights-watch-azerbaycanda-hebsler-keskin-artib\\\/#article\",\"isPartOf\":{\"@id\":\"https:\\\/\\\/www.meydan.tv\\\/az\\\/article\\\/human-rights-watch-azerbaycanda-hebsler-keskin-artib\\\/\"},\"author\":{\"name\":\"user-manager\",\"@id\":\"https:\\\/\\\/www.meydan.tv\\\/az\\\/#\\\/schema\\\/person\\\/10d11eccf6da3662cf5fdab9806ea91a\"},\"headline\":\"Human Rights Watch: &#8221;Az\u0259rbaycanda h\u0259bsl\u0259r k\u0259skin art\u0131b&#8221;\",\"datePublished\":\"2016-10-20T13:07:20+00:00\",\"mainEntityOfPage\":{\"@id\":\"https:\\\/\\\/www.meydan.tv\\\/az\\\/article\\\/human-rights-watch-azerbaycanda-hebsler-keskin-artib\\\/\"},\"wordCount\":2353,\"publisher\":{\"@id\":\"https:\\\/\\\/www.meydan.tv\\\/az\\\/#organization\"},\"image\":{\"@id\":\"https:\\\/\\\/www.meydan.tv\\\/az\\\/article\\\/human-rights-watch-azerbaycanda-hebsler-keskin-artib\\\/#primaryimage\"},\"thumbnailUrl\":\"https:\\\/\\\/www.meydan.tv\\\/wp-content\\\/uploads\\\/27119.jpg\",\"articleSection\":[\"Analitika\"],\"inLanguage\":\"az\"},{\"@type\":\"WebPage\",\"@id\":\"https:\\\/\\\/www.meydan.tv\\\/az\\\/article\\\/human-rights-watch-azerbaycanda-hebsler-keskin-artib\\\/\",\"url\":\"https:\\\/\\\/www.meydan.tv\\\/az\\\/article\\\/human-rights-watch-azerbaycanda-hebsler-keskin-artib\\\/\",\"name\":\"Human Rights Watch: ''Az\u0259rbaycanda h\u0259bsl\u0259r k\u0259skin art\u0131b'' - MEYDAN.TV\",\"isPartOf\":{\"@id\":\"https:\\\/\\\/www.meydan.tv\\\/az\\\/#website\"},\"primaryImageOfPage\":{\"@id\":\"https:\\\/\\\/www.meydan.tv\\\/az\\\/article\\\/human-rights-watch-azerbaycanda-hebsler-keskin-artib\\\/#primaryimage\"},\"image\":{\"@id\":\"https:\\\/\\\/www.meydan.tv\\\/az\\\/article\\\/human-rights-watch-azerbaycanda-hebsler-keskin-artib\\\/#primaryimage\"},\"thumbnailUrl\":\"https:\\\/\\\/www.meydan.tv\\\/wp-content\\\/uploads\\\/27119.jpg\",\"datePublished\":\"2016-10-20T13:07:20+00:00\",\"breadcrumb\":{\"@id\":\"https:\\\/\\\/www.meydan.tv\\\/az\\\/article\\\/human-rights-watch-azerbaycanda-hebsler-keskin-artib\\\/#breadcrumb\"},\"inLanguage\":\"az\",\"potentialAction\":[{\"@type\":\"ReadAction\",\"target\":[\"https:\\\/\\\/www.meydan.tv\\\/az\\\/article\\\/human-rights-watch-azerbaycanda-hebsler-keskin-artib\\\/\"]}]},{\"@type\":\"ImageObject\",\"inLanguage\":\"az\",\"@id\":\"https:\\\/\\\/www.meydan.tv\\\/az\\\/article\\\/human-rights-watch-azerbaycanda-hebsler-keskin-artib\\\/#primaryimage\",\"url\":\"https:\\\/\\\/www.meydan.tv\\\/wp-content\\\/uploads\\\/27119.jpg\",\"contentUrl\":\"https:\\\/\\\/www.meydan.tv\\\/wp-content\\\/uploads\\\/27119.jpg\",\"width\":768,\"height\":432,\"caption\":\"Source:\"},{\"@type\":\"BreadcrumbList\",\"@id\":\"https:\\\/\\\/www.meydan.tv\\\/az\\\/article\\\/human-rights-watch-azerbaycanda-hebsler-keskin-artib\\\/#breadcrumb\",\"itemListElement\":[{\"@type\":\"ListItem\",\"position\":1,\"name\":\"Ana s\u0259hif\u0259\",\"item\":\"https:\\\/\\\/www.meydan.tv\\\/az\\\/\"},{\"@type\":\"ListItem\",\"position\":2,\"name\":\"Analitika\",\"item\":\"https:\\\/\\\/www.meydan.tv\\\/az\\\/section\\\/analitika\\\/\"},{\"@type\":\"ListItem\",\"position\":3,\"name\":\"Human Rights Watch: &#8221;Az\u0259rbaycanda h\u0259bsl\u0259r k\u0259skin art\u0131b&#8221;\"}]},{\"@type\":\"WebSite\",\"@id\":\"https:\\\/\\\/www.meydan.tv\\\/az\\\/#website\",\"url\":\"https:\\\/\\\/www.meydan.tv\\\/az\\\/\",\"name\":\"MEYDAN.TV\",\"description\":\"Meydan TV Az\u0259rbaycan\u0131n media m\u0259kan\u0131ndak\u0131 alternativ s\u0259sidir\",\"publisher\":{\"@id\":\"https:\\\/\\\/www.meydan.tv\\\/az\\\/#organization\"},\"potentialAction\":[{\"@type\":\"SearchAction\",\"target\":{\"@type\":\"EntryPoint\",\"urlTemplate\":\"https:\\\/\\\/www.meydan.tv\\\/az\\\/?s={search_term_string}\"},\"query-input\":{\"@type\":\"PropertyValueSpecification\",\"valueRequired\":true,\"valueName\":\"search_term_string\"}}],\"inLanguage\":\"az\"},{\"@type\":\"Organization\",\"@id\":\"https:\\\/\\\/www.meydan.tv\\\/az\\\/#organization\",\"name\":\"Meydan TV\",\"url\":\"https:\\\/\\\/www.meydan.tv\\\/az\\\/\",\"logo\":{\"@type\":\"ImageObject\",\"inLanguage\":\"az\",\"@id\":\"https:\\\/\\\/www.meydan.tv\\\/az\\\/#\\\/schema\\\/logo\\\/image\\\/\",\"url\":\"https:\\\/\\\/www.meydan.tv\\\/wp-content\\\/uploads\\\/2021\\\/07\\\/meydan-logo.svg\",\"contentUrl\":\"https:\\\/\\\/www.meydan.tv\\\/wp-content\\\/uploads\\\/2021\\\/07\\\/meydan-logo.svg\",\"width\":195,\"height\":46,\"caption\":\"Meydan TV\"},\"image\":{\"@id\":\"https:\\\/\\\/www.meydan.tv\\\/az\\\/#\\\/schema\\\/logo\\\/image\\\/\"}},{\"@type\":\"Person\",\"@id\":\"https:\\\/\\\/www.meydan.tv\\\/az\\\/#\\\/schema\\\/person\\\/10d11eccf6da3662cf5fdab9806ea91a\",\"name\":\"user-manager\"}]}<\/script>\n<!-- \/ Yoast SEO plugin. -->","yoast_head_json":{"title":"Human Rights Watch: ''Az\u0259rbaycanda h\u0259bsl\u0259r k\u0259skin art\u0131b'' - MEYDAN.TV","robots":{"index":"index","follow":"follow","max-snippet":"max-snippet:-1","max-image-preview":"max-image-preview:large","max-video-preview":"max-video-preview:-1"},"canonical":"https:\/\/www.meydan.tv\/az\/article\/human-rights-watch-azerbaycanda-hebsler-keskin-artib\/","og_locale":"az_AZ","og_type":"article","og_title":"Human Rights Watch: ''Az\u0259rbaycanda h\u0259bsl\u0259r k\u0259skin art\u0131b'' - MEYDAN.TV","og_description":"HRW h\u00f6kum\u0259ti bu probleml\u0259ri aradan qald\u0131rmaq istiqam\u0259tind\u0259 t\u0259cili \u00f6l\u00e7\u00fc g\u00f6t\u00fcrm\u0259y\u0259 \u00e7a\u011f\u0131r\u0131r","og_url":"https:\/\/www.meydan.tv\/az\/article\/human-rights-watch-azerbaycanda-hebsler-keskin-artib\/","og_site_name":"MEYDAN.TV","article_published_time":"2016-10-20T13:07:20+00:00","og_image":[{"width":768,"height":432,"url":"https:\/\/www.meydan.tv\/wp-content\/uploads\/27119.jpg","type":"image\/jpeg"}],"author":"user-manager","twitter_card":"summary_large_image","schema":{"@context":"https:\/\/schema.org","@graph":[{"@type":"Article","@id":"https:\/\/www.meydan.tv\/az\/article\/human-rights-watch-azerbaycanda-hebsler-keskin-artib\/#article","isPartOf":{"@id":"https:\/\/www.meydan.tv\/az\/article\/human-rights-watch-azerbaycanda-hebsler-keskin-artib\/"},"author":{"name":"user-manager","@id":"https:\/\/www.meydan.tv\/az\/#\/schema\/person\/10d11eccf6da3662cf5fdab9806ea91a"},"headline":"Human Rights Watch: &#8221;Az\u0259rbaycanda h\u0259bsl\u0259r k\u0259skin art\u0131b&#8221;","datePublished":"2016-10-20T13:07:20+00:00","mainEntityOfPage":{"@id":"https:\/\/www.meydan.tv\/az\/article\/human-rights-watch-azerbaycanda-hebsler-keskin-artib\/"},"wordCount":2353,"publisher":{"@id":"https:\/\/www.meydan.tv\/az\/#organization"},"image":{"@id":"https:\/\/www.meydan.tv\/az\/article\/human-rights-watch-azerbaycanda-hebsler-keskin-artib\/#primaryimage"},"thumbnailUrl":"https:\/\/www.meydan.tv\/wp-content\/uploads\/27119.jpg","articleSection":["Analitika"],"inLanguage":"az"},{"@type":"WebPage","@id":"https:\/\/www.meydan.tv\/az\/article\/human-rights-watch-azerbaycanda-hebsler-keskin-artib\/","url":"https:\/\/www.meydan.tv\/az\/article\/human-rights-watch-azerbaycanda-hebsler-keskin-artib\/","name":"Human Rights Watch: ''Az\u0259rbaycanda h\u0259bsl\u0259r k\u0259skin art\u0131b'' - MEYDAN.TV","isPartOf":{"@id":"https:\/\/www.meydan.tv\/az\/#website"},"primaryImageOfPage":{"@id":"https:\/\/www.meydan.tv\/az\/article\/human-rights-watch-azerbaycanda-hebsler-keskin-artib\/#primaryimage"},"image":{"@id":"https:\/\/www.meydan.tv\/az\/article\/human-rights-watch-azerbaycanda-hebsler-keskin-artib\/#primaryimage"},"thumbnailUrl":"https:\/\/www.meydan.tv\/wp-content\/uploads\/27119.jpg","datePublished":"2016-10-20T13:07:20+00:00","breadcrumb":{"@id":"https:\/\/www.meydan.tv\/az\/article\/human-rights-watch-azerbaycanda-hebsler-keskin-artib\/#breadcrumb"},"inLanguage":"az","potentialAction":[{"@type":"ReadAction","target":["https:\/\/www.meydan.tv\/az\/article\/human-rights-watch-azerbaycanda-hebsler-keskin-artib\/"]}]},{"@type":"ImageObject","inLanguage":"az","@id":"https:\/\/www.meydan.tv\/az\/article\/human-rights-watch-azerbaycanda-hebsler-keskin-artib\/#primaryimage","url":"https:\/\/www.meydan.tv\/wp-content\/uploads\/27119.jpg","contentUrl":"https:\/\/www.meydan.tv\/wp-content\/uploads\/27119.jpg","width":768,"height":432,"caption":"Source:"},{"@type":"BreadcrumbList","@id":"https:\/\/www.meydan.tv\/az\/article\/human-rights-watch-azerbaycanda-hebsler-keskin-artib\/#breadcrumb","itemListElement":[{"@type":"ListItem","position":1,"name":"Ana s\u0259hif\u0259","item":"https:\/\/www.meydan.tv\/az\/"},{"@type":"ListItem","position":2,"name":"Analitika","item":"https:\/\/www.meydan.tv\/az\/section\/analitika\/"},{"@type":"ListItem","position":3,"name":"Human Rights Watch: &#8221;Az\u0259rbaycanda h\u0259bsl\u0259r k\u0259skin art\u0131b&#8221;"}]},{"@type":"WebSite","@id":"https:\/\/www.meydan.tv\/az\/#website","url":"https:\/\/www.meydan.tv\/az\/","name":"MEYDAN.TV","description":"Meydan TV Az\u0259rbaycan\u0131n media m\u0259kan\u0131ndak\u0131 alternativ s\u0259sidir","publisher":{"@id":"https:\/\/www.meydan.tv\/az\/#organization"},"potentialAction":[{"@type":"SearchAction","target":{"@type":"EntryPoint","urlTemplate":"https:\/\/www.meydan.tv\/az\/?s={search_term_string}"},"query-input":{"@type":"PropertyValueSpecification","valueRequired":true,"valueName":"search_term_string"}}],"inLanguage":"az"},{"@type":"Organization","@id":"https:\/\/www.meydan.tv\/az\/#organization","name":"Meydan TV","url":"https:\/\/www.meydan.tv\/az\/","logo":{"@type":"ImageObject","inLanguage":"az","@id":"https:\/\/www.meydan.tv\/az\/#\/schema\/logo\/image\/","url":"https:\/\/www.meydan.tv\/wp-content\/uploads\/2021\/07\/meydan-logo.svg","contentUrl":"https:\/\/www.meydan.tv\/wp-content\/uploads\/2021\/07\/meydan-logo.svg","width":195,"height":46,"caption":"Meydan TV"},"image":{"@id":"https:\/\/www.meydan.tv\/az\/#\/schema\/logo\/image\/"}},{"@type":"Person","@id":"https:\/\/www.meydan.tv\/az\/#\/schema\/person\/10d11eccf6da3662cf5fdab9806ea91a","name":"user-manager"}]}},"_links":{"self":[{"href":"https:\/\/www.meydan.tv\/az\/wp-json\/wp\/v2\/posts\/179738","targetHints":{"allow":["GET"]}}],"collection":[{"href":"https:\/\/www.meydan.tv\/az\/wp-json\/wp\/v2\/posts"}],"about":[{"href":"https:\/\/www.meydan.tv\/az\/wp-json\/wp\/v2\/types\/post"}],"author":[{"embeddable":true,"href":"https:\/\/www.meydan.tv\/az\/wp-json\/wp\/v2\/users\/11"}],"replies":[{"embeddable":true,"href":"https:\/\/www.meydan.tv\/az\/wp-json\/wp\/v2\/comments?post=179738"}],"version-history":[{"count":0,"href":"https:\/\/www.meydan.tv\/az\/wp-json\/wp\/v2\/posts\/179738\/revisions"}],"wp:featuredmedia":[{"embeddable":true,"href":"https:\/\/www.meydan.tv\/az\/wp-json\/wp\/v2\/media\/70838"}],"wp:attachment":[{"href":"https:\/\/www.meydan.tv\/az\/wp-json\/wp\/v2\/media?parent=179738"}],"wp:term":[{"taxonomy":"category","embeddable":true,"href":"https:\/\/www.meydan.tv\/az\/wp-json\/wp\/v2\/categories?post=179738"},{"taxonomy":"post_tag","embeddable":true,"href":"https:\/\/www.meydan.tv\/az\/wp-json\/wp\/v2\/tags?post=179738"}],"curies":[{"name":"wp","href":"https:\/\/api.w.org\/{rel}","templated":true}]}}