{"id":179736,"date":"2016-10-20T00:41:26","date_gmt":"2016-10-20T00:41:26","guid":{"rendered":"https:\/\/www.meydan.tv\/article\/ikt-nin-feto-nu-terrorcu-elan-etmesi-xususi-meqami-gundeme-getirir\/"},"modified":"2016-10-20T00:41:26","modified_gmt":"2016-10-20T00:41:26","slug":"ikt-nin-feto-nu-terrorcu-elan-etmesi-xususi-meqami-gundeme-getirir","status":"publish","type":"post","link":"https:\/\/www.meydan.tv\/az\/article\/ikt-nin-feto-nu-terrorcu-elan-etmesi-xususi-meqami-gundeme-getirir\/","title":{"rendered":"&#8221;\u0130KT-nin FET\u00d6-n\u00fc terror\u00e7u elan etm\u0259si x\u00fcsusi m\u0259qam\u0131 g\u00fcnd\u0259m\u0259 g\u0259tirir&#8221;"},"content":{"rendered":"<figure class=\"wp-block-image size-large\">\n  <img decoding=\"async\" src=\"https:\/\/www.meydan.tv\/az\/ikt-foto-google-az\/\" alt=\"\u0130KT foto google.az\" class=\"wp-image-70823\"\/><figcaption>\n    \u0130KT foto google.az<br \/>\n  <\/figcaption><\/figure>\n<p>\n  <i><br \/>\n    Elxan \u015eahino\u011flu: &#8221;Q\u0131r\u011f\u0131z\u0131stan FET\u00d6 m\u0259kt\u0259bl\u0259rini ya qapatmal\u0131, ya da \u0130KT-d\u0259ki statusunu d\u0259yi\u015fm\u0259lidir&#8221;<br \/>\n  <\/i><\/p>\n<p>  Oktyabr\u0131n 19-da S\u0259udiyy\u0259 \u018fr\u0259bistan\u0131n\u0131n Cidd\u0259 \u015f\u0259h\u0259rind\u0259 toplanan \u0130slam Konfrans\u0131 T\u0259\u015fkilat\u0131 (\u0130KT) 15 iyul h\u0259rbi \u00e7evrili\u015fi c\u0259hdind\u0259n sonra FET\u00d6-n\u00fc terror t\u0259\u015fkilat\u0131 elan edib.\n<\/p>\n<p>\n  \u0130KT \u00fczv\u00fc d\u00f6vl\u0259tl\u0259rin xarici i\u015fl\u0259r nazirl\u0259rinin ke\u00e7irdiyi 43-c\u00fc sessiyas\u0131nda \u00e7\u0131xar\u0131lan bu q\u0259rara Misir etiraz edib.\n<\/p>\n<p>\n  \u0130KT-nin q\u0259rar\u0131n\u0131 Meydan TV-y\u0259 \u015f\u0259rh ed\u0259n \u201cAtlas\u201d Ara\u015fd\u0131rmalar M\u0259rk\u0259zinin r\u0259hb\u0259ri Elxan \u015eahino\u011flu hesab edir ki, \u0130slam Konfrans\u0131 T\u0259\u015fkilat\u0131n\u0131n FET\u00d6-n\u00fc terror\u00e7u t\u0259\u015fkilat elan etm\u0259si bir x\u00fcsusi m\u0259qam\u0131 g\u00fcnd\u0259m\u0259 g\u0259tirir: &#8220;Bu, o dem\u0259kdir ki, qurumun b\u00fct\u00fcn \u00fczvl\u0259ri avtomatik olaraq eyni m\u00f6vqed\u0259n \u00e7\u0131x\u0131\u015f etm\u0259lidir. Amma b\u00fct\u00fcn \u00fczvl\u0259rin eyni m\u00f6vqed\u0259n \u00e7\u0131x\u0131\u015f ed\u0259c\u0259yi \u015f\u00fcbh\u0259 do\u011furur. M\u0259s\u0259l\u0259n, 15 iyul d\u00f6vl\u0259t \u00e7evrili\u015fin\u0259 c\u0259hdd\u0259n sonra T\u00fcrkiy\u0259 xarici i\u015fl\u0259r naziri M\u00f6vlud \u00c7avu\u015fo\u011flu bir \u00e7ox \u00f6lk\u0259y\u0259 FET\u00d6-n\u00fcn m\u0259kt\u0259bl\u0259rinin qapad\u0131lmas\u0131, onlar\u0131n adamlar\u0131n\u0131n \u00f6lk\u0259d\u0259n \u00e7\u0131xar\u0131lmas\u0131 haqda m\u00fcraci\u0259t etdi. Q\u0131r\u011f\u0131z\u0131stan bu m\u00fcraci\u0259t\u0259 s\u0259rt m\u0259zmunda cavab verdi. Q\u0131r\u011f\u0131z\u0131stan\u0131n \u0130slam Konfrans\u0131 T\u0259\u015fkilat\u0131n\u0131n \u00fczv\u00fc oldu\u011fu m\u0259lumdur. \u0130ndi Bi\u015fk\u0259k \u0130KT-y\u0259 d\u0259st\u0259k ver\u0259c\u0259kmi? Q\u0131r\u011f\u0131z\u0131stan FET\u00d6 m\u0259kt\u0259bl\u0259rini ya qapatmal\u0131, ya da \u0130KT-d\u0259ki statusunu d\u0259yi\u015fm\u0259lidir. Yaxud Qazax\u0131stan prezidenti Nursultan Nazarb\u0259yov Ankara s\u0259f\u0259ri zaman\u0131 a\u00e7\u0131q \u015f\u0259kild\u0259 d\u0259st\u0259k verm\u0259di, dedi ki, komissiya yaradacaqlar v\u0259 ara\u015fd\u0131racaqlar. \u018fg\u0259r h\u0259min m\u0259kt\u0259bl\u0259rin F\u0259tullah G\u00fcl\u0259nl\u0259 \u0259laq\u0259si olsa, m\u00fcvafiq q\u0259rar q\u0259bul ed\u0259c\u0259kl\u0259r&#8221;.\n<\/p>\n<p>\n  Az\u0259rbaycana g\u0259ldikd\u0259, m\u0259rk\u0259z r\u0259hb\u0259ri Bak\u0131n\u0131n m\u00fc\u0259yy\u0259n add\u0131mlar atd\u0131\u011f\u0131n\u0131 deyib: \u201cT\u00fcrkiy\u0259 r\u0259smil\u0259rinin son a\u00e7\u0131qlamalar\u0131na baxd\u0131qda, m\u00fc\u0259yy\u0259n raz\u0131l\u0131q da ifad\u0259 edilir. Ancaq Az\u0259rbaycandak\u0131 m\u00fc\u0259yy\u0259n m\u0259rk\u0259zl\u0259rin, kurslar\u0131n, m\u0259kt\u0259bl\u0259rin, universitetl\u0259rin statusu d\u0259yi\u015fs\u0259 d\u0259, mahiyy\u0259ti d\u0259yi\u015fm\u0259yib. \u0130kinci, g\u00fcl\u0259n\u00e7il\u0259rin n\u0259zar\u0259tind\u0259 b\u00f6y\u00fck maliyy\u0259 var idi, bu v\u0259saitl\u0259rin taleyi nec\u0259 oldu v\u0259 hans\u0131 \u015f\u0259kild\u0259 n\u0259zar\u0259td\u0259dir, bax, suallar a\u00e7\u0131q qal\u0131r. \u00dc\u00e7\u00fcnc\u00fc, bug\u00fcnl\u0259rd\u0259 r\u0259smi Bak\u0131n\u0131n m\u00fcraci\u0259tind\u0259n sonra Ankara siyah\u0131 g\u00f6nd\u0259rmi\u015fdi, h\u0259tta daxili i\u015fl\u0259r naziri Ramil Usubov bununla ba\u011fl\u0131 T\u00fcrkiy\u0259y\u0259 s\u0259f\u0259r d\u0259 etmi\u015fdi. O, T\u00fcrkiy\u0259y\u0259 tam d\u0259st\u0259k ver\u0259c\u0259yini d\u0259 bildirmi\u015fdi. H\u0259min hesabat\u0131n taleyi nec\u0259 oldu v\u0259 kiml\u0259rin ad\u0131 yer alm\u0131\u015fd\u0131, Az\u0259rbaycan \u0130slam Konfrans\u0131 T\u0259\u015fkilat\u0131n\u0131n q\u0259rar\u0131na uy\u011fun olaraq bu istiqam\u0259td\u0259 daha \u00e7ox add\u0131m atmal\u0131d\u0131r\u201d.\n<\/p>\n<figure class=\"wp-block-image size-large\">\n  <img decoding=\"async\" src=\"https:\/\/www.meydan.tv\/az\/70829\/\" alt=\"\" class=\"wp-image-70829\"\/><figcaption>\n    Elxan \u015eahino\u011flu Meydan TV<br \/>\n  <\/figcaption><\/figure>\n<p>\n  Elxan \u015eahino\u011flu d\u00fc\u015f\u00fcnm\u00fcr ki, \u0130KT-nin q\u0259rar\u0131ndan sonra Avropa d\u00f6vl\u0259tl\u0259ri v\u0259 Amerika t\u0259r\u0259find\u0259n F\u0259tullah G\u00fcl\u0259n, yaxud onun m\u0259rk\u0259zl\u0259ri haqda ciddi add\u0131mlar at\u0131lacaq: &#8220;Almaniyada G\u00fcl\u0259nin \u00e7ox g\u00fccl\u00fc m\u00f6vqeyi, m\u0259kt\u0259bl\u0259ri, m\u0259rk\u0259zl\u0259ri var. Berlin he\u00e7 birini qapatmay\u0131b. AB\u015e-da da xeyli sayda m\u0259rk\u0259z v\u0259 kurslar var, \u00fcst\u0259lik G\u00fcl\u0259ni ekstradisiya etm\u0259k bel\u0259 ist\u0259mir. Halbuki, Ankara v\u0259 Va\u015finqton strateji t\u0259r\u0259fda\u015fd\u0131r. Amerika m\u0259hk\u0259m\u0259 q\u0259rar\u0131n\u0131n vacibliyini vur\u011fulay\u0131r, ancaq \u00f6t\u0259n \u0259srin 80-ci ill\u0259rind\u0259 h\u0259r iki \u00f6lk\u0259 aras\u0131ndak\u0131 raz\u0131la\u015fmaya g\u00f6r\u0259 m\u0259hk\u0259m\u0259 q\u0259rar\u0131 olmadan da \u015f\u00fcbh\u0259li bilin\u0259n \u015f\u0259xsl\u0259ri bir-birin\u0259 t\u0259hvil ver\u0259 bil\u0259rl\u0259r. Bu m\u0259nada prezident \u018frdo\u011fan\u0131n \u201ch\u0259r d\u0259f\u0259 Amerika bizd\u0259n \u015f\u00fcbh\u0259li bildiyi \u015f\u0259xsl\u0259ri ist\u0259y\u0259nd\u0259, m\u0259hk\u0259m\u0259 h\u00f6km\u00fc olmadan t\u0259hvil veririk\u201d a\u00e7\u0131qlamas\u0131n\u0131 t\u0259sad\u00fcfi saymay\u0131n. T\u00fcrkiy\u0259 Amerikan\u0131n G\u00fcl\u0259ni asanl\u0131qla t\u0259hvil verm\u0259y\u0259c\u0259yini bilir. Ona g\u00f6r\u0259 ikinci t\u0259l\u0259b s\u0259sl\u0259ndirir, \u201che\u00e7 olmasa, G\u00fcl\u0259ni ev h\u0259bsin\u0259 al\u0131n\u201d &#8211; deyir. Va\u015finqton bunu da etm\u0259y\u0259 t\u0259l\u0259smir. Ona g\u00f6r\u0259 d\u0259 Q\u0259rb d\u00f6vl\u0259tl\u0259ril\u0259 Ankaraya t\u0259r\u0259fda\u015f \u00f6lk\u0259l\u0259rin bu m\u0259s\u0259l\u0259y\u0259 f\u0259rqli m\u00f6vqeyi ortaya \u00e7\u0131x\u0131r\u201d.<\/p>\n","protected":false},"excerpt":{"rendered":"<p>Elxan \u015eahino\u011flu: &#8221;Q\u0131r\u011f\u0131z\u0131stan FET\u00d6 m\u0259kt\u0259bl\u0259rini ya qapatmal\u0131, ya da \u0130KT-d\u0259ki statusunu d\u0259yi\u015fm\u0259lidir&#8221;<\/p>\n","protected":false},"author":11,"featured_media":70823,"comment_status":"closed","ping_status":"open","sticky":false,"template":"","format":"standard","meta":{"_acf_changed":false,"_sitemap_exclude":false,"_sitemap_priority":"","_sitemap_frequency":"","footnotes":""},"categories":[51],"tags":[],"class_list":["post-179736","post","type-post","status-publish","format-standard","has-post-thumbnail","hentry","category-analitika","infinite-scroll-item","generate-columns","tablet-grid-50","mobile-grid-100","grid-parent","grid-33","no-featured-image-padding"],"acf":[],"yoast_head":"<!-- This site is optimized with the Yoast SEO plugin v27.5 - https:\/\/yoast.com\/product\/yoast-seo-wordpress\/ -->\n<title>&#039;&#039;\u0130KT-nin FET\u00d6-n\u00fc terror\u00e7u elan etm\u0259si x\u00fcsusi m\u0259qam\u0131 g\u00fcnd\u0259m\u0259 g\u0259tirir&#039;&#039; - MEYDAN.TV<\/title>\n<meta name=\"robots\" content=\"index, follow, max-snippet:-1, max-image-preview:large, max-video-preview:-1\" \/>\n<link rel=\"canonical\" href=\"https:\/\/www.meydan.tv\/az\/article\/ikt-nin-feto-nu-terrorcu-elan-etmesi-xususi-meqami-gundeme-getirir\/\" \/>\n<meta property=\"og:locale\" content=\"az_AZ\" \/>\n<meta property=\"og:type\" content=\"article\" \/>\n<meta property=\"og:title\" content=\"&#039;&#039;\u0130KT-nin FET\u00d6-n\u00fc terror\u00e7u elan etm\u0259si x\u00fcsusi m\u0259qam\u0131 g\u00fcnd\u0259m\u0259 g\u0259tirir&#039;&#039; - MEYDAN.TV\" \/>\n<meta property=\"og:description\" content=\"Elxan \u015eahino\u011flu: &#039;&#039;Q\u0131r\u011f\u0131z\u0131stan FET\u00d6 m\u0259kt\u0259bl\u0259rini ya qapatmal\u0131, ya da \u0130KT-d\u0259ki statusunu d\u0259yi\u015fm\u0259lidir&#039;&#039;\" \/>\n<meta property=\"og:url\" content=\"https:\/\/www.meydan.tv\/az\/article\/ikt-nin-feto-nu-terrorcu-elan-etmesi-xususi-meqami-gundeme-getirir\/\" \/>\n<meta property=\"og:site_name\" content=\"MEYDAN.TV\" \/>\n<meta property=\"article:published_time\" content=\"2016-10-20T00:41:26+00:00\" \/>\n<meta property=\"og:image\" content=\"https:\/\/www.meydan.tv\/wp-content\/uploads\/27116.jpg\" \/>\n\t<meta property=\"og:image:width\" content=\"550\" \/>\n\t<meta property=\"og:image:height\" content=\"308\" \/>\n\t<meta property=\"og:image:type\" content=\"image\/jpeg\" \/>\n<meta name=\"author\" content=\"user-manager\" \/>\n<meta name=\"twitter:card\" content=\"summary_large_image\" \/>\n<script type=\"application\/ld+json\" class=\"yoast-schema-graph\">{\"@context\":\"https:\\\/\\\/schema.org\",\"@graph\":[{\"@type\":\"Article\",\"@id\":\"https:\\\/\\\/www.meydan.tv\\\/az\\\/article\\\/ikt-nin-feto-nu-terrorcu-elan-etmesi-xususi-meqami-gundeme-getirir\\\/#article\",\"isPartOf\":{\"@id\":\"https:\\\/\\\/www.meydan.tv\\\/az\\\/article\\\/ikt-nin-feto-nu-terrorcu-elan-etmesi-xususi-meqami-gundeme-getirir\\\/\"},\"author\":{\"name\":\"user-manager\",\"@id\":\"https:\\\/\\\/www.meydan.tv\\\/az\\\/#\\\/schema\\\/person\\\/10d11eccf6da3662cf5fdab9806ea91a\"},\"headline\":\"&#8221;\u0130KT-nin FET\u00d6-n\u00fc terror\u00e7u elan etm\u0259si x\u00fcsusi m\u0259qam\u0131 g\u00fcnd\u0259m\u0259 g\u0259tirir&#8221;\",\"datePublished\":\"2016-10-20T00:41:26+00:00\",\"mainEntityOfPage\":{\"@id\":\"https:\\\/\\\/www.meydan.tv\\\/az\\\/article\\\/ikt-nin-feto-nu-terrorcu-elan-etmesi-xususi-meqami-gundeme-getirir\\\/\"},\"wordCount\":823,\"publisher\":{\"@id\":\"https:\\\/\\\/www.meydan.tv\\\/az\\\/#organization\"},\"image\":{\"@id\":\"https:\\\/\\\/www.meydan.tv\\\/az\\\/article\\\/ikt-nin-feto-nu-terrorcu-elan-etmesi-xususi-meqami-gundeme-getirir\\\/#primaryimage\"},\"thumbnailUrl\":\"https:\\\/\\\/www.meydan.tv\\\/wp-content\\\/uploads\\\/27116.jpg\",\"articleSection\":[\"Analitika\"],\"inLanguage\":\"az\"},{\"@type\":\"WebPage\",\"@id\":\"https:\\\/\\\/www.meydan.tv\\\/az\\\/article\\\/ikt-nin-feto-nu-terrorcu-elan-etmesi-xususi-meqami-gundeme-getirir\\\/\",\"url\":\"https:\\\/\\\/www.meydan.tv\\\/az\\\/article\\\/ikt-nin-feto-nu-terrorcu-elan-etmesi-xususi-meqami-gundeme-getirir\\\/\",\"name\":\"''\u0130KT-nin FET\u00d6-n\u00fc terror\u00e7u elan etm\u0259si x\u00fcsusi m\u0259qam\u0131 g\u00fcnd\u0259m\u0259 g\u0259tirir'' - MEYDAN.TV\",\"isPartOf\":{\"@id\":\"https:\\\/\\\/www.meydan.tv\\\/az\\\/#website\"},\"primaryImageOfPage\":{\"@id\":\"https:\\\/\\\/www.meydan.tv\\\/az\\\/article\\\/ikt-nin-feto-nu-terrorcu-elan-etmesi-xususi-meqami-gundeme-getirir\\\/#primaryimage\"},\"image\":{\"@id\":\"https:\\\/\\\/www.meydan.tv\\\/az\\\/article\\\/ikt-nin-feto-nu-terrorcu-elan-etmesi-xususi-meqami-gundeme-getirir\\\/#primaryimage\"},\"thumbnailUrl\":\"https:\\\/\\\/www.meydan.tv\\\/wp-content\\\/uploads\\\/27116.jpg\",\"datePublished\":\"2016-10-20T00:41:26+00:00\",\"breadcrumb\":{\"@id\":\"https:\\\/\\\/www.meydan.tv\\\/az\\\/article\\\/ikt-nin-feto-nu-terrorcu-elan-etmesi-xususi-meqami-gundeme-getirir\\\/#breadcrumb\"},\"inLanguage\":\"az\",\"potentialAction\":[{\"@type\":\"ReadAction\",\"target\":[\"https:\\\/\\\/www.meydan.tv\\\/az\\\/article\\\/ikt-nin-feto-nu-terrorcu-elan-etmesi-xususi-meqami-gundeme-getirir\\\/\"]}]},{\"@type\":\"ImageObject\",\"inLanguage\":\"az\",\"@id\":\"https:\\\/\\\/www.meydan.tv\\\/az\\\/article\\\/ikt-nin-feto-nu-terrorcu-elan-etmesi-xususi-meqami-gundeme-getirir\\\/#primaryimage\",\"url\":\"https:\\\/\\\/www.meydan.tv\\\/wp-content\\\/uploads\\\/27116.jpg\",\"contentUrl\":\"https:\\\/\\\/www.meydan.tv\\\/wp-content\\\/uploads\\\/27116.jpg\",\"width\":550,\"height\":308,\"caption\":\"Source:\"},{\"@type\":\"BreadcrumbList\",\"@id\":\"https:\\\/\\\/www.meydan.tv\\\/az\\\/article\\\/ikt-nin-feto-nu-terrorcu-elan-etmesi-xususi-meqami-gundeme-getirir\\\/#breadcrumb\",\"itemListElement\":[{\"@type\":\"ListItem\",\"position\":1,\"name\":\"Ana s\u0259hif\u0259\",\"item\":\"https:\\\/\\\/www.meydan.tv\\\/az\\\/\"},{\"@type\":\"ListItem\",\"position\":2,\"name\":\"Analitika\",\"item\":\"https:\\\/\\\/www.meydan.tv\\\/az\\\/section\\\/analitika\\\/\"},{\"@type\":\"ListItem\",\"position\":3,\"name\":\"&#8221;\u0130KT-nin FET\u00d6-n\u00fc terror\u00e7u elan etm\u0259si x\u00fcsusi m\u0259qam\u0131 g\u00fcnd\u0259m\u0259 g\u0259tirir&#8221;\"}]},{\"@type\":\"WebSite\",\"@id\":\"https:\\\/\\\/www.meydan.tv\\\/az\\\/#website\",\"url\":\"https:\\\/\\\/www.meydan.tv\\\/az\\\/\",\"name\":\"MEYDAN.TV\",\"description\":\"Meydan TV Az\u0259rbaycan\u0131n media m\u0259kan\u0131ndak\u0131 alternativ s\u0259sidir\",\"publisher\":{\"@id\":\"https:\\\/\\\/www.meydan.tv\\\/az\\\/#organization\"},\"potentialAction\":[{\"@type\":\"SearchAction\",\"target\":{\"@type\":\"EntryPoint\",\"urlTemplate\":\"https:\\\/\\\/www.meydan.tv\\\/az\\\/?s={search_term_string}\"},\"query-input\":{\"@type\":\"PropertyValueSpecification\",\"valueRequired\":true,\"valueName\":\"search_term_string\"}}],\"inLanguage\":\"az\"},{\"@type\":\"Organization\",\"@id\":\"https:\\\/\\\/www.meydan.tv\\\/az\\\/#organization\",\"name\":\"Meydan TV\",\"url\":\"https:\\\/\\\/www.meydan.tv\\\/az\\\/\",\"logo\":{\"@type\":\"ImageObject\",\"inLanguage\":\"az\",\"@id\":\"https:\\\/\\\/www.meydan.tv\\\/az\\\/#\\\/schema\\\/logo\\\/image\\\/\",\"url\":\"https:\\\/\\\/www.meydan.tv\\\/wp-content\\\/uploads\\\/2021\\\/07\\\/meydan-logo.svg\",\"contentUrl\":\"https:\\\/\\\/www.meydan.tv\\\/wp-content\\\/uploads\\\/2021\\\/07\\\/meydan-logo.svg\",\"width\":195,\"height\":46,\"caption\":\"Meydan TV\"},\"image\":{\"@id\":\"https:\\\/\\\/www.meydan.tv\\\/az\\\/#\\\/schema\\\/logo\\\/image\\\/\"}},{\"@type\":\"Person\",\"@id\":\"https:\\\/\\\/www.meydan.tv\\\/az\\\/#\\\/schema\\\/person\\\/10d11eccf6da3662cf5fdab9806ea91a\",\"name\":\"user-manager\"}]}<\/script>\n<!-- \/ Yoast SEO plugin. -->","yoast_head_json":{"title":"''\u0130KT-nin FET\u00d6-n\u00fc terror\u00e7u elan etm\u0259si x\u00fcsusi m\u0259qam\u0131 g\u00fcnd\u0259m\u0259 g\u0259tirir'' - MEYDAN.TV","robots":{"index":"index","follow":"follow","max-snippet":"max-snippet:-1","max-image-preview":"max-image-preview:large","max-video-preview":"max-video-preview:-1"},"canonical":"https:\/\/www.meydan.tv\/az\/article\/ikt-nin-feto-nu-terrorcu-elan-etmesi-xususi-meqami-gundeme-getirir\/","og_locale":"az_AZ","og_type":"article","og_title":"''\u0130KT-nin FET\u00d6-n\u00fc terror\u00e7u elan etm\u0259si x\u00fcsusi m\u0259qam\u0131 g\u00fcnd\u0259m\u0259 g\u0259tirir'' - MEYDAN.TV","og_description":"Elxan \u015eahino\u011flu: ''Q\u0131r\u011f\u0131z\u0131stan FET\u00d6 m\u0259kt\u0259bl\u0259rini ya qapatmal\u0131, ya da \u0130KT-d\u0259ki statusunu d\u0259yi\u015fm\u0259lidir''","og_url":"https:\/\/www.meydan.tv\/az\/article\/ikt-nin-feto-nu-terrorcu-elan-etmesi-xususi-meqami-gundeme-getirir\/","og_site_name":"MEYDAN.TV","article_published_time":"2016-10-20T00:41:26+00:00","og_image":[{"width":550,"height":308,"url":"https:\/\/www.meydan.tv\/wp-content\/uploads\/27116.jpg","type":"image\/jpeg"}],"author":"user-manager","twitter_card":"summary_large_image","schema":{"@context":"https:\/\/schema.org","@graph":[{"@type":"Article","@id":"https:\/\/www.meydan.tv\/az\/article\/ikt-nin-feto-nu-terrorcu-elan-etmesi-xususi-meqami-gundeme-getirir\/#article","isPartOf":{"@id":"https:\/\/www.meydan.tv\/az\/article\/ikt-nin-feto-nu-terrorcu-elan-etmesi-xususi-meqami-gundeme-getirir\/"},"author":{"name":"user-manager","@id":"https:\/\/www.meydan.tv\/az\/#\/schema\/person\/10d11eccf6da3662cf5fdab9806ea91a"},"headline":"&#8221;\u0130KT-nin FET\u00d6-n\u00fc terror\u00e7u elan etm\u0259si x\u00fcsusi m\u0259qam\u0131 g\u00fcnd\u0259m\u0259 g\u0259tirir&#8221;","datePublished":"2016-10-20T00:41:26+00:00","mainEntityOfPage":{"@id":"https:\/\/www.meydan.tv\/az\/article\/ikt-nin-feto-nu-terrorcu-elan-etmesi-xususi-meqami-gundeme-getirir\/"},"wordCount":823,"publisher":{"@id":"https:\/\/www.meydan.tv\/az\/#organization"},"image":{"@id":"https:\/\/www.meydan.tv\/az\/article\/ikt-nin-feto-nu-terrorcu-elan-etmesi-xususi-meqami-gundeme-getirir\/#primaryimage"},"thumbnailUrl":"https:\/\/www.meydan.tv\/wp-content\/uploads\/27116.jpg","articleSection":["Analitika"],"inLanguage":"az"},{"@type":"WebPage","@id":"https:\/\/www.meydan.tv\/az\/article\/ikt-nin-feto-nu-terrorcu-elan-etmesi-xususi-meqami-gundeme-getirir\/","url":"https:\/\/www.meydan.tv\/az\/article\/ikt-nin-feto-nu-terrorcu-elan-etmesi-xususi-meqami-gundeme-getirir\/","name":"''\u0130KT-nin FET\u00d6-n\u00fc terror\u00e7u elan etm\u0259si x\u00fcsusi m\u0259qam\u0131 g\u00fcnd\u0259m\u0259 g\u0259tirir'' - MEYDAN.TV","isPartOf":{"@id":"https:\/\/www.meydan.tv\/az\/#website"},"primaryImageOfPage":{"@id":"https:\/\/www.meydan.tv\/az\/article\/ikt-nin-feto-nu-terrorcu-elan-etmesi-xususi-meqami-gundeme-getirir\/#primaryimage"},"image":{"@id":"https:\/\/www.meydan.tv\/az\/article\/ikt-nin-feto-nu-terrorcu-elan-etmesi-xususi-meqami-gundeme-getirir\/#primaryimage"},"thumbnailUrl":"https:\/\/www.meydan.tv\/wp-content\/uploads\/27116.jpg","datePublished":"2016-10-20T00:41:26+00:00","breadcrumb":{"@id":"https:\/\/www.meydan.tv\/az\/article\/ikt-nin-feto-nu-terrorcu-elan-etmesi-xususi-meqami-gundeme-getirir\/#breadcrumb"},"inLanguage":"az","potentialAction":[{"@type":"ReadAction","target":["https:\/\/www.meydan.tv\/az\/article\/ikt-nin-feto-nu-terrorcu-elan-etmesi-xususi-meqami-gundeme-getirir\/"]}]},{"@type":"ImageObject","inLanguage":"az","@id":"https:\/\/www.meydan.tv\/az\/article\/ikt-nin-feto-nu-terrorcu-elan-etmesi-xususi-meqami-gundeme-getirir\/#primaryimage","url":"https:\/\/www.meydan.tv\/wp-content\/uploads\/27116.jpg","contentUrl":"https:\/\/www.meydan.tv\/wp-content\/uploads\/27116.jpg","width":550,"height":308,"caption":"Source:"},{"@type":"BreadcrumbList","@id":"https:\/\/www.meydan.tv\/az\/article\/ikt-nin-feto-nu-terrorcu-elan-etmesi-xususi-meqami-gundeme-getirir\/#breadcrumb","itemListElement":[{"@type":"ListItem","position":1,"name":"Ana s\u0259hif\u0259","item":"https:\/\/www.meydan.tv\/az\/"},{"@type":"ListItem","position":2,"name":"Analitika","item":"https:\/\/www.meydan.tv\/az\/section\/analitika\/"},{"@type":"ListItem","position":3,"name":"&#8221;\u0130KT-nin FET\u00d6-n\u00fc terror\u00e7u elan etm\u0259si x\u00fcsusi m\u0259qam\u0131 g\u00fcnd\u0259m\u0259 g\u0259tirir&#8221;"}]},{"@type":"WebSite","@id":"https:\/\/www.meydan.tv\/az\/#website","url":"https:\/\/www.meydan.tv\/az\/","name":"MEYDAN.TV","description":"Meydan TV Az\u0259rbaycan\u0131n media m\u0259kan\u0131ndak\u0131 alternativ s\u0259sidir","publisher":{"@id":"https:\/\/www.meydan.tv\/az\/#organization"},"potentialAction":[{"@type":"SearchAction","target":{"@type":"EntryPoint","urlTemplate":"https:\/\/www.meydan.tv\/az\/?s={search_term_string}"},"query-input":{"@type":"PropertyValueSpecification","valueRequired":true,"valueName":"search_term_string"}}],"inLanguage":"az"},{"@type":"Organization","@id":"https:\/\/www.meydan.tv\/az\/#organization","name":"Meydan TV","url":"https:\/\/www.meydan.tv\/az\/","logo":{"@type":"ImageObject","inLanguage":"az","@id":"https:\/\/www.meydan.tv\/az\/#\/schema\/logo\/image\/","url":"https:\/\/www.meydan.tv\/wp-content\/uploads\/2021\/07\/meydan-logo.svg","contentUrl":"https:\/\/www.meydan.tv\/wp-content\/uploads\/2021\/07\/meydan-logo.svg","width":195,"height":46,"caption":"Meydan TV"},"image":{"@id":"https:\/\/www.meydan.tv\/az\/#\/schema\/logo\/image\/"}},{"@type":"Person","@id":"https:\/\/www.meydan.tv\/az\/#\/schema\/person\/10d11eccf6da3662cf5fdab9806ea91a","name":"user-manager"}]}},"_links":{"self":[{"href":"https:\/\/www.meydan.tv\/az\/wp-json\/wp\/v2\/posts\/179736","targetHints":{"allow":["GET"]}}],"collection":[{"href":"https:\/\/www.meydan.tv\/az\/wp-json\/wp\/v2\/posts"}],"about":[{"href":"https:\/\/www.meydan.tv\/az\/wp-json\/wp\/v2\/types\/post"}],"author":[{"embeddable":true,"href":"https:\/\/www.meydan.tv\/az\/wp-json\/wp\/v2\/users\/11"}],"replies":[{"embeddable":true,"href":"https:\/\/www.meydan.tv\/az\/wp-json\/wp\/v2\/comments?post=179736"}],"version-history":[{"count":0,"href":"https:\/\/www.meydan.tv\/az\/wp-json\/wp\/v2\/posts\/179736\/revisions"}],"wp:featuredmedia":[{"embeddable":true,"href":"https:\/\/www.meydan.tv\/az\/wp-json\/wp\/v2\/media\/70823"}],"wp:attachment":[{"href":"https:\/\/www.meydan.tv\/az\/wp-json\/wp\/v2\/media?parent=179736"}],"wp:term":[{"taxonomy":"category","embeddable":true,"href":"https:\/\/www.meydan.tv\/az\/wp-json\/wp\/v2\/categories?post=179736"},{"taxonomy":"post_tag","embeddable":true,"href":"https:\/\/www.meydan.tv\/az\/wp-json\/wp\/v2\/tags?post=179736"}],"curies":[{"name":"wp","href":"https:\/\/api.w.org\/{rel}","templated":true}]}}