{"id":179718,"date":"2016-10-19T15:21:08","date_gmt":"2016-10-19T15:21:08","guid":{"rendered":"https:\/\/www.meydan.tv\/article\/fp-azerbaycandan-surgun-edilmis-mediadan-yazir\/"},"modified":"2016-10-19T15:21:08","modified_gmt":"2016-10-19T15:21:08","slug":"fp-azerbaycandan-surgun-edilmis-mediadan-yazir","status":"publish","type":"post","link":"https:\/\/www.meydan.tv\/az\/article\/fp-azerbaycandan-surgun-edilmis-mediadan-yazir\/","title":{"rendered":"FP Az\u0259rbaycandan &#8221;s\u00fcrg\u00fcn edilmi\u015f&#8221; mediadan yaz\u0131r"},"content":{"rendered":"<figure class=\"wp-block-image size-large\">\n  <img decoding=\"async\" src=\"https:\/\/www.meydan.tv\/az\/foto-meydan-tv-17\/\" alt=\"foto Meydan TV\" class=\"wp-image-70781\"\/><figcaption>\n    foto Meydan TV<br \/>\n  <\/figcaption><\/figure>\n<p>\n  <i><br \/>\n    &#8221;He\u00e7 bir h\u00fccum bizi g\u00f6rd\u00fcy\u00fcm\u00fcz i\u015fd\u0259n imtinaya vadar ed\u0259 bilm\u0259z&#8221;<br \/>\n  <\/i>\n<\/p>\n<p>\n  \u201cAvtoritar rejiml\u0259rd\u0259 \u0259n etibarl\u0131 informasiya m\u0259nb\u0259yi s\u00fcrg\u00fcn edilmi\u015f m\u0259nb\u0259 ola bil\u0259r. Bunu Az\u0259rbaycandan s\u00fcrg\u00fcn olunmu\u015f bir media orqan\u0131n misal\u0131nda g\u00f6r\u00fcr\u00fck\u201d.\n<\/p>\n<p>\n  \u201cForeign Policy\u201d (FP) qlobal x\u0259b\u0259r d\u0259rgisi Az\u0259rbaycandan k\u0259narda f\u0259aliyy\u0259t g\u00f6st\u0259r\u0259n Meydan TV-d\u0259n, m\u00fchacir\u0259td\u0259 \u00e7al\u0131\u015fan m\u0259tbuat orqanlar\u0131n\u0131n u\u011furlar\u0131 v\u0259 \u00e7\u0259tinlikl\u0259rind\u0259n s\u00f6z a\u00e7an m\u0259qal\u0259 d\u0259rc edib.\n<\/p>\n<p>\n  M\u0259qal\u0259nin m\u00fc\u0259llifi Dan Peleschik yaz\u0131r ki, s\u00fcrg\u00fcn m\u0259tbuat olmasayd\u0131, adi v\u0259t\u0259nda\u015f d\u00f6vl\u0259tin idar\u0259 etdiyi m\u0259tbuat\u0131n r\u0259q\u0259m v\u0259 m\u0259lumatlar\u0131na inanacaqd\u0131, oxucu f\u0259rqli n\u0259tic\u0259 \u00e7\u0131xara bilm\u0259y\u0259c\u0259kdi. Amma Meydan TV kimi media orqanlar\u0131 buna imkan vermir. M\u0259s\u0259l\u0259n, aprel d\u00f6y\u00fc\u015fl\u0259rind\u0259 Az\u0259rbaycan televiziyalar\u0131 ordunun \u015f\u00fcca\u0259tind\u0259n, patriotizmd\u0259n d\u0259m vurdu\u011fu halda, Meydan TV \u00f6l\u0259nl\u0259rin yax\u0131nlar\u0131yla \u0259laq\u0259 yarad\u0131b v\u0259 h\u0259qiq\u0259ti, h\u0259lak olanlar\u0131n say\u0131n\u0131n r\u0259smi r\u0259q\u0259ml\u0259rd\u0259n 3 d\u0259f\u0259 art\u0131q oldu\u011funu \u00fcz\u0259 \u00e7\u0131xar\u0131b, \u00f6l\u0259nl\u0259rin siyah\u0131s\u0131n\u0131 d\u0259rc edib.\n<\/p>\n<p>\n  <i><br \/>\n    \u201cAdam\u0131 susma\u011fa m\u0259cbur etm\u0259k\u201d<br \/>\n  <\/i>\n<\/p>\n<p>\n  Amma Meydan TV bunu Az\u0259rbaycanda deyil, \u00f6lk\u0259d\u0259n k\u0259nardan \u2013 Berlind\u0259n idar\u0259 olundu\u011fu \u00fc\u00e7\u00fcn ed\u0259 bilib. FP Az\u0259rbaycan kimi qapal\u0131 avtoritar rejiml\u0259rd\u0259 bu c\u00fcr media orqanlar\u0131n\u0131n f\u0259aliyy\u0259tinin m\u00fcmk\u00fcns\u00fcz oldu\u011funu, d\u00f6vl\u0259tin m\u0259tbuata b\u00fct\u00fcnl\u00fckl\u0259 n\u0259zar\u0259t etdiyini, ictimai f\u0259allar\u0131n, t\u0259nqid\u00e7i jurnalistl\u0259rin, ya da sad\u0259c\u0259, s\u0259rb\u0259st d\u00fc\u015f\u00fcn\u0259r\u0259k dan\u0131\u015fanlar\u0131n cinay\u0259t m\u0259suliyy\u0259tin\u0259 c\u0259lb edildiyini yaz\u0131r.\n<\/p>\n<figure class=\"wp-block-image size-large\">\n  <img decoding=\"async\" src=\"https:\/\/www.meydan.tv\/az\/emin-milli-foto-meydan-tv\/\" alt=\"Emin Milli foto Meydan TV\" class=\"wp-image-70784\"\/><figcaption>\n    Emin Milli foto Meydan TV<br \/>\n  <\/figcaption><\/figure>\n<p>\n  \u201c\u018fsas m\u0259qs\u0259d adam\u0131 susma\u011fa m\u0259cbur etm\u0259kdir\u201d, &#8211; Moskvada yarad\u0131lm\u0131\u015f v\u0259 Sovet \u0130ttifaq\u0131ndan ayr\u0131lan Asiya \u00f6lk\u0259l\u0259rini \u0259hat\u0259l\u0259y\u0259n \u201cFergana News\u201d veb-sayt\u0131n\u0131n redaktoru Daniil Kislov FP-y\u0259 m\u00fcsahib\u0259sind\u0259 bel\u0259 deyib.<br \/>\n  <br \/>\n  M\u0259qal\u0259d\u0259 tan\u0131nm\u0131\u015f ara\u015fd\u0131rma\u00e7\u0131-jurnalist X\u0259dic\u0259 \u0130smay\u0131lovan\u0131n da \u018fliyevl\u0259r ail\u0259sinin korrupsiyada i\u015ftirak\u0131yla ba\u011fl\u0131 yaz\u0131lar\u0131na g\u00f6r\u0259 h\u0259bs olundu\u011funu, il yar\u0131mdan sonra azadl\u0131\u011fa burax\u0131ld\u0131\u011f\u0131n\u0131 xat\u0131rlad\u0131r. El\u0259 Meydan TV-nin \u0259sas\u0131n\u0131 qoyan Emin Millinin d\u0259 rejimi t\u0259nqid etdiyin\u0259 g\u00f6r\u0259 d\u0259f\u0259l\u0259rl\u0259 h\u0259bs v\u0259 t\u0259qib olundu\u011funu, m\u0259hz buna g\u00f6r\u0259 2013-c\u00fc ild\u0259 Berlin\u0259 gedib siyasi s\u0131\u011f\u0131nacaq alaraq m\u00fchacir\u0259td\u0259 f\u0259aliyy\u0259t g\u00f6st\u0259rm\u0259y\u0259 ba\u015flad\u0131\u011f\u0131n\u0131 qeyd edir.\n<\/p>\n<p>\n  <i><br \/>\n    Etibarl\u0131 x\u0259b\u0259rin m\u0259nb\u0259yi<br \/>\n  <\/i>\n<\/p>\n<p>\n  FP yaz\u0131r ki, Az\u0259rbaycan h\u00f6kum\u0259ti k\u0259nardan idar\u0259 olunan m\u0259tbuat orqanlar\u0131n\u0131n da f\u0259aliyy\u0259tini \u0259ng\u0259ll\u0259m\u0259kd\u0259n \u00f6tr\u00fc \u0259lind\u0259n g\u0259l\u0259ni edir. M\u0259s\u0259l\u0259n, Meydan TV yay\u0131mlanma\u011fa ba\u015flayandan c\u0259mi bir h\u0259ft\u0259 sonra dal\u011falar\u0131 vurulub, bu da televiziyan\u0131n istiqam\u0259tini d\u0259yi\u015fm\u0259si, daha geni\u015f onlayn media orqan\u0131na \u00e7evrilm\u0259siyl\u0259 sonuclan\u0131b. \u0130ndi Meydan TV m\u00fchacir\u0259td\u0259n idar\u0259 olunaraq auditoriya toplama\u011fa \u00e7al\u0131\u015fan b\u00fct\u00fcn media layih\u0259l\u0259ri kimi, s\u0259rb\u0259st \u00e7al\u0131\u015fan jurnalistl\u0259rin, v\u0259t\u0259nda\u015flar\u0131n, internetin verdiyi imkanlar\u0131n hesab\u0131na ayaq \u00fcstd\u0259 dayan\u0131r.\n<\/p>\n<p>\n  FP yaz\u0131r ki, bu, yeni prinsip deyil. Soyuq m\u00fcharib\u0259 d\u00f6vr\u00fcnd\u0259 Q\u0259rb \u201cD\u0259mir p\u0259rd\u0259\u201d arxas\u0131ndak\u0131 sovet auditoriyas\u0131na \u00e7atmaq \u00fc\u00e7\u00fcn Azadl\u0131qRadiosu, \u201cAmerikan\u0131n s\u0259si\u201d, BBC kimi media orqanlar\u0131ndan istifad\u0259 edirdi. Hesablamalara g\u00f6r\u0259, onlar sovet izl\u0259yicil\u0259rinin 25 faizi t\u0259r\u0259find\u0259n dinl\u0259nilirdi. Meydan TV is\u0259 Az\u0259rbaycandak\u0131 auditoriyan\u0131n 20 faizinin onlar\u0131 izl\u0259diyini bildirir.\n<\/p>\n<p>\n  <i><br \/>\n    Jurnalistikadan art\u0131q<br \/>\n  <\/i>\n<\/p>\n<p>\n  \u018fliyev rejimi b\u00fct\u00fcn bunlar\u0131 g\u00f6r\u00fcr. Ona g\u00f6r\u0259 d\u0259 Meydan TV-y\u0259 cinay\u0259t i\u015fi a\u00e7\u0131b. Bu orqanla \u0259m\u0259kda\u015fl\u0131q ed\u0259n jurnalistl\u0259rin \u00f6lk\u0259d\u0259n \u00e7\u0131x\u0131\u015f\u0131na qada\u011fa qoyur, onlar\u0131 t\u0259qib edir. Meydan TV-nin veb-s\u0259hif\u0259sin\u0259 d\u0259f\u0259l\u0259rl\u0259 haker h\u00fccumlar\u0131 olub. Emin Milli FP-y\u0259 m\u00fcsahib\u0259sind\u0259 bunu yax\u015f\u0131 \u0259lam\u0259t say\u0131r: \u201cBiz\u0259 h\u00fccumlar u\u011furumuzun etiraf\u0131 dem\u0259kdir. V\u0259 he\u00e7 bir h\u00fccum bizi g\u00f6rd\u00fcy\u00fcm\u00fcz i\u015fd\u0259n imtinaya vadar ed\u0259 bilm\u0259z\u201d.\n<\/p>\n<p>\n  Emin Milli onlar\u0131n yaln\u0131z jurnalistikayla m\u0259\u015f\u011ful oldu\u011funu bildirib. Amma Va\u015finqton Universitetinin dosenti, ke\u00e7mi\u015f Sovet \u00f6lk\u0259l\u0259rind\u0259 media vasit\u0259l\u0259rini ara\u015fd\u0131ran Katy Pearce deyir ki, Meydan TV kimi orqanlar\u0131n \u0259m\u0259kda\u015flar\u0131 jurnalistikadan da art\u0131\u011f\u0131n\u0131 edirl\u0259r: \u201cBu insanlar h\u0259r \u015feyd\u0259n \u0259vv\u0259l m\u00fcbarizdirl\u0259r\u201d.\n<\/p>\n<p>\n  D\u0259rgi Meydan TV-nin haz\u0131rda QHT-l\u0259rin ay\u0131rd\u0131\u011f\u0131 v\u0259sait hesab\u0131na f\u0259aliyy\u0259t g\u00f6st\u0259rdiyini yaz\u0131r. Almaniya h\u00f6kum\u0259ti Az\u0259rbaycanla m\u00fcnasib\u0259tl\u0259ri korlamamaqdan \u00f6tr\u00fc televiziyaya maliyy\u0259 yard\u0131m\u0131ndan imtina edib. \u0130ndi Meydan TV h\u0259r \u015feyd\u0259n \u00e7ox alternativ informasiya axtaran auditoriyaya bel ba\u011flad\u0131\u011f\u0131n\u0131 bildirir.\n<\/p>\n<p>\n  \u201cM\u0259nc\u0259 n\u0259yin s\u0259hv, n\u0259yin do\u011fru oldu\u011funu izl\u0259yicil\u0259r \u00e7ox vaxt g\u00f6r\u00fcr. T\u0259bli\u011fat hans\u0131sa h\u0259dd\u0259 q\u0259d\u0259r m\u00fcmk\u00fcnd\u00fcr, bir m\u00fcdd\u0259td\u0259n sonra camaat n\u0259 ba\u015f verdiyini anlama\u011fa ba\u015flay\u0131r\u201d. Bunu is\u0259 \u201cAmerikan\u0131n S\u0259si\u201d v\u0259 Azadl\u0131qRadiosunun haz\u0131rlad\u0131\u011f\u0131 x\u0259b\u0259r proqram\u0131 \u2013 \u201cCurrent Time\u201dn ba\u015f redaktoru K\u0259nan \u018fliyev FP-y\u0259 m\u00fcsahib\u0259sind\u0259 deyib.\n<\/p>\n<p>\n  <i><br \/>\n    T\u0259rc\u00fcm\u0259: Azadl\u0131qRadiosu<br \/>\n  <\/i><\/p>\n","protected":false},"excerpt":{"rendered":"<p>&#8221;He\u00e7 bir h\u00fccum bizi g\u00f6rd\u00fcy\u00fcm\u00fcz i\u015fd\u0259n imtinaya vadar ed\u0259 bilm\u0259z&#8221;<\/p>\n","protected":false},"author":11,"featured_media":70781,"comment_status":"closed","ping_status":"open","sticky":false,"template":"","format":"standard","meta":{"_acf_changed":false,"_sitemap_exclude":false,"_sitemap_priority":"","_sitemap_frequency":"","footnotes":""},"categories":[51],"tags":[],"class_list":["post-179718","post","type-post","status-publish","format-standard","has-post-thumbnail","hentry","category-analitika","infinite-scroll-item","generate-columns","tablet-grid-50","mobile-grid-100","grid-parent","grid-33","no-featured-image-padding"],"acf":[],"yoast_head":"<!-- This site is optimized with the Yoast SEO plugin v27.5 - https:\/\/yoast.com\/product\/yoast-seo-wordpress\/ -->\n<title>FP Az\u0259rbaycandan &#039;&#039;s\u00fcrg\u00fcn edilmi\u015f&#039;&#039; mediadan yaz\u0131r - MEYDAN.TV<\/title>\n<meta name=\"robots\" content=\"index, follow, max-snippet:-1, max-image-preview:large, max-video-preview:-1\" \/>\n<link rel=\"canonical\" href=\"https:\/\/www.meydan.tv\/az\/article\/fp-azerbaycandan-surgun-edilmis-mediadan-yazir\/\" \/>\n<meta property=\"og:locale\" content=\"az_AZ\" \/>\n<meta property=\"og:type\" content=\"article\" \/>\n<meta property=\"og:title\" content=\"FP Az\u0259rbaycandan &#039;&#039;s\u00fcrg\u00fcn edilmi\u015f&#039;&#039; mediadan yaz\u0131r - MEYDAN.TV\" \/>\n<meta property=\"og:description\" content=\"&#039;&#039;He\u00e7 bir h\u00fccum bizi g\u00f6rd\u00fcy\u00fcm\u00fcz i\u015fd\u0259n imtinaya vadar ed\u0259 bilm\u0259z&#039;&#039;\" \/>\n<meta property=\"og:url\" content=\"https:\/\/www.meydan.tv\/az\/article\/fp-azerbaycandan-surgun-edilmis-mediadan-yazir\/\" \/>\n<meta property=\"og:site_name\" content=\"MEYDAN.TV\" \/>\n<meta property=\"article:published_time\" content=\"2016-10-19T15:21:08+00:00\" \/>\n<meta property=\"og:image\" content=\"https:\/\/www.meydan.tv\/wp-content\/uploads\/27095.jpg\" \/>\n\t<meta property=\"og:image:width\" content=\"647\" \/>\n\t<meta property=\"og:image:height\" content=\"370\" \/>\n\t<meta property=\"og:image:type\" content=\"image\/jpeg\" \/>\n<meta name=\"author\" content=\"user-manager\" \/>\n<meta name=\"twitter:card\" content=\"summary_large_image\" \/>\n<script type=\"application\/ld+json\" class=\"yoast-schema-graph\">{\"@context\":\"https:\\\/\\\/schema.org\",\"@graph\":[{\"@type\":\"Article\",\"@id\":\"https:\\\/\\\/www.meydan.tv\\\/az\\\/article\\\/fp-azerbaycandan-surgun-edilmis-mediadan-yazir\\\/#article\",\"isPartOf\":{\"@id\":\"https:\\\/\\\/www.meydan.tv\\\/az\\\/article\\\/fp-azerbaycandan-surgun-edilmis-mediadan-yazir\\\/\"},\"author\":{\"name\":\"user-manager\",\"@id\":\"https:\\\/\\\/www.meydan.tv\\\/az\\\/#\\\/schema\\\/person\\\/10d11eccf6da3662cf5fdab9806ea91a\"},\"headline\":\"FP Az\u0259rbaycandan &#8221;s\u00fcrg\u00fcn edilmi\u015f&#8221; mediadan yaz\u0131r\",\"datePublished\":\"2016-10-19T15:21:08+00:00\",\"mainEntityOfPage\":{\"@id\":\"https:\\\/\\\/www.meydan.tv\\\/az\\\/article\\\/fp-azerbaycandan-surgun-edilmis-mediadan-yazir\\\/\"},\"wordCount\":973,\"publisher\":{\"@id\":\"https:\\\/\\\/www.meydan.tv\\\/az\\\/#organization\"},\"image\":{\"@id\":\"https:\\\/\\\/www.meydan.tv\\\/az\\\/article\\\/fp-azerbaycandan-surgun-edilmis-mediadan-yazir\\\/#primaryimage\"},\"thumbnailUrl\":\"https:\\\/\\\/www.meydan.tv\\\/wp-content\\\/uploads\\\/27095.jpg\",\"articleSection\":[\"Analitika\"],\"inLanguage\":\"az\"},{\"@type\":\"WebPage\",\"@id\":\"https:\\\/\\\/www.meydan.tv\\\/az\\\/article\\\/fp-azerbaycandan-surgun-edilmis-mediadan-yazir\\\/\",\"url\":\"https:\\\/\\\/www.meydan.tv\\\/az\\\/article\\\/fp-azerbaycandan-surgun-edilmis-mediadan-yazir\\\/\",\"name\":\"FP Az\u0259rbaycandan ''s\u00fcrg\u00fcn edilmi\u015f'' mediadan yaz\u0131r - MEYDAN.TV\",\"isPartOf\":{\"@id\":\"https:\\\/\\\/www.meydan.tv\\\/az\\\/#website\"},\"primaryImageOfPage\":{\"@id\":\"https:\\\/\\\/www.meydan.tv\\\/az\\\/article\\\/fp-azerbaycandan-surgun-edilmis-mediadan-yazir\\\/#primaryimage\"},\"image\":{\"@id\":\"https:\\\/\\\/www.meydan.tv\\\/az\\\/article\\\/fp-azerbaycandan-surgun-edilmis-mediadan-yazir\\\/#primaryimage\"},\"thumbnailUrl\":\"https:\\\/\\\/www.meydan.tv\\\/wp-content\\\/uploads\\\/27095.jpg\",\"datePublished\":\"2016-10-19T15:21:08+00:00\",\"breadcrumb\":{\"@id\":\"https:\\\/\\\/www.meydan.tv\\\/az\\\/article\\\/fp-azerbaycandan-surgun-edilmis-mediadan-yazir\\\/#breadcrumb\"},\"inLanguage\":\"az\",\"potentialAction\":[{\"@type\":\"ReadAction\",\"target\":[\"https:\\\/\\\/www.meydan.tv\\\/az\\\/article\\\/fp-azerbaycandan-surgun-edilmis-mediadan-yazir\\\/\"]}]},{\"@type\":\"ImageObject\",\"inLanguage\":\"az\",\"@id\":\"https:\\\/\\\/www.meydan.tv\\\/az\\\/article\\\/fp-azerbaycandan-surgun-edilmis-mediadan-yazir\\\/#primaryimage\",\"url\":\"https:\\\/\\\/www.meydan.tv\\\/wp-content\\\/uploads\\\/27095.jpg\",\"contentUrl\":\"https:\\\/\\\/www.meydan.tv\\\/wp-content\\\/uploads\\\/27095.jpg\",\"width\":647,\"height\":370,\"caption\":\"Source:\"},{\"@type\":\"BreadcrumbList\",\"@id\":\"https:\\\/\\\/www.meydan.tv\\\/az\\\/article\\\/fp-azerbaycandan-surgun-edilmis-mediadan-yazir\\\/#breadcrumb\",\"itemListElement\":[{\"@type\":\"ListItem\",\"position\":1,\"name\":\"Ana s\u0259hif\u0259\",\"item\":\"https:\\\/\\\/www.meydan.tv\\\/az\\\/\"},{\"@type\":\"ListItem\",\"position\":2,\"name\":\"Analitika\",\"item\":\"https:\\\/\\\/www.meydan.tv\\\/az\\\/section\\\/analitika\\\/\"},{\"@type\":\"ListItem\",\"position\":3,\"name\":\"FP Az\u0259rbaycandan &#8221;s\u00fcrg\u00fcn edilmi\u015f&#8221; mediadan yaz\u0131r\"}]},{\"@type\":\"WebSite\",\"@id\":\"https:\\\/\\\/www.meydan.tv\\\/az\\\/#website\",\"url\":\"https:\\\/\\\/www.meydan.tv\\\/az\\\/\",\"name\":\"MEYDAN.TV\",\"description\":\"Meydan TV Az\u0259rbaycan\u0131n media m\u0259kan\u0131ndak\u0131 alternativ s\u0259sidir\",\"publisher\":{\"@id\":\"https:\\\/\\\/www.meydan.tv\\\/az\\\/#organization\"},\"potentialAction\":[{\"@type\":\"SearchAction\",\"target\":{\"@type\":\"EntryPoint\",\"urlTemplate\":\"https:\\\/\\\/www.meydan.tv\\\/az\\\/?s={search_term_string}\"},\"query-input\":{\"@type\":\"PropertyValueSpecification\",\"valueRequired\":true,\"valueName\":\"search_term_string\"}}],\"inLanguage\":\"az\"},{\"@type\":\"Organization\",\"@id\":\"https:\\\/\\\/www.meydan.tv\\\/az\\\/#organization\",\"name\":\"Meydan TV\",\"url\":\"https:\\\/\\\/www.meydan.tv\\\/az\\\/\",\"logo\":{\"@type\":\"ImageObject\",\"inLanguage\":\"az\",\"@id\":\"https:\\\/\\\/www.meydan.tv\\\/az\\\/#\\\/schema\\\/logo\\\/image\\\/\",\"url\":\"https:\\\/\\\/www.meydan.tv\\\/wp-content\\\/uploads\\\/2021\\\/07\\\/meydan-logo.svg\",\"contentUrl\":\"https:\\\/\\\/www.meydan.tv\\\/wp-content\\\/uploads\\\/2021\\\/07\\\/meydan-logo.svg\",\"width\":195,\"height\":46,\"caption\":\"Meydan TV\"},\"image\":{\"@id\":\"https:\\\/\\\/www.meydan.tv\\\/az\\\/#\\\/schema\\\/logo\\\/image\\\/\"}},{\"@type\":\"Person\",\"@id\":\"https:\\\/\\\/www.meydan.tv\\\/az\\\/#\\\/schema\\\/person\\\/10d11eccf6da3662cf5fdab9806ea91a\",\"name\":\"user-manager\"}]}<\/script>\n<!-- \/ Yoast SEO plugin. -->","yoast_head_json":{"title":"FP Az\u0259rbaycandan ''s\u00fcrg\u00fcn edilmi\u015f'' mediadan yaz\u0131r - MEYDAN.TV","robots":{"index":"index","follow":"follow","max-snippet":"max-snippet:-1","max-image-preview":"max-image-preview:large","max-video-preview":"max-video-preview:-1"},"canonical":"https:\/\/www.meydan.tv\/az\/article\/fp-azerbaycandan-surgun-edilmis-mediadan-yazir\/","og_locale":"az_AZ","og_type":"article","og_title":"FP Az\u0259rbaycandan ''s\u00fcrg\u00fcn edilmi\u015f'' mediadan yaz\u0131r - MEYDAN.TV","og_description":"''He\u00e7 bir h\u00fccum bizi g\u00f6rd\u00fcy\u00fcm\u00fcz i\u015fd\u0259n imtinaya vadar ed\u0259 bilm\u0259z''","og_url":"https:\/\/www.meydan.tv\/az\/article\/fp-azerbaycandan-surgun-edilmis-mediadan-yazir\/","og_site_name":"MEYDAN.TV","article_published_time":"2016-10-19T15:21:08+00:00","og_image":[{"width":647,"height":370,"url":"https:\/\/www.meydan.tv\/wp-content\/uploads\/27095.jpg","type":"image\/jpeg"}],"author":"user-manager","twitter_card":"summary_large_image","schema":{"@context":"https:\/\/schema.org","@graph":[{"@type":"Article","@id":"https:\/\/www.meydan.tv\/az\/article\/fp-azerbaycandan-surgun-edilmis-mediadan-yazir\/#article","isPartOf":{"@id":"https:\/\/www.meydan.tv\/az\/article\/fp-azerbaycandan-surgun-edilmis-mediadan-yazir\/"},"author":{"name":"user-manager","@id":"https:\/\/www.meydan.tv\/az\/#\/schema\/person\/10d11eccf6da3662cf5fdab9806ea91a"},"headline":"FP Az\u0259rbaycandan &#8221;s\u00fcrg\u00fcn edilmi\u015f&#8221; mediadan yaz\u0131r","datePublished":"2016-10-19T15:21:08+00:00","mainEntityOfPage":{"@id":"https:\/\/www.meydan.tv\/az\/article\/fp-azerbaycandan-surgun-edilmis-mediadan-yazir\/"},"wordCount":973,"publisher":{"@id":"https:\/\/www.meydan.tv\/az\/#organization"},"image":{"@id":"https:\/\/www.meydan.tv\/az\/article\/fp-azerbaycandan-surgun-edilmis-mediadan-yazir\/#primaryimage"},"thumbnailUrl":"https:\/\/www.meydan.tv\/wp-content\/uploads\/27095.jpg","articleSection":["Analitika"],"inLanguage":"az"},{"@type":"WebPage","@id":"https:\/\/www.meydan.tv\/az\/article\/fp-azerbaycandan-surgun-edilmis-mediadan-yazir\/","url":"https:\/\/www.meydan.tv\/az\/article\/fp-azerbaycandan-surgun-edilmis-mediadan-yazir\/","name":"FP Az\u0259rbaycandan ''s\u00fcrg\u00fcn edilmi\u015f'' mediadan yaz\u0131r - MEYDAN.TV","isPartOf":{"@id":"https:\/\/www.meydan.tv\/az\/#website"},"primaryImageOfPage":{"@id":"https:\/\/www.meydan.tv\/az\/article\/fp-azerbaycandan-surgun-edilmis-mediadan-yazir\/#primaryimage"},"image":{"@id":"https:\/\/www.meydan.tv\/az\/article\/fp-azerbaycandan-surgun-edilmis-mediadan-yazir\/#primaryimage"},"thumbnailUrl":"https:\/\/www.meydan.tv\/wp-content\/uploads\/27095.jpg","datePublished":"2016-10-19T15:21:08+00:00","breadcrumb":{"@id":"https:\/\/www.meydan.tv\/az\/article\/fp-azerbaycandan-surgun-edilmis-mediadan-yazir\/#breadcrumb"},"inLanguage":"az","potentialAction":[{"@type":"ReadAction","target":["https:\/\/www.meydan.tv\/az\/article\/fp-azerbaycandan-surgun-edilmis-mediadan-yazir\/"]}]},{"@type":"ImageObject","inLanguage":"az","@id":"https:\/\/www.meydan.tv\/az\/article\/fp-azerbaycandan-surgun-edilmis-mediadan-yazir\/#primaryimage","url":"https:\/\/www.meydan.tv\/wp-content\/uploads\/27095.jpg","contentUrl":"https:\/\/www.meydan.tv\/wp-content\/uploads\/27095.jpg","width":647,"height":370,"caption":"Source:"},{"@type":"BreadcrumbList","@id":"https:\/\/www.meydan.tv\/az\/article\/fp-azerbaycandan-surgun-edilmis-mediadan-yazir\/#breadcrumb","itemListElement":[{"@type":"ListItem","position":1,"name":"Ana s\u0259hif\u0259","item":"https:\/\/www.meydan.tv\/az\/"},{"@type":"ListItem","position":2,"name":"Analitika","item":"https:\/\/www.meydan.tv\/az\/section\/analitika\/"},{"@type":"ListItem","position":3,"name":"FP Az\u0259rbaycandan &#8221;s\u00fcrg\u00fcn edilmi\u015f&#8221; mediadan yaz\u0131r"}]},{"@type":"WebSite","@id":"https:\/\/www.meydan.tv\/az\/#website","url":"https:\/\/www.meydan.tv\/az\/","name":"MEYDAN.TV","description":"Meydan TV Az\u0259rbaycan\u0131n media m\u0259kan\u0131ndak\u0131 alternativ s\u0259sidir","publisher":{"@id":"https:\/\/www.meydan.tv\/az\/#organization"},"potentialAction":[{"@type":"SearchAction","target":{"@type":"EntryPoint","urlTemplate":"https:\/\/www.meydan.tv\/az\/?s={search_term_string}"},"query-input":{"@type":"PropertyValueSpecification","valueRequired":true,"valueName":"search_term_string"}}],"inLanguage":"az"},{"@type":"Organization","@id":"https:\/\/www.meydan.tv\/az\/#organization","name":"Meydan TV","url":"https:\/\/www.meydan.tv\/az\/","logo":{"@type":"ImageObject","inLanguage":"az","@id":"https:\/\/www.meydan.tv\/az\/#\/schema\/logo\/image\/","url":"https:\/\/www.meydan.tv\/wp-content\/uploads\/2021\/07\/meydan-logo.svg","contentUrl":"https:\/\/www.meydan.tv\/wp-content\/uploads\/2021\/07\/meydan-logo.svg","width":195,"height":46,"caption":"Meydan TV"},"image":{"@id":"https:\/\/www.meydan.tv\/az\/#\/schema\/logo\/image\/"}},{"@type":"Person","@id":"https:\/\/www.meydan.tv\/az\/#\/schema\/person\/10d11eccf6da3662cf5fdab9806ea91a","name":"user-manager"}]}},"_links":{"self":[{"href":"https:\/\/www.meydan.tv\/az\/wp-json\/wp\/v2\/posts\/179718","targetHints":{"allow":["GET"]}}],"collection":[{"href":"https:\/\/www.meydan.tv\/az\/wp-json\/wp\/v2\/posts"}],"about":[{"href":"https:\/\/www.meydan.tv\/az\/wp-json\/wp\/v2\/types\/post"}],"author":[{"embeddable":true,"href":"https:\/\/www.meydan.tv\/az\/wp-json\/wp\/v2\/users\/11"}],"replies":[{"embeddable":true,"href":"https:\/\/www.meydan.tv\/az\/wp-json\/wp\/v2\/comments?post=179718"}],"version-history":[{"count":0,"href":"https:\/\/www.meydan.tv\/az\/wp-json\/wp\/v2\/posts\/179718\/revisions"}],"wp:featuredmedia":[{"embeddable":true,"href":"https:\/\/www.meydan.tv\/az\/wp-json\/wp\/v2\/media\/70781"}],"wp:attachment":[{"href":"https:\/\/www.meydan.tv\/az\/wp-json\/wp\/v2\/media?parent=179718"}],"wp:term":[{"taxonomy":"category","embeddable":true,"href":"https:\/\/www.meydan.tv\/az\/wp-json\/wp\/v2\/categories?post=179718"},{"taxonomy":"post_tag","embeddable":true,"href":"https:\/\/www.meydan.tv\/az\/wp-json\/wp\/v2\/tags?post=179718"}],"curies":[{"name":"wp","href":"https:\/\/api.w.org\/{rel}","templated":true}]}}