{"id":179697,"date":"2016-10-18T17:28:36","date_gmt":"2016-10-18T17:28:36","guid":{"rendered":"https:\/\/www.meydan.tv\/article\/rauf-mirqedirov-kerriye-irad-bildirilirse-usakova-da-munasibet-bildirilmelidir\/"},"modified":"2016-10-18T17:28:36","modified_gmt":"2016-10-18T17:28:36","slug":"rauf-mirqedirov-kerriye-irad-bildirilirse-usakova-da-munasibet-bildirilmelidir","status":"publish","type":"post","link":"https:\/\/www.meydan.tv\/az\/article\/rauf-mirqedirov-kerriye-irad-bildirilirse-usakova-da-munasibet-bildirilmelidir\/","title":{"rendered":"Rauf Mirq\u0259dirov: Kerriy\u0259 irad bildirilirs\u0259, U\u015fakova da m\u00fcnasib\u0259t bildirilm\u0259lidir"},"content":{"rendered":"<figure class=\"wp-block-image size-large\">\n  <img decoding=\"async\" src=\"https:\/\/www.meydan.tv\/az\/70688\/\" alt=\"\" class=\"wp-image-70688\"\/><figcaption><\/figcaption><\/figure>\n<p>\n  <i><br \/>\n    &#8221;M\u00fcnaqi\u015f\u0259nin h\u0259llind\u0259 \u0259sas \u0259ng\u0259l regionda maraqlar\u0131 olan apar\u0131c\u0131 d\u00f6vl\u0259tl\u0259rin bir-biriyl\u0259 m\u00fcbariz\u0259 aparmas\u0131d\u0131r&#8221;<br \/>\n  <\/i>\n<\/p>\n<p>\n  <br \/>\n  \u201cCon Kerrinin Da\u011fl\u0131q Qaraba\u011f m\u00fcnaqi\u015f\u0259si il\u0259 ba\u011fl\u0131 son<br \/>\n  <a href=\"\/az\/article\/xin-den-con-kerriye-reaksiya\/\"><br \/>\n    a\u00e7\u0131qlamas\u0131<br \/>\n  <\/a><br \/>\n  diplomatik insidentdir\u201d.\n<\/p>\n<p>\n  APA-n\u0131n m\u0259lumat\u0131na g\u00f6r\u0259, bunu Az\u0259rbaycan prezidenti \u0130lham \u018fliyev \u201cSputnik\u201d agentliyin\u0259 m\u00fcsahib\u0259sind\u0259 deyib.<\/p>\n<p>  \u201cOktyabr\u0131n 7-d\u0259 Nazirl\u0259r Kabinetinin iclas\u0131nda da bu a\u00e7\u0131qlama il\u0259 ba\u011fl\u0131 fikrimi bildirmi\u015f\u0259m. M\u0259n dedim ki, m\u00fcnaqi\u015f\u0259nin h\u0259ll olunmamas\u0131n\u0131n g\u00fcnah\u0131n\u0131 Az\u0259rbaycan\u0131n \u00fcst\u00fcn\u0259 atmaq \u0259n az\u0131 insafs\u0131zl\u0131qd\u0131r. Bu b\u0259yanat AB\u015e-\u0131n m\u00f6vqeyin\u0259 ziddir. Prezident Obama Fransa v\u0259 Rusiya prezidentl\u0259ri il\u0259 birlikd\u0259 \u201cstatus-kvo\u201dnun q\u0259buledilm\u0259z oldu\u011funu b\u0259yan edibl\u0259r. Bird\u0259n-bir\u0259 d\u00f6vl\u0259t katibi deyir ki, m\u00fcnaqi\u015f\u0259nin h\u0259llini g\u00f6rm\u00fcr v\u0259 bunu \u0130srail-F\u0259l\u0259stin m\u00fcnaqi\u015f\u0259sin\u0259 nisb\u0259t\u0259n h\u0259ll etm\u0259k daha \u00e7\u0259tindir. Bu, n\u0259 siqnald\u0131r v\u0259 onu kim\u0259 g\u00f6nd\u0259rir? Bu, Erm\u0259nistana mesajd\u0131r ki, m\u0259s\u0259l\u0259ni \u0130srail-F\u0259l\u0259stin m\u00fcnaqi\u015f\u0259si kimi uzatmal\u0131s\u0131n\u0131z? Bu, tamamil\u0259 q\u0259buledilm\u0259z b\u0259yanatd\u0131r. Bu b\u0259yanat bir daha m\u00fcnaqi\u015f\u0259nin niy\u0259 h\u0259ll olunmad\u0131\u011f\u0131n\u0131 g\u00f6st\u0259rir\u201d, &#8211; dey\u0259 o vur\u011fulay\u0131b.<\/p>\n<p>  D\u00f6vl\u0259t ba\u015f\u00e7\u0131s\u0131 qeyd edib ki, m\u00fcnaqi\u015f\u0259nin h\u0259lli il\u0259 ba\u011fl\u0131 beyn\u0259lxalq t\u0259\u015fkilatlar\u0131n q\u0259rarlar\u0131 v\u0259 q\u0259tnam\u0259l\u0259ri yerin\u0259 yetirilmir: \u201cT\u0259cav\u00fczkar \u00f6lk\u0259y\u0259 t\u0259zyiq g\u00f6st\u0259rilmir, \u0259ksin\u0259 bir q\u0259d\u0259r t\u0259cav\u00fczkar\u0131n d\u0259st\u0259kl\u0259nm\u0259si siyas\u0259ti apar\u0131l\u0131r. Bizim problemimiz budur. Biz\u0259 deyirl\u0259r ki, m\u00fcnaqi\u015f\u0259 t\u0259kc\u0259 s\u00fclh yolu il\u0259 h\u0259ll olunmal\u0131d\u0131r v\u0259 s\u00fclh yolundan ba\u015fqa yol olmamal\u0131d\u0131r. Biz d\u0259 deyirik ki, yax\u015f\u0131 g\u0259lin h\u0259ll ed\u0259k. Ax\u0131 beyn\u0259lxalq h\u00fcququ pozmaqla yana\u015f\u0131, ba\u015fqa \u00f6lk\u0259nin \u0259razisini z\u0259bt etm\u0259k, \u0259halini oradan qovmaq v\u0259 bu \u0259razil\u0259ri n\u0259zar\u0259td\u0259 saxlamaq \u0259dal\u0259tsizlikdir. Bu g\u00fcn he\u00e7 k\u0259s\u0259 sirr deyil ki, Az\u0259rbaycan ordusu bir \u00e7ox m\u0259s\u0259l\u0259l\u0259rin h\u0259lli \u00fc\u00e7\u00fcn ciddi h\u0259rbi potensiala malikdir. Biz\u0259 deyirl\u0259r, s\u00fclh yolu, biz deyirik yax\u015f\u0131, g\u00f6zl\u0259y\u0259k. Lakin t\u0259cav\u00fczkara t\u0259zyiq g\u00f6st\u0259rm\u0259k \u0259v\u0259zin\u0259 biz bel\u0259 b\u0259yanatlar e\u015fidirik\u201d.<\/p>\n<p>  Siyasi \u015f\u0259rh\u00e7i Rauf Mirq\u0259dirov Meydan TV-y\u0259 deyib ki, \u018fliyevin AB\u015e-a iradlar\u0131n\u0131 ifad\u0259 etm\u0259si t\u0259biidir:<br \/>\n  <br \/>\n  &#8220;Ciddi siyas\u0259t\u00e7il\u0259r v\u0259 ekspertl\u0259r bu c\u00fcr mesajlar\u0131 q\u0259bul edirl\u0259r. Amma probelem ondad\u0131r ki, bu iradlar Rusiyaya bildirilmir. Ox\u015far b\u0259yanatla Rusiya prezidentinin k\u00f6m\u0259k\u00e7isi<br \/>\n  <a href=\"\/az\/article\/usakov-dagliq-qarabag-meselesinde-nikbin-deyil\/\"><br \/>\n    Yuri U\u015fakov<br \/>\n  <\/a><br \/>\n  da \u00e7\u0131x\u0131\u015f etmi\u015fdi. U\u015fakov a\u00e7\u0131q \u015f\u0259kild\u0259 demi\u015fdi ki, yax\u0131n vaxtlarda Da\u011fl\u0131q Qaraba\u011f probleminin h\u0259llind\u0259 ciddi ir\u0259lil\u0259yi\u015f g\u00f6zl\u0259mir v\u0259 o, bu m\u0259s\u0259l\u0259d\u0259 pessimistdir. Dem\u0259li, eyni \u0259hval-ruhiy\u0259 yaln\u0131z Va\u015finqtonda deyil, Moskva da bel\u0259 d\u00fc\u015f\u00fcn\u00fcr. \u018fg\u0259r d\u00f6vl\u0259t katibi Kerrinin b\u0259yanat\u0131na m\u00fcnasib\u0259t bildirilirs\u0259, eyni halda U\u015fakovun da a\u00e7\u0131qlamas\u0131na m\u00fcasib\u0259t s\u0259rgil\u0259nm\u0259lidir ki, n\u00f6vb\u0259ti d\u0259f\u0259 apar\u0131c\u0131 g\u00fccl\u0259r \u00f6z aralar\u0131ndak\u0131 probleml\u0259r\u0259 g\u00f6r\u0259 m\u00fcnaqi\u015f\u0259nin h\u0259llind\u0259 ciddi add\u0131mlar atma\u011fa imtina edirl\u0259r. M\u0259s\u0259l\u0259 ondad\u0131r ki, m\u00fcnaqi\u015f\u0259nin h\u0259llind\u0259 \u0259sas \u0259ng\u0259l regionda maraqlar\u0131 olan apar\u0131c\u0131 d\u00f6vl\u0259tl\u0259rin bir-biriyl\u0259 m\u00fcbariz\u0259 aparmas\u0131d\u0131r. Bu m\u00fcbariz\u0259nin n\u0259tic\u0259sind\u0259 Da\u011fl\u0131q Qaraba\u011f m\u00fcnaqi\u015f\u0259si bir al\u0259t\u0259 \u00e7evrilib&#8221;.\n<\/p>\n<p>\n  Rauf Mirq\u0259dirovun s\u00f6zl\u0259rin\u0259 g\u00f6r\u0259, \u018fliyevin m\u00fcsahib\u0259si iki m\u0259qam\u0131 g\u00f6st\u0259rir: &#8220;Birinci, Bak\u0131 Moskvayla m\u00fcnasib\u0259tl\u0259rin\u0259 daha \u00e7ox \u00f6n\u0259m verir, ikinci, Kremlin t\u0259cav\u00fczkar siyas\u0259tind\u0259n \u00e7\u0259kinir. Ona g\u00f6r\u0259 d\u0259 Q\u0259rb d\u00f6vl\u0259tl\u0259ri ikili standartlarda ittiham edir. Amma eyni ittiham Moskva haqda deyilmir&#8221;.\n<\/p><\/p>\n","protected":false},"excerpt":{"rendered":"<p>&#8221;M\u00fcnaqi\u015f\u0259nin h\u0259llind\u0259 \u0259sas \u0259ng\u0259l regionda maraqlar\u0131 olan apar\u0131c\u0131 d\u00f6vl\u0259tl\u0259rin bir-biriyl\u0259 m\u00fcbariz\u0259 aparmas\u0131d\u0131r&#8221;<\/p>\n","protected":false},"author":11,"featured_media":70688,"comment_status":"closed","ping_status":"open","sticky":false,"template":"","format":"standard","meta":{"_acf_changed":false,"_sitemap_exclude":false,"_sitemap_priority":"","_sitemap_frequency":"","footnotes":""},"categories":[51],"tags":[],"class_list":["post-179697","post","type-post","status-publish","format-standard","has-post-thumbnail","hentry","category-analitika","infinite-scroll-item","generate-columns","tablet-grid-50","mobile-grid-100","grid-parent","grid-33","no-featured-image-padding"],"acf":[],"yoast_head":"<!-- This site is optimized with the Yoast SEO plugin v27.5 - https:\/\/yoast.com\/product\/yoast-seo-wordpress\/ -->\n<title>Rauf Mirq\u0259dirov: Kerriy\u0259 irad bildirilirs\u0259, U\u015fakova da m\u00fcnasib\u0259t bildirilm\u0259lidir - MEYDAN.TV<\/title>\n<meta name=\"robots\" content=\"index, follow, max-snippet:-1, max-image-preview:large, max-video-preview:-1\" \/>\n<link rel=\"canonical\" href=\"https:\/\/www.meydan.tv\/az\/article\/rauf-mirqedirov-kerriye-irad-bildirilirse-usakova-da-munasibet-bildirilmelidir\/\" \/>\n<meta property=\"og:locale\" content=\"az_AZ\" \/>\n<meta property=\"og:type\" content=\"article\" \/>\n<meta property=\"og:title\" content=\"Rauf Mirq\u0259dirov: Kerriy\u0259 irad bildirilirs\u0259, U\u015fakova da m\u00fcnasib\u0259t bildirilm\u0259lidir - MEYDAN.TV\" \/>\n<meta property=\"og:description\" content=\"&#039;&#039;M\u00fcnaqi\u015f\u0259nin h\u0259llind\u0259 \u0259sas \u0259ng\u0259l regionda maraqlar\u0131 olan apar\u0131c\u0131 d\u00f6vl\u0259tl\u0259rin bir-biriyl\u0259 m\u00fcbariz\u0259 aparmas\u0131d\u0131r&#039;&#039;\" \/>\n<meta property=\"og:url\" content=\"https:\/\/www.meydan.tv\/az\/article\/rauf-mirqedirov-kerriye-irad-bildirilirse-usakova-da-munasibet-bildirilmelidir\/\" \/>\n<meta property=\"og:site_name\" content=\"MEYDAN.TV\" \/>\n<meta property=\"article:published_time\" content=\"2016-10-18T17:28:36+00:00\" \/>\n<meta property=\"og:image\" content=\"https:\/\/www.meydan.tv\/wp-content\/uploads\/27055.jpg\" \/>\n\t<meta property=\"og:image:width\" content=\"635\" \/>\n\t<meta property=\"og:image:height\" content=\"355\" \/>\n\t<meta property=\"og:image:type\" content=\"image\/jpeg\" \/>\n<meta name=\"author\" content=\"user-manager\" \/>\n<meta name=\"twitter:card\" content=\"summary_large_image\" \/>\n<script type=\"application\/ld+json\" class=\"yoast-schema-graph\">{\"@context\":\"https:\\\/\\\/schema.org\",\"@graph\":[{\"@type\":\"Article\",\"@id\":\"https:\\\/\\\/www.meydan.tv\\\/az\\\/article\\\/rauf-mirqedirov-kerriye-irad-bildirilirse-usakova-da-munasibet-bildirilmelidir\\\/#article\",\"isPartOf\":{\"@id\":\"https:\\\/\\\/www.meydan.tv\\\/az\\\/article\\\/rauf-mirqedirov-kerriye-irad-bildirilirse-usakova-da-munasibet-bildirilmelidir\\\/\"},\"author\":{\"name\":\"user-manager\",\"@id\":\"https:\\\/\\\/www.meydan.tv\\\/az\\\/#\\\/schema\\\/person\\\/10d11eccf6da3662cf5fdab9806ea91a\"},\"headline\":\"Rauf Mirq\u0259dirov: Kerriy\u0259 irad bildirilirs\u0259, U\u015fakova da m\u00fcnasib\u0259t bildirilm\u0259lidir\",\"datePublished\":\"2016-10-18T17:28:36+00:00\",\"mainEntityOfPage\":{\"@id\":\"https:\\\/\\\/www.meydan.tv\\\/az\\\/article\\\/rauf-mirqedirov-kerriye-irad-bildirilirse-usakova-da-munasibet-bildirilmelidir\\\/\"},\"wordCount\":704,\"publisher\":{\"@id\":\"https:\\\/\\\/www.meydan.tv\\\/az\\\/#organization\"},\"image\":{\"@id\":\"https:\\\/\\\/www.meydan.tv\\\/az\\\/article\\\/rauf-mirqedirov-kerriye-irad-bildirilirse-usakova-da-munasibet-bildirilmelidir\\\/#primaryimage\"},\"thumbnailUrl\":\"https:\\\/\\\/www.meydan.tv\\\/wp-content\\\/uploads\\\/27055.jpg\",\"articleSection\":[\"Analitika\"],\"inLanguage\":\"az\"},{\"@type\":\"WebPage\",\"@id\":\"https:\\\/\\\/www.meydan.tv\\\/az\\\/article\\\/rauf-mirqedirov-kerriye-irad-bildirilirse-usakova-da-munasibet-bildirilmelidir\\\/\",\"url\":\"https:\\\/\\\/www.meydan.tv\\\/az\\\/article\\\/rauf-mirqedirov-kerriye-irad-bildirilirse-usakova-da-munasibet-bildirilmelidir\\\/\",\"name\":\"Rauf Mirq\u0259dirov: Kerriy\u0259 irad bildirilirs\u0259, U\u015fakova da m\u00fcnasib\u0259t bildirilm\u0259lidir - MEYDAN.TV\",\"isPartOf\":{\"@id\":\"https:\\\/\\\/www.meydan.tv\\\/az\\\/#website\"},\"primaryImageOfPage\":{\"@id\":\"https:\\\/\\\/www.meydan.tv\\\/az\\\/article\\\/rauf-mirqedirov-kerriye-irad-bildirilirse-usakova-da-munasibet-bildirilmelidir\\\/#primaryimage\"},\"image\":{\"@id\":\"https:\\\/\\\/www.meydan.tv\\\/az\\\/article\\\/rauf-mirqedirov-kerriye-irad-bildirilirse-usakova-da-munasibet-bildirilmelidir\\\/#primaryimage\"},\"thumbnailUrl\":\"https:\\\/\\\/www.meydan.tv\\\/wp-content\\\/uploads\\\/27055.jpg\",\"datePublished\":\"2016-10-18T17:28:36+00:00\",\"breadcrumb\":{\"@id\":\"https:\\\/\\\/www.meydan.tv\\\/az\\\/article\\\/rauf-mirqedirov-kerriye-irad-bildirilirse-usakova-da-munasibet-bildirilmelidir\\\/#breadcrumb\"},\"inLanguage\":\"az\",\"potentialAction\":[{\"@type\":\"ReadAction\",\"target\":[\"https:\\\/\\\/www.meydan.tv\\\/az\\\/article\\\/rauf-mirqedirov-kerriye-irad-bildirilirse-usakova-da-munasibet-bildirilmelidir\\\/\"]}]},{\"@type\":\"ImageObject\",\"inLanguage\":\"az\",\"@id\":\"https:\\\/\\\/www.meydan.tv\\\/az\\\/article\\\/rauf-mirqedirov-kerriye-irad-bildirilirse-usakova-da-munasibet-bildirilmelidir\\\/#primaryimage\",\"url\":\"https:\\\/\\\/www.meydan.tv\\\/wp-content\\\/uploads\\\/27055.jpg\",\"contentUrl\":\"https:\\\/\\\/www.meydan.tv\\\/wp-content\\\/uploads\\\/27055.jpg\",\"width\":635,\"height\":355,\"caption\":\"Source:\"},{\"@type\":\"BreadcrumbList\",\"@id\":\"https:\\\/\\\/www.meydan.tv\\\/az\\\/article\\\/rauf-mirqedirov-kerriye-irad-bildirilirse-usakova-da-munasibet-bildirilmelidir\\\/#breadcrumb\",\"itemListElement\":[{\"@type\":\"ListItem\",\"position\":1,\"name\":\"Ana s\u0259hif\u0259\",\"item\":\"https:\\\/\\\/www.meydan.tv\\\/az\\\/\"},{\"@type\":\"ListItem\",\"position\":2,\"name\":\"Analitika\",\"item\":\"https:\\\/\\\/www.meydan.tv\\\/az\\\/section\\\/analitika\\\/\"},{\"@type\":\"ListItem\",\"position\":3,\"name\":\"Rauf Mirq\u0259dirov: Kerriy\u0259 irad bildirilirs\u0259, U\u015fakova da m\u00fcnasib\u0259t bildirilm\u0259lidir\"}]},{\"@type\":\"WebSite\",\"@id\":\"https:\\\/\\\/www.meydan.tv\\\/az\\\/#website\",\"url\":\"https:\\\/\\\/www.meydan.tv\\\/az\\\/\",\"name\":\"MEYDAN.TV\",\"description\":\"Meydan TV Az\u0259rbaycan\u0131n media m\u0259kan\u0131ndak\u0131 alternativ s\u0259sidir\",\"publisher\":{\"@id\":\"https:\\\/\\\/www.meydan.tv\\\/az\\\/#organization\"},\"potentialAction\":[{\"@type\":\"SearchAction\",\"target\":{\"@type\":\"EntryPoint\",\"urlTemplate\":\"https:\\\/\\\/www.meydan.tv\\\/az\\\/?s={search_term_string}\"},\"query-input\":{\"@type\":\"PropertyValueSpecification\",\"valueRequired\":true,\"valueName\":\"search_term_string\"}}],\"inLanguage\":\"az\"},{\"@type\":\"Organization\",\"@id\":\"https:\\\/\\\/www.meydan.tv\\\/az\\\/#organization\",\"name\":\"Meydan TV\",\"url\":\"https:\\\/\\\/www.meydan.tv\\\/az\\\/\",\"logo\":{\"@type\":\"ImageObject\",\"inLanguage\":\"az\",\"@id\":\"https:\\\/\\\/www.meydan.tv\\\/az\\\/#\\\/schema\\\/logo\\\/image\\\/\",\"url\":\"https:\\\/\\\/www.meydan.tv\\\/wp-content\\\/uploads\\\/2021\\\/07\\\/meydan-logo.svg\",\"contentUrl\":\"https:\\\/\\\/www.meydan.tv\\\/wp-content\\\/uploads\\\/2021\\\/07\\\/meydan-logo.svg\",\"width\":195,\"height\":46,\"caption\":\"Meydan TV\"},\"image\":{\"@id\":\"https:\\\/\\\/www.meydan.tv\\\/az\\\/#\\\/schema\\\/logo\\\/image\\\/\"}},{\"@type\":\"Person\",\"@id\":\"https:\\\/\\\/www.meydan.tv\\\/az\\\/#\\\/schema\\\/person\\\/10d11eccf6da3662cf5fdab9806ea91a\",\"name\":\"user-manager\"}]}<\/script>\n<!-- \/ Yoast SEO plugin. -->","yoast_head_json":{"title":"Rauf Mirq\u0259dirov: Kerriy\u0259 irad bildirilirs\u0259, U\u015fakova da m\u00fcnasib\u0259t bildirilm\u0259lidir - MEYDAN.TV","robots":{"index":"index","follow":"follow","max-snippet":"max-snippet:-1","max-image-preview":"max-image-preview:large","max-video-preview":"max-video-preview:-1"},"canonical":"https:\/\/www.meydan.tv\/az\/article\/rauf-mirqedirov-kerriye-irad-bildirilirse-usakova-da-munasibet-bildirilmelidir\/","og_locale":"az_AZ","og_type":"article","og_title":"Rauf Mirq\u0259dirov: Kerriy\u0259 irad bildirilirs\u0259, U\u015fakova da m\u00fcnasib\u0259t bildirilm\u0259lidir - MEYDAN.TV","og_description":"''M\u00fcnaqi\u015f\u0259nin h\u0259llind\u0259 \u0259sas \u0259ng\u0259l regionda maraqlar\u0131 olan apar\u0131c\u0131 d\u00f6vl\u0259tl\u0259rin bir-biriyl\u0259 m\u00fcbariz\u0259 aparmas\u0131d\u0131r''","og_url":"https:\/\/www.meydan.tv\/az\/article\/rauf-mirqedirov-kerriye-irad-bildirilirse-usakova-da-munasibet-bildirilmelidir\/","og_site_name":"MEYDAN.TV","article_published_time":"2016-10-18T17:28:36+00:00","og_image":[{"width":635,"height":355,"url":"https:\/\/www.meydan.tv\/wp-content\/uploads\/27055.jpg","type":"image\/jpeg"}],"author":"user-manager","twitter_card":"summary_large_image","schema":{"@context":"https:\/\/schema.org","@graph":[{"@type":"Article","@id":"https:\/\/www.meydan.tv\/az\/article\/rauf-mirqedirov-kerriye-irad-bildirilirse-usakova-da-munasibet-bildirilmelidir\/#article","isPartOf":{"@id":"https:\/\/www.meydan.tv\/az\/article\/rauf-mirqedirov-kerriye-irad-bildirilirse-usakova-da-munasibet-bildirilmelidir\/"},"author":{"name":"user-manager","@id":"https:\/\/www.meydan.tv\/az\/#\/schema\/person\/10d11eccf6da3662cf5fdab9806ea91a"},"headline":"Rauf Mirq\u0259dirov: Kerriy\u0259 irad bildirilirs\u0259, U\u015fakova da m\u00fcnasib\u0259t bildirilm\u0259lidir","datePublished":"2016-10-18T17:28:36+00:00","mainEntityOfPage":{"@id":"https:\/\/www.meydan.tv\/az\/article\/rauf-mirqedirov-kerriye-irad-bildirilirse-usakova-da-munasibet-bildirilmelidir\/"},"wordCount":704,"publisher":{"@id":"https:\/\/www.meydan.tv\/az\/#organization"},"image":{"@id":"https:\/\/www.meydan.tv\/az\/article\/rauf-mirqedirov-kerriye-irad-bildirilirse-usakova-da-munasibet-bildirilmelidir\/#primaryimage"},"thumbnailUrl":"https:\/\/www.meydan.tv\/wp-content\/uploads\/27055.jpg","articleSection":["Analitika"],"inLanguage":"az"},{"@type":"WebPage","@id":"https:\/\/www.meydan.tv\/az\/article\/rauf-mirqedirov-kerriye-irad-bildirilirse-usakova-da-munasibet-bildirilmelidir\/","url":"https:\/\/www.meydan.tv\/az\/article\/rauf-mirqedirov-kerriye-irad-bildirilirse-usakova-da-munasibet-bildirilmelidir\/","name":"Rauf Mirq\u0259dirov: Kerriy\u0259 irad bildirilirs\u0259, U\u015fakova da m\u00fcnasib\u0259t bildirilm\u0259lidir - MEYDAN.TV","isPartOf":{"@id":"https:\/\/www.meydan.tv\/az\/#website"},"primaryImageOfPage":{"@id":"https:\/\/www.meydan.tv\/az\/article\/rauf-mirqedirov-kerriye-irad-bildirilirse-usakova-da-munasibet-bildirilmelidir\/#primaryimage"},"image":{"@id":"https:\/\/www.meydan.tv\/az\/article\/rauf-mirqedirov-kerriye-irad-bildirilirse-usakova-da-munasibet-bildirilmelidir\/#primaryimage"},"thumbnailUrl":"https:\/\/www.meydan.tv\/wp-content\/uploads\/27055.jpg","datePublished":"2016-10-18T17:28:36+00:00","breadcrumb":{"@id":"https:\/\/www.meydan.tv\/az\/article\/rauf-mirqedirov-kerriye-irad-bildirilirse-usakova-da-munasibet-bildirilmelidir\/#breadcrumb"},"inLanguage":"az","potentialAction":[{"@type":"ReadAction","target":["https:\/\/www.meydan.tv\/az\/article\/rauf-mirqedirov-kerriye-irad-bildirilirse-usakova-da-munasibet-bildirilmelidir\/"]}]},{"@type":"ImageObject","inLanguage":"az","@id":"https:\/\/www.meydan.tv\/az\/article\/rauf-mirqedirov-kerriye-irad-bildirilirse-usakova-da-munasibet-bildirilmelidir\/#primaryimage","url":"https:\/\/www.meydan.tv\/wp-content\/uploads\/27055.jpg","contentUrl":"https:\/\/www.meydan.tv\/wp-content\/uploads\/27055.jpg","width":635,"height":355,"caption":"Source:"},{"@type":"BreadcrumbList","@id":"https:\/\/www.meydan.tv\/az\/article\/rauf-mirqedirov-kerriye-irad-bildirilirse-usakova-da-munasibet-bildirilmelidir\/#breadcrumb","itemListElement":[{"@type":"ListItem","position":1,"name":"Ana s\u0259hif\u0259","item":"https:\/\/www.meydan.tv\/az\/"},{"@type":"ListItem","position":2,"name":"Analitika","item":"https:\/\/www.meydan.tv\/az\/section\/analitika\/"},{"@type":"ListItem","position":3,"name":"Rauf Mirq\u0259dirov: Kerriy\u0259 irad bildirilirs\u0259, U\u015fakova da m\u00fcnasib\u0259t bildirilm\u0259lidir"}]},{"@type":"WebSite","@id":"https:\/\/www.meydan.tv\/az\/#website","url":"https:\/\/www.meydan.tv\/az\/","name":"MEYDAN.TV","description":"Meydan TV Az\u0259rbaycan\u0131n media m\u0259kan\u0131ndak\u0131 alternativ s\u0259sidir","publisher":{"@id":"https:\/\/www.meydan.tv\/az\/#organization"},"potentialAction":[{"@type":"SearchAction","target":{"@type":"EntryPoint","urlTemplate":"https:\/\/www.meydan.tv\/az\/?s={search_term_string}"},"query-input":{"@type":"PropertyValueSpecification","valueRequired":true,"valueName":"search_term_string"}}],"inLanguage":"az"},{"@type":"Organization","@id":"https:\/\/www.meydan.tv\/az\/#organization","name":"Meydan TV","url":"https:\/\/www.meydan.tv\/az\/","logo":{"@type":"ImageObject","inLanguage":"az","@id":"https:\/\/www.meydan.tv\/az\/#\/schema\/logo\/image\/","url":"https:\/\/www.meydan.tv\/wp-content\/uploads\/2021\/07\/meydan-logo.svg","contentUrl":"https:\/\/www.meydan.tv\/wp-content\/uploads\/2021\/07\/meydan-logo.svg","width":195,"height":46,"caption":"Meydan TV"},"image":{"@id":"https:\/\/www.meydan.tv\/az\/#\/schema\/logo\/image\/"}},{"@type":"Person","@id":"https:\/\/www.meydan.tv\/az\/#\/schema\/person\/10d11eccf6da3662cf5fdab9806ea91a","name":"user-manager"}]}},"_links":{"self":[{"href":"https:\/\/www.meydan.tv\/az\/wp-json\/wp\/v2\/posts\/179697","targetHints":{"allow":["GET"]}}],"collection":[{"href":"https:\/\/www.meydan.tv\/az\/wp-json\/wp\/v2\/posts"}],"about":[{"href":"https:\/\/www.meydan.tv\/az\/wp-json\/wp\/v2\/types\/post"}],"author":[{"embeddable":true,"href":"https:\/\/www.meydan.tv\/az\/wp-json\/wp\/v2\/users\/11"}],"replies":[{"embeddable":true,"href":"https:\/\/www.meydan.tv\/az\/wp-json\/wp\/v2\/comments?post=179697"}],"version-history":[{"count":0,"href":"https:\/\/www.meydan.tv\/az\/wp-json\/wp\/v2\/posts\/179697\/revisions"}],"wp:featuredmedia":[{"embeddable":true,"href":"https:\/\/www.meydan.tv\/az\/wp-json\/wp\/v2\/media\/70688"}],"wp:attachment":[{"href":"https:\/\/www.meydan.tv\/az\/wp-json\/wp\/v2\/media?parent=179697"}],"wp:term":[{"taxonomy":"category","embeddable":true,"href":"https:\/\/www.meydan.tv\/az\/wp-json\/wp\/v2\/categories?post=179697"},{"taxonomy":"post_tag","embeddable":true,"href":"https:\/\/www.meydan.tv\/az\/wp-json\/wp\/v2\/tags?post=179697"}],"curies":[{"name":"wp","href":"https:\/\/api.w.org\/{rel}","templated":true}]}}